{"id":3519,"date":"2009-04-20T16:06:38","date_gmt":"2009-04-20T15:06:38","guid":{"rendered":"http:\/\/www.motocrossmag.be\/?p=3519"},"modified":"2009-04-20T22:23:53","modified_gmt":"2009-04-20T21:23:53","slug":"motocross-ampl-gesves-non-licencies-et-quads-a-gesves-les-resultats","status":"publish","type":"post","link":"https:\/\/fr.motocrossmag.be\/index.php\/2009\/04\/motocross-ampl-gesves-non-licencies-et-quads-a-gesves-les-resultats\/","title":{"rendered":"Motocross AMPL &#8211; Gesves | Non-licenci\u00e9s et quads &agrave; Gesves: les r\u00e9sultats"},"content":{"rendered":"<p>A la veille de la 4\u00e8me journ\u00e9e de championnat AMPL, le MC Gesves proposait ce samedi 18 avril aux pilotes non-licenci\u00e9s et aux quads une \u00e9preuve disput\u00e9e en 3 manches, dont vous trouverez ci-dessous les r\u00e9sultats.<\/p>\n<p><strong>Non licenci\u00e9s MX2<\/strong><\/p>\n<p>1 JUMELLE Tony YAM 250 4T<br \/>\n2 FRASELLE Joachim KAWA 250 4T<br \/>\n3 LEGROS Didier HONDA 250 4T<br \/>\n4 EVRARD Olivier HONDA 250 4T<br \/>\n5 JAVEAUX William KAWA 200<br \/>\n6 HOOP S\u00e9bastien KTM 125 2T<br \/>\n7 RADOUX Lionel HONDA 250 4T<br \/>\n8 OULEB EL BEY Samir HONDA 250 4T<br \/>\n9 MATERNE Thierry SUZUKI TM 300<br \/>\n10 RONVAL Vincent<br \/>\n11 GOUY J\u00e9r\u00f4me HUS 390<br \/>\n12 JUMELLE Etienne YAM 250 4T<br \/>\n13 DELVAUX Steve SUZUKI 250 4T<br \/>\n14 WARNANT Laurent HONDA 250 4T<br \/>\n15 VERON S\u00e9bastien SUZ Mz 4t<br \/>\n16 VAN OTEGEM Denis KAWA 250 4T<\/p>\n<p><strong><\/strong><\/p>\n<p><strong><\/strong><\/p>\n<p><strong>Non licenci\u00e9s MX1\/MX3<\/strong><\/p>\n<p>1 DESPONTIN Fabrice HUSA 450cc<br \/>\n2 Vanderheyden Wim HUSA 450cc<br \/>\n3 LAMBERT Johan KTM 250 2t<\/p>\n<p><strong>Quads<\/strong><\/p>\n<p>1 DEDRY Olivier YAMAHA 450cc<br \/>\n2 DESPONTIN Mickael KTM 450CC<br \/>\n3 JACQUES Damien KTM 450CC<br \/>\n4 VANBRABANT Fabien LTR 450cc<br \/>\n5 VALENTOUR Jean-Paul LTZ 400cc<br \/>\n6 POTIER J\u00e9r\u00f4me SUZUKI 450cc<br \/>\n7 GOBIN Jordan SUZUKI 400cc<br \/>\n8 RESTIAU J\u00e9r\u00f4me YAMAHA 200cc<br \/>\n9 REUNES Cristophe YAMAHA 700cc<br \/>\n10 CORAL Fabio CMC 250<br \/>\n11 ADAM Yohan LTR 450cc<\/p>\n","protected":false},"excerpt":{"rendered":"<p>A la veille de la 4\u00e8me journ\u00e9e de championnat AMPL, le MC Gesves proposait ce samedi 18 avril aux pilotes non-licenci\u00e9s et aux quads une \u00e9preuve disput\u00e9e en 3 manches, [&#8230;]<\/p>\n","protected":false},"author":932,"featured_media":0,"comment_status":"open","ping_status":"closed","sticky":false,"template":"","format":"standard","meta":{"footnotes":""},"categories":[54,4,5,55],"tags":[],"class_list":["post-3519","post","type-post","status-publish","format-standard","hentry","category-actualite","category-motocross","category-news","category-news-actualite"],"yoast_head":"<!-- This site is optimized with the Yoast SEO plugin v27.4 - https:\/\/yoast.com\/product\/yoast-seo-wordpress\/ -->\n<title>Motocross AMPL - Gesves | Non-licenci\u00e9s et quads &agrave; Gesves: les r\u00e9sultats - Motocross - Enduro - Supermoto | MotocrossMag<\/title>\n<meta name=\"robots\" content=\"index, follow, max-snippet:-1, max-image-preview:large, max-video-preview:-1\" \/>\n<link rel=\"canonical\" href=\"https:\/\/fr.motocrossmag.be\/index.php\/2009\/04\/motocross-ampl-gesves-non-licencies-et-quads-a-gesves-les-resultats\/\" \/>\n<meta property=\"og:locale\" content=\"fr_FR\" \/>\n<meta property=\"og:type\" content=\"article\" \/>\n<meta property=\"og:title\" content=\"Motocross AMPL - Gesves | Non-licenci\u00e9s et quads &agrave; Gesves: les r\u00e9sultats - Motocross - Enduro - Supermoto | MotocrossMag\" \/>\n<meta property=\"og:description\" content=\"A la veille de la 4\u00e8me journ\u00e9e de championnat AMPL, le MC Gesves proposait ce samedi 18 avril aux pilotes non-licenci\u00e9s et aux quads une \u00e9preuve disput\u00e9e en 3 manches, [...]\" \/>\n<meta property=\"og:url\" content=\"https:\/\/fr.motocrossmag.be\/index.php\/2009\/04\/motocross-ampl-gesves-non-licencies-et-quads-a-gesves-les-resultats\/\" \/>\n<meta property=\"og:site_name\" content=\"Motocross - Enduro - Supermoto | MotocrossMag\" \/>\n<meta property=\"article:published_time\" content=\"2009-04-20T15:06:38+00:00\" \/>\n<meta property=\"article:modified_time\" content=\"2009-04-20T21:23:53+00:00\" \/>\n<meta name=\"author\" content=\"oliviere\" \/>\n<meta name=\"twitter:card\" content=\"summary_large_image\" \/>\n<meta name=\"twitter:label1\" content=\"\u00c9crit par\" \/>\n\t<meta name=\"twitter:data1\" content=\"oliviere\" \/>\n\t<meta name=\"twitter:label2\" content=\"Dur\u00e9e de lecture estim\u00e9e\" \/>\n\t<meta name=\"twitter:data2\" content=\"1 minute\" \/>\n<script type=\"application\/ld+json\" class=\"yoast-schema-graph\">{\"@context\":\"https:\\\/\\\/schema.org\",\"@graph\":[{\"@type\":\"Article\",\"@id\":\"https:\\\/\\\/fr.motocrossmag.be\\\/index.php\\\/2009\\\/04\\\/motocross-ampl-gesves-non-licencies-et-quads-a-gesves-les-resultats\\\/#article\",\"isPartOf\":{\"@id\":\"https:\\\/\\\/fr.motocrossmag.be\\\/index.php\\\/2009\\\/04\\\/motocross-ampl-gesves-non-licencies-et-quads-a-gesves-les-resultats\\\/\"},\"author\":{\"name\":\"oliviere\",\"@id\":\"https:\\\/\\\/fr.motocrossmag.be\\\/#\\\/schema\\\/person\\\/11b47143d9f755babca2c9110e03235c\"},\"headline\":\"Motocross AMPL &#8211; Gesves | Non-licenci\u00e9s et quads &agrave; Gesves: les r\u00e9sultats\",\"datePublished\":\"2009-04-20T15:06:38+00:00\",\"dateModified\":\"2009-04-20T21:23:53+00:00\",\"mainEntityOfPage\":{\"@id\":\"https:\\\/\\\/fr.motocrossmag.be\\\/index.php\\\/2009\\\/04\\\/motocross-ampl-gesves-non-licencies-et-quads-a-gesves-les-resultats\\\/\"},\"wordCount\":188,\"commentCount\":0,\"articleSection\":[\"Actualit\u00e9\",\"Motocross\",\"News\",\"News\"],\"inLanguage\":\"fr-FR\",\"potentialAction\":[{\"@type\":\"CommentAction\",\"name\":\"Comment\",\"target\":[\"https:\\\/\\\/fr.motocrossmag.be\\\/index.php\\\/2009\\\/04\\\/motocross-ampl-gesves-non-licencies-et-quads-a-gesves-les-resultats\\\/#respond\"]}]},{\"@type\":\"WebPage\",\"@id\":\"https:\\\/\\\/fr.motocrossmag.be\\\/index.php\\\/2009\\\/04\\\/motocross-ampl-gesves-non-licencies-et-quads-a-gesves-les-resultats\\\/\",\"url\":\"https:\\\/\\\/fr.motocrossmag.be\\\/index.php\\\/2009\\\/04\\\/motocross-ampl-gesves-non-licencies-et-quads-a-gesves-les-resultats\\\/\",\"name\":\"Motocross AMPL - Gesves | Non-licenci\u00e9s et quads &agrave; Gesves: les r\u00e9sultats - Motocross - Enduro - Supermoto | MotocrossMag\",\"isPartOf\":{\"@id\":\"https:\\\/\\\/fr.motocrossmag.be\\\/#website\"},\"datePublished\":\"2009-04-20T15:06:38+00:00\",\"dateModified\":\"2009-04-20T21:23:53+00:00\",\"author\":{\"@id\":\"https:\\\/\\\/fr.motocrossmag.be\\\/#\\\/schema\\\/person\\\/11b47143d9f755babca2c9110e03235c\"},\"breadcrumb\":{\"@id\":\"https:\\\/\\\/fr.motocrossmag.be\\\/index.php\\\/2009\\\/04\\\/motocross-ampl-gesves-non-licencies-et-quads-a-gesves-les-resultats\\\/#breadcrumb\"},\"inLanguage\":\"fr-FR\",\"potentialAction\":[{\"@type\":\"ReadAction\",\"target\":[\"https:\\\/\\\/fr.motocrossmag.be\\\/index.php\\\/2009\\\/04\\\/motocross-ampl-gesves-non-licencies-et-quads-a-gesves-les-resultats\\\/\"]}]},{\"@type\":\"BreadcrumbList\",\"@id\":\"https:\\\/\\\/fr.motocrossmag.be\\\/index.php\\\/2009\\\/04\\\/motocross-ampl-gesves-non-licencies-et-quads-a-gesves-les-resultats\\\/#breadcrumb\",\"itemListElement\":[{\"@type\":\"ListItem\",\"position\":1,\"name\":\"Accueil\",\"item\":\"https:\\\/\\\/fr.motocrossmag.be\\\/\"},{\"@type\":\"ListItem\",\"position\":2,\"name\":\"Motocross AMPL &#8211; Gesves | Non-licenci\u00e9s et quads &agrave; Gesves: les r\u00e9sultats\"}]},{\"@type\":\"WebSite\",\"@id\":\"https:\\\/\\\/fr.motocrossmag.be\\\/#website\",\"url\":\"https:\\\/\\\/fr.motocrossmag.be\\\/\",\"name\":\"Motocross - Enduro - Supermoto | MotocrossMag\",\"description\":\"L&#039;actualit\u00e9 du motocross, de l&#039;enduro et du Supermoto en ligne!\",\"potentialAction\":[{\"@type\":\"SearchAction\",\"target\":{\"@type\":\"EntryPoint\",\"urlTemplate\":\"https:\\\/\\\/fr.motocrossmag.be\\\/?s={search_term_string}\"},\"query-input\":{\"@type\":\"PropertyValueSpecification\",\"valueRequired\":true,\"valueName\":\"search_term_string\"}}],\"inLanguage\":\"fr-FR\"},{\"@type\":\"Person\",\"@id\":\"https:\\\/\\\/fr.motocrossmag.be\\\/#\\\/schema\\\/person\\\/11b47143d9f755babca2c9110e03235c\",\"name\":\"oliviere\",\"image\":{\"@type\":\"ImageObject\",\"inLanguage\":\"fr-FR\",\"@id\":\"https:\\\/\\\/secure.gravatar.com\\\/avatar\\\/907069e0b81d119452040469e4a7501da1100f54f7f80180ce77bfab718288f6?s=96&d=mm&r=g\",\"url\":\"https:\\\/\\\/secure.gravatar.com\\\/avatar\\\/907069e0b81d119452040469e4a7501da1100f54f7f80180ce77bfab718288f6?s=96&d=mm&r=g\",\"contentUrl\":\"https:\\\/\\\/secure.gravatar.com\\\/avatar\\\/907069e0b81d119452040469e4a7501da1100f54f7f80180ce77bfab718288f6?s=96&d=mm&r=g\",\"caption\":\"oliviere\"},\"sameAs\":[\"http:\\\/\\\/www.motocrossmag.be\"],\"url\":\"https:\\\/\\\/fr.motocrossmag.be\\\/index.php\\\/author\\\/oliviere\\\/\"}]}<\/script>\n<!-- \/ Yoast SEO plugin. -->","yoast_head_json":{"title":"Motocross AMPL - Gesves | Non-licenci\u00e9s et quads &agrave; Gesves: les r\u00e9sultats - Motocross - Enduro - Supermoto | MotocrossMag","robots":{"index":"index","follow":"follow","max-snippet":"max-snippet:-1","max-image-preview":"max-image-preview:large","max-video-preview":"max-video-preview:-1"},"canonical":"https:\/\/fr.motocrossmag.be\/index.php\/2009\/04\/motocross-ampl-gesves-non-licencies-et-quads-a-gesves-les-resultats\/","og_locale":"fr_FR","og_type":"article","og_title":"Motocross AMPL - Gesves | Non-licenci\u00e9s et quads &agrave; Gesves: les r\u00e9sultats - Motocross - Enduro - Supermoto | MotocrossMag","og_description":"A la veille de la 4\u00e8me journ\u00e9e de championnat AMPL, le MC Gesves proposait ce samedi 18 avril aux pilotes non-licenci\u00e9s et aux quads une \u00e9preuve disput\u00e9e en 3 manches, [...]","og_url":"https:\/\/fr.motocrossmag.be\/index.php\/2009\/04\/motocross-ampl-gesves-non-licencies-et-quads-a-gesves-les-resultats\/","og_site_name":"Motocross - Enduro - Supermoto | MotocrossMag","article_published_time":"2009-04-20T15:06:38+00:00","article_modified_time":"2009-04-20T21:23:53+00:00","author":"oliviere","twitter_card":"summary_large_image","twitter_misc":{"\u00c9crit par":"oliviere","Dur\u00e9e de lecture estim\u00e9e":"1 minute"},"schema":{"@context":"https:\/\/schema.org","@graph":[{"@type":"Article","@id":"https:\/\/fr.motocrossmag.be\/index.php\/2009\/04\/motocross-ampl-gesves-non-licencies-et-quads-a-gesves-les-resultats\/#article","isPartOf":{"@id":"https:\/\/fr.motocrossmag.be\/index.php\/2009\/04\/motocross-ampl-gesves-non-licencies-et-quads-a-gesves-les-resultats\/"},"author":{"name":"oliviere","@id":"https:\/\/fr.motocrossmag.be\/#\/schema\/person\/11b47143d9f755babca2c9110e03235c"},"headline":"Motocross AMPL &#8211; Gesves | Non-licenci\u00e9s et quads &agrave; Gesves: les r\u00e9sultats","datePublished":"2009-04-20T15:06:38+00:00","dateModified":"2009-04-20T21:23:53+00:00","mainEntityOfPage":{"@id":"https:\/\/fr.motocrossmag.be\/index.php\/2009\/04\/motocross-ampl-gesves-non-licencies-et-quads-a-gesves-les-resultats\/"},"wordCount":188,"commentCount":0,"articleSection":["Actualit\u00e9","Motocross","News","News"],"inLanguage":"fr-FR","potentialAction":[{"@type":"CommentAction","name":"Comment","target":["https:\/\/fr.motocrossmag.be\/index.php\/2009\/04\/motocross-ampl-gesves-non-licencies-et-quads-a-gesves-les-resultats\/#respond"]}]},{"@type":"WebPage","@id":"https:\/\/fr.motocrossmag.be\/index.php\/2009\/04\/motocross-ampl-gesves-non-licencies-et-quads-a-gesves-les-resultats\/","url":"https:\/\/fr.motocrossmag.be\/index.php\/2009\/04\/motocross-ampl-gesves-non-licencies-et-quads-a-gesves-les-resultats\/","name":"Motocross AMPL - Gesves | Non-licenci\u00e9s et quads &agrave; Gesves: les r\u00e9sultats - Motocross - Enduro - Supermoto | MotocrossMag","isPartOf":{"@id":"https:\/\/fr.motocrossmag.be\/#website"},"datePublished":"2009-04-20T15:06:38+00:00","dateModified":"2009-04-20T21:23:53+00:00","author":{"@id":"https:\/\/fr.motocrossmag.be\/#\/schema\/person\/11b47143d9f755babca2c9110e03235c"},"breadcrumb":{"@id":"https:\/\/fr.motocrossmag.be\/index.php\/2009\/04\/motocross-ampl-gesves-non-licencies-et-quads-a-gesves-les-resultats\/#breadcrumb"},"inLanguage":"fr-FR","potentialAction":[{"@type":"ReadAction","target":["https:\/\/fr.motocrossmag.be\/index.php\/2009\/04\/motocross-ampl-gesves-non-licencies-et-quads-a-gesves-les-resultats\/"]}]},{"@type":"BreadcrumbList","@id":"https:\/\/fr.motocrossmag.be\/index.php\/2009\/04\/motocross-ampl-gesves-non-licencies-et-quads-a-gesves-les-resultats\/#breadcrumb","itemListElement":[{"@type":"ListItem","position":1,"name":"Accueil","item":"https:\/\/fr.motocrossmag.be\/"},{"@type":"ListItem","position":2,"name":"Motocross AMPL &#8211; Gesves | Non-licenci\u00e9s et quads &agrave; Gesves: les r\u00e9sultats"}]},{"@type":"WebSite","@id":"https:\/\/fr.motocrossmag.be\/#website","url":"https:\/\/fr.motocrossmag.be\/","name":"Motocross - Enduro - Supermoto | MotocrossMag","description":"L&#039;actualit\u00e9 du motocross, de l&#039;enduro et du Supermoto en ligne!","potentialAction":[{"@type":"SearchAction","target":{"@type":"EntryPoint","urlTemplate":"https:\/\/fr.motocrossmag.be\/?s={search_term_string}"},"query-input":{"@type":"PropertyValueSpecification","valueRequired":true,"valueName":"search_term_string"}}],"inLanguage":"fr-FR"},{"@type":"Person","@id":"https:\/\/fr.motocrossmag.be\/#\/schema\/person\/11b47143d9f755babca2c9110e03235c","name":"oliviere","image":{"@type":"ImageObject","inLanguage":"fr-FR","@id":"https:\/\/secure.gravatar.com\/avatar\/907069e0b81d119452040469e4a7501da1100f54f7f80180ce77bfab718288f6?s=96&d=mm&r=g","url":"https:\/\/secure.gravatar.com\/avatar\/907069e0b81d119452040469e4a7501da1100f54f7f80180ce77bfab718288f6?s=96&d=mm&r=g","contentUrl":"https:\/\/secure.gravatar.com\/avatar\/907069e0b81d119452040469e4a7501da1100f54f7f80180ce77bfab718288f6?s=96&d=mm&r=g","caption":"oliviere"},"sameAs":["http:\/\/www.motocrossmag.be"],"url":"https:\/\/fr.motocrossmag.be\/index.php\/author\/oliviere\/"}]}},"_links":{"self":[{"href":"https:\/\/fr.motocrossmag.be\/index.php\/wp-json\/wp\/v2\/posts\/3519","targetHints":{"allow":["GET"]}}],"collection":[{"href":"https:\/\/fr.motocrossmag.be\/index.php\/wp-json\/wp\/v2\/posts"}],"about":[{"href":"https:\/\/fr.motocrossmag.be\/index.php\/wp-json\/wp\/v2\/types\/post"}],"author":[{"embeddable":true,"href":"https:\/\/fr.motocrossmag.be\/index.php\/wp-json\/wp\/v2\/users\/932"}],"replies":[{"embeddable":true,"href":"https:\/\/fr.motocrossmag.be\/index.php\/wp-json\/wp\/v2\/comments?post=3519"}],"version-history":[{"count":0,"href":"https:\/\/fr.motocrossmag.be\/index.php\/wp-json\/wp\/v2\/posts\/3519\/revisions"}],"wp:attachment":[{"href":"https:\/\/fr.motocrossmag.be\/index.php\/wp-json\/wp\/v2\/media?parent=3519"}],"wp:term":[{"taxonomy":"category","embeddable":true,"href":"https:\/\/fr.motocrossmag.be\/index.php\/wp-json\/wp\/v2\/categories?post=3519"},{"taxonomy":"post_tag","embeddable":true,"href":"https:\/\/fr.motocrossmag.be\/index.php\/wp-json\/wp\/v2\/tags?post=3519"}],"curies":[{"name":"wp","href":"https:\/\/api.w.org\/{rel}","templated":true}]}}