{"id":35652,"date":"2015-06-23T23:22:56","date_gmt":"2015-06-23T21:22:56","guid":{"rendered":"http:\/\/fr.motocrossmag.be\/?p=35652"},"modified":"2015-06-23T23:22:56","modified_gmt":"2015-06-23T21:22:56","slug":"la-premiere-acerbis-junior-cup-a-hasselt-le-12-juillet","status":"publish","type":"post","link":"https:\/\/fr.motocrossmag.be\/index.php\/2015\/06\/la-premiere-acerbis-junior-cup-a-hasselt-le-12-juillet\/","title":{"rendered":"La premi\u00e8re \u00ab\u00a0Acerbis Junior Cup\u00a0\u00bb \u00e0 Hasselt le 12 juillet"},"content":{"rendered":"<p>Le 12 juillet, le championnat FMB Belgian National sera \u00e0 Hasselt. A cette occasion, le MC Santi, le club organisateur chapeaut\u00e9 par Kristof Santerman, tient \u00e0 mettre en avant les jeunes pilotes, pour lesquels une cat\u00e9gorie compos\u00e9e de pilotes \u00e2g\u00e9s de 12 \u00e0 15 ans (n\u00e9s en 2000) sera r\u00e9serv\u00e9e. Avec le soutien d&rsquo;Acerbis, le club propose \u00e0 tous ces pilotes la formule suivante :<\/p>\n<ul>\n<li>2 s\u00e9ances d&rsquo;entra\u00eenement (libres et chronom\u00e9tr\u00e9s)<\/li>\n<li>2 manches de 15 minutes + 1 tour<\/li>\n<li>un kit \u00ab\u00a0promo\u00a0\u00bb offert \u00e0 chaque participant, dans lequel un jeu de prot\u00e8ges-mains qui devront \u00eatre mont\u00e9s pour rouler \u00e0 Hasselt<\/li>\n<li>un pack \u00ab\u00a0sponsoring\u00a0\u00bb 2016 pour les 5 premiers du classement g\u00e9n\u00e9ral \u00e0 Hasselt<\/li>\n<li>l&rsquo;entr\u00e9e gratuite pour tous les pilotes de la cat\u00e9gorie<\/li>\n<\/ul>\n<p>Seul l&rsquo;\u00e2ge compte pour pouvoir participer \u00e0 cette premi\u00e8re \u00ab\u00a0Acerbis Junior Cup\u00a0\u00bb. Si vous n&rsquo;\u00eates pas licenci\u00e9 FMB, veuillez toutefois prendre contact avec <a href=\"mailto:info@mcsanti.com\">info@mcsanti.com<\/a> avant le 29 juin.<\/p><div class=\"emcxv6a969f7da4485\" ><!-- \/91277017\/Inline-articles-mobile -->\n<div style=\"margin:auto; text-align:center !important\">\n<div id='div-gpt-ad-1784982661365-0' style='min-width: 250px; min-height: 75px;'>\n  <script>\n    googletag.cmd.push(function() { googletag.display('div-gpt-ad-1784982661365-0'); });\n  <\/script>\n<\/div><\/div><\/div><style type=\"text\/css\">\r\n.emcxv6a969f7da4485 {\r\nmargin-bottom:30px;margin-top:20px\r\n}\r\n@media screen and (min-width: 1201px) {\r\n.emcxv6a969f7da4485 {\r\ndisplay: block;\r\n}\r\n}\r\n@media screen and (min-width: 993px) and (max-width: 1200px) {\r\n.emcxv6a969f7da4485 {\r\ndisplay: block;\r\n}\r\n}\r\n@media screen and (min-width: 769px) and (max-width: 992px) {\r\n.emcxv6a969f7da4485 {\r\ndisplay: block;\r\n}\r\n}\r\n@media screen and (min-width: 768px) and (max-width: 768px) {\r\n.emcxv6a969f7da4485 {\r\ndisplay: block;\r\n}\r\n}\r\n@media screen and (max-width: 767px) {\r\n.emcxv6a969f7da4485 {\r\ndisplay: block;\r\n}\r\n}\r\n<\/style>\r\n\n<p><a href=\"http:\/\/fr.motocrossmag.be\/wp-content\/uploads\/2015\/06\/acerbis_junior_hasselt_affiche.jpg\"><img decoding=\"async\" class=\"alignnone size-thumbnail wp-image-35653\" src=\"http:\/\/fr.motocrossmag.be\/wp-content\/uploads\/2015\/06\/acerbis_junior_hasselt_affiche-150x150.jpg\" alt=\"acerbis_junior_hasselt_affiche\" width=\"150\" height=\"150\" srcset=\"https:\/\/fr.motocrossmag.be\/wp-content\/uploads\/2015\/06\/acerbis_junior_hasselt_affiche-150x150.jpg 150w, https:\/\/fr.motocrossmag.be\/wp-content\/uploads\/2015\/06\/acerbis_junior_hasselt_affiche-50x50.jpg 50w\" sizes=\"(max-width: 150px) 100vw, 150px\" \/><\/a><\/p>\n<p>&nbsp;<\/p>\n<p>&nbsp;<\/p><div class=\"vsdkt6a969f7da44a1\" ><!-- \/91277017\/articles-inline-2 -->\n<div style=\"margin: 20px auto; text-align:center !important\">\n<div id='div-gpt-ad-1785021530385-0' style='min-width: 300px; min-height: 75px;'>\n  <script>\n    googletag.cmd.push(function() { googletag.display('div-gpt-ad-1785021530385-0'); });\n  <\/script>\n<\/div><\/div><\/div><style type=\"text\/css\">\r\n@media screen and (min-width: 1201px) {\r\n.vsdkt6a969f7da44a1 {\r\ndisplay: block;\r\n}\r\n}\r\n@media screen and (min-width: 993px) and (max-width: 1200px) {\r\n.vsdkt6a969f7da44a1 {\r\ndisplay: block;\r\n}\r\n}\r\n@media screen and (min-width: 769px) and (max-width: 992px) {\r\n.vsdkt6a969f7da44a1 {\r\ndisplay: block;\r\n}\r\n}\r\n@media screen and (min-width: 768px) and (max-width: 768px) {\r\n.vsdkt6a969f7da44a1 {\r\ndisplay: block;\r\n}\r\n}\r\n@media screen and (max-width: 767px) {\r\n.vsdkt6a969f7da44a1 {\r\ndisplay: block;\r\n}\r\n}\r\n<\/style>\r\n\n","protected":false},"excerpt":{"rendered":"<p>Le 12 juillet, le championnat FMB Belgian National sera \u00e0 Hasselt. A cette occasion, le MC Santi, le club organisateur chapeaut\u00e9 par Kristof Santerman, tient \u00e0 mettre en avant les jeunes pilotes, pour lesquels une cat\u00e9gorie compos\u00e9e de pilotes \u00e2g\u00e9s de 12 \u00e0 15 ans (n\u00e9s en 2000) sera r\u00e9serv\u00e9e. Avec le soutien d&rsquo;Acerbis, le [&hellip;]<\/p>\n","protected":false},"author":932,"featured_media":35654,"comment_status":"open","ping_status":"closed","sticky":false,"template":"","format":"standard","meta":{"tdm_status":"","tdm_grid_status":"","footnotes":""},"categories":[54,44,4,29,5,45,55,65],"tags":[],"class_list":["post-35652","post","type-post","status-publish","format-standard","has-post-thumbnail","category-actualite","category-kids","category-motocross","category-fmb","category-news","category-news-kids","category-news-actualite","category-slideshow"],"yoast_head":"<!-- This site is optimized with the Yoast SEO plugin v28.3 - https:\/\/yoast.com\/product\/yoast-seo-wordpress\/ -->\n<title>La premi\u00e8re &quot;Acerbis Junior Cup&quot; \u00e0 Hasselt le 12 juillet - Motocross - Enduro - Supermoto | MotocrossMag<\/title>\n<meta name=\"robots\" content=\"index, follow, max-snippet:-1, max-image-preview:large, max-video-preview:-1\" \/>\n<link rel=\"canonical\" href=\"https:\/\/fr.motocrossmag.be\/index.php\/2015\/06\/la-premiere-acerbis-junior-cup-a-hasselt-le-12-juillet\/\" \/>\n<meta property=\"og:locale\" content=\"fr_FR\" \/>\n<meta property=\"og:type\" content=\"article\" \/>\n<meta property=\"og:title\" content=\"La premi\u00e8re &quot;Acerbis Junior Cup&quot; \u00e0 Hasselt le 12 juillet - Motocross - Enduro - Supermoto | MotocrossMag\" \/>\n<meta property=\"og:description\" content=\"Le 12 juillet, le championnat FMB Belgian National sera \u00e0 Hasselt. A cette occasion, le MC Santi, le club organisateur chapeaut\u00e9 par Kristof Santerman, tient \u00e0 mettre en avant les jeunes pilotes, pour lesquels une cat\u00e9gorie compos\u00e9e de pilotes \u00e2g\u00e9s de 12 \u00e0 15 ans (n\u00e9s en 2000) sera r\u00e9serv\u00e9e. Avec le soutien d&rsquo;Acerbis, le [&hellip;]\" \/>\n<meta property=\"og:url\" content=\"https:\/\/fr.motocrossmag.be\/index.php\/2015\/06\/la-premiere-acerbis-junior-cup-a-hasselt-le-12-juillet\/\" \/>\n<meta property=\"og:site_name\" content=\"Motocross - Enduro - Supermoto | MotocrossMag\" \/>\n<meta property=\"article:published_time\" content=\"2015-06-23T21:22:56+00:00\" \/>\n<meta property=\"og:image\" content=\"https:\/\/fr.motocrossmag.be\/wp-content\/uploads\/2015\/06\/acerbis_girl.jpg\" \/>\n\t<meta property=\"og:image:width\" content=\"650\" \/>\n\t<meta property=\"og:image:height\" content=\"433\" \/>\n\t<meta property=\"og:image:type\" content=\"image\/jpeg\" \/>\n<meta name=\"author\" content=\"oliviere\" \/>\n<meta name=\"twitter:card\" content=\"summary_large_image\" \/>\n<meta name=\"twitter:label1\" content=\"\u00c9crit par\" \/>\n\t<meta name=\"twitter:data1\" content=\"oliviere\" \/>\n\t<meta name=\"twitter:label2\" content=\"Dur\u00e9e de lecture estim\u00e9e\" \/>\n\t<meta name=\"twitter:data2\" content=\"1 minute\" \/>\n<script type=\"application\/ld+json\" class=\"yoast-schema-graph\">{\"@context\":\"https:\\\/\\\/schema.org\",\"@graph\":[{\"@type\":\"Article\",\"@id\":\"https:\\\/\\\/fr.motocrossmag.be\\\/index.php\\\/2015\\\/06\\\/la-premiere-acerbis-junior-cup-a-hasselt-le-12-juillet\\\/#article\",\"isPartOf\":{\"@id\":\"https:\\\/\\\/fr.motocrossmag.be\\\/index.php\\\/2015\\\/06\\\/la-premiere-acerbis-junior-cup-a-hasselt-le-12-juillet\\\/\"},\"author\":{\"name\":\"oliviere\",\"@id\":\"https:\\\/\\\/fr.motocrossmag.be\\\/#\\\/schema\\\/person\\\/11b47143d9f755babca2c9110e03235c\"},\"headline\":\"La premi\u00e8re \u00ab\u00a0Acerbis Junior Cup\u00a0\u00bb \u00e0 Hasselt le 12 juillet\",\"datePublished\":\"2015-06-23T21:22:56+00:00\",\"mainEntityOfPage\":{\"@id\":\"https:\\\/\\\/fr.motocrossmag.be\\\/index.php\\\/2015\\\/06\\\/la-premiere-acerbis-junior-cup-a-hasselt-le-12-juillet\\\/\"},\"wordCount\":164,\"commentCount\":0,\"image\":{\"@id\":\"https:\\\/\\\/fr.motocrossmag.be\\\/index.php\\\/2015\\\/06\\\/la-premiere-acerbis-junior-cup-a-hasselt-le-12-juillet\\\/#primaryimage\"},\"thumbnailUrl\":\"https:\\\/\\\/fr.motocrossmag.be\\\/wp-content\\\/uploads\\\/2015\\\/06\\\/acerbis_girl.jpg\",\"articleSection\":[\"Actualit\u00e9\",\"Kids\",\"Motocross\",\"Motocross FMB\",\"News\",\"News\",\"News\",\"Slideshow\"],\"inLanguage\":\"fr-FR\",\"potentialAction\":[{\"@type\":\"CommentAction\",\"name\":\"Comment\",\"target\":[\"https:\\\/\\\/fr.motocrossmag.be\\\/index.php\\\/2015\\\/06\\\/la-premiere-acerbis-junior-cup-a-hasselt-le-12-juillet\\\/#respond\"]}]},{\"@type\":\"WebPage\",\"@id\":\"https:\\\/\\\/fr.motocrossmag.be\\\/index.php\\\/2015\\\/06\\\/la-premiere-acerbis-junior-cup-a-hasselt-le-12-juillet\\\/\",\"url\":\"https:\\\/\\\/fr.motocrossmag.be\\\/index.php\\\/2015\\\/06\\\/la-premiere-acerbis-junior-cup-a-hasselt-le-12-juillet\\\/\",\"name\":\"La premi\u00e8re \\\"Acerbis Junior Cup\\\" \u00e0 Hasselt le 12 juillet - Motocross - Enduro - Supermoto | MotocrossMag\",\"isPartOf\":{\"@id\":\"https:\\\/\\\/fr.motocrossmag.be\\\/#website\"},\"primaryImageOfPage\":{\"@id\":\"https:\\\/\\\/fr.motocrossmag.be\\\/index.php\\\/2015\\\/06\\\/la-premiere-acerbis-junior-cup-a-hasselt-le-12-juillet\\\/#primaryimage\"},\"image\":{\"@id\":\"https:\\\/\\\/fr.motocrossmag.be\\\/index.php\\\/2015\\\/06\\\/la-premiere-acerbis-junior-cup-a-hasselt-le-12-juillet\\\/#primaryimage\"},\"thumbnailUrl\":\"https:\\\/\\\/fr.motocrossmag.be\\\/wp-content\\\/uploads\\\/2015\\\/06\\\/acerbis_girl.jpg\",\"datePublished\":\"2015-06-23T21:22:56+00:00\",\"author\":{\"@id\":\"https:\\\/\\\/fr.motocrossmag.be\\\/#\\\/schema\\\/person\\\/11b47143d9f755babca2c9110e03235c\"},\"breadcrumb\":{\"@id\":\"https:\\\/\\\/fr.motocrossmag.be\\\/index.php\\\/2015\\\/06\\\/la-premiere-acerbis-junior-cup-a-hasselt-le-12-juillet\\\/#breadcrumb\"},\"inLanguage\":\"fr-FR\",\"potentialAction\":[{\"@type\":\"ReadAction\",\"target\":[\"https:\\\/\\\/fr.motocrossmag.be\\\/index.php\\\/2015\\\/06\\\/la-premiere-acerbis-junior-cup-a-hasselt-le-12-juillet\\\/\"]}]},{\"@type\":\"ImageObject\",\"inLanguage\":\"fr-FR\",\"@id\":\"https:\\\/\\\/fr.motocrossmag.be\\\/index.php\\\/2015\\\/06\\\/la-premiere-acerbis-junior-cup-a-hasselt-le-12-juillet\\\/#primaryimage\",\"url\":\"https:\\\/\\\/fr.motocrossmag.be\\\/wp-content\\\/uploads\\\/2015\\\/06\\\/acerbis_girl.jpg\",\"contentUrl\":\"https:\\\/\\\/fr.motocrossmag.be\\\/wp-content\\\/uploads\\\/2015\\\/06\\\/acerbis_girl.jpg\",\"width\":650,\"height\":433},{\"@type\":\"BreadcrumbList\",\"@id\":\"https:\\\/\\\/fr.motocrossmag.be\\\/index.php\\\/2015\\\/06\\\/la-premiere-acerbis-junior-cup-a-hasselt-le-12-juillet\\\/#breadcrumb\",\"itemListElement\":[{\"@type\":\"ListItem\",\"position\":1,\"name\":\"Accueil\",\"item\":\"https:\\\/\\\/fr.motocrossmag.be\\\/\"},{\"@type\":\"ListItem\",\"position\":2,\"name\":\"La premi\u00e8re \u00ab\u00a0Acerbis Junior Cup\u00a0\u00bb \u00e0 Hasselt le 12 juillet\"}]},{\"@type\":\"WebSite\",\"@id\":\"https:\\\/\\\/fr.motocrossmag.be\\\/#website\",\"url\":\"https:\\\/\\\/fr.motocrossmag.be\\\/\",\"name\":\"Motocross - Enduro - Supermoto | MotocrossMag\",\"description\":\"L&#039;actualit\u00e9 du motocross, de l&#039;enduro et du Supermoto en ligne!\",\"potentialAction\":[{\"@type\":\"SearchAction\",\"target\":{\"@type\":\"EntryPoint\",\"urlTemplate\":\"https:\\\/\\\/fr.motocrossmag.be\\\/?s={search_term_string}\"},\"query-input\":{\"@type\":\"PropertyValueSpecification\",\"valueRequired\":true,\"valueName\":\"search_term_string\"}}],\"inLanguage\":\"fr-FR\"},{\"@type\":\"Person\",\"@id\":\"https:\\\/\\\/fr.motocrossmag.be\\\/#\\\/schema\\\/person\\\/11b47143d9f755babca2c9110e03235c\",\"name\":\"oliviere\",\"image\":{\"@type\":\"ImageObject\",\"inLanguage\":\"fr-FR\",\"@id\":\"https:\\\/\\\/secure.gravatar.com\\\/avatar\\\/907069e0b81d119452040469e4a7501da1100f54f7f80180ce77bfab718288f6?s=96&d=mm&r=g\",\"url\":\"https:\\\/\\\/secure.gravatar.com\\\/avatar\\\/907069e0b81d119452040469e4a7501da1100f54f7f80180ce77bfab718288f6?s=96&d=mm&r=g\",\"contentUrl\":\"https:\\\/\\\/secure.gravatar.com\\\/avatar\\\/907069e0b81d119452040469e4a7501da1100f54f7f80180ce77bfab718288f6?s=96&d=mm&r=g\",\"caption\":\"oliviere\"},\"sameAs\":[\"http:\\\/\\\/www.motocrossmag.be\"],\"url\":\"https:\\\/\\\/fr.motocrossmag.be\\\/index.php\\\/author\\\/oliviere\\\/\"}]}<\/script>\n<!-- \/ Yoast SEO plugin. -->","yoast_head_json":{"title":"La premi\u00e8re \"Acerbis Junior Cup\" \u00e0 Hasselt le 12 juillet - Motocross - Enduro - Supermoto | MotocrossMag","robots":{"index":"index","follow":"follow","max-snippet":"max-snippet:-1","max-image-preview":"max-image-preview:large","max-video-preview":"max-video-preview:-1"},"canonical":"https:\/\/fr.motocrossmag.be\/index.php\/2015\/06\/la-premiere-acerbis-junior-cup-a-hasselt-le-12-juillet\/","og_locale":"fr_FR","og_type":"article","og_title":"La premi\u00e8re \"Acerbis Junior Cup\" \u00e0 Hasselt le 12 juillet - Motocross - Enduro - Supermoto | MotocrossMag","og_description":"Le 12 juillet, le championnat FMB Belgian National sera \u00e0 Hasselt. A cette occasion, le MC Santi, le club organisateur chapeaut\u00e9 par Kristof Santerman, tient \u00e0 mettre en avant les jeunes pilotes, pour lesquels une cat\u00e9gorie compos\u00e9e de pilotes \u00e2g\u00e9s de 12 \u00e0 15 ans (n\u00e9s en 2000) sera r\u00e9serv\u00e9e. Avec le soutien d&rsquo;Acerbis, le [&hellip;]","og_url":"https:\/\/fr.motocrossmag.be\/index.php\/2015\/06\/la-premiere-acerbis-junior-cup-a-hasselt-le-12-juillet\/","og_site_name":"Motocross - Enduro - Supermoto | MotocrossMag","article_published_time":"2015-06-23T21:22:56+00:00","og_image":[{"width":650,"height":433,"url":"https:\/\/fr.motocrossmag.be\/wp-content\/uploads\/2015\/06\/acerbis_girl.jpg","type":"image\/jpeg"}],"author":"oliviere","twitter_card":"summary_large_image","twitter_misc":{"\u00c9crit par":"oliviere","Dur\u00e9e de lecture estim\u00e9e":"1 minute"},"schema":{"@context":"https:\/\/schema.org","@graph":[{"@type":"Article","@id":"https:\/\/fr.motocrossmag.be\/index.php\/2015\/06\/la-premiere-acerbis-junior-cup-a-hasselt-le-12-juillet\/#article","isPartOf":{"@id":"https:\/\/fr.motocrossmag.be\/index.php\/2015\/06\/la-premiere-acerbis-junior-cup-a-hasselt-le-12-juillet\/"},"author":{"name":"oliviere","@id":"https:\/\/fr.motocrossmag.be\/#\/schema\/person\/11b47143d9f755babca2c9110e03235c"},"headline":"La premi\u00e8re \u00ab\u00a0Acerbis Junior Cup\u00a0\u00bb \u00e0 Hasselt le 12 juillet","datePublished":"2015-06-23T21:22:56+00:00","mainEntityOfPage":{"@id":"https:\/\/fr.motocrossmag.be\/index.php\/2015\/06\/la-premiere-acerbis-junior-cup-a-hasselt-le-12-juillet\/"},"wordCount":164,"commentCount":0,"image":{"@id":"https:\/\/fr.motocrossmag.be\/index.php\/2015\/06\/la-premiere-acerbis-junior-cup-a-hasselt-le-12-juillet\/#primaryimage"},"thumbnailUrl":"https:\/\/fr.motocrossmag.be\/wp-content\/uploads\/2015\/06\/acerbis_girl.jpg","articleSection":["Actualit\u00e9","Kids","Motocross","Motocross FMB","News","News","News","Slideshow"],"inLanguage":"fr-FR","potentialAction":[{"@type":"CommentAction","name":"Comment","target":["https:\/\/fr.motocrossmag.be\/index.php\/2015\/06\/la-premiere-acerbis-junior-cup-a-hasselt-le-12-juillet\/#respond"]}]},{"@type":"WebPage","@id":"https:\/\/fr.motocrossmag.be\/index.php\/2015\/06\/la-premiere-acerbis-junior-cup-a-hasselt-le-12-juillet\/","url":"https:\/\/fr.motocrossmag.be\/index.php\/2015\/06\/la-premiere-acerbis-junior-cup-a-hasselt-le-12-juillet\/","name":"La premi\u00e8re \"Acerbis Junior Cup\" \u00e0 Hasselt le 12 juillet - Motocross - Enduro - Supermoto | MotocrossMag","isPartOf":{"@id":"https:\/\/fr.motocrossmag.be\/#website"},"primaryImageOfPage":{"@id":"https:\/\/fr.motocrossmag.be\/index.php\/2015\/06\/la-premiere-acerbis-junior-cup-a-hasselt-le-12-juillet\/#primaryimage"},"image":{"@id":"https:\/\/fr.motocrossmag.be\/index.php\/2015\/06\/la-premiere-acerbis-junior-cup-a-hasselt-le-12-juillet\/#primaryimage"},"thumbnailUrl":"https:\/\/fr.motocrossmag.be\/wp-content\/uploads\/2015\/06\/acerbis_girl.jpg","datePublished":"2015-06-23T21:22:56+00:00","author":{"@id":"https:\/\/fr.motocrossmag.be\/#\/schema\/person\/11b47143d9f755babca2c9110e03235c"},"breadcrumb":{"@id":"https:\/\/fr.motocrossmag.be\/index.php\/2015\/06\/la-premiere-acerbis-junior-cup-a-hasselt-le-12-juillet\/#breadcrumb"},"inLanguage":"fr-FR","potentialAction":[{"@type":"ReadAction","target":["https:\/\/fr.motocrossmag.be\/index.php\/2015\/06\/la-premiere-acerbis-junior-cup-a-hasselt-le-12-juillet\/"]}]},{"@type":"ImageObject","inLanguage":"fr-FR","@id":"https:\/\/fr.motocrossmag.be\/index.php\/2015\/06\/la-premiere-acerbis-junior-cup-a-hasselt-le-12-juillet\/#primaryimage","url":"https:\/\/fr.motocrossmag.be\/wp-content\/uploads\/2015\/06\/acerbis_girl.jpg","contentUrl":"https:\/\/fr.motocrossmag.be\/wp-content\/uploads\/2015\/06\/acerbis_girl.jpg","width":650,"height":433},{"@type":"BreadcrumbList","@id":"https:\/\/fr.motocrossmag.be\/index.php\/2015\/06\/la-premiere-acerbis-junior-cup-a-hasselt-le-12-juillet\/#breadcrumb","itemListElement":[{"@type":"ListItem","position":1,"name":"Accueil","item":"https:\/\/fr.motocrossmag.be\/"},{"@type":"ListItem","position":2,"name":"La premi\u00e8re \u00ab\u00a0Acerbis Junior Cup\u00a0\u00bb \u00e0 Hasselt le 12 juillet"}]},{"@type":"WebSite","@id":"https:\/\/fr.motocrossmag.be\/#website","url":"https:\/\/fr.motocrossmag.be\/","name":"Motocross - Enduro - Supermoto | MotocrossMag","description":"L&#039;actualit\u00e9 du motocross, de l&#039;enduro et du Supermoto en ligne!","potentialAction":[{"@type":"SearchAction","target":{"@type":"EntryPoint","urlTemplate":"https:\/\/fr.motocrossmag.be\/?s={search_term_string}"},"query-input":{"@type":"PropertyValueSpecification","valueRequired":true,"valueName":"search_term_string"}}],"inLanguage":"fr-FR"},{"@type":"Person","@id":"https:\/\/fr.motocrossmag.be\/#\/schema\/person\/11b47143d9f755babca2c9110e03235c","name":"oliviere","image":{"@type":"ImageObject","inLanguage":"fr-FR","@id":"https:\/\/secure.gravatar.com\/avatar\/907069e0b81d119452040469e4a7501da1100f54f7f80180ce77bfab718288f6?s=96&d=mm&r=g","url":"https:\/\/secure.gravatar.com\/avatar\/907069e0b81d119452040469e4a7501da1100f54f7f80180ce77bfab718288f6?s=96&d=mm&r=g","contentUrl":"https:\/\/secure.gravatar.com\/avatar\/907069e0b81d119452040469e4a7501da1100f54f7f80180ce77bfab718288f6?s=96&d=mm&r=g","caption":"oliviere"},"sameAs":["http:\/\/www.motocrossmag.be"],"url":"https:\/\/fr.motocrossmag.be\/index.php\/author\/oliviere\/"}]}},"_links":{"self":[{"href":"https:\/\/fr.motocrossmag.be\/index.php\/wp-json\/wp\/v2\/posts\/35652","targetHints":{"allow":["GET"]}}],"collection":[{"href":"https:\/\/fr.motocrossmag.be\/index.php\/wp-json\/wp\/v2\/posts"}],"about":[{"href":"https:\/\/fr.motocrossmag.be\/index.php\/wp-json\/wp\/v2\/types\/post"}],"author":[{"embeddable":true,"href":"https:\/\/fr.motocrossmag.be\/index.php\/wp-json\/wp\/v2\/users\/932"}],"replies":[{"embeddable":true,"href":"https:\/\/fr.motocrossmag.be\/index.php\/wp-json\/wp\/v2\/comments?post=35652"}],"version-history":[{"count":1,"href":"https:\/\/fr.motocrossmag.be\/index.php\/wp-json\/wp\/v2\/posts\/35652\/revisions"}],"predecessor-version":[{"id":35655,"href":"https:\/\/fr.motocrossmag.be\/index.php\/wp-json\/wp\/v2\/posts\/35652\/revisions\/35655"}],"wp:featuredmedia":[{"embeddable":true,"href":"https:\/\/fr.motocrossmag.be\/index.php\/wp-json\/wp\/v2\/media\/35654"}],"wp:attachment":[{"href":"https:\/\/fr.motocrossmag.be\/index.php\/wp-json\/wp\/v2\/media?parent=35652"}],"wp:term":[{"taxonomy":"category","embeddable":true,"href":"https:\/\/fr.motocrossmag.be\/index.php\/wp-json\/wp\/v2\/categories?post=35652"},{"taxonomy":"post_tag","embeddable":true,"href":"https:\/\/fr.motocrossmag.be\/index.php\/wp-json\/wp\/v2\/tags?post=35652"}],"curies":[{"name":"wp","href":"https:\/\/api.w.org\/{rel}","templated":true}]}}