{"id":3607,"date":"2009-04-29T14:08:41","date_gmt":"2009-04-29T13:08:41","guid":{"rendered":"http:\/\/www.motocrossmag.be\/?p=3607"},"modified":"2009-04-29T14:08:41","modified_gmt":"2009-04-29T13:08:41","slug":"motocross-mxgp-coupe-du-monde-des-veterans-peter-iven-conserve-la-tete","status":"publish","type":"post","link":"https:\/\/fr.motocrossmag.be\/index.php\/2009\/04\/motocross-mxgp-coupe-du-monde-des-veterans-peter-iven-conserve-la-tete\/","title":{"rendered":"Motocross MXGP &#8211; Coupe du monde des V\u00e9t\u00e9rans | Peter Iven conserve la t\u00eate"},"content":{"rendered":"<p>La seconde \u00e9preuve de la Coupe du Monde des V\u00e9t\u00e9rans avait lieu ce week-end en marge du GP de Valkenswaard. Si notre compatriote Peter Iven, vainqueur de la premi\u00e8re manche &agrave; Faenza, conserve la t\u00eate du classement provisoire, il a cependant \u00e9t\u00e9 domin\u00e9 dans le sable hollandais par le Su\u00e9dois Mats Nilsson, le pilote Yamaha signant un \u00e9clatant doubl\u00e9 qui lui permet de pointer d\u00e9sormais en seconde position au championnat, &agrave; 6 points d&rsquo;Iven.<\/p>\n<p><img decoding=\"async\" class=\"lazyload alignnone size-full wp-image-3608\" title=\"Nilsson (40) a r\u00e9alis\u00e9 un imparable doubl\u00e9 &agrave; Valkenswaard chez les V\u00e9t\u00e9rans et revient &agrave; 6 points de Peter Iven au championnat.\" src=\"http:\/\/www.motocrossmag.be\/wp-content\/uploads\/2009\/04\/valk_veteran.jpg\" data-orig-src=\"http:\/\/www.motocrossmag.be\/wp-content\/uploads\/2009\/04\/valk_veteran.jpg\" alt=\"\" width=\"500\" height=\"325\" srcset=\"data:image\/svg+xml,%3Csvg%20xmlns%3D%27http%3A%2F%2Fwww.w3.org%2F2000%2Fsvg%27%20width%3D%27500%27%20height%3D%27325%27%20viewBox%3D%270%200%20500%20325%27%3E%3Crect%20width%3D%27500%27%20height%3D%27325%27%20fill-opacity%3D%220%22%2F%3E%3C%2Fsvg%3E\" data-srcset=\"https:\/\/fr.motocrossmag.be\/wp-content\/uploads\/2009\/04\/valk_veteran-300x195.jpg 300w, https:\/\/fr.motocrossmag.be\/wp-content\/uploads\/2009\/04\/valk_veteran.jpg 500w\" data-sizes=\"auto\" data-orig-sizes=\"(max-width: 500px) 100vw, 500px\" \/><\/p>\n<p>L&rsquo;Italien Alessandro Puzar compl\u00e8te le podium du jour, tandis que Jan Blancquaert perd de pr\u00e9cieux points en seconde manche et r\u00e9trograde &agrave; la 4\u00e8me place du provisoire derri\u00e8re Puzar. Notez que, apr\u00e8s les 2 premi\u00e8res \u00e9preuves, on pointe pas moins de 4 Belges dans le top-10 du championnat!<\/p>\n<p><strong><span style=\"color: #800000;\">R\u00e9sultats<\/span><\/strong><\/p>\n<p><span style=\"color: #000000;\">MANCHE 1<\/span><\/p>\n<p>1. Mats Nilsson (SWE, Yamaha), 25:18.023; ; <strong>2. Peter Iven (BEL, Honda), +0:03.406<\/strong>; 3. Alessandro Puzar (ITA, Honda), +0:32.281; 4. Ton van Grinsven (NED, KTM), +1:13.185; <strong>5. Jan Blancquaert (BEL, Suzuki), +1:18.675<\/strong>; 6. Erwin Hendrickx (NED, Honda), +1:26.582; 7. Koos Dijkstra (NED, Honda), +1:28.503; <strong>8. Pascal Bal (BEL, KTM), +1:38.631<\/strong>; 9. Christophe LherIteau (FRA, Kawasaki), +1:40.673; <strong>10. Thierry Fors (BEL, Kawasaki), +2:09.881;<\/strong><br \/>\nMANCHE 2<\/p>\n<p>1. Mats Nilsson (SWE, Yamaha), 24:20.765; ; <strong>2. Peter Iven (BEL, Honda), +0:00.866<\/strong>; 3. Alessandro Puzar (ITA, Honda), +0:18.065; 4. Erwin Hendrickx (NED, Honda), +1:09.874; 5. Ton van Grinsven (NED, KTM), +1:26.620; <strong>6. Pascal Bal (BEL, KTM), +1:30.795<\/strong>; <strong>7. Freddy Verherstraeten (BEL, Kawasaki), +1:43.669<\/strong>; 8. Koos Dijkstra (NED, Honda), +1:55.151; <strong>9. Thierry Fors (BEL, Kawasaki), +2:06.400<\/strong>; 10. Christophe LherIteau (FRA, Kawasaki), +2:14.009;<\/p>\n<p>CLASSEMENT GENERAL<\/p>\n<p>1. Mats Nilsson (SWE, Yamaha), 50 points; <strong>2. Peter Iven (BEL, Honda), 44 p<\/strong>.; 3. Alessandro Puzar (ITA, Honda), 40 p.; 4. Ton van Grinsven (NED, KTM), 34 p.; 5. Erwin Hendrickx (NED, Honda), 33 p.; <strong>6. Pascal Bal (BEL, KTM), 28 p<\/strong>.; 7. Koos Dijkstra (NED, Honda), 27 p.; <strong>8. Jan Blancquaert (BEL, Suzuki), 26 p<\/strong>.; <strong>9. Thierry Fors (BEL, Kawasaki), 23 p<\/strong>.; 10. Christophe LherIteau (FRA, Kawasaki), 23 p.;<\/p>\n<p>CLASSEMENT PROVISOIRE<\/p>\n<p><strong>1. Peter Iven (BEL, Honda), 94 points<\/strong>; 2. Mats Nilsson (SWE, Yamaha), 88 p.; 3. Alessandro Puzar (ITA, Honda), 72 p.; <strong>4. Jan Blancquaert (BEL, Suzuki), 62 p<\/strong>.; 5. Christophe LherIteau (FRA, Kawasaki), 58 p.; 6. Erwin Hendrickx (NED, Honda), 56 p.; <strong>7. Pascal Bal (BEL, KTM), 49 p<\/strong>.; 8. Koos Dijkstra (NED, Honda), 43 p.; <strong>9. Thierry Fors (BEL, Kawasaki), 40 p<\/strong>.; 10. Ton van Grinsven (NED, KTM), 34 p.;<\/p>\n","protected":false},"excerpt":{"rendered":"<p>La seconde \u00e9preuve de la Coupe du Monde des V\u00e9t\u00e9rans avait lieu ce week-end en marge du GP de Valkenswaard. Si notre compatriote Peter Iven, vainqueur de la premi\u00e8re manche [&#8230;]<\/p>\n","protected":false},"author":932,"featured_media":0,"comment_status":"open","ping_status":"closed","sticky":false,"template":"","format":"standard","meta":{"footnotes":""},"categories":[54,4,5,55],"tags":[],"class_list":["post-3607","post","type-post","status-publish","format-standard","hentry","category-actualite","category-motocross","category-news","category-news-actualite"],"yoast_head":"<!-- This site is optimized with the Yoast SEO plugin v27.4 - https:\/\/yoast.com\/product\/yoast-seo-wordpress\/ -->\n<title>Motocross MXGP - Coupe du monde des V\u00e9t\u00e9rans | Peter Iven conserve la t\u00eate - Motocross - Enduro - Supermoto | MotocrossMag<\/title>\n<meta name=\"robots\" content=\"index, follow, max-snippet:-1, max-image-preview:large, max-video-preview:-1\" \/>\n<link rel=\"canonical\" href=\"https:\/\/fr.motocrossmag.be\/index.php\/2009\/04\/motocross-mxgp-coupe-du-monde-des-veterans-peter-iven-conserve-la-tete\/\" \/>\n<meta property=\"og:locale\" content=\"fr_FR\" \/>\n<meta property=\"og:type\" content=\"article\" \/>\n<meta property=\"og:title\" content=\"Motocross MXGP - Coupe du monde des V\u00e9t\u00e9rans | Peter Iven conserve la t\u00eate - Motocross - Enduro - Supermoto | MotocrossMag\" \/>\n<meta property=\"og:description\" content=\"La seconde \u00e9preuve de la Coupe du Monde des V\u00e9t\u00e9rans avait lieu ce week-end en marge du GP de Valkenswaard. Si notre compatriote Peter Iven, vainqueur de la premi\u00e8re manche [...]\" \/>\n<meta property=\"og:url\" content=\"https:\/\/fr.motocrossmag.be\/index.php\/2009\/04\/motocross-mxgp-coupe-du-monde-des-veterans-peter-iven-conserve-la-tete\/\" \/>\n<meta property=\"og:site_name\" content=\"Motocross - Enduro - Supermoto | MotocrossMag\" \/>\n<meta property=\"article:published_time\" content=\"2009-04-29T13:08:41+00:00\" \/>\n<meta property=\"og:image\" content=\"http:\/\/www.motocrossmag.be\/wp-content\/uploads\/2009\/04\/valk_veteran.jpg\" \/>\n<meta name=\"author\" content=\"oliviere\" \/>\n<meta name=\"twitter:card\" content=\"summary_large_image\" \/>\n<meta name=\"twitter:label1\" content=\"\u00c9crit par\" \/>\n\t<meta name=\"twitter:data1\" content=\"oliviere\" \/>\n\t<meta name=\"twitter:label2\" content=\"Dur\u00e9e de lecture estim\u00e9e\" \/>\n\t<meta name=\"twitter:data2\" content=\"2 minutes\" \/>\n<script type=\"application\/ld+json\" class=\"yoast-schema-graph\">{\"@context\":\"https:\\\/\\\/schema.org\",\"@graph\":[{\"@type\":\"Article\",\"@id\":\"https:\\\/\\\/fr.motocrossmag.be\\\/index.php\\\/2009\\\/04\\\/motocross-mxgp-coupe-du-monde-des-veterans-peter-iven-conserve-la-tete\\\/#article\",\"isPartOf\":{\"@id\":\"https:\\\/\\\/fr.motocrossmag.be\\\/index.php\\\/2009\\\/04\\\/motocross-mxgp-coupe-du-monde-des-veterans-peter-iven-conserve-la-tete\\\/\"},\"author\":{\"name\":\"oliviere\",\"@id\":\"https:\\\/\\\/fr.motocrossmag.be\\\/#\\\/schema\\\/person\\\/11b47143d9f755babca2c9110e03235c\"},\"headline\":\"Motocross MXGP &#8211; Coupe du monde des V\u00e9t\u00e9rans | Peter Iven conserve la t\u00eate\",\"datePublished\":\"2009-04-29T13:08:41+00:00\",\"mainEntityOfPage\":{\"@id\":\"https:\\\/\\\/fr.motocrossmag.be\\\/index.php\\\/2009\\\/04\\\/motocross-mxgp-coupe-du-monde-des-veterans-peter-iven-conserve-la-tete\\\/\"},\"wordCount\":341,\"commentCount\":0,\"image\":{\"@id\":\"https:\\\/\\\/fr.motocrossmag.be\\\/index.php\\\/2009\\\/04\\\/motocross-mxgp-coupe-du-monde-des-veterans-peter-iven-conserve-la-tete\\\/#primaryimage\"},\"thumbnailUrl\":\"http:\\\/\\\/www.motocrossmag.be\\\/wp-content\\\/uploads\\\/2009\\\/04\\\/valk_veteran.jpg\",\"articleSection\":[\"Actualit\u00e9\",\"Motocross\",\"News\",\"News\"],\"inLanguage\":\"fr-FR\",\"potentialAction\":[{\"@type\":\"CommentAction\",\"name\":\"Comment\",\"target\":[\"https:\\\/\\\/fr.motocrossmag.be\\\/index.php\\\/2009\\\/04\\\/motocross-mxgp-coupe-du-monde-des-veterans-peter-iven-conserve-la-tete\\\/#respond\"]}]},{\"@type\":\"WebPage\",\"@id\":\"https:\\\/\\\/fr.motocrossmag.be\\\/index.php\\\/2009\\\/04\\\/motocross-mxgp-coupe-du-monde-des-veterans-peter-iven-conserve-la-tete\\\/\",\"url\":\"https:\\\/\\\/fr.motocrossmag.be\\\/index.php\\\/2009\\\/04\\\/motocross-mxgp-coupe-du-monde-des-veterans-peter-iven-conserve-la-tete\\\/\",\"name\":\"Motocross MXGP - Coupe du monde des V\u00e9t\u00e9rans | Peter Iven conserve la t\u00eate - Motocross - Enduro - Supermoto | MotocrossMag\",\"isPartOf\":{\"@id\":\"https:\\\/\\\/fr.motocrossmag.be\\\/#website\"},\"primaryImageOfPage\":{\"@id\":\"https:\\\/\\\/fr.motocrossmag.be\\\/index.php\\\/2009\\\/04\\\/motocross-mxgp-coupe-du-monde-des-veterans-peter-iven-conserve-la-tete\\\/#primaryimage\"},\"image\":{\"@id\":\"https:\\\/\\\/fr.motocrossmag.be\\\/index.php\\\/2009\\\/04\\\/motocross-mxgp-coupe-du-monde-des-veterans-peter-iven-conserve-la-tete\\\/#primaryimage\"},\"thumbnailUrl\":\"http:\\\/\\\/www.motocrossmag.be\\\/wp-content\\\/uploads\\\/2009\\\/04\\\/valk_veteran.jpg\",\"datePublished\":\"2009-04-29T13:08:41+00:00\",\"author\":{\"@id\":\"https:\\\/\\\/fr.motocrossmag.be\\\/#\\\/schema\\\/person\\\/11b47143d9f755babca2c9110e03235c\"},\"breadcrumb\":{\"@id\":\"https:\\\/\\\/fr.motocrossmag.be\\\/index.php\\\/2009\\\/04\\\/motocross-mxgp-coupe-du-monde-des-veterans-peter-iven-conserve-la-tete\\\/#breadcrumb\"},\"inLanguage\":\"fr-FR\",\"potentialAction\":[{\"@type\":\"ReadAction\",\"target\":[\"https:\\\/\\\/fr.motocrossmag.be\\\/index.php\\\/2009\\\/04\\\/motocross-mxgp-coupe-du-monde-des-veterans-peter-iven-conserve-la-tete\\\/\"]}]},{\"@type\":\"ImageObject\",\"inLanguage\":\"fr-FR\",\"@id\":\"https:\\\/\\\/fr.motocrossmag.be\\\/index.php\\\/2009\\\/04\\\/motocross-mxgp-coupe-du-monde-des-veterans-peter-iven-conserve-la-tete\\\/#primaryimage\",\"url\":\"http:\\\/\\\/www.motocrossmag.be\\\/wp-content\\\/uploads\\\/2009\\\/04\\\/valk_veteran.jpg\",\"contentUrl\":\"http:\\\/\\\/www.motocrossmag.be\\\/wp-content\\\/uploads\\\/2009\\\/04\\\/valk_veteran.jpg\"},{\"@type\":\"BreadcrumbList\",\"@id\":\"https:\\\/\\\/fr.motocrossmag.be\\\/index.php\\\/2009\\\/04\\\/motocross-mxgp-coupe-du-monde-des-veterans-peter-iven-conserve-la-tete\\\/#breadcrumb\",\"itemListElement\":[{\"@type\":\"ListItem\",\"position\":1,\"name\":\"Accueil\",\"item\":\"https:\\\/\\\/fr.motocrossmag.be\\\/\"},{\"@type\":\"ListItem\",\"position\":2,\"name\":\"Motocross MXGP &#8211; Coupe du monde des V\u00e9t\u00e9rans | Peter Iven conserve la t\u00eate\"}]},{\"@type\":\"WebSite\",\"@id\":\"https:\\\/\\\/fr.motocrossmag.be\\\/#website\",\"url\":\"https:\\\/\\\/fr.motocrossmag.be\\\/\",\"name\":\"Motocross - Enduro - Supermoto | MotocrossMag\",\"description\":\"L&#039;actualit\u00e9 du motocross, de l&#039;enduro et du Supermoto en ligne!\",\"potentialAction\":[{\"@type\":\"SearchAction\",\"target\":{\"@type\":\"EntryPoint\",\"urlTemplate\":\"https:\\\/\\\/fr.motocrossmag.be\\\/?s={search_term_string}\"},\"query-input\":{\"@type\":\"PropertyValueSpecification\",\"valueRequired\":true,\"valueName\":\"search_term_string\"}}],\"inLanguage\":\"fr-FR\"},{\"@type\":\"Person\",\"@id\":\"https:\\\/\\\/fr.motocrossmag.be\\\/#\\\/schema\\\/person\\\/11b47143d9f755babca2c9110e03235c\",\"name\":\"oliviere\",\"image\":{\"@type\":\"ImageObject\",\"inLanguage\":\"fr-FR\",\"@id\":\"https:\\\/\\\/secure.gravatar.com\\\/avatar\\\/907069e0b81d119452040469e4a7501da1100f54f7f80180ce77bfab718288f6?s=96&d=mm&r=g\",\"url\":\"https:\\\/\\\/secure.gravatar.com\\\/avatar\\\/907069e0b81d119452040469e4a7501da1100f54f7f80180ce77bfab718288f6?s=96&d=mm&r=g\",\"contentUrl\":\"https:\\\/\\\/secure.gravatar.com\\\/avatar\\\/907069e0b81d119452040469e4a7501da1100f54f7f80180ce77bfab718288f6?s=96&d=mm&r=g\",\"caption\":\"oliviere\"},\"sameAs\":[\"http:\\\/\\\/www.motocrossmag.be\"],\"url\":\"https:\\\/\\\/fr.motocrossmag.be\\\/index.php\\\/author\\\/oliviere\\\/\"}]}<\/script>\n<!-- \/ Yoast SEO plugin. -->","yoast_head_json":{"title":"Motocross MXGP - Coupe du monde des V\u00e9t\u00e9rans | Peter Iven conserve la t\u00eate - Motocross - Enduro - Supermoto | MotocrossMag","robots":{"index":"index","follow":"follow","max-snippet":"max-snippet:-1","max-image-preview":"max-image-preview:large","max-video-preview":"max-video-preview:-1"},"canonical":"https:\/\/fr.motocrossmag.be\/index.php\/2009\/04\/motocross-mxgp-coupe-du-monde-des-veterans-peter-iven-conserve-la-tete\/","og_locale":"fr_FR","og_type":"article","og_title":"Motocross MXGP - Coupe du monde des V\u00e9t\u00e9rans | Peter Iven conserve la t\u00eate - Motocross - Enduro - Supermoto | MotocrossMag","og_description":"La seconde \u00e9preuve de la Coupe du Monde des V\u00e9t\u00e9rans avait lieu ce week-end en marge du GP de Valkenswaard. Si notre compatriote Peter Iven, vainqueur de la premi\u00e8re manche [...]","og_url":"https:\/\/fr.motocrossmag.be\/index.php\/2009\/04\/motocross-mxgp-coupe-du-monde-des-veterans-peter-iven-conserve-la-tete\/","og_site_name":"Motocross - Enduro - Supermoto | MotocrossMag","article_published_time":"2009-04-29T13:08:41+00:00","og_image":[{"url":"http:\/\/www.motocrossmag.be\/wp-content\/uploads\/2009\/04\/valk_veteran.jpg","type":"","width":"","height":""}],"author":"oliviere","twitter_card":"summary_large_image","twitter_misc":{"\u00c9crit par":"oliviere","Dur\u00e9e de lecture estim\u00e9e":"2 minutes"},"schema":{"@context":"https:\/\/schema.org","@graph":[{"@type":"Article","@id":"https:\/\/fr.motocrossmag.be\/index.php\/2009\/04\/motocross-mxgp-coupe-du-monde-des-veterans-peter-iven-conserve-la-tete\/#article","isPartOf":{"@id":"https:\/\/fr.motocrossmag.be\/index.php\/2009\/04\/motocross-mxgp-coupe-du-monde-des-veterans-peter-iven-conserve-la-tete\/"},"author":{"name":"oliviere","@id":"https:\/\/fr.motocrossmag.be\/#\/schema\/person\/11b47143d9f755babca2c9110e03235c"},"headline":"Motocross MXGP &#8211; Coupe du monde des V\u00e9t\u00e9rans | Peter Iven conserve la t\u00eate","datePublished":"2009-04-29T13:08:41+00:00","mainEntityOfPage":{"@id":"https:\/\/fr.motocrossmag.be\/index.php\/2009\/04\/motocross-mxgp-coupe-du-monde-des-veterans-peter-iven-conserve-la-tete\/"},"wordCount":341,"commentCount":0,"image":{"@id":"https:\/\/fr.motocrossmag.be\/index.php\/2009\/04\/motocross-mxgp-coupe-du-monde-des-veterans-peter-iven-conserve-la-tete\/#primaryimage"},"thumbnailUrl":"http:\/\/www.motocrossmag.be\/wp-content\/uploads\/2009\/04\/valk_veteran.jpg","articleSection":["Actualit\u00e9","Motocross","News","News"],"inLanguage":"fr-FR","potentialAction":[{"@type":"CommentAction","name":"Comment","target":["https:\/\/fr.motocrossmag.be\/index.php\/2009\/04\/motocross-mxgp-coupe-du-monde-des-veterans-peter-iven-conserve-la-tete\/#respond"]}]},{"@type":"WebPage","@id":"https:\/\/fr.motocrossmag.be\/index.php\/2009\/04\/motocross-mxgp-coupe-du-monde-des-veterans-peter-iven-conserve-la-tete\/","url":"https:\/\/fr.motocrossmag.be\/index.php\/2009\/04\/motocross-mxgp-coupe-du-monde-des-veterans-peter-iven-conserve-la-tete\/","name":"Motocross MXGP - Coupe du monde des V\u00e9t\u00e9rans | Peter Iven conserve la t\u00eate - Motocross - Enduro - Supermoto | MotocrossMag","isPartOf":{"@id":"https:\/\/fr.motocrossmag.be\/#website"},"primaryImageOfPage":{"@id":"https:\/\/fr.motocrossmag.be\/index.php\/2009\/04\/motocross-mxgp-coupe-du-monde-des-veterans-peter-iven-conserve-la-tete\/#primaryimage"},"image":{"@id":"https:\/\/fr.motocrossmag.be\/index.php\/2009\/04\/motocross-mxgp-coupe-du-monde-des-veterans-peter-iven-conserve-la-tete\/#primaryimage"},"thumbnailUrl":"http:\/\/www.motocrossmag.be\/wp-content\/uploads\/2009\/04\/valk_veteran.jpg","datePublished":"2009-04-29T13:08:41+00:00","author":{"@id":"https:\/\/fr.motocrossmag.be\/#\/schema\/person\/11b47143d9f755babca2c9110e03235c"},"breadcrumb":{"@id":"https:\/\/fr.motocrossmag.be\/index.php\/2009\/04\/motocross-mxgp-coupe-du-monde-des-veterans-peter-iven-conserve-la-tete\/#breadcrumb"},"inLanguage":"fr-FR","potentialAction":[{"@type":"ReadAction","target":["https:\/\/fr.motocrossmag.be\/index.php\/2009\/04\/motocross-mxgp-coupe-du-monde-des-veterans-peter-iven-conserve-la-tete\/"]}]},{"@type":"ImageObject","inLanguage":"fr-FR","@id":"https:\/\/fr.motocrossmag.be\/index.php\/2009\/04\/motocross-mxgp-coupe-du-monde-des-veterans-peter-iven-conserve-la-tete\/#primaryimage","url":"http:\/\/www.motocrossmag.be\/wp-content\/uploads\/2009\/04\/valk_veteran.jpg","contentUrl":"http:\/\/www.motocrossmag.be\/wp-content\/uploads\/2009\/04\/valk_veteran.jpg"},{"@type":"BreadcrumbList","@id":"https:\/\/fr.motocrossmag.be\/index.php\/2009\/04\/motocross-mxgp-coupe-du-monde-des-veterans-peter-iven-conserve-la-tete\/#breadcrumb","itemListElement":[{"@type":"ListItem","position":1,"name":"Accueil","item":"https:\/\/fr.motocrossmag.be\/"},{"@type":"ListItem","position":2,"name":"Motocross MXGP &#8211; Coupe du monde des V\u00e9t\u00e9rans | Peter Iven conserve la t\u00eate"}]},{"@type":"WebSite","@id":"https:\/\/fr.motocrossmag.be\/#website","url":"https:\/\/fr.motocrossmag.be\/","name":"Motocross - Enduro - Supermoto | MotocrossMag","description":"L&#039;actualit\u00e9 du motocross, de l&#039;enduro et du Supermoto en ligne!","potentialAction":[{"@type":"SearchAction","target":{"@type":"EntryPoint","urlTemplate":"https:\/\/fr.motocrossmag.be\/?s={search_term_string}"},"query-input":{"@type":"PropertyValueSpecification","valueRequired":true,"valueName":"search_term_string"}}],"inLanguage":"fr-FR"},{"@type":"Person","@id":"https:\/\/fr.motocrossmag.be\/#\/schema\/person\/11b47143d9f755babca2c9110e03235c","name":"oliviere","image":{"@type":"ImageObject","inLanguage":"fr-FR","@id":"https:\/\/secure.gravatar.com\/avatar\/907069e0b81d119452040469e4a7501da1100f54f7f80180ce77bfab718288f6?s=96&d=mm&r=g","url":"https:\/\/secure.gravatar.com\/avatar\/907069e0b81d119452040469e4a7501da1100f54f7f80180ce77bfab718288f6?s=96&d=mm&r=g","contentUrl":"https:\/\/secure.gravatar.com\/avatar\/907069e0b81d119452040469e4a7501da1100f54f7f80180ce77bfab718288f6?s=96&d=mm&r=g","caption":"oliviere"},"sameAs":["http:\/\/www.motocrossmag.be"],"url":"https:\/\/fr.motocrossmag.be\/index.php\/author\/oliviere\/"}]}},"_links":{"self":[{"href":"https:\/\/fr.motocrossmag.be\/index.php\/wp-json\/wp\/v2\/posts\/3607","targetHints":{"allow":["GET"]}}],"collection":[{"href":"https:\/\/fr.motocrossmag.be\/index.php\/wp-json\/wp\/v2\/posts"}],"about":[{"href":"https:\/\/fr.motocrossmag.be\/index.php\/wp-json\/wp\/v2\/types\/post"}],"author":[{"embeddable":true,"href":"https:\/\/fr.motocrossmag.be\/index.php\/wp-json\/wp\/v2\/users\/932"}],"replies":[{"embeddable":true,"href":"https:\/\/fr.motocrossmag.be\/index.php\/wp-json\/wp\/v2\/comments?post=3607"}],"version-history":[{"count":0,"href":"https:\/\/fr.motocrossmag.be\/index.php\/wp-json\/wp\/v2\/posts\/3607\/revisions"}],"wp:attachment":[{"href":"https:\/\/fr.motocrossmag.be\/index.php\/wp-json\/wp\/v2\/media?parent=3607"}],"wp:term":[{"taxonomy":"category","embeddable":true,"href":"https:\/\/fr.motocrossmag.be\/index.php\/wp-json\/wp\/v2\/categories?post=3607"},{"taxonomy":"post_tag","embeddable":true,"href":"https:\/\/fr.motocrossmag.be\/index.php\/wp-json\/wp\/v2\/tags?post=3607"}],"curies":[{"name":"wp","href":"https:\/\/api.w.org\/{rel}","templated":true}]}}