{"id":361,"date":"2008-04-03T16:38:54","date_gmt":"2008-04-03T15:38:54","guid":{"rendered":"http:\/\/www.motocrossmag.be\/2008\/04\/03\/fmx-world-series-debut-de-championnat-ce-vendredi-a-mexico\/"},"modified":"2008-04-03T16:38:54","modified_gmt":"2008-04-03T15:38:54","slug":"fmx-world-series-debut-de-championnat-ce-vendredi-a-mexico","status":"publish","type":"post","link":"https:\/\/fr.motocrossmag.be\/index.php\/2008\/04\/fmx-world-series-debut-de-championnat-ce-vendredi-a-mexico\/","title":{"rendered":"FMX World Series | D\u00e9but de championnat ce vendredi &agrave; Mexico"},"content":{"rendered":"<p>Ce vendredi 4 avril, la plus importante ar\u00e8ne de Mexico subira une transformation surprenante : le temps d&rsquo;une soir\u00e9e, les taureaux laisseront place aux motos et plus de 42.000 personnes seront t\u00e9moins de cet \u00e9v\u00e8nement.Pour la quatri\u00e8me ann\u00e9e cons\u00e9cutive, le Red Bull X-Fighters r\u00e9unit les plus grandes l\u00e9gendes mondiales du Motocross Freestyle pour conqu\u00e9rir les cieux mexicains. Cette fois-ci, c&rsquo;est Mexico qui sera la premi\u00e8re ville &agrave; accueillir ces World Series qui se poursuivront au Br\u00e9sil, en Italie, aux Etats-Unis, en Allemagne et, enfin, en Espagne.<\/p>\n<p><img class=\"lazyload\" decoding=\"async\" src=\"data:image\/gif;base64,R0lGODlhAQABAAAAACH5BAEKAAEALAAAAAABAAEAAAICTAEAOw==\" data-orig-src=\"http:\/\/www.motocrossmag.be\/wp-content\/uploads\/2008\/04\/x_fighters.jpg\" alt=\"-\" \/><\/p>\n<p>Aid\u00e9s par 5 rampes install\u00e9es dans l&rsquo;ar\u00e8ne &agrave; des endroits strat\u00e9giques, ces h\u00e9ros de l&rsquo;extr\u00eame devront rivaliser de cr\u00e9ativit\u00e9, de puissance et de pr\u00e9cision pour m\u00e9riter le titre de vainqueur.<br \/>\nAvoir une mont\u00e9e d&rsquo;adr\u00e9naline en assistant aux sauts les plus \u00e9poustouflants n&rsquo;est pas le seul fait qui rend cet \u00e9v\u00e8nement unique&#8230; Cet \u00e9v\u00e8nement est v\u00e9ritablement l&rsquo;alliance entre le FMX et des traditions culturelles spectaculaires telles que la tauromachie, les mariachis ou les d\u00e9sormais traditionnelles f\u00eates de San Fermin.<\/p>\n<p>Lorsque l&rsquo;horloge indiquera 20h30, la \u00e2\u20ac\u02dcmonumentale&rsquo; Plaza M\u00e9xico s&rsquo;habille de mouchoirs blancs afin de donner le d\u00e9part du spectacle&#8230;<\/p>\n<p>Photo: A. Martinez<\/p>\n","protected":false},"excerpt":{"rendered":"<p>Ce vendredi 4 avril, la plus importante ar\u00e8ne de Mexico subira une transformation surprenante : le temps d&rsquo;une soir\u00e9e, les taureaux laisseront place aux motos et plus de 42.000 personnes [&#8230;]<\/p>\n","protected":false},"author":932,"featured_media":0,"comment_status":"open","ping_status":"open","sticky":false,"template":"","format":"standard","meta":{"footnotes":""},"categories":[54,4,5,55],"tags":[],"class_list":["post-361","post","type-post","status-publish","format-standard","hentry","category-actualite","category-motocross","category-news","category-news-actualite"],"yoast_head":"<!-- This site is optimized with the Yoast SEO plugin v27.4 - https:\/\/yoast.com\/product\/yoast-seo-wordpress\/ -->\n<title>FMX World Series | D\u00e9but de championnat ce vendredi &agrave; Mexico - Motocross - Enduro - Supermoto | MotocrossMag<\/title>\n<meta name=\"robots\" content=\"index, follow, max-snippet:-1, max-image-preview:large, max-video-preview:-1\" \/>\n<link rel=\"canonical\" href=\"https:\/\/fr.motocrossmag.be\/index.php\/2008\/04\/fmx-world-series-debut-de-championnat-ce-vendredi-a-mexico\/\" \/>\n<meta property=\"og:locale\" content=\"fr_FR\" \/>\n<meta property=\"og:type\" content=\"article\" \/>\n<meta property=\"og:title\" content=\"FMX World Series | D\u00e9but de championnat ce vendredi &agrave; Mexico - Motocross - Enduro - Supermoto | MotocrossMag\" \/>\n<meta property=\"og:description\" content=\"Ce vendredi 4 avril, la plus importante ar\u00e8ne de Mexico subira une transformation surprenante : le temps d&rsquo;une soir\u00e9e, les taureaux laisseront place aux motos et plus de 42.000 personnes [...]\" \/>\n<meta property=\"og:url\" content=\"https:\/\/fr.motocrossmag.be\/index.php\/2008\/04\/fmx-world-series-debut-de-championnat-ce-vendredi-a-mexico\/\" \/>\n<meta property=\"og:site_name\" content=\"Motocross - Enduro - Supermoto | MotocrossMag\" \/>\n<meta property=\"article:published_time\" content=\"2008-04-03T15:38:54+00:00\" \/>\n<meta property=\"og:image\" content=\"http:\/\/www.motocrossmag.be\/wp-content\/uploads\/2008\/04\/x_fighters.jpg\" \/>\n<meta name=\"author\" content=\"oliviere\" \/>\n<meta name=\"twitter:card\" content=\"summary_large_image\" \/>\n<meta name=\"twitter:label1\" content=\"\u00c9crit par\" \/>\n\t<meta name=\"twitter:data1\" content=\"oliviere\" \/>\n\t<meta name=\"twitter:label2\" content=\"Dur\u00e9e de lecture estim\u00e9e\" \/>\n\t<meta name=\"twitter:data2\" content=\"1 minute\" \/>\n<script type=\"application\/ld+json\" class=\"yoast-schema-graph\">{\"@context\":\"https:\\\/\\\/schema.org\",\"@graph\":[{\"@type\":\"Article\",\"@id\":\"https:\\\/\\\/fr.motocrossmag.be\\\/index.php\\\/2008\\\/04\\\/fmx-world-series-debut-de-championnat-ce-vendredi-a-mexico\\\/#article\",\"isPartOf\":{\"@id\":\"https:\\\/\\\/fr.motocrossmag.be\\\/index.php\\\/2008\\\/04\\\/fmx-world-series-debut-de-championnat-ce-vendredi-a-mexico\\\/\"},\"author\":{\"name\":\"oliviere\",\"@id\":\"https:\\\/\\\/fr.motocrossmag.be\\\/#\\\/schema\\\/person\\\/11b47143d9f755babca2c9110e03235c\"},\"headline\":\"FMX World Series | D\u00e9but de championnat ce vendredi &agrave; Mexico\",\"datePublished\":\"2008-04-03T15:38:54+00:00\",\"mainEntityOfPage\":{\"@id\":\"https:\\\/\\\/fr.motocrossmag.be\\\/index.php\\\/2008\\\/04\\\/fmx-world-series-debut-de-championnat-ce-vendredi-a-mexico\\\/\"},\"wordCount\":233,\"commentCount\":0,\"image\":{\"@id\":\"https:\\\/\\\/fr.motocrossmag.be\\\/index.php\\\/2008\\\/04\\\/fmx-world-series-debut-de-championnat-ce-vendredi-a-mexico\\\/#primaryimage\"},\"thumbnailUrl\":\"http:\\\/\\\/www.motocrossmag.be\\\/wp-content\\\/uploads\\\/2008\\\/04\\\/x_fighters.jpg\",\"articleSection\":[\"Actualit\u00e9\",\"Motocross\",\"News\",\"News\"],\"inLanguage\":\"fr-FR\",\"potentialAction\":[{\"@type\":\"CommentAction\",\"name\":\"Comment\",\"target\":[\"https:\\\/\\\/fr.motocrossmag.be\\\/index.php\\\/2008\\\/04\\\/fmx-world-series-debut-de-championnat-ce-vendredi-a-mexico\\\/#respond\"]}]},{\"@type\":\"WebPage\",\"@id\":\"https:\\\/\\\/fr.motocrossmag.be\\\/index.php\\\/2008\\\/04\\\/fmx-world-series-debut-de-championnat-ce-vendredi-a-mexico\\\/\",\"url\":\"https:\\\/\\\/fr.motocrossmag.be\\\/index.php\\\/2008\\\/04\\\/fmx-world-series-debut-de-championnat-ce-vendredi-a-mexico\\\/\",\"name\":\"FMX World Series | D\u00e9but de championnat ce vendredi &agrave; Mexico - Motocross - Enduro - Supermoto | MotocrossMag\",\"isPartOf\":{\"@id\":\"https:\\\/\\\/fr.motocrossmag.be\\\/#website\"},\"primaryImageOfPage\":{\"@id\":\"https:\\\/\\\/fr.motocrossmag.be\\\/index.php\\\/2008\\\/04\\\/fmx-world-series-debut-de-championnat-ce-vendredi-a-mexico\\\/#primaryimage\"},\"image\":{\"@id\":\"https:\\\/\\\/fr.motocrossmag.be\\\/index.php\\\/2008\\\/04\\\/fmx-world-series-debut-de-championnat-ce-vendredi-a-mexico\\\/#primaryimage\"},\"thumbnailUrl\":\"http:\\\/\\\/www.motocrossmag.be\\\/wp-content\\\/uploads\\\/2008\\\/04\\\/x_fighters.jpg\",\"datePublished\":\"2008-04-03T15:38:54+00:00\",\"author\":{\"@id\":\"https:\\\/\\\/fr.motocrossmag.be\\\/#\\\/schema\\\/person\\\/11b47143d9f755babca2c9110e03235c\"},\"breadcrumb\":{\"@id\":\"https:\\\/\\\/fr.motocrossmag.be\\\/index.php\\\/2008\\\/04\\\/fmx-world-series-debut-de-championnat-ce-vendredi-a-mexico\\\/#breadcrumb\"},\"inLanguage\":\"fr-FR\",\"potentialAction\":[{\"@type\":\"ReadAction\",\"target\":[\"https:\\\/\\\/fr.motocrossmag.be\\\/index.php\\\/2008\\\/04\\\/fmx-world-series-debut-de-championnat-ce-vendredi-a-mexico\\\/\"]}]},{\"@type\":\"ImageObject\",\"inLanguage\":\"fr-FR\",\"@id\":\"https:\\\/\\\/fr.motocrossmag.be\\\/index.php\\\/2008\\\/04\\\/fmx-world-series-debut-de-championnat-ce-vendredi-a-mexico\\\/#primaryimage\",\"url\":\"http:\\\/\\\/www.motocrossmag.be\\\/wp-content\\\/uploads\\\/2008\\\/04\\\/x_fighters.jpg\",\"contentUrl\":\"http:\\\/\\\/www.motocrossmag.be\\\/wp-content\\\/uploads\\\/2008\\\/04\\\/x_fighters.jpg\"},{\"@type\":\"BreadcrumbList\",\"@id\":\"https:\\\/\\\/fr.motocrossmag.be\\\/index.php\\\/2008\\\/04\\\/fmx-world-series-debut-de-championnat-ce-vendredi-a-mexico\\\/#breadcrumb\",\"itemListElement\":[{\"@type\":\"ListItem\",\"position\":1,\"name\":\"Accueil\",\"item\":\"https:\\\/\\\/fr.motocrossmag.be\\\/\"},{\"@type\":\"ListItem\",\"position\":2,\"name\":\"FMX World Series | D\u00e9but de championnat ce vendredi &agrave; Mexico\"}]},{\"@type\":\"WebSite\",\"@id\":\"https:\\\/\\\/fr.motocrossmag.be\\\/#website\",\"url\":\"https:\\\/\\\/fr.motocrossmag.be\\\/\",\"name\":\"Motocross - Enduro - Supermoto | MotocrossMag\",\"description\":\"L&#039;actualit\u00e9 du motocross, de l&#039;enduro et du Supermoto en ligne!\",\"potentialAction\":[{\"@type\":\"SearchAction\",\"target\":{\"@type\":\"EntryPoint\",\"urlTemplate\":\"https:\\\/\\\/fr.motocrossmag.be\\\/?s={search_term_string}\"},\"query-input\":{\"@type\":\"PropertyValueSpecification\",\"valueRequired\":true,\"valueName\":\"search_term_string\"}}],\"inLanguage\":\"fr-FR\"},{\"@type\":\"Person\",\"@id\":\"https:\\\/\\\/fr.motocrossmag.be\\\/#\\\/schema\\\/person\\\/11b47143d9f755babca2c9110e03235c\",\"name\":\"oliviere\",\"image\":{\"@type\":\"ImageObject\",\"inLanguage\":\"fr-FR\",\"@id\":\"https:\\\/\\\/secure.gravatar.com\\\/avatar\\\/907069e0b81d119452040469e4a7501da1100f54f7f80180ce77bfab718288f6?s=96&d=mm&r=g\",\"url\":\"https:\\\/\\\/secure.gravatar.com\\\/avatar\\\/907069e0b81d119452040469e4a7501da1100f54f7f80180ce77bfab718288f6?s=96&d=mm&r=g\",\"contentUrl\":\"https:\\\/\\\/secure.gravatar.com\\\/avatar\\\/907069e0b81d119452040469e4a7501da1100f54f7f80180ce77bfab718288f6?s=96&d=mm&r=g\",\"caption\":\"oliviere\"},\"sameAs\":[\"http:\\\/\\\/www.motocrossmag.be\"],\"url\":\"https:\\\/\\\/fr.motocrossmag.be\\\/index.php\\\/author\\\/oliviere\\\/\"}]}<\/script>\n<!-- \/ Yoast SEO plugin. -->","yoast_head_json":{"title":"FMX World Series | D\u00e9but de championnat ce vendredi &agrave; Mexico - Motocross - Enduro - Supermoto | MotocrossMag","robots":{"index":"index","follow":"follow","max-snippet":"max-snippet:-1","max-image-preview":"max-image-preview:large","max-video-preview":"max-video-preview:-1"},"canonical":"https:\/\/fr.motocrossmag.be\/index.php\/2008\/04\/fmx-world-series-debut-de-championnat-ce-vendredi-a-mexico\/","og_locale":"fr_FR","og_type":"article","og_title":"FMX World Series | D\u00e9but de championnat ce vendredi &agrave; Mexico - Motocross - Enduro - Supermoto | MotocrossMag","og_description":"Ce vendredi 4 avril, la plus importante ar\u00e8ne de Mexico subira une transformation surprenante : le temps d&rsquo;une soir\u00e9e, les taureaux laisseront place aux motos et plus de 42.000 personnes [...]","og_url":"https:\/\/fr.motocrossmag.be\/index.php\/2008\/04\/fmx-world-series-debut-de-championnat-ce-vendredi-a-mexico\/","og_site_name":"Motocross - Enduro - Supermoto | MotocrossMag","article_published_time":"2008-04-03T15:38:54+00:00","og_image":[{"url":"http:\/\/www.motocrossmag.be\/wp-content\/uploads\/2008\/04\/x_fighters.jpg","type":"","width":"","height":""}],"author":"oliviere","twitter_card":"summary_large_image","twitter_misc":{"\u00c9crit par":"oliviere","Dur\u00e9e de lecture estim\u00e9e":"1 minute"},"schema":{"@context":"https:\/\/schema.org","@graph":[{"@type":"Article","@id":"https:\/\/fr.motocrossmag.be\/index.php\/2008\/04\/fmx-world-series-debut-de-championnat-ce-vendredi-a-mexico\/#article","isPartOf":{"@id":"https:\/\/fr.motocrossmag.be\/index.php\/2008\/04\/fmx-world-series-debut-de-championnat-ce-vendredi-a-mexico\/"},"author":{"name":"oliviere","@id":"https:\/\/fr.motocrossmag.be\/#\/schema\/person\/11b47143d9f755babca2c9110e03235c"},"headline":"FMX World Series | D\u00e9but de championnat ce vendredi &agrave; Mexico","datePublished":"2008-04-03T15:38:54+00:00","mainEntityOfPage":{"@id":"https:\/\/fr.motocrossmag.be\/index.php\/2008\/04\/fmx-world-series-debut-de-championnat-ce-vendredi-a-mexico\/"},"wordCount":233,"commentCount":0,"image":{"@id":"https:\/\/fr.motocrossmag.be\/index.php\/2008\/04\/fmx-world-series-debut-de-championnat-ce-vendredi-a-mexico\/#primaryimage"},"thumbnailUrl":"http:\/\/www.motocrossmag.be\/wp-content\/uploads\/2008\/04\/x_fighters.jpg","articleSection":["Actualit\u00e9","Motocross","News","News"],"inLanguage":"fr-FR","potentialAction":[{"@type":"CommentAction","name":"Comment","target":["https:\/\/fr.motocrossmag.be\/index.php\/2008\/04\/fmx-world-series-debut-de-championnat-ce-vendredi-a-mexico\/#respond"]}]},{"@type":"WebPage","@id":"https:\/\/fr.motocrossmag.be\/index.php\/2008\/04\/fmx-world-series-debut-de-championnat-ce-vendredi-a-mexico\/","url":"https:\/\/fr.motocrossmag.be\/index.php\/2008\/04\/fmx-world-series-debut-de-championnat-ce-vendredi-a-mexico\/","name":"FMX World Series | D\u00e9but de championnat ce vendredi &agrave; Mexico - Motocross - Enduro - Supermoto | MotocrossMag","isPartOf":{"@id":"https:\/\/fr.motocrossmag.be\/#website"},"primaryImageOfPage":{"@id":"https:\/\/fr.motocrossmag.be\/index.php\/2008\/04\/fmx-world-series-debut-de-championnat-ce-vendredi-a-mexico\/#primaryimage"},"image":{"@id":"https:\/\/fr.motocrossmag.be\/index.php\/2008\/04\/fmx-world-series-debut-de-championnat-ce-vendredi-a-mexico\/#primaryimage"},"thumbnailUrl":"http:\/\/www.motocrossmag.be\/wp-content\/uploads\/2008\/04\/x_fighters.jpg","datePublished":"2008-04-03T15:38:54+00:00","author":{"@id":"https:\/\/fr.motocrossmag.be\/#\/schema\/person\/11b47143d9f755babca2c9110e03235c"},"breadcrumb":{"@id":"https:\/\/fr.motocrossmag.be\/index.php\/2008\/04\/fmx-world-series-debut-de-championnat-ce-vendredi-a-mexico\/#breadcrumb"},"inLanguage":"fr-FR","potentialAction":[{"@type":"ReadAction","target":["https:\/\/fr.motocrossmag.be\/index.php\/2008\/04\/fmx-world-series-debut-de-championnat-ce-vendredi-a-mexico\/"]}]},{"@type":"ImageObject","inLanguage":"fr-FR","@id":"https:\/\/fr.motocrossmag.be\/index.php\/2008\/04\/fmx-world-series-debut-de-championnat-ce-vendredi-a-mexico\/#primaryimage","url":"http:\/\/www.motocrossmag.be\/wp-content\/uploads\/2008\/04\/x_fighters.jpg","contentUrl":"http:\/\/www.motocrossmag.be\/wp-content\/uploads\/2008\/04\/x_fighters.jpg"},{"@type":"BreadcrumbList","@id":"https:\/\/fr.motocrossmag.be\/index.php\/2008\/04\/fmx-world-series-debut-de-championnat-ce-vendredi-a-mexico\/#breadcrumb","itemListElement":[{"@type":"ListItem","position":1,"name":"Accueil","item":"https:\/\/fr.motocrossmag.be\/"},{"@type":"ListItem","position":2,"name":"FMX World Series | D\u00e9but de championnat ce vendredi &agrave; Mexico"}]},{"@type":"WebSite","@id":"https:\/\/fr.motocrossmag.be\/#website","url":"https:\/\/fr.motocrossmag.be\/","name":"Motocross - Enduro - Supermoto | MotocrossMag","description":"L&#039;actualit\u00e9 du motocross, de l&#039;enduro et du Supermoto en ligne!","potentialAction":[{"@type":"SearchAction","target":{"@type":"EntryPoint","urlTemplate":"https:\/\/fr.motocrossmag.be\/?s={search_term_string}"},"query-input":{"@type":"PropertyValueSpecification","valueRequired":true,"valueName":"search_term_string"}}],"inLanguage":"fr-FR"},{"@type":"Person","@id":"https:\/\/fr.motocrossmag.be\/#\/schema\/person\/11b47143d9f755babca2c9110e03235c","name":"oliviere","image":{"@type":"ImageObject","inLanguage":"fr-FR","@id":"https:\/\/secure.gravatar.com\/avatar\/907069e0b81d119452040469e4a7501da1100f54f7f80180ce77bfab718288f6?s=96&d=mm&r=g","url":"https:\/\/secure.gravatar.com\/avatar\/907069e0b81d119452040469e4a7501da1100f54f7f80180ce77bfab718288f6?s=96&d=mm&r=g","contentUrl":"https:\/\/secure.gravatar.com\/avatar\/907069e0b81d119452040469e4a7501da1100f54f7f80180ce77bfab718288f6?s=96&d=mm&r=g","caption":"oliviere"},"sameAs":["http:\/\/www.motocrossmag.be"],"url":"https:\/\/fr.motocrossmag.be\/index.php\/author\/oliviere\/"}]}},"_links":{"self":[{"href":"https:\/\/fr.motocrossmag.be\/index.php\/wp-json\/wp\/v2\/posts\/361","targetHints":{"allow":["GET"]}}],"collection":[{"href":"https:\/\/fr.motocrossmag.be\/index.php\/wp-json\/wp\/v2\/posts"}],"about":[{"href":"https:\/\/fr.motocrossmag.be\/index.php\/wp-json\/wp\/v2\/types\/post"}],"author":[{"embeddable":true,"href":"https:\/\/fr.motocrossmag.be\/index.php\/wp-json\/wp\/v2\/users\/932"}],"replies":[{"embeddable":true,"href":"https:\/\/fr.motocrossmag.be\/index.php\/wp-json\/wp\/v2\/comments?post=361"}],"version-history":[{"count":0,"href":"https:\/\/fr.motocrossmag.be\/index.php\/wp-json\/wp\/v2\/posts\/361\/revisions"}],"wp:attachment":[{"href":"https:\/\/fr.motocrossmag.be\/index.php\/wp-json\/wp\/v2\/media?parent=361"}],"wp:term":[{"taxonomy":"category","embeddable":true,"href":"https:\/\/fr.motocrossmag.be\/index.php\/wp-json\/wp\/v2\/categories?post=361"},{"taxonomy":"post_tag","embeddable":true,"href":"https:\/\/fr.motocrossmag.be\/index.php\/wp-json\/wp\/v2\/tags?post=361"}],"curies":[{"name":"wp","href":"https:\/\/api.w.org\/{rel}","templated":true}]}}