{"id":3634,"date":"2009-05-04T12:12:07","date_gmt":"2009-05-04T11:12:07","guid":{"rendered":"http:\/\/www.motocrossmag.be\/?p=3634"},"modified":"2009-05-04T12:12:07","modified_gmt":"2009-05-04T11:12:07","slug":"motocross-international-plomion-david-vuillemin-simpose-a-plomion","status":"publish","type":"post","link":"https:\/\/fr.motocrossmag.be\/index.php\/2009\/05\/motocross-international-plomion-david-vuillemin-simpose-a-plomion\/","title":{"rendered":"Motocross international &#8211; Plomion | David Vuillemin s&rsquo;impose &agrave; Plomion"},"content":{"rendered":"<p><strong><\/strong><\/p>\n<p>David Vuillemin a confort\u00e9 son leadership en championnat de France Elite en s&rsquo;imposant ce week-end &agrave; Plomion devant Gr\u00e9gory Aranda et Steven Frossard. Le pilote Bud Racing prend 5 points d&rsquo;avance suppl\u00e9mentaires sur Aranda, qui compte d\u00e9sormais 26 points de retard sur DV12. Troisi\u00e8me du championnat, Cyrille Coulon est d\u00e9j&agrave; rel\u00e9gu\u00e9 &agrave; plus de 120 points de la t\u00eate du classement&#8230;<\/p>\n<p><img decoding=\"async\" class=\"lazyload alignnone size-full wp-image-3635\" title=\"David Vuillemin a confort\u00e9 son leadership &agrave; Plomion.\" src=\"http:\/\/www.motocrossmag.be\/wp-content\/uploads\/2009\/05\/vuillemin_plomion.jpg\" data-orig-src=\"http:\/\/www.motocrossmag.be\/wp-content\/uploads\/2009\/05\/vuillemin_plomion.jpg\" alt=\"\" width=\"500\" height=\"321\" srcset=\"data:image\/svg+xml,%3Csvg%20xmlns%3D%27http%3A%2F%2Fwww.w3.org%2F2000%2Fsvg%27%20width%3D%27500%27%20height%3D%27321%27%20viewBox%3D%270%200%20500%20321%27%3E%3Crect%20width%3D%27500%27%20height%3D%27321%27%20fill-opacity%3D%220%22%2F%3E%3C%2Fsvg%3E\" data-srcset=\"https:\/\/fr.motocrossmag.be\/wp-content\/uploads\/2009\/05\/vuillemin_plomion-300x192.jpg 300w, https:\/\/fr.motocrossmag.be\/wp-content\/uploads\/2009\/05\/vuillemin_plomion.jpg 500w\" data-sizes=\"auto\" data-orig-sizes=\"(max-width: 500px) 100vw, 500px\" \/><\/p>\n<p>En MX2, les positions se resserrent puisque Marvin Musquin et Gautier Paulin ne sont plus s\u00e9par\u00e9s que par 4 petits points, tandis que Steven Frossard profite de sa belle performance &agrave; Plomion pour revenir &agrave; 15 points de Musquin.<\/p>\n<p>Notez que J\u00e9r\u00e9my Van Horebeek \u00e9tait &agrave; Plomion et a termin\u00e9 5\u00e8me au classement g\u00e9n\u00e9ral, ce qui lui a permis de monter sur la 3\u00e8me marche du podium MX2 derri\u00e8re Frossard et Tonus.<\/p>\n<p><strong><span style=\"color: #800000;\">R\u00e9sultats<\/span><\/strong><\/p>\n<p>MANCHE 1<\/p>\n<p>1 Aranda Gregory ; 2 Frossard Steven ; 3 Vuillemin David ; 4 Coulon Cyrille ; <strong>5 Van Horebeek Jeremy<\/strong> ; 6 Soubeyras Cedric ; 7 Tonus Arnaud ; 8 Rombaut Loic ; 9 Beaudouin Raphael ; 10 Leonce Loic ;<\/p>\n<p>MANCHE 2<\/p>\n<p>1 Vuillemin David ; 2 Paulin Gautier ; 3 Coulon Cyrille ; 4 Aranda Gregory ; <strong>5 Van Horebeek Jeremy<\/strong> ; 6 Frossard Steven ; 7 Soubeyras Cedric ; 8 Tonus Arnaud ; 9 Rombaut Loic ; 10 Beaudouin Raphael ; Resultaat<\/p>\n<p>MANCHE 3<\/p>\n<p>1 Vuillemin David ; 2 Aranda Gregory ; 3 Frossard Steven ; 4 Tonus Arnaud ; 5 Paulin Gautier ; 6 Musquin Marvin ; 7 Rombaut Loic ; 8 Soubeyras Cedric ; <strong>9 Van Horebeek Jeremy<\/strong> ; 10 Potisek Timotei ;<\/p>\n<p>CLASSEMENT GENERAL<\/p>\n<p>1 Vuillemin David 70 ; 2 Aranda Gregory 65 ; 3 Frossard Steven 57 ; 4 Tonus Arnaud 45 ; <strong>5 Van Horebeek Jeremy 44<\/strong> ; 6 Soubeyras Cedric 42 ; 7 Rombaut Loic 39 ; 8 Paulin Gautier 38 ; 9 Coulon Cyrille 38 ; 10 Beaudouin Raphael 30 ;<\/p>\n<p>CLASSEMENT PROVISOIRE MX1<\/p>\n<p>1 Vuillemin David 272; 2 Aranda Gregory 246; 3 Coulon Cyrille 150; 4 Renet Pierre-Alexandre 100; 5 Beaudouin Raphael 63; 6 Pichon Mickael 60; 7 Demartis Stephan 50; 8 Sallefranque Josse 48; 9 Rouis Alexandre 26; 10 Potisek Timotei 21<\/p>\n<p>CLASSEMENT PROVISOIRE MX2<\/p>\n<p>1 Musquin Marvin 175; 2 Paulin Gautier 171; 3 Frossard Steven 160; 4 Tonus Arnaud 148; 5 Boissiere Anthony 140; 6 Soubeyras Cedric 128; 7 Rombaut Loic 115; 8 Charlier Christophe 91; 9 Aubin Nicolas 71; 10 Bellino Mathias 62; 11 Lenoir Steven 51; <strong>12 Van Horebeek Jeremy 44<\/strong><\/p>\n","protected":false},"excerpt":{"rendered":"<p>David Vuillemin a confort\u00e9 son leadership en championnat de France Elite en s&rsquo;imposant ce week-end &agrave; Plomion devant Gr\u00e9gory Aranda et Steven Frossard. Le pilote Bud Racing prend 5 points [&#8230;]<\/p>\n","protected":false},"author":932,"featured_media":0,"comment_status":"open","ping_status":"closed","sticky":false,"template":"","format":"standard","meta":{"footnotes":""},"categories":[54,4,5,55],"tags":[],"class_list":["post-3634","post","type-post","status-publish","format-standard","hentry","category-actualite","category-motocross","category-news","category-news-actualite"],"yoast_head":"<!-- This site is optimized with the Yoast SEO plugin v27.4 - https:\/\/yoast.com\/product\/yoast-seo-wordpress\/ -->\n<title>Motocross international - Plomion | David Vuillemin s&#039;impose &agrave; Plomion - Motocross - Enduro - Supermoto | MotocrossMag<\/title>\n<meta name=\"robots\" content=\"index, follow, max-snippet:-1, max-image-preview:large, max-video-preview:-1\" \/>\n<link rel=\"canonical\" href=\"https:\/\/fr.motocrossmag.be\/index.php\/2009\/05\/motocross-international-plomion-david-vuillemin-simpose-a-plomion\/\" \/>\n<meta property=\"og:locale\" content=\"fr_FR\" \/>\n<meta property=\"og:type\" content=\"article\" \/>\n<meta property=\"og:title\" content=\"Motocross international - Plomion | David Vuillemin s&#039;impose &agrave; Plomion - Motocross - Enduro - Supermoto | MotocrossMag\" \/>\n<meta property=\"og:description\" content=\"David Vuillemin a confort\u00e9 son leadership en championnat de France Elite en s&rsquo;imposant ce week-end &agrave; Plomion devant Gr\u00e9gory Aranda et Steven Frossard. Le pilote Bud Racing prend 5 points [...]\" \/>\n<meta property=\"og:url\" content=\"https:\/\/fr.motocrossmag.be\/index.php\/2009\/05\/motocross-international-plomion-david-vuillemin-simpose-a-plomion\/\" \/>\n<meta property=\"og:site_name\" content=\"Motocross - Enduro - Supermoto | MotocrossMag\" \/>\n<meta property=\"article:published_time\" content=\"2009-05-04T11:12:07+00:00\" \/>\n<meta property=\"og:image\" content=\"http:\/\/www.motocrossmag.be\/wp-content\/uploads\/2009\/05\/vuillemin_plomion.jpg\" \/>\n<meta name=\"author\" content=\"oliviere\" \/>\n<meta name=\"twitter:card\" content=\"summary_large_image\" \/>\n<meta name=\"twitter:label1\" content=\"\u00c9crit par\" \/>\n\t<meta name=\"twitter:data1\" content=\"oliviere\" \/>\n\t<meta name=\"twitter:label2\" content=\"Dur\u00e9e de lecture estim\u00e9e\" \/>\n\t<meta name=\"twitter:data2\" content=\"1 minute\" \/>\n<script type=\"application\/ld+json\" class=\"yoast-schema-graph\">{\"@context\":\"https:\\\/\\\/schema.org\",\"@graph\":[{\"@type\":\"Article\",\"@id\":\"https:\\\/\\\/fr.motocrossmag.be\\\/index.php\\\/2009\\\/05\\\/motocross-international-plomion-david-vuillemin-simpose-a-plomion\\\/#article\",\"isPartOf\":{\"@id\":\"https:\\\/\\\/fr.motocrossmag.be\\\/index.php\\\/2009\\\/05\\\/motocross-international-plomion-david-vuillemin-simpose-a-plomion\\\/\"},\"author\":{\"name\":\"oliviere\",\"@id\":\"https:\\\/\\\/fr.motocrossmag.be\\\/#\\\/schema\\\/person\\\/11b47143d9f755babca2c9110e03235c\"},\"headline\":\"Motocross international &#8211; Plomion | David Vuillemin s&rsquo;impose &agrave; Plomion\",\"datePublished\":\"2009-05-04T11:12:07+00:00\",\"mainEntityOfPage\":{\"@id\":\"https:\\\/\\\/fr.motocrossmag.be\\\/index.php\\\/2009\\\/05\\\/motocross-international-plomion-david-vuillemin-simpose-a-plomion\\\/\"},\"wordCount\":298,\"commentCount\":0,\"image\":{\"@id\":\"https:\\\/\\\/fr.motocrossmag.be\\\/index.php\\\/2009\\\/05\\\/motocross-international-plomion-david-vuillemin-simpose-a-plomion\\\/#primaryimage\"},\"thumbnailUrl\":\"http:\\\/\\\/www.motocrossmag.be\\\/wp-content\\\/uploads\\\/2009\\\/05\\\/vuillemin_plomion.jpg\",\"articleSection\":[\"Actualit\u00e9\",\"Motocross\",\"News\",\"News\"],\"inLanguage\":\"fr-FR\",\"potentialAction\":[{\"@type\":\"CommentAction\",\"name\":\"Comment\",\"target\":[\"https:\\\/\\\/fr.motocrossmag.be\\\/index.php\\\/2009\\\/05\\\/motocross-international-plomion-david-vuillemin-simpose-a-plomion\\\/#respond\"]}]},{\"@type\":\"WebPage\",\"@id\":\"https:\\\/\\\/fr.motocrossmag.be\\\/index.php\\\/2009\\\/05\\\/motocross-international-plomion-david-vuillemin-simpose-a-plomion\\\/\",\"url\":\"https:\\\/\\\/fr.motocrossmag.be\\\/index.php\\\/2009\\\/05\\\/motocross-international-plomion-david-vuillemin-simpose-a-plomion\\\/\",\"name\":\"Motocross international - Plomion | David Vuillemin s'impose &agrave; Plomion - Motocross - Enduro - Supermoto | MotocrossMag\",\"isPartOf\":{\"@id\":\"https:\\\/\\\/fr.motocrossmag.be\\\/#website\"},\"primaryImageOfPage\":{\"@id\":\"https:\\\/\\\/fr.motocrossmag.be\\\/index.php\\\/2009\\\/05\\\/motocross-international-plomion-david-vuillemin-simpose-a-plomion\\\/#primaryimage\"},\"image\":{\"@id\":\"https:\\\/\\\/fr.motocrossmag.be\\\/index.php\\\/2009\\\/05\\\/motocross-international-plomion-david-vuillemin-simpose-a-plomion\\\/#primaryimage\"},\"thumbnailUrl\":\"http:\\\/\\\/www.motocrossmag.be\\\/wp-content\\\/uploads\\\/2009\\\/05\\\/vuillemin_plomion.jpg\",\"datePublished\":\"2009-05-04T11:12:07+00:00\",\"author\":{\"@id\":\"https:\\\/\\\/fr.motocrossmag.be\\\/#\\\/schema\\\/person\\\/11b47143d9f755babca2c9110e03235c\"},\"breadcrumb\":{\"@id\":\"https:\\\/\\\/fr.motocrossmag.be\\\/index.php\\\/2009\\\/05\\\/motocross-international-plomion-david-vuillemin-simpose-a-plomion\\\/#breadcrumb\"},\"inLanguage\":\"fr-FR\",\"potentialAction\":[{\"@type\":\"ReadAction\",\"target\":[\"https:\\\/\\\/fr.motocrossmag.be\\\/index.php\\\/2009\\\/05\\\/motocross-international-plomion-david-vuillemin-simpose-a-plomion\\\/\"]}]},{\"@type\":\"ImageObject\",\"inLanguage\":\"fr-FR\",\"@id\":\"https:\\\/\\\/fr.motocrossmag.be\\\/index.php\\\/2009\\\/05\\\/motocross-international-plomion-david-vuillemin-simpose-a-plomion\\\/#primaryimage\",\"url\":\"http:\\\/\\\/www.motocrossmag.be\\\/wp-content\\\/uploads\\\/2009\\\/05\\\/vuillemin_plomion.jpg\",\"contentUrl\":\"http:\\\/\\\/www.motocrossmag.be\\\/wp-content\\\/uploads\\\/2009\\\/05\\\/vuillemin_plomion.jpg\"},{\"@type\":\"BreadcrumbList\",\"@id\":\"https:\\\/\\\/fr.motocrossmag.be\\\/index.php\\\/2009\\\/05\\\/motocross-international-plomion-david-vuillemin-simpose-a-plomion\\\/#breadcrumb\",\"itemListElement\":[{\"@type\":\"ListItem\",\"position\":1,\"name\":\"Accueil\",\"item\":\"https:\\\/\\\/fr.motocrossmag.be\\\/\"},{\"@type\":\"ListItem\",\"position\":2,\"name\":\"Motocross international &#8211; Plomion | David Vuillemin s&rsquo;impose &agrave; Plomion\"}]},{\"@type\":\"WebSite\",\"@id\":\"https:\\\/\\\/fr.motocrossmag.be\\\/#website\",\"url\":\"https:\\\/\\\/fr.motocrossmag.be\\\/\",\"name\":\"Motocross - Enduro - Supermoto | MotocrossMag\",\"description\":\"L&#039;actualit\u00e9 du motocross, de l&#039;enduro et du Supermoto en ligne!\",\"potentialAction\":[{\"@type\":\"SearchAction\",\"target\":{\"@type\":\"EntryPoint\",\"urlTemplate\":\"https:\\\/\\\/fr.motocrossmag.be\\\/?s={search_term_string}\"},\"query-input\":{\"@type\":\"PropertyValueSpecification\",\"valueRequired\":true,\"valueName\":\"search_term_string\"}}],\"inLanguage\":\"fr-FR\"},{\"@type\":\"Person\",\"@id\":\"https:\\\/\\\/fr.motocrossmag.be\\\/#\\\/schema\\\/person\\\/11b47143d9f755babca2c9110e03235c\",\"name\":\"oliviere\",\"image\":{\"@type\":\"ImageObject\",\"inLanguage\":\"fr-FR\",\"@id\":\"https:\\\/\\\/secure.gravatar.com\\\/avatar\\\/907069e0b81d119452040469e4a7501da1100f54f7f80180ce77bfab718288f6?s=96&d=mm&r=g\",\"url\":\"https:\\\/\\\/secure.gravatar.com\\\/avatar\\\/907069e0b81d119452040469e4a7501da1100f54f7f80180ce77bfab718288f6?s=96&d=mm&r=g\",\"contentUrl\":\"https:\\\/\\\/secure.gravatar.com\\\/avatar\\\/907069e0b81d119452040469e4a7501da1100f54f7f80180ce77bfab718288f6?s=96&d=mm&r=g\",\"caption\":\"oliviere\"},\"sameAs\":[\"http:\\\/\\\/www.motocrossmag.be\"],\"url\":\"https:\\\/\\\/fr.motocrossmag.be\\\/index.php\\\/author\\\/oliviere\\\/\"}]}<\/script>\n<!-- \/ Yoast SEO plugin. -->","yoast_head_json":{"title":"Motocross international - Plomion | David Vuillemin s'impose &agrave; Plomion - Motocross - Enduro - Supermoto | MotocrossMag","robots":{"index":"index","follow":"follow","max-snippet":"max-snippet:-1","max-image-preview":"max-image-preview:large","max-video-preview":"max-video-preview:-1"},"canonical":"https:\/\/fr.motocrossmag.be\/index.php\/2009\/05\/motocross-international-plomion-david-vuillemin-simpose-a-plomion\/","og_locale":"fr_FR","og_type":"article","og_title":"Motocross international - Plomion | David Vuillemin s'impose &agrave; Plomion - Motocross - Enduro - Supermoto | MotocrossMag","og_description":"David Vuillemin a confort\u00e9 son leadership en championnat de France Elite en s&rsquo;imposant ce week-end &agrave; Plomion devant Gr\u00e9gory Aranda et Steven Frossard. Le pilote Bud Racing prend 5 points [...]","og_url":"https:\/\/fr.motocrossmag.be\/index.php\/2009\/05\/motocross-international-plomion-david-vuillemin-simpose-a-plomion\/","og_site_name":"Motocross - Enduro - Supermoto | MotocrossMag","article_published_time":"2009-05-04T11:12:07+00:00","og_image":[{"url":"http:\/\/www.motocrossmag.be\/wp-content\/uploads\/2009\/05\/vuillemin_plomion.jpg","type":"","width":"","height":""}],"author":"oliviere","twitter_card":"summary_large_image","twitter_misc":{"\u00c9crit par":"oliviere","Dur\u00e9e de lecture estim\u00e9e":"1 minute"},"schema":{"@context":"https:\/\/schema.org","@graph":[{"@type":"Article","@id":"https:\/\/fr.motocrossmag.be\/index.php\/2009\/05\/motocross-international-plomion-david-vuillemin-simpose-a-plomion\/#article","isPartOf":{"@id":"https:\/\/fr.motocrossmag.be\/index.php\/2009\/05\/motocross-international-plomion-david-vuillemin-simpose-a-plomion\/"},"author":{"name":"oliviere","@id":"https:\/\/fr.motocrossmag.be\/#\/schema\/person\/11b47143d9f755babca2c9110e03235c"},"headline":"Motocross international &#8211; Plomion | David Vuillemin s&rsquo;impose &agrave; Plomion","datePublished":"2009-05-04T11:12:07+00:00","mainEntityOfPage":{"@id":"https:\/\/fr.motocrossmag.be\/index.php\/2009\/05\/motocross-international-plomion-david-vuillemin-simpose-a-plomion\/"},"wordCount":298,"commentCount":0,"image":{"@id":"https:\/\/fr.motocrossmag.be\/index.php\/2009\/05\/motocross-international-plomion-david-vuillemin-simpose-a-plomion\/#primaryimage"},"thumbnailUrl":"http:\/\/www.motocrossmag.be\/wp-content\/uploads\/2009\/05\/vuillemin_plomion.jpg","articleSection":["Actualit\u00e9","Motocross","News","News"],"inLanguage":"fr-FR","potentialAction":[{"@type":"CommentAction","name":"Comment","target":["https:\/\/fr.motocrossmag.be\/index.php\/2009\/05\/motocross-international-plomion-david-vuillemin-simpose-a-plomion\/#respond"]}]},{"@type":"WebPage","@id":"https:\/\/fr.motocrossmag.be\/index.php\/2009\/05\/motocross-international-plomion-david-vuillemin-simpose-a-plomion\/","url":"https:\/\/fr.motocrossmag.be\/index.php\/2009\/05\/motocross-international-plomion-david-vuillemin-simpose-a-plomion\/","name":"Motocross international - Plomion | David Vuillemin s'impose &agrave; Plomion - Motocross - Enduro - Supermoto | MotocrossMag","isPartOf":{"@id":"https:\/\/fr.motocrossmag.be\/#website"},"primaryImageOfPage":{"@id":"https:\/\/fr.motocrossmag.be\/index.php\/2009\/05\/motocross-international-plomion-david-vuillemin-simpose-a-plomion\/#primaryimage"},"image":{"@id":"https:\/\/fr.motocrossmag.be\/index.php\/2009\/05\/motocross-international-plomion-david-vuillemin-simpose-a-plomion\/#primaryimage"},"thumbnailUrl":"http:\/\/www.motocrossmag.be\/wp-content\/uploads\/2009\/05\/vuillemin_plomion.jpg","datePublished":"2009-05-04T11:12:07+00:00","author":{"@id":"https:\/\/fr.motocrossmag.be\/#\/schema\/person\/11b47143d9f755babca2c9110e03235c"},"breadcrumb":{"@id":"https:\/\/fr.motocrossmag.be\/index.php\/2009\/05\/motocross-international-plomion-david-vuillemin-simpose-a-plomion\/#breadcrumb"},"inLanguage":"fr-FR","potentialAction":[{"@type":"ReadAction","target":["https:\/\/fr.motocrossmag.be\/index.php\/2009\/05\/motocross-international-plomion-david-vuillemin-simpose-a-plomion\/"]}]},{"@type":"ImageObject","inLanguage":"fr-FR","@id":"https:\/\/fr.motocrossmag.be\/index.php\/2009\/05\/motocross-international-plomion-david-vuillemin-simpose-a-plomion\/#primaryimage","url":"http:\/\/www.motocrossmag.be\/wp-content\/uploads\/2009\/05\/vuillemin_plomion.jpg","contentUrl":"http:\/\/www.motocrossmag.be\/wp-content\/uploads\/2009\/05\/vuillemin_plomion.jpg"},{"@type":"BreadcrumbList","@id":"https:\/\/fr.motocrossmag.be\/index.php\/2009\/05\/motocross-international-plomion-david-vuillemin-simpose-a-plomion\/#breadcrumb","itemListElement":[{"@type":"ListItem","position":1,"name":"Accueil","item":"https:\/\/fr.motocrossmag.be\/"},{"@type":"ListItem","position":2,"name":"Motocross international &#8211; Plomion | David Vuillemin s&rsquo;impose &agrave; Plomion"}]},{"@type":"WebSite","@id":"https:\/\/fr.motocrossmag.be\/#website","url":"https:\/\/fr.motocrossmag.be\/","name":"Motocross - Enduro - Supermoto | MotocrossMag","description":"L&#039;actualit\u00e9 du motocross, de l&#039;enduro et du Supermoto en ligne!","potentialAction":[{"@type":"SearchAction","target":{"@type":"EntryPoint","urlTemplate":"https:\/\/fr.motocrossmag.be\/?s={search_term_string}"},"query-input":{"@type":"PropertyValueSpecification","valueRequired":true,"valueName":"search_term_string"}}],"inLanguage":"fr-FR"},{"@type":"Person","@id":"https:\/\/fr.motocrossmag.be\/#\/schema\/person\/11b47143d9f755babca2c9110e03235c","name":"oliviere","image":{"@type":"ImageObject","inLanguage":"fr-FR","@id":"https:\/\/secure.gravatar.com\/avatar\/907069e0b81d119452040469e4a7501da1100f54f7f80180ce77bfab718288f6?s=96&d=mm&r=g","url":"https:\/\/secure.gravatar.com\/avatar\/907069e0b81d119452040469e4a7501da1100f54f7f80180ce77bfab718288f6?s=96&d=mm&r=g","contentUrl":"https:\/\/secure.gravatar.com\/avatar\/907069e0b81d119452040469e4a7501da1100f54f7f80180ce77bfab718288f6?s=96&d=mm&r=g","caption":"oliviere"},"sameAs":["http:\/\/www.motocrossmag.be"],"url":"https:\/\/fr.motocrossmag.be\/index.php\/author\/oliviere\/"}]}},"_links":{"self":[{"href":"https:\/\/fr.motocrossmag.be\/index.php\/wp-json\/wp\/v2\/posts\/3634","targetHints":{"allow":["GET"]}}],"collection":[{"href":"https:\/\/fr.motocrossmag.be\/index.php\/wp-json\/wp\/v2\/posts"}],"about":[{"href":"https:\/\/fr.motocrossmag.be\/index.php\/wp-json\/wp\/v2\/types\/post"}],"author":[{"embeddable":true,"href":"https:\/\/fr.motocrossmag.be\/index.php\/wp-json\/wp\/v2\/users\/932"}],"replies":[{"embeddable":true,"href":"https:\/\/fr.motocrossmag.be\/index.php\/wp-json\/wp\/v2\/comments?post=3634"}],"version-history":[{"count":0,"href":"https:\/\/fr.motocrossmag.be\/index.php\/wp-json\/wp\/v2\/posts\/3634\/revisions"}],"wp:attachment":[{"href":"https:\/\/fr.motocrossmag.be\/index.php\/wp-json\/wp\/v2\/media?parent=3634"}],"wp:term":[{"taxonomy":"category","embeddable":true,"href":"https:\/\/fr.motocrossmag.be\/index.php\/wp-json\/wp\/v2\/categories?post=3634"},{"taxonomy":"post_tag","embeddable":true,"href":"https:\/\/fr.motocrossmag.be\/index.php\/wp-json\/wp\/v2\/tags?post=3634"}],"curies":[{"name":"wp","href":"https:\/\/api.w.org\/{rel}","templated":true}]}}