{"id":3695,"date":"2009-05-07T13:05:01","date_gmt":"2009-05-07T12:05:01","guid":{"rendered":"http:\/\/www.motocrossmag.be\/?p=3695"},"modified":"2009-05-07T13:07:54","modified_gmt":"2009-05-07T12:07:54","slug":"motocross-mxgp-le-team-honda-martin-egalement-prive-de-marc-de-reuver","status":"publish","type":"post","link":"https:\/\/fr.motocrossmag.be\/index.php\/2009\/05\/motocross-mxgp-le-team-honda-martin-egalement-prive-de-marc-de-reuver\/","title":{"rendered":"Motocross MXGP | Le team Honda Martin \u00e9galement priv\u00e9 de Marc De Reuver"},"content":{"rendered":"<p>En &agrave; peine une semaine, le team Honda Martin vient de se voir priv\u00e9 successivement de Kevin Strijbos, bless\u00e9 vendredi pass\u00e9 &agrave; Beervelde, puis de Marc De Reuver, bless\u00e9 hier lors d&rsquo;un entra\u00eenement &agrave; Eersel, en Hollande.<br \/>\nDe Reuver souffrirait de la hanche et pourrait \u00e9galement avoir 2 vert\u00e8bres fractur\u00e9es, ce qui risque de le tenir \u00e9loign\u00e9 des circuits durant plusieurs mois.<\/p>\n<p><img decoding=\"async\" class=\"lazyload alignnone size-full wp-image-3696\" title=\"Quelques jours &agrave; peine apr\u00e8s son co\u00e9quipier Kevin Strijbos, Marc De Reuver s\\'est bless\u00e9 lors d\\'un entra\u00eenement &agrave; Eersel.\" src=\"http:\/\/www.motocrossmag.be\/wp-content\/uploads\/2009\/05\/dereuver.jpg\" data-orig-src=\"http:\/\/www.motocrossmag.be\/wp-content\/uploads\/2009\/05\/dereuver.jpg\" alt=\"\" width=\"500\" height=\"320\" srcset=\"data:image\/svg+xml,%3Csvg%20xmlns%3D%27http%3A%2F%2Fwww.w3.org%2F2000%2Fsvg%27%20width%3D%27500%27%20height%3D%27320%27%20viewBox%3D%270%200%20500%20320%27%3E%3Crect%20width%3D%27500%27%20height%3D%27320%27%20fill-opacity%3D%220%22%2F%3E%3C%2Fsvg%3E\" data-srcset=\"https:\/\/fr.motocrossmag.be\/wp-content\/uploads\/2009\/05\/dereuver-300x192.jpg 300w, https:\/\/fr.motocrossmag.be\/wp-content\/uploads\/2009\/05\/dereuver.jpg 500w\" data-sizes=\"auto\" data-orig-sizes=\"(max-width: 500px) 100vw, 500px\" \/><\/p>\n<p>Dans le clan belge, la liste des bless\u00e9s n&rsquo;en finit pas de s&rsquo;allonger puisque l&rsquo;on a appris que le pilote Shineray Kevin Wouts s&rsquo;\u00e9tait lui aussi bless\u00e9 &agrave; l&rsquo;\u00e9paule. Wouts ne sera donc pas non plus au d\u00e9part ce week-end au Portugal mais devrait \u00eatre de retour d\u00e8s le GP d&rsquo;Espagne.<\/p>\n","protected":false},"excerpt":{"rendered":"<p>En &agrave; peine une semaine, le team Honda Martin vient de se voir priv\u00e9 successivement de Kevin Strijbos, bless\u00e9 vendredi pass\u00e9 &agrave; Beervelde, puis de Marc De Reuver, bless\u00e9 hier [&#8230;]<\/p>\n","protected":false},"author":932,"featured_media":0,"comment_status":"open","ping_status":"closed","sticky":false,"template":"","format":"standard","meta":{"footnotes":""},"categories":[54,4,5,55],"tags":[],"class_list":["post-3695","post","type-post","status-publish","format-standard","hentry","category-actualite","category-motocross","category-news","category-news-actualite"],"yoast_head":"<!-- This site is optimized with the Yoast SEO plugin v27.4 - https:\/\/yoast.com\/product\/yoast-seo-wordpress\/ -->\n<title>Motocross MXGP | Le team Honda Martin \u00e9galement priv\u00e9 de Marc De Reuver  - Motocross - Enduro - Supermoto | MotocrossMag<\/title>\n<meta name=\"robots\" content=\"index, follow, max-snippet:-1, max-image-preview:large, max-video-preview:-1\" \/>\n<link rel=\"canonical\" href=\"https:\/\/fr.motocrossmag.be\/index.php\/2009\/05\/motocross-mxgp-le-team-honda-martin-egalement-prive-de-marc-de-reuver\/\" \/>\n<meta property=\"og:locale\" content=\"fr_FR\" \/>\n<meta property=\"og:type\" content=\"article\" \/>\n<meta property=\"og:title\" content=\"Motocross MXGP | Le team Honda Martin \u00e9galement priv\u00e9 de Marc De Reuver  - Motocross - Enduro - Supermoto | MotocrossMag\" \/>\n<meta property=\"og:description\" content=\"En &agrave; peine une semaine, le team Honda Martin vient de se voir priv\u00e9 successivement de Kevin Strijbos, bless\u00e9 vendredi pass\u00e9 &agrave; Beervelde, puis de Marc De Reuver, bless\u00e9 hier [...]\" \/>\n<meta property=\"og:url\" content=\"https:\/\/fr.motocrossmag.be\/index.php\/2009\/05\/motocross-mxgp-le-team-honda-martin-egalement-prive-de-marc-de-reuver\/\" \/>\n<meta property=\"og:site_name\" content=\"Motocross - Enduro - Supermoto | MotocrossMag\" \/>\n<meta property=\"article:published_time\" content=\"2009-05-07T12:05:01+00:00\" \/>\n<meta property=\"article:modified_time\" content=\"2009-05-07T12:07:54+00:00\" \/>\n<meta property=\"og:image\" content=\"http:\/\/www.motocrossmag.be\/wp-content\/uploads\/2009\/05\/dereuver.jpg\" \/>\n<meta name=\"author\" content=\"oliviere\" \/>\n<meta name=\"twitter:card\" content=\"summary_large_image\" \/>\n<meta name=\"twitter:label1\" content=\"\u00c9crit par\" \/>\n\t<meta name=\"twitter:data1\" content=\"oliviere\" \/>\n\t<meta name=\"twitter:label2\" content=\"Dur\u00e9e de lecture estim\u00e9e\" \/>\n\t<meta name=\"twitter:data2\" content=\"1 minute\" \/>\n<script type=\"application\/ld+json\" class=\"yoast-schema-graph\">{\"@context\":\"https:\\\/\\\/schema.org\",\"@graph\":[{\"@type\":\"Article\",\"@id\":\"https:\\\/\\\/fr.motocrossmag.be\\\/index.php\\\/2009\\\/05\\\/motocross-mxgp-le-team-honda-martin-egalement-prive-de-marc-de-reuver\\\/#article\",\"isPartOf\":{\"@id\":\"https:\\\/\\\/fr.motocrossmag.be\\\/index.php\\\/2009\\\/05\\\/motocross-mxgp-le-team-honda-martin-egalement-prive-de-marc-de-reuver\\\/\"},\"author\":{\"name\":\"oliviere\",\"@id\":\"https:\\\/\\\/fr.motocrossmag.be\\\/#\\\/schema\\\/person\\\/11b47143d9f755babca2c9110e03235c\"},\"headline\":\"Motocross MXGP | Le team Honda Martin \u00e9galement priv\u00e9 de Marc De Reuver\",\"datePublished\":\"2009-05-07T12:05:01+00:00\",\"dateModified\":\"2009-05-07T12:07:54+00:00\",\"mainEntityOfPage\":{\"@id\":\"https:\\\/\\\/fr.motocrossmag.be\\\/index.php\\\/2009\\\/05\\\/motocross-mxgp-le-team-honda-martin-egalement-prive-de-marc-de-reuver\\\/\"},\"wordCount\":137,\"commentCount\":0,\"image\":{\"@id\":\"https:\\\/\\\/fr.motocrossmag.be\\\/index.php\\\/2009\\\/05\\\/motocross-mxgp-le-team-honda-martin-egalement-prive-de-marc-de-reuver\\\/#primaryimage\"},\"thumbnailUrl\":\"http:\\\/\\\/www.motocrossmag.be\\\/wp-content\\\/uploads\\\/2009\\\/05\\\/dereuver.jpg\",\"articleSection\":[\"Actualit\u00e9\",\"Motocross\",\"News\",\"News\"],\"inLanguage\":\"fr-FR\",\"potentialAction\":[{\"@type\":\"CommentAction\",\"name\":\"Comment\",\"target\":[\"https:\\\/\\\/fr.motocrossmag.be\\\/index.php\\\/2009\\\/05\\\/motocross-mxgp-le-team-honda-martin-egalement-prive-de-marc-de-reuver\\\/#respond\"]}]},{\"@type\":\"WebPage\",\"@id\":\"https:\\\/\\\/fr.motocrossmag.be\\\/index.php\\\/2009\\\/05\\\/motocross-mxgp-le-team-honda-martin-egalement-prive-de-marc-de-reuver\\\/\",\"url\":\"https:\\\/\\\/fr.motocrossmag.be\\\/index.php\\\/2009\\\/05\\\/motocross-mxgp-le-team-honda-martin-egalement-prive-de-marc-de-reuver\\\/\",\"name\":\"Motocross MXGP | Le team Honda Martin \u00e9galement priv\u00e9 de Marc De Reuver - Motocross - Enduro - Supermoto | MotocrossMag\",\"isPartOf\":{\"@id\":\"https:\\\/\\\/fr.motocrossmag.be\\\/#website\"},\"primaryImageOfPage\":{\"@id\":\"https:\\\/\\\/fr.motocrossmag.be\\\/index.php\\\/2009\\\/05\\\/motocross-mxgp-le-team-honda-martin-egalement-prive-de-marc-de-reuver\\\/#primaryimage\"},\"image\":{\"@id\":\"https:\\\/\\\/fr.motocrossmag.be\\\/index.php\\\/2009\\\/05\\\/motocross-mxgp-le-team-honda-martin-egalement-prive-de-marc-de-reuver\\\/#primaryimage\"},\"thumbnailUrl\":\"http:\\\/\\\/www.motocrossmag.be\\\/wp-content\\\/uploads\\\/2009\\\/05\\\/dereuver.jpg\",\"datePublished\":\"2009-05-07T12:05:01+00:00\",\"dateModified\":\"2009-05-07T12:07:54+00:00\",\"author\":{\"@id\":\"https:\\\/\\\/fr.motocrossmag.be\\\/#\\\/schema\\\/person\\\/11b47143d9f755babca2c9110e03235c\"},\"breadcrumb\":{\"@id\":\"https:\\\/\\\/fr.motocrossmag.be\\\/index.php\\\/2009\\\/05\\\/motocross-mxgp-le-team-honda-martin-egalement-prive-de-marc-de-reuver\\\/#breadcrumb\"},\"inLanguage\":\"fr-FR\",\"potentialAction\":[{\"@type\":\"ReadAction\",\"target\":[\"https:\\\/\\\/fr.motocrossmag.be\\\/index.php\\\/2009\\\/05\\\/motocross-mxgp-le-team-honda-martin-egalement-prive-de-marc-de-reuver\\\/\"]}]},{\"@type\":\"ImageObject\",\"inLanguage\":\"fr-FR\",\"@id\":\"https:\\\/\\\/fr.motocrossmag.be\\\/index.php\\\/2009\\\/05\\\/motocross-mxgp-le-team-honda-martin-egalement-prive-de-marc-de-reuver\\\/#primaryimage\",\"url\":\"http:\\\/\\\/www.motocrossmag.be\\\/wp-content\\\/uploads\\\/2009\\\/05\\\/dereuver.jpg\",\"contentUrl\":\"http:\\\/\\\/www.motocrossmag.be\\\/wp-content\\\/uploads\\\/2009\\\/05\\\/dereuver.jpg\"},{\"@type\":\"BreadcrumbList\",\"@id\":\"https:\\\/\\\/fr.motocrossmag.be\\\/index.php\\\/2009\\\/05\\\/motocross-mxgp-le-team-honda-martin-egalement-prive-de-marc-de-reuver\\\/#breadcrumb\",\"itemListElement\":[{\"@type\":\"ListItem\",\"position\":1,\"name\":\"Accueil\",\"item\":\"https:\\\/\\\/fr.motocrossmag.be\\\/\"},{\"@type\":\"ListItem\",\"position\":2,\"name\":\"Motocross MXGP | Le team Honda Martin \u00e9galement priv\u00e9 de Marc De Reuver\"}]},{\"@type\":\"WebSite\",\"@id\":\"https:\\\/\\\/fr.motocrossmag.be\\\/#website\",\"url\":\"https:\\\/\\\/fr.motocrossmag.be\\\/\",\"name\":\"Motocross - Enduro - Supermoto | MotocrossMag\",\"description\":\"L&#039;actualit\u00e9 du motocross, de l&#039;enduro et du Supermoto en ligne!\",\"potentialAction\":[{\"@type\":\"SearchAction\",\"target\":{\"@type\":\"EntryPoint\",\"urlTemplate\":\"https:\\\/\\\/fr.motocrossmag.be\\\/?s={search_term_string}\"},\"query-input\":{\"@type\":\"PropertyValueSpecification\",\"valueRequired\":true,\"valueName\":\"search_term_string\"}}],\"inLanguage\":\"fr-FR\"},{\"@type\":\"Person\",\"@id\":\"https:\\\/\\\/fr.motocrossmag.be\\\/#\\\/schema\\\/person\\\/11b47143d9f755babca2c9110e03235c\",\"name\":\"oliviere\",\"image\":{\"@type\":\"ImageObject\",\"inLanguage\":\"fr-FR\",\"@id\":\"https:\\\/\\\/secure.gravatar.com\\\/avatar\\\/907069e0b81d119452040469e4a7501da1100f54f7f80180ce77bfab718288f6?s=96&d=mm&r=g\",\"url\":\"https:\\\/\\\/secure.gravatar.com\\\/avatar\\\/907069e0b81d119452040469e4a7501da1100f54f7f80180ce77bfab718288f6?s=96&d=mm&r=g\",\"contentUrl\":\"https:\\\/\\\/secure.gravatar.com\\\/avatar\\\/907069e0b81d119452040469e4a7501da1100f54f7f80180ce77bfab718288f6?s=96&d=mm&r=g\",\"caption\":\"oliviere\"},\"sameAs\":[\"http:\\\/\\\/www.motocrossmag.be\"],\"url\":\"https:\\\/\\\/fr.motocrossmag.be\\\/index.php\\\/author\\\/oliviere\\\/\"}]}<\/script>\n<!-- \/ Yoast SEO plugin. -->","yoast_head_json":{"title":"Motocross MXGP | Le team Honda Martin \u00e9galement priv\u00e9 de Marc De Reuver  - Motocross - Enduro - Supermoto | MotocrossMag","robots":{"index":"index","follow":"follow","max-snippet":"max-snippet:-1","max-image-preview":"max-image-preview:large","max-video-preview":"max-video-preview:-1"},"canonical":"https:\/\/fr.motocrossmag.be\/index.php\/2009\/05\/motocross-mxgp-le-team-honda-martin-egalement-prive-de-marc-de-reuver\/","og_locale":"fr_FR","og_type":"article","og_title":"Motocross MXGP | Le team Honda Martin \u00e9galement priv\u00e9 de Marc De Reuver  - Motocross - Enduro - Supermoto | MotocrossMag","og_description":"En &agrave; peine une semaine, le team Honda Martin vient de se voir priv\u00e9 successivement de Kevin Strijbos, bless\u00e9 vendredi pass\u00e9 &agrave; Beervelde, puis de Marc De Reuver, bless\u00e9 hier [...]","og_url":"https:\/\/fr.motocrossmag.be\/index.php\/2009\/05\/motocross-mxgp-le-team-honda-martin-egalement-prive-de-marc-de-reuver\/","og_site_name":"Motocross - Enduro - Supermoto | MotocrossMag","article_published_time":"2009-05-07T12:05:01+00:00","article_modified_time":"2009-05-07T12:07:54+00:00","og_image":[{"url":"http:\/\/www.motocrossmag.be\/wp-content\/uploads\/2009\/05\/dereuver.jpg","type":"","width":"","height":""}],"author":"oliviere","twitter_card":"summary_large_image","twitter_misc":{"\u00c9crit par":"oliviere","Dur\u00e9e de lecture estim\u00e9e":"1 minute"},"schema":{"@context":"https:\/\/schema.org","@graph":[{"@type":"Article","@id":"https:\/\/fr.motocrossmag.be\/index.php\/2009\/05\/motocross-mxgp-le-team-honda-martin-egalement-prive-de-marc-de-reuver\/#article","isPartOf":{"@id":"https:\/\/fr.motocrossmag.be\/index.php\/2009\/05\/motocross-mxgp-le-team-honda-martin-egalement-prive-de-marc-de-reuver\/"},"author":{"name":"oliviere","@id":"https:\/\/fr.motocrossmag.be\/#\/schema\/person\/11b47143d9f755babca2c9110e03235c"},"headline":"Motocross MXGP | Le team Honda Martin \u00e9galement priv\u00e9 de Marc De Reuver","datePublished":"2009-05-07T12:05:01+00:00","dateModified":"2009-05-07T12:07:54+00:00","mainEntityOfPage":{"@id":"https:\/\/fr.motocrossmag.be\/index.php\/2009\/05\/motocross-mxgp-le-team-honda-martin-egalement-prive-de-marc-de-reuver\/"},"wordCount":137,"commentCount":0,"image":{"@id":"https:\/\/fr.motocrossmag.be\/index.php\/2009\/05\/motocross-mxgp-le-team-honda-martin-egalement-prive-de-marc-de-reuver\/#primaryimage"},"thumbnailUrl":"http:\/\/www.motocrossmag.be\/wp-content\/uploads\/2009\/05\/dereuver.jpg","articleSection":["Actualit\u00e9","Motocross","News","News"],"inLanguage":"fr-FR","potentialAction":[{"@type":"CommentAction","name":"Comment","target":["https:\/\/fr.motocrossmag.be\/index.php\/2009\/05\/motocross-mxgp-le-team-honda-martin-egalement-prive-de-marc-de-reuver\/#respond"]}]},{"@type":"WebPage","@id":"https:\/\/fr.motocrossmag.be\/index.php\/2009\/05\/motocross-mxgp-le-team-honda-martin-egalement-prive-de-marc-de-reuver\/","url":"https:\/\/fr.motocrossmag.be\/index.php\/2009\/05\/motocross-mxgp-le-team-honda-martin-egalement-prive-de-marc-de-reuver\/","name":"Motocross MXGP | Le team Honda Martin \u00e9galement priv\u00e9 de Marc De Reuver - Motocross - Enduro - Supermoto | MotocrossMag","isPartOf":{"@id":"https:\/\/fr.motocrossmag.be\/#website"},"primaryImageOfPage":{"@id":"https:\/\/fr.motocrossmag.be\/index.php\/2009\/05\/motocross-mxgp-le-team-honda-martin-egalement-prive-de-marc-de-reuver\/#primaryimage"},"image":{"@id":"https:\/\/fr.motocrossmag.be\/index.php\/2009\/05\/motocross-mxgp-le-team-honda-martin-egalement-prive-de-marc-de-reuver\/#primaryimage"},"thumbnailUrl":"http:\/\/www.motocrossmag.be\/wp-content\/uploads\/2009\/05\/dereuver.jpg","datePublished":"2009-05-07T12:05:01+00:00","dateModified":"2009-05-07T12:07:54+00:00","author":{"@id":"https:\/\/fr.motocrossmag.be\/#\/schema\/person\/11b47143d9f755babca2c9110e03235c"},"breadcrumb":{"@id":"https:\/\/fr.motocrossmag.be\/index.php\/2009\/05\/motocross-mxgp-le-team-honda-martin-egalement-prive-de-marc-de-reuver\/#breadcrumb"},"inLanguage":"fr-FR","potentialAction":[{"@type":"ReadAction","target":["https:\/\/fr.motocrossmag.be\/index.php\/2009\/05\/motocross-mxgp-le-team-honda-martin-egalement-prive-de-marc-de-reuver\/"]}]},{"@type":"ImageObject","inLanguage":"fr-FR","@id":"https:\/\/fr.motocrossmag.be\/index.php\/2009\/05\/motocross-mxgp-le-team-honda-martin-egalement-prive-de-marc-de-reuver\/#primaryimage","url":"http:\/\/www.motocrossmag.be\/wp-content\/uploads\/2009\/05\/dereuver.jpg","contentUrl":"http:\/\/www.motocrossmag.be\/wp-content\/uploads\/2009\/05\/dereuver.jpg"},{"@type":"BreadcrumbList","@id":"https:\/\/fr.motocrossmag.be\/index.php\/2009\/05\/motocross-mxgp-le-team-honda-martin-egalement-prive-de-marc-de-reuver\/#breadcrumb","itemListElement":[{"@type":"ListItem","position":1,"name":"Accueil","item":"https:\/\/fr.motocrossmag.be\/"},{"@type":"ListItem","position":2,"name":"Motocross MXGP | Le team Honda Martin \u00e9galement priv\u00e9 de Marc De Reuver"}]},{"@type":"WebSite","@id":"https:\/\/fr.motocrossmag.be\/#website","url":"https:\/\/fr.motocrossmag.be\/","name":"Motocross - Enduro - Supermoto | MotocrossMag","description":"L&#039;actualit\u00e9 du motocross, de l&#039;enduro et du Supermoto en ligne!","potentialAction":[{"@type":"SearchAction","target":{"@type":"EntryPoint","urlTemplate":"https:\/\/fr.motocrossmag.be\/?s={search_term_string}"},"query-input":{"@type":"PropertyValueSpecification","valueRequired":true,"valueName":"search_term_string"}}],"inLanguage":"fr-FR"},{"@type":"Person","@id":"https:\/\/fr.motocrossmag.be\/#\/schema\/person\/11b47143d9f755babca2c9110e03235c","name":"oliviere","image":{"@type":"ImageObject","inLanguage":"fr-FR","@id":"https:\/\/secure.gravatar.com\/avatar\/907069e0b81d119452040469e4a7501da1100f54f7f80180ce77bfab718288f6?s=96&d=mm&r=g","url":"https:\/\/secure.gravatar.com\/avatar\/907069e0b81d119452040469e4a7501da1100f54f7f80180ce77bfab718288f6?s=96&d=mm&r=g","contentUrl":"https:\/\/secure.gravatar.com\/avatar\/907069e0b81d119452040469e4a7501da1100f54f7f80180ce77bfab718288f6?s=96&d=mm&r=g","caption":"oliviere"},"sameAs":["http:\/\/www.motocrossmag.be"],"url":"https:\/\/fr.motocrossmag.be\/index.php\/author\/oliviere\/"}]}},"_links":{"self":[{"href":"https:\/\/fr.motocrossmag.be\/index.php\/wp-json\/wp\/v2\/posts\/3695","targetHints":{"allow":["GET"]}}],"collection":[{"href":"https:\/\/fr.motocrossmag.be\/index.php\/wp-json\/wp\/v2\/posts"}],"about":[{"href":"https:\/\/fr.motocrossmag.be\/index.php\/wp-json\/wp\/v2\/types\/post"}],"author":[{"embeddable":true,"href":"https:\/\/fr.motocrossmag.be\/index.php\/wp-json\/wp\/v2\/users\/932"}],"replies":[{"embeddable":true,"href":"https:\/\/fr.motocrossmag.be\/index.php\/wp-json\/wp\/v2\/comments?post=3695"}],"version-history":[{"count":0,"href":"https:\/\/fr.motocrossmag.be\/index.php\/wp-json\/wp\/v2\/posts\/3695\/revisions"}],"wp:attachment":[{"href":"https:\/\/fr.motocrossmag.be\/index.php\/wp-json\/wp\/v2\/media?parent=3695"}],"wp:term":[{"taxonomy":"category","embeddable":true,"href":"https:\/\/fr.motocrossmag.be\/index.php\/wp-json\/wp\/v2\/categories?post=3695"},{"taxonomy":"post_tag","embeddable":true,"href":"https:\/\/fr.motocrossmag.be\/index.php\/wp-json\/wp\/v2\/tags?post=3695"}],"curies":[{"name":"wp","href":"https:\/\/api.w.org\/{rel}","templated":true}]}}