{"id":37643,"date":"2015-08-16T22:52:04","date_gmt":"2015-08-16T20:52:04","guid":{"rendered":"http:\/\/fr.motocrossmag.be\/?p=37643"},"modified":"2015-08-16T22:52:04","modified_gmt":"2015-08-16T20:52:04","slug":"photos-flanders-masters-of-motocross-a-balen","status":"publish","type":"post","link":"https:\/\/fr.motocrossmag.be\/index.php\/2015\/08\/photos-flanders-masters-of-motocross-a-balen\/","title":{"rendered":"Photos: Flanders Masters of Motocross \u00e0 Balen"},"content":{"rendered":"<p>Retour en images sur l&rsquo;\u00e9dition 2015 du motocross international de Balen, les Flanders Masters of Motocross, disput\u00e9s ce samedi 15 ao\u00fbt sur le redoutable bac \u00e0 sable du Keiheuvel&#8230;<\/p>\n<p>Photos: F. Van Eeckhoven<\/p><div class=\"fahdl6a963ed55ee75\" ><!-- \/91277017\/Inline-articles-mobile -->\n<div style=\"margin:auto; text-align:center !important\">\n<div id='div-gpt-ad-1784982661365-0' style='min-width: 250px; min-height: 75px;'>\n  <script>\n    googletag.cmd.push(function() { googletag.display('div-gpt-ad-1784982661365-0'); });\n  <\/script>\n<\/div><\/div><\/div><style type=\"text\/css\">\r\n.fahdl6a963ed55ee75 {\r\nmargin-bottom:30px;margin-top:20px\r\n}\r\n@media screen and (min-width: 1201px) {\r\n.fahdl6a963ed55ee75 {\r\ndisplay: block;\r\n}\r\n}\r\n@media screen and (min-width: 993px) and (max-width: 1200px) {\r\n.fahdl6a963ed55ee75 {\r\ndisplay: block;\r\n}\r\n}\r\n@media screen and (min-width: 769px) and (max-width: 992px) {\r\n.fahdl6a963ed55ee75 {\r\ndisplay: block;\r\n}\r\n}\r\n@media screen and (min-width: 768px) and (max-width: 768px) {\r\n.fahdl6a963ed55ee75 {\r\ndisplay: block;\r\n}\r\n}\r\n@media screen and (max-width: 767px) {\r\n.fahdl6a963ed55ee75 {\r\ndisplay: block;\r\n}\r\n}\r\n<\/style>\r\n\n<div id='gallery-1' class='gallery galleryid-37643 gallery-columns-3 gallery-size-thumbnail'><figure class='gallery-item'>\n\t\t\t<div class='gallery-icon landscape'>\n\t\t\t\t<a href='https:\/\/fr.motocrossmag.be\/index.php\/2015\/08\/photos-flanders-masters-of-motocross-a-balen\/20150815balen001\/'><img decoding=\"async\" width=\"150\" height=\"150\" src=\"https:\/\/fr.motocrossmag.be\/wp-content\/uploads\/2015\/08\/20150815Balen001-150x150.jpg\" class=\"attachment-thumbnail size-thumbnail\" alt=\"\" srcset=\"https:\/\/fr.motocrossmag.be\/wp-content\/uploads\/2015\/08\/20150815Balen001-150x150.jpg 150w, https:\/\/fr.motocrossmag.be\/wp-content\/uploads\/2015\/08\/20150815Balen001-50x50.jpg 50w\" sizes=\"(max-width: 150px) 100vw, 150px\" \/><\/a>\n\t\t\t<\/div><\/figure><figure class='gallery-item'>\n\t\t\t<div class='gallery-icon landscape'>\n\t\t\t\t<a href='https:\/\/fr.motocrossmag.be\/index.php\/2015\/08\/photos-flanders-masters-of-motocross-a-balen\/20150815balen002\/'><img decoding=\"async\" width=\"150\" height=\"150\" src=\"https:\/\/fr.motocrossmag.be\/wp-content\/uploads\/2015\/08\/20150815Balen002-150x150.jpg\" class=\"attachment-thumbnail size-thumbnail\" alt=\"\" srcset=\"https:\/\/fr.motocrossmag.be\/wp-content\/uploads\/2015\/08\/20150815Balen002-150x150.jpg 150w, https:\/\/fr.motocrossmag.be\/wp-content\/uploads\/2015\/08\/20150815Balen002-50x50.jpg 50w\" sizes=\"(max-width: 150px) 100vw, 150px\" \/><\/a>\n\t\t\t<\/div><\/figure><figure class='gallery-item'>\n\t\t\t<div class='gallery-icon landscape'>\n\t\t\t\t<a href='https:\/\/fr.motocrossmag.be\/index.php\/2015\/08\/photos-flanders-masters-of-motocross-a-balen\/20150815balen003\/'><img decoding=\"async\" width=\"150\" height=\"150\" src=\"https:\/\/fr.motocrossmag.be\/wp-content\/uploads\/2015\/08\/20150815Balen003-150x150.jpg\" class=\"attachment-thumbnail size-thumbnail\" alt=\"\" srcset=\"https:\/\/fr.motocrossmag.be\/wp-content\/uploads\/2015\/08\/20150815Balen003-150x150.jpg 150w, https:\/\/fr.motocrossmag.be\/wp-content\/uploads\/2015\/08\/20150815Balen003-50x50.jpg 50w\" sizes=\"(max-width: 150px) 100vw, 150px\" \/><\/a>\n\t\t\t<\/div><\/figure><figure class='gallery-item'>\n\t\t\t<div class='gallery-icon landscape'>\n\t\t\t\t<a href='https:\/\/fr.motocrossmag.be\/index.php\/2015\/08\/photos-flanders-masters-of-motocross-a-balen\/20150815balen004\/'><img decoding=\"async\" width=\"150\" height=\"150\" src=\"https:\/\/fr.motocrossmag.be\/wp-content\/uploads\/2015\/08\/20150815Balen004-150x150.jpg\" class=\"attachment-thumbnail size-thumbnail\" alt=\"\" srcset=\"https:\/\/fr.motocrossmag.be\/wp-content\/uploads\/2015\/08\/20150815Balen004-150x150.jpg 150w, https:\/\/fr.motocrossmag.be\/wp-content\/uploads\/2015\/08\/20150815Balen004-50x50.jpg 50w\" sizes=\"(max-width: 150px) 100vw, 150px\" \/><\/a>\n\t\t\t<\/div><\/figure><figure class='gallery-item'>\n\t\t\t<div class='gallery-icon landscape'>\n\t\t\t\t<a href='https:\/\/fr.motocrossmag.be\/index.php\/2015\/08\/photos-flanders-masters-of-motocross-a-balen\/20150815balen005\/'><img decoding=\"async\" width=\"150\" height=\"150\" src=\"https:\/\/fr.motocrossmag.be\/wp-content\/uploads\/2015\/08\/20150815Balen005-150x150.jpg\" class=\"attachment-thumbnail size-thumbnail\" alt=\"\" srcset=\"https:\/\/fr.motocrossmag.be\/wp-content\/uploads\/2015\/08\/20150815Balen005-150x150.jpg 150w, https:\/\/fr.motocrossmag.be\/wp-content\/uploads\/2015\/08\/20150815Balen005-50x50.jpg 50w\" sizes=\"(max-width: 150px) 100vw, 150px\" \/><\/a>\n\t\t\t<\/div><\/figure><figure class='gallery-item'>\n\t\t\t<div class='gallery-icon landscape'>\n\t\t\t\t<a href='https:\/\/fr.motocrossmag.be\/index.php\/2015\/08\/photos-flanders-masters-of-motocross-a-balen\/20150815balen006\/'><img decoding=\"async\" width=\"150\" height=\"150\" src=\"https:\/\/fr.motocrossmag.be\/wp-content\/uploads\/2015\/08\/20150815Balen006-150x150.jpg\" class=\"attachment-thumbnail size-thumbnail\" alt=\"\" srcset=\"https:\/\/fr.motocrossmag.be\/wp-content\/uploads\/2015\/08\/20150815Balen006-150x150.jpg 150w, https:\/\/fr.motocrossmag.be\/wp-content\/uploads\/2015\/08\/20150815Balen006-50x50.jpg 50w\" sizes=\"(max-width: 150px) 100vw, 150px\" \/><\/a>\n\t\t\t<\/div><\/figure><figure class='gallery-item'>\n\t\t\t<div class='gallery-icon landscape'>\n\t\t\t\t<a href='https:\/\/fr.motocrossmag.be\/index.php\/2015\/08\/photos-flanders-masters-of-motocross-a-balen\/20150815balen007\/'><img decoding=\"async\" width=\"150\" height=\"150\" src=\"https:\/\/fr.motocrossmag.be\/wp-content\/uploads\/2015\/08\/20150815Balen007-150x150.jpg\" class=\"attachment-thumbnail size-thumbnail\" alt=\"\" srcset=\"https:\/\/fr.motocrossmag.be\/wp-content\/uploads\/2015\/08\/20150815Balen007-150x150.jpg 150w, https:\/\/fr.motocrossmag.be\/wp-content\/uploads\/2015\/08\/20150815Balen007-50x50.jpg 50w\" sizes=\"(max-width: 150px) 100vw, 150px\" \/><\/a>\n\t\t\t<\/div><\/figure><figure class='gallery-item'>\n\t\t\t<div class='gallery-icon landscape'>\n\t\t\t\t<a href='https:\/\/fr.motocrossmag.be\/index.php\/2015\/08\/photos-flanders-masters-of-motocross-a-balen\/20150815balen008\/'><img decoding=\"async\" width=\"150\" height=\"150\" src=\"https:\/\/fr.motocrossmag.be\/wp-content\/uploads\/2015\/08\/20150815Balen008-150x150.jpg\" class=\"attachment-thumbnail size-thumbnail\" alt=\"\" srcset=\"https:\/\/fr.motocrossmag.be\/wp-content\/uploads\/2015\/08\/20150815Balen008-150x150.jpg 150w, https:\/\/fr.motocrossmag.be\/wp-content\/uploads\/2015\/08\/20150815Balen008-50x50.jpg 50w\" sizes=\"(max-width: 150px) 100vw, 150px\" \/><\/a>\n\t\t\t<\/div><\/figure><figure class='gallery-item'>\n\t\t\t<div class='gallery-icon landscape'>\n\t\t\t\t<a href='https:\/\/fr.motocrossmag.be\/index.php\/2015\/08\/photos-flanders-masters-of-motocross-a-balen\/20150815balen009\/'><img decoding=\"async\" width=\"150\" height=\"150\" src=\"https:\/\/fr.motocrossmag.be\/wp-content\/uploads\/2015\/08\/20150815Balen009-150x150.jpg\" class=\"attachment-thumbnail size-thumbnail\" alt=\"\" srcset=\"https:\/\/fr.motocrossmag.be\/wp-content\/uploads\/2015\/08\/20150815Balen009-150x150.jpg 150w, https:\/\/fr.motocrossmag.be\/wp-content\/uploads\/2015\/08\/20150815Balen009-50x50.jpg 50w\" sizes=\"(max-width: 150px) 100vw, 150px\" \/><\/a>\n\t\t\t<\/div><\/figure><figure class='gallery-item'>\n\t\t\t<div class='gallery-icon landscape'>\n\t\t\t\t<a href='https:\/\/fr.motocrossmag.be\/index.php\/2015\/08\/photos-flanders-masters-of-motocross-a-balen\/20150815balen010\/'><img decoding=\"async\" width=\"150\" height=\"150\" src=\"https:\/\/fr.motocrossmag.be\/wp-content\/uploads\/2015\/08\/20150815Balen010-150x150.jpg\" class=\"attachment-thumbnail size-thumbnail\" alt=\"\" srcset=\"https:\/\/fr.motocrossmag.be\/wp-content\/uploads\/2015\/08\/20150815Balen010-150x150.jpg 150w, https:\/\/fr.motocrossmag.be\/wp-content\/uploads\/2015\/08\/20150815Balen010-50x50.jpg 50w\" sizes=\"(max-width: 150px) 100vw, 150px\" \/><\/a>\n\t\t\t<\/div><\/figure><figure class='gallery-item'>\n\t\t\t<div class='gallery-icon landscape'>\n\t\t\t\t<a href='https:\/\/fr.motocrossmag.be\/index.php\/2015\/08\/photos-flanders-masters-of-motocross-a-balen\/20150815balen011\/'><img decoding=\"async\" width=\"150\" height=\"150\" src=\"https:\/\/fr.motocrossmag.be\/wp-content\/uploads\/2015\/08\/20150815Balen011-150x150.jpg\" class=\"attachment-thumbnail size-thumbnail\" alt=\"\" srcset=\"https:\/\/fr.motocrossmag.be\/wp-content\/uploads\/2015\/08\/20150815Balen011-150x150.jpg 150w, https:\/\/fr.motocrossmag.be\/wp-content\/uploads\/2015\/08\/20150815Balen011-50x50.jpg 50w\" sizes=\"(max-width: 150px) 100vw, 150px\" \/><\/a>\n\t\t\t<\/div><\/figure><figure class='gallery-item'>\n\t\t\t<div class='gallery-icon landscape'>\n\t\t\t\t<a href='https:\/\/fr.motocrossmag.be\/index.php\/2015\/08\/photos-flanders-masters-of-motocross-a-balen\/20150815balen012\/'><img decoding=\"async\" width=\"150\" height=\"150\" src=\"https:\/\/fr.motocrossmag.be\/wp-content\/uploads\/2015\/08\/20150815Balen012-150x150.jpg\" class=\"attachment-thumbnail size-thumbnail\" alt=\"\" srcset=\"https:\/\/fr.motocrossmag.be\/wp-content\/uploads\/2015\/08\/20150815Balen012-150x150.jpg 150w, https:\/\/fr.motocrossmag.be\/wp-content\/uploads\/2015\/08\/20150815Balen012-50x50.jpg 50w\" sizes=\"(max-width: 150px) 100vw, 150px\" \/><\/a>\n\t\t\t<\/div><\/figure><figure class='gallery-item'>\n\t\t\t<div class='gallery-icon landscape'>\n\t\t\t\t<a href='https:\/\/fr.motocrossmag.be\/index.php\/2015\/08\/photos-flanders-masters-of-motocross-a-balen\/20150815balen013\/'><img decoding=\"async\" width=\"150\" height=\"150\" src=\"https:\/\/fr.motocrossmag.be\/wp-content\/uploads\/2015\/08\/20150815Balen013-150x150.jpg\" class=\"attachment-thumbnail size-thumbnail\" alt=\"\" srcset=\"https:\/\/fr.motocrossmag.be\/wp-content\/uploads\/2015\/08\/20150815Balen013-150x150.jpg 150w, https:\/\/fr.motocrossmag.be\/wp-content\/uploads\/2015\/08\/20150815Balen013-50x50.jpg 50w\" sizes=\"(max-width: 150px) 100vw, 150px\" \/><\/a>\n\t\t\t<\/div><\/figure><figure class='gallery-item'>\n\t\t\t<div class='gallery-icon landscape'>\n\t\t\t\t<a href='https:\/\/fr.motocrossmag.be\/index.php\/2015\/08\/photos-flanders-masters-of-motocross-a-balen\/20150815balen014\/'><img decoding=\"async\" width=\"150\" height=\"150\" src=\"https:\/\/fr.motocrossmag.be\/wp-content\/uploads\/2015\/08\/20150815Balen014-150x150.jpg\" class=\"attachment-thumbnail size-thumbnail\" alt=\"\" srcset=\"https:\/\/fr.motocrossmag.be\/wp-content\/uploads\/2015\/08\/20150815Balen014-150x150.jpg 150w, https:\/\/fr.motocrossmag.be\/wp-content\/uploads\/2015\/08\/20150815Balen014-50x50.jpg 50w\" sizes=\"(max-width: 150px) 100vw, 150px\" \/><\/a>\n\t\t\t<\/div><\/figure><figure class='gallery-item'>\n\t\t\t<div class='gallery-icon landscape'>\n\t\t\t\t<a href='https:\/\/fr.motocrossmag.be\/index.php\/2015\/08\/photos-flanders-masters-of-motocross-a-balen\/20150815balen015\/'><img decoding=\"async\" width=\"150\" height=\"150\" src=\"https:\/\/fr.motocrossmag.be\/wp-content\/uploads\/2015\/08\/20150815Balen015-150x150.jpg\" class=\"attachment-thumbnail size-thumbnail\" alt=\"\" srcset=\"https:\/\/fr.motocrossmag.be\/wp-content\/uploads\/2015\/08\/20150815Balen015-150x150.jpg 150w, https:\/\/fr.motocrossmag.be\/wp-content\/uploads\/2015\/08\/20150815Balen015-50x50.jpg 50w\" sizes=\"(max-width: 150px) 100vw, 150px\" \/><\/a>\n\t\t\t<\/div><\/figure><figure class='gallery-item'>\n\t\t\t<div class='gallery-icon landscape'>\n\t\t\t\t<a href='https:\/\/fr.motocrossmag.be\/index.php\/2015\/08\/photos-flanders-masters-of-motocross-a-balen\/20150815balen016\/'><img decoding=\"async\" width=\"150\" height=\"150\" src=\"https:\/\/fr.motocrossmag.be\/wp-content\/uploads\/2015\/08\/20150815Balen016-150x150.jpg\" class=\"attachment-thumbnail size-thumbnail\" alt=\"\" srcset=\"https:\/\/fr.motocrossmag.be\/wp-content\/uploads\/2015\/08\/20150815Balen016-150x150.jpg 150w, https:\/\/fr.motocrossmag.be\/wp-content\/uploads\/2015\/08\/20150815Balen016-50x50.jpg 50w\" sizes=\"(max-width: 150px) 100vw, 150px\" \/><\/a>\n\t\t\t<\/div><\/figure><figure class='gallery-item'>\n\t\t\t<div class='gallery-icon landscape'>\n\t\t\t\t<a href='https:\/\/fr.motocrossmag.be\/index.php\/2015\/08\/photos-flanders-masters-of-motocross-a-balen\/20150815balen017\/'><img decoding=\"async\" width=\"150\" height=\"150\" src=\"https:\/\/fr.motocrossmag.be\/wp-content\/uploads\/2015\/08\/20150815Balen017-150x150.jpg\" class=\"attachment-thumbnail size-thumbnail\" alt=\"\" srcset=\"https:\/\/fr.motocrossmag.be\/wp-content\/uploads\/2015\/08\/20150815Balen017-150x150.jpg 150w, https:\/\/fr.motocrossmag.be\/wp-content\/uploads\/2015\/08\/20150815Balen017-50x50.jpg 50w\" sizes=\"(max-width: 150px) 100vw, 150px\" \/><\/a>\n\t\t\t<\/div><\/figure><figure class='gallery-item'>\n\t\t\t<div class='gallery-icon landscape'>\n\t\t\t\t<a href='https:\/\/fr.motocrossmag.be\/index.php\/2015\/08\/photos-flanders-masters-of-motocross-a-balen\/20150815balen018\/'><img decoding=\"async\" width=\"150\" height=\"150\" src=\"https:\/\/fr.motocrossmag.be\/wp-content\/uploads\/2015\/08\/20150815Balen018-150x150.jpg\" class=\"attachment-thumbnail size-thumbnail\" alt=\"\" srcset=\"https:\/\/fr.motocrossmag.be\/wp-content\/uploads\/2015\/08\/20150815Balen018-150x150.jpg 150w, https:\/\/fr.motocrossmag.be\/wp-content\/uploads\/2015\/08\/20150815Balen018-50x50.jpg 50w\" sizes=\"(max-width: 150px) 100vw, 150px\" \/><\/a>\n\t\t\t<\/div><\/figure><figure class='gallery-item'>\n\t\t\t<div class='gallery-icon landscape'>\n\t\t\t\t<a href='https:\/\/fr.motocrossmag.be\/index.php\/2015\/08\/photos-flanders-masters-of-motocross-a-balen\/20150815balen019\/'><img decoding=\"async\" width=\"150\" height=\"150\" src=\"https:\/\/fr.motocrossmag.be\/wp-content\/uploads\/2015\/08\/20150815Balen019-150x150.jpg\" class=\"attachment-thumbnail size-thumbnail\" alt=\"\" srcset=\"https:\/\/fr.motocrossmag.be\/wp-content\/uploads\/2015\/08\/20150815Balen019-150x150.jpg 150w, https:\/\/fr.motocrossmag.be\/wp-content\/uploads\/2015\/08\/20150815Balen019-50x50.jpg 50w\" sizes=\"(max-width: 150px) 100vw, 150px\" \/><\/a>\n\t\t\t<\/div><\/figure><figure class='gallery-item'>\n\t\t\t<div class='gallery-icon landscape'>\n\t\t\t\t<a href='https:\/\/fr.motocrossmag.be\/index.php\/2015\/08\/photos-flanders-masters-of-motocross-a-balen\/20150815balen020\/'><img decoding=\"async\" width=\"150\" height=\"150\" src=\"https:\/\/fr.motocrossmag.be\/wp-content\/uploads\/2015\/08\/20150815Balen020-150x150.jpg\" class=\"attachment-thumbnail size-thumbnail\" alt=\"\" srcset=\"https:\/\/fr.motocrossmag.be\/wp-content\/uploads\/2015\/08\/20150815Balen020-150x150.jpg 150w, https:\/\/fr.motocrossmag.be\/wp-content\/uploads\/2015\/08\/20150815Balen020-50x50.jpg 50w\" sizes=\"(max-width: 150px) 100vw, 150px\" \/><\/a>\n\t\t\t<\/div><\/figure><figure class='gallery-item'>\n\t\t\t<div class='gallery-icon landscape'>\n\t\t\t\t<a href='https:\/\/fr.motocrossmag.be\/index.php\/2015\/08\/photos-flanders-masters-of-motocross-a-balen\/20150815balen021\/'><img decoding=\"async\" width=\"150\" height=\"150\" src=\"https:\/\/fr.motocrossmag.be\/wp-content\/uploads\/2015\/08\/20150815Balen021-150x150.jpg\" class=\"attachment-thumbnail size-thumbnail\" alt=\"\" srcset=\"https:\/\/fr.motocrossmag.be\/wp-content\/uploads\/2015\/08\/20150815Balen021-150x150.jpg 150w, https:\/\/fr.motocrossmag.be\/wp-content\/uploads\/2015\/08\/20150815Balen021-50x50.jpg 50w\" sizes=\"(max-width: 150px) 100vw, 150px\" \/><\/a>\n\t\t\t<\/div><\/figure><figure class='gallery-item'>\n\t\t\t<div class='gallery-icon landscape'>\n\t\t\t\t<a href='https:\/\/fr.motocrossmag.be\/index.php\/2015\/08\/photos-flanders-masters-of-motocross-a-balen\/20150815balen022\/'><img decoding=\"async\" width=\"150\" height=\"150\" src=\"https:\/\/fr.motocrossmag.be\/wp-content\/uploads\/2015\/08\/20150815Balen022-150x150.jpg\" class=\"attachment-thumbnail size-thumbnail\" alt=\"\" srcset=\"https:\/\/fr.motocrossmag.be\/wp-content\/uploads\/2015\/08\/20150815Balen022-150x150.jpg 150w, https:\/\/fr.motocrossmag.be\/wp-content\/uploads\/2015\/08\/20150815Balen022-50x50.jpg 50w\" sizes=\"(max-width: 150px) 100vw, 150px\" \/><\/a>\n\t\t\t<\/div><\/figure><figure class='gallery-item'>\n\t\t\t<div class='gallery-icon landscape'>\n\t\t\t\t<a href='https:\/\/fr.motocrossmag.be\/index.php\/2015\/08\/photos-flanders-masters-of-motocross-a-balen\/20150815balen023\/'><img decoding=\"async\" width=\"150\" height=\"150\" src=\"https:\/\/fr.motocrossmag.be\/wp-content\/uploads\/2015\/08\/20150815Balen023-150x150.jpg\" class=\"attachment-thumbnail size-thumbnail\" alt=\"\" srcset=\"https:\/\/fr.motocrossmag.be\/wp-content\/uploads\/2015\/08\/20150815Balen023-150x150.jpg 150w, https:\/\/fr.motocrossmag.be\/wp-content\/uploads\/2015\/08\/20150815Balen023-50x50.jpg 50w\" sizes=\"(max-width: 150px) 100vw, 150px\" \/><\/a>\n\t\t\t<\/div><\/figure><figure class='gallery-item'>\n\t\t\t<div class='gallery-icon landscape'>\n\t\t\t\t<a href='https:\/\/fr.motocrossmag.be\/index.php\/2015\/08\/photos-flanders-masters-of-motocross-a-balen\/20150815balen024\/'><img decoding=\"async\" width=\"150\" height=\"150\" src=\"https:\/\/fr.motocrossmag.be\/wp-content\/uploads\/2015\/08\/20150815Balen024-150x150.jpg\" class=\"attachment-thumbnail size-thumbnail\" alt=\"\" srcset=\"https:\/\/fr.motocrossmag.be\/wp-content\/uploads\/2015\/08\/20150815Balen024-150x150.jpg 150w, https:\/\/fr.motocrossmag.be\/wp-content\/uploads\/2015\/08\/20150815Balen024-50x50.jpg 50w\" sizes=\"(max-width: 150px) 100vw, 150px\" \/><\/a>\n\t\t\t<\/div><\/figure><figure class='gallery-item'>\n\t\t\t<div class='gallery-icon landscape'>\n\t\t\t\t<a href='https:\/\/fr.motocrossmag.be\/index.php\/2015\/08\/photos-flanders-masters-of-motocross-a-balen\/20150815balen025\/'><img decoding=\"async\" width=\"150\" height=\"150\" src=\"https:\/\/fr.motocrossmag.be\/wp-content\/uploads\/2015\/08\/20150815Balen025-150x150.jpg\" class=\"attachment-thumbnail size-thumbnail\" alt=\"\" srcset=\"https:\/\/fr.motocrossmag.be\/wp-content\/uploads\/2015\/08\/20150815Balen025-150x150.jpg 150w, https:\/\/fr.motocrossmag.be\/wp-content\/uploads\/2015\/08\/20150815Balen025-50x50.jpg 50w\" sizes=\"(max-width: 150px) 100vw, 150px\" \/><\/a>\n\t\t\t<\/div><\/figure><figure class='gallery-item'>\n\t\t\t<div class='gallery-icon landscape'>\n\t\t\t\t<a href='https:\/\/fr.motocrossmag.be\/index.php\/2015\/08\/photos-flanders-masters-of-motocross-a-balen\/20150815balen026\/'><img decoding=\"async\" width=\"150\" height=\"150\" src=\"https:\/\/fr.motocrossmag.be\/wp-content\/uploads\/2015\/08\/20150815Balen026-150x150.jpg\" class=\"attachment-thumbnail size-thumbnail\" alt=\"\" srcset=\"https:\/\/fr.motocrossmag.be\/wp-content\/uploads\/2015\/08\/20150815Balen026-150x150.jpg 150w, https:\/\/fr.motocrossmag.be\/wp-content\/uploads\/2015\/08\/20150815Balen026-50x50.jpg 50w\" sizes=\"(max-width: 150px) 100vw, 150px\" \/><\/a>\n\t\t\t<\/div><\/figure><figure class='gallery-item'>\n\t\t\t<div class='gallery-icon landscape'>\n\t\t\t\t<a href='https:\/\/fr.motocrossmag.be\/index.php\/2015\/08\/photos-flanders-masters-of-motocross-a-balen\/20150815balen027\/'><img decoding=\"async\" width=\"150\" height=\"150\" src=\"https:\/\/fr.motocrossmag.be\/wp-content\/uploads\/2015\/08\/20150815Balen027-150x150.jpg\" class=\"attachment-thumbnail size-thumbnail\" alt=\"\" srcset=\"https:\/\/fr.motocrossmag.be\/wp-content\/uploads\/2015\/08\/20150815Balen027-150x150.jpg 150w, https:\/\/fr.motocrossmag.be\/wp-content\/uploads\/2015\/08\/20150815Balen027-50x50.jpg 50w\" sizes=\"(max-width: 150px) 100vw, 150px\" \/><\/a>\n\t\t\t<\/div><\/figure><figure class='gallery-item'>\n\t\t\t<div class='gallery-icon landscape'>\n\t\t\t\t<a href='https:\/\/fr.motocrossmag.be\/index.php\/2015\/08\/photos-flanders-masters-of-motocross-a-balen\/20150815balen028\/'><img decoding=\"async\" width=\"150\" height=\"150\" src=\"https:\/\/fr.motocrossmag.be\/wp-content\/uploads\/2015\/08\/20150815Balen028-150x150.jpg\" class=\"attachment-thumbnail size-thumbnail\" alt=\"\" srcset=\"https:\/\/fr.motocrossmag.be\/wp-content\/uploads\/2015\/08\/20150815Balen028-150x150.jpg 150w, https:\/\/fr.motocrossmag.be\/wp-content\/uploads\/2015\/08\/20150815Balen028-50x50.jpg 50w\" sizes=\"(max-width: 150px) 100vw, 150px\" \/><\/a>\n\t\t\t<\/div><\/figure><figure class='gallery-item'>\n\t\t\t<div class='gallery-icon landscape'>\n\t\t\t\t<a href='https:\/\/fr.motocrossmag.be\/index.php\/2015\/08\/photos-flanders-masters-of-motocross-a-balen\/20150815balen029\/'><img decoding=\"async\" width=\"150\" height=\"150\" src=\"https:\/\/fr.motocrossmag.be\/wp-content\/uploads\/2015\/08\/20150815Balen029-150x150.jpg\" class=\"attachment-thumbnail size-thumbnail\" alt=\"\" srcset=\"https:\/\/fr.motocrossmag.be\/wp-content\/uploads\/2015\/08\/20150815Balen029-150x150.jpg 150w, https:\/\/fr.motocrossmag.be\/wp-content\/uploads\/2015\/08\/20150815Balen029-50x50.jpg 50w\" sizes=\"(max-width: 150px) 100vw, 150px\" \/><\/a>\n\t\t\t<\/div><\/figure><figure class='gallery-item'>\n\t\t\t<div class='gallery-icon landscape'>\n\t\t\t\t<a href='https:\/\/fr.motocrossmag.be\/index.php\/2015\/08\/photos-flanders-masters-of-motocross-a-balen\/20150815balen030\/'><img decoding=\"async\" width=\"150\" height=\"150\" src=\"https:\/\/fr.motocrossmag.be\/wp-content\/uploads\/2015\/08\/20150815Balen030-150x150.jpg\" class=\"attachment-thumbnail size-thumbnail\" alt=\"\" srcset=\"https:\/\/fr.motocrossmag.be\/wp-content\/uploads\/2015\/08\/20150815Balen030-150x150.jpg 150w, https:\/\/fr.motocrossmag.be\/wp-content\/uploads\/2015\/08\/20150815Balen030-50x50.jpg 50w\" sizes=\"(max-width: 150px) 100vw, 150px\" \/><\/a>\n\t\t\t<\/div><\/figure><figure class='gallery-item'>\n\t\t\t<div class='gallery-icon landscape'>\n\t\t\t\t<a href='https:\/\/fr.motocrossmag.be\/index.php\/2015\/08\/photos-flanders-masters-of-motocross-a-balen\/20150815balen031\/'><img decoding=\"async\" width=\"150\" height=\"150\" src=\"https:\/\/fr.motocrossmag.be\/wp-content\/uploads\/2015\/08\/20150815Balen031-150x150.jpg\" class=\"attachment-thumbnail size-thumbnail\" alt=\"\" srcset=\"https:\/\/fr.motocrossmag.be\/wp-content\/uploads\/2015\/08\/20150815Balen031-150x150.jpg 150w, https:\/\/fr.motocrossmag.be\/wp-content\/uploads\/2015\/08\/20150815Balen031-50x50.jpg 50w\" sizes=\"(max-width: 150px) 100vw, 150px\" \/><\/a>\n\t\t\t<\/div><\/figure><figure class='gallery-item'>\n\t\t\t<div class='gallery-icon landscape'>\n\t\t\t\t<a href='https:\/\/fr.motocrossmag.be\/index.php\/2015\/08\/photos-flanders-masters-of-motocross-a-balen\/20150815balen032\/'><img decoding=\"async\" width=\"150\" height=\"150\" src=\"https:\/\/fr.motocrossmag.be\/wp-content\/uploads\/2015\/08\/20150815Balen032-150x150.jpg\" class=\"attachment-thumbnail size-thumbnail\" alt=\"\" srcset=\"https:\/\/fr.motocrossmag.be\/wp-content\/uploads\/2015\/08\/20150815Balen032-150x150.jpg 150w, https:\/\/fr.motocrossmag.be\/wp-content\/uploads\/2015\/08\/20150815Balen032-50x50.jpg 50w\" sizes=\"(max-width: 150px) 100vw, 150px\" \/><\/a>\n\t\t\t<\/div><\/figure><figure class='gallery-item'>\n\t\t\t<div class='gallery-icon landscape'>\n\t\t\t\t<a href='https:\/\/fr.motocrossmag.be\/index.php\/2015\/08\/photos-flanders-masters-of-motocross-a-balen\/20150815balen033\/'><img decoding=\"async\" width=\"150\" height=\"150\" src=\"https:\/\/fr.motocrossmag.be\/wp-content\/uploads\/2015\/08\/20150815Balen033-150x150.jpg\" class=\"attachment-thumbnail size-thumbnail\" alt=\"\" srcset=\"https:\/\/fr.motocrossmag.be\/wp-content\/uploads\/2015\/08\/20150815Balen033-150x150.jpg 150w, https:\/\/fr.motocrossmag.be\/wp-content\/uploads\/2015\/08\/20150815Balen033-50x50.jpg 50w\" sizes=\"(max-width: 150px) 100vw, 150px\" \/><\/a>\n\t\t\t<\/div><\/figure><figure class='gallery-item'>\n\t\t\t<div class='gallery-icon landscape'>\n\t\t\t\t<a href='https:\/\/fr.motocrossmag.be\/index.php\/2015\/08\/photos-flanders-masters-of-motocross-a-balen\/20150815balen034\/'><img decoding=\"async\" width=\"150\" height=\"150\" src=\"https:\/\/fr.motocrossmag.be\/wp-content\/uploads\/2015\/08\/20150815Balen034-150x150.jpg\" class=\"attachment-thumbnail size-thumbnail\" alt=\"\" srcset=\"https:\/\/fr.motocrossmag.be\/wp-content\/uploads\/2015\/08\/20150815Balen034-150x150.jpg 150w, https:\/\/fr.motocrossmag.be\/wp-content\/uploads\/2015\/08\/20150815Balen034-50x50.jpg 50w\" sizes=\"(max-width: 150px) 100vw, 150px\" \/><\/a>\n\t\t\t<\/div><\/figure><figure class='gallery-item'>\n\t\t\t<div class='gallery-icon landscape'>\n\t\t\t\t<a href='https:\/\/fr.motocrossmag.be\/index.php\/2015\/08\/photos-flanders-masters-of-motocross-a-balen\/20150815balen035\/'><img decoding=\"async\" width=\"150\" height=\"150\" src=\"https:\/\/fr.motocrossmag.be\/wp-content\/uploads\/2015\/08\/20150815Balen035-150x150.jpg\" class=\"attachment-thumbnail size-thumbnail\" alt=\"\" srcset=\"https:\/\/fr.motocrossmag.be\/wp-content\/uploads\/2015\/08\/20150815Balen035-150x150.jpg 150w, https:\/\/fr.motocrossmag.be\/wp-content\/uploads\/2015\/08\/20150815Balen035-50x50.jpg 50w\" sizes=\"(max-width: 150px) 100vw, 150px\" \/><\/a>\n\t\t\t<\/div><\/figure><figure class='gallery-item'>\n\t\t\t<div class='gallery-icon landscape'>\n\t\t\t\t<a href='https:\/\/fr.motocrossmag.be\/index.php\/2015\/08\/photos-flanders-masters-of-motocross-a-balen\/20150815balen036\/'><img decoding=\"async\" width=\"150\" height=\"150\" src=\"https:\/\/fr.motocrossmag.be\/wp-content\/uploads\/2015\/08\/20150815Balen036-150x150.jpg\" class=\"attachment-thumbnail size-thumbnail\" alt=\"\" srcset=\"https:\/\/fr.motocrossmag.be\/wp-content\/uploads\/2015\/08\/20150815Balen036-150x150.jpg 150w, https:\/\/fr.motocrossmag.be\/wp-content\/uploads\/2015\/08\/20150815Balen036-50x50.jpg 50w\" sizes=\"(max-width: 150px) 100vw, 150px\" \/><\/a>\n\t\t\t<\/div><\/figure><figure class='gallery-item'>\n\t\t\t<div class='gallery-icon landscape'>\n\t\t\t\t<a href='https:\/\/fr.motocrossmag.be\/index.php\/2015\/08\/photos-flanders-masters-of-motocross-a-balen\/20150815balen037\/'><img decoding=\"async\" width=\"150\" height=\"150\" src=\"https:\/\/fr.motocrossmag.be\/wp-content\/uploads\/2015\/08\/20150815Balen037-150x150.jpg\" class=\"attachment-thumbnail size-thumbnail\" alt=\"\" srcset=\"https:\/\/fr.motocrossmag.be\/wp-content\/uploads\/2015\/08\/20150815Balen037-150x150.jpg 150w, https:\/\/fr.motocrossmag.be\/wp-content\/uploads\/2015\/08\/20150815Balen037-50x50.jpg 50w\" sizes=\"(max-width: 150px) 100vw, 150px\" \/><\/a>\n\t\t\t<\/div><\/figure><figure class='gallery-item'>\n\t\t\t<div class='gallery-icon landscape'>\n\t\t\t\t<a href='https:\/\/fr.motocrossmag.be\/index.php\/2015\/08\/photos-flanders-masters-of-motocross-a-balen\/20150815balen038\/'><img decoding=\"async\" width=\"150\" height=\"150\" src=\"https:\/\/fr.motocrossmag.be\/wp-content\/uploads\/2015\/08\/20150815Balen038-150x150.jpg\" class=\"attachment-thumbnail size-thumbnail\" alt=\"\" srcset=\"https:\/\/fr.motocrossmag.be\/wp-content\/uploads\/2015\/08\/20150815Balen038-150x150.jpg 150w, https:\/\/fr.motocrossmag.be\/wp-content\/uploads\/2015\/08\/20150815Balen038-50x50.jpg 50w\" sizes=\"(max-width: 150px) 100vw, 150px\" \/><\/a>\n\t\t\t<\/div><\/figure><figure class='gallery-item'>\n\t\t\t<div class='gallery-icon landscape'>\n\t\t\t\t<a href='https:\/\/fr.motocrossmag.be\/index.php\/2015\/08\/photos-flanders-masters-of-motocross-a-balen\/20150815balen039\/'><img decoding=\"async\" width=\"150\" height=\"150\" src=\"https:\/\/fr.motocrossmag.be\/wp-content\/uploads\/2015\/08\/20150815Balen039-150x150.jpg\" class=\"attachment-thumbnail size-thumbnail\" alt=\"\" srcset=\"https:\/\/fr.motocrossmag.be\/wp-content\/uploads\/2015\/08\/20150815Balen039-150x150.jpg 150w, https:\/\/fr.motocrossmag.be\/wp-content\/uploads\/2015\/08\/20150815Balen039-50x50.jpg 50w\" sizes=\"(max-width: 150px) 100vw, 150px\" \/><\/a>\n\t\t\t<\/div><\/figure><figure class='gallery-item'>\n\t\t\t<div class='gallery-icon landscape'>\n\t\t\t\t<a href='https:\/\/fr.motocrossmag.be\/index.php\/2015\/08\/photos-flanders-masters-of-motocross-a-balen\/20150815balen040\/'><img decoding=\"async\" width=\"150\" height=\"150\" src=\"https:\/\/fr.motocrossmag.be\/wp-content\/uploads\/2015\/08\/20150815Balen040-150x150.jpg\" class=\"attachment-thumbnail size-thumbnail\" alt=\"\" srcset=\"https:\/\/fr.motocrossmag.be\/wp-content\/uploads\/2015\/08\/20150815Balen040-150x150.jpg 150w, https:\/\/fr.motocrossmag.be\/wp-content\/uploads\/2015\/08\/20150815Balen040-50x50.jpg 50w\" sizes=\"(max-width: 150px) 100vw, 150px\" \/><\/a>\n\t\t\t<\/div><\/figure><figure class='gallery-item'>\n\t\t\t<div class='gallery-icon landscape'>\n\t\t\t\t<a href='https:\/\/fr.motocrossmag.be\/index.php\/2015\/08\/photos-flanders-masters-of-motocross-a-balen\/20150815balen041\/'><img decoding=\"async\" width=\"150\" height=\"150\" src=\"https:\/\/fr.motocrossmag.be\/wp-content\/uploads\/2015\/08\/20150815Balen041-150x150.jpg\" class=\"attachment-thumbnail size-thumbnail\" alt=\"\" srcset=\"https:\/\/fr.motocrossmag.be\/wp-content\/uploads\/2015\/08\/20150815Balen041-150x150.jpg 150w, https:\/\/fr.motocrossmag.be\/wp-content\/uploads\/2015\/08\/20150815Balen041-50x50.jpg 50w\" sizes=\"(max-width: 150px) 100vw, 150px\" \/><\/a>\n\t\t\t<\/div><\/figure><figure class='gallery-item'>\n\t\t\t<div class='gallery-icon landscape'>\n\t\t\t\t<a href='https:\/\/fr.motocrossmag.be\/index.php\/2015\/08\/photos-flanders-masters-of-motocross-a-balen\/20150815balen042\/'><img decoding=\"async\" width=\"150\" height=\"150\" src=\"https:\/\/fr.motocrossmag.be\/wp-content\/uploads\/2015\/08\/20150815Balen042-150x150.jpg\" class=\"attachment-thumbnail size-thumbnail\" alt=\"\" srcset=\"https:\/\/fr.motocrossmag.be\/wp-content\/uploads\/2015\/08\/20150815Balen042-150x150.jpg 150w, https:\/\/fr.motocrossmag.be\/wp-content\/uploads\/2015\/08\/20150815Balen042-50x50.jpg 50w\" sizes=\"(max-width: 150px) 100vw, 150px\" \/><\/a>\n\t\t\t<\/div><\/figure><figure class='gallery-item'>\n\t\t\t<div class='gallery-icon landscape'>\n\t\t\t\t<a href='https:\/\/fr.motocrossmag.be\/index.php\/2015\/08\/photos-flanders-masters-of-motocross-a-balen\/20150815balen043\/'><img decoding=\"async\" width=\"150\" height=\"150\" src=\"https:\/\/fr.motocrossmag.be\/wp-content\/uploads\/2015\/08\/20150815Balen043-150x150.jpg\" class=\"attachment-thumbnail size-thumbnail\" alt=\"\" srcset=\"https:\/\/fr.motocrossmag.be\/wp-content\/uploads\/2015\/08\/20150815Balen043-150x150.jpg 150w, https:\/\/fr.motocrossmag.be\/wp-content\/uploads\/2015\/08\/20150815Balen043-50x50.jpg 50w\" sizes=\"(max-width: 150px) 100vw, 150px\" \/><\/a>\n\t\t\t<\/div><\/figure><figure class='gallery-item'>\n\t\t\t<div class='gallery-icon landscape'>\n\t\t\t\t<a href='https:\/\/fr.motocrossmag.be\/index.php\/2015\/08\/photos-flanders-masters-of-motocross-a-balen\/20150815balen044\/'><img decoding=\"async\" width=\"150\" height=\"150\" src=\"https:\/\/fr.motocrossmag.be\/wp-content\/uploads\/2015\/08\/20150815Balen044-150x150.jpg\" class=\"attachment-thumbnail size-thumbnail\" alt=\"\" srcset=\"https:\/\/fr.motocrossmag.be\/wp-content\/uploads\/2015\/08\/20150815Balen044-150x150.jpg 150w, https:\/\/fr.motocrossmag.be\/wp-content\/uploads\/2015\/08\/20150815Balen044-50x50.jpg 50w\" sizes=\"(max-width: 150px) 100vw, 150px\" \/><\/a>\n\t\t\t<\/div><\/figure><figure class='gallery-item'>\n\t\t\t<div class='gallery-icon landscape'>\n\t\t\t\t<a href='https:\/\/fr.motocrossmag.be\/index.php\/2015\/08\/photos-flanders-masters-of-motocross-a-balen\/20150815balen045\/'><img decoding=\"async\" width=\"150\" height=\"150\" src=\"https:\/\/fr.motocrossmag.be\/wp-content\/uploads\/2015\/08\/20150815Balen045-150x150.jpg\" class=\"attachment-thumbnail size-thumbnail\" alt=\"\" srcset=\"https:\/\/fr.motocrossmag.be\/wp-content\/uploads\/2015\/08\/20150815Balen045-150x150.jpg 150w, https:\/\/fr.motocrossmag.be\/wp-content\/uploads\/2015\/08\/20150815Balen045-50x50.jpg 50w\" sizes=\"(max-width: 150px) 100vw, 150px\" \/><\/a>\n\t\t\t<\/div><\/figure><figure class='gallery-item'>\n\t\t\t<div class='gallery-icon landscape'>\n\t\t\t\t<a href='https:\/\/fr.motocrossmag.be\/index.php\/2015\/08\/photos-flanders-masters-of-motocross-a-balen\/20150815balen046\/'><img decoding=\"async\" width=\"150\" height=\"150\" src=\"https:\/\/fr.motocrossmag.be\/wp-content\/uploads\/2015\/08\/20150815Balen046-150x150.jpg\" class=\"attachment-thumbnail size-thumbnail\" alt=\"\" srcset=\"https:\/\/fr.motocrossmag.be\/wp-content\/uploads\/2015\/08\/20150815Balen046-150x150.jpg 150w, https:\/\/fr.motocrossmag.be\/wp-content\/uploads\/2015\/08\/20150815Balen046-50x50.jpg 50w\" sizes=\"(max-width: 150px) 100vw, 150px\" \/><\/a>\n\t\t\t<\/div><\/figure><figure class='gallery-item'>\n\t\t\t<div class='gallery-icon landscape'>\n\t\t\t\t<a href='https:\/\/fr.motocrossmag.be\/index.php\/2015\/08\/photos-flanders-masters-of-motocross-a-balen\/20150815balen047\/'><img decoding=\"async\" width=\"150\" height=\"150\" src=\"https:\/\/fr.motocrossmag.be\/wp-content\/uploads\/2015\/08\/20150815Balen047-150x150.jpg\" class=\"attachment-thumbnail size-thumbnail\" alt=\"\" srcset=\"https:\/\/fr.motocrossmag.be\/wp-content\/uploads\/2015\/08\/20150815Balen047-150x150.jpg 150w, https:\/\/fr.motocrossmag.be\/wp-content\/uploads\/2015\/08\/20150815Balen047-50x50.jpg 50w\" sizes=\"(max-width: 150px) 100vw, 150px\" \/><\/a>\n\t\t\t<\/div><\/figure><figure class='gallery-item'>\n\t\t\t<div class='gallery-icon landscape'>\n\t\t\t\t<a href='https:\/\/fr.motocrossmag.be\/index.php\/2015\/08\/photos-flanders-masters-of-motocross-a-balen\/20150815balen048\/'><img decoding=\"async\" width=\"150\" height=\"150\" src=\"https:\/\/fr.motocrossmag.be\/wp-content\/uploads\/2015\/08\/20150815Balen048-150x150.jpg\" class=\"attachment-thumbnail size-thumbnail\" alt=\"\" srcset=\"https:\/\/fr.motocrossmag.be\/wp-content\/uploads\/2015\/08\/20150815Balen048-150x150.jpg 150w, https:\/\/fr.motocrossmag.be\/wp-content\/uploads\/2015\/08\/20150815Balen048-50x50.jpg 50w\" sizes=\"(max-width: 150px) 100vw, 150px\" \/><\/a>\n\t\t\t<\/div><\/figure><figure class='gallery-item'>\n\t\t\t<div class='gallery-icon landscape'>\n\t\t\t\t<a href='https:\/\/fr.motocrossmag.be\/index.php\/2015\/08\/photos-flanders-masters-of-motocross-a-balen\/20150815balen049\/'><img decoding=\"async\" width=\"150\" height=\"150\" src=\"https:\/\/fr.motocrossmag.be\/wp-content\/uploads\/2015\/08\/20150815Balen049-150x150.jpg\" class=\"attachment-thumbnail size-thumbnail\" alt=\"\" srcset=\"https:\/\/fr.motocrossmag.be\/wp-content\/uploads\/2015\/08\/20150815Balen049-150x150.jpg 150w, https:\/\/fr.motocrossmag.be\/wp-content\/uploads\/2015\/08\/20150815Balen049-50x50.jpg 50w\" sizes=\"(max-width: 150px) 100vw, 150px\" \/><\/a>\n\t\t\t<\/div><\/figure><figure class='gallery-item'>\n\t\t\t<div class='gallery-icon landscape'>\n\t\t\t\t<a href='https:\/\/fr.motocrossmag.be\/index.php\/2015\/08\/photos-flanders-masters-of-motocross-a-balen\/20150815balen050\/'><img decoding=\"async\" width=\"150\" height=\"150\" src=\"https:\/\/fr.motocrossmag.be\/wp-content\/uploads\/2015\/08\/20150815Balen050-150x150.jpg\" class=\"attachment-thumbnail size-thumbnail\" alt=\"\" srcset=\"https:\/\/fr.motocrossmag.be\/wp-content\/uploads\/2015\/08\/20150815Balen050-150x150.jpg 150w, https:\/\/fr.motocrossmag.be\/wp-content\/uploads\/2015\/08\/20150815Balen050-50x50.jpg 50w\" sizes=\"(max-width: 150px) 100vw, 150px\" \/><\/a>\n\t\t\t<\/div><\/figure><figure class='gallery-item'>\n\t\t\t<div class='gallery-icon landscape'>\n\t\t\t\t<a href='https:\/\/fr.motocrossmag.be\/index.php\/2015\/08\/photos-flanders-masters-of-motocross-a-balen\/20150815balen051\/'><img decoding=\"async\" width=\"150\" height=\"150\" src=\"https:\/\/fr.motocrossmag.be\/wp-content\/uploads\/2015\/08\/20150815Balen051-150x150.jpg\" class=\"attachment-thumbnail size-thumbnail\" alt=\"\" srcset=\"https:\/\/fr.motocrossmag.be\/wp-content\/uploads\/2015\/08\/20150815Balen051-150x150.jpg 150w, https:\/\/fr.motocrossmag.be\/wp-content\/uploads\/2015\/08\/20150815Balen051-50x50.jpg 50w\" sizes=\"(max-width: 150px) 100vw, 150px\" \/><\/a>\n\t\t\t<\/div><\/figure><figure class='gallery-item'>\n\t\t\t<div class='gallery-icon landscape'>\n\t\t\t\t<a href='https:\/\/fr.motocrossmag.be\/index.php\/2015\/08\/photos-flanders-masters-of-motocross-a-balen\/20150815balen052\/'><img decoding=\"async\" width=\"150\" height=\"150\" src=\"https:\/\/fr.motocrossmag.be\/wp-content\/uploads\/2015\/08\/20150815Balen052-150x150.jpg\" class=\"attachment-thumbnail size-thumbnail\" alt=\"\" srcset=\"https:\/\/fr.motocrossmag.be\/wp-content\/uploads\/2015\/08\/20150815Balen052-150x150.jpg 150w, https:\/\/fr.motocrossmag.be\/wp-content\/uploads\/2015\/08\/20150815Balen052-50x50.jpg 50w\" sizes=\"(max-width: 150px) 100vw, 150px\" \/><\/a>\n\t\t\t<\/div><\/figure><figure class='gallery-item'>\n\t\t\t<div class='gallery-icon landscape'>\n\t\t\t\t<a href='https:\/\/fr.motocrossmag.be\/index.php\/2015\/08\/photos-flanders-masters-of-motocross-a-balen\/20150815balen053\/'><img decoding=\"async\" width=\"150\" height=\"150\" src=\"https:\/\/fr.motocrossmag.be\/wp-content\/uploads\/2015\/08\/20150815Balen053-150x150.jpg\" class=\"attachment-thumbnail size-thumbnail\" alt=\"\" srcset=\"https:\/\/fr.motocrossmag.be\/wp-content\/uploads\/2015\/08\/20150815Balen053-150x150.jpg 150w, https:\/\/fr.motocrossmag.be\/wp-content\/uploads\/2015\/08\/20150815Balen053-50x50.jpg 50w\" sizes=\"(max-width: 150px) 100vw, 150px\" \/><\/a>\n\t\t\t<\/div><\/figure><figure class='gallery-item'>\n\t\t\t<div class='gallery-icon landscape'>\n\t\t\t\t<a href='https:\/\/fr.motocrossmag.be\/index.php\/2015\/08\/photos-flanders-masters-of-motocross-a-balen\/20150815balen054\/'><img decoding=\"async\" width=\"150\" height=\"150\" src=\"https:\/\/fr.motocrossmag.be\/wp-content\/uploads\/2015\/08\/20150815Balen054-150x150.jpg\" class=\"attachment-thumbnail size-thumbnail\" alt=\"\" srcset=\"https:\/\/fr.motocrossmag.be\/wp-content\/uploads\/2015\/08\/20150815Balen054-150x150.jpg 150w, https:\/\/fr.motocrossmag.be\/wp-content\/uploads\/2015\/08\/20150815Balen054-50x50.jpg 50w\" sizes=\"(max-width: 150px) 100vw, 150px\" \/><\/a>\n\t\t\t<\/div><\/figure><figure class='gallery-item'>\n\t\t\t<div class='gallery-icon landscape'>\n\t\t\t\t<a href='https:\/\/fr.motocrossmag.be\/index.php\/2015\/08\/photos-flanders-masters-of-motocross-a-balen\/20150815balen055\/'><img decoding=\"async\" width=\"150\" height=\"150\" src=\"https:\/\/fr.motocrossmag.be\/wp-content\/uploads\/2015\/08\/20150815Balen055-150x150.jpg\" class=\"attachment-thumbnail size-thumbnail\" alt=\"\" srcset=\"https:\/\/fr.motocrossmag.be\/wp-content\/uploads\/2015\/08\/20150815Balen055-150x150.jpg 150w, https:\/\/fr.motocrossmag.be\/wp-content\/uploads\/2015\/08\/20150815Balen055-50x50.jpg 50w\" sizes=\"(max-width: 150px) 100vw, 150px\" \/><\/a>\n\t\t\t<\/div><\/figure><figure class='gallery-item'>\n\t\t\t<div class='gallery-icon landscape'>\n\t\t\t\t<a href='https:\/\/fr.motocrossmag.be\/index.php\/2015\/08\/photos-flanders-masters-of-motocross-a-balen\/20150815balen056\/'><img decoding=\"async\" width=\"150\" height=\"150\" src=\"https:\/\/fr.motocrossmag.be\/wp-content\/uploads\/2015\/08\/20150815Balen056-150x150.jpg\" class=\"attachment-thumbnail size-thumbnail\" alt=\"\" srcset=\"https:\/\/fr.motocrossmag.be\/wp-content\/uploads\/2015\/08\/20150815Balen056-150x150.jpg 150w, https:\/\/fr.motocrossmag.be\/wp-content\/uploads\/2015\/08\/20150815Balen056-50x50.jpg 50w\" sizes=\"(max-width: 150px) 100vw, 150px\" \/><\/a>\n\t\t\t<\/div><\/figure><figure class='gallery-item'>\n\t\t\t<div class='gallery-icon landscape'>\n\t\t\t\t<a href='https:\/\/fr.motocrossmag.be\/index.php\/2015\/08\/photos-flanders-masters-of-motocross-a-balen\/20150815balen057\/'><img decoding=\"async\" width=\"150\" height=\"150\" src=\"https:\/\/fr.motocrossmag.be\/wp-content\/uploads\/2015\/08\/20150815Balen057-150x150.jpg\" class=\"attachment-thumbnail size-thumbnail\" alt=\"\" srcset=\"https:\/\/fr.motocrossmag.be\/wp-content\/uploads\/2015\/08\/20150815Balen057-150x150.jpg 150w, https:\/\/fr.motocrossmag.be\/wp-content\/uploads\/2015\/08\/20150815Balen057-50x50.jpg 50w\" sizes=\"(max-width: 150px) 100vw, 150px\" \/><\/a>\n\t\t\t<\/div><\/figure><figure class='gallery-item'>\n\t\t\t<div class='gallery-icon landscape'>\n\t\t\t\t<a href='https:\/\/fr.motocrossmag.be\/index.php\/2015\/08\/photos-flanders-masters-of-motocross-a-balen\/20150815balen058\/'><img decoding=\"async\" width=\"150\" height=\"150\" src=\"https:\/\/fr.motocrossmag.be\/wp-content\/uploads\/2015\/08\/20150815Balen058-150x150.jpg\" class=\"attachment-thumbnail size-thumbnail\" alt=\"\" srcset=\"https:\/\/fr.motocrossmag.be\/wp-content\/uploads\/2015\/08\/20150815Balen058-150x150.jpg 150w, https:\/\/fr.motocrossmag.be\/wp-content\/uploads\/2015\/08\/20150815Balen058-50x50.jpg 50w\" sizes=\"(max-width: 150px) 100vw, 150px\" \/><\/a>\n\t\t\t<\/div><\/figure><figure class='gallery-item'>\n\t\t\t<div class='gallery-icon landscape'>\n\t\t\t\t<a href='https:\/\/fr.motocrossmag.be\/index.php\/2015\/08\/photos-flanders-masters-of-motocross-a-balen\/20150815balen059\/'><img decoding=\"async\" width=\"150\" height=\"150\" src=\"https:\/\/fr.motocrossmag.be\/wp-content\/uploads\/2015\/08\/20150815Balen059-150x150.jpg\" class=\"attachment-thumbnail size-thumbnail\" alt=\"\" srcset=\"https:\/\/fr.motocrossmag.be\/wp-content\/uploads\/2015\/08\/20150815Balen059-150x150.jpg 150w, https:\/\/fr.motocrossmag.be\/wp-content\/uploads\/2015\/08\/20150815Balen059-50x50.jpg 50w\" sizes=\"(max-width: 150px) 100vw, 150px\" \/><\/a>\n\t\t\t<\/div><\/figure><figure class='gallery-item'>\n\t\t\t<div class='gallery-icon landscape'>\n\t\t\t\t<a href='https:\/\/fr.motocrossmag.be\/index.php\/2015\/08\/photos-flanders-masters-of-motocross-a-balen\/20150815balen060\/'><img decoding=\"async\" width=\"150\" height=\"150\" src=\"https:\/\/fr.motocrossmag.be\/wp-content\/uploads\/2015\/08\/20150815Balen060-150x150.jpg\" class=\"attachment-thumbnail size-thumbnail\" alt=\"\" srcset=\"https:\/\/fr.motocrossmag.be\/wp-content\/uploads\/2015\/08\/20150815Balen060-150x150.jpg 150w, https:\/\/fr.motocrossmag.be\/wp-content\/uploads\/2015\/08\/20150815Balen060-50x50.jpg 50w\" sizes=\"(max-width: 150px) 100vw, 150px\" \/><\/a>\n\t\t\t<\/div><\/figure><figure class='gallery-item'>\n\t\t\t<div class='gallery-icon landscape'>\n\t\t\t\t<a href='https:\/\/fr.motocrossmag.be\/index.php\/2015\/08\/photos-flanders-masters-of-motocross-a-balen\/20150815balen061\/'><img decoding=\"async\" width=\"150\" height=\"150\" src=\"https:\/\/fr.motocrossmag.be\/wp-content\/uploads\/2015\/08\/20150815Balen061-150x150.jpg\" class=\"attachment-thumbnail size-thumbnail\" alt=\"\" srcset=\"https:\/\/fr.motocrossmag.be\/wp-content\/uploads\/2015\/08\/20150815Balen061-150x150.jpg 150w, https:\/\/fr.motocrossmag.be\/wp-content\/uploads\/2015\/08\/20150815Balen061-50x50.jpg 50w\" sizes=\"(max-width: 150px) 100vw, 150px\" \/><\/a>\n\t\t\t<\/div><\/figure><figure class='gallery-item'>\n\t\t\t<div class='gallery-icon landscape'>\n\t\t\t\t<a href='https:\/\/fr.motocrossmag.be\/index.php\/2015\/08\/photos-flanders-masters-of-motocross-a-balen\/20150815balen062\/'><img decoding=\"async\" width=\"150\" height=\"150\" src=\"https:\/\/fr.motocrossmag.be\/wp-content\/uploads\/2015\/08\/20150815Balen062-150x150.jpg\" class=\"attachment-thumbnail size-thumbnail\" alt=\"\" srcset=\"https:\/\/fr.motocrossmag.be\/wp-content\/uploads\/2015\/08\/20150815Balen062-150x150.jpg 150w, https:\/\/fr.motocrossmag.be\/wp-content\/uploads\/2015\/08\/20150815Balen062-50x50.jpg 50w\" sizes=\"(max-width: 150px) 100vw, 150px\" \/><\/a>\n\t\t\t<\/div><\/figure><figure class='gallery-item'>\n\t\t\t<div class='gallery-icon landscape'>\n\t\t\t\t<a href='https:\/\/fr.motocrossmag.be\/index.php\/2015\/08\/photos-flanders-masters-of-motocross-a-balen\/20150815balen063\/'><img decoding=\"async\" width=\"150\" height=\"150\" src=\"https:\/\/fr.motocrossmag.be\/wp-content\/uploads\/2015\/08\/20150815Balen063-150x150.jpg\" class=\"attachment-thumbnail size-thumbnail\" alt=\"\" srcset=\"https:\/\/fr.motocrossmag.be\/wp-content\/uploads\/2015\/08\/20150815Balen063-150x150.jpg 150w, https:\/\/fr.motocrossmag.be\/wp-content\/uploads\/2015\/08\/20150815Balen063-50x50.jpg 50w\" sizes=\"(max-width: 150px) 100vw, 150px\" \/><\/a>\n\t\t\t<\/div><\/figure><figure class='gallery-item'>\n\t\t\t<div class='gallery-icon landscape'>\n\t\t\t\t<a href='https:\/\/fr.motocrossmag.be\/index.php\/2015\/08\/photos-flanders-masters-of-motocross-a-balen\/20150815balen064\/'><img decoding=\"async\" width=\"150\" height=\"150\" src=\"https:\/\/fr.motocrossmag.be\/wp-content\/uploads\/2015\/08\/20150815Balen064-150x150.jpg\" class=\"attachment-thumbnail size-thumbnail\" alt=\"\" srcset=\"https:\/\/fr.motocrossmag.be\/wp-content\/uploads\/2015\/08\/20150815Balen064-150x150.jpg 150w, https:\/\/fr.motocrossmag.be\/wp-content\/uploads\/2015\/08\/20150815Balen064-50x50.jpg 50w\" sizes=\"(max-width: 150px) 100vw, 150px\" \/><\/a>\n\t\t\t<\/div><\/figure>\n\t\t<\/div>\n\n","protected":false},"excerpt":{"rendered":"<p>Retour en images sur l&rsquo;\u00e9dition 2015 du motocross international de Balen, les Flanders Masters of Motocross, disput\u00e9s ce samedi 15 ao\u00fbt sur le redoutable bac \u00e0 sable du Keiheuvel&#8230; Photos: F. Van Eeckhoven<\/p>\n","protected":false},"author":932,"featured_media":37651,"comment_status":"open","ping_status":"closed","sticky":false,"template":"","format":"standard","meta":{"tdm_status":"","tdm_grid_status":"","footnotes":""},"categories":[54,4,29,5,55,66,65],"tags":[],"class_list":["post-37643","post","type-post","status-publish","format-standard","has-post-thumbnail","category-actualite","category-motocross","category-fmb","category-news","category-news-actualite","category-photos","category-slideshow"],"yoast_head":"<!-- This site is optimized with the Yoast SEO plugin v28.3 - https:\/\/yoast.com\/product\/yoast-seo-wordpress\/ -->\n<title>Photos: Flanders Masters of Motocross \u00e0 Balen - Motocross - Enduro - Supermoto | MotocrossMag<\/title>\n<meta name=\"robots\" content=\"index, follow, max-snippet:-1, max-image-preview:large, max-video-preview:-1\" \/>\n<link rel=\"canonical\" href=\"https:\/\/fr.motocrossmag.be\/index.php\/2015\/08\/photos-flanders-masters-of-motocross-a-balen\/\" \/>\n<meta property=\"og:locale\" content=\"fr_FR\" \/>\n<meta property=\"og:type\" content=\"article\" \/>\n<meta property=\"og:title\" content=\"Photos: Flanders Masters of Motocross \u00e0 Balen - Motocross - Enduro - Supermoto | MotocrossMag\" \/>\n<meta property=\"og:description\" content=\"Retour en images sur l&rsquo;\u00e9dition 2015 du motocross international de Balen, les Flanders Masters of Motocross, disput\u00e9s ce samedi 15 ao\u00fbt sur le redoutable bac \u00e0 sable du Keiheuvel&#8230; Photos: F. Van Eeckhoven\" \/>\n<meta property=\"og:url\" content=\"https:\/\/fr.motocrossmag.be\/index.php\/2015\/08\/photos-flanders-masters-of-motocross-a-balen\/\" \/>\n<meta property=\"og:site_name\" content=\"Motocross - Enduro - Supermoto | MotocrossMag\" \/>\n<meta property=\"article:published_time\" content=\"2015-08-16T20:52:04+00:00\" \/>\n<meta property=\"og:image\" content=\"https:\/\/fr.motocrossmag.be\/wp-content\/uploads\/2015\/08\/20150815Balen008.jpg\" \/>\n\t<meta property=\"og:image:width\" content=\"1024\" \/>\n\t<meta property=\"og:image:height\" content=\"680\" \/>\n\t<meta property=\"og:image:type\" content=\"image\/jpeg\" \/>\n<meta name=\"author\" content=\"oliviere\" \/>\n<meta name=\"twitter:card\" content=\"summary_large_image\" \/>\n<meta name=\"twitter:label1\" content=\"\u00c9crit par\" \/>\n\t<meta name=\"twitter:data1\" content=\"oliviere\" \/>\n<script type=\"application\/ld+json\" class=\"yoast-schema-graph\">{\"@context\":\"https:\\\/\\\/schema.org\",\"@graph\":[{\"@type\":\"Article\",\"@id\":\"https:\\\/\\\/fr.motocrossmag.be\\\/index.php\\\/2015\\\/08\\\/photos-flanders-masters-of-motocross-a-balen\\\/#article\",\"isPartOf\":{\"@id\":\"https:\\\/\\\/fr.motocrossmag.be\\\/index.php\\\/2015\\\/08\\\/photos-flanders-masters-of-motocross-a-balen\\\/\"},\"author\":{\"name\":\"oliviere\",\"@id\":\"https:\\\/\\\/fr.motocrossmag.be\\\/#\\\/schema\\\/person\\\/11b47143d9f755babca2c9110e03235c\"},\"headline\":\"Photos: Flanders Masters of Motocross \u00e0 Balen\",\"datePublished\":\"2015-08-16T20:52:04+00:00\",\"mainEntityOfPage\":{\"@id\":\"https:\\\/\\\/fr.motocrossmag.be\\\/index.php\\\/2015\\\/08\\\/photos-flanders-masters-of-motocross-a-balen\\\/\"},\"wordCount\":41,\"commentCount\":0,\"image\":{\"@id\":\"https:\\\/\\\/fr.motocrossmag.be\\\/index.php\\\/2015\\\/08\\\/photos-flanders-masters-of-motocross-a-balen\\\/#primaryimage\"},\"thumbnailUrl\":\"https:\\\/\\\/fr.motocrossmag.be\\\/wp-content\\\/uploads\\\/2015\\\/08\\\/20150815Balen008.jpg\",\"articleSection\":[\"Actualit\u00e9\",\"Motocross\",\"Motocross FMB\",\"News\",\"News\",\"Photos\",\"Slideshow\"],\"inLanguage\":\"fr-FR\",\"potentialAction\":[{\"@type\":\"CommentAction\",\"name\":\"Comment\",\"target\":[\"https:\\\/\\\/fr.motocrossmag.be\\\/index.php\\\/2015\\\/08\\\/photos-flanders-masters-of-motocross-a-balen\\\/#respond\"]}]},{\"@type\":\"WebPage\",\"@id\":\"https:\\\/\\\/fr.motocrossmag.be\\\/index.php\\\/2015\\\/08\\\/photos-flanders-masters-of-motocross-a-balen\\\/\",\"url\":\"https:\\\/\\\/fr.motocrossmag.be\\\/index.php\\\/2015\\\/08\\\/photos-flanders-masters-of-motocross-a-balen\\\/\",\"name\":\"Photos: Flanders Masters of Motocross \u00e0 Balen - Motocross - Enduro - Supermoto | MotocrossMag\",\"isPartOf\":{\"@id\":\"https:\\\/\\\/fr.motocrossmag.be\\\/#website\"},\"primaryImageOfPage\":{\"@id\":\"https:\\\/\\\/fr.motocrossmag.be\\\/index.php\\\/2015\\\/08\\\/photos-flanders-masters-of-motocross-a-balen\\\/#primaryimage\"},\"image\":{\"@id\":\"https:\\\/\\\/fr.motocrossmag.be\\\/index.php\\\/2015\\\/08\\\/photos-flanders-masters-of-motocross-a-balen\\\/#primaryimage\"},\"thumbnailUrl\":\"https:\\\/\\\/fr.motocrossmag.be\\\/wp-content\\\/uploads\\\/2015\\\/08\\\/20150815Balen008.jpg\",\"datePublished\":\"2015-08-16T20:52:04+00:00\",\"author\":{\"@id\":\"https:\\\/\\\/fr.motocrossmag.be\\\/#\\\/schema\\\/person\\\/11b47143d9f755babca2c9110e03235c\"},\"breadcrumb\":{\"@id\":\"https:\\\/\\\/fr.motocrossmag.be\\\/index.php\\\/2015\\\/08\\\/photos-flanders-masters-of-motocross-a-balen\\\/#breadcrumb\"},\"inLanguage\":\"fr-FR\",\"potentialAction\":[{\"@type\":\"ReadAction\",\"target\":[\"https:\\\/\\\/fr.motocrossmag.be\\\/index.php\\\/2015\\\/08\\\/photos-flanders-masters-of-motocross-a-balen\\\/\"]}]},{\"@type\":\"ImageObject\",\"inLanguage\":\"fr-FR\",\"@id\":\"https:\\\/\\\/fr.motocrossmag.be\\\/index.php\\\/2015\\\/08\\\/photos-flanders-masters-of-motocross-a-balen\\\/#primaryimage\",\"url\":\"https:\\\/\\\/fr.motocrossmag.be\\\/wp-content\\\/uploads\\\/2015\\\/08\\\/20150815Balen008.jpg\",\"contentUrl\":\"https:\\\/\\\/fr.motocrossmag.be\\\/wp-content\\\/uploads\\\/2015\\\/08\\\/20150815Balen008.jpg\",\"width\":1024,\"height\":680},{\"@type\":\"BreadcrumbList\",\"@id\":\"https:\\\/\\\/fr.motocrossmag.be\\\/index.php\\\/2015\\\/08\\\/photos-flanders-masters-of-motocross-a-balen\\\/#breadcrumb\",\"itemListElement\":[{\"@type\":\"ListItem\",\"position\":1,\"name\":\"Accueil\",\"item\":\"https:\\\/\\\/fr.motocrossmag.be\\\/\"},{\"@type\":\"ListItem\",\"position\":2,\"name\":\"Photos: Flanders Masters of Motocross \u00e0 Balen\"}]},{\"@type\":\"WebSite\",\"@id\":\"https:\\\/\\\/fr.motocrossmag.be\\\/#website\",\"url\":\"https:\\\/\\\/fr.motocrossmag.be\\\/\",\"name\":\"Motocross - Enduro - Supermoto | MotocrossMag\",\"description\":\"L&#039;actualit\u00e9 du motocross, de l&#039;enduro et du Supermoto en ligne!\",\"potentialAction\":[{\"@type\":\"SearchAction\",\"target\":{\"@type\":\"EntryPoint\",\"urlTemplate\":\"https:\\\/\\\/fr.motocrossmag.be\\\/?s={search_term_string}\"},\"query-input\":{\"@type\":\"PropertyValueSpecification\",\"valueRequired\":true,\"valueName\":\"search_term_string\"}}],\"inLanguage\":\"fr-FR\"},{\"@type\":\"Person\",\"@id\":\"https:\\\/\\\/fr.motocrossmag.be\\\/#\\\/schema\\\/person\\\/11b47143d9f755babca2c9110e03235c\",\"name\":\"oliviere\",\"image\":{\"@type\":\"ImageObject\",\"inLanguage\":\"fr-FR\",\"@id\":\"https:\\\/\\\/secure.gravatar.com\\\/avatar\\\/907069e0b81d119452040469e4a7501da1100f54f7f80180ce77bfab718288f6?s=96&d=mm&r=g\",\"url\":\"https:\\\/\\\/secure.gravatar.com\\\/avatar\\\/907069e0b81d119452040469e4a7501da1100f54f7f80180ce77bfab718288f6?s=96&d=mm&r=g\",\"contentUrl\":\"https:\\\/\\\/secure.gravatar.com\\\/avatar\\\/907069e0b81d119452040469e4a7501da1100f54f7f80180ce77bfab718288f6?s=96&d=mm&r=g\",\"caption\":\"oliviere\"},\"sameAs\":[\"http:\\\/\\\/www.motocrossmag.be\"],\"url\":\"https:\\\/\\\/fr.motocrossmag.be\\\/index.php\\\/author\\\/oliviere\\\/\"}]}<\/script>\n<!-- \/ Yoast SEO plugin. -->","yoast_head_json":{"title":"Photos: Flanders Masters of Motocross \u00e0 Balen - Motocross - Enduro - Supermoto | MotocrossMag","robots":{"index":"index","follow":"follow","max-snippet":"max-snippet:-1","max-image-preview":"max-image-preview:large","max-video-preview":"max-video-preview:-1"},"canonical":"https:\/\/fr.motocrossmag.be\/index.php\/2015\/08\/photos-flanders-masters-of-motocross-a-balen\/","og_locale":"fr_FR","og_type":"article","og_title":"Photos: Flanders Masters of Motocross \u00e0 Balen - Motocross - Enduro - Supermoto | MotocrossMag","og_description":"Retour en images sur l&rsquo;\u00e9dition 2015 du motocross international de Balen, les Flanders Masters of Motocross, disput\u00e9s ce samedi 15 ao\u00fbt sur le redoutable bac \u00e0 sable du Keiheuvel&#8230; Photos: F. Van Eeckhoven","og_url":"https:\/\/fr.motocrossmag.be\/index.php\/2015\/08\/photos-flanders-masters-of-motocross-a-balen\/","og_site_name":"Motocross - Enduro - Supermoto | MotocrossMag","article_published_time":"2015-08-16T20:52:04+00:00","og_image":[{"width":1024,"height":680,"url":"https:\/\/fr.motocrossmag.be\/wp-content\/uploads\/2015\/08\/20150815Balen008.jpg","type":"image\/jpeg"}],"author":"oliviere","twitter_card":"summary_large_image","twitter_misc":{"\u00c9crit par":"oliviere"},"schema":{"@context":"https:\/\/schema.org","@graph":[{"@type":"Article","@id":"https:\/\/fr.motocrossmag.be\/index.php\/2015\/08\/photos-flanders-masters-of-motocross-a-balen\/#article","isPartOf":{"@id":"https:\/\/fr.motocrossmag.be\/index.php\/2015\/08\/photos-flanders-masters-of-motocross-a-balen\/"},"author":{"name":"oliviere","@id":"https:\/\/fr.motocrossmag.be\/#\/schema\/person\/11b47143d9f755babca2c9110e03235c"},"headline":"Photos: Flanders Masters of Motocross \u00e0 Balen","datePublished":"2015-08-16T20:52:04+00:00","mainEntityOfPage":{"@id":"https:\/\/fr.motocrossmag.be\/index.php\/2015\/08\/photos-flanders-masters-of-motocross-a-balen\/"},"wordCount":41,"commentCount":0,"image":{"@id":"https:\/\/fr.motocrossmag.be\/index.php\/2015\/08\/photos-flanders-masters-of-motocross-a-balen\/#primaryimage"},"thumbnailUrl":"https:\/\/fr.motocrossmag.be\/wp-content\/uploads\/2015\/08\/20150815Balen008.jpg","articleSection":["Actualit\u00e9","Motocross","Motocross FMB","News","News","Photos","Slideshow"],"inLanguage":"fr-FR","potentialAction":[{"@type":"CommentAction","name":"Comment","target":["https:\/\/fr.motocrossmag.be\/index.php\/2015\/08\/photos-flanders-masters-of-motocross-a-balen\/#respond"]}]},{"@type":"WebPage","@id":"https:\/\/fr.motocrossmag.be\/index.php\/2015\/08\/photos-flanders-masters-of-motocross-a-balen\/","url":"https:\/\/fr.motocrossmag.be\/index.php\/2015\/08\/photos-flanders-masters-of-motocross-a-balen\/","name":"Photos: Flanders Masters of Motocross \u00e0 Balen - Motocross - Enduro - Supermoto | MotocrossMag","isPartOf":{"@id":"https:\/\/fr.motocrossmag.be\/#website"},"primaryImageOfPage":{"@id":"https:\/\/fr.motocrossmag.be\/index.php\/2015\/08\/photos-flanders-masters-of-motocross-a-balen\/#primaryimage"},"image":{"@id":"https:\/\/fr.motocrossmag.be\/index.php\/2015\/08\/photos-flanders-masters-of-motocross-a-balen\/#primaryimage"},"thumbnailUrl":"https:\/\/fr.motocrossmag.be\/wp-content\/uploads\/2015\/08\/20150815Balen008.jpg","datePublished":"2015-08-16T20:52:04+00:00","author":{"@id":"https:\/\/fr.motocrossmag.be\/#\/schema\/person\/11b47143d9f755babca2c9110e03235c"},"breadcrumb":{"@id":"https:\/\/fr.motocrossmag.be\/index.php\/2015\/08\/photos-flanders-masters-of-motocross-a-balen\/#breadcrumb"},"inLanguage":"fr-FR","potentialAction":[{"@type":"ReadAction","target":["https:\/\/fr.motocrossmag.be\/index.php\/2015\/08\/photos-flanders-masters-of-motocross-a-balen\/"]}]},{"@type":"ImageObject","inLanguage":"fr-FR","@id":"https:\/\/fr.motocrossmag.be\/index.php\/2015\/08\/photos-flanders-masters-of-motocross-a-balen\/#primaryimage","url":"https:\/\/fr.motocrossmag.be\/wp-content\/uploads\/2015\/08\/20150815Balen008.jpg","contentUrl":"https:\/\/fr.motocrossmag.be\/wp-content\/uploads\/2015\/08\/20150815Balen008.jpg","width":1024,"height":680},{"@type":"BreadcrumbList","@id":"https:\/\/fr.motocrossmag.be\/index.php\/2015\/08\/photos-flanders-masters-of-motocross-a-balen\/#breadcrumb","itemListElement":[{"@type":"ListItem","position":1,"name":"Accueil","item":"https:\/\/fr.motocrossmag.be\/"},{"@type":"ListItem","position":2,"name":"Photos: Flanders Masters of Motocross \u00e0 Balen"}]},{"@type":"WebSite","@id":"https:\/\/fr.motocrossmag.be\/#website","url":"https:\/\/fr.motocrossmag.be\/","name":"Motocross - Enduro - Supermoto | MotocrossMag","description":"L&#039;actualit\u00e9 du motocross, de l&#039;enduro et du Supermoto en ligne!","potentialAction":[{"@type":"SearchAction","target":{"@type":"EntryPoint","urlTemplate":"https:\/\/fr.motocrossmag.be\/?s={search_term_string}"},"query-input":{"@type":"PropertyValueSpecification","valueRequired":true,"valueName":"search_term_string"}}],"inLanguage":"fr-FR"},{"@type":"Person","@id":"https:\/\/fr.motocrossmag.be\/#\/schema\/person\/11b47143d9f755babca2c9110e03235c","name":"oliviere","image":{"@type":"ImageObject","inLanguage":"fr-FR","@id":"https:\/\/secure.gravatar.com\/avatar\/907069e0b81d119452040469e4a7501da1100f54f7f80180ce77bfab718288f6?s=96&d=mm&r=g","url":"https:\/\/secure.gravatar.com\/avatar\/907069e0b81d119452040469e4a7501da1100f54f7f80180ce77bfab718288f6?s=96&d=mm&r=g","contentUrl":"https:\/\/secure.gravatar.com\/avatar\/907069e0b81d119452040469e4a7501da1100f54f7f80180ce77bfab718288f6?s=96&d=mm&r=g","caption":"oliviere"},"sameAs":["http:\/\/www.motocrossmag.be"],"url":"https:\/\/fr.motocrossmag.be\/index.php\/author\/oliviere\/"}]}},"_links":{"self":[{"href":"https:\/\/fr.motocrossmag.be\/index.php\/wp-json\/wp\/v2\/posts\/37643","targetHints":{"allow":["GET"]}}],"collection":[{"href":"https:\/\/fr.motocrossmag.be\/index.php\/wp-json\/wp\/v2\/posts"}],"about":[{"href":"https:\/\/fr.motocrossmag.be\/index.php\/wp-json\/wp\/v2\/types\/post"}],"author":[{"embeddable":true,"href":"https:\/\/fr.motocrossmag.be\/index.php\/wp-json\/wp\/v2\/users\/932"}],"replies":[{"embeddable":true,"href":"https:\/\/fr.motocrossmag.be\/index.php\/wp-json\/wp\/v2\/comments?post=37643"}],"version-history":[{"count":1,"href":"https:\/\/fr.motocrossmag.be\/index.php\/wp-json\/wp\/v2\/posts\/37643\/revisions"}],"predecessor-version":[{"id":37708,"href":"https:\/\/fr.motocrossmag.be\/index.php\/wp-json\/wp\/v2\/posts\/37643\/revisions\/37708"}],"wp:featuredmedia":[{"embeddable":true,"href":"https:\/\/fr.motocrossmag.be\/index.php\/wp-json\/wp\/v2\/media\/37651"}],"wp:attachment":[{"href":"https:\/\/fr.motocrossmag.be\/index.php\/wp-json\/wp\/v2\/media?parent=37643"}],"wp:term":[{"taxonomy":"category","embeddable":true,"href":"https:\/\/fr.motocrossmag.be\/index.php\/wp-json\/wp\/v2\/categories?post=37643"},{"taxonomy":"post_tag","embeddable":true,"href":"https:\/\/fr.motocrossmag.be\/index.php\/wp-json\/wp\/v2\/tags?post=37643"}],"curies":[{"name":"wp","href":"https:\/\/api.w.org\/{rel}","templated":true}]}}