{"id":3783,"date":"2009-05-15T23:06:16","date_gmt":"2009-05-15T22:06:16","guid":{"rendered":"http:\/\/www.motocrossmag.be\/?p=3783"},"modified":"2009-05-15T23:07:53","modified_gmt":"2009-05-15T22:07:53","slug":"motocross-mxgp-marnicq-bervoets-clement-desalle-peut-viser-une-premiere-victoire","status":"publish","type":"post","link":"https:\/\/fr.motocrossmag.be\/index.php\/2009\/05\/motocross-mxgp-marnicq-bervoets-clement-desalle-peut-viser-une-premiere-victoire\/","title":{"rendered":"Motocross MXGP | Marnicq Bervoets: \u00ab\u00a0Cl\u00e9ment Desalle peut viser une premi\u00e8re victoire\u00a0\u00bb"},"content":{"rendered":"<p>En arrivant &agrave; Bellpuig ce week-end pour la 6\u00e8me \u00e9preuve du championnat MXGP, Cl\u00e9ment Desalle compte bien confirmer ses excellentes manches du week-end pass\u00e9 au Portugal et tentera donc de monter sur un 3\u00e8me podium cette saison. \u00ab\u00a0Pourquoi pas une premi\u00e8re victoire de manche?\u00a0\u00bb s&rsquo;enthousiasme son manager sportif Marnicq Bervoets. \u00ab\u00a0Cl\u00e9ment roule vite sur tous les types de circuits, ce qui est &agrave; mon sens une belle illustration de son talent. Il a beau \u00eatre le plus jeune pilote du top-10 en MX1, il sait compenser son manque d&rsquo;exp\u00e9rience en roulant intelligemment.\u00a0\u00bb<\/p>\n<p><img decoding=\"async\" class=\"lazyload alignnone size-full wp-image-3784\" title=\"Marnicq Bervoets l'affirme: &quot;Cl\u00e9ment Desalle peut gagner!&quot;\" src=\"http:\/\/www.motocrossmag.be\/wp-content\/uploads\/2009\/05\/bervoets_portrait.jpg\" data-orig-src=\"http:\/\/www.motocrossmag.be\/wp-content\/uploads\/2009\/05\/bervoets_portrait.jpg\" alt=\"\" width=\"500\" height=\"296\" srcset=\"data:image\/svg+xml,%3Csvg%20xmlns%3D%27http%3A%2F%2Fwww.w3.org%2F2000%2Fsvg%27%20width%3D%27500%27%20height%3D%27296%27%20viewBox%3D%270%200%20500%20296%27%3E%3Crect%20width%3D%27500%27%20height%3D%27296%27%20fill-opacity%3D%220%22%2F%3E%3C%2Fsvg%3E\" data-srcset=\"https:\/\/fr.motocrossmag.be\/wp-content\/uploads\/2009\/05\/bervoets_portrait-300x177.jpg 300w, https:\/\/fr.motocrossmag.be\/wp-content\/uploads\/2009\/05\/bervoets_portrait.jpg 500w\" data-sizes=\"auto\" data-orig-sizes=\"(max-width: 500px) 100vw, 500px\" \/><\/p>\n<p>\u00ab\u00a0Il apprend tr\u00e8s vite et je crois qu&rsquo;actuellement, seuls Antonio Cairoli et Ken De Dycker sont plus rapides que lui. Aujourd&rsquo;hui, avec les nombreux pilotes bless\u00e9s, les chances de voir Cl\u00e9ment remporter une manche sont plus r\u00e9elles que jamais. Avec un peu de chance pour l&rsquo;aider, je suis persuad\u00e9 qu&rsquo;il peut gagner. Et peu importe si cela se passe ce week-end ou d&rsquo;ici la fin de saison mais je suis certain qu&rsquo;une victoire motiverait Cl\u00e9ment encore davantage!\u00a0\u00bb, poursuit Bervoets.<\/p>\n<p><img decoding=\"async\" class=\"lazyload alignnone size-full wp-image-3785\" title=\"Ce week-end &agrave; Bellpuig, Cl\u00e9ment Desalle tentera de confirmer son excellente prestation d\\'Agueda.\" src=\"http:\/\/www.motocrossmag.be\/wp-content\/uploads\/2009\/05\/desalle_action.jpg\" data-orig-src=\"http:\/\/www.motocrossmag.be\/wp-content\/uploads\/2009\/05\/desalle_action.jpg\" alt=\"\" width=\"500\" height=\"325\" srcset=\"data:image\/svg+xml,%3Csvg%20xmlns%3D%27http%3A%2F%2Fwww.w3.org%2F2000%2Fsvg%27%20width%3D%27500%27%20height%3D%27325%27%20viewBox%3D%270%200%20500%20325%27%3E%3Crect%20width%3D%27500%27%20height%3D%27325%27%20fill-opacity%3D%220%22%2F%3E%3C%2Fsvg%3E\" data-srcset=\"https:\/\/fr.motocrossmag.be\/wp-content\/uploads\/2009\/05\/desalle_action-300x195.jpg 300w, https:\/\/fr.motocrossmag.be\/wp-content\/uploads\/2009\/05\/desalle_action.jpg 500w\" data-sizes=\"auto\" data-orig-sizes=\"(max-width: 500px) 100vw, 500px\" \/><\/p>\n<p>Quant &agrave; Dennis Verbruggen, qui partage l&rsquo;auvent du team LS Motors avec Desalle et qui \u00e9volue lui aussi sous l&rsquo;oeil avis\u00e9 de l&rsquo;ancien multiple vice-champion du monde, ses prestations en MX2 manquent cruellement de constance: \u00ab\u00a0Avec Dennis, j&rsquo;ai l&rsquo;impression que nous sommes dans la procession d&rsquo;Echternach. Il fait un pas en avant, puis 2 en arri\u00e8re!. J&rsquo;aurais esp\u00e9r\u00e9 qu&rsquo;il continue sur la lanc\u00e9e de Valkenswaard, o\u00f9 ses r\u00e9sultats ont \u00e9t\u00e9 encourageants, mais il est \u00e9vident qu&rsquo;il a de grosses difficult\u00e9s. Pour lui, une seule solution pour sortir de l&rsquo;impasse dans laquelle il se trouve: bosser encore plus fort!\u00a0\u00bb, conclut Marnicq.<\/p>\n","protected":false},"excerpt":{"rendered":"<p>En arrivant &agrave; Bellpuig ce week-end pour la 6\u00e8me \u00e9preuve du championnat MXGP, Cl\u00e9ment Desalle compte bien confirmer ses excellentes manches du week-end pass\u00e9 au Portugal et tentera donc de [&#8230;]<\/p>\n","protected":false},"author":932,"featured_media":0,"comment_status":"open","ping_status":"closed","sticky":false,"template":"","format":"standard","meta":{"footnotes":""},"categories":[54,4,5,55],"tags":[],"class_list":["post-3783","post","type-post","status-publish","format-standard","hentry","category-actualite","category-motocross","category-news","category-news-actualite"],"yoast_head":"<!-- This site is optimized with the Yoast SEO plugin v27.4 - https:\/\/yoast.com\/product\/yoast-seo-wordpress\/ -->\n<title>Motocross MXGP | Marnicq Bervoets: &quot;Cl\u00e9ment Desalle peut viser une premi\u00e8re victoire&quot; - Motocross - Enduro - Supermoto | MotocrossMag<\/title>\n<meta name=\"robots\" content=\"index, follow, max-snippet:-1, max-image-preview:large, max-video-preview:-1\" \/>\n<link rel=\"canonical\" href=\"https:\/\/fr.motocrossmag.be\/index.php\/2009\/05\/motocross-mxgp-marnicq-bervoets-clement-desalle-peut-viser-une-premiere-victoire\/\" \/>\n<meta property=\"og:locale\" content=\"fr_FR\" \/>\n<meta property=\"og:type\" content=\"article\" \/>\n<meta property=\"og:title\" content=\"Motocross MXGP | Marnicq Bervoets: &quot;Cl\u00e9ment Desalle peut viser une premi\u00e8re victoire&quot; - Motocross - Enduro - Supermoto | MotocrossMag\" \/>\n<meta property=\"og:description\" content=\"En arrivant &agrave; Bellpuig ce week-end pour la 6\u00e8me \u00e9preuve du championnat MXGP, Cl\u00e9ment Desalle compte bien confirmer ses excellentes manches du week-end pass\u00e9 au Portugal et tentera donc de [...]\" \/>\n<meta property=\"og:url\" content=\"https:\/\/fr.motocrossmag.be\/index.php\/2009\/05\/motocross-mxgp-marnicq-bervoets-clement-desalle-peut-viser-une-premiere-victoire\/\" \/>\n<meta property=\"og:site_name\" content=\"Motocross - Enduro - Supermoto | MotocrossMag\" \/>\n<meta property=\"article:published_time\" content=\"2009-05-15T22:06:16+00:00\" \/>\n<meta property=\"article:modified_time\" content=\"2009-05-15T22:07:53+00:00\" \/>\n<meta property=\"og:image\" content=\"http:\/\/www.motocrossmag.be\/wp-content\/uploads\/2009\/05\/bervoets_portrait.jpg\" \/>\n<meta name=\"author\" content=\"oliviere\" \/>\n<meta name=\"twitter:card\" content=\"summary_large_image\" \/>\n<meta name=\"twitter:label1\" content=\"\u00c9crit par\" \/>\n\t<meta name=\"twitter:data1\" content=\"oliviere\" \/>\n\t<meta name=\"twitter:label2\" content=\"Dur\u00e9e de lecture estim\u00e9e\" \/>\n\t<meta name=\"twitter:data2\" content=\"1 minute\" \/>\n<script type=\"application\/ld+json\" class=\"yoast-schema-graph\">{\"@context\":\"https:\\\/\\\/schema.org\",\"@graph\":[{\"@type\":\"Article\",\"@id\":\"https:\\\/\\\/fr.motocrossmag.be\\\/index.php\\\/2009\\\/05\\\/motocross-mxgp-marnicq-bervoets-clement-desalle-peut-viser-une-premiere-victoire\\\/#article\",\"isPartOf\":{\"@id\":\"https:\\\/\\\/fr.motocrossmag.be\\\/index.php\\\/2009\\\/05\\\/motocross-mxgp-marnicq-bervoets-clement-desalle-peut-viser-une-premiere-victoire\\\/\"},\"author\":{\"name\":\"oliviere\",\"@id\":\"https:\\\/\\\/fr.motocrossmag.be\\\/#\\\/schema\\\/person\\\/11b47143d9f755babca2c9110e03235c\"},\"headline\":\"Motocross MXGP | Marnicq Bervoets: \u00ab\u00a0Cl\u00e9ment Desalle peut viser une premi\u00e8re victoire\u00a0\u00bb\",\"datePublished\":\"2009-05-15T22:06:16+00:00\",\"dateModified\":\"2009-05-15T22:07:53+00:00\",\"mainEntityOfPage\":{\"@id\":\"https:\\\/\\\/fr.motocrossmag.be\\\/index.php\\\/2009\\\/05\\\/motocross-mxgp-marnicq-bervoets-clement-desalle-peut-viser-une-premiere-victoire\\\/\"},\"wordCount\":315,\"commentCount\":0,\"image\":{\"@id\":\"https:\\\/\\\/fr.motocrossmag.be\\\/index.php\\\/2009\\\/05\\\/motocross-mxgp-marnicq-bervoets-clement-desalle-peut-viser-une-premiere-victoire\\\/#primaryimage\"},\"thumbnailUrl\":\"http:\\\/\\\/www.motocrossmag.be\\\/wp-content\\\/uploads\\\/2009\\\/05\\\/bervoets_portrait.jpg\",\"articleSection\":[\"Actualit\u00e9\",\"Motocross\",\"News\",\"News\"],\"inLanguage\":\"fr-FR\",\"potentialAction\":[{\"@type\":\"CommentAction\",\"name\":\"Comment\",\"target\":[\"https:\\\/\\\/fr.motocrossmag.be\\\/index.php\\\/2009\\\/05\\\/motocross-mxgp-marnicq-bervoets-clement-desalle-peut-viser-une-premiere-victoire\\\/#respond\"]}]},{\"@type\":\"WebPage\",\"@id\":\"https:\\\/\\\/fr.motocrossmag.be\\\/index.php\\\/2009\\\/05\\\/motocross-mxgp-marnicq-bervoets-clement-desalle-peut-viser-une-premiere-victoire\\\/\",\"url\":\"https:\\\/\\\/fr.motocrossmag.be\\\/index.php\\\/2009\\\/05\\\/motocross-mxgp-marnicq-bervoets-clement-desalle-peut-viser-une-premiere-victoire\\\/\",\"name\":\"Motocross MXGP | Marnicq Bervoets: \\\"Cl\u00e9ment Desalle peut viser une premi\u00e8re victoire\\\" - Motocross - Enduro - Supermoto | MotocrossMag\",\"isPartOf\":{\"@id\":\"https:\\\/\\\/fr.motocrossmag.be\\\/#website\"},\"primaryImageOfPage\":{\"@id\":\"https:\\\/\\\/fr.motocrossmag.be\\\/index.php\\\/2009\\\/05\\\/motocross-mxgp-marnicq-bervoets-clement-desalle-peut-viser-une-premiere-victoire\\\/#primaryimage\"},\"image\":{\"@id\":\"https:\\\/\\\/fr.motocrossmag.be\\\/index.php\\\/2009\\\/05\\\/motocross-mxgp-marnicq-bervoets-clement-desalle-peut-viser-une-premiere-victoire\\\/#primaryimage\"},\"thumbnailUrl\":\"http:\\\/\\\/www.motocrossmag.be\\\/wp-content\\\/uploads\\\/2009\\\/05\\\/bervoets_portrait.jpg\",\"datePublished\":\"2009-05-15T22:06:16+00:00\",\"dateModified\":\"2009-05-15T22:07:53+00:00\",\"author\":{\"@id\":\"https:\\\/\\\/fr.motocrossmag.be\\\/#\\\/schema\\\/person\\\/11b47143d9f755babca2c9110e03235c\"},\"breadcrumb\":{\"@id\":\"https:\\\/\\\/fr.motocrossmag.be\\\/index.php\\\/2009\\\/05\\\/motocross-mxgp-marnicq-bervoets-clement-desalle-peut-viser-une-premiere-victoire\\\/#breadcrumb\"},\"inLanguage\":\"fr-FR\",\"potentialAction\":[{\"@type\":\"ReadAction\",\"target\":[\"https:\\\/\\\/fr.motocrossmag.be\\\/index.php\\\/2009\\\/05\\\/motocross-mxgp-marnicq-bervoets-clement-desalle-peut-viser-une-premiere-victoire\\\/\"]}]},{\"@type\":\"ImageObject\",\"inLanguage\":\"fr-FR\",\"@id\":\"https:\\\/\\\/fr.motocrossmag.be\\\/index.php\\\/2009\\\/05\\\/motocross-mxgp-marnicq-bervoets-clement-desalle-peut-viser-une-premiere-victoire\\\/#primaryimage\",\"url\":\"http:\\\/\\\/www.motocrossmag.be\\\/wp-content\\\/uploads\\\/2009\\\/05\\\/bervoets_portrait.jpg\",\"contentUrl\":\"http:\\\/\\\/www.motocrossmag.be\\\/wp-content\\\/uploads\\\/2009\\\/05\\\/bervoets_portrait.jpg\"},{\"@type\":\"BreadcrumbList\",\"@id\":\"https:\\\/\\\/fr.motocrossmag.be\\\/index.php\\\/2009\\\/05\\\/motocross-mxgp-marnicq-bervoets-clement-desalle-peut-viser-une-premiere-victoire\\\/#breadcrumb\",\"itemListElement\":[{\"@type\":\"ListItem\",\"position\":1,\"name\":\"Accueil\",\"item\":\"https:\\\/\\\/fr.motocrossmag.be\\\/\"},{\"@type\":\"ListItem\",\"position\":2,\"name\":\"Motocross MXGP | Marnicq Bervoets: \u00ab\u00a0Cl\u00e9ment Desalle peut viser une premi\u00e8re victoire\u00a0\u00bb\"}]},{\"@type\":\"WebSite\",\"@id\":\"https:\\\/\\\/fr.motocrossmag.be\\\/#website\",\"url\":\"https:\\\/\\\/fr.motocrossmag.be\\\/\",\"name\":\"Motocross - Enduro - Supermoto | MotocrossMag\",\"description\":\"L&#039;actualit\u00e9 du motocross, de l&#039;enduro et du Supermoto en ligne!\",\"potentialAction\":[{\"@type\":\"SearchAction\",\"target\":{\"@type\":\"EntryPoint\",\"urlTemplate\":\"https:\\\/\\\/fr.motocrossmag.be\\\/?s={search_term_string}\"},\"query-input\":{\"@type\":\"PropertyValueSpecification\",\"valueRequired\":true,\"valueName\":\"search_term_string\"}}],\"inLanguage\":\"fr-FR\"},{\"@type\":\"Person\",\"@id\":\"https:\\\/\\\/fr.motocrossmag.be\\\/#\\\/schema\\\/person\\\/11b47143d9f755babca2c9110e03235c\",\"name\":\"oliviere\",\"image\":{\"@type\":\"ImageObject\",\"inLanguage\":\"fr-FR\",\"@id\":\"https:\\\/\\\/secure.gravatar.com\\\/avatar\\\/907069e0b81d119452040469e4a7501da1100f54f7f80180ce77bfab718288f6?s=96&d=mm&r=g\",\"url\":\"https:\\\/\\\/secure.gravatar.com\\\/avatar\\\/907069e0b81d119452040469e4a7501da1100f54f7f80180ce77bfab718288f6?s=96&d=mm&r=g\",\"contentUrl\":\"https:\\\/\\\/secure.gravatar.com\\\/avatar\\\/907069e0b81d119452040469e4a7501da1100f54f7f80180ce77bfab718288f6?s=96&d=mm&r=g\",\"caption\":\"oliviere\"},\"sameAs\":[\"http:\\\/\\\/www.motocrossmag.be\"],\"url\":\"https:\\\/\\\/fr.motocrossmag.be\\\/index.php\\\/author\\\/oliviere\\\/\"}]}<\/script>\n<!-- \/ Yoast SEO plugin. -->","yoast_head_json":{"title":"Motocross MXGP | Marnicq Bervoets: \"Cl\u00e9ment Desalle peut viser une premi\u00e8re victoire\" - Motocross - Enduro - Supermoto | MotocrossMag","robots":{"index":"index","follow":"follow","max-snippet":"max-snippet:-1","max-image-preview":"max-image-preview:large","max-video-preview":"max-video-preview:-1"},"canonical":"https:\/\/fr.motocrossmag.be\/index.php\/2009\/05\/motocross-mxgp-marnicq-bervoets-clement-desalle-peut-viser-une-premiere-victoire\/","og_locale":"fr_FR","og_type":"article","og_title":"Motocross MXGP | Marnicq Bervoets: \"Cl\u00e9ment Desalle peut viser une premi\u00e8re victoire\" - Motocross - Enduro - Supermoto | MotocrossMag","og_description":"En arrivant &agrave; Bellpuig ce week-end pour la 6\u00e8me \u00e9preuve du championnat MXGP, Cl\u00e9ment Desalle compte bien confirmer ses excellentes manches du week-end pass\u00e9 au Portugal et tentera donc de [...]","og_url":"https:\/\/fr.motocrossmag.be\/index.php\/2009\/05\/motocross-mxgp-marnicq-bervoets-clement-desalle-peut-viser-une-premiere-victoire\/","og_site_name":"Motocross - Enduro - Supermoto | MotocrossMag","article_published_time":"2009-05-15T22:06:16+00:00","article_modified_time":"2009-05-15T22:07:53+00:00","og_image":[{"url":"http:\/\/www.motocrossmag.be\/wp-content\/uploads\/2009\/05\/bervoets_portrait.jpg","type":"","width":"","height":""}],"author":"oliviere","twitter_card":"summary_large_image","twitter_misc":{"\u00c9crit par":"oliviere","Dur\u00e9e de lecture estim\u00e9e":"1 minute"},"schema":{"@context":"https:\/\/schema.org","@graph":[{"@type":"Article","@id":"https:\/\/fr.motocrossmag.be\/index.php\/2009\/05\/motocross-mxgp-marnicq-bervoets-clement-desalle-peut-viser-une-premiere-victoire\/#article","isPartOf":{"@id":"https:\/\/fr.motocrossmag.be\/index.php\/2009\/05\/motocross-mxgp-marnicq-bervoets-clement-desalle-peut-viser-une-premiere-victoire\/"},"author":{"name":"oliviere","@id":"https:\/\/fr.motocrossmag.be\/#\/schema\/person\/11b47143d9f755babca2c9110e03235c"},"headline":"Motocross MXGP | Marnicq Bervoets: \u00ab\u00a0Cl\u00e9ment Desalle peut viser une premi\u00e8re victoire\u00a0\u00bb","datePublished":"2009-05-15T22:06:16+00:00","dateModified":"2009-05-15T22:07:53+00:00","mainEntityOfPage":{"@id":"https:\/\/fr.motocrossmag.be\/index.php\/2009\/05\/motocross-mxgp-marnicq-bervoets-clement-desalle-peut-viser-une-premiere-victoire\/"},"wordCount":315,"commentCount":0,"image":{"@id":"https:\/\/fr.motocrossmag.be\/index.php\/2009\/05\/motocross-mxgp-marnicq-bervoets-clement-desalle-peut-viser-une-premiere-victoire\/#primaryimage"},"thumbnailUrl":"http:\/\/www.motocrossmag.be\/wp-content\/uploads\/2009\/05\/bervoets_portrait.jpg","articleSection":["Actualit\u00e9","Motocross","News","News"],"inLanguage":"fr-FR","potentialAction":[{"@type":"CommentAction","name":"Comment","target":["https:\/\/fr.motocrossmag.be\/index.php\/2009\/05\/motocross-mxgp-marnicq-bervoets-clement-desalle-peut-viser-une-premiere-victoire\/#respond"]}]},{"@type":"WebPage","@id":"https:\/\/fr.motocrossmag.be\/index.php\/2009\/05\/motocross-mxgp-marnicq-bervoets-clement-desalle-peut-viser-une-premiere-victoire\/","url":"https:\/\/fr.motocrossmag.be\/index.php\/2009\/05\/motocross-mxgp-marnicq-bervoets-clement-desalle-peut-viser-une-premiere-victoire\/","name":"Motocross MXGP | Marnicq Bervoets: \"Cl\u00e9ment Desalle peut viser une premi\u00e8re victoire\" - Motocross - Enduro - Supermoto | MotocrossMag","isPartOf":{"@id":"https:\/\/fr.motocrossmag.be\/#website"},"primaryImageOfPage":{"@id":"https:\/\/fr.motocrossmag.be\/index.php\/2009\/05\/motocross-mxgp-marnicq-bervoets-clement-desalle-peut-viser-une-premiere-victoire\/#primaryimage"},"image":{"@id":"https:\/\/fr.motocrossmag.be\/index.php\/2009\/05\/motocross-mxgp-marnicq-bervoets-clement-desalle-peut-viser-une-premiere-victoire\/#primaryimage"},"thumbnailUrl":"http:\/\/www.motocrossmag.be\/wp-content\/uploads\/2009\/05\/bervoets_portrait.jpg","datePublished":"2009-05-15T22:06:16+00:00","dateModified":"2009-05-15T22:07:53+00:00","author":{"@id":"https:\/\/fr.motocrossmag.be\/#\/schema\/person\/11b47143d9f755babca2c9110e03235c"},"breadcrumb":{"@id":"https:\/\/fr.motocrossmag.be\/index.php\/2009\/05\/motocross-mxgp-marnicq-bervoets-clement-desalle-peut-viser-une-premiere-victoire\/#breadcrumb"},"inLanguage":"fr-FR","potentialAction":[{"@type":"ReadAction","target":["https:\/\/fr.motocrossmag.be\/index.php\/2009\/05\/motocross-mxgp-marnicq-bervoets-clement-desalle-peut-viser-une-premiere-victoire\/"]}]},{"@type":"ImageObject","inLanguage":"fr-FR","@id":"https:\/\/fr.motocrossmag.be\/index.php\/2009\/05\/motocross-mxgp-marnicq-bervoets-clement-desalle-peut-viser-une-premiere-victoire\/#primaryimage","url":"http:\/\/www.motocrossmag.be\/wp-content\/uploads\/2009\/05\/bervoets_portrait.jpg","contentUrl":"http:\/\/www.motocrossmag.be\/wp-content\/uploads\/2009\/05\/bervoets_portrait.jpg"},{"@type":"BreadcrumbList","@id":"https:\/\/fr.motocrossmag.be\/index.php\/2009\/05\/motocross-mxgp-marnicq-bervoets-clement-desalle-peut-viser-une-premiere-victoire\/#breadcrumb","itemListElement":[{"@type":"ListItem","position":1,"name":"Accueil","item":"https:\/\/fr.motocrossmag.be\/"},{"@type":"ListItem","position":2,"name":"Motocross MXGP | Marnicq Bervoets: \u00ab\u00a0Cl\u00e9ment Desalle peut viser une premi\u00e8re victoire\u00a0\u00bb"}]},{"@type":"WebSite","@id":"https:\/\/fr.motocrossmag.be\/#website","url":"https:\/\/fr.motocrossmag.be\/","name":"Motocross - Enduro - Supermoto | MotocrossMag","description":"L&#039;actualit\u00e9 du motocross, de l&#039;enduro et du Supermoto en ligne!","potentialAction":[{"@type":"SearchAction","target":{"@type":"EntryPoint","urlTemplate":"https:\/\/fr.motocrossmag.be\/?s={search_term_string}"},"query-input":{"@type":"PropertyValueSpecification","valueRequired":true,"valueName":"search_term_string"}}],"inLanguage":"fr-FR"},{"@type":"Person","@id":"https:\/\/fr.motocrossmag.be\/#\/schema\/person\/11b47143d9f755babca2c9110e03235c","name":"oliviere","image":{"@type":"ImageObject","inLanguage":"fr-FR","@id":"https:\/\/secure.gravatar.com\/avatar\/907069e0b81d119452040469e4a7501da1100f54f7f80180ce77bfab718288f6?s=96&d=mm&r=g","url":"https:\/\/secure.gravatar.com\/avatar\/907069e0b81d119452040469e4a7501da1100f54f7f80180ce77bfab718288f6?s=96&d=mm&r=g","contentUrl":"https:\/\/secure.gravatar.com\/avatar\/907069e0b81d119452040469e4a7501da1100f54f7f80180ce77bfab718288f6?s=96&d=mm&r=g","caption":"oliviere"},"sameAs":["http:\/\/www.motocrossmag.be"],"url":"https:\/\/fr.motocrossmag.be\/index.php\/author\/oliviere\/"}]}},"_links":{"self":[{"href":"https:\/\/fr.motocrossmag.be\/index.php\/wp-json\/wp\/v2\/posts\/3783","targetHints":{"allow":["GET"]}}],"collection":[{"href":"https:\/\/fr.motocrossmag.be\/index.php\/wp-json\/wp\/v2\/posts"}],"about":[{"href":"https:\/\/fr.motocrossmag.be\/index.php\/wp-json\/wp\/v2\/types\/post"}],"author":[{"embeddable":true,"href":"https:\/\/fr.motocrossmag.be\/index.php\/wp-json\/wp\/v2\/users\/932"}],"replies":[{"embeddable":true,"href":"https:\/\/fr.motocrossmag.be\/index.php\/wp-json\/wp\/v2\/comments?post=3783"}],"version-history":[{"count":0,"href":"https:\/\/fr.motocrossmag.be\/index.php\/wp-json\/wp\/v2\/posts\/3783\/revisions"}],"wp:attachment":[{"href":"https:\/\/fr.motocrossmag.be\/index.php\/wp-json\/wp\/v2\/media?parent=3783"}],"wp:term":[{"taxonomy":"category","embeddable":true,"href":"https:\/\/fr.motocrossmag.be\/index.php\/wp-json\/wp\/v2\/categories?post=3783"},{"taxonomy":"post_tag","embeddable":true,"href":"https:\/\/fr.motocrossmag.be\/index.php\/wp-json\/wp\/v2\/tags?post=3783"}],"curies":[{"name":"wp","href":"https:\/\/api.w.org\/{rel}","templated":true}]}}