{"id":3820,"date":"2009-05-19T22:29:49","date_gmt":"2009-05-19T21:29:49","guid":{"rendered":"http:\/\/www.motocrossmag.be\/?p=3820"},"modified":"2009-05-19T22:29:49","modified_gmt":"2009-05-19T21:29:49","slug":"motocross-wmxgp-morane-de-barquindes-points-a-tout-prix","status":"publish","type":"post","link":"https:\/\/fr.motocrossmag.be\/index.php\/2009\/05\/motocross-wmxgp-morane-de-barquindes-points-a-tout-prix\/","title":{"rendered":"Motocross WMXGP | Morane de Barquin:\u00a0\u00bbDes points &agrave; tout prix!\u00a0\u00bb"},"content":{"rendered":"<p>Propuls\u00e9e cette saison dans le monde des GP au sein du team Diga Racing pour lequel elle dispute le championnat du monde f\u00e9minin, Morane de Barquin est pass\u00e9e tout pr\u00e8s de ses premiers points mondiaux we week-end &agrave; Bellpuig. \u00ab\u00a0En seconde manche, je suis rest\u00e9e &agrave; la 20\u00e8me place jusqu&rsquo;au dernier virage mais j&rsquo;ai fait une petite erreur et je me suis finalement retrouv\u00e9e 21\u00e8me!\u00a0\u00bb, explique-t-elle. \u00ab\u00a0Je suis d\u00e9\u00e7ue car, apr\u00e8s le premier GP &agrave; Sevlievo, j&rsquo;esp\u00e9rais vraiment marquer des points &agrave; Agueda ou &agrave; Bellpuig. Apr\u00e8s Sevlievo, j&rsquo;avais fait pas mal de progr\u00e8s et tout allait bien, jusqu&rsquo;&agrave; ce que je ne me casse la clavicule le 1er mai en championnat d&rsquo;Allemagne. On m&rsquo;a plac\u00e9 une plaque et des vis et, si au Portugal j&rsquo;ai d\u00e0\u00bb rouler sous anti-douleurs, je ne ressentais d\u00e9j&agrave; plus vraiment de g\u00eane ce week-end en Espagne. Je suis juste un peu d\u00e9franchie sur les sauts&#8230;\u00a0\u00bb<\/p>\n<p><img decoding=\"async\" class=\"lazyload alignnone size-full wp-image-3821\" title=\"Morane de Barquin esp\u00e8re marquer ses premiers points mondiaux &agrave; Ern\u00e9e, en France.\" src=\"http:\/\/www.motocrossmag.be\/wp-content\/uploads\/2009\/05\/debarquin.jpg\" data-orig-src=\"http:\/\/www.motocrossmag.be\/wp-content\/uploads\/2009\/05\/debarquin.jpg\" alt=\"\" width=\"500\" height=\"306\" srcset=\"data:image\/svg+xml,%3Csvg%20xmlns%3D%27http%3A%2F%2Fwww.w3.org%2F2000%2Fsvg%27%20width%3D%27500%27%20height%3D%27306%27%20viewBox%3D%270%200%20500%20306%27%3E%3Crect%20width%3D%27500%27%20height%3D%27306%27%20fill-opacity%3D%220%22%2F%3E%3C%2Fsvg%3E\" data-srcset=\"https:\/\/fr.motocrossmag.be\/wp-content\/uploads\/2009\/05\/debarquin-300x183.jpg 300w, https:\/\/fr.motocrossmag.be\/wp-content\/uploads\/2009\/05\/debarquin.jpg 500w\" data-sizes=\"auto\" data-orig-sizes=\"(max-width: 500px) 100vw, 500px\" \/><\/p>\n<p>Le prochain rendez-vous du mondial f\u00e9minin, ce sera en France &agrave; Ern\u00e9e les 6 et 7 juin prochains. Un 4\u00e8me GP dont Morane entend bien profiter pour marquer les premiers points qui lui ont \u00e9chapp\u00e9 de peu ce week-end: \u00ab\u00a0Il me faut des points &agrave; tout prix! Je ferai le maximum pour entrer dans le top-20 &agrave; Ern\u00e9e. Je sais que j&rsquo;en suis capable, m\u00eame si le niveau du mondial f\u00e9minin est tr\u00e8s \u00e9lev\u00e9 cette ann\u00e9e. Par rapport &agrave; l&rsquo;ann\u00e9e pass\u00e9e, les premi\u00e8res ont gagn\u00e9 plusieurs secondes au tour et cela fait une \u00e9norme diff\u00e9rence. Elles m&rsquo;impressionnent vraiment!\u00a0\u00bb<\/p>\n","protected":false},"excerpt":{"rendered":"<p>Propuls\u00e9e cette saison dans le monde des GP au sein du team Diga Racing pour lequel elle dispute le championnat du monde f\u00e9minin, Morane de Barquin est pass\u00e9e tout pr\u00e8s [&#8230;]<\/p>\n","protected":false},"author":932,"featured_media":0,"comment_status":"open","ping_status":"closed","sticky":false,"template":"","format":"standard","meta":{"footnotes":""},"categories":[54,4,5,55],"tags":[],"class_list":["post-3820","post","type-post","status-publish","format-standard","hentry","category-actualite","category-motocross","category-news","category-news-actualite"],"yoast_head":"<!-- This site is optimized with the Yoast SEO plugin v27.4 - https:\/\/yoast.com\/product\/yoast-seo-wordpress\/ -->\n<title>Motocross WMXGP | Morane de Barquin:&quot;Des points &agrave; tout prix!&quot; - Motocross - Enduro - Supermoto | MotocrossMag<\/title>\n<meta name=\"robots\" content=\"index, follow, max-snippet:-1, max-image-preview:large, max-video-preview:-1\" \/>\n<link rel=\"canonical\" href=\"https:\/\/fr.motocrossmag.be\/index.php\/2009\/05\/motocross-wmxgp-morane-de-barquindes-points-a-tout-prix\/\" \/>\n<meta property=\"og:locale\" content=\"fr_FR\" \/>\n<meta property=\"og:type\" content=\"article\" \/>\n<meta property=\"og:title\" content=\"Motocross WMXGP | Morane de Barquin:&quot;Des points &agrave; tout prix!&quot; - Motocross - Enduro - Supermoto | MotocrossMag\" \/>\n<meta property=\"og:description\" content=\"Propuls\u00e9e cette saison dans le monde des GP au sein du team Diga Racing pour lequel elle dispute le championnat du monde f\u00e9minin, Morane de Barquin est pass\u00e9e tout pr\u00e8s [...]\" \/>\n<meta property=\"og:url\" content=\"https:\/\/fr.motocrossmag.be\/index.php\/2009\/05\/motocross-wmxgp-morane-de-barquindes-points-a-tout-prix\/\" \/>\n<meta property=\"og:site_name\" content=\"Motocross - Enduro - Supermoto | MotocrossMag\" \/>\n<meta property=\"article:published_time\" content=\"2009-05-19T21:29:49+00:00\" \/>\n<meta property=\"og:image\" content=\"http:\/\/www.motocrossmag.be\/wp-content\/uploads\/2009\/05\/debarquin.jpg\" \/>\n<meta name=\"author\" content=\"oliviere\" \/>\n<meta name=\"twitter:card\" content=\"summary_large_image\" \/>\n<meta name=\"twitter:label1\" content=\"\u00c9crit par\" \/>\n\t<meta name=\"twitter:data1\" content=\"oliviere\" \/>\n\t<meta name=\"twitter:label2\" content=\"Dur\u00e9e de lecture estim\u00e9e\" \/>\n\t<meta name=\"twitter:data2\" content=\"1 minute\" \/>\n<script type=\"application\/ld+json\" class=\"yoast-schema-graph\">{\"@context\":\"https:\\\/\\\/schema.org\",\"@graph\":[{\"@type\":\"Article\",\"@id\":\"https:\\\/\\\/fr.motocrossmag.be\\\/index.php\\\/2009\\\/05\\\/motocross-wmxgp-morane-de-barquindes-points-a-tout-prix\\\/#article\",\"isPartOf\":{\"@id\":\"https:\\\/\\\/fr.motocrossmag.be\\\/index.php\\\/2009\\\/05\\\/motocross-wmxgp-morane-de-barquindes-points-a-tout-prix\\\/\"},\"author\":{\"name\":\"oliviere\",\"@id\":\"https:\\\/\\\/fr.motocrossmag.be\\\/#\\\/schema\\\/person\\\/11b47143d9f755babca2c9110e03235c\"},\"headline\":\"Motocross WMXGP | Morane de Barquin:\u00a0\u00bbDes points &agrave; tout prix!\u00a0\u00bb\",\"datePublished\":\"2009-05-19T21:29:49+00:00\",\"mainEntityOfPage\":{\"@id\":\"https:\\\/\\\/fr.motocrossmag.be\\\/index.php\\\/2009\\\/05\\\/motocross-wmxgp-morane-de-barquindes-points-a-tout-prix\\\/\"},\"wordCount\":294,\"commentCount\":0,\"image\":{\"@id\":\"https:\\\/\\\/fr.motocrossmag.be\\\/index.php\\\/2009\\\/05\\\/motocross-wmxgp-morane-de-barquindes-points-a-tout-prix\\\/#primaryimage\"},\"thumbnailUrl\":\"http:\\\/\\\/www.motocrossmag.be\\\/wp-content\\\/uploads\\\/2009\\\/05\\\/debarquin.jpg\",\"articleSection\":[\"Actualit\u00e9\",\"Motocross\",\"News\",\"News\"],\"inLanguage\":\"fr-FR\",\"potentialAction\":[{\"@type\":\"CommentAction\",\"name\":\"Comment\",\"target\":[\"https:\\\/\\\/fr.motocrossmag.be\\\/index.php\\\/2009\\\/05\\\/motocross-wmxgp-morane-de-barquindes-points-a-tout-prix\\\/#respond\"]}]},{\"@type\":\"WebPage\",\"@id\":\"https:\\\/\\\/fr.motocrossmag.be\\\/index.php\\\/2009\\\/05\\\/motocross-wmxgp-morane-de-barquindes-points-a-tout-prix\\\/\",\"url\":\"https:\\\/\\\/fr.motocrossmag.be\\\/index.php\\\/2009\\\/05\\\/motocross-wmxgp-morane-de-barquindes-points-a-tout-prix\\\/\",\"name\":\"Motocross WMXGP | Morane de Barquin:\\\"Des points &agrave; tout prix!\\\" - Motocross - Enduro - Supermoto | MotocrossMag\",\"isPartOf\":{\"@id\":\"https:\\\/\\\/fr.motocrossmag.be\\\/#website\"},\"primaryImageOfPage\":{\"@id\":\"https:\\\/\\\/fr.motocrossmag.be\\\/index.php\\\/2009\\\/05\\\/motocross-wmxgp-morane-de-barquindes-points-a-tout-prix\\\/#primaryimage\"},\"image\":{\"@id\":\"https:\\\/\\\/fr.motocrossmag.be\\\/index.php\\\/2009\\\/05\\\/motocross-wmxgp-morane-de-barquindes-points-a-tout-prix\\\/#primaryimage\"},\"thumbnailUrl\":\"http:\\\/\\\/www.motocrossmag.be\\\/wp-content\\\/uploads\\\/2009\\\/05\\\/debarquin.jpg\",\"datePublished\":\"2009-05-19T21:29:49+00:00\",\"author\":{\"@id\":\"https:\\\/\\\/fr.motocrossmag.be\\\/#\\\/schema\\\/person\\\/11b47143d9f755babca2c9110e03235c\"},\"breadcrumb\":{\"@id\":\"https:\\\/\\\/fr.motocrossmag.be\\\/index.php\\\/2009\\\/05\\\/motocross-wmxgp-morane-de-barquindes-points-a-tout-prix\\\/#breadcrumb\"},\"inLanguage\":\"fr-FR\",\"potentialAction\":[{\"@type\":\"ReadAction\",\"target\":[\"https:\\\/\\\/fr.motocrossmag.be\\\/index.php\\\/2009\\\/05\\\/motocross-wmxgp-morane-de-barquindes-points-a-tout-prix\\\/\"]}]},{\"@type\":\"ImageObject\",\"inLanguage\":\"fr-FR\",\"@id\":\"https:\\\/\\\/fr.motocrossmag.be\\\/index.php\\\/2009\\\/05\\\/motocross-wmxgp-morane-de-barquindes-points-a-tout-prix\\\/#primaryimage\",\"url\":\"http:\\\/\\\/www.motocrossmag.be\\\/wp-content\\\/uploads\\\/2009\\\/05\\\/debarquin.jpg\",\"contentUrl\":\"http:\\\/\\\/www.motocrossmag.be\\\/wp-content\\\/uploads\\\/2009\\\/05\\\/debarquin.jpg\"},{\"@type\":\"BreadcrumbList\",\"@id\":\"https:\\\/\\\/fr.motocrossmag.be\\\/index.php\\\/2009\\\/05\\\/motocross-wmxgp-morane-de-barquindes-points-a-tout-prix\\\/#breadcrumb\",\"itemListElement\":[{\"@type\":\"ListItem\",\"position\":1,\"name\":\"Accueil\",\"item\":\"https:\\\/\\\/fr.motocrossmag.be\\\/\"},{\"@type\":\"ListItem\",\"position\":2,\"name\":\"Motocross WMXGP | Morane de Barquin:\u00a0\u00bbDes points &agrave; tout prix!\u00a0\u00bb\"}]},{\"@type\":\"WebSite\",\"@id\":\"https:\\\/\\\/fr.motocrossmag.be\\\/#website\",\"url\":\"https:\\\/\\\/fr.motocrossmag.be\\\/\",\"name\":\"Motocross - Enduro - Supermoto | MotocrossMag\",\"description\":\"L&#039;actualit\u00e9 du motocross, de l&#039;enduro et du Supermoto en ligne!\",\"potentialAction\":[{\"@type\":\"SearchAction\",\"target\":{\"@type\":\"EntryPoint\",\"urlTemplate\":\"https:\\\/\\\/fr.motocrossmag.be\\\/?s={search_term_string}\"},\"query-input\":{\"@type\":\"PropertyValueSpecification\",\"valueRequired\":true,\"valueName\":\"search_term_string\"}}],\"inLanguage\":\"fr-FR\"},{\"@type\":\"Person\",\"@id\":\"https:\\\/\\\/fr.motocrossmag.be\\\/#\\\/schema\\\/person\\\/11b47143d9f755babca2c9110e03235c\",\"name\":\"oliviere\",\"image\":{\"@type\":\"ImageObject\",\"inLanguage\":\"fr-FR\",\"@id\":\"https:\\\/\\\/secure.gravatar.com\\\/avatar\\\/907069e0b81d119452040469e4a7501da1100f54f7f80180ce77bfab718288f6?s=96&d=mm&r=g\",\"url\":\"https:\\\/\\\/secure.gravatar.com\\\/avatar\\\/907069e0b81d119452040469e4a7501da1100f54f7f80180ce77bfab718288f6?s=96&d=mm&r=g\",\"contentUrl\":\"https:\\\/\\\/secure.gravatar.com\\\/avatar\\\/907069e0b81d119452040469e4a7501da1100f54f7f80180ce77bfab718288f6?s=96&d=mm&r=g\",\"caption\":\"oliviere\"},\"sameAs\":[\"http:\\\/\\\/www.motocrossmag.be\"],\"url\":\"https:\\\/\\\/fr.motocrossmag.be\\\/index.php\\\/author\\\/oliviere\\\/\"}]}<\/script>\n<!-- \/ Yoast SEO plugin. -->","yoast_head_json":{"title":"Motocross WMXGP | Morane de Barquin:\"Des points &agrave; tout prix!\" - Motocross - Enduro - Supermoto | MotocrossMag","robots":{"index":"index","follow":"follow","max-snippet":"max-snippet:-1","max-image-preview":"max-image-preview:large","max-video-preview":"max-video-preview:-1"},"canonical":"https:\/\/fr.motocrossmag.be\/index.php\/2009\/05\/motocross-wmxgp-morane-de-barquindes-points-a-tout-prix\/","og_locale":"fr_FR","og_type":"article","og_title":"Motocross WMXGP | Morane de Barquin:\"Des points &agrave; tout prix!\" - Motocross - Enduro - Supermoto | MotocrossMag","og_description":"Propuls\u00e9e cette saison dans le monde des GP au sein du team Diga Racing pour lequel elle dispute le championnat du monde f\u00e9minin, Morane de Barquin est pass\u00e9e tout pr\u00e8s [...]","og_url":"https:\/\/fr.motocrossmag.be\/index.php\/2009\/05\/motocross-wmxgp-morane-de-barquindes-points-a-tout-prix\/","og_site_name":"Motocross - Enduro - Supermoto | MotocrossMag","article_published_time":"2009-05-19T21:29:49+00:00","og_image":[{"url":"http:\/\/www.motocrossmag.be\/wp-content\/uploads\/2009\/05\/debarquin.jpg","type":"","width":"","height":""}],"author":"oliviere","twitter_card":"summary_large_image","twitter_misc":{"\u00c9crit par":"oliviere","Dur\u00e9e de lecture estim\u00e9e":"1 minute"},"schema":{"@context":"https:\/\/schema.org","@graph":[{"@type":"Article","@id":"https:\/\/fr.motocrossmag.be\/index.php\/2009\/05\/motocross-wmxgp-morane-de-barquindes-points-a-tout-prix\/#article","isPartOf":{"@id":"https:\/\/fr.motocrossmag.be\/index.php\/2009\/05\/motocross-wmxgp-morane-de-barquindes-points-a-tout-prix\/"},"author":{"name":"oliviere","@id":"https:\/\/fr.motocrossmag.be\/#\/schema\/person\/11b47143d9f755babca2c9110e03235c"},"headline":"Motocross WMXGP | Morane de Barquin:\u00a0\u00bbDes points &agrave; tout prix!\u00a0\u00bb","datePublished":"2009-05-19T21:29:49+00:00","mainEntityOfPage":{"@id":"https:\/\/fr.motocrossmag.be\/index.php\/2009\/05\/motocross-wmxgp-morane-de-barquindes-points-a-tout-prix\/"},"wordCount":294,"commentCount":0,"image":{"@id":"https:\/\/fr.motocrossmag.be\/index.php\/2009\/05\/motocross-wmxgp-morane-de-barquindes-points-a-tout-prix\/#primaryimage"},"thumbnailUrl":"http:\/\/www.motocrossmag.be\/wp-content\/uploads\/2009\/05\/debarquin.jpg","articleSection":["Actualit\u00e9","Motocross","News","News"],"inLanguage":"fr-FR","potentialAction":[{"@type":"CommentAction","name":"Comment","target":["https:\/\/fr.motocrossmag.be\/index.php\/2009\/05\/motocross-wmxgp-morane-de-barquindes-points-a-tout-prix\/#respond"]}]},{"@type":"WebPage","@id":"https:\/\/fr.motocrossmag.be\/index.php\/2009\/05\/motocross-wmxgp-morane-de-barquindes-points-a-tout-prix\/","url":"https:\/\/fr.motocrossmag.be\/index.php\/2009\/05\/motocross-wmxgp-morane-de-barquindes-points-a-tout-prix\/","name":"Motocross WMXGP | Morane de Barquin:\"Des points &agrave; tout prix!\" - Motocross - Enduro - Supermoto | MotocrossMag","isPartOf":{"@id":"https:\/\/fr.motocrossmag.be\/#website"},"primaryImageOfPage":{"@id":"https:\/\/fr.motocrossmag.be\/index.php\/2009\/05\/motocross-wmxgp-morane-de-barquindes-points-a-tout-prix\/#primaryimage"},"image":{"@id":"https:\/\/fr.motocrossmag.be\/index.php\/2009\/05\/motocross-wmxgp-morane-de-barquindes-points-a-tout-prix\/#primaryimage"},"thumbnailUrl":"http:\/\/www.motocrossmag.be\/wp-content\/uploads\/2009\/05\/debarquin.jpg","datePublished":"2009-05-19T21:29:49+00:00","author":{"@id":"https:\/\/fr.motocrossmag.be\/#\/schema\/person\/11b47143d9f755babca2c9110e03235c"},"breadcrumb":{"@id":"https:\/\/fr.motocrossmag.be\/index.php\/2009\/05\/motocross-wmxgp-morane-de-barquindes-points-a-tout-prix\/#breadcrumb"},"inLanguage":"fr-FR","potentialAction":[{"@type":"ReadAction","target":["https:\/\/fr.motocrossmag.be\/index.php\/2009\/05\/motocross-wmxgp-morane-de-barquindes-points-a-tout-prix\/"]}]},{"@type":"ImageObject","inLanguage":"fr-FR","@id":"https:\/\/fr.motocrossmag.be\/index.php\/2009\/05\/motocross-wmxgp-morane-de-barquindes-points-a-tout-prix\/#primaryimage","url":"http:\/\/www.motocrossmag.be\/wp-content\/uploads\/2009\/05\/debarquin.jpg","contentUrl":"http:\/\/www.motocrossmag.be\/wp-content\/uploads\/2009\/05\/debarquin.jpg"},{"@type":"BreadcrumbList","@id":"https:\/\/fr.motocrossmag.be\/index.php\/2009\/05\/motocross-wmxgp-morane-de-barquindes-points-a-tout-prix\/#breadcrumb","itemListElement":[{"@type":"ListItem","position":1,"name":"Accueil","item":"https:\/\/fr.motocrossmag.be\/"},{"@type":"ListItem","position":2,"name":"Motocross WMXGP | Morane de Barquin:\u00a0\u00bbDes points &agrave; tout prix!\u00a0\u00bb"}]},{"@type":"WebSite","@id":"https:\/\/fr.motocrossmag.be\/#website","url":"https:\/\/fr.motocrossmag.be\/","name":"Motocross - Enduro - Supermoto | MotocrossMag","description":"L&#039;actualit\u00e9 du motocross, de l&#039;enduro et du Supermoto en ligne!","potentialAction":[{"@type":"SearchAction","target":{"@type":"EntryPoint","urlTemplate":"https:\/\/fr.motocrossmag.be\/?s={search_term_string}"},"query-input":{"@type":"PropertyValueSpecification","valueRequired":true,"valueName":"search_term_string"}}],"inLanguage":"fr-FR"},{"@type":"Person","@id":"https:\/\/fr.motocrossmag.be\/#\/schema\/person\/11b47143d9f755babca2c9110e03235c","name":"oliviere","image":{"@type":"ImageObject","inLanguage":"fr-FR","@id":"https:\/\/secure.gravatar.com\/avatar\/907069e0b81d119452040469e4a7501da1100f54f7f80180ce77bfab718288f6?s=96&d=mm&r=g","url":"https:\/\/secure.gravatar.com\/avatar\/907069e0b81d119452040469e4a7501da1100f54f7f80180ce77bfab718288f6?s=96&d=mm&r=g","contentUrl":"https:\/\/secure.gravatar.com\/avatar\/907069e0b81d119452040469e4a7501da1100f54f7f80180ce77bfab718288f6?s=96&d=mm&r=g","caption":"oliviere"},"sameAs":["http:\/\/www.motocrossmag.be"],"url":"https:\/\/fr.motocrossmag.be\/index.php\/author\/oliviere\/"}]}},"_links":{"self":[{"href":"https:\/\/fr.motocrossmag.be\/index.php\/wp-json\/wp\/v2\/posts\/3820","targetHints":{"allow":["GET"]}}],"collection":[{"href":"https:\/\/fr.motocrossmag.be\/index.php\/wp-json\/wp\/v2\/posts"}],"about":[{"href":"https:\/\/fr.motocrossmag.be\/index.php\/wp-json\/wp\/v2\/types\/post"}],"author":[{"embeddable":true,"href":"https:\/\/fr.motocrossmag.be\/index.php\/wp-json\/wp\/v2\/users\/932"}],"replies":[{"embeddable":true,"href":"https:\/\/fr.motocrossmag.be\/index.php\/wp-json\/wp\/v2\/comments?post=3820"}],"version-history":[{"count":0,"href":"https:\/\/fr.motocrossmag.be\/index.php\/wp-json\/wp\/v2\/posts\/3820\/revisions"}],"wp:attachment":[{"href":"https:\/\/fr.motocrossmag.be\/index.php\/wp-json\/wp\/v2\/media?parent=3820"}],"wp:term":[{"taxonomy":"category","embeddable":true,"href":"https:\/\/fr.motocrossmag.be\/index.php\/wp-json\/wp\/v2\/categories?post=3820"},{"taxonomy":"post_tag","embeddable":true,"href":"https:\/\/fr.motocrossmag.be\/index.php\/wp-json\/wp\/v2\/tags?post=3820"}],"curies":[{"name":"wp","href":"https:\/\/api.w.org\/{rel}","templated":true}]}}