{"id":3835,"date":"2009-05-20T16:58:42","date_gmt":"2009-05-20T15:58:42","guid":{"rendered":"http:\/\/www.motocrossmag.be\/?p=3835"},"modified":"2009-05-20T17:07:55","modified_gmt":"2009-05-20T16:07:55","slug":"dark-dog-moto-tour-2009-fiorentino-delepine-et-despontin-au-moto-tour","status":"publish","type":"post","link":"https:\/\/fr.motocrossmag.be\/index.php\/2009\/05\/dark-dog-moto-tour-2009-fiorentino-delepine-et-despontin-au-moto-tour\/","title":{"rendered":"Dark Dog Moto Tour 2009 | Fiorentino, Del\u00e9pine et Despontin au Moto Tour"},"content":{"rendered":"<p>D\u00e8s demain jeudi 21 mai jusqu&rsquo;&agrave; samedi 23mai, la 3\u00e8me \u00e9dition du \u00ab\u00a0Dark Dog Moto Tour\u00a0\u00bb fera vibrer tous les fans de rallyes routiers. Une discipline qui, apr\u00e8s avoir connu son heure de gloire dans les annes 50, revient en force et qui s&rsquo;inspire tr\u00e8s largement du rallye automobile, avec des liaisons sur routes ouvertes &agrave; parcourir &agrave; la moyenne horaire de 50 km\/h, entrecoup\u00e9es d&rsquo;\u00e9tapes de s\u00e9lection (\u00e9tapes sp\u00e9ciales chronom\u00e9tr\u00e9es, \u00e9tapes \u00ab\u00a0show\u00a0\u00bb sur circuit et regularity test).<\/p>\n<p>Si le centre n\u00e9vralgique de l&rsquo;\u00e9preuve est situ\u00e9 sur le site de Francorchamps, les concurrents de ce 3\u00e8me Moto Tour feront \u00e9tape ce jeudi &agrave; Riemst, en Flandres, avant de rejoindre Ciney le lendemain pour terminer &agrave; Libramont le samedi 23 mai.<\/p>\n<p><img decoding=\"async\" class=\"lazyload alignnone size-full wp-image-3836\" title=\"Fred Fiorentino sera de nouveau un des grands animateurs du Moto Tour ces 21, 22 et 23 mai!\" src=\"http:\/\/www.motocrossmag.be\/wp-content\/uploads\/2009\/05\/ddmt_fiorentino.jpg\" data-orig-src=\"http:\/\/www.motocrossmag.be\/wp-content\/uploads\/2009\/05\/ddmt_fiorentino.jpg\" alt=\"\" width=\"500\" height=\"336\" srcset=\"data:image\/svg+xml,%3Csvg%20xmlns%3D%27http%3A%2F%2Fwww.w3.org%2F2000%2Fsvg%27%20width%3D%27500%27%20height%3D%27336%27%20viewBox%3D%270%200%20500%20336%27%3E%3Crect%20width%3D%27500%27%20height%3D%27336%27%20fill-opacity%3D%220%22%2F%3E%3C%2Fsvg%3E\" data-srcset=\"https:\/\/fr.motocrossmag.be\/wp-content\/uploads\/2009\/05\/ddmt_fiorentino-300x201.jpg 300w, https:\/\/fr.motocrossmag.be\/wp-content\/uploads\/2009\/05\/ddmt_fiorentino.jpg 500w\" data-sizes=\"auto\" data-orig-sizes=\"(max-width: 500px) 100vw, 500px\" \/><\/p>\n<p>Vainqueur des 2 premi\u00e8res \u00e9ditions, Fred Lejeune se pose naturellement comme le grand favori et d\u00e9sire r\u00e9ussir la passe de trois. Mais le pilote BMW sait aussi que des pilotes comme Gr\u00e9gory Fastr\u00e9 ou Fr\u00e9d\u00e9ric Fiorentino seront l&agrave; pour gagner.<br \/>\nSi Fiorentino a en effet anim\u00e9 les deux premi\u00e8res \u00e9ditions du Dark Dog Moto Tour, le Binchois n&rsquo;a malheureusement jamais termin\u00e9 sur le podium. Chaque fois, une petite erreur dans une base r\u00e9gularit\u00e9 ou une incompr\u00e9hension du r\u00e8glement l&rsquo;a envoy\u00e9 au c\u00c5\u201cur du peloton. Il reste pourtant l&rsquo;un des favoris de la comp\u00e9tition de ce cong\u00e9 d&rsquo;Ascension et promet, cette fois, de redoubler d&rsquo;attention : \u00ab on croit toujours trop vite que l&rsquo;on a gagn\u00e9 ! \u00bb.<\/p>\n<p><strong>Plus de 1000km de reconnaissance<\/strong><\/p>\n<p>En tout cas, il a mis tous les atouts dans son jeu et vient d&rsquo;accomplir plus de 1000 Km en reconnaissance.<br \/>\n\u00ab L&rsquo;ensemble des sp\u00e9ciales est tr\u00e8s \u00e9quitable et ne favorise pas l&rsquo;un ou l&rsquo;autre type de motos. Il y a naturellement des choses &agrave; dire notamment sur le premier chrono de Theux. Je le qualifierai de tr\u00e8s risqu\u00e9 car cette petite route est actuellement emprunt\u00e9e par nombre d&rsquo;automobilistes voulant \u00e9viter les travaux du carrefour de Theux. Cons\u00e9quences : ils ram\u00e8nent la boue des bas-c\u00f4t\u00e9s et, en plus, creusent davantage les nids de poules de la chauss\u00e9e. Dans la r\u00e9gion, d&rsquo;autres routes, en meilleur \u00e9tat, pouvaient \u00eatre exploit\u00e9es. Je crains que certains imp\u00e9tueux ne terminent leur rallye d\u00e8s ce premier contre la montre. Lors du briefing, il faudra bien insister sur la s\u00e9curit\u00e9 et expliquer que la course comporte d&rsquo;autres \u00e9tapes de s\u00e9lection.<br \/>\nLes tron\u00e7ons chronos au sud du pays sont d&rsquo;un autre acabit, mais l&rsquo;adh\u00e9rence change tout le temps. Il suffit qu&rsquo;un tracteur quitte un champ pour d\u00e9poser un paquet de boue dans un virage masqu\u00e9. Partout, il faudra toujours rouler &agrave; 95% de ses capacit\u00e9s.<br \/>\nComme les sp\u00e9ciales sont courtes, les diff\u00e9rences ne seront pas grandes et les bases r\u00e9gularit\u00e9 permettront aux meilleurs pilotes de se d\u00e9tacher du peloton. Ce n&rsquo;est pas toujours le plus rapide qui l&#8217;emporte.<br \/>\nOn annonce aussi une \u00e9tape surprise le vendredi soir. Je n&rsquo;aime pas ce genre de surprise car on ne sait jamais sur quoi on va tomber&#8230; En d\u00e9but de rallye, G\u00e9rald Del\u00e9pine et Micka Despontin devraient profiter des \u00e9tapes de Theux et de Kanne qui correspondent &agrave; leur pilotage d&rsquo;ex-motocrossmen pour se porter &agrave; l&rsquo;avant ! \u00bb<\/p>\n<p><img decoding=\"async\" class=\"lazyload alignnone size-full wp-image-3837\" title=\"G\u00e9rald Del\u00e9pine d\u00e9couvrira le Moto Tour au guidon d\\'une Husqvarna officielle.\" src=\"http:\/\/www.motocrossmag.be\/wp-content\/uploads\/2009\/05\/ddmt_delepine.jpg\" data-orig-src=\"http:\/\/www.motocrossmag.be\/wp-content\/uploads\/2009\/05\/ddmt_delepine.jpg\" alt=\"\" width=\"500\" height=\"333\" srcset=\"data:image\/svg+xml,%3Csvg%20xmlns%3D%27http%3A%2F%2Fwww.w3.org%2F2000%2Fsvg%27%20width%3D%27500%27%20height%3D%27333%27%20viewBox%3D%270%200%20500%20333%27%3E%3Crect%20width%3D%27500%27%20height%3D%27333%27%20fill-opacity%3D%220%22%2F%3E%3C%2Fsvg%3E\" data-srcset=\"https:\/\/fr.motocrossmag.be\/wp-content\/uploads\/2009\/05\/ddmt_delepine-300x200.jpg 300w, https:\/\/fr.motocrossmag.be\/wp-content\/uploads\/2009\/05\/ddmt_delepine.jpg 1070w\" data-sizes=\"auto\" data-orig-sizes=\"(max-width: 500px) 100vw, 500px\" \/><\/p>\n<p><strong>D\u00e9couverte pour Del\u00e9pine et Despontin<\/strong><\/p>\n<p>Deux nouveaux noms ont en effet fait leur apparition cette ann\u00e9e parmi les pr\u00e9tendants au podium final puisque G\u00e9rald Del\u00e9pine et Mika\u00ebl Despontin feront leurs grands d\u00e9buts sur le Dark Dog Moto Tour.<br \/>\n \u00ab Je suis chaud, bouillant ! \u00bb  lance G\u00e9rald Del\u00e9pine. A quelques heures du d\u00e9part, cette simple d\u00e9claration d\u00e9finit parfaitement l&rsquo;\u00e9tat actuel de G\u00e9rald Del\u00e9pine. Notre ex-champion du monde Supermoto, et toujours vedette de la sp\u00e9cialit\u00e9, est impatient. C&rsquo;est &agrave; la demande de Husqvarna, son employeur habituel, qu&rsquo;il s&rsquo;alignera au guidon d&rsquo;une Supermotard 510. Et ce n&rsquo;est pas pour lui d\u00e9plaire. \u00ab Il s&rsquo;agit d&rsquo;une machine identique &agrave; celle que j&rsquo;exploite au Mondial, mais de s\u00e9rie et destin\u00e9e &agrave; un emploi routier. Je suis donc en terrain de connaissances.<\/p>\n<p><img decoding=\"async\" class=\"lazyload alignnone size-full wp-image-211\" title=\"Mika\u00ebl Despontin quittera les banderoles des sp\u00e9ciales d\\'enduro le temps d\\'un week-end afin de d\u00e9couvrir le Moto Tour au guidon d\\'une Husaberg 570.\" src=\"data:image\/svg+xml,%3Csvg%20xmlns%3D%27http%3A%2F%2Fwww.w3.org%2F2000%2Fsvg%27%20width%3D%27500%27%20height%3D%27319%27%20viewBox%3D%270%200%20500%20319%27%3E%3Crect%20width%3D%27500%27%20height%3D%27319%27%20fill-opacity%3D%220%22%2F%3E%3C%2Fsvg%3E\" data-orig-src=\"http:\/\/www.motocrossmag.be\/wp-content\/uploads\/2008\/03\/orp_edito.jpg\" alt=\"\" width=\"500\" height=\"319\" \/><\/p>\n<p>\u00ab\u00a0On a d\u00e9j&agrave; \u00e9crit que l&rsquo;\u00e9preuve finale sur le circuit de karting de Francorchamps au soir de la premi\u00e8re \u00e9tape \u00e9tait taill\u00e9e pour moi. C&rsquo;est vite dit ! Sans doute suis-je un habitu\u00e9 de cette piste, mais au guidon de mon proto d&rsquo;usine ! C&rsquo;est-&agrave;-dire avec des pneus slicks, des suspensions r\u00e9gl\u00e9es exclusivement pour cet exercice, un tout qui offre bien plus de grip que celui d&rsquo;une machine de s\u00e9rie. Les manches se d\u00e9roulent aussi dans la fra\u00eecheur de la nuit, donc sur un asphalte plus humide, \u00e9l\u00e9ment dont il faudra tenir compte. Et puis, Fred Fiorentino conna\u00eet \u00e9galement tr\u00e8s bien cette piste et Fred Lejeune vient de s&rsquo;y entra\u00eener plusieurs heures. Tout le monde ira vite !<br \/>\nSimplement, au long de ces trois jours, je tenterai de faire de mon mieux. Je ne suis pas habitu\u00e9 aux \u00e9tapes routi\u00e8res et journali\u00e8res de 500 km et les premi\u00e8res reconnaissances en sp\u00e9ciales m&rsquo;ont impressionn\u00e9. Ce sont des routes de tracteurs, souvent assez rapides o\u00f9 il n&rsquo;est pas question de commettre la moindre erreur sous peine de sorties. Normalement, je devrais \u00eatre dans le coup. \u00bb <\/p>\n<p>Quant &agrave; notre \u00ab\u00a0test rider\u00a0\u00bb Mika\u00ebl Despontin, c&rsquo;est au guidon d&rsquo;une Husaberg 570 pr\u00e9par\u00e9e par Jean-Claude P\u00eacheur et \u00e9quip\u00e9e de suspensions et de roues WDS qu&rsquo;il d\u00e9couvrira le Moto Tour. <\/p>\n<p>Un spectacle qui vaudra le d\u00e9tour et qui a le m\u00e9rite d&rsquo;\u00eatre 100% gratuit! A ne pas manquer&#8230;<\/p>\n<p>&gt;&gt; <a href=\"http:\/\/www.darkdogmototour.be\" target=\"_blank\">www.darkdogmototour.be<\/a><\/p>\n","protected":false},"excerpt":{"rendered":"<p>D\u00e8s demain jeudi 21 mai jusqu&rsquo;&agrave; samedi 23mai, la 3\u00e8me \u00e9dition du \u00ab\u00a0Dark Dog Moto Tour\u00a0\u00bb fera vibrer tous les fans de rallyes routiers. Une discipline qui, apr\u00e8s avoir connu [&#8230;]<\/p>\n","protected":false},"author":932,"featured_media":0,"comment_status":"open","ping_status":"closed","sticky":false,"template":"","format":"standard","meta":{"footnotes":""},"categories":[54,55],"tags":[],"class_list":["post-3835","post","type-post","status-publish","format-standard","hentry","category-actualite","category-news-actualite"],"yoast_head":"<!-- This site is optimized with the Yoast SEO plugin v27.4 - https:\/\/yoast.com\/product\/yoast-seo-wordpress\/ -->\n<title>Dark Dog Moto Tour 2009 | Fiorentino, Del\u00e9pine et Despontin au Moto Tour - Motocross - Enduro - Supermoto | MotocrossMag<\/title>\n<meta name=\"robots\" content=\"index, follow, max-snippet:-1, max-image-preview:large, max-video-preview:-1\" \/>\n<link rel=\"canonical\" href=\"https:\/\/fr.motocrossmag.be\/index.php\/2009\/05\/dark-dog-moto-tour-2009-fiorentino-delepine-et-despontin-au-moto-tour\/\" \/>\n<meta property=\"og:locale\" content=\"fr_FR\" \/>\n<meta property=\"og:type\" content=\"article\" \/>\n<meta property=\"og:title\" content=\"Dark Dog Moto Tour 2009 | Fiorentino, Del\u00e9pine et Despontin au Moto Tour - Motocross - Enduro - Supermoto | MotocrossMag\" \/>\n<meta property=\"og:description\" content=\"D\u00e8s demain jeudi 21 mai jusqu&rsquo;&agrave; samedi 23mai, la 3\u00e8me \u00e9dition du \u00ab\u00a0Dark Dog Moto Tour\u00a0\u00bb fera vibrer tous les fans de rallyes routiers. Une discipline qui, apr\u00e8s avoir connu [...]\" \/>\n<meta property=\"og:url\" content=\"https:\/\/fr.motocrossmag.be\/index.php\/2009\/05\/dark-dog-moto-tour-2009-fiorentino-delepine-et-despontin-au-moto-tour\/\" \/>\n<meta property=\"og:site_name\" content=\"Motocross - Enduro - Supermoto | MotocrossMag\" \/>\n<meta property=\"article:published_time\" content=\"2009-05-20T15:58:42+00:00\" \/>\n<meta property=\"article:modified_time\" content=\"2009-05-20T16:07:55+00:00\" \/>\n<meta property=\"og:image\" content=\"http:\/\/www.motocrossmag.be\/wp-content\/uploads\/2009\/05\/ddmt_fiorentino.jpg\" \/>\n<meta name=\"author\" content=\"oliviere\" \/>\n<meta name=\"twitter:card\" content=\"summary_large_image\" \/>\n<meta name=\"twitter:label1\" content=\"\u00c9crit par\" \/>\n\t<meta name=\"twitter:data1\" content=\"oliviere\" \/>\n\t<meta name=\"twitter:label2\" content=\"Dur\u00e9e de lecture estim\u00e9e\" \/>\n\t<meta name=\"twitter:data2\" content=\"5 minutes\" \/>\n<script type=\"application\/ld+json\" class=\"yoast-schema-graph\">{\"@context\":\"https:\\\/\\\/schema.org\",\"@graph\":[{\"@type\":\"Article\",\"@id\":\"https:\\\/\\\/fr.motocrossmag.be\\\/index.php\\\/2009\\\/05\\\/dark-dog-moto-tour-2009-fiorentino-delepine-et-despontin-au-moto-tour\\\/#article\",\"isPartOf\":{\"@id\":\"https:\\\/\\\/fr.motocrossmag.be\\\/index.php\\\/2009\\\/05\\\/dark-dog-moto-tour-2009-fiorentino-delepine-et-despontin-au-moto-tour\\\/\"},\"author\":{\"name\":\"oliviere\",\"@id\":\"https:\\\/\\\/fr.motocrossmag.be\\\/#\\\/schema\\\/person\\\/11b47143d9f755babca2c9110e03235c\"},\"headline\":\"Dark Dog Moto Tour 2009 | Fiorentino, Del\u00e9pine et Despontin au Moto Tour\",\"datePublished\":\"2009-05-20T15:58:42+00:00\",\"dateModified\":\"2009-05-20T16:07:55+00:00\",\"mainEntityOfPage\":{\"@id\":\"https:\\\/\\\/fr.motocrossmag.be\\\/index.php\\\/2009\\\/05\\\/dark-dog-moto-tour-2009-fiorentino-delepine-et-despontin-au-moto-tour\\\/\"},\"wordCount\":1009,\"commentCount\":0,\"image\":{\"@id\":\"https:\\\/\\\/fr.motocrossmag.be\\\/index.php\\\/2009\\\/05\\\/dark-dog-moto-tour-2009-fiorentino-delepine-et-despontin-au-moto-tour\\\/#primaryimage\"},\"thumbnailUrl\":\"http:\\\/\\\/www.motocrossmag.be\\\/wp-content\\\/uploads\\\/2009\\\/05\\\/ddmt_fiorentino.jpg\",\"articleSection\":[\"Actualit\u00e9\",\"News\"],\"inLanguage\":\"fr-FR\",\"potentialAction\":[{\"@type\":\"CommentAction\",\"name\":\"Comment\",\"target\":[\"https:\\\/\\\/fr.motocrossmag.be\\\/index.php\\\/2009\\\/05\\\/dark-dog-moto-tour-2009-fiorentino-delepine-et-despontin-au-moto-tour\\\/#respond\"]}]},{\"@type\":\"WebPage\",\"@id\":\"https:\\\/\\\/fr.motocrossmag.be\\\/index.php\\\/2009\\\/05\\\/dark-dog-moto-tour-2009-fiorentino-delepine-et-despontin-au-moto-tour\\\/\",\"url\":\"https:\\\/\\\/fr.motocrossmag.be\\\/index.php\\\/2009\\\/05\\\/dark-dog-moto-tour-2009-fiorentino-delepine-et-despontin-au-moto-tour\\\/\",\"name\":\"Dark Dog Moto Tour 2009 | Fiorentino, Del\u00e9pine et Despontin au Moto Tour - Motocross - Enduro - Supermoto | MotocrossMag\",\"isPartOf\":{\"@id\":\"https:\\\/\\\/fr.motocrossmag.be\\\/#website\"},\"primaryImageOfPage\":{\"@id\":\"https:\\\/\\\/fr.motocrossmag.be\\\/index.php\\\/2009\\\/05\\\/dark-dog-moto-tour-2009-fiorentino-delepine-et-despontin-au-moto-tour\\\/#primaryimage\"},\"image\":{\"@id\":\"https:\\\/\\\/fr.motocrossmag.be\\\/index.php\\\/2009\\\/05\\\/dark-dog-moto-tour-2009-fiorentino-delepine-et-despontin-au-moto-tour\\\/#primaryimage\"},\"thumbnailUrl\":\"http:\\\/\\\/www.motocrossmag.be\\\/wp-content\\\/uploads\\\/2009\\\/05\\\/ddmt_fiorentino.jpg\",\"datePublished\":\"2009-05-20T15:58:42+00:00\",\"dateModified\":\"2009-05-20T16:07:55+00:00\",\"author\":{\"@id\":\"https:\\\/\\\/fr.motocrossmag.be\\\/#\\\/schema\\\/person\\\/11b47143d9f755babca2c9110e03235c\"},\"breadcrumb\":{\"@id\":\"https:\\\/\\\/fr.motocrossmag.be\\\/index.php\\\/2009\\\/05\\\/dark-dog-moto-tour-2009-fiorentino-delepine-et-despontin-au-moto-tour\\\/#breadcrumb\"},\"inLanguage\":\"fr-FR\",\"potentialAction\":[{\"@type\":\"ReadAction\",\"target\":[\"https:\\\/\\\/fr.motocrossmag.be\\\/index.php\\\/2009\\\/05\\\/dark-dog-moto-tour-2009-fiorentino-delepine-et-despontin-au-moto-tour\\\/\"]}]},{\"@type\":\"ImageObject\",\"inLanguage\":\"fr-FR\",\"@id\":\"https:\\\/\\\/fr.motocrossmag.be\\\/index.php\\\/2009\\\/05\\\/dark-dog-moto-tour-2009-fiorentino-delepine-et-despontin-au-moto-tour\\\/#primaryimage\",\"url\":\"http:\\\/\\\/www.motocrossmag.be\\\/wp-content\\\/uploads\\\/2009\\\/05\\\/ddmt_fiorentino.jpg\",\"contentUrl\":\"http:\\\/\\\/www.motocrossmag.be\\\/wp-content\\\/uploads\\\/2009\\\/05\\\/ddmt_fiorentino.jpg\"},{\"@type\":\"BreadcrumbList\",\"@id\":\"https:\\\/\\\/fr.motocrossmag.be\\\/index.php\\\/2009\\\/05\\\/dark-dog-moto-tour-2009-fiorentino-delepine-et-despontin-au-moto-tour\\\/#breadcrumb\",\"itemListElement\":[{\"@type\":\"ListItem\",\"position\":1,\"name\":\"Accueil\",\"item\":\"https:\\\/\\\/fr.motocrossmag.be\\\/\"},{\"@type\":\"ListItem\",\"position\":2,\"name\":\"Dark Dog Moto Tour 2009 | Fiorentino, Del\u00e9pine et Despontin au Moto Tour\"}]},{\"@type\":\"WebSite\",\"@id\":\"https:\\\/\\\/fr.motocrossmag.be\\\/#website\",\"url\":\"https:\\\/\\\/fr.motocrossmag.be\\\/\",\"name\":\"Motocross - Enduro - Supermoto | MotocrossMag\",\"description\":\"L&#039;actualit\u00e9 du motocross, de l&#039;enduro et du Supermoto en ligne!\",\"potentialAction\":[{\"@type\":\"SearchAction\",\"target\":{\"@type\":\"EntryPoint\",\"urlTemplate\":\"https:\\\/\\\/fr.motocrossmag.be\\\/?s={search_term_string}\"},\"query-input\":{\"@type\":\"PropertyValueSpecification\",\"valueRequired\":true,\"valueName\":\"search_term_string\"}}],\"inLanguage\":\"fr-FR\"},{\"@type\":\"Person\",\"@id\":\"https:\\\/\\\/fr.motocrossmag.be\\\/#\\\/schema\\\/person\\\/11b47143d9f755babca2c9110e03235c\",\"name\":\"oliviere\",\"image\":{\"@type\":\"ImageObject\",\"inLanguage\":\"fr-FR\",\"@id\":\"https:\\\/\\\/secure.gravatar.com\\\/avatar\\\/907069e0b81d119452040469e4a7501da1100f54f7f80180ce77bfab718288f6?s=96&d=mm&r=g\",\"url\":\"https:\\\/\\\/secure.gravatar.com\\\/avatar\\\/907069e0b81d119452040469e4a7501da1100f54f7f80180ce77bfab718288f6?s=96&d=mm&r=g\",\"contentUrl\":\"https:\\\/\\\/secure.gravatar.com\\\/avatar\\\/907069e0b81d119452040469e4a7501da1100f54f7f80180ce77bfab718288f6?s=96&d=mm&r=g\",\"caption\":\"oliviere\"},\"sameAs\":[\"http:\\\/\\\/www.motocrossmag.be\"],\"url\":\"https:\\\/\\\/fr.motocrossmag.be\\\/index.php\\\/author\\\/oliviere\\\/\"}]}<\/script>\n<!-- \/ Yoast SEO plugin. -->","yoast_head_json":{"title":"Dark Dog Moto Tour 2009 | Fiorentino, Del\u00e9pine et Despontin au Moto Tour - Motocross - Enduro - Supermoto | MotocrossMag","robots":{"index":"index","follow":"follow","max-snippet":"max-snippet:-1","max-image-preview":"max-image-preview:large","max-video-preview":"max-video-preview:-1"},"canonical":"https:\/\/fr.motocrossmag.be\/index.php\/2009\/05\/dark-dog-moto-tour-2009-fiorentino-delepine-et-despontin-au-moto-tour\/","og_locale":"fr_FR","og_type":"article","og_title":"Dark Dog Moto Tour 2009 | Fiorentino, Del\u00e9pine et Despontin au Moto Tour - Motocross - Enduro - Supermoto | MotocrossMag","og_description":"D\u00e8s demain jeudi 21 mai jusqu&rsquo;&agrave; samedi 23mai, la 3\u00e8me \u00e9dition du \u00ab\u00a0Dark Dog Moto Tour\u00a0\u00bb fera vibrer tous les fans de rallyes routiers. Une discipline qui, apr\u00e8s avoir connu [...]","og_url":"https:\/\/fr.motocrossmag.be\/index.php\/2009\/05\/dark-dog-moto-tour-2009-fiorentino-delepine-et-despontin-au-moto-tour\/","og_site_name":"Motocross - Enduro - Supermoto | MotocrossMag","article_published_time":"2009-05-20T15:58:42+00:00","article_modified_time":"2009-05-20T16:07:55+00:00","og_image":[{"url":"http:\/\/www.motocrossmag.be\/wp-content\/uploads\/2009\/05\/ddmt_fiorentino.jpg","type":"","width":"","height":""}],"author":"oliviere","twitter_card":"summary_large_image","twitter_misc":{"\u00c9crit par":"oliviere","Dur\u00e9e de lecture estim\u00e9e":"5 minutes"},"schema":{"@context":"https:\/\/schema.org","@graph":[{"@type":"Article","@id":"https:\/\/fr.motocrossmag.be\/index.php\/2009\/05\/dark-dog-moto-tour-2009-fiorentino-delepine-et-despontin-au-moto-tour\/#article","isPartOf":{"@id":"https:\/\/fr.motocrossmag.be\/index.php\/2009\/05\/dark-dog-moto-tour-2009-fiorentino-delepine-et-despontin-au-moto-tour\/"},"author":{"name":"oliviere","@id":"https:\/\/fr.motocrossmag.be\/#\/schema\/person\/11b47143d9f755babca2c9110e03235c"},"headline":"Dark Dog Moto Tour 2009 | Fiorentino, Del\u00e9pine et Despontin au Moto Tour","datePublished":"2009-05-20T15:58:42+00:00","dateModified":"2009-05-20T16:07:55+00:00","mainEntityOfPage":{"@id":"https:\/\/fr.motocrossmag.be\/index.php\/2009\/05\/dark-dog-moto-tour-2009-fiorentino-delepine-et-despontin-au-moto-tour\/"},"wordCount":1009,"commentCount":0,"image":{"@id":"https:\/\/fr.motocrossmag.be\/index.php\/2009\/05\/dark-dog-moto-tour-2009-fiorentino-delepine-et-despontin-au-moto-tour\/#primaryimage"},"thumbnailUrl":"http:\/\/www.motocrossmag.be\/wp-content\/uploads\/2009\/05\/ddmt_fiorentino.jpg","articleSection":["Actualit\u00e9","News"],"inLanguage":"fr-FR","potentialAction":[{"@type":"CommentAction","name":"Comment","target":["https:\/\/fr.motocrossmag.be\/index.php\/2009\/05\/dark-dog-moto-tour-2009-fiorentino-delepine-et-despontin-au-moto-tour\/#respond"]}]},{"@type":"WebPage","@id":"https:\/\/fr.motocrossmag.be\/index.php\/2009\/05\/dark-dog-moto-tour-2009-fiorentino-delepine-et-despontin-au-moto-tour\/","url":"https:\/\/fr.motocrossmag.be\/index.php\/2009\/05\/dark-dog-moto-tour-2009-fiorentino-delepine-et-despontin-au-moto-tour\/","name":"Dark Dog Moto Tour 2009 | Fiorentino, Del\u00e9pine et Despontin au Moto Tour - Motocross - Enduro - Supermoto | MotocrossMag","isPartOf":{"@id":"https:\/\/fr.motocrossmag.be\/#website"},"primaryImageOfPage":{"@id":"https:\/\/fr.motocrossmag.be\/index.php\/2009\/05\/dark-dog-moto-tour-2009-fiorentino-delepine-et-despontin-au-moto-tour\/#primaryimage"},"image":{"@id":"https:\/\/fr.motocrossmag.be\/index.php\/2009\/05\/dark-dog-moto-tour-2009-fiorentino-delepine-et-despontin-au-moto-tour\/#primaryimage"},"thumbnailUrl":"http:\/\/www.motocrossmag.be\/wp-content\/uploads\/2009\/05\/ddmt_fiorentino.jpg","datePublished":"2009-05-20T15:58:42+00:00","dateModified":"2009-05-20T16:07:55+00:00","author":{"@id":"https:\/\/fr.motocrossmag.be\/#\/schema\/person\/11b47143d9f755babca2c9110e03235c"},"breadcrumb":{"@id":"https:\/\/fr.motocrossmag.be\/index.php\/2009\/05\/dark-dog-moto-tour-2009-fiorentino-delepine-et-despontin-au-moto-tour\/#breadcrumb"},"inLanguage":"fr-FR","potentialAction":[{"@type":"ReadAction","target":["https:\/\/fr.motocrossmag.be\/index.php\/2009\/05\/dark-dog-moto-tour-2009-fiorentino-delepine-et-despontin-au-moto-tour\/"]}]},{"@type":"ImageObject","inLanguage":"fr-FR","@id":"https:\/\/fr.motocrossmag.be\/index.php\/2009\/05\/dark-dog-moto-tour-2009-fiorentino-delepine-et-despontin-au-moto-tour\/#primaryimage","url":"http:\/\/www.motocrossmag.be\/wp-content\/uploads\/2009\/05\/ddmt_fiorentino.jpg","contentUrl":"http:\/\/www.motocrossmag.be\/wp-content\/uploads\/2009\/05\/ddmt_fiorentino.jpg"},{"@type":"BreadcrumbList","@id":"https:\/\/fr.motocrossmag.be\/index.php\/2009\/05\/dark-dog-moto-tour-2009-fiorentino-delepine-et-despontin-au-moto-tour\/#breadcrumb","itemListElement":[{"@type":"ListItem","position":1,"name":"Accueil","item":"https:\/\/fr.motocrossmag.be\/"},{"@type":"ListItem","position":2,"name":"Dark Dog Moto Tour 2009 | Fiorentino, Del\u00e9pine et Despontin au Moto Tour"}]},{"@type":"WebSite","@id":"https:\/\/fr.motocrossmag.be\/#website","url":"https:\/\/fr.motocrossmag.be\/","name":"Motocross - Enduro - Supermoto | MotocrossMag","description":"L&#039;actualit\u00e9 du motocross, de l&#039;enduro et du Supermoto en ligne!","potentialAction":[{"@type":"SearchAction","target":{"@type":"EntryPoint","urlTemplate":"https:\/\/fr.motocrossmag.be\/?s={search_term_string}"},"query-input":{"@type":"PropertyValueSpecification","valueRequired":true,"valueName":"search_term_string"}}],"inLanguage":"fr-FR"},{"@type":"Person","@id":"https:\/\/fr.motocrossmag.be\/#\/schema\/person\/11b47143d9f755babca2c9110e03235c","name":"oliviere","image":{"@type":"ImageObject","inLanguage":"fr-FR","@id":"https:\/\/secure.gravatar.com\/avatar\/907069e0b81d119452040469e4a7501da1100f54f7f80180ce77bfab718288f6?s=96&d=mm&r=g","url":"https:\/\/secure.gravatar.com\/avatar\/907069e0b81d119452040469e4a7501da1100f54f7f80180ce77bfab718288f6?s=96&d=mm&r=g","contentUrl":"https:\/\/secure.gravatar.com\/avatar\/907069e0b81d119452040469e4a7501da1100f54f7f80180ce77bfab718288f6?s=96&d=mm&r=g","caption":"oliviere"},"sameAs":["http:\/\/www.motocrossmag.be"],"url":"https:\/\/fr.motocrossmag.be\/index.php\/author\/oliviere\/"}]}},"_links":{"self":[{"href":"https:\/\/fr.motocrossmag.be\/index.php\/wp-json\/wp\/v2\/posts\/3835","targetHints":{"allow":["GET"]}}],"collection":[{"href":"https:\/\/fr.motocrossmag.be\/index.php\/wp-json\/wp\/v2\/posts"}],"about":[{"href":"https:\/\/fr.motocrossmag.be\/index.php\/wp-json\/wp\/v2\/types\/post"}],"author":[{"embeddable":true,"href":"https:\/\/fr.motocrossmag.be\/index.php\/wp-json\/wp\/v2\/users\/932"}],"replies":[{"embeddable":true,"href":"https:\/\/fr.motocrossmag.be\/index.php\/wp-json\/wp\/v2\/comments?post=3835"}],"version-history":[{"count":0,"href":"https:\/\/fr.motocrossmag.be\/index.php\/wp-json\/wp\/v2\/posts\/3835\/revisions"}],"wp:attachment":[{"href":"https:\/\/fr.motocrossmag.be\/index.php\/wp-json\/wp\/v2\/media?parent=3835"}],"wp:term":[{"taxonomy":"category","embeddable":true,"href":"https:\/\/fr.motocrossmag.be\/index.php\/wp-json\/wp\/v2\/categories?post=3835"},{"taxonomy":"post_tag","embeddable":true,"href":"https:\/\/fr.motocrossmag.be\/index.php\/wp-json\/wp\/v2\/tags?post=3835"}],"curies":[{"name":"wp","href":"https:\/\/api.w.org\/{rel}","templated":true}]}}