{"id":38429,"date":"2015-09-04T12:34:44","date_gmt":"2015-09-04T10:34:44","guid":{"rendered":"http:\/\/fr.motocrossmag.be\/?p=38429"},"modified":"2015-09-04T12:34:44","modified_gmt":"2015-09-04T10:34:44","slug":"photos-le-team-belge-pour-le-mx-des-nations-pret-pour-ernee","status":"publish","type":"post","link":"https:\/\/fr.motocrossmag.be\/index.php\/2015\/09\/photos-le-team-belge-pour-le-mx-des-nations-pret-pour-ernee\/","title":{"rendered":"Photos: le team belge pour le MX des Nations pr\u00eat pour Ern\u00e9e !"},"content":{"rendered":"<p>Le team belge pour le Motocross des Nations a \u00e9t\u00e9 pr\u00e9sent\u00e9 hier dans la sabli\u00e8re de Mont-Saint-Guibert, o\u00f9 se dispute ce week-end la finale du championnat de Belgique de motocross. J\u00e9r\u00e9my Van Horebeek, Ken De Dycker, Julien Lieber et leur coach Jo\u00ebl Smets ont donc affich\u00e9 les couleurs 2015 des \u00ab\u00a0Belgian Red Knights\u00a0\u00bb qu&rsquo;ils porteront les 26 et 27 septembre prochains \u00e0 Ern\u00e9e, en France.<\/p>\n<p>Photos: Fr\u00e9d\u00e9ric Moisse<\/p><div class=\"gopua6a964bf89d961\" ><!-- \/91277017\/Inline-articles-mobile -->\n<div style=\"margin:auto; text-align:center !important\">\n<div id='div-gpt-ad-1784982661365-0' style='min-width: 250px; min-height: 75px;'>\n  <script>\n    googletag.cmd.push(function() { googletag.display('div-gpt-ad-1784982661365-0'); });\n  <\/script>\n<\/div><\/div><\/div><style type=\"text\/css\">\r\n.gopua6a964bf89d961 {\r\nmargin-bottom:30px;margin-top:20px\r\n}\r\n@media screen and (min-width: 1201px) {\r\n.gopua6a964bf89d961 {\r\ndisplay: block;\r\n}\r\n}\r\n@media screen and (min-width: 993px) and (max-width: 1200px) {\r\n.gopua6a964bf89d961 {\r\ndisplay: block;\r\n}\r\n}\r\n@media screen and (min-width: 769px) and (max-width: 992px) {\r\n.gopua6a964bf89d961 {\r\ndisplay: block;\r\n}\r\n}\r\n@media screen and (min-width: 768px) and (max-width: 768px) {\r\n.gopua6a964bf89d961 {\r\ndisplay: block;\r\n}\r\n}\r\n@media screen and (max-width: 767px) {\r\n.gopua6a964bf89d961 {\r\ndisplay: block;\r\n}\r\n}\r\n<\/style>\r\n\n<div id='gallery-1' class='gallery galleryid-38429 gallery-columns-3 gallery-size-thumbnail'><figure class='gallery-item'>\n\t\t\t<div class='gallery-icon landscape'>\n\t\t\t\t<a href='https:\/\/fr.motocrossmag.be\/index.php\/2015\/09\/photos-le-team-belge-pour-le-mx-des-nations-pret-pour-ernee\/mxdn-team_belgium-2015-cp-nat-i-016\/'><img decoding=\"async\" width=\"150\" height=\"150\" src=\"https:\/\/fr.motocrossmag.be\/wp-content\/uploads\/2015\/09\/MXDN-Team_Belgium-2015-CP-Nat-I-016-150x150.jpg\" class=\"attachment-thumbnail size-thumbnail\" alt=\"\" srcset=\"https:\/\/fr.motocrossmag.be\/wp-content\/uploads\/2015\/09\/MXDN-Team_Belgium-2015-CP-Nat-I-016-150x150.jpg 150w, https:\/\/fr.motocrossmag.be\/wp-content\/uploads\/2015\/09\/MXDN-Team_Belgium-2015-CP-Nat-I-016-50x50.jpg 50w\" sizes=\"(max-width: 150px) 100vw, 150px\" \/><\/a>\n\t\t\t<\/div><\/figure><figure class='gallery-item'>\n\t\t\t<div class='gallery-icon landscape'>\n\t\t\t\t<a href='https:\/\/fr.motocrossmag.be\/index.php\/2015\/09\/photos-le-team-belge-pour-le-mx-des-nations-pret-pour-ernee\/mxdn-team_belgium-2015-cp-nat-i-019\/'><img decoding=\"async\" width=\"150\" height=\"150\" src=\"https:\/\/fr.motocrossmag.be\/wp-content\/uploads\/2015\/09\/MXDN-Team_Belgium-2015-CP-Nat-I-019-150x150.jpg\" class=\"attachment-thumbnail size-thumbnail\" alt=\"\" srcset=\"https:\/\/fr.motocrossmag.be\/wp-content\/uploads\/2015\/09\/MXDN-Team_Belgium-2015-CP-Nat-I-019-150x150.jpg 150w, https:\/\/fr.motocrossmag.be\/wp-content\/uploads\/2015\/09\/MXDN-Team_Belgium-2015-CP-Nat-I-019-50x50.jpg 50w\" sizes=\"(max-width: 150px) 100vw, 150px\" \/><\/a>\n\t\t\t<\/div><\/figure><figure class='gallery-item'>\n\t\t\t<div class='gallery-icon landscape'>\n\t\t\t\t<a href='https:\/\/fr.motocrossmag.be\/index.php\/2015\/09\/photos-le-team-belge-pour-le-mx-des-nations-pret-pour-ernee\/mxdn-team_belgium-2015-cp-nat-i-034\/'><img decoding=\"async\" width=\"150\" height=\"150\" src=\"https:\/\/fr.motocrossmag.be\/wp-content\/uploads\/2015\/09\/MXDN-Team_Belgium-2015-CP-Nat-I-034-150x150.jpg\" class=\"attachment-thumbnail size-thumbnail\" alt=\"\" srcset=\"https:\/\/fr.motocrossmag.be\/wp-content\/uploads\/2015\/09\/MXDN-Team_Belgium-2015-CP-Nat-I-034-150x150.jpg 150w, https:\/\/fr.motocrossmag.be\/wp-content\/uploads\/2015\/09\/MXDN-Team_Belgium-2015-CP-Nat-I-034-50x50.jpg 50w\" sizes=\"(max-width: 150px) 100vw, 150px\" \/><\/a>\n\t\t\t<\/div><\/figure><figure class='gallery-item'>\n\t\t\t<div class='gallery-icon landscape'>\n\t\t\t\t<a href='https:\/\/fr.motocrossmag.be\/index.php\/2015\/09\/photos-le-team-belge-pour-le-mx-des-nations-pret-pour-ernee\/mxdn-team_belgium-2015-cp-nat-i-039\/'><img decoding=\"async\" width=\"150\" height=\"150\" src=\"https:\/\/fr.motocrossmag.be\/wp-content\/uploads\/2015\/09\/MXDN-Team_Belgium-2015-CP-Nat-I-039-150x150.jpg\" class=\"attachment-thumbnail size-thumbnail\" alt=\"\" srcset=\"https:\/\/fr.motocrossmag.be\/wp-content\/uploads\/2015\/09\/MXDN-Team_Belgium-2015-CP-Nat-I-039-150x150.jpg 150w, https:\/\/fr.motocrossmag.be\/wp-content\/uploads\/2015\/09\/MXDN-Team_Belgium-2015-CP-Nat-I-039-50x50.jpg 50w\" sizes=\"(max-width: 150px) 100vw, 150px\" \/><\/a>\n\t\t\t<\/div><\/figure><figure class='gallery-item'>\n\t\t\t<div class='gallery-icon portrait'>\n\t\t\t\t<a href='https:\/\/fr.motocrossmag.be\/index.php\/2015\/09\/photos-le-team-belge-pour-le-mx-des-nations-pret-pour-ernee\/mxdn-team_belgium-2015-cp-nat-i-064\/'><img decoding=\"async\" width=\"150\" height=\"150\" src=\"https:\/\/fr.motocrossmag.be\/wp-content\/uploads\/2015\/09\/MXDN-Team_Belgium-2015-CP-Nat-I-064-150x150.jpg\" class=\"attachment-thumbnail size-thumbnail\" alt=\"\" srcset=\"https:\/\/fr.motocrossmag.be\/wp-content\/uploads\/2015\/09\/MXDN-Team_Belgium-2015-CP-Nat-I-064-150x150.jpg 150w, https:\/\/fr.motocrossmag.be\/wp-content\/uploads\/2015\/09\/MXDN-Team_Belgium-2015-CP-Nat-I-064-50x50.jpg 50w\" sizes=\"(max-width: 150px) 100vw, 150px\" \/><\/a>\n\t\t\t<\/div><\/figure><figure class='gallery-item'>\n\t\t\t<div class='gallery-icon portrait'>\n\t\t\t\t<a href='https:\/\/fr.motocrossmag.be\/index.php\/2015\/09\/photos-le-team-belge-pour-le-mx-des-nations-pret-pour-ernee\/mxdn-team_belgium-2015-cp-nat-i-065\/'><img decoding=\"async\" width=\"150\" height=\"150\" src=\"https:\/\/fr.motocrossmag.be\/wp-content\/uploads\/2015\/09\/MXDN-Team_Belgium-2015-CP-Nat-I-065-150x150.jpg\" class=\"attachment-thumbnail size-thumbnail\" alt=\"\" srcset=\"https:\/\/fr.motocrossmag.be\/wp-content\/uploads\/2015\/09\/MXDN-Team_Belgium-2015-CP-Nat-I-065-150x150.jpg 150w, https:\/\/fr.motocrossmag.be\/wp-content\/uploads\/2015\/09\/MXDN-Team_Belgium-2015-CP-Nat-I-065-50x50.jpg 50w\" sizes=\"(max-width: 150px) 100vw, 150px\" \/><\/a>\n\t\t\t<\/div><\/figure><figure class='gallery-item'>\n\t\t\t<div class='gallery-icon landscape'>\n\t\t\t\t<a href='https:\/\/fr.motocrossmag.be\/index.php\/2015\/09\/photos-le-team-belge-pour-le-mx-des-nations-pret-pour-ernee\/mxdn-team_belgium-2015-cp-nat-i-098\/'><img decoding=\"async\" width=\"150\" height=\"150\" src=\"https:\/\/fr.motocrossmag.be\/wp-content\/uploads\/2015\/09\/MXDN-Team_Belgium-2015-CP-Nat-I-098-150x150.jpg\" class=\"attachment-thumbnail size-thumbnail\" alt=\"\" srcset=\"https:\/\/fr.motocrossmag.be\/wp-content\/uploads\/2015\/09\/MXDN-Team_Belgium-2015-CP-Nat-I-098-150x150.jpg 150w, https:\/\/fr.motocrossmag.be\/wp-content\/uploads\/2015\/09\/MXDN-Team_Belgium-2015-CP-Nat-I-098-50x50.jpg 50w\" sizes=\"(max-width: 150px) 100vw, 150px\" \/><\/a>\n\t\t\t<\/div><\/figure><figure class='gallery-item'>\n\t\t\t<div class='gallery-icon landscape'>\n\t\t\t\t<a href='https:\/\/fr.motocrossmag.be\/index.php\/2015\/09\/photos-le-team-belge-pour-le-mx-des-nations-pret-pour-ernee\/mxdn-team_belgium-2015-cp-nat-i-113\/'><img decoding=\"async\" width=\"150\" height=\"150\" src=\"https:\/\/fr.motocrossmag.be\/wp-content\/uploads\/2015\/09\/MXDN-Team_Belgium-2015-CP-Nat-I-113-150x150.jpg\" class=\"attachment-thumbnail size-thumbnail\" alt=\"\" srcset=\"https:\/\/fr.motocrossmag.be\/wp-content\/uploads\/2015\/09\/MXDN-Team_Belgium-2015-CP-Nat-I-113-150x150.jpg 150w, https:\/\/fr.motocrossmag.be\/wp-content\/uploads\/2015\/09\/MXDN-Team_Belgium-2015-CP-Nat-I-113-50x50.jpg 50w\" sizes=\"(max-width: 150px) 100vw, 150px\" \/><\/a>\n\t\t\t<\/div><\/figure><figure class='gallery-item'>\n\t\t\t<div class='gallery-icon landscape'>\n\t\t\t\t<a href='https:\/\/fr.motocrossmag.be\/index.php\/2015\/09\/photos-le-team-belge-pour-le-mx-des-nations-pret-pour-ernee\/mxdn-team_belgium-2015-cp-nat-i-119\/'><img decoding=\"async\" width=\"150\" height=\"150\" src=\"https:\/\/fr.motocrossmag.be\/wp-content\/uploads\/2015\/09\/MXDN-Team_Belgium-2015-CP-Nat-I-119-150x150.jpg\" class=\"attachment-thumbnail size-thumbnail\" alt=\"\" srcset=\"https:\/\/fr.motocrossmag.be\/wp-content\/uploads\/2015\/09\/MXDN-Team_Belgium-2015-CP-Nat-I-119-150x150.jpg 150w, https:\/\/fr.motocrossmag.be\/wp-content\/uploads\/2015\/09\/MXDN-Team_Belgium-2015-CP-Nat-I-119-50x50.jpg 50w\" sizes=\"(max-width: 150px) 100vw, 150px\" \/><\/a>\n\t\t\t<\/div><\/figure><figure class='gallery-item'>\n\t\t\t<div class='gallery-icon landscape'>\n\t\t\t\t<a href='https:\/\/fr.motocrossmag.be\/index.php\/2015\/09\/photos-le-team-belge-pour-le-mx-des-nations-pret-pour-ernee\/mxdn-team_belgium-2015-cp-nat-i-125\/'><img decoding=\"async\" width=\"150\" height=\"150\" src=\"https:\/\/fr.motocrossmag.be\/wp-content\/uploads\/2015\/09\/MXDN-Team_Belgium-2015-CP-Nat-I-125-150x150.jpg\" class=\"attachment-thumbnail size-thumbnail\" alt=\"\" srcset=\"https:\/\/fr.motocrossmag.be\/wp-content\/uploads\/2015\/09\/MXDN-Team_Belgium-2015-CP-Nat-I-125-150x150.jpg 150w, https:\/\/fr.motocrossmag.be\/wp-content\/uploads\/2015\/09\/MXDN-Team_Belgium-2015-CP-Nat-I-125-50x50.jpg 50w\" sizes=\"(max-width: 150px) 100vw, 150px\" \/><\/a>\n\t\t\t<\/div><\/figure><figure class='gallery-item'>\n\t\t\t<div class='gallery-icon landscape'>\n\t\t\t\t<a href='https:\/\/fr.motocrossmag.be\/index.php\/2015\/09\/photos-le-team-belge-pour-le-mx-des-nations-pret-pour-ernee\/mxdn-team_belgium-2015-cp-nat-i-129\/'><img decoding=\"async\" width=\"150\" height=\"150\" src=\"https:\/\/fr.motocrossmag.be\/wp-content\/uploads\/2015\/09\/MXDN-Team_Belgium-2015-CP-Nat-I-129-150x150.jpg\" class=\"attachment-thumbnail size-thumbnail\" alt=\"\" srcset=\"https:\/\/fr.motocrossmag.be\/wp-content\/uploads\/2015\/09\/MXDN-Team_Belgium-2015-CP-Nat-I-129-150x150.jpg 150w, https:\/\/fr.motocrossmag.be\/wp-content\/uploads\/2015\/09\/MXDN-Team_Belgium-2015-CP-Nat-I-129-50x50.jpg 50w\" sizes=\"(max-width: 150px) 100vw, 150px\" \/><\/a>\n\t\t\t<\/div><\/figure><figure class='gallery-item'>\n\t\t\t<div class='gallery-icon landscape'>\n\t\t\t\t<a href='https:\/\/fr.motocrossmag.be\/index.php\/2015\/09\/photos-le-team-belge-pour-le-mx-des-nations-pret-pour-ernee\/mxdn-team_belgium-2015-cp-nat-i-132\/'><img decoding=\"async\" width=\"150\" height=\"150\" src=\"https:\/\/fr.motocrossmag.be\/wp-content\/uploads\/2015\/09\/MXDN-Team_Belgium-2015-CP-Nat-I-132-150x150.jpg\" class=\"attachment-thumbnail size-thumbnail\" alt=\"\" srcset=\"https:\/\/fr.motocrossmag.be\/wp-content\/uploads\/2015\/09\/MXDN-Team_Belgium-2015-CP-Nat-I-132-150x150.jpg 150w, https:\/\/fr.motocrossmag.be\/wp-content\/uploads\/2015\/09\/MXDN-Team_Belgium-2015-CP-Nat-I-132-50x50.jpg 50w\" sizes=\"(max-width: 150px) 100vw, 150px\" \/><\/a>\n\t\t\t<\/div><\/figure><figure class='gallery-item'>\n\t\t\t<div class='gallery-icon landscape'>\n\t\t\t\t<a href='https:\/\/fr.motocrossmag.be\/index.php\/2015\/09\/photos-le-team-belge-pour-le-mx-des-nations-pret-pour-ernee\/mxdn-team_belgium-2015-cp-nat-i-137\/'><img decoding=\"async\" width=\"150\" height=\"150\" src=\"https:\/\/fr.motocrossmag.be\/wp-content\/uploads\/2015\/09\/MXDN-Team_Belgium-2015-CP-Nat-I-137-150x150.jpg\" class=\"attachment-thumbnail size-thumbnail\" alt=\"\" srcset=\"https:\/\/fr.motocrossmag.be\/wp-content\/uploads\/2015\/09\/MXDN-Team_Belgium-2015-CP-Nat-I-137-150x150.jpg 150w, https:\/\/fr.motocrossmag.be\/wp-content\/uploads\/2015\/09\/MXDN-Team_Belgium-2015-CP-Nat-I-137-50x50.jpg 50w\" sizes=\"(max-width: 150px) 100vw, 150px\" \/><\/a>\n\t\t\t<\/div><\/figure><figure class='gallery-item'>\n\t\t\t<div class='gallery-icon landscape'>\n\t\t\t\t<a href='https:\/\/fr.motocrossmag.be\/index.php\/2015\/09\/photos-le-team-belge-pour-le-mx-des-nations-pret-pour-ernee\/mxdn-team_belgium-2015-cp-nat-i-146\/'><img decoding=\"async\" width=\"150\" height=\"150\" src=\"https:\/\/fr.motocrossmag.be\/wp-content\/uploads\/2015\/09\/MXDN-Team_Belgium-2015-CP-Nat-I-146-150x150.jpg\" class=\"attachment-thumbnail size-thumbnail\" alt=\"\" srcset=\"https:\/\/fr.motocrossmag.be\/wp-content\/uploads\/2015\/09\/MXDN-Team_Belgium-2015-CP-Nat-I-146-150x150.jpg 150w, https:\/\/fr.motocrossmag.be\/wp-content\/uploads\/2015\/09\/MXDN-Team_Belgium-2015-CP-Nat-I-146-50x50.jpg 50w\" sizes=\"(max-width: 150px) 100vw, 150px\" \/><\/a>\n\t\t\t<\/div><\/figure><figure class='gallery-item'>\n\t\t\t<div class='gallery-icon landscape'>\n\t\t\t\t<a href='https:\/\/fr.motocrossmag.be\/index.php\/2015\/09\/photos-le-team-belge-pour-le-mx-des-nations-pret-pour-ernee\/mxdn-team_belgium-2015-cp-nat-i-164\/'><img decoding=\"async\" width=\"150\" height=\"150\" src=\"https:\/\/fr.motocrossmag.be\/wp-content\/uploads\/2015\/09\/MXDN-Team_Belgium-2015-CP-Nat-I-164-150x150.jpg\" class=\"attachment-thumbnail size-thumbnail\" alt=\"\" srcset=\"https:\/\/fr.motocrossmag.be\/wp-content\/uploads\/2015\/09\/MXDN-Team_Belgium-2015-CP-Nat-I-164-150x150.jpg 150w, https:\/\/fr.motocrossmag.be\/wp-content\/uploads\/2015\/09\/MXDN-Team_Belgium-2015-CP-Nat-I-164-50x50.jpg 50w\" sizes=\"(max-width: 150px) 100vw, 150px\" \/><\/a>\n\t\t\t<\/div><\/figure><figure class='gallery-item'>\n\t\t\t<div class='gallery-icon landscape'>\n\t\t\t\t<a href='https:\/\/fr.motocrossmag.be\/index.php\/2015\/09\/photos-le-team-belge-pour-le-mx-des-nations-pret-pour-ernee\/mxdn-team_belgium-2015-cp-nat-i-170\/'><img decoding=\"async\" width=\"150\" height=\"150\" src=\"https:\/\/fr.motocrossmag.be\/wp-content\/uploads\/2015\/09\/MXDN-Team_Belgium-2015-CP-Nat-I-170-150x150.jpg\" class=\"attachment-thumbnail size-thumbnail\" alt=\"\" srcset=\"https:\/\/fr.motocrossmag.be\/wp-content\/uploads\/2015\/09\/MXDN-Team_Belgium-2015-CP-Nat-I-170-150x150.jpg 150w, https:\/\/fr.motocrossmag.be\/wp-content\/uploads\/2015\/09\/MXDN-Team_Belgium-2015-CP-Nat-I-170-50x50.jpg 50w\" sizes=\"(max-width: 150px) 100vw, 150px\" \/><\/a>\n\t\t\t<\/div><\/figure><figure class='gallery-item'>\n\t\t\t<div class='gallery-icon landscape'>\n\t\t\t\t<a href='https:\/\/fr.motocrossmag.be\/index.php\/2015\/09\/photos-le-team-belge-pour-le-mx-des-nations-pret-pour-ernee\/mxdn-team_belgium-2015-cp-nat-i-171\/'><img decoding=\"async\" width=\"150\" height=\"150\" src=\"https:\/\/fr.motocrossmag.be\/wp-content\/uploads\/2015\/09\/MXDN-Team_Belgium-2015-CP-Nat-I-171-150x150.jpg\" class=\"attachment-thumbnail size-thumbnail\" alt=\"\" srcset=\"https:\/\/fr.motocrossmag.be\/wp-content\/uploads\/2015\/09\/MXDN-Team_Belgium-2015-CP-Nat-I-171-150x150.jpg 150w, https:\/\/fr.motocrossmag.be\/wp-content\/uploads\/2015\/09\/MXDN-Team_Belgium-2015-CP-Nat-I-171-50x50.jpg 50w\" sizes=\"(max-width: 150px) 100vw, 150px\" \/><\/a>\n\t\t\t<\/div><\/figure><figure class='gallery-item'>\n\t\t\t<div class='gallery-icon landscape'>\n\t\t\t\t<a href='https:\/\/fr.motocrossmag.be\/index.php\/2015\/09\/photos-le-team-belge-pour-le-mx-des-nations-pret-pour-ernee\/mxdn-team_belgium-2015-cp-nat-i-174\/'><img decoding=\"async\" width=\"150\" height=\"150\" src=\"https:\/\/fr.motocrossmag.be\/wp-content\/uploads\/2015\/09\/MXDN-Team_Belgium-2015-CP-Nat-I-174-150x150.jpg\" class=\"attachment-thumbnail size-thumbnail\" alt=\"\" srcset=\"https:\/\/fr.motocrossmag.be\/wp-content\/uploads\/2015\/09\/MXDN-Team_Belgium-2015-CP-Nat-I-174-150x150.jpg 150w, https:\/\/fr.motocrossmag.be\/wp-content\/uploads\/2015\/09\/MXDN-Team_Belgium-2015-CP-Nat-I-174-50x50.jpg 50w\" sizes=\"(max-width: 150px) 100vw, 150px\" \/><\/a>\n\t\t\t<\/div><\/figure><figure class='gallery-item'>\n\t\t\t<div class='gallery-icon landscape'>\n\t\t\t\t<a href='https:\/\/fr.motocrossmag.be\/index.php\/2015\/09\/photos-le-team-belge-pour-le-mx-des-nations-pret-pour-ernee\/mxdn-team_belgium-2015-cp-nat-i-177\/'><img decoding=\"async\" width=\"150\" height=\"150\" src=\"https:\/\/fr.motocrossmag.be\/wp-content\/uploads\/2015\/09\/MXDN-Team_Belgium-2015-CP-Nat-I-177-150x150.jpg\" class=\"attachment-thumbnail size-thumbnail\" alt=\"\" srcset=\"https:\/\/fr.motocrossmag.be\/wp-content\/uploads\/2015\/09\/MXDN-Team_Belgium-2015-CP-Nat-I-177-150x150.jpg 150w, https:\/\/fr.motocrossmag.be\/wp-content\/uploads\/2015\/09\/MXDN-Team_Belgium-2015-CP-Nat-I-177-50x50.jpg 50w\" sizes=\"(max-width: 150px) 100vw, 150px\" \/><\/a>\n\t\t\t<\/div><\/figure><figure class='gallery-item'>\n\t\t\t<div class='gallery-icon landscape'>\n\t\t\t\t<a href='https:\/\/fr.motocrossmag.be\/index.php\/2015\/09\/photos-le-team-belge-pour-le-mx-des-nations-pret-pour-ernee\/mxdn-team_belgium-2015-cp-nat-i-179\/'><img decoding=\"async\" width=\"150\" height=\"150\" src=\"https:\/\/fr.motocrossmag.be\/wp-content\/uploads\/2015\/09\/MXDN-Team_Belgium-2015-CP-Nat-I-179-150x150.jpg\" class=\"attachment-thumbnail size-thumbnail\" alt=\"\" srcset=\"https:\/\/fr.motocrossmag.be\/wp-content\/uploads\/2015\/09\/MXDN-Team_Belgium-2015-CP-Nat-I-179-150x150.jpg 150w, https:\/\/fr.motocrossmag.be\/wp-content\/uploads\/2015\/09\/MXDN-Team_Belgium-2015-CP-Nat-I-179-50x50.jpg 50w\" sizes=\"(max-width: 150px) 100vw, 150px\" \/><\/a>\n\t\t\t<\/div><\/figure><figure class='gallery-item'>\n\t\t\t<div class='gallery-icon landscape'>\n\t\t\t\t<a href='https:\/\/fr.motocrossmag.be\/index.php\/2015\/09\/photos-le-team-belge-pour-le-mx-des-nations-pret-pour-ernee\/mxdn-team_belgium-2015-cp-nat-i-189\/'><img decoding=\"async\" width=\"150\" height=\"150\" src=\"https:\/\/fr.motocrossmag.be\/wp-content\/uploads\/2015\/09\/MXDN-Team_Belgium-2015-CP-Nat-I-189-150x150.jpg\" class=\"attachment-thumbnail size-thumbnail\" alt=\"\" srcset=\"https:\/\/fr.motocrossmag.be\/wp-content\/uploads\/2015\/09\/MXDN-Team_Belgium-2015-CP-Nat-I-189-150x150.jpg 150w, https:\/\/fr.motocrossmag.be\/wp-content\/uploads\/2015\/09\/MXDN-Team_Belgium-2015-CP-Nat-I-189-50x50.jpg 50w\" sizes=\"(max-width: 150px) 100vw, 150px\" \/><\/a>\n\t\t\t<\/div><\/figure><figure class='gallery-item'>\n\t\t\t<div class='gallery-icon landscape'>\n\t\t\t\t<a href='https:\/\/fr.motocrossmag.be\/index.php\/2015\/09\/photos-le-team-belge-pour-le-mx-des-nations-pret-pour-ernee\/mxdn-team_belgium-2015-cp-nat-i-192\/'><img decoding=\"async\" width=\"150\" height=\"150\" src=\"https:\/\/fr.motocrossmag.be\/wp-content\/uploads\/2015\/09\/MXDN-Team_Belgium-2015-CP-Nat-I-192-150x150.jpg\" class=\"attachment-thumbnail size-thumbnail\" alt=\"\" srcset=\"https:\/\/fr.motocrossmag.be\/wp-content\/uploads\/2015\/09\/MXDN-Team_Belgium-2015-CP-Nat-I-192-150x150.jpg 150w, https:\/\/fr.motocrossmag.be\/wp-content\/uploads\/2015\/09\/MXDN-Team_Belgium-2015-CP-Nat-I-192-50x50.jpg 50w\" sizes=\"(max-width: 150px) 100vw, 150px\" \/><\/a>\n\t\t\t<\/div><\/figure><figure class='gallery-item'>\n\t\t\t<div class='gallery-icon landscape'>\n\t\t\t\t<a href='https:\/\/fr.motocrossmag.be\/index.php\/2015\/09\/photos-le-team-belge-pour-le-mx-des-nations-pret-pour-ernee\/mxdn-team_belgium-2015-cp-nat-i-195\/'><img decoding=\"async\" width=\"150\" height=\"150\" src=\"https:\/\/fr.motocrossmag.be\/wp-content\/uploads\/2015\/09\/MXDN-Team_Belgium-2015-CP-Nat-I-195-150x150.jpg\" class=\"attachment-thumbnail size-thumbnail\" alt=\"\" srcset=\"https:\/\/fr.motocrossmag.be\/wp-content\/uploads\/2015\/09\/MXDN-Team_Belgium-2015-CP-Nat-I-195-150x150.jpg 150w, https:\/\/fr.motocrossmag.be\/wp-content\/uploads\/2015\/09\/MXDN-Team_Belgium-2015-CP-Nat-I-195-50x50.jpg 50w\" sizes=\"(max-width: 150px) 100vw, 150px\" \/><\/a>\n\t\t\t<\/div><\/figure><figure class='gallery-item'>\n\t\t\t<div class='gallery-icon landscape'>\n\t\t\t\t<a href='https:\/\/fr.motocrossmag.be\/index.php\/2015\/09\/photos-le-team-belge-pour-le-mx-des-nations-pret-pour-ernee\/mxdn-team_belgium-2015-cp-nat-i-199\/'><img decoding=\"async\" width=\"150\" height=\"150\" src=\"https:\/\/fr.motocrossmag.be\/wp-content\/uploads\/2015\/09\/MXDN-Team_Belgium-2015-CP-Nat-I-199-150x150.jpg\" class=\"attachment-thumbnail size-thumbnail\" alt=\"\" srcset=\"https:\/\/fr.motocrossmag.be\/wp-content\/uploads\/2015\/09\/MXDN-Team_Belgium-2015-CP-Nat-I-199-150x150.jpg 150w, https:\/\/fr.motocrossmag.be\/wp-content\/uploads\/2015\/09\/MXDN-Team_Belgium-2015-CP-Nat-I-199-50x50.jpg 50w\" sizes=\"(max-width: 150px) 100vw, 150px\" \/><\/a>\n\t\t\t<\/div><\/figure><figure class='gallery-item'>\n\t\t\t<div class='gallery-icon landscape'>\n\t\t\t\t<a href='https:\/\/fr.motocrossmag.be\/index.php\/2015\/09\/photos-le-team-belge-pour-le-mx-des-nations-pret-pour-ernee\/mxdn-team_belgium-2015-cp-nat-i-201\/'><img decoding=\"async\" width=\"150\" height=\"150\" src=\"https:\/\/fr.motocrossmag.be\/wp-content\/uploads\/2015\/09\/MXDN-Team_Belgium-2015-CP-Nat-I-201-150x150.jpg\" class=\"attachment-thumbnail size-thumbnail\" alt=\"\" srcset=\"https:\/\/fr.motocrossmag.be\/wp-content\/uploads\/2015\/09\/MXDN-Team_Belgium-2015-CP-Nat-I-201-150x150.jpg 150w, https:\/\/fr.motocrossmag.be\/wp-content\/uploads\/2015\/09\/MXDN-Team_Belgium-2015-CP-Nat-I-201-50x50.jpg 50w\" sizes=\"(max-width: 150px) 100vw, 150px\" \/><\/a>\n\t\t\t<\/div><\/figure><figure class='gallery-item'>\n\t\t\t<div class='gallery-icon landscape'>\n\t\t\t\t<a href='https:\/\/fr.motocrossmag.be\/index.php\/2015\/09\/photos-le-team-belge-pour-le-mx-des-nations-pret-pour-ernee\/mxdn-team_belgium-2015-cp-nat-i-204\/'><img decoding=\"async\" width=\"150\" height=\"150\" src=\"https:\/\/fr.motocrossmag.be\/wp-content\/uploads\/2015\/09\/MXDN-Team_Belgium-2015-CP-Nat-I-204-150x150.jpg\" class=\"attachment-thumbnail size-thumbnail\" alt=\"\" srcset=\"https:\/\/fr.motocrossmag.be\/wp-content\/uploads\/2015\/09\/MXDN-Team_Belgium-2015-CP-Nat-I-204-150x150.jpg 150w, https:\/\/fr.motocrossmag.be\/wp-content\/uploads\/2015\/09\/MXDN-Team_Belgium-2015-CP-Nat-I-204-50x50.jpg 50w\" sizes=\"(max-width: 150px) 100vw, 150px\" \/><\/a>\n\t\t\t<\/div><\/figure><figure class='gallery-item'>\n\t\t\t<div class='gallery-icon landscape'>\n\t\t\t\t<a href='https:\/\/fr.motocrossmag.be\/index.php\/2015\/09\/photos-le-team-belge-pour-le-mx-des-nations-pret-pour-ernee\/mxdn-team_belgium-2015-cp-nat-i-206\/'><img decoding=\"async\" width=\"150\" height=\"150\" src=\"https:\/\/fr.motocrossmag.be\/wp-content\/uploads\/2015\/09\/MXDN-Team_Belgium-2015-CP-Nat-I-206-150x150.jpg\" class=\"attachment-thumbnail size-thumbnail\" alt=\"\" srcset=\"https:\/\/fr.motocrossmag.be\/wp-content\/uploads\/2015\/09\/MXDN-Team_Belgium-2015-CP-Nat-I-206-150x150.jpg 150w, https:\/\/fr.motocrossmag.be\/wp-content\/uploads\/2015\/09\/MXDN-Team_Belgium-2015-CP-Nat-I-206-50x50.jpg 50w\" sizes=\"(max-width: 150px) 100vw, 150px\" \/><\/a>\n\t\t\t<\/div><\/figure><figure class='gallery-item'>\n\t\t\t<div class='gallery-icon landscape'>\n\t\t\t\t<a href='https:\/\/fr.motocrossmag.be\/index.php\/2015\/09\/photos-le-team-belge-pour-le-mx-des-nations-pret-pour-ernee\/mxdn-team_belgium-2015-cp-nat-i-210\/'><img decoding=\"async\" width=\"150\" height=\"150\" src=\"https:\/\/fr.motocrossmag.be\/wp-content\/uploads\/2015\/09\/MXDN-Team_Belgium-2015-CP-Nat-I-210-150x150.jpg\" class=\"attachment-thumbnail size-thumbnail\" alt=\"\" srcset=\"https:\/\/fr.motocrossmag.be\/wp-content\/uploads\/2015\/09\/MXDN-Team_Belgium-2015-CP-Nat-I-210-150x150.jpg 150w, https:\/\/fr.motocrossmag.be\/wp-content\/uploads\/2015\/09\/MXDN-Team_Belgium-2015-CP-Nat-I-210-50x50.jpg 50w\" sizes=\"(max-width: 150px) 100vw, 150px\" \/><\/a>\n\t\t\t<\/div><\/figure><figure class='gallery-item'>\n\t\t\t<div class='gallery-icon landscape'>\n\t\t\t\t<a href='https:\/\/fr.motocrossmag.be\/index.php\/2015\/09\/photos-le-team-belge-pour-le-mx-des-nations-pret-pour-ernee\/mxdn-team_belgium-2015-cp-nat-i-217\/'><img decoding=\"async\" width=\"150\" height=\"150\" src=\"https:\/\/fr.motocrossmag.be\/wp-content\/uploads\/2015\/09\/MXDN-Team_Belgium-2015-CP-Nat-I-217-150x150.jpg\" class=\"attachment-thumbnail size-thumbnail\" alt=\"\" srcset=\"https:\/\/fr.motocrossmag.be\/wp-content\/uploads\/2015\/09\/MXDN-Team_Belgium-2015-CP-Nat-I-217-150x150.jpg 150w, https:\/\/fr.motocrossmag.be\/wp-content\/uploads\/2015\/09\/MXDN-Team_Belgium-2015-CP-Nat-I-217-50x50.jpg 50w\" sizes=\"(max-width: 150px) 100vw, 150px\" \/><\/a>\n\t\t\t<\/div><\/figure><figure class='gallery-item'>\n\t\t\t<div class='gallery-icon landscape'>\n\t\t\t\t<a href='https:\/\/fr.motocrossmag.be\/index.php\/2015\/09\/photos-le-team-belge-pour-le-mx-des-nations-pret-pour-ernee\/mxdn-team_belgium-2015-cp-nat-i-226\/'><img decoding=\"async\" width=\"150\" height=\"150\" src=\"https:\/\/fr.motocrossmag.be\/wp-content\/uploads\/2015\/09\/MXDN-Team_Belgium-2015-CP-Nat-I-226-150x150.jpg\" class=\"attachment-thumbnail size-thumbnail\" alt=\"\" srcset=\"https:\/\/fr.motocrossmag.be\/wp-content\/uploads\/2015\/09\/MXDN-Team_Belgium-2015-CP-Nat-I-226-150x150.jpg 150w, https:\/\/fr.motocrossmag.be\/wp-content\/uploads\/2015\/09\/MXDN-Team_Belgium-2015-CP-Nat-I-226-50x50.jpg 50w\" sizes=\"(max-width: 150px) 100vw, 150px\" \/><\/a>\n\t\t\t<\/div><\/figure><figure class='gallery-item'>\n\t\t\t<div class='gallery-icon landscape'>\n\t\t\t\t<a href='https:\/\/fr.motocrossmag.be\/index.php\/2015\/09\/photos-le-team-belge-pour-le-mx-des-nations-pret-pour-ernee\/mxdn-team_belgium-2015-cp-nat-i-231\/'><img decoding=\"async\" width=\"150\" height=\"150\" src=\"https:\/\/fr.motocrossmag.be\/wp-content\/uploads\/2015\/09\/MXDN-Team_Belgium-2015-CP-Nat-I-231-150x150.jpg\" class=\"attachment-thumbnail size-thumbnail\" alt=\"\" srcset=\"https:\/\/fr.motocrossmag.be\/wp-content\/uploads\/2015\/09\/MXDN-Team_Belgium-2015-CP-Nat-I-231-150x150.jpg 150w, https:\/\/fr.motocrossmag.be\/wp-content\/uploads\/2015\/09\/MXDN-Team_Belgium-2015-CP-Nat-I-231-50x50.jpg 50w\" sizes=\"(max-width: 150px) 100vw, 150px\" \/><\/a>\n\t\t\t<\/div><\/figure><figure class='gallery-item'>\n\t\t\t<div class='gallery-icon landscape'>\n\t\t\t\t<a href='https:\/\/fr.motocrossmag.be\/index.php\/2015\/09\/photos-le-team-belge-pour-le-mx-des-nations-pret-pour-ernee\/mxdn-team_belgium-2015-cp-nat-i-232\/'><img decoding=\"async\" width=\"150\" height=\"150\" src=\"https:\/\/fr.motocrossmag.be\/wp-content\/uploads\/2015\/09\/MXDN-Team_Belgium-2015-CP-Nat-I-232-150x150.jpg\" class=\"attachment-thumbnail size-thumbnail\" alt=\"\" srcset=\"https:\/\/fr.motocrossmag.be\/wp-content\/uploads\/2015\/09\/MXDN-Team_Belgium-2015-CP-Nat-I-232-150x150.jpg 150w, https:\/\/fr.motocrossmag.be\/wp-content\/uploads\/2015\/09\/MXDN-Team_Belgium-2015-CP-Nat-I-232-50x50.jpg 50w\" sizes=\"(max-width: 150px) 100vw, 150px\" \/><\/a>\n\t\t\t<\/div><\/figure><figure class='gallery-item'>\n\t\t\t<div class='gallery-icon landscape'>\n\t\t\t\t<a href='https:\/\/fr.motocrossmag.be\/index.php\/2015\/09\/photos-le-team-belge-pour-le-mx-des-nations-pret-pour-ernee\/mxdn-team_belgium-2015-cp-nat-i-234\/'><img decoding=\"async\" width=\"150\" height=\"150\" src=\"https:\/\/fr.motocrossmag.be\/wp-content\/uploads\/2015\/09\/MXDN-Team_Belgium-2015-CP-Nat-I-234-150x150.jpg\" class=\"attachment-thumbnail size-thumbnail\" alt=\"\" srcset=\"https:\/\/fr.motocrossmag.be\/wp-content\/uploads\/2015\/09\/MXDN-Team_Belgium-2015-CP-Nat-I-234-150x150.jpg 150w, https:\/\/fr.motocrossmag.be\/wp-content\/uploads\/2015\/09\/MXDN-Team_Belgium-2015-CP-Nat-I-234-50x50.jpg 50w\" sizes=\"(max-width: 150px) 100vw, 150px\" \/><\/a>\n\t\t\t<\/div><\/figure><figure class='gallery-item'>\n\t\t\t<div class='gallery-icon landscape'>\n\t\t\t\t<a href='https:\/\/fr.motocrossmag.be\/index.php\/2015\/09\/photos-le-team-belge-pour-le-mx-des-nations-pret-pour-ernee\/mxdn-team_belgium-2015-cp-nat-i-240\/'><img decoding=\"async\" width=\"150\" height=\"150\" src=\"https:\/\/fr.motocrossmag.be\/wp-content\/uploads\/2015\/09\/MXDN-Team_Belgium-2015-CP-Nat-I-240-150x150.jpg\" class=\"attachment-thumbnail size-thumbnail\" alt=\"\" srcset=\"https:\/\/fr.motocrossmag.be\/wp-content\/uploads\/2015\/09\/MXDN-Team_Belgium-2015-CP-Nat-I-240-150x150.jpg 150w, https:\/\/fr.motocrossmag.be\/wp-content\/uploads\/2015\/09\/MXDN-Team_Belgium-2015-CP-Nat-I-240-50x50.jpg 50w\" sizes=\"(max-width: 150px) 100vw, 150px\" \/><\/a>\n\t\t\t<\/div><\/figure><figure class='gallery-item'>\n\t\t\t<div class='gallery-icon landscape'>\n\t\t\t\t<a href='https:\/\/fr.motocrossmag.be\/index.php\/2015\/09\/photos-le-team-belge-pour-le-mx-des-nations-pret-pour-ernee\/mxdn-team_belgium-2015-cp-nat-i-241\/'><img decoding=\"async\" width=\"150\" height=\"150\" src=\"https:\/\/fr.motocrossmag.be\/wp-content\/uploads\/2015\/09\/MXDN-Team_Belgium-2015-CP-Nat-I-241-150x150.jpg\" class=\"attachment-thumbnail size-thumbnail\" alt=\"\" srcset=\"https:\/\/fr.motocrossmag.be\/wp-content\/uploads\/2015\/09\/MXDN-Team_Belgium-2015-CP-Nat-I-241-150x150.jpg 150w, https:\/\/fr.motocrossmag.be\/wp-content\/uploads\/2015\/09\/MXDN-Team_Belgium-2015-CP-Nat-I-241-50x50.jpg 50w\" sizes=\"(max-width: 150px) 100vw, 150px\" \/><\/a>\n\t\t\t<\/div><\/figure><figure class='gallery-item'>\n\t\t\t<div class='gallery-icon landscape'>\n\t\t\t\t<a href='https:\/\/fr.motocrossmag.be\/index.php\/2015\/09\/photos-le-team-belge-pour-le-mx-des-nations-pret-pour-ernee\/mxdn-team_belgium-2015-cp-nat-i-250\/'><img decoding=\"async\" width=\"150\" height=\"150\" src=\"https:\/\/fr.motocrossmag.be\/wp-content\/uploads\/2015\/09\/MXDN-Team_Belgium-2015-CP-Nat-I-250-150x150.jpg\" class=\"attachment-thumbnail size-thumbnail\" alt=\"\" srcset=\"https:\/\/fr.motocrossmag.be\/wp-content\/uploads\/2015\/09\/MXDN-Team_Belgium-2015-CP-Nat-I-250-150x150.jpg 150w, https:\/\/fr.motocrossmag.be\/wp-content\/uploads\/2015\/09\/MXDN-Team_Belgium-2015-CP-Nat-I-250-50x50.jpg 50w\" sizes=\"(max-width: 150px) 100vw, 150px\" \/><\/a>\n\t\t\t<\/div><\/figure><figure class='gallery-item'>\n\t\t\t<div class='gallery-icon landscape'>\n\t\t\t\t<a href='https:\/\/fr.motocrossmag.be\/index.php\/2015\/09\/photos-le-team-belge-pour-le-mx-des-nations-pret-pour-ernee\/mxdn-team_belgium-2015-cp-nat-i-255\/'><img decoding=\"async\" width=\"150\" height=\"150\" src=\"https:\/\/fr.motocrossmag.be\/wp-content\/uploads\/2015\/09\/MXDN-Team_Belgium-2015-CP-Nat-I-255-150x150.jpg\" class=\"attachment-thumbnail size-thumbnail\" alt=\"\" srcset=\"https:\/\/fr.motocrossmag.be\/wp-content\/uploads\/2015\/09\/MXDN-Team_Belgium-2015-CP-Nat-I-255-150x150.jpg 150w, https:\/\/fr.motocrossmag.be\/wp-content\/uploads\/2015\/09\/MXDN-Team_Belgium-2015-CP-Nat-I-255-50x50.jpg 50w\" sizes=\"(max-width: 150px) 100vw, 150px\" \/><\/a>\n\t\t\t<\/div><\/figure><figure class='gallery-item'>\n\t\t\t<div class='gallery-icon landscape'>\n\t\t\t\t<a href='https:\/\/fr.motocrossmag.be\/index.php\/2015\/09\/photos-le-team-belge-pour-le-mx-des-nations-pret-pour-ernee\/mxdn-team_belgium-2015-cp-nat-i-260\/'><img decoding=\"async\" width=\"150\" height=\"150\" src=\"https:\/\/fr.motocrossmag.be\/wp-content\/uploads\/2015\/09\/MXDN-Team_Belgium-2015-CP-Nat-I-260-150x150.jpg\" class=\"attachment-thumbnail size-thumbnail\" alt=\"\" srcset=\"https:\/\/fr.motocrossmag.be\/wp-content\/uploads\/2015\/09\/MXDN-Team_Belgium-2015-CP-Nat-I-260-150x150.jpg 150w, https:\/\/fr.motocrossmag.be\/wp-content\/uploads\/2015\/09\/MXDN-Team_Belgium-2015-CP-Nat-I-260-50x50.jpg 50w\" sizes=\"(max-width: 150px) 100vw, 150px\" \/><\/a>\n\t\t\t<\/div><\/figure><figure class='gallery-item'>\n\t\t\t<div class='gallery-icon landscape'>\n\t\t\t\t<a href='https:\/\/fr.motocrossmag.be\/index.php\/2015\/09\/photos-le-team-belge-pour-le-mx-des-nations-pret-pour-ernee\/mxdn-team_belgium-2015-cp-nat-i-267\/'><img decoding=\"async\" width=\"150\" height=\"150\" src=\"https:\/\/fr.motocrossmag.be\/wp-content\/uploads\/2015\/09\/MXDN-Team_Belgium-2015-CP-Nat-I-267-150x150.jpg\" class=\"attachment-thumbnail size-thumbnail\" alt=\"\" srcset=\"https:\/\/fr.motocrossmag.be\/wp-content\/uploads\/2015\/09\/MXDN-Team_Belgium-2015-CP-Nat-I-267-150x150.jpg 150w, https:\/\/fr.motocrossmag.be\/wp-content\/uploads\/2015\/09\/MXDN-Team_Belgium-2015-CP-Nat-I-267-50x50.jpg 50w\" sizes=\"(max-width: 150px) 100vw, 150px\" \/><\/a>\n\t\t\t<\/div><\/figure><figure class='gallery-item'>\n\t\t\t<div class='gallery-icon landscape'>\n\t\t\t\t<a href='https:\/\/fr.motocrossmag.be\/index.php\/2015\/09\/photos-le-team-belge-pour-le-mx-des-nations-pret-pour-ernee\/mxdn-team_belgium-2015-cp-nat-i-273\/'><img decoding=\"async\" width=\"150\" height=\"150\" src=\"https:\/\/fr.motocrossmag.be\/wp-content\/uploads\/2015\/09\/MXDN-Team_Belgium-2015-CP-Nat-I-273-150x150.jpg\" class=\"attachment-thumbnail size-thumbnail\" alt=\"\" srcset=\"https:\/\/fr.motocrossmag.be\/wp-content\/uploads\/2015\/09\/MXDN-Team_Belgium-2015-CP-Nat-I-273-150x150.jpg 150w, https:\/\/fr.motocrossmag.be\/wp-content\/uploads\/2015\/09\/MXDN-Team_Belgium-2015-CP-Nat-I-273-50x50.jpg 50w\" sizes=\"(max-width: 150px) 100vw, 150px\" \/><\/a>\n\t\t\t<\/div><\/figure><figure class='gallery-item'>\n\t\t\t<div class='gallery-icon landscape'>\n\t\t\t\t<a href='https:\/\/fr.motocrossmag.be\/index.php\/2015\/09\/photos-le-team-belge-pour-le-mx-des-nations-pret-pour-ernee\/mxdn-team_belgium-2015-cp-nat-ii-004\/'><img decoding=\"async\" width=\"150\" height=\"150\" src=\"https:\/\/fr.motocrossmag.be\/wp-content\/uploads\/2015\/09\/MXDN-Team_Belgium-2015-CP-Nat-II-004-150x150.jpg\" class=\"attachment-thumbnail size-thumbnail\" alt=\"\" srcset=\"https:\/\/fr.motocrossmag.be\/wp-content\/uploads\/2015\/09\/MXDN-Team_Belgium-2015-CP-Nat-II-004-150x150.jpg 150w, https:\/\/fr.motocrossmag.be\/wp-content\/uploads\/2015\/09\/MXDN-Team_Belgium-2015-CP-Nat-II-004-50x50.jpg 50w\" sizes=\"(max-width: 150px) 100vw, 150px\" \/><\/a>\n\t\t\t<\/div><\/figure><figure class='gallery-item'>\n\t\t\t<div class='gallery-icon landscape'>\n\t\t\t\t<a href='https:\/\/fr.motocrossmag.be\/index.php\/2015\/09\/photos-le-team-belge-pour-le-mx-des-nations-pret-pour-ernee\/mxdn-team_belgium-2015-cp-nat-ii-019\/'><img decoding=\"async\" width=\"150\" height=\"150\" src=\"https:\/\/fr.motocrossmag.be\/wp-content\/uploads\/2015\/09\/MXDN-Team_Belgium-2015-CP-Nat-II-019-150x150.jpg\" class=\"attachment-thumbnail size-thumbnail\" alt=\"\" srcset=\"https:\/\/fr.motocrossmag.be\/wp-content\/uploads\/2015\/09\/MXDN-Team_Belgium-2015-CP-Nat-II-019-150x150.jpg 150w, https:\/\/fr.motocrossmag.be\/wp-content\/uploads\/2015\/09\/MXDN-Team_Belgium-2015-CP-Nat-II-019-50x50.jpg 50w\" sizes=\"(max-width: 150px) 100vw, 150px\" \/><\/a>\n\t\t\t<\/div><\/figure><figure class='gallery-item'>\n\t\t\t<div class='gallery-icon landscape'>\n\t\t\t\t<a href='https:\/\/fr.motocrossmag.be\/index.php\/2015\/09\/photos-le-team-belge-pour-le-mx-des-nations-pret-pour-ernee\/mxdn-team_belgium-2015-cp-nat-ii-022\/'><img decoding=\"async\" width=\"150\" height=\"150\" src=\"https:\/\/fr.motocrossmag.be\/wp-content\/uploads\/2015\/09\/MXDN-Team_Belgium-2015-CP-Nat-II-022-150x150.jpg\" class=\"attachment-thumbnail size-thumbnail\" alt=\"\" srcset=\"https:\/\/fr.motocrossmag.be\/wp-content\/uploads\/2015\/09\/MXDN-Team_Belgium-2015-CP-Nat-II-022-150x150.jpg 150w, https:\/\/fr.motocrossmag.be\/wp-content\/uploads\/2015\/09\/MXDN-Team_Belgium-2015-CP-Nat-II-022-50x50.jpg 50w\" sizes=\"(max-width: 150px) 100vw, 150px\" \/><\/a>\n\t\t\t<\/div><\/figure><figure class='gallery-item'>\n\t\t\t<div class='gallery-icon landscape'>\n\t\t\t\t<a href='https:\/\/fr.motocrossmag.be\/index.php\/2015\/09\/photos-le-team-belge-pour-le-mx-des-nations-pret-pour-ernee\/mxdn-team_belgium-2015-cp-nat-ii-033\/'><img decoding=\"async\" width=\"150\" height=\"150\" src=\"https:\/\/fr.motocrossmag.be\/wp-content\/uploads\/2015\/09\/MXDN-Team_Belgium-2015-CP-Nat-II-033-150x150.jpg\" class=\"attachment-thumbnail size-thumbnail\" alt=\"\" srcset=\"https:\/\/fr.motocrossmag.be\/wp-content\/uploads\/2015\/09\/MXDN-Team_Belgium-2015-CP-Nat-II-033-150x150.jpg 150w, https:\/\/fr.motocrossmag.be\/wp-content\/uploads\/2015\/09\/MXDN-Team_Belgium-2015-CP-Nat-II-033-50x50.jpg 50w\" sizes=\"(max-width: 150px) 100vw, 150px\" \/><\/a>\n\t\t\t<\/div><\/figure><figure class='gallery-item'>\n\t\t\t<div class='gallery-icon landscape'>\n\t\t\t\t<a href='https:\/\/fr.motocrossmag.be\/index.php\/2015\/09\/photos-le-team-belge-pour-le-mx-des-nations-pret-pour-ernee\/mxdn-team_belgium-2015-cp-nat-ii-041\/'><img decoding=\"async\" width=\"150\" height=\"150\" src=\"https:\/\/fr.motocrossmag.be\/wp-content\/uploads\/2015\/09\/MXDN-Team_Belgium-2015-CP-Nat-II-041-150x150.jpg\" class=\"attachment-thumbnail size-thumbnail\" alt=\"\" srcset=\"https:\/\/fr.motocrossmag.be\/wp-content\/uploads\/2015\/09\/MXDN-Team_Belgium-2015-CP-Nat-II-041-150x150.jpg 150w, https:\/\/fr.motocrossmag.be\/wp-content\/uploads\/2015\/09\/MXDN-Team_Belgium-2015-CP-Nat-II-041-50x50.jpg 50w\" sizes=\"(max-width: 150px) 100vw, 150px\" \/><\/a>\n\t\t\t<\/div><\/figure><figure class='gallery-item'>\n\t\t\t<div class='gallery-icon landscape'>\n\t\t\t\t<a href='https:\/\/fr.motocrossmag.be\/index.php\/2015\/09\/photos-le-team-belge-pour-le-mx-des-nations-pret-pour-ernee\/mxdn-team_belgium-2015-cp-nat-ii-045\/'><img decoding=\"async\" width=\"150\" height=\"150\" src=\"https:\/\/fr.motocrossmag.be\/wp-content\/uploads\/2015\/09\/MXDN-Team_Belgium-2015-CP-Nat-II-045-150x150.jpg\" class=\"attachment-thumbnail size-thumbnail\" alt=\"\" aria-describedby=\"gallery-1-38475\" srcset=\"https:\/\/fr.motocrossmag.be\/wp-content\/uploads\/2015\/09\/MXDN-Team_Belgium-2015-CP-Nat-II-045-150x150.jpg 150w, https:\/\/fr.motocrossmag.be\/wp-content\/uploads\/2015\/09\/MXDN-Team_Belgium-2015-CP-Nat-II-045-50x50.jpg 50w\" sizes=\"(max-width: 150px) 100vw, 150px\" \/><\/a>\n\t\t\t<\/div>\n\t\t\t\t<figcaption class='wp-caption-text gallery-caption' id='gallery-1-38475'>\n\t\t\t\tKen De Dycker peut cr\u00e9er la surprise \u00e0 Ern\u00e9e les 26 et 27 septembre prochains.\n\t\t\t\t<\/figcaption><\/figure><figure class='gallery-item'>\n\t\t\t<div class='gallery-icon landscape'>\n\t\t\t\t<a href='https:\/\/fr.motocrossmag.be\/index.php\/2015\/09\/photos-le-team-belge-pour-le-mx-des-nations-pret-pour-ernee\/mxdn-team_belgium-2015-cp-nat-ii-068\/'><img decoding=\"async\" width=\"150\" height=\"150\" src=\"https:\/\/fr.motocrossmag.be\/wp-content\/uploads\/2015\/09\/MXDN-Team_Belgium-2015-CP-Nat-II-068-150x150.jpg\" class=\"attachment-thumbnail size-thumbnail\" alt=\"\" srcset=\"https:\/\/fr.motocrossmag.be\/wp-content\/uploads\/2015\/09\/MXDN-Team_Belgium-2015-CP-Nat-II-068-150x150.jpg 150w, https:\/\/fr.motocrossmag.be\/wp-content\/uploads\/2015\/09\/MXDN-Team_Belgium-2015-CP-Nat-II-068-50x50.jpg 50w\" sizes=\"(max-width: 150px) 100vw, 150px\" \/><\/a>\n\t\t\t<\/div><\/figure><figure class='gallery-item'>\n\t\t\t<div class='gallery-icon landscape'>\n\t\t\t\t<a href='https:\/\/fr.motocrossmag.be\/index.php\/2015\/09\/photos-le-team-belge-pour-le-mx-des-nations-pret-pour-ernee\/mxdn-team_belgium-2015-cp-nat-ii-079\/'><img decoding=\"async\" width=\"150\" height=\"150\" src=\"https:\/\/fr.motocrossmag.be\/wp-content\/uploads\/2015\/09\/MXDN-Team_Belgium-2015-CP-Nat-II-079-150x150.jpg\" class=\"attachment-thumbnail size-thumbnail\" alt=\"\" srcset=\"https:\/\/fr.motocrossmag.be\/wp-content\/uploads\/2015\/09\/MXDN-Team_Belgium-2015-CP-Nat-II-079-150x150.jpg 150w, https:\/\/fr.motocrossmag.be\/wp-content\/uploads\/2015\/09\/MXDN-Team_Belgium-2015-CP-Nat-II-079-50x50.jpg 50w\" sizes=\"(max-width: 150px) 100vw, 150px\" \/><\/a>\n\t\t\t<\/div><\/figure><figure class='gallery-item'>\n\t\t\t<div class='gallery-icon landscape'>\n\t\t\t\t<a href='https:\/\/fr.motocrossmag.be\/index.php\/2015\/09\/photos-le-team-belge-pour-le-mx-des-nations-pret-pour-ernee\/mxdn-team_belgium-2015-cp-nat-ii-101\/'><img decoding=\"async\" width=\"150\" height=\"150\" src=\"https:\/\/fr.motocrossmag.be\/wp-content\/uploads\/2015\/09\/MXDN-Team_Belgium-2015-CP-Nat-II-101-150x150.jpg\" class=\"attachment-thumbnail size-thumbnail\" alt=\"\" srcset=\"https:\/\/fr.motocrossmag.be\/wp-content\/uploads\/2015\/09\/MXDN-Team_Belgium-2015-CP-Nat-II-101-150x150.jpg 150w, https:\/\/fr.motocrossmag.be\/wp-content\/uploads\/2015\/09\/MXDN-Team_Belgium-2015-CP-Nat-II-101-50x50.jpg 50w\" sizes=\"(max-width: 150px) 100vw, 150px\" \/><\/a>\n\t\t\t<\/div><\/figure><figure class='gallery-item'>\n\t\t\t<div class='gallery-icon landscape'>\n\t\t\t\t<a href='https:\/\/fr.motocrossmag.be\/index.php\/2015\/09\/photos-le-team-belge-pour-le-mx-des-nations-pret-pour-ernee\/mxdn-team_belgium-2015-cp-nat-ii-108\/'><img decoding=\"async\" width=\"150\" height=\"150\" src=\"https:\/\/fr.motocrossmag.be\/wp-content\/uploads\/2015\/09\/MXDN-Team_Belgium-2015-CP-Nat-II-108-150x150.jpg\" class=\"attachment-thumbnail size-thumbnail\" alt=\"\" srcset=\"https:\/\/fr.motocrossmag.be\/wp-content\/uploads\/2015\/09\/MXDN-Team_Belgium-2015-CP-Nat-II-108-150x150.jpg 150w, https:\/\/fr.motocrossmag.be\/wp-content\/uploads\/2015\/09\/MXDN-Team_Belgium-2015-CP-Nat-II-108-50x50.jpg 50w\" sizes=\"(max-width: 150px) 100vw, 150px\" \/><\/a>\n\t\t\t<\/div><\/figure><figure class='gallery-item'>\n\t\t\t<div class='gallery-icon landscape'>\n\t\t\t\t<a href='https:\/\/fr.motocrossmag.be\/index.php\/2015\/09\/photos-le-team-belge-pour-le-mx-des-nations-pret-pour-ernee\/mxdn-team_belgium-2015-cp-nat-ii-111\/'><img decoding=\"async\" width=\"150\" height=\"150\" src=\"https:\/\/fr.motocrossmag.be\/wp-content\/uploads\/2015\/09\/MXDN-Team_Belgium-2015-CP-Nat-II-111-150x150.jpg\" class=\"attachment-thumbnail size-thumbnail\" alt=\"\" srcset=\"https:\/\/fr.motocrossmag.be\/wp-content\/uploads\/2015\/09\/MXDN-Team_Belgium-2015-CP-Nat-II-111-150x150.jpg 150w, https:\/\/fr.motocrossmag.be\/wp-content\/uploads\/2015\/09\/MXDN-Team_Belgium-2015-CP-Nat-II-111-50x50.jpg 50w\" sizes=\"(max-width: 150px) 100vw, 150px\" \/><\/a>\n\t\t\t<\/div><\/figure><figure class='gallery-item'>\n\t\t\t<div class='gallery-icon landscape'>\n\t\t\t\t<a href='https:\/\/fr.motocrossmag.be\/index.php\/2015\/09\/photos-le-team-belge-pour-le-mx-des-nations-pret-pour-ernee\/mxdn-team_belgium-2015-cp-nat-ii-116\/'><img decoding=\"async\" width=\"150\" height=\"150\" src=\"https:\/\/fr.motocrossmag.be\/wp-content\/uploads\/2015\/09\/MXDN-Team_Belgium-2015-CP-Nat-II-116-150x150.jpg\" class=\"attachment-thumbnail size-thumbnail\" alt=\"\" srcset=\"https:\/\/fr.motocrossmag.be\/wp-content\/uploads\/2015\/09\/MXDN-Team_Belgium-2015-CP-Nat-II-116-150x150.jpg 150w, https:\/\/fr.motocrossmag.be\/wp-content\/uploads\/2015\/09\/MXDN-Team_Belgium-2015-CP-Nat-II-116-50x50.jpg 50w\" sizes=\"(max-width: 150px) 100vw, 150px\" \/><\/a>\n\t\t\t<\/div><\/figure><figure class='gallery-item'>\n\t\t\t<div class='gallery-icon landscape'>\n\t\t\t\t<a href='https:\/\/fr.motocrossmag.be\/index.php\/2015\/09\/photos-le-team-belge-pour-le-mx-des-nations-pret-pour-ernee\/mxdn-team_belgium-2015-cp-nat-ii-121\/'><img decoding=\"async\" width=\"150\" height=\"150\" src=\"https:\/\/fr.motocrossmag.be\/wp-content\/uploads\/2015\/09\/MXDN-Team_Belgium-2015-CP-Nat-II-121-150x150.jpg\" class=\"attachment-thumbnail size-thumbnail\" alt=\"\" srcset=\"https:\/\/fr.motocrossmag.be\/wp-content\/uploads\/2015\/09\/MXDN-Team_Belgium-2015-CP-Nat-II-121-150x150.jpg 150w, https:\/\/fr.motocrossmag.be\/wp-content\/uploads\/2015\/09\/MXDN-Team_Belgium-2015-CP-Nat-II-121-50x50.jpg 50w\" sizes=\"(max-width: 150px) 100vw, 150px\" \/><\/a>\n\t\t\t<\/div><\/figure><figure class='gallery-item'>\n\t\t\t<div class='gallery-icon landscape'>\n\t\t\t\t<a href='https:\/\/fr.motocrossmag.be\/index.php\/2015\/09\/photos-le-team-belge-pour-le-mx-des-nations-pret-pour-ernee\/mxdn-team_belgium-2015-cp-nat-ii-123\/'><img decoding=\"async\" width=\"150\" height=\"150\" src=\"https:\/\/fr.motocrossmag.be\/wp-content\/uploads\/2015\/09\/MXDN-Team_Belgium-2015-CP-Nat-II-123-150x150.jpg\" class=\"attachment-thumbnail size-thumbnail\" alt=\"\" srcset=\"https:\/\/fr.motocrossmag.be\/wp-content\/uploads\/2015\/09\/MXDN-Team_Belgium-2015-CP-Nat-II-123-150x150.jpg 150w, https:\/\/fr.motocrossmag.be\/wp-content\/uploads\/2015\/09\/MXDN-Team_Belgium-2015-CP-Nat-II-123-50x50.jpg 50w\" sizes=\"(max-width: 150px) 100vw, 150px\" \/><\/a>\n\t\t\t<\/div><\/figure><figure class='gallery-item'>\n\t\t\t<div class='gallery-icon landscape'>\n\t\t\t\t<a href='https:\/\/fr.motocrossmag.be\/index.php\/2015\/09\/photos-le-team-belge-pour-le-mx-des-nations-pret-pour-ernee\/mxdn-team_belgium-2015-cp-nat-ii-135\/'><img decoding=\"async\" width=\"150\" height=\"150\" src=\"https:\/\/fr.motocrossmag.be\/wp-content\/uploads\/2015\/09\/MXDN-Team_Belgium-2015-CP-Nat-II-135-150x150.jpg\" class=\"attachment-thumbnail size-thumbnail\" alt=\"\" srcset=\"https:\/\/fr.motocrossmag.be\/wp-content\/uploads\/2015\/09\/MXDN-Team_Belgium-2015-CP-Nat-II-135-150x150.jpg 150w, https:\/\/fr.motocrossmag.be\/wp-content\/uploads\/2015\/09\/MXDN-Team_Belgium-2015-CP-Nat-II-135-50x50.jpg 50w\" sizes=\"(max-width: 150px) 100vw, 150px\" \/><\/a>\n\t\t\t<\/div><\/figure><figure class='gallery-item'>\n\t\t\t<div class='gallery-icon landscape'>\n\t\t\t\t<a href='https:\/\/fr.motocrossmag.be\/index.php\/2015\/09\/photos-le-team-belge-pour-le-mx-des-nations-pret-pour-ernee\/mxdn-team_belgium-2015-cp-nat-ii-150\/'><img decoding=\"async\" width=\"150\" height=\"150\" src=\"https:\/\/fr.motocrossmag.be\/wp-content\/uploads\/2015\/09\/MXDN-Team_Belgium-2015-CP-Nat-II-150-150x150.jpg\" class=\"attachment-thumbnail size-thumbnail\" alt=\"\" srcset=\"https:\/\/fr.motocrossmag.be\/wp-content\/uploads\/2015\/09\/MXDN-Team_Belgium-2015-CP-Nat-II-150-150x150.jpg 150w, https:\/\/fr.motocrossmag.be\/wp-content\/uploads\/2015\/09\/MXDN-Team_Belgium-2015-CP-Nat-II-150-50x50.jpg 50w\" sizes=\"(max-width: 150px) 100vw, 150px\" \/><\/a>\n\t\t\t<\/div><\/figure><figure class='gallery-item'>\n\t\t\t<div class='gallery-icon landscape'>\n\t\t\t\t<a href='https:\/\/fr.motocrossmag.be\/index.php\/2015\/09\/photos-le-team-belge-pour-le-mx-des-nations-pret-pour-ernee\/mxdn-team_belgium-2015-cp-nat-ii-152\/'><img decoding=\"async\" width=\"150\" height=\"150\" src=\"https:\/\/fr.motocrossmag.be\/wp-content\/uploads\/2015\/09\/MXDN-Team_Belgium-2015-CP-Nat-II-152-150x150.jpg\" class=\"attachment-thumbnail size-thumbnail\" alt=\"\" srcset=\"https:\/\/fr.motocrossmag.be\/wp-content\/uploads\/2015\/09\/MXDN-Team_Belgium-2015-CP-Nat-II-152-150x150.jpg 150w, https:\/\/fr.motocrossmag.be\/wp-content\/uploads\/2015\/09\/MXDN-Team_Belgium-2015-CP-Nat-II-152-50x50.jpg 50w\" sizes=\"(max-width: 150px) 100vw, 150px\" \/><\/a>\n\t\t\t<\/div><\/figure><figure class='gallery-item'>\n\t\t\t<div class='gallery-icon landscape'>\n\t\t\t\t<a href='https:\/\/fr.motocrossmag.be\/index.php\/2015\/09\/photos-le-team-belge-pour-le-mx-des-nations-pret-pour-ernee\/mxdn-team_belgium-2015-cp-nat-ii-193\/'><img decoding=\"async\" width=\"150\" height=\"150\" src=\"https:\/\/fr.motocrossmag.be\/wp-content\/uploads\/2015\/09\/MXDN-Team_Belgium-2015-CP-Nat-II-193-150x150.jpg\" class=\"attachment-thumbnail size-thumbnail\" alt=\"\" srcset=\"https:\/\/fr.motocrossmag.be\/wp-content\/uploads\/2015\/09\/MXDN-Team_Belgium-2015-CP-Nat-II-193-150x150.jpg 150w, https:\/\/fr.motocrossmag.be\/wp-content\/uploads\/2015\/09\/MXDN-Team_Belgium-2015-CP-Nat-II-193-50x50.jpg 50w\" sizes=\"(max-width: 150px) 100vw, 150px\" \/><\/a>\n\t\t\t<\/div><\/figure><figure class='gallery-item'>\n\t\t\t<div class='gallery-icon landscape'>\n\t\t\t\t<a href='https:\/\/fr.motocrossmag.be\/index.php\/2015\/09\/photos-le-team-belge-pour-le-mx-des-nations-pret-pour-ernee\/mxdn-team_belgium-2015-cp-nat-ii-198\/'><img decoding=\"async\" width=\"150\" height=\"150\" src=\"https:\/\/fr.motocrossmag.be\/wp-content\/uploads\/2015\/09\/MXDN-Team_Belgium-2015-CP-Nat-II-198-150x150.jpg\" class=\"attachment-thumbnail size-thumbnail\" alt=\"\" srcset=\"https:\/\/fr.motocrossmag.be\/wp-content\/uploads\/2015\/09\/MXDN-Team_Belgium-2015-CP-Nat-II-198-150x150.jpg 150w, https:\/\/fr.motocrossmag.be\/wp-content\/uploads\/2015\/09\/MXDN-Team_Belgium-2015-CP-Nat-II-198-50x50.jpg 50w\" sizes=\"(max-width: 150px) 100vw, 150px\" \/><\/a>\n\t\t\t<\/div><\/figure><figure class='gallery-item'>\n\t\t\t<div class='gallery-icon landscape'>\n\t\t\t\t<a href='https:\/\/fr.motocrossmag.be\/index.php\/2015\/09\/photos-le-team-belge-pour-le-mx-des-nations-pret-pour-ernee\/mxdn-team_belgium-2015-cp-nat-ii-204\/'><img decoding=\"async\" width=\"150\" height=\"150\" src=\"https:\/\/fr.motocrossmag.be\/wp-content\/uploads\/2015\/09\/MXDN-Team_Belgium-2015-CP-Nat-II-204-150x150.jpg\" class=\"attachment-thumbnail size-thumbnail\" alt=\"\" srcset=\"https:\/\/fr.motocrossmag.be\/wp-content\/uploads\/2015\/09\/MXDN-Team_Belgium-2015-CP-Nat-II-204-150x150.jpg 150w, https:\/\/fr.motocrossmag.be\/wp-content\/uploads\/2015\/09\/MXDN-Team_Belgium-2015-CP-Nat-II-204-50x50.jpg 50w\" sizes=\"(max-width: 150px) 100vw, 150px\" \/><\/a>\n\t\t\t<\/div><\/figure><figure class='gallery-item'>\n\t\t\t<div class='gallery-icon landscape'>\n\t\t\t\t<a href='https:\/\/fr.motocrossmag.be\/index.php\/2015\/09\/photos-le-team-belge-pour-le-mx-des-nations-pret-pour-ernee\/mxdn-team_belgium-2015-cp-nat-ii-208\/'><img decoding=\"async\" width=\"150\" height=\"150\" src=\"https:\/\/fr.motocrossmag.be\/wp-content\/uploads\/2015\/09\/MXDN-Team_Belgium-2015-CP-Nat-II-208-150x150.jpg\" class=\"attachment-thumbnail size-thumbnail\" alt=\"\" srcset=\"https:\/\/fr.motocrossmag.be\/wp-content\/uploads\/2015\/09\/MXDN-Team_Belgium-2015-CP-Nat-II-208-150x150.jpg 150w, https:\/\/fr.motocrossmag.be\/wp-content\/uploads\/2015\/09\/MXDN-Team_Belgium-2015-CP-Nat-II-208-50x50.jpg 50w\" sizes=\"(max-width: 150px) 100vw, 150px\" \/><\/a>\n\t\t\t<\/div><\/figure><figure class='gallery-item'>\n\t\t\t<div class='gallery-icon landscape'>\n\t\t\t\t<a href='https:\/\/fr.motocrossmag.be\/index.php\/2015\/09\/photos-le-team-belge-pour-le-mx-des-nations-pret-pour-ernee\/mxdn-team_belgium-2015-cp-nat-ii-226\/'><img decoding=\"async\" width=\"150\" height=\"150\" src=\"https:\/\/fr.motocrossmag.be\/wp-content\/uploads\/2015\/09\/MXDN-Team_Belgium-2015-CP-Nat-II-226-150x150.jpg\" class=\"attachment-thumbnail size-thumbnail\" alt=\"\" srcset=\"https:\/\/fr.motocrossmag.be\/wp-content\/uploads\/2015\/09\/MXDN-Team_Belgium-2015-CP-Nat-II-226-150x150.jpg 150w, https:\/\/fr.motocrossmag.be\/wp-content\/uploads\/2015\/09\/MXDN-Team_Belgium-2015-CP-Nat-II-226-50x50.jpg 50w\" sizes=\"(max-width: 150px) 100vw, 150px\" \/><\/a>\n\t\t\t<\/div><\/figure><figure class='gallery-item'>\n\t\t\t<div class='gallery-icon landscape'>\n\t\t\t\t<a href='https:\/\/fr.motocrossmag.be\/index.php\/2015\/09\/photos-le-team-belge-pour-le-mx-des-nations-pret-pour-ernee\/mxdn-team_belgium-2015-cp-nat-ii-229\/'><img decoding=\"async\" width=\"150\" height=\"150\" src=\"https:\/\/fr.motocrossmag.be\/wp-content\/uploads\/2015\/09\/MXDN-Team_Belgium-2015-CP-Nat-II-229-150x150.jpg\" class=\"attachment-thumbnail size-thumbnail\" alt=\"\" srcset=\"https:\/\/fr.motocrossmag.be\/wp-content\/uploads\/2015\/09\/MXDN-Team_Belgium-2015-CP-Nat-II-229-150x150.jpg 150w, https:\/\/fr.motocrossmag.be\/wp-content\/uploads\/2015\/09\/MXDN-Team_Belgium-2015-CP-Nat-II-229-50x50.jpg 50w\" sizes=\"(max-width: 150px) 100vw, 150px\" \/><\/a>\n\t\t\t<\/div><\/figure><figure class='gallery-item'>\n\t\t\t<div class='gallery-icon landscape'>\n\t\t\t\t<a href='https:\/\/fr.motocrossmag.be\/index.php\/2015\/09\/photos-le-team-belge-pour-le-mx-des-nations-pret-pour-ernee\/mxdn-team_belgium-2015-cp-nat-ii-241\/'><img decoding=\"async\" width=\"150\" height=\"150\" src=\"https:\/\/fr.motocrossmag.be\/wp-content\/uploads\/2015\/09\/MXDN-Team_Belgium-2015-CP-Nat-II-241-150x150.jpg\" class=\"attachment-thumbnail size-thumbnail\" alt=\"\" srcset=\"https:\/\/fr.motocrossmag.be\/wp-content\/uploads\/2015\/09\/MXDN-Team_Belgium-2015-CP-Nat-II-241-150x150.jpg 150w, https:\/\/fr.motocrossmag.be\/wp-content\/uploads\/2015\/09\/MXDN-Team_Belgium-2015-CP-Nat-II-241-50x50.jpg 50w\" sizes=\"(max-width: 150px) 100vw, 150px\" \/><\/a>\n\t\t\t<\/div><\/figure><figure class='gallery-item'>\n\t\t\t<div class='gallery-icon landscape'>\n\t\t\t\t<a href='https:\/\/fr.motocrossmag.be\/index.php\/2015\/09\/photos-le-team-belge-pour-le-mx-des-nations-pret-pour-ernee\/mxdn-team_belgium-2015-cp-nat-ii-242\/'><img decoding=\"async\" width=\"150\" height=\"150\" src=\"https:\/\/fr.motocrossmag.be\/wp-content\/uploads\/2015\/09\/MXDN-Team_Belgium-2015-CP-Nat-II-242-150x150.jpg\" class=\"attachment-thumbnail size-thumbnail\" alt=\"\" srcset=\"https:\/\/fr.motocrossmag.be\/wp-content\/uploads\/2015\/09\/MXDN-Team_Belgium-2015-CP-Nat-II-242-150x150.jpg 150w, https:\/\/fr.motocrossmag.be\/wp-content\/uploads\/2015\/09\/MXDN-Team_Belgium-2015-CP-Nat-II-242-50x50.jpg 50w\" sizes=\"(max-width: 150px) 100vw, 150px\" \/><\/a>\n\t\t\t<\/div><\/figure><figure class='gallery-item'>\n\t\t\t<div class='gallery-icon landscape'>\n\t\t\t\t<a href='https:\/\/fr.motocrossmag.be\/index.php\/2015\/09\/photos-le-team-belge-pour-le-mx-des-nations-pret-pour-ernee\/mxdn-team_belgium-2015-cp-nat-ii-250\/'><img decoding=\"async\" width=\"150\" height=\"150\" src=\"https:\/\/fr.motocrossmag.be\/wp-content\/uploads\/2015\/09\/MXDN-Team_Belgium-2015-CP-Nat-II-250-150x150.jpg\" class=\"attachment-thumbnail size-thumbnail\" alt=\"\" srcset=\"https:\/\/fr.motocrossmag.be\/wp-content\/uploads\/2015\/09\/MXDN-Team_Belgium-2015-CP-Nat-II-250-150x150.jpg 150w, https:\/\/fr.motocrossmag.be\/wp-content\/uploads\/2015\/09\/MXDN-Team_Belgium-2015-CP-Nat-II-250-50x50.jpg 50w\" sizes=\"(max-width: 150px) 100vw, 150px\" \/><\/a>\n\t\t\t<\/div><\/figure><figure class='gallery-item'>\n\t\t\t<div class='gallery-icon landscape'>\n\t\t\t\t<a href='https:\/\/fr.motocrossmag.be\/index.php\/2015\/09\/photos-le-team-belge-pour-le-mx-des-nations-pret-pour-ernee\/mxdn-team_belgium-2015-cp-nat-ii-283\/'><img decoding=\"async\" width=\"150\" height=\"150\" src=\"https:\/\/fr.motocrossmag.be\/wp-content\/uploads\/2015\/09\/MXDN-Team_Belgium-2015-CP-Nat-II-283-150x150.jpg\" class=\"attachment-thumbnail size-thumbnail\" alt=\"\" srcset=\"https:\/\/fr.motocrossmag.be\/wp-content\/uploads\/2015\/09\/MXDN-Team_Belgium-2015-CP-Nat-II-283-150x150.jpg 150w, https:\/\/fr.motocrossmag.be\/wp-content\/uploads\/2015\/09\/MXDN-Team_Belgium-2015-CP-Nat-II-283-50x50.jpg 50w\" sizes=\"(max-width: 150px) 100vw, 150px\" \/><\/a>\n\t\t\t<\/div><\/figure><figure class='gallery-item'>\n\t\t\t<div class='gallery-icon landscape'>\n\t\t\t\t<a href='https:\/\/fr.motocrossmag.be\/index.php\/2015\/09\/photos-le-team-belge-pour-le-mx-des-nations-pret-pour-ernee\/mxdn-team_belgium-2015-cp-nat-ii-317\/'><img decoding=\"async\" width=\"150\" height=\"150\" src=\"https:\/\/fr.motocrossmag.be\/wp-content\/uploads\/2015\/09\/MXDN-Team_Belgium-2015-CP-Nat-II-317-150x150.jpg\" class=\"attachment-thumbnail size-thumbnail\" alt=\"\" srcset=\"https:\/\/fr.motocrossmag.be\/wp-content\/uploads\/2015\/09\/MXDN-Team_Belgium-2015-CP-Nat-II-317-150x150.jpg 150w, https:\/\/fr.motocrossmag.be\/wp-content\/uploads\/2015\/09\/MXDN-Team_Belgium-2015-CP-Nat-II-317-50x50.jpg 50w\" sizes=\"(max-width: 150px) 100vw, 150px\" \/><\/a>\n\t\t\t<\/div><\/figure>\n\t\t<\/div>\n\n","protected":false},"excerpt":{"rendered":"<p>Le team belge pour le Motocross des Nations a \u00e9t\u00e9 pr\u00e9sent\u00e9 hier dans la sabli\u00e8re de Mont-Saint-Guibert, o\u00f9 se dispute ce week-end la finale du championnat de Belgique de motocross. J\u00e9r\u00e9my Van Horebeek, Ken De Dycker, Julien Lieber et leur coach Jo\u00ebl Smets ont donc affich\u00e9 les couleurs 2015 des \u00ab\u00a0Belgian Red Knights\u00a0\u00bb qu&rsquo;ils porteront [&hellip;]<\/p>\n","protected":false},"author":932,"featured_media":38473,"comment_status":"open","ping_status":"closed","sticky":false,"template":"","format":"standard","meta":{"tdm_status":"","tdm_grid_status":"","footnotes":""},"categories":[54,4,6,74,5,55,66,65],"tags":[],"class_list":["post-38429","post","type-post","status-publish","format-standard","has-post-thumbnail","category-actualite","category-motocross","category-mx1mx2","category-mx-des-nations","category-news","category-news-actualite","category-photos","category-slideshow"],"yoast_head":"<!-- This site is optimized with the Yoast SEO plugin v28.3 - https:\/\/yoast.com\/product\/yoast-seo-wordpress\/ -->\n<title>Photos: le team belge pour le MX des Nations pr\u00eat pour Ern\u00e9e ! - Motocross - Enduro - Supermoto | MotocrossMag<\/title>\n<meta name=\"robots\" content=\"index, follow, max-snippet:-1, max-image-preview:large, max-video-preview:-1\" \/>\n<link rel=\"canonical\" href=\"https:\/\/fr.motocrossmag.be\/index.php\/2015\/09\/photos-le-team-belge-pour-le-mx-des-nations-pret-pour-ernee\/\" \/>\n<meta property=\"og:locale\" content=\"fr_FR\" \/>\n<meta property=\"og:type\" content=\"article\" \/>\n<meta property=\"og:title\" content=\"Photos: le team belge pour le MX des Nations pr\u00eat pour Ern\u00e9e ! - Motocross - Enduro - Supermoto | MotocrossMag\" \/>\n<meta property=\"og:description\" content=\"Le team belge pour le Motocross des Nations a \u00e9t\u00e9 pr\u00e9sent\u00e9 hier dans la sabli\u00e8re de Mont-Saint-Guibert, o\u00f9 se dispute ce week-end la finale du championnat de Belgique de motocross. J\u00e9r\u00e9my Van Horebeek, Ken De Dycker, Julien Lieber et leur coach Jo\u00ebl Smets ont donc affich\u00e9 les couleurs 2015 des \u00ab\u00a0Belgian Red Knights\u00a0\u00bb qu&rsquo;ils porteront [&hellip;]\" \/>\n<meta property=\"og:url\" content=\"https:\/\/fr.motocrossmag.be\/index.php\/2015\/09\/photos-le-team-belge-pour-le-mx-des-nations-pret-pour-ernee\/\" \/>\n<meta property=\"og:site_name\" content=\"Motocross - Enduro - Supermoto | MotocrossMag\" \/>\n<meta property=\"article:published_time\" content=\"2015-09-04T10:34:44+00:00\" \/>\n<meta property=\"og:image\" content=\"https:\/\/fr.motocrossmag.be\/wp-content\/uploads\/2015\/09\/MXDN-Team_Belgium-2015-CP-Nat-II-033.jpg\" \/>\n\t<meta property=\"og:image:width\" content=\"1000\" \/>\n\t<meta property=\"og:image:height\" content=\"575\" \/>\n\t<meta property=\"og:image:type\" content=\"image\/jpeg\" \/>\n<meta name=\"author\" content=\"oliviere\" \/>\n<meta name=\"twitter:card\" content=\"summary_large_image\" \/>\n<meta name=\"twitter:label1\" content=\"\u00c9crit par\" \/>\n\t<meta name=\"twitter:data1\" content=\"oliviere\" \/>\n<script type=\"application\/ld+json\" class=\"yoast-schema-graph\">{\"@context\":\"https:\\\/\\\/schema.org\",\"@graph\":[{\"@type\":\"Article\",\"@id\":\"https:\\\/\\\/fr.motocrossmag.be\\\/index.php\\\/2015\\\/09\\\/photos-le-team-belge-pour-le-mx-des-nations-pret-pour-ernee\\\/#article\",\"isPartOf\":{\"@id\":\"https:\\\/\\\/fr.motocrossmag.be\\\/index.php\\\/2015\\\/09\\\/photos-le-team-belge-pour-le-mx-des-nations-pret-pour-ernee\\\/\"},\"author\":{\"name\":\"oliviere\",\"@id\":\"https:\\\/\\\/fr.motocrossmag.be\\\/#\\\/schema\\\/person\\\/11b47143d9f755babca2c9110e03235c\"},\"headline\":\"Photos: le team belge pour le MX des Nations pr\u00eat pour Ern\u00e9e !\",\"datePublished\":\"2015-09-04T10:34:44+00:00\",\"mainEntityOfPage\":{\"@id\":\"https:\\\/\\\/fr.motocrossmag.be\\\/index.php\\\/2015\\\/09\\\/photos-le-team-belge-pour-le-mx-des-nations-pret-pour-ernee\\\/\"},\"wordCount\":89,\"commentCount\":0,\"image\":{\"@id\":\"https:\\\/\\\/fr.motocrossmag.be\\\/index.php\\\/2015\\\/09\\\/photos-le-team-belge-pour-le-mx-des-nations-pret-pour-ernee\\\/#primaryimage\"},\"thumbnailUrl\":\"https:\\\/\\\/fr.motocrossmag.be\\\/wp-content\\\/uploads\\\/2015\\\/09\\\/MXDN-Team_Belgium-2015-CP-Nat-II-033.jpg\",\"articleSection\":[\"Actualit\u00e9\",\"Motocross\",\"Motocross MXGP\",\"MX des Nations\",\"News\",\"News\",\"Photos\",\"Slideshow\"],\"inLanguage\":\"fr-FR\",\"potentialAction\":[{\"@type\":\"CommentAction\",\"name\":\"Comment\",\"target\":[\"https:\\\/\\\/fr.motocrossmag.be\\\/index.php\\\/2015\\\/09\\\/photos-le-team-belge-pour-le-mx-des-nations-pret-pour-ernee\\\/#respond\"]}]},{\"@type\":\"WebPage\",\"@id\":\"https:\\\/\\\/fr.motocrossmag.be\\\/index.php\\\/2015\\\/09\\\/photos-le-team-belge-pour-le-mx-des-nations-pret-pour-ernee\\\/\",\"url\":\"https:\\\/\\\/fr.motocrossmag.be\\\/index.php\\\/2015\\\/09\\\/photos-le-team-belge-pour-le-mx-des-nations-pret-pour-ernee\\\/\",\"name\":\"Photos: le team belge pour le MX des Nations pr\u00eat pour Ern\u00e9e ! - Motocross - Enduro - Supermoto | MotocrossMag\",\"isPartOf\":{\"@id\":\"https:\\\/\\\/fr.motocrossmag.be\\\/#website\"},\"primaryImageOfPage\":{\"@id\":\"https:\\\/\\\/fr.motocrossmag.be\\\/index.php\\\/2015\\\/09\\\/photos-le-team-belge-pour-le-mx-des-nations-pret-pour-ernee\\\/#primaryimage\"},\"image\":{\"@id\":\"https:\\\/\\\/fr.motocrossmag.be\\\/index.php\\\/2015\\\/09\\\/photos-le-team-belge-pour-le-mx-des-nations-pret-pour-ernee\\\/#primaryimage\"},\"thumbnailUrl\":\"https:\\\/\\\/fr.motocrossmag.be\\\/wp-content\\\/uploads\\\/2015\\\/09\\\/MXDN-Team_Belgium-2015-CP-Nat-II-033.jpg\",\"datePublished\":\"2015-09-04T10:34:44+00:00\",\"author\":{\"@id\":\"https:\\\/\\\/fr.motocrossmag.be\\\/#\\\/schema\\\/person\\\/11b47143d9f755babca2c9110e03235c\"},\"breadcrumb\":{\"@id\":\"https:\\\/\\\/fr.motocrossmag.be\\\/index.php\\\/2015\\\/09\\\/photos-le-team-belge-pour-le-mx-des-nations-pret-pour-ernee\\\/#breadcrumb\"},\"inLanguage\":\"fr-FR\",\"potentialAction\":[{\"@type\":\"ReadAction\",\"target\":[\"https:\\\/\\\/fr.motocrossmag.be\\\/index.php\\\/2015\\\/09\\\/photos-le-team-belge-pour-le-mx-des-nations-pret-pour-ernee\\\/\"]}]},{\"@type\":\"ImageObject\",\"inLanguage\":\"fr-FR\",\"@id\":\"https:\\\/\\\/fr.motocrossmag.be\\\/index.php\\\/2015\\\/09\\\/photos-le-team-belge-pour-le-mx-des-nations-pret-pour-ernee\\\/#primaryimage\",\"url\":\"https:\\\/\\\/fr.motocrossmag.be\\\/wp-content\\\/uploads\\\/2015\\\/09\\\/MXDN-Team_Belgium-2015-CP-Nat-II-033.jpg\",\"contentUrl\":\"https:\\\/\\\/fr.motocrossmag.be\\\/wp-content\\\/uploads\\\/2015\\\/09\\\/MXDN-Team_Belgium-2015-CP-Nat-II-033.jpg\",\"width\":1000,\"height\":575},{\"@type\":\"BreadcrumbList\",\"@id\":\"https:\\\/\\\/fr.motocrossmag.be\\\/index.php\\\/2015\\\/09\\\/photos-le-team-belge-pour-le-mx-des-nations-pret-pour-ernee\\\/#breadcrumb\",\"itemListElement\":[{\"@type\":\"ListItem\",\"position\":1,\"name\":\"Accueil\",\"item\":\"https:\\\/\\\/fr.motocrossmag.be\\\/\"},{\"@type\":\"ListItem\",\"position\":2,\"name\":\"Photos: le team belge pour le MX des Nations pr\u00eat pour Ern\u00e9e !\"}]},{\"@type\":\"WebSite\",\"@id\":\"https:\\\/\\\/fr.motocrossmag.be\\\/#website\",\"url\":\"https:\\\/\\\/fr.motocrossmag.be\\\/\",\"name\":\"Motocross - Enduro - Supermoto | MotocrossMag\",\"description\":\"L&#039;actualit\u00e9 du motocross, de l&#039;enduro et du Supermoto en ligne!\",\"potentialAction\":[{\"@type\":\"SearchAction\",\"target\":{\"@type\":\"EntryPoint\",\"urlTemplate\":\"https:\\\/\\\/fr.motocrossmag.be\\\/?s={search_term_string}\"},\"query-input\":{\"@type\":\"PropertyValueSpecification\",\"valueRequired\":true,\"valueName\":\"search_term_string\"}}],\"inLanguage\":\"fr-FR\"},{\"@type\":\"Person\",\"@id\":\"https:\\\/\\\/fr.motocrossmag.be\\\/#\\\/schema\\\/person\\\/11b47143d9f755babca2c9110e03235c\",\"name\":\"oliviere\",\"image\":{\"@type\":\"ImageObject\",\"inLanguage\":\"fr-FR\",\"@id\":\"https:\\\/\\\/secure.gravatar.com\\\/avatar\\\/907069e0b81d119452040469e4a7501da1100f54f7f80180ce77bfab718288f6?s=96&d=mm&r=g\",\"url\":\"https:\\\/\\\/secure.gravatar.com\\\/avatar\\\/907069e0b81d119452040469e4a7501da1100f54f7f80180ce77bfab718288f6?s=96&d=mm&r=g\",\"contentUrl\":\"https:\\\/\\\/secure.gravatar.com\\\/avatar\\\/907069e0b81d119452040469e4a7501da1100f54f7f80180ce77bfab718288f6?s=96&d=mm&r=g\",\"caption\":\"oliviere\"},\"sameAs\":[\"http:\\\/\\\/www.motocrossmag.be\"],\"url\":\"https:\\\/\\\/fr.motocrossmag.be\\\/index.php\\\/author\\\/oliviere\\\/\"}]}<\/script>\n<!-- \/ Yoast SEO plugin. -->","yoast_head_json":{"title":"Photos: le team belge pour le MX des Nations pr\u00eat pour Ern\u00e9e ! - Motocross - Enduro - Supermoto | MotocrossMag","robots":{"index":"index","follow":"follow","max-snippet":"max-snippet:-1","max-image-preview":"max-image-preview:large","max-video-preview":"max-video-preview:-1"},"canonical":"https:\/\/fr.motocrossmag.be\/index.php\/2015\/09\/photos-le-team-belge-pour-le-mx-des-nations-pret-pour-ernee\/","og_locale":"fr_FR","og_type":"article","og_title":"Photos: le team belge pour le MX des Nations pr\u00eat pour Ern\u00e9e ! - Motocross - Enduro - Supermoto | MotocrossMag","og_description":"Le team belge pour le Motocross des Nations a \u00e9t\u00e9 pr\u00e9sent\u00e9 hier dans la sabli\u00e8re de Mont-Saint-Guibert, o\u00f9 se dispute ce week-end la finale du championnat de Belgique de motocross. J\u00e9r\u00e9my Van Horebeek, Ken De Dycker, Julien Lieber et leur coach Jo\u00ebl Smets ont donc affich\u00e9 les couleurs 2015 des \u00ab\u00a0Belgian Red Knights\u00a0\u00bb qu&rsquo;ils porteront [&hellip;]","og_url":"https:\/\/fr.motocrossmag.be\/index.php\/2015\/09\/photos-le-team-belge-pour-le-mx-des-nations-pret-pour-ernee\/","og_site_name":"Motocross - Enduro - Supermoto | MotocrossMag","article_published_time":"2015-09-04T10:34:44+00:00","og_image":[{"width":1000,"height":575,"url":"https:\/\/fr.motocrossmag.be\/wp-content\/uploads\/2015\/09\/MXDN-Team_Belgium-2015-CP-Nat-II-033.jpg","type":"image\/jpeg"}],"author":"oliviere","twitter_card":"summary_large_image","twitter_misc":{"\u00c9crit par":"oliviere"},"schema":{"@context":"https:\/\/schema.org","@graph":[{"@type":"Article","@id":"https:\/\/fr.motocrossmag.be\/index.php\/2015\/09\/photos-le-team-belge-pour-le-mx-des-nations-pret-pour-ernee\/#article","isPartOf":{"@id":"https:\/\/fr.motocrossmag.be\/index.php\/2015\/09\/photos-le-team-belge-pour-le-mx-des-nations-pret-pour-ernee\/"},"author":{"name":"oliviere","@id":"https:\/\/fr.motocrossmag.be\/#\/schema\/person\/11b47143d9f755babca2c9110e03235c"},"headline":"Photos: le team belge pour le MX des Nations pr\u00eat pour Ern\u00e9e !","datePublished":"2015-09-04T10:34:44+00:00","mainEntityOfPage":{"@id":"https:\/\/fr.motocrossmag.be\/index.php\/2015\/09\/photos-le-team-belge-pour-le-mx-des-nations-pret-pour-ernee\/"},"wordCount":89,"commentCount":0,"image":{"@id":"https:\/\/fr.motocrossmag.be\/index.php\/2015\/09\/photos-le-team-belge-pour-le-mx-des-nations-pret-pour-ernee\/#primaryimage"},"thumbnailUrl":"https:\/\/fr.motocrossmag.be\/wp-content\/uploads\/2015\/09\/MXDN-Team_Belgium-2015-CP-Nat-II-033.jpg","articleSection":["Actualit\u00e9","Motocross","Motocross MXGP","MX des Nations","News","News","Photos","Slideshow"],"inLanguage":"fr-FR","potentialAction":[{"@type":"CommentAction","name":"Comment","target":["https:\/\/fr.motocrossmag.be\/index.php\/2015\/09\/photos-le-team-belge-pour-le-mx-des-nations-pret-pour-ernee\/#respond"]}]},{"@type":"WebPage","@id":"https:\/\/fr.motocrossmag.be\/index.php\/2015\/09\/photos-le-team-belge-pour-le-mx-des-nations-pret-pour-ernee\/","url":"https:\/\/fr.motocrossmag.be\/index.php\/2015\/09\/photos-le-team-belge-pour-le-mx-des-nations-pret-pour-ernee\/","name":"Photos: le team belge pour le MX des Nations pr\u00eat pour Ern\u00e9e ! - Motocross - Enduro - Supermoto | MotocrossMag","isPartOf":{"@id":"https:\/\/fr.motocrossmag.be\/#website"},"primaryImageOfPage":{"@id":"https:\/\/fr.motocrossmag.be\/index.php\/2015\/09\/photos-le-team-belge-pour-le-mx-des-nations-pret-pour-ernee\/#primaryimage"},"image":{"@id":"https:\/\/fr.motocrossmag.be\/index.php\/2015\/09\/photos-le-team-belge-pour-le-mx-des-nations-pret-pour-ernee\/#primaryimage"},"thumbnailUrl":"https:\/\/fr.motocrossmag.be\/wp-content\/uploads\/2015\/09\/MXDN-Team_Belgium-2015-CP-Nat-II-033.jpg","datePublished":"2015-09-04T10:34:44+00:00","author":{"@id":"https:\/\/fr.motocrossmag.be\/#\/schema\/person\/11b47143d9f755babca2c9110e03235c"},"breadcrumb":{"@id":"https:\/\/fr.motocrossmag.be\/index.php\/2015\/09\/photos-le-team-belge-pour-le-mx-des-nations-pret-pour-ernee\/#breadcrumb"},"inLanguage":"fr-FR","potentialAction":[{"@type":"ReadAction","target":["https:\/\/fr.motocrossmag.be\/index.php\/2015\/09\/photos-le-team-belge-pour-le-mx-des-nations-pret-pour-ernee\/"]}]},{"@type":"ImageObject","inLanguage":"fr-FR","@id":"https:\/\/fr.motocrossmag.be\/index.php\/2015\/09\/photos-le-team-belge-pour-le-mx-des-nations-pret-pour-ernee\/#primaryimage","url":"https:\/\/fr.motocrossmag.be\/wp-content\/uploads\/2015\/09\/MXDN-Team_Belgium-2015-CP-Nat-II-033.jpg","contentUrl":"https:\/\/fr.motocrossmag.be\/wp-content\/uploads\/2015\/09\/MXDN-Team_Belgium-2015-CP-Nat-II-033.jpg","width":1000,"height":575},{"@type":"BreadcrumbList","@id":"https:\/\/fr.motocrossmag.be\/index.php\/2015\/09\/photos-le-team-belge-pour-le-mx-des-nations-pret-pour-ernee\/#breadcrumb","itemListElement":[{"@type":"ListItem","position":1,"name":"Accueil","item":"https:\/\/fr.motocrossmag.be\/"},{"@type":"ListItem","position":2,"name":"Photos: le team belge pour le MX des Nations pr\u00eat pour Ern\u00e9e !"}]},{"@type":"WebSite","@id":"https:\/\/fr.motocrossmag.be\/#website","url":"https:\/\/fr.motocrossmag.be\/","name":"Motocross - Enduro - Supermoto | MotocrossMag","description":"L&#039;actualit\u00e9 du motocross, de l&#039;enduro et du Supermoto en ligne!","potentialAction":[{"@type":"SearchAction","target":{"@type":"EntryPoint","urlTemplate":"https:\/\/fr.motocrossmag.be\/?s={search_term_string}"},"query-input":{"@type":"PropertyValueSpecification","valueRequired":true,"valueName":"search_term_string"}}],"inLanguage":"fr-FR"},{"@type":"Person","@id":"https:\/\/fr.motocrossmag.be\/#\/schema\/person\/11b47143d9f755babca2c9110e03235c","name":"oliviere","image":{"@type":"ImageObject","inLanguage":"fr-FR","@id":"https:\/\/secure.gravatar.com\/avatar\/907069e0b81d119452040469e4a7501da1100f54f7f80180ce77bfab718288f6?s=96&d=mm&r=g","url":"https:\/\/secure.gravatar.com\/avatar\/907069e0b81d119452040469e4a7501da1100f54f7f80180ce77bfab718288f6?s=96&d=mm&r=g","contentUrl":"https:\/\/secure.gravatar.com\/avatar\/907069e0b81d119452040469e4a7501da1100f54f7f80180ce77bfab718288f6?s=96&d=mm&r=g","caption":"oliviere"},"sameAs":["http:\/\/www.motocrossmag.be"],"url":"https:\/\/fr.motocrossmag.be\/index.php\/author\/oliviere\/"}]}},"_links":{"self":[{"href":"https:\/\/fr.motocrossmag.be\/index.php\/wp-json\/wp\/v2\/posts\/38429","targetHints":{"allow":["GET"]}}],"collection":[{"href":"https:\/\/fr.motocrossmag.be\/index.php\/wp-json\/wp\/v2\/posts"}],"about":[{"href":"https:\/\/fr.motocrossmag.be\/index.php\/wp-json\/wp\/v2\/types\/post"}],"author":[{"embeddable":true,"href":"https:\/\/fr.motocrossmag.be\/index.php\/wp-json\/wp\/v2\/users\/932"}],"replies":[{"embeddable":true,"href":"https:\/\/fr.motocrossmag.be\/index.php\/wp-json\/wp\/v2\/comments?post=38429"}],"version-history":[{"count":1,"href":"https:\/\/fr.motocrossmag.be\/index.php\/wp-json\/wp\/v2\/posts\/38429\/revisions"}],"predecessor-version":[{"id":38498,"href":"https:\/\/fr.motocrossmag.be\/index.php\/wp-json\/wp\/v2\/posts\/38429\/revisions\/38498"}],"wp:featuredmedia":[{"embeddable":true,"href":"https:\/\/fr.motocrossmag.be\/index.php\/wp-json\/wp\/v2\/media\/38473"}],"wp:attachment":[{"href":"https:\/\/fr.motocrossmag.be\/index.php\/wp-json\/wp\/v2\/media?parent=38429"}],"wp:term":[{"taxonomy":"category","embeddable":true,"href":"https:\/\/fr.motocrossmag.be\/index.php\/wp-json\/wp\/v2\/categories?post=38429"},{"taxonomy":"post_tag","embeddable":true,"href":"https:\/\/fr.motocrossmag.be\/index.php\/wp-json\/wp\/v2\/tags?post=38429"}],"curies":[{"name":"wp","href":"https:\/\/api.w.org\/{rel}","templated":true}]}}