{"id":38499,"date":"2015-09-04T16:51:51","date_gmt":"2015-09-04T14:51:51","guid":{"rendered":"http:\/\/fr.motocrossmag.be\/?p=38499"},"modified":"2015-09-04T16:51:51","modified_gmt":"2015-09-04T14:51:51","slug":"photos-la-sabliere-de-mont-saint-guibert-est-prete","status":"publish","type":"post","link":"https:\/\/fr.motocrossmag.be\/index.php\/2015\/09\/photos-la-sabliere-de-mont-saint-guibert-est-prete\/","title":{"rendered":"Photos: la sabli\u00e8re de Mont-Saint-Guibert est pr\u00eate !"},"content":{"rendered":"<p>Le RMC Pierreux a une fois de plus mis les petits plats dans le grands pour accueillir ce week-end une manche du championnat de Wallonie FPCNA\/FMWB le samedi ainsi que la finale du championnat de Belgique de motocross inter le dimanche. Malgr\u00e9 les quelques averses tomb\u00e9es sur le Brabant wallon ces derniers jours, la texture du sol est id\u00e9ale. A Mont-Saint-Guibert, tout est donc pr\u00eat pour le coup d&rsquo;envoi de cet ultime round de la saison !<\/p>\n<div id='gallery-1' class='gallery galleryid-38499 gallery-columns-3 gallery-size-thumbnail'><figure class='gallery-item'>\n\t\t\t<div class='gallery-icon landscape'>\n\t\t\t\t<a href='https:\/\/fr.motocrossmag.be\/index.php\/2015\/09\/photos-la-sabliere-de-mont-saint-guibert-est-prete\/msg_track-2015-photo-1-3\/'><img decoding=\"async\" width=\"150\" height=\"150\" src=\"https:\/\/fr.motocrossmag.be\/wp-content\/uploads\/2015\/09\/MSG_track-2015-photo-1-3-150x150.jpg\" class=\"attachment-thumbnail size-thumbnail\" alt=\"\" srcset=\"https:\/\/fr.motocrossmag.be\/wp-content\/uploads\/2015\/09\/MSG_track-2015-photo-1-3-150x150.jpg 150w, https:\/\/fr.motocrossmag.be\/wp-content\/uploads\/2015\/09\/MSG_track-2015-photo-1-3-50x50.jpg 50w\" sizes=\"(max-width: 150px) 100vw, 150px\" \/><\/a>\n\t\t\t<\/div><\/figure><figure class='gallery-item'>\n\t\t\t<div class='gallery-icon landscape'>\n\t\t\t\t<a href='https:\/\/fr.motocrossmag.be\/index.php\/2015\/09\/photos-la-sabliere-de-mont-saint-guibert-est-prete\/msg_track-2015-photo-1-4\/'><img decoding=\"async\" width=\"150\" height=\"150\" src=\"https:\/\/fr.motocrossmag.be\/wp-content\/uploads\/2015\/09\/MSG_track-2015-photo-1-4-150x150.jpg\" class=\"attachment-thumbnail size-thumbnail\" alt=\"\" srcset=\"https:\/\/fr.motocrossmag.be\/wp-content\/uploads\/2015\/09\/MSG_track-2015-photo-1-4-150x150.jpg 150w, https:\/\/fr.motocrossmag.be\/wp-content\/uploads\/2015\/09\/MSG_track-2015-photo-1-4-50x50.jpg 50w\" sizes=\"(max-width: 150px) 100vw, 150px\" \/><\/a>\n\t\t\t<\/div><\/figure><figure class='gallery-item'>\n\t\t\t<div class='gallery-icon landscape'>\n\t\t\t\t<a href='https:\/\/fr.motocrossmag.be\/index.php\/2015\/09\/photos-la-sabliere-de-mont-saint-guibert-est-prete\/msg_track-2015-photo-1-5\/'><img decoding=\"async\" width=\"150\" height=\"150\" src=\"https:\/\/fr.motocrossmag.be\/wp-content\/uploads\/2015\/09\/MSG_track-2015-photo-1-5-150x150.jpg\" class=\"attachment-thumbnail size-thumbnail\" alt=\"\" srcset=\"https:\/\/fr.motocrossmag.be\/wp-content\/uploads\/2015\/09\/MSG_track-2015-photo-1-5-150x150.jpg 150w, https:\/\/fr.motocrossmag.be\/wp-content\/uploads\/2015\/09\/MSG_track-2015-photo-1-5-50x50.jpg 50w\" sizes=\"(max-width: 150px) 100vw, 150px\" \/><\/a>\n\t\t\t<\/div><\/figure><figure class='gallery-item'>\n\t\t\t<div class='gallery-icon landscape'>\n\t\t\t\t<a href='https:\/\/fr.motocrossmag.be\/index.php\/2015\/09\/photos-la-sabliere-de-mont-saint-guibert-est-prete\/msg_track-2015-photo-1-7\/'><img decoding=\"async\" width=\"150\" height=\"150\" src=\"https:\/\/fr.motocrossmag.be\/wp-content\/uploads\/2015\/09\/MSG_track-2015-photo-1-7-150x150.jpg\" class=\"attachment-thumbnail size-thumbnail\" alt=\"\" srcset=\"https:\/\/fr.motocrossmag.be\/wp-content\/uploads\/2015\/09\/MSG_track-2015-photo-1-7-150x150.jpg 150w, https:\/\/fr.motocrossmag.be\/wp-content\/uploads\/2015\/09\/MSG_track-2015-photo-1-7-50x50.jpg 50w\" sizes=\"(max-width: 150px) 100vw, 150px\" \/><\/a>\n\t\t\t<\/div><\/figure><figure class='gallery-item'>\n\t\t\t<div class='gallery-icon landscape'>\n\t\t\t\t<a href='https:\/\/fr.motocrossmag.be\/index.php\/2015\/09\/photos-la-sabliere-de-mont-saint-guibert-est-prete\/msg_track-2015-photo-1\/'><img decoding=\"async\" width=\"150\" height=\"150\" src=\"https:\/\/fr.motocrossmag.be\/wp-content\/uploads\/2015\/09\/MSG_track-2015-photo-1-150x150.jpg\" class=\"attachment-thumbnail size-thumbnail\" alt=\"\" srcset=\"https:\/\/fr.motocrossmag.be\/wp-content\/uploads\/2015\/09\/MSG_track-2015-photo-1-150x150.jpg 150w, https:\/\/fr.motocrossmag.be\/wp-content\/uploads\/2015\/09\/MSG_track-2015-photo-1-50x50.jpg 50w\" sizes=\"(max-width: 150px) 100vw, 150px\" \/><\/a>\n\t\t\t<\/div><\/figure><figure class='gallery-item'>\n\t\t\t<div class='gallery-icon portrait'>\n\t\t\t\t<a href='https:\/\/fr.motocrossmag.be\/index.php\/2015\/09\/photos-la-sabliere-de-mont-saint-guibert-est-prete\/msg_track-2015-photo-2-3\/'><img decoding=\"async\" width=\"150\" height=\"150\" src=\"https:\/\/fr.motocrossmag.be\/wp-content\/uploads\/2015\/09\/MSG_track-2015-photo-2-3-150x150.jpg\" class=\"attachment-thumbnail size-thumbnail\" alt=\"\" srcset=\"https:\/\/fr.motocrossmag.be\/wp-content\/uploads\/2015\/09\/MSG_track-2015-photo-2-3-150x150.jpg 150w, https:\/\/fr.motocrossmag.be\/wp-content\/uploads\/2015\/09\/MSG_track-2015-photo-2-3-50x50.jpg 50w\" sizes=\"(max-width: 150px) 100vw, 150px\" \/><\/a>\n\t\t\t<\/div><\/figure><figure class='gallery-item'>\n\t\t\t<div class='gallery-icon landscape'>\n\t\t\t\t<a href='https:\/\/fr.motocrossmag.be\/index.php\/2015\/09\/photos-la-sabliere-de-mont-saint-guibert-est-prete\/msg_track-2015-photo-2-4\/'><img decoding=\"async\" width=\"150\" height=\"150\" src=\"https:\/\/fr.motocrossmag.be\/wp-content\/uploads\/2015\/09\/MSG_track-2015-photo-2-4-150x150.jpg\" class=\"attachment-thumbnail size-thumbnail\" alt=\"\" srcset=\"https:\/\/fr.motocrossmag.be\/wp-content\/uploads\/2015\/09\/MSG_track-2015-photo-2-4-150x150.jpg 150w, https:\/\/fr.motocrossmag.be\/wp-content\/uploads\/2015\/09\/MSG_track-2015-photo-2-4-50x50.jpg 50w\" sizes=\"(max-width: 150px) 100vw, 150px\" \/><\/a>\n\t\t\t<\/div><\/figure><figure class='gallery-item'>\n\t\t\t<div class='gallery-icon landscape'>\n\t\t\t\t<a href='https:\/\/fr.motocrossmag.be\/index.php\/2015\/09\/photos-la-sabliere-de-mont-saint-guibert-est-prete\/msg_track-2015-photo-2-5\/'><img decoding=\"async\" width=\"150\" height=\"150\" src=\"https:\/\/fr.motocrossmag.be\/wp-content\/uploads\/2015\/09\/MSG_track-2015-photo-2-5-150x150.jpg\" class=\"attachment-thumbnail size-thumbnail\" alt=\"\" srcset=\"https:\/\/fr.motocrossmag.be\/wp-content\/uploads\/2015\/09\/MSG_track-2015-photo-2-5-150x150.jpg 150w, https:\/\/fr.motocrossmag.be\/wp-content\/uploads\/2015\/09\/MSG_track-2015-photo-2-5-50x50.jpg 50w\" sizes=\"(max-width: 150px) 100vw, 150px\" \/><\/a>\n\t\t\t<\/div><\/figure><figure class='gallery-item'>\n\t\t\t<div class='gallery-icon landscape'>\n\t\t\t\t<a href='https:\/\/fr.motocrossmag.be\/index.php\/2015\/09\/photos-la-sabliere-de-mont-saint-guibert-est-prete\/msg_track-2015-photo-2-6\/'><img decoding=\"async\" width=\"150\" height=\"150\" src=\"https:\/\/fr.motocrossmag.be\/wp-content\/uploads\/2015\/09\/MSG_track-2015-photo-2-6-150x150.jpg\" class=\"attachment-thumbnail size-thumbnail\" alt=\"\" srcset=\"https:\/\/fr.motocrossmag.be\/wp-content\/uploads\/2015\/09\/MSG_track-2015-photo-2-6-150x150.jpg 150w, https:\/\/fr.motocrossmag.be\/wp-content\/uploads\/2015\/09\/MSG_track-2015-photo-2-6-50x50.jpg 50w\" sizes=\"(max-width: 150px) 100vw, 150px\" \/><\/a>\n\t\t\t<\/div><\/figure><figure class='gallery-item'>\n\t\t\t<div class='gallery-icon landscape'>\n\t\t\t\t<a href='https:\/\/fr.motocrossmag.be\/index.php\/2015\/09\/photos-la-sabliere-de-mont-saint-guibert-est-prete\/msg_track-2015-photo-2-7\/'><img decoding=\"async\" width=\"150\" height=\"150\" src=\"https:\/\/fr.motocrossmag.be\/wp-content\/uploads\/2015\/09\/MSG_track-2015-photo-2-7-150x150.jpg\" class=\"attachment-thumbnail size-thumbnail\" alt=\"\" srcset=\"https:\/\/fr.motocrossmag.be\/wp-content\/uploads\/2015\/09\/MSG_track-2015-photo-2-7-150x150.jpg 150w, https:\/\/fr.motocrossmag.be\/wp-content\/uploads\/2015\/09\/MSG_track-2015-photo-2-7-50x50.jpg 50w\" sizes=\"(max-width: 150px) 100vw, 150px\" \/><\/a>\n\t\t\t<\/div><\/figure><figure class='gallery-item'>\n\t\t\t<div class='gallery-icon landscape'>\n\t\t\t\t<a href='https:\/\/fr.motocrossmag.be\/index.php\/2015\/09\/photos-la-sabliere-de-mont-saint-guibert-est-prete\/msg_track-2015-photo-2\/'><img decoding=\"async\" width=\"150\" height=\"150\" src=\"https:\/\/fr.motocrossmag.be\/wp-content\/uploads\/2015\/09\/MSG_track-2015-photo-2-150x150.jpg\" class=\"attachment-thumbnail size-thumbnail\" alt=\"\" srcset=\"https:\/\/fr.motocrossmag.be\/wp-content\/uploads\/2015\/09\/MSG_track-2015-photo-2-150x150.jpg 150w, https:\/\/fr.motocrossmag.be\/wp-content\/uploads\/2015\/09\/MSG_track-2015-photo-2-50x50.jpg 50w\" sizes=\"(max-width: 150px) 100vw, 150px\" \/><\/a>\n\t\t\t<\/div><\/figure><figure class='gallery-item'>\n\t\t\t<div class='gallery-icon landscape'>\n\t\t\t\t<a href='https:\/\/fr.motocrossmag.be\/index.php\/2015\/09\/photos-la-sabliere-de-mont-saint-guibert-est-prete\/msg_track-2015-photo-3-2\/'><img decoding=\"async\" width=\"150\" height=\"150\" src=\"https:\/\/fr.motocrossmag.be\/wp-content\/uploads\/2015\/09\/MSG_track-2015-photo-3-2-150x150.jpg\" class=\"attachment-thumbnail size-thumbnail\" alt=\"\" srcset=\"https:\/\/fr.motocrossmag.be\/wp-content\/uploads\/2015\/09\/MSG_track-2015-photo-3-2-150x150.jpg 150w, https:\/\/fr.motocrossmag.be\/wp-content\/uploads\/2015\/09\/MSG_track-2015-photo-3-2-50x50.jpg 50w\" sizes=\"(max-width: 150px) 100vw, 150px\" \/><\/a>\n\t\t\t<\/div><\/figure><figure class='gallery-item'>\n\t\t\t<div class='gallery-icon portrait'>\n\t\t\t\t<a href='https:\/\/fr.motocrossmag.be\/index.php\/2015\/09\/photos-la-sabliere-de-mont-saint-guibert-est-prete\/msg_track-2015-photo-3-3\/'><img decoding=\"async\" width=\"150\" height=\"150\" src=\"https:\/\/fr.motocrossmag.be\/wp-content\/uploads\/2015\/09\/MSG_track-2015-photo-3-3-150x150.jpg\" class=\"attachment-thumbnail size-thumbnail\" alt=\"\" srcset=\"https:\/\/fr.motocrossmag.be\/wp-content\/uploads\/2015\/09\/MSG_track-2015-photo-3-3-150x150.jpg 150w, https:\/\/fr.motocrossmag.be\/wp-content\/uploads\/2015\/09\/MSG_track-2015-photo-3-3-50x50.jpg 50w\" sizes=\"(max-width: 150px) 100vw, 150px\" \/><\/a>\n\t\t\t<\/div><\/figure><figure class='gallery-item'>\n\t\t\t<div class='gallery-icon landscape'>\n\t\t\t\t<a href='https:\/\/fr.motocrossmag.be\/index.php\/2015\/09\/photos-la-sabliere-de-mont-saint-guibert-est-prete\/msg_track-2015-photo-3-4\/'><img decoding=\"async\" width=\"150\" height=\"150\" src=\"https:\/\/fr.motocrossmag.be\/wp-content\/uploads\/2015\/09\/MSG_track-2015-photo-3-4-150x150.jpg\" class=\"attachment-thumbnail size-thumbnail\" alt=\"\" srcset=\"https:\/\/fr.motocrossmag.be\/wp-content\/uploads\/2015\/09\/MSG_track-2015-photo-3-4-150x150.jpg 150w, https:\/\/fr.motocrossmag.be\/wp-content\/uploads\/2015\/09\/MSG_track-2015-photo-3-4-50x50.jpg 50w\" sizes=\"(max-width: 150px) 100vw, 150px\" \/><\/a>\n\t\t\t<\/div><\/figure><figure class='gallery-item'>\n\t\t\t<div class='gallery-icon landscape'>\n\t\t\t\t<a href='https:\/\/fr.motocrossmag.be\/index.php\/2015\/09\/photos-la-sabliere-de-mont-saint-guibert-est-prete\/msg_track-2015-photo-3-5\/'><img decoding=\"async\" width=\"150\" height=\"150\" src=\"https:\/\/fr.motocrossmag.be\/wp-content\/uploads\/2015\/09\/MSG_track-2015-photo-3-5-150x150.jpg\" class=\"attachment-thumbnail size-thumbnail\" alt=\"\" srcset=\"https:\/\/fr.motocrossmag.be\/wp-content\/uploads\/2015\/09\/MSG_track-2015-photo-3-5-150x150.jpg 150w, https:\/\/fr.motocrossmag.be\/wp-content\/uploads\/2015\/09\/MSG_track-2015-photo-3-5-50x50.jpg 50w\" sizes=\"(max-width: 150px) 100vw, 150px\" \/><\/a>\n\t\t\t<\/div><\/figure><figure class='gallery-item'>\n\t\t\t<div class='gallery-icon landscape'>\n\t\t\t\t<a href='https:\/\/fr.motocrossmag.be\/index.php\/2015\/09\/photos-la-sabliere-de-mont-saint-guibert-est-prete\/msg_track-2015-photo-3-6\/'><img decoding=\"async\" width=\"150\" height=\"150\" src=\"https:\/\/fr.motocrossmag.be\/wp-content\/uploads\/2015\/09\/MSG_track-2015-photo-3-6-150x150.jpg\" class=\"attachment-thumbnail size-thumbnail\" alt=\"\" srcset=\"https:\/\/fr.motocrossmag.be\/wp-content\/uploads\/2015\/09\/MSG_track-2015-photo-3-6-150x150.jpg 150w, https:\/\/fr.motocrossmag.be\/wp-content\/uploads\/2015\/09\/MSG_track-2015-photo-3-6-50x50.jpg 50w\" sizes=\"(max-width: 150px) 100vw, 150px\" \/><\/a>\n\t\t\t<\/div><\/figure><figure class='gallery-item'>\n\t\t\t<div class='gallery-icon landscape'>\n\t\t\t\t<a href='https:\/\/fr.motocrossmag.be\/index.php\/2015\/09\/photos-la-sabliere-de-mont-saint-guibert-est-prete\/msg_track-2015-photo-3-7\/'><img decoding=\"async\" width=\"150\" height=\"150\" src=\"https:\/\/fr.motocrossmag.be\/wp-content\/uploads\/2015\/09\/MSG_track-2015-photo-3-7-150x150.jpg\" class=\"attachment-thumbnail size-thumbnail\" alt=\"\" srcset=\"https:\/\/fr.motocrossmag.be\/wp-content\/uploads\/2015\/09\/MSG_track-2015-photo-3-7-150x150.jpg 150w, https:\/\/fr.motocrossmag.be\/wp-content\/uploads\/2015\/09\/MSG_track-2015-photo-3-7-50x50.jpg 50w\" sizes=\"(max-width: 150px) 100vw, 150px\" \/><\/a>\n\t\t\t<\/div><\/figure><figure class='gallery-item'>\n\t\t\t<div class='gallery-icon landscape'>\n\t\t\t\t<a href='https:\/\/fr.motocrossmag.be\/index.php\/2015\/09\/photos-la-sabliere-de-mont-saint-guibert-est-prete\/msg_track-2015-photo-3\/'><img decoding=\"async\" width=\"150\" height=\"150\" src=\"https:\/\/fr.motocrossmag.be\/wp-content\/uploads\/2015\/09\/MSG_track-2015-photo-3-150x150.jpg\" class=\"attachment-thumbnail size-thumbnail\" alt=\"\" srcset=\"https:\/\/fr.motocrossmag.be\/wp-content\/uploads\/2015\/09\/MSG_track-2015-photo-3-150x150.jpg 150w, https:\/\/fr.motocrossmag.be\/wp-content\/uploads\/2015\/09\/MSG_track-2015-photo-3-50x50.jpg 50w\" sizes=\"(max-width: 150px) 100vw, 150px\" \/><\/a>\n\t\t\t<\/div><\/figure><figure class='gallery-item'>\n\t\t\t<div class='gallery-icon landscape'>\n\t\t\t\t<a href='https:\/\/fr.motocrossmag.be\/index.php\/2015\/09\/photos-la-sabliere-de-mont-saint-guibert-est-prete\/msg_track-2015-photo-4-2\/'><img decoding=\"async\" width=\"150\" height=\"150\" src=\"https:\/\/fr.motocrossmag.be\/wp-content\/uploads\/2015\/09\/MSG_track-2015-photo-4-2-150x150.jpg\" class=\"attachment-thumbnail size-thumbnail\" alt=\"\" srcset=\"https:\/\/fr.motocrossmag.be\/wp-content\/uploads\/2015\/09\/MSG_track-2015-photo-4-2-150x150.jpg 150w, https:\/\/fr.motocrossmag.be\/wp-content\/uploads\/2015\/09\/MSG_track-2015-photo-4-2-50x50.jpg 50w\" sizes=\"(max-width: 150px) 100vw, 150px\" \/><\/a>\n\t\t\t<\/div><\/figure><figure class='gallery-item'>\n\t\t\t<div class='gallery-icon landscape'>\n\t\t\t\t<a href='https:\/\/fr.motocrossmag.be\/index.php\/2015\/09\/photos-la-sabliere-de-mont-saint-guibert-est-prete\/msg_track-2015-photo-4-3\/'><img decoding=\"async\" width=\"150\" height=\"150\" src=\"https:\/\/fr.motocrossmag.be\/wp-content\/uploads\/2015\/09\/MSG_track-2015-photo-4-3-150x150.jpg\" class=\"attachment-thumbnail size-thumbnail\" alt=\"\" srcset=\"https:\/\/fr.motocrossmag.be\/wp-content\/uploads\/2015\/09\/MSG_track-2015-photo-4-3-150x150.jpg 150w, https:\/\/fr.motocrossmag.be\/wp-content\/uploads\/2015\/09\/MSG_track-2015-photo-4-3-50x50.jpg 50w\" sizes=\"(max-width: 150px) 100vw, 150px\" \/><\/a>\n\t\t\t<\/div><\/figure><figure class='gallery-item'>\n\t\t\t<div class='gallery-icon landscape'>\n\t\t\t\t<a href='https:\/\/fr.motocrossmag.be\/index.php\/2015\/09\/photos-la-sabliere-de-mont-saint-guibert-est-prete\/msg_track-2015-photo-4-4\/'><img decoding=\"async\" width=\"150\" height=\"150\" src=\"https:\/\/fr.motocrossmag.be\/wp-content\/uploads\/2015\/09\/MSG_track-2015-photo-4-4-150x150.jpg\" class=\"attachment-thumbnail size-thumbnail\" alt=\"\" srcset=\"https:\/\/fr.motocrossmag.be\/wp-content\/uploads\/2015\/09\/MSG_track-2015-photo-4-4-150x150.jpg 150w, https:\/\/fr.motocrossmag.be\/wp-content\/uploads\/2015\/09\/MSG_track-2015-photo-4-4-50x50.jpg 50w\" sizes=\"(max-width: 150px) 100vw, 150px\" \/><\/a>\n\t\t\t<\/div><\/figure><figure class='gallery-item'>\n\t\t\t<div class='gallery-icon landscape'>\n\t\t\t\t<a href='https:\/\/fr.motocrossmag.be\/index.php\/2015\/09\/photos-la-sabliere-de-mont-saint-guibert-est-prete\/msg_track-2015-photo-4-5\/'><img decoding=\"async\" width=\"150\" height=\"150\" src=\"https:\/\/fr.motocrossmag.be\/wp-content\/uploads\/2015\/09\/MSG_track-2015-photo-4-5-150x150.jpg\" class=\"attachment-thumbnail size-thumbnail\" alt=\"\" srcset=\"https:\/\/fr.motocrossmag.be\/wp-content\/uploads\/2015\/09\/MSG_track-2015-photo-4-5-150x150.jpg 150w, https:\/\/fr.motocrossmag.be\/wp-content\/uploads\/2015\/09\/MSG_track-2015-photo-4-5-50x50.jpg 50w\" sizes=\"(max-width: 150px) 100vw, 150px\" \/><\/a>\n\t\t\t<\/div><\/figure><figure class='gallery-item'>\n\t\t\t<div class='gallery-icon landscape'>\n\t\t\t\t<a href='https:\/\/fr.motocrossmag.be\/index.php\/2015\/09\/photos-la-sabliere-de-mont-saint-guibert-est-prete\/msg_track-2015-photo-4-6\/'><img decoding=\"async\" width=\"150\" height=\"150\" src=\"https:\/\/fr.motocrossmag.be\/wp-content\/uploads\/2015\/09\/MSG_track-2015-photo-4-6-150x150.jpg\" class=\"attachment-thumbnail size-thumbnail\" alt=\"\" srcset=\"https:\/\/fr.motocrossmag.be\/wp-content\/uploads\/2015\/09\/MSG_track-2015-photo-4-6-150x150.jpg 150w, https:\/\/fr.motocrossmag.be\/wp-content\/uploads\/2015\/09\/MSG_track-2015-photo-4-6-50x50.jpg 50w\" sizes=\"(max-width: 150px) 100vw, 150px\" \/><\/a>\n\t\t\t<\/div><\/figure><figure class='gallery-item'>\n\t\t\t<div class='gallery-icon landscape'>\n\t\t\t\t<a href='https:\/\/fr.motocrossmag.be\/index.php\/2015\/09\/photos-la-sabliere-de-mont-saint-guibert-est-prete\/msg_track-2015-photo-4-7\/'><img decoding=\"async\" width=\"150\" height=\"150\" src=\"https:\/\/fr.motocrossmag.be\/wp-content\/uploads\/2015\/09\/MSG_track-2015-photo-4-7-150x150.jpg\" class=\"attachment-thumbnail size-thumbnail\" alt=\"\" srcset=\"https:\/\/fr.motocrossmag.be\/wp-content\/uploads\/2015\/09\/MSG_track-2015-photo-4-7-150x150.jpg 150w, https:\/\/fr.motocrossmag.be\/wp-content\/uploads\/2015\/09\/MSG_track-2015-photo-4-7-50x50.jpg 50w\" sizes=\"(max-width: 150px) 100vw, 150px\" \/><\/a>\n\t\t\t<\/div><\/figure><figure class='gallery-item'>\n\t\t\t<div class='gallery-icon landscape'>\n\t\t\t\t<a href='https:\/\/fr.motocrossmag.be\/index.php\/2015\/09\/photos-la-sabliere-de-mont-saint-guibert-est-prete\/msg_track-2015-photo-4\/'><img decoding=\"async\" width=\"150\" height=\"150\" src=\"https:\/\/fr.motocrossmag.be\/wp-content\/uploads\/2015\/09\/MSG_track-2015-photo-4-150x150.jpg\" class=\"attachment-thumbnail size-thumbnail\" alt=\"\" srcset=\"https:\/\/fr.motocrossmag.be\/wp-content\/uploads\/2015\/09\/MSG_track-2015-photo-4-150x150.jpg 150w, https:\/\/fr.motocrossmag.be\/wp-content\/uploads\/2015\/09\/MSG_track-2015-photo-4-50x50.jpg 50w\" sizes=\"(max-width: 150px) 100vw, 150px\" \/><\/a>\n\t\t\t<\/div><\/figure><figure class='gallery-item'>\n\t\t\t<div class='gallery-icon landscape'>\n\t\t\t\t<a href='https:\/\/fr.motocrossmag.be\/index.php\/2015\/09\/photos-la-sabliere-de-mont-saint-guibert-est-prete\/msg_track-2015-photo-5-2\/'><img decoding=\"async\" width=\"150\" height=\"150\" src=\"https:\/\/fr.motocrossmag.be\/wp-content\/uploads\/2015\/09\/MSG_track-2015-photo-5-2-150x150.jpg\" class=\"attachment-thumbnail size-thumbnail\" alt=\"\" srcset=\"https:\/\/fr.motocrossmag.be\/wp-content\/uploads\/2015\/09\/MSG_track-2015-photo-5-2-150x150.jpg 150w, https:\/\/fr.motocrossmag.be\/wp-content\/uploads\/2015\/09\/MSG_track-2015-photo-5-2-50x50.jpg 50w\" sizes=\"(max-width: 150px) 100vw, 150px\" \/><\/a>\n\t\t\t<\/div><\/figure><figure class='gallery-item'>\n\t\t\t<div class='gallery-icon landscape'>\n\t\t\t\t<a href='https:\/\/fr.motocrossmag.be\/index.php\/2015\/09\/photos-la-sabliere-de-mont-saint-guibert-est-prete\/msg_track-2015-photo-5-3\/'><img decoding=\"async\" width=\"150\" height=\"150\" src=\"https:\/\/fr.motocrossmag.be\/wp-content\/uploads\/2015\/09\/MSG_track-2015-photo-5-3-150x150.jpg\" class=\"attachment-thumbnail size-thumbnail\" alt=\"\" srcset=\"https:\/\/fr.motocrossmag.be\/wp-content\/uploads\/2015\/09\/MSG_track-2015-photo-5-3-150x150.jpg 150w, https:\/\/fr.motocrossmag.be\/wp-content\/uploads\/2015\/09\/MSG_track-2015-photo-5-3-50x50.jpg 50w\" sizes=\"(max-width: 150px) 100vw, 150px\" \/><\/a>\n\t\t\t<\/div><\/figure><figure class='gallery-item'>\n\t\t\t<div class='gallery-icon landscape'>\n\t\t\t\t<a href='https:\/\/fr.motocrossmag.be\/index.php\/2015\/09\/photos-la-sabliere-de-mont-saint-guibert-est-prete\/msg_track-2015-photo-5-4\/'><img decoding=\"async\" width=\"150\" height=\"150\" src=\"https:\/\/fr.motocrossmag.be\/wp-content\/uploads\/2015\/09\/MSG_track-2015-photo-5-4-150x150.jpg\" class=\"attachment-thumbnail size-thumbnail\" alt=\"\" srcset=\"https:\/\/fr.motocrossmag.be\/wp-content\/uploads\/2015\/09\/MSG_track-2015-photo-5-4-150x150.jpg 150w, https:\/\/fr.motocrossmag.be\/wp-content\/uploads\/2015\/09\/MSG_track-2015-photo-5-4-50x50.jpg 50w\" sizes=\"(max-width: 150px) 100vw, 150px\" \/><\/a>\n\t\t\t<\/div><\/figure><figure class='gallery-item'>\n\t\t\t<div class='gallery-icon landscape'>\n\t\t\t\t<a href='https:\/\/fr.motocrossmag.be\/index.php\/2015\/09\/photos-la-sabliere-de-mont-saint-guibert-est-prete\/msg_track-2015-photo-5-5\/'><img decoding=\"async\" width=\"150\" height=\"150\" src=\"https:\/\/fr.motocrossmag.be\/wp-content\/uploads\/2015\/09\/MSG_track-2015-photo-5-5-150x150.jpg\" class=\"attachment-thumbnail size-thumbnail\" alt=\"\" srcset=\"https:\/\/fr.motocrossmag.be\/wp-content\/uploads\/2015\/09\/MSG_track-2015-photo-5-5-150x150.jpg 150w, https:\/\/fr.motocrossmag.be\/wp-content\/uploads\/2015\/09\/MSG_track-2015-photo-5-5-50x50.jpg 50w\" sizes=\"(max-width: 150px) 100vw, 150px\" \/><\/a>\n\t\t\t<\/div><\/figure><figure class='gallery-item'>\n\t\t\t<div class='gallery-icon landscape'>\n\t\t\t\t<a href='https:\/\/fr.motocrossmag.be\/index.php\/2015\/09\/photos-la-sabliere-de-mont-saint-guibert-est-prete\/msg_track-2015-photo-5-6\/'><img decoding=\"async\" width=\"150\" height=\"150\" src=\"https:\/\/fr.motocrossmag.be\/wp-content\/uploads\/2015\/09\/MSG_track-2015-photo-5-6-150x150.jpg\" class=\"attachment-thumbnail size-thumbnail\" alt=\"\" srcset=\"https:\/\/fr.motocrossmag.be\/wp-content\/uploads\/2015\/09\/MSG_track-2015-photo-5-6-150x150.jpg 150w, https:\/\/fr.motocrossmag.be\/wp-content\/uploads\/2015\/09\/MSG_track-2015-photo-5-6-50x50.jpg 50w\" sizes=\"(max-width: 150px) 100vw, 150px\" \/><\/a>\n\t\t\t<\/div><\/figure><figure class='gallery-item'>\n\t\t\t<div class='gallery-icon landscape'>\n\t\t\t\t<a href='https:\/\/fr.motocrossmag.be\/index.php\/2015\/09\/photos-la-sabliere-de-mont-saint-guibert-est-prete\/msg_track-2015-photo-5\/'><img decoding=\"async\" width=\"150\" height=\"150\" src=\"https:\/\/fr.motocrossmag.be\/wp-content\/uploads\/2015\/09\/MSG_track-2015-photo-5-150x150.jpg\" class=\"attachment-thumbnail size-thumbnail\" alt=\"\" srcset=\"https:\/\/fr.motocrossmag.be\/wp-content\/uploads\/2015\/09\/MSG_track-2015-photo-5-150x150.jpg 150w, https:\/\/fr.motocrossmag.be\/wp-content\/uploads\/2015\/09\/MSG_track-2015-photo-5-50x50.jpg 50w\" sizes=\"(max-width: 150px) 100vw, 150px\" \/><\/a>\n\t\t\t<\/div><\/figure>\n\t\t<\/div>\n\n","protected":false},"excerpt":{"rendered":"<p>Le RMC Pierreux a une fois de plus mis les petits plats dans le grands pour accueillir ce week-end une manche du championnat de Wallonie FPCNA\/FMWB le samedi ainsi que la finale du championnat de Belgique de motocross inter le dimanche. Malgr\u00e9 les quelques averses tomb\u00e9es sur le Brabant wallon ces derniers jours, la texture [&hellip;]<\/p>\n","protected":false},"author":932,"featured_media":38530,"comment_status":"open","ping_status":"closed","sticky":false,"template":"","format":"standard","meta":{"tdm_status":"","tdm_grid_status":"","footnotes":""},"categories":[54,4,29,5,55,66,65],"tags":[],"class_list":["post-38499","post","type-post","status-publish","format-standard","has-post-thumbnail","category-actualite","category-motocross","category-fmb","category-news","category-news-actualite","category-photos","category-slideshow"],"yoast_head":"<!-- This site is optimized with the Yoast SEO plugin v28.3 - https:\/\/yoast.com\/product\/yoast-seo-wordpress\/ -->\n<title>Photos: la sabli\u00e8re de Mont-Saint-Guibert est pr\u00eate ! - Motocross - Enduro - Supermoto | MotocrossMag<\/title>\n<meta name=\"robots\" content=\"index, follow, max-snippet:-1, max-image-preview:large, max-video-preview:-1\" \/>\n<link rel=\"canonical\" href=\"https:\/\/fr.motocrossmag.be\/index.php\/2015\/09\/photos-la-sabliere-de-mont-saint-guibert-est-prete\/\" \/>\n<meta property=\"og:locale\" content=\"fr_FR\" \/>\n<meta property=\"og:type\" content=\"article\" \/>\n<meta property=\"og:title\" content=\"Photos: la sabli\u00e8re de Mont-Saint-Guibert est pr\u00eate ! - Motocross - Enduro - Supermoto | MotocrossMag\" \/>\n<meta property=\"og:description\" content=\"Le RMC Pierreux a une fois de plus mis les petits plats dans le grands pour accueillir ce week-end une manche du championnat de Wallonie FPCNA\/FMWB le samedi ainsi que la finale du championnat de Belgique de motocross inter le dimanche. Malgr\u00e9 les quelques averses tomb\u00e9es sur le Brabant wallon ces derniers jours, la texture [&hellip;]\" \/>\n<meta property=\"og:url\" content=\"https:\/\/fr.motocrossmag.be\/index.php\/2015\/09\/photos-la-sabliere-de-mont-saint-guibert-est-prete\/\" \/>\n<meta property=\"og:site_name\" content=\"Motocross - Enduro - Supermoto | MotocrossMag\" \/>\n<meta property=\"article:published_time\" content=\"2015-09-04T14:51:51+00:00\" \/>\n<meta property=\"og:image\" content=\"https:\/\/fr.motocrossmag.be\/wp-content\/uploads\/2015\/09\/MSG_track-2015-photo-5-6.jpg\" \/>\n\t<meta property=\"og:image:width\" content=\"1296\" \/>\n\t<meta property=\"og:image:height\" content=\"968\" \/>\n\t<meta property=\"og:image:type\" content=\"image\/jpeg\" \/>\n<meta name=\"author\" content=\"oliviere\" \/>\n<meta name=\"twitter:card\" content=\"summary_large_image\" \/>\n<meta name=\"twitter:label1\" content=\"\u00c9crit par\" \/>\n\t<meta name=\"twitter:data1\" content=\"oliviere\" \/>\n<script type=\"application\/ld+json\" class=\"yoast-schema-graph\">{\"@context\":\"https:\\\/\\\/schema.org\",\"@graph\":[{\"@type\":\"Article\",\"@id\":\"https:\\\/\\\/fr.motocrossmag.be\\\/index.php\\\/2015\\\/09\\\/photos-la-sabliere-de-mont-saint-guibert-est-prete\\\/#article\",\"isPartOf\":{\"@id\":\"https:\\\/\\\/fr.motocrossmag.be\\\/index.php\\\/2015\\\/09\\\/photos-la-sabliere-de-mont-saint-guibert-est-prete\\\/\"},\"author\":{\"name\":\"oliviere\",\"@id\":\"https:\\\/\\\/fr.motocrossmag.be\\\/#\\\/schema\\\/person\\\/11b47143d9f755babca2c9110e03235c\"},\"headline\":\"Photos: la sabli\u00e8re de Mont-Saint-Guibert est pr\u00eate !\",\"datePublished\":\"2015-09-04T14:51:51+00:00\",\"mainEntityOfPage\":{\"@id\":\"https:\\\/\\\/fr.motocrossmag.be\\\/index.php\\\/2015\\\/09\\\/photos-la-sabliere-de-mont-saint-guibert-est-prete\\\/\"},\"wordCount\":92,\"commentCount\":0,\"image\":{\"@id\":\"https:\\\/\\\/fr.motocrossmag.be\\\/index.php\\\/2015\\\/09\\\/photos-la-sabliere-de-mont-saint-guibert-est-prete\\\/#primaryimage\"},\"thumbnailUrl\":\"https:\\\/\\\/fr.motocrossmag.be\\\/wp-content\\\/uploads\\\/2015\\\/09\\\/MSG_track-2015-photo-5-6.jpg\",\"articleSection\":[\"Actualit\u00e9\",\"Motocross\",\"Motocross FMB\",\"News\",\"News\",\"Photos\",\"Slideshow\"],\"inLanguage\":\"fr-FR\",\"potentialAction\":[{\"@type\":\"CommentAction\",\"name\":\"Comment\",\"target\":[\"https:\\\/\\\/fr.motocrossmag.be\\\/index.php\\\/2015\\\/09\\\/photos-la-sabliere-de-mont-saint-guibert-est-prete\\\/#respond\"]}]},{\"@type\":\"WebPage\",\"@id\":\"https:\\\/\\\/fr.motocrossmag.be\\\/index.php\\\/2015\\\/09\\\/photos-la-sabliere-de-mont-saint-guibert-est-prete\\\/\",\"url\":\"https:\\\/\\\/fr.motocrossmag.be\\\/index.php\\\/2015\\\/09\\\/photos-la-sabliere-de-mont-saint-guibert-est-prete\\\/\",\"name\":\"Photos: la sabli\u00e8re de Mont-Saint-Guibert est pr\u00eate ! - Motocross - Enduro - Supermoto | MotocrossMag\",\"isPartOf\":{\"@id\":\"https:\\\/\\\/fr.motocrossmag.be\\\/#website\"},\"primaryImageOfPage\":{\"@id\":\"https:\\\/\\\/fr.motocrossmag.be\\\/index.php\\\/2015\\\/09\\\/photos-la-sabliere-de-mont-saint-guibert-est-prete\\\/#primaryimage\"},\"image\":{\"@id\":\"https:\\\/\\\/fr.motocrossmag.be\\\/index.php\\\/2015\\\/09\\\/photos-la-sabliere-de-mont-saint-guibert-est-prete\\\/#primaryimage\"},\"thumbnailUrl\":\"https:\\\/\\\/fr.motocrossmag.be\\\/wp-content\\\/uploads\\\/2015\\\/09\\\/MSG_track-2015-photo-5-6.jpg\",\"datePublished\":\"2015-09-04T14:51:51+00:00\",\"author\":{\"@id\":\"https:\\\/\\\/fr.motocrossmag.be\\\/#\\\/schema\\\/person\\\/11b47143d9f755babca2c9110e03235c\"},\"breadcrumb\":{\"@id\":\"https:\\\/\\\/fr.motocrossmag.be\\\/index.php\\\/2015\\\/09\\\/photos-la-sabliere-de-mont-saint-guibert-est-prete\\\/#breadcrumb\"},\"inLanguage\":\"fr-FR\",\"potentialAction\":[{\"@type\":\"ReadAction\",\"target\":[\"https:\\\/\\\/fr.motocrossmag.be\\\/index.php\\\/2015\\\/09\\\/photos-la-sabliere-de-mont-saint-guibert-est-prete\\\/\"]}]},{\"@type\":\"ImageObject\",\"inLanguage\":\"fr-FR\",\"@id\":\"https:\\\/\\\/fr.motocrossmag.be\\\/index.php\\\/2015\\\/09\\\/photos-la-sabliere-de-mont-saint-guibert-est-prete\\\/#primaryimage\",\"url\":\"https:\\\/\\\/fr.motocrossmag.be\\\/wp-content\\\/uploads\\\/2015\\\/09\\\/MSG_track-2015-photo-5-6.jpg\",\"contentUrl\":\"https:\\\/\\\/fr.motocrossmag.be\\\/wp-content\\\/uploads\\\/2015\\\/09\\\/MSG_track-2015-photo-5-6.jpg\",\"width\":1296,\"height\":968},{\"@type\":\"BreadcrumbList\",\"@id\":\"https:\\\/\\\/fr.motocrossmag.be\\\/index.php\\\/2015\\\/09\\\/photos-la-sabliere-de-mont-saint-guibert-est-prete\\\/#breadcrumb\",\"itemListElement\":[{\"@type\":\"ListItem\",\"position\":1,\"name\":\"Accueil\",\"item\":\"https:\\\/\\\/fr.motocrossmag.be\\\/\"},{\"@type\":\"ListItem\",\"position\":2,\"name\":\"Photos: la sabli\u00e8re de Mont-Saint-Guibert est pr\u00eate !\"}]},{\"@type\":\"WebSite\",\"@id\":\"https:\\\/\\\/fr.motocrossmag.be\\\/#website\",\"url\":\"https:\\\/\\\/fr.motocrossmag.be\\\/\",\"name\":\"Motocross - Enduro - Supermoto | MotocrossMag\",\"description\":\"L&#039;actualit\u00e9 du motocross, de l&#039;enduro et du Supermoto en ligne!\",\"potentialAction\":[{\"@type\":\"SearchAction\",\"target\":{\"@type\":\"EntryPoint\",\"urlTemplate\":\"https:\\\/\\\/fr.motocrossmag.be\\\/?s={search_term_string}\"},\"query-input\":{\"@type\":\"PropertyValueSpecification\",\"valueRequired\":true,\"valueName\":\"search_term_string\"}}],\"inLanguage\":\"fr-FR\"},{\"@type\":\"Person\",\"@id\":\"https:\\\/\\\/fr.motocrossmag.be\\\/#\\\/schema\\\/person\\\/11b47143d9f755babca2c9110e03235c\",\"name\":\"oliviere\",\"image\":{\"@type\":\"ImageObject\",\"inLanguage\":\"fr-FR\",\"@id\":\"https:\\\/\\\/secure.gravatar.com\\\/avatar\\\/907069e0b81d119452040469e4a7501da1100f54f7f80180ce77bfab718288f6?s=96&d=mm&r=g\",\"url\":\"https:\\\/\\\/secure.gravatar.com\\\/avatar\\\/907069e0b81d119452040469e4a7501da1100f54f7f80180ce77bfab718288f6?s=96&d=mm&r=g\",\"contentUrl\":\"https:\\\/\\\/secure.gravatar.com\\\/avatar\\\/907069e0b81d119452040469e4a7501da1100f54f7f80180ce77bfab718288f6?s=96&d=mm&r=g\",\"caption\":\"oliviere\"},\"sameAs\":[\"http:\\\/\\\/www.motocrossmag.be\"],\"url\":\"https:\\\/\\\/fr.motocrossmag.be\\\/index.php\\\/author\\\/oliviere\\\/\"}]}<\/script>\n<!-- \/ Yoast SEO plugin. -->","yoast_head_json":{"title":"Photos: la sabli\u00e8re de Mont-Saint-Guibert est pr\u00eate ! - Motocross - Enduro - Supermoto | MotocrossMag","robots":{"index":"index","follow":"follow","max-snippet":"max-snippet:-1","max-image-preview":"max-image-preview:large","max-video-preview":"max-video-preview:-1"},"canonical":"https:\/\/fr.motocrossmag.be\/index.php\/2015\/09\/photos-la-sabliere-de-mont-saint-guibert-est-prete\/","og_locale":"fr_FR","og_type":"article","og_title":"Photos: la sabli\u00e8re de Mont-Saint-Guibert est pr\u00eate ! - Motocross - Enduro - Supermoto | MotocrossMag","og_description":"Le RMC Pierreux a une fois de plus mis les petits plats dans le grands pour accueillir ce week-end une manche du championnat de Wallonie FPCNA\/FMWB le samedi ainsi que la finale du championnat de Belgique de motocross inter le dimanche. Malgr\u00e9 les quelques averses tomb\u00e9es sur le Brabant wallon ces derniers jours, la texture [&hellip;]","og_url":"https:\/\/fr.motocrossmag.be\/index.php\/2015\/09\/photos-la-sabliere-de-mont-saint-guibert-est-prete\/","og_site_name":"Motocross - Enduro - Supermoto | MotocrossMag","article_published_time":"2015-09-04T14:51:51+00:00","og_image":[{"width":1296,"height":968,"url":"https:\/\/fr.motocrossmag.be\/wp-content\/uploads\/2015\/09\/MSG_track-2015-photo-5-6.jpg","type":"image\/jpeg"}],"author":"oliviere","twitter_card":"summary_large_image","twitter_misc":{"\u00c9crit par":"oliviere"},"schema":{"@context":"https:\/\/schema.org","@graph":[{"@type":"Article","@id":"https:\/\/fr.motocrossmag.be\/index.php\/2015\/09\/photos-la-sabliere-de-mont-saint-guibert-est-prete\/#article","isPartOf":{"@id":"https:\/\/fr.motocrossmag.be\/index.php\/2015\/09\/photos-la-sabliere-de-mont-saint-guibert-est-prete\/"},"author":{"name":"oliviere","@id":"https:\/\/fr.motocrossmag.be\/#\/schema\/person\/11b47143d9f755babca2c9110e03235c"},"headline":"Photos: la sabli\u00e8re de Mont-Saint-Guibert est pr\u00eate !","datePublished":"2015-09-04T14:51:51+00:00","mainEntityOfPage":{"@id":"https:\/\/fr.motocrossmag.be\/index.php\/2015\/09\/photos-la-sabliere-de-mont-saint-guibert-est-prete\/"},"wordCount":92,"commentCount":0,"image":{"@id":"https:\/\/fr.motocrossmag.be\/index.php\/2015\/09\/photos-la-sabliere-de-mont-saint-guibert-est-prete\/#primaryimage"},"thumbnailUrl":"https:\/\/fr.motocrossmag.be\/wp-content\/uploads\/2015\/09\/MSG_track-2015-photo-5-6.jpg","articleSection":["Actualit\u00e9","Motocross","Motocross FMB","News","News","Photos","Slideshow"],"inLanguage":"fr-FR","potentialAction":[{"@type":"CommentAction","name":"Comment","target":["https:\/\/fr.motocrossmag.be\/index.php\/2015\/09\/photos-la-sabliere-de-mont-saint-guibert-est-prete\/#respond"]}]},{"@type":"WebPage","@id":"https:\/\/fr.motocrossmag.be\/index.php\/2015\/09\/photos-la-sabliere-de-mont-saint-guibert-est-prete\/","url":"https:\/\/fr.motocrossmag.be\/index.php\/2015\/09\/photos-la-sabliere-de-mont-saint-guibert-est-prete\/","name":"Photos: la sabli\u00e8re de Mont-Saint-Guibert est pr\u00eate ! - Motocross - Enduro - Supermoto | MotocrossMag","isPartOf":{"@id":"https:\/\/fr.motocrossmag.be\/#website"},"primaryImageOfPage":{"@id":"https:\/\/fr.motocrossmag.be\/index.php\/2015\/09\/photos-la-sabliere-de-mont-saint-guibert-est-prete\/#primaryimage"},"image":{"@id":"https:\/\/fr.motocrossmag.be\/index.php\/2015\/09\/photos-la-sabliere-de-mont-saint-guibert-est-prete\/#primaryimage"},"thumbnailUrl":"https:\/\/fr.motocrossmag.be\/wp-content\/uploads\/2015\/09\/MSG_track-2015-photo-5-6.jpg","datePublished":"2015-09-04T14:51:51+00:00","author":{"@id":"https:\/\/fr.motocrossmag.be\/#\/schema\/person\/11b47143d9f755babca2c9110e03235c"},"breadcrumb":{"@id":"https:\/\/fr.motocrossmag.be\/index.php\/2015\/09\/photos-la-sabliere-de-mont-saint-guibert-est-prete\/#breadcrumb"},"inLanguage":"fr-FR","potentialAction":[{"@type":"ReadAction","target":["https:\/\/fr.motocrossmag.be\/index.php\/2015\/09\/photos-la-sabliere-de-mont-saint-guibert-est-prete\/"]}]},{"@type":"ImageObject","inLanguage":"fr-FR","@id":"https:\/\/fr.motocrossmag.be\/index.php\/2015\/09\/photos-la-sabliere-de-mont-saint-guibert-est-prete\/#primaryimage","url":"https:\/\/fr.motocrossmag.be\/wp-content\/uploads\/2015\/09\/MSG_track-2015-photo-5-6.jpg","contentUrl":"https:\/\/fr.motocrossmag.be\/wp-content\/uploads\/2015\/09\/MSG_track-2015-photo-5-6.jpg","width":1296,"height":968},{"@type":"BreadcrumbList","@id":"https:\/\/fr.motocrossmag.be\/index.php\/2015\/09\/photos-la-sabliere-de-mont-saint-guibert-est-prete\/#breadcrumb","itemListElement":[{"@type":"ListItem","position":1,"name":"Accueil","item":"https:\/\/fr.motocrossmag.be\/"},{"@type":"ListItem","position":2,"name":"Photos: la sabli\u00e8re de Mont-Saint-Guibert est pr\u00eate !"}]},{"@type":"WebSite","@id":"https:\/\/fr.motocrossmag.be\/#website","url":"https:\/\/fr.motocrossmag.be\/","name":"Motocross - Enduro - Supermoto | MotocrossMag","description":"L&#039;actualit\u00e9 du motocross, de l&#039;enduro et du Supermoto en ligne!","potentialAction":[{"@type":"SearchAction","target":{"@type":"EntryPoint","urlTemplate":"https:\/\/fr.motocrossmag.be\/?s={search_term_string}"},"query-input":{"@type":"PropertyValueSpecification","valueRequired":true,"valueName":"search_term_string"}}],"inLanguage":"fr-FR"},{"@type":"Person","@id":"https:\/\/fr.motocrossmag.be\/#\/schema\/person\/11b47143d9f755babca2c9110e03235c","name":"oliviere","image":{"@type":"ImageObject","inLanguage":"fr-FR","@id":"https:\/\/secure.gravatar.com\/avatar\/907069e0b81d119452040469e4a7501da1100f54f7f80180ce77bfab718288f6?s=96&d=mm&r=g","url":"https:\/\/secure.gravatar.com\/avatar\/907069e0b81d119452040469e4a7501da1100f54f7f80180ce77bfab718288f6?s=96&d=mm&r=g","contentUrl":"https:\/\/secure.gravatar.com\/avatar\/907069e0b81d119452040469e4a7501da1100f54f7f80180ce77bfab718288f6?s=96&d=mm&r=g","caption":"oliviere"},"sameAs":["http:\/\/www.motocrossmag.be"],"url":"https:\/\/fr.motocrossmag.be\/index.php\/author\/oliviere\/"}]}},"_links":{"self":[{"href":"https:\/\/fr.motocrossmag.be\/index.php\/wp-json\/wp\/v2\/posts\/38499","targetHints":{"allow":["GET"]}}],"collection":[{"href":"https:\/\/fr.motocrossmag.be\/index.php\/wp-json\/wp\/v2\/posts"}],"about":[{"href":"https:\/\/fr.motocrossmag.be\/index.php\/wp-json\/wp\/v2\/types\/post"}],"author":[{"embeddable":true,"href":"https:\/\/fr.motocrossmag.be\/index.php\/wp-json\/wp\/v2\/users\/932"}],"replies":[{"embeddable":true,"href":"https:\/\/fr.motocrossmag.be\/index.php\/wp-json\/wp\/v2\/comments?post=38499"}],"version-history":[{"count":2,"href":"https:\/\/fr.motocrossmag.be\/index.php\/wp-json\/wp\/v2\/posts\/38499\/revisions"}],"predecessor-version":[{"id":38533,"href":"https:\/\/fr.motocrossmag.be\/index.php\/wp-json\/wp\/v2\/posts\/38499\/revisions\/38533"}],"wp:featuredmedia":[{"embeddable":true,"href":"https:\/\/fr.motocrossmag.be\/index.php\/wp-json\/wp\/v2\/media\/38530"}],"wp:attachment":[{"href":"https:\/\/fr.motocrossmag.be\/index.php\/wp-json\/wp\/v2\/media?parent=38499"}],"wp:term":[{"taxonomy":"category","embeddable":true,"href":"https:\/\/fr.motocrossmag.be\/index.php\/wp-json\/wp\/v2\/categories?post=38499"},{"taxonomy":"post_tag","embeddable":true,"href":"https:\/\/fr.motocrossmag.be\/index.php\/wp-json\/wp\/v2\/tags?post=38499"}],"curies":[{"name":"wp","href":"https:\/\/api.w.org\/{rel}","templated":true}]}}