{"id":38882,"date":"2015-09-11T11:26:00","date_gmt":"2015-09-11T09:26:00","guid":{"rendered":"http:\/\/fr.motocrossmag.be\/?p=38882"},"modified":"2015-09-11T11:27:00","modified_gmt":"2015-09-11T09:27:00","slug":"prenez-le-guidon-des-husqvarna-2016","status":"publish","type":"post","link":"https:\/\/fr.motocrossmag.be\/index.php\/2015\/09\/prenez-le-guidon-des-husqvarna-2016\/","title":{"rendered":"Prenez le guidon des Husqvarna 2016 !"},"content":{"rendered":"<p>Vous r\u00eavez de prendre le guidon des toutes nouvelles Husqvarna 2016 ? L&rsquo;importateur belge de la marque vous offre l&rsquo;opportunit\u00e9 exceptionnelle de tester l&rsquo;ensemble de ses gammes cross et enduro le samedi 26 septembre sur un parcours priv\u00e9 \u00e0 Beaumont, dans le Hainaut, pas tr\u00e8s loin de la fronti\u00e8re fran\u00e7aise.<\/p>\n<p>Entre 9h30 et 17h30, prenez les commandes des derniers mod\u00e8les de la marque su\u00e9doise et appr\u00e9ciez par vous-m\u00eame le potentiel de son mill\u00e9sime 2016.<\/p><div class=\"wlsea6a99f3bc423cd\" ><!-- \/91277017\/Inline-articles-mobile -->\n<div style=\"margin:auto; text-align:center !important\">\n<div id='div-gpt-ad-1784982661365-0' style='min-width: 250px; min-height: 75px;'>\n  <script>\n    googletag.cmd.push(function() { googletag.display('div-gpt-ad-1784982661365-0'); });\n  <\/script>\n<\/div><\/div><\/div><style type=\"text\/css\">\r\n.wlsea6a99f3bc423cd {\r\nmargin-bottom:30px;margin-top:20px\r\n}\r\n@media screen and (min-width: 1201px) {\r\n.wlsea6a99f3bc423cd {\r\ndisplay: block;\r\n}\r\n}\r\n@media screen and (min-width: 993px) and (max-width: 1200px) {\r\n.wlsea6a99f3bc423cd {\r\ndisplay: block;\r\n}\r\n}\r\n@media screen and (min-width: 769px) and (max-width: 992px) {\r\n.wlsea6a99f3bc423cd {\r\ndisplay: block;\r\n}\r\n}\r\n@media screen and (min-width: 768px) and (max-width: 768px) {\r\n.wlsea6a99f3bc423cd {\r\ndisplay: block;\r\n}\r\n}\r\n@media screen and (max-width: 767px) {\r\n.wlsea6a99f3bc423cd {\r\ndisplay: block;\r\n}\r\n}\r\n<\/style>\r\n\n<p><span style=\"color: #ff0000;\"><strong>En pratique<\/strong><\/span><\/p>\n<p>Samedi 26 septembre<br \/>\nDe 9h30 \u00e0 17h30<br \/>\nChauss\u00e9e de Charleroi 75, 6500 Beaumont<\/p>\n<p>\u00c2ge minimum: 18 ans (15 ans pour la gamme cross)<br \/>\nPriorit\u00e9 aux clients belges et luxembourgeois<br \/>\nEquipement adapt\u00e9 obligatoire<\/p><div class=\"iwyne6a99f3bc423e1\" ><!-- \/91277017\/articles-inline-2 -->\n<div style=\"margin: 20px auto; text-align:center !important\">\n<div id='div-gpt-ad-1785021530385-0' style='min-width: 300px; min-height: 75px;'>\n  <script>\n    googletag.cmd.push(function() { googletag.display('div-gpt-ad-1785021530385-0'); });\n  <\/script>\n<\/div><\/div><\/div><style type=\"text\/css\">\r\n@media screen and (min-width: 1201px) {\r\n.iwyne6a99f3bc423e1 {\r\ndisplay: block;\r\n}\r\n}\r\n@media screen and (min-width: 993px) and (max-width: 1200px) {\r\n.iwyne6a99f3bc423e1 {\r\ndisplay: block;\r\n}\r\n}\r\n@media screen and (min-width: 769px) and (max-width: 992px) {\r\n.iwyne6a99f3bc423e1 {\r\ndisplay: block;\r\n}\r\n}\r\n@media screen and (min-width: 768px) and (max-width: 768px) {\r\n.iwyne6a99f3bc423e1 {\r\ndisplay: block;\r\n}\r\n}\r\n@media screen and (max-width: 767px) {\r\n.iwyne6a99f3bc423e1 {\r\ndisplay: block;\r\n}\r\n}\r\n<\/style>\r\n\n<p>Infos et inscription aupr\u00e8s de<a href=\"http:\/\/www.husqvarna-motorcycles.com\/fr_be\/dealers-services\/recherche-du-distributeur.html\" target=\"_blank\"> votre concessionnaire officiel Husqvarna.<\/a><\/p>\n<p>&nbsp;<\/p>\n<p>&nbsp;<\/p>\n<p>&nbsp;<\/p>\n","protected":false},"excerpt":{"rendered":"<p>Vous r\u00eavez de prendre le guidon des toutes nouvelles Husqvarna 2016 ? L&rsquo;importateur belge de la marque vous offre l&rsquo;opportunit\u00e9 exceptionnelle de tester l&rsquo;ensemble de ses gammes cross et enduro le samedi 26 septembre sur un parcours priv\u00e9 \u00e0 Beaumont, dans le Hainaut, pas tr\u00e8s loin de la fronti\u00e8re fran\u00e7aise. Entre 9h30 et 17h30, prenez [&hellip;]<\/p>\n","protected":false},"author":932,"featured_media":37439,"comment_status":"open","ping_status":"closed","sticky":false,"template":"","format":"standard","meta":{"tdm_status":"","tdm_grid_status":"","footnotes":""},"categories":[54,32,4,5,33,55,61,65],"tags":[],"class_list":["post-38882","post","type-post","status-publish","format-standard","has-post-thumbnail","category-actualite","category-enduro","category-motocross","category-news","category-news-enduro","category-news-actualite","category-shopping","category-slideshow"],"yoast_head":"<!-- This site is optimized with the Yoast SEO plugin v28.4 - https:\/\/yoast.com\/product\/yoast-seo-wordpress\/ -->\n<title>Prenez le guidon des Husqvarna 2016 ! - Motocross - Enduro - Supermoto | MotocrossMag<\/title>\n<meta name=\"robots\" content=\"index, follow, max-snippet:-1, max-image-preview:large, max-video-preview:-1\" \/>\n<link rel=\"canonical\" href=\"https:\/\/fr.motocrossmag.be\/index.php\/2015\/09\/prenez-le-guidon-des-husqvarna-2016\/\" \/>\n<meta property=\"og:locale\" content=\"fr_FR\" \/>\n<meta property=\"og:type\" content=\"article\" \/>\n<meta property=\"og:title\" content=\"Prenez le guidon des Husqvarna 2016 ! - Motocross - Enduro - Supermoto | MotocrossMag\" \/>\n<meta property=\"og:description\" content=\"Vous r\u00eavez de prendre le guidon des toutes nouvelles Husqvarna 2016 ? L&rsquo;importateur belge de la marque vous offre l&rsquo;opportunit\u00e9 exceptionnelle de tester l&rsquo;ensemble de ses gammes cross et enduro le samedi 26 septembre sur un parcours priv\u00e9 \u00e0 Beaumont, dans le Hainaut, pas tr\u00e8s loin de la fronti\u00e8re fran\u00e7aise. Entre 9h30 et 17h30, prenez [&hellip;]\" \/>\n<meta property=\"og:url\" content=\"https:\/\/fr.motocrossmag.be\/index.php\/2015\/09\/prenez-le-guidon-des-husqvarna-2016\/\" \/>\n<meta property=\"og:site_name\" content=\"Motocross - Enduro - Supermoto | MotocrossMag\" \/>\n<meta property=\"article:published_time\" content=\"2015-09-11T09:26:00+00:00\" \/>\n<meta property=\"article:modified_time\" content=\"2015-09-11T09:27:00+00:00\" \/>\n<meta property=\"og:image\" content=\"https:\/\/fr.motocrossmag.be\/wp-content\/uploads\/2015\/08\/hva_cross_2016_video.jpg\" \/>\n\t<meta property=\"og:image:width\" content=\"650\" \/>\n\t<meta property=\"og:image:height\" content=\"436\" \/>\n\t<meta property=\"og:image:type\" content=\"image\/jpeg\" \/>\n<meta name=\"author\" content=\"oliviere\" \/>\n<meta name=\"twitter:card\" content=\"summary_large_image\" \/>\n<meta name=\"twitter:label1\" content=\"\u00c9crit par\" \/>\n\t<meta name=\"twitter:data1\" content=\"oliviere\" \/>\n\t<meta name=\"twitter:label2\" content=\"Dur\u00e9e de lecture estim\u00e9e\" \/>\n\t<meta name=\"twitter:data2\" content=\"1 minute\" \/>\n<script type=\"application\/ld+json\" class=\"yoast-schema-graph\">{\"@context\":\"https:\\\/\\\/schema.org\",\"@graph\":[{\"@type\":\"Article\",\"@id\":\"https:\\\/\\\/fr.motocrossmag.be\\\/index.php\\\/2015\\\/09\\\/prenez-le-guidon-des-husqvarna-2016\\\/#article\",\"isPartOf\":{\"@id\":\"https:\\\/\\\/fr.motocrossmag.be\\\/index.php\\\/2015\\\/09\\\/prenez-le-guidon-des-husqvarna-2016\\\/\"},\"author\":{\"name\":\"oliviere\",\"@id\":\"https:\\\/\\\/fr.motocrossmag.be\\\/#\\\/schema\\\/person\\\/11b47143d9f755babca2c9110e03235c\"},\"headline\":\"Prenez le guidon des Husqvarna 2016 !\",\"datePublished\":\"2015-09-11T09:26:00+00:00\",\"dateModified\":\"2015-09-11T09:27:00+00:00\",\"mainEntityOfPage\":{\"@id\":\"https:\\\/\\\/fr.motocrossmag.be\\\/index.php\\\/2015\\\/09\\\/prenez-le-guidon-des-husqvarna-2016\\\/\"},\"wordCount\":128,\"commentCount\":0,\"image\":{\"@id\":\"https:\\\/\\\/fr.motocrossmag.be\\\/index.php\\\/2015\\\/09\\\/prenez-le-guidon-des-husqvarna-2016\\\/#primaryimage\"},\"thumbnailUrl\":\"https:\\\/\\\/fr.motocrossmag.be\\\/wp-content\\\/uploads\\\/2015\\\/08\\\/hva_cross_2016_video.jpg\",\"articleSection\":[\"Actualit\u00e9\",\"Enduro\",\"Motocross\",\"News\",\"News\",\"News\",\"Produits\",\"Slideshow\"],\"inLanguage\":\"fr-FR\",\"potentialAction\":[{\"@type\":\"CommentAction\",\"name\":\"Comment\",\"target\":[\"https:\\\/\\\/fr.motocrossmag.be\\\/index.php\\\/2015\\\/09\\\/prenez-le-guidon-des-husqvarna-2016\\\/#respond\"]}]},{\"@type\":\"WebPage\",\"@id\":\"https:\\\/\\\/fr.motocrossmag.be\\\/index.php\\\/2015\\\/09\\\/prenez-le-guidon-des-husqvarna-2016\\\/\",\"url\":\"https:\\\/\\\/fr.motocrossmag.be\\\/index.php\\\/2015\\\/09\\\/prenez-le-guidon-des-husqvarna-2016\\\/\",\"name\":\"Prenez le guidon des Husqvarna 2016 ! - Motocross - Enduro - Supermoto | MotocrossMag\",\"isPartOf\":{\"@id\":\"https:\\\/\\\/fr.motocrossmag.be\\\/#website\"},\"primaryImageOfPage\":{\"@id\":\"https:\\\/\\\/fr.motocrossmag.be\\\/index.php\\\/2015\\\/09\\\/prenez-le-guidon-des-husqvarna-2016\\\/#primaryimage\"},\"image\":{\"@id\":\"https:\\\/\\\/fr.motocrossmag.be\\\/index.php\\\/2015\\\/09\\\/prenez-le-guidon-des-husqvarna-2016\\\/#primaryimage\"},\"thumbnailUrl\":\"https:\\\/\\\/fr.motocrossmag.be\\\/wp-content\\\/uploads\\\/2015\\\/08\\\/hva_cross_2016_video.jpg\",\"datePublished\":\"2015-09-11T09:26:00+00:00\",\"dateModified\":\"2015-09-11T09:27:00+00:00\",\"author\":{\"@id\":\"https:\\\/\\\/fr.motocrossmag.be\\\/#\\\/schema\\\/person\\\/11b47143d9f755babca2c9110e03235c\"},\"breadcrumb\":{\"@id\":\"https:\\\/\\\/fr.motocrossmag.be\\\/index.php\\\/2015\\\/09\\\/prenez-le-guidon-des-husqvarna-2016\\\/#breadcrumb\"},\"inLanguage\":\"fr-FR\",\"potentialAction\":[{\"@type\":\"ReadAction\",\"target\":[\"https:\\\/\\\/fr.motocrossmag.be\\\/index.php\\\/2015\\\/09\\\/prenez-le-guidon-des-husqvarna-2016\\\/\"]}]},{\"@type\":\"ImageObject\",\"inLanguage\":\"fr-FR\",\"@id\":\"https:\\\/\\\/fr.motocrossmag.be\\\/index.php\\\/2015\\\/09\\\/prenez-le-guidon-des-husqvarna-2016\\\/#primaryimage\",\"url\":\"https:\\\/\\\/fr.motocrossmag.be\\\/wp-content\\\/uploads\\\/2015\\\/08\\\/hva_cross_2016_video.jpg\",\"contentUrl\":\"https:\\\/\\\/fr.motocrossmag.be\\\/wp-content\\\/uploads\\\/2015\\\/08\\\/hva_cross_2016_video.jpg\",\"width\":650,\"height\":436},{\"@type\":\"BreadcrumbList\",\"@id\":\"https:\\\/\\\/fr.motocrossmag.be\\\/index.php\\\/2015\\\/09\\\/prenez-le-guidon-des-husqvarna-2016\\\/#breadcrumb\",\"itemListElement\":[{\"@type\":\"ListItem\",\"position\":1,\"name\":\"Accueil\",\"item\":\"https:\\\/\\\/fr.motocrossmag.be\\\/\"},{\"@type\":\"ListItem\",\"position\":2,\"name\":\"Prenez le guidon des Husqvarna 2016 !\"}]},{\"@type\":\"WebSite\",\"@id\":\"https:\\\/\\\/fr.motocrossmag.be\\\/#website\",\"url\":\"https:\\\/\\\/fr.motocrossmag.be\\\/\",\"name\":\"Motocross - Enduro - Supermoto | MotocrossMag\",\"description\":\"L&#039;actualit\u00e9 du motocross, de l&#039;enduro et du Supermoto en ligne!\",\"potentialAction\":[{\"@type\":\"SearchAction\",\"target\":{\"@type\":\"EntryPoint\",\"urlTemplate\":\"https:\\\/\\\/fr.motocrossmag.be\\\/?s={search_term_string}\"},\"query-input\":{\"@type\":\"PropertyValueSpecification\",\"valueRequired\":true,\"valueName\":\"search_term_string\"}}],\"inLanguage\":\"fr-FR\"},{\"@type\":\"Person\",\"@id\":\"https:\\\/\\\/fr.motocrossmag.be\\\/#\\\/schema\\\/person\\\/11b47143d9f755babca2c9110e03235c\",\"name\":\"oliviere\",\"image\":{\"@type\":\"ImageObject\",\"inLanguage\":\"fr-FR\",\"@id\":\"https:\\\/\\\/secure.gravatar.com\\\/avatar\\\/907069e0b81d119452040469e4a7501da1100f54f7f80180ce77bfab718288f6?s=96&d=mm&r=g\",\"url\":\"https:\\\/\\\/secure.gravatar.com\\\/avatar\\\/907069e0b81d119452040469e4a7501da1100f54f7f80180ce77bfab718288f6?s=96&d=mm&r=g\",\"contentUrl\":\"https:\\\/\\\/secure.gravatar.com\\\/avatar\\\/907069e0b81d119452040469e4a7501da1100f54f7f80180ce77bfab718288f6?s=96&d=mm&r=g\",\"caption\":\"oliviere\"},\"sameAs\":[\"http:\\\/\\\/www.motocrossmag.be\"],\"url\":\"https:\\\/\\\/fr.motocrossmag.be\\\/index.php\\\/author\\\/oliviere\\\/\"}]}<\/script>\n<!-- \/ Yoast SEO plugin. -->","yoast_head_json":{"title":"Prenez le guidon des Husqvarna 2016 ! - Motocross - Enduro - Supermoto | MotocrossMag","robots":{"index":"index","follow":"follow","max-snippet":"max-snippet:-1","max-image-preview":"max-image-preview:large","max-video-preview":"max-video-preview:-1"},"canonical":"https:\/\/fr.motocrossmag.be\/index.php\/2015\/09\/prenez-le-guidon-des-husqvarna-2016\/","og_locale":"fr_FR","og_type":"article","og_title":"Prenez le guidon des Husqvarna 2016 ! - Motocross - Enduro - Supermoto | MotocrossMag","og_description":"Vous r\u00eavez de prendre le guidon des toutes nouvelles Husqvarna 2016 ? L&rsquo;importateur belge de la marque vous offre l&rsquo;opportunit\u00e9 exceptionnelle de tester l&rsquo;ensemble de ses gammes cross et enduro le samedi 26 septembre sur un parcours priv\u00e9 \u00e0 Beaumont, dans le Hainaut, pas tr\u00e8s loin de la fronti\u00e8re fran\u00e7aise. Entre 9h30 et 17h30, prenez [&hellip;]","og_url":"https:\/\/fr.motocrossmag.be\/index.php\/2015\/09\/prenez-le-guidon-des-husqvarna-2016\/","og_site_name":"Motocross - Enduro - Supermoto | MotocrossMag","article_published_time":"2015-09-11T09:26:00+00:00","article_modified_time":"2015-09-11T09:27:00+00:00","og_image":[{"width":650,"height":436,"url":"https:\/\/fr.motocrossmag.be\/wp-content\/uploads\/2015\/08\/hva_cross_2016_video.jpg","type":"image\/jpeg"}],"author":"oliviere","twitter_card":"summary_large_image","twitter_misc":{"\u00c9crit par":"oliviere","Dur\u00e9e de lecture estim\u00e9e":"1 minute"},"schema":{"@context":"https:\/\/schema.org","@graph":[{"@type":"Article","@id":"https:\/\/fr.motocrossmag.be\/index.php\/2015\/09\/prenez-le-guidon-des-husqvarna-2016\/#article","isPartOf":{"@id":"https:\/\/fr.motocrossmag.be\/index.php\/2015\/09\/prenez-le-guidon-des-husqvarna-2016\/"},"author":{"name":"oliviere","@id":"https:\/\/fr.motocrossmag.be\/#\/schema\/person\/11b47143d9f755babca2c9110e03235c"},"headline":"Prenez le guidon des Husqvarna 2016 !","datePublished":"2015-09-11T09:26:00+00:00","dateModified":"2015-09-11T09:27:00+00:00","mainEntityOfPage":{"@id":"https:\/\/fr.motocrossmag.be\/index.php\/2015\/09\/prenez-le-guidon-des-husqvarna-2016\/"},"wordCount":128,"commentCount":0,"image":{"@id":"https:\/\/fr.motocrossmag.be\/index.php\/2015\/09\/prenez-le-guidon-des-husqvarna-2016\/#primaryimage"},"thumbnailUrl":"https:\/\/fr.motocrossmag.be\/wp-content\/uploads\/2015\/08\/hva_cross_2016_video.jpg","articleSection":["Actualit\u00e9","Enduro","Motocross","News","News","News","Produits","Slideshow"],"inLanguage":"fr-FR","potentialAction":[{"@type":"CommentAction","name":"Comment","target":["https:\/\/fr.motocrossmag.be\/index.php\/2015\/09\/prenez-le-guidon-des-husqvarna-2016\/#respond"]}]},{"@type":"WebPage","@id":"https:\/\/fr.motocrossmag.be\/index.php\/2015\/09\/prenez-le-guidon-des-husqvarna-2016\/","url":"https:\/\/fr.motocrossmag.be\/index.php\/2015\/09\/prenez-le-guidon-des-husqvarna-2016\/","name":"Prenez le guidon des Husqvarna 2016 ! - Motocross - Enduro - Supermoto | MotocrossMag","isPartOf":{"@id":"https:\/\/fr.motocrossmag.be\/#website"},"primaryImageOfPage":{"@id":"https:\/\/fr.motocrossmag.be\/index.php\/2015\/09\/prenez-le-guidon-des-husqvarna-2016\/#primaryimage"},"image":{"@id":"https:\/\/fr.motocrossmag.be\/index.php\/2015\/09\/prenez-le-guidon-des-husqvarna-2016\/#primaryimage"},"thumbnailUrl":"https:\/\/fr.motocrossmag.be\/wp-content\/uploads\/2015\/08\/hva_cross_2016_video.jpg","datePublished":"2015-09-11T09:26:00+00:00","dateModified":"2015-09-11T09:27:00+00:00","author":{"@id":"https:\/\/fr.motocrossmag.be\/#\/schema\/person\/11b47143d9f755babca2c9110e03235c"},"breadcrumb":{"@id":"https:\/\/fr.motocrossmag.be\/index.php\/2015\/09\/prenez-le-guidon-des-husqvarna-2016\/#breadcrumb"},"inLanguage":"fr-FR","potentialAction":[{"@type":"ReadAction","target":["https:\/\/fr.motocrossmag.be\/index.php\/2015\/09\/prenez-le-guidon-des-husqvarna-2016\/"]}]},{"@type":"ImageObject","inLanguage":"fr-FR","@id":"https:\/\/fr.motocrossmag.be\/index.php\/2015\/09\/prenez-le-guidon-des-husqvarna-2016\/#primaryimage","url":"https:\/\/fr.motocrossmag.be\/wp-content\/uploads\/2015\/08\/hva_cross_2016_video.jpg","contentUrl":"https:\/\/fr.motocrossmag.be\/wp-content\/uploads\/2015\/08\/hva_cross_2016_video.jpg","width":650,"height":436},{"@type":"BreadcrumbList","@id":"https:\/\/fr.motocrossmag.be\/index.php\/2015\/09\/prenez-le-guidon-des-husqvarna-2016\/#breadcrumb","itemListElement":[{"@type":"ListItem","position":1,"name":"Accueil","item":"https:\/\/fr.motocrossmag.be\/"},{"@type":"ListItem","position":2,"name":"Prenez le guidon des Husqvarna 2016 !"}]},{"@type":"WebSite","@id":"https:\/\/fr.motocrossmag.be\/#website","url":"https:\/\/fr.motocrossmag.be\/","name":"Motocross - Enduro - Supermoto | MotocrossMag","description":"L&#039;actualit\u00e9 du motocross, de l&#039;enduro et du Supermoto en ligne!","potentialAction":[{"@type":"SearchAction","target":{"@type":"EntryPoint","urlTemplate":"https:\/\/fr.motocrossmag.be\/?s={search_term_string}"},"query-input":{"@type":"PropertyValueSpecification","valueRequired":true,"valueName":"search_term_string"}}],"inLanguage":"fr-FR"},{"@type":"Person","@id":"https:\/\/fr.motocrossmag.be\/#\/schema\/person\/11b47143d9f755babca2c9110e03235c","name":"oliviere","image":{"@type":"ImageObject","inLanguage":"fr-FR","@id":"https:\/\/secure.gravatar.com\/avatar\/907069e0b81d119452040469e4a7501da1100f54f7f80180ce77bfab718288f6?s=96&d=mm&r=g","url":"https:\/\/secure.gravatar.com\/avatar\/907069e0b81d119452040469e4a7501da1100f54f7f80180ce77bfab718288f6?s=96&d=mm&r=g","contentUrl":"https:\/\/secure.gravatar.com\/avatar\/907069e0b81d119452040469e4a7501da1100f54f7f80180ce77bfab718288f6?s=96&d=mm&r=g","caption":"oliviere"},"sameAs":["http:\/\/www.motocrossmag.be"],"url":"https:\/\/fr.motocrossmag.be\/index.php\/author\/oliviere\/"}]}},"_links":{"self":[{"href":"https:\/\/fr.motocrossmag.be\/index.php\/wp-json\/wp\/v2\/posts\/38882","targetHints":{"allow":["GET"]}}],"collection":[{"href":"https:\/\/fr.motocrossmag.be\/index.php\/wp-json\/wp\/v2\/posts"}],"about":[{"href":"https:\/\/fr.motocrossmag.be\/index.php\/wp-json\/wp\/v2\/types\/post"}],"author":[{"embeddable":true,"href":"https:\/\/fr.motocrossmag.be\/index.php\/wp-json\/wp\/v2\/users\/932"}],"replies":[{"embeddable":true,"href":"https:\/\/fr.motocrossmag.be\/index.php\/wp-json\/wp\/v2\/comments?post=38882"}],"version-history":[{"count":2,"href":"https:\/\/fr.motocrossmag.be\/index.php\/wp-json\/wp\/v2\/posts\/38882\/revisions"}],"predecessor-version":[{"id":38884,"href":"https:\/\/fr.motocrossmag.be\/index.php\/wp-json\/wp\/v2\/posts\/38882\/revisions\/38884"}],"wp:featuredmedia":[{"embeddable":true,"href":"https:\/\/fr.motocrossmag.be\/index.php\/wp-json\/wp\/v2\/media\/37439"}],"wp:attachment":[{"href":"https:\/\/fr.motocrossmag.be\/index.php\/wp-json\/wp\/v2\/media?parent=38882"}],"wp:term":[{"taxonomy":"category","embeddable":true,"href":"https:\/\/fr.motocrossmag.be\/index.php\/wp-json\/wp\/v2\/categories?post=38882"},{"taxonomy":"post_tag","embeddable":true,"href":"https:\/\/fr.motocrossmag.be\/index.php\/wp-json\/wp\/v2\/tags?post=38882"}],"curies":[{"name":"wp","href":"https:\/\/api.w.org\/{rel}","templated":true}]}}