{"id":399,"date":"2008-04-10T11:52:51","date_gmt":"2008-04-10T10:52:51","guid":{"rendered":"http:\/\/www.motocrossmag.be\/2008\/04\/10\/championnat-bqr-flamisoul-ouverture-reussie-malgre-la-boue\/"},"modified":"2008-04-10T15:58:10","modified_gmt":"2008-04-10T14:58:10","slug":"championnat-bqr-flamisoul-ouverture-reussie-malgre-la-boue","status":"publish","type":"post","link":"https:\/\/fr.motocrossmag.be\/index.php\/2008\/04\/championnat-bqr-flamisoul-ouverture-reussie-malgre-la-boue\/","title":{"rendered":"Championnat BQR &#8211; Flamisoul | Ouverture r\u00e9ussie, malgr\u00e9 la boue"},"content":{"rendered":"<p>Une fois de plus, le Belgian Quad Racing, la f\u00e9d\u00e9ration de quad belge a choisi la Province de Luxembourg pour l&rsquo;ouverture de son championnat de Belgique de Quad Cross. L&rsquo;organisation de cette manifestation avait \u00e9t\u00e9 confi\u00e9e au Nuts Quad Team de Bastogne, club qui comptabilise 16 pilotes. La gestion technique et sportive de l&rsquo;\u00e9preuve \u00e9tait assur\u00e9e par la f\u00e9d\u00e9ration BQR.<\/p>\n<p>Une centaine de pilotes \u00e9taient sur la grille de d\u00e9part, r\u00e9partis dans 7 cat\u00e9gories. Un circuit vallonn\u00e9, assez technique, que la m\u00e9t\u00e9o de ces derniers mois n&rsquo;avait pas \u00e9pargn\u00e9. Les plus jeunes, &agrave; partir de 8 ans sur des cylindr\u00e9es de 80cc, tout comme les plus anciens ont rivalis\u00e9s d&rsquo;astuces en tout genre au cours de cette journ\u00e9e et ont pu faire partager aux spectateurs pr\u00e9sents le long de la piste leur passion pour cette discipline qui commence &agrave; \u00eatre connue dans la province.<\/p>\n<p><strong>MINIMES<\/strong><\/p>\n<p>Un soci\u00e9taire du club sur le podium : Le jeune Tristan Bernard signe le meilleur temps aux deux manches. Chass\u00e9 crois\u00e9 entre le n\u00e9erlandophone Davino Bruneel et le Fran\u00e7ais Germain Hautefaye. C&rsquo;est finalement Hautefaye qui montera sur la deuxi\u00e8me marche du podium.<br \/>\nPremi\u00e8re apparition dans cette discipline et les f\u00e9licitations du public pour la jeune Florence Deryck de Flamisoul.<\/p>\n<p><img class=\"lazyload\" decoding=\"async\" src=\"data:image\/gif;base64,R0lGODlhAQABAAAAACH5BAEKAAEALAAAAAABAAEAAAICTAEAOw==\" data-orig-src=\"http:\/\/www.motocrossmag.be\/wp-content\/uploads\/2008\/04\/bqr_tirstan_bernard.jpg\" alt=\"Le jeune pilote du Nuts Quad Team Tristan Bernard s\u00e2\u20ac\u2122impose dans les deux manches &agrave; Flamisoul chez les Minimes!\" \/><\/p>\n<p><strong>CADETS<\/strong><\/p>\n<p>Kevin Peschon, un autre pilote du Nuts Quad Team est le favori de la journ\u00e9e. Tr\u00e8s vite il creuse l&rsquo;\u00e9cart sur ses poursuivants, survolant litt\u00e9ralement les orni\u00e8res. Il remporte la victoire haut la main. Kevin Lambot s&rsquo;est quant &agrave; lui permis de tenir t\u00eate au fran\u00e7ais Julien Crahay. Ce qui lui vaut la seconde marche du podium. Randy Naveaux de L\u00e9glise et pilote du NQT, pour sa premi\u00e8re course en Blaster 200, s&rsquo;est offert une belle 4\u00e8me place.<\/p>\n<p><img class=\"lazyload\" decoding=\"async\" src=\"data:image\/gif;base64,R0lGODlhAQABAAAAACH5BAEKAAEALAAAAAABAAEAAAICTAEAOw==\" data-orig-src=\"http:\/\/www.motocrossmag.be\/wp-content\/uploads\/2008\/04\/bqr_peschon_kevin.jpg\" alt=\"Kevin Peschon a survol\u00e9 les d\u00e9bats chez les Cadets &agrave; Flamisoul.\" \/><\/p>\n<p><strong>JUNIORS<br \/>\n<\/strong><br \/>\nDu spectacle dans cette cat\u00e9gorie. Vainqueur de la premi\u00e8re manche Valentin Renson se verra contraint de c\u00e9der sa place &agrave; l&rsquo;Arlonnais Fran\u00e7ois Kroemmer pour probl\u00e8mes m\u00e9caniques. Particuli\u00e8rement en forme pour sa premi\u00e8re saison dans cette cat\u00e9gorie, Dylan Lenz r\u00e9alisera le troisi\u00e8me meilleur temps de la journ\u00e9e. Maxime Lombet, transfuge de la cat\u00e9gorie Cadets, s&rsquo;offrira la seconde marche du podium.<\/p>\n<p><strong>NATIONAUX<\/strong><\/p>\n<p>Un adversaire de taille pour Bendan Dolo en la personne de Thomas Cornet qui n&rsquo;est autre que le champion de Belgique 2007. Talonn\u00e9 par cet adversaire tout au long de la journ\u00e9e, Dolo terminera en t\u00eate malgr\u00e9 un tr\u00e8s bel effort de son adversaire. Une troisi\u00e8me place plus que m\u00e9rit\u00e9e pour Antoine Sneessens.<\/p>\n<p><a rel=\"lightbox\" href=\"http:\/\/www.motocrossmag.be\/wp-content\/uploads\/2008\/04\/bqr_start_nat.jpg\" title=\"D\u00e9part du groupe des Nationaux et Juniors avec le vainqueur, Brendan Dolo, imm\u00e9diatement aux avant-postes.\"><img class=\"lazyload\" decoding=\"async\" src=\"data:image\/gif;base64,R0lGODlhAQABAAAAACH5BAEKAAEALAAAAAABAAEAAAICTAEAOw==\" data-orig-src=\"http:\/\/www.motocrossmag.be\/wp-content\/uploads\/2008\/04\/bqr_start_nat.thumbnail.jpg\" alt=\"D\u00e9part du groupe des Nationaux et Juniors avec le vainqueur, Brendan Dolo, imm\u00e9diatement aux avant-postes.\" \/><\/a><\/p>\n<p><strong>AMATEURS<\/strong><\/p>\n<p>Nouveaux venus dans les rangs, Christophe Meyer, devra s&rsquo;incliner devant J\u00e9r\u00f4me Lowies. Bagarre entre Micha\u00ebl Coenen et Nicolas Manette pour la troisi\u00e8me place. C&rsquo;est finalement Manette qui l&#8217;emportera. 5\u00e8me et 6\u00e8me place pour deux nouvelles t\u00eates au sein du NQT, Jean-Fran\u00e7ois Robert et Nicolas Thirion. Les conditions climatiques n&rsquo;ont pas non plus port\u00e9 chance &agrave; Anthony Lieffrig qui terminera &agrave; la 11\u00e8me place.<\/p>\n<p><strong>GENTLEMEN<br \/>\n<\/strong><br \/>\nUne nouvelle cat\u00e9gorie dans laquelle on retrouve pour la plupart des pilotes amateurs de l&rsquo;ann\u00e9e derni\u00e8re ainsi que quelques t\u00eates bien connues de la r\u00e9gion.<br \/>\nDeux pilotes provinciaux, soci\u00e9taires du Nuts sur le podium. Avec une ardeur d&rsquo;avance, Dimitri Lambotte, vice-champion 2007, s&rsquo;offrira d\u00e8s le d\u00e9part la p\u00f4le position pour ne plus la l\u00e0\u00a2cher. Dans ses roues, S\u00e9bastien Ramlot, ne le l\u00e0\u00a2chera plus pour se qualifier second au terme de l&rsquo;\u00e9preuve.<\/p>\n<p>Olivier Potier et Laurent Martin, tous les deux du Nuts, se classeront respectivement 6\u00e8 et 47\u00e8, victimes de probl\u00e8mes m\u00e9caniques &agrave; la seconde manche apr\u00e8s avoir occup\u00e9 la 2\u00e8 et 4\u00e8 place lors de la premi\u00e8re manche.<\/p>\n<p><a rel=\"lightbox\" href=\"http:\/\/www.motocrossmag.be\/wp-content\/uploads\/2008\/04\/bqr_wilkin_nicolas.jpg\" title=\"Le jeune Nicolas Wilkin termine la journ\u00e9e &agrave; la 7\u00e8me place chez les Minimes.\"><img class=\"lazyload\" decoding=\"async\" src=\"data:image\/gif;base64,R0lGODlhAQABAAAAACH5BAEKAAEALAAAAAABAAEAAAICTAEAOw==\" data-orig-src=\"http:\/\/www.motocrossmag.be\/wp-content\/uploads\/2008\/04\/bqr_wilkin_nicolas.thumbnail.jpg\" alt=\"Le jeune Nicolas Wilkin termine la journ\u00e9e &agrave; la 7\u00e8me place chez les Minimes.\" \/><\/a><a href=\"http:\/\/www.motocrossmag.be\/wp-content\/uploads\/2008\/04\/bqr_start_nat.jpg\" title=\"D\u00e9part du groupe des Nationaux et Juniors avec le vainqueur, Brendan Dolo, imm\u00e9diatement aux avant-postes.\"><\/a>  <a rel=\"lightbox\" href=\"http:\/\/www.motocrossmag.be\/wp-content\/uploads\/2008\/04\/bqr_naveaux_randy.jpg\" title=\"La 5i\u00e8me place pour Randy Naveaux chez les Cadets.\"><img class=\"lazyload\" decoding=\"async\" src=\"data:image\/gif;base64,R0lGODlhAQABAAAAACH5BAEKAAEALAAAAAABAAEAAAICTAEAOw==\" data-orig-src=\"http:\/\/www.motocrossmag.be\/wp-content\/uploads\/2008\/04\/bqr_naveaux_randy.thumbnail.jpg\" alt=\"La 5i\u00e8me place pour Randy Naveaux chez les Cadets.\" \/><\/a>  <a rel=\"lightbox\" href=\"http:\/\/www.motocrossmag.be\/wp-content\/uploads\/2008\/04\/bqr_lambotte_dimitri.jpg\" title=\"Le doubl\u00e9 pour Dimitri Lambotte chez les Gentlemen.\"><img class=\"lazyload\" decoding=\"async\" src=\"data:image\/gif;base64,R0lGODlhAQABAAAAACH5BAEKAAEALAAAAAABAAEAAAICTAEAOw==\" data-orig-src=\"http:\/\/www.motocrossmag.be\/wp-content\/uploads\/2008\/04\/bqr_lambotte_dimitri.thumbnail.jpg\" alt=\"Le doubl\u00e9 pour Dimitri Lambotte chez les Gentlemen.\" \/><\/a> <\/p>\n<p><strong><br \/>\nINTERS<\/strong><\/p>\n<p>Guy Meertens, champion de Belgique 2007, domine toujours cette cat\u00e9gorie des gros cubes. Sa prestation lui vaudra une fois de plus la place d&rsquo;honneur.<br \/>\nTimot\u00e9e Hieff donnera le meilleur de lui-m\u00eame et s&rsquo;adjugera la seconde place du classement.<br \/>\nTr\u00e8s belle prestation pour Olivier Montulet, troisi\u00e8me de la journ\u00e9e.<\/p>\n<p>Le retour de Jonathan et Fabian Leroy. Les fils du Pr\u00e9sident du Nuts Quad Team, Jean Claude Leroy nous ont offert une belle d\u00e9monstration de leur qualit\u00e9 de pilotage mais la boue ne jouera pas en leur faveur. Ils se classeront malgr\u00e9 tout 5\u00e8me et 7\u00e8me .<br \/>\n8\u00e8me et 11\u00e8me places pour Anthony Naveaux du Nuts et Aur\u00e9lien Dardenne de Attert.<br \/>\nMoins chanceux, l&rsquo;Aubangeois, Romain Mondeville et l&rsquo;Arlonnais Simon Dardenne conna\u00eetront la guigne au d\u00e9part de la seconde manche. Ils devront se contenter de la 21\u00e8 et 25\u00e8 places.<\/p>\n<p><img class=\"lazyload\" decoding=\"async\" src=\"data:image\/gif;base64,R0lGODlhAQABAAAAACH5BAEKAAEALAAAAAABAAEAAAICTAEAOw==\" data-orig-src=\"http:\/\/www.motocrossmag.be\/wp-content\/uploads\/2008\/04\/bqr_leroy.jpg\" alt=\"Belle 5\u00e8me place en Inters pour Jonathan Leroy. Son fr\u00e8re Fabian est class\u00e9 en 7\u00e8me position.\" \/><\/p>\n<p>Le Nuts Quad Team vous donne rendez-vous les 12 et 13 juillet &agrave; l&rsquo;occasion de l&rsquo;EUROPEAN QUAD TROPHY. Tr\u00e8s pris\u00e9e par les mordus du quad, cette endurance de 6 heures qui attire les plus grands pilotes de Quad Cross, Fran\u00e7ais, Anglais, Allemands, Italiens, Tch\u00e8ques, Hollandais, Espagnols, &#8230;. est l&rsquo;\u00e9v\u00e9nement en Province de Luxembourg qu&rsquo;il ne faut manquer &agrave; aucun prix.<\/p>\n<p>Dans le cadre de cette manifestation, le Nuts Quad Team organise \u00e9galement la NUTS CUP, une endurance de 2h30 pour les pilotes moins avertis.<br \/>\nPour tout renseignement: LEROY Jean-Claude au 061 \/21 63 21 ou MONDEVILLE Fran\u00e7oise au 063 \/37 12 83<\/p>\n<p>Photos: Michel Hennebert | Photo Impact<\/p>\n<p><strong><br \/>\nR\u00e9sultats<\/strong><\/p>\n<p><strong>Minimes<\/strong><\/p>\n<p>1 BERNARD TRISTAN<br \/>\n2 HAUTEFAYE GERMAIN<br \/>\n3 BRUNEEL DAVINO<br \/>\n4 DECONINCK ARNO<br \/>\n5 MARTINUZZI LAURIANE<br \/>\n6 MERTENS BRUCE<br \/>\n7 WILKIN NICOLAS<br \/>\n8 DEMEYER DEMIS<br \/>\n9 MARTINUZZI SOLENE<br \/>\n10 NOTELAERS JEROEN<br \/>\n11 DERYCK FLORENCE<\/p>\n<p><strong>Cadets<\/strong><\/p>\n<p>1 PESCHON KEVIN<br \/>\n2 LAMBOT KEVIN<br \/>\n3 CRAHAY JULIEN<br \/>\n4 BAIVY WESLEY<br \/>\n5 NAVEAUX RANDY<br \/>\n6 BOMAN BRIAN<br \/>\n7 ROUSSEAUX MAVERICK<br \/>\n8 LATTUCA JONATHAN<br \/>\n9 BOUCHEREAU JORDAN<br \/>\n10 DEWEVER THEA<br \/>\n11 GODART KARL<br \/>\n12 CORNET JOY<\/p>\n<p><strong>Amateurs<\/strong><\/p>\n<p>1 59 LOWIES JEROME<br \/>\n2 95 PASQUASI LIONEL<br \/>\n3 90 MANETTE NICOLAS<br \/>\n4 50 COENEN MICHAEL<br \/>\n5 42 ROBERT JEAN FRANCOIS<br \/>\n6 18 THIRION NICOLAS<br \/>\n7 98 VANCRAYEBECK OLIVIER<br \/>\n8 81 TURQUIN ALEX<br \/>\n9 97 LIEFFRIG ANTHONY<br \/>\n10 51 CHARLIER THOMAS<br \/>\n11 91 BLOQUEL LUDOVIC<br \/>\n12 961 VAN DIEPEM OLIVIER<br \/>\n13 52 TROQUAY DENIS<br \/>\n14 35 EYLENBOSCH OLIVIER<br \/>\n15 115 BALFROID LUDOVIC<br \/>\n16 16 LEMASSON ETIENNE<br \/>\n17 CHAPUT BERNARD<\/p>\n<p><strong>Juniors<\/strong><\/p>\n<p>1 KROEMMER FRANCOIS<br \/>\n2 LOMBET MAXIME<br \/>\n3 LENZ DYLAN<br \/>\n4 RENSON VALENTIN<br \/>\n5 BIELAWSKI SEBASTIEN<\/p>\n<p><strong>Nationaux<\/strong><\/p>\n<p>1 DOLO BRENDAN<br \/>\n2 CORNET THOMAS<br \/>\n3 SNEESSENS ANTOINE<br \/>\n4 LIEBAERT JACINTHA<br \/>\n5 RENNUY ANTHONY<br \/>\n6 CHAPUT MAXENCE<br \/>\n7 VIDETTE LOIC<br \/>\n8 DESADELEER KENNY<\/p>\n<p><strong>Gentlemen<\/strong><\/p>\n<p>1 LAMBOTTE DIMITRI<br \/>\n2 RAMLOT SEBASTIEN<br \/>\n3 PIERRE LAURENT<br \/>\n4 HOUPRESSE NICOLAS<br \/>\n5 NICOLAS GABRIEL<br \/>\n6 POTIER OLIVIER<br \/>\n7 MARTIN LAURENT<br \/>\n8 ROTH MICHAEL<br \/>\n9  STERKENDRIES JULIEN<\/p>\n<p><strong>Inters<\/strong><\/p>\n<p>1 MEERTENS GUY<br \/>\n2 HIEFF THIMOTHEE<br \/>\n3 MONTULET OLIVIER<br \/>\n4 BOLLAND MARC<br \/>\n5 LEROY JONATHAN<br \/>\n6 DOPPAGNE MAVERICK<br \/>\n7 LEROY FABIAN<br \/>\n8 NAVEAUX ANTHONY<br \/>\n9 MONTULET SEBASTIEN<br \/>\n10 ROYEN AYRTON<br \/>\n11 DARDENNE AURELIEN<br \/>\n12 CAVILLOT STEVE<br \/>\n13 MAYO NICOLAS<br \/>\n14 LAMBERT LOREN<br \/>\n15 OP DE BEECK KJELL<br \/>\n16 NAUJOKS JUNIOR<br \/>\n17 MASY NICOLAS<br \/>\n18 GILLES CHRISTOPHE<br \/>\n19 VAN BOGAERT OLIVIER<br \/>\n20 PIRON STEPHANE<br \/>\n21 MONDEVILLE ROMAIN<br \/>\n22 VAN GENECHTEN ARNAUD<br \/>\n23 S&rsquo;JONGERS EDDY<br \/>\n24 CAMPS NATHANIEL<br \/>\n25 DARDENNE SIMON<\/p>\n","protected":false},"excerpt":{"rendered":"<p>Une fois de plus, le Belgian Quad Racing, la f\u00e9d\u00e9ration de quad belge a choisi la Province de Luxembourg pour l&rsquo;ouverture de son championnat de Belgique de Quad Cross. L&rsquo;organisation [&#8230;]<\/p>\n","protected":false},"author":932,"featured_media":0,"comment_status":"open","ping_status":"open","sticky":false,"template":"","format":"standard","meta":{"footnotes":""},"categories":[50,48],"tags":[],"class_list":["post-399","post","type-post","status-publish","format-standard","hentry","category-bqr","category-quad"],"yoast_head":"<!-- This site is optimized with the Yoast SEO plugin v27.4 - https:\/\/yoast.com\/product\/yoast-seo-wordpress\/ -->\n<title>Championnat BQR - Flamisoul | Ouverture r\u00e9ussie, malgr\u00e9 la boue - Motocross - Enduro - Supermoto | MotocrossMag<\/title>\n<meta name=\"robots\" content=\"index, follow, max-snippet:-1, max-image-preview:large, max-video-preview:-1\" \/>\n<link rel=\"canonical\" href=\"https:\/\/fr.motocrossmag.be\/index.php\/2008\/04\/championnat-bqr-flamisoul-ouverture-reussie-malgre-la-boue\/\" \/>\n<meta property=\"og:locale\" content=\"fr_FR\" \/>\n<meta property=\"og:type\" content=\"article\" \/>\n<meta property=\"og:title\" content=\"Championnat BQR - Flamisoul | Ouverture r\u00e9ussie, malgr\u00e9 la boue - Motocross - Enduro - Supermoto | MotocrossMag\" \/>\n<meta property=\"og:description\" content=\"Une fois de plus, le Belgian Quad Racing, la f\u00e9d\u00e9ration de quad belge a choisi la Province de Luxembourg pour l&rsquo;ouverture de son championnat de Belgique de Quad Cross. L&rsquo;organisation [...]\" \/>\n<meta property=\"og:url\" content=\"https:\/\/fr.motocrossmag.be\/index.php\/2008\/04\/championnat-bqr-flamisoul-ouverture-reussie-malgre-la-boue\/\" \/>\n<meta property=\"og:site_name\" content=\"Motocross - Enduro - Supermoto | MotocrossMag\" \/>\n<meta property=\"article:published_time\" content=\"2008-04-10T10:52:51+00:00\" \/>\n<meta property=\"article:modified_time\" content=\"2008-04-10T14:58:10+00:00\" \/>\n<meta property=\"og:image\" content=\"http:\/\/www.motocrossmag.be\/wp-content\/uploads\/2008\/04\/bqr_tirstan_bernard.jpg\" \/>\n<meta name=\"author\" content=\"oliviere\" \/>\n<meta name=\"twitter:card\" content=\"summary_large_image\" \/>\n<meta name=\"twitter:label1\" content=\"\u00c9crit par\" \/>\n\t<meta name=\"twitter:data1\" content=\"oliviere\" \/>\n\t<meta name=\"twitter:label2\" content=\"Dur\u00e9e de lecture estim\u00e9e\" \/>\n\t<meta name=\"twitter:data2\" content=\"5 minutes\" \/>\n<script type=\"application\/ld+json\" class=\"yoast-schema-graph\">{\"@context\":\"https:\\\/\\\/schema.org\",\"@graph\":[{\"@type\":\"Article\",\"@id\":\"https:\\\/\\\/fr.motocrossmag.be\\\/index.php\\\/2008\\\/04\\\/championnat-bqr-flamisoul-ouverture-reussie-malgre-la-boue\\\/#article\",\"isPartOf\":{\"@id\":\"https:\\\/\\\/fr.motocrossmag.be\\\/index.php\\\/2008\\\/04\\\/championnat-bqr-flamisoul-ouverture-reussie-malgre-la-boue\\\/\"},\"author\":{\"name\":\"oliviere\",\"@id\":\"https:\\\/\\\/fr.motocrossmag.be\\\/#\\\/schema\\\/person\\\/11b47143d9f755babca2c9110e03235c\"},\"headline\":\"Championnat BQR &#8211; Flamisoul | Ouverture r\u00e9ussie, malgr\u00e9 la boue\",\"datePublished\":\"2008-04-10T10:52:51+00:00\",\"dateModified\":\"2008-04-10T14:58:10+00:00\",\"mainEntityOfPage\":{\"@id\":\"https:\\\/\\\/fr.motocrossmag.be\\\/index.php\\\/2008\\\/04\\\/championnat-bqr-flamisoul-ouverture-reussie-malgre-la-boue\\\/\"},\"wordCount\":1103,\"commentCount\":0,\"image\":{\"@id\":\"https:\\\/\\\/fr.motocrossmag.be\\\/index.php\\\/2008\\\/04\\\/championnat-bqr-flamisoul-ouverture-reussie-malgre-la-boue\\\/#primaryimage\"},\"thumbnailUrl\":\"http:\\\/\\\/www.motocrossmag.be\\\/wp-content\\\/uploads\\\/2008\\\/04\\\/bqr_tirstan_bernard.jpg\",\"articleSection\":[\"BQR\",\"Quad\"],\"inLanguage\":\"fr-FR\",\"potentialAction\":[{\"@type\":\"CommentAction\",\"name\":\"Comment\",\"target\":[\"https:\\\/\\\/fr.motocrossmag.be\\\/index.php\\\/2008\\\/04\\\/championnat-bqr-flamisoul-ouverture-reussie-malgre-la-boue\\\/#respond\"]}]},{\"@type\":\"WebPage\",\"@id\":\"https:\\\/\\\/fr.motocrossmag.be\\\/index.php\\\/2008\\\/04\\\/championnat-bqr-flamisoul-ouverture-reussie-malgre-la-boue\\\/\",\"url\":\"https:\\\/\\\/fr.motocrossmag.be\\\/index.php\\\/2008\\\/04\\\/championnat-bqr-flamisoul-ouverture-reussie-malgre-la-boue\\\/\",\"name\":\"Championnat BQR - Flamisoul | Ouverture r\u00e9ussie, malgr\u00e9 la boue - Motocross - Enduro - Supermoto | MotocrossMag\",\"isPartOf\":{\"@id\":\"https:\\\/\\\/fr.motocrossmag.be\\\/#website\"},\"primaryImageOfPage\":{\"@id\":\"https:\\\/\\\/fr.motocrossmag.be\\\/index.php\\\/2008\\\/04\\\/championnat-bqr-flamisoul-ouverture-reussie-malgre-la-boue\\\/#primaryimage\"},\"image\":{\"@id\":\"https:\\\/\\\/fr.motocrossmag.be\\\/index.php\\\/2008\\\/04\\\/championnat-bqr-flamisoul-ouverture-reussie-malgre-la-boue\\\/#primaryimage\"},\"thumbnailUrl\":\"http:\\\/\\\/www.motocrossmag.be\\\/wp-content\\\/uploads\\\/2008\\\/04\\\/bqr_tirstan_bernard.jpg\",\"datePublished\":\"2008-04-10T10:52:51+00:00\",\"dateModified\":\"2008-04-10T14:58:10+00:00\",\"author\":{\"@id\":\"https:\\\/\\\/fr.motocrossmag.be\\\/#\\\/schema\\\/person\\\/11b47143d9f755babca2c9110e03235c\"},\"breadcrumb\":{\"@id\":\"https:\\\/\\\/fr.motocrossmag.be\\\/index.php\\\/2008\\\/04\\\/championnat-bqr-flamisoul-ouverture-reussie-malgre-la-boue\\\/#breadcrumb\"},\"inLanguage\":\"fr-FR\",\"potentialAction\":[{\"@type\":\"ReadAction\",\"target\":[\"https:\\\/\\\/fr.motocrossmag.be\\\/index.php\\\/2008\\\/04\\\/championnat-bqr-flamisoul-ouverture-reussie-malgre-la-boue\\\/\"]}]},{\"@type\":\"ImageObject\",\"inLanguage\":\"fr-FR\",\"@id\":\"https:\\\/\\\/fr.motocrossmag.be\\\/index.php\\\/2008\\\/04\\\/championnat-bqr-flamisoul-ouverture-reussie-malgre-la-boue\\\/#primaryimage\",\"url\":\"http:\\\/\\\/www.motocrossmag.be\\\/wp-content\\\/uploads\\\/2008\\\/04\\\/bqr_tirstan_bernard.jpg\",\"contentUrl\":\"http:\\\/\\\/www.motocrossmag.be\\\/wp-content\\\/uploads\\\/2008\\\/04\\\/bqr_tirstan_bernard.jpg\"},{\"@type\":\"BreadcrumbList\",\"@id\":\"https:\\\/\\\/fr.motocrossmag.be\\\/index.php\\\/2008\\\/04\\\/championnat-bqr-flamisoul-ouverture-reussie-malgre-la-boue\\\/#breadcrumb\",\"itemListElement\":[{\"@type\":\"ListItem\",\"position\":1,\"name\":\"Accueil\",\"item\":\"https:\\\/\\\/fr.motocrossmag.be\\\/\"},{\"@type\":\"ListItem\",\"position\":2,\"name\":\"Championnat BQR &#8211; Flamisoul | Ouverture r\u00e9ussie, malgr\u00e9 la boue\"}]},{\"@type\":\"WebSite\",\"@id\":\"https:\\\/\\\/fr.motocrossmag.be\\\/#website\",\"url\":\"https:\\\/\\\/fr.motocrossmag.be\\\/\",\"name\":\"Motocross - Enduro - Supermoto | MotocrossMag\",\"description\":\"L&#039;actualit\u00e9 du motocross, de l&#039;enduro et du Supermoto en ligne!\",\"potentialAction\":[{\"@type\":\"SearchAction\",\"target\":{\"@type\":\"EntryPoint\",\"urlTemplate\":\"https:\\\/\\\/fr.motocrossmag.be\\\/?s={search_term_string}\"},\"query-input\":{\"@type\":\"PropertyValueSpecification\",\"valueRequired\":true,\"valueName\":\"search_term_string\"}}],\"inLanguage\":\"fr-FR\"},{\"@type\":\"Person\",\"@id\":\"https:\\\/\\\/fr.motocrossmag.be\\\/#\\\/schema\\\/person\\\/11b47143d9f755babca2c9110e03235c\",\"name\":\"oliviere\",\"image\":{\"@type\":\"ImageObject\",\"inLanguage\":\"fr-FR\",\"@id\":\"https:\\\/\\\/secure.gravatar.com\\\/avatar\\\/907069e0b81d119452040469e4a7501da1100f54f7f80180ce77bfab718288f6?s=96&d=mm&r=g\",\"url\":\"https:\\\/\\\/secure.gravatar.com\\\/avatar\\\/907069e0b81d119452040469e4a7501da1100f54f7f80180ce77bfab718288f6?s=96&d=mm&r=g\",\"contentUrl\":\"https:\\\/\\\/secure.gravatar.com\\\/avatar\\\/907069e0b81d119452040469e4a7501da1100f54f7f80180ce77bfab718288f6?s=96&d=mm&r=g\",\"caption\":\"oliviere\"},\"sameAs\":[\"http:\\\/\\\/www.motocrossmag.be\"],\"url\":\"https:\\\/\\\/fr.motocrossmag.be\\\/index.php\\\/author\\\/oliviere\\\/\"}]}<\/script>\n<!-- \/ Yoast SEO plugin. -->","yoast_head_json":{"title":"Championnat BQR - Flamisoul | Ouverture r\u00e9ussie, malgr\u00e9 la boue - Motocross - Enduro - Supermoto | MotocrossMag","robots":{"index":"index","follow":"follow","max-snippet":"max-snippet:-1","max-image-preview":"max-image-preview:large","max-video-preview":"max-video-preview:-1"},"canonical":"https:\/\/fr.motocrossmag.be\/index.php\/2008\/04\/championnat-bqr-flamisoul-ouverture-reussie-malgre-la-boue\/","og_locale":"fr_FR","og_type":"article","og_title":"Championnat BQR - Flamisoul | Ouverture r\u00e9ussie, malgr\u00e9 la boue - Motocross - Enduro - Supermoto | MotocrossMag","og_description":"Une fois de plus, le Belgian Quad Racing, la f\u00e9d\u00e9ration de quad belge a choisi la Province de Luxembourg pour l&rsquo;ouverture de son championnat de Belgique de Quad Cross. L&rsquo;organisation [...]","og_url":"https:\/\/fr.motocrossmag.be\/index.php\/2008\/04\/championnat-bqr-flamisoul-ouverture-reussie-malgre-la-boue\/","og_site_name":"Motocross - Enduro - Supermoto | MotocrossMag","article_published_time":"2008-04-10T10:52:51+00:00","article_modified_time":"2008-04-10T14:58:10+00:00","og_image":[{"url":"http:\/\/www.motocrossmag.be\/wp-content\/uploads\/2008\/04\/bqr_tirstan_bernard.jpg","type":"","width":"","height":""}],"author":"oliviere","twitter_card":"summary_large_image","twitter_misc":{"\u00c9crit par":"oliviere","Dur\u00e9e de lecture estim\u00e9e":"5 minutes"},"schema":{"@context":"https:\/\/schema.org","@graph":[{"@type":"Article","@id":"https:\/\/fr.motocrossmag.be\/index.php\/2008\/04\/championnat-bqr-flamisoul-ouverture-reussie-malgre-la-boue\/#article","isPartOf":{"@id":"https:\/\/fr.motocrossmag.be\/index.php\/2008\/04\/championnat-bqr-flamisoul-ouverture-reussie-malgre-la-boue\/"},"author":{"name":"oliviere","@id":"https:\/\/fr.motocrossmag.be\/#\/schema\/person\/11b47143d9f755babca2c9110e03235c"},"headline":"Championnat BQR &#8211; Flamisoul | Ouverture r\u00e9ussie, malgr\u00e9 la boue","datePublished":"2008-04-10T10:52:51+00:00","dateModified":"2008-04-10T14:58:10+00:00","mainEntityOfPage":{"@id":"https:\/\/fr.motocrossmag.be\/index.php\/2008\/04\/championnat-bqr-flamisoul-ouverture-reussie-malgre-la-boue\/"},"wordCount":1103,"commentCount":0,"image":{"@id":"https:\/\/fr.motocrossmag.be\/index.php\/2008\/04\/championnat-bqr-flamisoul-ouverture-reussie-malgre-la-boue\/#primaryimage"},"thumbnailUrl":"http:\/\/www.motocrossmag.be\/wp-content\/uploads\/2008\/04\/bqr_tirstan_bernard.jpg","articleSection":["BQR","Quad"],"inLanguage":"fr-FR","potentialAction":[{"@type":"CommentAction","name":"Comment","target":["https:\/\/fr.motocrossmag.be\/index.php\/2008\/04\/championnat-bqr-flamisoul-ouverture-reussie-malgre-la-boue\/#respond"]}]},{"@type":"WebPage","@id":"https:\/\/fr.motocrossmag.be\/index.php\/2008\/04\/championnat-bqr-flamisoul-ouverture-reussie-malgre-la-boue\/","url":"https:\/\/fr.motocrossmag.be\/index.php\/2008\/04\/championnat-bqr-flamisoul-ouverture-reussie-malgre-la-boue\/","name":"Championnat BQR - Flamisoul | Ouverture r\u00e9ussie, malgr\u00e9 la boue - Motocross - Enduro - Supermoto | MotocrossMag","isPartOf":{"@id":"https:\/\/fr.motocrossmag.be\/#website"},"primaryImageOfPage":{"@id":"https:\/\/fr.motocrossmag.be\/index.php\/2008\/04\/championnat-bqr-flamisoul-ouverture-reussie-malgre-la-boue\/#primaryimage"},"image":{"@id":"https:\/\/fr.motocrossmag.be\/index.php\/2008\/04\/championnat-bqr-flamisoul-ouverture-reussie-malgre-la-boue\/#primaryimage"},"thumbnailUrl":"http:\/\/www.motocrossmag.be\/wp-content\/uploads\/2008\/04\/bqr_tirstan_bernard.jpg","datePublished":"2008-04-10T10:52:51+00:00","dateModified":"2008-04-10T14:58:10+00:00","author":{"@id":"https:\/\/fr.motocrossmag.be\/#\/schema\/person\/11b47143d9f755babca2c9110e03235c"},"breadcrumb":{"@id":"https:\/\/fr.motocrossmag.be\/index.php\/2008\/04\/championnat-bqr-flamisoul-ouverture-reussie-malgre-la-boue\/#breadcrumb"},"inLanguage":"fr-FR","potentialAction":[{"@type":"ReadAction","target":["https:\/\/fr.motocrossmag.be\/index.php\/2008\/04\/championnat-bqr-flamisoul-ouverture-reussie-malgre-la-boue\/"]}]},{"@type":"ImageObject","inLanguage":"fr-FR","@id":"https:\/\/fr.motocrossmag.be\/index.php\/2008\/04\/championnat-bqr-flamisoul-ouverture-reussie-malgre-la-boue\/#primaryimage","url":"http:\/\/www.motocrossmag.be\/wp-content\/uploads\/2008\/04\/bqr_tirstan_bernard.jpg","contentUrl":"http:\/\/www.motocrossmag.be\/wp-content\/uploads\/2008\/04\/bqr_tirstan_bernard.jpg"},{"@type":"BreadcrumbList","@id":"https:\/\/fr.motocrossmag.be\/index.php\/2008\/04\/championnat-bqr-flamisoul-ouverture-reussie-malgre-la-boue\/#breadcrumb","itemListElement":[{"@type":"ListItem","position":1,"name":"Accueil","item":"https:\/\/fr.motocrossmag.be\/"},{"@type":"ListItem","position":2,"name":"Championnat BQR &#8211; Flamisoul | Ouverture r\u00e9ussie, malgr\u00e9 la boue"}]},{"@type":"WebSite","@id":"https:\/\/fr.motocrossmag.be\/#website","url":"https:\/\/fr.motocrossmag.be\/","name":"Motocross - Enduro - Supermoto | MotocrossMag","description":"L&#039;actualit\u00e9 du motocross, de l&#039;enduro et du Supermoto en ligne!","potentialAction":[{"@type":"SearchAction","target":{"@type":"EntryPoint","urlTemplate":"https:\/\/fr.motocrossmag.be\/?s={search_term_string}"},"query-input":{"@type":"PropertyValueSpecification","valueRequired":true,"valueName":"search_term_string"}}],"inLanguage":"fr-FR"},{"@type":"Person","@id":"https:\/\/fr.motocrossmag.be\/#\/schema\/person\/11b47143d9f755babca2c9110e03235c","name":"oliviere","image":{"@type":"ImageObject","inLanguage":"fr-FR","@id":"https:\/\/secure.gravatar.com\/avatar\/907069e0b81d119452040469e4a7501da1100f54f7f80180ce77bfab718288f6?s=96&d=mm&r=g","url":"https:\/\/secure.gravatar.com\/avatar\/907069e0b81d119452040469e4a7501da1100f54f7f80180ce77bfab718288f6?s=96&d=mm&r=g","contentUrl":"https:\/\/secure.gravatar.com\/avatar\/907069e0b81d119452040469e4a7501da1100f54f7f80180ce77bfab718288f6?s=96&d=mm&r=g","caption":"oliviere"},"sameAs":["http:\/\/www.motocrossmag.be"],"url":"https:\/\/fr.motocrossmag.be\/index.php\/author\/oliviere\/"}]}},"_links":{"self":[{"href":"https:\/\/fr.motocrossmag.be\/index.php\/wp-json\/wp\/v2\/posts\/399","targetHints":{"allow":["GET"]}}],"collection":[{"href":"https:\/\/fr.motocrossmag.be\/index.php\/wp-json\/wp\/v2\/posts"}],"about":[{"href":"https:\/\/fr.motocrossmag.be\/index.php\/wp-json\/wp\/v2\/types\/post"}],"author":[{"embeddable":true,"href":"https:\/\/fr.motocrossmag.be\/index.php\/wp-json\/wp\/v2\/users\/932"}],"replies":[{"embeddable":true,"href":"https:\/\/fr.motocrossmag.be\/index.php\/wp-json\/wp\/v2\/comments?post=399"}],"version-history":[{"count":0,"href":"https:\/\/fr.motocrossmag.be\/index.php\/wp-json\/wp\/v2\/posts\/399\/revisions"}],"wp:attachment":[{"href":"https:\/\/fr.motocrossmag.be\/index.php\/wp-json\/wp\/v2\/media?parent=399"}],"wp:term":[{"taxonomy":"category","embeddable":true,"href":"https:\/\/fr.motocrossmag.be\/index.php\/wp-json\/wp\/v2\/categories?post=399"},{"taxonomy":"post_tag","embeddable":true,"href":"https:\/\/fr.motocrossmag.be\/index.php\/wp-json\/wp\/v2\/tags?post=399"}],"curies":[{"name":"wp","href":"https:\/\/api.w.org\/{rel}","templated":true}]}}