{"id":40317,"date":"2015-10-23T22:10:07","date_gmt":"2015-10-23T20:10:07","guid":{"rendered":"http:\/\/fr.motocrossmag.be\/?p=40317"},"modified":"2015-10-23T22:10:07","modified_gmt":"2015-10-23T20:10:07","slug":"video-fox-presente-un-nouveau-casque-haut-de-gamme-pour-les-kids","status":"publish","type":"post","link":"https:\/\/fr.motocrossmag.be\/index.php\/2015\/10\/video-fox-presente-un-nouveau-casque-haut-de-gamme-pour-les-kids\/","title":{"rendered":"Vid\u00e9o: Fox pr\u00e9sente un nouveau casque haut de gamme pour les kids"},"content":{"rendered":"<p>Vous connaissez le casque Fox V3, le casque int\u00e9gral cross haut de gamme du fabricant US. Fox vient de pr\u00e9senter la version \u00ab\u00a0Youth\u00a0\u00bb de son casque V3. Les plus jeunes pourront donc d\u00e9sormais profiter de toutes les qualit\u00e9s techniques du casque port\u00e9 par de nombreux top pilotes dans le monde, que ce soit en termes de s\u00e9curit\u00e9, de confort ou de finition dans la fabrication. A d\u00e9couvrir en images !<\/p>\n<p>&nbsp;<\/p><div class=\"zrkzy6a99e3a376a88\" ><!-- \/91277017\/Inline-articles-mobile -->\n<div style=\"margin:auto; text-align:center !important\">\n<div id='div-gpt-ad-1784982661365-0' style='min-width: 250px; min-height: 75px;'>\n  <script>\n    googletag.cmd.push(function() { googletag.display('div-gpt-ad-1784982661365-0'); });\n  <\/script>\n<\/div><\/div><\/div><style type=\"text\/css\">\r\n.zrkzy6a99e3a376a88 {\r\nmargin-bottom:30px;margin-top:20px\r\n}\r\n@media screen and (min-width: 1201px) {\r\n.zrkzy6a99e3a376a88 {\r\ndisplay: block;\r\n}\r\n}\r\n@media screen and (min-width: 993px) and (max-width: 1200px) {\r\n.zrkzy6a99e3a376a88 {\r\ndisplay: block;\r\n}\r\n}\r\n@media screen and (min-width: 769px) and (max-width: 992px) {\r\n.zrkzy6a99e3a376a88 {\r\ndisplay: block;\r\n}\r\n}\r\n@media screen and (min-width: 768px) and (max-width: 768px) {\r\n.zrkzy6a99e3a376a88 {\r\ndisplay: block;\r\n}\r\n}\r\n@media screen and (max-width: 767px) {\r\n.zrkzy6a99e3a376a88 {\r\ndisplay: block;\r\n}\r\n}\r\n<\/style>\r\n\n<p><iframe src=\"https:\/\/www.youtube.com\/embed\/pXt014LezmA?rel=0&amp;showinfo=0\" width=\"650\" height=\"366\" frameborder=\"0\" allowfullscreen=\"allowfullscreen\"><\/iframe><\/p>\n","protected":false},"excerpt":{"rendered":"<p>Vous connaissez le casque Fox V3, le casque int\u00e9gral cross haut de gamme du fabricant US. Fox vient de pr\u00e9senter la version \u00ab\u00a0Youth\u00a0\u00bb de son casque V3. Les plus jeunes pourront donc d\u00e9sormais profiter de toutes les qualit\u00e9s techniques du casque port\u00e9 par de nombreux top pilotes dans le monde, que ce soit en termes [&hellip;]<\/p>\n","protected":false},"author":932,"featured_media":40318,"comment_status":"open","ping_status":"closed","sticky":false,"template":"","format":"standard","meta":{"tdm_status":"","tdm_grid_status":"","footnotes":""},"categories":[61,62],"tags":[],"class_list":["post-40317","post","type-post","status-publish","format-standard","has-post-thumbnail","category-shopping","category-video"],"yoast_head":"<!-- This site is optimized with the Yoast SEO plugin v28.4 - https:\/\/yoast.com\/product\/yoast-seo-wordpress\/ -->\n<title>Vid\u00e9o: Fox pr\u00e9sente un nouveau casque haut de gamme pour les kids - Motocross - Enduro - Supermoto | MotocrossMag<\/title>\n<meta name=\"robots\" content=\"index, follow, max-snippet:-1, max-image-preview:large, max-video-preview:-1\" \/>\n<link rel=\"canonical\" href=\"https:\/\/fr.motocrossmag.be\/index.php\/2015\/10\/video-fox-presente-un-nouveau-casque-haut-de-gamme-pour-les-kids\/\" \/>\n<meta property=\"og:locale\" content=\"fr_FR\" \/>\n<meta property=\"og:type\" content=\"article\" \/>\n<meta property=\"og:title\" content=\"Vid\u00e9o: Fox pr\u00e9sente un nouveau casque haut de gamme pour les kids - Motocross - Enduro - Supermoto | MotocrossMag\" \/>\n<meta property=\"og:description\" content=\"Vous connaissez le casque Fox V3, le casque int\u00e9gral cross haut de gamme du fabricant US. Fox vient de pr\u00e9senter la version \u00ab\u00a0Youth\u00a0\u00bb de son casque V3. Les plus jeunes pourront donc d\u00e9sormais profiter de toutes les qualit\u00e9s techniques du casque port\u00e9 par de nombreux top pilotes dans le monde, que ce soit en termes [&hellip;]\" \/>\n<meta property=\"og:url\" content=\"https:\/\/fr.motocrossmag.be\/index.php\/2015\/10\/video-fox-presente-un-nouveau-casque-haut-de-gamme-pour-les-kids\/\" \/>\n<meta property=\"og:site_name\" content=\"Motocross - Enduro - Supermoto | MotocrossMag\" \/>\n<meta property=\"article:published_time\" content=\"2015-10-23T20:10:07+00:00\" \/>\n<meta property=\"og:image\" content=\"https:\/\/fr.motocrossmag.be\/wp-content\/uploads\/2015\/10\/fox_v3_youth.jpg\" \/>\n\t<meta property=\"og:image:width\" content=\"900\" \/>\n\t<meta property=\"og:image:height\" content=\"600\" \/>\n\t<meta property=\"og:image:type\" content=\"image\/jpeg\" \/>\n<meta name=\"author\" content=\"oliviere\" \/>\n<meta name=\"twitter:card\" content=\"summary_large_image\" \/>\n<meta name=\"twitter:label1\" content=\"\u00c9crit par\" \/>\n\t<meta name=\"twitter:data1\" content=\"oliviere\" \/>\n<script type=\"application\/ld+json\" class=\"yoast-schema-graph\">{\"@context\":\"https:\\\/\\\/schema.org\",\"@graph\":[{\"@type\":\"Article\",\"@id\":\"https:\\\/\\\/fr.motocrossmag.be\\\/index.php\\\/2015\\\/10\\\/video-fox-presente-un-nouveau-casque-haut-de-gamme-pour-les-kids\\\/#article\",\"isPartOf\":{\"@id\":\"https:\\\/\\\/fr.motocrossmag.be\\\/index.php\\\/2015\\\/10\\\/video-fox-presente-un-nouveau-casque-haut-de-gamme-pour-les-kids\\\/\"},\"author\":{\"name\":\"oliviere\",\"@id\":\"https:\\\/\\\/fr.motocrossmag.be\\\/#\\\/schema\\\/person\\\/11b47143d9f755babca2c9110e03235c\"},\"headline\":\"Vid\u00e9o: Fox pr\u00e9sente un nouveau casque haut de gamme pour les kids\",\"datePublished\":\"2015-10-23T20:10:07+00:00\",\"mainEntityOfPage\":{\"@id\":\"https:\\\/\\\/fr.motocrossmag.be\\\/index.php\\\/2015\\\/10\\\/video-fox-presente-un-nouveau-casque-haut-de-gamme-pour-les-kids\\\/\"},\"wordCount\":90,\"commentCount\":0,\"image\":{\"@id\":\"https:\\\/\\\/fr.motocrossmag.be\\\/index.php\\\/2015\\\/10\\\/video-fox-presente-un-nouveau-casque-haut-de-gamme-pour-les-kids\\\/#primaryimage\"},\"thumbnailUrl\":\"https:\\\/\\\/fr.motocrossmag.be\\\/wp-content\\\/uploads\\\/2015\\\/10\\\/fox_v3_youth.jpg\",\"articleSection\":[\"Produits\",\"Videos\"],\"inLanguage\":\"fr-FR\",\"potentialAction\":[{\"@type\":\"CommentAction\",\"name\":\"Comment\",\"target\":[\"https:\\\/\\\/fr.motocrossmag.be\\\/index.php\\\/2015\\\/10\\\/video-fox-presente-un-nouveau-casque-haut-de-gamme-pour-les-kids\\\/#respond\"]}]},{\"@type\":\"WebPage\",\"@id\":\"https:\\\/\\\/fr.motocrossmag.be\\\/index.php\\\/2015\\\/10\\\/video-fox-presente-un-nouveau-casque-haut-de-gamme-pour-les-kids\\\/\",\"url\":\"https:\\\/\\\/fr.motocrossmag.be\\\/index.php\\\/2015\\\/10\\\/video-fox-presente-un-nouveau-casque-haut-de-gamme-pour-les-kids\\\/\",\"name\":\"Vid\u00e9o: Fox pr\u00e9sente un nouveau casque haut de gamme pour les kids - Motocross - Enduro - Supermoto | MotocrossMag\",\"isPartOf\":{\"@id\":\"https:\\\/\\\/fr.motocrossmag.be\\\/#website\"},\"primaryImageOfPage\":{\"@id\":\"https:\\\/\\\/fr.motocrossmag.be\\\/index.php\\\/2015\\\/10\\\/video-fox-presente-un-nouveau-casque-haut-de-gamme-pour-les-kids\\\/#primaryimage\"},\"image\":{\"@id\":\"https:\\\/\\\/fr.motocrossmag.be\\\/index.php\\\/2015\\\/10\\\/video-fox-presente-un-nouveau-casque-haut-de-gamme-pour-les-kids\\\/#primaryimage\"},\"thumbnailUrl\":\"https:\\\/\\\/fr.motocrossmag.be\\\/wp-content\\\/uploads\\\/2015\\\/10\\\/fox_v3_youth.jpg\",\"datePublished\":\"2015-10-23T20:10:07+00:00\",\"author\":{\"@id\":\"https:\\\/\\\/fr.motocrossmag.be\\\/#\\\/schema\\\/person\\\/11b47143d9f755babca2c9110e03235c\"},\"breadcrumb\":{\"@id\":\"https:\\\/\\\/fr.motocrossmag.be\\\/index.php\\\/2015\\\/10\\\/video-fox-presente-un-nouveau-casque-haut-de-gamme-pour-les-kids\\\/#breadcrumb\"},\"inLanguage\":\"fr-FR\",\"potentialAction\":[{\"@type\":\"ReadAction\",\"target\":[\"https:\\\/\\\/fr.motocrossmag.be\\\/index.php\\\/2015\\\/10\\\/video-fox-presente-un-nouveau-casque-haut-de-gamme-pour-les-kids\\\/\"]}]},{\"@type\":\"ImageObject\",\"inLanguage\":\"fr-FR\",\"@id\":\"https:\\\/\\\/fr.motocrossmag.be\\\/index.php\\\/2015\\\/10\\\/video-fox-presente-un-nouveau-casque-haut-de-gamme-pour-les-kids\\\/#primaryimage\",\"url\":\"https:\\\/\\\/fr.motocrossmag.be\\\/wp-content\\\/uploads\\\/2015\\\/10\\\/fox_v3_youth.jpg\",\"contentUrl\":\"https:\\\/\\\/fr.motocrossmag.be\\\/wp-content\\\/uploads\\\/2015\\\/10\\\/fox_v3_youth.jpg\",\"width\":900,\"height\":600},{\"@type\":\"BreadcrumbList\",\"@id\":\"https:\\\/\\\/fr.motocrossmag.be\\\/index.php\\\/2015\\\/10\\\/video-fox-presente-un-nouveau-casque-haut-de-gamme-pour-les-kids\\\/#breadcrumb\",\"itemListElement\":[{\"@type\":\"ListItem\",\"position\":1,\"name\":\"Accueil\",\"item\":\"https:\\\/\\\/fr.motocrossmag.be\\\/\"},{\"@type\":\"ListItem\",\"position\":2,\"name\":\"Vid\u00e9o: Fox pr\u00e9sente un nouveau casque haut de gamme pour les kids\"}]},{\"@type\":\"WebSite\",\"@id\":\"https:\\\/\\\/fr.motocrossmag.be\\\/#website\",\"url\":\"https:\\\/\\\/fr.motocrossmag.be\\\/\",\"name\":\"Motocross - Enduro - Supermoto | MotocrossMag\",\"description\":\"L&#039;actualit\u00e9 du motocross, de l&#039;enduro et du Supermoto en ligne!\",\"potentialAction\":[{\"@type\":\"SearchAction\",\"target\":{\"@type\":\"EntryPoint\",\"urlTemplate\":\"https:\\\/\\\/fr.motocrossmag.be\\\/?s={search_term_string}\"},\"query-input\":{\"@type\":\"PropertyValueSpecification\",\"valueRequired\":true,\"valueName\":\"search_term_string\"}}],\"inLanguage\":\"fr-FR\"},{\"@type\":\"Person\",\"@id\":\"https:\\\/\\\/fr.motocrossmag.be\\\/#\\\/schema\\\/person\\\/11b47143d9f755babca2c9110e03235c\",\"name\":\"oliviere\",\"image\":{\"@type\":\"ImageObject\",\"inLanguage\":\"fr-FR\",\"@id\":\"https:\\\/\\\/secure.gravatar.com\\\/avatar\\\/907069e0b81d119452040469e4a7501da1100f54f7f80180ce77bfab718288f6?s=96&d=mm&r=g\",\"url\":\"https:\\\/\\\/secure.gravatar.com\\\/avatar\\\/907069e0b81d119452040469e4a7501da1100f54f7f80180ce77bfab718288f6?s=96&d=mm&r=g\",\"contentUrl\":\"https:\\\/\\\/secure.gravatar.com\\\/avatar\\\/907069e0b81d119452040469e4a7501da1100f54f7f80180ce77bfab718288f6?s=96&d=mm&r=g\",\"caption\":\"oliviere\"},\"sameAs\":[\"http:\\\/\\\/www.motocrossmag.be\"],\"url\":\"https:\\\/\\\/fr.motocrossmag.be\\\/index.php\\\/author\\\/oliviere\\\/\"}]}<\/script>\n<!-- \/ Yoast SEO plugin. -->","yoast_head_json":{"title":"Vid\u00e9o: Fox pr\u00e9sente un nouveau casque haut de gamme pour les kids - Motocross - Enduro - Supermoto | MotocrossMag","robots":{"index":"index","follow":"follow","max-snippet":"max-snippet:-1","max-image-preview":"max-image-preview:large","max-video-preview":"max-video-preview:-1"},"canonical":"https:\/\/fr.motocrossmag.be\/index.php\/2015\/10\/video-fox-presente-un-nouveau-casque-haut-de-gamme-pour-les-kids\/","og_locale":"fr_FR","og_type":"article","og_title":"Vid\u00e9o: Fox pr\u00e9sente un nouveau casque haut de gamme pour les kids - Motocross - Enduro - Supermoto | MotocrossMag","og_description":"Vous connaissez le casque Fox V3, le casque int\u00e9gral cross haut de gamme du fabricant US. Fox vient de pr\u00e9senter la version \u00ab\u00a0Youth\u00a0\u00bb de son casque V3. Les plus jeunes pourront donc d\u00e9sormais profiter de toutes les qualit\u00e9s techniques du casque port\u00e9 par de nombreux top pilotes dans le monde, que ce soit en termes [&hellip;]","og_url":"https:\/\/fr.motocrossmag.be\/index.php\/2015\/10\/video-fox-presente-un-nouveau-casque-haut-de-gamme-pour-les-kids\/","og_site_name":"Motocross - Enduro - Supermoto | MotocrossMag","article_published_time":"2015-10-23T20:10:07+00:00","og_image":[{"width":900,"height":600,"url":"https:\/\/fr.motocrossmag.be\/wp-content\/uploads\/2015\/10\/fox_v3_youth.jpg","type":"image\/jpeg"}],"author":"oliviere","twitter_card":"summary_large_image","twitter_misc":{"\u00c9crit par":"oliviere"},"schema":{"@context":"https:\/\/schema.org","@graph":[{"@type":"Article","@id":"https:\/\/fr.motocrossmag.be\/index.php\/2015\/10\/video-fox-presente-un-nouveau-casque-haut-de-gamme-pour-les-kids\/#article","isPartOf":{"@id":"https:\/\/fr.motocrossmag.be\/index.php\/2015\/10\/video-fox-presente-un-nouveau-casque-haut-de-gamme-pour-les-kids\/"},"author":{"name":"oliviere","@id":"https:\/\/fr.motocrossmag.be\/#\/schema\/person\/11b47143d9f755babca2c9110e03235c"},"headline":"Vid\u00e9o: Fox pr\u00e9sente un nouveau casque haut de gamme pour les kids","datePublished":"2015-10-23T20:10:07+00:00","mainEntityOfPage":{"@id":"https:\/\/fr.motocrossmag.be\/index.php\/2015\/10\/video-fox-presente-un-nouveau-casque-haut-de-gamme-pour-les-kids\/"},"wordCount":90,"commentCount":0,"image":{"@id":"https:\/\/fr.motocrossmag.be\/index.php\/2015\/10\/video-fox-presente-un-nouveau-casque-haut-de-gamme-pour-les-kids\/#primaryimage"},"thumbnailUrl":"https:\/\/fr.motocrossmag.be\/wp-content\/uploads\/2015\/10\/fox_v3_youth.jpg","articleSection":["Produits","Videos"],"inLanguage":"fr-FR","potentialAction":[{"@type":"CommentAction","name":"Comment","target":["https:\/\/fr.motocrossmag.be\/index.php\/2015\/10\/video-fox-presente-un-nouveau-casque-haut-de-gamme-pour-les-kids\/#respond"]}]},{"@type":"WebPage","@id":"https:\/\/fr.motocrossmag.be\/index.php\/2015\/10\/video-fox-presente-un-nouveau-casque-haut-de-gamme-pour-les-kids\/","url":"https:\/\/fr.motocrossmag.be\/index.php\/2015\/10\/video-fox-presente-un-nouveau-casque-haut-de-gamme-pour-les-kids\/","name":"Vid\u00e9o: Fox pr\u00e9sente un nouveau casque haut de gamme pour les kids - Motocross - Enduro - Supermoto | MotocrossMag","isPartOf":{"@id":"https:\/\/fr.motocrossmag.be\/#website"},"primaryImageOfPage":{"@id":"https:\/\/fr.motocrossmag.be\/index.php\/2015\/10\/video-fox-presente-un-nouveau-casque-haut-de-gamme-pour-les-kids\/#primaryimage"},"image":{"@id":"https:\/\/fr.motocrossmag.be\/index.php\/2015\/10\/video-fox-presente-un-nouveau-casque-haut-de-gamme-pour-les-kids\/#primaryimage"},"thumbnailUrl":"https:\/\/fr.motocrossmag.be\/wp-content\/uploads\/2015\/10\/fox_v3_youth.jpg","datePublished":"2015-10-23T20:10:07+00:00","author":{"@id":"https:\/\/fr.motocrossmag.be\/#\/schema\/person\/11b47143d9f755babca2c9110e03235c"},"breadcrumb":{"@id":"https:\/\/fr.motocrossmag.be\/index.php\/2015\/10\/video-fox-presente-un-nouveau-casque-haut-de-gamme-pour-les-kids\/#breadcrumb"},"inLanguage":"fr-FR","potentialAction":[{"@type":"ReadAction","target":["https:\/\/fr.motocrossmag.be\/index.php\/2015\/10\/video-fox-presente-un-nouveau-casque-haut-de-gamme-pour-les-kids\/"]}]},{"@type":"ImageObject","inLanguage":"fr-FR","@id":"https:\/\/fr.motocrossmag.be\/index.php\/2015\/10\/video-fox-presente-un-nouveau-casque-haut-de-gamme-pour-les-kids\/#primaryimage","url":"https:\/\/fr.motocrossmag.be\/wp-content\/uploads\/2015\/10\/fox_v3_youth.jpg","contentUrl":"https:\/\/fr.motocrossmag.be\/wp-content\/uploads\/2015\/10\/fox_v3_youth.jpg","width":900,"height":600},{"@type":"BreadcrumbList","@id":"https:\/\/fr.motocrossmag.be\/index.php\/2015\/10\/video-fox-presente-un-nouveau-casque-haut-de-gamme-pour-les-kids\/#breadcrumb","itemListElement":[{"@type":"ListItem","position":1,"name":"Accueil","item":"https:\/\/fr.motocrossmag.be\/"},{"@type":"ListItem","position":2,"name":"Vid\u00e9o: Fox pr\u00e9sente un nouveau casque haut de gamme pour les kids"}]},{"@type":"WebSite","@id":"https:\/\/fr.motocrossmag.be\/#website","url":"https:\/\/fr.motocrossmag.be\/","name":"Motocross - Enduro - Supermoto | MotocrossMag","description":"L&#039;actualit\u00e9 du motocross, de l&#039;enduro et du Supermoto en ligne!","potentialAction":[{"@type":"SearchAction","target":{"@type":"EntryPoint","urlTemplate":"https:\/\/fr.motocrossmag.be\/?s={search_term_string}"},"query-input":{"@type":"PropertyValueSpecification","valueRequired":true,"valueName":"search_term_string"}}],"inLanguage":"fr-FR"},{"@type":"Person","@id":"https:\/\/fr.motocrossmag.be\/#\/schema\/person\/11b47143d9f755babca2c9110e03235c","name":"oliviere","image":{"@type":"ImageObject","inLanguage":"fr-FR","@id":"https:\/\/secure.gravatar.com\/avatar\/907069e0b81d119452040469e4a7501da1100f54f7f80180ce77bfab718288f6?s=96&d=mm&r=g","url":"https:\/\/secure.gravatar.com\/avatar\/907069e0b81d119452040469e4a7501da1100f54f7f80180ce77bfab718288f6?s=96&d=mm&r=g","contentUrl":"https:\/\/secure.gravatar.com\/avatar\/907069e0b81d119452040469e4a7501da1100f54f7f80180ce77bfab718288f6?s=96&d=mm&r=g","caption":"oliviere"},"sameAs":["http:\/\/www.motocrossmag.be"],"url":"https:\/\/fr.motocrossmag.be\/index.php\/author\/oliviere\/"}]}},"_links":{"self":[{"href":"https:\/\/fr.motocrossmag.be\/index.php\/wp-json\/wp\/v2\/posts\/40317","targetHints":{"allow":["GET"]}}],"collection":[{"href":"https:\/\/fr.motocrossmag.be\/index.php\/wp-json\/wp\/v2\/posts"}],"about":[{"href":"https:\/\/fr.motocrossmag.be\/index.php\/wp-json\/wp\/v2\/types\/post"}],"author":[{"embeddable":true,"href":"https:\/\/fr.motocrossmag.be\/index.php\/wp-json\/wp\/v2\/users\/932"}],"replies":[{"embeddable":true,"href":"https:\/\/fr.motocrossmag.be\/index.php\/wp-json\/wp\/v2\/comments?post=40317"}],"version-history":[{"count":1,"href":"https:\/\/fr.motocrossmag.be\/index.php\/wp-json\/wp\/v2\/posts\/40317\/revisions"}],"predecessor-version":[{"id":40319,"href":"https:\/\/fr.motocrossmag.be\/index.php\/wp-json\/wp\/v2\/posts\/40317\/revisions\/40319"}],"wp:featuredmedia":[{"embeddable":true,"href":"https:\/\/fr.motocrossmag.be\/index.php\/wp-json\/wp\/v2\/media\/40318"}],"wp:attachment":[{"href":"https:\/\/fr.motocrossmag.be\/index.php\/wp-json\/wp\/v2\/media?parent=40317"}],"wp:term":[{"taxonomy":"category","embeddable":true,"href":"https:\/\/fr.motocrossmag.be\/index.php\/wp-json\/wp\/v2\/categories?post=40317"},{"taxonomy":"post_tag","embeddable":true,"href":"https:\/\/fr.motocrossmag.be\/index.php\/wp-json\/wp\/v2\/tags?post=40317"}],"curies":[{"name":"wp","href":"https:\/\/api.w.org\/{rel}","templated":true}]}}