{"id":40383,"date":"2015-10-28T17:30:00","date_gmt":"2015-10-28T16:30:00","guid":{"rendered":"http:\/\/fr.motocrossmag.be\/?p=40383"},"modified":"2015-10-29T20:50:20","modified_gmt":"2015-10-29T19:50:20","slug":"photos-la-husqvarna-701-enduro-arrive","status":"publish","type":"post","link":"https:\/\/fr.motocrossmag.be\/index.php\/2015\/10\/photos-la-husqvarna-701-enduro-arrive\/","title":{"rendered":"Photos: la Husqvarna 701 Enduro arrive !"},"content":{"rendered":"<p>D\u00e9clinaison \u00ab\u00a0off-road\u00a0\u00bb de la 701 Supermoto pr\u00e9sent\u00e9e cet \u00e9t\u00e9, la Husqvarna 701 Enduro arrive en concession. Une machine hybride, entre le trail l\u00e9ger et la v\u00e9ritable machine d&rsquo;enduro dont le monocylindre de 690cc d\u00e9veloppe la bagatelle de 67 chevaux !<\/p>\n<ul>\n<li>\u00a0A lire \u00e9galement: <a href=\"http:\/\/fr.motocrossmag.be\/index.php\/2015\/10\/video-la-husqvarna-701-enduro-en-action\/\">la Husqvarna 701 Enduro en action<\/a><\/li>\n<\/ul>\n<div id='gallery-1' class='gallery galleryid-40383 gallery-columns-3 gallery-size-thumbnail'><figure class='gallery-item'>\n\t\t\t<div class='gallery-icon landscape'>\n\t\t\t\t<a href='https:\/\/fr.motocrossmag.be\/index.php\/2015\/10\/photos-la-husqvarna-701-enduro-arrive\/husqvarna-701_117447_13415_rsc2824_biwo_flat_b_rsc2824_biwo_flat_b\/'><img decoding=\"async\" width=\"150\" height=\"150\" src=\"https:\/\/fr.motocrossmag.be\/wp-content\/uploads\/2015\/10\/Husqvarna-701_117447_13415_RSC2824_biwo_flat_B_RSC2824_biwo_flat_B-150x150.jpg\" class=\"attachment-thumbnail size-thumbnail\" alt=\"\" srcset=\"https:\/\/fr.motocrossmag.be\/wp-content\/uploads\/2015\/10\/Husqvarna-701_117447_13415_RSC2824_biwo_flat_B_RSC2824_biwo_flat_B-150x150.jpg 150w, https:\/\/fr.motocrossmag.be\/wp-content\/uploads\/2015\/10\/Husqvarna-701_117447_13415_RSC2824_biwo_flat_B_RSC2824_biwo_flat_B-50x50.jpg 50w\" sizes=\"(max-width: 150px) 100vw, 150px\" \/><\/a>\n\t\t\t<\/div><\/figure><figure class='gallery-item'>\n\t\t\t<div class='gallery-icon landscape'>\n\t\t\t\t<a href='https:\/\/fr.motocrossmag.be\/index.php\/2015\/10\/photos-la-husqvarna-701-enduro-arrive\/husqvarna-701_117451_13436_rsc4858_biwo_flat_b_rsc4858_biwo_flat_b\/'><img decoding=\"async\" width=\"150\" height=\"150\" src=\"https:\/\/fr.motocrossmag.be\/wp-content\/uploads\/2015\/10\/Husqvarna-701_117451_13436_RSC4858_biwo_flat_B_RSC4858_biwo_flat_B-150x150.jpg\" class=\"attachment-thumbnail size-thumbnail\" alt=\"\" srcset=\"https:\/\/fr.motocrossmag.be\/wp-content\/uploads\/2015\/10\/Husqvarna-701_117451_13436_RSC4858_biwo_flat_B_RSC4858_biwo_flat_B-150x150.jpg 150w, https:\/\/fr.motocrossmag.be\/wp-content\/uploads\/2015\/10\/Husqvarna-701_117451_13436_RSC4858_biwo_flat_B_RSC4858_biwo_flat_B-50x50.jpg 50w\" sizes=\"(max-width: 150px) 100vw, 150px\" \/><\/a>\n\t\t\t<\/div><\/figure><figure class='gallery-item'>\n\t\t\t<div class='gallery-icon landscape'>\n\t\t\t\t<a href='https:\/\/fr.motocrossmag.be\/index.php\/2015\/10\/photos-la-husqvarna-701-enduro-arrive\/husqvarna-701_117452_13437_rsc4864_biwo_flat_b_rsc4864_biwo_flat_b\/'><img decoding=\"async\" width=\"150\" height=\"150\" src=\"https:\/\/fr.motocrossmag.be\/wp-content\/uploads\/2015\/10\/Husqvarna-701_117452_13437_RSC4864_biwo_flat_B_RSC4864_biwo_flat_B-150x150.jpg\" class=\"attachment-thumbnail size-thumbnail\" alt=\"\" srcset=\"https:\/\/fr.motocrossmag.be\/wp-content\/uploads\/2015\/10\/Husqvarna-701_117452_13437_RSC4864_biwo_flat_B_RSC4864_biwo_flat_B-150x150.jpg 150w, https:\/\/fr.motocrossmag.be\/wp-content\/uploads\/2015\/10\/Husqvarna-701_117452_13437_RSC4864_biwo_flat_B_RSC4864_biwo_flat_B-50x50.jpg 50w\" sizes=\"(max-width: 150px) 100vw, 150px\" \/><\/a>\n\t\t\t<\/div><\/figure><figure class='gallery-item'>\n\t\t\t<div class='gallery-icon landscape'>\n\t\t\t\t<a href='https:\/\/fr.motocrossmag.be\/index.php\/2015\/10\/photos-la-husqvarna-701-enduro-arrive\/husqvarna-701_117453_13438_rsc4874_biwo_flat_b_rsc4874_biwo_flat_b\/'><img decoding=\"async\" width=\"150\" height=\"150\" src=\"https:\/\/fr.motocrossmag.be\/wp-content\/uploads\/2015\/10\/Husqvarna-701_117453_13438_RSC4874_biwo_flat_B_RSC4874_biwo_flat_B-150x150.jpg\" class=\"attachment-thumbnail size-thumbnail\" alt=\"\" srcset=\"https:\/\/fr.motocrossmag.be\/wp-content\/uploads\/2015\/10\/Husqvarna-701_117453_13438_RSC4874_biwo_flat_B_RSC4874_biwo_flat_B-150x150.jpg 150w, https:\/\/fr.motocrossmag.be\/wp-content\/uploads\/2015\/10\/Husqvarna-701_117453_13438_RSC4874_biwo_flat_B_RSC4874_biwo_flat_B-50x50.jpg 50w\" sizes=\"(max-width: 150px) 100vw, 150px\" \/><\/a>\n\t\t\t<\/div><\/figure><figure class='gallery-item'>\n\t\t\t<div class='gallery-icon landscape'>\n\t\t\t\t<a href='https:\/\/fr.motocrossmag.be\/index.php\/2015\/10\/photos-la-husqvarna-701-enduro-arrive\/husqvarna-701_117454_13439_rsc4877_biwo_flat_b_rsc4877_biwo_flat_b\/'><img decoding=\"async\" width=\"150\" height=\"150\" src=\"https:\/\/fr.motocrossmag.be\/wp-content\/uploads\/2015\/10\/Husqvarna-701_117454_13439_RSC4877_biwo_flat_B_RSC4877_biwo_flat_B-150x150.jpg\" class=\"attachment-thumbnail size-thumbnail\" alt=\"\" srcset=\"https:\/\/fr.motocrossmag.be\/wp-content\/uploads\/2015\/10\/Husqvarna-701_117454_13439_RSC4877_biwo_flat_B_RSC4877_biwo_flat_B-150x150.jpg 150w, https:\/\/fr.motocrossmag.be\/wp-content\/uploads\/2015\/10\/Husqvarna-701_117454_13439_RSC4877_biwo_flat_B_RSC4877_biwo_flat_B-50x50.jpg 50w\" sizes=\"(max-width: 150px) 100vw, 150px\" \/><\/a>\n\t\t\t<\/div><\/figure><figure class='gallery-item'>\n\t\t\t<div class='gallery-icon landscape'>\n\t\t\t\t<a href='https:\/\/fr.motocrossmag.be\/index.php\/2015\/10\/photos-la-husqvarna-701-enduro-arrive\/husqvarna-701_117457_13688_rsc1855_dafe_flat_b_rsc1855_dafe_flat_b\/'><img decoding=\"async\" width=\"150\" height=\"150\" src=\"https:\/\/fr.motocrossmag.be\/wp-content\/uploads\/2015\/10\/Husqvarna-701_117457_13688_RSC1855_dafe_flat_B_RSC1855_dafe_flat_B-150x150.jpg\" class=\"attachment-thumbnail size-thumbnail\" alt=\"\" srcset=\"https:\/\/fr.motocrossmag.be\/wp-content\/uploads\/2015\/10\/Husqvarna-701_117457_13688_RSC1855_dafe_flat_B_RSC1855_dafe_flat_B-150x150.jpg 150w, https:\/\/fr.motocrossmag.be\/wp-content\/uploads\/2015\/10\/Husqvarna-701_117457_13688_RSC1855_dafe_flat_B_RSC1855_dafe_flat_B-50x50.jpg 50w\" sizes=\"(max-width: 150px) 100vw, 150px\" \/><\/a>\n\t\t\t<\/div><\/figure><figure class='gallery-item'>\n\t\t\t<div class='gallery-icon landscape'>\n\t\t\t\t<a href='https:\/\/fr.motocrossmag.be\/index.php\/2015\/10\/photos-la-husqvarna-701-enduro-arrive\/husqvarna-701_117461_13692_rsc2641_dafe_flat_b_rsc2641_dafe_flat_b\/'><img decoding=\"async\" width=\"150\" height=\"150\" src=\"https:\/\/fr.motocrossmag.be\/wp-content\/uploads\/2015\/10\/Husqvarna-701_117461_13692_RSC2641_dafe_flat_B_RSC2641_dafe_flat_B-150x150.jpg\" class=\"attachment-thumbnail size-thumbnail\" alt=\"\" srcset=\"https:\/\/fr.motocrossmag.be\/wp-content\/uploads\/2015\/10\/Husqvarna-701_117461_13692_RSC2641_dafe_flat_B_RSC2641_dafe_flat_B-150x150.jpg 150w, https:\/\/fr.motocrossmag.be\/wp-content\/uploads\/2015\/10\/Husqvarna-701_117461_13692_RSC2641_dafe_flat_B_RSC2641_dafe_flat_B-50x50.jpg 50w\" sizes=\"(max-width: 150px) 100vw, 150px\" \/><\/a>\n\t\t\t<\/div><\/figure><figure class='gallery-item'>\n\t\t\t<div class='gallery-icon landscape'>\n\t\t\t\t<a href='https:\/\/fr.motocrossmag.be\/index.php\/2015\/10\/photos-la-husqvarna-701-enduro-arrive\/husqvarna-701_117464_13695_rsc2794_dafe_flat_b_rsc2794_dafe_flat_b\/'><img decoding=\"async\" width=\"150\" height=\"150\" src=\"https:\/\/fr.motocrossmag.be\/wp-content\/uploads\/2015\/10\/Husqvarna-701_117464_13695_RSC2794_dafe_flat_B_RSC2794_dafe_flat_B-150x150.jpg\" class=\"attachment-thumbnail size-thumbnail\" alt=\"\" srcset=\"https:\/\/fr.motocrossmag.be\/wp-content\/uploads\/2015\/10\/Husqvarna-701_117464_13695_RSC2794_dafe_flat_B_RSC2794_dafe_flat_B-150x150.jpg 150w, https:\/\/fr.motocrossmag.be\/wp-content\/uploads\/2015\/10\/Husqvarna-701_117464_13695_RSC2794_dafe_flat_B_RSC2794_dafe_flat_B-50x50.jpg 50w\" sizes=\"(max-width: 150px) 100vw, 150px\" \/><\/a>\n\t\t\t<\/div><\/figure><figure class='gallery-item'>\n\t\t\t<div class='gallery-icon landscape'>\n\t\t\t\t<a href='https:\/\/fr.motocrossmag.be\/index.php\/2015\/10\/photos-la-husqvarna-701-enduro-arrive\/husqvarna-701_117465_13696_rsc2798_dafe_flat_b_rsc2798_dafe_flat_b\/'><img decoding=\"async\" width=\"150\" height=\"150\" src=\"https:\/\/fr.motocrossmag.be\/wp-content\/uploads\/2015\/10\/Husqvarna-701_117465_13696_RSC2798_dafe_flat_B_RSC2798_dafe_flat_B-150x150.jpg\" class=\"attachment-thumbnail size-thumbnail\" alt=\"\" srcset=\"https:\/\/fr.motocrossmag.be\/wp-content\/uploads\/2015\/10\/Husqvarna-701_117465_13696_RSC2798_dafe_flat_B_RSC2798_dafe_flat_B-150x150.jpg 150w, https:\/\/fr.motocrossmag.be\/wp-content\/uploads\/2015\/10\/Husqvarna-701_117465_13696_RSC2798_dafe_flat_B_RSC2798_dafe_flat_B-50x50.jpg 50w\" sizes=\"(max-width: 150px) 100vw, 150px\" \/><\/a>\n\t\t\t<\/div><\/figure><figure class='gallery-item'>\n\t\t\t<div class='gallery-icon landscape'>\n\t\t\t\t<a href='https:\/\/fr.motocrossmag.be\/index.php\/2015\/10\/photos-la-husqvarna-701-enduro-arrive\/husqvarna-701_117467_13698_rsc2895_dafe_flat_b_rsc2895_dafe_flat_b\/'><img decoding=\"async\" width=\"150\" height=\"150\" src=\"https:\/\/fr.motocrossmag.be\/wp-content\/uploads\/2015\/10\/Husqvarna-701_117467_13698_RSC2895_dafe_flat_B_RSC2895_dafe_flat_B-150x150.jpg\" class=\"attachment-thumbnail size-thumbnail\" alt=\"\" srcset=\"https:\/\/fr.motocrossmag.be\/wp-content\/uploads\/2015\/10\/Husqvarna-701_117467_13698_RSC2895_dafe_flat_B_RSC2895_dafe_flat_B-150x150.jpg 150w, https:\/\/fr.motocrossmag.be\/wp-content\/uploads\/2015\/10\/Husqvarna-701_117467_13698_RSC2895_dafe_flat_B_RSC2895_dafe_flat_B-50x50.jpg 50w\" sizes=\"(max-width: 150px) 100vw, 150px\" \/><\/a>\n\t\t\t<\/div><\/figure><figure class='gallery-item'>\n\t\t\t<div class='gallery-icon landscape'>\n\t\t\t\t<a href='https:\/\/fr.motocrossmag.be\/index.php\/2015\/10\/photos-la-husqvarna-701-enduro-arrive\/husqvarna-701_117468_13699_rsc3146_dafe_flat_b_rsc3146_dafe_flat_b\/'><img decoding=\"async\" width=\"150\" height=\"150\" src=\"https:\/\/fr.motocrossmag.be\/wp-content\/uploads\/2015\/10\/Husqvarna-701_117468_13699_RSC3146_dafe_flat_B_RSC3146_dafe_flat_B-150x150.jpg\" class=\"attachment-thumbnail size-thumbnail\" alt=\"\" srcset=\"https:\/\/fr.motocrossmag.be\/wp-content\/uploads\/2015\/10\/Husqvarna-701_117468_13699_RSC3146_dafe_flat_B_RSC3146_dafe_flat_B-150x150.jpg 150w, https:\/\/fr.motocrossmag.be\/wp-content\/uploads\/2015\/10\/Husqvarna-701_117468_13699_RSC3146_dafe_flat_B_RSC3146_dafe_flat_B-50x50.jpg 50w\" sizes=\"(max-width: 150px) 100vw, 150px\" \/><\/a>\n\t\t\t<\/div><\/figure><figure class='gallery-item'>\n\t\t\t<div class='gallery-icon landscape'>\n\t\t\t\t<a href='https:\/\/fr.motocrossmag.be\/index.php\/2015\/10\/photos-la-husqvarna-701-enduro-arrive\/husqvarna-701_117470_13701_rsc4789_dafe_flat_b_rsc4789_dafe_flat_b\/'><img decoding=\"async\" width=\"150\" height=\"150\" src=\"https:\/\/fr.motocrossmag.be\/wp-content\/uploads\/2015\/10\/Husqvarna-701_117470_13701_RSC4789_dafe_flat_B_RSC4789_dafe_flat_B-150x150.jpg\" class=\"attachment-thumbnail size-thumbnail\" alt=\"\" srcset=\"https:\/\/fr.motocrossmag.be\/wp-content\/uploads\/2015\/10\/Husqvarna-701_117470_13701_RSC4789_dafe_flat_B_RSC4789_dafe_flat_B-150x150.jpg 150w, https:\/\/fr.motocrossmag.be\/wp-content\/uploads\/2015\/10\/Husqvarna-701_117470_13701_RSC4789_dafe_flat_B_RSC4789_dafe_flat_B-50x50.jpg 50w\" sizes=\"(max-width: 150px) 100vw, 150px\" \/><\/a>\n\t\t\t<\/div><\/figure><figure class='gallery-item'>\n\t\t\t<div class='gallery-icon landscape'>\n\t\t\t\t<a href='https:\/\/fr.motocrossmag.be\/index.php\/2015\/10\/photos-la-husqvarna-701-enduro-arrive\/husqvarna-701_117476_13707_rsc5883_dafe_flat_b_rsc5883_dafe_flat_b\/'><img decoding=\"async\" width=\"150\" height=\"150\" src=\"https:\/\/fr.motocrossmag.be\/wp-content\/uploads\/2015\/10\/Husqvarna-701_117476_13707_RSC5883_dafe_flat_B_RSC5883_dafe_flat_B-150x150.jpg\" class=\"attachment-thumbnail size-thumbnail\" alt=\"\" srcset=\"https:\/\/fr.motocrossmag.be\/wp-content\/uploads\/2015\/10\/Husqvarna-701_117476_13707_RSC5883_dafe_flat_B_RSC5883_dafe_flat_B-150x150.jpg 150w, https:\/\/fr.motocrossmag.be\/wp-content\/uploads\/2015\/10\/Husqvarna-701_117476_13707_RSC5883_dafe_flat_B_RSC5883_dafe_flat_B-50x50.jpg 50w\" sizes=\"(max-width: 150px) 100vw, 150px\" \/><\/a>\n\t\t\t<\/div><\/figure><figure class='gallery-item'>\n\t\t\t<div class='gallery-icon landscape'>\n\t\t\t\t<a href='https:\/\/fr.motocrossmag.be\/index.php\/2015\/10\/photos-la-husqvarna-701-enduro-arrive\/husqvarna-701_117478_14119_701_enduro_front_brakes_wheel_701_enduro_front_brakes_wheel\/'><img decoding=\"async\" width=\"150\" height=\"150\" src=\"https:\/\/fr.motocrossmag.be\/wp-content\/uploads\/2015\/10\/Husqvarna-701_117478_14119_701_Enduro_Front_Brakes_Wheel_701_Enduro_Front_Brakes_Wheel-150x150.jpg\" class=\"attachment-thumbnail size-thumbnail\" alt=\"\" srcset=\"https:\/\/fr.motocrossmag.be\/wp-content\/uploads\/2015\/10\/Husqvarna-701_117478_14119_701_Enduro_Front_Brakes_Wheel_701_Enduro_Front_Brakes_Wheel-150x150.jpg 150w, https:\/\/fr.motocrossmag.be\/wp-content\/uploads\/2015\/10\/Husqvarna-701_117478_14119_701_Enduro_Front_Brakes_Wheel_701_Enduro_Front_Brakes_Wheel-50x50.jpg 50w\" sizes=\"(max-width: 150px) 100vw, 150px\" \/><\/a>\n\t\t\t<\/div><\/figure><figure class='gallery-item'>\n\t\t\t<div class='gallery-icon landscape'>\n\t\t\t\t<a href='https:\/\/fr.motocrossmag.be\/index.php\/2015\/10\/photos-la-husqvarna-701-enduro-arrive\/husqvarna-701_117479_14120_701_enduro_led_rear-tail-light_701_enduro_led_rear-tail-light\/'><img decoding=\"async\" width=\"150\" height=\"150\" src=\"https:\/\/fr.motocrossmag.be\/wp-content\/uploads\/2015\/10\/Husqvarna-701_117479_14120_701_Enduro_Led_rear-tail-light_701_Enduro_Led_rear-tail-light-150x150.jpg\" class=\"attachment-thumbnail size-thumbnail\" alt=\"\" srcset=\"https:\/\/fr.motocrossmag.be\/wp-content\/uploads\/2015\/10\/Husqvarna-701_117479_14120_701_Enduro_Led_rear-tail-light_701_Enduro_Led_rear-tail-light-150x150.jpg 150w, https:\/\/fr.motocrossmag.be\/wp-content\/uploads\/2015\/10\/Husqvarna-701_117479_14120_701_Enduro_Led_rear-tail-light_701_Enduro_Led_rear-tail-light-50x50.jpg 50w\" sizes=\"(max-width: 150px) 100vw, 150px\" \/><\/a>\n\t\t\t<\/div><\/figure><figure class='gallery-item'>\n\t\t\t<div class='gallery-icon portrait'>\n\t\t\t\t<a href='https:\/\/fr.motocrossmag.be\/index.php\/2015\/10\/photos-la-husqvarna-701-enduro-arrive\/husqvarna-701_117482_14123_701_enduro_shock_701_enduro_shock\/'><img decoding=\"async\" width=\"150\" height=\"150\" src=\"https:\/\/fr.motocrossmag.be\/wp-content\/uploads\/2015\/10\/Husqvarna-701_117482_14123_701_Enduro_Shock_701_Enduro_Shock-150x150.jpg\" class=\"attachment-thumbnail size-thumbnail\" alt=\"\" srcset=\"https:\/\/fr.motocrossmag.be\/wp-content\/uploads\/2015\/10\/Husqvarna-701_117482_14123_701_Enduro_Shock_701_Enduro_Shock-150x150.jpg 150w, https:\/\/fr.motocrossmag.be\/wp-content\/uploads\/2015\/10\/Husqvarna-701_117482_14123_701_Enduro_Shock_701_Enduro_Shock-50x50.jpg 50w\" sizes=\"(max-width: 150px) 100vw, 150px\" \/><\/a>\n\t\t\t<\/div><\/figure><figure class='gallery-item'>\n\t\t\t<div class='gallery-icon portrait'>\n\t\t\t\t<a href='https:\/\/fr.motocrossmag.be\/index.php\/2015\/10\/photos-la-husqvarna-701-enduro-arrive\/husqvarna-701_117483_14124_701_enduro_suspension_701_enduro_suspension\/'><img decoding=\"async\" width=\"150\" height=\"150\" src=\"https:\/\/fr.motocrossmag.be\/wp-content\/uploads\/2015\/10\/Husqvarna-701_117483_14124_701_Enduro_Suspension_701_Enduro_Suspension-150x150.jpg\" class=\"attachment-thumbnail size-thumbnail\" alt=\"\" srcset=\"https:\/\/fr.motocrossmag.be\/wp-content\/uploads\/2015\/10\/Husqvarna-701_117483_14124_701_Enduro_Suspension_701_Enduro_Suspension-150x150.jpg 150w, https:\/\/fr.motocrossmag.be\/wp-content\/uploads\/2015\/10\/Husqvarna-701_117483_14124_701_Enduro_Suspension_701_Enduro_Suspension-50x50.jpg 50w\" sizes=\"(max-width: 150px) 100vw, 150px\" \/><\/a>\n\t\t\t<\/div><\/figure><figure class='gallery-item'>\n\t\t\t<div class='gallery-icon landscape'>\n\t\t\t\t<a href='https:\/\/fr.motocrossmag.be\/index.php\/2015\/10\/photos-la-husqvarna-701-enduro-arrive\/husqvarna-701_117485_14126_701_enduro_throttle_grip_701_enduro_throttle_grip\/'><img decoding=\"async\" width=\"150\" height=\"150\" src=\"https:\/\/fr.motocrossmag.be\/wp-content\/uploads\/2015\/10\/Husqvarna-701_117485_14126_701_Enduro_Throttle_Grip_701_Enduro_Throttle_Grip-150x150.jpg\" class=\"attachment-thumbnail size-thumbnail\" alt=\"\" srcset=\"https:\/\/fr.motocrossmag.be\/wp-content\/uploads\/2015\/10\/Husqvarna-701_117485_14126_701_Enduro_Throttle_Grip_701_Enduro_Throttle_Grip-150x150.jpg 150w, https:\/\/fr.motocrossmag.be\/wp-content\/uploads\/2015\/10\/Husqvarna-701_117485_14126_701_Enduro_Throttle_Grip_701_Enduro_Throttle_Grip-50x50.jpg 50w\" sizes=\"(max-width: 150px) 100vw, 150px\" \/><\/a>\n\t\t\t<\/div><\/figure><figure class='gallery-item'>\n\t\t\t<div class='gallery-icon landscape'>\n\t\t\t\t<a href='https:\/\/fr.motocrossmag.be\/index.php\/2015\/10\/photos-la-husqvarna-701-enduro-arrive\/husqvarna-701_117487_14128_701_tank_701_tank\/'><img decoding=\"async\" width=\"150\" height=\"150\" src=\"https:\/\/fr.motocrossmag.be\/wp-content\/uploads\/2015\/10\/Husqvarna-701_117487_14128_701_Tank_701_Tank-150x150.jpg\" class=\"attachment-thumbnail size-thumbnail\" alt=\"\" srcset=\"https:\/\/fr.motocrossmag.be\/wp-content\/uploads\/2015\/10\/Husqvarna-701_117487_14128_701_Tank_701_Tank-150x150.jpg 150w, https:\/\/fr.motocrossmag.be\/wp-content\/uploads\/2015\/10\/Husqvarna-701_117487_14128_701_Tank_701_Tank-50x50.jpg 50w\" sizes=\"(max-width: 150px) 100vw, 150px\" \/><\/a>\n\t\t\t<\/div><\/figure><figure class='gallery-item'>\n\t\t\t<div class='gallery-icon landscape'>\n\t\t\t\t<a href='https:\/\/fr.motocrossmag.be\/index.php\/2015\/10\/photos-la-husqvarna-701-enduro-arrive\/husqvarna-701_117488_14141_701_enduro_stripped_90degree_701_enduro_stripped_90degree\/'><img decoding=\"async\" width=\"150\" height=\"150\" src=\"https:\/\/fr.motocrossmag.be\/wp-content\/uploads\/2015\/10\/Husqvarna-701_117488_14141_701_Enduro_stripped_90degree_701_Enduro_stripped_90degree-150x150.jpg\" class=\"attachment-thumbnail size-thumbnail\" alt=\"\" srcset=\"https:\/\/fr.motocrossmag.be\/wp-content\/uploads\/2015\/10\/Husqvarna-701_117488_14141_701_Enduro_stripped_90degree_701_Enduro_stripped_90degree-150x150.jpg 150w, https:\/\/fr.motocrossmag.be\/wp-content\/uploads\/2015\/10\/Husqvarna-701_117488_14141_701_Enduro_stripped_90degree_701_Enduro_stripped_90degree-50x50.jpg 50w\" sizes=\"(max-width: 150px) 100vw, 150px\" \/><\/a>\n\t\t\t<\/div><\/figure><figure class='gallery-item'>\n\t\t\t<div class='gallery-icon portrait'>\n\t\t\t\t<a href='https:\/\/fr.motocrossmag.be\/index.php\/2015\/10\/photos-la-husqvarna-701-enduro-arrive\/husqvarna-701_117489_14146_701_enduro_rear_701_enduro_rear\/'><img decoding=\"async\" width=\"150\" height=\"150\" src=\"https:\/\/fr.motocrossmag.be\/wp-content\/uploads\/2015\/10\/Husqvarna-701_117489_14146_701_Enduro_rear_701_Enduro_rear-150x150.jpg\" class=\"attachment-thumbnail size-thumbnail\" alt=\"\" srcset=\"https:\/\/fr.motocrossmag.be\/wp-content\/uploads\/2015\/10\/Husqvarna-701_117489_14146_701_Enduro_rear_701_Enduro_rear-150x150.jpg 150w, https:\/\/fr.motocrossmag.be\/wp-content\/uploads\/2015\/10\/Husqvarna-701_117489_14146_701_Enduro_rear_701_Enduro_rear-50x50.jpg 50w\" sizes=\"(max-width: 150px) 100vw, 150px\" \/><\/a>\n\t\t\t<\/div><\/figure><figure class='gallery-item'>\n\t\t\t<div class='gallery-icon landscape'>\n\t\t\t\t<a href='https:\/\/fr.motocrossmag.be\/index.php\/2015\/10\/photos-la-husqvarna-701-enduro-arrive\/husqvarna-701_117490_14147_701_enduro_ri_front_701_enduro_ri_front\/'><img decoding=\"async\" width=\"150\" height=\"150\" src=\"https:\/\/fr.motocrossmag.be\/wp-content\/uploads\/2015\/10\/Husqvarna-701_117490_14147_701_Enduro_ri_front_701_Enduro_ri_front-150x150.jpg\" class=\"attachment-thumbnail size-thumbnail\" alt=\"\" srcset=\"https:\/\/fr.motocrossmag.be\/wp-content\/uploads\/2015\/10\/Husqvarna-701_117490_14147_701_Enduro_ri_front_701_Enduro_ri_front-150x150.jpg 150w, https:\/\/fr.motocrossmag.be\/wp-content\/uploads\/2015\/10\/Husqvarna-701_117490_14147_701_Enduro_ri_front_701_Enduro_ri_front-50x50.jpg 50w\" sizes=\"(max-width: 150px) 100vw, 150px\" \/><\/a>\n\t\t\t<\/div><\/figure><figure class='gallery-item'>\n\t\t\t<div class='gallery-icon landscape'>\n\t\t\t\t<a href='https:\/\/fr.motocrossmag.be\/index.php\/2015\/10\/photos-la-husqvarna-701-enduro-arrive\/husqvarna-701_117491_14148_701_enduro_ri_rear_701_enduro_ri_rear\/'><img decoding=\"async\" width=\"150\" height=\"150\" src=\"https:\/\/fr.motocrossmag.be\/wp-content\/uploads\/2015\/10\/Husqvarna-701_117491_14148_701_Enduro_ri_rear_701_Enduro_ri_rear-150x150.jpg\" class=\"attachment-thumbnail size-thumbnail\" alt=\"\" srcset=\"https:\/\/fr.motocrossmag.be\/wp-content\/uploads\/2015\/10\/Husqvarna-701_117491_14148_701_Enduro_ri_rear_701_Enduro_ri_rear-150x150.jpg 150w, https:\/\/fr.motocrossmag.be\/wp-content\/uploads\/2015\/10\/Husqvarna-701_117491_14148_701_Enduro_ri_rear_701_Enduro_ri_rear-50x50.jpg 50w\" sizes=\"(max-width: 150px) 100vw, 150px\" \/><\/a>\n\t\t\t<\/div><\/figure>\n\t\t<\/div>\n\n","protected":false},"excerpt":{"rendered":"<p>D\u00e9clinaison \u00ab\u00a0off-road\u00a0\u00bb de la 701 Supermoto pr\u00e9sent\u00e9e cet \u00e9t\u00e9, la Husqvarna 701 Enduro arrive en concession. Une machine hybride, entre le trail l\u00e9ger et la v\u00e9ritable machine d&rsquo;enduro dont le monocylindre de 690cc d\u00e9veloppe la bagatelle de 67 chevaux ! \u00a0A lire \u00e9galement: la Husqvarna 701 Enduro en action<\/p>\n","protected":false},"author":932,"featured_media":40392,"comment_status":"open","ping_status":"closed","sticky":false,"template":"","format":"standard","meta":{"tdm_status":"","tdm_grid_status":"","footnotes":""},"categories":[54,32,33,55,66,65],"tags":[],"class_list":["post-40383","post","type-post","status-publish","format-standard","has-post-thumbnail","category-actualite","category-enduro","category-news-enduro","category-news-actualite","category-photos","category-slideshow"],"yoast_head":"<!-- This site is optimized with the Yoast SEO plugin v28.3 - https:\/\/yoast.com\/product\/yoast-seo-wordpress\/ -->\n<title>Photos: la Husqvarna 701 Enduro arrive ! - Motocross - Enduro - Supermoto | MotocrossMag<\/title>\n<meta name=\"robots\" content=\"index, follow, max-snippet:-1, max-image-preview:large, max-video-preview:-1\" \/>\n<link rel=\"canonical\" href=\"https:\/\/fr.motocrossmag.be\/index.php\/2015\/10\/photos-la-husqvarna-701-enduro-arrive\/\" \/>\n<meta property=\"og:locale\" content=\"fr_FR\" \/>\n<meta property=\"og:type\" content=\"article\" \/>\n<meta property=\"og:title\" content=\"Photos: la Husqvarna 701 Enduro arrive ! - Motocross - Enduro - Supermoto | MotocrossMag\" \/>\n<meta property=\"og:description\" content=\"D\u00e9clinaison \u00ab\u00a0off-road\u00a0\u00bb de la 701 Supermoto pr\u00e9sent\u00e9e cet \u00e9t\u00e9, la Husqvarna 701 Enduro arrive en concession. Une machine hybride, entre le trail l\u00e9ger et la v\u00e9ritable machine d&rsquo;enduro dont le monocylindre de 690cc d\u00e9veloppe la bagatelle de 67 chevaux ! \u00a0A lire \u00e9galement: la Husqvarna 701 Enduro en action\" \/>\n<meta property=\"og:url\" content=\"https:\/\/fr.motocrossmag.be\/index.php\/2015\/10\/photos-la-husqvarna-701-enduro-arrive\/\" \/>\n<meta property=\"og:site_name\" content=\"Motocross - Enduro - Supermoto | MotocrossMag\" \/>\n<meta property=\"article:published_time\" content=\"2015-10-28T16:30:00+00:00\" \/>\n<meta property=\"article:modified_time\" content=\"2015-10-29T19:50:20+00:00\" \/>\n<meta property=\"og:image\" content=\"https:\/\/fr.motocrossmag.be\/wp-content\/uploads\/2015\/10\/Husqvarna-701_117465_13696_RSC2798_dafe_flat_B_RSC2798_dafe_flat_B.jpg\" \/>\n\t<meta property=\"og:image:width\" content=\"1024\" \/>\n\t<meta property=\"og:image:height\" content=\"681\" \/>\n\t<meta property=\"og:image:type\" content=\"image\/jpeg\" \/>\n<meta name=\"author\" content=\"oliviere\" \/>\n<meta name=\"twitter:card\" content=\"summary_large_image\" \/>\n<meta name=\"twitter:label1\" content=\"\u00c9crit par\" \/>\n\t<meta name=\"twitter:data1\" content=\"oliviere\" \/>\n<script type=\"application\/ld+json\" class=\"yoast-schema-graph\">{\"@context\":\"https:\\\/\\\/schema.org\",\"@graph\":[{\"@type\":\"Article\",\"@id\":\"https:\\\/\\\/fr.motocrossmag.be\\\/index.php\\\/2015\\\/10\\\/photos-la-husqvarna-701-enduro-arrive\\\/#article\",\"isPartOf\":{\"@id\":\"https:\\\/\\\/fr.motocrossmag.be\\\/index.php\\\/2015\\\/10\\\/photos-la-husqvarna-701-enduro-arrive\\\/\"},\"author\":{\"name\":\"oliviere\",\"@id\":\"https:\\\/\\\/fr.motocrossmag.be\\\/#\\\/schema\\\/person\\\/11b47143d9f755babca2c9110e03235c\"},\"headline\":\"Photos: la Husqvarna 701 Enduro arrive !\",\"datePublished\":\"2015-10-28T16:30:00+00:00\",\"dateModified\":\"2015-10-29T19:50:20+00:00\",\"mainEntityOfPage\":{\"@id\":\"https:\\\/\\\/fr.motocrossmag.be\\\/index.php\\\/2015\\\/10\\\/photos-la-husqvarna-701-enduro-arrive\\\/\"},\"wordCount\":58,\"commentCount\":0,\"image\":{\"@id\":\"https:\\\/\\\/fr.motocrossmag.be\\\/index.php\\\/2015\\\/10\\\/photos-la-husqvarna-701-enduro-arrive\\\/#primaryimage\"},\"thumbnailUrl\":\"https:\\\/\\\/fr.motocrossmag.be\\\/wp-content\\\/uploads\\\/2015\\\/10\\\/Husqvarna-701_117465_13696_RSC2798_dafe_flat_B_RSC2798_dafe_flat_B.jpg\",\"articleSection\":[\"Actualit\u00e9\",\"Enduro\",\"News\",\"News\",\"Photos\",\"Slideshow\"],\"inLanguage\":\"fr-FR\",\"potentialAction\":[{\"@type\":\"CommentAction\",\"name\":\"Comment\",\"target\":[\"https:\\\/\\\/fr.motocrossmag.be\\\/index.php\\\/2015\\\/10\\\/photos-la-husqvarna-701-enduro-arrive\\\/#respond\"]}]},{\"@type\":\"WebPage\",\"@id\":\"https:\\\/\\\/fr.motocrossmag.be\\\/index.php\\\/2015\\\/10\\\/photos-la-husqvarna-701-enduro-arrive\\\/\",\"url\":\"https:\\\/\\\/fr.motocrossmag.be\\\/index.php\\\/2015\\\/10\\\/photos-la-husqvarna-701-enduro-arrive\\\/\",\"name\":\"Photos: la Husqvarna 701 Enduro arrive ! - Motocross - Enduro - Supermoto | MotocrossMag\",\"isPartOf\":{\"@id\":\"https:\\\/\\\/fr.motocrossmag.be\\\/#website\"},\"primaryImageOfPage\":{\"@id\":\"https:\\\/\\\/fr.motocrossmag.be\\\/index.php\\\/2015\\\/10\\\/photos-la-husqvarna-701-enduro-arrive\\\/#primaryimage\"},\"image\":{\"@id\":\"https:\\\/\\\/fr.motocrossmag.be\\\/index.php\\\/2015\\\/10\\\/photos-la-husqvarna-701-enduro-arrive\\\/#primaryimage\"},\"thumbnailUrl\":\"https:\\\/\\\/fr.motocrossmag.be\\\/wp-content\\\/uploads\\\/2015\\\/10\\\/Husqvarna-701_117465_13696_RSC2798_dafe_flat_B_RSC2798_dafe_flat_B.jpg\",\"datePublished\":\"2015-10-28T16:30:00+00:00\",\"dateModified\":\"2015-10-29T19:50:20+00:00\",\"author\":{\"@id\":\"https:\\\/\\\/fr.motocrossmag.be\\\/#\\\/schema\\\/person\\\/11b47143d9f755babca2c9110e03235c\"},\"breadcrumb\":{\"@id\":\"https:\\\/\\\/fr.motocrossmag.be\\\/index.php\\\/2015\\\/10\\\/photos-la-husqvarna-701-enduro-arrive\\\/#breadcrumb\"},\"inLanguage\":\"fr-FR\",\"potentialAction\":[{\"@type\":\"ReadAction\",\"target\":[\"https:\\\/\\\/fr.motocrossmag.be\\\/index.php\\\/2015\\\/10\\\/photos-la-husqvarna-701-enduro-arrive\\\/\"]}]},{\"@type\":\"ImageObject\",\"inLanguage\":\"fr-FR\",\"@id\":\"https:\\\/\\\/fr.motocrossmag.be\\\/index.php\\\/2015\\\/10\\\/photos-la-husqvarna-701-enduro-arrive\\\/#primaryimage\",\"url\":\"https:\\\/\\\/fr.motocrossmag.be\\\/wp-content\\\/uploads\\\/2015\\\/10\\\/Husqvarna-701_117465_13696_RSC2798_dafe_flat_B_RSC2798_dafe_flat_B.jpg\",\"contentUrl\":\"https:\\\/\\\/fr.motocrossmag.be\\\/wp-content\\\/uploads\\\/2015\\\/10\\\/Husqvarna-701_117465_13696_RSC2798_dafe_flat_B_RSC2798_dafe_flat_B.jpg\",\"width\":1024,\"height\":681},{\"@type\":\"BreadcrumbList\",\"@id\":\"https:\\\/\\\/fr.motocrossmag.be\\\/index.php\\\/2015\\\/10\\\/photos-la-husqvarna-701-enduro-arrive\\\/#breadcrumb\",\"itemListElement\":[{\"@type\":\"ListItem\",\"position\":1,\"name\":\"Accueil\",\"item\":\"https:\\\/\\\/fr.motocrossmag.be\\\/\"},{\"@type\":\"ListItem\",\"position\":2,\"name\":\"Photos: la Husqvarna 701 Enduro arrive !\"}]},{\"@type\":\"WebSite\",\"@id\":\"https:\\\/\\\/fr.motocrossmag.be\\\/#website\",\"url\":\"https:\\\/\\\/fr.motocrossmag.be\\\/\",\"name\":\"Motocross - Enduro - Supermoto | MotocrossMag\",\"description\":\"L&#039;actualit\u00e9 du motocross, de l&#039;enduro et du Supermoto en ligne!\",\"potentialAction\":[{\"@type\":\"SearchAction\",\"target\":{\"@type\":\"EntryPoint\",\"urlTemplate\":\"https:\\\/\\\/fr.motocrossmag.be\\\/?s={search_term_string}\"},\"query-input\":{\"@type\":\"PropertyValueSpecification\",\"valueRequired\":true,\"valueName\":\"search_term_string\"}}],\"inLanguage\":\"fr-FR\"},{\"@type\":\"Person\",\"@id\":\"https:\\\/\\\/fr.motocrossmag.be\\\/#\\\/schema\\\/person\\\/11b47143d9f755babca2c9110e03235c\",\"name\":\"oliviere\",\"image\":{\"@type\":\"ImageObject\",\"inLanguage\":\"fr-FR\",\"@id\":\"https:\\\/\\\/secure.gravatar.com\\\/avatar\\\/907069e0b81d119452040469e4a7501da1100f54f7f80180ce77bfab718288f6?s=96&d=mm&r=g\",\"url\":\"https:\\\/\\\/secure.gravatar.com\\\/avatar\\\/907069e0b81d119452040469e4a7501da1100f54f7f80180ce77bfab718288f6?s=96&d=mm&r=g\",\"contentUrl\":\"https:\\\/\\\/secure.gravatar.com\\\/avatar\\\/907069e0b81d119452040469e4a7501da1100f54f7f80180ce77bfab718288f6?s=96&d=mm&r=g\",\"caption\":\"oliviere\"},\"sameAs\":[\"http:\\\/\\\/www.motocrossmag.be\"],\"url\":\"https:\\\/\\\/fr.motocrossmag.be\\\/index.php\\\/author\\\/oliviere\\\/\"}]}<\/script>\n<!-- \/ Yoast SEO plugin. -->","yoast_head_json":{"title":"Photos: la Husqvarna 701 Enduro arrive ! - Motocross - Enduro - Supermoto | MotocrossMag","robots":{"index":"index","follow":"follow","max-snippet":"max-snippet:-1","max-image-preview":"max-image-preview:large","max-video-preview":"max-video-preview:-1"},"canonical":"https:\/\/fr.motocrossmag.be\/index.php\/2015\/10\/photos-la-husqvarna-701-enduro-arrive\/","og_locale":"fr_FR","og_type":"article","og_title":"Photos: la Husqvarna 701 Enduro arrive ! - Motocross - Enduro - Supermoto | MotocrossMag","og_description":"D\u00e9clinaison \u00ab\u00a0off-road\u00a0\u00bb de la 701 Supermoto pr\u00e9sent\u00e9e cet \u00e9t\u00e9, la Husqvarna 701 Enduro arrive en concession. Une machine hybride, entre le trail l\u00e9ger et la v\u00e9ritable machine d&rsquo;enduro dont le monocylindre de 690cc d\u00e9veloppe la bagatelle de 67 chevaux ! \u00a0A lire \u00e9galement: la Husqvarna 701 Enduro en action","og_url":"https:\/\/fr.motocrossmag.be\/index.php\/2015\/10\/photos-la-husqvarna-701-enduro-arrive\/","og_site_name":"Motocross - Enduro - Supermoto | MotocrossMag","article_published_time":"2015-10-28T16:30:00+00:00","article_modified_time":"2015-10-29T19:50:20+00:00","og_image":[{"width":1024,"height":681,"url":"https:\/\/fr.motocrossmag.be\/wp-content\/uploads\/2015\/10\/Husqvarna-701_117465_13696_RSC2798_dafe_flat_B_RSC2798_dafe_flat_B.jpg","type":"image\/jpeg"}],"author":"oliviere","twitter_card":"summary_large_image","twitter_misc":{"\u00c9crit par":"oliviere"},"schema":{"@context":"https:\/\/schema.org","@graph":[{"@type":"Article","@id":"https:\/\/fr.motocrossmag.be\/index.php\/2015\/10\/photos-la-husqvarna-701-enduro-arrive\/#article","isPartOf":{"@id":"https:\/\/fr.motocrossmag.be\/index.php\/2015\/10\/photos-la-husqvarna-701-enduro-arrive\/"},"author":{"name":"oliviere","@id":"https:\/\/fr.motocrossmag.be\/#\/schema\/person\/11b47143d9f755babca2c9110e03235c"},"headline":"Photos: la Husqvarna 701 Enduro arrive !","datePublished":"2015-10-28T16:30:00+00:00","dateModified":"2015-10-29T19:50:20+00:00","mainEntityOfPage":{"@id":"https:\/\/fr.motocrossmag.be\/index.php\/2015\/10\/photos-la-husqvarna-701-enduro-arrive\/"},"wordCount":58,"commentCount":0,"image":{"@id":"https:\/\/fr.motocrossmag.be\/index.php\/2015\/10\/photos-la-husqvarna-701-enduro-arrive\/#primaryimage"},"thumbnailUrl":"https:\/\/fr.motocrossmag.be\/wp-content\/uploads\/2015\/10\/Husqvarna-701_117465_13696_RSC2798_dafe_flat_B_RSC2798_dafe_flat_B.jpg","articleSection":["Actualit\u00e9","Enduro","News","News","Photos","Slideshow"],"inLanguage":"fr-FR","potentialAction":[{"@type":"CommentAction","name":"Comment","target":["https:\/\/fr.motocrossmag.be\/index.php\/2015\/10\/photos-la-husqvarna-701-enduro-arrive\/#respond"]}]},{"@type":"WebPage","@id":"https:\/\/fr.motocrossmag.be\/index.php\/2015\/10\/photos-la-husqvarna-701-enduro-arrive\/","url":"https:\/\/fr.motocrossmag.be\/index.php\/2015\/10\/photos-la-husqvarna-701-enduro-arrive\/","name":"Photos: la Husqvarna 701 Enduro arrive ! - Motocross - Enduro - Supermoto | MotocrossMag","isPartOf":{"@id":"https:\/\/fr.motocrossmag.be\/#website"},"primaryImageOfPage":{"@id":"https:\/\/fr.motocrossmag.be\/index.php\/2015\/10\/photos-la-husqvarna-701-enduro-arrive\/#primaryimage"},"image":{"@id":"https:\/\/fr.motocrossmag.be\/index.php\/2015\/10\/photos-la-husqvarna-701-enduro-arrive\/#primaryimage"},"thumbnailUrl":"https:\/\/fr.motocrossmag.be\/wp-content\/uploads\/2015\/10\/Husqvarna-701_117465_13696_RSC2798_dafe_flat_B_RSC2798_dafe_flat_B.jpg","datePublished":"2015-10-28T16:30:00+00:00","dateModified":"2015-10-29T19:50:20+00:00","author":{"@id":"https:\/\/fr.motocrossmag.be\/#\/schema\/person\/11b47143d9f755babca2c9110e03235c"},"breadcrumb":{"@id":"https:\/\/fr.motocrossmag.be\/index.php\/2015\/10\/photos-la-husqvarna-701-enduro-arrive\/#breadcrumb"},"inLanguage":"fr-FR","potentialAction":[{"@type":"ReadAction","target":["https:\/\/fr.motocrossmag.be\/index.php\/2015\/10\/photos-la-husqvarna-701-enduro-arrive\/"]}]},{"@type":"ImageObject","inLanguage":"fr-FR","@id":"https:\/\/fr.motocrossmag.be\/index.php\/2015\/10\/photos-la-husqvarna-701-enduro-arrive\/#primaryimage","url":"https:\/\/fr.motocrossmag.be\/wp-content\/uploads\/2015\/10\/Husqvarna-701_117465_13696_RSC2798_dafe_flat_B_RSC2798_dafe_flat_B.jpg","contentUrl":"https:\/\/fr.motocrossmag.be\/wp-content\/uploads\/2015\/10\/Husqvarna-701_117465_13696_RSC2798_dafe_flat_B_RSC2798_dafe_flat_B.jpg","width":1024,"height":681},{"@type":"BreadcrumbList","@id":"https:\/\/fr.motocrossmag.be\/index.php\/2015\/10\/photos-la-husqvarna-701-enduro-arrive\/#breadcrumb","itemListElement":[{"@type":"ListItem","position":1,"name":"Accueil","item":"https:\/\/fr.motocrossmag.be\/"},{"@type":"ListItem","position":2,"name":"Photos: la Husqvarna 701 Enduro arrive !"}]},{"@type":"WebSite","@id":"https:\/\/fr.motocrossmag.be\/#website","url":"https:\/\/fr.motocrossmag.be\/","name":"Motocross - Enduro - Supermoto | MotocrossMag","description":"L&#039;actualit\u00e9 du motocross, de l&#039;enduro et du Supermoto en ligne!","potentialAction":[{"@type":"SearchAction","target":{"@type":"EntryPoint","urlTemplate":"https:\/\/fr.motocrossmag.be\/?s={search_term_string}"},"query-input":{"@type":"PropertyValueSpecification","valueRequired":true,"valueName":"search_term_string"}}],"inLanguage":"fr-FR"},{"@type":"Person","@id":"https:\/\/fr.motocrossmag.be\/#\/schema\/person\/11b47143d9f755babca2c9110e03235c","name":"oliviere","image":{"@type":"ImageObject","inLanguage":"fr-FR","@id":"https:\/\/secure.gravatar.com\/avatar\/907069e0b81d119452040469e4a7501da1100f54f7f80180ce77bfab718288f6?s=96&d=mm&r=g","url":"https:\/\/secure.gravatar.com\/avatar\/907069e0b81d119452040469e4a7501da1100f54f7f80180ce77bfab718288f6?s=96&d=mm&r=g","contentUrl":"https:\/\/secure.gravatar.com\/avatar\/907069e0b81d119452040469e4a7501da1100f54f7f80180ce77bfab718288f6?s=96&d=mm&r=g","caption":"oliviere"},"sameAs":["http:\/\/www.motocrossmag.be"],"url":"https:\/\/fr.motocrossmag.be\/index.php\/author\/oliviere\/"}]}},"_links":{"self":[{"href":"https:\/\/fr.motocrossmag.be\/index.php\/wp-json\/wp\/v2\/posts\/40383","targetHints":{"allow":["GET"]}}],"collection":[{"href":"https:\/\/fr.motocrossmag.be\/index.php\/wp-json\/wp\/v2\/posts"}],"about":[{"href":"https:\/\/fr.motocrossmag.be\/index.php\/wp-json\/wp\/v2\/types\/post"}],"author":[{"embeddable":true,"href":"https:\/\/fr.motocrossmag.be\/index.php\/wp-json\/wp\/v2\/users\/932"}],"replies":[{"embeddable":true,"href":"https:\/\/fr.motocrossmag.be\/index.php\/wp-json\/wp\/v2\/comments?post=40383"}],"version-history":[{"count":2,"href":"https:\/\/fr.motocrossmag.be\/index.php\/wp-json\/wp\/v2\/posts\/40383\/revisions"}],"predecessor-version":[{"id":40424,"href":"https:\/\/fr.motocrossmag.be\/index.php\/wp-json\/wp\/v2\/posts\/40383\/revisions\/40424"}],"wp:featuredmedia":[{"embeddable":true,"href":"https:\/\/fr.motocrossmag.be\/index.php\/wp-json\/wp\/v2\/media\/40392"}],"wp:attachment":[{"href":"https:\/\/fr.motocrossmag.be\/index.php\/wp-json\/wp\/v2\/media?parent=40383"}],"wp:term":[{"taxonomy":"category","embeddable":true,"href":"https:\/\/fr.motocrossmag.be\/index.php\/wp-json\/wp\/v2\/categories?post=40383"},{"taxonomy":"post_tag","embeddable":true,"href":"https:\/\/fr.motocrossmag.be\/index.php\/wp-json\/wp\/v2\/tags?post=40383"}],"curies":[{"name":"wp","href":"https:\/\/api.w.org\/{rel}","templated":true}]}}