{"id":40737,"date":"2015-11-16T17:33:01","date_gmt":"2015-11-16T16:33:01","guid":{"rendered":"http:\/\/fr.motocrossmag.be\/?p=40737"},"modified":"2015-11-16T17:33:01","modified_gmt":"2015-11-16T16:33:01","slug":"photos-supercross-de-paris-lille","status":"publish","type":"post","link":"https:\/\/fr.motocrossmag.be\/index.php\/2015\/11\/photos-supercross-de-paris-lille\/","title":{"rendered":"Photos: Supercross de Paris-Lille"},"content":{"rendered":"<p>Pour son deuxi\u00e8me passage au stade Pierre Mauroy -et malgr\u00e9 les tragiques circonstances avec lesquelles il a malheureusement fallu composer- le Supercross de Paris-Lille a tenu toutes ses promesses ce week-end. M\u00eame si l&rsquo;on regrettera bien s\u00fbr l&rsquo;\u00e9limination sur chute d\u00e8s le premier soir de James Stewart, le show \u00e9tait une fois de plus \u00e0 la hauteur de la r\u00e9putation de l&rsquo;\u00e9preuve \u00ab\u00a0parisienne\u00a0\u00bb. Certes, Lille n&rsquo;est pas Bercy mais il faut avouer que l&rsquo;organisation s&#8217;emploi au mieux \u00e0 nous le faire oublier. Piste tr\u00e8s technique hyper soign\u00e9e, plateau de pilotes de premier choix, savant m\u00e9lange de v\u00e9ritables courses et de pur spectacle font du Supercross de Lille Le SX hivernal \u00e0 ne pas manquer !  <\/p>\n<p>Photos: Lo\u00efc Lassence<\/p><div class=\"qxsjt6a95d14a80ec8\" ><!-- \/91277017\/Inline-articles-mobile -->\n<div style=\"margin:auto; text-align:center !important\">\n<div id='div-gpt-ad-1784982661365-0' style='min-width: 250px; min-height: 75px;'>\n  <script>\n    googletag.cmd.push(function() { googletag.display('div-gpt-ad-1784982661365-0'); });\n  <\/script>\n<\/div><\/div><\/div><style type=\"text\/css\">\r\n.qxsjt6a95d14a80ec8 {\r\nmargin-bottom:30px;margin-top:20px\r\n}\r\n@media screen and (min-width: 1201px) {\r\n.qxsjt6a95d14a80ec8 {\r\ndisplay: block;\r\n}\r\n}\r\n@media screen and (min-width: 993px) and (max-width: 1200px) {\r\n.qxsjt6a95d14a80ec8 {\r\ndisplay: block;\r\n}\r\n}\r\n@media screen and (min-width: 769px) and (max-width: 992px) {\r\n.qxsjt6a95d14a80ec8 {\r\ndisplay: block;\r\n}\r\n}\r\n@media screen and (min-width: 768px) and (max-width: 768px) {\r\n.qxsjt6a95d14a80ec8 {\r\ndisplay: block;\r\n}\r\n}\r\n@media screen and (max-width: 767px) {\r\n.qxsjt6a95d14a80ec8 {\r\ndisplay: block;\r\n}\r\n}\r\n<\/style>\r\n\n<div id='gallery-1' class='gallery galleryid-40737 gallery-columns-3 gallery-size-thumbnail'><figure class='gallery-item'>\n\t\t\t<div class='gallery-icon landscape'>\n\t\t\t\t<a href='https:\/\/fr.motocrossmag.be\/index.php\/2015\/11\/photos-supercross-de-paris-lille\/lille_sx_2015_dimanche-img_0008-copie\/'><img decoding=\"async\" width=\"150\" height=\"150\" src=\"https:\/\/fr.motocrossmag.be\/wp-content\/uploads\/2015\/11\/Lille_SX_2015_dimanche-IMG_0008-copie-150x150.jpg\" class=\"attachment-thumbnail size-thumbnail\" alt=\"\" srcset=\"https:\/\/fr.motocrossmag.be\/wp-content\/uploads\/2015\/11\/Lille_SX_2015_dimanche-IMG_0008-copie-150x150.jpg 150w, https:\/\/fr.motocrossmag.be\/wp-content\/uploads\/2015\/11\/Lille_SX_2015_dimanche-IMG_0008-copie-50x50.jpg 50w\" sizes=\"(max-width: 150px) 100vw, 150px\" \/><\/a>\n\t\t\t<\/div><\/figure><figure class='gallery-item'>\n\t\t\t<div class='gallery-icon landscape'>\n\t\t\t\t<a href='https:\/\/fr.motocrossmag.be\/index.php\/2015\/11\/photos-la-premiere-soiree-du-supercross-de-lille\/lille_sx_2015_samedi-img_9354\/'><img decoding=\"async\" width=\"150\" height=\"150\" src=\"https:\/\/fr.motocrossmag.be\/wp-content\/uploads\/2015\/11\/Lille_SX_2015_samedi-IMG_9354-150x150.jpg\" class=\"attachment-thumbnail size-thumbnail\" alt=\"\" srcset=\"https:\/\/fr.motocrossmag.be\/wp-content\/uploads\/2015\/11\/Lille_SX_2015_samedi-IMG_9354-150x150.jpg 150w, https:\/\/fr.motocrossmag.be\/wp-content\/uploads\/2015\/11\/Lille_SX_2015_samedi-IMG_9354-50x50.jpg 50w\" sizes=\"(max-width: 150px) 100vw, 150px\" \/><\/a>\n\t\t\t<\/div><\/figure><figure class='gallery-item'>\n\t\t\t<div class='gallery-icon landscape'>\n\t\t\t\t<a href='https:\/\/fr.motocrossmag.be\/index.php\/2015\/11\/photos-la-premiere-soiree-du-supercross-de-lille\/lille_sx_2015_samedi-img_9305\/'><img decoding=\"async\" width=\"150\" height=\"150\" src=\"https:\/\/fr.motocrossmag.be\/wp-content\/uploads\/2015\/11\/Lille_SX_2015_samedi-IMG_9305-150x150.jpg\" class=\"attachment-thumbnail size-thumbnail\" alt=\"\" srcset=\"https:\/\/fr.motocrossmag.be\/wp-content\/uploads\/2015\/11\/Lille_SX_2015_samedi-IMG_9305-150x150.jpg 150w, https:\/\/fr.motocrossmag.be\/wp-content\/uploads\/2015\/11\/Lille_SX_2015_samedi-IMG_9305-50x50.jpg 50w\" sizes=\"(max-width: 150px) 100vw, 150px\" \/><\/a>\n\t\t\t<\/div><\/figure><figure class='gallery-item'>\n\t\t\t<div class='gallery-icon landscape'>\n\t\t\t\t<a href='https:\/\/fr.motocrossmag.be\/index.php\/2015\/11\/photos-supercross-de-paris-lille\/lille_sx_2015_dimanche-img_0033-copie\/'><img decoding=\"async\" width=\"150\" height=\"150\" src=\"https:\/\/fr.motocrossmag.be\/wp-content\/uploads\/2015\/11\/Lille_SX_2015_dimanche-IMG_0033-copie-150x150.jpg\" class=\"attachment-thumbnail size-thumbnail\" alt=\"\" srcset=\"https:\/\/fr.motocrossmag.be\/wp-content\/uploads\/2015\/11\/Lille_SX_2015_dimanche-IMG_0033-copie-150x150.jpg 150w, https:\/\/fr.motocrossmag.be\/wp-content\/uploads\/2015\/11\/Lille_SX_2015_dimanche-IMG_0033-copie-50x50.jpg 50w\" sizes=\"(max-width: 150px) 100vw, 150px\" \/><\/a>\n\t\t\t<\/div><\/figure><figure class='gallery-item'>\n\t\t\t<div class='gallery-icon landscape'>\n\t\t\t\t<a href='https:\/\/fr.motocrossmag.be\/index.php\/2015\/11\/photos-la-premiere-soiree-du-supercross-de-lille\/lille_sx_2015_samedi-img_8717\/'><img decoding=\"async\" width=\"150\" height=\"150\" src=\"https:\/\/fr.motocrossmag.be\/wp-content\/uploads\/2015\/11\/Lille_SX_2015_samedi-IMG_8717-150x150.jpg\" class=\"attachment-thumbnail size-thumbnail\" alt=\"\" srcset=\"https:\/\/fr.motocrossmag.be\/wp-content\/uploads\/2015\/11\/Lille_SX_2015_samedi-IMG_8717-150x150.jpg 150w, https:\/\/fr.motocrossmag.be\/wp-content\/uploads\/2015\/11\/Lille_SX_2015_samedi-IMG_8717-50x50.jpg 50w\" sizes=\"(max-width: 150px) 100vw, 150px\" \/><\/a>\n\t\t\t<\/div><\/figure><figure class='gallery-item'>\n\t\t\t<div class='gallery-icon landscape'>\n\t\t\t\t<a href='https:\/\/fr.motocrossmag.be\/index.php\/2015\/11\/photos-supercross-de-paris-lille\/lille_sx_2015_dimanche-img_0071-copie\/'><img decoding=\"async\" width=\"150\" height=\"150\" src=\"https:\/\/fr.motocrossmag.be\/wp-content\/uploads\/2015\/11\/Lille_SX_2015_dimanche-IMG_0071-copie-150x150.jpg\" class=\"attachment-thumbnail size-thumbnail\" alt=\"\" srcset=\"https:\/\/fr.motocrossmag.be\/wp-content\/uploads\/2015\/11\/Lille_SX_2015_dimanche-IMG_0071-copie-150x150.jpg 150w, https:\/\/fr.motocrossmag.be\/wp-content\/uploads\/2015\/11\/Lille_SX_2015_dimanche-IMG_0071-copie-50x50.jpg 50w\" sizes=\"(max-width: 150px) 100vw, 150px\" \/><\/a>\n\t\t\t<\/div><\/figure><figure class='gallery-item'>\n\t\t\t<div class='gallery-icon landscape'>\n\t\t\t\t<a href='https:\/\/fr.motocrossmag.be\/index.php\/2015\/11\/photos-supercross-de-paris-lille\/lille_sx_2015_dimanche-img_0106-copie\/'><img decoding=\"async\" width=\"150\" height=\"150\" src=\"https:\/\/fr.motocrossmag.be\/wp-content\/uploads\/2015\/11\/Lille_SX_2015_dimanche-IMG_0106-copie-150x150.jpg\" class=\"attachment-thumbnail size-thumbnail\" alt=\"\" srcset=\"https:\/\/fr.motocrossmag.be\/wp-content\/uploads\/2015\/11\/Lille_SX_2015_dimanche-IMG_0106-copie-150x150.jpg 150w, https:\/\/fr.motocrossmag.be\/wp-content\/uploads\/2015\/11\/Lille_SX_2015_dimanche-IMG_0106-copie-50x50.jpg 50w\" sizes=\"(max-width: 150px) 100vw, 150px\" \/><\/a>\n\t\t\t<\/div><\/figure><figure class='gallery-item'>\n\t\t\t<div class='gallery-icon landscape'>\n\t\t\t\t<a href='https:\/\/fr.motocrossmag.be\/index.php\/2015\/11\/photos-supercross-de-paris-lille\/lille_sx_2015_dimanche-img_0149-copie\/'><img decoding=\"async\" width=\"150\" height=\"150\" src=\"https:\/\/fr.motocrossmag.be\/wp-content\/uploads\/2015\/11\/Lille_SX_2015_dimanche-IMG_0149-copie-150x150.jpg\" class=\"attachment-thumbnail size-thumbnail\" alt=\"\" srcset=\"https:\/\/fr.motocrossmag.be\/wp-content\/uploads\/2015\/11\/Lille_SX_2015_dimanche-IMG_0149-copie-150x150.jpg 150w, https:\/\/fr.motocrossmag.be\/wp-content\/uploads\/2015\/11\/Lille_SX_2015_dimanche-IMG_0149-copie-50x50.jpg 50w\" sizes=\"(max-width: 150px) 100vw, 150px\" \/><\/a>\n\t\t\t<\/div><\/figure><figure class='gallery-item'>\n\t\t\t<div class='gallery-icon landscape'>\n\t\t\t\t<a href='https:\/\/fr.motocrossmag.be\/index.php\/2015\/11\/photos-la-premiere-soiree-du-supercross-de-lille\/lille_sx_2015_samedi-img_9532\/'><img decoding=\"async\" width=\"150\" height=\"150\" src=\"https:\/\/fr.motocrossmag.be\/wp-content\/uploads\/2015\/11\/Lille_SX_2015_samedi-IMG_9532-150x150.jpg\" class=\"attachment-thumbnail size-thumbnail\" alt=\"\" srcset=\"https:\/\/fr.motocrossmag.be\/wp-content\/uploads\/2015\/11\/Lille_SX_2015_samedi-IMG_9532-150x150.jpg 150w, https:\/\/fr.motocrossmag.be\/wp-content\/uploads\/2015\/11\/Lille_SX_2015_samedi-IMG_9532-50x50.jpg 50w\" sizes=\"(max-width: 150px) 100vw, 150px\" \/><\/a>\n\t\t\t<\/div><\/figure><figure class='gallery-item'>\n\t\t\t<div class='gallery-icon landscape'>\n\t\t\t\t<a href='https:\/\/fr.motocrossmag.be\/index.php\/2015\/11\/photos-la-premiere-soiree-du-supercross-de-lille\/lille_sx_2015_samedi-img_9366\/'><img decoding=\"async\" width=\"150\" height=\"150\" src=\"https:\/\/fr.motocrossmag.be\/wp-content\/uploads\/2015\/11\/Lille_SX_2015_samedi-IMG_9366-150x150.jpg\" class=\"attachment-thumbnail size-thumbnail\" alt=\"\" srcset=\"https:\/\/fr.motocrossmag.be\/wp-content\/uploads\/2015\/11\/Lille_SX_2015_samedi-IMG_9366-150x150.jpg 150w, https:\/\/fr.motocrossmag.be\/wp-content\/uploads\/2015\/11\/Lille_SX_2015_samedi-IMG_9366-50x50.jpg 50w\" sizes=\"(max-width: 150px) 100vw, 150px\" \/><\/a>\n\t\t\t<\/div><\/figure><figure class='gallery-item'>\n\t\t\t<div class='gallery-icon landscape'>\n\t\t\t\t<a href='https:\/\/fr.motocrossmag.be\/index.php\/2015\/11\/photos-la-premiere-soiree-du-supercross-de-lille\/lille_sx_2015_samedi-img_8798\/'><img decoding=\"async\" width=\"150\" height=\"150\" src=\"https:\/\/fr.motocrossmag.be\/wp-content\/uploads\/2015\/11\/Lille_SX_2015_samedi-IMG_8798-150x150.jpg\" class=\"attachment-thumbnail size-thumbnail\" alt=\"\" srcset=\"https:\/\/fr.motocrossmag.be\/wp-content\/uploads\/2015\/11\/Lille_SX_2015_samedi-IMG_8798-150x150.jpg 150w, https:\/\/fr.motocrossmag.be\/wp-content\/uploads\/2015\/11\/Lille_SX_2015_samedi-IMG_8798-50x50.jpg 50w\" sizes=\"(max-width: 150px) 100vw, 150px\" \/><\/a>\n\t\t\t<\/div><\/figure><figure class='gallery-item'>\n\t\t\t<div class='gallery-icon landscape'>\n\t\t\t\t<a href='https:\/\/fr.motocrossmag.be\/index.php\/2015\/11\/photos-supercross-de-paris-lille\/lille_sx_2015_dimanche-img_0170-copie\/'><img decoding=\"async\" width=\"150\" height=\"150\" src=\"https:\/\/fr.motocrossmag.be\/wp-content\/uploads\/2015\/11\/Lille_SX_2015_dimanche-IMG_0170-copie-150x150.jpg\" class=\"attachment-thumbnail size-thumbnail\" alt=\"\" srcset=\"https:\/\/fr.motocrossmag.be\/wp-content\/uploads\/2015\/11\/Lille_SX_2015_dimanche-IMG_0170-copie-150x150.jpg 150w, https:\/\/fr.motocrossmag.be\/wp-content\/uploads\/2015\/11\/Lille_SX_2015_dimanche-IMG_0170-copie-50x50.jpg 50w\" sizes=\"(max-width: 150px) 100vw, 150px\" \/><\/a>\n\t\t\t<\/div><\/figure><figure class='gallery-item'>\n\t\t\t<div class='gallery-icon landscape'>\n\t\t\t\t<a href='https:\/\/fr.motocrossmag.be\/index.php\/2015\/11\/photos-supercross-de-paris-lille\/lille_sx_2015_dimanche-img_0258-copie\/'><img decoding=\"async\" width=\"150\" height=\"150\" src=\"https:\/\/fr.motocrossmag.be\/wp-content\/uploads\/2015\/11\/Lille_SX_2015_dimanche-IMG_0258-copie-150x150.jpg\" class=\"attachment-thumbnail size-thumbnail\" alt=\"\" srcset=\"https:\/\/fr.motocrossmag.be\/wp-content\/uploads\/2015\/11\/Lille_SX_2015_dimanche-IMG_0258-copie-150x150.jpg 150w, https:\/\/fr.motocrossmag.be\/wp-content\/uploads\/2015\/11\/Lille_SX_2015_dimanche-IMG_0258-copie-50x50.jpg 50w\" sizes=\"(max-width: 150px) 100vw, 150px\" \/><\/a>\n\t\t\t<\/div><\/figure><figure class='gallery-item'>\n\t\t\t<div class='gallery-icon landscape'>\n\t\t\t\t<a href='https:\/\/fr.motocrossmag.be\/index.php\/2015\/11\/photos-la-premiere-soiree-du-supercross-de-lille\/lille_sx_2015_samedi-img_9344\/'><img decoding=\"async\" width=\"150\" height=\"150\" src=\"https:\/\/fr.motocrossmag.be\/wp-content\/uploads\/2015\/11\/Lille_SX_2015_samedi-IMG_9344-150x150.jpg\" class=\"attachment-thumbnail size-thumbnail\" alt=\"\" srcset=\"https:\/\/fr.motocrossmag.be\/wp-content\/uploads\/2015\/11\/Lille_SX_2015_samedi-IMG_9344-150x150.jpg 150w, https:\/\/fr.motocrossmag.be\/wp-content\/uploads\/2015\/11\/Lille_SX_2015_samedi-IMG_9344-50x50.jpg 50w\" sizes=\"(max-width: 150px) 100vw, 150px\" \/><\/a>\n\t\t\t<\/div><\/figure><figure class='gallery-item'>\n\t\t\t<div class='gallery-icon landscape'>\n\t\t\t\t<a href='https:\/\/fr.motocrossmag.be\/index.php\/2015\/11\/photos-supercross-de-paris-lille\/lille_sx_2015_dimanche-img_0262-copie\/'><img decoding=\"async\" width=\"150\" height=\"150\" src=\"https:\/\/fr.motocrossmag.be\/wp-content\/uploads\/2015\/11\/Lille_SX_2015_dimanche-IMG_0262-copie-150x150.jpg\" class=\"attachment-thumbnail size-thumbnail\" alt=\"\" srcset=\"https:\/\/fr.motocrossmag.be\/wp-content\/uploads\/2015\/11\/Lille_SX_2015_dimanche-IMG_0262-copie-150x150.jpg 150w, https:\/\/fr.motocrossmag.be\/wp-content\/uploads\/2015\/11\/Lille_SX_2015_dimanche-IMG_0262-copie-50x50.jpg 50w\" sizes=\"(max-width: 150px) 100vw, 150px\" \/><\/a>\n\t\t\t<\/div><\/figure><figure class='gallery-item'>\n\t\t\t<div class='gallery-icon landscape'>\n\t\t\t\t<a href='https:\/\/fr.motocrossmag.be\/index.php\/2015\/11\/photos-supercross-de-paris-lille\/lille_sx_2015_dimanche-img_0270-copie\/'><img decoding=\"async\" width=\"150\" height=\"150\" src=\"https:\/\/fr.motocrossmag.be\/wp-content\/uploads\/2015\/11\/Lille_SX_2015_dimanche-IMG_0270-copie-150x150.jpg\" class=\"attachment-thumbnail size-thumbnail\" alt=\"\" srcset=\"https:\/\/fr.motocrossmag.be\/wp-content\/uploads\/2015\/11\/Lille_SX_2015_dimanche-IMG_0270-copie-150x150.jpg 150w, https:\/\/fr.motocrossmag.be\/wp-content\/uploads\/2015\/11\/Lille_SX_2015_dimanche-IMG_0270-copie-50x50.jpg 50w\" sizes=\"(max-width: 150px) 100vw, 150px\" \/><\/a>\n\t\t\t<\/div><\/figure><figure class='gallery-item'>\n\t\t\t<div class='gallery-icon landscape'>\n\t\t\t\t<a href='https:\/\/fr.motocrossmag.be\/index.php\/2015\/11\/photos-supercross-de-paris-lille\/lille_sx_2015_dimanche-img_0279-copie\/'><img decoding=\"async\" width=\"150\" height=\"150\" src=\"https:\/\/fr.motocrossmag.be\/wp-content\/uploads\/2015\/11\/Lille_SX_2015_dimanche-IMG_0279-copie-150x150.jpg\" class=\"attachment-thumbnail size-thumbnail\" alt=\"\" srcset=\"https:\/\/fr.motocrossmag.be\/wp-content\/uploads\/2015\/11\/Lille_SX_2015_dimanche-IMG_0279-copie-150x150.jpg 150w, https:\/\/fr.motocrossmag.be\/wp-content\/uploads\/2015\/11\/Lille_SX_2015_dimanche-IMG_0279-copie-50x50.jpg 50w\" sizes=\"(max-width: 150px) 100vw, 150px\" \/><\/a>\n\t\t\t<\/div><\/figure><figure class='gallery-item'>\n\t\t\t<div class='gallery-icon landscape'>\n\t\t\t\t<a href='https:\/\/fr.motocrossmag.be\/index.php\/2015\/11\/photos-la-premiere-soiree-du-supercross-de-lille\/lille_sx_2015_samedi-img_9142\/'><img decoding=\"async\" width=\"150\" height=\"150\" src=\"https:\/\/fr.motocrossmag.be\/wp-content\/uploads\/2015\/11\/Lille_SX_2015_samedi-IMG_9142-150x150.jpg\" class=\"attachment-thumbnail size-thumbnail\" alt=\"\" srcset=\"https:\/\/fr.motocrossmag.be\/wp-content\/uploads\/2015\/11\/Lille_SX_2015_samedi-IMG_9142-150x150.jpg 150w, https:\/\/fr.motocrossmag.be\/wp-content\/uploads\/2015\/11\/Lille_SX_2015_samedi-IMG_9142-50x50.jpg 50w\" sizes=\"(max-width: 150px) 100vw, 150px\" \/><\/a>\n\t\t\t<\/div><\/figure><figure class='gallery-item'>\n\t\t\t<div class='gallery-icon landscape'>\n\t\t\t\t<a href='https:\/\/fr.motocrossmag.be\/index.php\/2015\/11\/photos-supercross-de-paris-lille\/lille_sx_2015_dimanche-img_0307-copie\/'><img decoding=\"async\" width=\"150\" height=\"150\" src=\"https:\/\/fr.motocrossmag.be\/wp-content\/uploads\/2015\/11\/Lille_SX_2015_dimanche-IMG_0307-copie-150x150.jpg\" class=\"attachment-thumbnail size-thumbnail\" alt=\"\" srcset=\"https:\/\/fr.motocrossmag.be\/wp-content\/uploads\/2015\/11\/Lille_SX_2015_dimanche-IMG_0307-copie-150x150.jpg 150w, https:\/\/fr.motocrossmag.be\/wp-content\/uploads\/2015\/11\/Lille_SX_2015_dimanche-IMG_0307-copie-50x50.jpg 50w\" sizes=\"(max-width: 150px) 100vw, 150px\" \/><\/a>\n\t\t\t<\/div><\/figure><figure class='gallery-item'>\n\t\t\t<div class='gallery-icon landscape'>\n\t\t\t\t<a href='https:\/\/fr.motocrossmag.be\/index.php\/2015\/11\/photos-supercross-de-paris-lille\/lille_sx_2015_dimanche-img_9980-copie\/'><img decoding=\"async\" width=\"150\" height=\"150\" src=\"https:\/\/fr.motocrossmag.be\/wp-content\/uploads\/2015\/11\/Lille_SX_2015_dimanche-IMG_9980-copie-150x150.jpg\" class=\"attachment-thumbnail size-thumbnail\" alt=\"\" srcset=\"https:\/\/fr.motocrossmag.be\/wp-content\/uploads\/2015\/11\/Lille_SX_2015_dimanche-IMG_9980-copie-150x150.jpg 150w, https:\/\/fr.motocrossmag.be\/wp-content\/uploads\/2015\/11\/Lille_SX_2015_dimanche-IMG_9980-copie-50x50.jpg 50w\" sizes=\"(max-width: 150px) 100vw, 150px\" \/><\/a>\n\t\t\t<\/div><\/figure><figure class='gallery-item'>\n\t\t\t<div class='gallery-icon landscape'>\n\t\t\t\t<a href='https:\/\/fr.motocrossmag.be\/index.php\/2015\/11\/photos-supercross-de-paris-lille\/lille_sx_2015_dimanche-img_9997-copie\/'><img decoding=\"async\" width=\"150\" height=\"150\" src=\"https:\/\/fr.motocrossmag.be\/wp-content\/uploads\/2015\/11\/Lille_SX_2015_dimanche-IMG_9997-copie-150x150.jpg\" class=\"attachment-thumbnail size-thumbnail\" alt=\"\" srcset=\"https:\/\/fr.motocrossmag.be\/wp-content\/uploads\/2015\/11\/Lille_SX_2015_dimanche-IMG_9997-copie-150x150.jpg 150w, https:\/\/fr.motocrossmag.be\/wp-content\/uploads\/2015\/11\/Lille_SX_2015_dimanche-IMG_9997-copie-50x50.jpg 50w\" sizes=\"(max-width: 150px) 100vw, 150px\" \/><\/a>\n\t\t\t<\/div><\/figure><figure class='gallery-item'>\n\t\t\t<div class='gallery-icon landscape'>\n\t\t\t\t<a href='https:\/\/fr.motocrossmag.be\/index.php\/2015\/11\/photos-supercross-de-paris-lille\/lille_sx_2015_dimanche-img_0317-copie\/'><img decoding=\"async\" width=\"150\" height=\"150\" src=\"https:\/\/fr.motocrossmag.be\/wp-content\/uploads\/2015\/11\/Lille_SX_2015_dimanche-IMG_0317-copie-150x150.jpg\" class=\"attachment-thumbnail size-thumbnail\" alt=\"\" srcset=\"https:\/\/fr.motocrossmag.be\/wp-content\/uploads\/2015\/11\/Lille_SX_2015_dimanche-IMG_0317-copie-150x150.jpg 150w, https:\/\/fr.motocrossmag.be\/wp-content\/uploads\/2015\/11\/Lille_SX_2015_dimanche-IMG_0317-copie-50x50.jpg 50w\" sizes=\"(max-width: 150px) 100vw, 150px\" \/><\/a>\n\t\t\t<\/div><\/figure><figure class='gallery-item'>\n\t\t\t<div class='gallery-icon landscape'>\n\t\t\t\t<a href='https:\/\/fr.motocrossmag.be\/index.php\/2015\/11\/photos-supercross-de-paris-lille\/lille_sx_2015_dimanche-img_0329-copie\/'><img decoding=\"async\" width=\"150\" height=\"150\" src=\"https:\/\/fr.motocrossmag.be\/wp-content\/uploads\/2015\/11\/Lille_SX_2015_dimanche-IMG_0329-copie-150x150.jpg\" class=\"attachment-thumbnail size-thumbnail\" alt=\"\" srcset=\"https:\/\/fr.motocrossmag.be\/wp-content\/uploads\/2015\/11\/Lille_SX_2015_dimanche-IMG_0329-copie-150x150.jpg 150w, https:\/\/fr.motocrossmag.be\/wp-content\/uploads\/2015\/11\/Lille_SX_2015_dimanche-IMG_0329-copie-50x50.jpg 50w\" sizes=\"(max-width: 150px) 100vw, 150px\" \/><\/a>\n\t\t\t<\/div><\/figure><figure class='gallery-item'>\n\t\t\t<div class='gallery-icon landscape'>\n\t\t\t\t<a href='https:\/\/fr.motocrossmag.be\/index.php\/2015\/11\/photos-supercross-de-paris-lille\/lille_sx_2015_dimanche-img_0372-copie\/'><img decoding=\"async\" width=\"150\" height=\"150\" src=\"https:\/\/fr.motocrossmag.be\/wp-content\/uploads\/2015\/11\/Lille_SX_2015_dimanche-IMG_0372-copie-150x150.jpg\" class=\"attachment-thumbnail size-thumbnail\" alt=\"\" srcset=\"https:\/\/fr.motocrossmag.be\/wp-content\/uploads\/2015\/11\/Lille_SX_2015_dimanche-IMG_0372-copie-150x150.jpg 150w, https:\/\/fr.motocrossmag.be\/wp-content\/uploads\/2015\/11\/Lille_SX_2015_dimanche-IMG_0372-copie-50x50.jpg 50w\" sizes=\"(max-width: 150px) 100vw, 150px\" \/><\/a>\n\t\t\t<\/div><\/figure><figure class='gallery-item'>\n\t\t\t<div class='gallery-icon landscape'>\n\t\t\t\t<a href='https:\/\/fr.motocrossmag.be\/index.php\/2015\/11\/photos-supercross-de-paris-lille\/lille_sx_2015_dimanche-img_0375-copie\/'><img decoding=\"async\" width=\"150\" height=\"150\" src=\"https:\/\/fr.motocrossmag.be\/wp-content\/uploads\/2015\/11\/Lille_SX_2015_dimanche-IMG_0375-copie-150x150.jpg\" class=\"attachment-thumbnail size-thumbnail\" alt=\"\" srcset=\"https:\/\/fr.motocrossmag.be\/wp-content\/uploads\/2015\/11\/Lille_SX_2015_dimanche-IMG_0375-copie-150x150.jpg 150w, https:\/\/fr.motocrossmag.be\/wp-content\/uploads\/2015\/11\/Lille_SX_2015_dimanche-IMG_0375-copie-50x50.jpg 50w\" sizes=\"(max-width: 150px) 100vw, 150px\" \/><\/a>\n\t\t\t<\/div><\/figure><figure class='gallery-item'>\n\t\t\t<div class='gallery-icon landscape'>\n\t\t\t\t<a href='https:\/\/fr.motocrossmag.be\/index.php\/2015\/11\/photos-supercross-de-paris-lille\/lille_sx_2015_dimanche-img_0383-copie\/'><img decoding=\"async\" width=\"150\" height=\"150\" src=\"https:\/\/fr.motocrossmag.be\/wp-content\/uploads\/2015\/11\/Lille_SX_2015_dimanche-IMG_0383-copie-150x150.jpg\" class=\"attachment-thumbnail size-thumbnail\" alt=\"\" srcset=\"https:\/\/fr.motocrossmag.be\/wp-content\/uploads\/2015\/11\/Lille_SX_2015_dimanche-IMG_0383-copie-150x150.jpg 150w, https:\/\/fr.motocrossmag.be\/wp-content\/uploads\/2015\/11\/Lille_SX_2015_dimanche-IMG_0383-copie-50x50.jpg 50w\" sizes=\"(max-width: 150px) 100vw, 150px\" \/><\/a>\n\t\t\t<\/div><\/figure><figure class='gallery-item'>\n\t\t\t<div class='gallery-icon landscape'>\n\t\t\t\t<a href='https:\/\/fr.motocrossmag.be\/index.php\/2015\/11\/photos-supercross-de-paris-lille\/lille_sx_2015_dimanche-img_0407-copie\/'><img decoding=\"async\" width=\"150\" height=\"150\" src=\"https:\/\/fr.motocrossmag.be\/wp-content\/uploads\/2015\/11\/Lille_SX_2015_dimanche-IMG_0407-copie-150x150.jpg\" class=\"attachment-thumbnail size-thumbnail\" alt=\"\" srcset=\"https:\/\/fr.motocrossmag.be\/wp-content\/uploads\/2015\/11\/Lille_SX_2015_dimanche-IMG_0407-copie-150x150.jpg 150w, https:\/\/fr.motocrossmag.be\/wp-content\/uploads\/2015\/11\/Lille_SX_2015_dimanche-IMG_0407-copie-50x50.jpg 50w\" sizes=\"(max-width: 150px) 100vw, 150px\" \/><\/a>\n\t\t\t<\/div><\/figure><figure class='gallery-item'>\n\t\t\t<div class='gallery-icon landscape'>\n\t\t\t\t<a href='https:\/\/fr.motocrossmag.be\/index.php\/2015\/11\/photos-supercross-de-paris-lille\/lille_sx_2015_dimanche-img_8847-copie\/'><img decoding=\"async\" width=\"150\" height=\"150\" src=\"https:\/\/fr.motocrossmag.be\/wp-content\/uploads\/2015\/11\/Lille_SX_2015_dimanche-IMG_8847-copie-150x150.jpg\" class=\"attachment-thumbnail size-thumbnail\" alt=\"\" srcset=\"https:\/\/fr.motocrossmag.be\/wp-content\/uploads\/2015\/11\/Lille_SX_2015_dimanche-IMG_8847-copie-150x150.jpg 150w, https:\/\/fr.motocrossmag.be\/wp-content\/uploads\/2015\/11\/Lille_SX_2015_dimanche-IMG_8847-copie-50x50.jpg 50w\" sizes=\"(max-width: 150px) 100vw, 150px\" \/><\/a>\n\t\t\t<\/div><\/figure><figure class='gallery-item'>\n\t\t\t<div class='gallery-icon landscape'>\n\t\t\t\t<a href='https:\/\/fr.motocrossmag.be\/index.php\/2015\/11\/photos-supercross-de-paris-lille\/lille_sx_2015_dimanche-img_8858-copie\/'><img decoding=\"async\" width=\"150\" height=\"150\" src=\"https:\/\/fr.motocrossmag.be\/wp-content\/uploads\/2015\/11\/Lille_SX_2015_dimanche-IMG_8858-copie-150x150.jpg\" class=\"attachment-thumbnail size-thumbnail\" alt=\"\" srcset=\"https:\/\/fr.motocrossmag.be\/wp-content\/uploads\/2015\/11\/Lille_SX_2015_dimanche-IMG_8858-copie-150x150.jpg 150w, https:\/\/fr.motocrossmag.be\/wp-content\/uploads\/2015\/11\/Lille_SX_2015_dimanche-IMG_8858-copie-50x50.jpg 50w\" sizes=\"(max-width: 150px) 100vw, 150px\" \/><\/a>\n\t\t\t<\/div><\/figure><figure class='gallery-item'>\n\t\t\t<div class='gallery-icon landscape'>\n\t\t\t\t<a href='https:\/\/fr.motocrossmag.be\/index.php\/2015\/11\/photos-supercross-de-paris-lille\/lille_sx_2015_dimanche-img_8888-copie\/'><img decoding=\"async\" width=\"150\" height=\"150\" src=\"https:\/\/fr.motocrossmag.be\/wp-content\/uploads\/2015\/11\/Lille_SX_2015_dimanche-IMG_8888-copie-150x150.jpg\" class=\"attachment-thumbnail size-thumbnail\" alt=\"\" srcset=\"https:\/\/fr.motocrossmag.be\/wp-content\/uploads\/2015\/11\/Lille_SX_2015_dimanche-IMG_8888-copie-150x150.jpg 150w, https:\/\/fr.motocrossmag.be\/wp-content\/uploads\/2015\/11\/Lille_SX_2015_dimanche-IMG_8888-copie-50x50.jpg 50w\" sizes=\"(max-width: 150px) 100vw, 150px\" \/><\/a>\n\t\t\t<\/div><\/figure><figure class='gallery-item'>\n\t\t\t<div class='gallery-icon landscape'>\n\t\t\t\t<a href='https:\/\/fr.motocrossmag.be\/index.php\/2015\/11\/photos-supercross-de-paris-lille\/lille_sx_2015_dimanche-img_8892-copie\/'><img decoding=\"async\" width=\"150\" height=\"150\" src=\"https:\/\/fr.motocrossmag.be\/wp-content\/uploads\/2015\/11\/Lille_SX_2015_dimanche-IMG_8892-copie-150x150.jpg\" class=\"attachment-thumbnail size-thumbnail\" alt=\"\" srcset=\"https:\/\/fr.motocrossmag.be\/wp-content\/uploads\/2015\/11\/Lille_SX_2015_dimanche-IMG_8892-copie-150x150.jpg 150w, https:\/\/fr.motocrossmag.be\/wp-content\/uploads\/2015\/11\/Lille_SX_2015_dimanche-IMG_8892-copie-50x50.jpg 50w\" sizes=\"(max-width: 150px) 100vw, 150px\" \/><\/a>\n\t\t\t<\/div><\/figure><figure class='gallery-item'>\n\t\t\t<div class='gallery-icon landscape'>\n\t\t\t\t<a href='https:\/\/fr.motocrossmag.be\/index.php\/2015\/11\/photos-supercross-de-paris-lille\/lille_sx_2015_dimanche-img_8903-copie\/'><img decoding=\"async\" width=\"150\" height=\"150\" src=\"https:\/\/fr.motocrossmag.be\/wp-content\/uploads\/2015\/11\/Lille_SX_2015_dimanche-IMG_8903-copie-150x150.jpg\" class=\"attachment-thumbnail size-thumbnail\" alt=\"\" srcset=\"https:\/\/fr.motocrossmag.be\/wp-content\/uploads\/2015\/11\/Lille_SX_2015_dimanche-IMG_8903-copie-150x150.jpg 150w, https:\/\/fr.motocrossmag.be\/wp-content\/uploads\/2015\/11\/Lille_SX_2015_dimanche-IMG_8903-copie-50x50.jpg 50w\" sizes=\"(max-width: 150px) 100vw, 150px\" \/><\/a>\n\t\t\t<\/div><\/figure><figure class='gallery-item'>\n\t\t\t<div class='gallery-icon landscape'>\n\t\t\t\t<a href='https:\/\/fr.motocrossmag.be\/index.php\/2015\/11\/photos-supercross-de-paris-lille\/lille_sx_2015_dimanche-img_8907-copie\/'><img decoding=\"async\" width=\"150\" height=\"150\" src=\"https:\/\/fr.motocrossmag.be\/wp-content\/uploads\/2015\/11\/Lille_SX_2015_dimanche-IMG_8907-copie-150x150.jpg\" class=\"attachment-thumbnail size-thumbnail\" alt=\"\" srcset=\"https:\/\/fr.motocrossmag.be\/wp-content\/uploads\/2015\/11\/Lille_SX_2015_dimanche-IMG_8907-copie-150x150.jpg 150w, https:\/\/fr.motocrossmag.be\/wp-content\/uploads\/2015\/11\/Lille_SX_2015_dimanche-IMG_8907-copie-50x50.jpg 50w\" sizes=\"(max-width: 150px) 100vw, 150px\" \/><\/a>\n\t\t\t<\/div><\/figure><figure class='gallery-item'>\n\t\t\t<div class='gallery-icon landscape'>\n\t\t\t\t<a href='https:\/\/fr.motocrossmag.be\/index.php\/2015\/11\/photos-supercross-de-paris-lille\/lille_sx_2015_dimanche-img_8919-copie\/'><img decoding=\"async\" width=\"150\" height=\"150\" src=\"https:\/\/fr.motocrossmag.be\/wp-content\/uploads\/2015\/11\/Lille_SX_2015_dimanche-IMG_8919-copie-150x150.jpg\" class=\"attachment-thumbnail size-thumbnail\" alt=\"\" srcset=\"https:\/\/fr.motocrossmag.be\/wp-content\/uploads\/2015\/11\/Lille_SX_2015_dimanche-IMG_8919-copie-150x150.jpg 150w, https:\/\/fr.motocrossmag.be\/wp-content\/uploads\/2015\/11\/Lille_SX_2015_dimanche-IMG_8919-copie-50x50.jpg 50w\" sizes=\"(max-width: 150px) 100vw, 150px\" \/><\/a>\n\t\t\t<\/div><\/figure><figure class='gallery-item'>\n\t\t\t<div class='gallery-icon landscape'>\n\t\t\t\t<a href='https:\/\/fr.motocrossmag.be\/index.php\/2015\/11\/photos-supercross-de-paris-lille\/lille_sx_2015_dimanche-img_9458-copie\/'><img decoding=\"async\" width=\"150\" height=\"150\" src=\"https:\/\/fr.motocrossmag.be\/wp-content\/uploads\/2015\/11\/Lille_SX_2015_dimanche-IMG_9458-copie-150x150.jpg\" class=\"attachment-thumbnail size-thumbnail\" alt=\"\" srcset=\"https:\/\/fr.motocrossmag.be\/wp-content\/uploads\/2015\/11\/Lille_SX_2015_dimanche-IMG_9458-copie-150x150.jpg 150w, https:\/\/fr.motocrossmag.be\/wp-content\/uploads\/2015\/11\/Lille_SX_2015_dimanche-IMG_9458-copie-50x50.jpg 50w\" sizes=\"(max-width: 150px) 100vw, 150px\" \/><\/a>\n\t\t\t<\/div><\/figure><figure class='gallery-item'>\n\t\t\t<div class='gallery-icon landscape'>\n\t\t\t\t<a href='https:\/\/fr.motocrossmag.be\/index.php\/2015\/11\/photos-la-premiere-soiree-du-supercross-de-lille\/lille_sx_2015_samedi-img_9534\/'><img decoding=\"async\" width=\"150\" height=\"150\" src=\"https:\/\/fr.motocrossmag.be\/wp-content\/uploads\/2015\/11\/Lille_SX_2015_samedi-IMG_9534-150x150.jpg\" class=\"attachment-thumbnail size-thumbnail\" alt=\"\" srcset=\"https:\/\/fr.motocrossmag.be\/wp-content\/uploads\/2015\/11\/Lille_SX_2015_samedi-IMG_9534-150x150.jpg 150w, https:\/\/fr.motocrossmag.be\/wp-content\/uploads\/2015\/11\/Lille_SX_2015_samedi-IMG_9534-50x50.jpg 50w\" sizes=\"(max-width: 150px) 100vw, 150px\" \/><\/a>\n\t\t\t<\/div><\/figure><figure class='gallery-item'>\n\t\t\t<div class='gallery-icon landscape'>\n\t\t\t\t<a href='https:\/\/fr.motocrossmag.be\/index.php\/2015\/11\/photos-supercross-de-paris-lille\/lille_sx_2015_dimanche-img_9482-copie\/'><img decoding=\"async\" width=\"150\" height=\"150\" src=\"https:\/\/fr.motocrossmag.be\/wp-content\/uploads\/2015\/11\/Lille_SX_2015_dimanche-IMG_9482-copie-150x150.jpg\" class=\"attachment-thumbnail size-thumbnail\" alt=\"\" srcset=\"https:\/\/fr.motocrossmag.be\/wp-content\/uploads\/2015\/11\/Lille_SX_2015_dimanche-IMG_9482-copie-150x150.jpg 150w, https:\/\/fr.motocrossmag.be\/wp-content\/uploads\/2015\/11\/Lille_SX_2015_dimanche-IMG_9482-copie-50x50.jpg 50w\" sizes=\"(max-width: 150px) 100vw, 150px\" \/><\/a>\n\t\t\t<\/div><\/figure><figure class='gallery-item'>\n\t\t\t<div class='gallery-icon landscape'>\n\t\t\t\t<a href='https:\/\/fr.motocrossmag.be\/index.php\/2015\/11\/photos-supercross-de-paris-lille\/lille_sx_2015_dimanche-img_9661-copie\/'><img decoding=\"async\" width=\"150\" height=\"150\" src=\"https:\/\/fr.motocrossmag.be\/wp-content\/uploads\/2015\/11\/Lille_SX_2015_dimanche-IMG_9661-copie-150x150.jpg\" class=\"attachment-thumbnail size-thumbnail\" alt=\"\" srcset=\"https:\/\/fr.motocrossmag.be\/wp-content\/uploads\/2015\/11\/Lille_SX_2015_dimanche-IMG_9661-copie-150x150.jpg 150w, https:\/\/fr.motocrossmag.be\/wp-content\/uploads\/2015\/11\/Lille_SX_2015_dimanche-IMG_9661-copie-50x50.jpg 50w\" sizes=\"(max-width: 150px) 100vw, 150px\" \/><\/a>\n\t\t\t<\/div><\/figure><figure class='gallery-item'>\n\t\t\t<div class='gallery-icon landscape'>\n\t\t\t\t<a href='https:\/\/fr.motocrossmag.be\/index.php\/2015\/11\/photos-supercross-de-paris-lille\/lille_sx_2015_dimanche-img_9692-copie\/'><img decoding=\"async\" width=\"150\" height=\"150\" src=\"https:\/\/fr.motocrossmag.be\/wp-content\/uploads\/2015\/11\/Lille_SX_2015_dimanche-IMG_9692-copie-150x150.jpg\" class=\"attachment-thumbnail size-thumbnail\" alt=\"\" srcset=\"https:\/\/fr.motocrossmag.be\/wp-content\/uploads\/2015\/11\/Lille_SX_2015_dimanche-IMG_9692-copie-150x150.jpg 150w, https:\/\/fr.motocrossmag.be\/wp-content\/uploads\/2015\/11\/Lille_SX_2015_dimanche-IMG_9692-copie-50x50.jpg 50w\" sizes=\"(max-width: 150px) 100vw, 150px\" \/><\/a>\n\t\t\t<\/div><\/figure><figure class='gallery-item'>\n\t\t\t<div class='gallery-icon landscape'>\n\t\t\t\t<a href='https:\/\/fr.motocrossmag.be\/index.php\/2015\/11\/photos-supercross-de-paris-lille\/lille_sx_2015_dimanche-img_9963-copie\/'><img decoding=\"async\" width=\"150\" height=\"150\" src=\"https:\/\/fr.motocrossmag.be\/wp-content\/uploads\/2015\/11\/Lille_SX_2015_dimanche-IMG_9963-copie-150x150.jpg\" class=\"attachment-thumbnail size-thumbnail\" alt=\"\" srcset=\"https:\/\/fr.motocrossmag.be\/wp-content\/uploads\/2015\/11\/Lille_SX_2015_dimanche-IMG_9963-copie-150x150.jpg 150w, https:\/\/fr.motocrossmag.be\/wp-content\/uploads\/2015\/11\/Lille_SX_2015_dimanche-IMG_9963-copie-50x50.jpg 50w\" sizes=\"(max-width: 150px) 100vw, 150px\" \/><\/a>\n\t\t\t<\/div><\/figure><figure class='gallery-item'>\n\t\t\t<div class='gallery-icon landscape'>\n\t\t\t\t<a href='https:\/\/fr.motocrossmag.be\/index.php\/2015\/11\/photos-la-premiere-soiree-du-supercross-de-lille\/lille_sx_2015_samedi-img_9578\/'><img decoding=\"async\" width=\"150\" height=\"150\" src=\"https:\/\/fr.motocrossmag.be\/wp-content\/uploads\/2015\/11\/Lille_SX_2015_samedi-IMG_9578-150x150.jpg\" class=\"attachment-thumbnail size-thumbnail\" alt=\"\" srcset=\"https:\/\/fr.motocrossmag.be\/wp-content\/uploads\/2015\/11\/Lille_SX_2015_samedi-IMG_9578-150x150.jpg 150w, https:\/\/fr.motocrossmag.be\/wp-content\/uploads\/2015\/11\/Lille_SX_2015_samedi-IMG_9578-50x50.jpg 50w\" sizes=\"(max-width: 150px) 100vw, 150px\" \/><\/a>\n\t\t\t<\/div><\/figure>\n\t\t<\/div>\n\n","protected":false},"excerpt":{"rendered":"<p>Pour son deuxi\u00e8me passage au stade Pierre Mauroy -et malgr\u00e9 les tragiques circonstances avec lesquelles il a malheureusement fallu composer- le Supercross de Paris-Lille a tenu toutes ses promesses ce week-end. M\u00eame si l&rsquo;on regrettera bien s\u00fbr l&rsquo;\u00e9limination sur chute d\u00e8s le premier soir de James Stewart, le show \u00e9tait une fois de plus \u00e0 [&hellip;]<\/p>\n","protected":false},"author":932,"featured_media":40748,"comment_status":"open","ping_status":"closed","sticky":false,"template":"","format":"standard","meta":{"tdm_status":"","tdm_grid_status":"","footnotes":""},"categories":[54,4,5,55,66,65],"tags":[],"class_list":["post-40737","post","type-post","status-publish","format-standard","has-post-thumbnail","category-actualite","category-motocross","category-news","category-news-actualite","category-photos","category-slideshow"],"yoast_head":"<!-- This site is optimized with the Yoast SEO plugin v28.3 - https:\/\/yoast.com\/product\/yoast-seo-wordpress\/ -->\n<title>Photos: Supercross de Paris-Lille - Motocross - Enduro - Supermoto | MotocrossMag<\/title>\n<meta name=\"robots\" content=\"index, follow, max-snippet:-1, max-image-preview:large, max-video-preview:-1\" \/>\n<link rel=\"canonical\" href=\"https:\/\/fr.motocrossmag.be\/index.php\/2015\/11\/photos-supercross-de-paris-lille\/\" \/>\n<meta property=\"og:locale\" content=\"fr_FR\" \/>\n<meta property=\"og:type\" content=\"article\" \/>\n<meta property=\"og:title\" content=\"Photos: Supercross de Paris-Lille - Motocross - Enduro - Supermoto | MotocrossMag\" \/>\n<meta property=\"og:description\" content=\"Pour son deuxi\u00e8me passage au stade Pierre Mauroy -et malgr\u00e9 les tragiques circonstances avec lesquelles il a malheureusement fallu composer- le Supercross de Paris-Lille a tenu toutes ses promesses ce week-end. M\u00eame si l&rsquo;on regrettera bien s\u00fbr l&rsquo;\u00e9limination sur chute d\u00e8s le premier soir de James Stewart, le show \u00e9tait une fois de plus \u00e0 [&hellip;]\" \/>\n<meta property=\"og:url\" content=\"https:\/\/fr.motocrossmag.be\/index.php\/2015\/11\/photos-supercross-de-paris-lille\/\" \/>\n<meta property=\"og:site_name\" content=\"Motocross - Enduro - Supermoto | MotocrossMag\" \/>\n<meta property=\"article:published_time\" content=\"2015-11-16T16:33:01+00:00\" \/>\n<meta property=\"og:image\" content=\"https:\/\/fr.motocrossmag.be\/wp-content\/uploads\/2015\/11\/Lille_SX_2015_dimanche-IMG_0307-copie.jpg\" \/>\n\t<meta property=\"og:image:width\" content=\"1000\" \/>\n\t<meta property=\"og:image:height\" content=\"667\" \/>\n\t<meta property=\"og:image:type\" content=\"image\/jpeg\" \/>\n<meta name=\"author\" content=\"oliviere\" \/>\n<meta name=\"twitter:card\" content=\"summary_large_image\" \/>\n<meta name=\"twitter:label1\" content=\"\u00c9crit par\" \/>\n\t<meta name=\"twitter:data1\" content=\"oliviere\" \/>\n\t<meta name=\"twitter:label2\" content=\"Dur\u00e9e de lecture estim\u00e9e\" \/>\n\t<meta name=\"twitter:data2\" content=\"1 minute\" \/>\n<script type=\"application\/ld+json\" class=\"yoast-schema-graph\">{\"@context\":\"https:\\\/\\\/schema.org\",\"@graph\":[{\"@type\":\"Article\",\"@id\":\"https:\\\/\\\/fr.motocrossmag.be\\\/index.php\\\/2015\\\/11\\\/photos-supercross-de-paris-lille\\\/#article\",\"isPartOf\":{\"@id\":\"https:\\\/\\\/fr.motocrossmag.be\\\/index.php\\\/2015\\\/11\\\/photos-supercross-de-paris-lille\\\/\"},\"author\":{\"name\":\"oliviere\",\"@id\":\"https:\\\/\\\/fr.motocrossmag.be\\\/#\\\/schema\\\/person\\\/11b47143d9f755babca2c9110e03235c\"},\"headline\":\"Photos: Supercross de Paris-Lille\",\"datePublished\":\"2015-11-16T16:33:01+00:00\",\"mainEntityOfPage\":{\"@id\":\"https:\\\/\\\/fr.motocrossmag.be\\\/index.php\\\/2015\\\/11\\\/photos-supercross-de-paris-lille\\\/\"},\"wordCount\":136,\"commentCount\":0,\"image\":{\"@id\":\"https:\\\/\\\/fr.motocrossmag.be\\\/index.php\\\/2015\\\/11\\\/photos-supercross-de-paris-lille\\\/#primaryimage\"},\"thumbnailUrl\":\"https:\\\/\\\/fr.motocrossmag.be\\\/wp-content\\\/uploads\\\/2015\\\/11\\\/Lille_SX_2015_dimanche-IMG_0307-copie.jpg\",\"articleSection\":[\"Actualit\u00e9\",\"Motocross\",\"News\",\"News\",\"Photos\",\"Slideshow\"],\"inLanguage\":\"fr-FR\",\"potentialAction\":[{\"@type\":\"CommentAction\",\"name\":\"Comment\",\"target\":[\"https:\\\/\\\/fr.motocrossmag.be\\\/index.php\\\/2015\\\/11\\\/photos-supercross-de-paris-lille\\\/#respond\"]}]},{\"@type\":\"WebPage\",\"@id\":\"https:\\\/\\\/fr.motocrossmag.be\\\/index.php\\\/2015\\\/11\\\/photos-supercross-de-paris-lille\\\/\",\"url\":\"https:\\\/\\\/fr.motocrossmag.be\\\/index.php\\\/2015\\\/11\\\/photos-supercross-de-paris-lille\\\/\",\"name\":\"Photos: Supercross de Paris-Lille - Motocross - Enduro - Supermoto | MotocrossMag\",\"isPartOf\":{\"@id\":\"https:\\\/\\\/fr.motocrossmag.be\\\/#website\"},\"primaryImageOfPage\":{\"@id\":\"https:\\\/\\\/fr.motocrossmag.be\\\/index.php\\\/2015\\\/11\\\/photos-supercross-de-paris-lille\\\/#primaryimage\"},\"image\":{\"@id\":\"https:\\\/\\\/fr.motocrossmag.be\\\/index.php\\\/2015\\\/11\\\/photos-supercross-de-paris-lille\\\/#primaryimage\"},\"thumbnailUrl\":\"https:\\\/\\\/fr.motocrossmag.be\\\/wp-content\\\/uploads\\\/2015\\\/11\\\/Lille_SX_2015_dimanche-IMG_0307-copie.jpg\",\"datePublished\":\"2015-11-16T16:33:01+00:00\",\"author\":{\"@id\":\"https:\\\/\\\/fr.motocrossmag.be\\\/#\\\/schema\\\/person\\\/11b47143d9f755babca2c9110e03235c\"},\"breadcrumb\":{\"@id\":\"https:\\\/\\\/fr.motocrossmag.be\\\/index.php\\\/2015\\\/11\\\/photos-supercross-de-paris-lille\\\/#breadcrumb\"},\"inLanguage\":\"fr-FR\",\"potentialAction\":[{\"@type\":\"ReadAction\",\"target\":[\"https:\\\/\\\/fr.motocrossmag.be\\\/index.php\\\/2015\\\/11\\\/photos-supercross-de-paris-lille\\\/\"]}]},{\"@type\":\"ImageObject\",\"inLanguage\":\"fr-FR\",\"@id\":\"https:\\\/\\\/fr.motocrossmag.be\\\/index.php\\\/2015\\\/11\\\/photos-supercross-de-paris-lille\\\/#primaryimage\",\"url\":\"https:\\\/\\\/fr.motocrossmag.be\\\/wp-content\\\/uploads\\\/2015\\\/11\\\/Lille_SX_2015_dimanche-IMG_0307-copie.jpg\",\"contentUrl\":\"https:\\\/\\\/fr.motocrossmag.be\\\/wp-content\\\/uploads\\\/2015\\\/11\\\/Lille_SX_2015_dimanche-IMG_0307-copie.jpg\",\"width\":1000,\"height\":667},{\"@type\":\"BreadcrumbList\",\"@id\":\"https:\\\/\\\/fr.motocrossmag.be\\\/index.php\\\/2015\\\/11\\\/photos-supercross-de-paris-lille\\\/#breadcrumb\",\"itemListElement\":[{\"@type\":\"ListItem\",\"position\":1,\"name\":\"Accueil\",\"item\":\"https:\\\/\\\/fr.motocrossmag.be\\\/\"},{\"@type\":\"ListItem\",\"position\":2,\"name\":\"Photos: Supercross de Paris-Lille\"}]},{\"@type\":\"WebSite\",\"@id\":\"https:\\\/\\\/fr.motocrossmag.be\\\/#website\",\"url\":\"https:\\\/\\\/fr.motocrossmag.be\\\/\",\"name\":\"Motocross - Enduro - Supermoto | MotocrossMag\",\"description\":\"L&#039;actualit\u00e9 du motocross, de l&#039;enduro et du Supermoto en ligne!\",\"potentialAction\":[{\"@type\":\"SearchAction\",\"target\":{\"@type\":\"EntryPoint\",\"urlTemplate\":\"https:\\\/\\\/fr.motocrossmag.be\\\/?s={search_term_string}\"},\"query-input\":{\"@type\":\"PropertyValueSpecification\",\"valueRequired\":true,\"valueName\":\"search_term_string\"}}],\"inLanguage\":\"fr-FR\"},{\"@type\":\"Person\",\"@id\":\"https:\\\/\\\/fr.motocrossmag.be\\\/#\\\/schema\\\/person\\\/11b47143d9f755babca2c9110e03235c\",\"name\":\"oliviere\",\"image\":{\"@type\":\"ImageObject\",\"inLanguage\":\"fr-FR\",\"@id\":\"https:\\\/\\\/secure.gravatar.com\\\/avatar\\\/907069e0b81d119452040469e4a7501da1100f54f7f80180ce77bfab718288f6?s=96&d=mm&r=g\",\"url\":\"https:\\\/\\\/secure.gravatar.com\\\/avatar\\\/907069e0b81d119452040469e4a7501da1100f54f7f80180ce77bfab718288f6?s=96&d=mm&r=g\",\"contentUrl\":\"https:\\\/\\\/secure.gravatar.com\\\/avatar\\\/907069e0b81d119452040469e4a7501da1100f54f7f80180ce77bfab718288f6?s=96&d=mm&r=g\",\"caption\":\"oliviere\"},\"sameAs\":[\"http:\\\/\\\/www.motocrossmag.be\"],\"url\":\"https:\\\/\\\/fr.motocrossmag.be\\\/index.php\\\/author\\\/oliviere\\\/\"}]}<\/script>\n<!-- \/ Yoast SEO plugin. -->","yoast_head_json":{"title":"Photos: Supercross de Paris-Lille - Motocross - Enduro - Supermoto | MotocrossMag","robots":{"index":"index","follow":"follow","max-snippet":"max-snippet:-1","max-image-preview":"max-image-preview:large","max-video-preview":"max-video-preview:-1"},"canonical":"https:\/\/fr.motocrossmag.be\/index.php\/2015\/11\/photos-supercross-de-paris-lille\/","og_locale":"fr_FR","og_type":"article","og_title":"Photos: Supercross de Paris-Lille - Motocross - Enduro - Supermoto | MotocrossMag","og_description":"Pour son deuxi\u00e8me passage au stade Pierre Mauroy -et malgr\u00e9 les tragiques circonstances avec lesquelles il a malheureusement fallu composer- le Supercross de Paris-Lille a tenu toutes ses promesses ce week-end. M\u00eame si l&rsquo;on regrettera bien s\u00fbr l&rsquo;\u00e9limination sur chute d\u00e8s le premier soir de James Stewart, le show \u00e9tait une fois de plus \u00e0 [&hellip;]","og_url":"https:\/\/fr.motocrossmag.be\/index.php\/2015\/11\/photos-supercross-de-paris-lille\/","og_site_name":"Motocross - Enduro - Supermoto | MotocrossMag","article_published_time":"2015-11-16T16:33:01+00:00","og_image":[{"width":1000,"height":667,"url":"https:\/\/fr.motocrossmag.be\/wp-content\/uploads\/2015\/11\/Lille_SX_2015_dimanche-IMG_0307-copie.jpg","type":"image\/jpeg"}],"author":"oliviere","twitter_card":"summary_large_image","twitter_misc":{"\u00c9crit par":"oliviere","Dur\u00e9e de lecture estim\u00e9e":"1 minute"},"schema":{"@context":"https:\/\/schema.org","@graph":[{"@type":"Article","@id":"https:\/\/fr.motocrossmag.be\/index.php\/2015\/11\/photos-supercross-de-paris-lille\/#article","isPartOf":{"@id":"https:\/\/fr.motocrossmag.be\/index.php\/2015\/11\/photos-supercross-de-paris-lille\/"},"author":{"name":"oliviere","@id":"https:\/\/fr.motocrossmag.be\/#\/schema\/person\/11b47143d9f755babca2c9110e03235c"},"headline":"Photos: Supercross de Paris-Lille","datePublished":"2015-11-16T16:33:01+00:00","mainEntityOfPage":{"@id":"https:\/\/fr.motocrossmag.be\/index.php\/2015\/11\/photos-supercross-de-paris-lille\/"},"wordCount":136,"commentCount":0,"image":{"@id":"https:\/\/fr.motocrossmag.be\/index.php\/2015\/11\/photos-supercross-de-paris-lille\/#primaryimage"},"thumbnailUrl":"https:\/\/fr.motocrossmag.be\/wp-content\/uploads\/2015\/11\/Lille_SX_2015_dimanche-IMG_0307-copie.jpg","articleSection":["Actualit\u00e9","Motocross","News","News","Photos","Slideshow"],"inLanguage":"fr-FR","potentialAction":[{"@type":"CommentAction","name":"Comment","target":["https:\/\/fr.motocrossmag.be\/index.php\/2015\/11\/photos-supercross-de-paris-lille\/#respond"]}]},{"@type":"WebPage","@id":"https:\/\/fr.motocrossmag.be\/index.php\/2015\/11\/photos-supercross-de-paris-lille\/","url":"https:\/\/fr.motocrossmag.be\/index.php\/2015\/11\/photos-supercross-de-paris-lille\/","name":"Photos: Supercross de Paris-Lille - Motocross - Enduro - Supermoto | MotocrossMag","isPartOf":{"@id":"https:\/\/fr.motocrossmag.be\/#website"},"primaryImageOfPage":{"@id":"https:\/\/fr.motocrossmag.be\/index.php\/2015\/11\/photos-supercross-de-paris-lille\/#primaryimage"},"image":{"@id":"https:\/\/fr.motocrossmag.be\/index.php\/2015\/11\/photos-supercross-de-paris-lille\/#primaryimage"},"thumbnailUrl":"https:\/\/fr.motocrossmag.be\/wp-content\/uploads\/2015\/11\/Lille_SX_2015_dimanche-IMG_0307-copie.jpg","datePublished":"2015-11-16T16:33:01+00:00","author":{"@id":"https:\/\/fr.motocrossmag.be\/#\/schema\/person\/11b47143d9f755babca2c9110e03235c"},"breadcrumb":{"@id":"https:\/\/fr.motocrossmag.be\/index.php\/2015\/11\/photos-supercross-de-paris-lille\/#breadcrumb"},"inLanguage":"fr-FR","potentialAction":[{"@type":"ReadAction","target":["https:\/\/fr.motocrossmag.be\/index.php\/2015\/11\/photos-supercross-de-paris-lille\/"]}]},{"@type":"ImageObject","inLanguage":"fr-FR","@id":"https:\/\/fr.motocrossmag.be\/index.php\/2015\/11\/photos-supercross-de-paris-lille\/#primaryimage","url":"https:\/\/fr.motocrossmag.be\/wp-content\/uploads\/2015\/11\/Lille_SX_2015_dimanche-IMG_0307-copie.jpg","contentUrl":"https:\/\/fr.motocrossmag.be\/wp-content\/uploads\/2015\/11\/Lille_SX_2015_dimanche-IMG_0307-copie.jpg","width":1000,"height":667},{"@type":"BreadcrumbList","@id":"https:\/\/fr.motocrossmag.be\/index.php\/2015\/11\/photos-supercross-de-paris-lille\/#breadcrumb","itemListElement":[{"@type":"ListItem","position":1,"name":"Accueil","item":"https:\/\/fr.motocrossmag.be\/"},{"@type":"ListItem","position":2,"name":"Photos: Supercross de Paris-Lille"}]},{"@type":"WebSite","@id":"https:\/\/fr.motocrossmag.be\/#website","url":"https:\/\/fr.motocrossmag.be\/","name":"Motocross - Enduro - Supermoto | MotocrossMag","description":"L&#039;actualit\u00e9 du motocross, de l&#039;enduro et du Supermoto en ligne!","potentialAction":[{"@type":"SearchAction","target":{"@type":"EntryPoint","urlTemplate":"https:\/\/fr.motocrossmag.be\/?s={search_term_string}"},"query-input":{"@type":"PropertyValueSpecification","valueRequired":true,"valueName":"search_term_string"}}],"inLanguage":"fr-FR"},{"@type":"Person","@id":"https:\/\/fr.motocrossmag.be\/#\/schema\/person\/11b47143d9f755babca2c9110e03235c","name":"oliviere","image":{"@type":"ImageObject","inLanguage":"fr-FR","@id":"https:\/\/secure.gravatar.com\/avatar\/907069e0b81d119452040469e4a7501da1100f54f7f80180ce77bfab718288f6?s=96&d=mm&r=g","url":"https:\/\/secure.gravatar.com\/avatar\/907069e0b81d119452040469e4a7501da1100f54f7f80180ce77bfab718288f6?s=96&d=mm&r=g","contentUrl":"https:\/\/secure.gravatar.com\/avatar\/907069e0b81d119452040469e4a7501da1100f54f7f80180ce77bfab718288f6?s=96&d=mm&r=g","caption":"oliviere"},"sameAs":["http:\/\/www.motocrossmag.be"],"url":"https:\/\/fr.motocrossmag.be\/index.php\/author\/oliviere\/"}]}},"_links":{"self":[{"href":"https:\/\/fr.motocrossmag.be\/index.php\/wp-json\/wp\/v2\/posts\/40737","targetHints":{"allow":["GET"]}}],"collection":[{"href":"https:\/\/fr.motocrossmag.be\/index.php\/wp-json\/wp\/v2\/posts"}],"about":[{"href":"https:\/\/fr.motocrossmag.be\/index.php\/wp-json\/wp\/v2\/types\/post"}],"author":[{"embeddable":true,"href":"https:\/\/fr.motocrossmag.be\/index.php\/wp-json\/wp\/v2\/users\/932"}],"replies":[{"embeddable":true,"href":"https:\/\/fr.motocrossmag.be\/index.php\/wp-json\/wp\/v2\/comments?post=40737"}],"version-history":[{"count":1,"href":"https:\/\/fr.motocrossmag.be\/index.php\/wp-json\/wp\/v2\/posts\/40737\/revisions"}],"predecessor-version":[{"id":40769,"href":"https:\/\/fr.motocrossmag.be\/index.php\/wp-json\/wp\/v2\/posts\/40737\/revisions\/40769"}],"wp:featuredmedia":[{"embeddable":true,"href":"https:\/\/fr.motocrossmag.be\/index.php\/wp-json\/wp\/v2\/media\/40748"}],"wp:attachment":[{"href":"https:\/\/fr.motocrossmag.be\/index.php\/wp-json\/wp\/v2\/media?parent=40737"}],"wp:term":[{"taxonomy":"category","embeddable":true,"href":"https:\/\/fr.motocrossmag.be\/index.php\/wp-json\/wp\/v2\/categories?post=40737"},{"taxonomy":"post_tag","embeddable":true,"href":"https:\/\/fr.motocrossmag.be\/index.php\/wp-json\/wp\/v2\/tags?post=40737"}],"curies":[{"name":"wp","href":"https:\/\/api.w.org\/{rel}","templated":true}]}}