{"id":410,"date":"2008-04-10T16:48:16","date_gmt":"2008-04-10T15:48:16","guid":{"rendered":"http:\/\/www.motocrossmag.be\/2008\/04\/10\/motocross-fmb-plainte-deposee-contre-le-circuit-de-kester\/"},"modified":"2008-04-10T16:48:16","modified_gmt":"2008-04-10T15:48:16","slug":"motocross-fmb-plainte-deposee-contre-le-circuit-de-kester","status":"publish","type":"post","link":"https:\/\/fr.motocrossmag.be\/index.php\/2008\/04\/motocross-fmb-plainte-deposee-contre-le-circuit-de-kester\/","title":{"rendered":"Motocross FMB | Plainte d\u00e9pos\u00e9e contre le circuit de Kester"},"content":{"rendered":"<p>La semaine derni\u00e8re, le Tribunal de Premi\u00e8re Instance de Bruxelles a d\u00e9clar\u00e9 irrecevable une plainte contre l&rsquo;organisation de l&rsquo;\u00e9preuve de motocross de Kester \u00e9manant de onze habitants de Gooik. Par cons\u00e9quence, le circuit peut donc \u00eatre utilis\u00e9 une fois par an pour l&rsquo;organisation du motocross de Kester.<\/p>\n<p>Le club organisateur, l&rsquo;A.M.C. Dworp, s&rsquo;est d\u00e9clar\u00e9 soulag\u00e9. On ne sait pas encore si les habitants de Gooik iront en appel de cette d\u00e9cision. Pour Ren\u00e9 Deboeck, pr\u00e9sident de l&rsquo;A.M.C. Dworp, cette d\u00e9cision du tribunal n&rsquo;est pas une surprise: \u00ab\u00a0Depuis 1993, nous avons re\u00e7u l&rsquo;autorisation chaque ann\u00e9e du minist\u00e8re comp\u00e9tent. En outre, les terrains sont &agrave; chaque fois remis en l&rsquo;\u00e9tat d&rsquo;origine par nos soins. A chaque fois, il n&rsquo;y a plus aucune trace de la manifestation. Nous avons m\u00eame effectu\u00e9 des replantations lorsque cela \u00e9tait n\u00e9cessaire. Tous ces travaux sont suivis par la commune. Sur le plan de l&rsquo;organisation, nous recevons l&rsquo;aide de la commune de Gooik. Si cela n&rsquo;avait pas \u00e9t\u00e9 le cas, il y a longtemps qu&rsquo;il n&rsquo;y aurait plus de motocross au Kesterheide\u00a0\u00bb.<\/p>\n<p>Ce qui pr\u00e9c\u00e8de ne met bien s\u00e0\u00bbr pas fin aux discussions quant &agrave; l&rsquo;avenir du circuit. Une priorit\u00e9 est d&rsquo;ailleurs la mise sur pied d&rsquo;un plan global &agrave; long terme en ce qui concerne l&rsquo;organisation du motocross &agrave; cet endroit. En attendant, la seconde manche du United Telecom Trophy 2008 aura bien lieu le 22 juin &agrave; Kester.<\/p>\n","protected":false},"excerpt":{"rendered":"<p>La semaine derni\u00e8re, le Tribunal de Premi\u00e8re Instance de Bruxelles a d\u00e9clar\u00e9 irrecevable une plainte contre l&rsquo;organisation de l&rsquo;\u00e9preuve de motocross de Kester \u00e9manant de onze habitants de Gooik. Par [&#8230;]<\/p>\n","protected":false},"author":932,"featured_media":0,"comment_status":"open","ping_status":"open","sticky":false,"template":"","format":"standard","meta":{"footnotes":""},"categories":[54,4,5,55],"tags":[],"class_list":["post-410","post","type-post","status-publish","format-standard","hentry","category-actualite","category-motocross","category-news","category-news-actualite"],"yoast_head":"<!-- This site is optimized with the Yoast SEO plugin v27.4 - https:\/\/yoast.com\/product\/yoast-seo-wordpress\/ -->\n<title>Motocross FMB | Plainte d\u00e9pos\u00e9e contre le circuit de Kester - Motocross - Enduro - Supermoto | MotocrossMag<\/title>\n<meta name=\"robots\" content=\"index, follow, max-snippet:-1, max-image-preview:large, max-video-preview:-1\" \/>\n<link rel=\"canonical\" href=\"https:\/\/fr.motocrossmag.be\/index.php\/2008\/04\/motocross-fmb-plainte-deposee-contre-le-circuit-de-kester\/\" \/>\n<meta property=\"og:locale\" content=\"fr_FR\" \/>\n<meta property=\"og:type\" content=\"article\" \/>\n<meta property=\"og:title\" content=\"Motocross FMB | Plainte d\u00e9pos\u00e9e contre le circuit de Kester - Motocross - Enduro - Supermoto | MotocrossMag\" \/>\n<meta property=\"og:description\" content=\"La semaine derni\u00e8re, le Tribunal de Premi\u00e8re Instance de Bruxelles a d\u00e9clar\u00e9 irrecevable une plainte contre l&rsquo;organisation de l&rsquo;\u00e9preuve de motocross de Kester \u00e9manant de onze habitants de Gooik. Par [...]\" \/>\n<meta property=\"og:url\" content=\"https:\/\/fr.motocrossmag.be\/index.php\/2008\/04\/motocross-fmb-plainte-deposee-contre-le-circuit-de-kester\/\" \/>\n<meta property=\"og:site_name\" content=\"Motocross - Enduro - Supermoto | MotocrossMag\" \/>\n<meta property=\"article:published_time\" content=\"2008-04-10T15:48:16+00:00\" \/>\n<meta name=\"author\" content=\"oliviere\" \/>\n<meta name=\"twitter:card\" content=\"summary_large_image\" \/>\n<meta name=\"twitter:label1\" content=\"\u00c9crit par\" \/>\n\t<meta name=\"twitter:data1\" content=\"oliviere\" \/>\n\t<meta name=\"twitter:label2\" content=\"Dur\u00e9e de lecture estim\u00e9e\" \/>\n\t<meta name=\"twitter:data2\" content=\"1 minute\" \/>\n<script type=\"application\/ld+json\" class=\"yoast-schema-graph\">{\"@context\":\"https:\\\/\\\/schema.org\",\"@graph\":[{\"@type\":\"Article\",\"@id\":\"https:\\\/\\\/fr.motocrossmag.be\\\/index.php\\\/2008\\\/04\\\/motocross-fmb-plainte-deposee-contre-le-circuit-de-kester\\\/#article\",\"isPartOf\":{\"@id\":\"https:\\\/\\\/fr.motocrossmag.be\\\/index.php\\\/2008\\\/04\\\/motocross-fmb-plainte-deposee-contre-le-circuit-de-kester\\\/\"},\"author\":{\"name\":\"oliviere\",\"@id\":\"https:\\\/\\\/fr.motocrossmag.be\\\/#\\\/schema\\\/person\\\/11b47143d9f755babca2c9110e03235c\"},\"headline\":\"Motocross FMB | Plainte d\u00e9pos\u00e9e contre le circuit de Kester\",\"datePublished\":\"2008-04-10T15:48:16+00:00\",\"mainEntityOfPage\":{\"@id\":\"https:\\\/\\\/fr.motocrossmag.be\\\/index.php\\\/2008\\\/04\\\/motocross-fmb-plainte-deposee-contre-le-circuit-de-kester\\\/\"},\"wordCount\":281,\"commentCount\":0,\"articleSection\":[\"Actualit\u00e9\",\"Motocross\",\"News\",\"News\"],\"inLanguage\":\"fr-FR\",\"potentialAction\":[{\"@type\":\"CommentAction\",\"name\":\"Comment\",\"target\":[\"https:\\\/\\\/fr.motocrossmag.be\\\/index.php\\\/2008\\\/04\\\/motocross-fmb-plainte-deposee-contre-le-circuit-de-kester\\\/#respond\"]}]},{\"@type\":\"WebPage\",\"@id\":\"https:\\\/\\\/fr.motocrossmag.be\\\/index.php\\\/2008\\\/04\\\/motocross-fmb-plainte-deposee-contre-le-circuit-de-kester\\\/\",\"url\":\"https:\\\/\\\/fr.motocrossmag.be\\\/index.php\\\/2008\\\/04\\\/motocross-fmb-plainte-deposee-contre-le-circuit-de-kester\\\/\",\"name\":\"Motocross FMB | Plainte d\u00e9pos\u00e9e contre le circuit de Kester - Motocross - Enduro - Supermoto | MotocrossMag\",\"isPartOf\":{\"@id\":\"https:\\\/\\\/fr.motocrossmag.be\\\/#website\"},\"datePublished\":\"2008-04-10T15:48:16+00:00\",\"author\":{\"@id\":\"https:\\\/\\\/fr.motocrossmag.be\\\/#\\\/schema\\\/person\\\/11b47143d9f755babca2c9110e03235c\"},\"breadcrumb\":{\"@id\":\"https:\\\/\\\/fr.motocrossmag.be\\\/index.php\\\/2008\\\/04\\\/motocross-fmb-plainte-deposee-contre-le-circuit-de-kester\\\/#breadcrumb\"},\"inLanguage\":\"fr-FR\",\"potentialAction\":[{\"@type\":\"ReadAction\",\"target\":[\"https:\\\/\\\/fr.motocrossmag.be\\\/index.php\\\/2008\\\/04\\\/motocross-fmb-plainte-deposee-contre-le-circuit-de-kester\\\/\"]}]},{\"@type\":\"BreadcrumbList\",\"@id\":\"https:\\\/\\\/fr.motocrossmag.be\\\/index.php\\\/2008\\\/04\\\/motocross-fmb-plainte-deposee-contre-le-circuit-de-kester\\\/#breadcrumb\",\"itemListElement\":[{\"@type\":\"ListItem\",\"position\":1,\"name\":\"Accueil\",\"item\":\"https:\\\/\\\/fr.motocrossmag.be\\\/\"},{\"@type\":\"ListItem\",\"position\":2,\"name\":\"Motocross FMB | Plainte d\u00e9pos\u00e9e contre le circuit de Kester\"}]},{\"@type\":\"WebSite\",\"@id\":\"https:\\\/\\\/fr.motocrossmag.be\\\/#website\",\"url\":\"https:\\\/\\\/fr.motocrossmag.be\\\/\",\"name\":\"Motocross - Enduro - Supermoto | MotocrossMag\",\"description\":\"L&#039;actualit\u00e9 du motocross, de l&#039;enduro et du Supermoto en ligne!\",\"potentialAction\":[{\"@type\":\"SearchAction\",\"target\":{\"@type\":\"EntryPoint\",\"urlTemplate\":\"https:\\\/\\\/fr.motocrossmag.be\\\/?s={search_term_string}\"},\"query-input\":{\"@type\":\"PropertyValueSpecification\",\"valueRequired\":true,\"valueName\":\"search_term_string\"}}],\"inLanguage\":\"fr-FR\"},{\"@type\":\"Person\",\"@id\":\"https:\\\/\\\/fr.motocrossmag.be\\\/#\\\/schema\\\/person\\\/11b47143d9f755babca2c9110e03235c\",\"name\":\"oliviere\",\"image\":{\"@type\":\"ImageObject\",\"inLanguage\":\"fr-FR\",\"@id\":\"https:\\\/\\\/secure.gravatar.com\\\/avatar\\\/907069e0b81d119452040469e4a7501da1100f54f7f80180ce77bfab718288f6?s=96&d=mm&r=g\",\"url\":\"https:\\\/\\\/secure.gravatar.com\\\/avatar\\\/907069e0b81d119452040469e4a7501da1100f54f7f80180ce77bfab718288f6?s=96&d=mm&r=g\",\"contentUrl\":\"https:\\\/\\\/secure.gravatar.com\\\/avatar\\\/907069e0b81d119452040469e4a7501da1100f54f7f80180ce77bfab718288f6?s=96&d=mm&r=g\",\"caption\":\"oliviere\"},\"sameAs\":[\"http:\\\/\\\/www.motocrossmag.be\"],\"url\":\"https:\\\/\\\/fr.motocrossmag.be\\\/index.php\\\/author\\\/oliviere\\\/\"}]}<\/script>\n<!-- \/ Yoast SEO plugin. -->","yoast_head_json":{"title":"Motocross FMB | Plainte d\u00e9pos\u00e9e contre le circuit de Kester - Motocross - Enduro - Supermoto | MotocrossMag","robots":{"index":"index","follow":"follow","max-snippet":"max-snippet:-1","max-image-preview":"max-image-preview:large","max-video-preview":"max-video-preview:-1"},"canonical":"https:\/\/fr.motocrossmag.be\/index.php\/2008\/04\/motocross-fmb-plainte-deposee-contre-le-circuit-de-kester\/","og_locale":"fr_FR","og_type":"article","og_title":"Motocross FMB | Plainte d\u00e9pos\u00e9e contre le circuit de Kester - Motocross - Enduro - Supermoto | MotocrossMag","og_description":"La semaine derni\u00e8re, le Tribunal de Premi\u00e8re Instance de Bruxelles a d\u00e9clar\u00e9 irrecevable une plainte contre l&rsquo;organisation de l&rsquo;\u00e9preuve de motocross de Kester \u00e9manant de onze habitants de Gooik. Par [...]","og_url":"https:\/\/fr.motocrossmag.be\/index.php\/2008\/04\/motocross-fmb-plainte-deposee-contre-le-circuit-de-kester\/","og_site_name":"Motocross - Enduro - Supermoto | MotocrossMag","article_published_time":"2008-04-10T15:48:16+00:00","author":"oliviere","twitter_card":"summary_large_image","twitter_misc":{"\u00c9crit par":"oliviere","Dur\u00e9e de lecture estim\u00e9e":"1 minute"},"schema":{"@context":"https:\/\/schema.org","@graph":[{"@type":"Article","@id":"https:\/\/fr.motocrossmag.be\/index.php\/2008\/04\/motocross-fmb-plainte-deposee-contre-le-circuit-de-kester\/#article","isPartOf":{"@id":"https:\/\/fr.motocrossmag.be\/index.php\/2008\/04\/motocross-fmb-plainte-deposee-contre-le-circuit-de-kester\/"},"author":{"name":"oliviere","@id":"https:\/\/fr.motocrossmag.be\/#\/schema\/person\/11b47143d9f755babca2c9110e03235c"},"headline":"Motocross FMB | Plainte d\u00e9pos\u00e9e contre le circuit de Kester","datePublished":"2008-04-10T15:48:16+00:00","mainEntityOfPage":{"@id":"https:\/\/fr.motocrossmag.be\/index.php\/2008\/04\/motocross-fmb-plainte-deposee-contre-le-circuit-de-kester\/"},"wordCount":281,"commentCount":0,"articleSection":["Actualit\u00e9","Motocross","News","News"],"inLanguage":"fr-FR","potentialAction":[{"@type":"CommentAction","name":"Comment","target":["https:\/\/fr.motocrossmag.be\/index.php\/2008\/04\/motocross-fmb-plainte-deposee-contre-le-circuit-de-kester\/#respond"]}]},{"@type":"WebPage","@id":"https:\/\/fr.motocrossmag.be\/index.php\/2008\/04\/motocross-fmb-plainte-deposee-contre-le-circuit-de-kester\/","url":"https:\/\/fr.motocrossmag.be\/index.php\/2008\/04\/motocross-fmb-plainte-deposee-contre-le-circuit-de-kester\/","name":"Motocross FMB | Plainte d\u00e9pos\u00e9e contre le circuit de Kester - Motocross - Enduro - Supermoto | MotocrossMag","isPartOf":{"@id":"https:\/\/fr.motocrossmag.be\/#website"},"datePublished":"2008-04-10T15:48:16+00:00","author":{"@id":"https:\/\/fr.motocrossmag.be\/#\/schema\/person\/11b47143d9f755babca2c9110e03235c"},"breadcrumb":{"@id":"https:\/\/fr.motocrossmag.be\/index.php\/2008\/04\/motocross-fmb-plainte-deposee-contre-le-circuit-de-kester\/#breadcrumb"},"inLanguage":"fr-FR","potentialAction":[{"@type":"ReadAction","target":["https:\/\/fr.motocrossmag.be\/index.php\/2008\/04\/motocross-fmb-plainte-deposee-contre-le-circuit-de-kester\/"]}]},{"@type":"BreadcrumbList","@id":"https:\/\/fr.motocrossmag.be\/index.php\/2008\/04\/motocross-fmb-plainte-deposee-contre-le-circuit-de-kester\/#breadcrumb","itemListElement":[{"@type":"ListItem","position":1,"name":"Accueil","item":"https:\/\/fr.motocrossmag.be\/"},{"@type":"ListItem","position":2,"name":"Motocross FMB | Plainte d\u00e9pos\u00e9e contre le circuit de Kester"}]},{"@type":"WebSite","@id":"https:\/\/fr.motocrossmag.be\/#website","url":"https:\/\/fr.motocrossmag.be\/","name":"Motocross - Enduro - Supermoto | MotocrossMag","description":"L&#039;actualit\u00e9 du motocross, de l&#039;enduro et du Supermoto en ligne!","potentialAction":[{"@type":"SearchAction","target":{"@type":"EntryPoint","urlTemplate":"https:\/\/fr.motocrossmag.be\/?s={search_term_string}"},"query-input":{"@type":"PropertyValueSpecification","valueRequired":true,"valueName":"search_term_string"}}],"inLanguage":"fr-FR"},{"@type":"Person","@id":"https:\/\/fr.motocrossmag.be\/#\/schema\/person\/11b47143d9f755babca2c9110e03235c","name":"oliviere","image":{"@type":"ImageObject","inLanguage":"fr-FR","@id":"https:\/\/secure.gravatar.com\/avatar\/907069e0b81d119452040469e4a7501da1100f54f7f80180ce77bfab718288f6?s=96&d=mm&r=g","url":"https:\/\/secure.gravatar.com\/avatar\/907069e0b81d119452040469e4a7501da1100f54f7f80180ce77bfab718288f6?s=96&d=mm&r=g","contentUrl":"https:\/\/secure.gravatar.com\/avatar\/907069e0b81d119452040469e4a7501da1100f54f7f80180ce77bfab718288f6?s=96&d=mm&r=g","caption":"oliviere"},"sameAs":["http:\/\/www.motocrossmag.be"],"url":"https:\/\/fr.motocrossmag.be\/index.php\/author\/oliviere\/"}]}},"_links":{"self":[{"href":"https:\/\/fr.motocrossmag.be\/index.php\/wp-json\/wp\/v2\/posts\/410","targetHints":{"allow":["GET"]}}],"collection":[{"href":"https:\/\/fr.motocrossmag.be\/index.php\/wp-json\/wp\/v2\/posts"}],"about":[{"href":"https:\/\/fr.motocrossmag.be\/index.php\/wp-json\/wp\/v2\/types\/post"}],"author":[{"embeddable":true,"href":"https:\/\/fr.motocrossmag.be\/index.php\/wp-json\/wp\/v2\/users\/932"}],"replies":[{"embeddable":true,"href":"https:\/\/fr.motocrossmag.be\/index.php\/wp-json\/wp\/v2\/comments?post=410"}],"version-history":[{"count":0,"href":"https:\/\/fr.motocrossmag.be\/index.php\/wp-json\/wp\/v2\/posts\/410\/revisions"}],"wp:attachment":[{"href":"https:\/\/fr.motocrossmag.be\/index.php\/wp-json\/wp\/v2\/media?parent=410"}],"wp:term":[{"taxonomy":"category","embeddable":true,"href":"https:\/\/fr.motocrossmag.be\/index.php\/wp-json\/wp\/v2\/categories?post=410"},{"taxonomy":"post_tag","embeddable":true,"href":"https:\/\/fr.motocrossmag.be\/index.php\/wp-json\/wp\/v2\/tags?post=410"}],"curies":[{"name":"wp","href":"https:\/\/api.w.org\/{rel}","templated":true}]}}