{"id":411,"date":"2008-04-10T16:55:57","date_gmt":"2008-04-10T15:55:57","guid":{"rendered":"http:\/\/www.motocrossmag.be\/2008\/04\/10\/motocross-international-everts-friends-charity-race-le-23-aout-a-genk\/"},"modified":"2008-04-10T16:55:57","modified_gmt":"2008-04-10T15:55:57","slug":"motocross-international-everts-friends-charity-race-le-23-aout-a-genk","status":"publish","type":"post","link":"https:\/\/fr.motocrossmag.be\/index.php\/2008\/04\/motocross-international-everts-friends-charity-race-le-23-aout-a-genk\/","title":{"rendered":"Motocross international | Everts &#038; Friends Charity Race le 23 ao\u00e0\u00bbt &agrave; Genk"},"content":{"rendered":"<p>C&rsquo;est maintenant officiel: c&rsquo;est bien le samedi 23 ao\u00e0\u00bbt, sur le circuit \u00ab\u00a0de Horenbergsdam\u00a0\u00bb &agrave; Genk qu&rsquo;aura lieu la troisi\u00e8me \u00e9dition de la &lsquo;Everts &amp; Friends Charity Race&rsquo;. Un motocross-\u00e9v\u00e9nement organis\u00e9 pour la bonne cause! Lors de cette journ\u00e9e, notre d\u00e9cuple champion du monde, actuellement Race Director chez KTM, se mettra en piste avec ses coll\u00e8gues du MX1.<\/p>\n<p><img class=\"lazyload\" decoding=\"async\" src=\"data:image\/gif;base64,R0lGODlhAQABAAAAACH5BAEKAAEALAAAAAABAAEAAAICTAEAOw==\" data-orig-src=\"http:\/\/www.motocrossmag.be\/wp-content\/uploads\/2008\/04\/everts2.jpg\" alt=\"Stefan Everts vous donne rendez-vous le 23 ao\u00e0\u00bbt &agrave; Genk pour la 3\u00e8me \u00e9dition de son motocross-\u00e9v\u00e9nement \u00e2\u20ac\u0153Everts &amp; Friends\u00e2\u20ac\u009d\" \/><\/p>\n<p>Une opportunit\u00e9 &agrave; ne pas manquer afin de pouvoir admirer encore une fois &lsquo;The Legend&rsquo; lors d&rsquo;un programme exceptionnel. Ainsi, l&rsquo;apr\u00e8s-midi, il y aura des \u00e9preuves pour les &lsquo;Ladies&rsquo; et pour les &lsquo;Future Stars&rsquo; (85cc) tandis que les champions MX1 (&lsquo;GP Stars&rsquo;) participeront &#8211; entre autres &#8211; &agrave; une &lsquo;American Race&rsquo; (apr\u00e8s chaque tour les quatre derniers pilotes sont \u00e9limin\u00e9s et un nouveau d\u00e9part est donn\u00e9), une &lsquo;Women&rsquo;s Chase&rsquo; (une \u00e9preuve lors de laquelle les hommes partent pratiquement un tour apr\u00e8s les dames) et une &lsquo;Wrong Way Pitstop Race&rsquo; (il faut parcourir le circuit &agrave; l&rsquo;envers).<\/p>\n<p>Aux abords du circuit, il y aura un grand nombre d&rsquo;attractions. Apr\u00e8s les \u00e9preuves aura lieu la fameuse &lsquo;MX Party&rsquo;, organis\u00e9e sous une tente par les supporters de Stefan. On allait oublier les d\u00e9monstrations de freestyle effectu\u00e9es par le FMX4Ever Team de Jimmy Verburgh!<\/p>\n<p>Il faut savoir que les rentr\u00e9es g\u00e9n\u00e9r\u00e9es par la &lsquo;Everts &amp; Friends Charity Race&rsquo; sont revers\u00e9es int\u00e9gralement &agrave; deux \u00c5\u201cuvres s\u00e9lectionn\u00e9es par Stefan: &lsquo;Een Hart voor Limburg&rsquo; (Fondation Roi Baudouin) et le Luxemburgs-Belgisch kinderkankerfonds (fonds belgo-luxembourgeois pour les enfants atteints du cancer).<\/p>\n","protected":false},"excerpt":{"rendered":"<p>C&rsquo;est maintenant officiel: c&rsquo;est bien le samedi 23 ao\u00e0\u00bbt, sur le circuit \u00ab\u00a0de Horenbergsdam\u00a0\u00bb &agrave; Genk qu&rsquo;aura lieu la troisi\u00e8me \u00e9dition de la &lsquo;Everts &amp; Friends Charity Race&rsquo;. Un motocross-\u00e9v\u00e9nement [&#8230;]<\/p>\n","protected":false},"author":932,"featured_media":0,"comment_status":"open","ping_status":"open","sticky":false,"template":"","format":"standard","meta":{"footnotes":""},"categories":[54,4,5,55],"tags":[],"class_list":["post-411","post","type-post","status-publish","format-standard","hentry","category-actualite","category-motocross","category-news","category-news-actualite"],"yoast_head":"<!-- This site is optimized with the Yoast SEO plugin v27.4 - https:\/\/yoast.com\/product\/yoast-seo-wordpress\/ -->\n<title>Motocross international | Everts &amp; Friends Charity Race le 23 ao\u00e0\u00bbt &agrave; Genk - Motocross - Enduro - Supermoto | MotocrossMag<\/title>\n<meta name=\"robots\" content=\"index, follow, max-snippet:-1, max-image-preview:large, max-video-preview:-1\" \/>\n<link rel=\"canonical\" href=\"https:\/\/fr.motocrossmag.be\/index.php\/2008\/04\/motocross-international-everts-friends-charity-race-le-23-aout-a-genk\/\" \/>\n<meta property=\"og:locale\" content=\"fr_FR\" \/>\n<meta property=\"og:type\" content=\"article\" \/>\n<meta property=\"og:title\" content=\"Motocross international | Everts &amp; Friends Charity Race le 23 ao\u00e0\u00bbt &agrave; Genk - Motocross - Enduro - Supermoto | MotocrossMag\" \/>\n<meta property=\"og:description\" content=\"C&rsquo;est maintenant officiel: c&rsquo;est bien le samedi 23 ao\u00e0\u00bbt, sur le circuit \u00ab\u00a0de Horenbergsdam\u00a0\u00bb &agrave; Genk qu&rsquo;aura lieu la troisi\u00e8me \u00e9dition de la &lsquo;Everts &amp; Friends Charity Race&rsquo;. Un motocross-\u00e9v\u00e9nement [...]\" \/>\n<meta property=\"og:url\" content=\"https:\/\/fr.motocrossmag.be\/index.php\/2008\/04\/motocross-international-everts-friends-charity-race-le-23-aout-a-genk\/\" \/>\n<meta property=\"og:site_name\" content=\"Motocross - Enduro - Supermoto | MotocrossMag\" \/>\n<meta property=\"article:published_time\" content=\"2008-04-10T15:55:57+00:00\" \/>\n<meta property=\"og:image\" content=\"http:\/\/www.motocrossmag.be\/wp-content\/uploads\/2008\/04\/everts2.jpg\" \/>\n<meta name=\"author\" content=\"oliviere\" \/>\n<meta name=\"twitter:card\" content=\"summary_large_image\" \/>\n<meta name=\"twitter:label1\" content=\"\u00c9crit par\" \/>\n\t<meta name=\"twitter:data1\" content=\"oliviere\" \/>\n\t<meta name=\"twitter:label2\" content=\"Dur\u00e9e de lecture estim\u00e9e\" \/>\n\t<meta name=\"twitter:data2\" content=\"1 minute\" \/>\n<script type=\"application\/ld+json\" class=\"yoast-schema-graph\">{\"@context\":\"https:\\\/\\\/schema.org\",\"@graph\":[{\"@type\":\"Article\",\"@id\":\"https:\\\/\\\/fr.motocrossmag.be\\\/index.php\\\/2008\\\/04\\\/motocross-international-everts-friends-charity-race-le-23-aout-a-genk\\\/#article\",\"isPartOf\":{\"@id\":\"https:\\\/\\\/fr.motocrossmag.be\\\/index.php\\\/2008\\\/04\\\/motocross-international-everts-friends-charity-race-le-23-aout-a-genk\\\/\"},\"author\":{\"name\":\"oliviere\",\"@id\":\"https:\\\/\\\/fr.motocrossmag.be\\\/#\\\/schema\\\/person\\\/11b47143d9f755babca2c9110e03235c\"},\"headline\":\"Motocross international | Everts &#038; Friends Charity Race le 23 ao\u00e0\u00bbt &agrave; Genk\",\"datePublished\":\"2008-04-10T15:55:57+00:00\",\"mainEntityOfPage\":{\"@id\":\"https:\\\/\\\/fr.motocrossmag.be\\\/index.php\\\/2008\\\/04\\\/motocross-international-everts-friends-charity-race-le-23-aout-a-genk\\\/\"},\"wordCount\":283,\"commentCount\":0,\"image\":{\"@id\":\"https:\\\/\\\/fr.motocrossmag.be\\\/index.php\\\/2008\\\/04\\\/motocross-international-everts-friends-charity-race-le-23-aout-a-genk\\\/#primaryimage\"},\"thumbnailUrl\":\"http:\\\/\\\/www.motocrossmag.be\\\/wp-content\\\/uploads\\\/2008\\\/04\\\/everts2.jpg\",\"articleSection\":[\"Actualit\u00e9\",\"Motocross\",\"News\",\"News\"],\"inLanguage\":\"fr-FR\",\"potentialAction\":[{\"@type\":\"CommentAction\",\"name\":\"Comment\",\"target\":[\"https:\\\/\\\/fr.motocrossmag.be\\\/index.php\\\/2008\\\/04\\\/motocross-international-everts-friends-charity-race-le-23-aout-a-genk\\\/#respond\"]}]},{\"@type\":\"WebPage\",\"@id\":\"https:\\\/\\\/fr.motocrossmag.be\\\/index.php\\\/2008\\\/04\\\/motocross-international-everts-friends-charity-race-le-23-aout-a-genk\\\/\",\"url\":\"https:\\\/\\\/fr.motocrossmag.be\\\/index.php\\\/2008\\\/04\\\/motocross-international-everts-friends-charity-race-le-23-aout-a-genk\\\/\",\"name\":\"Motocross international | Everts & Friends Charity Race le 23 ao\u00e0\u00bbt &agrave; Genk - Motocross - Enduro - Supermoto | MotocrossMag\",\"isPartOf\":{\"@id\":\"https:\\\/\\\/fr.motocrossmag.be\\\/#website\"},\"primaryImageOfPage\":{\"@id\":\"https:\\\/\\\/fr.motocrossmag.be\\\/index.php\\\/2008\\\/04\\\/motocross-international-everts-friends-charity-race-le-23-aout-a-genk\\\/#primaryimage\"},\"image\":{\"@id\":\"https:\\\/\\\/fr.motocrossmag.be\\\/index.php\\\/2008\\\/04\\\/motocross-international-everts-friends-charity-race-le-23-aout-a-genk\\\/#primaryimage\"},\"thumbnailUrl\":\"http:\\\/\\\/www.motocrossmag.be\\\/wp-content\\\/uploads\\\/2008\\\/04\\\/everts2.jpg\",\"datePublished\":\"2008-04-10T15:55:57+00:00\",\"author\":{\"@id\":\"https:\\\/\\\/fr.motocrossmag.be\\\/#\\\/schema\\\/person\\\/11b47143d9f755babca2c9110e03235c\"},\"breadcrumb\":{\"@id\":\"https:\\\/\\\/fr.motocrossmag.be\\\/index.php\\\/2008\\\/04\\\/motocross-international-everts-friends-charity-race-le-23-aout-a-genk\\\/#breadcrumb\"},\"inLanguage\":\"fr-FR\",\"potentialAction\":[{\"@type\":\"ReadAction\",\"target\":[\"https:\\\/\\\/fr.motocrossmag.be\\\/index.php\\\/2008\\\/04\\\/motocross-international-everts-friends-charity-race-le-23-aout-a-genk\\\/\"]}]},{\"@type\":\"ImageObject\",\"inLanguage\":\"fr-FR\",\"@id\":\"https:\\\/\\\/fr.motocrossmag.be\\\/index.php\\\/2008\\\/04\\\/motocross-international-everts-friends-charity-race-le-23-aout-a-genk\\\/#primaryimage\",\"url\":\"http:\\\/\\\/www.motocrossmag.be\\\/wp-content\\\/uploads\\\/2008\\\/04\\\/everts2.jpg\",\"contentUrl\":\"http:\\\/\\\/www.motocrossmag.be\\\/wp-content\\\/uploads\\\/2008\\\/04\\\/everts2.jpg\"},{\"@type\":\"BreadcrumbList\",\"@id\":\"https:\\\/\\\/fr.motocrossmag.be\\\/index.php\\\/2008\\\/04\\\/motocross-international-everts-friends-charity-race-le-23-aout-a-genk\\\/#breadcrumb\",\"itemListElement\":[{\"@type\":\"ListItem\",\"position\":1,\"name\":\"Accueil\",\"item\":\"https:\\\/\\\/fr.motocrossmag.be\\\/\"},{\"@type\":\"ListItem\",\"position\":2,\"name\":\"Motocross international | Everts &#038; Friends Charity Race le 23 ao\u00e0\u00bbt &agrave; Genk\"}]},{\"@type\":\"WebSite\",\"@id\":\"https:\\\/\\\/fr.motocrossmag.be\\\/#website\",\"url\":\"https:\\\/\\\/fr.motocrossmag.be\\\/\",\"name\":\"Motocross - Enduro - Supermoto | MotocrossMag\",\"description\":\"L&#039;actualit\u00e9 du motocross, de l&#039;enduro et du Supermoto en ligne!\",\"potentialAction\":[{\"@type\":\"SearchAction\",\"target\":{\"@type\":\"EntryPoint\",\"urlTemplate\":\"https:\\\/\\\/fr.motocrossmag.be\\\/?s={search_term_string}\"},\"query-input\":{\"@type\":\"PropertyValueSpecification\",\"valueRequired\":true,\"valueName\":\"search_term_string\"}}],\"inLanguage\":\"fr-FR\"},{\"@type\":\"Person\",\"@id\":\"https:\\\/\\\/fr.motocrossmag.be\\\/#\\\/schema\\\/person\\\/11b47143d9f755babca2c9110e03235c\",\"name\":\"oliviere\",\"image\":{\"@type\":\"ImageObject\",\"inLanguage\":\"fr-FR\",\"@id\":\"https:\\\/\\\/secure.gravatar.com\\\/avatar\\\/907069e0b81d119452040469e4a7501da1100f54f7f80180ce77bfab718288f6?s=96&d=mm&r=g\",\"url\":\"https:\\\/\\\/secure.gravatar.com\\\/avatar\\\/907069e0b81d119452040469e4a7501da1100f54f7f80180ce77bfab718288f6?s=96&d=mm&r=g\",\"contentUrl\":\"https:\\\/\\\/secure.gravatar.com\\\/avatar\\\/907069e0b81d119452040469e4a7501da1100f54f7f80180ce77bfab718288f6?s=96&d=mm&r=g\",\"caption\":\"oliviere\"},\"sameAs\":[\"http:\\\/\\\/www.motocrossmag.be\"],\"url\":\"https:\\\/\\\/fr.motocrossmag.be\\\/index.php\\\/author\\\/oliviere\\\/\"}]}<\/script>\n<!-- \/ Yoast SEO plugin. -->","yoast_head_json":{"title":"Motocross international | Everts & Friends Charity Race le 23 ao\u00e0\u00bbt &agrave; Genk - Motocross - Enduro - Supermoto | MotocrossMag","robots":{"index":"index","follow":"follow","max-snippet":"max-snippet:-1","max-image-preview":"max-image-preview:large","max-video-preview":"max-video-preview:-1"},"canonical":"https:\/\/fr.motocrossmag.be\/index.php\/2008\/04\/motocross-international-everts-friends-charity-race-le-23-aout-a-genk\/","og_locale":"fr_FR","og_type":"article","og_title":"Motocross international | Everts & Friends Charity Race le 23 ao\u00e0\u00bbt &agrave; Genk - Motocross - Enduro - Supermoto | MotocrossMag","og_description":"C&rsquo;est maintenant officiel: c&rsquo;est bien le samedi 23 ao\u00e0\u00bbt, sur le circuit \u00ab\u00a0de Horenbergsdam\u00a0\u00bb &agrave; Genk qu&rsquo;aura lieu la troisi\u00e8me \u00e9dition de la &lsquo;Everts &amp; Friends Charity Race&rsquo;. Un motocross-\u00e9v\u00e9nement [...]","og_url":"https:\/\/fr.motocrossmag.be\/index.php\/2008\/04\/motocross-international-everts-friends-charity-race-le-23-aout-a-genk\/","og_site_name":"Motocross - Enduro - Supermoto | MotocrossMag","article_published_time":"2008-04-10T15:55:57+00:00","og_image":[{"url":"http:\/\/www.motocrossmag.be\/wp-content\/uploads\/2008\/04\/everts2.jpg","type":"","width":"","height":""}],"author":"oliviere","twitter_card":"summary_large_image","twitter_misc":{"\u00c9crit par":"oliviere","Dur\u00e9e de lecture estim\u00e9e":"1 minute"},"schema":{"@context":"https:\/\/schema.org","@graph":[{"@type":"Article","@id":"https:\/\/fr.motocrossmag.be\/index.php\/2008\/04\/motocross-international-everts-friends-charity-race-le-23-aout-a-genk\/#article","isPartOf":{"@id":"https:\/\/fr.motocrossmag.be\/index.php\/2008\/04\/motocross-international-everts-friends-charity-race-le-23-aout-a-genk\/"},"author":{"name":"oliviere","@id":"https:\/\/fr.motocrossmag.be\/#\/schema\/person\/11b47143d9f755babca2c9110e03235c"},"headline":"Motocross international | Everts &#038; Friends Charity Race le 23 ao\u00e0\u00bbt &agrave; Genk","datePublished":"2008-04-10T15:55:57+00:00","mainEntityOfPage":{"@id":"https:\/\/fr.motocrossmag.be\/index.php\/2008\/04\/motocross-international-everts-friends-charity-race-le-23-aout-a-genk\/"},"wordCount":283,"commentCount":0,"image":{"@id":"https:\/\/fr.motocrossmag.be\/index.php\/2008\/04\/motocross-international-everts-friends-charity-race-le-23-aout-a-genk\/#primaryimage"},"thumbnailUrl":"http:\/\/www.motocrossmag.be\/wp-content\/uploads\/2008\/04\/everts2.jpg","articleSection":["Actualit\u00e9","Motocross","News","News"],"inLanguage":"fr-FR","potentialAction":[{"@type":"CommentAction","name":"Comment","target":["https:\/\/fr.motocrossmag.be\/index.php\/2008\/04\/motocross-international-everts-friends-charity-race-le-23-aout-a-genk\/#respond"]}]},{"@type":"WebPage","@id":"https:\/\/fr.motocrossmag.be\/index.php\/2008\/04\/motocross-international-everts-friends-charity-race-le-23-aout-a-genk\/","url":"https:\/\/fr.motocrossmag.be\/index.php\/2008\/04\/motocross-international-everts-friends-charity-race-le-23-aout-a-genk\/","name":"Motocross international | Everts & Friends Charity Race le 23 ao\u00e0\u00bbt &agrave; Genk - Motocross - Enduro - Supermoto | MotocrossMag","isPartOf":{"@id":"https:\/\/fr.motocrossmag.be\/#website"},"primaryImageOfPage":{"@id":"https:\/\/fr.motocrossmag.be\/index.php\/2008\/04\/motocross-international-everts-friends-charity-race-le-23-aout-a-genk\/#primaryimage"},"image":{"@id":"https:\/\/fr.motocrossmag.be\/index.php\/2008\/04\/motocross-international-everts-friends-charity-race-le-23-aout-a-genk\/#primaryimage"},"thumbnailUrl":"http:\/\/www.motocrossmag.be\/wp-content\/uploads\/2008\/04\/everts2.jpg","datePublished":"2008-04-10T15:55:57+00:00","author":{"@id":"https:\/\/fr.motocrossmag.be\/#\/schema\/person\/11b47143d9f755babca2c9110e03235c"},"breadcrumb":{"@id":"https:\/\/fr.motocrossmag.be\/index.php\/2008\/04\/motocross-international-everts-friends-charity-race-le-23-aout-a-genk\/#breadcrumb"},"inLanguage":"fr-FR","potentialAction":[{"@type":"ReadAction","target":["https:\/\/fr.motocrossmag.be\/index.php\/2008\/04\/motocross-international-everts-friends-charity-race-le-23-aout-a-genk\/"]}]},{"@type":"ImageObject","inLanguage":"fr-FR","@id":"https:\/\/fr.motocrossmag.be\/index.php\/2008\/04\/motocross-international-everts-friends-charity-race-le-23-aout-a-genk\/#primaryimage","url":"http:\/\/www.motocrossmag.be\/wp-content\/uploads\/2008\/04\/everts2.jpg","contentUrl":"http:\/\/www.motocrossmag.be\/wp-content\/uploads\/2008\/04\/everts2.jpg"},{"@type":"BreadcrumbList","@id":"https:\/\/fr.motocrossmag.be\/index.php\/2008\/04\/motocross-international-everts-friends-charity-race-le-23-aout-a-genk\/#breadcrumb","itemListElement":[{"@type":"ListItem","position":1,"name":"Accueil","item":"https:\/\/fr.motocrossmag.be\/"},{"@type":"ListItem","position":2,"name":"Motocross international | Everts &#038; Friends Charity Race le 23 ao\u00e0\u00bbt &agrave; Genk"}]},{"@type":"WebSite","@id":"https:\/\/fr.motocrossmag.be\/#website","url":"https:\/\/fr.motocrossmag.be\/","name":"Motocross - Enduro - Supermoto | MotocrossMag","description":"L&#039;actualit\u00e9 du motocross, de l&#039;enduro et du Supermoto en ligne!","potentialAction":[{"@type":"SearchAction","target":{"@type":"EntryPoint","urlTemplate":"https:\/\/fr.motocrossmag.be\/?s={search_term_string}"},"query-input":{"@type":"PropertyValueSpecification","valueRequired":true,"valueName":"search_term_string"}}],"inLanguage":"fr-FR"},{"@type":"Person","@id":"https:\/\/fr.motocrossmag.be\/#\/schema\/person\/11b47143d9f755babca2c9110e03235c","name":"oliviere","image":{"@type":"ImageObject","inLanguage":"fr-FR","@id":"https:\/\/secure.gravatar.com\/avatar\/907069e0b81d119452040469e4a7501da1100f54f7f80180ce77bfab718288f6?s=96&d=mm&r=g","url":"https:\/\/secure.gravatar.com\/avatar\/907069e0b81d119452040469e4a7501da1100f54f7f80180ce77bfab718288f6?s=96&d=mm&r=g","contentUrl":"https:\/\/secure.gravatar.com\/avatar\/907069e0b81d119452040469e4a7501da1100f54f7f80180ce77bfab718288f6?s=96&d=mm&r=g","caption":"oliviere"},"sameAs":["http:\/\/www.motocrossmag.be"],"url":"https:\/\/fr.motocrossmag.be\/index.php\/author\/oliviere\/"}]}},"_links":{"self":[{"href":"https:\/\/fr.motocrossmag.be\/index.php\/wp-json\/wp\/v2\/posts\/411","targetHints":{"allow":["GET"]}}],"collection":[{"href":"https:\/\/fr.motocrossmag.be\/index.php\/wp-json\/wp\/v2\/posts"}],"about":[{"href":"https:\/\/fr.motocrossmag.be\/index.php\/wp-json\/wp\/v2\/types\/post"}],"author":[{"embeddable":true,"href":"https:\/\/fr.motocrossmag.be\/index.php\/wp-json\/wp\/v2\/users\/932"}],"replies":[{"embeddable":true,"href":"https:\/\/fr.motocrossmag.be\/index.php\/wp-json\/wp\/v2\/comments?post=411"}],"version-history":[{"count":0,"href":"https:\/\/fr.motocrossmag.be\/index.php\/wp-json\/wp\/v2\/posts\/411\/revisions"}],"wp:attachment":[{"href":"https:\/\/fr.motocrossmag.be\/index.php\/wp-json\/wp\/v2\/media?parent=411"}],"wp:term":[{"taxonomy":"category","embeddable":true,"href":"https:\/\/fr.motocrossmag.be\/index.php\/wp-json\/wp\/v2\/categories?post=411"},{"taxonomy":"post_tag","embeddable":true,"href":"https:\/\/fr.motocrossmag.be\/index.php\/wp-json\/wp\/v2\/tags?post=411"}],"curies":[{"name":"wp","href":"https:\/\/api.w.org\/{rel}","templated":true}]}}