{"id":41184,"date":"2015-12-08T13:12:42","date_gmt":"2015-12-08T12:12:42","guid":{"rendered":"http:\/\/fr.motocrossmag.be\/?p=41184"},"modified":"2015-12-08T13:29:48","modified_gmt":"2015-12-08T12:29:48","slug":"le-motocross-de-mons-programme-les-16-et-17-avril","status":"publish","type":"post","link":"https:\/\/fr.motocrossmag.be\/index.php\/2015\/12\/le-motocross-de-mons-programme-les-16-et-17-avril\/","title":{"rendered":"Le motocross de Mons programm\u00e9 les 16 et 17 avril"},"content":{"rendered":"<p>Le RAMC Mons n&rsquo;avait pas encore pu fixer de date pour son \u00e9preuve de motocross lors de la publication <a href=\"http:\/\/www.motocrossmag.be\/tech\/calendriers\/action~agenda\/page_offset~1\/time_limit~-2147558399\/cat_ids~38\/request_format~html\/\" target=\"_blank\">des calendriers sportifs 2016 de la FMB<\/a>. Le club montois esp\u00e9rait pouvoir encore int\u00e9grer son \u00e9preuve au championnat de Belgique inter mais les contraintes d&rsquo;une part du calendrier MXGP, d&rsquo;autre part li\u00e9es aux activit\u00e9s de l&rsquo;Hippodrome en bordure duquel se trouve le circuit du \u00ab\u00a0Bois Br\u00fbl\u00e9\u00a0\u00bb n&rsquo;ont pas permis de trouver de date qui puisse convenir \u00e0 toutes les parties.<\/p>\n<p>Le club de Mons organisera pourtant bien en 2016 mais se contentera, comme l&rsquo;avait fait l&rsquo;AMC Orp en 2015, d&rsquo;une \u00e9preuve \u00ab\u00a0Belgian National\u00a0\u00bb qu&rsquo;il compl\u00e8tera avec des courses pour machines anciennes, du freestyle ou encore des d\u00e9monstrations de trial. Cette \u00e9preuve se tiendra le dimanche 17 avril.<\/p><div class=\"ggxrw6a969f8665967\" ><!-- \/91277017\/Inline-articles-mobile -->\n<div style=\"margin:auto; text-align:center !important\">\n<div id='div-gpt-ad-1784982661365-0' style='min-width: 250px; min-height: 75px;'>\n  <script>\n    googletag.cmd.push(function() { googletag.display('div-gpt-ad-1784982661365-0'); });\n  <\/script>\n<\/div><\/div><\/div><style type=\"text\/css\">\r\n.ggxrw6a969f8665967 {\r\nmargin-bottom:30px;margin-top:20px\r\n}\r\n@media screen and (min-width: 1201px) {\r\n.ggxrw6a969f8665967 {\r\ndisplay: block;\r\n}\r\n}\r\n@media screen and (min-width: 993px) and (max-width: 1200px) {\r\n.ggxrw6a969f8665967 {\r\ndisplay: block;\r\n}\r\n}\r\n@media screen and (min-width: 769px) and (max-width: 992px) {\r\n.ggxrw6a969f8665967 {\r\ndisplay: block;\r\n}\r\n}\r\n@media screen and (min-width: 768px) and (max-width: 768px) {\r\n.ggxrw6a969f8665967 {\r\ndisplay: block;\r\n}\r\n}\r\n@media screen and (max-width: 767px) {\r\n.ggxrw6a969f8665967 {\r\ndisplay: block;\r\n}\r\n}\r\n<\/style>\r\n\n<p>Le samedi 16 avril, le circuit montois accueillera le championnat de Wallonie FMWB\/FPCNA.<\/p>\n<p>Ce sont donc 5 \u00e9preuves (Moerbeke, Kester, Balen, Orp et Mont-Saint-Guibert) qui composeront finalement le calendrier 2016 du championnat de Belgique inter.<\/p>\n<p>&nbsp;<\/p><div class=\"trctz6a969f8665984\" ><!-- \/91277017\/articles-inline-2 -->\n<div style=\"margin: 20px auto; text-align:center !important\">\n<div id='div-gpt-ad-1785021530385-0' style='min-width: 300px; min-height: 75px;'>\n  <script>\n    googletag.cmd.push(function() { googletag.display('div-gpt-ad-1785021530385-0'); });\n  <\/script>\n<\/div><\/div><\/div><style type=\"text\/css\">\r\n@media screen and (min-width: 1201px) {\r\n.trctz6a969f8665984 {\r\ndisplay: block;\r\n}\r\n}\r\n@media screen and (min-width: 993px) and (max-width: 1200px) {\r\n.trctz6a969f8665984 {\r\ndisplay: block;\r\n}\r\n}\r\n@media screen and (min-width: 769px) and (max-width: 992px) {\r\n.trctz6a969f8665984 {\r\ndisplay: block;\r\n}\r\n}\r\n@media screen and (min-width: 768px) and (max-width: 768px) {\r\n.trctz6a969f8665984 {\r\ndisplay: block;\r\n}\r\n}\r\n@media screen and (max-width: 767px) {\r\n.trctz6a969f8665984 {\r\ndisplay: block;\r\n}\r\n}\r\n<\/style>\r\n\n","protected":false},"excerpt":{"rendered":"<p>Le RAMC Mons n&rsquo;avait pas encore pu fixer de date pour son \u00e9preuve de motocross lors de la publication des calendriers sportifs 2016 de la FMB. Le club montois esp\u00e9rait pouvoir encore int\u00e9grer son \u00e9preuve au championnat de Belgique inter mais les contraintes d&rsquo;une part du calendrier MXGP, d&rsquo;autre part li\u00e9es aux activit\u00e9s de l&rsquo;Hippodrome [&hellip;]<\/p>\n","protected":false},"author":932,"featured_media":21708,"comment_status":"open","ping_status":"closed","sticky":false,"template":"","format":"standard","meta":{"tdm_status":"","tdm_grid_status":"","footnotes":""},"categories":[54,57,4,29,5,55,65],"tags":[],"class_list":["post-41184","post","type-post","status-publish","format-standard","has-post-thumbnail","category-actualite","category-calendriers","category-motocross","category-fmb","category-news","category-news-actualite","category-slideshow"],"yoast_head":"<!-- This site is optimized with the Yoast SEO plugin v28.3 - https:\/\/yoast.com\/product\/yoast-seo-wordpress\/ -->\n<title>Le motocross de Mons programm\u00e9 les 16 et 17 avril - Motocross - Enduro - Supermoto | MotocrossMag<\/title>\n<meta name=\"robots\" content=\"index, follow, max-snippet:-1, max-image-preview:large, max-video-preview:-1\" \/>\n<link rel=\"canonical\" href=\"https:\/\/fr.motocrossmag.be\/index.php\/2015\/12\/le-motocross-de-mons-programme-les-16-et-17-avril\/\" \/>\n<meta property=\"og:locale\" content=\"fr_FR\" \/>\n<meta property=\"og:type\" content=\"article\" \/>\n<meta property=\"og:title\" content=\"Le motocross de Mons programm\u00e9 les 16 et 17 avril - Motocross - Enduro - Supermoto | MotocrossMag\" \/>\n<meta property=\"og:description\" content=\"Le RAMC Mons n&rsquo;avait pas encore pu fixer de date pour son \u00e9preuve de motocross lors de la publication des calendriers sportifs 2016 de la FMB. Le club montois esp\u00e9rait pouvoir encore int\u00e9grer son \u00e9preuve au championnat de Belgique inter mais les contraintes d&rsquo;une part du calendrier MXGP, d&rsquo;autre part li\u00e9es aux activit\u00e9s de l&rsquo;Hippodrome [&hellip;]\" \/>\n<meta property=\"og:url\" content=\"https:\/\/fr.motocrossmag.be\/index.php\/2015\/12\/le-motocross-de-mons-programme-les-16-et-17-avril\/\" \/>\n<meta property=\"og:site_name\" content=\"Motocross - Enduro - Supermoto | MotocrossMag\" \/>\n<meta property=\"article:published_time\" content=\"2015-12-08T12:12:42+00:00\" \/>\n<meta property=\"article:modified_time\" content=\"2015-12-08T12:29:48+00:00\" \/>\n<meta property=\"og:image\" content=\"https:\/\/fr.motocrossmag.be\/wp-content\/uploads\/2014\/04\/20140407BKMons041.jpg\" \/>\n\t<meta property=\"og:image:width\" content=\"1024\" \/>\n\t<meta property=\"og:image:height\" content=\"680\" \/>\n\t<meta property=\"og:image:type\" content=\"image\/jpeg\" \/>\n<meta name=\"author\" content=\"oliviere\" \/>\n<meta name=\"twitter:card\" content=\"summary_large_image\" \/>\n<meta name=\"twitter:label1\" content=\"\u00c9crit par\" \/>\n\t<meta name=\"twitter:data1\" content=\"oliviere\" \/>\n\t<meta name=\"twitter:label2\" content=\"Dur\u00e9e de lecture estim\u00e9e\" \/>\n\t<meta name=\"twitter:data2\" content=\"1 minute\" \/>\n<script type=\"application\/ld+json\" class=\"yoast-schema-graph\">{\"@context\":\"https:\\\/\\\/schema.org\",\"@graph\":[{\"@type\":\"Article\",\"@id\":\"https:\\\/\\\/fr.motocrossmag.be\\\/index.php\\\/2015\\\/12\\\/le-motocross-de-mons-programme-les-16-et-17-avril\\\/#article\",\"isPartOf\":{\"@id\":\"https:\\\/\\\/fr.motocrossmag.be\\\/index.php\\\/2015\\\/12\\\/le-motocross-de-mons-programme-les-16-et-17-avril\\\/\"},\"author\":{\"name\":\"oliviere\",\"@id\":\"https:\\\/\\\/fr.motocrossmag.be\\\/#\\\/schema\\\/person\\\/11b47143d9f755babca2c9110e03235c\"},\"headline\":\"Le motocross de Mons programm\u00e9 les 16 et 17 avril\",\"datePublished\":\"2015-12-08T12:12:42+00:00\",\"dateModified\":\"2015-12-08T12:29:48+00:00\",\"mainEntityOfPage\":{\"@id\":\"https:\\\/\\\/fr.motocrossmag.be\\\/index.php\\\/2015\\\/12\\\/le-motocross-de-mons-programme-les-16-et-17-avril\\\/\"},\"wordCount\":179,\"commentCount\":0,\"image\":{\"@id\":\"https:\\\/\\\/fr.motocrossmag.be\\\/index.php\\\/2015\\\/12\\\/le-motocross-de-mons-programme-les-16-et-17-avril\\\/#primaryimage\"},\"thumbnailUrl\":\"https:\\\/\\\/fr.motocrossmag.be\\\/wp-content\\\/uploads\\\/2014\\\/04\\\/20140407BKMons041.jpg\",\"articleSection\":[\"Actualit\u00e9\",\"Calendriers\",\"Motocross\",\"Motocross FMB\",\"News\",\"News\",\"Slideshow\"],\"inLanguage\":\"fr-FR\",\"potentialAction\":[{\"@type\":\"CommentAction\",\"name\":\"Comment\",\"target\":[\"https:\\\/\\\/fr.motocrossmag.be\\\/index.php\\\/2015\\\/12\\\/le-motocross-de-mons-programme-les-16-et-17-avril\\\/#respond\"]}]},{\"@type\":\"WebPage\",\"@id\":\"https:\\\/\\\/fr.motocrossmag.be\\\/index.php\\\/2015\\\/12\\\/le-motocross-de-mons-programme-les-16-et-17-avril\\\/\",\"url\":\"https:\\\/\\\/fr.motocrossmag.be\\\/index.php\\\/2015\\\/12\\\/le-motocross-de-mons-programme-les-16-et-17-avril\\\/\",\"name\":\"Le motocross de Mons programm\u00e9 les 16 et 17 avril - Motocross - Enduro - Supermoto | MotocrossMag\",\"isPartOf\":{\"@id\":\"https:\\\/\\\/fr.motocrossmag.be\\\/#website\"},\"primaryImageOfPage\":{\"@id\":\"https:\\\/\\\/fr.motocrossmag.be\\\/index.php\\\/2015\\\/12\\\/le-motocross-de-mons-programme-les-16-et-17-avril\\\/#primaryimage\"},\"image\":{\"@id\":\"https:\\\/\\\/fr.motocrossmag.be\\\/index.php\\\/2015\\\/12\\\/le-motocross-de-mons-programme-les-16-et-17-avril\\\/#primaryimage\"},\"thumbnailUrl\":\"https:\\\/\\\/fr.motocrossmag.be\\\/wp-content\\\/uploads\\\/2014\\\/04\\\/20140407BKMons041.jpg\",\"datePublished\":\"2015-12-08T12:12:42+00:00\",\"dateModified\":\"2015-12-08T12:29:48+00:00\",\"author\":{\"@id\":\"https:\\\/\\\/fr.motocrossmag.be\\\/#\\\/schema\\\/person\\\/11b47143d9f755babca2c9110e03235c\"},\"breadcrumb\":{\"@id\":\"https:\\\/\\\/fr.motocrossmag.be\\\/index.php\\\/2015\\\/12\\\/le-motocross-de-mons-programme-les-16-et-17-avril\\\/#breadcrumb\"},\"inLanguage\":\"fr-FR\",\"potentialAction\":[{\"@type\":\"ReadAction\",\"target\":[\"https:\\\/\\\/fr.motocrossmag.be\\\/index.php\\\/2015\\\/12\\\/le-motocross-de-mons-programme-les-16-et-17-avril\\\/\"]}]},{\"@type\":\"ImageObject\",\"inLanguage\":\"fr-FR\",\"@id\":\"https:\\\/\\\/fr.motocrossmag.be\\\/index.php\\\/2015\\\/12\\\/le-motocross-de-mons-programme-les-16-et-17-avril\\\/#primaryimage\",\"url\":\"https:\\\/\\\/fr.motocrossmag.be\\\/wp-content\\\/uploads\\\/2014\\\/04\\\/20140407BKMons041.jpg\",\"contentUrl\":\"https:\\\/\\\/fr.motocrossmag.be\\\/wp-content\\\/uploads\\\/2014\\\/04\\\/20140407BKMons041.jpg\",\"width\":1024,\"height\":680},{\"@type\":\"BreadcrumbList\",\"@id\":\"https:\\\/\\\/fr.motocrossmag.be\\\/index.php\\\/2015\\\/12\\\/le-motocross-de-mons-programme-les-16-et-17-avril\\\/#breadcrumb\",\"itemListElement\":[{\"@type\":\"ListItem\",\"position\":1,\"name\":\"Accueil\",\"item\":\"https:\\\/\\\/fr.motocrossmag.be\\\/\"},{\"@type\":\"ListItem\",\"position\":2,\"name\":\"Le motocross de Mons programm\u00e9 les 16 et 17 avril\"}]},{\"@type\":\"WebSite\",\"@id\":\"https:\\\/\\\/fr.motocrossmag.be\\\/#website\",\"url\":\"https:\\\/\\\/fr.motocrossmag.be\\\/\",\"name\":\"Motocross - Enduro - Supermoto | MotocrossMag\",\"description\":\"L&#039;actualit\u00e9 du motocross, de l&#039;enduro et du Supermoto en ligne!\",\"potentialAction\":[{\"@type\":\"SearchAction\",\"target\":{\"@type\":\"EntryPoint\",\"urlTemplate\":\"https:\\\/\\\/fr.motocrossmag.be\\\/?s={search_term_string}\"},\"query-input\":{\"@type\":\"PropertyValueSpecification\",\"valueRequired\":true,\"valueName\":\"search_term_string\"}}],\"inLanguage\":\"fr-FR\"},{\"@type\":\"Person\",\"@id\":\"https:\\\/\\\/fr.motocrossmag.be\\\/#\\\/schema\\\/person\\\/11b47143d9f755babca2c9110e03235c\",\"name\":\"oliviere\",\"image\":{\"@type\":\"ImageObject\",\"inLanguage\":\"fr-FR\",\"@id\":\"https:\\\/\\\/secure.gravatar.com\\\/avatar\\\/907069e0b81d119452040469e4a7501da1100f54f7f80180ce77bfab718288f6?s=96&d=mm&r=g\",\"url\":\"https:\\\/\\\/secure.gravatar.com\\\/avatar\\\/907069e0b81d119452040469e4a7501da1100f54f7f80180ce77bfab718288f6?s=96&d=mm&r=g\",\"contentUrl\":\"https:\\\/\\\/secure.gravatar.com\\\/avatar\\\/907069e0b81d119452040469e4a7501da1100f54f7f80180ce77bfab718288f6?s=96&d=mm&r=g\",\"caption\":\"oliviere\"},\"sameAs\":[\"http:\\\/\\\/www.motocrossmag.be\"],\"url\":\"https:\\\/\\\/fr.motocrossmag.be\\\/index.php\\\/author\\\/oliviere\\\/\"}]}<\/script>\n<!-- \/ Yoast SEO plugin. -->","yoast_head_json":{"title":"Le motocross de Mons programm\u00e9 les 16 et 17 avril - Motocross - Enduro - Supermoto | MotocrossMag","robots":{"index":"index","follow":"follow","max-snippet":"max-snippet:-1","max-image-preview":"max-image-preview:large","max-video-preview":"max-video-preview:-1"},"canonical":"https:\/\/fr.motocrossmag.be\/index.php\/2015\/12\/le-motocross-de-mons-programme-les-16-et-17-avril\/","og_locale":"fr_FR","og_type":"article","og_title":"Le motocross de Mons programm\u00e9 les 16 et 17 avril - Motocross - Enduro - Supermoto | MotocrossMag","og_description":"Le RAMC Mons n&rsquo;avait pas encore pu fixer de date pour son \u00e9preuve de motocross lors de la publication des calendriers sportifs 2016 de la FMB. Le club montois esp\u00e9rait pouvoir encore int\u00e9grer son \u00e9preuve au championnat de Belgique inter mais les contraintes d&rsquo;une part du calendrier MXGP, d&rsquo;autre part li\u00e9es aux activit\u00e9s de l&rsquo;Hippodrome [&hellip;]","og_url":"https:\/\/fr.motocrossmag.be\/index.php\/2015\/12\/le-motocross-de-mons-programme-les-16-et-17-avril\/","og_site_name":"Motocross - Enduro - Supermoto | MotocrossMag","article_published_time":"2015-12-08T12:12:42+00:00","article_modified_time":"2015-12-08T12:29:48+00:00","og_image":[{"width":1024,"height":680,"url":"https:\/\/fr.motocrossmag.be\/wp-content\/uploads\/2014\/04\/20140407BKMons041.jpg","type":"image\/jpeg"}],"author":"oliviere","twitter_card":"summary_large_image","twitter_misc":{"\u00c9crit par":"oliviere","Dur\u00e9e de lecture estim\u00e9e":"1 minute"},"schema":{"@context":"https:\/\/schema.org","@graph":[{"@type":"Article","@id":"https:\/\/fr.motocrossmag.be\/index.php\/2015\/12\/le-motocross-de-mons-programme-les-16-et-17-avril\/#article","isPartOf":{"@id":"https:\/\/fr.motocrossmag.be\/index.php\/2015\/12\/le-motocross-de-mons-programme-les-16-et-17-avril\/"},"author":{"name":"oliviere","@id":"https:\/\/fr.motocrossmag.be\/#\/schema\/person\/11b47143d9f755babca2c9110e03235c"},"headline":"Le motocross de Mons programm\u00e9 les 16 et 17 avril","datePublished":"2015-12-08T12:12:42+00:00","dateModified":"2015-12-08T12:29:48+00:00","mainEntityOfPage":{"@id":"https:\/\/fr.motocrossmag.be\/index.php\/2015\/12\/le-motocross-de-mons-programme-les-16-et-17-avril\/"},"wordCount":179,"commentCount":0,"image":{"@id":"https:\/\/fr.motocrossmag.be\/index.php\/2015\/12\/le-motocross-de-mons-programme-les-16-et-17-avril\/#primaryimage"},"thumbnailUrl":"https:\/\/fr.motocrossmag.be\/wp-content\/uploads\/2014\/04\/20140407BKMons041.jpg","articleSection":["Actualit\u00e9","Calendriers","Motocross","Motocross FMB","News","News","Slideshow"],"inLanguage":"fr-FR","potentialAction":[{"@type":"CommentAction","name":"Comment","target":["https:\/\/fr.motocrossmag.be\/index.php\/2015\/12\/le-motocross-de-mons-programme-les-16-et-17-avril\/#respond"]}]},{"@type":"WebPage","@id":"https:\/\/fr.motocrossmag.be\/index.php\/2015\/12\/le-motocross-de-mons-programme-les-16-et-17-avril\/","url":"https:\/\/fr.motocrossmag.be\/index.php\/2015\/12\/le-motocross-de-mons-programme-les-16-et-17-avril\/","name":"Le motocross de Mons programm\u00e9 les 16 et 17 avril - Motocross - Enduro - Supermoto | MotocrossMag","isPartOf":{"@id":"https:\/\/fr.motocrossmag.be\/#website"},"primaryImageOfPage":{"@id":"https:\/\/fr.motocrossmag.be\/index.php\/2015\/12\/le-motocross-de-mons-programme-les-16-et-17-avril\/#primaryimage"},"image":{"@id":"https:\/\/fr.motocrossmag.be\/index.php\/2015\/12\/le-motocross-de-mons-programme-les-16-et-17-avril\/#primaryimage"},"thumbnailUrl":"https:\/\/fr.motocrossmag.be\/wp-content\/uploads\/2014\/04\/20140407BKMons041.jpg","datePublished":"2015-12-08T12:12:42+00:00","dateModified":"2015-12-08T12:29:48+00:00","author":{"@id":"https:\/\/fr.motocrossmag.be\/#\/schema\/person\/11b47143d9f755babca2c9110e03235c"},"breadcrumb":{"@id":"https:\/\/fr.motocrossmag.be\/index.php\/2015\/12\/le-motocross-de-mons-programme-les-16-et-17-avril\/#breadcrumb"},"inLanguage":"fr-FR","potentialAction":[{"@type":"ReadAction","target":["https:\/\/fr.motocrossmag.be\/index.php\/2015\/12\/le-motocross-de-mons-programme-les-16-et-17-avril\/"]}]},{"@type":"ImageObject","inLanguage":"fr-FR","@id":"https:\/\/fr.motocrossmag.be\/index.php\/2015\/12\/le-motocross-de-mons-programme-les-16-et-17-avril\/#primaryimage","url":"https:\/\/fr.motocrossmag.be\/wp-content\/uploads\/2014\/04\/20140407BKMons041.jpg","contentUrl":"https:\/\/fr.motocrossmag.be\/wp-content\/uploads\/2014\/04\/20140407BKMons041.jpg","width":1024,"height":680},{"@type":"BreadcrumbList","@id":"https:\/\/fr.motocrossmag.be\/index.php\/2015\/12\/le-motocross-de-mons-programme-les-16-et-17-avril\/#breadcrumb","itemListElement":[{"@type":"ListItem","position":1,"name":"Accueil","item":"https:\/\/fr.motocrossmag.be\/"},{"@type":"ListItem","position":2,"name":"Le motocross de Mons programm\u00e9 les 16 et 17 avril"}]},{"@type":"WebSite","@id":"https:\/\/fr.motocrossmag.be\/#website","url":"https:\/\/fr.motocrossmag.be\/","name":"Motocross - Enduro - Supermoto | MotocrossMag","description":"L&#039;actualit\u00e9 du motocross, de l&#039;enduro et du Supermoto en ligne!","potentialAction":[{"@type":"SearchAction","target":{"@type":"EntryPoint","urlTemplate":"https:\/\/fr.motocrossmag.be\/?s={search_term_string}"},"query-input":{"@type":"PropertyValueSpecification","valueRequired":true,"valueName":"search_term_string"}}],"inLanguage":"fr-FR"},{"@type":"Person","@id":"https:\/\/fr.motocrossmag.be\/#\/schema\/person\/11b47143d9f755babca2c9110e03235c","name":"oliviere","image":{"@type":"ImageObject","inLanguage":"fr-FR","@id":"https:\/\/secure.gravatar.com\/avatar\/907069e0b81d119452040469e4a7501da1100f54f7f80180ce77bfab718288f6?s=96&d=mm&r=g","url":"https:\/\/secure.gravatar.com\/avatar\/907069e0b81d119452040469e4a7501da1100f54f7f80180ce77bfab718288f6?s=96&d=mm&r=g","contentUrl":"https:\/\/secure.gravatar.com\/avatar\/907069e0b81d119452040469e4a7501da1100f54f7f80180ce77bfab718288f6?s=96&d=mm&r=g","caption":"oliviere"},"sameAs":["http:\/\/www.motocrossmag.be"],"url":"https:\/\/fr.motocrossmag.be\/index.php\/author\/oliviere\/"}]}},"_links":{"self":[{"href":"https:\/\/fr.motocrossmag.be\/index.php\/wp-json\/wp\/v2\/posts\/41184","targetHints":{"allow":["GET"]}}],"collection":[{"href":"https:\/\/fr.motocrossmag.be\/index.php\/wp-json\/wp\/v2\/posts"}],"about":[{"href":"https:\/\/fr.motocrossmag.be\/index.php\/wp-json\/wp\/v2\/types\/post"}],"author":[{"embeddable":true,"href":"https:\/\/fr.motocrossmag.be\/index.php\/wp-json\/wp\/v2\/users\/932"}],"replies":[{"embeddable":true,"href":"https:\/\/fr.motocrossmag.be\/index.php\/wp-json\/wp\/v2\/comments?post=41184"}],"version-history":[{"count":2,"href":"https:\/\/fr.motocrossmag.be\/index.php\/wp-json\/wp\/v2\/posts\/41184\/revisions"}],"predecessor-version":[{"id":41187,"href":"https:\/\/fr.motocrossmag.be\/index.php\/wp-json\/wp\/v2\/posts\/41184\/revisions\/41187"}],"wp:featuredmedia":[{"embeddable":true,"href":"https:\/\/fr.motocrossmag.be\/index.php\/wp-json\/wp\/v2\/media\/21708"}],"wp:attachment":[{"href":"https:\/\/fr.motocrossmag.be\/index.php\/wp-json\/wp\/v2\/media?parent=41184"}],"wp:term":[{"taxonomy":"category","embeddable":true,"href":"https:\/\/fr.motocrossmag.be\/index.php\/wp-json\/wp\/v2\/categories?post=41184"},{"taxonomy":"post_tag","embeddable":true,"href":"https:\/\/fr.motocrossmag.be\/index.php\/wp-json\/wp\/v2\/tags?post=41184"}],"curies":[{"name":"wp","href":"https:\/\/api.w.org\/{rel}","templated":true}]}}