{"id":42493,"date":"2016-01-26T10:52:11","date_gmt":"2016-01-26T09:52:11","guid":{"rendered":"http:\/\/fr.motocrossmag.be\/?p=42493"},"modified":"2016-01-26T10:52:11","modified_gmt":"2016-01-26T09:52:11","slug":"photos-les-pilotes-officiels-yamaha-mxgp","status":"publish","type":"post","link":"https:\/\/fr.motocrossmag.be\/index.php\/2016\/01\/photos-les-pilotes-officiels-yamaha-mxgp\/","title":{"rendered":"Photos: les pilotes officiels Yamaha MXGP"},"content":{"rendered":"<p>En studio et sur le terrain: Valentin Guillod, J\u00e9r\u00e9my Van Horebeek et le champion du monde Romain F\u00e8bvre. Les 3 officiels Yamaha dans la cat\u00e9gorie MXGP sous leurs couleurs 2016&#8230;<\/p>\n<div id='gallery-1' class='gallery galleryid-42493 gallery-columns-3 gallery-size-thumbnail'><figure class='gallery-item'>\n\t\t\t<div class='gallery-icon landscape'>\n\t\t\t\t<a href='https:\/\/fr.motocrossmag.be\/index.php\/2016\/01\/photos-les-pilotes-officiels-yamaha-mxgp\/yamaha_febvre_vanhorebeek_guillod_2016-xz9innt0yuo314149hm7\/'><img decoding=\"async\" width=\"150\" height=\"150\" src=\"https:\/\/fr.motocrossmag.be\/wp-content\/uploads\/2016\/01\/Yamaha_Febvre_Vanhorebeek_Guillod_2016-XZ9INNT0YUO314149HM7-150x150.jpg\" class=\"attachment-thumbnail size-thumbnail\" alt=\"\" srcset=\"https:\/\/fr.motocrossmag.be\/wp-content\/uploads\/2016\/01\/Yamaha_Febvre_Vanhorebeek_Guillod_2016-XZ9INNT0YUO314149HM7-150x150.jpg 150w, https:\/\/fr.motocrossmag.be\/wp-content\/uploads\/2016\/01\/Yamaha_Febvre_Vanhorebeek_Guillod_2016-XZ9INNT0YUO314149HM7-50x50.jpg 50w\" sizes=\"(max-width: 150px) 100vw, 150px\" \/><\/a>\n\t\t\t<\/div><\/figure><figure class='gallery-item'>\n\t\t\t<div class='gallery-icon landscape'>\n\t\t\t\t<a href='https:\/\/fr.motocrossmag.be\/index.php\/2016\/01\/photos-les-pilotes-officiels-yamaha-mxgp\/yamaha_febvre_vanhorebeek_guillod_2016-5v2nyslb975vljvl6k4s\/'><img decoding=\"async\" width=\"150\" height=\"150\" src=\"https:\/\/fr.motocrossmag.be\/wp-content\/uploads\/2016\/01\/Yamaha_Febvre_Vanhorebeek_Guillod_2016-5V2NYSLB975VLJVL6K4S-150x150.jpg\" class=\"attachment-thumbnail size-thumbnail\" alt=\"\" srcset=\"https:\/\/fr.motocrossmag.be\/wp-content\/uploads\/2016\/01\/Yamaha_Febvre_Vanhorebeek_Guillod_2016-5V2NYSLB975VLJVL6K4S-150x150.jpg 150w, https:\/\/fr.motocrossmag.be\/wp-content\/uploads\/2016\/01\/Yamaha_Febvre_Vanhorebeek_Guillod_2016-5V2NYSLB975VLJVL6K4S-50x50.jpg 50w\" sizes=\"(max-width: 150px) 100vw, 150px\" \/><\/a>\n\t\t\t<\/div><\/figure><figure class='gallery-item'>\n\t\t\t<div class='gallery-icon landscape'>\n\t\t\t\t<a href='https:\/\/fr.motocrossmag.be\/index.php\/2016\/01\/photos-les-pilotes-officiels-yamaha-mxgp\/yamaha_febvre_vanhorebeek_guillod_2016-z029gezchndz3fr1fwoz\/'><img decoding=\"async\" width=\"150\" height=\"150\" src=\"https:\/\/fr.motocrossmag.be\/wp-content\/uploads\/2016\/01\/Yamaha_Febvre_Vanhorebeek_Guillod_2016-Z029GEZCHNDZ3FR1FWOZ-150x150.jpg\" class=\"attachment-thumbnail size-thumbnail\" alt=\"\" srcset=\"https:\/\/fr.motocrossmag.be\/wp-content\/uploads\/2016\/01\/Yamaha_Febvre_Vanhorebeek_Guillod_2016-Z029GEZCHNDZ3FR1FWOZ-150x150.jpg 150w, https:\/\/fr.motocrossmag.be\/wp-content\/uploads\/2016\/01\/Yamaha_Febvre_Vanhorebeek_Guillod_2016-Z029GEZCHNDZ3FR1FWOZ-50x50.jpg 50w\" sizes=\"(max-width: 150px) 100vw, 150px\" \/><\/a>\n\t\t\t<\/div><\/figure><figure class='gallery-item'>\n\t\t\t<div class='gallery-icon landscape'>\n\t\t\t\t<a href='https:\/\/fr.motocrossmag.be\/index.php\/2016\/01\/photos-les-pilotes-officiels-yamaha-mxgp\/yamaha_febvre_vanhorebeek_guillod_2016-ot9mgsyxktgxslikbxsp\/'><img decoding=\"async\" width=\"150\" height=\"150\" src=\"https:\/\/fr.motocrossmag.be\/wp-content\/uploads\/2016\/01\/Yamaha_Febvre_Vanhorebeek_Guillod_2016-OT9MGSYXKTGXSLIKBXSP-150x150.jpg\" class=\"attachment-thumbnail size-thumbnail\" alt=\"\" srcset=\"https:\/\/fr.motocrossmag.be\/wp-content\/uploads\/2016\/01\/Yamaha_Febvre_Vanhorebeek_Guillod_2016-OT9MGSYXKTGXSLIKBXSP-150x150.jpg 150w, https:\/\/fr.motocrossmag.be\/wp-content\/uploads\/2016\/01\/Yamaha_Febvre_Vanhorebeek_Guillod_2016-OT9MGSYXKTGXSLIKBXSP-50x50.jpg 50w\" sizes=\"(max-width: 150px) 100vw, 150px\" \/><\/a>\n\t\t\t<\/div><\/figure><figure class='gallery-item'>\n\t\t\t<div class='gallery-icon landscape'>\n\t\t\t\t<a href='https:\/\/fr.motocrossmag.be\/index.php\/2016\/01\/photos-les-pilotes-officiels-yamaha-mxgp\/yamaha_febvre_vanhorebeek_guillod_2016-c6x6gwfx8c90gx0yxxqq\/'><img decoding=\"async\" width=\"150\" height=\"150\" src=\"https:\/\/fr.motocrossmag.be\/wp-content\/uploads\/2016\/01\/Yamaha_Febvre_Vanhorebeek_Guillod_2016-C6X6GWFX8C90GX0YXXQQ-150x150.jpg\" class=\"attachment-thumbnail size-thumbnail\" alt=\"\" srcset=\"https:\/\/fr.motocrossmag.be\/wp-content\/uploads\/2016\/01\/Yamaha_Febvre_Vanhorebeek_Guillod_2016-C6X6GWFX8C90GX0YXXQQ-150x150.jpg 150w, https:\/\/fr.motocrossmag.be\/wp-content\/uploads\/2016\/01\/Yamaha_Febvre_Vanhorebeek_Guillod_2016-C6X6GWFX8C90GX0YXXQQ-50x50.jpg 50w\" sizes=\"(max-width: 150px) 100vw, 150px\" \/><\/a>\n\t\t\t<\/div><\/figure><figure class='gallery-item'>\n\t\t\t<div class='gallery-icon landscape'>\n\t\t\t\t<a href='https:\/\/fr.motocrossmag.be\/index.php\/2016\/01\/photos-les-pilotes-officiels-yamaha-mxgp\/yamaha_febvre_vanhorebeek_guillod_2016-7n1fsb7ya81ayfm1wz9w\/'><img decoding=\"async\" width=\"150\" height=\"150\" src=\"https:\/\/fr.motocrossmag.be\/wp-content\/uploads\/2016\/01\/Yamaha_Febvre_Vanhorebeek_Guillod_2016-7N1FSB7YA81AYFM1WZ9W-150x150.jpg\" class=\"attachment-thumbnail size-thumbnail\" alt=\"\" srcset=\"https:\/\/fr.motocrossmag.be\/wp-content\/uploads\/2016\/01\/Yamaha_Febvre_Vanhorebeek_Guillod_2016-7N1FSB7YA81AYFM1WZ9W-150x150.jpg 150w, https:\/\/fr.motocrossmag.be\/wp-content\/uploads\/2016\/01\/Yamaha_Febvre_Vanhorebeek_Guillod_2016-7N1FSB7YA81AYFM1WZ9W-50x50.jpg 50w\" sizes=\"(max-width: 150px) 100vw, 150px\" \/><\/a>\n\t\t\t<\/div><\/figure><figure class='gallery-item'>\n\t\t\t<div class='gallery-icon landscape'>\n\t\t\t\t<a href='https:\/\/fr.motocrossmag.be\/index.php\/2016\/01\/photos-les-pilotes-officiels-yamaha-mxgp\/yamaha_febvre_vanhorebeek_guillod_2016-yol8ywd5sitx8bpub5ny\/'><img decoding=\"async\" width=\"150\" height=\"150\" src=\"https:\/\/fr.motocrossmag.be\/wp-content\/uploads\/2016\/01\/Yamaha_Febvre_Vanhorebeek_Guillod_2016-YOL8YWD5SITX8BPUB5NY-150x150.jpg\" class=\"attachment-thumbnail size-thumbnail\" alt=\"\" srcset=\"https:\/\/fr.motocrossmag.be\/wp-content\/uploads\/2016\/01\/Yamaha_Febvre_Vanhorebeek_Guillod_2016-YOL8YWD5SITX8BPUB5NY-150x150.jpg 150w, https:\/\/fr.motocrossmag.be\/wp-content\/uploads\/2016\/01\/Yamaha_Febvre_Vanhorebeek_Guillod_2016-YOL8YWD5SITX8BPUB5NY-50x50.jpg 50w\" sizes=\"(max-width: 150px) 100vw, 150px\" \/><\/a>\n\t\t\t<\/div><\/figure><figure class='gallery-item'>\n\t\t\t<div class='gallery-icon landscape'>\n\t\t\t\t<a href='https:\/\/fr.motocrossmag.be\/index.php\/2016\/01\/photos-les-pilotes-officiels-yamaha-mxgp\/yamaha_febvre_vanhorebeek_guillod_2016-fsmzkua1rmdneuy4hu40\/'><img decoding=\"async\" width=\"150\" height=\"150\" src=\"https:\/\/fr.motocrossmag.be\/wp-content\/uploads\/2016\/01\/Yamaha_Febvre_Vanhorebeek_Guillod_2016-FSMZKUA1RMDNEUY4HU40-150x150.jpg\" class=\"attachment-thumbnail size-thumbnail\" alt=\"\" srcset=\"https:\/\/fr.motocrossmag.be\/wp-content\/uploads\/2016\/01\/Yamaha_Febvre_Vanhorebeek_Guillod_2016-FSMZKUA1RMDNEUY4HU40-150x150.jpg 150w, https:\/\/fr.motocrossmag.be\/wp-content\/uploads\/2016\/01\/Yamaha_Febvre_Vanhorebeek_Guillod_2016-FSMZKUA1RMDNEUY4HU40-50x50.jpg 50w\" sizes=\"(max-width: 150px) 100vw, 150px\" \/><\/a>\n\t\t\t<\/div><\/figure><figure class='gallery-item'>\n\t\t\t<div class='gallery-icon landscape'>\n\t\t\t\t<a href='https:\/\/fr.motocrossmag.be\/index.php\/2016\/01\/photos-les-pilotes-officiels-yamaha-mxgp\/yamaha_febvre_vanhorebeek_guillod_2016-8jlieq12j4w09k5ph2a1\/'><img decoding=\"async\" width=\"150\" height=\"150\" src=\"https:\/\/fr.motocrossmag.be\/wp-content\/uploads\/2016\/01\/Yamaha_Febvre_Vanhorebeek_Guillod_2016-8JLIEQ12J4W09K5PH2A1-150x150.jpg\" class=\"attachment-thumbnail size-thumbnail\" alt=\"\" srcset=\"https:\/\/fr.motocrossmag.be\/wp-content\/uploads\/2016\/01\/Yamaha_Febvre_Vanhorebeek_Guillod_2016-8JLIEQ12J4W09K5PH2A1-150x150.jpg 150w, https:\/\/fr.motocrossmag.be\/wp-content\/uploads\/2016\/01\/Yamaha_Febvre_Vanhorebeek_Guillod_2016-8JLIEQ12J4W09K5PH2A1-50x50.jpg 50w\" sizes=\"(max-width: 150px) 100vw, 150px\" \/><\/a>\n\t\t\t<\/div><\/figure><figure class='gallery-item'>\n\t\t\t<div class='gallery-icon landscape'>\n\t\t\t\t<a href='https:\/\/fr.motocrossmag.be\/index.php\/2016\/01\/photos-les-pilotes-officiels-yamaha-mxgp\/yamaha_febvre_vanhorebeek_guillod_2016-3xf5zwlez9v8dw87fc4d\/'><img decoding=\"async\" width=\"150\" height=\"150\" src=\"https:\/\/fr.motocrossmag.be\/wp-content\/uploads\/2016\/01\/Yamaha_Febvre_Vanhorebeek_Guillod_2016-3XF5ZWLEZ9V8DW87FC4D-150x150.jpg\" class=\"attachment-thumbnail size-thumbnail\" alt=\"\" srcset=\"https:\/\/fr.motocrossmag.be\/wp-content\/uploads\/2016\/01\/Yamaha_Febvre_Vanhorebeek_Guillod_2016-3XF5ZWLEZ9V8DW87FC4D-150x150.jpg 150w, https:\/\/fr.motocrossmag.be\/wp-content\/uploads\/2016\/01\/Yamaha_Febvre_Vanhorebeek_Guillod_2016-3XF5ZWLEZ9V8DW87FC4D-50x50.jpg 50w\" sizes=\"(max-width: 150px) 100vw, 150px\" \/><\/a>\n\t\t\t<\/div><\/figure><figure class='gallery-item'>\n\t\t\t<div class='gallery-icon landscape'>\n\t\t\t\t<a href='https:\/\/fr.motocrossmag.be\/index.php\/2016\/01\/photos-les-pilotes-officiels-yamaha-mxgp\/yamaha_febvre_vanhorebeek_guillod_2016-8harjq2azzn85vpy2w1l\/'><img decoding=\"async\" width=\"150\" height=\"150\" src=\"https:\/\/fr.motocrossmag.be\/wp-content\/uploads\/2016\/01\/Yamaha_Febvre_Vanhorebeek_Guillod_2016-8HARJQ2AZZN85VPY2W1L-150x150.jpg\" class=\"attachment-thumbnail size-thumbnail\" alt=\"\" srcset=\"https:\/\/fr.motocrossmag.be\/wp-content\/uploads\/2016\/01\/Yamaha_Febvre_Vanhorebeek_Guillod_2016-8HARJQ2AZZN85VPY2W1L-150x150.jpg 150w, https:\/\/fr.motocrossmag.be\/wp-content\/uploads\/2016\/01\/Yamaha_Febvre_Vanhorebeek_Guillod_2016-8HARJQ2AZZN85VPY2W1L-50x50.jpg 50w\" sizes=\"(max-width: 150px) 100vw, 150px\" \/><\/a>\n\t\t\t<\/div><\/figure><figure class='gallery-item'>\n\t\t\t<div class='gallery-icon landscape'>\n\t\t\t\t<a href='https:\/\/fr.motocrossmag.be\/index.php\/2016\/01\/photos-les-pilotes-officiels-yamaha-mxgp\/yamaha_febvre_vanhorebeek_guillod_2016-bxu91jbpdgg0pyao7iiy\/'><img decoding=\"async\" width=\"150\" height=\"150\" src=\"https:\/\/fr.motocrossmag.be\/wp-content\/uploads\/2016\/01\/Yamaha_Febvre_Vanhorebeek_Guillod_2016-BXU91JBPDGG0PYAO7IIY-150x150.jpg\" class=\"attachment-thumbnail size-thumbnail\" alt=\"\" srcset=\"https:\/\/fr.motocrossmag.be\/wp-content\/uploads\/2016\/01\/Yamaha_Febvre_Vanhorebeek_Guillod_2016-BXU91JBPDGG0PYAO7IIY-150x150.jpg 150w, https:\/\/fr.motocrossmag.be\/wp-content\/uploads\/2016\/01\/Yamaha_Febvre_Vanhorebeek_Guillod_2016-BXU91JBPDGG0PYAO7IIY-50x50.jpg 50w\" sizes=\"(max-width: 150px) 100vw, 150px\" \/><\/a>\n\t\t\t<\/div><\/figure><figure class='gallery-item'>\n\t\t\t<div class='gallery-icon landscape'>\n\t\t\t\t<a href='https:\/\/fr.motocrossmag.be\/index.php\/2016\/01\/photos-les-pilotes-officiels-yamaha-mxgp\/yamaha_febvre_vanhorebeek_guillod_2016-71gpmjfzu503nmyz5j18\/'><img decoding=\"async\" width=\"150\" height=\"150\" src=\"https:\/\/fr.motocrossmag.be\/wp-content\/uploads\/2016\/01\/Yamaha_Febvre_Vanhorebeek_Guillod_2016-71GPMJFZU503NMYZ5J18-150x150.jpg\" class=\"attachment-thumbnail size-thumbnail\" alt=\"\" srcset=\"https:\/\/fr.motocrossmag.be\/wp-content\/uploads\/2016\/01\/Yamaha_Febvre_Vanhorebeek_Guillod_2016-71GPMJFZU503NMYZ5J18-150x150.jpg 150w, https:\/\/fr.motocrossmag.be\/wp-content\/uploads\/2016\/01\/Yamaha_Febvre_Vanhorebeek_Guillod_2016-71GPMJFZU503NMYZ5J18-50x50.jpg 50w\" sizes=\"(max-width: 150px) 100vw, 150px\" \/><\/a>\n\t\t\t<\/div><\/figure><figure class='gallery-item'>\n\t\t\t<div class='gallery-icon landscape'>\n\t\t\t\t<a href='https:\/\/fr.motocrossmag.be\/index.php\/2016\/01\/photos-les-pilotes-officiels-yamaha-mxgp\/yamaha_febvre_vanhorebeek_guillod_2016-fyeeev354ycjt3tdm52q\/'><img decoding=\"async\" width=\"150\" height=\"150\" src=\"https:\/\/fr.motocrossmag.be\/wp-content\/uploads\/2016\/01\/Yamaha_Febvre_Vanhorebeek_Guillod_2016-FYEEEV354YCJT3TDM52Q-150x150.jpg\" class=\"attachment-thumbnail size-thumbnail\" alt=\"\" srcset=\"https:\/\/fr.motocrossmag.be\/wp-content\/uploads\/2016\/01\/Yamaha_Febvre_Vanhorebeek_Guillod_2016-FYEEEV354YCJT3TDM52Q-150x150.jpg 150w, https:\/\/fr.motocrossmag.be\/wp-content\/uploads\/2016\/01\/Yamaha_Febvre_Vanhorebeek_Guillod_2016-FYEEEV354YCJT3TDM52Q-50x50.jpg 50w\" sizes=\"(max-width: 150px) 100vw, 150px\" \/><\/a>\n\t\t\t<\/div><\/figure><figure class='gallery-item'>\n\t\t\t<div class='gallery-icon landscape'>\n\t\t\t\t<a href='https:\/\/fr.motocrossmag.be\/index.php\/2016\/01\/photos-les-pilotes-officiels-yamaha-mxgp\/yamaha_febvre_vanhorebeek_guillod_2016-so4tcz7i7hal8h0cxuj7\/'><img decoding=\"async\" width=\"150\" height=\"150\" src=\"https:\/\/fr.motocrossmag.be\/wp-content\/uploads\/2016\/01\/Yamaha_Febvre_Vanhorebeek_Guillod_2016-SO4TCZ7I7HAL8H0CXUJ7-150x150.jpg\" class=\"attachment-thumbnail size-thumbnail\" alt=\"\" srcset=\"https:\/\/fr.motocrossmag.be\/wp-content\/uploads\/2016\/01\/Yamaha_Febvre_Vanhorebeek_Guillod_2016-SO4TCZ7I7HAL8H0CXUJ7-150x150.jpg 150w, https:\/\/fr.motocrossmag.be\/wp-content\/uploads\/2016\/01\/Yamaha_Febvre_Vanhorebeek_Guillod_2016-SO4TCZ7I7HAL8H0CXUJ7-50x50.jpg 50w\" sizes=\"(max-width: 150px) 100vw, 150px\" \/><\/a>\n\t\t\t<\/div><\/figure><figure class='gallery-item'>\n\t\t\t<div class='gallery-icon portrait'>\n\t\t\t\t<a href='https:\/\/fr.motocrossmag.be\/index.php\/2016\/01\/photos-les-pilotes-officiels-yamaha-mxgp\/yamaha_febvre_vanhorebeek_guillod_2016-j48gfifg496wx49ne7nl\/'><img decoding=\"async\" width=\"150\" height=\"150\" src=\"https:\/\/fr.motocrossmag.be\/wp-content\/uploads\/2016\/01\/Yamaha_Febvre_Vanhorebeek_Guillod_2016-J48GFIFG496WX49NE7NL-150x150.jpg\" class=\"attachment-thumbnail size-thumbnail\" alt=\"\" srcset=\"https:\/\/fr.motocrossmag.be\/wp-content\/uploads\/2016\/01\/Yamaha_Febvre_Vanhorebeek_Guillod_2016-J48GFIFG496WX49NE7NL-150x150.jpg 150w, https:\/\/fr.motocrossmag.be\/wp-content\/uploads\/2016\/01\/Yamaha_Febvre_Vanhorebeek_Guillod_2016-J48GFIFG496WX49NE7NL-50x50.jpg 50w\" sizes=\"(max-width: 150px) 100vw, 150px\" \/><\/a>\n\t\t\t<\/div><\/figure><figure class='gallery-item'>\n\t\t\t<div class='gallery-icon landscape'>\n\t\t\t\t<a href='https:\/\/fr.motocrossmag.be\/index.php\/2016\/01\/photos-les-pilotes-officiels-yamaha-mxgp\/yamaha_febvre_vanhorebeek_guillod_2016-ny07k1hz45xcp373y2mj\/'><img decoding=\"async\" width=\"150\" height=\"150\" src=\"https:\/\/fr.motocrossmag.be\/wp-content\/uploads\/2016\/01\/Yamaha_Febvre_Vanhorebeek_Guillod_2016-NY07K1HZ45XCP373Y2MJ-150x150.jpg\" class=\"attachment-thumbnail size-thumbnail\" alt=\"\" srcset=\"https:\/\/fr.motocrossmag.be\/wp-content\/uploads\/2016\/01\/Yamaha_Febvre_Vanhorebeek_Guillod_2016-NY07K1HZ45XCP373Y2MJ-150x150.jpg 150w, https:\/\/fr.motocrossmag.be\/wp-content\/uploads\/2016\/01\/Yamaha_Febvre_Vanhorebeek_Guillod_2016-NY07K1HZ45XCP373Y2MJ-50x50.jpg 50w\" sizes=\"(max-width: 150px) 100vw, 150px\" \/><\/a>\n\t\t\t<\/div><\/figure><figure class='gallery-item'>\n\t\t\t<div class='gallery-icon landscape'>\n\t\t\t\t<a href='https:\/\/fr.motocrossmag.be\/index.php\/2016\/01\/photos-les-pilotes-officiels-yamaha-mxgp\/yamaha_febvre_vanhorebeek_guillod_2016-zt8rcxswvpbsg8ntjwro\/'><img decoding=\"async\" width=\"150\" height=\"150\" src=\"https:\/\/fr.motocrossmag.be\/wp-content\/uploads\/2016\/01\/Yamaha_Febvre_Vanhorebeek_Guillod_2016-ZT8RCXSWVPBSG8NTJWRO-150x150.jpg\" class=\"attachment-thumbnail size-thumbnail\" alt=\"\" srcset=\"https:\/\/fr.motocrossmag.be\/wp-content\/uploads\/2016\/01\/Yamaha_Febvre_Vanhorebeek_Guillod_2016-ZT8RCXSWVPBSG8NTJWRO-150x150.jpg 150w, https:\/\/fr.motocrossmag.be\/wp-content\/uploads\/2016\/01\/Yamaha_Febvre_Vanhorebeek_Guillod_2016-ZT8RCXSWVPBSG8NTJWRO-50x50.jpg 50w\" sizes=\"(max-width: 150px) 100vw, 150px\" \/><\/a>\n\t\t\t<\/div><\/figure><figure class='gallery-item'>\n\t\t\t<div class='gallery-icon landscape'>\n\t\t\t\t<a href='https:\/\/fr.motocrossmag.be\/index.php\/2016\/01\/photos-les-pilotes-officiels-yamaha-mxgp\/yamaha_febvre_vanhorebeek_guillod_2016-yh8hfih7d47e04e8gre4\/'><img decoding=\"async\" width=\"150\" height=\"150\" src=\"https:\/\/fr.motocrossmag.be\/wp-content\/uploads\/2016\/01\/Yamaha_Febvre_Vanhorebeek_Guillod_2016-YH8HFIH7D47E04E8GRE4-150x150.jpg\" class=\"attachment-thumbnail size-thumbnail\" alt=\"\" srcset=\"https:\/\/fr.motocrossmag.be\/wp-content\/uploads\/2016\/01\/Yamaha_Febvre_Vanhorebeek_Guillod_2016-YH8HFIH7D47E04E8GRE4-150x150.jpg 150w, https:\/\/fr.motocrossmag.be\/wp-content\/uploads\/2016\/01\/Yamaha_Febvre_Vanhorebeek_Guillod_2016-YH8HFIH7D47E04E8GRE4-50x50.jpg 50w\" sizes=\"(max-width: 150px) 100vw, 150px\" \/><\/a>\n\t\t\t<\/div><\/figure><figure class='gallery-item'>\n\t\t\t<div class='gallery-icon landscape'>\n\t\t\t\t<a href='https:\/\/fr.motocrossmag.be\/index.php\/2016\/01\/photos-les-pilotes-officiels-yamaha-mxgp\/yamaha_febvre_vanhorebeek_guillod_2016-w33b9y2gi8h17ra5aup4\/'><img decoding=\"async\" width=\"150\" height=\"150\" src=\"https:\/\/fr.motocrossmag.be\/wp-content\/uploads\/2016\/01\/Yamaha_Febvre_Vanhorebeek_Guillod_2016-W33B9Y2GI8H17RA5AUP4-150x150.jpg\" class=\"attachment-thumbnail size-thumbnail\" alt=\"\" srcset=\"https:\/\/fr.motocrossmag.be\/wp-content\/uploads\/2016\/01\/Yamaha_Febvre_Vanhorebeek_Guillod_2016-W33B9Y2GI8H17RA5AUP4-150x150.jpg 150w, https:\/\/fr.motocrossmag.be\/wp-content\/uploads\/2016\/01\/Yamaha_Febvre_Vanhorebeek_Guillod_2016-W33B9Y2GI8H17RA5AUP4-50x50.jpg 50w\" sizes=\"(max-width: 150px) 100vw, 150px\" \/><\/a>\n\t\t\t<\/div><\/figure><figure class='gallery-item'>\n\t\t\t<div class='gallery-icon landscape'>\n\t\t\t\t<a href='https:\/\/fr.motocrossmag.be\/index.php\/2016\/01\/photos-les-pilotes-officiels-yamaha-mxgp\/yamaha_febvre_vanhorebeek_guillod_2016-sdk3oixc90okclvl0ui8\/'><img decoding=\"async\" width=\"150\" height=\"150\" src=\"https:\/\/fr.motocrossmag.be\/wp-content\/uploads\/2016\/01\/Yamaha_Febvre_Vanhorebeek_Guillod_2016-SDK3OIXC90OKCLVL0UI8-150x150.jpg\" class=\"attachment-thumbnail size-thumbnail\" alt=\"\" srcset=\"https:\/\/fr.motocrossmag.be\/wp-content\/uploads\/2016\/01\/Yamaha_Febvre_Vanhorebeek_Guillod_2016-SDK3OIXC90OKCLVL0UI8-150x150.jpg 150w, https:\/\/fr.motocrossmag.be\/wp-content\/uploads\/2016\/01\/Yamaha_Febvre_Vanhorebeek_Guillod_2016-SDK3OIXC90OKCLVL0UI8-50x50.jpg 50w\" sizes=\"(max-width: 150px) 100vw, 150px\" \/><\/a>\n\t\t\t<\/div><\/figure><figure class='gallery-item'>\n\t\t\t<div class='gallery-icon portrait'>\n\t\t\t\t<a href='https:\/\/fr.motocrossmag.be\/index.php\/2016\/01\/photos-les-pilotes-officiels-yamaha-mxgp\/yamaha_febvre_vanhorebeek_guillod_2016-qp3t9l0h2b040ckttx5n\/'><img decoding=\"async\" width=\"150\" height=\"150\" src=\"https:\/\/fr.motocrossmag.be\/wp-content\/uploads\/2016\/01\/Yamaha_Febvre_Vanhorebeek_Guillod_2016-QP3T9L0H2B040CKTTX5N-150x150.jpg\" class=\"attachment-thumbnail size-thumbnail\" alt=\"\" srcset=\"https:\/\/fr.motocrossmag.be\/wp-content\/uploads\/2016\/01\/Yamaha_Febvre_Vanhorebeek_Guillod_2016-QP3T9L0H2B040CKTTX5N-150x150.jpg 150w, https:\/\/fr.motocrossmag.be\/wp-content\/uploads\/2016\/01\/Yamaha_Febvre_Vanhorebeek_Guillod_2016-QP3T9L0H2B040CKTTX5N-50x50.jpg 50w\" sizes=\"(max-width: 150px) 100vw, 150px\" \/><\/a>\n\t\t\t<\/div><\/figure><figure class='gallery-item'>\n\t\t\t<div class='gallery-icon landscape'>\n\t\t\t\t<a href='https:\/\/fr.motocrossmag.be\/index.php\/2016\/01\/photos-les-pilotes-officiels-yamaha-mxgp\/yamaha_febvre_vanhorebeek_guillod_2016-gvc2t70u8ej7bnlc9pct\/'><img decoding=\"async\" width=\"150\" height=\"150\" src=\"https:\/\/fr.motocrossmag.be\/wp-content\/uploads\/2016\/01\/Yamaha_Febvre_Vanhorebeek_Guillod_2016-GVC2T70U8EJ7BNLC9PCT-150x150.jpg\" class=\"attachment-thumbnail size-thumbnail\" alt=\"\" srcset=\"https:\/\/fr.motocrossmag.be\/wp-content\/uploads\/2016\/01\/Yamaha_Febvre_Vanhorebeek_Guillod_2016-GVC2T70U8EJ7BNLC9PCT-150x150.jpg 150w, https:\/\/fr.motocrossmag.be\/wp-content\/uploads\/2016\/01\/Yamaha_Febvre_Vanhorebeek_Guillod_2016-GVC2T70U8EJ7BNLC9PCT-50x50.jpg 50w\" sizes=\"(max-width: 150px) 100vw, 150px\" \/><\/a>\n\t\t\t<\/div><\/figure><figure class='gallery-item'>\n\t\t\t<div class='gallery-icon landscape'>\n\t\t\t\t<a href='https:\/\/fr.motocrossmag.be\/index.php\/2016\/01\/photos-les-pilotes-officiels-yamaha-mxgp\/yamaha_febvre_vanhorebeek_guillod_2016-qq65hqkncgie0sf0r4pg\/'><img decoding=\"async\" width=\"150\" height=\"150\" src=\"https:\/\/fr.motocrossmag.be\/wp-content\/uploads\/2016\/01\/Yamaha_Febvre_Vanhorebeek_Guillod_2016-QQ65HQKNCGIE0SF0R4PG-150x150.jpg\" class=\"attachment-thumbnail size-thumbnail\" alt=\"\" srcset=\"https:\/\/fr.motocrossmag.be\/wp-content\/uploads\/2016\/01\/Yamaha_Febvre_Vanhorebeek_Guillod_2016-QQ65HQKNCGIE0SF0R4PG-150x150.jpg 150w, https:\/\/fr.motocrossmag.be\/wp-content\/uploads\/2016\/01\/Yamaha_Febvre_Vanhorebeek_Guillod_2016-QQ65HQKNCGIE0SF0R4PG-50x50.jpg 50w\" sizes=\"(max-width: 150px) 100vw, 150px\" \/><\/a>\n\t\t\t<\/div><\/figure><figure class='gallery-item'>\n\t\t\t<div class='gallery-icon landscape'>\n\t\t\t\t<a href='https:\/\/fr.motocrossmag.be\/index.php\/2016\/01\/photos-les-pilotes-officiels-yamaha-mxgp\/yamaha_febvre_vanhorebeek_guillod_2016-o53gw4dcp01mpnxjdyjl\/'><img decoding=\"async\" width=\"150\" height=\"150\" src=\"https:\/\/fr.motocrossmag.be\/wp-content\/uploads\/2016\/01\/Yamaha_Febvre_Vanhorebeek_Guillod_2016-O53GW4DCP01MPNXJDYJL-150x150.jpg\" class=\"attachment-thumbnail size-thumbnail\" alt=\"\" srcset=\"https:\/\/fr.motocrossmag.be\/wp-content\/uploads\/2016\/01\/Yamaha_Febvre_Vanhorebeek_Guillod_2016-O53GW4DCP01MPNXJDYJL-150x150.jpg 150w, https:\/\/fr.motocrossmag.be\/wp-content\/uploads\/2016\/01\/Yamaha_Febvre_Vanhorebeek_Guillod_2016-O53GW4DCP01MPNXJDYJL-50x50.jpg 50w\" sizes=\"(max-width: 150px) 100vw, 150px\" \/><\/a>\n\t\t\t<\/div><\/figure><figure class='gallery-item'>\n\t\t\t<div class='gallery-icon landscape'>\n\t\t\t\t<a href='https:\/\/fr.motocrossmag.be\/index.php\/2016\/01\/photos-les-pilotes-officiels-yamaha-mxgp\/yamaha_febvre_vanhorebeek_guillod_2016-nez37kikriizs0amyd10\/'><img decoding=\"async\" width=\"150\" height=\"150\" src=\"https:\/\/fr.motocrossmag.be\/wp-content\/uploads\/2016\/01\/Yamaha_Febvre_Vanhorebeek_Guillod_2016-NEZ37KIKRIIZS0AMYD10-150x150.jpg\" class=\"attachment-thumbnail size-thumbnail\" alt=\"\" srcset=\"https:\/\/fr.motocrossmag.be\/wp-content\/uploads\/2016\/01\/Yamaha_Febvre_Vanhorebeek_Guillod_2016-NEZ37KIKRIIZS0AMYD10-150x150.jpg 150w, https:\/\/fr.motocrossmag.be\/wp-content\/uploads\/2016\/01\/Yamaha_Febvre_Vanhorebeek_Guillod_2016-NEZ37KIKRIIZS0AMYD10-50x50.jpg 50w\" sizes=\"(max-width: 150px) 100vw, 150px\" \/><\/a>\n\t\t\t<\/div><\/figure><figure class='gallery-item'>\n\t\t\t<div class='gallery-icon landscape'>\n\t\t\t\t<a href='https:\/\/fr.motocrossmag.be\/index.php\/2016\/01\/photos-les-pilotes-officiels-yamaha-mxgp\/yamaha_febvre_vanhorebeek_guillod_2016-kcywpfdawxehqfqb5o4u\/'><img decoding=\"async\" width=\"150\" height=\"150\" src=\"https:\/\/fr.motocrossmag.be\/wp-content\/uploads\/2016\/01\/Yamaha_Febvre_Vanhorebeek_Guillod_2016-KCYWPFDAWXEHQFQB5O4U-150x150.jpg\" class=\"attachment-thumbnail size-thumbnail\" alt=\"\" srcset=\"https:\/\/fr.motocrossmag.be\/wp-content\/uploads\/2016\/01\/Yamaha_Febvre_Vanhorebeek_Guillod_2016-KCYWPFDAWXEHQFQB5O4U-150x150.jpg 150w, https:\/\/fr.motocrossmag.be\/wp-content\/uploads\/2016\/01\/Yamaha_Febvre_Vanhorebeek_Guillod_2016-KCYWPFDAWXEHQFQB5O4U-50x50.jpg 50w\" sizes=\"(max-width: 150px) 100vw, 150px\" \/><\/a>\n\t\t\t<\/div><\/figure><figure class='gallery-item'>\n\t\t\t<div class='gallery-icon landscape'>\n\t\t\t\t<a href='https:\/\/fr.motocrossmag.be\/index.php\/2016\/01\/photos-les-pilotes-officiels-yamaha-mxgp\/yamaha_febvre_vanhorebeek_guillod_2016-newe7hs55h9f2envhxmm\/'><img decoding=\"async\" width=\"150\" height=\"150\" src=\"https:\/\/fr.motocrossmag.be\/wp-content\/uploads\/2016\/01\/Yamaha_Febvre_Vanhorebeek_Guillod_2016-NEWE7HS55H9F2ENVHXMM-150x150.jpg\" class=\"attachment-thumbnail size-thumbnail\" alt=\"\" srcset=\"https:\/\/fr.motocrossmag.be\/wp-content\/uploads\/2016\/01\/Yamaha_Febvre_Vanhorebeek_Guillod_2016-NEWE7HS55H9F2ENVHXMM-150x150.jpg 150w, https:\/\/fr.motocrossmag.be\/wp-content\/uploads\/2016\/01\/Yamaha_Febvre_Vanhorebeek_Guillod_2016-NEWE7HS55H9F2ENVHXMM-50x50.jpg 50w\" sizes=\"(max-width: 150px) 100vw, 150px\" \/><\/a>\n\t\t\t<\/div><\/figure><figure class='gallery-item'>\n\t\t\t<div class='gallery-icon landscape'>\n\t\t\t\t<a href='https:\/\/fr.motocrossmag.be\/index.php\/2016\/01\/photos-les-pilotes-officiels-yamaha-mxgp\/yamaha_febvre_vanhorebeek_guillod_2016-jlwxvmeffglk47n3tby5\/'><img decoding=\"async\" width=\"150\" height=\"150\" src=\"https:\/\/fr.motocrossmag.be\/wp-content\/uploads\/2016\/01\/Yamaha_Febvre_Vanhorebeek_Guillod_2016-JLWXVMEFFGLK47N3TBY5-150x150.jpg\" class=\"attachment-thumbnail size-thumbnail\" alt=\"\" srcset=\"https:\/\/fr.motocrossmag.be\/wp-content\/uploads\/2016\/01\/Yamaha_Febvre_Vanhorebeek_Guillod_2016-JLWXVMEFFGLK47N3TBY5-150x150.jpg 150w, https:\/\/fr.motocrossmag.be\/wp-content\/uploads\/2016\/01\/Yamaha_Febvre_Vanhorebeek_Guillod_2016-JLWXVMEFFGLK47N3TBY5-50x50.jpg 50w\" sizes=\"(max-width: 150px) 100vw, 150px\" \/><\/a>\n\t\t\t<\/div><\/figure><figure class='gallery-item'>\n\t\t\t<div class='gallery-icon landscape'>\n\t\t\t\t<a href='https:\/\/fr.motocrossmag.be\/index.php\/2016\/01\/photos-les-pilotes-officiels-yamaha-mxgp\/yamaha_febvre_vanhorebeek_guillod_2016-iwq29racudtmliwf8e04\/'><img decoding=\"async\" width=\"150\" height=\"150\" src=\"https:\/\/fr.motocrossmag.be\/wp-content\/uploads\/2016\/01\/Yamaha_Febvre_Vanhorebeek_Guillod_2016-IWQ29RACUDTMLIWF8E04-150x150.jpg\" class=\"attachment-thumbnail size-thumbnail\" alt=\"\" srcset=\"https:\/\/fr.motocrossmag.be\/wp-content\/uploads\/2016\/01\/Yamaha_Febvre_Vanhorebeek_Guillod_2016-IWQ29RACUDTMLIWF8E04-150x150.jpg 150w, https:\/\/fr.motocrossmag.be\/wp-content\/uploads\/2016\/01\/Yamaha_Febvre_Vanhorebeek_Guillod_2016-IWQ29RACUDTMLIWF8E04-50x50.jpg 50w\" sizes=\"(max-width: 150px) 100vw, 150px\" \/><\/a>\n\t\t\t<\/div><\/figure><figure class='gallery-item'>\n\t\t\t<div class='gallery-icon landscape'>\n\t\t\t\t<a href='https:\/\/fr.motocrossmag.be\/index.php\/2016\/01\/photos-les-pilotes-officiels-yamaha-mxgp\/yamaha_febvre_vanhorebeek_guillod_2016-e92np5hu8eiwrgyarmh2\/'><img decoding=\"async\" width=\"150\" height=\"150\" src=\"https:\/\/fr.motocrossmag.be\/wp-content\/uploads\/2016\/01\/Yamaha_Febvre_Vanhorebeek_Guillod_2016-E92NP5HU8EIWRGYARMH2-150x150.jpg\" class=\"attachment-thumbnail size-thumbnail\" alt=\"\" srcset=\"https:\/\/fr.motocrossmag.be\/wp-content\/uploads\/2016\/01\/Yamaha_Febvre_Vanhorebeek_Guillod_2016-E92NP5HU8EIWRGYARMH2-150x150.jpg 150w, https:\/\/fr.motocrossmag.be\/wp-content\/uploads\/2016\/01\/Yamaha_Febvre_Vanhorebeek_Guillod_2016-E92NP5HU8EIWRGYARMH2-50x50.jpg 50w\" sizes=\"(max-width: 150px) 100vw, 150px\" \/><\/a>\n\t\t\t<\/div><\/figure><figure class='gallery-item'>\n\t\t\t<div class='gallery-icon landscape'>\n\t\t\t\t<a href='https:\/\/fr.motocrossmag.be\/index.php\/2016\/01\/photos-les-pilotes-officiels-yamaha-mxgp\/yamaha_febvre_vanhorebeek_guillod_2016-c2u6520w0i6avfjywxwg\/'><img decoding=\"async\" width=\"150\" height=\"150\" src=\"https:\/\/fr.motocrossmag.be\/wp-content\/uploads\/2016\/01\/Yamaha_Febvre_Vanhorebeek_Guillod_2016-C2U6520W0I6AVFJYWXWG-150x150.jpg\" class=\"attachment-thumbnail size-thumbnail\" alt=\"\" srcset=\"https:\/\/fr.motocrossmag.be\/wp-content\/uploads\/2016\/01\/Yamaha_Febvre_Vanhorebeek_Guillod_2016-C2U6520W0I6AVFJYWXWG-150x150.jpg 150w, https:\/\/fr.motocrossmag.be\/wp-content\/uploads\/2016\/01\/Yamaha_Febvre_Vanhorebeek_Guillod_2016-C2U6520W0I6AVFJYWXWG-50x50.jpg 50w\" sizes=\"(max-width: 150px) 100vw, 150px\" \/><\/a>\n\t\t\t<\/div><\/figure><figure class='gallery-item'>\n\t\t\t<div class='gallery-icon landscape'>\n\t\t\t\t<a href='https:\/\/fr.motocrossmag.be\/index.php\/2016\/01\/photos-les-pilotes-officiels-yamaha-mxgp\/yamaha_febvre_vanhorebeek_guillod_2016-avp0t5441qdyyu0tzfwn\/'><img decoding=\"async\" width=\"150\" height=\"150\" src=\"https:\/\/fr.motocrossmag.be\/wp-content\/uploads\/2016\/01\/Yamaha_Febvre_Vanhorebeek_Guillod_2016-AVP0T5441QDYYU0TZFWN-150x150.jpg\" class=\"attachment-thumbnail size-thumbnail\" alt=\"\" srcset=\"https:\/\/fr.motocrossmag.be\/wp-content\/uploads\/2016\/01\/Yamaha_Febvre_Vanhorebeek_Guillod_2016-AVP0T5441QDYYU0TZFWN-150x150.jpg 150w, https:\/\/fr.motocrossmag.be\/wp-content\/uploads\/2016\/01\/Yamaha_Febvre_Vanhorebeek_Guillod_2016-AVP0T5441QDYYU0TZFWN-50x50.jpg 50w\" sizes=\"(max-width: 150px) 100vw, 150px\" \/><\/a>\n\t\t\t<\/div><\/figure><figure class='gallery-item'>\n\t\t\t<div class='gallery-icon landscape'>\n\t\t\t\t<a href='https:\/\/fr.motocrossmag.be\/index.php\/2016\/01\/photos-les-pilotes-officiels-yamaha-mxgp\/yamaha_febvre_vanhorebeek_guillod_2016-9z1vzrtkr34oyciu6pww\/'><img decoding=\"async\" width=\"150\" height=\"150\" src=\"https:\/\/fr.motocrossmag.be\/wp-content\/uploads\/2016\/01\/Yamaha_Febvre_Vanhorebeek_Guillod_2016-9Z1VZRTKR34OYCIU6PWW-150x150.jpg\" class=\"attachment-thumbnail size-thumbnail\" alt=\"\" srcset=\"https:\/\/fr.motocrossmag.be\/wp-content\/uploads\/2016\/01\/Yamaha_Febvre_Vanhorebeek_Guillod_2016-9Z1VZRTKR34OYCIU6PWW-150x150.jpg 150w, https:\/\/fr.motocrossmag.be\/wp-content\/uploads\/2016\/01\/Yamaha_Febvre_Vanhorebeek_Guillod_2016-9Z1VZRTKR34OYCIU6PWW-50x50.jpg 50w\" sizes=\"(max-width: 150px) 100vw, 150px\" \/><\/a>\n\t\t\t<\/div><\/figure><figure class='gallery-item'>\n\t\t\t<div class='gallery-icon landscape'>\n\t\t\t\t<a href='https:\/\/fr.motocrossmag.be\/index.php\/2016\/01\/photos-les-pilotes-officiels-yamaha-mxgp\/yamaha_febvre_vanhorebeek_guillod_2016-avcm3nuohv5j2apiirnv\/'><img decoding=\"async\" width=\"150\" height=\"150\" src=\"https:\/\/fr.motocrossmag.be\/wp-content\/uploads\/2016\/01\/Yamaha_Febvre_Vanhorebeek_Guillod_2016-AVCM3NUOHV5J2APIIRNV-150x150.jpg\" class=\"attachment-thumbnail size-thumbnail\" alt=\"\" srcset=\"https:\/\/fr.motocrossmag.be\/wp-content\/uploads\/2016\/01\/Yamaha_Febvre_Vanhorebeek_Guillod_2016-AVCM3NUOHV5J2APIIRNV-150x150.jpg 150w, https:\/\/fr.motocrossmag.be\/wp-content\/uploads\/2016\/01\/Yamaha_Febvre_Vanhorebeek_Guillod_2016-AVCM3NUOHV5J2APIIRNV-50x50.jpg 50w\" sizes=\"(max-width: 150px) 100vw, 150px\" \/><\/a>\n\t\t\t<\/div><\/figure><figure class='gallery-item'>\n\t\t\t<div class='gallery-icon landscape'>\n\t\t\t\t<a href='https:\/\/fr.motocrossmag.be\/index.php\/2016\/01\/photos-les-pilotes-officiels-yamaha-mxgp\/yamaha_febvre_vanhorebeek_guillod_2016-8h7fx2gxnyg69ymfcuxv\/'><img decoding=\"async\" width=\"150\" height=\"150\" src=\"https:\/\/fr.motocrossmag.be\/wp-content\/uploads\/2016\/01\/Yamaha_Febvre_Vanhorebeek_Guillod_2016-8H7FX2GXNYG69YMFCUXV-150x150.jpg\" class=\"attachment-thumbnail size-thumbnail\" alt=\"\" srcset=\"https:\/\/fr.motocrossmag.be\/wp-content\/uploads\/2016\/01\/Yamaha_Febvre_Vanhorebeek_Guillod_2016-8H7FX2GXNYG69YMFCUXV-150x150.jpg 150w, https:\/\/fr.motocrossmag.be\/wp-content\/uploads\/2016\/01\/Yamaha_Febvre_Vanhorebeek_Guillod_2016-8H7FX2GXNYG69YMFCUXV-50x50.jpg 50w\" sizes=\"(max-width: 150px) 100vw, 150px\" \/><\/a>\n\t\t\t<\/div><\/figure><figure class='gallery-item'>\n\t\t\t<div class='gallery-icon landscape'>\n\t\t\t\t<a href='https:\/\/fr.motocrossmag.be\/index.php\/2016\/01\/photos-les-pilotes-officiels-yamaha-mxgp\/yamaha_febvre_vanhorebeek_guillod_2016-5kw4fmdr7k1lb83lhz95\/'><img decoding=\"async\" width=\"150\" height=\"150\" src=\"https:\/\/fr.motocrossmag.be\/wp-content\/uploads\/2016\/01\/Yamaha_Febvre_Vanhorebeek_Guillod_2016-5KW4FMDR7K1LB83LHZ95-150x150.jpg\" class=\"attachment-thumbnail size-thumbnail\" alt=\"\" srcset=\"https:\/\/fr.motocrossmag.be\/wp-content\/uploads\/2016\/01\/Yamaha_Febvre_Vanhorebeek_Guillod_2016-5KW4FMDR7K1LB83LHZ95-150x150.jpg 150w, https:\/\/fr.motocrossmag.be\/wp-content\/uploads\/2016\/01\/Yamaha_Febvre_Vanhorebeek_Guillod_2016-5KW4FMDR7K1LB83LHZ95-50x50.jpg 50w\" sizes=\"(max-width: 150px) 100vw, 150px\" \/><\/a>\n\t\t\t<\/div><\/figure><figure class='gallery-item'>\n\t\t\t<div class='gallery-icon landscape'>\n\t\t\t\t<a href='https:\/\/fr.motocrossmag.be\/index.php\/2016\/01\/photos-les-pilotes-officiels-yamaha-mxgp\/yamaha_febvre_vanhorebeek_guillod_2016-0meamyomcmydpjsxfrf9\/'><img decoding=\"async\" width=\"150\" height=\"150\" src=\"https:\/\/fr.motocrossmag.be\/wp-content\/uploads\/2016\/01\/Yamaha_Febvre_Vanhorebeek_Guillod_2016-0MEAMYOMCMYDPJSXFRF9-150x150.jpg\" class=\"attachment-thumbnail size-thumbnail\" alt=\"\" srcset=\"https:\/\/fr.motocrossmag.be\/wp-content\/uploads\/2016\/01\/Yamaha_Febvre_Vanhorebeek_Guillod_2016-0MEAMYOMCMYDPJSXFRF9-150x150.jpg 150w, https:\/\/fr.motocrossmag.be\/wp-content\/uploads\/2016\/01\/Yamaha_Febvre_Vanhorebeek_Guillod_2016-0MEAMYOMCMYDPJSXFRF9-50x50.jpg 50w\" sizes=\"(max-width: 150px) 100vw, 150px\" \/><\/a>\n\t\t\t<\/div><\/figure><figure class='gallery-item'>\n\t\t\t<div class='gallery-icon landscape'>\n\t\t\t\t<a href='https:\/\/fr.motocrossmag.be\/index.php\/2016\/01\/photos-les-pilotes-officiels-yamaha-mxgp\/yamaha_febvre_vanhorebeek_guillod_2016-17cf54vweuspajzh0wqd\/'><img decoding=\"async\" width=\"150\" height=\"150\" src=\"https:\/\/fr.motocrossmag.be\/wp-content\/uploads\/2016\/01\/Yamaha_Febvre_Vanhorebeek_Guillod_2016-17CF54VWEUSPAJZH0WQD-150x150.jpg\" class=\"attachment-thumbnail size-thumbnail\" alt=\"\" srcset=\"https:\/\/fr.motocrossmag.be\/wp-content\/uploads\/2016\/01\/Yamaha_Febvre_Vanhorebeek_Guillod_2016-17CF54VWEUSPAJZH0WQD-150x150.jpg 150w, https:\/\/fr.motocrossmag.be\/wp-content\/uploads\/2016\/01\/Yamaha_Febvre_Vanhorebeek_Guillod_2016-17CF54VWEUSPAJZH0WQD-50x50.jpg 50w\" sizes=\"(max-width: 150px) 100vw, 150px\" \/><\/a>\n\t\t\t<\/div><\/figure>\n\t\t<\/div>\n\n","protected":false},"excerpt":{"rendered":"<p>En studio et sur le terrain: Valentin Guillod, J\u00e9r\u00e9my Van Horebeek et le champion du monde Romain F\u00e8bvre. Les 3 officiels Yamaha dans la cat\u00e9gorie MXGP sous leurs couleurs 2016&#8230;<\/p>\n","protected":false},"author":932,"featured_media":42511,"comment_status":"open","ping_status":"closed","sticky":false,"template":"","format":"standard","meta":{"tdm_status":"","tdm_grid_status":"","footnotes":""},"categories":[54,4,6,5,55,66,65],"tags":[],"class_list":["post-42493","post","type-post","status-publish","format-standard","has-post-thumbnail","category-actualite","category-motocross","category-mx1mx2","category-news","category-news-actualite","category-photos","category-slideshow"],"yoast_head":"<!-- This site is optimized with the Yoast SEO plugin v28.3 - https:\/\/yoast.com\/product\/yoast-seo-wordpress\/ -->\n<title>Photos: les pilotes officiels Yamaha MXGP - Motocross - Enduro - Supermoto | MotocrossMag<\/title>\n<meta name=\"robots\" content=\"index, follow, max-snippet:-1, max-image-preview:large, max-video-preview:-1\" \/>\n<link rel=\"canonical\" href=\"https:\/\/fr.motocrossmag.be\/index.php\/2016\/01\/photos-les-pilotes-officiels-yamaha-mxgp\/\" \/>\n<meta property=\"og:locale\" content=\"fr_FR\" \/>\n<meta property=\"og:type\" content=\"article\" \/>\n<meta property=\"og:title\" content=\"Photos: les pilotes officiels Yamaha MXGP - Motocross - Enduro - Supermoto | MotocrossMag\" \/>\n<meta property=\"og:description\" content=\"En studio et sur le terrain: Valentin Guillod, J\u00e9r\u00e9my Van Horebeek et le champion du monde Romain F\u00e8bvre. Les 3 officiels Yamaha dans la cat\u00e9gorie MXGP sous leurs couleurs 2016&#8230;\" \/>\n<meta property=\"og:url\" content=\"https:\/\/fr.motocrossmag.be\/index.php\/2016\/01\/photos-les-pilotes-officiels-yamaha-mxgp\/\" \/>\n<meta property=\"og:site_name\" content=\"Motocross - Enduro - Supermoto | MotocrossMag\" \/>\n<meta property=\"article:published_time\" content=\"2016-01-26T09:52:11+00:00\" \/>\n<meta property=\"og:image\" content=\"https:\/\/fr.motocrossmag.be\/wp-content\/uploads\/2016\/01\/Yamaha_Febvre_Vanhorebeek_Guillod_2016-NY07K1HZ45XCP373Y2MJ.jpg\" \/>\n\t<meta property=\"og:image:width\" content=\"1000\" \/>\n\t<meta property=\"og:image:height\" content=\"749\" \/>\n\t<meta property=\"og:image:type\" content=\"image\/jpeg\" \/>\n<meta name=\"author\" content=\"oliviere\" \/>\n<meta name=\"twitter:card\" content=\"summary_large_image\" \/>\n<meta name=\"twitter:label1\" content=\"\u00c9crit par\" \/>\n\t<meta name=\"twitter:data1\" content=\"oliviere\" \/>\n<script type=\"application\/ld+json\" class=\"yoast-schema-graph\">{\"@context\":\"https:\\\/\\\/schema.org\",\"@graph\":[{\"@type\":\"Article\",\"@id\":\"https:\\\/\\\/fr.motocrossmag.be\\\/index.php\\\/2016\\\/01\\\/photos-les-pilotes-officiels-yamaha-mxgp\\\/#article\",\"isPartOf\":{\"@id\":\"https:\\\/\\\/fr.motocrossmag.be\\\/index.php\\\/2016\\\/01\\\/photos-les-pilotes-officiels-yamaha-mxgp\\\/\"},\"author\":{\"name\":\"oliviere\",\"@id\":\"https:\\\/\\\/fr.motocrossmag.be\\\/#\\\/schema\\\/person\\\/11b47143d9f755babca2c9110e03235c\"},\"headline\":\"Photos: les pilotes officiels Yamaha MXGP\",\"datePublished\":\"2016-01-26T09:52:11+00:00\",\"mainEntityOfPage\":{\"@id\":\"https:\\\/\\\/fr.motocrossmag.be\\\/index.php\\\/2016\\\/01\\\/photos-les-pilotes-officiels-yamaha-mxgp\\\/\"},\"wordCount\":40,\"commentCount\":0,\"image\":{\"@id\":\"https:\\\/\\\/fr.motocrossmag.be\\\/index.php\\\/2016\\\/01\\\/photos-les-pilotes-officiels-yamaha-mxgp\\\/#primaryimage\"},\"thumbnailUrl\":\"https:\\\/\\\/fr.motocrossmag.be\\\/wp-content\\\/uploads\\\/2016\\\/01\\\/Yamaha_Febvre_Vanhorebeek_Guillod_2016-NY07K1HZ45XCP373Y2MJ.jpg\",\"articleSection\":[\"Actualit\u00e9\",\"Motocross\",\"Motocross MXGP\",\"News\",\"News\",\"Photos\",\"Slideshow\"],\"inLanguage\":\"fr-FR\",\"potentialAction\":[{\"@type\":\"CommentAction\",\"name\":\"Comment\",\"target\":[\"https:\\\/\\\/fr.motocrossmag.be\\\/index.php\\\/2016\\\/01\\\/photos-les-pilotes-officiels-yamaha-mxgp\\\/#respond\"]}]},{\"@type\":\"WebPage\",\"@id\":\"https:\\\/\\\/fr.motocrossmag.be\\\/index.php\\\/2016\\\/01\\\/photos-les-pilotes-officiels-yamaha-mxgp\\\/\",\"url\":\"https:\\\/\\\/fr.motocrossmag.be\\\/index.php\\\/2016\\\/01\\\/photos-les-pilotes-officiels-yamaha-mxgp\\\/\",\"name\":\"Photos: les pilotes officiels Yamaha MXGP - Motocross - Enduro - Supermoto | MotocrossMag\",\"isPartOf\":{\"@id\":\"https:\\\/\\\/fr.motocrossmag.be\\\/#website\"},\"primaryImageOfPage\":{\"@id\":\"https:\\\/\\\/fr.motocrossmag.be\\\/index.php\\\/2016\\\/01\\\/photos-les-pilotes-officiels-yamaha-mxgp\\\/#primaryimage\"},\"image\":{\"@id\":\"https:\\\/\\\/fr.motocrossmag.be\\\/index.php\\\/2016\\\/01\\\/photos-les-pilotes-officiels-yamaha-mxgp\\\/#primaryimage\"},\"thumbnailUrl\":\"https:\\\/\\\/fr.motocrossmag.be\\\/wp-content\\\/uploads\\\/2016\\\/01\\\/Yamaha_Febvre_Vanhorebeek_Guillod_2016-NY07K1HZ45XCP373Y2MJ.jpg\",\"datePublished\":\"2016-01-26T09:52:11+00:00\",\"author\":{\"@id\":\"https:\\\/\\\/fr.motocrossmag.be\\\/#\\\/schema\\\/person\\\/11b47143d9f755babca2c9110e03235c\"},\"breadcrumb\":{\"@id\":\"https:\\\/\\\/fr.motocrossmag.be\\\/index.php\\\/2016\\\/01\\\/photos-les-pilotes-officiels-yamaha-mxgp\\\/#breadcrumb\"},\"inLanguage\":\"fr-FR\",\"potentialAction\":[{\"@type\":\"ReadAction\",\"target\":[\"https:\\\/\\\/fr.motocrossmag.be\\\/index.php\\\/2016\\\/01\\\/photos-les-pilotes-officiels-yamaha-mxgp\\\/\"]}]},{\"@type\":\"ImageObject\",\"inLanguage\":\"fr-FR\",\"@id\":\"https:\\\/\\\/fr.motocrossmag.be\\\/index.php\\\/2016\\\/01\\\/photos-les-pilotes-officiels-yamaha-mxgp\\\/#primaryimage\",\"url\":\"https:\\\/\\\/fr.motocrossmag.be\\\/wp-content\\\/uploads\\\/2016\\\/01\\\/Yamaha_Febvre_Vanhorebeek_Guillod_2016-NY07K1HZ45XCP373Y2MJ.jpg\",\"contentUrl\":\"https:\\\/\\\/fr.motocrossmag.be\\\/wp-content\\\/uploads\\\/2016\\\/01\\\/Yamaha_Febvre_Vanhorebeek_Guillod_2016-NY07K1HZ45XCP373Y2MJ.jpg\",\"width\":1000,\"height\":749},{\"@type\":\"BreadcrumbList\",\"@id\":\"https:\\\/\\\/fr.motocrossmag.be\\\/index.php\\\/2016\\\/01\\\/photos-les-pilotes-officiels-yamaha-mxgp\\\/#breadcrumb\",\"itemListElement\":[{\"@type\":\"ListItem\",\"position\":1,\"name\":\"Accueil\",\"item\":\"https:\\\/\\\/fr.motocrossmag.be\\\/\"},{\"@type\":\"ListItem\",\"position\":2,\"name\":\"Photos: les pilotes officiels Yamaha MXGP\"}]},{\"@type\":\"WebSite\",\"@id\":\"https:\\\/\\\/fr.motocrossmag.be\\\/#website\",\"url\":\"https:\\\/\\\/fr.motocrossmag.be\\\/\",\"name\":\"Motocross - Enduro - Supermoto | MotocrossMag\",\"description\":\"L&#039;actualit\u00e9 du motocross, de l&#039;enduro et du Supermoto en ligne!\",\"potentialAction\":[{\"@type\":\"SearchAction\",\"target\":{\"@type\":\"EntryPoint\",\"urlTemplate\":\"https:\\\/\\\/fr.motocrossmag.be\\\/?s={search_term_string}\"},\"query-input\":{\"@type\":\"PropertyValueSpecification\",\"valueRequired\":true,\"valueName\":\"search_term_string\"}}],\"inLanguage\":\"fr-FR\"},{\"@type\":\"Person\",\"@id\":\"https:\\\/\\\/fr.motocrossmag.be\\\/#\\\/schema\\\/person\\\/11b47143d9f755babca2c9110e03235c\",\"name\":\"oliviere\",\"image\":{\"@type\":\"ImageObject\",\"inLanguage\":\"fr-FR\",\"@id\":\"https:\\\/\\\/secure.gravatar.com\\\/avatar\\\/907069e0b81d119452040469e4a7501da1100f54f7f80180ce77bfab718288f6?s=96&d=mm&r=g\",\"url\":\"https:\\\/\\\/secure.gravatar.com\\\/avatar\\\/907069e0b81d119452040469e4a7501da1100f54f7f80180ce77bfab718288f6?s=96&d=mm&r=g\",\"contentUrl\":\"https:\\\/\\\/secure.gravatar.com\\\/avatar\\\/907069e0b81d119452040469e4a7501da1100f54f7f80180ce77bfab718288f6?s=96&d=mm&r=g\",\"caption\":\"oliviere\"},\"sameAs\":[\"http:\\\/\\\/www.motocrossmag.be\"],\"url\":\"https:\\\/\\\/fr.motocrossmag.be\\\/index.php\\\/author\\\/oliviere\\\/\"}]}<\/script>\n<!-- \/ Yoast SEO plugin. -->","yoast_head_json":{"title":"Photos: les pilotes officiels Yamaha MXGP - Motocross - Enduro - Supermoto | MotocrossMag","robots":{"index":"index","follow":"follow","max-snippet":"max-snippet:-1","max-image-preview":"max-image-preview:large","max-video-preview":"max-video-preview:-1"},"canonical":"https:\/\/fr.motocrossmag.be\/index.php\/2016\/01\/photos-les-pilotes-officiels-yamaha-mxgp\/","og_locale":"fr_FR","og_type":"article","og_title":"Photos: les pilotes officiels Yamaha MXGP - Motocross - Enduro - Supermoto | MotocrossMag","og_description":"En studio et sur le terrain: Valentin Guillod, J\u00e9r\u00e9my Van Horebeek et le champion du monde Romain F\u00e8bvre. Les 3 officiels Yamaha dans la cat\u00e9gorie MXGP sous leurs couleurs 2016&#8230;","og_url":"https:\/\/fr.motocrossmag.be\/index.php\/2016\/01\/photos-les-pilotes-officiels-yamaha-mxgp\/","og_site_name":"Motocross - Enduro - Supermoto | MotocrossMag","article_published_time":"2016-01-26T09:52:11+00:00","og_image":[{"width":1000,"height":749,"url":"https:\/\/fr.motocrossmag.be\/wp-content\/uploads\/2016\/01\/Yamaha_Febvre_Vanhorebeek_Guillod_2016-NY07K1HZ45XCP373Y2MJ.jpg","type":"image\/jpeg"}],"author":"oliviere","twitter_card":"summary_large_image","twitter_misc":{"\u00c9crit par":"oliviere"},"schema":{"@context":"https:\/\/schema.org","@graph":[{"@type":"Article","@id":"https:\/\/fr.motocrossmag.be\/index.php\/2016\/01\/photos-les-pilotes-officiels-yamaha-mxgp\/#article","isPartOf":{"@id":"https:\/\/fr.motocrossmag.be\/index.php\/2016\/01\/photos-les-pilotes-officiels-yamaha-mxgp\/"},"author":{"name":"oliviere","@id":"https:\/\/fr.motocrossmag.be\/#\/schema\/person\/11b47143d9f755babca2c9110e03235c"},"headline":"Photos: les pilotes officiels Yamaha MXGP","datePublished":"2016-01-26T09:52:11+00:00","mainEntityOfPage":{"@id":"https:\/\/fr.motocrossmag.be\/index.php\/2016\/01\/photos-les-pilotes-officiels-yamaha-mxgp\/"},"wordCount":40,"commentCount":0,"image":{"@id":"https:\/\/fr.motocrossmag.be\/index.php\/2016\/01\/photos-les-pilotes-officiels-yamaha-mxgp\/#primaryimage"},"thumbnailUrl":"https:\/\/fr.motocrossmag.be\/wp-content\/uploads\/2016\/01\/Yamaha_Febvre_Vanhorebeek_Guillod_2016-NY07K1HZ45XCP373Y2MJ.jpg","articleSection":["Actualit\u00e9","Motocross","Motocross MXGP","News","News","Photos","Slideshow"],"inLanguage":"fr-FR","potentialAction":[{"@type":"CommentAction","name":"Comment","target":["https:\/\/fr.motocrossmag.be\/index.php\/2016\/01\/photos-les-pilotes-officiels-yamaha-mxgp\/#respond"]}]},{"@type":"WebPage","@id":"https:\/\/fr.motocrossmag.be\/index.php\/2016\/01\/photos-les-pilotes-officiels-yamaha-mxgp\/","url":"https:\/\/fr.motocrossmag.be\/index.php\/2016\/01\/photos-les-pilotes-officiels-yamaha-mxgp\/","name":"Photos: les pilotes officiels Yamaha MXGP - Motocross - Enduro - Supermoto | MotocrossMag","isPartOf":{"@id":"https:\/\/fr.motocrossmag.be\/#website"},"primaryImageOfPage":{"@id":"https:\/\/fr.motocrossmag.be\/index.php\/2016\/01\/photos-les-pilotes-officiels-yamaha-mxgp\/#primaryimage"},"image":{"@id":"https:\/\/fr.motocrossmag.be\/index.php\/2016\/01\/photos-les-pilotes-officiels-yamaha-mxgp\/#primaryimage"},"thumbnailUrl":"https:\/\/fr.motocrossmag.be\/wp-content\/uploads\/2016\/01\/Yamaha_Febvre_Vanhorebeek_Guillod_2016-NY07K1HZ45XCP373Y2MJ.jpg","datePublished":"2016-01-26T09:52:11+00:00","author":{"@id":"https:\/\/fr.motocrossmag.be\/#\/schema\/person\/11b47143d9f755babca2c9110e03235c"},"breadcrumb":{"@id":"https:\/\/fr.motocrossmag.be\/index.php\/2016\/01\/photos-les-pilotes-officiels-yamaha-mxgp\/#breadcrumb"},"inLanguage":"fr-FR","potentialAction":[{"@type":"ReadAction","target":["https:\/\/fr.motocrossmag.be\/index.php\/2016\/01\/photos-les-pilotes-officiels-yamaha-mxgp\/"]}]},{"@type":"ImageObject","inLanguage":"fr-FR","@id":"https:\/\/fr.motocrossmag.be\/index.php\/2016\/01\/photos-les-pilotes-officiels-yamaha-mxgp\/#primaryimage","url":"https:\/\/fr.motocrossmag.be\/wp-content\/uploads\/2016\/01\/Yamaha_Febvre_Vanhorebeek_Guillod_2016-NY07K1HZ45XCP373Y2MJ.jpg","contentUrl":"https:\/\/fr.motocrossmag.be\/wp-content\/uploads\/2016\/01\/Yamaha_Febvre_Vanhorebeek_Guillod_2016-NY07K1HZ45XCP373Y2MJ.jpg","width":1000,"height":749},{"@type":"BreadcrumbList","@id":"https:\/\/fr.motocrossmag.be\/index.php\/2016\/01\/photos-les-pilotes-officiels-yamaha-mxgp\/#breadcrumb","itemListElement":[{"@type":"ListItem","position":1,"name":"Accueil","item":"https:\/\/fr.motocrossmag.be\/"},{"@type":"ListItem","position":2,"name":"Photos: les pilotes officiels Yamaha MXGP"}]},{"@type":"WebSite","@id":"https:\/\/fr.motocrossmag.be\/#website","url":"https:\/\/fr.motocrossmag.be\/","name":"Motocross - Enduro - Supermoto | MotocrossMag","description":"L&#039;actualit\u00e9 du motocross, de l&#039;enduro et du Supermoto en ligne!","potentialAction":[{"@type":"SearchAction","target":{"@type":"EntryPoint","urlTemplate":"https:\/\/fr.motocrossmag.be\/?s={search_term_string}"},"query-input":{"@type":"PropertyValueSpecification","valueRequired":true,"valueName":"search_term_string"}}],"inLanguage":"fr-FR"},{"@type":"Person","@id":"https:\/\/fr.motocrossmag.be\/#\/schema\/person\/11b47143d9f755babca2c9110e03235c","name":"oliviere","image":{"@type":"ImageObject","inLanguage":"fr-FR","@id":"https:\/\/secure.gravatar.com\/avatar\/907069e0b81d119452040469e4a7501da1100f54f7f80180ce77bfab718288f6?s=96&d=mm&r=g","url":"https:\/\/secure.gravatar.com\/avatar\/907069e0b81d119452040469e4a7501da1100f54f7f80180ce77bfab718288f6?s=96&d=mm&r=g","contentUrl":"https:\/\/secure.gravatar.com\/avatar\/907069e0b81d119452040469e4a7501da1100f54f7f80180ce77bfab718288f6?s=96&d=mm&r=g","caption":"oliviere"},"sameAs":["http:\/\/www.motocrossmag.be"],"url":"https:\/\/fr.motocrossmag.be\/index.php\/author\/oliviere\/"}]}},"_links":{"self":[{"href":"https:\/\/fr.motocrossmag.be\/index.php\/wp-json\/wp\/v2\/posts\/42493","targetHints":{"allow":["GET"]}}],"collection":[{"href":"https:\/\/fr.motocrossmag.be\/index.php\/wp-json\/wp\/v2\/posts"}],"about":[{"href":"https:\/\/fr.motocrossmag.be\/index.php\/wp-json\/wp\/v2\/types\/post"}],"author":[{"embeddable":true,"href":"https:\/\/fr.motocrossmag.be\/index.php\/wp-json\/wp\/v2\/users\/932"}],"replies":[{"embeddable":true,"href":"https:\/\/fr.motocrossmag.be\/index.php\/wp-json\/wp\/v2\/comments?post=42493"}],"version-history":[{"count":1,"href":"https:\/\/fr.motocrossmag.be\/index.php\/wp-json\/wp\/v2\/posts\/42493\/revisions"}],"predecessor-version":[{"id":42538,"href":"https:\/\/fr.motocrossmag.be\/index.php\/wp-json\/wp\/v2\/posts\/42493\/revisions\/42538"}],"wp:featuredmedia":[{"embeddable":true,"href":"https:\/\/fr.motocrossmag.be\/index.php\/wp-json\/wp\/v2\/media\/42511"}],"wp:attachment":[{"href":"https:\/\/fr.motocrossmag.be\/index.php\/wp-json\/wp\/v2\/media?parent=42493"}],"wp:term":[{"taxonomy":"category","embeddable":true,"href":"https:\/\/fr.motocrossmag.be\/index.php\/wp-json\/wp\/v2\/categories?post=42493"},{"taxonomy":"post_tag","embeddable":true,"href":"https:\/\/fr.motocrossmag.be\/index.php\/wp-json\/wp\/v2\/tags?post=42493"}],"curies":[{"name":"wp","href":"https:\/\/api.w.org\/{rel}","templated":true}]}}