{"id":42851,"date":"2016-02-01T21:34:34","date_gmt":"2016-02-01T20:34:34","guid":{"rendered":"http:\/\/fr.motocrossmag.be\/?p=42851"},"modified":"2016-02-01T21:34:34","modified_gmt":"2016-02-01T20:34:34","slug":"photos-ouverture-du-championnat-ditalie-a-alghero","status":"publish","type":"post","link":"https:\/\/fr.motocrossmag.be\/index.php\/2016\/02\/photos-ouverture-du-championnat-ditalie-a-alghero\/","title":{"rendered":"Photos: ouverture du championnat d&rsquo;Italie \u00e0 Alghero"},"content":{"rendered":"<p>Tr\u00e8s attendue, l&rsquo;ouverture de la saison internationale de motocross a eu lieu ce dimanche sur la piste sablonneuse d&rsquo;Alghero, en Sardaigne. En l&rsquo;absence d&rsquo;Antonio Cairoli, ce sont Jeffrey Herlings, Romain F\u00e8bvre et Evgeny Bobryshev qui se sont offert les premiers lauriers de la saison. J\u00e9r\u00e9my Van Horebeek signe lui aussi une sortie convaincante puisque notre compatriote monte sur la deuxi\u00e8me marche du podium.<\/p>\n<div id='gallery-1' class='gallery galleryid-42851 gallery-columns-3 gallery-size-thumbnail'><figure class='gallery-item'>\n\t\t\t<div class='gallery-icon landscape'>\n\t\t\t\t<a href='https:\/\/fr.motocrossmag.be\/index.php\/2016\/02\/photos-ouverture-du-championnat-ditalie-a-alghero\/18095_max-nagl-husqvarna-fc-450-alghero-2016\/'><img decoding=\"async\" width=\"150\" height=\"150\" src=\"https:\/\/fr.motocrossmag.be\/wp-content\/uploads\/2016\/02\/18095_Max-Nagl-Husqvarna-FC-450-Alghero-2016-150x150.jpg\" class=\"attachment-thumbnail size-thumbnail\" alt=\"\" srcset=\"https:\/\/fr.motocrossmag.be\/wp-content\/uploads\/2016\/02\/18095_Max-Nagl-Husqvarna-FC-450-Alghero-2016-150x150.jpg 150w, https:\/\/fr.motocrossmag.be\/wp-content\/uploads\/2016\/02\/18095_Max-Nagl-Husqvarna-FC-450-Alghero-2016-50x50.jpg 50w\" sizes=\"(max-width: 150px) 100vw, 150px\" \/><\/a>\n\t\t\t<\/div><\/figure><figure class='gallery-item'>\n\t\t\t<div class='gallery-icon landscape'>\n\t\t\t\t<a href='https:\/\/fr.motocrossmag.be\/index.php\/2016\/02\/photos-ouverture-du-championnat-ditalie-a-alghero\/6d88k1bljmh54srjsjd1\/'><img decoding=\"async\" width=\"150\" height=\"150\" src=\"https:\/\/fr.motocrossmag.be\/wp-content\/uploads\/2016\/02\/6D88K1BLJMH54SRJSJD1-150x150.jpg\" class=\"attachment-thumbnail size-thumbnail\" alt=\"\" srcset=\"https:\/\/fr.motocrossmag.be\/wp-content\/uploads\/2016\/02\/6D88K1BLJMH54SRJSJD1-150x150.jpg 150w, https:\/\/fr.motocrossmag.be\/wp-content\/uploads\/2016\/02\/6D88K1BLJMH54SRJSJD1-50x50.jpg 50w\" sizes=\"(max-width: 150px) 100vw, 150px\" \/><\/a>\n\t\t\t<\/div><\/figure><figure class='gallery-item'>\n\t\t\t<div class='gallery-icon landscape'>\n\t\t\t\t<a href='https:\/\/fr.motocrossmag.be\/index.php\/2016\/02\/photos-ouverture-du-championnat-ditalie-a-alghero\/134700_davy-pootjes-ktm-250-sx-f-alghero-2016\/'><img decoding=\"async\" width=\"150\" height=\"150\" src=\"https:\/\/fr.motocrossmag.be\/wp-content\/uploads\/2016\/02\/134700_Davy-Pootjes-KTM-250-SX-F-Alghero-2016-150x150.jpg\" class=\"attachment-thumbnail size-thumbnail\" alt=\"\" srcset=\"https:\/\/fr.motocrossmag.be\/wp-content\/uploads\/2016\/02\/134700_Davy-Pootjes-KTM-250-SX-F-Alghero-2016-150x150.jpg 150w, https:\/\/fr.motocrossmag.be\/wp-content\/uploads\/2016\/02\/134700_Davy-Pootjes-KTM-250-SX-F-Alghero-2016-50x50.jpg 50w\" sizes=\"(max-width: 150px) 100vw, 150px\" \/><\/a>\n\t\t\t<\/div><\/figure><figure class='gallery-item'>\n\t\t\t<div class='gallery-icon landscape'>\n\t\t\t\t<a href='https:\/\/fr.motocrossmag.be\/index.php\/2016\/02\/photos-ouverture-du-championnat-ditalie-a-alghero\/134711_jeffrey-herlings-ktm-250-sx-f-alghero-2016\/'><img decoding=\"async\" width=\"150\" height=\"150\" src=\"https:\/\/fr.motocrossmag.be\/wp-content\/uploads\/2016\/02\/134711_Jeffrey-Herlings-KTM-250-SX-F-Alghero-2016-150x150.jpg\" class=\"attachment-thumbnail size-thumbnail\" alt=\"\" srcset=\"https:\/\/fr.motocrossmag.be\/wp-content\/uploads\/2016\/02\/134711_Jeffrey-Herlings-KTM-250-SX-F-Alghero-2016-150x150.jpg 150w, https:\/\/fr.motocrossmag.be\/wp-content\/uploads\/2016\/02\/134711_Jeffrey-Herlings-KTM-250-SX-F-Alghero-2016-50x50.jpg 50w\" sizes=\"(max-width: 150px) 100vw, 150px\" \/><\/a>\n\t\t\t<\/div><\/figure><figure class='gallery-item'>\n\t\t\t<div class='gallery-icon landscape'>\n\t\t\t\t<a href='https:\/\/fr.motocrossmag.be\/index.php\/2016\/02\/photos-ouverture-du-championnat-ditalie-a-alghero\/18089_max-nagl-husqvarna-fc-450-alghero-2016\/'><img decoding=\"async\" width=\"150\" height=\"150\" src=\"https:\/\/fr.motocrossmag.be\/wp-content\/uploads\/2016\/02\/18089_Max-Nagl-Husqvarna-FC-450-Alghero-2016-150x150.jpg\" class=\"attachment-thumbnail size-thumbnail\" alt=\"\" srcset=\"https:\/\/fr.motocrossmag.be\/wp-content\/uploads\/2016\/02\/18089_Max-Nagl-Husqvarna-FC-450-Alghero-2016-150x150.jpg 150w, https:\/\/fr.motocrossmag.be\/wp-content\/uploads\/2016\/02\/18089_Max-Nagl-Husqvarna-FC-450-Alghero-2016-50x50.jpg 50w\" sizes=\"(max-width: 150px) 100vw, 150px\" \/><\/a>\n\t\t\t<\/div><\/figure><figure class='gallery-item'>\n\t\t\t<div class='gallery-icon landscape'>\n\t\t\t\t<a href='https:\/\/fr.motocrossmag.be\/index.php\/2016\/02\/photos-ouverture-du-championnat-ditalie-a-alghero\/18092_max-nagl-husqvarna-fc-450-alghero-2016\/'><img decoding=\"async\" width=\"150\" height=\"150\" src=\"https:\/\/fr.motocrossmag.be\/wp-content\/uploads\/2016\/02\/18092_Max-Nagl-Husqvarna-FC-450-Alghero-2016-150x150.jpg\" class=\"attachment-thumbnail size-thumbnail\" alt=\"\" srcset=\"https:\/\/fr.motocrossmag.be\/wp-content\/uploads\/2016\/02\/18092_Max-Nagl-Husqvarna-FC-450-Alghero-2016-150x150.jpg 150w, https:\/\/fr.motocrossmag.be\/wp-content\/uploads\/2016\/02\/18092_Max-Nagl-Husqvarna-FC-450-Alghero-2016-50x50.jpg 50w\" sizes=\"(max-width: 150px) 100vw, 150px\" \/><\/a>\n\t\t\t<\/div><\/figure><figure class='gallery-item'>\n\t\t\t<div class='gallery-icon landscape'>\n\t\t\t\t<a href='https:\/\/fr.motocrossmag.be\/index.php\/2016\/02\/photos-ouverture-du-championnat-ditalie-a-alghero\/bobryshev_action-2\/'><img decoding=\"async\" width=\"150\" height=\"150\" src=\"https:\/\/fr.motocrossmag.be\/wp-content\/uploads\/2016\/02\/bobryshev_action-150x150.jpg\" class=\"attachment-thumbnail size-thumbnail\" alt=\"\" srcset=\"https:\/\/fr.motocrossmag.be\/wp-content\/uploads\/2016\/02\/bobryshev_action-150x150.jpg 150w, https:\/\/fr.motocrossmag.be\/wp-content\/uploads\/2016\/02\/bobryshev_action-50x50.jpg 50w\" sizes=\"(max-width: 150px) 100vw, 150px\" \/><\/a>\n\t\t\t<\/div><\/figure><figure class='gallery-item'>\n\t\t\t<div class='gallery-icon landscape'>\n\t\t\t\t<a href='https:\/\/fr.motocrossmag.be\/index.php\/2016\/02\/photos-ouverture-du-championnat-ditalie-a-alghero\/18094_max-nagl-husqvarna-fc-450-alghero-2016\/'><img decoding=\"async\" width=\"150\" height=\"150\" src=\"https:\/\/fr.motocrossmag.be\/wp-content\/uploads\/2016\/02\/18094_Max-Nagl-Husqvarna-FC-450-Alghero-2016-150x150.jpg\" class=\"attachment-thumbnail size-thumbnail\" alt=\"\" srcset=\"https:\/\/fr.motocrossmag.be\/wp-content\/uploads\/2016\/02\/18094_Max-Nagl-Husqvarna-FC-450-Alghero-2016-150x150.jpg 150w, https:\/\/fr.motocrossmag.be\/wp-content\/uploads\/2016\/02\/18094_Max-Nagl-Husqvarna-FC-450-Alghero-2016-50x50.jpg 50w\" sizes=\"(max-width: 150px) 100vw, 150px\" \/><\/a>\n\t\t\t<\/div><\/figure><figure class='gallery-item'>\n\t\t\t<div class='gallery-icon landscape'>\n\t\t\t\t<a href='https:\/\/fr.motocrossmag.be\/index.php\/2016\/02\/photos-ouverture-du-championnat-ditalie-a-alghero\/134693_jeffrey-herlings-alghero-2016\/'><img decoding=\"async\" width=\"150\" height=\"150\" src=\"https:\/\/fr.motocrossmag.be\/wp-content\/uploads\/2016\/02\/134693_Jeffrey-Herlings-Alghero-2016-150x150.jpg\" class=\"attachment-thumbnail size-thumbnail\" alt=\"\" srcset=\"https:\/\/fr.motocrossmag.be\/wp-content\/uploads\/2016\/02\/134693_Jeffrey-Herlings-Alghero-2016-150x150.jpg 150w, https:\/\/fr.motocrossmag.be\/wp-content\/uploads\/2016\/02\/134693_Jeffrey-Herlings-Alghero-2016-50x50.jpg 50w\" sizes=\"(max-width: 150px) 100vw, 150px\" \/><\/a>\n\t\t\t<\/div><\/figure><figure class='gallery-item'>\n\t\t\t<div class='gallery-icon landscape'>\n\t\t\t\t<a href='https:\/\/fr.motocrossmag.be\/index.php\/2016\/02\/photos-ouverture-du-championnat-ditalie-a-alghero\/18102_max-nagl-husqvarna-fc-450-alghero-2016\/'><img decoding=\"async\" width=\"150\" height=\"150\" src=\"https:\/\/fr.motocrossmag.be\/wp-content\/uploads\/2016\/02\/18102_Max-Nagl-Husqvarna-FC-450-Alghero-2016-150x150.jpg\" class=\"attachment-thumbnail size-thumbnail\" alt=\"\" srcset=\"https:\/\/fr.motocrossmag.be\/wp-content\/uploads\/2016\/02\/18102_Max-Nagl-Husqvarna-FC-450-Alghero-2016-150x150.jpg 150w, https:\/\/fr.motocrossmag.be\/wp-content\/uploads\/2016\/02\/18102_Max-Nagl-Husqvarna-FC-450-Alghero-2016-50x50.jpg 50w\" sizes=\"(max-width: 150px) 100vw, 150px\" \/><\/a>\n\t\t\t<\/div><\/figure><figure class='gallery-item'>\n\t\t\t<div class='gallery-icon landscape'>\n\t\t\t\t<a href='https:\/\/fr.motocrossmag.be\/index.php\/2016\/02\/photos-ouverture-du-championnat-ditalie-a-alghero\/18104_thomas-covington-husqvarna-fv-250-alghero-2016\/'><img decoding=\"async\" width=\"150\" height=\"150\" src=\"https:\/\/fr.motocrossmag.be\/wp-content\/uploads\/2016\/02\/18104_Thomas-Covington-Husqvarna-FV-250-Alghero-2016-150x150.jpg\" class=\"attachment-thumbnail size-thumbnail\" alt=\"\" srcset=\"https:\/\/fr.motocrossmag.be\/wp-content\/uploads\/2016\/02\/18104_Thomas-Covington-Husqvarna-FV-250-Alghero-2016-150x150.jpg 150w, https:\/\/fr.motocrossmag.be\/wp-content\/uploads\/2016\/02\/18104_Thomas-Covington-Husqvarna-FV-250-Alghero-2016-50x50.jpg 50w\" sizes=\"(max-width: 150px) 100vw, 150px\" \/><\/a>\n\t\t\t<\/div><\/figure><figure class='gallery-item'>\n\t\t\t<div class='gallery-icon landscape'>\n\t\t\t\t<a href='https:\/\/fr.motocrossmag.be\/index.php\/2016\/02\/photos-ouverture-du-championnat-ditalie-a-alghero\/134688_jeffrey-herlings-ktm-250-sx-f-alghero-2016\/'><img decoding=\"async\" width=\"150\" height=\"150\" src=\"https:\/\/fr.motocrossmag.be\/wp-content\/uploads\/2016\/02\/134688_Jeffrey-Herlings-KTM-250-SX-F-Alghero-2016-150x150.jpg\" class=\"attachment-thumbnail size-thumbnail\" alt=\"\" srcset=\"https:\/\/fr.motocrossmag.be\/wp-content\/uploads\/2016\/02\/134688_Jeffrey-Herlings-KTM-250-SX-F-Alghero-2016-150x150.jpg 150w, https:\/\/fr.motocrossmag.be\/wp-content\/uploads\/2016\/02\/134688_Jeffrey-Herlings-KTM-250-SX-F-Alghero-2016-50x50.jpg 50w\" sizes=\"(max-width: 150px) 100vw, 150px\" \/><\/a>\n\t\t\t<\/div><\/figure><figure class='gallery-item'>\n\t\t\t<div class='gallery-icon landscape'>\n\t\t\t\t<a href='https:\/\/fr.motocrossmag.be\/index.php\/2016\/02\/photos-ouverture-du-championnat-ditalie-a-alghero\/18107_thomas-covington-husqvarna-fv-250-alghero-2016\/'><img decoding=\"async\" width=\"150\" height=\"150\" src=\"https:\/\/fr.motocrossmag.be\/wp-content\/uploads\/2016\/02\/18107_Thomas-Covington-Husqvarna-FV-250-Alghero-2016-150x150.jpg\" class=\"attachment-thumbnail size-thumbnail\" alt=\"\" srcset=\"https:\/\/fr.motocrossmag.be\/wp-content\/uploads\/2016\/02\/18107_Thomas-Covington-Husqvarna-FV-250-Alghero-2016-150x150.jpg 150w, https:\/\/fr.motocrossmag.be\/wp-content\/uploads\/2016\/02\/18107_Thomas-Covington-Husqvarna-FV-250-Alghero-2016-50x50.jpg 50w\" sizes=\"(max-width: 150px) 100vw, 150px\" \/><\/a>\n\t\t\t<\/div><\/figure><figure class='gallery-item'>\n\t\t\t<div class='gallery-icon landscape'>\n\t\t\t\t<a href='https:\/\/fr.motocrossmag.be\/index.php\/2016\/02\/photos-ouverture-du-championnat-ditalie-a-alghero\/alghero_getteman_2\/'><img decoding=\"async\" width=\"150\" height=\"150\" src=\"https:\/\/fr.motocrossmag.be\/wp-content\/uploads\/2016\/02\/alghero_getteman_2-150x150.jpg\" class=\"attachment-thumbnail size-thumbnail\" alt=\"\" srcset=\"https:\/\/fr.motocrossmag.be\/wp-content\/uploads\/2016\/02\/alghero_getteman_2-150x150.jpg 150w, https:\/\/fr.motocrossmag.be\/wp-content\/uploads\/2016\/02\/alghero_getteman_2-50x50.jpg 50w\" sizes=\"(max-width: 150px) 100vw, 150px\" \/><\/a>\n\t\t\t<\/div><\/figure><figure class='gallery-item'>\n\t\t\t<div class='gallery-icon landscape'>\n\t\t\t\t<a href='https:\/\/fr.motocrossmag.be\/index.php\/2016\/02\/photos-ouverture-du-championnat-ditalie-a-alghero\/18110_max-anstie-husqvarna-fc-250-alghero-2016\/'><img decoding=\"async\" width=\"150\" height=\"150\" src=\"https:\/\/fr.motocrossmag.be\/wp-content\/uploads\/2016\/02\/18110_Max-Anstie-Husqvarna-FC-250-Alghero-2016-150x150.jpg\" class=\"attachment-thumbnail size-thumbnail\" alt=\"\" srcset=\"https:\/\/fr.motocrossmag.be\/wp-content\/uploads\/2016\/02\/18110_Max-Anstie-Husqvarna-FC-250-Alghero-2016-150x150.jpg 150w, https:\/\/fr.motocrossmag.be\/wp-content\/uploads\/2016\/02\/18110_Max-Anstie-Husqvarna-FC-250-Alghero-2016-50x50.jpg 50w\" sizes=\"(max-width: 150px) 100vw, 150px\" \/><\/a>\n\t\t\t<\/div><\/figure><figure class='gallery-item'>\n\t\t\t<div class='gallery-icon landscape'>\n\t\t\t\t<a href='https:\/\/fr.motocrossmag.be\/index.php\/2016\/02\/photos-ouverture-du-championnat-ditalie-a-alghero\/18113_max-nagl-husqvarna-fc-450-alghero-2016\/'><img decoding=\"async\" width=\"150\" height=\"150\" src=\"https:\/\/fr.motocrossmag.be\/wp-content\/uploads\/2016\/02\/18113_Max-Nagl-Husqvarna-FC-450-Alghero-2016-150x150.jpg\" class=\"attachment-thumbnail size-thumbnail\" alt=\"\" srcset=\"https:\/\/fr.motocrossmag.be\/wp-content\/uploads\/2016\/02\/18113_Max-Nagl-Husqvarna-FC-450-Alghero-2016-150x150.jpg 150w, https:\/\/fr.motocrossmag.be\/wp-content\/uploads\/2016\/02\/18113_Max-Nagl-Husqvarna-FC-450-Alghero-2016-50x50.jpg 50w\" sizes=\"(max-width: 150px) 100vw, 150px\" \/><\/a>\n\t\t\t<\/div><\/figure><figure class='gallery-item'>\n\t\t\t<div class='gallery-icon landscape'>\n\t\t\t\t<a href='https:\/\/fr.motocrossmag.be\/index.php\/2016\/02\/photos-ouverture-du-championnat-ditalie-a-alghero\/134720_glenn-coldenhoff-ktm-450-sx-f-alghero-2016\/'><img decoding=\"async\" width=\"150\" height=\"150\" src=\"https:\/\/fr.motocrossmag.be\/wp-content\/uploads\/2016\/02\/134720_Glenn-Coldenhoff-KTM-450-SX-F-Alghero-2016-150x150.jpg\" class=\"attachment-thumbnail size-thumbnail\" alt=\"\" srcset=\"https:\/\/fr.motocrossmag.be\/wp-content\/uploads\/2016\/02\/134720_Glenn-Coldenhoff-KTM-450-SX-F-Alghero-2016-150x150.jpg 150w, https:\/\/fr.motocrossmag.be\/wp-content\/uploads\/2016\/02\/134720_Glenn-Coldenhoff-KTM-450-SX-F-Alghero-2016-50x50.jpg 50w\" sizes=\"(max-width: 150px) 100vw, 150px\" \/><\/a>\n\t\t\t<\/div><\/figure><figure class='gallery-item'>\n\t\t\t<div class='gallery-icon landscape'>\n\t\t\t\t<a href='https:\/\/fr.motocrossmag.be\/index.php\/2016\/02\/photos-ouverture-du-championnat-ditalie-a-alghero\/18114_max-nagl-husqvarna-fc-450-alghero-2016\/'><img decoding=\"async\" width=\"150\" height=\"150\" src=\"https:\/\/fr.motocrossmag.be\/wp-content\/uploads\/2016\/02\/18114_Max-Nagl-Husqvarna-FC-450-Alghero-2016-150x150.jpg\" class=\"attachment-thumbnail size-thumbnail\" alt=\"\" srcset=\"https:\/\/fr.motocrossmag.be\/wp-content\/uploads\/2016\/02\/18114_Max-Nagl-Husqvarna-FC-450-Alghero-2016-150x150.jpg 150w, https:\/\/fr.motocrossmag.be\/wp-content\/uploads\/2016\/02\/18114_Max-Nagl-Husqvarna-FC-450-Alghero-2016-50x50.jpg 50w\" sizes=\"(max-width: 150px) 100vw, 150px\" \/><\/a>\n\t\t\t<\/div><\/figure><figure class='gallery-item'>\n\t\t\t<div class='gallery-icon landscape'>\n\t\t\t\t<a href='https:\/\/fr.motocrossmag.be\/index.php\/2016\/02\/photos-ouverture-du-championnat-ditalie-a-alghero\/18117_max-nagl-husqvarna-fc-450-alghero-2016\/'><img decoding=\"async\" width=\"150\" height=\"150\" src=\"https:\/\/fr.motocrossmag.be\/wp-content\/uploads\/2016\/02\/18117_Max-Nagl-Husqvarna-FC-450-Alghero-2016-150x150.jpg\" class=\"attachment-thumbnail size-thumbnail\" alt=\"\" srcset=\"https:\/\/fr.motocrossmag.be\/wp-content\/uploads\/2016\/02\/18117_Max-Nagl-Husqvarna-FC-450-Alghero-2016-150x150.jpg 150w, https:\/\/fr.motocrossmag.be\/wp-content\/uploads\/2016\/02\/18117_Max-Nagl-Husqvarna-FC-450-Alghero-2016-50x50.jpg 50w\" sizes=\"(max-width: 150px) 100vw, 150px\" \/><\/a>\n\t\t\t<\/div><\/figure><figure class='gallery-item'>\n\t\t\t<div class='gallery-icon landscape'>\n\t\t\t\t<a href='https:\/\/fr.motocrossmag.be\/index.php\/2016\/02\/photos-ouverture-du-championnat-ditalie-a-alghero\/18101_max-anstie-husqvarna-fc-250-alghero-2016\/'><img decoding=\"async\" width=\"150\" height=\"150\" src=\"https:\/\/fr.motocrossmag.be\/wp-content\/uploads\/2016\/02\/18101_Max-Anstie-Husqvarna-FC-250-Alghero-2016-150x150.jpg\" class=\"attachment-thumbnail size-thumbnail\" alt=\"\" srcset=\"https:\/\/fr.motocrossmag.be\/wp-content\/uploads\/2016\/02\/18101_Max-Anstie-Husqvarna-FC-250-Alghero-2016-150x150.jpg 150w, https:\/\/fr.motocrossmag.be\/wp-content\/uploads\/2016\/02\/18101_Max-Anstie-Husqvarna-FC-250-Alghero-2016-50x50.jpg 50w\" sizes=\"(max-width: 150px) 100vw, 150px\" \/><\/a>\n\t\t\t<\/div><\/figure><figure class='gallery-item'>\n\t\t\t<div class='gallery-icon landscape'>\n\t\t\t\t<a href='https:\/\/fr.motocrossmag.be\/index.php\/2016\/02\/photos-ouverture-du-championnat-ditalie-a-alghero\/alghero_genot_cyril_action\/'><img decoding=\"async\" width=\"150\" height=\"150\" src=\"https:\/\/fr.motocrossmag.be\/wp-content\/uploads\/2016\/02\/alghero_genot_cyril_action-150x150.jpg\" class=\"attachment-thumbnail size-thumbnail\" alt=\"\" srcset=\"https:\/\/fr.motocrossmag.be\/wp-content\/uploads\/2016\/02\/alghero_genot_cyril_action-150x150.jpg 150w, https:\/\/fr.motocrossmag.be\/wp-content\/uploads\/2016\/02\/alghero_genot_cyril_action-50x50.jpg 50w\" sizes=\"(max-width: 150px) 100vw, 150px\" \/><\/a>\n\t\t\t<\/div><\/figure><figure class='gallery-item'>\n\t\t\t<div class='gallery-icon landscape'>\n\t\t\t\t<a href='https:\/\/fr.motocrossmag.be\/index.php\/2016\/02\/photos-ouverture-du-championnat-ditalie-a-alghero\/18119_thomas-covington-husqvarna-fv-250-alghero-2016\/'><img decoding=\"async\" width=\"150\" height=\"150\" src=\"https:\/\/fr.motocrossmag.be\/wp-content\/uploads\/2016\/02\/18119_Thomas-Covington-Husqvarna-FV-250-Alghero-2016-150x150.jpg\" class=\"attachment-thumbnail size-thumbnail\" alt=\"\" srcset=\"https:\/\/fr.motocrossmag.be\/wp-content\/uploads\/2016\/02\/18119_Thomas-Covington-Husqvarna-FV-250-Alghero-2016-150x150.jpg 150w, https:\/\/fr.motocrossmag.be\/wp-content\/uploads\/2016\/02\/18119_Thomas-Covington-Husqvarna-FV-250-Alghero-2016-50x50.jpg 50w\" sizes=\"(max-width: 150px) 100vw, 150px\" \/><\/a>\n\t\t\t<\/div><\/figure><figure class='gallery-item'>\n\t\t\t<div class='gallery-icon landscape'>\n\t\t\t\t<a href='https:\/\/fr.motocrossmag.be\/index.php\/2016\/02\/photos-ouverture-du-championnat-ditalie-a-alghero\/134686_jeffrey-herlings-ktm-250-sx-f-alghero-2016\/'><img decoding=\"async\" width=\"150\" height=\"150\" src=\"https:\/\/fr.motocrossmag.be\/wp-content\/uploads\/2016\/02\/134686_Jeffrey-Herlings-KTM-250-SX-F-Alghero-2016-150x150.jpg\" class=\"attachment-thumbnail size-thumbnail\" alt=\"\" srcset=\"https:\/\/fr.motocrossmag.be\/wp-content\/uploads\/2016\/02\/134686_Jeffrey-Herlings-KTM-250-SX-F-Alghero-2016-150x150.jpg 150w, https:\/\/fr.motocrossmag.be\/wp-content\/uploads\/2016\/02\/134686_Jeffrey-Herlings-KTM-250-SX-F-Alghero-2016-50x50.jpg 50w\" sizes=\"(max-width: 150px) 100vw, 150px\" \/><\/a>\n\t\t\t<\/div><\/figure><figure class='gallery-item'>\n\t\t\t<div class='gallery-icon landscape'>\n\t\t\t\t<a href='https:\/\/fr.motocrossmag.be\/index.php\/2016\/02\/photos-ouverture-du-championnat-ditalie-a-alghero\/134707_jeffrey-herlings-ktm-250-sx-f-alghero-2016\/'><img decoding=\"async\" width=\"150\" height=\"150\" src=\"https:\/\/fr.motocrossmag.be\/wp-content\/uploads\/2016\/02\/134707_Jeffrey-Herlings-KTM-250-SX-F-Alghero-2016-150x150.jpg\" class=\"attachment-thumbnail size-thumbnail\" alt=\"\" srcset=\"https:\/\/fr.motocrossmag.be\/wp-content\/uploads\/2016\/02\/134707_Jeffrey-Herlings-KTM-250-SX-F-Alghero-2016-150x150.jpg 150w, https:\/\/fr.motocrossmag.be\/wp-content\/uploads\/2016\/02\/134707_Jeffrey-Herlings-KTM-250-SX-F-Alghero-2016-50x50.jpg 50w\" sizes=\"(max-width: 150px) 100vw, 150px\" \/><\/a>\n\t\t\t<\/div><\/figure><figure class='gallery-item'>\n\t\t\t<div class='gallery-icon landscape'>\n\t\t\t\t<a href='https:\/\/fr.motocrossmag.be\/index.php\/2016\/02\/photos-ouverture-du-championnat-ditalie-a-alghero\/134717_glenn-coldenhoff-ktm-450-sx-f-alghero-2016\/'><img decoding=\"async\" width=\"150\" height=\"150\" src=\"https:\/\/fr.motocrossmag.be\/wp-content\/uploads\/2016\/02\/134717_Glenn-Coldenhoff-KTM-450-SX-F-Alghero-2016-150x150.jpg\" class=\"attachment-thumbnail size-thumbnail\" alt=\"\" srcset=\"https:\/\/fr.motocrossmag.be\/wp-content\/uploads\/2016\/02\/134717_Glenn-Coldenhoff-KTM-450-SX-F-Alghero-2016-150x150.jpg 150w, https:\/\/fr.motocrossmag.be\/wp-content\/uploads\/2016\/02\/134717_Glenn-Coldenhoff-KTM-450-SX-F-Alghero-2016-50x50.jpg 50w\" sizes=\"(max-width: 150px) 100vw, 150px\" \/><\/a>\n\t\t\t<\/div><\/figure><figure class='gallery-item'>\n\t\t\t<div class='gallery-icon landscape'>\n\t\t\t\t<a href='https:\/\/fr.motocrossmag.be\/index.php\/2016\/02\/photos-ouverture-du-championnat-ditalie-a-alghero\/134719_glenn-coldenhoff-ktm-450-sx-f-alghero-2016\/'><img decoding=\"async\" width=\"150\" height=\"150\" src=\"https:\/\/fr.motocrossmag.be\/wp-content\/uploads\/2016\/02\/134719_Glenn-Coldenhoff-KTM-450-SX-F-Alghero-2016-150x150.jpg\" class=\"attachment-thumbnail size-thumbnail\" alt=\"\" srcset=\"https:\/\/fr.motocrossmag.be\/wp-content\/uploads\/2016\/02\/134719_Glenn-Coldenhoff-KTM-450-SX-F-Alghero-2016-150x150.jpg 150w, https:\/\/fr.motocrossmag.be\/wp-content\/uploads\/2016\/02\/134719_Glenn-Coldenhoff-KTM-450-SX-F-Alghero-2016-50x50.jpg 50w\" sizes=\"(max-width: 150px) 100vw, 150px\" \/><\/a>\n\t\t\t<\/div><\/figure><figure class='gallery-item'>\n\t\t\t<div class='gallery-icon landscape'>\n\t\t\t\t<a href='https:\/\/fr.motocrossmag.be\/index.php\/2016\/02\/photos-ouverture-du-championnat-ditalie-a-alghero\/ajgpxtoic88g12c532ka\/'><img decoding=\"async\" width=\"150\" height=\"150\" src=\"https:\/\/fr.motocrossmag.be\/wp-content\/uploads\/2016\/02\/AJGPXTOIC88G12C532KA-150x150.jpg\" class=\"attachment-thumbnail size-thumbnail\" alt=\"\" srcset=\"https:\/\/fr.motocrossmag.be\/wp-content\/uploads\/2016\/02\/AJGPXTOIC88G12C532KA-150x150.jpg 150w, https:\/\/fr.motocrossmag.be\/wp-content\/uploads\/2016\/02\/AJGPXTOIC88G12C532KA-50x50.jpg 50w\" sizes=\"(max-width: 150px) 100vw, 150px\" \/><\/a>\n\t\t\t<\/div><\/figure><figure class='gallery-item'>\n\t\t\t<div class='gallery-icon landscape'>\n\t\t\t\t<a href='https:\/\/fr.motocrossmag.be\/index.php\/2016\/02\/photos-ouverture-du-championnat-ditalie-a-alghero\/alghero_cyril_genot\/'><img decoding=\"async\" width=\"150\" height=\"150\" src=\"https:\/\/fr.motocrossmag.be\/wp-content\/uploads\/2016\/02\/alghero_cyril_genot-150x150.jpg\" class=\"attachment-thumbnail size-thumbnail\" alt=\"\" srcset=\"https:\/\/fr.motocrossmag.be\/wp-content\/uploads\/2016\/02\/alghero_cyril_genot-150x150.jpg 150w, https:\/\/fr.motocrossmag.be\/wp-content\/uploads\/2016\/02\/alghero_cyril_genot-50x50.jpg 50w\" sizes=\"(max-width: 150px) 100vw, 150px\" \/><\/a>\n\t\t\t<\/div><\/figure><figure class='gallery-item'>\n\t\t\t<div class='gallery-icon landscape'>\n\t\t\t\t<a href='https:\/\/fr.motocrossmag.be\/index.php\/2016\/02\/photos-ouverture-du-championnat-ditalie-a-alghero\/tim_gajser_alghero\/'><img decoding=\"async\" width=\"150\" height=\"150\" src=\"https:\/\/fr.motocrossmag.be\/wp-content\/uploads\/2016\/02\/tim_gajser_alghero-150x150.jpg\" class=\"attachment-thumbnail size-thumbnail\" alt=\"\" srcset=\"https:\/\/fr.motocrossmag.be\/wp-content\/uploads\/2016\/02\/tim_gajser_alghero-150x150.jpg 150w, https:\/\/fr.motocrossmag.be\/wp-content\/uploads\/2016\/02\/tim_gajser_alghero-50x50.jpg 50w\" sizes=\"(max-width: 150px) 100vw, 150px\" \/><\/a>\n\t\t\t<\/div><\/figure><figure class='gallery-item'>\n\t\t\t<div class='gallery-icon landscape'>\n\t\t\t\t<a href='https:\/\/fr.motocrossmag.be\/index.php\/2016\/02\/photos-ouverture-du-championnat-ditalie-a-alghero\/tim_gajser_action\/'><img decoding=\"async\" width=\"150\" height=\"150\" src=\"https:\/\/fr.motocrossmag.be\/wp-content\/uploads\/2016\/02\/tim_gajser_action-150x150.jpg\" class=\"attachment-thumbnail size-thumbnail\" alt=\"\" srcset=\"https:\/\/fr.motocrossmag.be\/wp-content\/uploads\/2016\/02\/tim_gajser_action-150x150.jpg 150w, https:\/\/fr.motocrossmag.be\/wp-content\/uploads\/2016\/02\/tim_gajser_action-50x50.jpg 50w\" sizes=\"(max-width: 150px) 100vw, 150px\" \/><\/a>\n\t\t\t<\/div><\/figure><figure class='gallery-item'>\n\t\t\t<div class='gallery-icon landscape'>\n\t\t\t\t<a href='https:\/\/fr.motocrossmag.be\/index.php\/2016\/02\/photos-ouverture-du-championnat-ditalie-a-alghero\/alghero_genot_action\/'><img decoding=\"async\" width=\"150\" height=\"150\" src=\"https:\/\/fr.motocrossmag.be\/wp-content\/uploads\/2016\/02\/alghero_genot_action-150x150.jpg\" class=\"attachment-thumbnail size-thumbnail\" alt=\"\" srcset=\"https:\/\/fr.motocrossmag.be\/wp-content\/uploads\/2016\/02\/alghero_genot_action-150x150.jpg 150w, https:\/\/fr.motocrossmag.be\/wp-content\/uploads\/2016\/02\/alghero_genot_action-50x50.jpg 50w\" sizes=\"(max-width: 150px) 100vw, 150px\" \/><\/a>\n\t\t\t<\/div><\/figure><figure class='gallery-item'>\n\t\t\t<div class='gallery-icon landscape'>\n\t\t\t\t<a href='https:\/\/fr.motocrossmag.be\/index.php\/2016\/02\/photos-ouverture-du-championnat-ditalie-a-alghero\/alghero_getteman\/'><img decoding=\"async\" width=\"150\" height=\"150\" src=\"https:\/\/fr.motocrossmag.be\/wp-content\/uploads\/2016\/02\/alghero_getteman-150x150.jpg\" class=\"attachment-thumbnail size-thumbnail\" alt=\"\" srcset=\"https:\/\/fr.motocrossmag.be\/wp-content\/uploads\/2016\/02\/alghero_getteman-150x150.jpg 150w, https:\/\/fr.motocrossmag.be\/wp-content\/uploads\/2016\/02\/alghero_getteman-50x50.jpg 50w\" sizes=\"(max-width: 150px) 100vw, 150px\" \/><\/a>\n\t\t\t<\/div><\/figure><figure class='gallery-item'>\n\t\t\t<div class='gallery-icon landscape'>\n\t\t\t\t<a href='https:\/\/fr.motocrossmag.be\/index.php\/2016\/02\/photos-ouverture-du-championnat-ditalie-a-alghero\/bjmqbrgony854t4tk7he\/'><img decoding=\"async\" width=\"150\" height=\"150\" src=\"https:\/\/fr.motocrossmag.be\/wp-content\/uploads\/2016\/02\/BJMQBRGONY854T4TK7HE-150x150.jpg\" class=\"attachment-thumbnail size-thumbnail\" alt=\"\" srcset=\"https:\/\/fr.motocrossmag.be\/wp-content\/uploads\/2016\/02\/BJMQBRGONY854T4TK7HE-150x150.jpg 150w, https:\/\/fr.motocrossmag.be\/wp-content\/uploads\/2016\/02\/BJMQBRGONY854T4TK7HE-50x50.jpg 50w\" sizes=\"(max-width: 150px) 100vw, 150px\" \/><\/a>\n\t\t\t<\/div><\/figure><figure class='gallery-item'>\n\t\t\t<div class='gallery-icon landscape'>\n\t\t\t\t<a href='https:\/\/fr.motocrossmag.be\/index.php\/2016\/02\/photos-ouverture-du-championnat-ditalie-a-alghero\/knb3wqpn76jxv9dcny0k\/'><img decoding=\"async\" width=\"150\" height=\"150\" src=\"https:\/\/fr.motocrossmag.be\/wp-content\/uploads\/2016\/02\/KNB3WQPN76JXV9DCNY0K-150x150.jpg\" class=\"attachment-thumbnail size-thumbnail\" alt=\"\" srcset=\"https:\/\/fr.motocrossmag.be\/wp-content\/uploads\/2016\/02\/KNB3WQPN76JXV9DCNY0K-150x150.jpg 150w, https:\/\/fr.motocrossmag.be\/wp-content\/uploads\/2016\/02\/KNB3WQPN76JXV9DCNY0K-50x50.jpg 50w\" sizes=\"(max-width: 150px) 100vw, 150px\" \/><\/a>\n\t\t\t<\/div><\/figure><figure class='gallery-item'>\n\t\t\t<div class='gallery-icon landscape'>\n\t\t\t\t<a href='https:\/\/fr.motocrossmag.be\/index.php\/2016\/02\/photos-ouverture-du-championnat-ditalie-a-alghero\/l0rgjq07wl5byikzp719\/'><img decoding=\"async\" width=\"150\" height=\"150\" src=\"https:\/\/fr.motocrossmag.be\/wp-content\/uploads\/2016\/02\/L0RGJQ07WL5BYIKZP719-150x150.jpg\" class=\"attachment-thumbnail size-thumbnail\" alt=\"\" srcset=\"https:\/\/fr.motocrossmag.be\/wp-content\/uploads\/2016\/02\/L0RGJQ07WL5BYIKZP719-150x150.jpg 150w, https:\/\/fr.motocrossmag.be\/wp-content\/uploads\/2016\/02\/L0RGJQ07WL5BYIKZP719-50x50.jpg 50w\" sizes=\"(max-width: 150px) 100vw, 150px\" \/><\/a>\n\t\t\t<\/div><\/figure><figure class='gallery-item'>\n\t\t\t<div class='gallery-icon landscape'>\n\t\t\t\t<a href='https:\/\/fr.motocrossmag.be\/index.php\/2016\/02\/photos-ouverture-du-championnat-ditalie-a-alghero\/nk384mpxl2bs41xdqdq8\/'><img decoding=\"async\" width=\"150\" height=\"150\" src=\"https:\/\/fr.motocrossmag.be\/wp-content\/uploads\/2016\/02\/NK384MPXL2BS41XDQDQ8-150x150.jpg\" class=\"attachment-thumbnail size-thumbnail\" alt=\"\" srcset=\"https:\/\/fr.motocrossmag.be\/wp-content\/uploads\/2016\/02\/NK384MPXL2BS41XDQDQ8-150x150.jpg 150w, https:\/\/fr.motocrossmag.be\/wp-content\/uploads\/2016\/02\/NK384MPXL2BS41XDQDQ8-50x50.jpg 50w\" sizes=\"(max-width: 150px) 100vw, 150px\" \/><\/a>\n\t\t\t<\/div><\/figure><figure class='gallery-item'>\n\t\t\t<div class='gallery-icon landscape'>\n\t\t\t\t<a href='https:\/\/fr.motocrossmag.be\/index.php\/2016\/02\/photos-ouverture-du-championnat-ditalie-a-alghero\/nbx40yv23neeg5xr0pu4\/'><img decoding=\"async\" width=\"150\" height=\"150\" src=\"https:\/\/fr.motocrossmag.be\/wp-content\/uploads\/2016\/02\/NBX40YV23NEEG5XR0PU4-150x150.jpg\" class=\"attachment-thumbnail size-thumbnail\" alt=\"\" srcset=\"https:\/\/fr.motocrossmag.be\/wp-content\/uploads\/2016\/02\/NBX40YV23NEEG5XR0PU4-150x150.jpg 150w, https:\/\/fr.motocrossmag.be\/wp-content\/uploads\/2016\/02\/NBX40YV23NEEG5XR0PU4-50x50.jpg 50w\" sizes=\"(max-width: 150px) 100vw, 150px\" \/><\/a>\n\t\t\t<\/div><\/figure><figure class='gallery-item'>\n\t\t\t<div class='gallery-icon landscape'>\n\t\t\t\t<a href='https:\/\/fr.motocrossmag.be\/index.php\/2016\/02\/photos-ouverture-du-championnat-ditalie-a-alghero\/italie_podium_bobryshev\/'><img decoding=\"async\" width=\"150\" height=\"150\" src=\"https:\/\/fr.motocrossmag.be\/wp-content\/uploads\/2016\/02\/italie_podium_bobryshev-150x150.jpg\" class=\"attachment-thumbnail size-thumbnail\" alt=\"\" srcset=\"https:\/\/fr.motocrossmag.be\/wp-content\/uploads\/2016\/02\/italie_podium_bobryshev-150x150.jpg 150w, https:\/\/fr.motocrossmag.be\/wp-content\/uploads\/2016\/02\/italie_podium_bobryshev-50x50.jpg 50w\" sizes=\"(max-width: 150px) 100vw, 150px\" \/><\/a>\n\t\t\t<\/div><\/figure><figure class='gallery-item'>\n\t\t\t<div class='gallery-icon landscape'>\n\t\t\t\t<a href='https:\/\/fr.motocrossmag.be\/index.php\/2016\/02\/photos-ouverture-du-championnat-ditalie-a-alghero\/b56m0d26qmn8j6dq8llk\/'><img decoding=\"async\" width=\"150\" height=\"150\" src=\"https:\/\/fr.motocrossmag.be\/wp-content\/uploads\/2016\/02\/B56M0D26QMN8J6DQ8LLK-150x150.jpg\" class=\"attachment-thumbnail size-thumbnail\" alt=\"\" srcset=\"https:\/\/fr.motocrossmag.be\/wp-content\/uploads\/2016\/02\/B56M0D26QMN8J6DQ8LLK-150x150.jpg 150w, https:\/\/fr.motocrossmag.be\/wp-content\/uploads\/2016\/02\/B56M0D26QMN8J6DQ8LLK-50x50.jpg 50w\" sizes=\"(max-width: 150px) 100vw, 150px\" \/><\/a>\n\t\t\t<\/div><\/figure><figure class='gallery-item'>\n\t\t\t<div class='gallery-icon landscape'>\n\t\t\t\t<a href='https:\/\/fr.motocrossmag.be\/index.php\/2016\/02\/photos-ouverture-du-championnat-ditalie-a-alghero\/bobryshev_podium_italie\/'><img decoding=\"async\" width=\"150\" height=\"150\" src=\"https:\/\/fr.motocrossmag.be\/wp-content\/uploads\/2016\/02\/bobryshev_podium_italie-150x150.jpg\" class=\"attachment-thumbnail size-thumbnail\" alt=\"\" srcset=\"https:\/\/fr.motocrossmag.be\/wp-content\/uploads\/2016\/02\/bobryshev_podium_italie-150x150.jpg 150w, https:\/\/fr.motocrossmag.be\/wp-content\/uploads\/2016\/02\/bobryshev_podium_italie-50x50.jpg 50w\" sizes=\"(max-width: 150px) 100vw, 150px\" \/><\/a>\n\t\t\t<\/div><\/figure><figure class='gallery-item'>\n\t\t\t<div class='gallery-icon landscape'>\n\t\t\t\t<a href='https:\/\/fr.motocrossmag.be\/index.php\/2016\/02\/photos-ouverture-du-championnat-ditalie-a-alghero\/alghero_podium_public\/'><img decoding=\"async\" width=\"150\" height=\"150\" src=\"https:\/\/fr.motocrossmag.be\/wp-content\/uploads\/2016\/02\/alghero_podium_public-150x150.jpg\" class=\"attachment-thumbnail size-thumbnail\" alt=\"\" srcset=\"https:\/\/fr.motocrossmag.be\/wp-content\/uploads\/2016\/02\/alghero_podium_public-150x150.jpg 150w, https:\/\/fr.motocrossmag.be\/wp-content\/uploads\/2016\/02\/alghero_podium_public-50x50.jpg 50w\" sizes=\"(max-width: 150px) 100vw, 150px\" \/><\/a>\n\t\t\t<\/div><\/figure><figure class='gallery-item'>\n\t\t\t<div class='gallery-icon landscape'>\n\t\t\t\t<a href='https:\/\/fr.motocrossmag.be\/index.php\/2016\/02\/photos-ouverture-du-championnat-ditalie-a-alghero\/134709_jeffrey-herlings-podium-alghero-2016\/'><img decoding=\"async\" width=\"150\" height=\"150\" src=\"https:\/\/fr.motocrossmag.be\/wp-content\/uploads\/2016\/02\/134709_Jeffrey-Herlings-Podium-Alghero-2016-150x150.jpg\" class=\"attachment-thumbnail size-thumbnail\" alt=\"\" srcset=\"https:\/\/fr.motocrossmag.be\/wp-content\/uploads\/2016\/02\/134709_Jeffrey-Herlings-Podium-Alghero-2016-150x150.jpg 150w, https:\/\/fr.motocrossmag.be\/wp-content\/uploads\/2016\/02\/134709_Jeffrey-Herlings-Podium-Alghero-2016-50x50.jpg 50w\" sizes=\"(max-width: 150px) 100vw, 150px\" \/><\/a>\n\t\t\t<\/div><\/figure>\n\t\t<\/div>\n\n","protected":false},"excerpt":{"rendered":"<p>Tr\u00e8s attendue, l&rsquo;ouverture de la saison internationale de motocross a eu lieu ce dimanche sur la piste sablonneuse d&rsquo;Alghero, en Sardaigne. En l&rsquo;absence d&rsquo;Antonio Cairoli, ce sont Jeffrey Herlings, Romain F\u00e8bvre et Evgeny Bobryshev qui se sont offert les premiers lauriers de la saison. J\u00e9r\u00e9my Van Horebeek signe lui aussi une sortie convaincante puisque notre [&hellip;]<\/p>\n","protected":false},"author":932,"featured_media":42853,"comment_status":"open","ping_status":"closed","sticky":false,"template":"","format":"standard","meta":{"tdm_status":"","tdm_grid_status":"","footnotes":""},"categories":[54,4,6,5,55,66,65],"tags":[],"class_list":["post-42851","post","type-post","status-publish","format-standard","has-post-thumbnail","category-actualite","category-motocross","category-mx1mx2","category-news","category-news-actualite","category-photos","category-slideshow"],"yoast_head":"<!-- This site is optimized with the Yoast SEO plugin v28.3 - https:\/\/yoast.com\/product\/yoast-seo-wordpress\/ -->\n<title>Photos: ouverture du championnat d&#039;Italie \u00e0 Alghero - Motocross - Enduro - Supermoto | MotocrossMag<\/title>\n<meta name=\"robots\" content=\"index, follow, max-snippet:-1, max-image-preview:large, max-video-preview:-1\" \/>\n<link rel=\"canonical\" href=\"https:\/\/fr.motocrossmag.be\/index.php\/2016\/02\/photos-ouverture-du-championnat-ditalie-a-alghero\/\" \/>\n<meta property=\"og:locale\" content=\"fr_FR\" \/>\n<meta property=\"og:type\" content=\"article\" \/>\n<meta property=\"og:title\" content=\"Photos: ouverture du championnat d&#039;Italie \u00e0 Alghero - Motocross - Enduro - Supermoto | MotocrossMag\" \/>\n<meta property=\"og:description\" content=\"Tr\u00e8s attendue, l&rsquo;ouverture de la saison internationale de motocross a eu lieu ce dimanche sur la piste sablonneuse d&rsquo;Alghero, en Sardaigne. En l&rsquo;absence d&rsquo;Antonio Cairoli, ce sont Jeffrey Herlings, Romain F\u00e8bvre et Evgeny Bobryshev qui se sont offert les premiers lauriers de la saison. J\u00e9r\u00e9my Van Horebeek signe lui aussi une sortie convaincante puisque notre [&hellip;]\" \/>\n<meta property=\"og:url\" content=\"https:\/\/fr.motocrossmag.be\/index.php\/2016\/02\/photos-ouverture-du-championnat-ditalie-a-alghero\/\" \/>\n<meta property=\"og:site_name\" content=\"Motocross - Enduro - Supermoto | MotocrossMag\" \/>\n<meta property=\"article:published_time\" content=\"2016-02-01T20:34:34+00:00\" \/>\n<meta property=\"og:image\" content=\"https:\/\/fr.motocrossmag.be\/wp-content\/uploads\/2016\/02\/18089_Max-Nagl-Husqvarna-FC-450-Alghero-2016.jpg\" \/>\n\t<meta property=\"og:image:width\" content=\"1000\" \/>\n\t<meta property=\"og:image:height\" content=\"666\" \/>\n\t<meta property=\"og:image:type\" content=\"image\/jpeg\" \/>\n<meta name=\"author\" content=\"oliviere\" \/>\n<meta name=\"twitter:card\" content=\"summary_large_image\" \/>\n<meta name=\"twitter:label1\" content=\"\u00c9crit par\" \/>\n\t<meta name=\"twitter:data1\" content=\"oliviere\" \/>\n<script type=\"application\/ld+json\" class=\"yoast-schema-graph\">{\"@context\":\"https:\\\/\\\/schema.org\",\"@graph\":[{\"@type\":\"Article\",\"@id\":\"https:\\\/\\\/fr.motocrossmag.be\\\/index.php\\\/2016\\\/02\\\/photos-ouverture-du-championnat-ditalie-a-alghero\\\/#article\",\"isPartOf\":{\"@id\":\"https:\\\/\\\/fr.motocrossmag.be\\\/index.php\\\/2016\\\/02\\\/photos-ouverture-du-championnat-ditalie-a-alghero\\\/\"},\"author\":{\"name\":\"oliviere\",\"@id\":\"https:\\\/\\\/fr.motocrossmag.be\\\/#\\\/schema\\\/person\\\/11b47143d9f755babca2c9110e03235c\"},\"headline\":\"Photos: ouverture du championnat d&rsquo;Italie \u00e0 Alghero\",\"datePublished\":\"2016-02-01T20:34:34+00:00\",\"mainEntityOfPage\":{\"@id\":\"https:\\\/\\\/fr.motocrossmag.be\\\/index.php\\\/2016\\\/02\\\/photos-ouverture-du-championnat-ditalie-a-alghero\\\/\"},\"wordCount\":81,\"commentCount\":0,\"image\":{\"@id\":\"https:\\\/\\\/fr.motocrossmag.be\\\/index.php\\\/2016\\\/02\\\/photos-ouverture-du-championnat-ditalie-a-alghero\\\/#primaryimage\"},\"thumbnailUrl\":\"https:\\\/\\\/fr.motocrossmag.be\\\/wp-content\\\/uploads\\\/2016\\\/02\\\/18089_Max-Nagl-Husqvarna-FC-450-Alghero-2016.jpg\",\"articleSection\":[\"Actualit\u00e9\",\"Motocross\",\"Motocross MXGP\",\"News\",\"News\",\"Photos\",\"Slideshow\"],\"inLanguage\":\"fr-FR\",\"potentialAction\":[{\"@type\":\"CommentAction\",\"name\":\"Comment\",\"target\":[\"https:\\\/\\\/fr.motocrossmag.be\\\/index.php\\\/2016\\\/02\\\/photos-ouverture-du-championnat-ditalie-a-alghero\\\/#respond\"]}]},{\"@type\":\"WebPage\",\"@id\":\"https:\\\/\\\/fr.motocrossmag.be\\\/index.php\\\/2016\\\/02\\\/photos-ouverture-du-championnat-ditalie-a-alghero\\\/\",\"url\":\"https:\\\/\\\/fr.motocrossmag.be\\\/index.php\\\/2016\\\/02\\\/photos-ouverture-du-championnat-ditalie-a-alghero\\\/\",\"name\":\"Photos: ouverture du championnat d'Italie \u00e0 Alghero - Motocross - Enduro - Supermoto | MotocrossMag\",\"isPartOf\":{\"@id\":\"https:\\\/\\\/fr.motocrossmag.be\\\/#website\"},\"primaryImageOfPage\":{\"@id\":\"https:\\\/\\\/fr.motocrossmag.be\\\/index.php\\\/2016\\\/02\\\/photos-ouverture-du-championnat-ditalie-a-alghero\\\/#primaryimage\"},\"image\":{\"@id\":\"https:\\\/\\\/fr.motocrossmag.be\\\/index.php\\\/2016\\\/02\\\/photos-ouverture-du-championnat-ditalie-a-alghero\\\/#primaryimage\"},\"thumbnailUrl\":\"https:\\\/\\\/fr.motocrossmag.be\\\/wp-content\\\/uploads\\\/2016\\\/02\\\/18089_Max-Nagl-Husqvarna-FC-450-Alghero-2016.jpg\",\"datePublished\":\"2016-02-01T20:34:34+00:00\",\"author\":{\"@id\":\"https:\\\/\\\/fr.motocrossmag.be\\\/#\\\/schema\\\/person\\\/11b47143d9f755babca2c9110e03235c\"},\"breadcrumb\":{\"@id\":\"https:\\\/\\\/fr.motocrossmag.be\\\/index.php\\\/2016\\\/02\\\/photos-ouverture-du-championnat-ditalie-a-alghero\\\/#breadcrumb\"},\"inLanguage\":\"fr-FR\",\"potentialAction\":[{\"@type\":\"ReadAction\",\"target\":[\"https:\\\/\\\/fr.motocrossmag.be\\\/index.php\\\/2016\\\/02\\\/photos-ouverture-du-championnat-ditalie-a-alghero\\\/\"]}]},{\"@type\":\"ImageObject\",\"inLanguage\":\"fr-FR\",\"@id\":\"https:\\\/\\\/fr.motocrossmag.be\\\/index.php\\\/2016\\\/02\\\/photos-ouverture-du-championnat-ditalie-a-alghero\\\/#primaryimage\",\"url\":\"https:\\\/\\\/fr.motocrossmag.be\\\/wp-content\\\/uploads\\\/2016\\\/02\\\/18089_Max-Nagl-Husqvarna-FC-450-Alghero-2016.jpg\",\"contentUrl\":\"https:\\\/\\\/fr.motocrossmag.be\\\/wp-content\\\/uploads\\\/2016\\\/02\\\/18089_Max-Nagl-Husqvarna-FC-450-Alghero-2016.jpg\",\"width\":1000,\"height\":666},{\"@type\":\"BreadcrumbList\",\"@id\":\"https:\\\/\\\/fr.motocrossmag.be\\\/index.php\\\/2016\\\/02\\\/photos-ouverture-du-championnat-ditalie-a-alghero\\\/#breadcrumb\",\"itemListElement\":[{\"@type\":\"ListItem\",\"position\":1,\"name\":\"Accueil\",\"item\":\"https:\\\/\\\/fr.motocrossmag.be\\\/\"},{\"@type\":\"ListItem\",\"position\":2,\"name\":\"Photos: ouverture du championnat d&rsquo;Italie \u00e0 Alghero\"}]},{\"@type\":\"WebSite\",\"@id\":\"https:\\\/\\\/fr.motocrossmag.be\\\/#website\",\"url\":\"https:\\\/\\\/fr.motocrossmag.be\\\/\",\"name\":\"Motocross - Enduro - Supermoto | MotocrossMag\",\"description\":\"L&#039;actualit\u00e9 du motocross, de l&#039;enduro et du Supermoto en ligne!\",\"potentialAction\":[{\"@type\":\"SearchAction\",\"target\":{\"@type\":\"EntryPoint\",\"urlTemplate\":\"https:\\\/\\\/fr.motocrossmag.be\\\/?s={search_term_string}\"},\"query-input\":{\"@type\":\"PropertyValueSpecification\",\"valueRequired\":true,\"valueName\":\"search_term_string\"}}],\"inLanguage\":\"fr-FR\"},{\"@type\":\"Person\",\"@id\":\"https:\\\/\\\/fr.motocrossmag.be\\\/#\\\/schema\\\/person\\\/11b47143d9f755babca2c9110e03235c\",\"name\":\"oliviere\",\"image\":{\"@type\":\"ImageObject\",\"inLanguage\":\"fr-FR\",\"@id\":\"https:\\\/\\\/secure.gravatar.com\\\/avatar\\\/907069e0b81d119452040469e4a7501da1100f54f7f80180ce77bfab718288f6?s=96&d=mm&r=g\",\"url\":\"https:\\\/\\\/secure.gravatar.com\\\/avatar\\\/907069e0b81d119452040469e4a7501da1100f54f7f80180ce77bfab718288f6?s=96&d=mm&r=g\",\"contentUrl\":\"https:\\\/\\\/secure.gravatar.com\\\/avatar\\\/907069e0b81d119452040469e4a7501da1100f54f7f80180ce77bfab718288f6?s=96&d=mm&r=g\",\"caption\":\"oliviere\"},\"sameAs\":[\"http:\\\/\\\/www.motocrossmag.be\"],\"url\":\"https:\\\/\\\/fr.motocrossmag.be\\\/index.php\\\/author\\\/oliviere\\\/\"}]}<\/script>\n<!-- \/ Yoast SEO plugin. -->","yoast_head_json":{"title":"Photos: ouverture du championnat d'Italie \u00e0 Alghero - Motocross - Enduro - Supermoto | MotocrossMag","robots":{"index":"index","follow":"follow","max-snippet":"max-snippet:-1","max-image-preview":"max-image-preview:large","max-video-preview":"max-video-preview:-1"},"canonical":"https:\/\/fr.motocrossmag.be\/index.php\/2016\/02\/photos-ouverture-du-championnat-ditalie-a-alghero\/","og_locale":"fr_FR","og_type":"article","og_title":"Photos: ouverture du championnat d'Italie \u00e0 Alghero - Motocross - Enduro - Supermoto | MotocrossMag","og_description":"Tr\u00e8s attendue, l&rsquo;ouverture de la saison internationale de motocross a eu lieu ce dimanche sur la piste sablonneuse d&rsquo;Alghero, en Sardaigne. En l&rsquo;absence d&rsquo;Antonio Cairoli, ce sont Jeffrey Herlings, Romain F\u00e8bvre et Evgeny Bobryshev qui se sont offert les premiers lauriers de la saison. J\u00e9r\u00e9my Van Horebeek signe lui aussi une sortie convaincante puisque notre [&hellip;]","og_url":"https:\/\/fr.motocrossmag.be\/index.php\/2016\/02\/photos-ouverture-du-championnat-ditalie-a-alghero\/","og_site_name":"Motocross - Enduro - Supermoto | MotocrossMag","article_published_time":"2016-02-01T20:34:34+00:00","og_image":[{"width":1000,"height":666,"url":"https:\/\/fr.motocrossmag.be\/wp-content\/uploads\/2016\/02\/18089_Max-Nagl-Husqvarna-FC-450-Alghero-2016.jpg","type":"image\/jpeg"}],"author":"oliviere","twitter_card":"summary_large_image","twitter_misc":{"\u00c9crit par":"oliviere"},"schema":{"@context":"https:\/\/schema.org","@graph":[{"@type":"Article","@id":"https:\/\/fr.motocrossmag.be\/index.php\/2016\/02\/photos-ouverture-du-championnat-ditalie-a-alghero\/#article","isPartOf":{"@id":"https:\/\/fr.motocrossmag.be\/index.php\/2016\/02\/photos-ouverture-du-championnat-ditalie-a-alghero\/"},"author":{"name":"oliviere","@id":"https:\/\/fr.motocrossmag.be\/#\/schema\/person\/11b47143d9f755babca2c9110e03235c"},"headline":"Photos: ouverture du championnat d&rsquo;Italie \u00e0 Alghero","datePublished":"2016-02-01T20:34:34+00:00","mainEntityOfPage":{"@id":"https:\/\/fr.motocrossmag.be\/index.php\/2016\/02\/photos-ouverture-du-championnat-ditalie-a-alghero\/"},"wordCount":81,"commentCount":0,"image":{"@id":"https:\/\/fr.motocrossmag.be\/index.php\/2016\/02\/photos-ouverture-du-championnat-ditalie-a-alghero\/#primaryimage"},"thumbnailUrl":"https:\/\/fr.motocrossmag.be\/wp-content\/uploads\/2016\/02\/18089_Max-Nagl-Husqvarna-FC-450-Alghero-2016.jpg","articleSection":["Actualit\u00e9","Motocross","Motocross MXGP","News","News","Photos","Slideshow"],"inLanguage":"fr-FR","potentialAction":[{"@type":"CommentAction","name":"Comment","target":["https:\/\/fr.motocrossmag.be\/index.php\/2016\/02\/photos-ouverture-du-championnat-ditalie-a-alghero\/#respond"]}]},{"@type":"WebPage","@id":"https:\/\/fr.motocrossmag.be\/index.php\/2016\/02\/photos-ouverture-du-championnat-ditalie-a-alghero\/","url":"https:\/\/fr.motocrossmag.be\/index.php\/2016\/02\/photos-ouverture-du-championnat-ditalie-a-alghero\/","name":"Photos: ouverture du championnat d'Italie \u00e0 Alghero - Motocross - Enduro - Supermoto | MotocrossMag","isPartOf":{"@id":"https:\/\/fr.motocrossmag.be\/#website"},"primaryImageOfPage":{"@id":"https:\/\/fr.motocrossmag.be\/index.php\/2016\/02\/photos-ouverture-du-championnat-ditalie-a-alghero\/#primaryimage"},"image":{"@id":"https:\/\/fr.motocrossmag.be\/index.php\/2016\/02\/photos-ouverture-du-championnat-ditalie-a-alghero\/#primaryimage"},"thumbnailUrl":"https:\/\/fr.motocrossmag.be\/wp-content\/uploads\/2016\/02\/18089_Max-Nagl-Husqvarna-FC-450-Alghero-2016.jpg","datePublished":"2016-02-01T20:34:34+00:00","author":{"@id":"https:\/\/fr.motocrossmag.be\/#\/schema\/person\/11b47143d9f755babca2c9110e03235c"},"breadcrumb":{"@id":"https:\/\/fr.motocrossmag.be\/index.php\/2016\/02\/photos-ouverture-du-championnat-ditalie-a-alghero\/#breadcrumb"},"inLanguage":"fr-FR","potentialAction":[{"@type":"ReadAction","target":["https:\/\/fr.motocrossmag.be\/index.php\/2016\/02\/photos-ouverture-du-championnat-ditalie-a-alghero\/"]}]},{"@type":"ImageObject","inLanguage":"fr-FR","@id":"https:\/\/fr.motocrossmag.be\/index.php\/2016\/02\/photos-ouverture-du-championnat-ditalie-a-alghero\/#primaryimage","url":"https:\/\/fr.motocrossmag.be\/wp-content\/uploads\/2016\/02\/18089_Max-Nagl-Husqvarna-FC-450-Alghero-2016.jpg","contentUrl":"https:\/\/fr.motocrossmag.be\/wp-content\/uploads\/2016\/02\/18089_Max-Nagl-Husqvarna-FC-450-Alghero-2016.jpg","width":1000,"height":666},{"@type":"BreadcrumbList","@id":"https:\/\/fr.motocrossmag.be\/index.php\/2016\/02\/photos-ouverture-du-championnat-ditalie-a-alghero\/#breadcrumb","itemListElement":[{"@type":"ListItem","position":1,"name":"Accueil","item":"https:\/\/fr.motocrossmag.be\/"},{"@type":"ListItem","position":2,"name":"Photos: ouverture du championnat d&rsquo;Italie \u00e0 Alghero"}]},{"@type":"WebSite","@id":"https:\/\/fr.motocrossmag.be\/#website","url":"https:\/\/fr.motocrossmag.be\/","name":"Motocross - Enduro - Supermoto | MotocrossMag","description":"L&#039;actualit\u00e9 du motocross, de l&#039;enduro et du Supermoto en ligne!","potentialAction":[{"@type":"SearchAction","target":{"@type":"EntryPoint","urlTemplate":"https:\/\/fr.motocrossmag.be\/?s={search_term_string}"},"query-input":{"@type":"PropertyValueSpecification","valueRequired":true,"valueName":"search_term_string"}}],"inLanguage":"fr-FR"},{"@type":"Person","@id":"https:\/\/fr.motocrossmag.be\/#\/schema\/person\/11b47143d9f755babca2c9110e03235c","name":"oliviere","image":{"@type":"ImageObject","inLanguage":"fr-FR","@id":"https:\/\/secure.gravatar.com\/avatar\/907069e0b81d119452040469e4a7501da1100f54f7f80180ce77bfab718288f6?s=96&d=mm&r=g","url":"https:\/\/secure.gravatar.com\/avatar\/907069e0b81d119452040469e4a7501da1100f54f7f80180ce77bfab718288f6?s=96&d=mm&r=g","contentUrl":"https:\/\/secure.gravatar.com\/avatar\/907069e0b81d119452040469e4a7501da1100f54f7f80180ce77bfab718288f6?s=96&d=mm&r=g","caption":"oliviere"},"sameAs":["http:\/\/www.motocrossmag.be"],"url":"https:\/\/fr.motocrossmag.be\/index.php\/author\/oliviere\/"}]}},"_links":{"self":[{"href":"https:\/\/fr.motocrossmag.be\/index.php\/wp-json\/wp\/v2\/posts\/42851","targetHints":{"allow":["GET"]}}],"collection":[{"href":"https:\/\/fr.motocrossmag.be\/index.php\/wp-json\/wp\/v2\/posts"}],"about":[{"href":"https:\/\/fr.motocrossmag.be\/index.php\/wp-json\/wp\/v2\/types\/post"}],"author":[{"embeddable":true,"href":"https:\/\/fr.motocrossmag.be\/index.php\/wp-json\/wp\/v2\/users\/932"}],"replies":[{"embeddable":true,"href":"https:\/\/fr.motocrossmag.be\/index.php\/wp-json\/wp\/v2\/comments?post=42851"}],"version-history":[{"count":1,"href":"https:\/\/fr.motocrossmag.be\/index.php\/wp-json\/wp\/v2\/posts\/42851\/revisions"}],"predecessor-version":[{"id":42894,"href":"https:\/\/fr.motocrossmag.be\/index.php\/wp-json\/wp\/v2\/posts\/42851\/revisions\/42894"}],"wp:featuredmedia":[{"embeddable":true,"href":"https:\/\/fr.motocrossmag.be\/index.php\/wp-json\/wp\/v2\/media\/42853"}],"wp:attachment":[{"href":"https:\/\/fr.motocrossmag.be\/index.php\/wp-json\/wp\/v2\/media?parent=42851"}],"wp:term":[{"taxonomy":"category","embeddable":true,"href":"https:\/\/fr.motocrossmag.be\/index.php\/wp-json\/wp\/v2\/categories?post=42851"},{"taxonomy":"post_tag","embeddable":true,"href":"https:\/\/fr.motocrossmag.be\/index.php\/wp-json\/wp\/v2\/tags?post=42851"}],"curies":[{"name":"wp","href":"https:\/\/api.w.org\/{rel}","templated":true}]}}