{"id":43500,"date":"2016-03-01T10:18:00","date_gmt":"2016-03-01T09:18:00","guid":{"rendered":"http:\/\/fr.motocrossmag.be\/?p=43500"},"modified":"2016-03-01T10:18:00","modified_gmt":"2016-03-01T09:18:00","slug":"photos-ouverture-du-championnat-mxgp-au-qatar","status":"publish","type":"post","link":"https:\/\/fr.motocrossmag.be\/index.php\/2016\/03\/photos-ouverture-du-championnat-mxgp-au-qatar\/","title":{"rendered":"Photos: ouverture du championnat MXGP au Qatar"},"content":{"rendered":"<p>Le GP de Losail est toujours particulier. Non seulement parce qu&rsquo;il s&rsquo;agit du premier GP de la saison et qu&rsquo;il est l&rsquo;occasion d&rsquo;avoir un premier aper\u00e7u de la hi\u00e9rarchie dans les deux cat\u00e9gories phares du motocross mondial mais aussi parce qu&rsquo;il est disput\u00e9 en nocturne sur une piste artificielle install\u00e9e dans l&rsquo;enceinte du circuit de vitesse de Losail. Retour en images sur le premier des 18 rounds de la saison 2016&#8230;<\/p>\n<p>Photos: CDS<\/p><div class=\"zgfjb6a95b813d9874\" ><!-- \/91277017\/Inline-articles-mobile -->\n<div style=\"margin:auto; text-align:center !important\">\n<div id='div-gpt-ad-1784982661365-0' style='min-width: 250px; min-height: 75px;'>\n  <script>\n    googletag.cmd.push(function() { googletag.display('div-gpt-ad-1784982661365-0'); });\n  <\/script>\n<\/div><\/div><\/div><style type=\"text\/css\">\r\n.zgfjb6a95b813d9874 {\r\nmargin-bottom:30px;margin-top:20px\r\n}\r\n@media screen and (min-width: 1201px) {\r\n.zgfjb6a95b813d9874 {\r\ndisplay: block;\r\n}\r\n}\r\n@media screen and (min-width: 993px) and (max-width: 1200px) {\r\n.zgfjb6a95b813d9874 {\r\ndisplay: block;\r\n}\r\n}\r\n@media screen and (min-width: 769px) and (max-width: 992px) {\r\n.zgfjb6a95b813d9874 {\r\ndisplay: block;\r\n}\r\n}\r\n@media screen and (min-width: 768px) and (max-width: 768px) {\r\n.zgfjb6a95b813d9874 {\r\ndisplay: block;\r\n}\r\n}\r\n@media screen and (max-width: 767px) {\r\n.zgfjb6a95b813d9874 {\r\ndisplay: block;\r\n}\r\n}\r\n<\/style>\r\n\n<div id='gallery-1' class='gallery galleryid-43500 gallery-columns-3 gallery-size-thumbnail'><figure class='gallery-item'>\n\t\t\t<div class='gallery-icon landscape'>\n\t\t\t\t<a href='https:\/\/fr.motocrossmag.be\/index.php\/2016\/03\/photos-ouverture-du-championnat-mxgp-au-qatar\/anstie_qatar16_69560\/'><img decoding=\"async\" width=\"150\" height=\"150\" src=\"https:\/\/fr.motocrossmag.be\/wp-content\/uploads\/2016\/03\/anstie_qatar16_69560-150x150.jpg\" class=\"attachment-thumbnail size-thumbnail\" alt=\"\" srcset=\"https:\/\/fr.motocrossmag.be\/wp-content\/uploads\/2016\/03\/anstie_qatar16_69560-150x150.jpg 150w, https:\/\/fr.motocrossmag.be\/wp-content\/uploads\/2016\/03\/anstie_qatar16_69560-50x50.jpg 50w\" sizes=\"(max-width: 150px) 100vw, 150px\" \/><\/a>\n\t\t\t<\/div><\/figure><figure class='gallery-item'>\n\t\t\t<div class='gallery-icon landscape'>\n\t\t\t\t<a href='https:\/\/fr.motocrossmag.be\/index.php\/2016\/03\/photos-ouverture-du-championnat-mxgp-au-qatar\/anstie_qatar16_70676\/'><img decoding=\"async\" width=\"150\" height=\"150\" src=\"https:\/\/fr.motocrossmag.be\/wp-content\/uploads\/2016\/03\/anstie_qatar16_70676-150x150.jpg\" class=\"attachment-thumbnail size-thumbnail\" alt=\"\" srcset=\"https:\/\/fr.motocrossmag.be\/wp-content\/uploads\/2016\/03\/anstie_qatar16_70676-150x150.jpg 150w, https:\/\/fr.motocrossmag.be\/wp-content\/uploads\/2016\/03\/anstie_qatar16_70676-50x50.jpg 50w\" sizes=\"(max-width: 150px) 100vw, 150px\" \/><\/a>\n\t\t\t<\/div><\/figure><figure class='gallery-item'>\n\t\t\t<div class='gallery-icon landscape'>\n\t\t\t\t<a href='https:\/\/fr.motocrossmag.be\/index.php\/2016\/03\/photos-ouverture-du-championnat-mxgp-au-qatar\/anstie_qatar16_71451\/'><img decoding=\"async\" width=\"150\" height=\"150\" src=\"https:\/\/fr.motocrossmag.be\/wp-content\/uploads\/2016\/03\/anstie_qatar16_71451-150x150.jpg\" class=\"attachment-thumbnail size-thumbnail\" alt=\"\" srcset=\"https:\/\/fr.motocrossmag.be\/wp-content\/uploads\/2016\/03\/anstie_qatar16_71451-150x150.jpg 150w, https:\/\/fr.motocrossmag.be\/wp-content\/uploads\/2016\/03\/anstie_qatar16_71451-50x50.jpg 50w\" sizes=\"(max-width: 150px) 100vw, 150px\" \/><\/a>\n\t\t\t<\/div><\/figure><figure class='gallery-item'>\n\t\t\t<div class='gallery-icon landscape'>\n\t\t\t\t<a href='https:\/\/fr.motocrossmag.be\/index.php\/2016\/03\/photos-ouverture-du-championnat-mxgp-au-qatar\/atm_qatar16_70296\/'><img decoding=\"async\" width=\"150\" height=\"150\" src=\"https:\/\/fr.motocrossmag.be\/wp-content\/uploads\/2016\/03\/atm_qatar16_70296-150x150.jpg\" class=\"attachment-thumbnail size-thumbnail\" alt=\"\" srcset=\"https:\/\/fr.motocrossmag.be\/wp-content\/uploads\/2016\/03\/atm_qatar16_70296-150x150.jpg 150w, https:\/\/fr.motocrossmag.be\/wp-content\/uploads\/2016\/03\/atm_qatar16_70296-50x50.jpg 50w\" sizes=\"(max-width: 150px) 100vw, 150px\" \/><\/a>\n\t\t\t<\/div><\/figure><figure class='gallery-item'>\n\t\t\t<div class='gallery-icon landscape'>\n\t\t\t\t<a href='https:\/\/fr.motocrossmag.be\/index.php\/2016\/03\/photos-ouverture-du-championnat-mxgp-au-qatar\/beirer_bervoets_qatar16_71098\/'><img decoding=\"async\" width=\"150\" height=\"150\" src=\"https:\/\/fr.motocrossmag.be\/wp-content\/uploads\/2016\/03\/beirer_bervoets_qatar16_71098-150x150.jpg\" class=\"attachment-thumbnail size-thumbnail\" alt=\"\" srcset=\"https:\/\/fr.motocrossmag.be\/wp-content\/uploads\/2016\/03\/beirer_bervoets_qatar16_71098-150x150.jpg 150w, https:\/\/fr.motocrossmag.be\/wp-content\/uploads\/2016\/03\/beirer_bervoets_qatar16_71098-50x50.jpg 50w\" sizes=\"(max-width: 150px) 100vw, 150px\" \/><\/a>\n\t\t\t<\/div><\/figure><figure class='gallery-item'>\n\t\t\t<div class='gallery-icon landscape'>\n\t\t\t\t<a href='https:\/\/fr.motocrossmag.be\/index.php\/2016\/03\/photos-ouverture-du-championnat-mxgp-au-qatar\/bobby_qatar16_70750\/'><img decoding=\"async\" width=\"150\" height=\"150\" src=\"https:\/\/fr.motocrossmag.be\/wp-content\/uploads\/2016\/03\/bobby_qatar16_70750-150x150.jpg\" class=\"attachment-thumbnail size-thumbnail\" alt=\"\" srcset=\"https:\/\/fr.motocrossmag.be\/wp-content\/uploads\/2016\/03\/bobby_qatar16_70750-150x150.jpg 150w, https:\/\/fr.motocrossmag.be\/wp-content\/uploads\/2016\/03\/bobby_qatar16_70750-50x50.jpg 50w\" sizes=\"(max-width: 150px) 100vw, 150px\" \/><\/a>\n\t\t\t<\/div><\/figure><figure class='gallery-item'>\n\t\t\t<div class='gallery-icon landscape'>\n\t\t\t\t<a href='https:\/\/fr.motocrossmag.be\/index.php\/2016\/03\/photos-ouverture-du-championnat-mxgp-au-qatar\/bogers_qatar16_70332\/'><img decoding=\"async\" width=\"150\" height=\"150\" src=\"https:\/\/fr.motocrossmag.be\/wp-content\/uploads\/2016\/03\/bogers_qatar16_70332-150x150.jpg\" class=\"attachment-thumbnail size-thumbnail\" alt=\"\" srcset=\"https:\/\/fr.motocrossmag.be\/wp-content\/uploads\/2016\/03\/bogers_qatar16_70332-150x150.jpg 150w, https:\/\/fr.motocrossmag.be\/wp-content\/uploads\/2016\/03\/bogers_qatar16_70332-50x50.jpg 50w\" sizes=\"(max-width: 150px) 100vw, 150px\" \/><\/a>\n\t\t\t<\/div><\/figure><figure class='gallery-item'>\n\t\t\t<div class='gallery-icon landscape'>\n\t\t\t\t<a href='https:\/\/fr.motocrossmag.be\/index.php\/2016\/03\/photos-ouverture-du-championnat-mxgp-au-qatar\/bogers_qatar16_71057\/'><img decoding=\"async\" width=\"150\" height=\"150\" src=\"https:\/\/fr.motocrossmag.be\/wp-content\/uploads\/2016\/03\/bogers_qatar16_71057-150x150.jpg\" class=\"attachment-thumbnail size-thumbnail\" alt=\"\" srcset=\"https:\/\/fr.motocrossmag.be\/wp-content\/uploads\/2016\/03\/bogers_qatar16_71057-150x150.jpg 150w, https:\/\/fr.motocrossmag.be\/wp-content\/uploads\/2016\/03\/bogers_qatar16_71057-50x50.jpg 50w\" sizes=\"(max-width: 150px) 100vw, 150px\" \/><\/a>\n\t\t\t<\/div><\/figure><figure class='gallery-item'>\n\t\t\t<div class='gallery-icon landscape'>\n\t\t\t\t<a href='https:\/\/fr.motocrossmag.be\/index.php\/2016\/03\/photos-ouverture-du-championnat-mxgp-au-qatar\/brilyakov_qatar16_69739\/'><img decoding=\"async\" width=\"150\" height=\"150\" src=\"https:\/\/fr.motocrossmag.be\/wp-content\/uploads\/2016\/03\/brilyakov_qatar16_69739-150x150.jpg\" class=\"attachment-thumbnail size-thumbnail\" alt=\"\" srcset=\"https:\/\/fr.motocrossmag.be\/wp-content\/uploads\/2016\/03\/brilyakov_qatar16_69739-150x150.jpg 150w, https:\/\/fr.motocrossmag.be\/wp-content\/uploads\/2016\/03\/brilyakov_qatar16_69739-50x50.jpg 50w\" sizes=\"(max-width: 150px) 100vw, 150px\" \/><\/a>\n\t\t\t<\/div><\/figure><figure class='gallery-item'>\n\t\t\t<div class='gallery-icon portrait'>\n\t\t\t\t<a href='https:\/\/fr.motocrossmag.be\/index.php\/2016\/03\/photos-ouverture-du-championnat-mxgp-au-qatar\/cairoli_qatar16_70667\/'><img decoding=\"async\" width=\"150\" height=\"150\" src=\"https:\/\/fr.motocrossmag.be\/wp-content\/uploads\/2016\/03\/cairoli_qatar16_70667-150x150.jpg\" class=\"attachment-thumbnail size-thumbnail\" alt=\"\" srcset=\"https:\/\/fr.motocrossmag.be\/wp-content\/uploads\/2016\/03\/cairoli_qatar16_70667-150x150.jpg 150w, https:\/\/fr.motocrossmag.be\/wp-content\/uploads\/2016\/03\/cairoli_qatar16_70667-50x50.jpg 50w\" sizes=\"(max-width: 150px) 100vw, 150px\" \/><\/a>\n\t\t\t<\/div><\/figure><figure class='gallery-item'>\n\t\t\t<div class='gallery-icon landscape'>\n\t\t\t\t<a href='https:\/\/fr.motocrossmag.be\/index.php\/2016\/03\/photos-ouverture-du-championnat-mxgp-au-qatar\/cairoli_qatar16_70795\/'><img decoding=\"async\" width=\"150\" height=\"150\" src=\"https:\/\/fr.motocrossmag.be\/wp-content\/uploads\/2016\/03\/cairoli_qatar16_70795-150x150.jpg\" class=\"attachment-thumbnail size-thumbnail\" alt=\"\" srcset=\"https:\/\/fr.motocrossmag.be\/wp-content\/uploads\/2016\/03\/cairoli_qatar16_70795-150x150.jpg 150w, https:\/\/fr.motocrossmag.be\/wp-content\/uploads\/2016\/03\/cairoli_qatar16_70795-50x50.jpg 50w\" sizes=\"(max-width: 150px) 100vw, 150px\" \/><\/a>\n\t\t\t<\/div><\/figure><figure class='gallery-item'>\n\t\t\t<div class='gallery-icon landscape'>\n\t\t\t\t<a href='https:\/\/fr.motocrossmag.be\/index.php\/2016\/03\/photos-ouverture-du-championnat-mxgp-au-qatar\/cairoli_qatar16_71496\/'><img decoding=\"async\" width=\"150\" height=\"150\" src=\"https:\/\/fr.motocrossmag.be\/wp-content\/uploads\/2016\/03\/cairoli_qatar16_71496-150x150.jpg\" class=\"attachment-thumbnail size-thumbnail\" alt=\"\" srcset=\"https:\/\/fr.motocrossmag.be\/wp-content\/uploads\/2016\/03\/cairoli_qatar16_71496-150x150.jpg 150w, https:\/\/fr.motocrossmag.be\/wp-content\/uploads\/2016\/03\/cairoli_qatar16_71496-50x50.jpg 50w\" sizes=\"(max-width: 150px) 100vw, 150px\" \/><\/a>\n\t\t\t<\/div><\/figure><figure class='gallery-item'>\n\t\t\t<div class='gallery-icon portrait'>\n\t\t\t\t<a href='https:\/\/fr.motocrossmag.be\/index.php\/2016\/03\/photos-ouverture-du-championnat-mxgp-au-qatar\/cairoli_qatar16_72480\/'><img decoding=\"async\" width=\"150\" height=\"150\" src=\"https:\/\/fr.motocrossmag.be\/wp-content\/uploads\/2016\/03\/cairoli_qatar16_72480-150x150.jpg\" class=\"attachment-thumbnail size-thumbnail\" alt=\"\" srcset=\"https:\/\/fr.motocrossmag.be\/wp-content\/uploads\/2016\/03\/cairoli_qatar16_72480-150x150.jpg 150w, https:\/\/fr.motocrossmag.be\/wp-content\/uploads\/2016\/03\/cairoli_qatar16_72480-50x50.jpg 50w\" sizes=\"(max-width: 150px) 100vw, 150px\" \/><\/a>\n\t\t\t<\/div><\/figure><figure class='gallery-item'>\n\t\t\t<div class='gallery-icon landscape'>\n\t\t\t\t<a href='https:\/\/fr.motocrossmag.be\/index.php\/2016\/03\/photos-ouverture-du-championnat-mxgp-au-qatar\/charlier_qatar16_69942\/'><img decoding=\"async\" width=\"150\" height=\"150\" src=\"https:\/\/fr.motocrossmag.be\/wp-content\/uploads\/2016\/03\/charlier_qatar16_69942-150x150.jpg\" class=\"attachment-thumbnail size-thumbnail\" alt=\"\" srcset=\"https:\/\/fr.motocrossmag.be\/wp-content\/uploads\/2016\/03\/charlier_qatar16_69942-150x150.jpg 150w, https:\/\/fr.motocrossmag.be\/wp-content\/uploads\/2016\/03\/charlier_qatar16_69942-50x50.jpg 50w\" sizes=\"(max-width: 150px) 100vw, 150px\" \/><\/a>\n\t\t\t<\/div><\/figure><figure class='gallery-item'>\n\t\t\t<div class='gallery-icon landscape'>\n\t\t\t\t<a href='https:\/\/fr.motocrossmag.be\/index.php\/2016\/03\/photos-ouverture-du-championnat-mxgp-au-qatar\/charlier_qatar16_71750\/'><img decoding=\"async\" width=\"150\" height=\"150\" src=\"https:\/\/fr.motocrossmag.be\/wp-content\/uploads\/2016\/03\/charlier_qatar16_71750-150x150.jpg\" class=\"attachment-thumbnail size-thumbnail\" alt=\"\" srcset=\"https:\/\/fr.motocrossmag.be\/wp-content\/uploads\/2016\/03\/charlier_qatar16_71750-150x150.jpg 150w, https:\/\/fr.motocrossmag.be\/wp-content\/uploads\/2016\/03\/charlier_qatar16_71750-50x50.jpg 50w\" sizes=\"(max-width: 150px) 100vw, 150px\" \/><\/a>\n\t\t\t<\/div><\/figure><figure class='gallery-item'>\n\t\t\t<div class='gallery-icon landscape'>\n\t\t\t\t<a href='https:\/\/fr.motocrossmag.be\/index.php\/2016\/03\/photos-ouverture-du-championnat-mxgp-au-qatar\/charlier_qatar16_71984\/'><img decoding=\"async\" width=\"150\" height=\"150\" src=\"https:\/\/fr.motocrossmag.be\/wp-content\/uploads\/2016\/03\/charlier_qatar16_71984-150x150.jpg\" class=\"attachment-thumbnail size-thumbnail\" alt=\"\" srcset=\"https:\/\/fr.motocrossmag.be\/wp-content\/uploads\/2016\/03\/charlier_qatar16_71984-150x150.jpg 150w, https:\/\/fr.motocrossmag.be\/wp-content\/uploads\/2016\/03\/charlier_qatar16_71984-50x50.jpg 50w\" sizes=\"(max-width: 150px) 100vw, 150px\" \/><\/a>\n\t\t\t<\/div><\/figure><figure class='gallery-item'>\n\t\t\t<div class='gallery-icon landscape'>\n\t\t\t\t<a href='https:\/\/fr.motocrossmag.be\/index.php\/2016\/03\/photos-ouverture-du-championnat-mxgp-au-qatar\/coldenhoff_qatar16_69839\/'><img decoding=\"async\" width=\"150\" height=\"150\" src=\"https:\/\/fr.motocrossmag.be\/wp-content\/uploads\/2016\/03\/coldenhoff_qatar16_69839-150x150.jpg\" class=\"attachment-thumbnail size-thumbnail\" alt=\"\" srcset=\"https:\/\/fr.motocrossmag.be\/wp-content\/uploads\/2016\/03\/coldenhoff_qatar16_69839-150x150.jpg 150w, https:\/\/fr.motocrossmag.be\/wp-content\/uploads\/2016\/03\/coldenhoff_qatar16_69839-50x50.jpg 50w\" sizes=\"(max-width: 150px) 100vw, 150px\" \/><\/a>\n\t\t\t<\/div><\/figure><figure class='gallery-item'>\n\t\t\t<div class='gallery-icon landscape'>\n\t\t\t\t<a href='https:\/\/fr.motocrossmag.be\/index.php\/2016\/03\/photos-ouverture-du-championnat-mxgp-au-qatar\/coldenhoff_qatar16_70660\/'><img decoding=\"async\" width=\"150\" height=\"150\" src=\"https:\/\/fr.motocrossmag.be\/wp-content\/uploads\/2016\/03\/coldenhoff_qatar16_70660-150x150.jpg\" class=\"attachment-thumbnail size-thumbnail\" alt=\"\" srcset=\"https:\/\/fr.motocrossmag.be\/wp-content\/uploads\/2016\/03\/coldenhoff_qatar16_70660-150x150.jpg 150w, https:\/\/fr.motocrossmag.be\/wp-content\/uploads\/2016\/03\/coldenhoff_qatar16_70660-50x50.jpg 50w\" sizes=\"(max-width: 150px) 100vw, 150px\" \/><\/a>\n\t\t\t<\/div><\/figure><figure class='gallery-item'>\n\t\t\t<div class='gallery-icon landscape'>\n\t\t\t\t<a href='https:\/\/fr.motocrossmag.be\/index.php\/2016\/03\/photos-ouverture-du-championnat-mxgp-au-qatar\/coldenhoff_qatar16_71711\/'><img decoding=\"async\" width=\"150\" height=\"150\" src=\"https:\/\/fr.motocrossmag.be\/wp-content\/uploads\/2016\/03\/coldenhoff_qatar16_71711-150x150.jpg\" class=\"attachment-thumbnail size-thumbnail\" alt=\"\" srcset=\"https:\/\/fr.motocrossmag.be\/wp-content\/uploads\/2016\/03\/coldenhoff_qatar16_71711-150x150.jpg 150w, https:\/\/fr.motocrossmag.be\/wp-content\/uploads\/2016\/03\/coldenhoff_qatar16_71711-50x50.jpg 50w\" sizes=\"(max-width: 150px) 100vw, 150px\" \/><\/a>\n\t\t\t<\/div><\/figure><figure class='gallery-item'>\n\t\t\t<div class='gallery-icon portrait'>\n\t\t\t\t<a href='https:\/\/fr.motocrossmag.be\/index.php\/2016\/03\/photos-ouverture-du-championnat-mxgp-au-qatar\/covington_qatar16_69533\/'><img decoding=\"async\" width=\"150\" height=\"150\" src=\"https:\/\/fr.motocrossmag.be\/wp-content\/uploads\/2016\/03\/covington_qatar16_69533-150x150.jpg\" class=\"attachment-thumbnail size-thumbnail\" alt=\"\" srcset=\"https:\/\/fr.motocrossmag.be\/wp-content\/uploads\/2016\/03\/covington_qatar16_69533-150x150.jpg 150w, https:\/\/fr.motocrossmag.be\/wp-content\/uploads\/2016\/03\/covington_qatar16_69533-50x50.jpg 50w\" sizes=\"(max-width: 150px) 100vw, 150px\" \/><\/a>\n\t\t\t<\/div><\/figure><figure class='gallery-item'>\n\t\t\t<div class='gallery-icon landscape'>\n\t\t\t\t<a href='https:\/\/fr.motocrossmag.be\/index.php\/2016\/03\/photos-ouverture-du-championnat-mxgp-au-qatar\/covington_qatar16_70989\/'><img decoding=\"async\" width=\"150\" height=\"150\" src=\"https:\/\/fr.motocrossmag.be\/wp-content\/uploads\/2016\/03\/covington_qatar16_70989-150x150.jpg\" class=\"attachment-thumbnail size-thumbnail\" alt=\"\" srcset=\"https:\/\/fr.motocrossmag.be\/wp-content\/uploads\/2016\/03\/covington_qatar16_70989-150x150.jpg 150w, https:\/\/fr.motocrossmag.be\/wp-content\/uploads\/2016\/03\/covington_qatar16_70989-50x50.jpg 50w\" sizes=\"(max-width: 150px) 100vw, 150px\" \/><\/a>\n\t\t\t<\/div><\/figure><figure class='gallery-item'>\n\t\t\t<div class='gallery-icon landscape'>\n\t\t\t\t<a href='https:\/\/fr.motocrossmag.be\/index.php\/2016\/03\/photos-ouverture-du-championnat-mxgp-au-qatar\/covington_qatar16_71545\/'><img decoding=\"async\" width=\"150\" height=\"150\" src=\"https:\/\/fr.motocrossmag.be\/wp-content\/uploads\/2016\/03\/covington_qatar16_71545-150x150.jpg\" class=\"attachment-thumbnail size-thumbnail\" alt=\"\" srcset=\"https:\/\/fr.motocrossmag.be\/wp-content\/uploads\/2016\/03\/covington_qatar16_71545-150x150.jpg 150w, https:\/\/fr.motocrossmag.be\/wp-content\/uploads\/2016\/03\/covington_qatar16_71545-50x50.jpg 50w\" sizes=\"(max-width: 150px) 100vw, 150px\" \/><\/a>\n\t\t\t<\/div><\/figure><figure class='gallery-item'>\n\t\t\t<div class='gallery-icon landscape'>\n\t\t\t\t<a href='https:\/\/fr.motocrossmag.be\/index.php\/2016\/03\/photos-ouverture-du-championnat-mxgp-au-qatar\/desalle_qatar16_70726\/'><img decoding=\"async\" width=\"150\" height=\"150\" src=\"https:\/\/fr.motocrossmag.be\/wp-content\/uploads\/2016\/03\/desalle_qatar16_70726-150x150.jpg\" class=\"attachment-thumbnail size-thumbnail\" alt=\"\" srcset=\"https:\/\/fr.motocrossmag.be\/wp-content\/uploads\/2016\/03\/desalle_qatar16_70726-150x150.jpg 150w, https:\/\/fr.motocrossmag.be\/wp-content\/uploads\/2016\/03\/desalle_qatar16_70726-50x50.jpg 50w\" sizes=\"(max-width: 150px) 100vw, 150px\" \/><\/a>\n\t\t\t<\/div><\/figure><figure class='gallery-item'>\n\t\t\t<div class='gallery-icon landscape'>\n\t\t\t\t<a href='https:\/\/fr.motocrossmag.be\/index.php\/2016\/03\/photos-ouverture-du-championnat-mxgp-au-qatar\/desalle_qatar16_73585\/'><img decoding=\"async\" width=\"150\" height=\"150\" src=\"https:\/\/fr.motocrossmag.be\/wp-content\/uploads\/2016\/03\/desalle_qatar16_73585-150x150.jpg\" class=\"attachment-thumbnail size-thumbnail\" alt=\"\" srcset=\"https:\/\/fr.motocrossmag.be\/wp-content\/uploads\/2016\/03\/desalle_qatar16_73585-150x150.jpg 150w, https:\/\/fr.motocrossmag.be\/wp-content\/uploads\/2016\/03\/desalle_qatar16_73585-50x50.jpg 50w\" sizes=\"(max-width: 150px) 100vw, 150px\" \/><\/a>\n\t\t\t<\/div><\/figure><figure class='gallery-item'>\n\t\t\t<div class='gallery-icon landscape'>\n\t\t\t\t<a href='https:\/\/fr.motocrossmag.be\/index.php\/2016\/03\/photos-ouverture-du-championnat-mxgp-au-qatar\/duncan_qatar16_71604\/'><img decoding=\"async\" width=\"150\" height=\"150\" src=\"https:\/\/fr.motocrossmag.be\/wp-content\/uploads\/2016\/03\/duncan_qatar16_71604-150x150.jpg\" class=\"attachment-thumbnail size-thumbnail\" alt=\"\" srcset=\"https:\/\/fr.motocrossmag.be\/wp-content\/uploads\/2016\/03\/duncan_qatar16_71604-150x150.jpg 150w, https:\/\/fr.motocrossmag.be\/wp-content\/uploads\/2016\/03\/duncan_qatar16_71604-50x50.jpg 50w\" sizes=\"(max-width: 150px) 100vw, 150px\" \/><\/a>\n\t\t\t<\/div><\/figure><figure class='gallery-item'>\n\t\t\t<div class='gallery-icon portrait'>\n\t\t\t\t<a href='https:\/\/fr.motocrossmag.be\/index.php\/2016\/03\/photos-ouverture-du-championnat-mxgp-au-qatar\/febvre_qatar16_69427\/'><img decoding=\"async\" width=\"150\" height=\"150\" src=\"https:\/\/fr.motocrossmag.be\/wp-content\/uploads\/2016\/03\/febvre_qatar16_69427-150x150.jpg\" class=\"attachment-thumbnail size-thumbnail\" alt=\"\" srcset=\"https:\/\/fr.motocrossmag.be\/wp-content\/uploads\/2016\/03\/febvre_qatar16_69427-150x150.jpg 150w, https:\/\/fr.motocrossmag.be\/wp-content\/uploads\/2016\/03\/febvre_qatar16_69427-50x50.jpg 50w\" sizes=\"(max-width: 150px) 100vw, 150px\" \/><\/a>\n\t\t\t<\/div><\/figure><figure class='gallery-item'>\n\t\t\t<div class='gallery-icon portrait'>\n\t\t\t\t<a href='https:\/\/fr.motocrossmag.be\/index.php\/2016\/03\/photos-ouverture-du-championnat-mxgp-au-qatar\/febvre_qatar16_70523\/'><img decoding=\"async\" width=\"150\" height=\"150\" src=\"https:\/\/fr.motocrossmag.be\/wp-content\/uploads\/2016\/03\/febvre_qatar16_70523-150x150.jpg\" class=\"attachment-thumbnail size-thumbnail\" alt=\"\" srcset=\"https:\/\/fr.motocrossmag.be\/wp-content\/uploads\/2016\/03\/febvre_qatar16_70523-150x150.jpg 150w, https:\/\/fr.motocrossmag.be\/wp-content\/uploads\/2016\/03\/febvre_qatar16_70523-50x50.jpg 50w\" sizes=\"(max-width: 150px) 100vw, 150px\" \/><\/a>\n\t\t\t<\/div><\/figure><figure class='gallery-item'>\n\t\t\t<div class='gallery-icon landscape'>\n\t\t\t\t<a href='https:\/\/fr.motocrossmag.be\/index.php\/2016\/03\/photos-ouverture-du-championnat-mxgp-au-qatar\/febvre_qatar16_72563\/'><img decoding=\"async\" width=\"150\" height=\"150\" src=\"https:\/\/fr.motocrossmag.be\/wp-content\/uploads\/2016\/03\/febvre_qatar16_72563-150x150.jpg\" class=\"attachment-thumbnail size-thumbnail\" alt=\"\" srcset=\"https:\/\/fr.motocrossmag.be\/wp-content\/uploads\/2016\/03\/febvre_qatar16_72563-150x150.jpg 150w, https:\/\/fr.motocrossmag.be\/wp-content\/uploads\/2016\/03\/febvre_qatar16_72563-50x50.jpg 50w\" sizes=\"(max-width: 150px) 100vw, 150px\" \/><\/a>\n\t\t\t<\/div><\/figure><figure class='gallery-item'>\n\t\t\t<div class='gallery-icon landscape'>\n\t\t\t\t<a href='https:\/\/fr.motocrossmag.be\/index.php\/2016\/03\/photos-ouverture-du-championnat-mxgp-au-qatar\/ferrandis_qatar16_69408\/'><img decoding=\"async\" width=\"150\" height=\"150\" src=\"https:\/\/fr.motocrossmag.be\/wp-content\/uploads\/2016\/03\/ferrandis_qatar16_69408-150x150.jpg\" class=\"attachment-thumbnail size-thumbnail\" alt=\"\" srcset=\"https:\/\/fr.motocrossmag.be\/wp-content\/uploads\/2016\/03\/ferrandis_qatar16_69408-150x150.jpg 150w, https:\/\/fr.motocrossmag.be\/wp-content\/uploads\/2016\/03\/ferrandis_qatar16_69408-50x50.jpg 50w\" sizes=\"(max-width: 150px) 100vw, 150px\" \/><\/a>\n\t\t\t<\/div><\/figure><figure class='gallery-item'>\n\t\t\t<div class='gallery-icon landscape'>\n\t\t\t\t<a href='https:\/\/fr.motocrossmag.be\/index.php\/2016\/03\/photos-ouverture-du-championnat-mxgp-au-qatar\/ferrandis_qatar16_69674\/'><img decoding=\"async\" width=\"150\" height=\"150\" src=\"https:\/\/fr.motocrossmag.be\/wp-content\/uploads\/2016\/03\/ferrandis_qatar16_69674-150x150.jpg\" class=\"attachment-thumbnail size-thumbnail\" alt=\"\" srcset=\"https:\/\/fr.motocrossmag.be\/wp-content\/uploads\/2016\/03\/ferrandis_qatar16_69674-150x150.jpg 150w, https:\/\/fr.motocrossmag.be\/wp-content\/uploads\/2016\/03\/ferrandis_qatar16_69674-50x50.jpg 50w\" sizes=\"(max-width: 150px) 100vw, 150px\" \/><\/a>\n\t\t\t<\/div><\/figure><figure class='gallery-item'>\n\t\t\t<div class='gallery-icon landscape'>\n\t\t\t\t<a href='https:\/\/fr.motocrossmag.be\/index.php\/2016\/03\/photos-ouverture-du-championnat-mxgp-au-qatar\/ferrandis_qatar16_71848\/'><img decoding=\"async\" width=\"150\" height=\"150\" src=\"https:\/\/fr.motocrossmag.be\/wp-content\/uploads\/2016\/03\/ferrandis_qatar16_71848-150x150.jpg\" class=\"attachment-thumbnail size-thumbnail\" alt=\"\" srcset=\"https:\/\/fr.motocrossmag.be\/wp-content\/uploads\/2016\/03\/ferrandis_qatar16_71848-150x150.jpg 150w, https:\/\/fr.motocrossmag.be\/wp-content\/uploads\/2016\/03\/ferrandis_qatar16_71848-50x50.jpg 50w\" sizes=\"(max-width: 150px) 100vw, 150px\" \/><\/a>\n\t\t\t<\/div><\/figure><figure class='gallery-item'>\n\t\t\t<div class='gallery-icon landscape'>\n\t\t\t\t<a href='https:\/\/fr.motocrossmag.be\/index.php\/2016\/03\/photos-ouverture-du-championnat-mxgp-au-qatar\/ferrandis_qatar16_72757\/'><img decoding=\"async\" width=\"150\" height=\"150\" src=\"https:\/\/fr.motocrossmag.be\/wp-content\/uploads\/2016\/03\/ferrandis_qatar16_72757-150x150.jpg\" class=\"attachment-thumbnail size-thumbnail\" alt=\"\" srcset=\"https:\/\/fr.motocrossmag.be\/wp-content\/uploads\/2016\/03\/ferrandis_qatar16_72757-150x150.jpg 150w, https:\/\/fr.motocrossmag.be\/wp-content\/uploads\/2016\/03\/ferrandis_qatar16_72757-50x50.jpg 50w\" sizes=\"(max-width: 150px) 100vw, 150px\" \/><\/a>\n\t\t\t<\/div><\/figure><figure class='gallery-item'>\n\t\t\t<div class='gallery-icon landscape'>\n\t\t\t\t<a href='https:\/\/fr.motocrossmag.be\/index.php\/2016\/03\/photos-ouverture-du-championnat-mxgp-au-qatar\/gasjer_qatar16_69851\/'><img decoding=\"async\" width=\"150\" height=\"150\" src=\"https:\/\/fr.motocrossmag.be\/wp-content\/uploads\/2016\/03\/gasjer_qatar16_69851-150x150.jpg\" class=\"attachment-thumbnail size-thumbnail\" alt=\"\" srcset=\"https:\/\/fr.motocrossmag.be\/wp-content\/uploads\/2016\/03\/gasjer_qatar16_69851-150x150.jpg 150w, https:\/\/fr.motocrossmag.be\/wp-content\/uploads\/2016\/03\/gasjer_qatar16_69851-50x50.jpg 50w\" sizes=\"(max-width: 150px) 100vw, 150px\" \/><\/a>\n\t\t\t<\/div><\/figure><figure class='gallery-item'>\n\t\t\t<div class='gallery-icon landscape'>\n\t\t\t\t<a href='https:\/\/fr.motocrossmag.be\/index.php\/2016\/03\/photos-ouverture-du-championnat-mxgp-au-qatar\/gasjer_qatar16_73266\/'><img decoding=\"async\" width=\"150\" height=\"150\" src=\"https:\/\/fr.motocrossmag.be\/wp-content\/uploads\/2016\/03\/gasjer_qatar16_73266-150x150.jpg\" class=\"attachment-thumbnail size-thumbnail\" alt=\"\" srcset=\"https:\/\/fr.motocrossmag.be\/wp-content\/uploads\/2016\/03\/gasjer_qatar16_73266-150x150.jpg 150w, https:\/\/fr.motocrossmag.be\/wp-content\/uploads\/2016\/03\/gasjer_qatar16_73266-50x50.jpg 50w\" sizes=\"(max-width: 150px) 100vw, 150px\" \/><\/a>\n\t\t\t<\/div><\/figure><figure class='gallery-item'>\n\t\t\t<div class='gallery-icon landscape'>\n\t\t\t\t<a href='https:\/\/fr.motocrossmag.be\/index.php\/2016\/03\/photos-ouverture-du-championnat-mxgp-au-qatar\/genette_qatar16_72162\/'><img decoding=\"async\" width=\"150\" height=\"150\" src=\"https:\/\/fr.motocrossmag.be\/wp-content\/uploads\/2016\/03\/genette_qatar16_72162-150x150.jpg\" class=\"attachment-thumbnail size-thumbnail\" alt=\"\" srcset=\"https:\/\/fr.motocrossmag.be\/wp-content\/uploads\/2016\/03\/genette_qatar16_72162-150x150.jpg 150w, https:\/\/fr.motocrossmag.be\/wp-content\/uploads\/2016\/03\/genette_qatar16_72162-50x50.jpg 50w\" sizes=\"(max-width: 150px) 100vw, 150px\" \/><\/a>\n\t\t\t<\/div><\/figure><figure class='gallery-item'>\n\t\t\t<div class='gallery-icon landscape'>\n\t\t\t\t<a href='https:\/\/fr.motocrossmag.be\/index.php\/2016\/03\/photos-ouverture-du-championnat-mxgp-au-qatar\/graulus_qatar16_70407\/'><img decoding=\"async\" width=\"150\" height=\"150\" src=\"https:\/\/fr.motocrossmag.be\/wp-content\/uploads\/2016\/03\/graulus_qatar16_70407-150x150.jpg\" class=\"attachment-thumbnail size-thumbnail\" alt=\"\" srcset=\"https:\/\/fr.motocrossmag.be\/wp-content\/uploads\/2016\/03\/graulus_qatar16_70407-150x150.jpg 150w, https:\/\/fr.motocrossmag.be\/wp-content\/uploads\/2016\/03\/graulus_qatar16_70407-50x50.jpg 50w\" sizes=\"(max-width: 150px) 100vw, 150px\" \/><\/a>\n\t\t\t<\/div><\/figure><figure class='gallery-item'>\n\t\t\t<div class='gallery-icon portrait'>\n\t\t\t\t<a href='https:\/\/fr.motocrossmag.be\/index.php\/2016\/03\/photos-ouverture-du-championnat-mxgp-au-qatar\/graulus_qatar16_70685\/'><img decoding=\"async\" width=\"150\" height=\"150\" src=\"https:\/\/fr.motocrossmag.be\/wp-content\/uploads\/2016\/03\/graulus_qatar16_70685-150x150.jpg\" class=\"attachment-thumbnail size-thumbnail\" alt=\"\" srcset=\"https:\/\/fr.motocrossmag.be\/wp-content\/uploads\/2016\/03\/graulus_qatar16_70685-150x150.jpg 150w, https:\/\/fr.motocrossmag.be\/wp-content\/uploads\/2016\/03\/graulus_qatar16_70685-50x50.jpg 50w\" sizes=\"(max-width: 150px) 100vw, 150px\" \/><\/a>\n\t\t\t<\/div><\/figure><figure class='gallery-item'>\n\t\t\t<div class='gallery-icon landscape'>\n\t\t\t\t<a href='https:\/\/fr.motocrossmag.be\/index.php\/2016\/03\/photos-ouverture-du-championnat-mxgp-au-qatar\/graulus_qatar16_71334\/'><img decoding=\"async\" width=\"150\" height=\"150\" src=\"https:\/\/fr.motocrossmag.be\/wp-content\/uploads\/2016\/03\/graulus_qatar16_71334-150x150.jpg\" class=\"attachment-thumbnail size-thumbnail\" alt=\"\" srcset=\"https:\/\/fr.motocrossmag.be\/wp-content\/uploads\/2016\/03\/graulus_qatar16_71334-150x150.jpg 150w, https:\/\/fr.motocrossmag.be\/wp-content\/uploads\/2016\/03\/graulus_qatar16_71334-50x50.jpg 50w\" sizes=\"(max-width: 150px) 100vw, 150px\" \/><\/a>\n\t\t\t<\/div><\/figure><figure class='gallery-item'>\n\t\t\t<div class='gallery-icon landscape'>\n\t\t\t\t<a href='https:\/\/fr.motocrossmag.be\/index.php\/2016\/03\/photos-ouverture-du-championnat-mxgp-au-qatar\/guillod_qatar16_70562\/'><img decoding=\"async\" width=\"150\" height=\"150\" src=\"https:\/\/fr.motocrossmag.be\/wp-content\/uploads\/2016\/03\/guillod_qatar16_70562-150x150.jpg\" class=\"attachment-thumbnail size-thumbnail\" alt=\"\" srcset=\"https:\/\/fr.motocrossmag.be\/wp-content\/uploads\/2016\/03\/guillod_qatar16_70562-150x150.jpg 150w, https:\/\/fr.motocrossmag.be\/wp-content\/uploads\/2016\/03\/guillod_qatar16_70562-50x50.jpg 50w\" sizes=\"(max-width: 150px) 100vw, 150px\" \/><\/a>\n\t\t\t<\/div><\/figure><figure class='gallery-item'>\n\t\t\t<div class='gallery-icon landscape'>\n\t\t\t\t<a href='https:\/\/fr.motocrossmag.be\/index.php\/2016\/03\/photos-ouverture-du-championnat-mxgp-au-qatar\/guillod_qatar16_71903\/'><img decoding=\"async\" width=\"150\" height=\"150\" src=\"https:\/\/fr.motocrossmag.be\/wp-content\/uploads\/2016\/03\/guillod_qatar16_71903-150x150.jpg\" class=\"attachment-thumbnail size-thumbnail\" alt=\"\" srcset=\"https:\/\/fr.motocrossmag.be\/wp-content\/uploads\/2016\/03\/guillod_qatar16_71903-150x150.jpg 150w, https:\/\/fr.motocrossmag.be\/wp-content\/uploads\/2016\/03\/guillod_qatar16_71903-50x50.jpg 50w\" sizes=\"(max-width: 150px) 100vw, 150px\" \/><\/a>\n\t\t\t<\/div><\/figure><figure class='gallery-item'>\n\t\t\t<div class='gallery-icon landscape'>\n\t\t\t\t<a href='https:\/\/fr.motocrossmag.be\/index.php\/2016\/03\/photos-ouverture-du-championnat-mxgp-au-qatar\/guillod_qatar16_73224\/'><img decoding=\"async\" width=\"150\" height=\"150\" src=\"https:\/\/fr.motocrossmag.be\/wp-content\/uploads\/2016\/03\/guillod_qatar16_73224-150x150.jpg\" class=\"attachment-thumbnail size-thumbnail\" alt=\"\" srcset=\"https:\/\/fr.motocrossmag.be\/wp-content\/uploads\/2016\/03\/guillod_qatar16_73224-150x150.jpg 150w, https:\/\/fr.motocrossmag.be\/wp-content\/uploads\/2016\/03\/guillod_qatar16_73224-50x50.jpg 50w\" sizes=\"(max-width: 150px) 100vw, 150px\" \/><\/a>\n\t\t\t<\/div><\/figure><figure class='gallery-item'>\n\t\t\t<div class='gallery-icon landscape'>\n\t\t\t\t<a href='https:\/\/fr.motocrossmag.be\/index.php\/2016\/03\/photos-ouverture-du-championnat-mxgp-au-qatar\/herlings_qatar16_70348\/'><img decoding=\"async\" width=\"150\" height=\"150\" src=\"https:\/\/fr.motocrossmag.be\/wp-content\/uploads\/2016\/03\/herlings_qatar16_70348-150x150.jpg\" class=\"attachment-thumbnail size-thumbnail\" alt=\"\" srcset=\"https:\/\/fr.motocrossmag.be\/wp-content\/uploads\/2016\/03\/herlings_qatar16_70348-150x150.jpg 150w, https:\/\/fr.motocrossmag.be\/wp-content\/uploads\/2016\/03\/herlings_qatar16_70348-50x50.jpg 50w\" sizes=\"(max-width: 150px) 100vw, 150px\" \/><\/a>\n\t\t\t<\/div><\/figure><figure class='gallery-item'>\n\t\t\t<div class='gallery-icon landscape'>\n\t\t\t\t<a href='https:\/\/fr.motocrossmag.be\/index.php\/2016\/03\/photos-ouverture-du-championnat-mxgp-au-qatar\/herlings_qatar16_71835\/'><img decoding=\"async\" width=\"150\" height=\"150\" src=\"https:\/\/fr.motocrossmag.be\/wp-content\/uploads\/2016\/03\/herlings_qatar16_71835-150x150.jpg\" class=\"attachment-thumbnail size-thumbnail\" alt=\"\" srcset=\"https:\/\/fr.motocrossmag.be\/wp-content\/uploads\/2016\/03\/herlings_qatar16_71835-150x150.jpg 150w, https:\/\/fr.motocrossmag.be\/wp-content\/uploads\/2016\/03\/herlings_qatar16_71835-50x50.jpg 50w\" sizes=\"(max-width: 150px) 100vw, 150px\" \/><\/a>\n\t\t\t<\/div><\/figure><figure class='gallery-item'>\n\t\t\t<div class='gallery-icon landscape'>\n\t\t\t\t<a href='https:\/\/fr.motocrossmag.be\/index.php\/2016\/03\/photos-ouverture-du-championnat-mxgp-au-qatar\/jacobi_qatar16_70351\/'><img decoding=\"async\" width=\"150\" height=\"150\" src=\"https:\/\/fr.motocrossmag.be\/wp-content\/uploads\/2016\/03\/jacobi_qatar16_70351-150x150.jpg\" class=\"attachment-thumbnail size-thumbnail\" alt=\"\" srcset=\"https:\/\/fr.motocrossmag.be\/wp-content\/uploads\/2016\/03\/jacobi_qatar16_70351-150x150.jpg 150w, https:\/\/fr.motocrossmag.be\/wp-content\/uploads\/2016\/03\/jacobi_qatar16_70351-50x50.jpg 50w\" sizes=\"(max-width: 150px) 100vw, 150px\" \/><\/a>\n\t\t\t<\/div><\/figure><figure class='gallery-item'>\n\t\t\t<div class='gallery-icon landscape'>\n\t\t\t\t<a href='https:\/\/fr.motocrossmag.be\/index.php\/2016\/03\/photos-ouverture-du-championnat-mxgp-au-qatar\/jacobi_qatar16_71794\/'><img decoding=\"async\" width=\"150\" height=\"150\" src=\"https:\/\/fr.motocrossmag.be\/wp-content\/uploads\/2016\/03\/jacobi_qatar16_71794-150x150.jpg\" class=\"attachment-thumbnail size-thumbnail\" alt=\"\" srcset=\"https:\/\/fr.motocrossmag.be\/wp-content\/uploads\/2016\/03\/jacobi_qatar16_71794-150x150.jpg 150w, https:\/\/fr.motocrossmag.be\/wp-content\/uploads\/2016\/03\/jacobi_qatar16_71794-50x50.jpg 50w\" sizes=\"(max-width: 150px) 100vw, 150px\" \/><\/a>\n\t\t\t<\/div><\/figure><figure class='gallery-item'>\n\t\t\t<div class='gallery-icon landscape'>\n\t\t\t\t<a href='https:\/\/fr.motocrossmag.be\/index.php\/2016\/03\/photos-ouverture-du-championnat-mxgp-au-qatar\/jerre_qatar16_69420\/'><img decoding=\"async\" width=\"150\" height=\"150\" src=\"https:\/\/fr.motocrossmag.be\/wp-content\/uploads\/2016\/03\/jerre_qatar16_69420-150x150.jpg\" class=\"attachment-thumbnail size-thumbnail\" alt=\"\" srcset=\"https:\/\/fr.motocrossmag.be\/wp-content\/uploads\/2016\/03\/jerre_qatar16_69420-150x150.jpg 150w, https:\/\/fr.motocrossmag.be\/wp-content\/uploads\/2016\/03\/jerre_qatar16_69420-50x50.jpg 50w\" sizes=\"(max-width: 150px) 100vw, 150px\" \/><\/a>\n\t\t\t<\/div><\/figure><figure class='gallery-item'>\n\t\t\t<div class='gallery-icon landscape'>\n\t\t\t\t<a href='https:\/\/fr.motocrossmag.be\/index.php\/2016\/03\/photos-ouverture-du-championnat-mxgp-au-qatar\/jerre_qatar16_73561\/'><img decoding=\"async\" width=\"150\" height=\"150\" src=\"https:\/\/fr.motocrossmag.be\/wp-content\/uploads\/2016\/03\/jerre_qatar16_73561-150x150.jpg\" class=\"attachment-thumbnail size-thumbnail\" alt=\"\" srcset=\"https:\/\/fr.motocrossmag.be\/wp-content\/uploads\/2016\/03\/jerre_qatar16_73561-150x150.jpg 150w, https:\/\/fr.motocrossmag.be\/wp-content\/uploads\/2016\/03\/jerre_qatar16_73561-50x50.jpg 50w\" sizes=\"(max-width: 150px) 100vw, 150px\" \/><\/a>\n\t\t\t<\/div><\/figure><figure class='gallery-item'>\n\t\t\t<div class='gallery-icon landscape'>\n\t\t\t\t<a href='https:\/\/fr.motocrossmag.be\/index.php\/2016\/03\/photos-ouverture-du-championnat-mxgp-au-qatar\/jonass_qatar16_71346\/'><img decoding=\"async\" width=\"150\" height=\"150\" src=\"https:\/\/fr.motocrossmag.be\/wp-content\/uploads\/2016\/03\/jonass_qatar16_71346-150x150.jpg\" class=\"attachment-thumbnail size-thumbnail\" alt=\"\" srcset=\"https:\/\/fr.motocrossmag.be\/wp-content\/uploads\/2016\/03\/jonass_qatar16_71346-150x150.jpg 150w, https:\/\/fr.motocrossmag.be\/wp-content\/uploads\/2016\/03\/jonass_qatar16_71346-50x50.jpg 50w\" sizes=\"(max-width: 150px) 100vw, 150px\" \/><\/a>\n\t\t\t<\/div><\/figure><figure class='gallery-item'>\n\t\t\t<div class='gallery-icon landscape'>\n\t\t\t\t<a href='https:\/\/fr.motocrossmag.be\/index.php\/2016\/03\/photos-ouverture-du-championnat-mxgp-au-qatar\/lancelot_qatar16_71653\/'><img decoding=\"async\" width=\"150\" height=\"150\" src=\"https:\/\/fr.motocrossmag.be\/wp-content\/uploads\/2016\/03\/lancelot_qatar16_71653-150x150.jpg\" class=\"attachment-thumbnail size-thumbnail\" alt=\"\" srcset=\"https:\/\/fr.motocrossmag.be\/wp-content\/uploads\/2016\/03\/lancelot_qatar16_71653-150x150.jpg 150w, https:\/\/fr.motocrossmag.be\/wp-content\/uploads\/2016\/03\/lancelot_qatar16_71653-50x50.jpg 50w\" sizes=\"(max-width: 150px) 100vw, 150px\" \/><\/a>\n\t\t\t<\/div><\/figure><figure class='gallery-item'>\n\t\t\t<div class='gallery-icon landscape'>\n\t\t\t\t<a href='https:\/\/fr.motocrossmag.be\/index.php\/2016\/03\/photos-ouverture-du-championnat-mxgp-au-qatar\/lupino_qatar16_70083\/'><img decoding=\"async\" width=\"150\" height=\"150\" src=\"https:\/\/fr.motocrossmag.be\/wp-content\/uploads\/2016\/03\/lupino_qatar16_70083-150x150.jpg\" class=\"attachment-thumbnail size-thumbnail\" alt=\"\" srcset=\"https:\/\/fr.motocrossmag.be\/wp-content\/uploads\/2016\/03\/lupino_qatar16_70083-150x150.jpg 150w, https:\/\/fr.motocrossmag.be\/wp-content\/uploads\/2016\/03\/lupino_qatar16_70083-50x50.jpg 50w\" sizes=\"(max-width: 150px) 100vw, 150px\" \/><\/a>\n\t\t\t<\/div><\/figure><figure class='gallery-item'>\n\t\t\t<div class='gallery-icon landscape'>\n\t\t\t\t<a href='https:\/\/fr.motocrossmag.be\/index.php\/2016\/03\/photos-ouverture-du-championnat-mxgp-au-qatar\/monster_qatar16_71093\/'><img decoding=\"async\" width=\"150\" height=\"150\" src=\"https:\/\/fr.motocrossmag.be\/wp-content\/uploads\/2016\/03\/monster_qatar16_71093-150x150.jpg\" class=\"attachment-thumbnail size-thumbnail\" alt=\"\" srcset=\"https:\/\/fr.motocrossmag.be\/wp-content\/uploads\/2016\/03\/monster_qatar16_71093-150x150.jpg 150w, https:\/\/fr.motocrossmag.be\/wp-content\/uploads\/2016\/03\/monster_qatar16_71093-50x50.jpg 50w\" sizes=\"(max-width: 150px) 100vw, 150px\" \/><\/a>\n\t\t\t<\/div><\/figure><figure class='gallery-item'>\n\t\t\t<div class='gallery-icon landscape'>\n\t\t\t\t<a href='https:\/\/fr.motocrossmag.be\/index.php\/2016\/03\/photos-ouverture-du-championnat-mxgp-au-qatar\/monster_qatar16_72765\/'><img decoding=\"async\" width=\"150\" height=\"150\" src=\"https:\/\/fr.motocrossmag.be\/wp-content\/uploads\/2016\/03\/monster_qatar16_72765-150x150.jpg\" class=\"attachment-thumbnail size-thumbnail\" alt=\"\" srcset=\"https:\/\/fr.motocrossmag.be\/wp-content\/uploads\/2016\/03\/monster_qatar16_72765-150x150.jpg 150w, https:\/\/fr.motocrossmag.be\/wp-content\/uploads\/2016\/03\/monster_qatar16_72765-50x50.jpg 50w\" sizes=\"(max-width: 150px) 100vw, 150px\" \/><\/a>\n\t\t\t<\/div><\/figure><figure class='gallery-item'>\n\t\t\t<div class='gallery-icon landscape'>\n\t\t\t\t<a href='https:\/\/fr.motocrossmag.be\/index.php\/2016\/03\/photos-ouverture-du-championnat-mxgp-au-qatar\/nagl_qatar16_71516\/'><img decoding=\"async\" width=\"150\" height=\"150\" src=\"https:\/\/fr.motocrossmag.be\/wp-content\/uploads\/2016\/03\/nagl_qatar16_71516-150x150.jpg\" class=\"attachment-thumbnail size-thumbnail\" alt=\"\" srcset=\"https:\/\/fr.motocrossmag.be\/wp-content\/uploads\/2016\/03\/nagl_qatar16_71516-150x150.jpg 150w, https:\/\/fr.motocrossmag.be\/wp-content\/uploads\/2016\/03\/nagl_qatar16_71516-50x50.jpg 50w\" sizes=\"(max-width: 150px) 100vw, 150px\" \/><\/a>\n\t\t\t<\/div><\/figure><figure class='gallery-item'>\n\t\t\t<div class='gallery-icon landscape'>\n\t\t\t\t<a href='https:\/\/fr.motocrossmag.be\/index.php\/2016\/03\/photos-ouverture-du-championnat-mxgp-au-qatar\/nagl_qatar16_73603\/'><img decoding=\"async\" width=\"150\" height=\"150\" src=\"https:\/\/fr.motocrossmag.be\/wp-content\/uploads\/2016\/03\/nagl_qatar16_73603-150x150.jpg\" class=\"attachment-thumbnail size-thumbnail\" alt=\"\" srcset=\"https:\/\/fr.motocrossmag.be\/wp-content\/uploads\/2016\/03\/nagl_qatar16_73603-150x150.jpg 150w, https:\/\/fr.motocrossmag.be\/wp-content\/uploads\/2016\/03\/nagl_qatar16_73603-50x50.jpg 50w\" sizes=\"(max-width: 150px) 100vw, 150px\" \/><\/a>\n\t\t\t<\/div><\/figure><figure class='gallery-item'>\n\t\t\t<div class='gallery-icon landscape'>\n\t\t\t\t<a href='https:\/\/fr.motocrossmag.be\/index.php\/2016\/03\/photos-ouverture-du-championnat-mxgp-au-qatar\/ostlund_qatar16_71041\/'><img decoding=\"async\" width=\"150\" height=\"150\" src=\"https:\/\/fr.motocrossmag.be\/wp-content\/uploads\/2016\/03\/ostlund_qatar16_71041-150x150.jpg\" class=\"attachment-thumbnail size-thumbnail\" alt=\"\" srcset=\"https:\/\/fr.motocrossmag.be\/wp-content\/uploads\/2016\/03\/ostlund_qatar16_71041-150x150.jpg 150w, https:\/\/fr.motocrossmag.be\/wp-content\/uploads\/2016\/03\/ostlund_qatar16_71041-50x50.jpg 50w\" sizes=\"(max-width: 150px) 100vw, 150px\" \/><\/a>\n\t\t\t<\/div><\/figure><figure class='gallery-item'>\n\t\t\t<div class='gallery-icon landscape'>\n\t\t\t\t<a href='https:\/\/fr.motocrossmag.be\/index.php\/2016\/03\/photos-ouverture-du-championnat-mxgp-au-qatar\/paturel_qatar16_70988\/'><img decoding=\"async\" width=\"150\" height=\"150\" src=\"https:\/\/fr.motocrossmag.be\/wp-content\/uploads\/2016\/03\/paturel_qatar16_70988-150x150.jpg\" class=\"attachment-thumbnail size-thumbnail\" alt=\"\" srcset=\"https:\/\/fr.motocrossmag.be\/wp-content\/uploads\/2016\/03\/paturel_qatar16_70988-150x150.jpg 150w, https:\/\/fr.motocrossmag.be\/wp-content\/uploads\/2016\/03\/paturel_qatar16_70988-50x50.jpg 50w\" sizes=\"(max-width: 150px) 100vw, 150px\" \/><\/a>\n\t\t\t<\/div><\/figure><figure class='gallery-item'>\n\t\t\t<div class='gallery-icon landscape'>\n\t\t\t\t<a href='https:\/\/fr.motocrossmag.be\/index.php\/2016\/03\/photos-ouverture-du-championnat-mxgp-au-qatar\/paturel_qatar16_71115\/'><img decoding=\"async\" width=\"150\" height=\"150\" src=\"https:\/\/fr.motocrossmag.be\/wp-content\/uploads\/2016\/03\/paturel_qatar16_71115-150x150.jpg\" class=\"attachment-thumbnail size-thumbnail\" alt=\"\" srcset=\"https:\/\/fr.motocrossmag.be\/wp-content\/uploads\/2016\/03\/paturel_qatar16_71115-150x150.jpg 150w, https:\/\/fr.motocrossmag.be\/wp-content\/uploads\/2016\/03\/paturel_qatar16_71115-50x50.jpg 50w\" sizes=\"(max-width: 150px) 100vw, 150px\" \/><\/a>\n\t\t\t<\/div><\/figure><figure class='gallery-item'>\n\t\t\t<div class='gallery-icon landscape'>\n\t\t\t\t<a href='https:\/\/fr.motocrossmag.be\/index.php\/2016\/03\/photos-ouverture-du-championnat-mxgp-au-qatar\/paulin_qatar16_69860\/'><img decoding=\"async\" width=\"150\" height=\"150\" src=\"https:\/\/fr.motocrossmag.be\/wp-content\/uploads\/2016\/03\/paulin_qatar16_69860-150x150.jpg\" class=\"attachment-thumbnail size-thumbnail\" alt=\"\" srcset=\"https:\/\/fr.motocrossmag.be\/wp-content\/uploads\/2016\/03\/paulin_qatar16_69860-150x150.jpg 150w, https:\/\/fr.motocrossmag.be\/wp-content\/uploads\/2016\/03\/paulin_qatar16_69860-50x50.jpg 50w\" sizes=\"(max-width: 150px) 100vw, 150px\" \/><\/a>\n\t\t\t<\/div><\/figure><figure class='gallery-item'>\n\t\t\t<div class='gallery-icon landscape'>\n\t\t\t\t<a href='https:\/\/fr.motocrossmag.be\/index.php\/2016\/03\/photos-ouverture-du-championnat-mxgp-au-qatar\/paulin_qatar16_70510\/'><img decoding=\"async\" width=\"150\" height=\"150\" src=\"https:\/\/fr.motocrossmag.be\/wp-content\/uploads\/2016\/03\/paulin_qatar16_70510-150x150.jpg\" class=\"attachment-thumbnail size-thumbnail\" alt=\"\" srcset=\"https:\/\/fr.motocrossmag.be\/wp-content\/uploads\/2016\/03\/paulin_qatar16_70510-150x150.jpg 150w, https:\/\/fr.motocrossmag.be\/wp-content\/uploads\/2016\/03\/paulin_qatar16_70510-50x50.jpg 50w\" sizes=\"(max-width: 150px) 100vw, 150px\" \/><\/a>\n\t\t\t<\/div><\/figure><figure class='gallery-item'>\n\t\t\t<div class='gallery-icon landscape'>\n\t\t\t\t<a href='https:\/\/fr.motocrossmag.be\/index.php\/2016\/03\/photos-ouverture-du-championnat-mxgp-au-qatar\/petrov_qatar16_70366\/'><img decoding=\"async\" width=\"150\" height=\"150\" src=\"https:\/\/fr.motocrossmag.be\/wp-content\/uploads\/2016\/03\/petrov_qatar16_70366-150x150.jpg\" class=\"attachment-thumbnail size-thumbnail\" alt=\"\" srcset=\"https:\/\/fr.motocrossmag.be\/wp-content\/uploads\/2016\/03\/petrov_qatar16_70366-150x150.jpg 150w, https:\/\/fr.motocrossmag.be\/wp-content\/uploads\/2016\/03\/petrov_qatar16_70366-50x50.jpg 50w\" sizes=\"(max-width: 150px) 100vw, 150px\" \/><\/a>\n\t\t\t<\/div><\/figure><figure class='gallery-item'>\n\t\t\t<div class='gallery-icon landscape'>\n\t\t\t\t<a href='https:\/\/fr.motocrossmag.be\/index.php\/2016\/03\/photos-ouverture-du-championnat-mxgp-au-qatar\/potisek_qatar16_70557\/'><img decoding=\"async\" width=\"150\" height=\"150\" src=\"https:\/\/fr.motocrossmag.be\/wp-content\/uploads\/2016\/03\/potisek_qatar16_70557-150x150.jpg\" class=\"attachment-thumbnail size-thumbnail\" alt=\"\" srcset=\"https:\/\/fr.motocrossmag.be\/wp-content\/uploads\/2016\/03\/potisek_qatar16_70557-150x150.jpg 150w, https:\/\/fr.motocrossmag.be\/wp-content\/uploads\/2016\/03\/potisek_qatar16_70557-50x50.jpg 50w\" sizes=\"(max-width: 150px) 100vw, 150px\" \/><\/a>\n\t\t\t<\/div><\/figure><figure class='gallery-item'>\n\t\t\t<div class='gallery-icon landscape'>\n\t\t\t\t<a href='https:\/\/fr.motocrossmag.be\/index.php\/2016\/03\/photos-ouverture-du-championnat-mxgp-au-qatar\/rinaldi_qatar16_71550\/'><img decoding=\"async\" width=\"150\" height=\"150\" src=\"https:\/\/fr.motocrossmag.be\/wp-content\/uploads\/2016\/03\/rinaldi_qatar16_71550-150x150.jpg\" class=\"attachment-thumbnail size-thumbnail\" alt=\"\" srcset=\"https:\/\/fr.motocrossmag.be\/wp-content\/uploads\/2016\/03\/rinaldi_qatar16_71550-150x150.jpg 150w, https:\/\/fr.motocrossmag.be\/wp-content\/uploads\/2016\/03\/rinaldi_qatar16_71550-50x50.jpg 50w\" sizes=\"(max-width: 150px) 100vw, 150px\" \/><\/a>\n\t\t\t<\/div><\/figure><figure class='gallery-item'>\n\t\t\t<div class='gallery-icon landscape'>\n\t\t\t\t<a href='https:\/\/fr.motocrossmag.be\/index.php\/2016\/03\/photos-ouverture-du-championnat-mxgp-au-qatar\/searle_qatar16_70961\/'><img decoding=\"async\" width=\"150\" height=\"150\" src=\"https:\/\/fr.motocrossmag.be\/wp-content\/uploads\/2016\/03\/searle_qatar16_70961-150x150.jpg\" class=\"attachment-thumbnail size-thumbnail\" alt=\"\" srcset=\"https:\/\/fr.motocrossmag.be\/wp-content\/uploads\/2016\/03\/searle_qatar16_70961-150x150.jpg 150w, https:\/\/fr.motocrossmag.be\/wp-content\/uploads\/2016\/03\/searle_qatar16_70961-50x50.jpg 50w\" sizes=\"(max-width: 150px) 100vw, 150px\" \/><\/a>\n\t\t\t<\/div><\/figure><figure class='gallery-item'>\n\t\t\t<div class='gallery-icon landscape'>\n\t\t\t\t<a href='https:\/\/fr.motocrossmag.be\/index.php\/2016\/03\/photos-ouverture-du-championnat-mxgp-au-qatar\/seewer_qatar16_72273\/'><img decoding=\"async\" width=\"150\" height=\"150\" src=\"https:\/\/fr.motocrossmag.be\/wp-content\/uploads\/2016\/03\/seewer_qatar16_72273-150x150.jpg\" class=\"attachment-thumbnail size-thumbnail\" alt=\"\" srcset=\"https:\/\/fr.motocrossmag.be\/wp-content\/uploads\/2016\/03\/seewer_qatar16_72273-150x150.jpg 150w, https:\/\/fr.motocrossmag.be\/wp-content\/uploads\/2016\/03\/seewer_qatar16_72273-50x50.jpg 50w\" sizes=\"(max-width: 150px) 100vw, 150px\" \/><\/a>\n\t\t\t<\/div><\/figure><figure class='gallery-item'>\n\t\t\t<div class='gallery-icon landscape'>\n\t\t\t\t<a href='https:\/\/fr.motocrossmag.be\/index.php\/2016\/03\/photos-ouverture-du-championnat-mxgp-au-qatar\/simpson_qatar16_69799\/'><img decoding=\"async\" width=\"150\" height=\"150\" src=\"https:\/\/fr.motocrossmag.be\/wp-content\/uploads\/2016\/03\/simpson_qatar16_69799-150x150.jpg\" class=\"attachment-thumbnail size-thumbnail\" alt=\"\" srcset=\"https:\/\/fr.motocrossmag.be\/wp-content\/uploads\/2016\/03\/simpson_qatar16_69799-150x150.jpg 150w, https:\/\/fr.motocrossmag.be\/wp-content\/uploads\/2016\/03\/simpson_qatar16_69799-50x50.jpg 50w\" sizes=\"(max-width: 150px) 100vw, 150px\" \/><\/a>\n\t\t\t<\/div><\/figure><figure class='gallery-item'>\n\t\t\t<div class='gallery-icon landscape'>\n\t\t\t\t<a href='https:\/\/fr.motocrossmag.be\/index.php\/2016\/03\/photos-ouverture-du-championnat-mxgp-au-qatar\/snow_qatar16_71928\/'><img decoding=\"async\" width=\"150\" height=\"150\" src=\"https:\/\/fr.motocrossmag.be\/wp-content\/uploads\/2016\/03\/snow_qatar16_71928-150x150.jpg\" class=\"attachment-thumbnail size-thumbnail\" alt=\"\" srcset=\"https:\/\/fr.motocrossmag.be\/wp-content\/uploads\/2016\/03\/snow_qatar16_71928-150x150.jpg 150w, https:\/\/fr.motocrossmag.be\/wp-content\/uploads\/2016\/03\/snow_qatar16_71928-50x50.jpg 50w\" sizes=\"(max-width: 150px) 100vw, 150px\" \/><\/a>\n\t\t\t<\/div><\/figure><figure class='gallery-item'>\n\t\t\t<div class='gallery-icon landscape'>\n\t\t\t\t<a href='https:\/\/fr.motocrossmag.be\/index.php\/2016\/03\/photos-ouverture-du-championnat-mxgp-au-qatar\/start_mx2_qatar16_71106\/'><img decoding=\"async\" width=\"150\" height=\"150\" src=\"https:\/\/fr.motocrossmag.be\/wp-content\/uploads\/2016\/03\/start_mx2_qatar16_71106-150x150.jpg\" class=\"attachment-thumbnail size-thumbnail\" alt=\"\" srcset=\"https:\/\/fr.motocrossmag.be\/wp-content\/uploads\/2016\/03\/start_mx2_qatar16_71106-150x150.jpg 150w, https:\/\/fr.motocrossmag.be\/wp-content\/uploads\/2016\/03\/start_mx2_qatar16_71106-50x50.jpg 50w\" sizes=\"(max-width: 150px) 100vw, 150px\" \/><\/a>\n\t\t\t<\/div><\/figure><figure class='gallery-item'>\n\t\t\t<div class='gallery-icon landscape'>\n\t\t\t\t<a href='https:\/\/fr.motocrossmag.be\/index.php\/2016\/03\/photos-ouverture-du-championnat-mxgp-au-qatar\/start_qatar16_72517\/'><img decoding=\"async\" width=\"150\" height=\"150\" src=\"https:\/\/fr.motocrossmag.be\/wp-content\/uploads\/2016\/03\/Start_qatar16_72517-150x150.jpg\" class=\"attachment-thumbnail size-thumbnail\" alt=\"\" srcset=\"https:\/\/fr.motocrossmag.be\/wp-content\/uploads\/2016\/03\/Start_qatar16_72517-150x150.jpg 150w, https:\/\/fr.motocrossmag.be\/wp-content\/uploads\/2016\/03\/Start_qatar16_72517-50x50.jpg 50w\" sizes=\"(max-width: 150px) 100vw, 150px\" \/><\/a>\n\t\t\t<\/div><\/figure><figure class='gallery-item'>\n\t\t\t<div class='gallery-icon landscape'>\n\t\t\t\t<a href='https:\/\/fr.motocrossmag.be\/index.php\/2016\/03\/photos-ouverture-du-championnat-mxgp-au-qatar\/strijbos_qatar16_70463\/'><img decoding=\"async\" width=\"150\" height=\"150\" src=\"https:\/\/fr.motocrossmag.be\/wp-content\/uploads\/2016\/03\/strijbos_qatar16_70463-150x150.jpg\" class=\"attachment-thumbnail size-thumbnail\" alt=\"\" srcset=\"https:\/\/fr.motocrossmag.be\/wp-content\/uploads\/2016\/03\/strijbos_qatar16_70463-150x150.jpg 150w, https:\/\/fr.motocrossmag.be\/wp-content\/uploads\/2016\/03\/strijbos_qatar16_70463-50x50.jpg 50w\" sizes=\"(max-width: 150px) 100vw, 150px\" \/><\/a>\n\t\t\t<\/div><\/figure><figure class='gallery-item'>\n\t\t\t<div class='gallery-icon landscape'>\n\t\t\t\t<a href='https:\/\/fr.motocrossmag.be\/index.php\/2016\/03\/photos-ouverture-du-championnat-mxgp-au-qatar\/tonkov_qatar16_73321\/'><img decoding=\"async\" width=\"150\" height=\"150\" src=\"https:\/\/fr.motocrossmag.be\/wp-content\/uploads\/2016\/03\/tonkov_qatar16_73321-150x150.jpg\" class=\"attachment-thumbnail size-thumbnail\" alt=\"\" srcset=\"https:\/\/fr.motocrossmag.be\/wp-content\/uploads\/2016\/03\/tonkov_qatar16_73321-150x150.jpg 150w, https:\/\/fr.motocrossmag.be\/wp-content\/uploads\/2016\/03\/tonkov_qatar16_73321-50x50.jpg 50w\" sizes=\"(max-width: 150px) 100vw, 150px\" \/><\/a>\n\t\t\t<\/div><\/figure><figure class='gallery-item'>\n\t\t\t<div class='gallery-icon landscape'>\n\t\t\t\t<a href='https:\/\/fr.motocrossmag.be\/index.php\/2016\/03\/photos-ouverture-du-championnat-mxgp-au-qatar\/townley_qatar16_71511\/'><img decoding=\"async\" width=\"150\" height=\"150\" src=\"https:\/\/fr.motocrossmag.be\/wp-content\/uploads\/2016\/03\/townley_qatar16_71511-150x150.jpg\" class=\"attachment-thumbnail size-thumbnail\" alt=\"\" srcset=\"https:\/\/fr.motocrossmag.be\/wp-content\/uploads\/2016\/03\/townley_qatar16_71511-150x150.jpg 150w, https:\/\/fr.motocrossmag.be\/wp-content\/uploads\/2016\/03\/townley_qatar16_71511-50x50.jpg 50w\" sizes=\"(max-width: 150px) 100vw, 150px\" \/><\/a>\n\t\t\t<\/div><\/figure><figure class='gallery-item'>\n\t\t\t<div class='gallery-icon landscape'>\n\t\t\t\t<a href='https:\/\/fr.motocrossmag.be\/index.php\/2016\/03\/photos-ouverture-du-championnat-mxgp-au-qatar\/townley_qatar16_71724\/'><img decoding=\"async\" width=\"150\" height=\"150\" src=\"https:\/\/fr.motocrossmag.be\/wp-content\/uploads\/2016\/03\/townley_qatar16_71724-150x150.jpg\" class=\"attachment-thumbnail size-thumbnail\" alt=\"\" srcset=\"https:\/\/fr.motocrossmag.be\/wp-content\/uploads\/2016\/03\/townley_qatar16_71724-150x150.jpg 150w, https:\/\/fr.motocrossmag.be\/wp-content\/uploads\/2016\/03\/townley_qatar16_71724-50x50.jpg 50w\" sizes=\"(max-width: 150px) 100vw, 150px\" \/><\/a>\n\t\t\t<\/div><\/figure><figure class='gallery-item'>\n\t\t\t<div class='gallery-icon landscape'>\n\t\t\t\t<a href='https:\/\/fr.motocrossmag.be\/index.php\/2016\/03\/photos-ouverture-du-championnat-mxgp-au-qatar\/vandoninck_qatar16_71047\/'><img decoding=\"async\" width=\"150\" height=\"150\" src=\"https:\/\/fr.motocrossmag.be\/wp-content\/uploads\/2016\/03\/vandoninck_qatar16_71047-150x150.jpg\" class=\"attachment-thumbnail size-thumbnail\" alt=\"\" srcset=\"https:\/\/fr.motocrossmag.be\/wp-content\/uploads\/2016\/03\/vandoninck_qatar16_71047-150x150.jpg 150w, https:\/\/fr.motocrossmag.be\/wp-content\/uploads\/2016\/03\/vandoninck_qatar16_71047-50x50.jpg 50w\" sizes=\"(max-width: 150px) 100vw, 150px\" \/><\/a>\n\t\t\t<\/div><\/figure><figure class='gallery-item'>\n\t\t\t<div class='gallery-icon landscape'>\n\t\t\t\t<a href='https:\/\/fr.motocrossmag.be\/index.php\/2016\/03\/photos-ouverture-du-championnat-mxgp-au-qatar\/vandoninck_qatar16_72420\/'><img decoding=\"async\" width=\"150\" height=\"150\" src=\"https:\/\/fr.motocrossmag.be\/wp-content\/uploads\/2016\/03\/vandoninck_qatar16_72420-150x150.jpg\" class=\"attachment-thumbnail size-thumbnail\" alt=\"\" srcset=\"https:\/\/fr.motocrossmag.be\/wp-content\/uploads\/2016\/03\/vandoninck_qatar16_72420-150x150.jpg 150w, https:\/\/fr.motocrossmag.be\/wp-content\/uploads\/2016\/03\/vandoninck_qatar16_72420-50x50.jpg 50w\" sizes=\"(max-width: 150px) 100vw, 150px\" \/><\/a>\n\t\t\t<\/div><\/figure><figure class='gallery-item'>\n\t\t\t<div class='gallery-icon landscape'>\n\t\t\t\t<a href='https:\/\/fr.motocrossmag.be\/index.php\/2016\/03\/photos-ouverture-du-championnat-mxgp-au-qatar\/verstappen_qatar16_70208\/'><img decoding=\"async\" width=\"150\" height=\"150\" src=\"https:\/\/fr.motocrossmag.be\/wp-content\/uploads\/2016\/03\/verstappen_qatar16_70208-150x150.jpg\" class=\"attachment-thumbnail size-thumbnail\" alt=\"\" srcset=\"https:\/\/fr.motocrossmag.be\/wp-content\/uploads\/2016\/03\/verstappen_qatar16_70208-150x150.jpg 150w, https:\/\/fr.motocrossmag.be\/wp-content\/uploads\/2016\/03\/verstappen_qatar16_70208-50x50.jpg 50w\" sizes=\"(max-width: 150px) 100vw, 150px\" \/><\/a>\n\t\t\t<\/div><\/figure><figure class='gallery-item'>\n\t\t\t<div class='gallery-icon landscape'>\n\t\t\t\t<a href='https:\/\/fr.motocrossmag.be\/index.php\/2016\/03\/photos-ouverture-du-championnat-mxgp-au-qatar\/yamamoto_qatar16_70945\/'><img decoding=\"async\" width=\"150\" height=\"150\" src=\"https:\/\/fr.motocrossmag.be\/wp-content\/uploads\/2016\/03\/yamamoto_qatar16_70945-150x150.jpg\" class=\"attachment-thumbnail size-thumbnail\" alt=\"\" srcset=\"https:\/\/fr.motocrossmag.be\/wp-content\/uploads\/2016\/03\/yamamoto_qatar16_70945-150x150.jpg 150w, https:\/\/fr.motocrossmag.be\/wp-content\/uploads\/2016\/03\/yamamoto_qatar16_70945-50x50.jpg 50w\" sizes=\"(max-width: 150px) 100vw, 150px\" \/><\/a>\n\t\t\t<\/div><\/figure>\n\t\t<\/div>\n\n","protected":false},"excerpt":{"rendered":"<p>Le GP de Losail est toujours particulier. Non seulement parce qu&rsquo;il s&rsquo;agit du premier GP de la saison et qu&rsquo;il est l&rsquo;occasion d&rsquo;avoir un premier aper\u00e7u de la hi\u00e9rarchie dans les deux cat\u00e9gories phares du motocross mondial mais aussi parce qu&rsquo;il est disput\u00e9 en nocturne sur une piste artificielle install\u00e9e dans l&rsquo;enceinte du circuit de [&hellip;]<\/p>\n","protected":false},"author":932,"featured_media":43578,"comment_status":"open","ping_status":"closed","sticky":false,"template":"","format":"standard","meta":{"tdm_status":"","tdm_grid_status":"","footnotes":""},"categories":[54,4,6,5,55,66,65],"tags":[],"class_list":["post-43500","post","type-post","status-publish","format-standard","has-post-thumbnail","category-actualite","category-motocross","category-mx1mx2","category-news","category-news-actualite","category-photos","category-slideshow"],"yoast_head":"<!-- This site is optimized with the Yoast SEO plugin v28.3 - https:\/\/yoast.com\/product\/yoast-seo-wordpress\/ -->\n<title>Photos: ouverture du championnat MXGP au Qatar - Motocross - Enduro - Supermoto | MotocrossMag<\/title>\n<meta name=\"robots\" content=\"index, follow, max-snippet:-1, max-image-preview:large, max-video-preview:-1\" \/>\n<link rel=\"canonical\" href=\"https:\/\/fr.motocrossmag.be\/index.php\/2016\/03\/photos-ouverture-du-championnat-mxgp-au-qatar\/\" \/>\n<meta property=\"og:locale\" content=\"fr_FR\" \/>\n<meta property=\"og:type\" content=\"article\" \/>\n<meta property=\"og:title\" content=\"Photos: ouverture du championnat MXGP au Qatar - Motocross - Enduro - Supermoto | MotocrossMag\" \/>\n<meta property=\"og:description\" content=\"Le GP de Losail est toujours particulier. Non seulement parce qu&rsquo;il s&rsquo;agit du premier GP de la saison et qu&rsquo;il est l&rsquo;occasion d&rsquo;avoir un premier aper\u00e7u de la hi\u00e9rarchie dans les deux cat\u00e9gories phares du motocross mondial mais aussi parce qu&rsquo;il est disput\u00e9 en nocturne sur une piste artificielle install\u00e9e dans l&rsquo;enceinte du circuit de [&hellip;]\" \/>\n<meta property=\"og:url\" content=\"https:\/\/fr.motocrossmag.be\/index.php\/2016\/03\/photos-ouverture-du-championnat-mxgp-au-qatar\/\" \/>\n<meta property=\"og:site_name\" content=\"Motocross - Enduro - Supermoto | MotocrossMag\" \/>\n<meta property=\"article:published_time\" content=\"2016-03-01T09:18:00+00:00\" \/>\n<meta property=\"og:image\" content=\"https:\/\/fr.motocrossmag.be\/wp-content\/uploads\/2016\/03\/qatar_gal_illu.jpg\" \/>\n\t<meta property=\"og:image:width\" content=\"1200\" \/>\n\t<meta property=\"og:image:height\" content=\"800\" \/>\n\t<meta property=\"og:image:type\" content=\"image\/jpeg\" \/>\n<meta name=\"author\" content=\"oliviere\" \/>\n<meta name=\"twitter:card\" content=\"summary_large_image\" \/>\n<meta name=\"twitter:label1\" content=\"\u00c9crit par\" \/>\n\t<meta name=\"twitter:data1\" content=\"oliviere\" \/>\n<script type=\"application\/ld+json\" class=\"yoast-schema-graph\">{\"@context\":\"https:\\\/\\\/schema.org\",\"@graph\":[{\"@type\":\"Article\",\"@id\":\"https:\\\/\\\/fr.motocrossmag.be\\\/index.php\\\/2016\\\/03\\\/photos-ouverture-du-championnat-mxgp-au-qatar\\\/#article\",\"isPartOf\":{\"@id\":\"https:\\\/\\\/fr.motocrossmag.be\\\/index.php\\\/2016\\\/03\\\/photos-ouverture-du-championnat-mxgp-au-qatar\\\/\"},\"author\":{\"name\":\"oliviere\",\"@id\":\"https:\\\/\\\/fr.motocrossmag.be\\\/#\\\/schema\\\/person\\\/11b47143d9f755babca2c9110e03235c\"},\"headline\":\"Photos: ouverture du championnat MXGP au Qatar\",\"datePublished\":\"2016-03-01T09:18:00+00:00\",\"mainEntityOfPage\":{\"@id\":\"https:\\\/\\\/fr.motocrossmag.be\\\/index.php\\\/2016\\\/03\\\/photos-ouverture-du-championnat-mxgp-au-qatar\\\/\"},\"wordCount\":91,\"commentCount\":0,\"image\":{\"@id\":\"https:\\\/\\\/fr.motocrossmag.be\\\/index.php\\\/2016\\\/03\\\/photos-ouverture-du-championnat-mxgp-au-qatar\\\/#primaryimage\"},\"thumbnailUrl\":\"https:\\\/\\\/fr.motocrossmag.be\\\/wp-content\\\/uploads\\\/2016\\\/03\\\/qatar_gal_illu.jpg\",\"articleSection\":[\"Actualit\u00e9\",\"Motocross\",\"Motocross MXGP\",\"News\",\"News\",\"Photos\",\"Slideshow\"],\"inLanguage\":\"fr-FR\",\"potentialAction\":[{\"@type\":\"CommentAction\",\"name\":\"Comment\",\"target\":[\"https:\\\/\\\/fr.motocrossmag.be\\\/index.php\\\/2016\\\/03\\\/photos-ouverture-du-championnat-mxgp-au-qatar\\\/#respond\"]}]},{\"@type\":\"WebPage\",\"@id\":\"https:\\\/\\\/fr.motocrossmag.be\\\/index.php\\\/2016\\\/03\\\/photos-ouverture-du-championnat-mxgp-au-qatar\\\/\",\"url\":\"https:\\\/\\\/fr.motocrossmag.be\\\/index.php\\\/2016\\\/03\\\/photos-ouverture-du-championnat-mxgp-au-qatar\\\/\",\"name\":\"Photos: ouverture du championnat MXGP au Qatar - Motocross - Enduro - Supermoto | MotocrossMag\",\"isPartOf\":{\"@id\":\"https:\\\/\\\/fr.motocrossmag.be\\\/#website\"},\"primaryImageOfPage\":{\"@id\":\"https:\\\/\\\/fr.motocrossmag.be\\\/index.php\\\/2016\\\/03\\\/photos-ouverture-du-championnat-mxgp-au-qatar\\\/#primaryimage\"},\"image\":{\"@id\":\"https:\\\/\\\/fr.motocrossmag.be\\\/index.php\\\/2016\\\/03\\\/photos-ouverture-du-championnat-mxgp-au-qatar\\\/#primaryimage\"},\"thumbnailUrl\":\"https:\\\/\\\/fr.motocrossmag.be\\\/wp-content\\\/uploads\\\/2016\\\/03\\\/qatar_gal_illu.jpg\",\"datePublished\":\"2016-03-01T09:18:00+00:00\",\"author\":{\"@id\":\"https:\\\/\\\/fr.motocrossmag.be\\\/#\\\/schema\\\/person\\\/11b47143d9f755babca2c9110e03235c\"},\"breadcrumb\":{\"@id\":\"https:\\\/\\\/fr.motocrossmag.be\\\/index.php\\\/2016\\\/03\\\/photos-ouverture-du-championnat-mxgp-au-qatar\\\/#breadcrumb\"},\"inLanguage\":\"fr-FR\",\"potentialAction\":[{\"@type\":\"ReadAction\",\"target\":[\"https:\\\/\\\/fr.motocrossmag.be\\\/index.php\\\/2016\\\/03\\\/photos-ouverture-du-championnat-mxgp-au-qatar\\\/\"]}]},{\"@type\":\"ImageObject\",\"inLanguage\":\"fr-FR\",\"@id\":\"https:\\\/\\\/fr.motocrossmag.be\\\/index.php\\\/2016\\\/03\\\/photos-ouverture-du-championnat-mxgp-au-qatar\\\/#primaryimage\",\"url\":\"https:\\\/\\\/fr.motocrossmag.be\\\/wp-content\\\/uploads\\\/2016\\\/03\\\/qatar_gal_illu.jpg\",\"contentUrl\":\"https:\\\/\\\/fr.motocrossmag.be\\\/wp-content\\\/uploads\\\/2016\\\/03\\\/qatar_gal_illu.jpg\",\"width\":1200,\"height\":800},{\"@type\":\"BreadcrumbList\",\"@id\":\"https:\\\/\\\/fr.motocrossmag.be\\\/index.php\\\/2016\\\/03\\\/photos-ouverture-du-championnat-mxgp-au-qatar\\\/#breadcrumb\",\"itemListElement\":[{\"@type\":\"ListItem\",\"position\":1,\"name\":\"Accueil\",\"item\":\"https:\\\/\\\/fr.motocrossmag.be\\\/\"},{\"@type\":\"ListItem\",\"position\":2,\"name\":\"Photos: ouverture du championnat MXGP au Qatar\"}]},{\"@type\":\"WebSite\",\"@id\":\"https:\\\/\\\/fr.motocrossmag.be\\\/#website\",\"url\":\"https:\\\/\\\/fr.motocrossmag.be\\\/\",\"name\":\"Motocross - Enduro - Supermoto | MotocrossMag\",\"description\":\"L&#039;actualit\u00e9 du motocross, de l&#039;enduro et du Supermoto en ligne!\",\"potentialAction\":[{\"@type\":\"SearchAction\",\"target\":{\"@type\":\"EntryPoint\",\"urlTemplate\":\"https:\\\/\\\/fr.motocrossmag.be\\\/?s={search_term_string}\"},\"query-input\":{\"@type\":\"PropertyValueSpecification\",\"valueRequired\":true,\"valueName\":\"search_term_string\"}}],\"inLanguage\":\"fr-FR\"},{\"@type\":\"Person\",\"@id\":\"https:\\\/\\\/fr.motocrossmag.be\\\/#\\\/schema\\\/person\\\/11b47143d9f755babca2c9110e03235c\",\"name\":\"oliviere\",\"image\":{\"@type\":\"ImageObject\",\"inLanguage\":\"fr-FR\",\"@id\":\"https:\\\/\\\/secure.gravatar.com\\\/avatar\\\/907069e0b81d119452040469e4a7501da1100f54f7f80180ce77bfab718288f6?s=96&d=mm&r=g\",\"url\":\"https:\\\/\\\/secure.gravatar.com\\\/avatar\\\/907069e0b81d119452040469e4a7501da1100f54f7f80180ce77bfab718288f6?s=96&d=mm&r=g\",\"contentUrl\":\"https:\\\/\\\/secure.gravatar.com\\\/avatar\\\/907069e0b81d119452040469e4a7501da1100f54f7f80180ce77bfab718288f6?s=96&d=mm&r=g\",\"caption\":\"oliviere\"},\"sameAs\":[\"http:\\\/\\\/www.motocrossmag.be\"],\"url\":\"https:\\\/\\\/fr.motocrossmag.be\\\/index.php\\\/author\\\/oliviere\\\/\"}]}<\/script>\n<!-- \/ Yoast SEO plugin. -->","yoast_head_json":{"title":"Photos: ouverture du championnat MXGP au Qatar - Motocross - Enduro - Supermoto | MotocrossMag","robots":{"index":"index","follow":"follow","max-snippet":"max-snippet:-1","max-image-preview":"max-image-preview:large","max-video-preview":"max-video-preview:-1"},"canonical":"https:\/\/fr.motocrossmag.be\/index.php\/2016\/03\/photos-ouverture-du-championnat-mxgp-au-qatar\/","og_locale":"fr_FR","og_type":"article","og_title":"Photos: ouverture du championnat MXGP au Qatar - Motocross - Enduro - Supermoto | MotocrossMag","og_description":"Le GP de Losail est toujours particulier. Non seulement parce qu&rsquo;il s&rsquo;agit du premier GP de la saison et qu&rsquo;il est l&rsquo;occasion d&rsquo;avoir un premier aper\u00e7u de la hi\u00e9rarchie dans les deux cat\u00e9gories phares du motocross mondial mais aussi parce qu&rsquo;il est disput\u00e9 en nocturne sur une piste artificielle install\u00e9e dans l&rsquo;enceinte du circuit de [&hellip;]","og_url":"https:\/\/fr.motocrossmag.be\/index.php\/2016\/03\/photos-ouverture-du-championnat-mxgp-au-qatar\/","og_site_name":"Motocross - Enduro - Supermoto | MotocrossMag","article_published_time":"2016-03-01T09:18:00+00:00","og_image":[{"width":1200,"height":800,"url":"https:\/\/fr.motocrossmag.be\/wp-content\/uploads\/2016\/03\/qatar_gal_illu.jpg","type":"image\/jpeg"}],"author":"oliviere","twitter_card":"summary_large_image","twitter_misc":{"\u00c9crit par":"oliviere"},"schema":{"@context":"https:\/\/schema.org","@graph":[{"@type":"Article","@id":"https:\/\/fr.motocrossmag.be\/index.php\/2016\/03\/photos-ouverture-du-championnat-mxgp-au-qatar\/#article","isPartOf":{"@id":"https:\/\/fr.motocrossmag.be\/index.php\/2016\/03\/photos-ouverture-du-championnat-mxgp-au-qatar\/"},"author":{"name":"oliviere","@id":"https:\/\/fr.motocrossmag.be\/#\/schema\/person\/11b47143d9f755babca2c9110e03235c"},"headline":"Photos: ouverture du championnat MXGP au Qatar","datePublished":"2016-03-01T09:18:00+00:00","mainEntityOfPage":{"@id":"https:\/\/fr.motocrossmag.be\/index.php\/2016\/03\/photos-ouverture-du-championnat-mxgp-au-qatar\/"},"wordCount":91,"commentCount":0,"image":{"@id":"https:\/\/fr.motocrossmag.be\/index.php\/2016\/03\/photos-ouverture-du-championnat-mxgp-au-qatar\/#primaryimage"},"thumbnailUrl":"https:\/\/fr.motocrossmag.be\/wp-content\/uploads\/2016\/03\/qatar_gal_illu.jpg","articleSection":["Actualit\u00e9","Motocross","Motocross MXGP","News","News","Photos","Slideshow"],"inLanguage":"fr-FR","potentialAction":[{"@type":"CommentAction","name":"Comment","target":["https:\/\/fr.motocrossmag.be\/index.php\/2016\/03\/photos-ouverture-du-championnat-mxgp-au-qatar\/#respond"]}]},{"@type":"WebPage","@id":"https:\/\/fr.motocrossmag.be\/index.php\/2016\/03\/photos-ouverture-du-championnat-mxgp-au-qatar\/","url":"https:\/\/fr.motocrossmag.be\/index.php\/2016\/03\/photos-ouverture-du-championnat-mxgp-au-qatar\/","name":"Photos: ouverture du championnat MXGP au Qatar - Motocross - Enduro - Supermoto | MotocrossMag","isPartOf":{"@id":"https:\/\/fr.motocrossmag.be\/#website"},"primaryImageOfPage":{"@id":"https:\/\/fr.motocrossmag.be\/index.php\/2016\/03\/photos-ouverture-du-championnat-mxgp-au-qatar\/#primaryimage"},"image":{"@id":"https:\/\/fr.motocrossmag.be\/index.php\/2016\/03\/photos-ouverture-du-championnat-mxgp-au-qatar\/#primaryimage"},"thumbnailUrl":"https:\/\/fr.motocrossmag.be\/wp-content\/uploads\/2016\/03\/qatar_gal_illu.jpg","datePublished":"2016-03-01T09:18:00+00:00","author":{"@id":"https:\/\/fr.motocrossmag.be\/#\/schema\/person\/11b47143d9f755babca2c9110e03235c"},"breadcrumb":{"@id":"https:\/\/fr.motocrossmag.be\/index.php\/2016\/03\/photos-ouverture-du-championnat-mxgp-au-qatar\/#breadcrumb"},"inLanguage":"fr-FR","potentialAction":[{"@type":"ReadAction","target":["https:\/\/fr.motocrossmag.be\/index.php\/2016\/03\/photos-ouverture-du-championnat-mxgp-au-qatar\/"]}]},{"@type":"ImageObject","inLanguage":"fr-FR","@id":"https:\/\/fr.motocrossmag.be\/index.php\/2016\/03\/photos-ouverture-du-championnat-mxgp-au-qatar\/#primaryimage","url":"https:\/\/fr.motocrossmag.be\/wp-content\/uploads\/2016\/03\/qatar_gal_illu.jpg","contentUrl":"https:\/\/fr.motocrossmag.be\/wp-content\/uploads\/2016\/03\/qatar_gal_illu.jpg","width":1200,"height":800},{"@type":"BreadcrumbList","@id":"https:\/\/fr.motocrossmag.be\/index.php\/2016\/03\/photos-ouverture-du-championnat-mxgp-au-qatar\/#breadcrumb","itemListElement":[{"@type":"ListItem","position":1,"name":"Accueil","item":"https:\/\/fr.motocrossmag.be\/"},{"@type":"ListItem","position":2,"name":"Photos: ouverture du championnat MXGP au Qatar"}]},{"@type":"WebSite","@id":"https:\/\/fr.motocrossmag.be\/#website","url":"https:\/\/fr.motocrossmag.be\/","name":"Motocross - Enduro - Supermoto | MotocrossMag","description":"L&#039;actualit\u00e9 du motocross, de l&#039;enduro et du Supermoto en ligne!","potentialAction":[{"@type":"SearchAction","target":{"@type":"EntryPoint","urlTemplate":"https:\/\/fr.motocrossmag.be\/?s={search_term_string}"},"query-input":{"@type":"PropertyValueSpecification","valueRequired":true,"valueName":"search_term_string"}}],"inLanguage":"fr-FR"},{"@type":"Person","@id":"https:\/\/fr.motocrossmag.be\/#\/schema\/person\/11b47143d9f755babca2c9110e03235c","name":"oliviere","image":{"@type":"ImageObject","inLanguage":"fr-FR","@id":"https:\/\/secure.gravatar.com\/avatar\/907069e0b81d119452040469e4a7501da1100f54f7f80180ce77bfab718288f6?s=96&d=mm&r=g","url":"https:\/\/secure.gravatar.com\/avatar\/907069e0b81d119452040469e4a7501da1100f54f7f80180ce77bfab718288f6?s=96&d=mm&r=g","contentUrl":"https:\/\/secure.gravatar.com\/avatar\/907069e0b81d119452040469e4a7501da1100f54f7f80180ce77bfab718288f6?s=96&d=mm&r=g","caption":"oliviere"},"sameAs":["http:\/\/www.motocrossmag.be"],"url":"https:\/\/fr.motocrossmag.be\/index.php\/author\/oliviere\/"}]}},"_links":{"self":[{"href":"https:\/\/fr.motocrossmag.be\/index.php\/wp-json\/wp\/v2\/posts\/43500","targetHints":{"allow":["GET"]}}],"collection":[{"href":"https:\/\/fr.motocrossmag.be\/index.php\/wp-json\/wp\/v2\/posts"}],"about":[{"href":"https:\/\/fr.motocrossmag.be\/index.php\/wp-json\/wp\/v2\/types\/post"}],"author":[{"embeddable":true,"href":"https:\/\/fr.motocrossmag.be\/index.php\/wp-json\/wp\/v2\/users\/932"}],"replies":[{"embeddable":true,"href":"https:\/\/fr.motocrossmag.be\/index.php\/wp-json\/wp\/v2\/comments?post=43500"}],"version-history":[{"count":1,"href":"https:\/\/fr.motocrossmag.be\/index.php\/wp-json\/wp\/v2\/posts\/43500\/revisions"}],"predecessor-version":[{"id":43579,"href":"https:\/\/fr.motocrossmag.be\/index.php\/wp-json\/wp\/v2\/posts\/43500\/revisions\/43579"}],"wp:featuredmedia":[{"embeddable":true,"href":"https:\/\/fr.motocrossmag.be\/index.php\/wp-json\/wp\/v2\/media\/43578"}],"wp:attachment":[{"href":"https:\/\/fr.motocrossmag.be\/index.php\/wp-json\/wp\/v2\/media?parent=43500"}],"wp:term":[{"taxonomy":"category","embeddable":true,"href":"https:\/\/fr.motocrossmag.be\/index.php\/wp-json\/wp\/v2\/categories?post=43500"},{"taxonomy":"post_tag","embeddable":true,"href":"https:\/\/fr.motocrossmag.be\/index.php\/wp-json\/wp\/v2\/tags?post=43500"}],"curies":[{"name":"wp","href":"https:\/\/api.w.org\/{rel}","templated":true}]}}