{"id":44777,"date":"2016-04-05T18:05:53","date_gmt":"2016-04-05T16:05:53","guid":{"rendered":"http:\/\/fr.motocrossmag.be\/?p=44777"},"modified":"2016-04-05T18:05:53","modified_gmt":"2016-04-05T16:05:53","slug":"le-red-bull-x-fighters-tour-pour-la-15eme-fois-a-madrid","status":"publish","type":"post","link":"https:\/\/fr.motocrossmag.be\/index.php\/2016\/04\/le-red-bull-x-fighters-tour-pour-la-15eme-fois-a-madrid\/","title":{"rendered":"Le Red Bull X-Fighters Tour pour la 15\u00e8me fois \u00e0 Madrid"},"content":{"rendered":"<p><strong>L\u2019\u00e9lite mondiale du Freestyle Motocross se retrouvera le 24 juin prochain sur la c\u00e9l\u00e8bre Plaza de Toros de Las Ventas, \u00e0 Madrid, \u00e0 l\u2019occasion d\u2019un spectaculaire \u00e9v\u00e9nement Red Bull X-Fighters qui marquera le 15e anniversaire des comp\u00e9titions de FMX organis\u00e9es dans la capitale espagnole.<\/strong><\/p>\n<p>MADRID (Espagne). L\u2019Australien Clinton Moore, sacr\u00e9 champion du monde en 2015, sera de retour sur le sable de la c\u00e9l\u00e8bre ar\u00e8ne pour affronter le Fran\u00e7ais Tom Pag\u00e8s, vainqueur de trois \u00e9preuves madril\u00e8nes, ainsi que toute la s\u00e9lection compos\u00e9e d\u2019anciens champions et de l\u00e9gendes de la discipline, qui ont bien l\u2019intention de remporter l\u2019unique \u00e9v\u00e9nement Red Bull X-Fighters de l\u2019ann\u00e9e 2016. L\u2019\u00e9v\u00e9nement Red Bull X-Fighters est la comp\u00e9tition de FMX la plus prestigieuse du monde. Les riders ex\u00e9cutent sur leurs engins des figures qui d\u00e9fient toutes les lois de la gravit\u00e9, s\u2019\u00e9lan\u00e7ant \u00e0 pleine vitesse pour r\u00e9aliser des sauts qui les propulsent jusqu\u2019\u00e0 30\u00a0m\u00e8tres de distance et 15\u00a0m\u00e8tres de hauteur.<\/p>\n<p><img decoding=\"async\" class=\"lazyload alignnone size-medium wp-image-44779\" src=\"http:\/\/fr.motocrossmag.be\/wp-content\/uploads\/2016\/04\/x-fighters_pages-650x434.jpg\" data-orig-src=\"http:\/\/fr.motocrossmag.be\/wp-content\/uploads\/2016\/04\/x-fighters_pages-650x434.jpg\" alt=\"x-fighters_pages\" width=\"650\" height=\"434\" srcset=\"data:image\/svg+xml,%3Csvg%20xmlns%3D%27http%3A%2F%2Fwww.w3.org%2F2000%2Fsvg%27%20width%3D%27650%27%20height%3D%27434%27%20viewBox%3D%270%200%20650%20434%27%3E%3Crect%20width%3D%27650%27%20height%3D%27434%27%20fill-opacity%3D%220%22%2F%3E%3C%2Fsvg%3E\" data-srcset=\"https:\/\/fr.motocrossmag.be\/wp-content\/uploads\/2016\/04\/x-fighters_pages-650x434.jpg 650w, https:\/\/fr.motocrossmag.be\/wp-content\/uploads\/2016\/04\/x-fighters_pages.jpg 1000w\" data-sizes=\"auto\" data-orig-sizes=\"(max-width: 650px) 100vw, 650px\" \/><\/p>\n<p>La manche madril\u00e8ne des Red Bull X-Fighters a \u00e9t\u00e9 longtemps consid\u00e9r\u00e9e comme l\u2019\u00e9v\u00e9nement de FMX le plus important du monde, en raison de la foule enthousiaste qui incite les pilotes \u00e0 r\u00e9aliser d\u2019ann\u00e9e en ann\u00e9e des tricks toujours plus incroyables les uns que les autres. Les performances \u00e9poustouflantes r\u00e9alis\u00e9es lors de cet \u00e9v\u00e9nement ont syst\u00e9matiquement marqu\u00e9 l\u2019\u00e9volution de la discipline au niveau mondial. Ainsi, c\u2019est \u00e0 Madrid qu\u2019a \u00e9t\u00e9 ex\u00e9cut\u00e9 le tout premier backflip jamais tent\u00e9 en comp\u00e9tition. Pag\u00e8s a su d\u00e9cha\u00eener la foule des spectateurs avec trois victoires successives, obtenues gr\u00e2ce \u00e0 des tricks toujours plus \u00e9tonnants, parfois cr\u00e9\u00e9s tout sp\u00e9cialement pour l\u2019\u00e9preuve madril\u00e8ne. Las Ventas propose \u00e9galement l\u2019un des parcours de FMX les plus fabuleux au monde\u00a0: les riders d\u00e9boulent des coulisses labyrinthiques pour se retrouver dans l\u2019ar\u00e8ne, o\u00f9 ils ex\u00e9cutent sur leurs motos des figures \u00e0 couper le souffle, qui d\u00e9clenchent les hurlements de la foule.<\/p>\n<h5>Pag\u00e8s et Pastrana 3 fois vainqueurs \u00e0 Madrid<\/h5>\n<p>La plupart des meilleurs riders de la discipline ont tent\u00e9 de remporter cet \u00e9v\u00e9nement devant la foule d\u2019initi\u00e9s et d\u2019amateurs de FMX, en proposant des tricks toujours plus cr\u00e9atifs et audacieux\u00a0: Travis Pastrana (USA) s\u2019est impos\u00e9 trois fois \u00e0 Madrid, mais pas d\u2019affil\u00e9e comme Pag\u00e8s, tandis que Dany Torres (ESP) a remport\u00e9 deux fois cet \u00e9v\u00e9nement incontournable de chaque saison. Parmi les autres grands vainqueurs de l\u2019\u00e9tape madril\u00e8ne figurent Robbie Maddison (AUS), Levi Sherwood (NZL), Mat Rebeaud (SUI), Nate Adams (USA), Kenny Bartram (USA) et Edgar Torronteras (ESP). L\u2019\u00e9v\u00e9nement sera jug\u00e9 par des l\u00e9gendes de la discipline. La s\u00e9lection comprendra plusieurs anciens champions et vainqueurs de Madrid, notamment l\u2019Australien Josh Sheehan (2014), Pag\u00e8s (2013), Sherwood (2012) et Torres (2011).<\/p>\n<p><img decoding=\"async\" class=\"lazyload alignnone size-medium wp-image-44780\" src=\"http:\/\/fr.motocrossmag.be\/wp-content\/uploads\/2016\/04\/x-fighters_Torres-650x434.jpg\" data-orig-src=\"http:\/\/fr.motocrossmag.be\/wp-content\/uploads\/2016\/04\/x-fighters_Torres-650x434.jpg\" alt=\"x-fighters_Torres\" width=\"650\" height=\"434\" srcset=\"data:image\/svg+xml,%3Csvg%20xmlns%3D%27http%3A%2F%2Fwww.w3.org%2F2000%2Fsvg%27%20width%3D%27650%27%20height%3D%27434%27%20viewBox%3D%270%200%20650%20434%27%3E%3Crect%20width%3D%27650%27%20height%3D%27434%27%20fill-opacity%3D%220%22%2F%3E%3C%2Fsvg%3E\" data-srcset=\"https:\/\/fr.motocrossmag.be\/wp-content\/uploads\/2016\/04\/x-fighters_Torres-650x434.jpg 650w, https:\/\/fr.motocrossmag.be\/wp-content\/uploads\/2016\/04\/x-fighters_Torres.jpg 1000w\" data-sizes=\"auto\" data-orig-sizes=\"(max-width: 650px) 100vw, 650px\" \/><\/p>\n<p>L\u2019\u00e9v\u00e9nement 2016 pr\u00e9sentera un nouveau format d\u00e9velopp\u00e9 sp\u00e9cialement pour l\u2019occasion, qui permettra \u00e9galement \u00e0 deux \u00ab\u00a0novilleros\u00a0\u00bb de participer \u00e0 la comp\u00e9tition. En Espagnol, ce terme d\u00e9signe les jeunes aspirants tor\u00e9ros qui go\u00fbtent pour la premi\u00e8re fois \u00e0 l\u2019adr\u00e9naline de l\u2019ar\u00e8ne. Les \u00ab\u00a0novilleros\u00a0\u00bb peuvent d\u00e9crocher leur ticket pour la comp\u00e9tition en envoyant une vid\u00e9o de leurs meilleurs tricks. Le public aura la chance de s\u00e9lectionner le premier \u00ab\u00a0novillero\u00a0\u00bb par un vote populaire, tandis que le second sera d\u00e9sign\u00e9 par le comit\u00e9 sportif de Red Bull X-Fighters. Les candidats pourront faire parvenir leurs vid\u00e9os \u00e0 partir du 14\u00a0avril et les votes commenceront imm\u00e9diatement.<\/p>\n<p>La comp\u00e9tition d\u00e9butera d\u00e8s le jeudi 23\u00a0juin par une session de qualification qui d\u00e9terminera trois groupes de quatre riders, qui s\u2019affronteront lors d\u2019une \u00ab\u00a0Jam Session\u00a0\u00bb. Ces \u00ab\u00a0Jam Sessions\u00a0\u00bb, pendant lesquelles les riders ex\u00e9cuteront leurs propres s\u00e9ries de tricks, seront marqu\u00e9es par un nouvel \u00e9l\u00e9ment suppl\u00e9mentaire\u00a0: une roulette, comportant les noms des figures les plus connues de l\u2019histoire de la discipline, que chaque groupe fera tourner pour d\u00e9terminer le trick que les quatre pilotes devront int\u00e9grer spontan\u00e9ment dans leur run.<\/p>\n<p>Les deux meilleurs riders des trois \u00ab\u00a0Jam Sessions\u00a0\u00bb seront s\u00e9lectionn\u00e9s pour les trois manches des demi-finales. En demi-finale, les six meilleurs pilotes s\u2019affronteront deux par deux et le vainqueur de chacun des trois duels parviendra en finale \u00e0 trois.<\/p>\n<p>Les concurrents\u00a0: Clinton Moore (AUS), Tom Pag\u00e8s (FRA), Dany Torres (ESP), Levi Sherwood (NZL), Maikel Melero (ESP), Rob Adelberg (AUS), Taka Higashino (JPN), David Rinaldo (FRA), Novillero\u00a01, Novillero\u00a02<\/p>\n","protected":false},"excerpt":{"rendered":"<p>L\u2019\u00e9lite mondiale du Freestyle Motocross se retrouvera le 24 juin prochain sur la c\u00e9l\u00e8bre Plaza de Toros de Las Ventas, \u00e0 Madrid, \u00e0 l\u2019occasion d\u2019un spectaculaire \u00e9v\u00e9nement Red Bull X-Fighters [&#8230;]<\/p>\n","protected":false},"author":932,"featured_media":44778,"comment_status":"open","ping_status":"closed","sticky":false,"template":"","format":"standard","meta":{"footnotes":""},"categories":[54,137,4,5,55,65],"tags":[],"class_list":["post-44777","post","type-post","status-publish","format-standard","has-post-thumbnail","hentry","category-actualite","category-fmx","category-motocross","category-news","category-news-actualite","category-slideshow"],"yoast_head":"<!-- This site is optimized with the Yoast SEO plugin v27.4 - https:\/\/yoast.com\/product\/yoast-seo-wordpress\/ -->\n<title>Le Red Bull X-Fighters Tour pour la 15\u00e8me fois \u00e0 Madrid - Motocross - Enduro - Supermoto | MotocrossMag<\/title>\n<meta name=\"robots\" content=\"index, follow, max-snippet:-1, max-image-preview:large, max-video-preview:-1\" \/>\n<link rel=\"canonical\" href=\"https:\/\/fr.motocrossmag.be\/index.php\/2016\/04\/le-red-bull-x-fighters-tour-pour-la-15eme-fois-a-madrid\/\" \/>\n<meta property=\"og:locale\" content=\"fr_FR\" \/>\n<meta property=\"og:type\" content=\"article\" \/>\n<meta property=\"og:title\" content=\"Le Red Bull X-Fighters Tour pour la 15\u00e8me fois \u00e0 Madrid - Motocross - Enduro - Supermoto | MotocrossMag\" \/>\n<meta property=\"og:description\" content=\"L\u2019\u00e9lite mondiale du Freestyle Motocross se retrouvera le 24 juin prochain sur la c\u00e9l\u00e8bre Plaza de Toros de Las Ventas, \u00e0 Madrid, \u00e0 l\u2019occasion d\u2019un spectaculaire \u00e9v\u00e9nement Red Bull X-Fighters [...]\" \/>\n<meta property=\"og:url\" content=\"https:\/\/fr.motocrossmag.be\/index.php\/2016\/04\/le-red-bull-x-fighters-tour-pour-la-15eme-fois-a-madrid\/\" \/>\n<meta property=\"og:site_name\" content=\"Motocross - Enduro - Supermoto | MotocrossMag\" \/>\n<meta property=\"article:published_time\" content=\"2016-04-05T16:05:53+00:00\" \/>\n<meta property=\"og:image\" content=\"https:\/\/fr.motocrossmag.be\/wp-content\/uploads\/2016\/04\/rb-xf_madrid.jpg\" \/>\n\t<meta property=\"og:image:width\" content=\"1000\" \/>\n\t<meta property=\"og:image:height\" content=\"667\" \/>\n\t<meta property=\"og:image:type\" content=\"image\/jpeg\" \/>\n<meta name=\"author\" content=\"oliviere\" \/>\n<meta name=\"twitter:card\" content=\"summary_large_image\" \/>\n<meta name=\"twitter:label1\" content=\"\u00c9crit par\" \/>\n\t<meta name=\"twitter:data1\" content=\"oliviere\" \/>\n\t<meta name=\"twitter:label2\" content=\"Dur\u00e9e de lecture estim\u00e9e\" \/>\n\t<meta name=\"twitter:data2\" content=\"4 minutes\" \/>\n<script type=\"application\/ld+json\" class=\"yoast-schema-graph\">{\"@context\":\"https:\\\/\\\/schema.org\",\"@graph\":[{\"@type\":\"Article\",\"@id\":\"https:\\\/\\\/fr.motocrossmag.be\\\/index.php\\\/2016\\\/04\\\/le-red-bull-x-fighters-tour-pour-la-15eme-fois-a-madrid\\\/#article\",\"isPartOf\":{\"@id\":\"https:\\\/\\\/fr.motocrossmag.be\\\/index.php\\\/2016\\\/04\\\/le-red-bull-x-fighters-tour-pour-la-15eme-fois-a-madrid\\\/\"},\"author\":{\"name\":\"oliviere\",\"@id\":\"https:\\\/\\\/fr.motocrossmag.be\\\/#\\\/schema\\\/person\\\/11b47143d9f755babca2c9110e03235c\"},\"headline\":\"Le Red Bull X-Fighters Tour pour la 15\u00e8me fois \u00e0 Madrid\",\"datePublished\":\"2016-04-05T16:05:53+00:00\",\"mainEntityOfPage\":{\"@id\":\"https:\\\/\\\/fr.motocrossmag.be\\\/index.php\\\/2016\\\/04\\\/le-red-bull-x-fighters-tour-pour-la-15eme-fois-a-madrid\\\/\"},\"wordCount\":789,\"commentCount\":0,\"image\":{\"@id\":\"https:\\\/\\\/fr.motocrossmag.be\\\/index.php\\\/2016\\\/04\\\/le-red-bull-x-fighters-tour-pour-la-15eme-fois-a-madrid\\\/#primaryimage\"},\"thumbnailUrl\":\"https:\\\/\\\/fr.motocrossmag.be\\\/wp-content\\\/uploads\\\/2016\\\/04\\\/rb-xf_madrid.jpg\",\"articleSection\":[\"Actualit\u00e9\",\"FMX\",\"Motocross\",\"News\",\"News\",\"Slideshow\"],\"inLanguage\":\"fr-FR\",\"potentialAction\":[{\"@type\":\"CommentAction\",\"name\":\"Comment\",\"target\":[\"https:\\\/\\\/fr.motocrossmag.be\\\/index.php\\\/2016\\\/04\\\/le-red-bull-x-fighters-tour-pour-la-15eme-fois-a-madrid\\\/#respond\"]}]},{\"@type\":\"WebPage\",\"@id\":\"https:\\\/\\\/fr.motocrossmag.be\\\/index.php\\\/2016\\\/04\\\/le-red-bull-x-fighters-tour-pour-la-15eme-fois-a-madrid\\\/\",\"url\":\"https:\\\/\\\/fr.motocrossmag.be\\\/index.php\\\/2016\\\/04\\\/le-red-bull-x-fighters-tour-pour-la-15eme-fois-a-madrid\\\/\",\"name\":\"Le Red Bull X-Fighters Tour pour la 15\u00e8me fois \u00e0 Madrid - Motocross - Enduro - Supermoto | MotocrossMag\",\"isPartOf\":{\"@id\":\"https:\\\/\\\/fr.motocrossmag.be\\\/#website\"},\"primaryImageOfPage\":{\"@id\":\"https:\\\/\\\/fr.motocrossmag.be\\\/index.php\\\/2016\\\/04\\\/le-red-bull-x-fighters-tour-pour-la-15eme-fois-a-madrid\\\/#primaryimage\"},\"image\":{\"@id\":\"https:\\\/\\\/fr.motocrossmag.be\\\/index.php\\\/2016\\\/04\\\/le-red-bull-x-fighters-tour-pour-la-15eme-fois-a-madrid\\\/#primaryimage\"},\"thumbnailUrl\":\"https:\\\/\\\/fr.motocrossmag.be\\\/wp-content\\\/uploads\\\/2016\\\/04\\\/rb-xf_madrid.jpg\",\"datePublished\":\"2016-04-05T16:05:53+00:00\",\"author\":{\"@id\":\"https:\\\/\\\/fr.motocrossmag.be\\\/#\\\/schema\\\/person\\\/11b47143d9f755babca2c9110e03235c\"},\"breadcrumb\":{\"@id\":\"https:\\\/\\\/fr.motocrossmag.be\\\/index.php\\\/2016\\\/04\\\/le-red-bull-x-fighters-tour-pour-la-15eme-fois-a-madrid\\\/#breadcrumb\"},\"inLanguage\":\"fr-FR\",\"potentialAction\":[{\"@type\":\"ReadAction\",\"target\":[\"https:\\\/\\\/fr.motocrossmag.be\\\/index.php\\\/2016\\\/04\\\/le-red-bull-x-fighters-tour-pour-la-15eme-fois-a-madrid\\\/\"]}]},{\"@type\":\"ImageObject\",\"inLanguage\":\"fr-FR\",\"@id\":\"https:\\\/\\\/fr.motocrossmag.be\\\/index.php\\\/2016\\\/04\\\/le-red-bull-x-fighters-tour-pour-la-15eme-fois-a-madrid\\\/#primaryimage\",\"url\":\"https:\\\/\\\/fr.motocrossmag.be\\\/wp-content\\\/uploads\\\/2016\\\/04\\\/rb-xf_madrid.jpg\",\"contentUrl\":\"https:\\\/\\\/fr.motocrossmag.be\\\/wp-content\\\/uploads\\\/2016\\\/04\\\/rb-xf_madrid.jpg\",\"width\":1000,\"height\":667},{\"@type\":\"BreadcrumbList\",\"@id\":\"https:\\\/\\\/fr.motocrossmag.be\\\/index.php\\\/2016\\\/04\\\/le-red-bull-x-fighters-tour-pour-la-15eme-fois-a-madrid\\\/#breadcrumb\",\"itemListElement\":[{\"@type\":\"ListItem\",\"position\":1,\"name\":\"Accueil\",\"item\":\"https:\\\/\\\/fr.motocrossmag.be\\\/\"},{\"@type\":\"ListItem\",\"position\":2,\"name\":\"Le Red Bull X-Fighters Tour pour la 15\u00e8me fois \u00e0 Madrid\"}]},{\"@type\":\"WebSite\",\"@id\":\"https:\\\/\\\/fr.motocrossmag.be\\\/#website\",\"url\":\"https:\\\/\\\/fr.motocrossmag.be\\\/\",\"name\":\"Motocross - Enduro - Supermoto | MotocrossMag\",\"description\":\"L&#039;actualit\u00e9 du motocross, de l&#039;enduro et du Supermoto en ligne!\",\"potentialAction\":[{\"@type\":\"SearchAction\",\"target\":{\"@type\":\"EntryPoint\",\"urlTemplate\":\"https:\\\/\\\/fr.motocrossmag.be\\\/?s={search_term_string}\"},\"query-input\":{\"@type\":\"PropertyValueSpecification\",\"valueRequired\":true,\"valueName\":\"search_term_string\"}}],\"inLanguage\":\"fr-FR\"},{\"@type\":\"Person\",\"@id\":\"https:\\\/\\\/fr.motocrossmag.be\\\/#\\\/schema\\\/person\\\/11b47143d9f755babca2c9110e03235c\",\"name\":\"oliviere\",\"image\":{\"@type\":\"ImageObject\",\"inLanguage\":\"fr-FR\",\"@id\":\"https:\\\/\\\/secure.gravatar.com\\\/avatar\\\/907069e0b81d119452040469e4a7501da1100f54f7f80180ce77bfab718288f6?s=96&d=mm&r=g\",\"url\":\"https:\\\/\\\/secure.gravatar.com\\\/avatar\\\/907069e0b81d119452040469e4a7501da1100f54f7f80180ce77bfab718288f6?s=96&d=mm&r=g\",\"contentUrl\":\"https:\\\/\\\/secure.gravatar.com\\\/avatar\\\/907069e0b81d119452040469e4a7501da1100f54f7f80180ce77bfab718288f6?s=96&d=mm&r=g\",\"caption\":\"oliviere\"},\"sameAs\":[\"http:\\\/\\\/www.motocrossmag.be\"],\"url\":\"https:\\\/\\\/fr.motocrossmag.be\\\/index.php\\\/author\\\/oliviere\\\/\"}]}<\/script>\n<!-- \/ Yoast SEO plugin. -->","yoast_head_json":{"title":"Le Red Bull X-Fighters Tour pour la 15\u00e8me fois \u00e0 Madrid - Motocross - Enduro - Supermoto | MotocrossMag","robots":{"index":"index","follow":"follow","max-snippet":"max-snippet:-1","max-image-preview":"max-image-preview:large","max-video-preview":"max-video-preview:-1"},"canonical":"https:\/\/fr.motocrossmag.be\/index.php\/2016\/04\/le-red-bull-x-fighters-tour-pour-la-15eme-fois-a-madrid\/","og_locale":"fr_FR","og_type":"article","og_title":"Le Red Bull X-Fighters Tour pour la 15\u00e8me fois \u00e0 Madrid - Motocross - Enduro - Supermoto | MotocrossMag","og_description":"L\u2019\u00e9lite mondiale du Freestyle Motocross se retrouvera le 24 juin prochain sur la c\u00e9l\u00e8bre Plaza de Toros de Las Ventas, \u00e0 Madrid, \u00e0 l\u2019occasion d\u2019un spectaculaire \u00e9v\u00e9nement Red Bull X-Fighters [...]","og_url":"https:\/\/fr.motocrossmag.be\/index.php\/2016\/04\/le-red-bull-x-fighters-tour-pour-la-15eme-fois-a-madrid\/","og_site_name":"Motocross - Enduro - Supermoto | MotocrossMag","article_published_time":"2016-04-05T16:05:53+00:00","og_image":[{"width":1000,"height":667,"url":"https:\/\/fr.motocrossmag.be\/wp-content\/uploads\/2016\/04\/rb-xf_madrid.jpg","type":"image\/jpeg"}],"author":"oliviere","twitter_card":"summary_large_image","twitter_misc":{"\u00c9crit par":"oliviere","Dur\u00e9e de lecture estim\u00e9e":"4 minutes"},"schema":{"@context":"https:\/\/schema.org","@graph":[{"@type":"Article","@id":"https:\/\/fr.motocrossmag.be\/index.php\/2016\/04\/le-red-bull-x-fighters-tour-pour-la-15eme-fois-a-madrid\/#article","isPartOf":{"@id":"https:\/\/fr.motocrossmag.be\/index.php\/2016\/04\/le-red-bull-x-fighters-tour-pour-la-15eme-fois-a-madrid\/"},"author":{"name":"oliviere","@id":"https:\/\/fr.motocrossmag.be\/#\/schema\/person\/11b47143d9f755babca2c9110e03235c"},"headline":"Le Red Bull X-Fighters Tour pour la 15\u00e8me fois \u00e0 Madrid","datePublished":"2016-04-05T16:05:53+00:00","mainEntityOfPage":{"@id":"https:\/\/fr.motocrossmag.be\/index.php\/2016\/04\/le-red-bull-x-fighters-tour-pour-la-15eme-fois-a-madrid\/"},"wordCount":789,"commentCount":0,"image":{"@id":"https:\/\/fr.motocrossmag.be\/index.php\/2016\/04\/le-red-bull-x-fighters-tour-pour-la-15eme-fois-a-madrid\/#primaryimage"},"thumbnailUrl":"https:\/\/fr.motocrossmag.be\/wp-content\/uploads\/2016\/04\/rb-xf_madrid.jpg","articleSection":["Actualit\u00e9","FMX","Motocross","News","News","Slideshow"],"inLanguage":"fr-FR","potentialAction":[{"@type":"CommentAction","name":"Comment","target":["https:\/\/fr.motocrossmag.be\/index.php\/2016\/04\/le-red-bull-x-fighters-tour-pour-la-15eme-fois-a-madrid\/#respond"]}]},{"@type":"WebPage","@id":"https:\/\/fr.motocrossmag.be\/index.php\/2016\/04\/le-red-bull-x-fighters-tour-pour-la-15eme-fois-a-madrid\/","url":"https:\/\/fr.motocrossmag.be\/index.php\/2016\/04\/le-red-bull-x-fighters-tour-pour-la-15eme-fois-a-madrid\/","name":"Le Red Bull X-Fighters Tour pour la 15\u00e8me fois \u00e0 Madrid - Motocross - Enduro - Supermoto | MotocrossMag","isPartOf":{"@id":"https:\/\/fr.motocrossmag.be\/#website"},"primaryImageOfPage":{"@id":"https:\/\/fr.motocrossmag.be\/index.php\/2016\/04\/le-red-bull-x-fighters-tour-pour-la-15eme-fois-a-madrid\/#primaryimage"},"image":{"@id":"https:\/\/fr.motocrossmag.be\/index.php\/2016\/04\/le-red-bull-x-fighters-tour-pour-la-15eme-fois-a-madrid\/#primaryimage"},"thumbnailUrl":"https:\/\/fr.motocrossmag.be\/wp-content\/uploads\/2016\/04\/rb-xf_madrid.jpg","datePublished":"2016-04-05T16:05:53+00:00","author":{"@id":"https:\/\/fr.motocrossmag.be\/#\/schema\/person\/11b47143d9f755babca2c9110e03235c"},"breadcrumb":{"@id":"https:\/\/fr.motocrossmag.be\/index.php\/2016\/04\/le-red-bull-x-fighters-tour-pour-la-15eme-fois-a-madrid\/#breadcrumb"},"inLanguage":"fr-FR","potentialAction":[{"@type":"ReadAction","target":["https:\/\/fr.motocrossmag.be\/index.php\/2016\/04\/le-red-bull-x-fighters-tour-pour-la-15eme-fois-a-madrid\/"]}]},{"@type":"ImageObject","inLanguage":"fr-FR","@id":"https:\/\/fr.motocrossmag.be\/index.php\/2016\/04\/le-red-bull-x-fighters-tour-pour-la-15eme-fois-a-madrid\/#primaryimage","url":"https:\/\/fr.motocrossmag.be\/wp-content\/uploads\/2016\/04\/rb-xf_madrid.jpg","contentUrl":"https:\/\/fr.motocrossmag.be\/wp-content\/uploads\/2016\/04\/rb-xf_madrid.jpg","width":1000,"height":667},{"@type":"BreadcrumbList","@id":"https:\/\/fr.motocrossmag.be\/index.php\/2016\/04\/le-red-bull-x-fighters-tour-pour-la-15eme-fois-a-madrid\/#breadcrumb","itemListElement":[{"@type":"ListItem","position":1,"name":"Accueil","item":"https:\/\/fr.motocrossmag.be\/"},{"@type":"ListItem","position":2,"name":"Le Red Bull X-Fighters Tour pour la 15\u00e8me fois \u00e0 Madrid"}]},{"@type":"WebSite","@id":"https:\/\/fr.motocrossmag.be\/#website","url":"https:\/\/fr.motocrossmag.be\/","name":"Motocross - Enduro - Supermoto | MotocrossMag","description":"L&#039;actualit\u00e9 du motocross, de l&#039;enduro et du Supermoto en ligne!","potentialAction":[{"@type":"SearchAction","target":{"@type":"EntryPoint","urlTemplate":"https:\/\/fr.motocrossmag.be\/?s={search_term_string}"},"query-input":{"@type":"PropertyValueSpecification","valueRequired":true,"valueName":"search_term_string"}}],"inLanguage":"fr-FR"},{"@type":"Person","@id":"https:\/\/fr.motocrossmag.be\/#\/schema\/person\/11b47143d9f755babca2c9110e03235c","name":"oliviere","image":{"@type":"ImageObject","inLanguage":"fr-FR","@id":"https:\/\/secure.gravatar.com\/avatar\/907069e0b81d119452040469e4a7501da1100f54f7f80180ce77bfab718288f6?s=96&d=mm&r=g","url":"https:\/\/secure.gravatar.com\/avatar\/907069e0b81d119452040469e4a7501da1100f54f7f80180ce77bfab718288f6?s=96&d=mm&r=g","contentUrl":"https:\/\/secure.gravatar.com\/avatar\/907069e0b81d119452040469e4a7501da1100f54f7f80180ce77bfab718288f6?s=96&d=mm&r=g","caption":"oliviere"},"sameAs":["http:\/\/www.motocrossmag.be"],"url":"https:\/\/fr.motocrossmag.be\/index.php\/author\/oliviere\/"}]}},"_links":{"self":[{"href":"https:\/\/fr.motocrossmag.be\/index.php\/wp-json\/wp\/v2\/posts\/44777","targetHints":{"allow":["GET"]}}],"collection":[{"href":"https:\/\/fr.motocrossmag.be\/index.php\/wp-json\/wp\/v2\/posts"}],"about":[{"href":"https:\/\/fr.motocrossmag.be\/index.php\/wp-json\/wp\/v2\/types\/post"}],"author":[{"embeddable":true,"href":"https:\/\/fr.motocrossmag.be\/index.php\/wp-json\/wp\/v2\/users\/932"}],"replies":[{"embeddable":true,"href":"https:\/\/fr.motocrossmag.be\/index.php\/wp-json\/wp\/v2\/comments?post=44777"}],"version-history":[{"count":1,"href":"https:\/\/fr.motocrossmag.be\/index.php\/wp-json\/wp\/v2\/posts\/44777\/revisions"}],"predecessor-version":[{"id":44781,"href":"https:\/\/fr.motocrossmag.be\/index.php\/wp-json\/wp\/v2\/posts\/44777\/revisions\/44781"}],"wp:featuredmedia":[{"embeddable":true,"href":"https:\/\/fr.motocrossmag.be\/index.php\/wp-json\/wp\/v2\/media\/44778"}],"wp:attachment":[{"href":"https:\/\/fr.motocrossmag.be\/index.php\/wp-json\/wp\/v2\/media?parent=44777"}],"wp:term":[{"taxonomy":"category","embeddable":true,"href":"https:\/\/fr.motocrossmag.be\/index.php\/wp-json\/wp\/v2\/categories?post=44777"},{"taxonomy":"post_tag","embeddable":true,"href":"https:\/\/fr.motocrossmag.be\/index.php\/wp-json\/wp\/v2\/tags?post=44777"}],"curies":[{"name":"wp","href":"https:\/\/api.w.org\/{rel}","templated":true}]}}