{"id":44785,"date":"2016-04-06T00:47:47","date_gmt":"2016-04-05T22:47:47","guid":{"rendered":"http:\/\/fr.motocrossmag.be\/?p=44785"},"modified":"2016-04-06T00:47:47","modified_gmt":"2016-04-05T22:47:47","slug":"photos-46eme-motocross-international-a-wuustwezel","status":"publish","type":"post","link":"https:\/\/fr.motocrossmag.be\/index.php\/2016\/04\/photos-46eme-motocross-international-a-wuustwezel\/","title":{"rendered":"Photos: 46\u00e8me motocross international \u00e0 Wuustwezel"},"content":{"rendered":"<p>Retour en images sur une 46\u00e8me \u00e9dition ensoleill\u00e9e du motocross international de Wuustwezel, disput\u00e9e ce dimanche et remport\u00e9e par Max Nagl devant le pilote de l&rsquo;AMC Wuustwezel Kevin Strijbos&#8230;<\/p>\n<p>Photos: Frederick \u00ab\u00a0Vepix\u00a0\u00bb Van Eeckhoven<\/p>\n<p>&nbsp;<\/p>\n<div class=\"rgg-container\" data-rgg-id=\"1\">    <div class=\"rgg-imagegrid captions-title captions-effect-none \" data-rgg-id=\"1\">\n                    <a data-rel=\"iLightbox[postimages]\" data-title=\"Wuustwezel_2016-20160403MxWuustwezel001\" data-caption=\"\" href=\"https:\/\/fr.motocrossmag.be\/wp-content\/uploads\/2016\/04\/Wuustwezel_2016-20160403MxWuustwezel001.jpg\" data-rel=\"rgg\" rel=\"rgg\" title=\"\" class=\"rgg-disabled size-medium rgg-img\" data-src=\"https:\/\/fr.motocrossmag.be\/wp-content\/uploads\/2016\/04\/Wuustwezel_2016-20160403MxWuustwezel001-650x432.jpg\" data-ratio=\"1.5046296296296\" data-height=\"432\" data-width=\"650\" aria-label=\"\">\n                            <\/a>\n                    <a data-rel=\"iLightbox[postimages]\" data-title=\"Wuustwezel_2016-20160403MxWuustwezel002\" data-caption=\"\" href=\"https:\/\/fr.motocrossmag.be\/wp-content\/uploads\/2016\/04\/Wuustwezel_2016-20160403MxWuustwezel002.jpg\" data-rel=\"rgg\" rel=\"rgg\" title=\"\" class=\"rgg-disabled size-medium rgg-img\" data-src=\"https:\/\/fr.motocrossmag.be\/wp-content\/uploads\/2016\/04\/Wuustwezel_2016-20160403MxWuustwezel002-650x432.jpg\" data-ratio=\"1.5046296296296\" data-height=\"432\" data-width=\"650\" aria-label=\"\">\n                            <\/a>\n                    <a data-rel=\"iLightbox[postimages]\" data-title=\"Wuustwezel_2016-20160403MxWuustwezel003\" data-caption=\"\" href=\"https:\/\/fr.motocrossmag.be\/wp-content\/uploads\/2016\/04\/Wuustwezel_2016-20160403MxWuustwezel003.jpg\" data-rel=\"rgg\" rel=\"rgg\" title=\"\" class=\"rgg-disabled size-medium rgg-img\" data-src=\"https:\/\/fr.motocrossmag.be\/wp-content\/uploads\/2016\/04\/Wuustwezel_2016-20160403MxWuustwezel003-650x432.jpg\" data-ratio=\"1.5046296296296\" data-height=\"432\" data-width=\"650\" aria-label=\"\">\n                            <\/a>\n                    <a data-rel=\"iLightbox[postimages]\" data-title=\"Wuustwezel_2016-20160403MxWuustwezel004\" data-caption=\"\" href=\"https:\/\/fr.motocrossmag.be\/wp-content\/uploads\/2016\/04\/Wuustwezel_2016-20160403MxWuustwezel004.jpg\" data-rel=\"rgg\" rel=\"rgg\" title=\"\" class=\"rgg-disabled size-medium rgg-img\" data-src=\"https:\/\/fr.motocrossmag.be\/wp-content\/uploads\/2016\/04\/Wuustwezel_2016-20160403MxWuustwezel004-650x432.jpg\" data-ratio=\"1.5046296296296\" data-height=\"432\" data-width=\"650\" aria-label=\"\">\n                            <\/a>\n                    <a data-rel=\"iLightbox[postimages]\" data-title=\"Wuustwezel_2016-20160403MxWuustwezel005\" data-caption=\"\" href=\"https:\/\/fr.motocrossmag.be\/wp-content\/uploads\/2016\/04\/Wuustwezel_2016-20160403MxWuustwezel005.jpg\" data-rel=\"rgg\" rel=\"rgg\" title=\"\" class=\"rgg-disabled size-medium rgg-img\" data-src=\"https:\/\/fr.motocrossmag.be\/wp-content\/uploads\/2016\/04\/Wuustwezel_2016-20160403MxWuustwezel005-650x432.jpg\" data-ratio=\"1.5046296296296\" data-height=\"432\" data-width=\"650\" aria-label=\"\">\n                            <\/a>\n                    <a data-rel=\"iLightbox[postimages]\" data-title=\"Wuustwezel_2016-20160403MxWuustwezel006\" data-caption=\"\" href=\"https:\/\/fr.motocrossmag.be\/wp-content\/uploads\/2016\/04\/Wuustwezel_2016-20160403MxWuustwezel006.jpg\" data-rel=\"rgg\" rel=\"rgg\" title=\"\" class=\"rgg-disabled size-medium rgg-img\" data-src=\"https:\/\/fr.motocrossmag.be\/wp-content\/uploads\/2016\/04\/Wuustwezel_2016-20160403MxWuustwezel006-650x432.jpg\" data-ratio=\"1.5046296296296\" data-height=\"432\" data-width=\"650\" aria-label=\"\">\n                            <\/a>\n                    <a data-rel=\"iLightbox[postimages]\" data-title=\"Wuustwezel_2016-20160403MxWuustwezel007\" data-caption=\"\" href=\"https:\/\/fr.motocrossmag.be\/wp-content\/uploads\/2016\/04\/Wuustwezel_2016-20160403MxWuustwezel007.jpg\" data-rel=\"rgg\" rel=\"rgg\" title=\"\" class=\"rgg-disabled size-medium rgg-img\" data-src=\"https:\/\/fr.motocrossmag.be\/wp-content\/uploads\/2016\/04\/Wuustwezel_2016-20160403MxWuustwezel007-650x432.jpg\" data-ratio=\"1.5046296296296\" data-height=\"432\" data-width=\"650\" aria-label=\"\">\n                            <\/a>\n                    <a data-rel=\"iLightbox[postimages]\" data-title=\"Wuustwezel_2016-20160403MxWuustwezel008\" data-caption=\"\" href=\"https:\/\/fr.motocrossmag.be\/wp-content\/uploads\/2016\/04\/Wuustwezel_2016-20160403MxWuustwezel008.jpg\" data-rel=\"rgg\" rel=\"rgg\" title=\"\" class=\"rgg-disabled size-medium rgg-img\" data-src=\"https:\/\/fr.motocrossmag.be\/wp-content\/uploads\/2016\/04\/Wuustwezel_2016-20160403MxWuustwezel008-650x432.jpg\" data-ratio=\"1.5046296296296\" data-height=\"432\" data-width=\"650\" aria-label=\"\">\n                            <\/a>\n                    <a data-rel=\"iLightbox[postimages]\" data-title=\"Wuustwezel_2016-20160403MxWuustwezel009\" data-caption=\"\" href=\"https:\/\/fr.motocrossmag.be\/wp-content\/uploads\/2016\/04\/Wuustwezel_2016-20160403MxWuustwezel009.jpg\" data-rel=\"rgg\" rel=\"rgg\" title=\"\" class=\"rgg-disabled size-medium rgg-img\" data-src=\"https:\/\/fr.motocrossmag.be\/wp-content\/uploads\/2016\/04\/Wuustwezel_2016-20160403MxWuustwezel009-650x432.jpg\" data-ratio=\"1.5046296296296\" data-height=\"432\" data-width=\"650\" aria-label=\"\">\n                            <\/a>\n                    <a data-rel=\"iLightbox[postimages]\" data-title=\"Wuustwezel_2016-20160403MxWuustwezel010\" data-caption=\"\" href=\"https:\/\/fr.motocrossmag.be\/wp-content\/uploads\/2016\/04\/Wuustwezel_2016-20160403MxWuustwezel010.jpg\" data-rel=\"rgg\" rel=\"rgg\" title=\"\" class=\"rgg-disabled size-medium rgg-img\" data-src=\"https:\/\/fr.motocrossmag.be\/wp-content\/uploads\/2016\/04\/Wuustwezel_2016-20160403MxWuustwezel010-650x432.jpg\" data-ratio=\"1.5046296296296\" data-height=\"432\" data-width=\"650\" aria-label=\"\">\n                            <\/a>\n                    <a data-rel=\"iLightbox[postimages]\" data-title=\"Wuustwezel_2016-20160403MxWuustwezel011\" data-caption=\"\" href=\"https:\/\/fr.motocrossmag.be\/wp-content\/uploads\/2016\/04\/Wuustwezel_2016-20160403MxWuustwezel011.jpg\" data-rel=\"rgg\" rel=\"rgg\" title=\"\" class=\"rgg-disabled size-medium rgg-img\" data-src=\"https:\/\/fr.motocrossmag.be\/wp-content\/uploads\/2016\/04\/Wuustwezel_2016-20160403MxWuustwezel011-650x432.jpg\" data-ratio=\"1.5046296296296\" data-height=\"432\" data-width=\"650\" aria-label=\"\">\n                            <\/a>\n                    <a data-rel=\"iLightbox[postimages]\" data-title=\"Wuustwezel_2016-20160403MxWuustwezel012\" data-caption=\"\" href=\"https:\/\/fr.motocrossmag.be\/wp-content\/uploads\/2016\/04\/Wuustwezel_2016-20160403MxWuustwezel012.jpg\" data-rel=\"rgg\" rel=\"rgg\" title=\"\" class=\"rgg-disabled size-medium rgg-img\" data-src=\"https:\/\/fr.motocrossmag.be\/wp-content\/uploads\/2016\/04\/Wuustwezel_2016-20160403MxWuustwezel012-650x432.jpg\" data-ratio=\"1.5046296296296\" data-height=\"432\" data-width=\"650\" aria-label=\"\">\n                            <\/a>\n                    <a data-rel=\"iLightbox[postimages]\" data-title=\"Wuustwezel_2016-20160403MxWuustwezel013\" data-caption=\"\" href=\"https:\/\/fr.motocrossmag.be\/wp-content\/uploads\/2016\/04\/Wuustwezel_2016-20160403MxWuustwezel013.jpg\" data-rel=\"rgg\" rel=\"rgg\" title=\"\" class=\"rgg-disabled size-medium rgg-img\" data-src=\"https:\/\/fr.motocrossmag.be\/wp-content\/uploads\/2016\/04\/Wuustwezel_2016-20160403MxWuustwezel013-650x432.jpg\" data-ratio=\"1.5046296296296\" data-height=\"432\" data-width=\"650\" aria-label=\"\">\n                            <\/a>\n                    <a data-rel=\"iLightbox[postimages]\" data-title=\"Wuustwezel_2016-20160403MxWuustwezel014\" data-caption=\"\" href=\"https:\/\/fr.motocrossmag.be\/wp-content\/uploads\/2016\/04\/Wuustwezel_2016-20160403MxWuustwezel014.jpg\" data-rel=\"rgg\" rel=\"rgg\" title=\"\" class=\"rgg-disabled size-medium rgg-img\" data-src=\"https:\/\/fr.motocrossmag.be\/wp-content\/uploads\/2016\/04\/Wuustwezel_2016-20160403MxWuustwezel014-650x432.jpg\" data-ratio=\"1.5046296296296\" data-height=\"432\" data-width=\"650\" aria-label=\"\">\n                            <\/a>\n                    <a data-rel=\"iLightbox[postimages]\" data-title=\"Wuustwezel_2016-20160403MxWuustwezel015\" data-caption=\"\" href=\"https:\/\/fr.motocrossmag.be\/wp-content\/uploads\/2016\/04\/Wuustwezel_2016-20160403MxWuustwezel015.jpg\" data-rel=\"rgg\" rel=\"rgg\" title=\"\" class=\"rgg-disabled size-medium rgg-img\" data-src=\"https:\/\/fr.motocrossmag.be\/wp-content\/uploads\/2016\/04\/Wuustwezel_2016-20160403MxWuustwezel015-650x432.jpg\" data-ratio=\"1.5046296296296\" data-height=\"432\" data-width=\"650\" aria-label=\"\">\n                            <\/a>\n                    <a data-rel=\"iLightbox[postimages]\" data-title=\"Wuustwezel_2016-20160403MxWuustwezel016\" data-caption=\"\" href=\"https:\/\/fr.motocrossmag.be\/wp-content\/uploads\/2016\/04\/Wuustwezel_2016-20160403MxWuustwezel016.jpg\" data-rel=\"rgg\" rel=\"rgg\" title=\"\" class=\"rgg-disabled size-medium rgg-img\" data-src=\"https:\/\/fr.motocrossmag.be\/wp-content\/uploads\/2016\/04\/Wuustwezel_2016-20160403MxWuustwezel016-650x432.jpg\" data-ratio=\"1.5046296296296\" data-height=\"432\" data-width=\"650\" aria-label=\"\">\n                            <\/a>\n                    <a data-rel=\"iLightbox[postimages]\" data-title=\"Wuustwezel_2016-20160403MxWuustwezel017\" data-caption=\"\" href=\"https:\/\/fr.motocrossmag.be\/wp-content\/uploads\/2016\/04\/Wuustwezel_2016-20160403MxWuustwezel017.jpg\" data-rel=\"rgg\" rel=\"rgg\" title=\"\" class=\"rgg-disabled size-medium rgg-img\" data-src=\"https:\/\/fr.motocrossmag.be\/wp-content\/uploads\/2016\/04\/Wuustwezel_2016-20160403MxWuustwezel017-650x432.jpg\" data-ratio=\"1.5046296296296\" data-height=\"432\" data-width=\"650\" aria-label=\"\">\n                            <\/a>\n                    <a data-rel=\"iLightbox[postimages]\" data-title=\"Wuustwezel_2016-20160403MxWuustwezel018\" data-caption=\"\" href=\"https:\/\/fr.motocrossmag.be\/wp-content\/uploads\/2016\/04\/Wuustwezel_2016-20160403MxWuustwezel018.jpg\" data-rel=\"rgg\" rel=\"rgg\" title=\"\" class=\"rgg-disabled size-medium rgg-img\" data-src=\"https:\/\/fr.motocrossmag.be\/wp-content\/uploads\/2016\/04\/Wuustwezel_2016-20160403MxWuustwezel018-650x432.jpg\" data-ratio=\"1.5046296296296\" data-height=\"432\" data-width=\"650\" aria-label=\"\">\n                            <\/a>\n                    <a data-rel=\"iLightbox[postimages]\" data-title=\"Wuustwezel_2016-20160403MxWuustwezel019\" data-caption=\"\" href=\"https:\/\/fr.motocrossmag.be\/wp-content\/uploads\/2016\/04\/Wuustwezel_2016-20160403MxWuustwezel019.jpg\" data-rel=\"rgg\" rel=\"rgg\" title=\"\" class=\"rgg-disabled size-medium rgg-img\" data-src=\"https:\/\/fr.motocrossmag.be\/wp-content\/uploads\/2016\/04\/Wuustwezel_2016-20160403MxWuustwezel019-650x432.jpg\" data-ratio=\"1.5046296296296\" data-height=\"432\" data-width=\"650\" aria-label=\"\">\n                            <\/a>\n                    <a data-rel=\"iLightbox[postimages]\" data-title=\"Wuustwezel_2016-20160403MxWuustwezel020\" data-caption=\"\" href=\"https:\/\/fr.motocrossmag.be\/wp-content\/uploads\/2016\/04\/Wuustwezel_2016-20160403MxWuustwezel020.jpg\" data-rel=\"rgg\" rel=\"rgg\" title=\"\" class=\"rgg-disabled size-medium rgg-img\" data-src=\"https:\/\/fr.motocrossmag.be\/wp-content\/uploads\/2016\/04\/Wuustwezel_2016-20160403MxWuustwezel020-650x432.jpg\" data-ratio=\"1.5046296296296\" data-height=\"432\" data-width=\"650\" aria-label=\"\">\n                            <\/a>\n                    <a data-rel=\"iLightbox[postimages]\" data-title=\"Wuustwezel_2016-20160403MxWuustwezel021\" data-caption=\"\" href=\"https:\/\/fr.motocrossmag.be\/wp-content\/uploads\/2016\/04\/Wuustwezel_2016-20160403MxWuustwezel021.jpg\" data-rel=\"rgg\" rel=\"rgg\" title=\"\" class=\"rgg-disabled size-medium rgg-img\" data-src=\"https:\/\/fr.motocrossmag.be\/wp-content\/uploads\/2016\/04\/Wuustwezel_2016-20160403MxWuustwezel021-650x432.jpg\" data-ratio=\"1.5046296296296\" data-height=\"432\" data-width=\"650\" aria-label=\"\">\n                            <\/a>\n                    <a data-rel=\"iLightbox[postimages]\" data-title=\"Wuustwezel_2016-20160403MxWuustwezel022\" data-caption=\"\" href=\"https:\/\/fr.motocrossmag.be\/wp-content\/uploads\/2016\/04\/Wuustwezel_2016-20160403MxWuustwezel022.jpg\" data-rel=\"rgg\" rel=\"rgg\" title=\"\" class=\"rgg-disabled size-medium rgg-img\" data-src=\"https:\/\/fr.motocrossmag.be\/wp-content\/uploads\/2016\/04\/Wuustwezel_2016-20160403MxWuustwezel022-650x432.jpg\" data-ratio=\"1.5046296296296\" data-height=\"432\" data-width=\"650\" aria-label=\"\">\n                            <\/a>\n                    <a data-rel=\"iLightbox[postimages]\" data-title=\"Wuustwezel_2016-20160403MxWuustwezel023\" data-caption=\"\" href=\"https:\/\/fr.motocrossmag.be\/wp-content\/uploads\/2016\/04\/Wuustwezel_2016-20160403MxWuustwezel023.jpg\" data-rel=\"rgg\" rel=\"rgg\" title=\"\" class=\"rgg-disabled size-medium rgg-img\" data-src=\"https:\/\/fr.motocrossmag.be\/wp-content\/uploads\/2016\/04\/Wuustwezel_2016-20160403MxWuustwezel023-650x432.jpg\" data-ratio=\"1.5046296296296\" data-height=\"432\" data-width=\"650\" aria-label=\"\">\n                            <\/a>\n                    <a data-rel=\"iLightbox[postimages]\" data-title=\"Wuustwezel_2016-20160403MxWuustwezel024\" data-caption=\"\" href=\"https:\/\/fr.motocrossmag.be\/wp-content\/uploads\/2016\/04\/Wuustwezel_2016-20160403MxWuustwezel024.jpg\" data-rel=\"rgg\" rel=\"rgg\" title=\"\" class=\"rgg-disabled size-medium rgg-img\" data-src=\"https:\/\/fr.motocrossmag.be\/wp-content\/uploads\/2016\/04\/Wuustwezel_2016-20160403MxWuustwezel024-650x432.jpg\" data-ratio=\"1.5046296296296\" data-height=\"432\" data-width=\"650\" aria-label=\"\">\n                            <\/a>\n                    <a data-rel=\"iLightbox[postimages]\" data-title=\"Wuustwezel_2016-20160403MxWuustwezel025\" data-caption=\"\" href=\"https:\/\/fr.motocrossmag.be\/wp-content\/uploads\/2016\/04\/Wuustwezel_2016-20160403MxWuustwezel025.jpg\" data-rel=\"rgg\" rel=\"rgg\" title=\"\" class=\"rgg-disabled size-medium rgg-img\" data-src=\"https:\/\/fr.motocrossmag.be\/wp-content\/uploads\/2016\/04\/Wuustwezel_2016-20160403MxWuustwezel025-650x432.jpg\" data-ratio=\"1.5046296296296\" data-height=\"432\" data-width=\"650\" aria-label=\"\">\n                            <\/a>\n                    <a data-rel=\"iLightbox[postimages]\" data-title=\"Wuustwezel_2016-20160403MxWuustwezel026\" data-caption=\"\" href=\"https:\/\/fr.motocrossmag.be\/wp-content\/uploads\/2016\/04\/Wuustwezel_2016-20160403MxWuustwezel026.jpg\" data-rel=\"rgg\" rel=\"rgg\" title=\"\" class=\"rgg-disabled size-medium rgg-img\" data-src=\"https:\/\/fr.motocrossmag.be\/wp-content\/uploads\/2016\/04\/Wuustwezel_2016-20160403MxWuustwezel026-650x432.jpg\" data-ratio=\"1.5046296296296\" data-height=\"432\" data-width=\"650\" aria-label=\"\">\n                            <\/a>\n                    <a data-rel=\"iLightbox[postimages]\" data-title=\"Wuustwezel_2016-20160403MxWuustwezel027\" data-caption=\"\" href=\"https:\/\/fr.motocrossmag.be\/wp-content\/uploads\/2016\/04\/Wuustwezel_2016-20160403MxWuustwezel027.jpg\" data-rel=\"rgg\" rel=\"rgg\" title=\"\" class=\"rgg-disabled size-medium rgg-img\" data-src=\"https:\/\/fr.motocrossmag.be\/wp-content\/uploads\/2016\/04\/Wuustwezel_2016-20160403MxWuustwezel027-650x432.jpg\" data-ratio=\"1.5046296296296\" data-height=\"432\" data-width=\"650\" aria-label=\"\">\n                            <\/a>\n                    <a data-rel=\"iLightbox[postimages]\" data-title=\"Wuustwezel_2016-20160403MxWuustwezel028\" data-caption=\"\" href=\"https:\/\/fr.motocrossmag.be\/wp-content\/uploads\/2016\/04\/Wuustwezel_2016-20160403MxWuustwezel028.jpg\" data-rel=\"rgg\" rel=\"rgg\" title=\"\" class=\"rgg-disabled size-medium rgg-img\" data-src=\"https:\/\/fr.motocrossmag.be\/wp-content\/uploads\/2016\/04\/Wuustwezel_2016-20160403MxWuustwezel028-650x432.jpg\" data-ratio=\"1.5046296296296\" data-height=\"432\" data-width=\"650\" aria-label=\"\">\n                            <\/a>\n                    <a data-rel=\"iLightbox[postimages]\" data-title=\"Wuustwezel_2016-20160403MxWuustwezel029\" data-caption=\"\" href=\"https:\/\/fr.motocrossmag.be\/wp-content\/uploads\/2016\/04\/Wuustwezel_2016-20160403MxWuustwezel029.jpg\" data-rel=\"rgg\" rel=\"rgg\" title=\"\" class=\"rgg-disabled size-medium rgg-img\" data-src=\"https:\/\/fr.motocrossmag.be\/wp-content\/uploads\/2016\/04\/Wuustwezel_2016-20160403MxWuustwezel029-650x432.jpg\" data-ratio=\"1.5046296296296\" data-height=\"432\" data-width=\"650\" aria-label=\"\">\n                            <\/a>\n                    <a data-rel=\"iLightbox[postimages]\" data-title=\"Wuustwezel_2016-20160403MxWuustwezel030\" data-caption=\"\" href=\"https:\/\/fr.motocrossmag.be\/wp-content\/uploads\/2016\/04\/Wuustwezel_2016-20160403MxWuustwezel030.jpg\" data-rel=\"rgg\" rel=\"rgg\" title=\"\" class=\"rgg-disabled size-medium rgg-img\" data-src=\"https:\/\/fr.motocrossmag.be\/wp-content\/uploads\/2016\/04\/Wuustwezel_2016-20160403MxWuustwezel030-650x432.jpg\" data-ratio=\"1.5046296296296\" data-height=\"432\" data-width=\"650\" aria-label=\"\">\n                            <\/a>\n                    <a data-rel=\"iLightbox[postimages]\" data-title=\"Wuustwezel_2016-20160403MxWuustwezel031\" data-caption=\"\" href=\"https:\/\/fr.motocrossmag.be\/wp-content\/uploads\/2016\/04\/Wuustwezel_2016-20160403MxWuustwezel031.jpg\" data-rel=\"rgg\" rel=\"rgg\" title=\"\" class=\"rgg-disabled size-medium rgg-img\" data-src=\"https:\/\/fr.motocrossmag.be\/wp-content\/uploads\/2016\/04\/Wuustwezel_2016-20160403MxWuustwezel031-650x432.jpg\" data-ratio=\"1.5046296296296\" data-height=\"432\" data-width=\"650\" aria-label=\"\">\n                            <\/a>\n                    <a data-rel=\"iLightbox[postimages]\" data-title=\"Wuustwezel_2016-20160403MxWuustwezel032\" data-caption=\"\" href=\"https:\/\/fr.motocrossmag.be\/wp-content\/uploads\/2016\/04\/Wuustwezel_2016-20160403MxWuustwezel032.jpg\" data-rel=\"rgg\" rel=\"rgg\" title=\"\" class=\"rgg-disabled size-medium rgg-img\" data-src=\"https:\/\/fr.motocrossmag.be\/wp-content\/uploads\/2016\/04\/Wuustwezel_2016-20160403MxWuustwezel032-650x432.jpg\" data-ratio=\"1.5046296296296\" data-height=\"432\" data-width=\"650\" aria-label=\"\">\n                            <\/a>\n                    <a data-rel=\"iLightbox[postimages]\" data-title=\"Wuustwezel_2016-20160403MxWuustwezel033\" data-caption=\"\" href=\"https:\/\/fr.motocrossmag.be\/wp-content\/uploads\/2016\/04\/Wuustwezel_2016-20160403MxWuustwezel033.jpg\" data-rel=\"rgg\" rel=\"rgg\" title=\"\" class=\"rgg-disabled size-medium rgg-img\" data-src=\"https:\/\/fr.motocrossmag.be\/wp-content\/uploads\/2016\/04\/Wuustwezel_2016-20160403MxWuustwezel033-650x432.jpg\" data-ratio=\"1.5046296296296\" data-height=\"432\" data-width=\"650\" aria-label=\"\">\n                            <\/a>\n                    <a data-rel=\"iLightbox[postimages]\" data-title=\"Wuustwezel_2016-20160403MxWuustwezel034\" data-caption=\"\" href=\"https:\/\/fr.motocrossmag.be\/wp-content\/uploads\/2016\/04\/Wuustwezel_2016-20160403MxWuustwezel034.jpg\" data-rel=\"rgg\" rel=\"rgg\" title=\"\" class=\"rgg-disabled size-medium rgg-img\" data-src=\"https:\/\/fr.motocrossmag.be\/wp-content\/uploads\/2016\/04\/Wuustwezel_2016-20160403MxWuustwezel034-650x432.jpg\" data-ratio=\"1.5046296296296\" data-height=\"432\" data-width=\"650\" aria-label=\"\">\n                            <\/a>\n                    <a data-rel=\"iLightbox[postimages]\" data-title=\"Wuustwezel_2016-20160403MxWuustwezel035\" data-caption=\"\" href=\"https:\/\/fr.motocrossmag.be\/wp-content\/uploads\/2016\/04\/Wuustwezel_2016-20160403MxWuustwezel035.jpg\" data-rel=\"rgg\" rel=\"rgg\" title=\"\" class=\"rgg-disabled size-medium rgg-img\" data-src=\"https:\/\/fr.motocrossmag.be\/wp-content\/uploads\/2016\/04\/Wuustwezel_2016-20160403MxWuustwezel035-650x432.jpg\" data-ratio=\"1.5046296296296\" data-height=\"432\" data-width=\"650\" aria-label=\"\">\n                            <\/a>\n                    <a data-rel=\"iLightbox[postimages]\" data-title=\"Wuustwezel_2016-20160403MxWuustwezel036\" data-caption=\"\" href=\"https:\/\/fr.motocrossmag.be\/wp-content\/uploads\/2016\/04\/Wuustwezel_2016-20160403MxWuustwezel036.jpg\" data-rel=\"rgg\" rel=\"rgg\" title=\"\" class=\"rgg-disabled size-medium rgg-img\" data-src=\"https:\/\/fr.motocrossmag.be\/wp-content\/uploads\/2016\/04\/Wuustwezel_2016-20160403MxWuustwezel036-650x432.jpg\" data-ratio=\"1.5046296296296\" data-height=\"432\" data-width=\"650\" aria-label=\"\">\n                            <\/a>\n                    <a data-rel=\"iLightbox[postimages]\" data-title=\"Wuustwezel_2016-20160403MxWuustwezel037\" data-caption=\"\" href=\"https:\/\/fr.motocrossmag.be\/wp-content\/uploads\/2016\/04\/Wuustwezel_2016-20160403MxWuustwezel037.jpg\" data-rel=\"rgg\" rel=\"rgg\" title=\"\" class=\"rgg-disabled size-medium rgg-img\" data-src=\"https:\/\/fr.motocrossmag.be\/wp-content\/uploads\/2016\/04\/Wuustwezel_2016-20160403MxWuustwezel037-650x432.jpg\" data-ratio=\"1.5046296296296\" data-height=\"432\" data-width=\"650\" aria-label=\"\">\n                            <\/a>\n                    <a data-rel=\"iLightbox[postimages]\" data-title=\"Wuustwezel_2016-20160403MxWuustwezel038\" data-caption=\"\" href=\"https:\/\/fr.motocrossmag.be\/wp-content\/uploads\/2016\/04\/Wuustwezel_2016-20160403MxWuustwezel038.jpg\" data-rel=\"rgg\" rel=\"rgg\" title=\"\" class=\"rgg-disabled size-medium rgg-img\" data-src=\"https:\/\/fr.motocrossmag.be\/wp-content\/uploads\/2016\/04\/Wuustwezel_2016-20160403MxWuustwezel038-650x432.jpg\" data-ratio=\"1.5046296296296\" data-height=\"432\" data-width=\"650\" aria-label=\"\">\n                            <\/a>\n                    <a data-rel=\"iLightbox[postimages]\" data-title=\"Wuustwezel_2016-20160403MxWuustwezel039\" data-caption=\"\" href=\"https:\/\/fr.motocrossmag.be\/wp-content\/uploads\/2016\/04\/Wuustwezel_2016-20160403MxWuustwezel039.jpg\" data-rel=\"rgg\" rel=\"rgg\" title=\"\" class=\"rgg-disabled size-medium rgg-img\" data-src=\"https:\/\/fr.motocrossmag.be\/wp-content\/uploads\/2016\/04\/Wuustwezel_2016-20160403MxWuustwezel039-650x432.jpg\" data-ratio=\"1.5046296296296\" data-height=\"432\" data-width=\"650\" aria-label=\"\">\n                            <\/a>\n                    <a data-rel=\"iLightbox[postimages]\" data-title=\"Wuustwezel_2016-20160403MxWuustwezel040\" data-caption=\"\" href=\"https:\/\/fr.motocrossmag.be\/wp-content\/uploads\/2016\/04\/Wuustwezel_2016-20160403MxWuustwezel040.jpg\" data-rel=\"rgg\" rel=\"rgg\" title=\"\" class=\"rgg-disabled size-medium rgg-img\" data-src=\"https:\/\/fr.motocrossmag.be\/wp-content\/uploads\/2016\/04\/Wuustwezel_2016-20160403MxWuustwezel040-650x432.jpg\" data-ratio=\"1.5046296296296\" data-height=\"432\" data-width=\"650\" aria-label=\"\">\n                            <\/a>\n                    <a data-rel=\"iLightbox[postimages]\" data-title=\"Wuustwezel_2016-20160403MxWuustwezel041\" data-caption=\"\" href=\"https:\/\/fr.motocrossmag.be\/wp-content\/uploads\/2016\/04\/Wuustwezel_2016-20160403MxWuustwezel041.jpg\" data-rel=\"rgg\" rel=\"rgg\" title=\"\" class=\"rgg-disabled size-medium rgg-img\" data-src=\"https:\/\/fr.motocrossmag.be\/wp-content\/uploads\/2016\/04\/Wuustwezel_2016-20160403MxWuustwezel041-650x432.jpg\" data-ratio=\"1.5046296296296\" data-height=\"432\" data-width=\"650\" aria-label=\"\">\n                            <\/a>\n                    <a data-rel=\"iLightbox[postimages]\" data-title=\"Wuustwezel_2016-20160403MxWuustwezel042\" data-caption=\"\" href=\"https:\/\/fr.motocrossmag.be\/wp-content\/uploads\/2016\/04\/Wuustwezel_2016-20160403MxWuustwezel042.jpg\" data-rel=\"rgg\" rel=\"rgg\" title=\"\" class=\"rgg-disabled size-medium rgg-img\" data-src=\"https:\/\/fr.motocrossmag.be\/wp-content\/uploads\/2016\/04\/Wuustwezel_2016-20160403MxWuustwezel042-650x432.jpg\" data-ratio=\"1.5046296296296\" data-height=\"432\" data-width=\"650\" aria-label=\"\">\n                            <\/a>\n                    <a data-rel=\"iLightbox[postimages]\" data-title=\"Wuustwezel_2016-20160403MxWuustwezel043\" data-caption=\"\" href=\"https:\/\/fr.motocrossmag.be\/wp-content\/uploads\/2016\/04\/Wuustwezel_2016-20160403MxWuustwezel043.jpg\" data-rel=\"rgg\" rel=\"rgg\" title=\"\" class=\"rgg-disabled size-medium rgg-img\" data-src=\"https:\/\/fr.motocrossmag.be\/wp-content\/uploads\/2016\/04\/Wuustwezel_2016-20160403MxWuustwezel043-650x432.jpg\" data-ratio=\"1.5046296296296\" data-height=\"432\" data-width=\"650\" aria-label=\"\">\n                            <\/a>\n            <\/div>\n<\/div>\n","protected":false},"excerpt":{"rendered":"<p>Retour en images sur une 46\u00e8me \u00e9dition ensoleill\u00e9e du motocross international de Wuustwezel, disput\u00e9e ce dimanche et remport\u00e9e par Max Nagl devant le pilote de l&rsquo;AMC Wuustwezel Kevin Strijbos&#8230; Photos: [&#8230;]<\/p>\n","protected":false},"author":932,"featured_media":44808,"comment_status":"open","ping_status":"closed","sticky":false,"template":"","format":"standard","meta":{"footnotes":""},"categories":[54,4,29,5,55,66,65],"tags":[],"class_list":["post-44785","post","type-post","status-publish","format-standard","has-post-thumbnail","hentry","category-actualite","category-motocross","category-fmb","category-news","category-news-actualite","category-photos","category-slideshow"],"yoast_head":"<!-- This site is optimized with the Yoast SEO plugin v27.4 - https:\/\/yoast.com\/product\/yoast-seo-wordpress\/ -->\n<title>Photos: 46\u00e8me motocross international \u00e0 Wuustwezel - Motocross - Enduro - Supermoto | MotocrossMag<\/title>\n<meta name=\"robots\" content=\"index, follow, max-snippet:-1, max-image-preview:large, max-video-preview:-1\" \/>\n<link rel=\"canonical\" href=\"https:\/\/fr.motocrossmag.be\/index.php\/2016\/04\/photos-46eme-motocross-international-a-wuustwezel\/\" \/>\n<meta property=\"og:locale\" content=\"fr_FR\" \/>\n<meta property=\"og:type\" content=\"article\" \/>\n<meta property=\"og:title\" content=\"Photos: 46\u00e8me motocross international \u00e0 Wuustwezel - Motocross - Enduro - Supermoto | MotocrossMag\" \/>\n<meta property=\"og:description\" content=\"Retour en images sur une 46\u00e8me \u00e9dition ensoleill\u00e9e du motocross international de Wuustwezel, disput\u00e9e ce dimanche et remport\u00e9e par Max Nagl devant le pilote de l&rsquo;AMC Wuustwezel Kevin Strijbos&#8230; Photos: [...]\" \/>\n<meta property=\"og:url\" content=\"https:\/\/fr.motocrossmag.be\/index.php\/2016\/04\/photos-46eme-motocross-international-a-wuustwezel\/\" \/>\n<meta property=\"og:site_name\" content=\"Motocross - Enduro - Supermoto | MotocrossMag\" \/>\n<meta property=\"article:published_time\" content=\"2016-04-05T22:47:47+00:00\" \/>\n<meta property=\"og:image\" content=\"https:\/\/fr.motocrossmag.be\/wp-content\/uploads\/2016\/04\/Wuustwezel_2016-20160403MxWuustwezel023.jpg\" \/>\n\t<meta property=\"og:image:width\" content=\"1000\" \/>\n\t<meta property=\"og:image:height\" content=\"664\" \/>\n\t<meta property=\"og:image:type\" content=\"image\/jpeg\" \/>\n<meta name=\"author\" content=\"oliviere\" \/>\n<meta name=\"twitter:card\" content=\"summary_large_image\" \/>\n<meta name=\"twitter:label1\" content=\"\u00c9crit par\" \/>\n\t<meta name=\"twitter:data1\" content=\"oliviere\" \/>\n<script type=\"application\/ld+json\" class=\"yoast-schema-graph\">{\"@context\":\"https:\\\/\\\/schema.org\",\"@graph\":[{\"@type\":\"Article\",\"@id\":\"https:\\\/\\\/fr.motocrossmag.be\\\/index.php\\\/2016\\\/04\\\/photos-46eme-motocross-international-a-wuustwezel\\\/#article\",\"isPartOf\":{\"@id\":\"https:\\\/\\\/fr.motocrossmag.be\\\/index.php\\\/2016\\\/04\\\/photos-46eme-motocross-international-a-wuustwezel\\\/\"},\"author\":{\"name\":\"oliviere\",\"@id\":\"https:\\\/\\\/fr.motocrossmag.be\\\/#\\\/schema\\\/person\\\/11b47143d9f755babca2c9110e03235c\"},\"headline\":\"Photos: 46\u00e8me motocross international \u00e0 Wuustwezel\",\"datePublished\":\"2016-04-05T22:47:47+00:00\",\"mainEntityOfPage\":{\"@id\":\"https:\\\/\\\/fr.motocrossmag.be\\\/index.php\\\/2016\\\/04\\\/photos-46eme-motocross-international-a-wuustwezel\\\/\"},\"wordCount\":46,\"commentCount\":0,\"image\":{\"@id\":\"https:\\\/\\\/fr.motocrossmag.be\\\/index.php\\\/2016\\\/04\\\/photos-46eme-motocross-international-a-wuustwezel\\\/#primaryimage\"},\"thumbnailUrl\":\"https:\\\/\\\/fr.motocrossmag.be\\\/wp-content\\\/uploads\\\/2016\\\/04\\\/Wuustwezel_2016-20160403MxWuustwezel023.jpg\",\"articleSection\":[\"Actualit\u00e9\",\"Motocross\",\"Motocross FMB\",\"News\",\"News\",\"Photos\",\"Slideshow\"],\"inLanguage\":\"fr-FR\",\"potentialAction\":[{\"@type\":\"CommentAction\",\"name\":\"Comment\",\"target\":[\"https:\\\/\\\/fr.motocrossmag.be\\\/index.php\\\/2016\\\/04\\\/photos-46eme-motocross-international-a-wuustwezel\\\/#respond\"]}]},{\"@type\":\"WebPage\",\"@id\":\"https:\\\/\\\/fr.motocrossmag.be\\\/index.php\\\/2016\\\/04\\\/photos-46eme-motocross-international-a-wuustwezel\\\/\",\"url\":\"https:\\\/\\\/fr.motocrossmag.be\\\/index.php\\\/2016\\\/04\\\/photos-46eme-motocross-international-a-wuustwezel\\\/\",\"name\":\"Photos: 46\u00e8me motocross international \u00e0 Wuustwezel - Motocross - Enduro - Supermoto | MotocrossMag\",\"isPartOf\":{\"@id\":\"https:\\\/\\\/fr.motocrossmag.be\\\/#website\"},\"primaryImageOfPage\":{\"@id\":\"https:\\\/\\\/fr.motocrossmag.be\\\/index.php\\\/2016\\\/04\\\/photos-46eme-motocross-international-a-wuustwezel\\\/#primaryimage\"},\"image\":{\"@id\":\"https:\\\/\\\/fr.motocrossmag.be\\\/index.php\\\/2016\\\/04\\\/photos-46eme-motocross-international-a-wuustwezel\\\/#primaryimage\"},\"thumbnailUrl\":\"https:\\\/\\\/fr.motocrossmag.be\\\/wp-content\\\/uploads\\\/2016\\\/04\\\/Wuustwezel_2016-20160403MxWuustwezel023.jpg\",\"datePublished\":\"2016-04-05T22:47:47+00:00\",\"author\":{\"@id\":\"https:\\\/\\\/fr.motocrossmag.be\\\/#\\\/schema\\\/person\\\/11b47143d9f755babca2c9110e03235c\"},\"breadcrumb\":{\"@id\":\"https:\\\/\\\/fr.motocrossmag.be\\\/index.php\\\/2016\\\/04\\\/photos-46eme-motocross-international-a-wuustwezel\\\/#breadcrumb\"},\"inLanguage\":\"fr-FR\",\"potentialAction\":[{\"@type\":\"ReadAction\",\"target\":[\"https:\\\/\\\/fr.motocrossmag.be\\\/index.php\\\/2016\\\/04\\\/photos-46eme-motocross-international-a-wuustwezel\\\/\"]}]},{\"@type\":\"ImageObject\",\"inLanguage\":\"fr-FR\",\"@id\":\"https:\\\/\\\/fr.motocrossmag.be\\\/index.php\\\/2016\\\/04\\\/photos-46eme-motocross-international-a-wuustwezel\\\/#primaryimage\",\"url\":\"https:\\\/\\\/fr.motocrossmag.be\\\/wp-content\\\/uploads\\\/2016\\\/04\\\/Wuustwezel_2016-20160403MxWuustwezel023.jpg\",\"contentUrl\":\"https:\\\/\\\/fr.motocrossmag.be\\\/wp-content\\\/uploads\\\/2016\\\/04\\\/Wuustwezel_2016-20160403MxWuustwezel023.jpg\",\"width\":1000,\"height\":664},{\"@type\":\"BreadcrumbList\",\"@id\":\"https:\\\/\\\/fr.motocrossmag.be\\\/index.php\\\/2016\\\/04\\\/photos-46eme-motocross-international-a-wuustwezel\\\/#breadcrumb\",\"itemListElement\":[{\"@type\":\"ListItem\",\"position\":1,\"name\":\"Accueil\",\"item\":\"https:\\\/\\\/fr.motocrossmag.be\\\/\"},{\"@type\":\"ListItem\",\"position\":2,\"name\":\"Photos: 46\u00e8me motocross international \u00e0 Wuustwezel\"}]},{\"@type\":\"WebSite\",\"@id\":\"https:\\\/\\\/fr.motocrossmag.be\\\/#website\",\"url\":\"https:\\\/\\\/fr.motocrossmag.be\\\/\",\"name\":\"Motocross - Enduro - Supermoto | MotocrossMag\",\"description\":\"L&#039;actualit\u00e9 du motocross, de l&#039;enduro et du Supermoto en ligne!\",\"potentialAction\":[{\"@type\":\"SearchAction\",\"target\":{\"@type\":\"EntryPoint\",\"urlTemplate\":\"https:\\\/\\\/fr.motocrossmag.be\\\/?s={search_term_string}\"},\"query-input\":{\"@type\":\"PropertyValueSpecification\",\"valueRequired\":true,\"valueName\":\"search_term_string\"}}],\"inLanguage\":\"fr-FR\"},{\"@type\":\"Person\",\"@id\":\"https:\\\/\\\/fr.motocrossmag.be\\\/#\\\/schema\\\/person\\\/11b47143d9f755babca2c9110e03235c\",\"name\":\"oliviere\",\"image\":{\"@type\":\"ImageObject\",\"inLanguage\":\"fr-FR\",\"@id\":\"https:\\\/\\\/secure.gravatar.com\\\/avatar\\\/907069e0b81d119452040469e4a7501da1100f54f7f80180ce77bfab718288f6?s=96&d=mm&r=g\",\"url\":\"https:\\\/\\\/secure.gravatar.com\\\/avatar\\\/907069e0b81d119452040469e4a7501da1100f54f7f80180ce77bfab718288f6?s=96&d=mm&r=g\",\"contentUrl\":\"https:\\\/\\\/secure.gravatar.com\\\/avatar\\\/907069e0b81d119452040469e4a7501da1100f54f7f80180ce77bfab718288f6?s=96&d=mm&r=g\",\"caption\":\"oliviere\"},\"sameAs\":[\"http:\\\/\\\/www.motocrossmag.be\"],\"url\":\"https:\\\/\\\/fr.motocrossmag.be\\\/index.php\\\/author\\\/oliviere\\\/\"}]}<\/script>\n<!-- \/ Yoast SEO plugin. -->","yoast_head_json":{"title":"Photos: 46\u00e8me motocross international \u00e0 Wuustwezel - Motocross - Enduro - Supermoto | MotocrossMag","robots":{"index":"index","follow":"follow","max-snippet":"max-snippet:-1","max-image-preview":"max-image-preview:large","max-video-preview":"max-video-preview:-1"},"canonical":"https:\/\/fr.motocrossmag.be\/index.php\/2016\/04\/photos-46eme-motocross-international-a-wuustwezel\/","og_locale":"fr_FR","og_type":"article","og_title":"Photos: 46\u00e8me motocross international \u00e0 Wuustwezel - Motocross - Enduro - Supermoto | MotocrossMag","og_description":"Retour en images sur une 46\u00e8me \u00e9dition ensoleill\u00e9e du motocross international de Wuustwezel, disput\u00e9e ce dimanche et remport\u00e9e par Max Nagl devant le pilote de l&rsquo;AMC Wuustwezel Kevin Strijbos&#8230; Photos: [...]","og_url":"https:\/\/fr.motocrossmag.be\/index.php\/2016\/04\/photos-46eme-motocross-international-a-wuustwezel\/","og_site_name":"Motocross - Enduro - Supermoto | MotocrossMag","article_published_time":"2016-04-05T22:47:47+00:00","og_image":[{"width":1000,"height":664,"url":"https:\/\/fr.motocrossmag.be\/wp-content\/uploads\/2016\/04\/Wuustwezel_2016-20160403MxWuustwezel023.jpg","type":"image\/jpeg"}],"author":"oliviere","twitter_card":"summary_large_image","twitter_misc":{"\u00c9crit par":"oliviere"},"schema":{"@context":"https:\/\/schema.org","@graph":[{"@type":"Article","@id":"https:\/\/fr.motocrossmag.be\/index.php\/2016\/04\/photos-46eme-motocross-international-a-wuustwezel\/#article","isPartOf":{"@id":"https:\/\/fr.motocrossmag.be\/index.php\/2016\/04\/photos-46eme-motocross-international-a-wuustwezel\/"},"author":{"name":"oliviere","@id":"https:\/\/fr.motocrossmag.be\/#\/schema\/person\/11b47143d9f755babca2c9110e03235c"},"headline":"Photos: 46\u00e8me motocross international \u00e0 Wuustwezel","datePublished":"2016-04-05T22:47:47+00:00","mainEntityOfPage":{"@id":"https:\/\/fr.motocrossmag.be\/index.php\/2016\/04\/photos-46eme-motocross-international-a-wuustwezel\/"},"wordCount":46,"commentCount":0,"image":{"@id":"https:\/\/fr.motocrossmag.be\/index.php\/2016\/04\/photos-46eme-motocross-international-a-wuustwezel\/#primaryimage"},"thumbnailUrl":"https:\/\/fr.motocrossmag.be\/wp-content\/uploads\/2016\/04\/Wuustwezel_2016-20160403MxWuustwezel023.jpg","articleSection":["Actualit\u00e9","Motocross","Motocross FMB","News","News","Photos","Slideshow"],"inLanguage":"fr-FR","potentialAction":[{"@type":"CommentAction","name":"Comment","target":["https:\/\/fr.motocrossmag.be\/index.php\/2016\/04\/photos-46eme-motocross-international-a-wuustwezel\/#respond"]}]},{"@type":"WebPage","@id":"https:\/\/fr.motocrossmag.be\/index.php\/2016\/04\/photos-46eme-motocross-international-a-wuustwezel\/","url":"https:\/\/fr.motocrossmag.be\/index.php\/2016\/04\/photos-46eme-motocross-international-a-wuustwezel\/","name":"Photos: 46\u00e8me motocross international \u00e0 Wuustwezel - Motocross - Enduro - Supermoto | MotocrossMag","isPartOf":{"@id":"https:\/\/fr.motocrossmag.be\/#website"},"primaryImageOfPage":{"@id":"https:\/\/fr.motocrossmag.be\/index.php\/2016\/04\/photos-46eme-motocross-international-a-wuustwezel\/#primaryimage"},"image":{"@id":"https:\/\/fr.motocrossmag.be\/index.php\/2016\/04\/photos-46eme-motocross-international-a-wuustwezel\/#primaryimage"},"thumbnailUrl":"https:\/\/fr.motocrossmag.be\/wp-content\/uploads\/2016\/04\/Wuustwezel_2016-20160403MxWuustwezel023.jpg","datePublished":"2016-04-05T22:47:47+00:00","author":{"@id":"https:\/\/fr.motocrossmag.be\/#\/schema\/person\/11b47143d9f755babca2c9110e03235c"},"breadcrumb":{"@id":"https:\/\/fr.motocrossmag.be\/index.php\/2016\/04\/photos-46eme-motocross-international-a-wuustwezel\/#breadcrumb"},"inLanguage":"fr-FR","potentialAction":[{"@type":"ReadAction","target":["https:\/\/fr.motocrossmag.be\/index.php\/2016\/04\/photos-46eme-motocross-international-a-wuustwezel\/"]}]},{"@type":"ImageObject","inLanguage":"fr-FR","@id":"https:\/\/fr.motocrossmag.be\/index.php\/2016\/04\/photos-46eme-motocross-international-a-wuustwezel\/#primaryimage","url":"https:\/\/fr.motocrossmag.be\/wp-content\/uploads\/2016\/04\/Wuustwezel_2016-20160403MxWuustwezel023.jpg","contentUrl":"https:\/\/fr.motocrossmag.be\/wp-content\/uploads\/2016\/04\/Wuustwezel_2016-20160403MxWuustwezel023.jpg","width":1000,"height":664},{"@type":"BreadcrumbList","@id":"https:\/\/fr.motocrossmag.be\/index.php\/2016\/04\/photos-46eme-motocross-international-a-wuustwezel\/#breadcrumb","itemListElement":[{"@type":"ListItem","position":1,"name":"Accueil","item":"https:\/\/fr.motocrossmag.be\/"},{"@type":"ListItem","position":2,"name":"Photos: 46\u00e8me motocross international \u00e0 Wuustwezel"}]},{"@type":"WebSite","@id":"https:\/\/fr.motocrossmag.be\/#website","url":"https:\/\/fr.motocrossmag.be\/","name":"Motocross - Enduro - Supermoto | MotocrossMag","description":"L&#039;actualit\u00e9 du motocross, de l&#039;enduro et du Supermoto en ligne!","potentialAction":[{"@type":"SearchAction","target":{"@type":"EntryPoint","urlTemplate":"https:\/\/fr.motocrossmag.be\/?s={search_term_string}"},"query-input":{"@type":"PropertyValueSpecification","valueRequired":true,"valueName":"search_term_string"}}],"inLanguage":"fr-FR"},{"@type":"Person","@id":"https:\/\/fr.motocrossmag.be\/#\/schema\/person\/11b47143d9f755babca2c9110e03235c","name":"oliviere","image":{"@type":"ImageObject","inLanguage":"fr-FR","@id":"https:\/\/secure.gravatar.com\/avatar\/907069e0b81d119452040469e4a7501da1100f54f7f80180ce77bfab718288f6?s=96&d=mm&r=g","url":"https:\/\/secure.gravatar.com\/avatar\/907069e0b81d119452040469e4a7501da1100f54f7f80180ce77bfab718288f6?s=96&d=mm&r=g","contentUrl":"https:\/\/secure.gravatar.com\/avatar\/907069e0b81d119452040469e4a7501da1100f54f7f80180ce77bfab718288f6?s=96&d=mm&r=g","caption":"oliviere"},"sameAs":["http:\/\/www.motocrossmag.be"],"url":"https:\/\/fr.motocrossmag.be\/index.php\/author\/oliviere\/"}]}},"_links":{"self":[{"href":"https:\/\/fr.motocrossmag.be\/index.php\/wp-json\/wp\/v2\/posts\/44785","targetHints":{"allow":["GET"]}}],"collection":[{"href":"https:\/\/fr.motocrossmag.be\/index.php\/wp-json\/wp\/v2\/posts"}],"about":[{"href":"https:\/\/fr.motocrossmag.be\/index.php\/wp-json\/wp\/v2\/types\/post"}],"author":[{"embeddable":true,"href":"https:\/\/fr.motocrossmag.be\/index.php\/wp-json\/wp\/v2\/users\/932"}],"replies":[{"embeddable":true,"href":"https:\/\/fr.motocrossmag.be\/index.php\/wp-json\/wp\/v2\/comments?post=44785"}],"version-history":[{"count":1,"href":"https:\/\/fr.motocrossmag.be\/index.php\/wp-json\/wp\/v2\/posts\/44785\/revisions"}],"predecessor-version":[{"id":44829,"href":"https:\/\/fr.motocrossmag.be\/index.php\/wp-json\/wp\/v2\/posts\/44785\/revisions\/44829"}],"wp:featuredmedia":[{"embeddable":true,"href":"https:\/\/fr.motocrossmag.be\/index.php\/wp-json\/wp\/v2\/media\/44808"}],"wp:attachment":[{"href":"https:\/\/fr.motocrossmag.be\/index.php\/wp-json\/wp\/v2\/media?parent=44785"}],"wp:term":[{"taxonomy":"category","embeddable":true,"href":"https:\/\/fr.motocrossmag.be\/index.php\/wp-json\/wp\/v2\/categories?post=44785"},{"taxonomy":"post_tag","embeddable":true,"href":"https:\/\/fr.motocrossmag.be\/index.php\/wp-json\/wp\/v2\/tags?post=44785"}],"curies":[{"name":"wp","href":"https:\/\/api.w.org\/{rel}","templated":true}]}}