{"id":44892,"date":"2016-04-08T17:03:36","date_gmt":"2016-04-08T15:03:36","guid":{"rendered":"http:\/\/fr.motocrossmag.be\/?p=44892"},"modified":"2016-04-08T17:03:36","modified_gmt":"2016-04-08T15:03:36","slug":"six-pilotes-pour-defendre-les-couleurs-belges-ce-week-end-au-danemark","status":"publish","type":"post","link":"https:\/\/fr.motocrossmag.be\/index.php\/2016\/04\/six-pilotes-pour-defendre-les-couleurs-belges-ce-week-end-au-danemark\/","title":{"rendered":"Six pilotes pour d\u00e9fendre les couleurs belges ce week-end au Danemark"},"content":{"rendered":"<p>Cinqui\u00e8me l&rsquo;an pass\u00e9 du championnat d&rsquo;Europe 65cc, Liam Everts remet le couvert cette ann\u00e9e dans la cat\u00e9gorie et emm\u00e8ne avec lui au Danemark, o\u00f9 se dispute ce week-end \u00e0 Slagelse le premi\u00e8re \u00e9preuve de s\u00e9lection de la zone \u00ab\u00a0Nord-ouest\u00a0\u00bb dont fait partie la Belgique, une d\u00e9l\u00e9gation de 5 autres pilotes noir\/jaune\/rouge. De jeunes pilotes qui tenteront d&rsquo;arracher leur qualification pour la finale des championnats d&rsquo;Europe 65 et 85cc pr\u00e9vue \u00e0 Loket le 24 juillet prochain. Pour cela, une seule condition : \u00eatre dans le top-10 du championnat \u00e0 l&rsquo;issue des 5 \u00e9preuves qualificatives de la zone Nord-ouest.<\/p>\n<p>Un d\u00e9fi que Liam Everts, Lucas Coenen, Sacha Coenen et Yoran Moens ont d\u00e9cid\u00e9 de relever en 65cc tandis que Lucas Adam et Emilio Vannieuwenhuyze seront nos deux repr\u00e9sentants en 85cc.<\/p>\n<p>Tout ce petit monde sera encadr\u00e9 sur place par le d\u00e9l\u00e9gu\u00e9 de la F\u00e9d\u00e9ration Motocycliste de Belgique Robert Gielis et vient de participer la semaine pass\u00e9e au 5\u00e8me stage d&rsquo;encadrement mis sur pied par la f\u00e9d\u00e9ration avec Yves Devlaminck sur les circuits d&rsquo;Amigny-Rouy et Crisolles, en France.<\/p>\n<p><span style=\"color: #ff0000;\"><strong>Calendrier EMX65-85cc 2016 (zone N\/O)<\/strong><\/span><\/p>\n<p>9-10\/04: Slagelse &#8211; Danemark<br \/>\n16-17\/04: Senkvice &#8211; Slovaquie<br \/>\n30\/04-1\/05:\u00a0 St. Isidorushoeve &#8211; Pays-Bas<br \/>\n14-15\/05: Moorgrund &#8211; Allemagne<br \/>\n28-29\/05:\u00a0 Imatra &#8211; Finlande<\/p>\n<p>&nbsp;<\/p>\n","protected":false},"excerpt":{"rendered":"<p>Cinqui\u00e8me l&rsquo;an pass\u00e9 du championnat d&rsquo;Europe 65cc, Liam Everts remet le couvert cette ann\u00e9e dans la cat\u00e9gorie et emm\u00e8ne avec lui au Danemark, o\u00f9 se dispute ce week-end \u00e0 Slagelse [&#8230;]<\/p>\n","protected":false},"author":932,"featured_media":33864,"comment_status":"open","ping_status":"closed","sticky":false,"template":"","format":"standard","meta":{"footnotes":""},"categories":[54,128,4,5,55,65],"tags":[],"class_list":["post-44892","post","type-post","status-publish","format-standard","has-post-thumbnail","hentry","category-actualite","category-emx-125-emx2","category-motocross","category-news","category-news-actualite","category-slideshow"],"yoast_head":"<!-- This site is optimized with the Yoast SEO plugin v27.4 - https:\/\/yoast.com\/product\/yoast-seo-wordpress\/ -->\n<title>Six pilotes pour d\u00e9fendre les couleurs belges ce week-end au Danemark - Motocross - Enduro - Supermoto | MotocrossMag<\/title>\n<meta name=\"robots\" content=\"index, follow, max-snippet:-1, max-image-preview:large, max-video-preview:-1\" \/>\n<link rel=\"canonical\" href=\"https:\/\/fr.motocrossmag.be\/index.php\/2016\/04\/six-pilotes-pour-defendre-les-couleurs-belges-ce-week-end-au-danemark\/\" \/>\n<meta property=\"og:locale\" content=\"fr_FR\" \/>\n<meta property=\"og:type\" content=\"article\" \/>\n<meta property=\"og:title\" content=\"Six pilotes pour d\u00e9fendre les couleurs belges ce week-end au Danemark - Motocross - Enduro - Supermoto | MotocrossMag\" \/>\n<meta property=\"og:description\" content=\"Cinqui\u00e8me l&rsquo;an pass\u00e9 du championnat d&rsquo;Europe 65cc, Liam Everts remet le couvert cette ann\u00e9e dans la cat\u00e9gorie et emm\u00e8ne avec lui au Danemark, o\u00f9 se dispute ce week-end \u00e0 Slagelse [...]\" \/>\n<meta property=\"og:url\" content=\"https:\/\/fr.motocrossmag.be\/index.php\/2016\/04\/six-pilotes-pour-defendre-les-couleurs-belges-ce-week-end-au-danemark\/\" \/>\n<meta property=\"og:site_name\" content=\"Motocross - Enduro - Supermoto | MotocrossMag\" \/>\n<meta property=\"article:published_time\" content=\"2016-04-08T15:03:36+00:00\" \/>\n<meta property=\"og:image\" content=\"https:\/\/fr.motocrossmag.be\/wp-content\/uploads\/2015\/05\/everts_liam_action.jpg\" \/>\n\t<meta property=\"og:image:width\" content=\"800\" \/>\n\t<meta property=\"og:image:height\" content=\"533\" \/>\n\t<meta property=\"og:image:type\" content=\"image\/jpeg\" \/>\n<meta name=\"author\" content=\"oliviere\" \/>\n<meta name=\"twitter:card\" content=\"summary_large_image\" \/>\n<meta name=\"twitter:label1\" content=\"\u00c9crit par\" \/>\n\t<meta name=\"twitter:data1\" content=\"oliviere\" \/>\n\t<meta name=\"twitter:label2\" content=\"Dur\u00e9e de lecture estim\u00e9e\" \/>\n\t<meta name=\"twitter:data2\" content=\"1 minute\" \/>\n<script type=\"application\/ld+json\" class=\"yoast-schema-graph\">{\"@context\":\"https:\\\/\\\/schema.org\",\"@graph\":[{\"@type\":\"Article\",\"@id\":\"https:\\\/\\\/fr.motocrossmag.be\\\/index.php\\\/2016\\\/04\\\/six-pilotes-pour-defendre-les-couleurs-belges-ce-week-end-au-danemark\\\/#article\",\"isPartOf\":{\"@id\":\"https:\\\/\\\/fr.motocrossmag.be\\\/index.php\\\/2016\\\/04\\\/six-pilotes-pour-defendre-les-couleurs-belges-ce-week-end-au-danemark\\\/\"},\"author\":{\"name\":\"oliviere\",\"@id\":\"https:\\\/\\\/fr.motocrossmag.be\\\/#\\\/schema\\\/person\\\/11b47143d9f755babca2c9110e03235c\"},\"headline\":\"Six pilotes pour d\u00e9fendre les couleurs belges ce week-end au Danemark\",\"datePublished\":\"2016-04-08T15:03:36+00:00\",\"mainEntityOfPage\":{\"@id\":\"https:\\\/\\\/fr.motocrossmag.be\\\/index.php\\\/2016\\\/04\\\/six-pilotes-pour-defendre-les-couleurs-belges-ce-week-end-au-danemark\\\/\"},\"wordCount\":236,\"commentCount\":0,\"image\":{\"@id\":\"https:\\\/\\\/fr.motocrossmag.be\\\/index.php\\\/2016\\\/04\\\/six-pilotes-pour-defendre-les-couleurs-belges-ce-week-end-au-danemark\\\/#primaryimage\"},\"thumbnailUrl\":\"https:\\\/\\\/fr.motocrossmag.be\\\/wp-content\\\/uploads\\\/2015\\\/05\\\/everts_liam_action.jpg\",\"articleSection\":[\"Actualit\u00e9\",\"EMX\",\"Motocross\",\"News\",\"News\",\"Slideshow\"],\"inLanguage\":\"fr-FR\",\"potentialAction\":[{\"@type\":\"CommentAction\",\"name\":\"Comment\",\"target\":[\"https:\\\/\\\/fr.motocrossmag.be\\\/index.php\\\/2016\\\/04\\\/six-pilotes-pour-defendre-les-couleurs-belges-ce-week-end-au-danemark\\\/#respond\"]}]},{\"@type\":\"WebPage\",\"@id\":\"https:\\\/\\\/fr.motocrossmag.be\\\/index.php\\\/2016\\\/04\\\/six-pilotes-pour-defendre-les-couleurs-belges-ce-week-end-au-danemark\\\/\",\"url\":\"https:\\\/\\\/fr.motocrossmag.be\\\/index.php\\\/2016\\\/04\\\/six-pilotes-pour-defendre-les-couleurs-belges-ce-week-end-au-danemark\\\/\",\"name\":\"Six pilotes pour d\u00e9fendre les couleurs belges ce week-end au Danemark - Motocross - Enduro - Supermoto | MotocrossMag\",\"isPartOf\":{\"@id\":\"https:\\\/\\\/fr.motocrossmag.be\\\/#website\"},\"primaryImageOfPage\":{\"@id\":\"https:\\\/\\\/fr.motocrossmag.be\\\/index.php\\\/2016\\\/04\\\/six-pilotes-pour-defendre-les-couleurs-belges-ce-week-end-au-danemark\\\/#primaryimage\"},\"image\":{\"@id\":\"https:\\\/\\\/fr.motocrossmag.be\\\/index.php\\\/2016\\\/04\\\/six-pilotes-pour-defendre-les-couleurs-belges-ce-week-end-au-danemark\\\/#primaryimage\"},\"thumbnailUrl\":\"https:\\\/\\\/fr.motocrossmag.be\\\/wp-content\\\/uploads\\\/2015\\\/05\\\/everts_liam_action.jpg\",\"datePublished\":\"2016-04-08T15:03:36+00:00\",\"author\":{\"@id\":\"https:\\\/\\\/fr.motocrossmag.be\\\/#\\\/schema\\\/person\\\/11b47143d9f755babca2c9110e03235c\"},\"breadcrumb\":{\"@id\":\"https:\\\/\\\/fr.motocrossmag.be\\\/index.php\\\/2016\\\/04\\\/six-pilotes-pour-defendre-les-couleurs-belges-ce-week-end-au-danemark\\\/#breadcrumb\"},\"inLanguage\":\"fr-FR\",\"potentialAction\":[{\"@type\":\"ReadAction\",\"target\":[\"https:\\\/\\\/fr.motocrossmag.be\\\/index.php\\\/2016\\\/04\\\/six-pilotes-pour-defendre-les-couleurs-belges-ce-week-end-au-danemark\\\/\"]}]},{\"@type\":\"ImageObject\",\"inLanguage\":\"fr-FR\",\"@id\":\"https:\\\/\\\/fr.motocrossmag.be\\\/index.php\\\/2016\\\/04\\\/six-pilotes-pour-defendre-les-couleurs-belges-ce-week-end-au-danemark\\\/#primaryimage\",\"url\":\"https:\\\/\\\/fr.motocrossmag.be\\\/wp-content\\\/uploads\\\/2015\\\/05\\\/everts_liam_action.jpg\",\"contentUrl\":\"https:\\\/\\\/fr.motocrossmag.be\\\/wp-content\\\/uploads\\\/2015\\\/05\\\/everts_liam_action.jpg\",\"width\":800,\"height\":533},{\"@type\":\"BreadcrumbList\",\"@id\":\"https:\\\/\\\/fr.motocrossmag.be\\\/index.php\\\/2016\\\/04\\\/six-pilotes-pour-defendre-les-couleurs-belges-ce-week-end-au-danemark\\\/#breadcrumb\",\"itemListElement\":[{\"@type\":\"ListItem\",\"position\":1,\"name\":\"Accueil\",\"item\":\"https:\\\/\\\/fr.motocrossmag.be\\\/\"},{\"@type\":\"ListItem\",\"position\":2,\"name\":\"Six pilotes pour d\u00e9fendre les couleurs belges ce week-end au Danemark\"}]},{\"@type\":\"WebSite\",\"@id\":\"https:\\\/\\\/fr.motocrossmag.be\\\/#website\",\"url\":\"https:\\\/\\\/fr.motocrossmag.be\\\/\",\"name\":\"Motocross - Enduro - Supermoto | MotocrossMag\",\"description\":\"L&#039;actualit\u00e9 du motocross, de l&#039;enduro et du Supermoto en ligne!\",\"potentialAction\":[{\"@type\":\"SearchAction\",\"target\":{\"@type\":\"EntryPoint\",\"urlTemplate\":\"https:\\\/\\\/fr.motocrossmag.be\\\/?s={search_term_string}\"},\"query-input\":{\"@type\":\"PropertyValueSpecification\",\"valueRequired\":true,\"valueName\":\"search_term_string\"}}],\"inLanguage\":\"fr-FR\"},{\"@type\":\"Person\",\"@id\":\"https:\\\/\\\/fr.motocrossmag.be\\\/#\\\/schema\\\/person\\\/11b47143d9f755babca2c9110e03235c\",\"name\":\"oliviere\",\"image\":{\"@type\":\"ImageObject\",\"inLanguage\":\"fr-FR\",\"@id\":\"https:\\\/\\\/secure.gravatar.com\\\/avatar\\\/907069e0b81d119452040469e4a7501da1100f54f7f80180ce77bfab718288f6?s=96&d=mm&r=g\",\"url\":\"https:\\\/\\\/secure.gravatar.com\\\/avatar\\\/907069e0b81d119452040469e4a7501da1100f54f7f80180ce77bfab718288f6?s=96&d=mm&r=g\",\"contentUrl\":\"https:\\\/\\\/secure.gravatar.com\\\/avatar\\\/907069e0b81d119452040469e4a7501da1100f54f7f80180ce77bfab718288f6?s=96&d=mm&r=g\",\"caption\":\"oliviere\"},\"sameAs\":[\"http:\\\/\\\/www.motocrossmag.be\"],\"url\":\"https:\\\/\\\/fr.motocrossmag.be\\\/index.php\\\/author\\\/oliviere\\\/\"}]}<\/script>\n<!-- \/ Yoast SEO plugin. -->","yoast_head_json":{"title":"Six pilotes pour d\u00e9fendre les couleurs belges ce week-end au Danemark - Motocross - Enduro - Supermoto | MotocrossMag","robots":{"index":"index","follow":"follow","max-snippet":"max-snippet:-1","max-image-preview":"max-image-preview:large","max-video-preview":"max-video-preview:-1"},"canonical":"https:\/\/fr.motocrossmag.be\/index.php\/2016\/04\/six-pilotes-pour-defendre-les-couleurs-belges-ce-week-end-au-danemark\/","og_locale":"fr_FR","og_type":"article","og_title":"Six pilotes pour d\u00e9fendre les couleurs belges ce week-end au Danemark - Motocross - Enduro - Supermoto | MotocrossMag","og_description":"Cinqui\u00e8me l&rsquo;an pass\u00e9 du championnat d&rsquo;Europe 65cc, Liam Everts remet le couvert cette ann\u00e9e dans la cat\u00e9gorie et emm\u00e8ne avec lui au Danemark, o\u00f9 se dispute ce week-end \u00e0 Slagelse [...]","og_url":"https:\/\/fr.motocrossmag.be\/index.php\/2016\/04\/six-pilotes-pour-defendre-les-couleurs-belges-ce-week-end-au-danemark\/","og_site_name":"Motocross - Enduro - Supermoto | MotocrossMag","article_published_time":"2016-04-08T15:03:36+00:00","og_image":[{"width":800,"height":533,"url":"https:\/\/fr.motocrossmag.be\/wp-content\/uploads\/2015\/05\/everts_liam_action.jpg","type":"image\/jpeg"}],"author":"oliviere","twitter_card":"summary_large_image","twitter_misc":{"\u00c9crit par":"oliviere","Dur\u00e9e de lecture estim\u00e9e":"1 minute"},"schema":{"@context":"https:\/\/schema.org","@graph":[{"@type":"Article","@id":"https:\/\/fr.motocrossmag.be\/index.php\/2016\/04\/six-pilotes-pour-defendre-les-couleurs-belges-ce-week-end-au-danemark\/#article","isPartOf":{"@id":"https:\/\/fr.motocrossmag.be\/index.php\/2016\/04\/six-pilotes-pour-defendre-les-couleurs-belges-ce-week-end-au-danemark\/"},"author":{"name":"oliviere","@id":"https:\/\/fr.motocrossmag.be\/#\/schema\/person\/11b47143d9f755babca2c9110e03235c"},"headline":"Six pilotes pour d\u00e9fendre les couleurs belges ce week-end au Danemark","datePublished":"2016-04-08T15:03:36+00:00","mainEntityOfPage":{"@id":"https:\/\/fr.motocrossmag.be\/index.php\/2016\/04\/six-pilotes-pour-defendre-les-couleurs-belges-ce-week-end-au-danemark\/"},"wordCount":236,"commentCount":0,"image":{"@id":"https:\/\/fr.motocrossmag.be\/index.php\/2016\/04\/six-pilotes-pour-defendre-les-couleurs-belges-ce-week-end-au-danemark\/#primaryimage"},"thumbnailUrl":"https:\/\/fr.motocrossmag.be\/wp-content\/uploads\/2015\/05\/everts_liam_action.jpg","articleSection":["Actualit\u00e9","EMX","Motocross","News","News","Slideshow"],"inLanguage":"fr-FR","potentialAction":[{"@type":"CommentAction","name":"Comment","target":["https:\/\/fr.motocrossmag.be\/index.php\/2016\/04\/six-pilotes-pour-defendre-les-couleurs-belges-ce-week-end-au-danemark\/#respond"]}]},{"@type":"WebPage","@id":"https:\/\/fr.motocrossmag.be\/index.php\/2016\/04\/six-pilotes-pour-defendre-les-couleurs-belges-ce-week-end-au-danemark\/","url":"https:\/\/fr.motocrossmag.be\/index.php\/2016\/04\/six-pilotes-pour-defendre-les-couleurs-belges-ce-week-end-au-danemark\/","name":"Six pilotes pour d\u00e9fendre les couleurs belges ce week-end au Danemark - Motocross - Enduro - Supermoto | MotocrossMag","isPartOf":{"@id":"https:\/\/fr.motocrossmag.be\/#website"},"primaryImageOfPage":{"@id":"https:\/\/fr.motocrossmag.be\/index.php\/2016\/04\/six-pilotes-pour-defendre-les-couleurs-belges-ce-week-end-au-danemark\/#primaryimage"},"image":{"@id":"https:\/\/fr.motocrossmag.be\/index.php\/2016\/04\/six-pilotes-pour-defendre-les-couleurs-belges-ce-week-end-au-danemark\/#primaryimage"},"thumbnailUrl":"https:\/\/fr.motocrossmag.be\/wp-content\/uploads\/2015\/05\/everts_liam_action.jpg","datePublished":"2016-04-08T15:03:36+00:00","author":{"@id":"https:\/\/fr.motocrossmag.be\/#\/schema\/person\/11b47143d9f755babca2c9110e03235c"},"breadcrumb":{"@id":"https:\/\/fr.motocrossmag.be\/index.php\/2016\/04\/six-pilotes-pour-defendre-les-couleurs-belges-ce-week-end-au-danemark\/#breadcrumb"},"inLanguage":"fr-FR","potentialAction":[{"@type":"ReadAction","target":["https:\/\/fr.motocrossmag.be\/index.php\/2016\/04\/six-pilotes-pour-defendre-les-couleurs-belges-ce-week-end-au-danemark\/"]}]},{"@type":"ImageObject","inLanguage":"fr-FR","@id":"https:\/\/fr.motocrossmag.be\/index.php\/2016\/04\/six-pilotes-pour-defendre-les-couleurs-belges-ce-week-end-au-danemark\/#primaryimage","url":"https:\/\/fr.motocrossmag.be\/wp-content\/uploads\/2015\/05\/everts_liam_action.jpg","contentUrl":"https:\/\/fr.motocrossmag.be\/wp-content\/uploads\/2015\/05\/everts_liam_action.jpg","width":800,"height":533},{"@type":"BreadcrumbList","@id":"https:\/\/fr.motocrossmag.be\/index.php\/2016\/04\/six-pilotes-pour-defendre-les-couleurs-belges-ce-week-end-au-danemark\/#breadcrumb","itemListElement":[{"@type":"ListItem","position":1,"name":"Accueil","item":"https:\/\/fr.motocrossmag.be\/"},{"@type":"ListItem","position":2,"name":"Six pilotes pour d\u00e9fendre les couleurs belges ce week-end au Danemark"}]},{"@type":"WebSite","@id":"https:\/\/fr.motocrossmag.be\/#website","url":"https:\/\/fr.motocrossmag.be\/","name":"Motocross - Enduro - Supermoto | MotocrossMag","description":"L&#039;actualit\u00e9 du motocross, de l&#039;enduro et du Supermoto en ligne!","potentialAction":[{"@type":"SearchAction","target":{"@type":"EntryPoint","urlTemplate":"https:\/\/fr.motocrossmag.be\/?s={search_term_string}"},"query-input":{"@type":"PropertyValueSpecification","valueRequired":true,"valueName":"search_term_string"}}],"inLanguage":"fr-FR"},{"@type":"Person","@id":"https:\/\/fr.motocrossmag.be\/#\/schema\/person\/11b47143d9f755babca2c9110e03235c","name":"oliviere","image":{"@type":"ImageObject","inLanguage":"fr-FR","@id":"https:\/\/secure.gravatar.com\/avatar\/907069e0b81d119452040469e4a7501da1100f54f7f80180ce77bfab718288f6?s=96&d=mm&r=g","url":"https:\/\/secure.gravatar.com\/avatar\/907069e0b81d119452040469e4a7501da1100f54f7f80180ce77bfab718288f6?s=96&d=mm&r=g","contentUrl":"https:\/\/secure.gravatar.com\/avatar\/907069e0b81d119452040469e4a7501da1100f54f7f80180ce77bfab718288f6?s=96&d=mm&r=g","caption":"oliviere"},"sameAs":["http:\/\/www.motocrossmag.be"],"url":"https:\/\/fr.motocrossmag.be\/index.php\/author\/oliviere\/"}]}},"_links":{"self":[{"href":"https:\/\/fr.motocrossmag.be\/index.php\/wp-json\/wp\/v2\/posts\/44892","targetHints":{"allow":["GET"]}}],"collection":[{"href":"https:\/\/fr.motocrossmag.be\/index.php\/wp-json\/wp\/v2\/posts"}],"about":[{"href":"https:\/\/fr.motocrossmag.be\/index.php\/wp-json\/wp\/v2\/types\/post"}],"author":[{"embeddable":true,"href":"https:\/\/fr.motocrossmag.be\/index.php\/wp-json\/wp\/v2\/users\/932"}],"replies":[{"embeddable":true,"href":"https:\/\/fr.motocrossmag.be\/index.php\/wp-json\/wp\/v2\/comments?post=44892"}],"version-history":[{"count":2,"href":"https:\/\/fr.motocrossmag.be\/index.php\/wp-json\/wp\/v2\/posts\/44892\/revisions"}],"predecessor-version":[{"id":44894,"href":"https:\/\/fr.motocrossmag.be\/index.php\/wp-json\/wp\/v2\/posts\/44892\/revisions\/44894"}],"wp:featuredmedia":[{"embeddable":true,"href":"https:\/\/fr.motocrossmag.be\/index.php\/wp-json\/wp\/v2\/media\/33864"}],"wp:attachment":[{"href":"https:\/\/fr.motocrossmag.be\/index.php\/wp-json\/wp\/v2\/media?parent=44892"}],"wp:term":[{"taxonomy":"category","embeddable":true,"href":"https:\/\/fr.motocrossmag.be\/index.php\/wp-json\/wp\/v2\/categories?post=44892"},{"taxonomy":"post_tag","embeddable":true,"href":"https:\/\/fr.motocrossmag.be\/index.php\/wp-json\/wp\/v2\/tags?post=44892"}],"curies":[{"name":"wp","href":"https:\/\/api.w.org\/{rel}","templated":true}]}}