{"id":46412,"date":"2016-05-13T20:48:21","date_gmt":"2016-05-13T18:48:21","guid":{"rendered":"http:\/\/fr.motocrossmag.be\/?p=46412"},"modified":"2016-05-13T20:49:14","modified_gmt":"2016-05-13T18:49:14","slug":"nyls-kessen-du-reve-a-la-realite","status":"publish","type":"post","link":"https:\/\/fr.motocrossmag.be\/index.php\/2016\/05\/nyls-kessen-du-reve-a-la-realite\/","title":{"rendered":"Nyls Kessen, du r\u00eave \u00e0 la r\u00e9alit\u00e9"},"content":{"rendered":"<p><strong>Le week-end pass\u00e9, Nyls Kessen disputait sa premi\u00e8re course de championnat d&rsquo;Europe. Deux semaines \u00e0 peine apr\u00e8s avoir appris sa s\u00e9lection pour le championnat EMX 150 Honda, notre jeune compatriote \u00e9tait derri\u00e8re la grille de d\u00e9part de l&rsquo;ouverture du championnat sur le circuit de Teutschenthal, en Allemagne. Une exp\u00e9rience inoubliable pour le Bastognard.<\/strong><\/p>\n<p>\u00ab\u00a0Nous sommes arriv\u00e9s le vendredi sur le circuit\u00a0\u00bb, explique Nyls. \u00ab\u00a0Apr\u00e8s 650 kilom\u00e8tres de route, il est \u00e0 peine 9 heures du matin quand nous passons au Welcome pour prendre possession de nos passes. Ensuite, nous prenons la direction du circuit. A l&rsquo;entr\u00e9e, une personne, en chemise jaune Suzuki, semble attendre quelqu&rsquo;un. C&rsquo;est Stefan Everts ! Nous poursuivons vers le paddock en longeant le circuit. C&rsquo;est magnifique ! A 10 heures, nous sommes install\u00e9s dans le paddock. Une heure plus tard, on nous accueille dans l&rsquo;espace Honda 150 o\u00f9 toutes les motos sont rang\u00e9es les unes \u00e0 c\u00f4t\u00e9 des autres. Je d\u00e9couvre mon num\u00e9ro de course&#8230; je roulerai avec le 21 !\u00a0\u00bb<\/p>\n<p><img decoding=\"async\" class=\"lazyload alignnone size-medium wp-image-46279\" src=\"http:\/\/fr.motocrossmag.be\/wp-content\/uploads\/2016\/05\/MXGP_Teutschenthal_2016-DutchGP_sunday_lassenceloic-10-650x434.jpg\" data-orig-src=\"http:\/\/fr.motocrossmag.be\/wp-content\/uploads\/2016\/05\/MXGP_Teutschenthal_2016-DutchGP_sunday_lassenceloic-10-650x434.jpg\" alt=\"MXGP_Teutschenthal_2016-DutchGP_sunday_lassenceloic-10\" width=\"650\" height=\"434\" srcset=\"data:image\/svg+xml,%3Csvg%20xmlns%3D%27http%3A%2F%2Fwww.w3.org%2F2000%2Fsvg%27%20width%3D%27650%27%20height%3D%27434%27%20viewBox%3D%270%200%20650%20434%27%3E%3Crect%20width%3D%27650%27%20height%3D%27434%27%20fill-opacity%3D%220%22%2F%3E%3C%2Fsvg%3E\" data-srcset=\"https:\/\/fr.motocrossmag.be\/wp-content\/uploads\/2016\/05\/MXGP_Teutschenthal_2016-DutchGP_sunday_lassenceloic-10-650x434.jpg 650w, https:\/\/fr.motocrossmag.be\/wp-content\/uploads\/2016\/05\/MXGP_Teutschenthal_2016-DutchGP_sunday_lassenceloic-10.jpg 1000w\" data-sizes=\"auto\" data-orig-sizes=\"(max-width: 650px) 100vw, 650px\" \/><\/p>\n<p>\u00ab\u00a0A 14h30, les choses s\u00e9rieuses commencent avec le briefing de Gordon Crockard, suivi du contr\u00f4le technique o\u00f9 tout est v\u00e9rifi\u00e9 avec soin. Cerise sur le g\u00e2teau: une visite du team Gariboldi Racing est organis\u00e9es pour les pilotes 150, en compagnie de Tim Gajser et des ing\u00e9nieurs japonais qui nous font d\u00e9couvrir les coulisses du team. L&rsquo;occasion de faire une photo avec Gajser qui nous propose m\u00eame de la faire pr\u00e8s de ma moto. Je n&rsquo;en demandais pas tant ! Tr\u00e8s sympa, il me souhaite bonne chance pour le week-end.\u00a0\u00bb<\/p>\n<p><img decoding=\"async\" class=\"lazyload alignnone size-medium wp-image-46441\" src=\"http:\/\/fr.motocrossmag.be\/wp-content\/uploads\/2016\/05\/kessen_de_4_emx150-650x418.jpg\" data-orig-src=\"http:\/\/fr.motocrossmag.be\/wp-content\/uploads\/2016\/05\/kessen_de_4_emx150-650x418.jpg\" alt=\"kessen_de_4_emx150\" width=\"650\" height=\"418\" srcset=\"data:image\/svg+xml,%3Csvg%20xmlns%3D%27http%3A%2F%2Fwww.w3.org%2F2000%2Fsvg%27%20width%3D%27650%27%20height%3D%27418%27%20viewBox%3D%270%200%20650%20418%27%3E%3Crect%20width%3D%27650%27%20height%3D%27418%27%20fill-opacity%3D%220%22%2F%3E%3C%2Fsvg%3E\" data-srcset=\"https:\/\/fr.motocrossmag.be\/wp-content\/uploads\/2016\/05\/kessen_de_4_emx150-650x418.jpg 650w, https:\/\/fr.motocrossmag.be\/wp-content\/uploads\/2016\/05\/kessen_de_4_emx150.jpg 901w\" data-sizes=\"auto\" data-orig-sizes=\"(max-width: 650px) 100vw, 650px\" \/><\/p>\n<p>\u00ab\u00a0Apr\u00e8s une s\u00e9ance photo avec tous les pilotes Honda 150, nous faisons le tour du circuit avec Gordon Crockard comme guide et il est plus de 19h30 lorsque la journ\u00e9e se termine. Il est temps de se reposer en vue du lendemain car je sens que la pression monte !\u00a0\u00bb<\/p>\n<p>Le lendemain, c&rsquo;est d\u00e8s 7h00 que les pilotes doivent \u00eatre sous la tente Honda pour une derni\u00e8re v\u00e9rification des motos avant les essais libres et qualificatifs. Nyls est logiquement un peu tendu mais finit par faire descendre les chronos. C&rsquo;est avec le 19\u00e8me temps en poche qu&rsquo;il se pr\u00e9sente en d\u00e9but d&rsquo;apr\u00e8s-midi derri\u00e8re la grille de d\u00e9part de la premi\u00e8re manche. Le moment tant attendu est enfin venu ! \u00ab\u00a0Toute la proc\u00e9dure est stricte, tout est millim\u00e9tr\u00e9\u00a0\u00bb, poursuit Nyls, \u00ab\u00a0je suis \u00e9videmment stress\u00e9 mais je parviens \u00e0 rester concentr\u00e9. Je pars en 11\u00e8me position mais je suis un peu bouscul\u00e9 ensuite et je perds d&#8217;embl\u00e9e 7 places. Je suis rest\u00e9 19\u00e8me avant de chuter et de repartir en derni\u00e8re position.\u00a0\u00bb<\/p>\n<div id=\"attachment_46283\" style=\"width: 660px\" class=\"wp-caption alignnone\"><img decoding=\"async\" aria-describedby=\"caption-attachment-46283\" class=\"lazyload wp-image-46283 size-medium\" src=\"http:\/\/fr.motocrossmag.be\/wp-content\/uploads\/2016\/05\/MXGP_Teutschenthal_2016-DutchGP_sunday_lassenceloic-14-650x434.jpg\" data-orig-src=\"http:\/\/fr.motocrossmag.be\/wp-content\/uploads\/2016\/05\/MXGP_Teutschenthal_2016-DutchGP_sunday_lassenceloic-14-650x434.jpg\" alt=\"Une grosse chute, un guidon pli\u00e9 et un passage par les stands en 2\u00e8me manche...\" width=\"650\" height=\"434\" srcset=\"data:image\/svg+xml,%3Csvg%20xmlns%3D%27http%3A%2F%2Fwww.w3.org%2F2000%2Fsvg%27%20width%3D%27650%27%20height%3D%27434%27%20viewBox%3D%270%200%20650%20434%27%3E%3Crect%20width%3D%27650%27%20height%3D%27434%27%20fill-opacity%3D%220%22%2F%3E%3C%2Fsvg%3E\" data-srcset=\"https:\/\/fr.motocrossmag.be\/wp-content\/uploads\/2016\/05\/MXGP_Teutschenthal_2016-DutchGP_sunday_lassenceloic-14-650x434.jpg 650w, https:\/\/fr.motocrossmag.be\/wp-content\/uploads\/2016\/05\/MXGP_Teutschenthal_2016-DutchGP_sunday_lassenceloic-14.jpg 1000w\" data-sizes=\"auto\" data-orig-sizes=\"(max-width: 650px) 100vw, 650px\" \/><p id=\"caption-attachment-46283\" class=\"wp-caption-text\">Une grosse chute, un guidon pli\u00e9 et un passage par les stands en 2\u00e8me manche&#8230;<\/p><\/div>\n<p>Apr\u00e8s avoir pass\u00e9 le reste de la journ\u00e9e \u00e0 observer les trajectoires des pilotes MX2 et MXGP et \u00e0 se promener dans l&rsquo;impressionnant paddock de Teutschenthal, Nyls pense d\u00e9j\u00e0 \u00e0 la course du lendemain. Apr\u00e8s un d\u00e9part en 10\u00e8me position, il se maintiendra cette fois \u00e0 la 15\u00e8me place durant quelques tours avant de chuter lourdement. Guidon compl\u00e8tement pli\u00e9, il doit repasser par les stands. Il repartira avant-dernier pour remonter peu \u00e0 peu mais ne sera h\u00e9las pas r\u00e9compens\u00e9 de ses efforts puisqu&rsquo;il chutera \u00e0 nouveau au dernier tour pour terminer 24\u00e8me.<\/p>\n<div id=\"attachment_46393\" style=\"width: 660px\" class=\"wp-caption alignnone\"><img decoding=\"async\" aria-describedby=\"caption-attachment-46393\" class=\"lazyload size-medium wp-image-46393\" src=\"http:\/\/fr.motocrossmag.be\/wp-content\/uploads\/2016\/05\/nyls_kessen_teutschenthal_emx150-650x434.jpg\" data-orig-src=\"http:\/\/fr.motocrossmag.be\/wp-content\/uploads\/2016\/05\/nyls_kessen_teutschenthal_emx150-650x434.jpg\" alt=\"Nyls Kessen disputait en Allemagne sa premi\u00e8re course au niveau europ\u00e9en.\" width=\"650\" height=\"434\" srcset=\"data:image\/svg+xml,%3Csvg%20xmlns%3D%27http%3A%2F%2Fwww.w3.org%2F2000%2Fsvg%27%20width%3D%27650%27%20height%3D%27434%27%20viewBox%3D%270%200%20650%20434%27%3E%3Crect%20width%3D%27650%27%20height%3D%27434%27%20fill-opacity%3D%220%22%2F%3E%3C%2Fsvg%3E\" data-srcset=\"https:\/\/fr.motocrossmag.be\/wp-content\/uploads\/2016\/05\/nyls_kessen_teutschenthal_emx150-650x434.jpg 650w, https:\/\/fr.motocrossmag.be\/wp-content\/uploads\/2016\/05\/nyls_kessen_teutschenthal_emx150.jpg 1000w\" data-sizes=\"auto\" data-orig-sizes=\"(max-width: 650px) 100vw, 650px\" \/><p id=\"caption-attachment-46393\" class=\"wp-caption-text\">Nyls Kessen disputait en Allemagne sa premi\u00e8re course au niveau europ\u00e9en.<\/p><\/div>\n<p>\u00ab\u00a0Je suis d\u00e9\u00e7u du r\u00e9sultat mais cela reste un week-end extraordinaire !\u00a0\u00bb, confiet-t-il avant que son papa ne confirme: \u00ab\u00a0Nyls a \u00e9t\u00e9 courageux. Il n&rsquo;a m\u00eame pas vu passer les 25 minutes de course dans chacune des manches et r\u00e9alise \u00e0 chaque fois ses meilleurs chronos en fin de course. C&rsquo;est encourageant. Je crois que le programme physique exigeant qu&rsquo;il s&rsquo;impose paie sur ce genre d&rsquo;\u00e9preuves.\u00a0\u00bb<\/p>\n<div class=\"rgg-container\" data-rgg-id=\"1\">    <div class=\"rgg-imagegrid captions-title captions-effect-none \" data-rgg-id=\"1\">\n                    <a data-rel=\"iLightbox[postimages]\" data-title=\"kessen_de_1_EMX150\" data-caption=\"\" href=\"https:\/\/fr.motocrossmag.be\/wp-content\/uploads\/2016\/05\/kessen_de_1_EMX150-575x1024.jpg\" data-rel=\"rgg\" rel=\"rgg\" title=\"\" class=\"rgg-disabled size-medium rgg-img\" data-src=\"https:\/\/fr.motocrossmag.be\/wp-content\/uploads\/2016\/05\/kessen_de_1_EMX150-449x800.jpg\" data-ratio=\"0.56125\" data-height=\"800\" data-width=\"449\" aria-label=\"\">\n                            <\/a>\n                    <a data-rel=\"iLightbox[postimages]\" data-title=\"kessen_de_3_emx150\" data-caption=\"\" href=\"https:\/\/fr.motocrossmag.be\/wp-content\/uploads\/2016\/05\/kessen_de_3_emx150.jpg\" data-rel=\"rgg\" rel=\"rgg\" title=\"\" class=\"rgg-disabled size-medium rgg-img\" data-src=\"https:\/\/fr.motocrossmag.be\/wp-content\/uploads\/2016\/05\/kessen_de_3_emx150-650x433.jpg\" data-ratio=\"1.5011547344111\" data-height=\"433\" data-width=\"650\" aria-label=\"\">\n                            <\/a>\n                    <a data-rel=\"iLightbox[postimages]\" data-title=\"kessen_de_2_emx150\" data-caption=\"\" href=\"https:\/\/fr.motocrossmag.be\/wp-content\/uploads\/2016\/05\/kessen_de_2_emx150.jpg\" data-rel=\"rgg\" rel=\"rgg\" title=\"\" class=\"rgg-disabled size-medium rgg-img\" data-src=\"https:\/\/fr.motocrossmag.be\/wp-content\/uploads\/2016\/05\/kessen_de_2_emx150-650x433.jpg\" data-ratio=\"1.5011547344111\" data-height=\"433\" data-width=\"650\" aria-label=\"\">\n                            <\/a>\n            <\/div>\n<\/div>\n<p>Il est 19 heures dimanche soir quand le r\u00eave s&rsquo;ach\u00e8ve pour Nyls et sa famille. L&rsquo;heure de reprendre la route en direction de Bastogne. Et de d\u00e9j\u00e0 penser \u00e0 la prochaine \u00e9preuve du championnat, les 18 et 19 juin prochains sur le somptueux circuit de Matterley Basin, en Grande-Bretagne.<\/p>\n<p>&nbsp;<\/p>\n<p>&nbsp;<\/p>\n<p>&nbsp;<\/p>\n","protected":false},"excerpt":{"rendered":"<p>Le week-end pass\u00e9, Nyls Kessen disputait sa premi\u00e8re course de championnat d&rsquo;Europe. Deux semaines \u00e0 peine apr\u00e8s avoir appris sa s\u00e9lection pour le championnat EMX 150 Honda, notre jeune compatriote [&#8230;]<\/p>\n","protected":false},"author":932,"featured_media":46440,"comment_status":"open","ping_status":"closed","sticky":false,"template":"","format":"standard","meta":{"footnotes":""},"categories":[54,128,4,5,55,65],"tags":[],"class_list":["post-46412","post","type-post","status-publish","format-standard","has-post-thumbnail","hentry","category-actualite","category-emx-125-emx2","category-motocross","category-news","category-news-actualite","category-slideshow"],"yoast_head":"<!-- This site is optimized with the Yoast SEO plugin v27.4 - https:\/\/yoast.com\/product\/yoast-seo-wordpress\/ -->\n<title>Nyls Kessen, du r\u00eave \u00e0 la r\u00e9alit\u00e9 - Motocross - Enduro - Supermoto | MotocrossMag<\/title>\n<meta name=\"robots\" content=\"index, follow, max-snippet:-1, max-image-preview:large, max-video-preview:-1\" \/>\n<link rel=\"canonical\" href=\"https:\/\/fr.motocrossmag.be\/index.php\/2016\/05\/nyls-kessen-du-reve-a-la-realite\/\" \/>\n<meta property=\"og:locale\" content=\"fr_FR\" \/>\n<meta property=\"og:type\" content=\"article\" \/>\n<meta property=\"og:title\" content=\"Nyls Kessen, du r\u00eave \u00e0 la r\u00e9alit\u00e9 - Motocross - Enduro - Supermoto | MotocrossMag\" \/>\n<meta property=\"og:description\" content=\"Le week-end pass\u00e9, Nyls Kessen disputait sa premi\u00e8re course de championnat d&rsquo;Europe. Deux semaines \u00e0 peine apr\u00e8s avoir appris sa s\u00e9lection pour le championnat EMX 150 Honda, notre jeune compatriote [...]\" \/>\n<meta property=\"og:url\" content=\"https:\/\/fr.motocrossmag.be\/index.php\/2016\/05\/nyls-kessen-du-reve-a-la-realite\/\" \/>\n<meta property=\"og:site_name\" content=\"Motocross - Enduro - Supermoto | MotocrossMag\" \/>\n<meta property=\"article:published_time\" content=\"2016-05-13T18:48:21+00:00\" \/>\n<meta property=\"article:modified_time\" content=\"2016-05-13T18:49:14+00:00\" \/>\n<meta property=\"og:image\" content=\"https:\/\/fr.motocrossmag.be\/wp-content\/uploads\/2016\/05\/tim_gajser_nyls_kessen_emx150_teutschenthal.jpg\" \/>\n\t<meta property=\"og:image:width\" content=\"900\" \/>\n\t<meta property=\"og:image:height\" content=\"600\" \/>\n\t<meta property=\"og:image:type\" content=\"image\/jpeg\" \/>\n<meta name=\"author\" content=\"oliviere\" \/>\n<meta name=\"twitter:card\" content=\"summary_large_image\" \/>\n<meta name=\"twitter:label1\" content=\"\u00c9crit par\" \/>\n\t<meta name=\"twitter:data1\" content=\"oliviere\" \/>\n\t<meta name=\"twitter:label2\" content=\"Dur\u00e9e de lecture estim\u00e9e\" \/>\n\t<meta name=\"twitter:data2\" content=\"4 minutes\" \/>\n<script type=\"application\/ld+json\" class=\"yoast-schema-graph\">{\"@context\":\"https:\\\/\\\/schema.org\",\"@graph\":[{\"@type\":\"Article\",\"@id\":\"https:\\\/\\\/fr.motocrossmag.be\\\/index.php\\\/2016\\\/05\\\/nyls-kessen-du-reve-a-la-realite\\\/#article\",\"isPartOf\":{\"@id\":\"https:\\\/\\\/fr.motocrossmag.be\\\/index.php\\\/2016\\\/05\\\/nyls-kessen-du-reve-a-la-realite\\\/\"},\"author\":{\"name\":\"oliviere\",\"@id\":\"https:\\\/\\\/fr.motocrossmag.be\\\/#\\\/schema\\\/person\\\/11b47143d9f755babca2c9110e03235c\"},\"headline\":\"Nyls Kessen, du r\u00eave \u00e0 la r\u00e9alit\u00e9\",\"datePublished\":\"2016-05-13T18:48:21+00:00\",\"dateModified\":\"2016-05-13T18:49:14+00:00\",\"mainEntityOfPage\":{\"@id\":\"https:\\\/\\\/fr.motocrossmag.be\\\/index.php\\\/2016\\\/05\\\/nyls-kessen-du-reve-a-la-realite\\\/\"},\"wordCount\":733,\"commentCount\":0,\"image\":{\"@id\":\"https:\\\/\\\/fr.motocrossmag.be\\\/index.php\\\/2016\\\/05\\\/nyls-kessen-du-reve-a-la-realite\\\/#primaryimage\"},\"thumbnailUrl\":\"https:\\\/\\\/fr.motocrossmag.be\\\/wp-content\\\/uploads\\\/2016\\\/05\\\/tim_gajser_nyls_kessen_emx150_teutschenthal.jpg\",\"articleSection\":[\"Actualit\u00e9\",\"EMX\",\"Motocross\",\"News\",\"News\",\"Slideshow\"],\"inLanguage\":\"fr-FR\",\"potentialAction\":[{\"@type\":\"CommentAction\",\"name\":\"Comment\",\"target\":[\"https:\\\/\\\/fr.motocrossmag.be\\\/index.php\\\/2016\\\/05\\\/nyls-kessen-du-reve-a-la-realite\\\/#respond\"]}]},{\"@type\":\"WebPage\",\"@id\":\"https:\\\/\\\/fr.motocrossmag.be\\\/index.php\\\/2016\\\/05\\\/nyls-kessen-du-reve-a-la-realite\\\/\",\"url\":\"https:\\\/\\\/fr.motocrossmag.be\\\/index.php\\\/2016\\\/05\\\/nyls-kessen-du-reve-a-la-realite\\\/\",\"name\":\"Nyls Kessen, du r\u00eave \u00e0 la r\u00e9alit\u00e9 - Motocross - Enduro - Supermoto | MotocrossMag\",\"isPartOf\":{\"@id\":\"https:\\\/\\\/fr.motocrossmag.be\\\/#website\"},\"primaryImageOfPage\":{\"@id\":\"https:\\\/\\\/fr.motocrossmag.be\\\/index.php\\\/2016\\\/05\\\/nyls-kessen-du-reve-a-la-realite\\\/#primaryimage\"},\"image\":{\"@id\":\"https:\\\/\\\/fr.motocrossmag.be\\\/index.php\\\/2016\\\/05\\\/nyls-kessen-du-reve-a-la-realite\\\/#primaryimage\"},\"thumbnailUrl\":\"https:\\\/\\\/fr.motocrossmag.be\\\/wp-content\\\/uploads\\\/2016\\\/05\\\/tim_gajser_nyls_kessen_emx150_teutschenthal.jpg\",\"datePublished\":\"2016-05-13T18:48:21+00:00\",\"dateModified\":\"2016-05-13T18:49:14+00:00\",\"author\":{\"@id\":\"https:\\\/\\\/fr.motocrossmag.be\\\/#\\\/schema\\\/person\\\/11b47143d9f755babca2c9110e03235c\"},\"breadcrumb\":{\"@id\":\"https:\\\/\\\/fr.motocrossmag.be\\\/index.php\\\/2016\\\/05\\\/nyls-kessen-du-reve-a-la-realite\\\/#breadcrumb\"},\"inLanguage\":\"fr-FR\",\"potentialAction\":[{\"@type\":\"ReadAction\",\"target\":[\"https:\\\/\\\/fr.motocrossmag.be\\\/index.php\\\/2016\\\/05\\\/nyls-kessen-du-reve-a-la-realite\\\/\"]}]},{\"@type\":\"ImageObject\",\"inLanguage\":\"fr-FR\",\"@id\":\"https:\\\/\\\/fr.motocrossmag.be\\\/index.php\\\/2016\\\/05\\\/nyls-kessen-du-reve-a-la-realite\\\/#primaryimage\",\"url\":\"https:\\\/\\\/fr.motocrossmag.be\\\/wp-content\\\/uploads\\\/2016\\\/05\\\/tim_gajser_nyls_kessen_emx150_teutschenthal.jpg\",\"contentUrl\":\"https:\\\/\\\/fr.motocrossmag.be\\\/wp-content\\\/uploads\\\/2016\\\/05\\\/tim_gajser_nyls_kessen_emx150_teutschenthal.jpg\",\"width\":900,\"height\":600},{\"@type\":\"BreadcrumbList\",\"@id\":\"https:\\\/\\\/fr.motocrossmag.be\\\/index.php\\\/2016\\\/05\\\/nyls-kessen-du-reve-a-la-realite\\\/#breadcrumb\",\"itemListElement\":[{\"@type\":\"ListItem\",\"position\":1,\"name\":\"Accueil\",\"item\":\"https:\\\/\\\/fr.motocrossmag.be\\\/\"},{\"@type\":\"ListItem\",\"position\":2,\"name\":\"Nyls Kessen, du r\u00eave \u00e0 la r\u00e9alit\u00e9\"}]},{\"@type\":\"WebSite\",\"@id\":\"https:\\\/\\\/fr.motocrossmag.be\\\/#website\",\"url\":\"https:\\\/\\\/fr.motocrossmag.be\\\/\",\"name\":\"Motocross - Enduro - Supermoto | MotocrossMag\",\"description\":\"L&#039;actualit\u00e9 du motocross, de l&#039;enduro et du Supermoto en ligne!\",\"potentialAction\":[{\"@type\":\"SearchAction\",\"target\":{\"@type\":\"EntryPoint\",\"urlTemplate\":\"https:\\\/\\\/fr.motocrossmag.be\\\/?s={search_term_string}\"},\"query-input\":{\"@type\":\"PropertyValueSpecification\",\"valueRequired\":true,\"valueName\":\"search_term_string\"}}],\"inLanguage\":\"fr-FR\"},{\"@type\":\"Person\",\"@id\":\"https:\\\/\\\/fr.motocrossmag.be\\\/#\\\/schema\\\/person\\\/11b47143d9f755babca2c9110e03235c\",\"name\":\"oliviere\",\"image\":{\"@type\":\"ImageObject\",\"inLanguage\":\"fr-FR\",\"@id\":\"https:\\\/\\\/secure.gravatar.com\\\/avatar\\\/907069e0b81d119452040469e4a7501da1100f54f7f80180ce77bfab718288f6?s=96&d=mm&r=g\",\"url\":\"https:\\\/\\\/secure.gravatar.com\\\/avatar\\\/907069e0b81d119452040469e4a7501da1100f54f7f80180ce77bfab718288f6?s=96&d=mm&r=g\",\"contentUrl\":\"https:\\\/\\\/secure.gravatar.com\\\/avatar\\\/907069e0b81d119452040469e4a7501da1100f54f7f80180ce77bfab718288f6?s=96&d=mm&r=g\",\"caption\":\"oliviere\"},\"sameAs\":[\"http:\\\/\\\/www.motocrossmag.be\"],\"url\":\"https:\\\/\\\/fr.motocrossmag.be\\\/index.php\\\/author\\\/oliviere\\\/\"}]}<\/script>\n<!-- \/ Yoast SEO plugin. -->","yoast_head_json":{"title":"Nyls Kessen, du r\u00eave \u00e0 la r\u00e9alit\u00e9 - Motocross - Enduro - Supermoto | MotocrossMag","robots":{"index":"index","follow":"follow","max-snippet":"max-snippet:-1","max-image-preview":"max-image-preview:large","max-video-preview":"max-video-preview:-1"},"canonical":"https:\/\/fr.motocrossmag.be\/index.php\/2016\/05\/nyls-kessen-du-reve-a-la-realite\/","og_locale":"fr_FR","og_type":"article","og_title":"Nyls Kessen, du r\u00eave \u00e0 la r\u00e9alit\u00e9 - Motocross - Enduro - Supermoto | MotocrossMag","og_description":"Le week-end pass\u00e9, Nyls Kessen disputait sa premi\u00e8re course de championnat d&rsquo;Europe. Deux semaines \u00e0 peine apr\u00e8s avoir appris sa s\u00e9lection pour le championnat EMX 150 Honda, notre jeune compatriote [...]","og_url":"https:\/\/fr.motocrossmag.be\/index.php\/2016\/05\/nyls-kessen-du-reve-a-la-realite\/","og_site_name":"Motocross - Enduro - Supermoto | MotocrossMag","article_published_time":"2016-05-13T18:48:21+00:00","article_modified_time":"2016-05-13T18:49:14+00:00","og_image":[{"width":900,"height":600,"url":"https:\/\/fr.motocrossmag.be\/wp-content\/uploads\/2016\/05\/tim_gajser_nyls_kessen_emx150_teutschenthal.jpg","type":"image\/jpeg"}],"author":"oliviere","twitter_card":"summary_large_image","twitter_misc":{"\u00c9crit par":"oliviere","Dur\u00e9e de lecture estim\u00e9e":"4 minutes"},"schema":{"@context":"https:\/\/schema.org","@graph":[{"@type":"Article","@id":"https:\/\/fr.motocrossmag.be\/index.php\/2016\/05\/nyls-kessen-du-reve-a-la-realite\/#article","isPartOf":{"@id":"https:\/\/fr.motocrossmag.be\/index.php\/2016\/05\/nyls-kessen-du-reve-a-la-realite\/"},"author":{"name":"oliviere","@id":"https:\/\/fr.motocrossmag.be\/#\/schema\/person\/11b47143d9f755babca2c9110e03235c"},"headline":"Nyls Kessen, du r\u00eave \u00e0 la r\u00e9alit\u00e9","datePublished":"2016-05-13T18:48:21+00:00","dateModified":"2016-05-13T18:49:14+00:00","mainEntityOfPage":{"@id":"https:\/\/fr.motocrossmag.be\/index.php\/2016\/05\/nyls-kessen-du-reve-a-la-realite\/"},"wordCount":733,"commentCount":0,"image":{"@id":"https:\/\/fr.motocrossmag.be\/index.php\/2016\/05\/nyls-kessen-du-reve-a-la-realite\/#primaryimage"},"thumbnailUrl":"https:\/\/fr.motocrossmag.be\/wp-content\/uploads\/2016\/05\/tim_gajser_nyls_kessen_emx150_teutschenthal.jpg","articleSection":["Actualit\u00e9","EMX","Motocross","News","News","Slideshow"],"inLanguage":"fr-FR","potentialAction":[{"@type":"CommentAction","name":"Comment","target":["https:\/\/fr.motocrossmag.be\/index.php\/2016\/05\/nyls-kessen-du-reve-a-la-realite\/#respond"]}]},{"@type":"WebPage","@id":"https:\/\/fr.motocrossmag.be\/index.php\/2016\/05\/nyls-kessen-du-reve-a-la-realite\/","url":"https:\/\/fr.motocrossmag.be\/index.php\/2016\/05\/nyls-kessen-du-reve-a-la-realite\/","name":"Nyls Kessen, du r\u00eave \u00e0 la r\u00e9alit\u00e9 - Motocross - Enduro - Supermoto | MotocrossMag","isPartOf":{"@id":"https:\/\/fr.motocrossmag.be\/#website"},"primaryImageOfPage":{"@id":"https:\/\/fr.motocrossmag.be\/index.php\/2016\/05\/nyls-kessen-du-reve-a-la-realite\/#primaryimage"},"image":{"@id":"https:\/\/fr.motocrossmag.be\/index.php\/2016\/05\/nyls-kessen-du-reve-a-la-realite\/#primaryimage"},"thumbnailUrl":"https:\/\/fr.motocrossmag.be\/wp-content\/uploads\/2016\/05\/tim_gajser_nyls_kessen_emx150_teutschenthal.jpg","datePublished":"2016-05-13T18:48:21+00:00","dateModified":"2016-05-13T18:49:14+00:00","author":{"@id":"https:\/\/fr.motocrossmag.be\/#\/schema\/person\/11b47143d9f755babca2c9110e03235c"},"breadcrumb":{"@id":"https:\/\/fr.motocrossmag.be\/index.php\/2016\/05\/nyls-kessen-du-reve-a-la-realite\/#breadcrumb"},"inLanguage":"fr-FR","potentialAction":[{"@type":"ReadAction","target":["https:\/\/fr.motocrossmag.be\/index.php\/2016\/05\/nyls-kessen-du-reve-a-la-realite\/"]}]},{"@type":"ImageObject","inLanguage":"fr-FR","@id":"https:\/\/fr.motocrossmag.be\/index.php\/2016\/05\/nyls-kessen-du-reve-a-la-realite\/#primaryimage","url":"https:\/\/fr.motocrossmag.be\/wp-content\/uploads\/2016\/05\/tim_gajser_nyls_kessen_emx150_teutschenthal.jpg","contentUrl":"https:\/\/fr.motocrossmag.be\/wp-content\/uploads\/2016\/05\/tim_gajser_nyls_kessen_emx150_teutschenthal.jpg","width":900,"height":600},{"@type":"BreadcrumbList","@id":"https:\/\/fr.motocrossmag.be\/index.php\/2016\/05\/nyls-kessen-du-reve-a-la-realite\/#breadcrumb","itemListElement":[{"@type":"ListItem","position":1,"name":"Accueil","item":"https:\/\/fr.motocrossmag.be\/"},{"@type":"ListItem","position":2,"name":"Nyls Kessen, du r\u00eave \u00e0 la r\u00e9alit\u00e9"}]},{"@type":"WebSite","@id":"https:\/\/fr.motocrossmag.be\/#website","url":"https:\/\/fr.motocrossmag.be\/","name":"Motocross - Enduro - Supermoto | MotocrossMag","description":"L&#039;actualit\u00e9 du motocross, de l&#039;enduro et du Supermoto en ligne!","potentialAction":[{"@type":"SearchAction","target":{"@type":"EntryPoint","urlTemplate":"https:\/\/fr.motocrossmag.be\/?s={search_term_string}"},"query-input":{"@type":"PropertyValueSpecification","valueRequired":true,"valueName":"search_term_string"}}],"inLanguage":"fr-FR"},{"@type":"Person","@id":"https:\/\/fr.motocrossmag.be\/#\/schema\/person\/11b47143d9f755babca2c9110e03235c","name":"oliviere","image":{"@type":"ImageObject","inLanguage":"fr-FR","@id":"https:\/\/secure.gravatar.com\/avatar\/907069e0b81d119452040469e4a7501da1100f54f7f80180ce77bfab718288f6?s=96&d=mm&r=g","url":"https:\/\/secure.gravatar.com\/avatar\/907069e0b81d119452040469e4a7501da1100f54f7f80180ce77bfab718288f6?s=96&d=mm&r=g","contentUrl":"https:\/\/secure.gravatar.com\/avatar\/907069e0b81d119452040469e4a7501da1100f54f7f80180ce77bfab718288f6?s=96&d=mm&r=g","caption":"oliviere"},"sameAs":["http:\/\/www.motocrossmag.be"],"url":"https:\/\/fr.motocrossmag.be\/index.php\/author\/oliviere\/"}]}},"_links":{"self":[{"href":"https:\/\/fr.motocrossmag.be\/index.php\/wp-json\/wp\/v2\/posts\/46412","targetHints":{"allow":["GET"]}}],"collection":[{"href":"https:\/\/fr.motocrossmag.be\/index.php\/wp-json\/wp\/v2\/posts"}],"about":[{"href":"https:\/\/fr.motocrossmag.be\/index.php\/wp-json\/wp\/v2\/types\/post"}],"author":[{"embeddable":true,"href":"https:\/\/fr.motocrossmag.be\/index.php\/wp-json\/wp\/v2\/users\/932"}],"replies":[{"embeddable":true,"href":"https:\/\/fr.motocrossmag.be\/index.php\/wp-json\/wp\/v2\/comments?post=46412"}],"version-history":[{"count":2,"href":"https:\/\/fr.motocrossmag.be\/index.php\/wp-json\/wp\/v2\/posts\/46412\/revisions"}],"predecessor-version":[{"id":46446,"href":"https:\/\/fr.motocrossmag.be\/index.php\/wp-json\/wp\/v2\/posts\/46412\/revisions\/46446"}],"wp:featuredmedia":[{"embeddable":true,"href":"https:\/\/fr.motocrossmag.be\/index.php\/wp-json\/wp\/v2\/media\/46440"}],"wp:attachment":[{"href":"https:\/\/fr.motocrossmag.be\/index.php\/wp-json\/wp\/v2\/media?parent=46412"}],"wp:term":[{"taxonomy":"category","embeddable":true,"href":"https:\/\/fr.motocrossmag.be\/index.php\/wp-json\/wp\/v2\/categories?post=46412"},{"taxonomy":"post_tag","embeddable":true,"href":"https:\/\/fr.motocrossmag.be\/index.php\/wp-json\/wp\/v2\/tags?post=46412"}],"curies":[{"name":"wp","href":"https:\/\/api.w.org\/{rel}","templated":true}]}}