{"id":46430,"date":"2016-05-12T21:48:42","date_gmt":"2016-05-12T19:48:42","guid":{"rendered":"http:\/\/fr.motocrossmag.be\/?p=46430"},"modified":"2016-05-12T21:53:26","modified_gmt":"2016-05-12T19:53:26","slug":"trophee-de-pentecote-fmb-ce-lundi-dans-le-sable-daxel","status":"publish","type":"post","link":"https:\/\/fr.motocrossmag.be\/index.php\/2016\/05\/trophee-de-pentecote-fmb-ce-lundi-dans-le-sable-daxel\/","title":{"rendered":"Troph\u00e9e de Pentec\u00f4te FMB ce lundi dans le sable d&rsquo;Axel"},"content":{"rendered":"<p>A l&rsquo;invitation du MC Mikkola, le championnat FMB de motocross se poursuit ce lundi de Pentec\u00f4te dans le sable du circuit d&rsquo;Axel, aux Pays-Bas. Apr\u00e8s Mons et Lommel, ce sont \u00e0 nouveau les sp\u00e9cialistes du sable qui seront \u00e0 la f\u00eate ce lundi 16 mai sur le circuit RES. Toutes les cat\u00e9gories rouleront \u00e0 Axel pour le championnat de Belgique tandis que les pilotes inters marqueront des points pour le Challenger Trophy. Ce sont C\u00e9dric Grobben (MX2) et le leader du championnat d&rsquo;Europe 300cc Yentel Martens (MX1) qui arriveront en leaders ce lundi \u00e0 Axel.<\/p>\n<p>Notons que, comme \u00e0 Lommel, 5 minutes d&rsquo;essais libres pr\u00e9c\u00e8deront les chronos le matin. Une formule appr\u00e9ci\u00e9e par les pilotes qui est \u00e0 n&rsquo;en pas douter un pas en avant en terme de s\u00e9curit\u00e9.<\/p>\n<p><a href=\"http:\/\/fr.motocrossmag.be\/wp-content\/uploads\/2016\/05\/affiche_2016_axel.jpg\"><img decoding=\"async\" class=\"lazyload alignnone wp-image-46432 size-thumbnail\" src=\"http:\/\/fr.motocrossmag.be\/wp-content\/uploads\/2016\/05\/affiche_2016_axel-150x150.jpg\" data-orig-src=\"http:\/\/fr.motocrossmag.be\/wp-content\/uploads\/2016\/05\/affiche_2016_axel-150x150.jpg\" alt=\"Cliquer pour agrandir\" width=\"150\" height=\"150\" srcset=\"data:image\/svg+xml,%3Csvg%20xmlns%3D%27http%3A%2F%2Fwww.w3.org%2F2000%2Fsvg%27%20width%3D%27150%27%20height%3D%27150%27%20viewBox%3D%270%200%20150%20150%27%3E%3Crect%20width%3D%27150%27%20height%3D%27150%27%20fill-opacity%3D%220%22%2F%3E%3C%2Fsvg%3E\" data-srcset=\"https:\/\/fr.motocrossmag.be\/wp-content\/uploads\/2016\/05\/affiche_2016_axel-50x50.jpg 50w, https:\/\/fr.motocrossmag.be\/wp-content\/uploads\/2016\/05\/affiche_2016_axel-150x150.jpg 150w, https:\/\/fr.motocrossmag.be\/wp-content\/uploads\/2016\/05\/affiche_2016_axel.jpg 570w\" data-sizes=\"auto\" data-orig-sizes=\"(max-width: 150px) 100vw, 150px\" \/><\/a><\/p>\n<p>&nbsp;<\/p>\n<p><a href=\"http:\/\/www.mcmikkola.be\/index.php?lang=en\" target=\"_blank\">&gt; www.mcmikkola.be<\/a><\/p>\n<p>&nbsp;<\/p>\n<p><span style=\"color: #ff0000;\"><strong>Timing lundi 16 mai<\/strong><\/span><\/p>\n<table width=\"100%&quot;\">\n<tbody>\n<tr class=\"odd\">\n<td>Seniors\/Masters<\/td>\n<td>11:30<\/td>\n<td>15&rsquo;+1<\/td>\n<\/tr>\n<tr class=\"even\">\n<td>Jeunes<\/td>\n<td>11:55<\/td>\n<td>15+1<\/td>\n<\/tr>\n<tr class=\"odd\">\n<td>Juniors<\/td>\n<td>12:15<\/td>\n<td>15+1<\/td>\n<\/tr>\n<tr class=\"even\">\n<td>Espoirs\/Nationaux 125<\/td>\n<td>13:20<\/td>\n<td>18+1<\/td>\n<\/tr>\n<tr class=\"odd\">\n<td>Inters+Nat MX2<\/td>\n<td>13:48<\/td>\n<td>20+1<\/td>\n<\/tr>\n<tr class=\"even\">\n<td>Inters+Nat MX1\/MX3<\/td>\n<td>14:18<\/td>\n<td>20+1<\/td>\n<\/tr>\n<tr class=\"odd\">\n<td>Seniors\/Masters<\/td>\n<td>15:00<\/td>\n<td>15+1<\/td>\n<\/tr>\n<tr class=\"even\">\n<td>Jeunes<\/td>\n<td>15:25<\/td>\n<td>15+1<\/td>\n<\/tr>\n<tr class=\"odd\">\n<td>Juniors<\/td>\n<td>15:50<\/td>\n<td>15+1<\/td>\n<\/tr>\n<tr class=\"even\">\n<td>Espoirs\/Nationaux 125<\/td>\n<td>16:15<\/td>\n<td>18+1<\/td>\n<\/tr>\n<tr class=\"odd\">\n<td>Inters+Nat MX2<\/td>\n<td>16:43<\/td>\n<td>20+1<\/td>\n<\/tr>\n<tr class=\"even\">\n<td>Inters+Nat MX1\/MX3<\/td>\n<td>17:13<\/td>\n<td>20+1<\/td>\n<\/tr>\n<\/tbody>\n<\/table>\n<p>&nbsp;<\/p>\n<p>Photo: C\u00e9dric Clippe<\/p>\n","protected":false},"excerpt":{"rendered":"<p>A l&rsquo;invitation du MC Mikkola, le championnat FMB de motocross se poursuit ce lundi de Pentec\u00f4te dans le sable du circuit d&rsquo;Axel, aux Pays-Bas. Apr\u00e8s Mons et Lommel, ce sont [&#8230;]<\/p>\n","protected":false},"author":932,"featured_media":45098,"comment_status":"open","ping_status":"closed","sticky":false,"template":"","format":"standard","meta":{"footnotes":""},"categories":[54,4,29,5,55,65],"tags":[],"class_list":["post-46430","post","type-post","status-publish","format-standard","has-post-thumbnail","hentry","category-actualite","category-motocross","category-fmb","category-news","category-news-actualite","category-slideshow"],"yoast_head":"<!-- This site is optimized with the Yoast SEO plugin v27.4 - https:\/\/yoast.com\/product\/yoast-seo-wordpress\/ -->\n<title>Troph\u00e9e de Pentec\u00f4te FMB ce lundi dans le sable d&#039;Axel - Motocross - Enduro - Supermoto | MotocrossMag<\/title>\n<meta name=\"robots\" content=\"index, follow, max-snippet:-1, max-image-preview:large, max-video-preview:-1\" \/>\n<link rel=\"canonical\" href=\"https:\/\/fr.motocrossmag.be\/index.php\/2016\/05\/trophee-de-pentecote-fmb-ce-lundi-dans-le-sable-daxel\/\" \/>\n<meta property=\"og:locale\" content=\"fr_FR\" \/>\n<meta property=\"og:type\" content=\"article\" \/>\n<meta property=\"og:title\" content=\"Troph\u00e9e de Pentec\u00f4te FMB ce lundi dans le sable d&#039;Axel - Motocross - Enduro - Supermoto | MotocrossMag\" \/>\n<meta property=\"og:description\" content=\"A l&rsquo;invitation du MC Mikkola, le championnat FMB de motocross se poursuit ce lundi de Pentec\u00f4te dans le sable du circuit d&rsquo;Axel, aux Pays-Bas. Apr\u00e8s Mons et Lommel, ce sont [...]\" \/>\n<meta property=\"og:url\" content=\"https:\/\/fr.motocrossmag.be\/index.php\/2016\/05\/trophee-de-pentecote-fmb-ce-lundi-dans-le-sable-daxel\/\" \/>\n<meta property=\"og:site_name\" content=\"Motocross - Enduro - Supermoto | MotocrossMag\" \/>\n<meta property=\"article:published_time\" content=\"2016-05-12T19:48:42+00:00\" \/>\n<meta property=\"article:modified_time\" content=\"2016-05-12T19:53:26+00:00\" \/>\n<meta property=\"og:image\" content=\"https:\/\/fr.motocrossmag.be\/wp-content\/uploads\/2016\/04\/Lommel_FMB_Belgian-National_2016_CC-Pics_cc-pics-35.jpg\" \/>\n\t<meta property=\"og:image:width\" content=\"1200\" \/>\n\t<meta property=\"og:image:height\" content=\"799\" \/>\n\t<meta property=\"og:image:type\" content=\"image\/jpeg\" \/>\n<meta name=\"author\" content=\"oliviere\" \/>\n<meta name=\"twitter:card\" content=\"summary_large_image\" \/>\n<meta name=\"twitter:label1\" content=\"\u00c9crit par\" \/>\n\t<meta name=\"twitter:data1\" content=\"oliviere\" \/>\n\t<meta name=\"twitter:label2\" content=\"Dur\u00e9e de lecture estim\u00e9e\" \/>\n\t<meta name=\"twitter:data2\" content=\"1 minute\" \/>\n<script type=\"application\/ld+json\" class=\"yoast-schema-graph\">{\"@context\":\"https:\\\/\\\/schema.org\",\"@graph\":[{\"@type\":\"Article\",\"@id\":\"https:\\\/\\\/fr.motocrossmag.be\\\/index.php\\\/2016\\\/05\\\/trophee-de-pentecote-fmb-ce-lundi-dans-le-sable-daxel\\\/#article\",\"isPartOf\":{\"@id\":\"https:\\\/\\\/fr.motocrossmag.be\\\/index.php\\\/2016\\\/05\\\/trophee-de-pentecote-fmb-ce-lundi-dans-le-sable-daxel\\\/\"},\"author\":{\"name\":\"oliviere\",\"@id\":\"https:\\\/\\\/fr.motocrossmag.be\\\/#\\\/schema\\\/person\\\/11b47143d9f755babca2c9110e03235c\"},\"headline\":\"Troph\u00e9e de Pentec\u00f4te FMB ce lundi dans le sable d&rsquo;Axel\",\"datePublished\":\"2016-05-12T19:48:42+00:00\",\"dateModified\":\"2016-05-12T19:53:26+00:00\",\"mainEntityOfPage\":{\"@id\":\"https:\\\/\\\/fr.motocrossmag.be\\\/index.php\\\/2016\\\/05\\\/trophee-de-pentecote-fmb-ce-lundi-dans-le-sable-daxel\\\/\"},\"wordCount\":190,\"commentCount\":0,\"image\":{\"@id\":\"https:\\\/\\\/fr.motocrossmag.be\\\/index.php\\\/2016\\\/05\\\/trophee-de-pentecote-fmb-ce-lundi-dans-le-sable-daxel\\\/#primaryimage\"},\"thumbnailUrl\":\"https:\\\/\\\/fr.motocrossmag.be\\\/wp-content\\\/uploads\\\/2016\\\/04\\\/Lommel_FMB_Belgian-National_2016_CC-Pics_cc-pics-35.jpg\",\"articleSection\":[\"Actualit\u00e9\",\"Motocross\",\"Motocross FMB\",\"News\",\"News\",\"Slideshow\"],\"inLanguage\":\"fr-FR\",\"potentialAction\":[{\"@type\":\"CommentAction\",\"name\":\"Comment\",\"target\":[\"https:\\\/\\\/fr.motocrossmag.be\\\/index.php\\\/2016\\\/05\\\/trophee-de-pentecote-fmb-ce-lundi-dans-le-sable-daxel\\\/#respond\"]}]},{\"@type\":\"WebPage\",\"@id\":\"https:\\\/\\\/fr.motocrossmag.be\\\/index.php\\\/2016\\\/05\\\/trophee-de-pentecote-fmb-ce-lundi-dans-le-sable-daxel\\\/\",\"url\":\"https:\\\/\\\/fr.motocrossmag.be\\\/index.php\\\/2016\\\/05\\\/trophee-de-pentecote-fmb-ce-lundi-dans-le-sable-daxel\\\/\",\"name\":\"Troph\u00e9e de Pentec\u00f4te FMB ce lundi dans le sable d'Axel - Motocross - Enduro - Supermoto | MotocrossMag\",\"isPartOf\":{\"@id\":\"https:\\\/\\\/fr.motocrossmag.be\\\/#website\"},\"primaryImageOfPage\":{\"@id\":\"https:\\\/\\\/fr.motocrossmag.be\\\/index.php\\\/2016\\\/05\\\/trophee-de-pentecote-fmb-ce-lundi-dans-le-sable-daxel\\\/#primaryimage\"},\"image\":{\"@id\":\"https:\\\/\\\/fr.motocrossmag.be\\\/index.php\\\/2016\\\/05\\\/trophee-de-pentecote-fmb-ce-lundi-dans-le-sable-daxel\\\/#primaryimage\"},\"thumbnailUrl\":\"https:\\\/\\\/fr.motocrossmag.be\\\/wp-content\\\/uploads\\\/2016\\\/04\\\/Lommel_FMB_Belgian-National_2016_CC-Pics_cc-pics-35.jpg\",\"datePublished\":\"2016-05-12T19:48:42+00:00\",\"dateModified\":\"2016-05-12T19:53:26+00:00\",\"author\":{\"@id\":\"https:\\\/\\\/fr.motocrossmag.be\\\/#\\\/schema\\\/person\\\/11b47143d9f755babca2c9110e03235c\"},\"breadcrumb\":{\"@id\":\"https:\\\/\\\/fr.motocrossmag.be\\\/index.php\\\/2016\\\/05\\\/trophee-de-pentecote-fmb-ce-lundi-dans-le-sable-daxel\\\/#breadcrumb\"},\"inLanguage\":\"fr-FR\",\"potentialAction\":[{\"@type\":\"ReadAction\",\"target\":[\"https:\\\/\\\/fr.motocrossmag.be\\\/index.php\\\/2016\\\/05\\\/trophee-de-pentecote-fmb-ce-lundi-dans-le-sable-daxel\\\/\"]}]},{\"@type\":\"ImageObject\",\"inLanguage\":\"fr-FR\",\"@id\":\"https:\\\/\\\/fr.motocrossmag.be\\\/index.php\\\/2016\\\/05\\\/trophee-de-pentecote-fmb-ce-lundi-dans-le-sable-daxel\\\/#primaryimage\",\"url\":\"https:\\\/\\\/fr.motocrossmag.be\\\/wp-content\\\/uploads\\\/2016\\\/04\\\/Lommel_FMB_Belgian-National_2016_CC-Pics_cc-pics-35.jpg\",\"contentUrl\":\"https:\\\/\\\/fr.motocrossmag.be\\\/wp-content\\\/uploads\\\/2016\\\/04\\\/Lommel_FMB_Belgian-National_2016_CC-Pics_cc-pics-35.jpg\",\"width\":1200,\"height\":799},{\"@type\":\"BreadcrumbList\",\"@id\":\"https:\\\/\\\/fr.motocrossmag.be\\\/index.php\\\/2016\\\/05\\\/trophee-de-pentecote-fmb-ce-lundi-dans-le-sable-daxel\\\/#breadcrumb\",\"itemListElement\":[{\"@type\":\"ListItem\",\"position\":1,\"name\":\"Accueil\",\"item\":\"https:\\\/\\\/fr.motocrossmag.be\\\/\"},{\"@type\":\"ListItem\",\"position\":2,\"name\":\"Troph\u00e9e de Pentec\u00f4te FMB ce lundi dans le sable d&rsquo;Axel\"}]},{\"@type\":\"WebSite\",\"@id\":\"https:\\\/\\\/fr.motocrossmag.be\\\/#website\",\"url\":\"https:\\\/\\\/fr.motocrossmag.be\\\/\",\"name\":\"Motocross - Enduro - Supermoto | MotocrossMag\",\"description\":\"L&#039;actualit\u00e9 du motocross, de l&#039;enduro et du Supermoto en ligne!\",\"potentialAction\":[{\"@type\":\"SearchAction\",\"target\":{\"@type\":\"EntryPoint\",\"urlTemplate\":\"https:\\\/\\\/fr.motocrossmag.be\\\/?s={search_term_string}\"},\"query-input\":{\"@type\":\"PropertyValueSpecification\",\"valueRequired\":true,\"valueName\":\"search_term_string\"}}],\"inLanguage\":\"fr-FR\"},{\"@type\":\"Person\",\"@id\":\"https:\\\/\\\/fr.motocrossmag.be\\\/#\\\/schema\\\/person\\\/11b47143d9f755babca2c9110e03235c\",\"name\":\"oliviere\",\"image\":{\"@type\":\"ImageObject\",\"inLanguage\":\"fr-FR\",\"@id\":\"https:\\\/\\\/secure.gravatar.com\\\/avatar\\\/907069e0b81d119452040469e4a7501da1100f54f7f80180ce77bfab718288f6?s=96&d=mm&r=g\",\"url\":\"https:\\\/\\\/secure.gravatar.com\\\/avatar\\\/907069e0b81d119452040469e4a7501da1100f54f7f80180ce77bfab718288f6?s=96&d=mm&r=g\",\"contentUrl\":\"https:\\\/\\\/secure.gravatar.com\\\/avatar\\\/907069e0b81d119452040469e4a7501da1100f54f7f80180ce77bfab718288f6?s=96&d=mm&r=g\",\"caption\":\"oliviere\"},\"sameAs\":[\"http:\\\/\\\/www.motocrossmag.be\"],\"url\":\"https:\\\/\\\/fr.motocrossmag.be\\\/index.php\\\/author\\\/oliviere\\\/\"}]}<\/script>\n<!-- \/ Yoast SEO plugin. -->","yoast_head_json":{"title":"Troph\u00e9e de Pentec\u00f4te FMB ce lundi dans le sable d'Axel - Motocross - Enduro - Supermoto | MotocrossMag","robots":{"index":"index","follow":"follow","max-snippet":"max-snippet:-1","max-image-preview":"max-image-preview:large","max-video-preview":"max-video-preview:-1"},"canonical":"https:\/\/fr.motocrossmag.be\/index.php\/2016\/05\/trophee-de-pentecote-fmb-ce-lundi-dans-le-sable-daxel\/","og_locale":"fr_FR","og_type":"article","og_title":"Troph\u00e9e de Pentec\u00f4te FMB ce lundi dans le sable d'Axel - Motocross - Enduro - Supermoto | MotocrossMag","og_description":"A l&rsquo;invitation du MC Mikkola, le championnat FMB de motocross se poursuit ce lundi de Pentec\u00f4te dans le sable du circuit d&rsquo;Axel, aux Pays-Bas. Apr\u00e8s Mons et Lommel, ce sont [...]","og_url":"https:\/\/fr.motocrossmag.be\/index.php\/2016\/05\/trophee-de-pentecote-fmb-ce-lundi-dans-le-sable-daxel\/","og_site_name":"Motocross - Enduro - Supermoto | MotocrossMag","article_published_time":"2016-05-12T19:48:42+00:00","article_modified_time":"2016-05-12T19:53:26+00:00","og_image":[{"width":1200,"height":799,"url":"https:\/\/fr.motocrossmag.be\/wp-content\/uploads\/2016\/04\/Lommel_FMB_Belgian-National_2016_CC-Pics_cc-pics-35.jpg","type":"image\/jpeg"}],"author":"oliviere","twitter_card":"summary_large_image","twitter_misc":{"\u00c9crit par":"oliviere","Dur\u00e9e de lecture estim\u00e9e":"1 minute"},"schema":{"@context":"https:\/\/schema.org","@graph":[{"@type":"Article","@id":"https:\/\/fr.motocrossmag.be\/index.php\/2016\/05\/trophee-de-pentecote-fmb-ce-lundi-dans-le-sable-daxel\/#article","isPartOf":{"@id":"https:\/\/fr.motocrossmag.be\/index.php\/2016\/05\/trophee-de-pentecote-fmb-ce-lundi-dans-le-sable-daxel\/"},"author":{"name":"oliviere","@id":"https:\/\/fr.motocrossmag.be\/#\/schema\/person\/11b47143d9f755babca2c9110e03235c"},"headline":"Troph\u00e9e de Pentec\u00f4te FMB ce lundi dans le sable d&rsquo;Axel","datePublished":"2016-05-12T19:48:42+00:00","dateModified":"2016-05-12T19:53:26+00:00","mainEntityOfPage":{"@id":"https:\/\/fr.motocrossmag.be\/index.php\/2016\/05\/trophee-de-pentecote-fmb-ce-lundi-dans-le-sable-daxel\/"},"wordCount":190,"commentCount":0,"image":{"@id":"https:\/\/fr.motocrossmag.be\/index.php\/2016\/05\/trophee-de-pentecote-fmb-ce-lundi-dans-le-sable-daxel\/#primaryimage"},"thumbnailUrl":"https:\/\/fr.motocrossmag.be\/wp-content\/uploads\/2016\/04\/Lommel_FMB_Belgian-National_2016_CC-Pics_cc-pics-35.jpg","articleSection":["Actualit\u00e9","Motocross","Motocross FMB","News","News","Slideshow"],"inLanguage":"fr-FR","potentialAction":[{"@type":"CommentAction","name":"Comment","target":["https:\/\/fr.motocrossmag.be\/index.php\/2016\/05\/trophee-de-pentecote-fmb-ce-lundi-dans-le-sable-daxel\/#respond"]}]},{"@type":"WebPage","@id":"https:\/\/fr.motocrossmag.be\/index.php\/2016\/05\/trophee-de-pentecote-fmb-ce-lundi-dans-le-sable-daxel\/","url":"https:\/\/fr.motocrossmag.be\/index.php\/2016\/05\/trophee-de-pentecote-fmb-ce-lundi-dans-le-sable-daxel\/","name":"Troph\u00e9e de Pentec\u00f4te FMB ce lundi dans le sable d'Axel - Motocross - Enduro - Supermoto | MotocrossMag","isPartOf":{"@id":"https:\/\/fr.motocrossmag.be\/#website"},"primaryImageOfPage":{"@id":"https:\/\/fr.motocrossmag.be\/index.php\/2016\/05\/trophee-de-pentecote-fmb-ce-lundi-dans-le-sable-daxel\/#primaryimage"},"image":{"@id":"https:\/\/fr.motocrossmag.be\/index.php\/2016\/05\/trophee-de-pentecote-fmb-ce-lundi-dans-le-sable-daxel\/#primaryimage"},"thumbnailUrl":"https:\/\/fr.motocrossmag.be\/wp-content\/uploads\/2016\/04\/Lommel_FMB_Belgian-National_2016_CC-Pics_cc-pics-35.jpg","datePublished":"2016-05-12T19:48:42+00:00","dateModified":"2016-05-12T19:53:26+00:00","author":{"@id":"https:\/\/fr.motocrossmag.be\/#\/schema\/person\/11b47143d9f755babca2c9110e03235c"},"breadcrumb":{"@id":"https:\/\/fr.motocrossmag.be\/index.php\/2016\/05\/trophee-de-pentecote-fmb-ce-lundi-dans-le-sable-daxel\/#breadcrumb"},"inLanguage":"fr-FR","potentialAction":[{"@type":"ReadAction","target":["https:\/\/fr.motocrossmag.be\/index.php\/2016\/05\/trophee-de-pentecote-fmb-ce-lundi-dans-le-sable-daxel\/"]}]},{"@type":"ImageObject","inLanguage":"fr-FR","@id":"https:\/\/fr.motocrossmag.be\/index.php\/2016\/05\/trophee-de-pentecote-fmb-ce-lundi-dans-le-sable-daxel\/#primaryimage","url":"https:\/\/fr.motocrossmag.be\/wp-content\/uploads\/2016\/04\/Lommel_FMB_Belgian-National_2016_CC-Pics_cc-pics-35.jpg","contentUrl":"https:\/\/fr.motocrossmag.be\/wp-content\/uploads\/2016\/04\/Lommel_FMB_Belgian-National_2016_CC-Pics_cc-pics-35.jpg","width":1200,"height":799},{"@type":"BreadcrumbList","@id":"https:\/\/fr.motocrossmag.be\/index.php\/2016\/05\/trophee-de-pentecote-fmb-ce-lundi-dans-le-sable-daxel\/#breadcrumb","itemListElement":[{"@type":"ListItem","position":1,"name":"Accueil","item":"https:\/\/fr.motocrossmag.be\/"},{"@type":"ListItem","position":2,"name":"Troph\u00e9e de Pentec\u00f4te FMB ce lundi dans le sable d&rsquo;Axel"}]},{"@type":"WebSite","@id":"https:\/\/fr.motocrossmag.be\/#website","url":"https:\/\/fr.motocrossmag.be\/","name":"Motocross - Enduro - Supermoto | MotocrossMag","description":"L&#039;actualit\u00e9 du motocross, de l&#039;enduro et du Supermoto en ligne!","potentialAction":[{"@type":"SearchAction","target":{"@type":"EntryPoint","urlTemplate":"https:\/\/fr.motocrossmag.be\/?s={search_term_string}"},"query-input":{"@type":"PropertyValueSpecification","valueRequired":true,"valueName":"search_term_string"}}],"inLanguage":"fr-FR"},{"@type":"Person","@id":"https:\/\/fr.motocrossmag.be\/#\/schema\/person\/11b47143d9f755babca2c9110e03235c","name":"oliviere","image":{"@type":"ImageObject","inLanguage":"fr-FR","@id":"https:\/\/secure.gravatar.com\/avatar\/907069e0b81d119452040469e4a7501da1100f54f7f80180ce77bfab718288f6?s=96&d=mm&r=g","url":"https:\/\/secure.gravatar.com\/avatar\/907069e0b81d119452040469e4a7501da1100f54f7f80180ce77bfab718288f6?s=96&d=mm&r=g","contentUrl":"https:\/\/secure.gravatar.com\/avatar\/907069e0b81d119452040469e4a7501da1100f54f7f80180ce77bfab718288f6?s=96&d=mm&r=g","caption":"oliviere"},"sameAs":["http:\/\/www.motocrossmag.be"],"url":"https:\/\/fr.motocrossmag.be\/index.php\/author\/oliviere\/"}]}},"_links":{"self":[{"href":"https:\/\/fr.motocrossmag.be\/index.php\/wp-json\/wp\/v2\/posts\/46430","targetHints":{"allow":["GET"]}}],"collection":[{"href":"https:\/\/fr.motocrossmag.be\/index.php\/wp-json\/wp\/v2\/posts"}],"about":[{"href":"https:\/\/fr.motocrossmag.be\/index.php\/wp-json\/wp\/v2\/types\/post"}],"author":[{"embeddable":true,"href":"https:\/\/fr.motocrossmag.be\/index.php\/wp-json\/wp\/v2\/users\/932"}],"replies":[{"embeddable":true,"href":"https:\/\/fr.motocrossmag.be\/index.php\/wp-json\/wp\/v2\/comments?post=46430"}],"version-history":[{"count":3,"href":"https:\/\/fr.motocrossmag.be\/index.php\/wp-json\/wp\/v2\/posts\/46430\/revisions"}],"predecessor-version":[{"id":46435,"href":"https:\/\/fr.motocrossmag.be\/index.php\/wp-json\/wp\/v2\/posts\/46430\/revisions\/46435"}],"wp:featuredmedia":[{"embeddable":true,"href":"https:\/\/fr.motocrossmag.be\/index.php\/wp-json\/wp\/v2\/media\/45098"}],"wp:attachment":[{"href":"https:\/\/fr.motocrossmag.be\/index.php\/wp-json\/wp\/v2\/media?parent=46430"}],"wp:term":[{"taxonomy":"category","embeddable":true,"href":"https:\/\/fr.motocrossmag.be\/index.php\/wp-json\/wp\/v2\/categories?post=46430"},{"taxonomy":"post_tag","embeddable":true,"href":"https:\/\/fr.motocrossmag.be\/index.php\/wp-json\/wp\/v2\/tags?post=46430"}],"curies":[{"name":"wp","href":"https:\/\/api.w.org\/{rel}","templated":true}]}}