{"id":46703,"date":"2016-05-18T12:10:19","date_gmt":"2016-05-18T10:10:19","guid":{"rendered":"http:\/\/fr.motocrossmag.be\/?p=46703"},"modified":"2016-05-18T12:22:39","modified_gmt":"2016-05-18T10:22:39","slug":"mx-master-legends-les-vieilles-debarquent-a-lierneux-les-11-et-12-juin","status":"publish","type":"post","link":"https:\/\/fr.motocrossmag.be\/index.php\/2016\/05\/mx-master-legends-les-vieilles-debarquent-a-lierneux-les-11-et-12-juin\/","title":{"rendered":"MX Master Legends: les \u00ab\u00a0vieilles\u00a0\u00bb d\u00e9barquent \u00e0 Lierneux les 11 et 12 juin"},"content":{"rendered":"<p><strong>Les 11 et 12 juin prochains, le motocross \u00e0 l&rsquo;ancienne sera \u00e0 l&rsquo;honneur \u00e0 Lierneux. La premi\u00e8re \u00e9dition des \u00ab\u00a0MX Master Legends\u00a0\u00bb battera son plein. Le motocross \u00ab\u00a0old school\u00a0\u00bb fait toujours r\u00eaver, Andr\u00e9 Mathieu et Michel Costich nous proposent un petit retour en arri\u00e8re l&rsquo;espace d&rsquo;un week-end.<\/strong><\/p>\n<p>&gt; <a href=\"http:\/\/www.mxmasterlegends.com\/inscriptions.html\" target=\"_blank\">S&rsquo;inscrire sur le site mxmasterlegends.com<\/a><\/p>\n<p>Lierneux accueillera les 11 et 12 juin le premier \u00e9v\u00e9nement \u00ab\u00a0grand format\u00a0\u00bb r\u00e9serv\u00e9 aux machines construites entre 1960 et 1995. Le MX Mater Legends entend rassembler sur la piste de Lierneux, dont les travaux de r\u00e9am\u00e9nagement afin de la rendre la plus adapt\u00e9e possible aux machines d&rsquo;\u00e9poque viennent de d\u00e9buter, tous les amoureux du motocross \u00e0 l&rsquo;ancienne sur une \u00e9preuve avant tout conviviale o\u00f9 les pilotes auront l&rsquo;occasion de rouler pour un classement individuel mais aussi pour leur \u00e9quipe et leur \u00e9quipe nationale.<\/p>\n<p>\u00ab\u00a0Nous sommes en pleine p\u00e9riode d&rsquo;inscriptions\u00a0\u00bb explique Michel Costich, \u00ab\u00a0et les diff\u00e9rentes cat\u00e9gories prennnet forme peu \u00e0 peu. Quelques grands noms de l&rsquo;\u00e2ge d&rsquo;or du motocross seront peut-\u00eatre au d\u00e9part mais nous attendons encore les confirmations. Pour l&rsquo;instant, ce qui est certain, c&rsquo;est que les grandes nations du motocross traditionnel seront repr\u00e9sent\u00e9es avec des \u00e9quipes qui nous viennent de France, de Belgique, d&rsquo;Allemagne, de Suisse, d&rsquo;Espagne, du Luxembourg, d&rsquo;Autriche, de Hollande et bien s\u00fbr de Grande-Bretagne.\u00a0\u00bb<\/p>\n<p><a href=\"http:\/\/fr.motocrossmag.be\/wp-content\/uploads\/2016\/05\/mx_master_legends_affiche-2016.jpg\"><img decoding=\"async\" class=\"lazyload alignnone size-thumbnail wp-image-46706\" src=\"http:\/\/fr.motocrossmag.be\/wp-content\/uploads\/2016\/05\/mx_master_legends_affiche-2016-150x150.jpg\" data-orig-src=\"http:\/\/fr.motocrossmag.be\/wp-content\/uploads\/2016\/05\/mx_master_legends_affiche-2016-150x150.jpg\" alt=\"mx_master_legends_affiche-2016\" width=\"150\" height=\"150\" srcset=\"data:image\/svg+xml,%3Csvg%20xmlns%3D%27http%3A%2F%2Fwww.w3.org%2F2000%2Fsvg%27%20width%3D%27150%27%20height%3D%27150%27%20viewBox%3D%270%200%20150%20150%27%3E%3Crect%20width%3D%27150%27%20height%3D%27150%27%20fill-opacity%3D%220%22%2F%3E%3C%2Fsvg%3E\" data-srcset=\"https:\/\/fr.motocrossmag.be\/wp-content\/uploads\/2016\/05\/mx_master_legends_affiche-2016-50x50.jpg 50w, https:\/\/fr.motocrossmag.be\/wp-content\/uploads\/2016\/05\/mx_master_legends_affiche-2016-150x150.jpg 150w, https:\/\/fr.motocrossmag.be\/wp-content\/uploads\/2016\/05\/mx_master_legends_affiche-2016.jpg 500w\" data-sizes=\"auto\" data-orig-sizes=\"(max-width: 150px) 100vw, 150px\" \/><\/a><\/p>\n<p>A Lierneux, chaque journ\u00e9e sera l&rsquo;occasion de prendre part \u00e0 deux s\u00e9ances d&rsquo;essais ainsi qu&rsquo;\u00e0 deux manches pour les pilotes engag\u00e9s. L&rsquo;\u00e9v\u00e9nement est organis\u00e9 sous l&rsquo;\u00e9gide de l&rsquo;AMPL et est donc accessible avec la licence AMPL mais \u00e9galement avec celle de la VMCF moyennant la founriture d&rsquo;une attestation d&rsquo;assurance. Chaque pilote recevra un t-shirt en souvenir de l&rsquo;\u00e9v\u00e9nement ainsi que 2 entr\u00e9es.<\/p>\n<p>Vous n&rsquo;\u00eates pas encore inscrit ? Il est grand temps de bichonner votre monture et de <a href=\"http:\/\/www.mxmasterlegends.com\/inscriptions.html\" target=\"_blank\">foncer sur le site de l&rsquo;organisation<\/a> afin de r\u00e9server votre place dans l&rsquo;une des 10 cat\u00e9gories en lice \u00e0 Lierneux !<\/p>\n<p>Enfin, sachez que deux soir\u00e9es \u00ab\u00a0Ann\u00e9es 80\u00a0\u00bb seront organis\u00e9es les vendredi et samedi soir et qu&rsquo;une bourse d&rsquo;\u00e9change de pi\u00e8ces et d&rsquo;\u00e9quipements se tiendra sur la manifestation.<\/p>\n<p>Autant de bonnes raisons d&rsquo;\u00eatre de la partie le week-end des 11 et 12 juin pour ce qui sera la toute premi\u00e8re \u00e9dition des MX Master Legends !<\/p>\n<p><strong>&gt; <a href=\"http:\/\/www.mxmasterlegends.com\" target=\"_blank\">www.mxmasterlegends.com<\/a><\/strong><\/p>\n<p>&nbsp;<\/p>\n","protected":false},"excerpt":{"rendered":"<p>Les 11 et 12 juin prochains, le motocross \u00e0 l&rsquo;ancienne sera \u00e0 l&rsquo;honneur \u00e0 Lierneux. La premi\u00e8re \u00e9dition des \u00ab\u00a0MX Master Legends\u00a0\u00bb battera son plein. Le motocross \u00ab\u00a0old school\u00a0\u00bb fait [&#8230;]<\/p>\n","protected":false},"author":932,"featured_media":12931,"comment_status":"open","ping_status":"closed","sticky":false,"template":"","format":"standard","meta":{"footnotes":""},"categories":[54,4,996,5,55,65,992],"tags":[],"class_list":["post-46703","post","type-post","status-publish","format-standard","has-post-thumbnail","hentry","category-actualite","category-motocross","category-mx-vintage","category-news","category-news-actualite","category-slideshow","category-vintage"],"yoast_head":"<!-- This site is optimized with the Yoast SEO plugin v27.4 - https:\/\/yoast.com\/product\/yoast-seo-wordpress\/ -->\n<title>MX Master Legends: les &quot;vieilles&quot; d\u00e9barquent \u00e0 Lierneux les 11 et 12 juin - Motocross - Enduro - Supermoto | MotocrossMag<\/title>\n<meta name=\"robots\" content=\"index, follow, max-snippet:-1, max-image-preview:large, max-video-preview:-1\" \/>\n<link rel=\"canonical\" href=\"https:\/\/fr.motocrossmag.be\/index.php\/2016\/05\/mx-master-legends-les-vieilles-debarquent-a-lierneux-les-11-et-12-juin\/\" \/>\n<meta property=\"og:locale\" content=\"fr_FR\" \/>\n<meta property=\"og:type\" content=\"article\" \/>\n<meta property=\"og:title\" content=\"MX Master Legends: les &quot;vieilles&quot; d\u00e9barquent \u00e0 Lierneux les 11 et 12 juin - Motocross - Enduro - Supermoto | MotocrossMag\" \/>\n<meta property=\"og:description\" content=\"Les 11 et 12 juin prochains, le motocross \u00e0 l&rsquo;ancienne sera \u00e0 l&rsquo;honneur \u00e0 Lierneux. La premi\u00e8re \u00e9dition des \u00ab\u00a0MX Master Legends\u00a0\u00bb battera son plein. Le motocross \u00ab\u00a0old school\u00a0\u00bb fait [...]\" \/>\n<meta property=\"og:url\" content=\"https:\/\/fr.motocrossmag.be\/index.php\/2016\/05\/mx-master-legends-les-vieilles-debarquent-a-lierneux-les-11-et-12-juin\/\" \/>\n<meta property=\"og:site_name\" content=\"Motocross - Enduro - Supermoto | MotocrossMag\" \/>\n<meta property=\"article:published_time\" content=\"2016-05-18T10:10:19+00:00\" \/>\n<meta property=\"article:modified_time\" content=\"2016-05-18T10:22:39+00:00\" \/>\n<meta property=\"og:image\" content=\"https:\/\/fr.motocrossmag.be\/wp-content\/uploads\/2011\/09\/img_4368.jpg\" \/>\n\t<meta property=\"og:image:width\" content=\"900\" \/>\n\t<meta property=\"og:image:height\" content=\"600\" \/>\n\t<meta property=\"og:image:type\" content=\"image\/jpeg\" \/>\n<meta name=\"author\" content=\"oliviere\" \/>\n<meta name=\"twitter:card\" content=\"summary_large_image\" \/>\n<meta name=\"twitter:label1\" content=\"\u00c9crit par\" \/>\n\t<meta name=\"twitter:data1\" content=\"oliviere\" \/>\n\t<meta name=\"twitter:label2\" content=\"Dur\u00e9e de lecture estim\u00e9e\" \/>\n\t<meta name=\"twitter:data2\" content=\"2 minutes\" \/>\n<script type=\"application\/ld+json\" class=\"yoast-schema-graph\">{\"@context\":\"https:\\\/\\\/schema.org\",\"@graph\":[{\"@type\":\"Article\",\"@id\":\"https:\\\/\\\/fr.motocrossmag.be\\\/index.php\\\/2016\\\/05\\\/mx-master-legends-les-vieilles-debarquent-a-lierneux-les-11-et-12-juin\\\/#article\",\"isPartOf\":{\"@id\":\"https:\\\/\\\/fr.motocrossmag.be\\\/index.php\\\/2016\\\/05\\\/mx-master-legends-les-vieilles-debarquent-a-lierneux-les-11-et-12-juin\\\/\"},\"author\":{\"name\":\"oliviere\",\"@id\":\"https:\\\/\\\/fr.motocrossmag.be\\\/#\\\/schema\\\/person\\\/11b47143d9f755babca2c9110e03235c\"},\"headline\":\"MX Master Legends: les \u00ab\u00a0vieilles\u00a0\u00bb d\u00e9barquent \u00e0 Lierneux les 11 et 12 juin\",\"datePublished\":\"2016-05-18T10:10:19+00:00\",\"dateModified\":\"2016-05-18T10:22:39+00:00\",\"mainEntityOfPage\":{\"@id\":\"https:\\\/\\\/fr.motocrossmag.be\\\/index.php\\\/2016\\\/05\\\/mx-master-legends-les-vieilles-debarquent-a-lierneux-les-11-et-12-juin\\\/\"},\"wordCount\":423,\"commentCount\":0,\"image\":{\"@id\":\"https:\\\/\\\/fr.motocrossmag.be\\\/index.php\\\/2016\\\/05\\\/mx-master-legends-les-vieilles-debarquent-a-lierneux-les-11-et-12-juin\\\/#primaryimage\"},\"thumbnailUrl\":\"https:\\\/\\\/fr.motocrossmag.be\\\/wp-content\\\/uploads\\\/2011\\\/09\\\/img_4368.jpg\",\"articleSection\":[\"Actualit\u00e9\",\"Motocross\",\"MX Vintage\",\"News\",\"News\",\"Slideshow\",\"Vintage\"],\"inLanguage\":\"fr-FR\",\"potentialAction\":[{\"@type\":\"CommentAction\",\"name\":\"Comment\",\"target\":[\"https:\\\/\\\/fr.motocrossmag.be\\\/index.php\\\/2016\\\/05\\\/mx-master-legends-les-vieilles-debarquent-a-lierneux-les-11-et-12-juin\\\/#respond\"]}]},{\"@type\":\"WebPage\",\"@id\":\"https:\\\/\\\/fr.motocrossmag.be\\\/index.php\\\/2016\\\/05\\\/mx-master-legends-les-vieilles-debarquent-a-lierneux-les-11-et-12-juin\\\/\",\"url\":\"https:\\\/\\\/fr.motocrossmag.be\\\/index.php\\\/2016\\\/05\\\/mx-master-legends-les-vieilles-debarquent-a-lierneux-les-11-et-12-juin\\\/\",\"name\":\"MX Master Legends: les \\\"vieilles\\\" d\u00e9barquent \u00e0 Lierneux les 11 et 12 juin - Motocross - Enduro - Supermoto | MotocrossMag\",\"isPartOf\":{\"@id\":\"https:\\\/\\\/fr.motocrossmag.be\\\/#website\"},\"primaryImageOfPage\":{\"@id\":\"https:\\\/\\\/fr.motocrossmag.be\\\/index.php\\\/2016\\\/05\\\/mx-master-legends-les-vieilles-debarquent-a-lierneux-les-11-et-12-juin\\\/#primaryimage\"},\"image\":{\"@id\":\"https:\\\/\\\/fr.motocrossmag.be\\\/index.php\\\/2016\\\/05\\\/mx-master-legends-les-vieilles-debarquent-a-lierneux-les-11-et-12-juin\\\/#primaryimage\"},\"thumbnailUrl\":\"https:\\\/\\\/fr.motocrossmag.be\\\/wp-content\\\/uploads\\\/2011\\\/09\\\/img_4368.jpg\",\"datePublished\":\"2016-05-18T10:10:19+00:00\",\"dateModified\":\"2016-05-18T10:22:39+00:00\",\"author\":{\"@id\":\"https:\\\/\\\/fr.motocrossmag.be\\\/#\\\/schema\\\/person\\\/11b47143d9f755babca2c9110e03235c\"},\"breadcrumb\":{\"@id\":\"https:\\\/\\\/fr.motocrossmag.be\\\/index.php\\\/2016\\\/05\\\/mx-master-legends-les-vieilles-debarquent-a-lierneux-les-11-et-12-juin\\\/#breadcrumb\"},\"inLanguage\":\"fr-FR\",\"potentialAction\":[{\"@type\":\"ReadAction\",\"target\":[\"https:\\\/\\\/fr.motocrossmag.be\\\/index.php\\\/2016\\\/05\\\/mx-master-legends-les-vieilles-debarquent-a-lierneux-les-11-et-12-juin\\\/\"]}]},{\"@type\":\"ImageObject\",\"inLanguage\":\"fr-FR\",\"@id\":\"https:\\\/\\\/fr.motocrossmag.be\\\/index.php\\\/2016\\\/05\\\/mx-master-legends-les-vieilles-debarquent-a-lierneux-les-11-et-12-juin\\\/#primaryimage\",\"url\":\"https:\\\/\\\/fr.motocrossmag.be\\\/wp-content\\\/uploads\\\/2011\\\/09\\\/img_4368.jpg\",\"contentUrl\":\"https:\\\/\\\/fr.motocrossmag.be\\\/wp-content\\\/uploads\\\/2011\\\/09\\\/img_4368.jpg\",\"width\":900,\"height\":600},{\"@type\":\"BreadcrumbList\",\"@id\":\"https:\\\/\\\/fr.motocrossmag.be\\\/index.php\\\/2016\\\/05\\\/mx-master-legends-les-vieilles-debarquent-a-lierneux-les-11-et-12-juin\\\/#breadcrumb\",\"itemListElement\":[{\"@type\":\"ListItem\",\"position\":1,\"name\":\"Accueil\",\"item\":\"https:\\\/\\\/fr.motocrossmag.be\\\/\"},{\"@type\":\"ListItem\",\"position\":2,\"name\":\"MX Master Legends: les \u00ab\u00a0vieilles\u00a0\u00bb d\u00e9barquent \u00e0 Lierneux les 11 et 12 juin\"}]},{\"@type\":\"WebSite\",\"@id\":\"https:\\\/\\\/fr.motocrossmag.be\\\/#website\",\"url\":\"https:\\\/\\\/fr.motocrossmag.be\\\/\",\"name\":\"Motocross - Enduro - Supermoto | MotocrossMag\",\"description\":\"L&#039;actualit\u00e9 du motocross, de l&#039;enduro et du Supermoto en ligne!\",\"potentialAction\":[{\"@type\":\"SearchAction\",\"target\":{\"@type\":\"EntryPoint\",\"urlTemplate\":\"https:\\\/\\\/fr.motocrossmag.be\\\/?s={search_term_string}\"},\"query-input\":{\"@type\":\"PropertyValueSpecification\",\"valueRequired\":true,\"valueName\":\"search_term_string\"}}],\"inLanguage\":\"fr-FR\"},{\"@type\":\"Person\",\"@id\":\"https:\\\/\\\/fr.motocrossmag.be\\\/#\\\/schema\\\/person\\\/11b47143d9f755babca2c9110e03235c\",\"name\":\"oliviere\",\"image\":{\"@type\":\"ImageObject\",\"inLanguage\":\"fr-FR\",\"@id\":\"https:\\\/\\\/secure.gravatar.com\\\/avatar\\\/907069e0b81d119452040469e4a7501da1100f54f7f80180ce77bfab718288f6?s=96&d=mm&r=g\",\"url\":\"https:\\\/\\\/secure.gravatar.com\\\/avatar\\\/907069e0b81d119452040469e4a7501da1100f54f7f80180ce77bfab718288f6?s=96&d=mm&r=g\",\"contentUrl\":\"https:\\\/\\\/secure.gravatar.com\\\/avatar\\\/907069e0b81d119452040469e4a7501da1100f54f7f80180ce77bfab718288f6?s=96&d=mm&r=g\",\"caption\":\"oliviere\"},\"sameAs\":[\"http:\\\/\\\/www.motocrossmag.be\"],\"url\":\"https:\\\/\\\/fr.motocrossmag.be\\\/index.php\\\/author\\\/oliviere\\\/\"}]}<\/script>\n<!-- \/ Yoast SEO plugin. -->","yoast_head_json":{"title":"MX Master Legends: les \"vieilles\" d\u00e9barquent \u00e0 Lierneux les 11 et 12 juin - Motocross - Enduro - Supermoto | MotocrossMag","robots":{"index":"index","follow":"follow","max-snippet":"max-snippet:-1","max-image-preview":"max-image-preview:large","max-video-preview":"max-video-preview:-1"},"canonical":"https:\/\/fr.motocrossmag.be\/index.php\/2016\/05\/mx-master-legends-les-vieilles-debarquent-a-lierneux-les-11-et-12-juin\/","og_locale":"fr_FR","og_type":"article","og_title":"MX Master Legends: les \"vieilles\" d\u00e9barquent \u00e0 Lierneux les 11 et 12 juin - Motocross - Enduro - Supermoto | MotocrossMag","og_description":"Les 11 et 12 juin prochains, le motocross \u00e0 l&rsquo;ancienne sera \u00e0 l&rsquo;honneur \u00e0 Lierneux. La premi\u00e8re \u00e9dition des \u00ab\u00a0MX Master Legends\u00a0\u00bb battera son plein. Le motocross \u00ab\u00a0old school\u00a0\u00bb fait [...]","og_url":"https:\/\/fr.motocrossmag.be\/index.php\/2016\/05\/mx-master-legends-les-vieilles-debarquent-a-lierneux-les-11-et-12-juin\/","og_site_name":"Motocross - Enduro - Supermoto | MotocrossMag","article_published_time":"2016-05-18T10:10:19+00:00","article_modified_time":"2016-05-18T10:22:39+00:00","og_image":[{"width":900,"height":600,"url":"https:\/\/fr.motocrossmag.be\/wp-content\/uploads\/2011\/09\/img_4368.jpg","type":"image\/jpeg"}],"author":"oliviere","twitter_card":"summary_large_image","twitter_misc":{"\u00c9crit par":"oliviere","Dur\u00e9e de lecture estim\u00e9e":"2 minutes"},"schema":{"@context":"https:\/\/schema.org","@graph":[{"@type":"Article","@id":"https:\/\/fr.motocrossmag.be\/index.php\/2016\/05\/mx-master-legends-les-vieilles-debarquent-a-lierneux-les-11-et-12-juin\/#article","isPartOf":{"@id":"https:\/\/fr.motocrossmag.be\/index.php\/2016\/05\/mx-master-legends-les-vieilles-debarquent-a-lierneux-les-11-et-12-juin\/"},"author":{"name":"oliviere","@id":"https:\/\/fr.motocrossmag.be\/#\/schema\/person\/11b47143d9f755babca2c9110e03235c"},"headline":"MX Master Legends: les \u00ab\u00a0vieilles\u00a0\u00bb d\u00e9barquent \u00e0 Lierneux les 11 et 12 juin","datePublished":"2016-05-18T10:10:19+00:00","dateModified":"2016-05-18T10:22:39+00:00","mainEntityOfPage":{"@id":"https:\/\/fr.motocrossmag.be\/index.php\/2016\/05\/mx-master-legends-les-vieilles-debarquent-a-lierneux-les-11-et-12-juin\/"},"wordCount":423,"commentCount":0,"image":{"@id":"https:\/\/fr.motocrossmag.be\/index.php\/2016\/05\/mx-master-legends-les-vieilles-debarquent-a-lierneux-les-11-et-12-juin\/#primaryimage"},"thumbnailUrl":"https:\/\/fr.motocrossmag.be\/wp-content\/uploads\/2011\/09\/img_4368.jpg","articleSection":["Actualit\u00e9","Motocross","MX Vintage","News","News","Slideshow","Vintage"],"inLanguage":"fr-FR","potentialAction":[{"@type":"CommentAction","name":"Comment","target":["https:\/\/fr.motocrossmag.be\/index.php\/2016\/05\/mx-master-legends-les-vieilles-debarquent-a-lierneux-les-11-et-12-juin\/#respond"]}]},{"@type":"WebPage","@id":"https:\/\/fr.motocrossmag.be\/index.php\/2016\/05\/mx-master-legends-les-vieilles-debarquent-a-lierneux-les-11-et-12-juin\/","url":"https:\/\/fr.motocrossmag.be\/index.php\/2016\/05\/mx-master-legends-les-vieilles-debarquent-a-lierneux-les-11-et-12-juin\/","name":"MX Master Legends: les \"vieilles\" d\u00e9barquent \u00e0 Lierneux les 11 et 12 juin - Motocross - Enduro - Supermoto | MotocrossMag","isPartOf":{"@id":"https:\/\/fr.motocrossmag.be\/#website"},"primaryImageOfPage":{"@id":"https:\/\/fr.motocrossmag.be\/index.php\/2016\/05\/mx-master-legends-les-vieilles-debarquent-a-lierneux-les-11-et-12-juin\/#primaryimage"},"image":{"@id":"https:\/\/fr.motocrossmag.be\/index.php\/2016\/05\/mx-master-legends-les-vieilles-debarquent-a-lierneux-les-11-et-12-juin\/#primaryimage"},"thumbnailUrl":"https:\/\/fr.motocrossmag.be\/wp-content\/uploads\/2011\/09\/img_4368.jpg","datePublished":"2016-05-18T10:10:19+00:00","dateModified":"2016-05-18T10:22:39+00:00","author":{"@id":"https:\/\/fr.motocrossmag.be\/#\/schema\/person\/11b47143d9f755babca2c9110e03235c"},"breadcrumb":{"@id":"https:\/\/fr.motocrossmag.be\/index.php\/2016\/05\/mx-master-legends-les-vieilles-debarquent-a-lierneux-les-11-et-12-juin\/#breadcrumb"},"inLanguage":"fr-FR","potentialAction":[{"@type":"ReadAction","target":["https:\/\/fr.motocrossmag.be\/index.php\/2016\/05\/mx-master-legends-les-vieilles-debarquent-a-lierneux-les-11-et-12-juin\/"]}]},{"@type":"ImageObject","inLanguage":"fr-FR","@id":"https:\/\/fr.motocrossmag.be\/index.php\/2016\/05\/mx-master-legends-les-vieilles-debarquent-a-lierneux-les-11-et-12-juin\/#primaryimage","url":"https:\/\/fr.motocrossmag.be\/wp-content\/uploads\/2011\/09\/img_4368.jpg","contentUrl":"https:\/\/fr.motocrossmag.be\/wp-content\/uploads\/2011\/09\/img_4368.jpg","width":900,"height":600},{"@type":"BreadcrumbList","@id":"https:\/\/fr.motocrossmag.be\/index.php\/2016\/05\/mx-master-legends-les-vieilles-debarquent-a-lierneux-les-11-et-12-juin\/#breadcrumb","itemListElement":[{"@type":"ListItem","position":1,"name":"Accueil","item":"https:\/\/fr.motocrossmag.be\/"},{"@type":"ListItem","position":2,"name":"MX Master Legends: les \u00ab\u00a0vieilles\u00a0\u00bb d\u00e9barquent \u00e0 Lierneux les 11 et 12 juin"}]},{"@type":"WebSite","@id":"https:\/\/fr.motocrossmag.be\/#website","url":"https:\/\/fr.motocrossmag.be\/","name":"Motocross - Enduro - Supermoto | MotocrossMag","description":"L&#039;actualit\u00e9 du motocross, de l&#039;enduro et du Supermoto en ligne!","potentialAction":[{"@type":"SearchAction","target":{"@type":"EntryPoint","urlTemplate":"https:\/\/fr.motocrossmag.be\/?s={search_term_string}"},"query-input":{"@type":"PropertyValueSpecification","valueRequired":true,"valueName":"search_term_string"}}],"inLanguage":"fr-FR"},{"@type":"Person","@id":"https:\/\/fr.motocrossmag.be\/#\/schema\/person\/11b47143d9f755babca2c9110e03235c","name":"oliviere","image":{"@type":"ImageObject","inLanguage":"fr-FR","@id":"https:\/\/secure.gravatar.com\/avatar\/907069e0b81d119452040469e4a7501da1100f54f7f80180ce77bfab718288f6?s=96&d=mm&r=g","url":"https:\/\/secure.gravatar.com\/avatar\/907069e0b81d119452040469e4a7501da1100f54f7f80180ce77bfab718288f6?s=96&d=mm&r=g","contentUrl":"https:\/\/secure.gravatar.com\/avatar\/907069e0b81d119452040469e4a7501da1100f54f7f80180ce77bfab718288f6?s=96&d=mm&r=g","caption":"oliviere"},"sameAs":["http:\/\/www.motocrossmag.be"],"url":"https:\/\/fr.motocrossmag.be\/index.php\/author\/oliviere\/"}]}},"_links":{"self":[{"href":"https:\/\/fr.motocrossmag.be\/index.php\/wp-json\/wp\/v2\/posts\/46703","targetHints":{"allow":["GET"]}}],"collection":[{"href":"https:\/\/fr.motocrossmag.be\/index.php\/wp-json\/wp\/v2\/posts"}],"about":[{"href":"https:\/\/fr.motocrossmag.be\/index.php\/wp-json\/wp\/v2\/types\/post"}],"author":[{"embeddable":true,"href":"https:\/\/fr.motocrossmag.be\/index.php\/wp-json\/wp\/v2\/users\/932"}],"replies":[{"embeddable":true,"href":"https:\/\/fr.motocrossmag.be\/index.php\/wp-json\/wp\/v2\/comments?post=46703"}],"version-history":[{"count":2,"href":"https:\/\/fr.motocrossmag.be\/index.php\/wp-json\/wp\/v2\/posts\/46703\/revisions"}],"predecessor-version":[{"id":46707,"href":"https:\/\/fr.motocrossmag.be\/index.php\/wp-json\/wp\/v2\/posts\/46703\/revisions\/46707"}],"wp:featuredmedia":[{"embeddable":true,"href":"https:\/\/fr.motocrossmag.be\/index.php\/wp-json\/wp\/v2\/media\/12931"}],"wp:attachment":[{"href":"https:\/\/fr.motocrossmag.be\/index.php\/wp-json\/wp\/v2\/media?parent=46703"}],"wp:term":[{"taxonomy":"category","embeddable":true,"href":"https:\/\/fr.motocrossmag.be\/index.php\/wp-json\/wp\/v2\/categories?post=46703"},{"taxonomy":"post_tag","embeddable":true,"href":"https:\/\/fr.motocrossmag.be\/index.php\/wp-json\/wp\/v2\/tags?post=46703"}],"curies":[{"name":"wp","href":"https:\/\/api.w.org\/{rel}","templated":true}]}}