{"id":47439,"date":"2016-06-11T19:53:05","date_gmt":"2016-06-11T17:53:05","guid":{"rendered":"http:\/\/fr.motocrossmag.be\/?p=47439"},"modified":"2016-06-11T19:53:05","modified_gmt":"2016-06-11T17:53:05","slug":"eero-remes-dominateur-sur-la-premiere-journee-du-gp-de-finlande","status":"publish","type":"post","link":"https:\/\/fr.motocrossmag.be\/index.php\/2016\/06\/eero-remes-dominateur-sur-la-premiere-journee-du-gp-de-finlande\/","title":{"rendered":"Eero Remes dominateur sur la premi\u00e8re journ\u00e9e du GP de Finlande"},"content":{"rendered":"<p><strong>Eero Remes a domin\u00e9 la premi\u00e8re journ\u00e9e de son GP nationale ce samedi en Finlande. L&rsquo;officiel TM a men\u00e9 les d\u00e9bats de bout en bout au guidon de sa petite 250 et remporte la cat\u00e9gorie EnduroGP devant Steve Holcombe et le nouveau venu sur le championnat Nathan Watson.<\/strong><\/p>\n<p>La Finlande a toujours \u00e9t\u00e9 une terre de grands champions. La domination finlandaise en Enduro s&rsquo;est pleinement exerc\u00e9e \u00e0 la fin des ann\u00e9es 90 et 2000 avec des pilotes du calibre de Kari TIAINEN, Samuli ARO, Petteri SILVAN, Petri POHJAMO\u2026 et bien s\u00fbr Juha SALMINEN et le regrett\u00e9 Mika AHOLA. Apr\u00e8s la retraite pr\u00e9matur\u00e9e de Matti SEISTOLA et l&rsquo;absence de rel\u00e8ve chez les plus jeunes, la Finlande traversait une p\u00e9riode de disette depuis quelques saisons avec le seul Eero REMES (TM) pour d\u00e9fendre l&rsquo;honneur national au plus haut niveau.<\/p>\n<p>Longtemps consid\u00e9r\u00e9 comme un second couteau, et apr\u00e8s avoir \u00e9t\u00e9 pilote officiel KTM, Eero REMES semble enfin concr\u00e9tiser tout ce potentiel pr\u00e9alablement d\u00e9tect\u00e9 par nombre de recruteurs\u2026 La trentaine entam\u00e9e, l&rsquo;officiel TM commence \u00e0 enclencher la machine \u00e0 gagner depuis son titre E1 de l&rsquo;an pass\u00e9\u2026 ce qui n&rsquo;est pas sans nous rappeler un certain Mika AHOLA, champion pour la premi\u00e8re fois \u00e0 31 ans et qui empila ainsi de suite cinq titres !<\/p>\n<p>Et chez lui \u00e0 Heinola, avec une m\u00e9t\u00e9o fraiche mais enfin cl\u00e9mente, lors de la premi\u00e8re journ\u00e9e du Grand Prix de Finlande, l&rsquo;enfant de Tuusola dans la banlieue d&rsquo;Helsinki s&rsquo;est montr\u00e9 impressionnant et dominateur de bout en bout en EnduroGP ! Auteur d&rsquo;un premier tour canon sur sa \u00ab petite \u00bb 250 TM, le blond Eero fit rapidement le break sur ses principaux rivaux. Avec cinq sp\u00e9ciales remport\u00e9es sur dix, REMES remporte cette premi\u00e8re journ\u00e9e haut la main \u00ab<em>Of course je suis tr\u00e8s heureux de gagner chez moi et le nombreux public local m&rsquo;a vraiment bien encourag\u00e9\u2026 pourtant ce fut une course difficile car le terrain se creuse au fil des passages ce qui fait ressortir cailloux et racines. Mais j&rsquo;ai vraiment eu un bon feeling toute la journ\u00e9e sur ma moto et rempoter la cat\u00e9gorie E1 et EnduroGP devant mon public c&rsquo;est tr\u00e8s bien !<\/em> \u00bb.<\/p>\n<p><strong>HOLCOMBE et WATSON \u00e9patants\u2026<\/strong><\/p>\n<p>Avec sa troisi\u00e8me victoire d&rsquo;affil\u00e9e en EnduroGP, Eero REMES d\u00e9poss\u00e8de \u00e9galement Matthew PHILLIPS (AUS &#8211; Sherco) de la place de leader du championnat. Une position totalement inattendue \u00e0 mi-championnat et qui prouve que les 250cc 4 temps peuvent rivaliser avec les \u00ab plus grosses \u00bb. Pourtant la r\u00e9sistance au Finlandais fut f\u00e9roce avec une colonie Anglo-saxonne en haut de l&rsquo;affiche gr\u00e2ce \u00e0 un remarquable Steve HOLCOMBE (GB &#8211; Beta) et \u00e0 un superbe Nathan WATSON (GB &#8211; KTM) qui s&rsquo;affirme au plus haut niveau de course en course. Tous deux se partagent deux victoires de sp\u00e9ciales et compl\u00e8tent le podium EnduroGP \u00ab <em>J&rsquo;ai \u00e9t\u00e9 trop lent dans le premier tour mais je suis ravi d&rsquo;avoir fini fort la journ\u00e9e sur un terrain que je d\u00e9couvre en partie<\/em> \u00bb nous confiait l&rsquo;officiel Beta \u00e0 l&rsquo;arriv\u00e9e dans un grand sourire\u2026 Idem pour WATSON qui s&rsquo;affirme sur tout type de terrain avec une fin de course m\u00e9t\u00e9orique. Longtemps dauphin de REMES jusqu&rsquo;\u00e0 la mi course, Matthew PHILLIPS c\u00e8de donc provisoirement sa plaque de N\u00b01 non sans avoir r\u00e9alis\u00e9 une belle course qui le porte \u00e0 la quatri\u00e8me position finale\u2026 \u00ab<em> C&rsquo;\u00e9tait difficile&#8230; je n&rsquo;avais pas roul\u00e9 sur ce type de terrain depuis 2 ans et la bagarre devant a \u00e9t\u00e9 incroyable de bout en bout<\/em> \u00bb.<\/p>\n<div id=\"attachment_47441\" style=\"width: 660px\" class=\"wp-caption alignnone\"><img decoding=\"async\" aria-describedby=\"caption-attachment-47441\" class=\"lazyload size-medium wp-image-47441\" src=\"data:image\/svg+xml,%3Csvg%20xmlns%3D%27http%3A%2F%2Fwww.w3.org%2F2000%2Fsvg%27%20width%3D%27650%27%20height%3D%27433%27%20viewBox%3D%270%200%20650%20433%27%3E%3Crect%20width%3D%27650%27%20height%3D%27433%27%20fill-opacity%3D%220%22%2F%3E%3C%2Fsvg%3E\" data-orig-src=\"http:\/\/fr.motocrossmag.be\/wp-content\/uploads\/2016\/06\/steve_holcombe_enduroGP_finlande_samedi-650x433.jpg\" alt=\"Steve Holcombe monte sur la deuxi\u00e8me marche du podium aujourd'hui en Finlande.\" width=\"650\" height=\"433\" \/><p id=\"caption-attachment-47441\" class=\"wp-caption-text\">Steve Holcombe monte sur la deuxi\u00e8me marche du podium aujourd&rsquo;hui en Finlande.<\/p><\/div>\n<div>\n<p>\u00ab <em>Je reprends confiance\u2026.<\/em> \u00bb nous confiait Mathias BELLINO (F &#8211; HVA) \u00e0 l&rsquo;arriv\u00e9e apr\u00e8s une bonne journ\u00e9e conclue par un cinqui\u00e8me rang qui pourrait le relancer vers le podium d\u00e8s demain\u2026 Tr\u00e8s belle course \u00e9galement de l&rsquo;officiel Outsiders Yamaha, Lo\u00efc LARRIEU (F) qui ne doit qu&rsquo;\u00e0 une sortie de \u00ab sp\u00e9ciale \u00bb violente dans l&rsquo;ultime Cross test, un 6eme rang peu flatteur eu \u00e9gard \u00e0 ce qu&rsquo;il a d\u00e9montr\u00e9 aujourd&rsquo;hui.<\/p>\n<p>Inutile de pr\u00e9ciser qu&rsquo;Eero REMES reste invaincu en E1 (7 victoires sur 7 possibles\u2026) malgr\u00e9 Nathan WATSON et l&rsquo;Autrichien Pascal RAUCHENECKER (Husqvarna) qui lui aussi progresse de GP en GP et accroche son premier podium \u00ab Enduro \u00bb.<\/p>\n<p>Matthew PHILLIPS se console avec une victoire m\u00e9rit\u00e9e en E2 face aux Frenchies BELLINO et LARRIEU alors qu&rsquo;Alex SALVINI (I &#8211; Beta) a finit tr\u00e8s fort et semble enfin dominer sa \u00ab grosse \u00bb Beta 450cc.<\/p>\n<p>Efficace et \u00ab coul\u00e9 \u00bb, Steve HOLCOMBE a largement domin\u00e9 la cat\u00e9gorie E3 alors que Johnny AUBERT (F &#8211; Beta) apporte un nouveau doubl\u00e9 \u00e0 la firme toscane pour un podium compl\u00e9t\u00e9 par le plus brillant des pilotes \u00ab priv\u00e9s \u00bb, \u00e0 savoir Antoine BASSET (F &#8211; KTM).<\/p>\n<p>Tr\u00e8s bien organis\u00e9 et tr\u00e8s populaire au demeurant, ce Grand Prix de Finlande est donc riche en rebondissements et surprises en tout genre et marque \u00e0 la mi-saison l&rsquo;av\u00e8nement d&rsquo;Eero REMES au top de la hi\u00e9rarchie mondiale toutes cat\u00e9gories confondues. Gageons que d\u00e8s demain matin 9.00 le lutin Finlandais soutenu par son inconditionnel public, s&#8217;emploiera d\u00e8s la premi\u00e8re Enduro test, \u00e0 \u00ab dynamiter \u00bb le peloton de l&rsquo;EnduroGP comme il l&rsquo;a fait ce matin\u2026 Qui saura lui r\u00e9sister ?<\/p>\n<\/div>\n","protected":false},"excerpt":{"rendered":"<p>Eero Remes a domin\u00e9 la premi\u00e8re journ\u00e9e de son GP nationale ce samedi en Finlande. L&rsquo;officiel TM a men\u00e9 les d\u00e9bats de bout en bout au guidon de sa petite [&#8230;]<\/p>\n","protected":false},"author":932,"featured_media":47440,"comment_status":"open","ping_status":"closed","sticky":false,"template":"","format":"standard","meta":{"footnotes":""},"categories":[54,32,34,33,55,65],"tags":[],"class_list":["post-47439","post","type-post","status-publish","format-standard","has-post-thumbnail","hentry","category-actualite","category-enduro","category-endurogp","category-news-enduro","category-news-actualite","category-slideshow"],"yoast_head":"<!-- This site is optimized with the Yoast SEO plugin v27.5 - https:\/\/yoast.com\/product\/yoast-seo-wordpress\/ -->\n<title>Eero Remes dominateur sur la premi\u00e8re journ\u00e9e du GP de Finlande - Motocross - Enduro - Supermoto | MotocrossMag<\/title>\n<meta name=\"robots\" content=\"index, follow, max-snippet:-1, max-image-preview:large, max-video-preview:-1\" \/>\n<link rel=\"canonical\" href=\"https:\/\/fr.motocrossmag.be\/index.php\/2016\/06\/eero-remes-dominateur-sur-la-premiere-journee-du-gp-de-finlande\/\" \/>\n<meta property=\"og:locale\" content=\"fr_FR\" \/>\n<meta property=\"og:type\" content=\"article\" \/>\n<meta property=\"og:title\" content=\"Eero Remes dominateur sur la premi\u00e8re journ\u00e9e du GP de Finlande - Motocross - Enduro - Supermoto | MotocrossMag\" \/>\n<meta property=\"og:description\" content=\"Eero Remes a domin\u00e9 la premi\u00e8re journ\u00e9e de son GP nationale ce samedi en Finlande. L&rsquo;officiel TM a men\u00e9 les d\u00e9bats de bout en bout au guidon de sa petite [...]\" \/>\n<meta property=\"og:url\" content=\"https:\/\/fr.motocrossmag.be\/index.php\/2016\/06\/eero-remes-dominateur-sur-la-premiere-journee-du-gp-de-finlande\/\" \/>\n<meta property=\"og:site_name\" content=\"Motocross - Enduro - Supermoto | MotocrossMag\" \/>\n<meta property=\"article:published_time\" content=\"2016-06-11T17:53:05+00:00\" \/>\n<meta property=\"og:image\" content=\"https:\/\/fr.motocrossmag.be\/wp-content\/uploads\/2016\/06\/eero_remes_enduroGP_finlande_samedi.jpg\" \/>\n\t<meta property=\"og:image:width\" content=\"650\" \/>\n\t<meta property=\"og:image:height\" content=\"433\" \/>\n\t<meta property=\"og:image:type\" content=\"image\/jpeg\" \/>\n<meta name=\"author\" content=\"oliviere\" \/>\n<meta name=\"twitter:card\" content=\"summary_large_image\" \/>\n<meta name=\"twitter:label1\" content=\"\u00c9crit par\" \/>\n\t<meta name=\"twitter:data1\" content=\"oliviere\" \/>\n\t<meta name=\"twitter:label2\" content=\"Dur\u00e9e de lecture estim\u00e9e\" \/>\n\t<meta name=\"twitter:data2\" content=\"4 minutes\" \/>\n<script type=\"application\/ld+json\" class=\"yoast-schema-graph\">{\"@context\":\"https:\\\/\\\/schema.org\",\"@graph\":[{\"@type\":\"Article\",\"@id\":\"https:\\\/\\\/fr.motocrossmag.be\\\/index.php\\\/2016\\\/06\\\/eero-remes-dominateur-sur-la-premiere-journee-du-gp-de-finlande\\\/#article\",\"isPartOf\":{\"@id\":\"https:\\\/\\\/fr.motocrossmag.be\\\/index.php\\\/2016\\\/06\\\/eero-remes-dominateur-sur-la-premiere-journee-du-gp-de-finlande\\\/\"},\"author\":{\"name\":\"oliviere\",\"@id\":\"https:\\\/\\\/fr.motocrossmag.be\\\/#\\\/schema\\\/person\\\/11b47143d9f755babca2c9110e03235c\"},\"headline\":\"Eero Remes dominateur sur la premi\u00e8re journ\u00e9e du GP de Finlande\",\"datePublished\":\"2016-06-11T17:53:05+00:00\",\"mainEntityOfPage\":{\"@id\":\"https:\\\/\\\/fr.motocrossmag.be\\\/index.php\\\/2016\\\/06\\\/eero-remes-dominateur-sur-la-premiere-journee-du-gp-de-finlande\\\/\"},\"wordCount\":940,\"commentCount\":0,\"image\":{\"@id\":\"https:\\\/\\\/fr.motocrossmag.be\\\/index.php\\\/2016\\\/06\\\/eero-remes-dominateur-sur-la-premiere-journee-du-gp-de-finlande\\\/#primaryimage\"},\"thumbnailUrl\":\"https:\\\/\\\/fr.motocrossmag.be\\\/wp-content\\\/uploads\\\/2016\\\/06\\\/eero_remes_enduroGP_finlande_samedi.jpg\",\"articleSection\":[\"Actualit\u00e9\",\"Enduro\",\"EnduroGP\",\"News\",\"News\",\"Slideshow\"],\"inLanguage\":\"fr-FR\",\"potentialAction\":[{\"@type\":\"CommentAction\",\"name\":\"Comment\",\"target\":[\"https:\\\/\\\/fr.motocrossmag.be\\\/index.php\\\/2016\\\/06\\\/eero-remes-dominateur-sur-la-premiere-journee-du-gp-de-finlande\\\/#respond\"]}]},{\"@type\":\"WebPage\",\"@id\":\"https:\\\/\\\/fr.motocrossmag.be\\\/index.php\\\/2016\\\/06\\\/eero-remes-dominateur-sur-la-premiere-journee-du-gp-de-finlande\\\/\",\"url\":\"https:\\\/\\\/fr.motocrossmag.be\\\/index.php\\\/2016\\\/06\\\/eero-remes-dominateur-sur-la-premiere-journee-du-gp-de-finlande\\\/\",\"name\":\"Eero Remes dominateur sur la premi\u00e8re journ\u00e9e du GP de Finlande - Motocross - Enduro - Supermoto | MotocrossMag\",\"isPartOf\":{\"@id\":\"https:\\\/\\\/fr.motocrossmag.be\\\/#website\"},\"primaryImageOfPage\":{\"@id\":\"https:\\\/\\\/fr.motocrossmag.be\\\/index.php\\\/2016\\\/06\\\/eero-remes-dominateur-sur-la-premiere-journee-du-gp-de-finlande\\\/#primaryimage\"},\"image\":{\"@id\":\"https:\\\/\\\/fr.motocrossmag.be\\\/index.php\\\/2016\\\/06\\\/eero-remes-dominateur-sur-la-premiere-journee-du-gp-de-finlande\\\/#primaryimage\"},\"thumbnailUrl\":\"https:\\\/\\\/fr.motocrossmag.be\\\/wp-content\\\/uploads\\\/2016\\\/06\\\/eero_remes_enduroGP_finlande_samedi.jpg\",\"datePublished\":\"2016-06-11T17:53:05+00:00\",\"author\":{\"@id\":\"https:\\\/\\\/fr.motocrossmag.be\\\/#\\\/schema\\\/person\\\/11b47143d9f755babca2c9110e03235c\"},\"breadcrumb\":{\"@id\":\"https:\\\/\\\/fr.motocrossmag.be\\\/index.php\\\/2016\\\/06\\\/eero-remes-dominateur-sur-la-premiere-journee-du-gp-de-finlande\\\/#breadcrumb\"},\"inLanguage\":\"fr-FR\",\"potentialAction\":[{\"@type\":\"ReadAction\",\"target\":[\"https:\\\/\\\/fr.motocrossmag.be\\\/index.php\\\/2016\\\/06\\\/eero-remes-dominateur-sur-la-premiere-journee-du-gp-de-finlande\\\/\"]}]},{\"@type\":\"ImageObject\",\"inLanguage\":\"fr-FR\",\"@id\":\"https:\\\/\\\/fr.motocrossmag.be\\\/index.php\\\/2016\\\/06\\\/eero-remes-dominateur-sur-la-premiere-journee-du-gp-de-finlande\\\/#primaryimage\",\"url\":\"https:\\\/\\\/fr.motocrossmag.be\\\/wp-content\\\/uploads\\\/2016\\\/06\\\/eero_remes_enduroGP_finlande_samedi.jpg\",\"contentUrl\":\"https:\\\/\\\/fr.motocrossmag.be\\\/wp-content\\\/uploads\\\/2016\\\/06\\\/eero_remes_enduroGP_finlande_samedi.jpg\",\"width\":650,\"height\":433},{\"@type\":\"BreadcrumbList\",\"@id\":\"https:\\\/\\\/fr.motocrossmag.be\\\/index.php\\\/2016\\\/06\\\/eero-remes-dominateur-sur-la-premiere-journee-du-gp-de-finlande\\\/#breadcrumb\",\"itemListElement\":[{\"@type\":\"ListItem\",\"position\":1,\"name\":\"Accueil\",\"item\":\"https:\\\/\\\/fr.motocrossmag.be\\\/\"},{\"@type\":\"ListItem\",\"position\":2,\"name\":\"Eero Remes dominateur sur la premi\u00e8re journ\u00e9e du GP de Finlande\"}]},{\"@type\":\"WebSite\",\"@id\":\"https:\\\/\\\/fr.motocrossmag.be\\\/#website\",\"url\":\"https:\\\/\\\/fr.motocrossmag.be\\\/\",\"name\":\"Motocross - Enduro - Supermoto | MotocrossMag\",\"description\":\"L&#039;actualit\u00e9 du motocross, de l&#039;enduro et du Supermoto en ligne!\",\"potentialAction\":[{\"@type\":\"SearchAction\",\"target\":{\"@type\":\"EntryPoint\",\"urlTemplate\":\"https:\\\/\\\/fr.motocrossmag.be\\\/?s={search_term_string}\"},\"query-input\":{\"@type\":\"PropertyValueSpecification\",\"valueRequired\":true,\"valueName\":\"search_term_string\"}}],\"inLanguage\":\"fr-FR\"},{\"@type\":\"Person\",\"@id\":\"https:\\\/\\\/fr.motocrossmag.be\\\/#\\\/schema\\\/person\\\/11b47143d9f755babca2c9110e03235c\",\"name\":\"oliviere\",\"image\":{\"@type\":\"ImageObject\",\"inLanguage\":\"fr-FR\",\"@id\":\"https:\\\/\\\/secure.gravatar.com\\\/avatar\\\/907069e0b81d119452040469e4a7501da1100f54f7f80180ce77bfab718288f6?s=96&d=mm&r=g\",\"url\":\"https:\\\/\\\/secure.gravatar.com\\\/avatar\\\/907069e0b81d119452040469e4a7501da1100f54f7f80180ce77bfab718288f6?s=96&d=mm&r=g\",\"contentUrl\":\"https:\\\/\\\/secure.gravatar.com\\\/avatar\\\/907069e0b81d119452040469e4a7501da1100f54f7f80180ce77bfab718288f6?s=96&d=mm&r=g\",\"caption\":\"oliviere\"},\"sameAs\":[\"http:\\\/\\\/www.motocrossmag.be\"],\"url\":\"https:\\\/\\\/fr.motocrossmag.be\\\/index.php\\\/author\\\/oliviere\\\/\"}]}<\/script>\n<!-- \/ Yoast SEO plugin. -->","yoast_head_json":{"title":"Eero Remes dominateur sur la premi\u00e8re journ\u00e9e du GP de Finlande - Motocross - Enduro - Supermoto | MotocrossMag","robots":{"index":"index","follow":"follow","max-snippet":"max-snippet:-1","max-image-preview":"max-image-preview:large","max-video-preview":"max-video-preview:-1"},"canonical":"https:\/\/fr.motocrossmag.be\/index.php\/2016\/06\/eero-remes-dominateur-sur-la-premiere-journee-du-gp-de-finlande\/","og_locale":"fr_FR","og_type":"article","og_title":"Eero Remes dominateur sur la premi\u00e8re journ\u00e9e du GP de Finlande - Motocross - Enduro - Supermoto | MotocrossMag","og_description":"Eero Remes a domin\u00e9 la premi\u00e8re journ\u00e9e de son GP nationale ce samedi en Finlande. L&rsquo;officiel TM a men\u00e9 les d\u00e9bats de bout en bout au guidon de sa petite [...]","og_url":"https:\/\/fr.motocrossmag.be\/index.php\/2016\/06\/eero-remes-dominateur-sur-la-premiere-journee-du-gp-de-finlande\/","og_site_name":"Motocross - Enduro - Supermoto | MotocrossMag","article_published_time":"2016-06-11T17:53:05+00:00","og_image":[{"width":650,"height":433,"url":"https:\/\/fr.motocrossmag.be\/wp-content\/uploads\/2016\/06\/eero_remes_enduroGP_finlande_samedi.jpg","type":"image\/jpeg"}],"author":"oliviere","twitter_card":"summary_large_image","twitter_misc":{"\u00c9crit par":"oliviere","Dur\u00e9e de lecture estim\u00e9e":"4 minutes"},"schema":{"@context":"https:\/\/schema.org","@graph":[{"@type":"Article","@id":"https:\/\/fr.motocrossmag.be\/index.php\/2016\/06\/eero-remes-dominateur-sur-la-premiere-journee-du-gp-de-finlande\/#article","isPartOf":{"@id":"https:\/\/fr.motocrossmag.be\/index.php\/2016\/06\/eero-remes-dominateur-sur-la-premiere-journee-du-gp-de-finlande\/"},"author":{"name":"oliviere","@id":"https:\/\/fr.motocrossmag.be\/#\/schema\/person\/11b47143d9f755babca2c9110e03235c"},"headline":"Eero Remes dominateur sur la premi\u00e8re journ\u00e9e du GP de Finlande","datePublished":"2016-06-11T17:53:05+00:00","mainEntityOfPage":{"@id":"https:\/\/fr.motocrossmag.be\/index.php\/2016\/06\/eero-remes-dominateur-sur-la-premiere-journee-du-gp-de-finlande\/"},"wordCount":940,"commentCount":0,"image":{"@id":"https:\/\/fr.motocrossmag.be\/index.php\/2016\/06\/eero-remes-dominateur-sur-la-premiere-journee-du-gp-de-finlande\/#primaryimage"},"thumbnailUrl":"https:\/\/fr.motocrossmag.be\/wp-content\/uploads\/2016\/06\/eero_remes_enduroGP_finlande_samedi.jpg","articleSection":["Actualit\u00e9","Enduro","EnduroGP","News","News","Slideshow"],"inLanguage":"fr-FR","potentialAction":[{"@type":"CommentAction","name":"Comment","target":["https:\/\/fr.motocrossmag.be\/index.php\/2016\/06\/eero-remes-dominateur-sur-la-premiere-journee-du-gp-de-finlande\/#respond"]}]},{"@type":"WebPage","@id":"https:\/\/fr.motocrossmag.be\/index.php\/2016\/06\/eero-remes-dominateur-sur-la-premiere-journee-du-gp-de-finlande\/","url":"https:\/\/fr.motocrossmag.be\/index.php\/2016\/06\/eero-remes-dominateur-sur-la-premiere-journee-du-gp-de-finlande\/","name":"Eero Remes dominateur sur la premi\u00e8re journ\u00e9e du GP de Finlande - Motocross - Enduro - Supermoto | MotocrossMag","isPartOf":{"@id":"https:\/\/fr.motocrossmag.be\/#website"},"primaryImageOfPage":{"@id":"https:\/\/fr.motocrossmag.be\/index.php\/2016\/06\/eero-remes-dominateur-sur-la-premiere-journee-du-gp-de-finlande\/#primaryimage"},"image":{"@id":"https:\/\/fr.motocrossmag.be\/index.php\/2016\/06\/eero-remes-dominateur-sur-la-premiere-journee-du-gp-de-finlande\/#primaryimage"},"thumbnailUrl":"https:\/\/fr.motocrossmag.be\/wp-content\/uploads\/2016\/06\/eero_remes_enduroGP_finlande_samedi.jpg","datePublished":"2016-06-11T17:53:05+00:00","author":{"@id":"https:\/\/fr.motocrossmag.be\/#\/schema\/person\/11b47143d9f755babca2c9110e03235c"},"breadcrumb":{"@id":"https:\/\/fr.motocrossmag.be\/index.php\/2016\/06\/eero-remes-dominateur-sur-la-premiere-journee-du-gp-de-finlande\/#breadcrumb"},"inLanguage":"fr-FR","potentialAction":[{"@type":"ReadAction","target":["https:\/\/fr.motocrossmag.be\/index.php\/2016\/06\/eero-remes-dominateur-sur-la-premiere-journee-du-gp-de-finlande\/"]}]},{"@type":"ImageObject","inLanguage":"fr-FR","@id":"https:\/\/fr.motocrossmag.be\/index.php\/2016\/06\/eero-remes-dominateur-sur-la-premiere-journee-du-gp-de-finlande\/#primaryimage","url":"https:\/\/fr.motocrossmag.be\/wp-content\/uploads\/2016\/06\/eero_remes_enduroGP_finlande_samedi.jpg","contentUrl":"https:\/\/fr.motocrossmag.be\/wp-content\/uploads\/2016\/06\/eero_remes_enduroGP_finlande_samedi.jpg","width":650,"height":433},{"@type":"BreadcrumbList","@id":"https:\/\/fr.motocrossmag.be\/index.php\/2016\/06\/eero-remes-dominateur-sur-la-premiere-journee-du-gp-de-finlande\/#breadcrumb","itemListElement":[{"@type":"ListItem","position":1,"name":"Accueil","item":"https:\/\/fr.motocrossmag.be\/"},{"@type":"ListItem","position":2,"name":"Eero Remes dominateur sur la premi\u00e8re journ\u00e9e du GP de Finlande"}]},{"@type":"WebSite","@id":"https:\/\/fr.motocrossmag.be\/#website","url":"https:\/\/fr.motocrossmag.be\/","name":"Motocross - Enduro - Supermoto | MotocrossMag","description":"L&#039;actualit\u00e9 du motocross, de l&#039;enduro et du Supermoto en ligne!","potentialAction":[{"@type":"SearchAction","target":{"@type":"EntryPoint","urlTemplate":"https:\/\/fr.motocrossmag.be\/?s={search_term_string}"},"query-input":{"@type":"PropertyValueSpecification","valueRequired":true,"valueName":"search_term_string"}}],"inLanguage":"fr-FR"},{"@type":"Person","@id":"https:\/\/fr.motocrossmag.be\/#\/schema\/person\/11b47143d9f755babca2c9110e03235c","name":"oliviere","image":{"@type":"ImageObject","inLanguage":"fr-FR","@id":"https:\/\/secure.gravatar.com\/avatar\/907069e0b81d119452040469e4a7501da1100f54f7f80180ce77bfab718288f6?s=96&d=mm&r=g","url":"https:\/\/secure.gravatar.com\/avatar\/907069e0b81d119452040469e4a7501da1100f54f7f80180ce77bfab718288f6?s=96&d=mm&r=g","contentUrl":"https:\/\/secure.gravatar.com\/avatar\/907069e0b81d119452040469e4a7501da1100f54f7f80180ce77bfab718288f6?s=96&d=mm&r=g","caption":"oliviere"},"sameAs":["http:\/\/www.motocrossmag.be"],"url":"https:\/\/fr.motocrossmag.be\/index.php\/author\/oliviere\/"}]}},"_links":{"self":[{"href":"https:\/\/fr.motocrossmag.be\/index.php\/wp-json\/wp\/v2\/posts\/47439","targetHints":{"allow":["GET"]}}],"collection":[{"href":"https:\/\/fr.motocrossmag.be\/index.php\/wp-json\/wp\/v2\/posts"}],"about":[{"href":"https:\/\/fr.motocrossmag.be\/index.php\/wp-json\/wp\/v2\/types\/post"}],"author":[{"embeddable":true,"href":"https:\/\/fr.motocrossmag.be\/index.php\/wp-json\/wp\/v2\/users\/932"}],"replies":[{"embeddable":true,"href":"https:\/\/fr.motocrossmag.be\/index.php\/wp-json\/wp\/v2\/comments?post=47439"}],"version-history":[{"count":1,"href":"https:\/\/fr.motocrossmag.be\/index.php\/wp-json\/wp\/v2\/posts\/47439\/revisions"}],"predecessor-version":[{"id":47442,"href":"https:\/\/fr.motocrossmag.be\/index.php\/wp-json\/wp\/v2\/posts\/47439\/revisions\/47442"}],"wp:featuredmedia":[{"embeddable":true,"href":"https:\/\/fr.motocrossmag.be\/index.php\/wp-json\/wp\/v2\/media\/47440"}],"wp:attachment":[{"href":"https:\/\/fr.motocrossmag.be\/index.php\/wp-json\/wp\/v2\/media?parent=47439"}],"wp:term":[{"taxonomy":"category","embeddable":true,"href":"https:\/\/fr.motocrossmag.be\/index.php\/wp-json\/wp\/v2\/categories?post=47439"},{"taxonomy":"post_tag","embeddable":true,"href":"https:\/\/fr.motocrossmag.be\/index.php\/wp-json\/wp\/v2\/tags?post=47439"}],"curies":[{"name":"wp","href":"https:\/\/api.w.org\/{rel}","templated":true}]}}