{"id":47453,"date":"2016-06-12T20:45:45","date_gmt":"2016-06-12T18:45:45","guid":{"rendered":"http:\/\/fr.motocrossmag.be\/?p=47453"},"modified":"2016-06-12T20:46:34","modified_gmt":"2016-06-12T18:46:34","slug":"matthew-phillips-prend-sa-revanche-dans-la-2eme-journee-du-gp-de-finlande","status":"publish","type":"post","link":"https:\/\/fr.motocrossmag.be\/index.php\/2016\/06\/matthew-phillips-prend-sa-revanche-dans-la-2eme-journee-du-gp-de-finlande\/","title":{"rendered":"Matthew Phillips prend sa revanche dans la 2\u00e8me journ\u00e9e du GP de Finlande"},"content":{"rendered":"<p><strong>Les tourn\u00e9es scandinaves ne sont jamais une formalit\u00e9\u2026 Alors que le Grand Prix de Finlande vient \u00e0 peine de s&rsquo;achever et que le Grand Prix de Su\u00e8de du week-end prochain occupe d\u00e9j\u00e0 tous les esprits, toute la caravane de l&rsquo;EnduroGP a pu v\u00e9rifier cette maxime lors de cette journ\u00e9e dominicale o\u00f9 la s\u00e9lection s&rsquo;est faite par le haut, avec un rythme infernal, mais aussi par le bas avec une pl\u00e9iade d&rsquo;abandons\u2026<\/strong><\/p>\n<p>C&rsquo;est tout d&rsquo;abord le fougueux Su\u00e9dois Robert KVARNSTROM (Yamaha) qui se satellisait d\u00e8s le premier tour imit\u00e9 peu apr\u00e8s par le junior David ABGRALL (F &#8211; Yamaha), ou encore par le \u00ab revenant \u00bb Christophe NAMBOTIN (F &#8211; KTM) bien discret hier\u2026 \u00ab<em> J&rsquo;ai chut\u00e9 fortement dans la Cross test et j&rsquo;ai pr\u00e9f\u00e9r\u00e9 arr\u00eater les frais car je n&rsquo;ai pas grand-chose \u00e0 jouer et en plus le terrain se d\u00e9fonce \u00e0 chaque passage occasionnant ainsi une multitude de pi\u00e8ges.<\/em> \u00bb Autres absents de marque des feuilles de r\u00e9sultats ce soir, principalement chez les Juniors : Davide SORECA (I &#8211; Honda Red Moto) sur probl\u00e8mes d&#8217;embrayage ou encore le prometteur Josep GARCIA (E &#8211; Husqvarna) qui se fait une forte entorse du genou et perd toute illusion dans son duel avec Giacomo REDONDI.<\/p>\n<p>Voila pour la s\u00e9lection par le \u00ab bas \u00bb\u2026 devant la bataille fit rage avec un trio infernal emmen\u00e9 par un Matthew PHILLIPS (AUS &#8211; Sherco) tr\u00e8s remont\u00e9 apr\u00e8s sa \u00ab petite \u00bb 4eme place d&rsquo;hier\u2026 Tour \u00e0 tour PHILLIPS, Eero REMES (SF &#8211; TM) et Nathan WATSON (GB &#8211; KTM) se partageaient les trois premi\u00e8res sp\u00e9ciales pour virer dans un mouchoir \u00e0 la fin du premier tour avec un \u00e9cart infime de 98 centi\u00e8mes de seconde\u2026 sans compter Steve HOLCOMBE (GB &#8211; Beta) en embuscade \u00e0 un peu plus de 3 secondes ! Derri\u00e8re le trou \u00e9tait d\u00e9j\u00e0 fait avec des fran\u00e7ais (LARRIEU \/ BELLINO) plus longs \u00e0 se mettre dans le rythme et un Johnny AUBERT (F &#8211; BETA) qui touchait un arbre dans la Cross test.<\/p>\n<div>\n<p><strong>WATSON n&rsquo;a eu besoin que de quatre GP\u2026<\/strong><\/p>\n<p>Steve HOLCOMBE c\u00e9dait le premier\u2026 \u00ab <em>J&rsquo;ai connu des probl\u00e8mes moteur au cours du deuxi\u00e8me tour. Malheureusement cela m&rsquo;a retard\u00e9 et suite \u00e0 l&rsquo;intervention m\u00e9canique de mon team, j&rsquo;ai \u00e9cop\u00e9 de 5 minutes de p\u00e9nalit\u00e9 qui me co\u00fbtent tr\u00e8s cher pour la suite de la saison car je ne marque aucun point en EnduroGP !<\/em> \u00bb Et malgr\u00e9 cette s\u00e9rieuse d\u00e9convenue le britannique gardait flegme et sourire\u2026 Et c&rsquo;est pr\u00e9cis\u00e9ment lors de ce fameux deuxi\u00e8me tour que Matthew PHILLIPS fit la diff\u00e9rence \u00ab<em>Eero a fait une erreur dans l&rsquo;Enduro test ce qui m&rsquo;a donn\u00e9 une bonne marge d&rsquo;avance d&rsquo;une dizaine de secondes. Mais ce fut vraiment un grand prix tr\u00e8s difficile o\u00f9 l&rsquo;erreur n&rsquo;\u00e9tait pas permise\u2026 Cette victoire me donne un moral d&rsquo;acier avant d&rsquo;aller en Su\u00e8de et puis je fais taire tous ceux qui me disent que le troisi\u00e8me tour ne m&rsquo;est pas tr\u00e8s favorable \u00e0 cause de ma condition physique !<\/em> \u00bb Avec ce succ\u00e8s acquis de haute lutte le Tasmanien revient \u00e0 \u00e9galit\u00e9 de points au provisoire du championnat avec Eero REMES! L&rsquo;\u00e9treinte entre ces deux champions, qui se respectent, \u00e0 l&rsquo;entr\u00e9e du Parc ferm\u00e9 fit plaisir \u00e0 voir. Nathan WATSON est un superbe troisi\u00e8me ! Le \u00ab grand blond \u00bb progresse \u00e0 vitesse m\u00e9t\u00e9orique sur sa KTM officielle et son premier succ\u00e8s en EnduroGP n&rsquo;est plus tr\u00e8s loin. Son potentiel semble \u00e9norme tout comme sa marge de progression et comme il est, d\u00e9j\u00e0, \u00e0 l&rsquo;aise sur tout type de terrain\u2026<\/p>\n<div id=\"attachment_47455\" style=\"width: 660px\" class=\"wp-caption alignnone\"><img decoding=\"async\" aria-describedby=\"caption-attachment-47455\" class=\"lazyload size-medium wp-image-47455\" src=\"data:image\/svg+xml,%3Csvg%20xmlns%3D%27http%3A%2F%2Fwww.w3.org%2F2000%2Fsvg%27%20width%3D%27650%27%20height%3D%27433%27%20viewBox%3D%270%200%20650%20433%27%3E%3Crect%20width%3D%27650%27%20height%3D%27433%27%20fill-opacity%3D%220%22%2F%3E%3C%2Fsvg%3E\" data-orig-src=\"http:\/\/fr.motocrossmag.be\/wp-content\/uploads\/2016\/06\/aubert_johnny_finlande-650x433.jpg\" alt=\"Johnny Aubert remporte la classe E3.\" width=\"650\" height=\"433\" \/><p id=\"caption-attachment-47455\" class=\"wp-caption-text\">Johnny Aubert remporte la classe E3.<\/p><\/div>\n<p>Mathias BELLINO (F &#8211; Husqvarna) retrouve peu \u00e0 peu le sourire avec une remarquable 4eme place et sa victoire lors de la derni\u00e8re Extr\u00eame test lui permettra d&rsquo;aborder la Su\u00e8de dans de biens meilleures dispositions : n&rsquo;oublions pas qu&rsquo;il avait lamin\u00e9 la concurrence \u00e0 Enk\u00f6ping il y a deux ans.<br \/>\nAlex SALVINI (I &#8211; BETA) et Lo\u00efc LARRIEU (F &#8211; Yamaha), un peu froiss\u00e9 apr\u00e8s sa grosse chute d&rsquo;hier, scorent de gros points avec respectivement une 5eme et 6eme place tout comme l&rsquo;Arizona \u00ab kid \u00bb Taylor ROBERT (USA &#8211; KTM) qui pourtant affichait la mine des mauvais jours\u2026<br \/>\nMentions bien \u00e9galement pour Cristobal GUERRERO (E &#8211; Yam) toujours aussi coriace et valeureux tout comme pour son compatriote Jaume BETRIU (E &#8211; KTM) qui r\u00e9ussit son premier Top 10 ou encore pour l&rsquo;ex crossman Davide GUARNERI (I &#8211; Honda Red Moto) qui s&rsquo;est \u00ab l\u00e2ch\u00e9 \u00bb sur ce terrain tr\u00e8s d\u00e9fonc\u00e9.<\/p>\n<p><strong>AUBERT remporte le classement E3<br \/>\n<\/strong><\/p>\n<p>Eero REMES, malgr\u00e9 un 8eme succ\u00e8s d&rsquo;affil\u00e9e en E1 devra compter avec le Britannique Nathan WATSON d\u00e8s la semaine prochaine mais aussi avec Danny MCCANNEY (GB &#8211; Husqvarna) 3eme et premier podium 2016 ou encore Pascal RAUCHENECKER (AUT &#8211; Husqvarna) et Ivan CERVANTES (E &#8211; KTM).<br \/>\nMatthew PHILLIPS \u00ab double \u00bb les succ\u00e8s avec une victoire en E2 devant Mathias BELLINO et Alex SALVINI.<br \/>\nApr\u00e8s sa m\u00e9saventure de la matin\u00e9e et sa confrontation violente avec un arbre dans la Cross test 1, Johnny AUBERT s&rsquo;est crach\u00e9 dans les mains pour arracher et aller chercher une splendide victoire en E3 \u00e0 Jaume BETRIU et Antoine BASSET (F &#8211; KTM)\u2026 \u00ab <em>J&rsquo;en ai marre de ces trous et de ces orni\u00e8res et la semaine prochaine on remet \u00e7a !<\/em> \u00bb nous glissait \u00e0 l&rsquo;arriv\u00e9e le sympathique Ard\u00e9chois ! Steve HOLCOMBE seulement 8eme voit ainsi Johnny AUBERT se rapprocher dangereusement au provisoire\u2026<\/p>\n<p>Apr\u00e8s l&rsquo;h\u00e9catombe matinale (abandons de GARCIA et SORECA\u2026), Giacomo REDONDI (I &#8211; Honda Red Moto) poursuit son leadership en Juniors avec une indiscutable 8eme victoire de rang. 2016 est assur\u00e9ment \u00ab sa \u00bb saison ! De retour au meilleur de sa forme Albin ELOWSON (S &#8211; Husqvarna)\u00a0est 2eme et sera tr\u00e8s remont\u00e9 devant son public samedi prochain pour mettre fin \u00e0 la domination de REDONDI. Le local Eemil POHJOLA (SF &#8211; Husqvarna) compl\u00e8te ce podium Junior et annonce l&rsquo;arriv\u00e9e d&rsquo;une nouvelle garde \u00ab nordiste \u00bb aux c\u00f4t\u00e9s du courageux Oliver NELSON (S &#8211; TM) 5eme et d&rsquo;Henric STIGELL (SF &#8211; TM) 6eme\u2026<\/p>\n<p>Les surprises sont donc nombreuses et ce dans toutes les cat\u00e9gories au cours de ce cru 2016 qui a pass\u00e9 ici \u00e0 <strong>Heinola<\/strong> le cap de la mi saison\u2026 mais pas le temps de souffler, et d\u00e8s ce soir, direction la Su\u00e8de et la ville d&rsquo;<strong>Enk\u00f6ping<\/strong> pour un cinqui\u00e8me rendez-vous o\u00f9 les pr\u00e9tendants au titre n&rsquo;auront pas le droit \u00e0 l&rsquo;erreur !<\/p>\n<\/div>\n","protected":false},"excerpt":{"rendered":"<p>Les tourn\u00e9es scandinaves ne sont jamais une formalit\u00e9\u2026 Alors que le Grand Prix de Finlande vient \u00e0 peine de s&rsquo;achever et que le Grand Prix de Su\u00e8de du week-end prochain [&#8230;]<\/p>\n","protected":false},"author":932,"featured_media":47454,"comment_status":"open","ping_status":"closed","sticky":false,"template":"","format":"standard","meta":{"footnotes":""},"categories":[54,32,34,33,55],"tags":[],"class_list":["post-47453","post","type-post","status-publish","format-standard","has-post-thumbnail","hentry","category-actualite","category-enduro","category-endurogp","category-news-enduro","category-news-actualite"],"yoast_head":"<!-- This site is optimized with the Yoast SEO plugin v27.4 - https:\/\/yoast.com\/product\/yoast-seo-wordpress\/ -->\n<title>Matthew Phillips prend sa revanche dans la 2\u00e8me journ\u00e9e du GP de Finlande - Motocross - Enduro - Supermoto | MotocrossMag<\/title>\n<meta name=\"robots\" content=\"index, follow, max-snippet:-1, max-image-preview:large, max-video-preview:-1\" \/>\n<link rel=\"canonical\" href=\"https:\/\/fr.motocrossmag.be\/index.php\/2016\/06\/matthew-phillips-prend-sa-revanche-dans-la-2eme-journee-du-gp-de-finlande\/\" \/>\n<meta property=\"og:locale\" content=\"fr_FR\" \/>\n<meta property=\"og:type\" content=\"article\" \/>\n<meta property=\"og:title\" content=\"Matthew Phillips prend sa revanche dans la 2\u00e8me journ\u00e9e du GP de Finlande - Motocross - Enduro - Supermoto | MotocrossMag\" \/>\n<meta property=\"og:description\" content=\"Les tourn\u00e9es scandinaves ne sont jamais une formalit\u00e9\u2026 Alors que le Grand Prix de Finlande vient \u00e0 peine de s&rsquo;achever et que le Grand Prix de Su\u00e8de du week-end prochain [...]\" \/>\n<meta property=\"og:url\" content=\"https:\/\/fr.motocrossmag.be\/index.php\/2016\/06\/matthew-phillips-prend-sa-revanche-dans-la-2eme-journee-du-gp-de-finlande\/\" \/>\n<meta property=\"og:site_name\" content=\"Motocross - Enduro - Supermoto | MotocrossMag\" \/>\n<meta property=\"article:published_time\" content=\"2016-06-12T18:45:45+00:00\" \/>\n<meta property=\"article:modified_time\" content=\"2016-06-12T18:46:34+00:00\" \/>\n<meta property=\"og:image\" content=\"https:\/\/fr.motocrossmag.be\/wp-content\/uploads\/2016\/06\/matthew_phillips.jpg\" \/>\n\t<meta property=\"og:image:width\" content=\"650\" \/>\n\t<meta property=\"og:image:height\" content=\"433\" \/>\n\t<meta property=\"og:image:type\" content=\"image\/jpeg\" \/>\n<meta name=\"author\" content=\"oliviere\" \/>\n<meta name=\"twitter:card\" content=\"summary_large_image\" \/>\n<meta name=\"twitter:label1\" content=\"\u00c9crit par\" \/>\n\t<meta name=\"twitter:data1\" content=\"oliviere\" \/>\n\t<meta name=\"twitter:label2\" content=\"Dur\u00e9e de lecture estim\u00e9e\" \/>\n\t<meta name=\"twitter:data2\" content=\"5 minutes\" \/>\n<script type=\"application\/ld+json\" class=\"yoast-schema-graph\">{\"@context\":\"https:\\\/\\\/schema.org\",\"@graph\":[{\"@type\":\"Article\",\"@id\":\"https:\\\/\\\/fr.motocrossmag.be\\\/index.php\\\/2016\\\/06\\\/matthew-phillips-prend-sa-revanche-dans-la-2eme-journee-du-gp-de-finlande\\\/#article\",\"isPartOf\":{\"@id\":\"https:\\\/\\\/fr.motocrossmag.be\\\/index.php\\\/2016\\\/06\\\/matthew-phillips-prend-sa-revanche-dans-la-2eme-journee-du-gp-de-finlande\\\/\"},\"author\":{\"name\":\"oliviere\",\"@id\":\"https:\\\/\\\/fr.motocrossmag.be\\\/#\\\/schema\\\/person\\\/11b47143d9f755babca2c9110e03235c\"},\"headline\":\"Matthew Phillips prend sa revanche dans la 2\u00e8me journ\u00e9e du GP de Finlande\",\"datePublished\":\"2016-06-12T18:45:45+00:00\",\"dateModified\":\"2016-06-12T18:46:34+00:00\",\"mainEntityOfPage\":{\"@id\":\"https:\\\/\\\/fr.motocrossmag.be\\\/index.php\\\/2016\\\/06\\\/matthew-phillips-prend-sa-revanche-dans-la-2eme-journee-du-gp-de-finlande\\\/\"},\"wordCount\":1149,\"commentCount\":0,\"image\":{\"@id\":\"https:\\\/\\\/fr.motocrossmag.be\\\/index.php\\\/2016\\\/06\\\/matthew-phillips-prend-sa-revanche-dans-la-2eme-journee-du-gp-de-finlande\\\/#primaryimage\"},\"thumbnailUrl\":\"https:\\\/\\\/fr.motocrossmag.be\\\/wp-content\\\/uploads\\\/2016\\\/06\\\/matthew_phillips.jpg\",\"articleSection\":[\"Actualit\u00e9\",\"Enduro\",\"EnduroGP\",\"News\",\"News\"],\"inLanguage\":\"fr-FR\",\"potentialAction\":[{\"@type\":\"CommentAction\",\"name\":\"Comment\",\"target\":[\"https:\\\/\\\/fr.motocrossmag.be\\\/index.php\\\/2016\\\/06\\\/matthew-phillips-prend-sa-revanche-dans-la-2eme-journee-du-gp-de-finlande\\\/#respond\"]}]},{\"@type\":\"WebPage\",\"@id\":\"https:\\\/\\\/fr.motocrossmag.be\\\/index.php\\\/2016\\\/06\\\/matthew-phillips-prend-sa-revanche-dans-la-2eme-journee-du-gp-de-finlande\\\/\",\"url\":\"https:\\\/\\\/fr.motocrossmag.be\\\/index.php\\\/2016\\\/06\\\/matthew-phillips-prend-sa-revanche-dans-la-2eme-journee-du-gp-de-finlande\\\/\",\"name\":\"Matthew Phillips prend sa revanche dans la 2\u00e8me journ\u00e9e du GP de Finlande - Motocross - Enduro - Supermoto | MotocrossMag\",\"isPartOf\":{\"@id\":\"https:\\\/\\\/fr.motocrossmag.be\\\/#website\"},\"primaryImageOfPage\":{\"@id\":\"https:\\\/\\\/fr.motocrossmag.be\\\/index.php\\\/2016\\\/06\\\/matthew-phillips-prend-sa-revanche-dans-la-2eme-journee-du-gp-de-finlande\\\/#primaryimage\"},\"image\":{\"@id\":\"https:\\\/\\\/fr.motocrossmag.be\\\/index.php\\\/2016\\\/06\\\/matthew-phillips-prend-sa-revanche-dans-la-2eme-journee-du-gp-de-finlande\\\/#primaryimage\"},\"thumbnailUrl\":\"https:\\\/\\\/fr.motocrossmag.be\\\/wp-content\\\/uploads\\\/2016\\\/06\\\/matthew_phillips.jpg\",\"datePublished\":\"2016-06-12T18:45:45+00:00\",\"dateModified\":\"2016-06-12T18:46:34+00:00\",\"author\":{\"@id\":\"https:\\\/\\\/fr.motocrossmag.be\\\/#\\\/schema\\\/person\\\/11b47143d9f755babca2c9110e03235c\"},\"breadcrumb\":{\"@id\":\"https:\\\/\\\/fr.motocrossmag.be\\\/index.php\\\/2016\\\/06\\\/matthew-phillips-prend-sa-revanche-dans-la-2eme-journee-du-gp-de-finlande\\\/#breadcrumb\"},\"inLanguage\":\"fr-FR\",\"potentialAction\":[{\"@type\":\"ReadAction\",\"target\":[\"https:\\\/\\\/fr.motocrossmag.be\\\/index.php\\\/2016\\\/06\\\/matthew-phillips-prend-sa-revanche-dans-la-2eme-journee-du-gp-de-finlande\\\/\"]}]},{\"@type\":\"ImageObject\",\"inLanguage\":\"fr-FR\",\"@id\":\"https:\\\/\\\/fr.motocrossmag.be\\\/index.php\\\/2016\\\/06\\\/matthew-phillips-prend-sa-revanche-dans-la-2eme-journee-du-gp-de-finlande\\\/#primaryimage\",\"url\":\"https:\\\/\\\/fr.motocrossmag.be\\\/wp-content\\\/uploads\\\/2016\\\/06\\\/matthew_phillips.jpg\",\"contentUrl\":\"https:\\\/\\\/fr.motocrossmag.be\\\/wp-content\\\/uploads\\\/2016\\\/06\\\/matthew_phillips.jpg\",\"width\":650,\"height\":433},{\"@type\":\"BreadcrumbList\",\"@id\":\"https:\\\/\\\/fr.motocrossmag.be\\\/index.php\\\/2016\\\/06\\\/matthew-phillips-prend-sa-revanche-dans-la-2eme-journee-du-gp-de-finlande\\\/#breadcrumb\",\"itemListElement\":[{\"@type\":\"ListItem\",\"position\":1,\"name\":\"Accueil\",\"item\":\"https:\\\/\\\/fr.motocrossmag.be\\\/\"},{\"@type\":\"ListItem\",\"position\":2,\"name\":\"Matthew Phillips prend sa revanche dans la 2\u00e8me journ\u00e9e du GP de Finlande\"}]},{\"@type\":\"WebSite\",\"@id\":\"https:\\\/\\\/fr.motocrossmag.be\\\/#website\",\"url\":\"https:\\\/\\\/fr.motocrossmag.be\\\/\",\"name\":\"Motocross - Enduro - Supermoto | MotocrossMag\",\"description\":\"L&#039;actualit\u00e9 du motocross, de l&#039;enduro et du Supermoto en ligne!\",\"potentialAction\":[{\"@type\":\"SearchAction\",\"target\":{\"@type\":\"EntryPoint\",\"urlTemplate\":\"https:\\\/\\\/fr.motocrossmag.be\\\/?s={search_term_string}\"},\"query-input\":{\"@type\":\"PropertyValueSpecification\",\"valueRequired\":true,\"valueName\":\"search_term_string\"}}],\"inLanguage\":\"fr-FR\"},{\"@type\":\"Person\",\"@id\":\"https:\\\/\\\/fr.motocrossmag.be\\\/#\\\/schema\\\/person\\\/11b47143d9f755babca2c9110e03235c\",\"name\":\"oliviere\",\"image\":{\"@type\":\"ImageObject\",\"inLanguage\":\"fr-FR\",\"@id\":\"https:\\\/\\\/secure.gravatar.com\\\/avatar\\\/907069e0b81d119452040469e4a7501da1100f54f7f80180ce77bfab718288f6?s=96&d=mm&r=g\",\"url\":\"https:\\\/\\\/secure.gravatar.com\\\/avatar\\\/907069e0b81d119452040469e4a7501da1100f54f7f80180ce77bfab718288f6?s=96&d=mm&r=g\",\"contentUrl\":\"https:\\\/\\\/secure.gravatar.com\\\/avatar\\\/907069e0b81d119452040469e4a7501da1100f54f7f80180ce77bfab718288f6?s=96&d=mm&r=g\",\"caption\":\"oliviere\"},\"sameAs\":[\"http:\\\/\\\/www.motocrossmag.be\"],\"url\":\"https:\\\/\\\/fr.motocrossmag.be\\\/index.php\\\/author\\\/oliviere\\\/\"}]}<\/script>\n<!-- \/ Yoast SEO plugin. -->","yoast_head_json":{"title":"Matthew Phillips prend sa revanche dans la 2\u00e8me journ\u00e9e du GP de Finlande - Motocross - Enduro - Supermoto | MotocrossMag","robots":{"index":"index","follow":"follow","max-snippet":"max-snippet:-1","max-image-preview":"max-image-preview:large","max-video-preview":"max-video-preview:-1"},"canonical":"https:\/\/fr.motocrossmag.be\/index.php\/2016\/06\/matthew-phillips-prend-sa-revanche-dans-la-2eme-journee-du-gp-de-finlande\/","og_locale":"fr_FR","og_type":"article","og_title":"Matthew Phillips prend sa revanche dans la 2\u00e8me journ\u00e9e du GP de Finlande - Motocross - Enduro - Supermoto | MotocrossMag","og_description":"Les tourn\u00e9es scandinaves ne sont jamais une formalit\u00e9\u2026 Alors que le Grand Prix de Finlande vient \u00e0 peine de s&rsquo;achever et que le Grand Prix de Su\u00e8de du week-end prochain [...]","og_url":"https:\/\/fr.motocrossmag.be\/index.php\/2016\/06\/matthew-phillips-prend-sa-revanche-dans-la-2eme-journee-du-gp-de-finlande\/","og_site_name":"Motocross - Enduro - Supermoto | MotocrossMag","article_published_time":"2016-06-12T18:45:45+00:00","article_modified_time":"2016-06-12T18:46:34+00:00","og_image":[{"width":650,"height":433,"url":"https:\/\/fr.motocrossmag.be\/wp-content\/uploads\/2016\/06\/matthew_phillips.jpg","type":"image\/jpeg"}],"author":"oliviere","twitter_card":"summary_large_image","twitter_misc":{"\u00c9crit par":"oliviere","Dur\u00e9e de lecture estim\u00e9e":"5 minutes"},"schema":{"@context":"https:\/\/schema.org","@graph":[{"@type":"Article","@id":"https:\/\/fr.motocrossmag.be\/index.php\/2016\/06\/matthew-phillips-prend-sa-revanche-dans-la-2eme-journee-du-gp-de-finlande\/#article","isPartOf":{"@id":"https:\/\/fr.motocrossmag.be\/index.php\/2016\/06\/matthew-phillips-prend-sa-revanche-dans-la-2eme-journee-du-gp-de-finlande\/"},"author":{"name":"oliviere","@id":"https:\/\/fr.motocrossmag.be\/#\/schema\/person\/11b47143d9f755babca2c9110e03235c"},"headline":"Matthew Phillips prend sa revanche dans la 2\u00e8me journ\u00e9e du GP de Finlande","datePublished":"2016-06-12T18:45:45+00:00","dateModified":"2016-06-12T18:46:34+00:00","mainEntityOfPage":{"@id":"https:\/\/fr.motocrossmag.be\/index.php\/2016\/06\/matthew-phillips-prend-sa-revanche-dans-la-2eme-journee-du-gp-de-finlande\/"},"wordCount":1149,"commentCount":0,"image":{"@id":"https:\/\/fr.motocrossmag.be\/index.php\/2016\/06\/matthew-phillips-prend-sa-revanche-dans-la-2eme-journee-du-gp-de-finlande\/#primaryimage"},"thumbnailUrl":"https:\/\/fr.motocrossmag.be\/wp-content\/uploads\/2016\/06\/matthew_phillips.jpg","articleSection":["Actualit\u00e9","Enduro","EnduroGP","News","News"],"inLanguage":"fr-FR","potentialAction":[{"@type":"CommentAction","name":"Comment","target":["https:\/\/fr.motocrossmag.be\/index.php\/2016\/06\/matthew-phillips-prend-sa-revanche-dans-la-2eme-journee-du-gp-de-finlande\/#respond"]}]},{"@type":"WebPage","@id":"https:\/\/fr.motocrossmag.be\/index.php\/2016\/06\/matthew-phillips-prend-sa-revanche-dans-la-2eme-journee-du-gp-de-finlande\/","url":"https:\/\/fr.motocrossmag.be\/index.php\/2016\/06\/matthew-phillips-prend-sa-revanche-dans-la-2eme-journee-du-gp-de-finlande\/","name":"Matthew Phillips prend sa revanche dans la 2\u00e8me journ\u00e9e du GP de Finlande - Motocross - Enduro - Supermoto | MotocrossMag","isPartOf":{"@id":"https:\/\/fr.motocrossmag.be\/#website"},"primaryImageOfPage":{"@id":"https:\/\/fr.motocrossmag.be\/index.php\/2016\/06\/matthew-phillips-prend-sa-revanche-dans-la-2eme-journee-du-gp-de-finlande\/#primaryimage"},"image":{"@id":"https:\/\/fr.motocrossmag.be\/index.php\/2016\/06\/matthew-phillips-prend-sa-revanche-dans-la-2eme-journee-du-gp-de-finlande\/#primaryimage"},"thumbnailUrl":"https:\/\/fr.motocrossmag.be\/wp-content\/uploads\/2016\/06\/matthew_phillips.jpg","datePublished":"2016-06-12T18:45:45+00:00","dateModified":"2016-06-12T18:46:34+00:00","author":{"@id":"https:\/\/fr.motocrossmag.be\/#\/schema\/person\/11b47143d9f755babca2c9110e03235c"},"breadcrumb":{"@id":"https:\/\/fr.motocrossmag.be\/index.php\/2016\/06\/matthew-phillips-prend-sa-revanche-dans-la-2eme-journee-du-gp-de-finlande\/#breadcrumb"},"inLanguage":"fr-FR","potentialAction":[{"@type":"ReadAction","target":["https:\/\/fr.motocrossmag.be\/index.php\/2016\/06\/matthew-phillips-prend-sa-revanche-dans-la-2eme-journee-du-gp-de-finlande\/"]}]},{"@type":"ImageObject","inLanguage":"fr-FR","@id":"https:\/\/fr.motocrossmag.be\/index.php\/2016\/06\/matthew-phillips-prend-sa-revanche-dans-la-2eme-journee-du-gp-de-finlande\/#primaryimage","url":"https:\/\/fr.motocrossmag.be\/wp-content\/uploads\/2016\/06\/matthew_phillips.jpg","contentUrl":"https:\/\/fr.motocrossmag.be\/wp-content\/uploads\/2016\/06\/matthew_phillips.jpg","width":650,"height":433},{"@type":"BreadcrumbList","@id":"https:\/\/fr.motocrossmag.be\/index.php\/2016\/06\/matthew-phillips-prend-sa-revanche-dans-la-2eme-journee-du-gp-de-finlande\/#breadcrumb","itemListElement":[{"@type":"ListItem","position":1,"name":"Accueil","item":"https:\/\/fr.motocrossmag.be\/"},{"@type":"ListItem","position":2,"name":"Matthew Phillips prend sa revanche dans la 2\u00e8me journ\u00e9e du GP de Finlande"}]},{"@type":"WebSite","@id":"https:\/\/fr.motocrossmag.be\/#website","url":"https:\/\/fr.motocrossmag.be\/","name":"Motocross - Enduro - Supermoto | MotocrossMag","description":"L&#039;actualit\u00e9 du motocross, de l&#039;enduro et du Supermoto en ligne!","potentialAction":[{"@type":"SearchAction","target":{"@type":"EntryPoint","urlTemplate":"https:\/\/fr.motocrossmag.be\/?s={search_term_string}"},"query-input":{"@type":"PropertyValueSpecification","valueRequired":true,"valueName":"search_term_string"}}],"inLanguage":"fr-FR"},{"@type":"Person","@id":"https:\/\/fr.motocrossmag.be\/#\/schema\/person\/11b47143d9f755babca2c9110e03235c","name":"oliviere","image":{"@type":"ImageObject","inLanguage":"fr-FR","@id":"https:\/\/secure.gravatar.com\/avatar\/907069e0b81d119452040469e4a7501da1100f54f7f80180ce77bfab718288f6?s=96&d=mm&r=g","url":"https:\/\/secure.gravatar.com\/avatar\/907069e0b81d119452040469e4a7501da1100f54f7f80180ce77bfab718288f6?s=96&d=mm&r=g","contentUrl":"https:\/\/secure.gravatar.com\/avatar\/907069e0b81d119452040469e4a7501da1100f54f7f80180ce77bfab718288f6?s=96&d=mm&r=g","caption":"oliviere"},"sameAs":["http:\/\/www.motocrossmag.be"],"url":"https:\/\/fr.motocrossmag.be\/index.php\/author\/oliviere\/"}]}},"_links":{"self":[{"href":"https:\/\/fr.motocrossmag.be\/index.php\/wp-json\/wp\/v2\/posts\/47453","targetHints":{"allow":["GET"]}}],"collection":[{"href":"https:\/\/fr.motocrossmag.be\/index.php\/wp-json\/wp\/v2\/posts"}],"about":[{"href":"https:\/\/fr.motocrossmag.be\/index.php\/wp-json\/wp\/v2\/types\/post"}],"author":[{"embeddable":true,"href":"https:\/\/fr.motocrossmag.be\/index.php\/wp-json\/wp\/v2\/users\/932"}],"replies":[{"embeddable":true,"href":"https:\/\/fr.motocrossmag.be\/index.php\/wp-json\/wp\/v2\/comments?post=47453"}],"version-history":[{"count":1,"href":"https:\/\/fr.motocrossmag.be\/index.php\/wp-json\/wp\/v2\/posts\/47453\/revisions"}],"predecessor-version":[{"id":47456,"href":"https:\/\/fr.motocrossmag.be\/index.php\/wp-json\/wp\/v2\/posts\/47453\/revisions\/47456"}],"wp:featuredmedia":[{"embeddable":true,"href":"https:\/\/fr.motocrossmag.be\/index.php\/wp-json\/wp\/v2\/media\/47454"}],"wp:attachment":[{"href":"https:\/\/fr.motocrossmag.be\/index.php\/wp-json\/wp\/v2\/media?parent=47453"}],"wp:term":[{"taxonomy":"category","embeddable":true,"href":"https:\/\/fr.motocrossmag.be\/index.php\/wp-json\/wp\/v2\/categories?post=47453"},{"taxonomy":"post_tag","embeddable":true,"href":"https:\/\/fr.motocrossmag.be\/index.php\/wp-json\/wp\/v2\/tags?post=47453"}],"curies":[{"name":"wp","href":"https:\/\/api.w.org\/{rel}","templated":true}]}}