{"id":47732,"date":"2016-06-21T23:01:24","date_gmt":"2016-06-21T21:01:24","guid":{"rendered":"http:\/\/fr.motocrossmag.be\/?p=47732"},"modified":"2016-06-21T23:02:06","modified_gmt":"2016-06-21T21:02:06","slug":"les-premieres-images-de-la-nouvelle-husqvarna-fs-450","status":"publish","type":"post","link":"https:\/\/fr.motocrossmag.be\/index.php\/2016\/06\/les-premieres-images-de-la-nouvelle-husqvarna-fs-450\/","title":{"rendered":"Les premi\u00e8res images de la nouvelle Husqvarna FS 450"},"content":{"rendered":"<p>Husqvarna vient de pr\u00e9senter les premi\u00e8res photos de sa nouvelle FS 450, le mod\u00e8le Supermoto sportif de la marque. R\u00e9introduit en 2015, le mod\u00e8le \u00e9volue en recevant non seulement le look des cross 2017 mais aussi de nombreuses nouveaut\u00e9s aper\u00e7ues sur la FC 450, comme la fourche White Power AER de 48mm de diam\u00e8tre, de nouveaux t\u00e9s de fourche et bien s\u00fbr les innovations technologiques telles que le \u00ab\u00a0Traction Control\u00a0\u00bb ou encore le s\u00e9lecteur de mapping pour l&rsquo;injection \u00e9lectronique au guidon ainsi que le \u00ab\u00a0Launch Control\u00a0\u00bb.<\/p>\n<p>&nbsp;<\/p><div class=\"tcxqd6a98f5456eb96\" ><!-- \/91277017\/Inline-articles-mobile -->\n<div style=\"margin:auto; text-align:center !important\">\n<div id='div-gpt-ad-1784982661365-0' style='min-width: 250px; min-height: 75px;'>\n  <script>\n    googletag.cmd.push(function() { googletag.display('div-gpt-ad-1784982661365-0'); });\n  <\/script>\n<\/div><\/div><\/div><style type=\"text\/css\">\r\n.tcxqd6a98f5456eb96 {\r\nmargin-bottom:30px;margin-top:20px\r\n}\r\n@media screen and (min-width: 1201px) {\r\n.tcxqd6a98f5456eb96 {\r\ndisplay: block;\r\n}\r\n}\r\n@media screen and (min-width: 993px) and (max-width: 1200px) {\r\n.tcxqd6a98f5456eb96 {\r\ndisplay: block;\r\n}\r\n}\r\n@media screen and (min-width: 769px) and (max-width: 992px) {\r\n.tcxqd6a98f5456eb96 {\r\ndisplay: block;\r\n}\r\n}\r\n@media screen and (min-width: 768px) and (max-width: 768px) {\r\n.tcxqd6a98f5456eb96 {\r\ndisplay: block;\r\n}\r\n}\r\n@media screen and (max-width: 767px) {\r\n.tcxqd6a98f5456eb96 {\r\ndisplay: block;\r\n}\r\n}\r\n<\/style>\r\n\n<div id='gallery-1' class='gallery galleryid-47732 gallery-columns-3 gallery-size-thumbnail'><figure class='gallery-item'>\n\t\t\t<div class='gallery-icon landscape'>\n\t\t\t\t<a href='https:\/\/fr.motocrossmag.be\/index.php\/2016\/06\/les-premieres-images-de-la-nouvelle-husqvarna-fs-450\/hva2_fs-450-2017-studio\/'><img decoding=\"async\" width=\"150\" height=\"150\" src=\"https:\/\/fr.motocrossmag.be\/wp-content\/uploads\/2016\/06\/HVA2_FS-450-2017-Studio-150x150.jpg\" class=\"attachment-thumbnail size-thumbnail\" alt=\"\" srcset=\"https:\/\/fr.motocrossmag.be\/wp-content\/uploads\/2016\/06\/HVA2_FS-450-2017-Studio-150x150.jpg 150w, https:\/\/fr.motocrossmag.be\/wp-content\/uploads\/2016\/06\/HVA2_FS-450-2017-Studio-50x50.jpg 50w\" sizes=\"(max-width: 150px) 100vw, 150px\" \/><\/a>\n\t\t\t<\/div><\/figure><figure class='gallery-item'>\n\t\t\t<div class='gallery-icon landscape'>\n\t\t\t\t<a href='https:\/\/fr.motocrossmag.be\/index.php\/2016\/06\/les-premieres-images-de-la-nouvelle-husqvarna-fs-450\/hva3_fs-450-2017-studio\/'><img decoding=\"async\" width=\"150\" height=\"150\" src=\"https:\/\/fr.motocrossmag.be\/wp-content\/uploads\/2016\/06\/HVA3_FS-450-2017-Studio-150x150.jpg\" class=\"attachment-thumbnail size-thumbnail\" alt=\"\" srcset=\"https:\/\/fr.motocrossmag.be\/wp-content\/uploads\/2016\/06\/HVA3_FS-450-2017-Studio-150x150.jpg 150w, https:\/\/fr.motocrossmag.be\/wp-content\/uploads\/2016\/06\/HVA3_FS-450-2017-Studio-50x50.jpg 50w\" sizes=\"(max-width: 150px) 100vw, 150px\" \/><\/a>\n\t\t\t<\/div><\/figure><figure class='gallery-item'>\n\t\t\t<div class='gallery-icon landscape'>\n\t\t\t\t<a href='https:\/\/fr.motocrossmag.be\/index.php\/2016\/06\/les-premieres-images-de-la-nouvelle-husqvarna-fs-450\/hva4_fs-450-2017-studio\/'><img decoding=\"async\" width=\"150\" height=\"150\" src=\"https:\/\/fr.motocrossmag.be\/wp-content\/uploads\/2016\/06\/HVA4_FS-450-2017-Studio-150x150.jpg\" class=\"attachment-thumbnail size-thumbnail\" alt=\"\" srcset=\"https:\/\/fr.motocrossmag.be\/wp-content\/uploads\/2016\/06\/HVA4_FS-450-2017-Studio-150x150.jpg 150w, https:\/\/fr.motocrossmag.be\/wp-content\/uploads\/2016\/06\/HVA4_FS-450-2017-Studio-50x50.jpg 50w\" sizes=\"(max-width: 150px) 100vw, 150px\" \/><\/a>\n\t\t\t<\/div><\/figure>\n\t\t<\/div>\n\n<p>&nbsp;<\/p>\n<p><span style=\"color: #ff0000;\"><strong>Fiche Technique Husqvarna FS 450<\/strong><\/span><\/p>\n<table width=\"100%\">\n<tbody>\n<tr>\n<td><strong><span style=\"color: #000080;\">ENGINE<\/span><\/strong><\/td>\n<td><\/td>\n<\/tr>\n<tr>\n<td>Engine type<\/td>\n<td>Single cylinder, 4-stroke<\/td>\n<\/tr>\n<tr>\n<td>Displacement<\/td>\n<td>449.9 ccm<\/td>\n<\/tr>\n<tr>\n<td>Bore\/stroke<\/td>\n<td>95\/63.4 mm<\/td>\n<\/tr>\n<tr>\n<td>Compression ratio<\/td>\n<td>12.75:1<\/td>\n<\/tr>\n<tr>\n<td>Starter\/battery<\/td>\n<td>Electric starter \/ Lithium Ion 12V 2.2Ah<\/td>\n<\/tr>\n<tr>\n<td>Transmission<\/td>\n<td>5 gears<\/td>\n<\/tr>\n<tr>\n<td>Fuel system<\/td>\n<td>Keihin EFI, throttle body 44 mm<\/td>\n<\/tr>\n<tr>\n<td>Control<\/td>\n<td>4 V \/ SOHC with rocker arms<\/td>\n<\/tr>\n<tr>\n<td>Lubrication<\/td>\n<td>Pressure lubrication with 2 oil pumps<\/td>\n<\/tr>\n<tr>\n<td>Gear ratios<\/td>\n<td>16:32 18:30 20:28 22:26 24:24 &#8211;<\/td>\n<\/tr>\n<tr>\n<td>Primary ratio<\/td>\n<td>31:76<\/td>\n<\/tr>\n<tr>\n<td>Final drive<\/td>\n<td>14:45<\/td>\n<\/tr>\n<tr>\n<td>Cooling<\/td>\n<td>Liquid cooling<\/td>\n<\/tr>\n<tr>\n<td>Clutch<\/td>\n<td>Adler PowerTorqueClutch-APTC with Magura hydraulics<\/td>\n<\/tr>\n<tr>\n<td>Ignition \/ Engine Management<\/td>\n<td>Keihin EMS<\/td>\n<\/tr>\n<tr>\n<td><\/td>\n<td><\/td>\n<\/tr>\n<tr>\n<td><span style=\"color: #000080;\"><strong>CHASSIS<\/strong><\/span><\/td>\n<td><\/td>\n<\/tr>\n<tr>\n<td>Frame<\/td>\n<td>Central double-cradle-type 25CrMo4 steel<\/td>\n<\/tr>\n<tr>\n<td>Subframe<\/td>\n<td>Carbon fibre reinforced polyamide<\/td>\n<\/tr>\n<tr>\n<td>Handlebar<\/td>\n<td>ProTaper, Aluminium \u00d8 28\/22 mm<\/td>\n<\/tr>\n<tr>\n<td>Front suspension<\/td>\n<td>WP USD AER \u00d8 48 mm<\/td>\n<\/tr>\n<tr>\n<td>Rear suspension<\/td>\n<td>WP Monoshock with linkage<\/td>\n<\/tr>\n<tr>\n<td>Suspension travel front\/rear<\/td>\n<td>280\/266 mm<\/td>\n<\/tr>\n<tr>\n<td>Front\/rear brakes<\/td>\n<td>Disc brake \u00d8 310\/220 mm<\/td>\n<\/tr>\n<tr>\n<td>Front\/rear rims<\/td>\n<td>3.50 x 16.5&Prime; Alpina black, aluminium \/ 5.00 x 17&Prime; Alpina black, aluminium<\/td>\n<\/tr>\n<tr>\n<td>Front\/rear tyres<\/td>\n<td>R420 Bridgestone 125\/80-16.5&Prime;; 165\/65-17&Prime;<\/td>\n<\/tr>\n<tr>\n<td>Chain<\/td>\n<td>5\/8 x 1\/4&Prime;<\/td>\n<\/tr>\n<tr>\n<td>Silencer<\/td>\n<td>Aluminium<\/td>\n<\/tr>\n<tr>\n<td>Steering head angle<\/td>\n<td>63.9\u00b0<\/td>\n<\/tr>\n<tr>\n<td>Triple clamp offset<\/td>\n<td>16 mm<\/td>\n<\/tr>\n<tr>\n<td>Wheel base<\/td>\n<td>1,475 \u00b1 10 mm<\/td>\n<\/tr>\n<tr>\n<td>Ground clearance<\/td>\n<td>290 mm<\/td>\n<\/tr>\n<tr>\n<td>Seat height<\/td>\n<td>890 mm<\/td>\n<\/tr>\n<tr>\n<td>Tank capacity, approx.<\/td>\n<td>7 l<\/td>\n<\/tr>\n<tr>\n<td>Weight, without fuel, approx.<\/td>\n<td>104.8 kg<\/td>\n<\/tr>\n<\/tbody>\n<\/table>\n","protected":false},"excerpt":{"rendered":"<p>Husqvarna vient de pr\u00e9senter les premi\u00e8res photos de sa nouvelle FS 450, le mod\u00e8le Supermoto sportif de la marque. R\u00e9introduit en 2015, le mod\u00e8le \u00e9volue en recevant non seulement le look des cross 2017 mais aussi de nombreuses nouveaut\u00e9s aper\u00e7ues sur la FC 450, comme la fourche White Power AER de 48mm de diam\u00e8tre, de [&hellip;]<\/p>\n","protected":false},"author":932,"featured_media":47734,"comment_status":"open","ping_status":"closed","sticky":false,"template":"","format":"standard","meta":{"tdm_status":"","tdm_grid_status":"","footnotes":""},"categories":[54,4,43,55,65,38],"tags":[],"class_list":["post-47732","post","type-post","status-publish","format-standard","has-post-thumbnail","category-actualite","category-motocross","category-news-supermoto","category-news-actualite","category-slideshow","category-supermoto"],"yoast_head":"<!-- This site is optimized with the Yoast SEO plugin v28.4 - https:\/\/yoast.com\/product\/yoast-seo-wordpress\/ -->\n<title>Les premi\u00e8res images de la nouvelle Husqvarna FS 450 - Motocross - Enduro - Supermoto | MotocrossMag<\/title>\n<meta name=\"robots\" content=\"index, follow, max-snippet:-1, max-image-preview:large, max-video-preview:-1\" \/>\n<link rel=\"canonical\" href=\"https:\/\/fr.motocrossmag.be\/index.php\/2016\/06\/les-premieres-images-de-la-nouvelle-husqvarna-fs-450\/\" \/>\n<meta property=\"og:locale\" content=\"fr_FR\" \/>\n<meta property=\"og:type\" content=\"article\" \/>\n<meta property=\"og:title\" content=\"Les premi\u00e8res images de la nouvelle Husqvarna FS 450 - Motocross - Enduro - Supermoto | MotocrossMag\" \/>\n<meta property=\"og:description\" content=\"Husqvarna vient de pr\u00e9senter les premi\u00e8res photos de sa nouvelle FS 450, le mod\u00e8le Supermoto sportif de la marque. R\u00e9introduit en 2015, le mod\u00e8le \u00e9volue en recevant non seulement le look des cross 2017 mais aussi de nombreuses nouveaut\u00e9s aper\u00e7ues sur la FC 450, comme la fourche White Power AER de 48mm de diam\u00e8tre, de [&hellip;]\" \/>\n<meta property=\"og:url\" content=\"https:\/\/fr.motocrossmag.be\/index.php\/2016\/06\/les-premieres-images-de-la-nouvelle-husqvarna-fs-450\/\" \/>\n<meta property=\"og:site_name\" content=\"Motocross - Enduro - Supermoto | MotocrossMag\" \/>\n<meta property=\"article:published_time\" content=\"2016-06-21T21:01:24+00:00\" \/>\n<meta property=\"article:modified_time\" content=\"2016-06-21T21:02:06+00:00\" \/>\n<meta property=\"og:image\" content=\"https:\/\/fr.motocrossmag.be\/wp-content\/uploads\/2016\/06\/HVA3_FS-450-2017-Studio.jpg\" \/>\n\t<meta property=\"og:image:width\" content=\"1400\" \/>\n\t<meta property=\"og:image:height\" content=\"801\" \/>\n\t<meta property=\"og:image:type\" content=\"image\/jpeg\" \/>\n<meta name=\"author\" content=\"oliviere\" \/>\n<meta name=\"twitter:card\" content=\"summary_large_image\" \/>\n<meta name=\"twitter:label1\" content=\"\u00c9crit par\" \/>\n\t<meta name=\"twitter:data1\" content=\"oliviere\" \/>\n\t<meta name=\"twitter:label2\" content=\"Dur\u00e9e de lecture estim\u00e9e\" \/>\n\t<meta name=\"twitter:data2\" content=\"1 minute\" \/>\n<script type=\"application\/ld+json\" class=\"yoast-schema-graph\">{\"@context\":\"https:\\\/\\\/schema.org\",\"@graph\":[{\"@type\":\"Article\",\"@id\":\"https:\\\/\\\/fr.motocrossmag.be\\\/index.php\\\/2016\\\/06\\\/les-premieres-images-de-la-nouvelle-husqvarna-fs-450\\\/#article\",\"isPartOf\":{\"@id\":\"https:\\\/\\\/fr.motocrossmag.be\\\/index.php\\\/2016\\\/06\\\/les-premieres-images-de-la-nouvelle-husqvarna-fs-450\\\/\"},\"author\":{\"name\":\"oliviere\",\"@id\":\"https:\\\/\\\/fr.motocrossmag.be\\\/#\\\/schema\\\/person\\\/11b47143d9f755babca2c9110e03235c\"},\"headline\":\"Les premi\u00e8res images de la nouvelle Husqvarna FS 450\",\"datePublished\":\"2016-06-21T21:01:24+00:00\",\"dateModified\":\"2016-06-21T21:02:06+00:00\",\"mainEntityOfPage\":{\"@id\":\"https:\\\/\\\/fr.motocrossmag.be\\\/index.php\\\/2016\\\/06\\\/les-premieres-images-de-la-nouvelle-husqvarna-fs-450\\\/\"},\"wordCount\":259,\"commentCount\":0,\"image\":{\"@id\":\"https:\\\/\\\/fr.motocrossmag.be\\\/index.php\\\/2016\\\/06\\\/les-premieres-images-de-la-nouvelle-husqvarna-fs-450\\\/#primaryimage\"},\"thumbnailUrl\":\"https:\\\/\\\/fr.motocrossmag.be\\\/wp-content\\\/uploads\\\/2016\\\/06\\\/HVA3_FS-450-2017-Studio.jpg\",\"articleSection\":[\"Actualit\u00e9\",\"Motocross\",\"News\",\"News\",\"Slideshow\",\"Supermoto\"],\"inLanguage\":\"fr-FR\",\"potentialAction\":[{\"@type\":\"CommentAction\",\"name\":\"Comment\",\"target\":[\"https:\\\/\\\/fr.motocrossmag.be\\\/index.php\\\/2016\\\/06\\\/les-premieres-images-de-la-nouvelle-husqvarna-fs-450\\\/#respond\"]}]},{\"@type\":\"WebPage\",\"@id\":\"https:\\\/\\\/fr.motocrossmag.be\\\/index.php\\\/2016\\\/06\\\/les-premieres-images-de-la-nouvelle-husqvarna-fs-450\\\/\",\"url\":\"https:\\\/\\\/fr.motocrossmag.be\\\/index.php\\\/2016\\\/06\\\/les-premieres-images-de-la-nouvelle-husqvarna-fs-450\\\/\",\"name\":\"Les premi\u00e8res images de la nouvelle Husqvarna FS 450 - Motocross - Enduro - Supermoto | MotocrossMag\",\"isPartOf\":{\"@id\":\"https:\\\/\\\/fr.motocrossmag.be\\\/#website\"},\"primaryImageOfPage\":{\"@id\":\"https:\\\/\\\/fr.motocrossmag.be\\\/index.php\\\/2016\\\/06\\\/les-premieres-images-de-la-nouvelle-husqvarna-fs-450\\\/#primaryimage\"},\"image\":{\"@id\":\"https:\\\/\\\/fr.motocrossmag.be\\\/index.php\\\/2016\\\/06\\\/les-premieres-images-de-la-nouvelle-husqvarna-fs-450\\\/#primaryimage\"},\"thumbnailUrl\":\"https:\\\/\\\/fr.motocrossmag.be\\\/wp-content\\\/uploads\\\/2016\\\/06\\\/HVA3_FS-450-2017-Studio.jpg\",\"datePublished\":\"2016-06-21T21:01:24+00:00\",\"dateModified\":\"2016-06-21T21:02:06+00:00\",\"author\":{\"@id\":\"https:\\\/\\\/fr.motocrossmag.be\\\/#\\\/schema\\\/person\\\/11b47143d9f755babca2c9110e03235c\"},\"breadcrumb\":{\"@id\":\"https:\\\/\\\/fr.motocrossmag.be\\\/index.php\\\/2016\\\/06\\\/les-premieres-images-de-la-nouvelle-husqvarna-fs-450\\\/#breadcrumb\"},\"inLanguage\":\"fr-FR\",\"potentialAction\":[{\"@type\":\"ReadAction\",\"target\":[\"https:\\\/\\\/fr.motocrossmag.be\\\/index.php\\\/2016\\\/06\\\/les-premieres-images-de-la-nouvelle-husqvarna-fs-450\\\/\"]}]},{\"@type\":\"ImageObject\",\"inLanguage\":\"fr-FR\",\"@id\":\"https:\\\/\\\/fr.motocrossmag.be\\\/index.php\\\/2016\\\/06\\\/les-premieres-images-de-la-nouvelle-husqvarna-fs-450\\\/#primaryimage\",\"url\":\"https:\\\/\\\/fr.motocrossmag.be\\\/wp-content\\\/uploads\\\/2016\\\/06\\\/HVA3_FS-450-2017-Studio.jpg\",\"contentUrl\":\"https:\\\/\\\/fr.motocrossmag.be\\\/wp-content\\\/uploads\\\/2016\\\/06\\\/HVA3_FS-450-2017-Studio.jpg\",\"width\":1400,\"height\":801},{\"@type\":\"BreadcrumbList\",\"@id\":\"https:\\\/\\\/fr.motocrossmag.be\\\/index.php\\\/2016\\\/06\\\/les-premieres-images-de-la-nouvelle-husqvarna-fs-450\\\/#breadcrumb\",\"itemListElement\":[{\"@type\":\"ListItem\",\"position\":1,\"name\":\"Accueil\",\"item\":\"https:\\\/\\\/fr.motocrossmag.be\\\/\"},{\"@type\":\"ListItem\",\"position\":2,\"name\":\"Les premi\u00e8res images de la nouvelle Husqvarna FS 450\"}]},{\"@type\":\"WebSite\",\"@id\":\"https:\\\/\\\/fr.motocrossmag.be\\\/#website\",\"url\":\"https:\\\/\\\/fr.motocrossmag.be\\\/\",\"name\":\"Motocross - Enduro - Supermoto | MotocrossMag\",\"description\":\"L&#039;actualit\u00e9 du motocross, de l&#039;enduro et du Supermoto en ligne!\",\"potentialAction\":[{\"@type\":\"SearchAction\",\"target\":{\"@type\":\"EntryPoint\",\"urlTemplate\":\"https:\\\/\\\/fr.motocrossmag.be\\\/?s={search_term_string}\"},\"query-input\":{\"@type\":\"PropertyValueSpecification\",\"valueRequired\":true,\"valueName\":\"search_term_string\"}}],\"inLanguage\":\"fr-FR\"},{\"@type\":\"Person\",\"@id\":\"https:\\\/\\\/fr.motocrossmag.be\\\/#\\\/schema\\\/person\\\/11b47143d9f755babca2c9110e03235c\",\"name\":\"oliviere\",\"image\":{\"@type\":\"ImageObject\",\"inLanguage\":\"fr-FR\",\"@id\":\"https:\\\/\\\/secure.gravatar.com\\\/avatar\\\/907069e0b81d119452040469e4a7501da1100f54f7f80180ce77bfab718288f6?s=96&d=mm&r=g\",\"url\":\"https:\\\/\\\/secure.gravatar.com\\\/avatar\\\/907069e0b81d119452040469e4a7501da1100f54f7f80180ce77bfab718288f6?s=96&d=mm&r=g\",\"contentUrl\":\"https:\\\/\\\/secure.gravatar.com\\\/avatar\\\/907069e0b81d119452040469e4a7501da1100f54f7f80180ce77bfab718288f6?s=96&d=mm&r=g\",\"caption\":\"oliviere\"},\"sameAs\":[\"http:\\\/\\\/www.motocrossmag.be\"],\"url\":\"https:\\\/\\\/fr.motocrossmag.be\\\/index.php\\\/author\\\/oliviere\\\/\"}]}<\/script>\n<!-- \/ Yoast SEO plugin. -->","yoast_head_json":{"title":"Les premi\u00e8res images de la nouvelle Husqvarna FS 450 - Motocross - Enduro - Supermoto | MotocrossMag","robots":{"index":"index","follow":"follow","max-snippet":"max-snippet:-1","max-image-preview":"max-image-preview:large","max-video-preview":"max-video-preview:-1"},"canonical":"https:\/\/fr.motocrossmag.be\/index.php\/2016\/06\/les-premieres-images-de-la-nouvelle-husqvarna-fs-450\/","og_locale":"fr_FR","og_type":"article","og_title":"Les premi\u00e8res images de la nouvelle Husqvarna FS 450 - Motocross - Enduro - Supermoto | MotocrossMag","og_description":"Husqvarna vient de pr\u00e9senter les premi\u00e8res photos de sa nouvelle FS 450, le mod\u00e8le Supermoto sportif de la marque. R\u00e9introduit en 2015, le mod\u00e8le \u00e9volue en recevant non seulement le look des cross 2017 mais aussi de nombreuses nouveaut\u00e9s aper\u00e7ues sur la FC 450, comme la fourche White Power AER de 48mm de diam\u00e8tre, de [&hellip;]","og_url":"https:\/\/fr.motocrossmag.be\/index.php\/2016\/06\/les-premieres-images-de-la-nouvelle-husqvarna-fs-450\/","og_site_name":"Motocross - Enduro - Supermoto | MotocrossMag","article_published_time":"2016-06-21T21:01:24+00:00","article_modified_time":"2016-06-21T21:02:06+00:00","og_image":[{"width":1400,"height":801,"url":"https:\/\/fr.motocrossmag.be\/wp-content\/uploads\/2016\/06\/HVA3_FS-450-2017-Studio.jpg","type":"image\/jpeg"}],"author":"oliviere","twitter_card":"summary_large_image","twitter_misc":{"\u00c9crit par":"oliviere","Dur\u00e9e de lecture estim\u00e9e":"1 minute"},"schema":{"@context":"https:\/\/schema.org","@graph":[{"@type":"Article","@id":"https:\/\/fr.motocrossmag.be\/index.php\/2016\/06\/les-premieres-images-de-la-nouvelle-husqvarna-fs-450\/#article","isPartOf":{"@id":"https:\/\/fr.motocrossmag.be\/index.php\/2016\/06\/les-premieres-images-de-la-nouvelle-husqvarna-fs-450\/"},"author":{"name":"oliviere","@id":"https:\/\/fr.motocrossmag.be\/#\/schema\/person\/11b47143d9f755babca2c9110e03235c"},"headline":"Les premi\u00e8res images de la nouvelle Husqvarna FS 450","datePublished":"2016-06-21T21:01:24+00:00","dateModified":"2016-06-21T21:02:06+00:00","mainEntityOfPage":{"@id":"https:\/\/fr.motocrossmag.be\/index.php\/2016\/06\/les-premieres-images-de-la-nouvelle-husqvarna-fs-450\/"},"wordCount":259,"commentCount":0,"image":{"@id":"https:\/\/fr.motocrossmag.be\/index.php\/2016\/06\/les-premieres-images-de-la-nouvelle-husqvarna-fs-450\/#primaryimage"},"thumbnailUrl":"https:\/\/fr.motocrossmag.be\/wp-content\/uploads\/2016\/06\/HVA3_FS-450-2017-Studio.jpg","articleSection":["Actualit\u00e9","Motocross","News","News","Slideshow","Supermoto"],"inLanguage":"fr-FR","potentialAction":[{"@type":"CommentAction","name":"Comment","target":["https:\/\/fr.motocrossmag.be\/index.php\/2016\/06\/les-premieres-images-de-la-nouvelle-husqvarna-fs-450\/#respond"]}]},{"@type":"WebPage","@id":"https:\/\/fr.motocrossmag.be\/index.php\/2016\/06\/les-premieres-images-de-la-nouvelle-husqvarna-fs-450\/","url":"https:\/\/fr.motocrossmag.be\/index.php\/2016\/06\/les-premieres-images-de-la-nouvelle-husqvarna-fs-450\/","name":"Les premi\u00e8res images de la nouvelle Husqvarna FS 450 - Motocross - Enduro - Supermoto | MotocrossMag","isPartOf":{"@id":"https:\/\/fr.motocrossmag.be\/#website"},"primaryImageOfPage":{"@id":"https:\/\/fr.motocrossmag.be\/index.php\/2016\/06\/les-premieres-images-de-la-nouvelle-husqvarna-fs-450\/#primaryimage"},"image":{"@id":"https:\/\/fr.motocrossmag.be\/index.php\/2016\/06\/les-premieres-images-de-la-nouvelle-husqvarna-fs-450\/#primaryimage"},"thumbnailUrl":"https:\/\/fr.motocrossmag.be\/wp-content\/uploads\/2016\/06\/HVA3_FS-450-2017-Studio.jpg","datePublished":"2016-06-21T21:01:24+00:00","dateModified":"2016-06-21T21:02:06+00:00","author":{"@id":"https:\/\/fr.motocrossmag.be\/#\/schema\/person\/11b47143d9f755babca2c9110e03235c"},"breadcrumb":{"@id":"https:\/\/fr.motocrossmag.be\/index.php\/2016\/06\/les-premieres-images-de-la-nouvelle-husqvarna-fs-450\/#breadcrumb"},"inLanguage":"fr-FR","potentialAction":[{"@type":"ReadAction","target":["https:\/\/fr.motocrossmag.be\/index.php\/2016\/06\/les-premieres-images-de-la-nouvelle-husqvarna-fs-450\/"]}]},{"@type":"ImageObject","inLanguage":"fr-FR","@id":"https:\/\/fr.motocrossmag.be\/index.php\/2016\/06\/les-premieres-images-de-la-nouvelle-husqvarna-fs-450\/#primaryimage","url":"https:\/\/fr.motocrossmag.be\/wp-content\/uploads\/2016\/06\/HVA3_FS-450-2017-Studio.jpg","contentUrl":"https:\/\/fr.motocrossmag.be\/wp-content\/uploads\/2016\/06\/HVA3_FS-450-2017-Studio.jpg","width":1400,"height":801},{"@type":"BreadcrumbList","@id":"https:\/\/fr.motocrossmag.be\/index.php\/2016\/06\/les-premieres-images-de-la-nouvelle-husqvarna-fs-450\/#breadcrumb","itemListElement":[{"@type":"ListItem","position":1,"name":"Accueil","item":"https:\/\/fr.motocrossmag.be\/"},{"@type":"ListItem","position":2,"name":"Les premi\u00e8res images de la nouvelle Husqvarna FS 450"}]},{"@type":"WebSite","@id":"https:\/\/fr.motocrossmag.be\/#website","url":"https:\/\/fr.motocrossmag.be\/","name":"Motocross - Enduro - Supermoto | MotocrossMag","description":"L&#039;actualit\u00e9 du motocross, de l&#039;enduro et du Supermoto en ligne!","potentialAction":[{"@type":"SearchAction","target":{"@type":"EntryPoint","urlTemplate":"https:\/\/fr.motocrossmag.be\/?s={search_term_string}"},"query-input":{"@type":"PropertyValueSpecification","valueRequired":true,"valueName":"search_term_string"}}],"inLanguage":"fr-FR"},{"@type":"Person","@id":"https:\/\/fr.motocrossmag.be\/#\/schema\/person\/11b47143d9f755babca2c9110e03235c","name":"oliviere","image":{"@type":"ImageObject","inLanguage":"fr-FR","@id":"https:\/\/secure.gravatar.com\/avatar\/907069e0b81d119452040469e4a7501da1100f54f7f80180ce77bfab718288f6?s=96&d=mm&r=g","url":"https:\/\/secure.gravatar.com\/avatar\/907069e0b81d119452040469e4a7501da1100f54f7f80180ce77bfab718288f6?s=96&d=mm&r=g","contentUrl":"https:\/\/secure.gravatar.com\/avatar\/907069e0b81d119452040469e4a7501da1100f54f7f80180ce77bfab718288f6?s=96&d=mm&r=g","caption":"oliviere"},"sameAs":["http:\/\/www.motocrossmag.be"],"url":"https:\/\/fr.motocrossmag.be\/index.php\/author\/oliviere\/"}]}},"_links":{"self":[{"href":"https:\/\/fr.motocrossmag.be\/index.php\/wp-json\/wp\/v2\/posts\/47732","targetHints":{"allow":["GET"]}}],"collection":[{"href":"https:\/\/fr.motocrossmag.be\/index.php\/wp-json\/wp\/v2\/posts"}],"about":[{"href":"https:\/\/fr.motocrossmag.be\/index.php\/wp-json\/wp\/v2\/types\/post"}],"author":[{"embeddable":true,"href":"https:\/\/fr.motocrossmag.be\/index.php\/wp-json\/wp\/v2\/users\/932"}],"replies":[{"embeddable":true,"href":"https:\/\/fr.motocrossmag.be\/index.php\/wp-json\/wp\/v2\/comments?post=47732"}],"version-history":[{"count":2,"href":"https:\/\/fr.motocrossmag.be\/index.php\/wp-json\/wp\/v2\/posts\/47732\/revisions"}],"predecessor-version":[{"id":47759,"href":"https:\/\/fr.motocrossmag.be\/index.php\/wp-json\/wp\/v2\/posts\/47732\/revisions\/47759"}],"wp:featuredmedia":[{"embeddable":true,"href":"https:\/\/fr.motocrossmag.be\/index.php\/wp-json\/wp\/v2\/media\/47734"}],"wp:attachment":[{"href":"https:\/\/fr.motocrossmag.be\/index.php\/wp-json\/wp\/v2\/media?parent=47732"}],"wp:term":[{"taxonomy":"category","embeddable":true,"href":"https:\/\/fr.motocrossmag.be\/index.php\/wp-json\/wp\/v2\/categories?post=47732"},{"taxonomy":"post_tag","embeddable":true,"href":"https:\/\/fr.motocrossmag.be\/index.php\/wp-json\/wp\/v2\/tags?post=47732"}],"curies":[{"name":"wp","href":"https:\/\/api.w.org\/{rel}","templated":true}]}}