{"id":47874,"date":"2016-06-27T12:52:19","date_gmt":"2016-06-27T10:52:19","guid":{"rendered":"http:\/\/fr.motocrossmag.be\/?p=47874"},"modified":"2016-06-27T13:35:29","modified_gmt":"2016-06-27T11:35:29","slug":"gp-de-lombardie-les-reactions-des-pilotes-2","status":"publish","type":"post","link":"https:\/\/fr.motocrossmag.be\/index.php\/2016\/06\/gp-de-lombardie-les-reactions-des-pilotes-2\/","title":{"rendered":"GP de Lombardie &#8211; Les r\u00e9actions des pilotes"},"content":{"rendered":"<p><strong>Hier, \u00e0 Mantova, sous une chaleur caniculaire, Tim Gajser a \u00e0 nouveau domin\u00e9 les d\u00e9bats puisque le jeune pilote slov\u00e8ne a remport\u00e9 les deux manches. La premi\u00e8re a \u00e9t\u00e9 gagn\u00e9e devant un tout bon Cl\u00e9ment Desalle tandis que la deuxi\u00e8me l\u2019a \u00e9t\u00e9 devant Gautier Paulin et Antonio Cairoli. Ce dernier, qui roulait devant son public, a \u00e9t\u00e9 le grand animateur de la deuxi\u00e8me manche qu\u2019il a men\u00e9e durant plus des deux tiers de la course avant de devoir c\u00e9der sous les coups de butoir de son jeune rival. Cairoli a d\u00fb vivre un moment terrible lorsque Gajser l\u2019a d\u00e9pass\u00e9 car cette manoeuvre ressemblait fort \u00e0 une passation de pouvoir d\u00e9finitive, le vieux loup s\u2019\u00e9tant battu jusqu\u2019\u00e0 l\u2019ultime limite de ses forces. Magnifique et terrible spectacle \u00e0 la fois que celui-l\u00e0!. Devant son public, cela a d\u00fb \u00eatre difficile \u00e0 vivre pour Antonio\u2026<\/strong><\/p>\n<p>C\u00f4t\u00e9 belge, on se r\u00e9jouira du beau podium r\u00e9ussi par Desalle qui revient en forme tandis que Van Horebeek cl\u00f4ture le top-cinq.<\/p>\n<p>En MX2, Jeffrey Herlings a atomis\u00e9 la concurrence comme \u00e0 son habitude\u2026<\/p>\n<p>Prochain rendez-vous les 23 et 24 juillet \u00e0 Loket, en R\u00e9publique Tch\u00e8que.<\/p>\n<p><strong>MXGP<\/strong><\/p>\n<p><strong>Tim Gajser<\/strong> (1er): \u00abCela a \u00e9t\u00e9 une journ\u00e9e formidable aujourd\u2019hui. Dans la premi\u00e8re manche, je me suis facilit\u00e9 la vie en r\u00e9ussissant le holeshot, ce qui m\u2019a permis de cr\u00e9er un trou rapidement puis de contr\u00f4ler la course. Dans la seconde manche, par contre, cela a \u00e9t\u00e9 diff\u00e9rent. Toni (Cairoli) a roul\u00e9 vraiment tr\u00e8s fort tout le temps et je pense que nous \u00e9tions fatigu\u00e9s tous les deux \u00e0 la fin parce que nous voulions gagner devant nos supporters. Chaque fois que je lui reprenais du terrain, il ripostait et je dois dire que j\u2019\u00e9tais pr\u00eat \u00e0 me contenter de la deuxi\u00e8me place. J\u2019ai toutefois d\u00e9cid\u00e9 d\u2019essayer une nouvelle fois de prendre le meilleur sur lui et cette fois, cela a r\u00e9ussi. Je suis vraiment heureux de l\u2019avoir emport\u00e9 ici en Italie car j&rsquo;y comptais de nombreux supporters. Je suis \u00e9galement content que le motocross devienne de plus en plus populaire en Slov\u00e9nie. Je tiens \u00e0 remercier \u00e9galement mon team pour le formidable travail qu\u2019ils ont r\u00e9alis\u00e9 durant ce week-end. Nous avions r\u00eav\u00e9 de courses comme celle-ci et cela est arriv\u00e9. C\u2019est une victoire particuli\u00e8re que je n\u2019oublierai pas. J\u2019ai h\u00e2te de revoir tout cela \u00e0 la TV afin de me rendre compte combien c\u2019\u00e9tait aussi excitant pour le public que pour nous les pilotes.\u00a0\u00bb<\/p>\n<div id=\"attachment_47876\" style=\"width: 1290px\" class=\"wp-caption alignnone\"><a href=\"http:\/\/fr.motocrossmag.be\/wp-content\/uploads\/2016\/06\/Tim-Gajser-Mantova.jpg\"><img decoding=\"async\" aria-describedby=\"caption-attachment-47876\" class=\"lazyload size-full wp-image-47876\" src=\"http:\/\/fr.motocrossmag.be\/wp-content\/uploads\/2016\/06\/Tim-Gajser-Mantova.jpg\" data-orig-src=\"http:\/\/fr.motocrossmag.be\/wp-content\/uploads\/2016\/06\/Tim-Gajser-Mantova.jpg\" alt=\"Tim Gajser: le nouveau patron du MXGP ?\" width=\"1280\" height=\"852\" srcset=\"data:image\/svg+xml,%3Csvg%20xmlns%3D%27http%3A%2F%2Fwww.w3.org%2F2000%2Fsvg%27%20width%3D%271280%27%20height%3D%27852%27%20viewBox%3D%270%200%201280%20852%27%3E%3Crect%20width%3D%271280%27%20height%3D%27852%27%20fill-opacity%3D%220%22%2F%3E%3C%2Fsvg%3E\" data-srcset=\"https:\/\/fr.motocrossmag.be\/wp-content\/uploads\/2016\/06\/Tim-Gajser-Mantova-650x433.jpg 650w, https:\/\/fr.motocrossmag.be\/wp-content\/uploads\/2016\/06\/Tim-Gajser-Mantova-1024x682.jpg 1024w, https:\/\/fr.motocrossmag.be\/wp-content\/uploads\/2016\/06\/Tim-Gajser-Mantova.jpg 1280w\" data-sizes=\"auto\" data-orig-sizes=\"(max-width: 1280px) 100vw, 1280px\" \/><\/a><p id=\"caption-attachment-47876\" class=\"wp-caption-text\">Tim Gajser: le nouveau patron du MXGP ?<\/p><\/div>\n<p><strong>Gautier Paulin\u00a0<\/strong>(2\u00e8me): \u00ab\u00a0Hier, j\u2019\u00e9tais un peu \u00e0 la peine lors de la manche qualificative mais nous avons apport\u00e9 quelques modificaions \u00e0 la moto durant la soir\u00e9e et cela marchait nettement mieux aujourd\u2019hui. J\u2019ai effectu\u00e9 de bons d\u00e9parts dans les deux manches et avoir r\u00e9ussi aujourd\u2019hui une troisi\u00e8me puis une deuxi\u00e8me place, cela signifie que nous avons bien travaill\u00e9. Je suis vraiment content de mon week-end. C\u2019est vrai qu\u2019il faisait tr\u00e8s chaud et me retrouver aujourd\u2019hui sur le podium dans ces conditions, c\u2019est assez incroyable d\u2019autant que j\u2019avais dit en Angleterre qu\u2019il me restait pas mal de points \u00e0 travailler vu que je n\u2019avais pas pu le faire \u00e0 cause de ma blessure. Nous avons connu un d\u00e9but de saison difficile et le sentiment que j\u2019\u00e9prouve aujourd\u2019hui est d\u2019autant plus agr\u00e9able.\u00a0\u00bb<\/p>\n<div id=\"attachment_47877\" style=\"width: 1290px\" class=\"wp-caption alignnone\"><a href=\"http:\/\/fr.motocrossmag.be\/wp-content\/uploads\/2016\/06\/Gautier-Paulin-Mantova.jpg\"><img decoding=\"async\" aria-describedby=\"caption-attachment-47877\" class=\"lazyload size-full wp-image-47877\" src=\"http:\/\/fr.motocrossmag.be\/wp-content\/uploads\/2016\/06\/Gautier-Paulin-Mantova.jpg\" data-orig-src=\"http:\/\/fr.motocrossmag.be\/wp-content\/uploads\/2016\/06\/Gautier-Paulin-Mantova.jpg\" alt=\"Gautier Paulin : excellent r\u00e9sultat du pilote fran\u00e7ais\" width=\"1280\" height=\"852\" srcset=\"data:image\/svg+xml,%3Csvg%20xmlns%3D%27http%3A%2F%2Fwww.w3.org%2F2000%2Fsvg%27%20width%3D%271280%27%20height%3D%27852%27%20viewBox%3D%270%200%201280%20852%27%3E%3Crect%20width%3D%271280%27%20height%3D%27852%27%20fill-opacity%3D%220%22%2F%3E%3C%2Fsvg%3E\" data-srcset=\"https:\/\/fr.motocrossmag.be\/wp-content\/uploads\/2016\/06\/Gautier-Paulin-Mantova-650x433.jpg 650w, https:\/\/fr.motocrossmag.be\/wp-content\/uploads\/2016\/06\/Gautier-Paulin-Mantova-1024x682.jpg 1024w, https:\/\/fr.motocrossmag.be\/wp-content\/uploads\/2016\/06\/Gautier-Paulin-Mantova.jpg 1280w\" data-sizes=\"auto\" data-orig-sizes=\"(max-width: 1280px) 100vw, 1280px\" \/><\/a><p id=\"caption-attachment-47877\" class=\"wp-caption-text\">Gautier Paulin : excellent r\u00e9sultat du pilote fran\u00e7ais<\/p><\/div>\n<p><strong>Cl\u00e9ment Desalle<\/strong> (3\u00e8me): \u00abC\u2019est une premi\u00e8re \u00e9tape que le podium d\u2019aujourd\u2019hui; j\u2019attendais \u00e7a depuis des semaines! Le week-end n\u2019avait pourtant pas bien commenc\u00e9 mais avec le team, nous avons pu am\u00e9liorer les choses pour aujourd\u2019hui et c\u2019est bien d\u2019avoir r\u00e9ussi ce podium avant la tr\u00eave de cet \u00e9t\u00e9. J\u2019ai r\u00e9ussi deux bons d\u00e9parts aujourd\u2019hui et cela rend la vie plus facile. Ce n\u2019\u00e9tait pas \u00e9vident de rouler car il faisait chaud et le circuit \u00e9tait difficile mais je n\u2019ai rien l\u00e2ch\u00e9 car je voulais ce podium. Il nous reste trois semaines avant Loket; nous allons continuer \u00e0 travailler avec le team pour \u00eatre encore meilleurs. Nous savons ce que nous devons faire pour y arriver.\u00a0\u00bb<\/p>\n<div id=\"attachment_47878\" style=\"width: 685px\" class=\"wp-caption alignnone\"><a href=\"http:\/\/fr.motocrossmag.be\/wp-content\/uploads\/2016\/06\/Cl\u00e9ment-Desalle-Mantova.jpg\"><img decoding=\"async\" aria-describedby=\"caption-attachment-47878\" class=\"lazyload size-full wp-image-47878\" src=\"http:\/\/fr.motocrossmag.be\/wp-content\/uploads\/2016\/06\/Cl\u00e9ment-Desalle-Mantova.jpg\" data-orig-src=\"http:\/\/fr.motocrossmag.be\/wp-content\/uploads\/2016\/06\/Cl\u00e9ment-Desalle-Mantova.jpg\" alt=\"Cl\u00e9ment Desalle : bient\u00f4t la premi\u00e8re marche sur le podium ?\" width=\"675\" height=\"450\" srcset=\"data:image\/svg+xml,%3Csvg%20xmlns%3D%27http%3A%2F%2Fwww.w3.org%2F2000%2Fsvg%27%20width%3D%27675%27%20height%3D%27450%27%20viewBox%3D%270%200%20675%20450%27%3E%3Crect%20width%3D%27675%27%20height%3D%27450%27%20fill-opacity%3D%220%22%2F%3E%3C%2Fsvg%3E\" data-srcset=\"https:\/\/fr.motocrossmag.be\/wp-content\/uploads\/2016\/06\/Cl\u00e9ment-Desalle-Mantova-650x433.jpg 650w, https:\/\/fr.motocrossmag.be\/wp-content\/uploads\/2016\/06\/Cl\u00e9ment-Desalle-Mantova.jpg 675w\" data-sizes=\"auto\" data-orig-sizes=\"(max-width: 675px) 100vw, 675px\" \/><\/a><p id=\"caption-attachment-47878\" class=\"wp-caption-text\">Cl\u00e9ment Desalle : bient\u00f4t la premi\u00e8re marche sur le podium ?<\/p><\/div>\n<p><strong>Jeremy Van Horebeek<\/strong> (5\u00e8me): \u00ab\u00a0Ce n\u2019\u00e9tait pas la chaleur le plus gros probl\u00e8me mais c\u2019est certain qu\u2019il faisait chaud. Nous cherchons encore des solutions pour am\u00e9liorer les d\u00e9parts mais ce n\u2019est pas facile. Je suis persuad\u00e9 que nous y arriverons. Ce n\u2019est pas le moment de partir en vacances car il reste du pain sur la planche.\u00a0\u00bb<\/p>\n<div id=\"attachment_47879\" style=\"width: 809px\" class=\"wp-caption alignnone\"><a href=\"http:\/\/fr.motocrossmag.be\/wp-content\/uploads\/2016\/06\/Jeremy-Van-Horebeek-Mantova.jpg\"><img decoding=\"async\" aria-describedby=\"caption-attachment-47879\" class=\"lazyload size-full wp-image-47879\" src=\"http:\/\/fr.motocrossmag.be\/wp-content\/uploads\/2016\/06\/Jeremy-Van-Horebeek-Mantova.jpg\" data-orig-src=\"http:\/\/fr.motocrossmag.be\/wp-content\/uploads\/2016\/06\/Jeremy-Van-Horebeek-Mantova.jpg\" alt=\"Jeremy Van Horebeek : vacances studieuses pour le pilote Yamaha...\" width=\"799\" height=\"532\" srcset=\"data:image\/svg+xml,%3Csvg%20xmlns%3D%27http%3A%2F%2Fwww.w3.org%2F2000%2Fsvg%27%20width%3D%27799%27%20height%3D%27532%27%20viewBox%3D%270%200%20799%20532%27%3E%3Crect%20width%3D%27799%27%20height%3D%27532%27%20fill-opacity%3D%220%22%2F%3E%3C%2Fsvg%3E\" data-srcset=\"https:\/\/fr.motocrossmag.be\/wp-content\/uploads\/2016\/06\/Jeremy-Van-Horebeek-Mantova-650x433.jpg 650w, https:\/\/fr.motocrossmag.be\/wp-content\/uploads\/2016\/06\/Jeremy-Van-Horebeek-Mantova.jpg 799w\" data-sizes=\"auto\" data-orig-sizes=\"(max-width: 799px) 100vw, 799px\" \/><\/a><p id=\"caption-attachment-47879\" class=\"wp-caption-text\">Jeremy Van Horebeek : vacances studieuses pour le pilote Yamaha&#8230;<\/p><\/div>\n<p><strong>Evgeny Bobryshev<\/strong>: (7\u00e8me): \u00ab\u00a0Aujourd\u2019hui, c\u2019\u00e9tait moins bon qu\u2019hier. Les d\u00e9parts n\u2019ont pas \u00e9t\u00e9 terribles et je n\u2019avais pas d\u2019aussi bonnes sensations qu\u2019hier. Je suis bien remont\u00e9 apr\u00e8s mes d\u00e9parts rat\u00e9s et j\u2019ai m\u00eame r\u00e9ussi le meilleur chrono dans la premi\u00e8re manche mais je ne suis pas arriv\u00e9 \u00e0 garder le m\u00eame rythme toute la course. C\u2019est dommage apr\u00e8s ma premi\u00e8re place d\u2019hier dans la manche qualificative mais c\u2019est ainsi.\u00a0\u00bb<\/p>\n<div id=\"attachment_47880\" style=\"width: 1290px\" class=\"wp-caption alignnone\"><a href=\"http:\/\/fr.motocrossmag.be\/wp-content\/uploads\/2016\/06\/Evgeny-Bobryshev-Mantova.jpg\"><img decoding=\"async\" aria-describedby=\"caption-attachment-47880\" class=\"lazyload size-full wp-image-47880\" src=\"http:\/\/fr.motocrossmag.be\/wp-content\/uploads\/2016\/06\/Evgeny-Bobryshev-Mantova.jpg\" data-orig-src=\"http:\/\/fr.motocrossmag.be\/wp-content\/uploads\/2016\/06\/Evgeny-Bobryshev-Mantova.jpg\" alt=\"Evgeny Bobryshev : fataliste...\" width=\"1280\" height=\"852\" srcset=\"data:image\/svg+xml,%3Csvg%20xmlns%3D%27http%3A%2F%2Fwww.w3.org%2F2000%2Fsvg%27%20width%3D%271280%27%20height%3D%27852%27%20viewBox%3D%270%200%201280%20852%27%3E%3Crect%20width%3D%271280%27%20height%3D%27852%27%20fill-opacity%3D%220%22%2F%3E%3C%2Fsvg%3E\" data-srcset=\"https:\/\/fr.motocrossmag.be\/wp-content\/uploads\/2016\/06\/Evgeny-Bobryshev-Mantova-650x433.jpg 650w, https:\/\/fr.motocrossmag.be\/wp-content\/uploads\/2016\/06\/Evgeny-Bobryshev-Mantova-1024x682.jpg 1024w, https:\/\/fr.motocrossmag.be\/wp-content\/uploads\/2016\/06\/Evgeny-Bobryshev-Mantova.jpg 1280w\" data-sizes=\"auto\" data-orig-sizes=\"(max-width: 1280px) 100vw, 1280px\" \/><\/a><p id=\"caption-attachment-47880\" class=\"wp-caption-text\">Evgeny Bobryshev : fataliste&#8230;<\/p><\/div>\n<p><strong>Valentin Guillod<\/strong> (8\u00e8me): \u00ab\u00a0J\u2019ai \u00e9t\u00e9 constant avec une neuvi\u00e8me puis uen huiti\u00e8me place. J\u2019\u00e9tais \u00e9galement satisfait de mon pilotage, particuli\u00e8rement sur les sauts. C\u2019est ma premi\u00e8re saison en MXGP et je suis bien install\u00e9 dans le top-dix au classement provisoire du championnat.\u00a0\u00bb<\/p>\n<div id=\"attachment_47881\" style=\"width: 1001px\" class=\"wp-caption alignnone\"><a href=\"http:\/\/fr.motocrossmag.be\/wp-content\/uploads\/2016\/06\/Valentin-Guillod-Mantova.jpg\"><img decoding=\"async\" aria-describedby=\"caption-attachment-47881\" class=\"lazyload size-full wp-image-47881\" src=\"http:\/\/fr.motocrossmag.be\/wp-content\/uploads\/2016\/06\/Valentin-Guillod-Mantova.jpg\" data-orig-src=\"http:\/\/fr.motocrossmag.be\/wp-content\/uploads\/2016\/06\/Valentin-Guillod-Mantova.jpg\" alt=\"Valentin Guillod : toujours en phase d'apprentissage en MXGP...\" width=\"991\" height=\"660\" srcset=\"data:image\/svg+xml,%3Csvg%20xmlns%3D%27http%3A%2F%2Fwww.w3.org%2F2000%2Fsvg%27%20width%3D%27991%27%20height%3D%27660%27%20viewBox%3D%270%200%20991%20660%27%3E%3Crect%20width%3D%27991%27%20height%3D%27660%27%20fill-opacity%3D%220%22%2F%3E%3C%2Fsvg%3E\" data-srcset=\"https:\/\/fr.motocrossmag.be\/wp-content\/uploads\/2016\/06\/Valentin-Guillod-Mantova-650x433.jpg 650w, https:\/\/fr.motocrossmag.be\/wp-content\/uploads\/2016\/06\/Valentin-Guillod-Mantova.jpg 991w\" data-sizes=\"auto\" data-orig-sizes=\"(max-width: 991px) 100vw, 991px\" \/><\/a><p id=\"caption-attachment-47881\" class=\"wp-caption-text\">Valentin Guillod : toujours en phase d&rsquo;apprentissage en MXGP&#8230;<\/p><\/div>\n<p><strong>Max Nagl<\/strong> (10\u00e8me):\u00a0\u00ab\u00a0Le week-end avait bien d\u00e9marr\u00e9 pour nous. J\u2019\u00e9tais bien parti dans la manche qualificative et je termine troisi\u00e8me. Dimanche, il ne faisait pas loin de 40\u00b0 au thermom\u00e8tre et c\u2019\u00e9tait vraiment difficile de garder un bon rythme. Je n\u2019ai pas r\u00e9ussi un bon d\u00e9part dans la premi\u00e8re manche mais je suis parvenu je ne sais trop comment \u00e0 me retrouver deuxi\u00e8me dans le premier virage. J\u2019ai ensuite fait de mon mieux et je suis parvenu \u00e0 suivre Gajser durant les vingt-deux premi\u00e8res minutes puis j\u2019ai senti que la chaleur commen\u00e7ait \u00e0 m\u2019incommoder. Je termine quatri\u00e8me, ce qui n\u2019est pas si mal. Dans la seconde manche, apr\u00e8s un d\u00e9part rat\u00e9, j\u2019ai commenc\u00e9 \u00e0 rouler agressivement. Malheureusement, j\u2019ai connu trois petites chutes par apr\u00e8s et je ne termine que seizi\u00e8me. C\u2019est un r\u00e9sultat d\u00e9cevant pour le team et pour moi. Je suis encore quatri\u00e8me au classement provisoire mais je pense qu\u2019une troisi\u00e8me voire m\u00eame une deuxi\u00e8me place sont \u00e0 ma port\u00e9e. Nous allons continuer \u00e0 travailler avec cet objectif en t\u00eate.\u00a0\u00bb<\/p>\n<div id=\"attachment_47882\" style=\"width: 3898px\" class=\"wp-caption alignnone\"><a href=\"http:\/\/fr.motocrossmag.be\/wp-content\/uploads\/2016\/06\/Max-Nagl-Mantova.jpg\"><img decoding=\"async\" aria-describedby=\"caption-attachment-47882\" class=\"lazyload size-full wp-image-47882\" src=\"http:\/\/fr.motocrossmag.be\/wp-content\/uploads\/2016\/06\/Max-Nagl-Mantova.jpg\" data-orig-src=\"http:\/\/fr.motocrossmag.be\/wp-content\/uploads\/2016\/06\/Max-Nagl-Mantova.jpg\" alt=\"Max Nagl : une deuxi\u00e8me manche d\u00e9sastreuse...\" width=\"3888\" height=\"2592\" srcset=\"data:image\/svg+xml,%3Csvg%20xmlns%3D%27http%3A%2F%2Fwww.w3.org%2F2000%2Fsvg%27%20width%3D%273888%27%20height%3D%272592%27%20viewBox%3D%270%200%203888%202592%27%3E%3Crect%20width%3D%273888%27%20height%3D%272592%27%20fill-opacity%3D%220%22%2F%3E%3C%2Fsvg%3E\" data-srcset=\"https:\/\/fr.motocrossmag.be\/wp-content\/uploads\/2016\/06\/Max-Nagl-Mantova-650x433.jpg 650w, https:\/\/fr.motocrossmag.be\/wp-content\/uploads\/2016\/06\/Max-Nagl-Mantova-1024x683.jpg 1024w, https:\/\/fr.motocrossmag.be\/wp-content\/uploads\/2016\/06\/Max-Nagl-Mantova.jpg 3888w\" data-sizes=\"auto\" data-orig-sizes=\"(max-width: 3888px) 100vw, 3888px\" \/><\/a><p id=\"caption-attachment-47882\" class=\"wp-caption-text\">Max Nagl : une deuxi\u00e8me manche d\u00e9sastreuse&#8230;<\/p><\/div>\n<p><strong>Jordi Tixier<\/strong> (11\u00e8me): \u00ab\u00a0Tout le monde sait que lorsque la temp\u00e9rature est aussi \u00e9lev\u00e9e, mon corps ne suit pas. Aussi, aujourd\u2019hui, nous avons travaill\u00e9 sur ce probl\u00e8me et finalement, je suis content de mes r\u00e9sultats. Samedi, c\u2019\u00e9tait tr\u00e8s bon avec une septi\u00e8me place dans la manche qualificative mais aujourd\u2019hui, dans la premi\u00e8re manche, je ne suis pas parvenu \u00e0 garder un bon rythme durant toute la course. Dans la seconde manche, j\u2019ai rat\u00e9 mon d\u00e9part puis j\u2019ai souffert de crampes \u00e0 l\u2019estomac durant les dix derni\u00e8res minutes de sorte que j\u2019ai simplement essay\u00e9 de survivre. Nous continuons \u00e0 travailler et nous apprenons lors de chaque week-end; il nous reste trois semaines pour pr\u00e9parer le prochain GP.\u00a0\u00bb<\/p>\n<div id=\"attachment_47883\" style=\"width: 685px\" class=\"wp-caption alignnone\"><a href=\"http:\/\/fr.motocrossmag.be\/wp-content\/uploads\/2016\/06\/Jordi-Tixier-Mantova.jpg\"><img decoding=\"async\" aria-describedby=\"caption-attachment-47883\" class=\"lazyload size-full wp-image-47883\" src=\"http:\/\/fr.motocrossmag.be\/wp-content\/uploads\/2016\/06\/Jordi-Tixier-Mantova.jpg\" data-orig-src=\"http:\/\/fr.motocrossmag.be\/wp-content\/uploads\/2016\/06\/Jordi-Tixier-Mantova.jpg\" alt=\"Jordi Tixier : il n'aime pas la chaleur... et \u00e7a se voit!\" width=\"675\" height=\"450\" srcset=\"data:image\/svg+xml,%3Csvg%20xmlns%3D%27http%3A%2F%2Fwww.w3.org%2F2000%2Fsvg%27%20width%3D%27675%27%20height%3D%27450%27%20viewBox%3D%270%200%20675%20450%27%3E%3Crect%20width%3D%27675%27%20height%3D%27450%27%20fill-opacity%3D%220%22%2F%3E%3C%2Fsvg%3E\" data-srcset=\"https:\/\/fr.motocrossmag.be\/wp-content\/uploads\/2016\/06\/Jordi-Tixier-Mantova-650x433.jpg 650w, https:\/\/fr.motocrossmag.be\/wp-content\/uploads\/2016\/06\/Jordi-Tixier-Mantova.jpg 675w\" data-sizes=\"auto\" data-orig-sizes=\"(max-width: 675px) 100vw, 675px\" \/><\/a><p id=\"caption-attachment-47883\" class=\"wp-caption-text\">Jordi Tixier : il n&rsquo;aime pas la chaleur&#8230; et \u00e7a se voit!<\/p><\/div>\n<p><strong>Christophe Charlier<\/strong> (12\u00e8me):\u00a0\u00ab\u00a0On a vraiment eu du mal avec la chaleur durant tout le week-end. Dans la manche qualificative, je suis tomb\u00e9 tout juste apr\u00e8s le d\u00e9part de sorte que je n\u2019ai pas pu faire mieux que dix-neuvi\u00e8me. Aujourd\u2019hui, je suis mal parti dans les deux manches, ce qui m\u2019a rendu la vie beaucoup plus difficile. Une fois encore, j\u2019ai montr\u00e9 que j\u2019avais la vitesse pour me battre avec les meilleurs mais malheureusement, sans de bons d\u00e9parts, c\u2019est impossible de r\u00e9ussir de bons r\u00e9sultats. Mon objectif est de me battre pour terminer dans le top-dix. Si mes d\u00e9parts sont bons, je peux encore faire mieux.\u00a0\u00bb<\/p>\n<div id=\"attachment_47884\" style=\"width: 3898px\" class=\"wp-caption alignnone\"><a href=\"http:\/\/fr.motocrossmag.be\/wp-content\/uploads\/2016\/06\/Christophe-Charlier-Mantova.jpg\"><img decoding=\"async\" aria-describedby=\"caption-attachment-47884\" class=\"lazyload size-full wp-image-47884\" src=\"http:\/\/fr.motocrossmag.be\/wp-content\/uploads\/2016\/06\/Christophe-Charlier-Mantova.jpg\" data-orig-src=\"http:\/\/fr.motocrossmag.be\/wp-content\/uploads\/2016\/06\/Christophe-Charlier-Mantova.jpg\" alt=\"Christophe Charlier: ah, ces d\u00e9parts!\" width=\"3888\" height=\"2592\" srcset=\"data:image\/svg+xml,%3Csvg%20xmlns%3D%27http%3A%2F%2Fwww.w3.org%2F2000%2Fsvg%27%20width%3D%273888%27%20height%3D%272592%27%20viewBox%3D%270%200%203888%202592%27%3E%3Crect%20width%3D%273888%27%20height%3D%272592%27%20fill-opacity%3D%220%22%2F%3E%3C%2Fsvg%3E\" data-srcset=\"https:\/\/fr.motocrossmag.be\/wp-content\/uploads\/2016\/06\/Christophe-Charlier-Mantova-650x433.jpg 650w, https:\/\/fr.motocrossmag.be\/wp-content\/uploads\/2016\/06\/Christophe-Charlier-Mantova-1024x683.jpg 1024w, https:\/\/fr.motocrossmag.be\/wp-content\/uploads\/2016\/06\/Christophe-Charlier-Mantova.jpg 3888w\" data-sizes=\"auto\" data-orig-sizes=\"(max-width: 3888px) 100vw, 3888px\" \/><\/a><p id=\"caption-attachment-47884\" class=\"wp-caption-text\">Christophe Charlier: ah, ces d\u00e9parts!<\/p><\/div>\n<p><strong>MX2<\/strong><\/p>\n<p><strong>Dylan Ferrandis<\/strong> (3\u00e8me): \u00a0\u00ab\u00a0J\u2019\u00e9tais satisfait de mes r\u00e9sultats samedi m\u00eame si je suis tomb\u00e9 \u00e0 cause d\u2019un attard\u00e9 alors que j\u2019\u00e9tais en t\u00eate. Aujourd\u2019hui, cela a \u00e9t\u00e9 moins bien et c\u2019est difficile de comprendre pourquoi. Dans la premi\u00e8re manche, mon d\u00e9part \u00e9tait moyen mais j\u2019ai r\u00e9ussi un bon tour et j\u2019ai d\u00e9pass\u00e9 Herlings avant de tomber deux fois; je suis ensuite revenu et j\u2019ai d\u00e9pass\u00e9 Pootjes qui m\u2019a envoy\u00e9 ensuite dans le d\u00e9cor! J\u2019\u00e9tais content d\u2019avoir pu revenir \u00e0 la troisi\u00e8me place. Dans la deuxi\u00e8me manche, la grille a boug\u00e9 mais n\u2019est pas tomb\u00e9e et je l\u2019ai heurt\u00e9e de sorte que j\u2019\u00e9tais en retard dans le premier virage. J\u2019ai remont\u00e9 presque tout le peloton pour terminer sixi\u00e8me. J\u2019avais de bonnes trajectoires et j\u2019\u00e9tais un des pilotes les plus rapides en piste, ce qui m\u2019a permis d\u2019obtenir ce podium au classement g\u00e9n\u00e9ral.\u00a0\u00bb<\/p>\n<div id=\"attachment_47885\" style=\"width: 685px\" class=\"wp-caption alignnone\"><a href=\"http:\/\/fr.motocrossmag.be\/wp-content\/uploads\/2016\/06\/Dylan-Ferrandis-Mantova.jpg\"><img decoding=\"async\" aria-describedby=\"caption-attachment-47885\" class=\"lazyload size-full wp-image-47885\" src=\"http:\/\/fr.motocrossmag.be\/wp-content\/uploads\/2016\/06\/Dylan-Ferrandis-Mantova.jpg\" data-orig-src=\"http:\/\/fr.motocrossmag.be\/wp-content\/uploads\/2016\/06\/Dylan-Ferrandis-Mantova.jpg\" alt=\"Dylan Ferrandis : un bon r\u00e9sultat malgr\u00e9 tout...\" width=\"675\" height=\"450\" srcset=\"data:image\/svg+xml,%3Csvg%20xmlns%3D%27http%3A%2F%2Fwww.w3.org%2F2000%2Fsvg%27%20width%3D%27675%27%20height%3D%27450%27%20viewBox%3D%270%200%20675%20450%27%3E%3Crect%20width%3D%27675%27%20height%3D%27450%27%20fill-opacity%3D%220%22%2F%3E%3C%2Fsvg%3E\" data-srcset=\"https:\/\/fr.motocrossmag.be\/wp-content\/uploads\/2016\/06\/Dylan-Ferrandis-Mantova-650x433.jpg 650w, https:\/\/fr.motocrossmag.be\/wp-content\/uploads\/2016\/06\/Dylan-Ferrandis-Mantova.jpg 675w\" data-sizes=\"auto\" data-orig-sizes=\"(max-width: 675px) 100vw, 675px\" \/><\/a><p id=\"caption-attachment-47885\" class=\"wp-caption-text\">Dylan Ferrandis : un bon r\u00e9sultat malgr\u00e9 tout&#8230;<\/p><\/div>\n<p><strong>Thomas Covington<\/strong> (4\u00e8me):\u00a0\u00ab\u00a0On a r\u00e9ussi un superbe GP ici \u00e0 Mantova. Samedi, j\u2019ai eu un peu de mal. le circuit \u00e9tait dur et difficile et je n\u2019arrivais pas \u00e0 trouver le bon rythme. Nous avons parl\u00e9 beaucoup avec le team manager samedi soir puis, avec l\u2019ing\u00e9nieur de chez WP, nous avons effectu\u00e9 pas mal de modifications aux suspensions. Je me suis senti tout de suite mieux dimanche. Dans la premi\u00e8re manche, j\u2019ai r\u00e9alis\u00e9 le holeshot et j\u2019ai roul\u00e9 devant durant quelques tours avant de retomber \u00e0 la quatri\u00e8me place. Dans la seconde manche, il y a eu un probl\u00e8me avec la grille. Je pense que j\u2019\u00e9tais quinzi\u00e8me dans le premier tour et j\u2019ai d\u00fb me battre pour remonter cinqui\u00e8me. J\u2019ai rat\u00e9 le podium au g\u00e9n\u00e9ral pour un point et c\u2019est un peu dommage mais je suis vraiment heureux de la mani\u00e8re dont j\u2019ai roul\u00e9. Je m\u2019am\u00e9liore chaque week-end et je pense que je peux consid\u00e9rer que le top-cinq en MX2 est fait pour moi.\u00a0\u00bb<\/p>\n<div id=\"attachment_47886\" style=\"width: 3898px\" class=\"wp-caption alignnone\"><a href=\"http:\/\/fr.motocrossmag.be\/wp-content\/uploads\/2016\/06\/Thomas-Covington-Mantova.jpg\"><img decoding=\"async\" aria-describedby=\"caption-attachment-47886\" class=\"lazyload size-full wp-image-47886\" src=\"http:\/\/fr.motocrossmag.be\/wp-content\/uploads\/2016\/06\/Thomas-Covington-Mantova.jpg\" data-orig-src=\"http:\/\/fr.motocrossmag.be\/wp-content\/uploads\/2016\/06\/Thomas-Covington-Mantova.jpg\" alt=\"Thomas Covington: un magnifique r\u00e9sultat pour le jeune Am\u00e9ricain...\" width=\"3888\" height=\"2592\" srcset=\"data:image\/svg+xml,%3Csvg%20xmlns%3D%27http%3A%2F%2Fwww.w3.org%2F2000%2Fsvg%27%20width%3D%273888%27%20height%3D%272592%27%20viewBox%3D%270%200%203888%202592%27%3E%3Crect%20width%3D%273888%27%20height%3D%272592%27%20fill-opacity%3D%220%22%2F%3E%3C%2Fsvg%3E\" data-srcset=\"https:\/\/fr.motocrossmag.be\/wp-content\/uploads\/2016\/06\/Thomas-Covington-Mantova-650x433.jpg 650w, https:\/\/fr.motocrossmag.be\/wp-content\/uploads\/2016\/06\/Thomas-Covington-Mantova-1024x683.jpg 1024w, https:\/\/fr.motocrossmag.be\/wp-content\/uploads\/2016\/06\/Thomas-Covington-Mantova.jpg 3888w\" data-sizes=\"auto\" data-orig-sizes=\"(max-width: 3888px) 100vw, 3888px\" \/><\/a><p id=\"caption-attachment-47886\" class=\"wp-caption-text\">Thomas Covington: un magnifique r\u00e9sultat pour le jeune Am\u00e9ricain&#8230;<\/p><\/div>\n<p><strong>Beno\u00eet Paturel<\/strong> (6\u00e8me): \u00ab\u00a0C\u2019est certain que ce week-end-ci s\u2019est mieux pass\u00e9 que ceui de la semaine derni\u00e8re. J\u2019ai bien roul\u00e9, m\u00eame sous la chaleur, et j\u2019en suis vraiment content. Il faut maintenant que je m\u2019entra\u00eene dans le sable \u00e0 Lommel pour \u00eatre pr\u00eat pour Assen. Les trois semaines qui viennent ne signifieront pas du repos pour moi mais de l\u2019entra\u00eenement afin d\u2019\u00eatre pr\u00eat \u00e0 me donner \u00e0 fond le reste de la saison.\u00a0\u00bb<\/p>\n<div id=\"attachment_47887\" style=\"width: 1001px\" class=\"wp-caption alignnone\"><a href=\"http:\/\/fr.motocrossmag.be\/wp-content\/uploads\/2016\/06\/Beno\u00eet-PAturel-Mantova.jpg\"><img decoding=\"async\" aria-describedby=\"caption-attachment-47887\" class=\"lazyload size-full wp-image-47887\" src=\"http:\/\/fr.motocrossmag.be\/wp-content\/uploads\/2016\/06\/Beno\u00eet-PAturel-Mantova.jpg\" data-orig-src=\"http:\/\/fr.motocrossmag.be\/wp-content\/uploads\/2016\/06\/Beno\u00eet-PAturel-Mantova.jpg\" alt=\"Beno\u00eet Paturel : satisfait...\" width=\"991\" height=\"660\" srcset=\"data:image\/svg+xml,%3Csvg%20xmlns%3D%27http%3A%2F%2Fwww.w3.org%2F2000%2Fsvg%27%20width%3D%27991%27%20height%3D%27660%27%20viewBox%3D%270%200%20991%20660%27%3E%3Crect%20width%3D%27991%27%20height%3D%27660%27%20fill-opacity%3D%220%22%2F%3E%3C%2Fsvg%3E\" data-srcset=\"https:\/\/fr.motocrossmag.be\/wp-content\/uploads\/2016\/06\/Beno\u00eet-PAturel-Mantova-650x433.jpg 650w, https:\/\/fr.motocrossmag.be\/wp-content\/uploads\/2016\/06\/Beno\u00eet-PAturel-Mantova.jpg 991w\" data-sizes=\"auto\" data-orig-sizes=\"(max-width: 991px) 100vw, 991px\" \/><\/a><p id=\"caption-attachment-47887\" class=\"wp-caption-text\">Beno\u00eet Paturel : satisfait&#8230;<\/p><\/div>\n<p><strong>Jeremy Seewer<\/strong> (7\u00e8me): \u00ab\u00a0C\u2019\u00e9tait un des GP les plus d\u00e9cevants cette ann\u00e9e. En ce qui concerne les chronos et le rythme, j\u2019\u00e9tais un des pilotes les plus rapides apr\u00e8s Jeffrey (Herlings). Je n\u2019ai pas connu un tr\u00e8s bon d\u00e9part ans la premi\u00e8re manche puis Bernardini m\u2019a coup\u00e9 la trajectoire et je suis presque tomb\u00e9. Je suis revenu septi\u00e8me, je suis tomb\u00e9 puis je termine sixi\u00e8me. En ce qui concerne la deuxi\u00e8me manche, qu\u2019est-ce que je peux dire? C\u2019est stupide de n\u2019avoir pas recommenc\u00e9 le d\u00e9part car tout le monde a vu que la grille n\u2019est pas tomb\u00e9e. J\u2019ai fait tout ce que j\u2019ai pu pour remonter mais j\u2019ai commis une erreur \u00e0 la fin et c\u2019est comme \u00e7a qu\u2019on prend des risques pour d\u00e9passer. Ce n\u2019\u00e9tait pas facile sur ce circuit. J\u2019ai fait de mon mieux aujourd\u2019hui mais je ne suis pas content car ce n\u2019\u00e9tait pas juste pour tout le monde. je suis quelques points derri\u00e8re Pauls mais il reste pas mal de courses et ce n\u2019est pas mon objectif de rouler contre lui. Je veux \u00eatre devant et faire de mon mieux.\u00a0\u00bb<\/p>\n<p>&nbsp;<\/p>\n<div id=\"attachment_47888\" style=\"width: 810px\" class=\"wp-caption alignnone\"><a href=\"http:\/\/fr.motocrossmag.be\/wp-content\/uploads\/2016\/06\/Jeremy-Seewer-Mantova.jpg\"><img decoding=\"async\" aria-describedby=\"caption-attachment-47888\" class=\"lazyload size-full wp-image-47888\" src=\"http:\/\/fr.motocrossmag.be\/wp-content\/uploads\/2016\/06\/Jeremy-Seewer-Mantova.jpg\" data-orig-src=\"http:\/\/fr.motocrossmag.be\/wp-content\/uploads\/2016\/06\/Jeremy-Seewer-Mantova.jpg\" alt=\"Jeremy Seewer : une histoire de grille qui ne tombe pas bien...\" width=\"800\" height=\"533\" srcset=\"data:image\/svg+xml,%3Csvg%20xmlns%3D%27http%3A%2F%2Fwww.w3.org%2F2000%2Fsvg%27%20width%3D%27800%27%20height%3D%27533%27%20viewBox%3D%270%200%20800%20533%27%3E%3Crect%20width%3D%27800%27%20height%3D%27533%27%20fill-opacity%3D%220%22%2F%3E%3C%2Fsvg%3E\" data-srcset=\"https:\/\/fr.motocrossmag.be\/wp-content\/uploads\/2016\/06\/Jeremy-Seewer-Mantova-650x433.jpg 650w, https:\/\/fr.motocrossmag.be\/wp-content\/uploads\/2016\/06\/Jeremy-Seewer-Mantova.jpg 800w\" data-sizes=\"auto\" data-orig-sizes=\"(max-width: 800px) 100vw, 800px\" \/><\/a><p id=\"caption-attachment-47888\" class=\"wp-caption-text\">Jeremy Seewer : une histoire de grille qui ne tombe pas bien&#8230;<\/p><\/div>\n<p><strong>Aleksandr Tonkov<\/strong> (\u00ab8\u00e8me): \u00abJe suis vraiment content que la deuxi\u00e8me manche est derri\u00e8re moi car c\u2019\u00e9tait une des plus dures de cette ann\u00e9e. Ceci dit, nous avons pris des points avant la pause et j\u2019esp\u00e8re pouvoir r\u00e9cup\u00e9rer durant les trois semaines avant Loket. Je suis tr\u00e8s satisfait du team et de ma moto qui marche vraiment bien et qui m\u2019a permis de r\u00e9aliser mon premier holeshot de la saison. C\u2019est quelque chose dont je peux \u00eatre fier et c\u2019\u00e9tait si dur aujourd\u2019hui que je suis simplement heureux d\u2019avoir pu terminer les deux manches.\u00a0\u00bb<\/p>\n<div id=\"attachment_47889\" style=\"width: 1001px\" class=\"wp-caption alignnone\"><a href=\"http:\/\/fr.motocrossmag.be\/wp-content\/uploads\/2016\/06\/Aleksandr-Tonkov-Mantova.jpg\"><img decoding=\"async\" aria-describedby=\"caption-attachment-47889\" class=\"lazyload size-full wp-image-47889\" src=\"http:\/\/fr.motocrossmag.be\/wp-content\/uploads\/2016\/06\/Aleksandr-Tonkov-Mantova.jpg\" data-orig-src=\"http:\/\/fr.motocrossmag.be\/wp-content\/uploads\/2016\/06\/Aleksandr-Tonkov-Mantova.jpg\" alt=\"Aleksandr Tonkov : premier holeshot en MX2 pour le pilote russe...\" width=\"991\" height=\"660\" srcset=\"data:image\/svg+xml,%3Csvg%20xmlns%3D%27http%3A%2F%2Fwww.w3.org%2F2000%2Fsvg%27%20width%3D%27991%27%20height%3D%27660%27%20viewBox%3D%270%200%20991%20660%27%3E%3Crect%20width%3D%27991%27%20height%3D%27660%27%20fill-opacity%3D%220%22%2F%3E%3C%2Fsvg%3E\" data-srcset=\"https:\/\/fr.motocrossmag.be\/wp-content\/uploads\/2016\/06\/Aleksandr-Tonkov-Mantova-650x433.jpg 650w, https:\/\/fr.motocrossmag.be\/wp-content\/uploads\/2016\/06\/Aleksandr-Tonkov-Mantova.jpg 991w\" data-sizes=\"auto\" data-orig-sizes=\"(max-width: 991px) 100vw, 991px\" \/><\/a><p id=\"caption-attachment-47889\" class=\"wp-caption-text\">Aleksandr Tonkov : premier holeshot en MX2 pour le pilote russe&#8230;<\/p><\/div>\n<p><strong>Conrad Mewse<\/strong> (10\u00e8me):\u00a0\u00ab\u00a0J\u2019ai vraiment eu du mal avec la chaleur ce week-end mais je suis content d\u2019avoir pu terminer dans le top-dix. La chaleur a eu raison de moi car je ne suis pas habitu\u00e9 \u00e0 de telles conditions. J\u2019\u00e9tais bien plac\u00e9 sur la grille avec ma vingti\u00e8me place dans la manche qualificative. Dans la premi\u00e8re manche, je n\u2019ai pas pris un bon d\u00e9part et j\u2019ai eu du mal \u00e0 remonter \u00e0 la seizi\u00e8me place. Dans la seconde manche, je suis nettement mieux parti et je termine neuvi\u00e8me . C\u2019\u00e9tait une course tr\u00e8s difficile et j\u2019\u00e9tais tr\u00e8s fatigu\u00e9 en fin de manche. C\u2019est bien de terminer \u00e0 nouveau dans le top-dix et j\u2019esp\u00e8re que nous pourrons m\u00eame envisager de meilleurs r\u00e9sultats \u00e0 l\u2019avenir.\u00a0\u00bb<\/p>\n<div id=\"attachment_47890\" style=\"width: 3898px\" class=\"wp-caption alignnone\"><a href=\"http:\/\/fr.motocrossmag.be\/wp-content\/uploads\/2016\/06\/Conrad-Mewse-Mantova.jpg\"><img decoding=\"async\" aria-describedby=\"caption-attachment-47890\" class=\"lazyload size-full wp-image-47890\" src=\"http:\/\/fr.motocrossmag.be\/wp-content\/uploads\/2016\/06\/Conrad-Mewse-Mantova.jpg\" data-orig-src=\"http:\/\/fr.motocrossmag.be\/wp-content\/uploads\/2016\/06\/Conrad-Mewse-Mantova.jpg\" alt=\"Conrad Mewse : il a \u00e9galement souffert de la chaleur...\" width=\"3888\" height=\"2592\" srcset=\"data:image\/svg+xml,%3Csvg%20xmlns%3D%27http%3A%2F%2Fwww.w3.org%2F2000%2Fsvg%27%20width%3D%273888%27%20height%3D%272592%27%20viewBox%3D%270%200%203888%202592%27%3E%3Crect%20width%3D%273888%27%20height%3D%272592%27%20fill-opacity%3D%220%22%2F%3E%3C%2Fsvg%3E\" data-srcset=\"https:\/\/fr.motocrossmag.be\/wp-content\/uploads\/2016\/06\/Conrad-Mewse-Mantova-650x433.jpg 650w, https:\/\/fr.motocrossmag.be\/wp-content\/uploads\/2016\/06\/Conrad-Mewse-Mantova-1024x683.jpg 1024w, https:\/\/fr.motocrossmag.be\/wp-content\/uploads\/2016\/06\/Conrad-Mewse-Mantova.jpg 3888w\" data-sizes=\"auto\" data-orig-sizes=\"(max-width: 3888px) 100vw, 3888px\" \/><\/a><p id=\"caption-attachment-47890\" class=\"wp-caption-text\">Conrad Mewse : il a \u00e9galement souffert de la chaleur&#8230;<\/p><\/div>\n","protected":false},"excerpt":{"rendered":"<p>Hier, \u00e0 Mantova, sous une chaleur caniculaire, Tim Gajser a \u00e0 nouveau domin\u00e9 les d\u00e9bats puisque le jeune pilote slov\u00e8ne a remport\u00e9 les deux manches. La premi\u00e8re a \u00e9t\u00e9 gagn\u00e9e [&#8230;]<\/p>\n","protected":false},"author":898,"featured_media":47875,"comment_status":"open","ping_status":"closed","sticky":false,"template":"","format":"standard","meta":{"footnotes":""},"categories":[54,4,6,55,65],"tags":[],"class_list":["post-47874","post","type-post","status-publish","format-standard","has-post-thumbnail","hentry","category-actualite","category-motocross","category-mx1mx2","category-news-actualite","category-slideshow"],"yoast_head":"<!-- This site is optimized with the Yoast SEO plugin v27.4 - https:\/\/yoast.com\/product\/yoast-seo-wordpress\/ -->\n<title>GP de Lombardie - Les r\u00e9actions des pilotes - Motocross - Enduro - Supermoto | MotocrossMag<\/title>\n<meta name=\"robots\" content=\"index, follow, max-snippet:-1, max-image-preview:large, max-video-preview:-1\" \/>\n<link rel=\"canonical\" href=\"https:\/\/fr.motocrossmag.be\/index.php\/2016\/06\/gp-de-lombardie-les-reactions-des-pilotes-2\/\" \/>\n<meta property=\"og:locale\" content=\"fr_FR\" \/>\n<meta property=\"og:type\" content=\"article\" \/>\n<meta property=\"og:title\" content=\"GP de Lombardie - Les r\u00e9actions des pilotes - Motocross - Enduro - Supermoto | MotocrossMag\" \/>\n<meta property=\"og:description\" content=\"Hier, \u00e0 Mantova, sous une chaleur caniculaire, Tim Gajser a \u00e0 nouveau domin\u00e9 les d\u00e9bats puisque le jeune pilote slov\u00e8ne a remport\u00e9 les deux manches. La premi\u00e8re a \u00e9t\u00e9 gagn\u00e9e [...]\" \/>\n<meta property=\"og:url\" content=\"https:\/\/fr.motocrossmag.be\/index.php\/2016\/06\/gp-de-lombardie-les-reactions-des-pilotes-2\/\" \/>\n<meta property=\"og:site_name\" content=\"Motocross - Enduro - Supermoto | MotocrossMag\" \/>\n<meta property=\"article:published_time\" content=\"2016-06-27T10:52:19+00:00\" \/>\n<meta property=\"article:modified_time\" content=\"2016-06-27T11:35:29+00:00\" \/>\n<meta property=\"og:image\" content=\"https:\/\/fr.motocrossmag.be\/wp-content\/uploads\/2016\/06\/Slideshow-Mantova.jpg\" \/>\n\t<meta property=\"og:image:width\" content=\"1280\" \/>\n\t<meta property=\"og:image:height\" content=\"852\" \/>\n\t<meta property=\"og:image:type\" content=\"image\/jpeg\" \/>\n<meta name=\"author\" content=\"fernand2\" \/>\n<meta name=\"twitter:card\" content=\"summary_large_image\" \/>\n<meta name=\"twitter:label1\" content=\"\u00c9crit par\" \/>\n\t<meta name=\"twitter:data1\" content=\"fernand2\" \/>\n\t<meta name=\"twitter:label2\" content=\"Dur\u00e9e de lecture estim\u00e9e\" \/>\n\t<meta name=\"twitter:data2\" content=\"13 minutes\" \/>\n<script type=\"application\/ld+json\" class=\"yoast-schema-graph\">{\"@context\":\"https:\\\/\\\/schema.org\",\"@graph\":[{\"@type\":\"Article\",\"@id\":\"https:\\\/\\\/fr.motocrossmag.be\\\/index.php\\\/2016\\\/06\\\/gp-de-lombardie-les-reactions-des-pilotes-2\\\/#article\",\"isPartOf\":{\"@id\":\"https:\\\/\\\/fr.motocrossmag.be\\\/index.php\\\/2016\\\/06\\\/gp-de-lombardie-les-reactions-des-pilotes-2\\\/\"},\"author\":{\"name\":\"fernand2\",\"@id\":\"https:\\\/\\\/fr.motocrossmag.be\\\/#\\\/schema\\\/person\\\/b1bd0a25696c3aeaac7fd5d92d4ed8f6\"},\"headline\":\"GP de Lombardie &#8211; Les r\u00e9actions des pilotes\",\"datePublished\":\"2016-06-27T10:52:19+00:00\",\"dateModified\":\"2016-06-27T11:35:29+00:00\",\"mainEntityOfPage\":{\"@id\":\"https:\\\/\\\/fr.motocrossmag.be\\\/index.php\\\/2016\\\/06\\\/gp-de-lombardie-les-reactions-des-pilotes-2\\\/\"},\"wordCount\":2524,\"commentCount\":0,\"image\":{\"@id\":\"https:\\\/\\\/fr.motocrossmag.be\\\/index.php\\\/2016\\\/06\\\/gp-de-lombardie-les-reactions-des-pilotes-2\\\/#primaryimage\"},\"thumbnailUrl\":\"https:\\\/\\\/fr.motocrossmag.be\\\/wp-content\\\/uploads\\\/2016\\\/06\\\/Slideshow-Mantova.jpg\",\"articleSection\":[\"Actualit\u00e9\",\"Motocross\",\"Motocross MXGP\",\"News\",\"Slideshow\"],\"inLanguage\":\"fr-FR\",\"potentialAction\":[{\"@type\":\"CommentAction\",\"name\":\"Comment\",\"target\":[\"https:\\\/\\\/fr.motocrossmag.be\\\/index.php\\\/2016\\\/06\\\/gp-de-lombardie-les-reactions-des-pilotes-2\\\/#respond\"]}]},{\"@type\":\"WebPage\",\"@id\":\"https:\\\/\\\/fr.motocrossmag.be\\\/index.php\\\/2016\\\/06\\\/gp-de-lombardie-les-reactions-des-pilotes-2\\\/\",\"url\":\"https:\\\/\\\/fr.motocrossmag.be\\\/index.php\\\/2016\\\/06\\\/gp-de-lombardie-les-reactions-des-pilotes-2\\\/\",\"name\":\"GP de Lombardie - Les r\u00e9actions des pilotes - Motocross - Enduro - Supermoto | MotocrossMag\",\"isPartOf\":{\"@id\":\"https:\\\/\\\/fr.motocrossmag.be\\\/#website\"},\"primaryImageOfPage\":{\"@id\":\"https:\\\/\\\/fr.motocrossmag.be\\\/index.php\\\/2016\\\/06\\\/gp-de-lombardie-les-reactions-des-pilotes-2\\\/#primaryimage\"},\"image\":{\"@id\":\"https:\\\/\\\/fr.motocrossmag.be\\\/index.php\\\/2016\\\/06\\\/gp-de-lombardie-les-reactions-des-pilotes-2\\\/#primaryimage\"},\"thumbnailUrl\":\"https:\\\/\\\/fr.motocrossmag.be\\\/wp-content\\\/uploads\\\/2016\\\/06\\\/Slideshow-Mantova.jpg\",\"datePublished\":\"2016-06-27T10:52:19+00:00\",\"dateModified\":\"2016-06-27T11:35:29+00:00\",\"author\":{\"@id\":\"https:\\\/\\\/fr.motocrossmag.be\\\/#\\\/schema\\\/person\\\/b1bd0a25696c3aeaac7fd5d92d4ed8f6\"},\"breadcrumb\":{\"@id\":\"https:\\\/\\\/fr.motocrossmag.be\\\/index.php\\\/2016\\\/06\\\/gp-de-lombardie-les-reactions-des-pilotes-2\\\/#breadcrumb\"},\"inLanguage\":\"fr-FR\",\"potentialAction\":[{\"@type\":\"ReadAction\",\"target\":[\"https:\\\/\\\/fr.motocrossmag.be\\\/index.php\\\/2016\\\/06\\\/gp-de-lombardie-les-reactions-des-pilotes-2\\\/\"]}]},{\"@type\":\"ImageObject\",\"inLanguage\":\"fr-FR\",\"@id\":\"https:\\\/\\\/fr.motocrossmag.be\\\/index.php\\\/2016\\\/06\\\/gp-de-lombardie-les-reactions-des-pilotes-2\\\/#primaryimage\",\"url\":\"https:\\\/\\\/fr.motocrossmag.be\\\/wp-content\\\/uploads\\\/2016\\\/06\\\/Slideshow-Mantova.jpg\",\"contentUrl\":\"https:\\\/\\\/fr.motocrossmag.be\\\/wp-content\\\/uploads\\\/2016\\\/06\\\/Slideshow-Mantova.jpg\",\"width\":1280,\"height\":852},{\"@type\":\"BreadcrumbList\",\"@id\":\"https:\\\/\\\/fr.motocrossmag.be\\\/index.php\\\/2016\\\/06\\\/gp-de-lombardie-les-reactions-des-pilotes-2\\\/#breadcrumb\",\"itemListElement\":[{\"@type\":\"ListItem\",\"position\":1,\"name\":\"Accueil\",\"item\":\"https:\\\/\\\/fr.motocrossmag.be\\\/\"},{\"@type\":\"ListItem\",\"position\":2,\"name\":\"GP de Lombardie &#8211; Les r\u00e9actions des pilotes\"}]},{\"@type\":\"WebSite\",\"@id\":\"https:\\\/\\\/fr.motocrossmag.be\\\/#website\",\"url\":\"https:\\\/\\\/fr.motocrossmag.be\\\/\",\"name\":\"Motocross - Enduro - Supermoto | MotocrossMag\",\"description\":\"L&#039;actualit\u00e9 du motocross, de l&#039;enduro et du Supermoto en ligne!\",\"potentialAction\":[{\"@type\":\"SearchAction\",\"target\":{\"@type\":\"EntryPoint\",\"urlTemplate\":\"https:\\\/\\\/fr.motocrossmag.be\\\/?s={search_term_string}\"},\"query-input\":{\"@type\":\"PropertyValueSpecification\",\"valueRequired\":true,\"valueName\":\"search_term_string\"}}],\"inLanguage\":\"fr-FR\"},{\"@type\":\"Person\",\"@id\":\"https:\\\/\\\/fr.motocrossmag.be\\\/#\\\/schema\\\/person\\\/b1bd0a25696c3aeaac7fd5d92d4ed8f6\",\"name\":\"fernand2\",\"image\":{\"@type\":\"ImageObject\",\"inLanguage\":\"fr-FR\",\"@id\":\"https:\\\/\\\/secure.gravatar.com\\\/avatar\\\/e48cfba345f89620e0c3f40fdfd6f6ef6bc1fbad5d0c3cd2555b4f39e37ef934?s=96&d=mm&r=g\",\"url\":\"https:\\\/\\\/secure.gravatar.com\\\/avatar\\\/e48cfba345f89620e0c3f40fdfd6f6ef6bc1fbad5d0c3cd2555b4f39e37ef934?s=96&d=mm&r=g\",\"contentUrl\":\"https:\\\/\\\/secure.gravatar.com\\\/avatar\\\/e48cfba345f89620e0c3f40fdfd6f6ef6bc1fbad5d0c3cd2555b4f39e37ef934?s=96&d=mm&r=g\",\"caption\":\"fernand2\"},\"url\":\"https:\\\/\\\/fr.motocrossmag.be\\\/index.php\\\/author\\\/fernand2\\\/\"}]}<\/script>\n<!-- \/ Yoast SEO plugin. -->","yoast_head_json":{"title":"GP de Lombardie - Les r\u00e9actions des pilotes - Motocross - Enduro - Supermoto | MotocrossMag","robots":{"index":"index","follow":"follow","max-snippet":"max-snippet:-1","max-image-preview":"max-image-preview:large","max-video-preview":"max-video-preview:-1"},"canonical":"https:\/\/fr.motocrossmag.be\/index.php\/2016\/06\/gp-de-lombardie-les-reactions-des-pilotes-2\/","og_locale":"fr_FR","og_type":"article","og_title":"GP de Lombardie - Les r\u00e9actions des pilotes - Motocross - Enduro - Supermoto | MotocrossMag","og_description":"Hier, \u00e0 Mantova, sous une chaleur caniculaire, Tim Gajser a \u00e0 nouveau domin\u00e9 les d\u00e9bats puisque le jeune pilote slov\u00e8ne a remport\u00e9 les deux manches. La premi\u00e8re a \u00e9t\u00e9 gagn\u00e9e [...]","og_url":"https:\/\/fr.motocrossmag.be\/index.php\/2016\/06\/gp-de-lombardie-les-reactions-des-pilotes-2\/","og_site_name":"Motocross - Enduro - Supermoto | MotocrossMag","article_published_time":"2016-06-27T10:52:19+00:00","article_modified_time":"2016-06-27T11:35:29+00:00","og_image":[{"width":1280,"height":852,"url":"https:\/\/fr.motocrossmag.be\/wp-content\/uploads\/2016\/06\/Slideshow-Mantova.jpg","type":"image\/jpeg"}],"author":"fernand2","twitter_card":"summary_large_image","twitter_misc":{"\u00c9crit par":"fernand2","Dur\u00e9e de lecture estim\u00e9e":"13 minutes"},"schema":{"@context":"https:\/\/schema.org","@graph":[{"@type":"Article","@id":"https:\/\/fr.motocrossmag.be\/index.php\/2016\/06\/gp-de-lombardie-les-reactions-des-pilotes-2\/#article","isPartOf":{"@id":"https:\/\/fr.motocrossmag.be\/index.php\/2016\/06\/gp-de-lombardie-les-reactions-des-pilotes-2\/"},"author":{"name":"fernand2","@id":"https:\/\/fr.motocrossmag.be\/#\/schema\/person\/b1bd0a25696c3aeaac7fd5d92d4ed8f6"},"headline":"GP de Lombardie &#8211; Les r\u00e9actions des pilotes","datePublished":"2016-06-27T10:52:19+00:00","dateModified":"2016-06-27T11:35:29+00:00","mainEntityOfPage":{"@id":"https:\/\/fr.motocrossmag.be\/index.php\/2016\/06\/gp-de-lombardie-les-reactions-des-pilotes-2\/"},"wordCount":2524,"commentCount":0,"image":{"@id":"https:\/\/fr.motocrossmag.be\/index.php\/2016\/06\/gp-de-lombardie-les-reactions-des-pilotes-2\/#primaryimage"},"thumbnailUrl":"https:\/\/fr.motocrossmag.be\/wp-content\/uploads\/2016\/06\/Slideshow-Mantova.jpg","articleSection":["Actualit\u00e9","Motocross","Motocross MXGP","News","Slideshow"],"inLanguage":"fr-FR","potentialAction":[{"@type":"CommentAction","name":"Comment","target":["https:\/\/fr.motocrossmag.be\/index.php\/2016\/06\/gp-de-lombardie-les-reactions-des-pilotes-2\/#respond"]}]},{"@type":"WebPage","@id":"https:\/\/fr.motocrossmag.be\/index.php\/2016\/06\/gp-de-lombardie-les-reactions-des-pilotes-2\/","url":"https:\/\/fr.motocrossmag.be\/index.php\/2016\/06\/gp-de-lombardie-les-reactions-des-pilotes-2\/","name":"GP de Lombardie - Les r\u00e9actions des pilotes - Motocross - Enduro - Supermoto | MotocrossMag","isPartOf":{"@id":"https:\/\/fr.motocrossmag.be\/#website"},"primaryImageOfPage":{"@id":"https:\/\/fr.motocrossmag.be\/index.php\/2016\/06\/gp-de-lombardie-les-reactions-des-pilotes-2\/#primaryimage"},"image":{"@id":"https:\/\/fr.motocrossmag.be\/index.php\/2016\/06\/gp-de-lombardie-les-reactions-des-pilotes-2\/#primaryimage"},"thumbnailUrl":"https:\/\/fr.motocrossmag.be\/wp-content\/uploads\/2016\/06\/Slideshow-Mantova.jpg","datePublished":"2016-06-27T10:52:19+00:00","dateModified":"2016-06-27T11:35:29+00:00","author":{"@id":"https:\/\/fr.motocrossmag.be\/#\/schema\/person\/b1bd0a25696c3aeaac7fd5d92d4ed8f6"},"breadcrumb":{"@id":"https:\/\/fr.motocrossmag.be\/index.php\/2016\/06\/gp-de-lombardie-les-reactions-des-pilotes-2\/#breadcrumb"},"inLanguage":"fr-FR","potentialAction":[{"@type":"ReadAction","target":["https:\/\/fr.motocrossmag.be\/index.php\/2016\/06\/gp-de-lombardie-les-reactions-des-pilotes-2\/"]}]},{"@type":"ImageObject","inLanguage":"fr-FR","@id":"https:\/\/fr.motocrossmag.be\/index.php\/2016\/06\/gp-de-lombardie-les-reactions-des-pilotes-2\/#primaryimage","url":"https:\/\/fr.motocrossmag.be\/wp-content\/uploads\/2016\/06\/Slideshow-Mantova.jpg","contentUrl":"https:\/\/fr.motocrossmag.be\/wp-content\/uploads\/2016\/06\/Slideshow-Mantova.jpg","width":1280,"height":852},{"@type":"BreadcrumbList","@id":"https:\/\/fr.motocrossmag.be\/index.php\/2016\/06\/gp-de-lombardie-les-reactions-des-pilotes-2\/#breadcrumb","itemListElement":[{"@type":"ListItem","position":1,"name":"Accueil","item":"https:\/\/fr.motocrossmag.be\/"},{"@type":"ListItem","position":2,"name":"GP de Lombardie &#8211; Les r\u00e9actions des pilotes"}]},{"@type":"WebSite","@id":"https:\/\/fr.motocrossmag.be\/#website","url":"https:\/\/fr.motocrossmag.be\/","name":"Motocross - Enduro - Supermoto | MotocrossMag","description":"L&#039;actualit\u00e9 du motocross, de l&#039;enduro et du Supermoto en ligne!","potentialAction":[{"@type":"SearchAction","target":{"@type":"EntryPoint","urlTemplate":"https:\/\/fr.motocrossmag.be\/?s={search_term_string}"},"query-input":{"@type":"PropertyValueSpecification","valueRequired":true,"valueName":"search_term_string"}}],"inLanguage":"fr-FR"},{"@type":"Person","@id":"https:\/\/fr.motocrossmag.be\/#\/schema\/person\/b1bd0a25696c3aeaac7fd5d92d4ed8f6","name":"fernand2","image":{"@type":"ImageObject","inLanguage":"fr-FR","@id":"https:\/\/secure.gravatar.com\/avatar\/e48cfba345f89620e0c3f40fdfd6f6ef6bc1fbad5d0c3cd2555b4f39e37ef934?s=96&d=mm&r=g","url":"https:\/\/secure.gravatar.com\/avatar\/e48cfba345f89620e0c3f40fdfd6f6ef6bc1fbad5d0c3cd2555b4f39e37ef934?s=96&d=mm&r=g","contentUrl":"https:\/\/secure.gravatar.com\/avatar\/e48cfba345f89620e0c3f40fdfd6f6ef6bc1fbad5d0c3cd2555b4f39e37ef934?s=96&d=mm&r=g","caption":"fernand2"},"url":"https:\/\/fr.motocrossmag.be\/index.php\/author\/fernand2\/"}]}},"_links":{"self":[{"href":"https:\/\/fr.motocrossmag.be\/index.php\/wp-json\/wp\/v2\/posts\/47874","targetHints":{"allow":["GET"]}}],"collection":[{"href":"https:\/\/fr.motocrossmag.be\/index.php\/wp-json\/wp\/v2\/posts"}],"about":[{"href":"https:\/\/fr.motocrossmag.be\/index.php\/wp-json\/wp\/v2\/types\/post"}],"author":[{"embeddable":true,"href":"https:\/\/fr.motocrossmag.be\/index.php\/wp-json\/wp\/v2\/users\/898"}],"replies":[{"embeddable":true,"href":"https:\/\/fr.motocrossmag.be\/index.php\/wp-json\/wp\/v2\/comments?post=47874"}],"version-history":[{"count":2,"href":"https:\/\/fr.motocrossmag.be\/index.php\/wp-json\/wp\/v2\/posts\/47874\/revisions"}],"predecessor-version":[{"id":47893,"href":"https:\/\/fr.motocrossmag.be\/index.php\/wp-json\/wp\/v2\/posts\/47874\/revisions\/47893"}],"wp:featuredmedia":[{"embeddable":true,"href":"https:\/\/fr.motocrossmag.be\/index.php\/wp-json\/wp\/v2\/media\/47875"}],"wp:attachment":[{"href":"https:\/\/fr.motocrossmag.be\/index.php\/wp-json\/wp\/v2\/media?parent=47874"}],"wp:term":[{"taxonomy":"category","embeddable":true,"href":"https:\/\/fr.motocrossmag.be\/index.php\/wp-json\/wp\/v2\/categories?post=47874"},{"taxonomy":"post_tag","embeddable":true,"href":"https:\/\/fr.motocrossmag.be\/index.php\/wp-json\/wp\/v2\/tags?post=47874"}],"curies":[{"name":"wp","href":"https:\/\/api.w.org\/{rel}","templated":true}]}}