{"id":48282,"date":"2016-07-05T18:38:55","date_gmt":"2016-07-05T16:38:55","guid":{"rendered":"http:\/\/fr.motocrossmag.be\/?p=48282"},"modified":"2016-07-05T18:38:55","modified_gmt":"2016-07-05T16:38:55","slug":"conrad-mewse-seize-ans-et-plein-dambition","status":"publish","type":"post","link":"https:\/\/fr.motocrossmag.be\/index.php\/2016\/07\/conrad-mewse-seize-ans-et-plein-dambition\/","title":{"rendered":"Conrad Mewse : seize ans&#8230; et plein d&rsquo;ambition!"},"content":{"rendered":"<p><em>Vainqueur de l\u2019\u00e9preuve d\u2019ouverture du championnat d\u2019Europe M250, Conrad Mewse, pilote britannique \u00e2g\u00e9 aujourd\u2019hui de seize ans, a pass\u00e9 ces derniers mois \u00e0 trouver sa place dans le championnat ultra comp\u00e9titif qu\u2019est le championnat du monde MX2. Cinqui\u00e8me du GP de Grande-Bretagne, le pilote Husqvarna semble bien d\u00e9cid\u00e9 \u00e0 faire parler de lui\u2026<\/em><\/p>\n<p><strong>Conrad, cela fait maintenant deux mois que tu participes au championnat MX2. Comment cela se passe-t-il pour toi?<\/strong><\/p>\n<p>Conrad:\u00a0\u00ab\u00a0C\u2019\u00e9tait un fameux changement que de passer en MX2 mais je suis content d\u2019avoir pris cette d\u00e9cision. Cette cat\u00e9gorie constitue l\u2019avenir du motocross pour des pilotes comme moi et c\u2019est vraiment l\u00e0 o\u00f9 j\u2019ai toujours voulu \u00eatre. J\u2019ai souffert lors de mes premiers GP. J\u2019\u00e9tais nerveux et j\u2019avais du mal avec mes d\u00e9parts de sorte que je ne pouvais pas montrer ce dont j\u2019\u00e9tais capable. J\u2019ai donc continu\u00e9 \u00e0 travailler dur et cela a commenc\u00e9 \u00e0 payer lors du GP de France. Depuis, j\u2019ai effectu\u00e9 quelques belles courses et j\u2019ai r\u00e9ussi mon meilleur r\u00e9sultat lors du GP de Grande-Bretagne avec une cinqui\u00e8me place lors d\u2019une manche et une septi\u00e8me place au classement g\u00e9n\u00e9ral. Mon team et moi, nous nous donnons \u00e0 100% et nous avons r\u00e9alis\u00e9 des progr\u00e8s tr\u00e8s appr\u00e9ciables.\u00a0\u00bb<\/p>\n<p><strong>Le soutien du Rockstar Energy Husqvarna Factory Racing team, ton team actuel, a \u00e9t\u00e9 important lors de ton passage du championnat d\u2019Europe au championnat du monde MX2?<\/strong><\/p>\n<p>Conrad:\u00a0\u00ab\u00a0 Le soutien de mon team a \u00e9t\u00e9 incroyable d\u00e8s le premier jour o\u00f9 j\u2019ai franchi sa porte. Le team est pr\u00e9sent dans les mauvais jours et dans les jours plus favorables et je suis heureux que nous figurions maintenant dans le top-dix au classement provisoire MX2. J\u2019ai \u00e9galement la chance d\u2019avoir deux super co\u00e9quipiers avec Max Anstie et Thomas Covington. Je m\u2019entends vraiment bien avec eux. C\u2019est agr\u00e9able de s\u2019entra\u00eener ensemble. Il n\u2019y pas pas de secrets dans le team et nous nous aidons mutuellement afin d\u2019obtenir les meilleurs r\u00e9sultats possibles.\u00a0\u00bb<\/p>\n<div id=\"attachment_48284\" style=\"width: 1395px\" class=\"wp-caption alignnone\"><a href=\"http:\/\/fr.motocrossmag.be\/wp-content\/uploads\/2016\/07\/Conrad-Mewse-5.jpg\"><img decoding=\"async\" aria-describedby=\"caption-attachment-48284\" class=\"lazyload size-full wp-image-48284\" src=\"http:\/\/fr.motocrossmag.be\/wp-content\/uploads\/2016\/07\/Conrad-Mewse-5.jpg\" data-orig-src=\"http:\/\/fr.motocrossmag.be\/wp-content\/uploads\/2016\/07\/Conrad-Mewse-5.jpg\" alt=\"De gauche \u00e0 droite, Max Anstie, Thomas Covington et Conrad Mewse: on parle anglais dans le team Husqvarna MX2\" width=\"1385\" height=\"922\" srcset=\"data:image\/svg+xml,%3Csvg%20xmlns%3D%27http%3A%2F%2Fwww.w3.org%2F2000%2Fsvg%27%20width%3D%271385%27%20height%3D%27922%27%20viewBox%3D%270%200%201385%20922%27%3E%3Crect%20width%3D%271385%27%20height%3D%27922%27%20fill-opacity%3D%220%22%2F%3E%3C%2Fsvg%3E\" data-srcset=\"https:\/\/fr.motocrossmag.be\/wp-content\/uploads\/2016\/07\/Conrad-Mewse-5-650x433.jpg 650w, https:\/\/fr.motocrossmag.be\/wp-content\/uploads\/2016\/07\/Conrad-Mewse-5-1024x682.jpg 1024w, https:\/\/fr.motocrossmag.be\/wp-content\/uploads\/2016\/07\/Conrad-Mewse-5.jpg 1385w\" data-sizes=\"auto\" data-orig-sizes=\"(max-width: 1385px) 100vw, 1385px\" \/><\/a><p id=\"caption-attachment-48284\" class=\"wp-caption-text\">De gauche \u00e0 droite, Max Anstie, Thomas Covington et Conrad Mewse: on parle anglais dans le team Husqvarna MX2!<\/p><\/div>\n<p><strong>Quels changements avez-vous effectu\u00e9s pour obtenir des meilleurs r\u00e9sultats d\u00e8s le GP de France?<\/strong><\/p>\n<p>Conrad:\u00a0\u00ab\u00a0Lors des quatre premiers GP, j\u2019avais du mal \u00e0 terminer dans les vingt premiers et je n\u2019avais qu\u2019un point au championnat. La semaine qui a pr\u00e9c\u00e9d\u00e9 le GP de France, nous nous sommes mis autour de la table avec le team et nous avons eu une longue discussion. Depuis ce jour, pas mal de choses ont chang\u00e9. J\u2019ai apport\u00e9 de nombreux changements \u00e0 ma mani\u00e8re de vivre et \u00e0 la mani\u00e8re dont je m\u2019entra\u00eene. Nous avons d\u00e9cid\u00e9 d\u2019essayer quelque chose de compl\u00e8tement nouveau et cela a vraiment fonctionn\u00e9. Depuis lors, je suis vraiment satisfait de mon pilotage. J\u2019esp\u00e8re que nous allons pouvoir continuer \u00e0 travailler comme cela avec le team.\u00a0\u00bb<\/p>\n<p><strong>Deux semaines apr\u00e8s le GP de France, tu as termin\u00e9 septi\u00e8me du g\u00e9n\u00e9ral au GP de Grande-Bretagne. Qu\u2019est-ce que cela t-a fait d\u2019obtenir ton meilleur r\u00e9sultat lors d\u2019un GP qui avait lieu dans ton pays?<\/strong><\/p>\n<p>Conrad:\u00a0\u00ab\u00a0C\u2019\u00e9tait un sentiment indescriptible. On avait eu une bonne semaine d\u2019entra\u00eenement apr\u00e8s le GP de France et j\u2019\u00e9tais vraiment confiant avant de me rendre \u00e0 Matterley Basin. Il y avaient \u00e9norm\u00e9ment de gens qui m\u2019encourageaient. Toute ma famille \u00e9tait \u00e9galement venue me voir. Aucun d\u2019entre eux ne savait \u00e0 quoi s\u2019attendre vu que je suis nouveau en MX2. C\u2019\u00e9tait super de pouvoir se battre avec les meilleurs. C\u2019\u00e9tait un moment tr\u00e8s sp\u00e9cial et j\u2019\u00e9tais content d\u2019avoir pu montrer que j\u2019avais la vitesse pour me battre devant. Je me sentais beaucoup plus confiant et cela s\u2019est vu.\u00a0\u00bb<\/p>\n<p><strong>Apr\u00e8s la France et la Grande-Bretagne, tu as termin\u00e9 dixi\u00e8me au g\u00e9n\u00e9ral en Italie, \u00e0 Mantova, au terme d\u2018un GP difficile. Comment \u00e9tait-ce d\u2019avoir \u00e0 se battre lorsque la temp\u00e9rature avoisine les 40\u00b0?<\/strong><\/p>\n<p>Conrad:\u00a0\u00ab\u00a0Je mentirais si je disais que je n\u2019ai pas souffert de la chaleur \u00e0 Mantova. Je crois que tout le monde a souffert. Malgr\u00e9 la chaleur, j\u2019\u00e9tais tr\u00e8s content de mon pilotage. J\u2019ai termin\u00e9 dixi\u00e8me au g\u00e9n\u00e9ral et j\u2019ai montr\u00e9 que je peux d\u00e9sormais me battre pour les premi\u00e8res places peu importent le circuit et les conditions de course.\u00a0\u00bb<\/p>\n<div id=\"attachment_48285\" style=\"width: 3898px\" class=\"wp-caption alignnone\"><a href=\"http:\/\/fr.motocrossmag.be\/wp-content\/uploads\/2016\/07\/Conrad-Mewse-Mantova.jpg\"><img decoding=\"async\" aria-describedby=\"caption-attachment-48285\" class=\"lazyload size-full wp-image-48285\" src=\"http:\/\/fr.motocrossmag.be\/wp-content\/uploads\/2016\/07\/Conrad-Mewse-Mantova.jpg\" data-orig-src=\"http:\/\/fr.motocrossmag.be\/wp-content\/uploads\/2016\/07\/Conrad-Mewse-Mantova.jpg\" alt=\"Conrad Mewse : \" width=\"3888\" height=\"2592\" srcset=\"data:image\/svg+xml,%3Csvg%20xmlns%3D%27http%3A%2F%2Fwww.w3.org%2F2000%2Fsvg%27%20width%3D%273888%27%20height%3D%272592%27%20viewBox%3D%270%200%203888%202592%27%3E%3Crect%20width%3D%273888%27%20height%3D%272592%27%20fill-opacity%3D%220%22%2F%3E%3C%2Fsvg%3E\" data-srcset=\"https:\/\/fr.motocrossmag.be\/wp-content\/uploads\/2016\/07\/Conrad-Mewse-Mantova-650x433.jpg 650w, https:\/\/fr.motocrossmag.be\/wp-content\/uploads\/2016\/07\/Conrad-Mewse-Mantova-1024x683.jpg 1024w, https:\/\/fr.motocrossmag.be\/wp-content\/uploads\/2016\/07\/Conrad-Mewse-Mantova.jpg 3888w\" data-sizes=\"auto\" data-orig-sizes=\"(max-width: 3888px) 100vw, 3888px\" \/><\/a><p id=\"caption-attachment-48285\" class=\"wp-caption-text\">Conrad Mewse \u00e0 Mantova :\u00a0\u00bbJ\u2019ai montr\u00e9 que je peux d\u00e9sormais me battre pour les premi\u00e8res places peu importent le circuit et les conditions de course. \u00bb<\/p><\/div>\n<p><strong>Une chose qui n\u2019a pas chang\u00e9 depuis que tu as chang\u00e9 de cat\u00e9gorie, c\u2019est ta moto. Comment te sens-tu sur la FC 250?<\/strong><\/p>\n<p>Conrad:\u00a0\u00ab\u00a0C\u2019est vrai que la moto sur laquelle je roule actuellement est pratiquement la m\u00eame que celle que j\u2019utilisais en championnat d\u2019Europe. Elle est bas\u00e9e sur la Husqvarna de s\u00e9rie et ne comporte que quelques modifications. M\u00eame mes suspensions sont proches des suspensions WP d\u2019origine. D\u00e9sormais, je me sens chez moi sur la moto. Obtenir des r\u00e9sultats dans le top-dix en MX2 avec une moto tr\u00e8s proche de la s\u00e9rie te donne une id\u00e9e de ce que vaut la moto.\u00a0\u00bb<\/p>\n<p><strong>Est-ce qu\u2019il y a certains aspects de ton pilotage que tu as essay\u00e9 d\u2019am\u00e9liorer?<\/strong><\/p>\n<p>Conrad:\u00a0\u00bbIl y a de nombreuses choses que j\u2019essaye d\u2019am\u00e9liorer et certainement les d\u00e9parts. Je travaille \u00e9norm\u00e9ment sur ma technique de pilotage avec le team et mes d\u00e9parts se sont consid\u00e9rablement am\u00e9lior\u00e9s. Je crois que nous avons \u00e9galement am\u00e9lior\u00e9 ma vitesse. Il me manque d\u00e9sormais un peu d\u2019exp\u00e9rience en comparaison des autres pilotes mais on peut dire que nous avons progress\u00e9 et nous continuerons \u00e0 travailler dur.\u00a0\u00bb<\/p>\n<p><strong>Combien de temps crois-tu qu\u2019il te faudra pour figurer r\u00e9guli\u00e8rement parmi les top pilotes en MX2?<\/strong><\/p>\n<p>Conrad:\u00a0\u00ab\u00a0je pense qu\u2019il faudra du temps. Les choses se sont bien pass\u00e9es jusqu\u2019\u00e0 pr\u00e9sent mais c\u2019est important pour moi d\u2019acqu\u00e9rir un peu plus d\u2019exp\u00e9rience. J\u2019ai vraiment appr\u00e9ci\u00e9 rouler en MX2 jusqu\u2019\u00e0 pr\u00e9sent. M\u00eame durant les mauvais week-ends, j\u2019apprenais beaucoup. J\u2019esp\u00e8re qu\u2019il ne me faudra pas trop longtemps avant de remporter mon premier GP. Je suis impatient de savoir ce que l\u2019avenir me r\u00e9serve et j\u2019esp\u00e8re n\u2019avoir pas \u00e0 attendre trop longtemps avant de pouvoir ma battre pour le championnat MX2.\u00a0\u00bb<\/p>\n<div id=\"attachment_48286\" style=\"width: 3898px\" class=\"wp-caption alignnone\"><a href=\"http:\/\/fr.motocrossmag.be\/wp-content\/uploads\/2016\/07\/Conrad-Mewse-ITW-3.jpg\"><img decoding=\"async\" aria-describedby=\"caption-attachment-48286\" class=\"lazyload size-full wp-image-48286\" src=\"http:\/\/fr.motocrossmag.be\/wp-content\/uploads\/2016\/07\/Conrad-Mewse-ITW-3.jpg\" data-orig-src=\"http:\/\/fr.motocrossmag.be\/wp-content\/uploads\/2016\/07\/Conrad-Mewse-ITW-3.jpg\" alt=\"Conrad Mewse\" width=\"3888\" height=\"2592\" srcset=\"data:image\/svg+xml,%3Csvg%20xmlns%3D%27http%3A%2F%2Fwww.w3.org%2F2000%2Fsvg%27%20width%3D%273888%27%20height%3D%272592%27%20viewBox%3D%270%200%203888%202592%27%3E%3Crect%20width%3D%273888%27%20height%3D%272592%27%20fill-opacity%3D%220%22%2F%3E%3C%2Fsvg%3E\" data-srcset=\"https:\/\/fr.motocrossmag.be\/wp-content\/uploads\/2016\/07\/Conrad-Mewse-ITW-3-650x433.jpg 650w, https:\/\/fr.motocrossmag.be\/wp-content\/uploads\/2016\/07\/Conrad-Mewse-ITW-3-1024x683.jpg 1024w, https:\/\/fr.motocrossmag.be\/wp-content\/uploads\/2016\/07\/Conrad-Mewse-ITW-3.jpg 3888w\" data-sizes=\"auto\" data-orig-sizes=\"(max-width: 3888px) 100vw, 3888px\" \/><\/a><p id=\"caption-attachment-48286\" class=\"wp-caption-text\">Conrad Mewse: \u00ab\u00a0J&rsquo;esp\u00e8re bient\u00f4t pouvoir me battre pour le championnat MX2\u00a0\u00bb<\/p><\/div>\n<p><strong>Alors que le championnat fait une pause avant le GP de la R\u00e9publique Tch\u00e8que, peut-on savoir ce que tu attends des six derniers GP de la saison?<\/strong><\/p>\n<p>Conrad:\u00a0\u00ab\u00a0Mon objectif et celui du team est que je continue \u00e0 r\u00e9aliser des r\u00e9sultats dans le top-dix en m\u00eame temps que des places encore plus proches du sommet du classement. Je suis impatient de rouler les prochains GP vu que c\u2019est l\u2019occasion id\u00e9ale de montrer tout le travail que nous avons effectu\u00e9. Je suis d\u00e9sormais conscient que toutes ces choses vont fa\u00e7onner mon avenir et vont m\u2019aider \u00e0 revenir encore plus fort en 2017. Ce sera ma premi\u00e8re saison compl\u00e8te dans la cat\u00e9gorie avec le team et j\u2019esp\u00e8re que je pourrai me battre avec les top pilotes du MX2.\u00a0\u00bb<\/p>\n<p><em>Bon vent \u00e0 Conrad qu\u2019on retrouvera donc \u00e0 Loket les 23 et 24 juillet prochains.<\/em><\/p>\n","protected":false},"excerpt":{"rendered":"<p>Vainqueur de l\u2019\u00e9preuve d\u2019ouverture du championnat d\u2019Europe M250, Conrad Mewse, pilote britannique \u00e2g\u00e9 aujourd\u2019hui de seize ans, a pass\u00e9 ces derniers mois \u00e0 trouver sa place dans le championnat ultra [&#8230;]<\/p>\n","protected":false},"author":898,"featured_media":48283,"comment_status":"open","ping_status":"closed","sticky":false,"template":"","format":"standard","meta":{"footnotes":""},"categories":[54,7,58,4,6,55,65],"tags":[],"class_list":["post-48282","post","type-post","status-publish","format-standard","has-post-thumbnail","hentry","category-actualite","category-interviews","category-interviews-actualite","category-motocross","category-mx1mx2","category-news-actualite","category-slideshow"],"yoast_head":"<!-- This site is optimized with the Yoast SEO plugin v27.4 - https:\/\/yoast.com\/product\/yoast-seo-wordpress\/ -->\n<title>Conrad Mewse : seize ans... et plein d&#039;ambition! - Motocross - Enduro - Supermoto | MotocrossMag<\/title>\n<meta name=\"robots\" content=\"index, follow, max-snippet:-1, max-image-preview:large, max-video-preview:-1\" \/>\n<link rel=\"canonical\" href=\"https:\/\/fr.motocrossmag.be\/index.php\/2016\/07\/conrad-mewse-seize-ans-et-plein-dambition\/\" \/>\n<meta property=\"og:locale\" content=\"fr_FR\" \/>\n<meta property=\"og:type\" content=\"article\" \/>\n<meta property=\"og:title\" content=\"Conrad Mewse : seize ans... et plein d&#039;ambition! - Motocross - Enduro - Supermoto | MotocrossMag\" \/>\n<meta property=\"og:description\" content=\"Vainqueur de l\u2019\u00e9preuve d\u2019ouverture du championnat d\u2019Europe M250, Conrad Mewse, pilote britannique \u00e2g\u00e9 aujourd\u2019hui de seize ans, a pass\u00e9 ces derniers mois \u00e0 trouver sa place dans le championnat ultra [...]\" \/>\n<meta property=\"og:url\" content=\"https:\/\/fr.motocrossmag.be\/index.php\/2016\/07\/conrad-mewse-seize-ans-et-plein-dambition\/\" \/>\n<meta property=\"og:site_name\" content=\"Motocross - Enduro - Supermoto | MotocrossMag\" \/>\n<meta property=\"article:published_time\" content=\"2016-07-05T16:38:55+00:00\" \/>\n<meta property=\"og:image\" content=\"https:\/\/fr.motocrossmag.be\/wp-content\/uploads\/2016\/07\/Conrad-Mewse-ITW.jpg\" \/>\n\t<meta property=\"og:image:width\" content=\"3888\" \/>\n\t<meta property=\"og:image:height\" content=\"2592\" \/>\n\t<meta property=\"og:image:type\" content=\"image\/jpeg\" \/>\n<meta name=\"author\" content=\"fernand2\" \/>\n<meta name=\"twitter:card\" content=\"summary_large_image\" \/>\n<meta name=\"twitter:label1\" content=\"\u00c9crit par\" \/>\n\t<meta name=\"twitter:data1\" content=\"fernand2\" \/>\n\t<meta name=\"twitter:label2\" content=\"Dur\u00e9e de lecture estim\u00e9e\" \/>\n\t<meta name=\"twitter:data2\" content=\"7 minutes\" \/>\n<script type=\"application\/ld+json\" class=\"yoast-schema-graph\">{\"@context\":\"https:\\\/\\\/schema.org\",\"@graph\":[{\"@type\":\"Article\",\"@id\":\"https:\\\/\\\/fr.motocrossmag.be\\\/index.php\\\/2016\\\/07\\\/conrad-mewse-seize-ans-et-plein-dambition\\\/#article\",\"isPartOf\":{\"@id\":\"https:\\\/\\\/fr.motocrossmag.be\\\/index.php\\\/2016\\\/07\\\/conrad-mewse-seize-ans-et-plein-dambition\\\/\"},\"author\":{\"name\":\"fernand2\",\"@id\":\"https:\\\/\\\/fr.motocrossmag.be\\\/#\\\/schema\\\/person\\\/b1bd0a25696c3aeaac7fd5d92d4ed8f6\"},\"headline\":\"Conrad Mewse : seize ans&#8230; et plein d&rsquo;ambition!\",\"datePublished\":\"2016-07-05T16:38:55+00:00\",\"mainEntityOfPage\":{\"@id\":\"https:\\\/\\\/fr.motocrossmag.be\\\/index.php\\\/2016\\\/07\\\/conrad-mewse-seize-ans-et-plein-dambition\\\/\"},\"wordCount\":1338,\"commentCount\":0,\"image\":{\"@id\":\"https:\\\/\\\/fr.motocrossmag.be\\\/index.php\\\/2016\\\/07\\\/conrad-mewse-seize-ans-et-plein-dambition\\\/#primaryimage\"},\"thumbnailUrl\":\"https:\\\/\\\/fr.motocrossmag.be\\\/wp-content\\\/uploads\\\/2016\\\/07\\\/Conrad-Mewse-ITW.jpg\",\"articleSection\":[\"Actualit\u00e9\",\"Interviews\",\"Interviews -all\",\"Motocross\",\"Motocross MXGP\",\"News\",\"Slideshow\"],\"inLanguage\":\"fr-FR\",\"potentialAction\":[{\"@type\":\"CommentAction\",\"name\":\"Comment\",\"target\":[\"https:\\\/\\\/fr.motocrossmag.be\\\/index.php\\\/2016\\\/07\\\/conrad-mewse-seize-ans-et-plein-dambition\\\/#respond\"]}]},{\"@type\":\"WebPage\",\"@id\":\"https:\\\/\\\/fr.motocrossmag.be\\\/index.php\\\/2016\\\/07\\\/conrad-mewse-seize-ans-et-plein-dambition\\\/\",\"url\":\"https:\\\/\\\/fr.motocrossmag.be\\\/index.php\\\/2016\\\/07\\\/conrad-mewse-seize-ans-et-plein-dambition\\\/\",\"name\":\"Conrad Mewse : seize ans... et plein d'ambition! - Motocross - Enduro - Supermoto | MotocrossMag\",\"isPartOf\":{\"@id\":\"https:\\\/\\\/fr.motocrossmag.be\\\/#website\"},\"primaryImageOfPage\":{\"@id\":\"https:\\\/\\\/fr.motocrossmag.be\\\/index.php\\\/2016\\\/07\\\/conrad-mewse-seize-ans-et-plein-dambition\\\/#primaryimage\"},\"image\":{\"@id\":\"https:\\\/\\\/fr.motocrossmag.be\\\/index.php\\\/2016\\\/07\\\/conrad-mewse-seize-ans-et-plein-dambition\\\/#primaryimage\"},\"thumbnailUrl\":\"https:\\\/\\\/fr.motocrossmag.be\\\/wp-content\\\/uploads\\\/2016\\\/07\\\/Conrad-Mewse-ITW.jpg\",\"datePublished\":\"2016-07-05T16:38:55+00:00\",\"author\":{\"@id\":\"https:\\\/\\\/fr.motocrossmag.be\\\/#\\\/schema\\\/person\\\/b1bd0a25696c3aeaac7fd5d92d4ed8f6\"},\"breadcrumb\":{\"@id\":\"https:\\\/\\\/fr.motocrossmag.be\\\/index.php\\\/2016\\\/07\\\/conrad-mewse-seize-ans-et-plein-dambition\\\/#breadcrumb\"},\"inLanguage\":\"fr-FR\",\"potentialAction\":[{\"@type\":\"ReadAction\",\"target\":[\"https:\\\/\\\/fr.motocrossmag.be\\\/index.php\\\/2016\\\/07\\\/conrad-mewse-seize-ans-et-plein-dambition\\\/\"]}]},{\"@type\":\"ImageObject\",\"inLanguage\":\"fr-FR\",\"@id\":\"https:\\\/\\\/fr.motocrossmag.be\\\/index.php\\\/2016\\\/07\\\/conrad-mewse-seize-ans-et-plein-dambition\\\/#primaryimage\",\"url\":\"https:\\\/\\\/fr.motocrossmag.be\\\/wp-content\\\/uploads\\\/2016\\\/07\\\/Conrad-Mewse-ITW.jpg\",\"contentUrl\":\"https:\\\/\\\/fr.motocrossmag.be\\\/wp-content\\\/uploads\\\/2016\\\/07\\\/Conrad-Mewse-ITW.jpg\",\"width\":3888,\"height\":2592},{\"@type\":\"BreadcrumbList\",\"@id\":\"https:\\\/\\\/fr.motocrossmag.be\\\/index.php\\\/2016\\\/07\\\/conrad-mewse-seize-ans-et-plein-dambition\\\/#breadcrumb\",\"itemListElement\":[{\"@type\":\"ListItem\",\"position\":1,\"name\":\"Accueil\",\"item\":\"https:\\\/\\\/fr.motocrossmag.be\\\/\"},{\"@type\":\"ListItem\",\"position\":2,\"name\":\"Conrad Mewse : seize ans&#8230; et plein d&rsquo;ambition!\"}]},{\"@type\":\"WebSite\",\"@id\":\"https:\\\/\\\/fr.motocrossmag.be\\\/#website\",\"url\":\"https:\\\/\\\/fr.motocrossmag.be\\\/\",\"name\":\"Motocross - Enduro - Supermoto | MotocrossMag\",\"description\":\"L&#039;actualit\u00e9 du motocross, de l&#039;enduro et du Supermoto en ligne!\",\"potentialAction\":[{\"@type\":\"SearchAction\",\"target\":{\"@type\":\"EntryPoint\",\"urlTemplate\":\"https:\\\/\\\/fr.motocrossmag.be\\\/?s={search_term_string}\"},\"query-input\":{\"@type\":\"PropertyValueSpecification\",\"valueRequired\":true,\"valueName\":\"search_term_string\"}}],\"inLanguage\":\"fr-FR\"},{\"@type\":\"Person\",\"@id\":\"https:\\\/\\\/fr.motocrossmag.be\\\/#\\\/schema\\\/person\\\/b1bd0a25696c3aeaac7fd5d92d4ed8f6\",\"name\":\"fernand2\",\"image\":{\"@type\":\"ImageObject\",\"inLanguage\":\"fr-FR\",\"@id\":\"https:\\\/\\\/secure.gravatar.com\\\/avatar\\\/e48cfba345f89620e0c3f40fdfd6f6ef6bc1fbad5d0c3cd2555b4f39e37ef934?s=96&d=mm&r=g\",\"url\":\"https:\\\/\\\/secure.gravatar.com\\\/avatar\\\/e48cfba345f89620e0c3f40fdfd6f6ef6bc1fbad5d0c3cd2555b4f39e37ef934?s=96&d=mm&r=g\",\"contentUrl\":\"https:\\\/\\\/secure.gravatar.com\\\/avatar\\\/e48cfba345f89620e0c3f40fdfd6f6ef6bc1fbad5d0c3cd2555b4f39e37ef934?s=96&d=mm&r=g\",\"caption\":\"fernand2\"},\"url\":\"https:\\\/\\\/fr.motocrossmag.be\\\/index.php\\\/author\\\/fernand2\\\/\"}]}<\/script>\n<!-- \/ Yoast SEO plugin. -->","yoast_head_json":{"title":"Conrad Mewse : seize ans... et plein d'ambition! - Motocross - Enduro - Supermoto | MotocrossMag","robots":{"index":"index","follow":"follow","max-snippet":"max-snippet:-1","max-image-preview":"max-image-preview:large","max-video-preview":"max-video-preview:-1"},"canonical":"https:\/\/fr.motocrossmag.be\/index.php\/2016\/07\/conrad-mewse-seize-ans-et-plein-dambition\/","og_locale":"fr_FR","og_type":"article","og_title":"Conrad Mewse : seize ans... et plein d'ambition! - Motocross - Enduro - Supermoto | MotocrossMag","og_description":"Vainqueur de l\u2019\u00e9preuve d\u2019ouverture du championnat d\u2019Europe M250, Conrad Mewse, pilote britannique \u00e2g\u00e9 aujourd\u2019hui de seize ans, a pass\u00e9 ces derniers mois \u00e0 trouver sa place dans le championnat ultra [...]","og_url":"https:\/\/fr.motocrossmag.be\/index.php\/2016\/07\/conrad-mewse-seize-ans-et-plein-dambition\/","og_site_name":"Motocross - Enduro - Supermoto | MotocrossMag","article_published_time":"2016-07-05T16:38:55+00:00","og_image":[{"width":3888,"height":2592,"url":"https:\/\/fr.motocrossmag.be\/wp-content\/uploads\/2016\/07\/Conrad-Mewse-ITW.jpg","type":"image\/jpeg"}],"author":"fernand2","twitter_card":"summary_large_image","twitter_misc":{"\u00c9crit par":"fernand2","Dur\u00e9e de lecture estim\u00e9e":"7 minutes"},"schema":{"@context":"https:\/\/schema.org","@graph":[{"@type":"Article","@id":"https:\/\/fr.motocrossmag.be\/index.php\/2016\/07\/conrad-mewse-seize-ans-et-plein-dambition\/#article","isPartOf":{"@id":"https:\/\/fr.motocrossmag.be\/index.php\/2016\/07\/conrad-mewse-seize-ans-et-plein-dambition\/"},"author":{"name":"fernand2","@id":"https:\/\/fr.motocrossmag.be\/#\/schema\/person\/b1bd0a25696c3aeaac7fd5d92d4ed8f6"},"headline":"Conrad Mewse : seize ans&#8230; et plein d&rsquo;ambition!","datePublished":"2016-07-05T16:38:55+00:00","mainEntityOfPage":{"@id":"https:\/\/fr.motocrossmag.be\/index.php\/2016\/07\/conrad-mewse-seize-ans-et-plein-dambition\/"},"wordCount":1338,"commentCount":0,"image":{"@id":"https:\/\/fr.motocrossmag.be\/index.php\/2016\/07\/conrad-mewse-seize-ans-et-plein-dambition\/#primaryimage"},"thumbnailUrl":"https:\/\/fr.motocrossmag.be\/wp-content\/uploads\/2016\/07\/Conrad-Mewse-ITW.jpg","articleSection":["Actualit\u00e9","Interviews","Interviews -all","Motocross","Motocross MXGP","News","Slideshow"],"inLanguage":"fr-FR","potentialAction":[{"@type":"CommentAction","name":"Comment","target":["https:\/\/fr.motocrossmag.be\/index.php\/2016\/07\/conrad-mewse-seize-ans-et-plein-dambition\/#respond"]}]},{"@type":"WebPage","@id":"https:\/\/fr.motocrossmag.be\/index.php\/2016\/07\/conrad-mewse-seize-ans-et-plein-dambition\/","url":"https:\/\/fr.motocrossmag.be\/index.php\/2016\/07\/conrad-mewse-seize-ans-et-plein-dambition\/","name":"Conrad Mewse : seize ans... et plein d'ambition! - Motocross - Enduro - Supermoto | MotocrossMag","isPartOf":{"@id":"https:\/\/fr.motocrossmag.be\/#website"},"primaryImageOfPage":{"@id":"https:\/\/fr.motocrossmag.be\/index.php\/2016\/07\/conrad-mewse-seize-ans-et-plein-dambition\/#primaryimage"},"image":{"@id":"https:\/\/fr.motocrossmag.be\/index.php\/2016\/07\/conrad-mewse-seize-ans-et-plein-dambition\/#primaryimage"},"thumbnailUrl":"https:\/\/fr.motocrossmag.be\/wp-content\/uploads\/2016\/07\/Conrad-Mewse-ITW.jpg","datePublished":"2016-07-05T16:38:55+00:00","author":{"@id":"https:\/\/fr.motocrossmag.be\/#\/schema\/person\/b1bd0a25696c3aeaac7fd5d92d4ed8f6"},"breadcrumb":{"@id":"https:\/\/fr.motocrossmag.be\/index.php\/2016\/07\/conrad-mewse-seize-ans-et-plein-dambition\/#breadcrumb"},"inLanguage":"fr-FR","potentialAction":[{"@type":"ReadAction","target":["https:\/\/fr.motocrossmag.be\/index.php\/2016\/07\/conrad-mewse-seize-ans-et-plein-dambition\/"]}]},{"@type":"ImageObject","inLanguage":"fr-FR","@id":"https:\/\/fr.motocrossmag.be\/index.php\/2016\/07\/conrad-mewse-seize-ans-et-plein-dambition\/#primaryimage","url":"https:\/\/fr.motocrossmag.be\/wp-content\/uploads\/2016\/07\/Conrad-Mewse-ITW.jpg","contentUrl":"https:\/\/fr.motocrossmag.be\/wp-content\/uploads\/2016\/07\/Conrad-Mewse-ITW.jpg","width":3888,"height":2592},{"@type":"BreadcrumbList","@id":"https:\/\/fr.motocrossmag.be\/index.php\/2016\/07\/conrad-mewse-seize-ans-et-plein-dambition\/#breadcrumb","itemListElement":[{"@type":"ListItem","position":1,"name":"Accueil","item":"https:\/\/fr.motocrossmag.be\/"},{"@type":"ListItem","position":2,"name":"Conrad Mewse : seize ans&#8230; et plein d&rsquo;ambition!"}]},{"@type":"WebSite","@id":"https:\/\/fr.motocrossmag.be\/#website","url":"https:\/\/fr.motocrossmag.be\/","name":"Motocross - Enduro - Supermoto | MotocrossMag","description":"L&#039;actualit\u00e9 du motocross, de l&#039;enduro et du Supermoto en ligne!","potentialAction":[{"@type":"SearchAction","target":{"@type":"EntryPoint","urlTemplate":"https:\/\/fr.motocrossmag.be\/?s={search_term_string}"},"query-input":{"@type":"PropertyValueSpecification","valueRequired":true,"valueName":"search_term_string"}}],"inLanguage":"fr-FR"},{"@type":"Person","@id":"https:\/\/fr.motocrossmag.be\/#\/schema\/person\/b1bd0a25696c3aeaac7fd5d92d4ed8f6","name":"fernand2","image":{"@type":"ImageObject","inLanguage":"fr-FR","@id":"https:\/\/secure.gravatar.com\/avatar\/e48cfba345f89620e0c3f40fdfd6f6ef6bc1fbad5d0c3cd2555b4f39e37ef934?s=96&d=mm&r=g","url":"https:\/\/secure.gravatar.com\/avatar\/e48cfba345f89620e0c3f40fdfd6f6ef6bc1fbad5d0c3cd2555b4f39e37ef934?s=96&d=mm&r=g","contentUrl":"https:\/\/secure.gravatar.com\/avatar\/e48cfba345f89620e0c3f40fdfd6f6ef6bc1fbad5d0c3cd2555b4f39e37ef934?s=96&d=mm&r=g","caption":"fernand2"},"url":"https:\/\/fr.motocrossmag.be\/index.php\/author\/fernand2\/"}]}},"_links":{"self":[{"href":"https:\/\/fr.motocrossmag.be\/index.php\/wp-json\/wp\/v2\/posts\/48282","targetHints":{"allow":["GET"]}}],"collection":[{"href":"https:\/\/fr.motocrossmag.be\/index.php\/wp-json\/wp\/v2\/posts"}],"about":[{"href":"https:\/\/fr.motocrossmag.be\/index.php\/wp-json\/wp\/v2\/types\/post"}],"author":[{"embeddable":true,"href":"https:\/\/fr.motocrossmag.be\/index.php\/wp-json\/wp\/v2\/users\/898"}],"replies":[{"embeddable":true,"href":"https:\/\/fr.motocrossmag.be\/index.php\/wp-json\/wp\/v2\/comments?post=48282"}],"version-history":[{"count":1,"href":"https:\/\/fr.motocrossmag.be\/index.php\/wp-json\/wp\/v2\/posts\/48282\/revisions"}],"predecessor-version":[{"id":48287,"href":"https:\/\/fr.motocrossmag.be\/index.php\/wp-json\/wp\/v2\/posts\/48282\/revisions\/48287"}],"wp:featuredmedia":[{"embeddable":true,"href":"https:\/\/fr.motocrossmag.be\/index.php\/wp-json\/wp\/v2\/media\/48283"}],"wp:attachment":[{"href":"https:\/\/fr.motocrossmag.be\/index.php\/wp-json\/wp\/v2\/media?parent=48282"}],"wp:term":[{"taxonomy":"category","embeddable":true,"href":"https:\/\/fr.motocrossmag.be\/index.php\/wp-json\/wp\/v2\/categories?post=48282"},{"taxonomy":"post_tag","embeddable":true,"href":"https:\/\/fr.motocrossmag.be\/index.php\/wp-json\/wp\/v2\/tags?post=48282"}],"curies":[{"name":"wp","href":"https:\/\/api.w.org\/{rel}","templated":true}]}}