{"id":48754,"date":"2016-07-19T18:21:26","date_gmt":"2016-07-19T16:21:26","guid":{"rendered":"http:\/\/fr.motocrossmag.be\/?p=48754"},"modified":"2016-07-19T21:01:00","modified_gmt":"2016-07-19T19:01:00","slug":"valentin-guillod-completement-retabli-pour-loket","status":"publish","type":"post","link":"https:\/\/fr.motocrossmag.be\/index.php\/2016\/07\/valentin-guillod-completement-retabli-pour-loket\/","title":{"rendered":"Valentin Guillod compl\u00e8tement r\u00e9tabli pour Loket"},"content":{"rendered":"<p><strong>Valentin Guillod esp\u00e8re bien \u00eatre compl\u00e8tement gu\u00e9ri pour le GP de la R\u00e9publique Tch\u00e8que apr\u00e8s s\u2019\u00eatre coup\u00e9 \u00e0 la main droite voici une dizaine de jours sur le circuit de Lommel lors d&rsquo;un entra\u00eenement, coupure qui a n\u00e9cessit\u00e9 la pose d\u2019une vingtaine de points de suture.<\/strong><\/p>\n<p>\u00ab\u00a0C\u2019est vraiment r\u00e2lant et je ne suis toujours pas certain de ce qui a pu causer cette vilaine blessure mais nous pensons qu\u2019il doit s\u2019agir du frein avant\u00a0\u00bb a d\u00e9clar\u00e9 Guillod.\u00a0\u00bb J\u2019ai fait bien attention pour que la blessure ne s\u2019infecte pas et je suis bien s\u00fbr rest\u00e9 quelques jours sans rouler. Je suis remont\u00e9 sur la moto lors d\u2019une comp\u00e9tition pr\u00e8s de Gen\u00e8ve ce dernier week-end et tout s\u2019est bien pass\u00e9. Ce qui a rendu les choses compliqu\u00e9es, c\u2019est que c\u2019est une coupure tout pr\u00e8s du poignet, sur le dessus de la main, \u00e0 un endroit o\u00f9 la peau bouge beaucoup.\u00a0\u00bb<\/p>\n<p>Guillod, troisi\u00e8me du championnat du monde MX2 l\u2019an dernier, a attir\u00e9 l\u2019attention cette ann\u00e9e en se positionnant \u00e0 la septi\u00e8me place du classement provisoire du championnat MXGP et en se classant \u00e0 la troisi\u00e8me place d\u2019une manche courue \u00e0 Matterley Basin lors du GP de Grande-Bretagne. Le pilote suisse a semble-t-il attir\u00e9 un vif int\u00e9r\u00eat de deux teams d\u2019usine mais ses chances de courir une troisi\u00e8me saison sous les couleurs de Yamaha avec un soutien de l\u2019usine ont \u00e9t\u00e9 fortement mises en question apr\u00e8s la confirmation la semaine derni\u00e8re de ce que Jeremy Van Horebeek restera bien le co\u00e9quipier de Romain Febvre chez Monster Energy Yamaha l\u2019an prochain.<\/p>\n<div id=\"attachment_45362\" style=\"width: 809px\" class=\"wp-caption alignnone\"><a href=\"http:\/\/fr.motocrossmag.be\/wp-content\/uploads\/2016\/04\/Valentin-Guillod-Yves-Demaria.jpg\"><img decoding=\"async\" aria-describedby=\"caption-attachment-45362\" class=\"lazyload size-full wp-image-45362\" src=\"http:\/\/fr.motocrossmag.be\/wp-content\/uploads\/2016\/04\/Valentin-Guillod-Yves-Demaria.jpg\" data-orig-src=\"http:\/\/fr.motocrossmag.be\/wp-content\/uploads\/2016\/04\/Valentin-Guillod-Yves-Demaria.jpg\" alt=\"Valentin Guillod avec son mentor, Yves Demaria\" width=\"799\" height=\"532\" srcset=\"data:image\/svg+xml,%3Csvg%20xmlns%3D%27http%3A%2F%2Fwww.w3.org%2F2000%2Fsvg%27%20width%3D%27799%27%20height%3D%27532%27%20viewBox%3D%270%200%20799%20532%27%3E%3Crect%20width%3D%27799%27%20height%3D%27532%27%20fill-opacity%3D%220%22%2F%3E%3C%2Fsvg%3E\" data-srcset=\"https:\/\/fr.motocrossmag.be\/wp-content\/uploads\/2016\/04\/Valentin-Guillod-Yves-Demaria-650x433.jpg 650w, https:\/\/fr.motocrossmag.be\/wp-content\/uploads\/2016\/04\/Valentin-Guillod-Yves-Demaria.jpg 799w\" data-sizes=\"auto\" data-orig-sizes=\"(max-width: 799px) 100vw, 799px\" \/><\/a><p id=\"caption-attachment-45362\" class=\"wp-caption-text\">Valentin Guillod avec son mentor, Yves Demaria<\/p><\/div>\n<p>Evidemment, le team principal de Yamaha pourrait faire courir une troisi\u00e8me moto &#8211; ce qu\u2019il a d\u00e9j\u00e0 fait par le pass\u00e9 &#8211; mais Guillod n\u2019entretient pas une excellente relation avec le champion du monde en titre Romain Febvre et les deux pilotes se sont encore disput\u00e9s sur le circuit \u00e0 l\u2019occasion du GP de France. \u00ab\u00a0Pour le moment, je ne suis pas trop s\u00fbr de ce qui va se passer,\u00a0\u00bb a admis Guillod. \u00ab\u00a0L\u2019\u00e9l\u00e9ment positif, c\u2019est que j\u2019ai des autres offres \u00e0 examiner. J\u2019aime beaucoup Yamaha mais les deux places sont prises dans le team d\u2019usine et comme Kemea pourrait se concentrer exclusivement sur le MX2, il faut voir ce qui va se passer de ce c\u00f4t\u00e9-l\u00e0.\u00a0\u00bb<\/p>\n","protected":false},"excerpt":{"rendered":"<p>Valentin Guillod esp\u00e8re bien \u00eatre compl\u00e8tement gu\u00e9ri pour le GP de la R\u00e9publique Tch\u00e8que apr\u00e8s s\u2019\u00eatre coup\u00e9 \u00e0 la main droite voici une dizaine de jours sur le circuit de [&#8230;]<\/p>\n","protected":false},"author":898,"featured_media":43723,"comment_status":"open","ping_status":"closed","sticky":false,"template":"","format":"standard","meta":{"footnotes":""},"categories":[54,4,6,55,65],"tags":[],"class_list":["post-48754","post","type-post","status-publish","format-standard","has-post-thumbnail","hentry","category-actualite","category-motocross","category-mx1mx2","category-news-actualite","category-slideshow"],"yoast_head":"<!-- This site is optimized with the Yoast SEO plugin v27.4 - https:\/\/yoast.com\/product\/yoast-seo-wordpress\/ -->\n<title>Valentin Guillod compl\u00e8tement r\u00e9tabli pour Loket - Motocross - Enduro - Supermoto | MotocrossMag<\/title>\n<meta name=\"robots\" content=\"index, follow, max-snippet:-1, max-image-preview:large, max-video-preview:-1\" \/>\n<link rel=\"canonical\" href=\"https:\/\/fr.motocrossmag.be\/index.php\/2016\/07\/valentin-guillod-completement-retabli-pour-loket\/\" \/>\n<meta property=\"og:locale\" content=\"fr_FR\" \/>\n<meta property=\"og:type\" content=\"article\" \/>\n<meta property=\"og:title\" content=\"Valentin Guillod compl\u00e8tement r\u00e9tabli pour Loket - Motocross - Enduro - Supermoto | MotocrossMag\" \/>\n<meta property=\"og:description\" content=\"Valentin Guillod esp\u00e8re bien \u00eatre compl\u00e8tement gu\u00e9ri pour le GP de la R\u00e9publique Tch\u00e8que apr\u00e8s s\u2019\u00eatre coup\u00e9 \u00e0 la main droite voici une dizaine de jours sur le circuit de [...]\" \/>\n<meta property=\"og:url\" content=\"https:\/\/fr.motocrossmag.be\/index.php\/2016\/07\/valentin-guillod-completement-retabli-pour-loket\/\" \/>\n<meta property=\"og:site_name\" content=\"Motocross - Enduro - Supermoto | MotocrossMag\" \/>\n<meta property=\"article:published_time\" content=\"2016-07-19T16:21:26+00:00\" \/>\n<meta property=\"article:modified_time\" content=\"2016-07-19T19:01:00+00:00\" \/>\n<meta property=\"og:image\" content=\"https:\/\/fr.motocrossmag.be\/wp-content\/uploads\/2016\/03\/Guillod_DSC1323_S.jpg\" \/>\n\t<meta property=\"og:image:width\" content=\"1000\" \/>\n\t<meta property=\"og:image:height\" content=\"665\" \/>\n\t<meta property=\"og:image:type\" content=\"image\/jpeg\" \/>\n<meta name=\"author\" content=\"fernand2\" \/>\n<meta name=\"twitter:card\" content=\"summary_large_image\" \/>\n<meta name=\"twitter:label1\" content=\"\u00c9crit par\" \/>\n\t<meta name=\"twitter:data1\" content=\"fernand2\" \/>\n\t<meta name=\"twitter:label2\" content=\"Dur\u00e9e de lecture estim\u00e9e\" \/>\n\t<meta name=\"twitter:data2\" content=\"2 minutes\" \/>\n<script type=\"application\/ld+json\" class=\"yoast-schema-graph\">{\"@context\":\"https:\\\/\\\/schema.org\",\"@graph\":[{\"@type\":\"Article\",\"@id\":\"https:\\\/\\\/fr.motocrossmag.be\\\/index.php\\\/2016\\\/07\\\/valentin-guillod-completement-retabli-pour-loket\\\/#article\",\"isPartOf\":{\"@id\":\"https:\\\/\\\/fr.motocrossmag.be\\\/index.php\\\/2016\\\/07\\\/valentin-guillod-completement-retabli-pour-loket\\\/\"},\"author\":{\"name\":\"fernand2\",\"@id\":\"https:\\\/\\\/fr.motocrossmag.be\\\/#\\\/schema\\\/person\\\/b1bd0a25696c3aeaac7fd5d92d4ed8f6\"},\"headline\":\"Valentin Guillod compl\u00e8tement r\u00e9tabli pour Loket\",\"datePublished\":\"2016-07-19T16:21:26+00:00\",\"dateModified\":\"2016-07-19T19:01:00+00:00\",\"mainEntityOfPage\":{\"@id\":\"https:\\\/\\\/fr.motocrossmag.be\\\/index.php\\\/2016\\\/07\\\/valentin-guillod-completement-retabli-pour-loket\\\/\"},\"wordCount\":447,\"commentCount\":0,\"image\":{\"@id\":\"https:\\\/\\\/fr.motocrossmag.be\\\/index.php\\\/2016\\\/07\\\/valentin-guillod-completement-retabli-pour-loket\\\/#primaryimage\"},\"thumbnailUrl\":\"https:\\\/\\\/fr.motocrossmag.be\\\/wp-content\\\/uploads\\\/2016\\\/03\\\/Guillod_DSC1323_S.jpg\",\"articleSection\":[\"Actualit\u00e9\",\"Motocross\",\"Motocross MXGP\",\"News\",\"Slideshow\"],\"inLanguage\":\"fr-FR\",\"potentialAction\":[{\"@type\":\"CommentAction\",\"name\":\"Comment\",\"target\":[\"https:\\\/\\\/fr.motocrossmag.be\\\/index.php\\\/2016\\\/07\\\/valentin-guillod-completement-retabli-pour-loket\\\/#respond\"]}]},{\"@type\":\"WebPage\",\"@id\":\"https:\\\/\\\/fr.motocrossmag.be\\\/index.php\\\/2016\\\/07\\\/valentin-guillod-completement-retabli-pour-loket\\\/\",\"url\":\"https:\\\/\\\/fr.motocrossmag.be\\\/index.php\\\/2016\\\/07\\\/valentin-guillod-completement-retabli-pour-loket\\\/\",\"name\":\"Valentin Guillod compl\u00e8tement r\u00e9tabli pour Loket - Motocross - Enduro - Supermoto | MotocrossMag\",\"isPartOf\":{\"@id\":\"https:\\\/\\\/fr.motocrossmag.be\\\/#website\"},\"primaryImageOfPage\":{\"@id\":\"https:\\\/\\\/fr.motocrossmag.be\\\/index.php\\\/2016\\\/07\\\/valentin-guillod-completement-retabli-pour-loket\\\/#primaryimage\"},\"image\":{\"@id\":\"https:\\\/\\\/fr.motocrossmag.be\\\/index.php\\\/2016\\\/07\\\/valentin-guillod-completement-retabli-pour-loket\\\/#primaryimage\"},\"thumbnailUrl\":\"https:\\\/\\\/fr.motocrossmag.be\\\/wp-content\\\/uploads\\\/2016\\\/03\\\/Guillod_DSC1323_S.jpg\",\"datePublished\":\"2016-07-19T16:21:26+00:00\",\"dateModified\":\"2016-07-19T19:01:00+00:00\",\"author\":{\"@id\":\"https:\\\/\\\/fr.motocrossmag.be\\\/#\\\/schema\\\/person\\\/b1bd0a25696c3aeaac7fd5d92d4ed8f6\"},\"breadcrumb\":{\"@id\":\"https:\\\/\\\/fr.motocrossmag.be\\\/index.php\\\/2016\\\/07\\\/valentin-guillod-completement-retabli-pour-loket\\\/#breadcrumb\"},\"inLanguage\":\"fr-FR\",\"potentialAction\":[{\"@type\":\"ReadAction\",\"target\":[\"https:\\\/\\\/fr.motocrossmag.be\\\/index.php\\\/2016\\\/07\\\/valentin-guillod-completement-retabli-pour-loket\\\/\"]}]},{\"@type\":\"ImageObject\",\"inLanguage\":\"fr-FR\",\"@id\":\"https:\\\/\\\/fr.motocrossmag.be\\\/index.php\\\/2016\\\/07\\\/valentin-guillod-completement-retabli-pour-loket\\\/#primaryimage\",\"url\":\"https:\\\/\\\/fr.motocrossmag.be\\\/wp-content\\\/uploads\\\/2016\\\/03\\\/Guillod_DSC1323_S.jpg\",\"contentUrl\":\"https:\\\/\\\/fr.motocrossmag.be\\\/wp-content\\\/uploads\\\/2016\\\/03\\\/Guillod_DSC1323_S.jpg\",\"width\":1000,\"height\":665},{\"@type\":\"BreadcrumbList\",\"@id\":\"https:\\\/\\\/fr.motocrossmag.be\\\/index.php\\\/2016\\\/07\\\/valentin-guillod-completement-retabli-pour-loket\\\/#breadcrumb\",\"itemListElement\":[{\"@type\":\"ListItem\",\"position\":1,\"name\":\"Accueil\",\"item\":\"https:\\\/\\\/fr.motocrossmag.be\\\/\"},{\"@type\":\"ListItem\",\"position\":2,\"name\":\"Valentin Guillod compl\u00e8tement r\u00e9tabli pour Loket\"}]},{\"@type\":\"WebSite\",\"@id\":\"https:\\\/\\\/fr.motocrossmag.be\\\/#website\",\"url\":\"https:\\\/\\\/fr.motocrossmag.be\\\/\",\"name\":\"Motocross - Enduro - Supermoto | MotocrossMag\",\"description\":\"L&#039;actualit\u00e9 du motocross, de l&#039;enduro et du Supermoto en ligne!\",\"potentialAction\":[{\"@type\":\"SearchAction\",\"target\":{\"@type\":\"EntryPoint\",\"urlTemplate\":\"https:\\\/\\\/fr.motocrossmag.be\\\/?s={search_term_string}\"},\"query-input\":{\"@type\":\"PropertyValueSpecification\",\"valueRequired\":true,\"valueName\":\"search_term_string\"}}],\"inLanguage\":\"fr-FR\"},{\"@type\":\"Person\",\"@id\":\"https:\\\/\\\/fr.motocrossmag.be\\\/#\\\/schema\\\/person\\\/b1bd0a25696c3aeaac7fd5d92d4ed8f6\",\"name\":\"fernand2\",\"image\":{\"@type\":\"ImageObject\",\"inLanguage\":\"fr-FR\",\"@id\":\"https:\\\/\\\/secure.gravatar.com\\\/avatar\\\/e48cfba345f89620e0c3f40fdfd6f6ef6bc1fbad5d0c3cd2555b4f39e37ef934?s=96&d=mm&r=g\",\"url\":\"https:\\\/\\\/secure.gravatar.com\\\/avatar\\\/e48cfba345f89620e0c3f40fdfd6f6ef6bc1fbad5d0c3cd2555b4f39e37ef934?s=96&d=mm&r=g\",\"contentUrl\":\"https:\\\/\\\/secure.gravatar.com\\\/avatar\\\/e48cfba345f89620e0c3f40fdfd6f6ef6bc1fbad5d0c3cd2555b4f39e37ef934?s=96&d=mm&r=g\",\"caption\":\"fernand2\"},\"url\":\"https:\\\/\\\/fr.motocrossmag.be\\\/index.php\\\/author\\\/fernand2\\\/\"}]}<\/script>\n<!-- \/ Yoast SEO plugin. -->","yoast_head_json":{"title":"Valentin Guillod compl\u00e8tement r\u00e9tabli pour Loket - Motocross - Enduro - Supermoto | MotocrossMag","robots":{"index":"index","follow":"follow","max-snippet":"max-snippet:-1","max-image-preview":"max-image-preview:large","max-video-preview":"max-video-preview:-1"},"canonical":"https:\/\/fr.motocrossmag.be\/index.php\/2016\/07\/valentin-guillod-completement-retabli-pour-loket\/","og_locale":"fr_FR","og_type":"article","og_title":"Valentin Guillod compl\u00e8tement r\u00e9tabli pour Loket - Motocross - Enduro - Supermoto | MotocrossMag","og_description":"Valentin Guillod esp\u00e8re bien \u00eatre compl\u00e8tement gu\u00e9ri pour le GP de la R\u00e9publique Tch\u00e8que apr\u00e8s s\u2019\u00eatre coup\u00e9 \u00e0 la main droite voici une dizaine de jours sur le circuit de [...]","og_url":"https:\/\/fr.motocrossmag.be\/index.php\/2016\/07\/valentin-guillod-completement-retabli-pour-loket\/","og_site_name":"Motocross - Enduro - Supermoto | MotocrossMag","article_published_time":"2016-07-19T16:21:26+00:00","article_modified_time":"2016-07-19T19:01:00+00:00","og_image":[{"width":1000,"height":665,"url":"https:\/\/fr.motocrossmag.be\/wp-content\/uploads\/2016\/03\/Guillod_DSC1323_S.jpg","type":"image\/jpeg"}],"author":"fernand2","twitter_card":"summary_large_image","twitter_misc":{"\u00c9crit par":"fernand2","Dur\u00e9e de lecture estim\u00e9e":"2 minutes"},"schema":{"@context":"https:\/\/schema.org","@graph":[{"@type":"Article","@id":"https:\/\/fr.motocrossmag.be\/index.php\/2016\/07\/valentin-guillod-completement-retabli-pour-loket\/#article","isPartOf":{"@id":"https:\/\/fr.motocrossmag.be\/index.php\/2016\/07\/valentin-guillod-completement-retabli-pour-loket\/"},"author":{"name":"fernand2","@id":"https:\/\/fr.motocrossmag.be\/#\/schema\/person\/b1bd0a25696c3aeaac7fd5d92d4ed8f6"},"headline":"Valentin Guillod compl\u00e8tement r\u00e9tabli pour Loket","datePublished":"2016-07-19T16:21:26+00:00","dateModified":"2016-07-19T19:01:00+00:00","mainEntityOfPage":{"@id":"https:\/\/fr.motocrossmag.be\/index.php\/2016\/07\/valentin-guillod-completement-retabli-pour-loket\/"},"wordCount":447,"commentCount":0,"image":{"@id":"https:\/\/fr.motocrossmag.be\/index.php\/2016\/07\/valentin-guillod-completement-retabli-pour-loket\/#primaryimage"},"thumbnailUrl":"https:\/\/fr.motocrossmag.be\/wp-content\/uploads\/2016\/03\/Guillod_DSC1323_S.jpg","articleSection":["Actualit\u00e9","Motocross","Motocross MXGP","News","Slideshow"],"inLanguage":"fr-FR","potentialAction":[{"@type":"CommentAction","name":"Comment","target":["https:\/\/fr.motocrossmag.be\/index.php\/2016\/07\/valentin-guillod-completement-retabli-pour-loket\/#respond"]}]},{"@type":"WebPage","@id":"https:\/\/fr.motocrossmag.be\/index.php\/2016\/07\/valentin-guillod-completement-retabli-pour-loket\/","url":"https:\/\/fr.motocrossmag.be\/index.php\/2016\/07\/valentin-guillod-completement-retabli-pour-loket\/","name":"Valentin Guillod compl\u00e8tement r\u00e9tabli pour Loket - Motocross - Enduro - Supermoto | MotocrossMag","isPartOf":{"@id":"https:\/\/fr.motocrossmag.be\/#website"},"primaryImageOfPage":{"@id":"https:\/\/fr.motocrossmag.be\/index.php\/2016\/07\/valentin-guillod-completement-retabli-pour-loket\/#primaryimage"},"image":{"@id":"https:\/\/fr.motocrossmag.be\/index.php\/2016\/07\/valentin-guillod-completement-retabli-pour-loket\/#primaryimage"},"thumbnailUrl":"https:\/\/fr.motocrossmag.be\/wp-content\/uploads\/2016\/03\/Guillod_DSC1323_S.jpg","datePublished":"2016-07-19T16:21:26+00:00","dateModified":"2016-07-19T19:01:00+00:00","author":{"@id":"https:\/\/fr.motocrossmag.be\/#\/schema\/person\/b1bd0a25696c3aeaac7fd5d92d4ed8f6"},"breadcrumb":{"@id":"https:\/\/fr.motocrossmag.be\/index.php\/2016\/07\/valentin-guillod-completement-retabli-pour-loket\/#breadcrumb"},"inLanguage":"fr-FR","potentialAction":[{"@type":"ReadAction","target":["https:\/\/fr.motocrossmag.be\/index.php\/2016\/07\/valentin-guillod-completement-retabli-pour-loket\/"]}]},{"@type":"ImageObject","inLanguage":"fr-FR","@id":"https:\/\/fr.motocrossmag.be\/index.php\/2016\/07\/valentin-guillod-completement-retabli-pour-loket\/#primaryimage","url":"https:\/\/fr.motocrossmag.be\/wp-content\/uploads\/2016\/03\/Guillod_DSC1323_S.jpg","contentUrl":"https:\/\/fr.motocrossmag.be\/wp-content\/uploads\/2016\/03\/Guillod_DSC1323_S.jpg","width":1000,"height":665},{"@type":"BreadcrumbList","@id":"https:\/\/fr.motocrossmag.be\/index.php\/2016\/07\/valentin-guillod-completement-retabli-pour-loket\/#breadcrumb","itemListElement":[{"@type":"ListItem","position":1,"name":"Accueil","item":"https:\/\/fr.motocrossmag.be\/"},{"@type":"ListItem","position":2,"name":"Valentin Guillod compl\u00e8tement r\u00e9tabli pour Loket"}]},{"@type":"WebSite","@id":"https:\/\/fr.motocrossmag.be\/#website","url":"https:\/\/fr.motocrossmag.be\/","name":"Motocross - Enduro - Supermoto | MotocrossMag","description":"L&#039;actualit\u00e9 du motocross, de l&#039;enduro et du Supermoto en ligne!","potentialAction":[{"@type":"SearchAction","target":{"@type":"EntryPoint","urlTemplate":"https:\/\/fr.motocrossmag.be\/?s={search_term_string}"},"query-input":{"@type":"PropertyValueSpecification","valueRequired":true,"valueName":"search_term_string"}}],"inLanguage":"fr-FR"},{"@type":"Person","@id":"https:\/\/fr.motocrossmag.be\/#\/schema\/person\/b1bd0a25696c3aeaac7fd5d92d4ed8f6","name":"fernand2","image":{"@type":"ImageObject","inLanguage":"fr-FR","@id":"https:\/\/secure.gravatar.com\/avatar\/e48cfba345f89620e0c3f40fdfd6f6ef6bc1fbad5d0c3cd2555b4f39e37ef934?s=96&d=mm&r=g","url":"https:\/\/secure.gravatar.com\/avatar\/e48cfba345f89620e0c3f40fdfd6f6ef6bc1fbad5d0c3cd2555b4f39e37ef934?s=96&d=mm&r=g","contentUrl":"https:\/\/secure.gravatar.com\/avatar\/e48cfba345f89620e0c3f40fdfd6f6ef6bc1fbad5d0c3cd2555b4f39e37ef934?s=96&d=mm&r=g","caption":"fernand2"},"url":"https:\/\/fr.motocrossmag.be\/index.php\/author\/fernand2\/"}]}},"_links":{"self":[{"href":"https:\/\/fr.motocrossmag.be\/index.php\/wp-json\/wp\/v2\/posts\/48754","targetHints":{"allow":["GET"]}}],"collection":[{"href":"https:\/\/fr.motocrossmag.be\/index.php\/wp-json\/wp\/v2\/posts"}],"about":[{"href":"https:\/\/fr.motocrossmag.be\/index.php\/wp-json\/wp\/v2\/types\/post"}],"author":[{"embeddable":true,"href":"https:\/\/fr.motocrossmag.be\/index.php\/wp-json\/wp\/v2\/users\/898"}],"replies":[{"embeddable":true,"href":"https:\/\/fr.motocrossmag.be\/index.php\/wp-json\/wp\/v2\/comments?post=48754"}],"version-history":[{"count":2,"href":"https:\/\/fr.motocrossmag.be\/index.php\/wp-json\/wp\/v2\/posts\/48754\/revisions"}],"predecessor-version":[{"id":48757,"href":"https:\/\/fr.motocrossmag.be\/index.php\/wp-json\/wp\/v2\/posts\/48754\/revisions\/48757"}],"wp:featuredmedia":[{"embeddable":true,"href":"https:\/\/fr.motocrossmag.be\/index.php\/wp-json\/wp\/v2\/media\/43723"}],"wp:attachment":[{"href":"https:\/\/fr.motocrossmag.be\/index.php\/wp-json\/wp\/v2\/media?parent=48754"}],"wp:term":[{"taxonomy":"category","embeddable":true,"href":"https:\/\/fr.motocrossmag.be\/index.php\/wp-json\/wp\/v2\/categories?post=48754"},{"taxonomy":"post_tag","embeddable":true,"href":"https:\/\/fr.motocrossmag.be\/index.php\/wp-json\/wp\/v2\/tags?post=48754"}],"curies":[{"name":"wp","href":"https:\/\/api.w.org\/{rel}","templated":true}]}}