{"id":49013,"date":"2016-07-25T14:53:03","date_gmt":"2016-07-25T12:53:03","guid":{"rendered":"http:\/\/fr.motocrossmag.be\/?p=49013"},"modified":"2016-07-25T15:10:47","modified_gmt":"2016-07-25T13:10:47","slug":"gp-de-la-republique-tcheque-les-reactions-des-pilotes-2","status":"publish","type":"post","link":"https:\/\/fr.motocrossmag.be\/index.php\/2016\/07\/gp-de-la-republique-tcheque-les-reactions-des-pilotes-2\/","title":{"rendered":"GP de la R\u00e9publique Tch\u00e8que &#8211; Les r\u00e9actions des pilotes"},"content":{"rendered":"<p><strong>Les pilotes du championnat MXGP et MX2 reprenaient le collier ce week-end \u00e0 Loket en R\u00e9publique Tch\u00e8que et on peut dire que nonobstant la victoire de Max Nagl, sa premi\u00e8re cette saison, rien n\u2019a vraiment chang\u00e9 en ce qui concerne la course au titre. En effet, gr\u00e2ce \u00e0 sa deuxi\u00e8me place, Tim Gajser consolide son avance au classement provisoire. Romain Febvre a bien roul\u00e9 pour sa rentr\u00e9e mais il n\u2019a pu faire mieux que troisi\u00e8me tandis que l\u2019ancien champion du monde Toni Cairoli termine septi\u00e8me malgr\u00e9 son changement de cylindr\u00e9e. On notera enfin les quatri\u00e8me et cinqui\u00e8me places de Cl\u00e9ment Desalle et de Jeremy Van Horebeek, Strijbos ne confirmant pas avec sa onzi\u00e8me place son excellent r\u00e9sultat dans la manche qualificative (2\u00e8me).<\/strong><\/p>\n<p>En MX2, le chat Herlings bless\u00e9, les souris ont pu danser et c\u2018est ce qu\u2019a fait Dylan Ferrandis en remportant les deux manches devant Jeremy Seewer et Max Anstie qui terminent \u00e0 \u00e9galit\u00e9 de points.<\/p>\n<p>Rendez-vous le week-end prochain dans le sable profond de Lommel.<\/p>\n<p><strong>MXGP<\/strong><\/p>\n<p><strong>Max Nagl<\/strong> (1er):\u00a0\u00ab\u00a0C\u2019\u00e9tait un super GP pour nous! Bien que je n\u2019avais que la quatorzi\u00e8me place sur la grille, je suis parvenu \u00e0 prendre deux excellents d\u00e9parts. Dans la premi\u00e8re manche, j\u2019ai rapidement d\u00e9pass\u00e9 Gautier Paulin pour prendre la t\u00eate puis j\u2019ai pouss\u00e9 fort, sachant que Tim Gajser \u00e9tait derri\u00e8re moi. Je voulais absolument \u00e9viter qu\u2019il me d\u00e9passe et c\u2019est ainsi que j\u2019ai tout donn\u00e9 pour rester devant jusqu\u2019au bout. Dans la seconde manche, Tim a pris la t\u00eate d\u00e8s le d\u00e9part et j\u2019\u00e9tais troisi\u00e8me derri\u00e8re Butron. je l\u2019ai rapidement d\u00e9pass\u00e9 puis j\u2019ai effectu\u00e9 quelques tours rapides pour combler le trou avec Tim. Mon id\u00e9e \u00e9tait de lui mettre la pression et c\u2019est effectivement ce qui est arriv\u00e9. Il a commis une erreur quelques tours avant la fin et je suis pass\u00e9. Remporter deux manches pour ma premi\u00e8re victoire au g\u00e9n\u00e9ral cette saison, c\u2019est fantastique. C\u2019est une bonne chose pour le team et cela va me donner encore plus confiance pour la suite. Je veux savourer ce moment et cette victoire mais je suis impatient de me retrouver \u00e0 Lommel pour le prochain GP.\u00a0\u00bb<\/p>\n<div id=\"attachment_49014\" style=\"width: 3898px\" class=\"wp-caption alignnone\"><a href=\"http:\/\/fr.motocrossmag.be\/wp-content\/uploads\/2016\/07\/Max-Nagl-Loket.jpg\"><img decoding=\"async\" aria-describedby=\"caption-attachment-49014\" class=\"lazyload size-full wp-image-49014\" src=\"http:\/\/fr.motocrossmag.be\/wp-content\/uploads\/2016\/07\/Max-Nagl-Loket.jpg\" data-orig-src=\"http:\/\/fr.motocrossmag.be\/wp-content\/uploads\/2016\/07\/Max-Nagl-Loket.jpg\" alt=\"Max Nagl : une premi\u00e8re victoire cette saison\" width=\"3888\" height=\"2592\" srcset=\"data:image\/svg+xml,%3Csvg%20xmlns%3D%27http%3A%2F%2Fwww.w3.org%2F2000%2Fsvg%27%20width%3D%273888%27%20height%3D%272592%27%20viewBox%3D%270%200%203888%202592%27%3E%3Crect%20width%3D%273888%27%20height%3D%272592%27%20fill-opacity%3D%220%22%2F%3E%3C%2Fsvg%3E\" data-srcset=\"https:\/\/fr.motocrossmag.be\/wp-content\/uploads\/2016\/07\/Max-Nagl-Loket-650x433.jpg 650w, https:\/\/fr.motocrossmag.be\/wp-content\/uploads\/2016\/07\/Max-Nagl-Loket-1024x683.jpg 1024w, https:\/\/fr.motocrossmag.be\/wp-content\/uploads\/2016\/07\/Max-Nagl-Loket.jpg 3888w\" data-sizes=\"auto\" data-orig-sizes=\"(max-width: 3888px) 100vw, 3888px\" \/><\/a><p id=\"caption-attachment-49014\" class=\"wp-caption-text\">Max Nagl : une premi\u00e8re victoire cette saison en MXGP<\/p><\/div>\n<p><strong>Tim Gajser<\/strong> (2\u00e8me): \u00abCela n\u2019a pas \u00e9t\u00e9 un mauvais week-end. Je suis un peu d\u00e9\u00e7u de n\u2019avoir pas remport\u00e9 le GP car jusqu\u2019\u00e0 la fin de la deuxi\u00e8me manche, cela restait possible.\u00a0 Ceci dit, engranger un maximum de points, ce n\u2019est pas n\u00e9gligeable. Dans la seconde manche, j\u2019ai r\u00e9alis\u00e9 le holeshot &#8211; je suis d\u2019ailleurs content de mes d\u00e9parts et de mon pilotage ce week-end &#8211; mais cinq minutes avant la fin, j\u2019ai commis une petite erreur et je me suis retrouv\u00e9 par terre. Max m\u2019a alors d\u00e9pass\u00e9 et j\u2019ai d\u00e9cid\u00e9 de me contenter de la deuxi\u00e8me place car en essayant de revenir sur lui, je commettais de plus en plus d\u2019erreurs. Le circuit \u00e9tait bossel\u00e9 et pi\u00e9geux aujourd\u2019hui et la pluie qui est tomb\u00e9e dans la seconde manche n\u2019a \u00e9videmment rien arrang\u00e9. Le circuit ne permettait pas la moindre erreur et il fallait faire attention. Je suppose que j\u2019attaquais trop lorsque je suis tomb\u00e9. Je suis quand m\u00eame heureux d\u2019\u00eatre \u00e0 nouveau sur le podium.\u00a0\u00bb<\/p>\n<div id=\"attachment_49015\" style=\"width: 1290px\" class=\"wp-caption alignnone\"><a href=\"http:\/\/fr.motocrossmag.be\/wp-content\/uploads\/2016\/07\/Tim-Gajser-Loket.jpg\"><img decoding=\"async\" aria-describedby=\"caption-attachment-49015\" class=\"lazyload size-full wp-image-49015\" src=\"http:\/\/fr.motocrossmag.be\/wp-content\/uploads\/2016\/07\/Tim-Gajser-Loket.jpg\" data-orig-src=\"http:\/\/fr.motocrossmag.be\/wp-content\/uploads\/2016\/07\/Tim-Gajser-Loket.jpg\" alt=\"Tim Gajser : il consolide sa place de leader au classement provisoire\" width=\"1280\" height=\"852\" srcset=\"data:image\/svg+xml,%3Csvg%20xmlns%3D%27http%3A%2F%2Fwww.w3.org%2F2000%2Fsvg%27%20width%3D%271280%27%20height%3D%27852%27%20viewBox%3D%270%200%201280%20852%27%3E%3Crect%20width%3D%271280%27%20height%3D%27852%27%20fill-opacity%3D%220%22%2F%3E%3C%2Fsvg%3E\" data-srcset=\"https:\/\/fr.motocrossmag.be\/wp-content\/uploads\/2016\/07\/Tim-Gajser-Loket-650x433.jpg 650w, https:\/\/fr.motocrossmag.be\/wp-content\/uploads\/2016\/07\/Tim-Gajser-Loket-1024x682.jpg 1024w, https:\/\/fr.motocrossmag.be\/wp-content\/uploads\/2016\/07\/Tim-Gajser-Loket.jpg 1280w\" data-sizes=\"auto\" data-orig-sizes=\"(max-width: 1280px) 100vw, 1280px\" \/><\/a><p id=\"caption-attachment-49015\" class=\"wp-caption-text\">Tim Gajser : il consolide sa place de leader au classement provisoire<\/p><\/div>\n<p><strong>Romain Febvre<\/strong> (3\u00e8me): \u00ab\u00a0Une chose est s\u00fbre, c\u2019est que je suis content de me retrouver \u00e0 nouveau sur ma moto et de pouvoir faire \u00e0 nouveau de la comp\u00e9tition. J\u2019ai \u00e9t\u00e9 absent presqu\u2019un mois apr\u00e8s mon accident en Angleterre et je n\u2019ai pas pu m\u2019entra\u00eener durant cette p\u00e9riode car il fallait que je sois compl\u00e8tement r\u00e9tabli avant de remonter sur la moto. Je me sens bien physiquement mais mon temps de r\u00e9action entre ma vision et mon cerveau devait \u00eatre mis au repos et surveill\u00e9 afin de pouvoir revenir. Je suis maintenant \u00e0 100% et le r\u00e9sultat que j\u2019ai obtenu aujourd\u2019hui me satisfait pleinement. Il faisait tr\u00e8s glissant aujourd\u2019hui car le sol ici est dur et il a plu un peu aujourd\u2019hui. La semaine prochaine, nous serons dans le sable lourd de Lommel et ce sera un GP diff\u00e9rent en Belgique.\u00bb<\/p>\n<div id=\"attachment_49017\" style=\"width: 1001px\" class=\"wp-caption alignnone\"><a href=\"http:\/\/fr.motocrossmag.be\/wp-content\/uploads\/2016\/07\/Romain-Febvre-Loket.jpg\"><img decoding=\"async\" aria-describedby=\"caption-attachment-49017\" class=\"lazyload size-full wp-image-49017\" src=\"http:\/\/fr.motocrossmag.be\/wp-content\/uploads\/2016\/07\/Romain-Febvre-Loket.jpg\" data-orig-src=\"http:\/\/fr.motocrossmag.be\/wp-content\/uploads\/2016\/07\/Romain-Febvre-Loket.jpg\" alt=\"Romain Febvre: ses ennuis de sant\u00e9 sont oubli\u00e9s\" width=\"991\" height=\"659\" srcset=\"data:image\/svg+xml,%3Csvg%20xmlns%3D%27http%3A%2F%2Fwww.w3.org%2F2000%2Fsvg%27%20width%3D%27991%27%20height%3D%27659%27%20viewBox%3D%270%200%20991%20659%27%3E%3Crect%20width%3D%27991%27%20height%3D%27659%27%20fill-opacity%3D%220%22%2F%3E%3C%2Fsvg%3E\" data-srcset=\"https:\/\/fr.motocrossmag.be\/wp-content\/uploads\/2016\/07\/Romain-Febvre-Loket-650x432.jpg 650w, https:\/\/fr.motocrossmag.be\/wp-content\/uploads\/2016\/07\/Romain-Febvre-Loket.jpg 991w\" data-sizes=\"auto\" data-orig-sizes=\"(max-width: 991px) 100vw, 991px\" \/><\/a><p id=\"caption-attachment-49017\" class=\"wp-caption-text\">Romain Febvre: ses ennuis de sant\u00e9 sont oubli\u00e9s&#8230;<\/p><\/div>\n<p><strong>Cl\u00e9ment Desalle<\/strong> (4\u00e8me): \u00ab\u00a0Ce n\u2019est pas difficile de raconter mon week-end: j\u2019ai rat\u00e9 mes d\u00e9parts et il a fallu que j\u2019effectue de nombreux d\u00e9passements pour revenir dans le top cinq. C\u2019est d\u2019autant plus dommage que j\u2019avais termin\u00e9 troisi\u00e8me de la manche qualificative. Dans la premi\u00e8re manche, j\u2019ai effectu\u00e9 quelques bons d\u00e9passements dans les premiers virages pour remonter dans le top-dix puis je n\u2019ai pas arr\u00eat\u00e9 de pousser pour finir cinqui\u00e8me. Mon d\u00e9part a \u00e9t\u00e9 un peu meilleur dans la seconde manche et j\u2019ai pu remonter \u00e0 la quatri\u00e8me place. Mon r\u00e9sultat final n\u2019est pas si mauvais si on consid\u00e8re ma mauvaise place dans le premier virage. Nous avons effectu\u00e9 des tests durant la pause estivale et nous avons ainsi pu am\u00e9liorer les r\u00e9glages; je sais aussi que je peux continuer \u00e0 progresser. Le week-end prochain, le GP aura lieu chez moi et ce sera agr\u00e9able de retrouver mes supporters.\u00a0\u00bb<\/p>\n<div id=\"attachment_49018\" style=\"width: 685px\" class=\"wp-caption alignnone\"><a href=\"http:\/\/fr.motocrossmag.be\/wp-content\/uploads\/2016\/07\/Cl\u00e9ment-Desalle-Loket.jpg\"><img decoding=\"async\" aria-describedby=\"caption-attachment-49018\" class=\"lazyload size-full wp-image-49018\" src=\"http:\/\/fr.motocrossmag.be\/wp-content\/uploads\/2016\/07\/Cl\u00e9ment-Desalle-Loket.jpg\" data-orig-src=\"http:\/\/fr.motocrossmag.be\/wp-content\/uploads\/2016\/07\/Cl\u00e9ment-Desalle-Loket.jpg\" alt=\"Cl\u00e9ment Desalle: une histoire de d\u00e9parts rat\u00e9s et de courses-poursuites...\" width=\"675\" height=\"450\" srcset=\"data:image\/svg+xml,%3Csvg%20xmlns%3D%27http%3A%2F%2Fwww.w3.org%2F2000%2Fsvg%27%20width%3D%27675%27%20height%3D%27450%27%20viewBox%3D%270%200%20675%20450%27%3E%3Crect%20width%3D%27675%27%20height%3D%27450%27%20fill-opacity%3D%220%22%2F%3E%3C%2Fsvg%3E\" data-srcset=\"https:\/\/fr.motocrossmag.be\/wp-content\/uploads\/2016\/07\/Cl\u00e9ment-Desalle-Loket-650x433.jpg 650w, https:\/\/fr.motocrossmag.be\/wp-content\/uploads\/2016\/07\/Cl\u00e9ment-Desalle-Loket.jpg 675w\" data-sizes=\"auto\" data-orig-sizes=\"(max-width: 675px) 100vw, 675px\" \/><\/a><p id=\"caption-attachment-49018\" class=\"wp-caption-text\">Cl\u00e9ment Desalle: une histoire de d\u00e9parts rat\u00e9s et de courses-poursuites&#8230;<\/p><\/div>\n<p><strong>Jeremy Van Horebeek<\/strong> (\u00ab5\u00e8me): \u00ab\u00a0Dans la premi\u00e8re manche, j\u2019ai r\u00e9ussi un de mes meilleurs d\u00e9parts de la saison. Dans la deuxi\u00e8me manche, par contre, j\u2019\u00e9tais quatorzi\u00e8me dans le premier tour et \u00e0 cause de l\u2019humidit\u00e9, mes lunettes \u00e9taient pleines de bu\u00e9e de sorte que j\u2019ai d\u00e9cid\u00e9 de me contenter de ma cinqui\u00e8me place afin de ne pas prendre trop de risques. C\u2019est un peu dommage mais nous allons dans la bonne direction et nous sommes tous les deux dans le top-cinq, ce qui constitue un bon r\u00e9sultat pour le team.\u00a0\u00bb<\/p>\n<div id=\"attachment_49019\" style=\"width: 1001px\" class=\"wp-caption alignnone\"><a href=\"http:\/\/fr.motocrossmag.be\/wp-content\/uploads\/2016\/07\/Jeremy-Van-Horebeek-Loket.jpg\"><img decoding=\"async\" aria-describedby=\"caption-attachment-49019\" class=\"lazyload size-full wp-image-49019\" src=\"http:\/\/fr.motocrossmag.be\/wp-content\/uploads\/2016\/07\/Jeremy-Van-Horebeek-Loket.jpg\" data-orig-src=\"http:\/\/fr.motocrossmag.be\/wp-content\/uploads\/2016\/07\/Jeremy-Van-Horebeek-Loket.jpg\" alt=\"Jeremy Van Horebeek \" width=\"991\" height=\"659\" srcset=\"data:image\/svg+xml,%3Csvg%20xmlns%3D%27http%3A%2F%2Fwww.w3.org%2F2000%2Fsvg%27%20width%3D%27991%27%20height%3D%27659%27%20viewBox%3D%270%200%20991%20659%27%3E%3Crect%20width%3D%27991%27%20height%3D%27659%27%20fill-opacity%3D%220%22%2F%3E%3C%2Fsvg%3E\" data-srcset=\"https:\/\/fr.motocrossmag.be\/wp-content\/uploads\/2016\/07\/Jeremy-Van-Horebeek-Loket-650x432.jpg 650w, https:\/\/fr.motocrossmag.be\/wp-content\/uploads\/2016\/07\/Jeremy-Van-Horebeek-Loket.jpg 991w\" data-sizes=\"auto\" data-orig-sizes=\"(max-width: 991px) 100vw, 991px\" \/><\/a><p id=\"caption-attachment-49019\" class=\"wp-caption-text\">Jeremy Van Horebeek: un bon week-end \u00e0 Loket&#8230;<\/p><\/div>\n<p><strong>Jordi Tixier<\/strong> (6\u00e8me): \u00ab\u00a0 Je suis satisfait de ce bon r\u00e9sultat car cela montre que nous faisons du bon boulot. J\u2019avais r\u00e9ussi un tr\u00e8s bon r\u00e9sultat dans la manche qualificative avec une seconde place et la vitesse est donc bien l\u00e0 m\u00eame si j\u2019ai commis quelques erreurs en qualification. Je ne suis jamais parti dans les quinze premiers aujourd\u2019hui et il va falloir que nous travaillions ce point m\u00eame si je suis parvenu aujourd\u2019hui \u00e0 remonter \u00e0 la huiti\u00e8me puis \u00e0 la sixi\u00e8me place. Dans la premi\u00e8re manche, je ne suis pas parvenu \u00e0 garder le rythme dans les dix derni\u00e8res minutes et j\u2019ai perdu une place mais dans la seconde manche, j\u2019\u00e9tais plus costaud. C\u2019est certain que le circuit \u00e9tait glissant apr\u00e8s la pluie mais ce n\u2019\u00e9tait pas un probl\u00e8me lorsqu\u2019il pleuvait. Nous allons maintenant aller en Belgique; nous avons d\u00e9j\u00e0 travaill\u00e9 sur la moto pour la pr\u00e9parer pour le sable.\u00a0\u00bb<\/p>\n<div id=\"attachment_49020\" style=\"width: 685px\" class=\"wp-caption alignnone\"><a href=\"http:\/\/fr.motocrossmag.be\/wp-content\/uploads\/2016\/07\/Jordi-Tixier-Loket.jpg\"><img decoding=\"async\" aria-describedby=\"caption-attachment-49020\" class=\"lazyload size-full wp-image-49020\" src=\"http:\/\/fr.motocrossmag.be\/wp-content\/uploads\/2016\/07\/Jordi-Tixier-Loket.jpg\" data-orig-src=\"http:\/\/fr.motocrossmag.be\/wp-content\/uploads\/2016\/07\/Jordi-Tixier-Loket.jpg\" alt=\"Jordi Tixier\" width=\"675\" height=\"450\" srcset=\"data:image\/svg+xml,%3Csvg%20xmlns%3D%27http%3A%2F%2Fwww.w3.org%2F2000%2Fsvg%27%20width%3D%27675%27%20height%3D%27450%27%20viewBox%3D%270%200%20675%20450%27%3E%3Crect%20width%3D%27675%27%20height%3D%27450%27%20fill-opacity%3D%220%22%2F%3E%3C%2Fsvg%3E\" data-srcset=\"https:\/\/fr.motocrossmag.be\/wp-content\/uploads\/2016\/07\/Jordi-Tixier-Loket-650x433.jpg 650w, https:\/\/fr.motocrossmag.be\/wp-content\/uploads\/2016\/07\/Jordi-Tixier-Loket.jpg 675w\" data-sizes=\"auto\" data-orig-sizes=\"(max-width: 675px) 100vw, 675px\" \/><\/a><p id=\"caption-attachment-49020\" class=\"wp-caption-text\">Jordi Tixier: un beau r\u00e9sultat malgr\u00e9 des d\u00e9parts rat\u00e9s&#8230;<\/p><\/div>\n<p><strong>\u00a0Tommy Searle<\/strong> (8\u00e8me): \u00ab\u00a0Nous n\u2019avons pas vraiment arr\u00eat\u00e9 de rouler durant le mois \u00e9coul\u00e9 car il y avait des \u00e9preuves du championnat de Grande-Bretagne. La saison est longue et nous partons maintenant pour la Belgique. Ce week-end n\u2019a pas \u00e9t\u00e9 mauvais en ce qui me concerne puisque je r\u00e9ussis deux places dans le top-dix. Mes d\u00e9parts n\u2019ont pas \u00e9t\u00e9 trop mauvais; je me suis bien extrait de la grille mais c\u2019est vrai qu\u2018il n\u2019\u00e9tait pas facile de se frayer un passage dans le premier virage. Nous avons fait notre possible et cela faisait un bout de temps que je n\u2019avais pas r\u00e9ussi un r\u00e9sultat aussi consistant. J\u2019ai effectu\u00e9 de beaux d\u00e9passements, ce qui n\u2019\u00e9tait pas facile sur ce circuit avec en plus, des courses tr\u00e8s serr\u00e9es.\u00a0\u00bb<\/p>\n<div id=\"attachment_49021\" style=\"width: 685px\" class=\"wp-caption alignnone\"><a href=\"http:\/\/fr.motocrossmag.be\/wp-content\/uploads\/2016\/07\/Tommy-Searle-Loket.jpg\"><img decoding=\"async\" aria-describedby=\"caption-attachment-49021\" class=\"lazyload size-full wp-image-49021\" src=\"http:\/\/fr.motocrossmag.be\/wp-content\/uploads\/2016\/07\/Tommy-Searle-Loket.jpg\" data-orig-src=\"http:\/\/fr.motocrossmag.be\/wp-content\/uploads\/2016\/07\/Tommy-Searle-Loket.jpg\" alt=\"Tommy Searle : retour dans le top-dix p\" width=\"675\" height=\"450\" srcset=\"data:image\/svg+xml,%3Csvg%20xmlns%3D%27http%3A%2F%2Fwww.w3.org%2F2000%2Fsvg%27%20width%3D%27675%27%20height%3D%27450%27%20viewBox%3D%270%200%20675%20450%27%3E%3Crect%20width%3D%27675%27%20height%3D%27450%27%20fill-opacity%3D%220%22%2F%3E%3C%2Fsvg%3E\" data-srcset=\"https:\/\/fr.motocrossmag.be\/wp-content\/uploads\/2016\/07\/Tommy-Searle-Loket-650x433.jpg 650w, https:\/\/fr.motocrossmag.be\/wp-content\/uploads\/2016\/07\/Tommy-Searle-Loket.jpg 675w\" data-sizes=\"auto\" data-orig-sizes=\"(max-width: 675px) 100vw, 675px\" \/><\/a><p id=\"caption-attachment-49021\" class=\"wp-caption-text\">Tommy Searle : retour dans le top-dix p<\/p><\/div>\n<p><strong>Evgeny Bobryshev<\/strong> (9\u00e8me): \u00ab\u00a0Ce n\u2019est pas un r\u00e9sultat auquel je suis habitu\u00e9 car je suis tomb\u00e9 trop souvent. D\u2019abord, j\u2019ai connu de mauvais d\u00e9parts. Dans la premi\u00e8re manche, une chute m\u2019a fait redescendre de la septi\u00e8me \u00e0 la quinzi\u00e8me place en me faisant perdre \u00e9norm\u00e9ment de terrain. Terminer douzi\u00e8me, c\u2019\u00e9tait d\u00e9cevant mais pour la deuxi\u00e8me manche, nous avons modifi\u00e9 des r\u00e9glages \u00e0 la moto qui m\u2019ont r\u00e9ellement aid\u00e9. Malheureusement, alors que j\u2019\u00e9tais cinqui\u00e8me, j\u2019ai touch\u00e9 la roue arri\u00e8re de Gautier (Paulin) et je suis tomb\u00e9. Je suis ensuite bien remont\u00e9 en d\u00e9passant cinq pilotes pour me retrouver septi\u00e8me. Cependant, le circuit n\u2019\u00e9tait pas tr\u00e8s facile et j\u2019ai perdu pas mal d\u2019\u00e9nergie sur la fin apr\u00e8s avoir pouss\u00e9 tr\u00e8s fort pour revenir. J\u2019\u00e9tais content des r\u00e9glages et de mon pilotage dans la seconde manche mais mes d\u00e9parts rat\u00e9s m\u2019ont compliqu\u00e9 la vie aujourd\u2019hui.\u00a0\u00bb<\/p>\n<div id=\"attachment_49022\" style=\"width: 1290px\" class=\"wp-caption alignnone\"><a href=\"http:\/\/fr.motocrossmag.be\/wp-content\/uploads\/2016\/07\/Evgeny-Bobryshev-Loket.jpg\"><img decoding=\"async\" aria-describedby=\"caption-attachment-49022\" class=\"lazyload size-full wp-image-49022\" src=\"http:\/\/fr.motocrossmag.be\/wp-content\/uploads\/2016\/07\/Evgeny-Bobryshev-Loket.jpg\" data-orig-src=\"http:\/\/fr.motocrossmag.be\/wp-content\/uploads\/2016\/07\/Evgeny-Bobryshev-Loket.jpg\" alt=\"Evgeny Bobryshev : il nous a habitu\u00e9s \u00e0 mieux...\" width=\"1280\" height=\"852\" srcset=\"data:image\/svg+xml,%3Csvg%20xmlns%3D%27http%3A%2F%2Fwww.w3.org%2F2000%2Fsvg%27%20width%3D%271280%27%20height%3D%27852%27%20viewBox%3D%270%200%201280%20852%27%3E%3Crect%20width%3D%271280%27%20height%3D%27852%27%20fill-opacity%3D%220%22%2F%3E%3C%2Fsvg%3E\" data-srcset=\"https:\/\/fr.motocrossmag.be\/wp-content\/uploads\/2016\/07\/Evgeny-Bobryshev-Loket-650x433.jpg 650w, https:\/\/fr.motocrossmag.be\/wp-content\/uploads\/2016\/07\/Evgeny-Bobryshev-Loket-1024x682.jpg 1024w, https:\/\/fr.motocrossmag.be\/wp-content\/uploads\/2016\/07\/Evgeny-Bobryshev-Loket.jpg 1280w\" data-sizes=\"auto\" data-orig-sizes=\"(max-width: 1280px) 100vw, 1280px\" \/><\/a><p id=\"caption-attachment-49022\" class=\"wp-caption-text\">Evgeny Bobryshev : il nous a habitu\u00e9s \u00e0 mieux&#8230;<\/p><\/div>\n<p><strong>Kevin Strijbos<\/strong> (10\u00e8me): \u00abC\u2019\u00e9tait une journ\u00e9e pas trop mauvaise m\u00eame si les r\u00e9sultats n\u2019ont pas \u00e9t\u00e9 \u00e0 la hauteur de ce que nous esp\u00e9rions. Les deux manches se sont d\u00e9roul\u00e9es de fa\u00e7on assez semblable; mes d\u00e9parts n\u2019ont pas \u00e9t\u00e9 terribles et ce n\u2019\u00e9tait pas facile de remonter puis \u00e0 la fin, mes bras on commenc\u00e9 \u00e0 me faire mal. Dans la seconde manche, quelqu\u2019un m\u2019a touch\u00e9 et m\u2019a pli\u00e9 le levier du frein arri\u00e8re, ce qui m\u2019a co\u00fbt\u00e9 du temps avant que je m\u2019habitue \u00e0 cette situation. C\u2019est toujours difficile de revenir en milieu de saison apr\u00e8s une blessure mais nous avons fait un pas en avant aujourd\u2019hui et nous devons penser maintenant \u00e0 Lommel.\u00a0\u00bb<\/p>\n<div id=\"attachment_49023\" style=\"width: 810px\" class=\"wp-caption alignnone\"><a href=\"http:\/\/fr.motocrossmag.be\/wp-content\/uploads\/2016\/07\/Kevin-Strijbos-Loket.jpg\"><img decoding=\"async\" aria-describedby=\"caption-attachment-49023\" class=\"lazyload size-full wp-image-49023\" src=\"http:\/\/fr.motocrossmag.be\/wp-content\/uploads\/2016\/07\/Kevin-Strijbos-Loket.jpg\" data-orig-src=\"http:\/\/fr.motocrossmag.be\/wp-content\/uploads\/2016\/07\/Kevin-Strijbos-Loket.jpg\" alt=\"Kevin Strijbos (avec Stefan Everts): beau samedi, laid dimanche...\" width=\"800\" height=\"534\" srcset=\"data:image\/svg+xml,%3Csvg%20xmlns%3D%27http%3A%2F%2Fwww.w3.org%2F2000%2Fsvg%27%20width%3D%27800%27%20height%3D%27534%27%20viewBox%3D%270%200%20800%20534%27%3E%3Crect%20width%3D%27800%27%20height%3D%27534%27%20fill-opacity%3D%220%22%2F%3E%3C%2Fsvg%3E\" data-srcset=\"https:\/\/fr.motocrossmag.be\/wp-content\/uploads\/2016\/07\/Kevin-Strijbos-Loket-650x434.jpg 650w, https:\/\/fr.motocrossmag.be\/wp-content\/uploads\/2016\/07\/Kevin-Strijbos-Loket.jpg 800w\" data-sizes=\"auto\" data-orig-sizes=\"(max-width: 800px) 100vw, 800px\" \/><\/a><p id=\"caption-attachment-49023\" class=\"wp-caption-text\">Kevin Strijbos (avec Stefan Everts): beau samedi, laid dimanche&#8230;<\/p><\/div>\n<p><strong>Gautier Paulin\u00a0<\/strong>(11\u00e8me): \u00ab Hier soir, nous avons effectu\u00e9 pas mal de changements sur la moto, ce qui s\u2019est r\u00e9v\u00e9l\u00e9 payant lors du warm-up au cours duquel je me suis montr\u00e9 le plus rapide. Dans la premi\u00e8re manche, j\u2019ai r\u00e9alis\u00e9 le holeshot mais je ne me sentais pas confiant avec l\u2019avant que j\u2019ai d\u2019ailleurs perdu deux fois avant de chuter \u00e0 chaque fois. Cela faisait longtemps que je n\u2019\u00e9tais plus tomb\u00e9 deux fois dans la m\u00eame course. Pour la seconde manche, nous avons \u00e0 nouveau apport\u00e9 des changements \u00e0 la moto et apr\u00e8s un bon d\u00e9part, je me sentais cette fois en confiance. Je n\u2019\u00e9tais toutefois pas assez rapide pour pr\u00e9tendre au top-trois, ma place \u00e9tant plut\u00f4t dans un top-cinq. Cependant, lorsque Romain m\u2019a d\u00e9pass\u00e9, j\u2019ai pris une pierre dans mes lunettes qui ont \u00e9t\u00e9 ab\u00eem\u00e9es dans l\u2019aventure. Tout cela au moment o\u00f9 il se mettait \u00e0 pleuvoir. Sur un circuit aussi pierreux que celui-ci, pas question de se d\u00e9barrasser de ses lunettes et la manche \u00e9tait d\u00e8s lors fichue pour moi. Cela n\u2019a donc pas \u00e9t\u00e9 un bon week-end mais nous continuons \u00e0 travailler dur et nous allons maintenant noius concentrer sur Lommel.\u00a0\u00bb<\/p>\n<div id=\"attachment_47705\" style=\"width: 1290px\" class=\"wp-caption alignnone\"><a href=\"http:\/\/fr.motocrossmag.be\/wp-content\/uploads\/2016\/06\/Gautier-Paulin-UK.jpg\"><img decoding=\"async\" aria-describedby=\"caption-attachment-47705\" class=\"lazyload size-full wp-image-47705\" src=\"http:\/\/fr.motocrossmag.be\/wp-content\/uploads\/2016\/06\/Gautier-Paulin-UK.jpg\" data-orig-src=\"http:\/\/fr.motocrossmag.be\/wp-content\/uploads\/2016\/06\/Gautier-Paulin-UK.jpg\" alt=\"Gautier Paulin: un week-end \u00e0 oublier...\" width=\"1280\" height=\"852\" srcset=\"data:image\/svg+xml,%3Csvg%20xmlns%3D%27http%3A%2F%2Fwww.w3.org%2F2000%2Fsvg%27%20width%3D%271280%27%20height%3D%27852%27%20viewBox%3D%270%200%201280%20852%27%3E%3Crect%20width%3D%271280%27%20height%3D%27852%27%20fill-opacity%3D%220%22%2F%3E%3C%2Fsvg%3E\" data-srcset=\"https:\/\/fr.motocrossmag.be\/wp-content\/uploads\/2016\/06\/Gautier-Paulin-UK-650x433.jpg 650w, https:\/\/fr.motocrossmag.be\/wp-content\/uploads\/2016\/06\/Gautier-Paulin-UK-1024x682.jpg 1024w, https:\/\/fr.motocrossmag.be\/wp-content\/uploads\/2016\/06\/Gautier-Paulin-UK.jpg 1280w\" data-sizes=\"auto\" data-orig-sizes=\"(max-width: 1280px) 100vw, 1280px\" \/><\/a><p id=\"caption-attachment-47705\" class=\"wp-caption-text\">Gautier Paulin: un week-end \u00e0 oublier&#8230;<\/p><\/div>\n<p><strong>MX2<\/strong><\/p>\n<p><strong>Dylan Ferrandis<\/strong> (1er): \u00ab\u00a0Dans la premi\u00e8re manche, j\u2019\u00e9tais deuxi\u00e8me derri\u00e8re Jonass mais celui-ci est tomb\u00e9 et j\u2019ai pu faire le trou sur les poursuivants pour remporter la manche. J\u2019ai simplement essay\u00e9 de sauvegarder des forces pour la deuxi\u00e8me manche, ce qui s\u2019est av\u00e9r\u00e9 judicieux car mon d\u00e9part a \u00e9t\u00e9 moins bon et il a fallu que je me batte pour remonter jusqu\u2019\u00e0 la t\u00eate du peloton. C\u2019\u00e9tait une belle bagarre m\u00eame si elle a \u00e9t\u00e9 rendue difficile par la pluie. En fin de manche, Max Anstie poussait vraiment fort mais il a fini par tomber. C\u2019est la course! C\u2019\u00e9tait \u00e9videmment un bon week-end avec ces deux victoires de manche. Tout le monde est content dans le team et nous sommes r\u00e9compens\u00e9s pour le dur travail effectu\u00e9 depuis le d\u00e9but de la saison. Nous n\u2019aurons pas le temps de c\u00e9l\u00e9brer cette victoire car il va falloir nous concentrer sur la course la plus difficile au monde qui aura lieu \u00e0 Lommel le prochain week-end.\u00a0Nous partons d\u2019ailleurs pour la Belgique d\u00e8s lundi pour pr\u00e9parer le GP.\u00bb<\/p>\n<div id=\"attachment_49045\" style=\"width: 685px\" class=\"wp-caption alignnone\"><a href=\"http:\/\/fr.motocrossmag.be\/wp-content\/uploads\/2016\/07\/Dylan-Ferrandis-Loket.jpg\"><img decoding=\"async\" aria-describedby=\"caption-attachment-49045\" class=\"lazyload size-full wp-image-49045\" src=\"http:\/\/fr.motocrossmag.be\/wp-content\/uploads\/2016\/07\/Dylan-Ferrandis-Loket.jpg\" data-orig-src=\"http:\/\/fr.motocrossmag.be\/wp-content\/uploads\/2016\/07\/Dylan-Ferrandis-Loket.jpg\" alt=\"Dylan Ferrandis : son premier GP cette saison\" width=\"675\" height=\"450\" srcset=\"data:image\/svg+xml,%3Csvg%20xmlns%3D%27http%3A%2F%2Fwww.w3.org%2F2000%2Fsvg%27%20width%3D%27675%27%20height%3D%27450%27%20viewBox%3D%270%200%20675%20450%27%3E%3Crect%20width%3D%27675%27%20height%3D%27450%27%20fill-opacity%3D%220%22%2F%3E%3C%2Fsvg%3E\" data-srcset=\"https:\/\/fr.motocrossmag.be\/wp-content\/uploads\/2016\/07\/Dylan-Ferrandis-Loket-650x433.jpg 650w, https:\/\/fr.motocrossmag.be\/wp-content\/uploads\/2016\/07\/Dylan-Ferrandis-Loket.jpg 675w\" data-sizes=\"auto\" data-orig-sizes=\"(max-width: 675px) 100vw, 675px\" \/><\/a><p id=\"caption-attachment-49045\" class=\"wp-caption-text\">Dylan Ferrandis : son premier GP cette saison&#8230;<\/p><\/div>\n<p><strong>Jeremy\u00a0Seewer<\/strong> (2\u00e8me): \u00abJe suis assez heureux, finalement. J\u2019avais un peu d\u2019appr\u00e9hension \u00e0 pousser trop fort aujourd\u2019hui; Loket est en effet un circuit sp\u00e9cial sur lequel on peut facilement partir \u00e0 la faute. En plus, nous avons eu de la pluie dans la seconde manche, ce qui a rendu les choses encore plus compliqu\u00e9es. Anstie et Ferrandis roulaient une demi seconde plus vite mais je suis content de monter \u00e0 nouveau sur le podium et de prendre encore de bons points. En avant pour le sable, maintenant!\u00a0\u00bb<\/p>\n<div id=\"attachment_49046\" style=\"width: 810px\" class=\"wp-caption alignnone\"><a href=\"http:\/\/fr.motocrossmag.be\/wp-content\/uploads\/2016\/07\/Jeremy-Seewer-Loket.jpg\"><img decoding=\"async\" aria-describedby=\"caption-attachment-49046\" class=\"lazyload size-full wp-image-49046\" src=\"http:\/\/fr.motocrossmag.be\/wp-content\/uploads\/2016\/07\/Jeremy-Seewer-Loket.jpg\" data-orig-src=\"http:\/\/fr.motocrossmag.be\/wp-content\/uploads\/2016\/07\/Jeremy-Seewer-Loket.jpg\" alt=\"Jeremy Seewer : une belle deuxi\u00e8me place malgr\u00e9 une course prudente...\" width=\"800\" height=\"533\" srcset=\"data:image\/svg+xml,%3Csvg%20xmlns%3D%27http%3A%2F%2Fwww.w3.org%2F2000%2Fsvg%27%20width%3D%27800%27%20height%3D%27533%27%20viewBox%3D%270%200%20800%20533%27%3E%3Crect%20width%3D%27800%27%20height%3D%27533%27%20fill-opacity%3D%220%22%2F%3E%3C%2Fsvg%3E\" data-srcset=\"https:\/\/fr.motocrossmag.be\/wp-content\/uploads\/2016\/07\/Jeremy-Seewer-Loket-650x433.jpg 650w, https:\/\/fr.motocrossmag.be\/wp-content\/uploads\/2016\/07\/Jeremy-Seewer-Loket.jpg 800w\" data-sizes=\"auto\" data-orig-sizes=\"(max-width: 800px) 100vw, 800px\" \/><\/a><p id=\"caption-attachment-49046\" class=\"wp-caption-text\">Jeremy Seewer : une belle deuxi\u00e8me place malgr\u00e9 une course prudente&#8230;<\/p><\/div>\n<p><strong>Max Anstie<\/strong> (3\u00e8me):\u00a0\u00abC\u2019est s\u00fbr que c\u2019\u00e9tait un bon week-end\u00a0et nous pouvons nous r\u00e9jouir. Tous mes entra\u00eenements et mes courses se sont bien pass\u00e9s et je me sentais heureux sur la moto. C\u2019\u00e9tait chouette de r\u00e9ussir un podium sur ce circuit m\u00eame si je me rends compte que nous aurions encore pu faire mieux. Dans la premi\u00e8re manche, je n\u2019ai pas effectu\u00e9 un bon d\u00e9part et j\u2019ai d\u00fb me battre pour remonter \u00e0 la deuxi\u00e8me place. Dans la deuxi\u00e8me manche, Ferrandis et moi avions pratiquement la m\u00eame vitesse et c\u2019\u00e9tait vraiment difficile de d\u00e9passer sur ce circuit. J\u2019ai essay\u00e9 de le d\u00e9passer pour la victoire au g\u00e9n\u00e9ral mais cela ne s\u2019est pas bien termin\u00e9. J\u2019avais utilis\u00e9 \u00e9norm\u00e9ment d\u2019\u00e9nergie dans la premi\u00e8re manche pour \u00eatre devant et il ne me restait plus beaucoup de force. Cela arrive. Nous devons nous satisfaire de ce r\u00e9sultat et en tirer profit pour le prochain week-end. Nous allons parir pour Lommel. J\u2019appr\u00e9cie beaucoup ce circuit et j\u2019y ai gagn\u00e9 ces deux derni\u00e8res ann\u00e9es. Cela devrait donc bien se passer.\u00a0\u00bb<\/p>\n<div id=\"attachment_36954\" style=\"width: 684px\" class=\"wp-caption alignnone\"><a href=\"http:\/\/fr.motocrossmag.be\/wp-content\/uploads\/2015\/07\/Max-Anstie-Loket.jpg\"><img decoding=\"async\" aria-describedby=\"caption-attachment-36954\" class=\"lazyload size-full wp-image-36954\" src=\"http:\/\/fr.motocrossmag.be\/wp-content\/uploads\/2015\/07\/Max-Anstie-Loket.jpg\" data-orig-src=\"http:\/\/fr.motocrossmag.be\/wp-content\/uploads\/2015\/07\/Max-Anstie-Loket.jpg\" alt=\"Max Anstie: il esp\u00e8re r\u00e9aliser la passe de trois \u00e0 Lommel!\" width=\"674\" height=\"450\" srcset=\"data:image\/svg+xml,%3Csvg%20xmlns%3D%27http%3A%2F%2Fwww.w3.org%2F2000%2Fsvg%27%20width%3D%27674%27%20height%3D%27450%27%20viewBox%3D%270%200%20674%20450%27%3E%3Crect%20width%3D%27674%27%20height%3D%27450%27%20fill-opacity%3D%220%22%2F%3E%3C%2Fsvg%3E\" data-srcset=\"https:\/\/fr.motocrossmag.be\/wp-content\/uploads\/2015\/07\/Max-Anstie-Loket-650x434.jpg 650w, https:\/\/fr.motocrossmag.be\/wp-content\/uploads\/2015\/07\/Max-Anstie-Loket.jpg 674w\" data-sizes=\"auto\" data-orig-sizes=\"(max-width: 674px) 100vw, 674px\" \/><\/a><p id=\"caption-attachment-36954\" class=\"wp-caption-text\">Max Anstie: il esp\u00e8re r\u00e9aliser la passe de trois \u00e0 Lommel!<\/p><\/div>\n<p><strong>Beno\u00eet Paturel<\/strong> (4\u00e8me):\u00a0\u00ab\u00a0J\u2019ai d\u00e9pens\u00e9 \u00e9norm\u00e9ment d\u2019\u00e9nergie dans la premi\u00e8re manche parce que je suis mal parti. C\u2019est certain que je suis content de mon r\u00e9sultat parce qu\u2019apr\u00e8s trois semaines, ce n\u2019est pas difficile de perdre sa condition et sa technique. Avec le team, on travaille tr\u00e8s dur chaque semaine sur la moto et sur les d\u00e9parts. Je pense que le GP de Lommel sera dur pour tout le monde.\u00a0\u00bb<\/p>\n<div id=\"attachment_49047\" style=\"width: 1001px\" class=\"wp-caption alignnone\"><a href=\"http:\/\/fr.motocrossmag.be\/wp-content\/uploads\/2016\/07\/Beno\u00eet-Paturel-Loket.jpg\"><img decoding=\"async\" aria-describedby=\"caption-attachment-49047\" class=\"lazyload size-full wp-image-49047\" src=\"http:\/\/fr.motocrossmag.be\/wp-content\/uploads\/2016\/07\/Beno\u00eet-Paturel-Loket.jpg\" data-orig-src=\"http:\/\/fr.motocrossmag.be\/wp-content\/uploads\/2016\/07\/Beno\u00eet-Paturel-Loket.jpg\" alt=\"Beno\u00eet Paturel: il n'est apparemment \u00e0 l'aise avant d'aborder Lommel ! \" width=\"991\" height=\"660\" srcset=\"data:image\/svg+xml,%3Csvg%20xmlns%3D%27http%3A%2F%2Fwww.w3.org%2F2000%2Fsvg%27%20width%3D%27991%27%20height%3D%27660%27%20viewBox%3D%270%200%20991%20660%27%3E%3Crect%20width%3D%27991%27%20height%3D%27660%27%20fill-opacity%3D%220%22%2F%3E%3C%2Fsvg%3E\" data-srcset=\"https:\/\/fr.motocrossmag.be\/wp-content\/uploads\/2016\/07\/Beno\u00eet-Paturel-Loket-650x433.jpg 650w, https:\/\/fr.motocrossmag.be\/wp-content\/uploads\/2016\/07\/Beno\u00eet-Paturel-Loket.jpg 991w\" data-sizes=\"auto\" data-orig-sizes=\"(max-width: 991px) 100vw, 991px\" \/><\/a><p id=\"caption-attachment-49047\" class=\"wp-caption-text\">Beno\u00eet Paturel: il n&rsquo;est apparemment \u00e0 l&rsquo;aise avant d&rsquo;aborder Lommel !<\/p><\/div>\n<p><strong>Petar Petrov<\/strong> (5\u00e8me): \u00abCela faisait un bout de temps que je n\u2019avais plus obtenu un r\u00e9sultat consistant et c\u2019est agr\u00e9able d\u2019obtenir une cinqui\u00e8me place au g\u00e9n\u00e9ral ici \u00e0 Loket. Durant le break de trois semaines, nous avons beaucoup travaill\u00e9 sur la moto et j\u2019ai eu en m\u00eame temps l\u2019occasion de bien me r\u00e9tablir de mes blessures afin de venir ici en meilleure condition. Tout s\u2019est bien remis en place et je me suis senti \u00e0 l\u2019aise ce week-end. Lorsqu\u2019on reste quelques GP sans faire de bons r\u00e9sultats, on perd facilement la confiance et nous avons vraiment fait le n\u00e9cessaire pour que cela ne soit pas le cas et nous nous retrouvons \u00e0 nouveau dans le top-cinq, comme nous \u00e9tions en d\u00e9but de saison. C\u2019est un week-end positif; nous allons continuer \u00e0 travailler et je sais que Lommel pourrait \u00eatre une belle opportunit\u00e9 de faire encore mieux.\u00a0\u00bb<\/p>\n<div id=\"attachment_49048\" style=\"width: 685px\" class=\"wp-caption alignnone\"><a href=\"http:\/\/fr.motocrossmag.be\/wp-content\/uploads\/2016\/07\/Petar-Petrov-Loket.jpg\"><img decoding=\"async\" aria-describedby=\"caption-attachment-49048\" class=\"lazyload size-full wp-image-49048\" src=\"http:\/\/fr.motocrossmag.be\/wp-content\/uploads\/2016\/07\/Petar-Petrov-Loket.jpg\" data-orig-src=\"http:\/\/fr.motocrossmag.be\/wp-content\/uploads\/2016\/07\/Petar-Petrov-Loket.jpg\" alt=\"Petar Petrov : il est satisfait de son week-end...\" width=\"675\" height=\"450\" srcset=\"data:image\/svg+xml,%3Csvg%20xmlns%3D%27http%3A%2F%2Fwww.w3.org%2F2000%2Fsvg%27%20width%3D%27675%27%20height%3D%27450%27%20viewBox%3D%270%200%20675%20450%27%3E%3Crect%20width%3D%27675%27%20height%3D%27450%27%20fill-opacity%3D%220%22%2F%3E%3C%2Fsvg%3E\" data-srcset=\"https:\/\/fr.motocrossmag.be\/wp-content\/uploads\/2016\/07\/Petar-Petrov-Loket-650x433.jpg 650w, https:\/\/fr.motocrossmag.be\/wp-content\/uploads\/2016\/07\/Petar-Petrov-Loket.jpg 675w\" data-sizes=\"auto\" data-orig-sizes=\"(max-width: 675px) 100vw, 675px\" \/><\/a><p id=\"caption-attachment-49048\" class=\"wp-caption-text\">Petar Petrov : il est satisfait de son week-end&#8230;<\/p><\/div>\n<p><strong>Thomas Covington<\/strong> (8\u00e8me):\u00a0\u00ab\u00a0Cela a \u00e9t\u00e9 un week-end assez difficile mais je suis finalement parvenu \u00e0 m\u2019en sortir pas trop mal dans la deuxi\u00e8me manche. Dans la premi\u00e8re manche, j\u2019ai trop patin\u00e9 sur la grille de sorte que mon d\u00e9part a \u00e9t\u00e9 tr\u00e8s mauvais. Je suis en effet parti de tr\u00e8s loin et je n\u2019ai pas pu faire mieux que quinzi\u00e8me. Dans la seconde manche, par contre, je pars en deuxi\u00e8me position et j\u2019ai roul\u00e9 devant une grande partie de la course pour finalement terminer quatri\u00e8me. Je suis vraiment content de ma seconde manche vu que j\u2019ai montr\u00e9 que j\u2019avais la vitesse pour monter sur un podium. Les conditions \u00e9taient difficiles avec un terrain glissant et beaucoup de bosses tr\u00e8s dures. J\u2019esp\u00e8re que ma deuxi\u00e8me manche est de bonne augure pour Lommel.\u00a0\u00bb<\/p>\n<div id=\"attachment_49049\" style=\"width: 3898px\" class=\"wp-caption alignnone\"><a href=\"http:\/\/fr.motocrossmag.be\/wp-content\/uploads\/2016\/07\/Thomas-Covington-Loket.jpg\"><img decoding=\"async\" aria-describedby=\"caption-attachment-49049\" class=\"lazyload size-full wp-image-49049\" src=\"http:\/\/fr.motocrossmag.be\/wp-content\/uploads\/2016\/07\/Thomas-Covington-Loket.jpg\" data-orig-src=\"http:\/\/fr.motocrossmag.be\/wp-content\/uploads\/2016\/07\/Thomas-Covington-Loket.jpg\" alt=\"Thomas Covington: lui aussi pense d\u00e9j\u00e0 tr\u00e8s fort \u00e0 Lommel!\" width=\"3888\" height=\"2592\" srcset=\"data:image\/svg+xml,%3Csvg%20xmlns%3D%27http%3A%2F%2Fwww.w3.org%2F2000%2Fsvg%27%20width%3D%273888%27%20height%3D%272592%27%20viewBox%3D%270%200%203888%202592%27%3E%3Crect%20width%3D%273888%27%20height%3D%272592%27%20fill-opacity%3D%220%22%2F%3E%3C%2Fsvg%3E\" data-srcset=\"https:\/\/fr.motocrossmag.be\/wp-content\/uploads\/2016\/07\/Thomas-Covington-Loket-650x433.jpg 650w, https:\/\/fr.motocrossmag.be\/wp-content\/uploads\/2016\/07\/Thomas-Covington-Loket-1024x683.jpg 1024w, https:\/\/fr.motocrossmag.be\/wp-content\/uploads\/2016\/07\/Thomas-Covington-Loket.jpg 3888w\" data-sizes=\"auto\" data-orig-sizes=\"(max-width: 3888px) 100vw, 3888px\" \/><\/a><p id=\"caption-attachment-49049\" class=\"wp-caption-text\">Thomas Covington: lui aussi pense d\u00e9j\u00e0 tr\u00e8s fort \u00e0 Lommel!<\/p><\/div>\n<p><strong>Conrad Mewse<\/strong> (9\u00e8me):\u00a0\u00ab\u00a0Dans l\u2019ensemble, je suis content de mon r\u00e9sultat. Les chronos \u00e9taient tr\u00e8s proches sur ce circuit et il n\u2019y avait pas beaucoup d\u2019endroits o\u00f9 on pouvait d\u00e9passer. J\u2019ai effectu\u00e9 une tr\u00e8s belle manche qualificative samedi avec une cinqui\u00e8me place. Aujourd\u2019hui, mes d\u00e9parts n\u2019\u00e9taient pas mauvais mais je me sentais un peu fatigu\u00e9. J\u2019avais du mal \u00e0 trouver de bonnes trajectoires et je termine deux fois \u00e0 la neuvi\u00e8me place. Je sens que j\u2019apprends \u00e9norm\u00e9ment lors de chaque GP et c\u2019est bon signe de constater que je termine d\u00e9sormais r\u00e9guli\u00e8rement dans le top-dix. J\u2019ai d\u00e9finitivement r\u00e9alis\u00e9 un pas en avant depuis le d\u00e9but de la saison et je vais continuer \u00e0 travailler pour faire encore mieux. Je suis impatient de me retrouver \u00e0 Lommel o\u00f9 j\u2019esp\u00e8re pouvoir me battre pour des places dans le top-cinq.\u00a0\u00bb<\/p>\n<div id=\"attachment_49050\" style=\"width: 3898px\" class=\"wp-caption alignnone\"><a href=\"http:\/\/fr.motocrossmag.be\/wp-content\/uploads\/2016\/07\/Conrad-Mewse-Loket.jpg\"><img decoding=\"async\" aria-describedby=\"caption-attachment-49050\" class=\"lazyload size-full wp-image-49050\" src=\"http:\/\/fr.motocrossmag.be\/wp-content\/uploads\/2016\/07\/Conrad-Mewse-Loket.jpg\" data-orig-src=\"http:\/\/fr.motocrossmag.be\/wp-content\/uploads\/2016\/07\/Conrad-Mewse-Loket.jpg\" alt=\"Conrad Mewse: lui n'a apparemment aucune appr\u00e9hension avant d'aborder Lommel ! \" width=\"3888\" height=\"2592\" srcset=\"data:image\/svg+xml,%3Csvg%20xmlns%3D%27http%3A%2F%2Fwww.w3.org%2F2000%2Fsvg%27%20width%3D%273888%27%20height%3D%272592%27%20viewBox%3D%270%200%203888%202592%27%3E%3Crect%20width%3D%273888%27%20height%3D%272592%27%20fill-opacity%3D%220%22%2F%3E%3C%2Fsvg%3E\" data-srcset=\"https:\/\/fr.motocrossmag.be\/wp-content\/uploads\/2016\/07\/Conrad-Mewse-Loket-650x433.jpg 650w, https:\/\/fr.motocrossmag.be\/wp-content\/uploads\/2016\/07\/Conrad-Mewse-Loket-1024x683.jpg 1024w, https:\/\/fr.motocrossmag.be\/wp-content\/uploads\/2016\/07\/Conrad-Mewse-Loket.jpg 3888w\" data-sizes=\"auto\" data-orig-sizes=\"(max-width: 3888px) 100vw, 3888px\" \/><\/a><p id=\"caption-attachment-49050\" class=\"wp-caption-text\">Conrad Mewse: lui n&rsquo;a apparemment aucune appr\u00e9hension avant d&rsquo;aborder Lommel !<\/p><\/div>\n<p>&nbsp;<\/p>\n","protected":false},"excerpt":{"rendered":"<p>Les pilotes du championnat MXGP et MX2 reprenaient le collier ce week-end \u00e0 Loket en R\u00e9publique Tch\u00e8que et on peut dire que nonobstant la victoire de Max Nagl, sa premi\u00e8re [&#8230;]<\/p>\n","protected":false},"author":898,"featured_media":49054,"comment_status":"open","ping_status":"closed","sticky":false,"template":"","format":"standard","meta":{"footnotes":""},"categories":[54,4,6,55,65],"tags":[],"class_list":["post-49013","post","type-post","status-publish","format-standard","has-post-thumbnail","hentry","category-actualite","category-motocross","category-mx1mx2","category-news-actualite","category-slideshow"],"yoast_head":"<!-- This site is optimized with the Yoast SEO plugin v27.4 - https:\/\/yoast.com\/product\/yoast-seo-wordpress\/ -->\n<title>GP de la R\u00e9publique Tch\u00e8que - Les r\u00e9actions des pilotes - Motocross - Enduro - Supermoto | MotocrossMag<\/title>\n<meta name=\"robots\" content=\"index, follow, max-snippet:-1, max-image-preview:large, max-video-preview:-1\" \/>\n<link rel=\"canonical\" href=\"https:\/\/fr.motocrossmag.be\/index.php\/2016\/07\/gp-de-la-republique-tcheque-les-reactions-des-pilotes-2\/\" \/>\n<meta property=\"og:locale\" content=\"fr_FR\" \/>\n<meta property=\"og:type\" content=\"article\" \/>\n<meta property=\"og:title\" content=\"GP de la R\u00e9publique Tch\u00e8que - Les r\u00e9actions des pilotes - Motocross - Enduro - Supermoto | MotocrossMag\" \/>\n<meta property=\"og:description\" content=\"Les pilotes du championnat MXGP et MX2 reprenaient le collier ce week-end \u00e0 Loket en R\u00e9publique Tch\u00e8que et on peut dire que nonobstant la victoire de Max Nagl, sa premi\u00e8re [...]\" \/>\n<meta property=\"og:url\" content=\"https:\/\/fr.motocrossmag.be\/index.php\/2016\/07\/gp-de-la-republique-tcheque-les-reactions-des-pilotes-2\/\" \/>\n<meta property=\"og:site_name\" content=\"Motocross - Enduro - Supermoto | MotocrossMag\" \/>\n<meta property=\"article:published_time\" content=\"2016-07-25T12:53:03+00:00\" \/>\n<meta property=\"article:modified_time\" content=\"2016-07-25T13:10:47+00:00\" \/>\n<meta property=\"og:image\" content=\"https:\/\/fr.motocrossmag.be\/wp-content\/uploads\/2016\/07\/van_horebeek_jeremy_portrait_loket.jpg\" \/>\n\t<meta property=\"og:image:width\" content=\"1200\" \/>\n\t<meta property=\"og:image:height\" content=\"800\" \/>\n\t<meta property=\"og:image:type\" content=\"image\/jpeg\" \/>\n<meta name=\"author\" content=\"fernand2\" \/>\n<meta name=\"twitter:card\" content=\"summary_large_image\" \/>\n<meta name=\"twitter:label1\" content=\"\u00c9crit par\" \/>\n\t<meta name=\"twitter:data1\" content=\"fernand2\" \/>\n\t<meta name=\"twitter:label2\" content=\"Dur\u00e9e de lecture estim\u00e9e\" \/>\n\t<meta name=\"twitter:data2\" content=\"16 minutes\" \/>\n<script type=\"application\/ld+json\" class=\"yoast-schema-graph\">{\"@context\":\"https:\\\/\\\/schema.org\",\"@graph\":[{\"@type\":\"Article\",\"@id\":\"https:\\\/\\\/fr.motocrossmag.be\\\/index.php\\\/2016\\\/07\\\/gp-de-la-republique-tcheque-les-reactions-des-pilotes-2\\\/#article\",\"isPartOf\":{\"@id\":\"https:\\\/\\\/fr.motocrossmag.be\\\/index.php\\\/2016\\\/07\\\/gp-de-la-republique-tcheque-les-reactions-des-pilotes-2\\\/\"},\"author\":{\"name\":\"fernand2\",\"@id\":\"https:\\\/\\\/fr.motocrossmag.be\\\/#\\\/schema\\\/person\\\/b1bd0a25696c3aeaac7fd5d92d4ed8f6\"},\"headline\":\"GP de la R\u00e9publique Tch\u00e8que &#8211; Les r\u00e9actions des pilotes\",\"datePublished\":\"2016-07-25T12:53:03+00:00\",\"dateModified\":\"2016-07-25T13:10:47+00:00\",\"mainEntityOfPage\":{\"@id\":\"https:\\\/\\\/fr.motocrossmag.be\\\/index.php\\\/2016\\\/07\\\/gp-de-la-republique-tcheque-les-reactions-des-pilotes-2\\\/\"},\"wordCount\":3199,\"commentCount\":0,\"image\":{\"@id\":\"https:\\\/\\\/fr.motocrossmag.be\\\/index.php\\\/2016\\\/07\\\/gp-de-la-republique-tcheque-les-reactions-des-pilotes-2\\\/#primaryimage\"},\"thumbnailUrl\":\"https:\\\/\\\/fr.motocrossmag.be\\\/wp-content\\\/uploads\\\/2016\\\/07\\\/van_horebeek_jeremy_portrait_loket.jpg\",\"articleSection\":[\"Actualit\u00e9\",\"Motocross\",\"Motocross MXGP\",\"News\",\"Slideshow\"],\"inLanguage\":\"fr-FR\",\"potentialAction\":[{\"@type\":\"CommentAction\",\"name\":\"Comment\",\"target\":[\"https:\\\/\\\/fr.motocrossmag.be\\\/index.php\\\/2016\\\/07\\\/gp-de-la-republique-tcheque-les-reactions-des-pilotes-2\\\/#respond\"]}]},{\"@type\":\"WebPage\",\"@id\":\"https:\\\/\\\/fr.motocrossmag.be\\\/index.php\\\/2016\\\/07\\\/gp-de-la-republique-tcheque-les-reactions-des-pilotes-2\\\/\",\"url\":\"https:\\\/\\\/fr.motocrossmag.be\\\/index.php\\\/2016\\\/07\\\/gp-de-la-republique-tcheque-les-reactions-des-pilotes-2\\\/\",\"name\":\"GP de la R\u00e9publique Tch\u00e8que - Les r\u00e9actions des pilotes - Motocross - Enduro - Supermoto | MotocrossMag\",\"isPartOf\":{\"@id\":\"https:\\\/\\\/fr.motocrossmag.be\\\/#website\"},\"primaryImageOfPage\":{\"@id\":\"https:\\\/\\\/fr.motocrossmag.be\\\/index.php\\\/2016\\\/07\\\/gp-de-la-republique-tcheque-les-reactions-des-pilotes-2\\\/#primaryimage\"},\"image\":{\"@id\":\"https:\\\/\\\/fr.motocrossmag.be\\\/index.php\\\/2016\\\/07\\\/gp-de-la-republique-tcheque-les-reactions-des-pilotes-2\\\/#primaryimage\"},\"thumbnailUrl\":\"https:\\\/\\\/fr.motocrossmag.be\\\/wp-content\\\/uploads\\\/2016\\\/07\\\/van_horebeek_jeremy_portrait_loket.jpg\",\"datePublished\":\"2016-07-25T12:53:03+00:00\",\"dateModified\":\"2016-07-25T13:10:47+00:00\",\"author\":{\"@id\":\"https:\\\/\\\/fr.motocrossmag.be\\\/#\\\/schema\\\/person\\\/b1bd0a25696c3aeaac7fd5d92d4ed8f6\"},\"breadcrumb\":{\"@id\":\"https:\\\/\\\/fr.motocrossmag.be\\\/index.php\\\/2016\\\/07\\\/gp-de-la-republique-tcheque-les-reactions-des-pilotes-2\\\/#breadcrumb\"},\"inLanguage\":\"fr-FR\",\"potentialAction\":[{\"@type\":\"ReadAction\",\"target\":[\"https:\\\/\\\/fr.motocrossmag.be\\\/index.php\\\/2016\\\/07\\\/gp-de-la-republique-tcheque-les-reactions-des-pilotes-2\\\/\"]}]},{\"@type\":\"ImageObject\",\"inLanguage\":\"fr-FR\",\"@id\":\"https:\\\/\\\/fr.motocrossmag.be\\\/index.php\\\/2016\\\/07\\\/gp-de-la-republique-tcheque-les-reactions-des-pilotes-2\\\/#primaryimage\",\"url\":\"https:\\\/\\\/fr.motocrossmag.be\\\/wp-content\\\/uploads\\\/2016\\\/07\\\/van_horebeek_jeremy_portrait_loket.jpg\",\"contentUrl\":\"https:\\\/\\\/fr.motocrossmag.be\\\/wp-content\\\/uploads\\\/2016\\\/07\\\/van_horebeek_jeremy_portrait_loket.jpg\",\"width\":1200,\"height\":800},{\"@type\":\"BreadcrumbList\",\"@id\":\"https:\\\/\\\/fr.motocrossmag.be\\\/index.php\\\/2016\\\/07\\\/gp-de-la-republique-tcheque-les-reactions-des-pilotes-2\\\/#breadcrumb\",\"itemListElement\":[{\"@type\":\"ListItem\",\"position\":1,\"name\":\"Accueil\",\"item\":\"https:\\\/\\\/fr.motocrossmag.be\\\/\"},{\"@type\":\"ListItem\",\"position\":2,\"name\":\"GP de la R\u00e9publique Tch\u00e8que &#8211; Les r\u00e9actions des pilotes\"}]},{\"@type\":\"WebSite\",\"@id\":\"https:\\\/\\\/fr.motocrossmag.be\\\/#website\",\"url\":\"https:\\\/\\\/fr.motocrossmag.be\\\/\",\"name\":\"Motocross - Enduro - Supermoto | MotocrossMag\",\"description\":\"L&#039;actualit\u00e9 du motocross, de l&#039;enduro et du Supermoto en ligne!\",\"potentialAction\":[{\"@type\":\"SearchAction\",\"target\":{\"@type\":\"EntryPoint\",\"urlTemplate\":\"https:\\\/\\\/fr.motocrossmag.be\\\/?s={search_term_string}\"},\"query-input\":{\"@type\":\"PropertyValueSpecification\",\"valueRequired\":true,\"valueName\":\"search_term_string\"}}],\"inLanguage\":\"fr-FR\"},{\"@type\":\"Person\",\"@id\":\"https:\\\/\\\/fr.motocrossmag.be\\\/#\\\/schema\\\/person\\\/b1bd0a25696c3aeaac7fd5d92d4ed8f6\",\"name\":\"fernand2\",\"image\":{\"@type\":\"ImageObject\",\"inLanguage\":\"fr-FR\",\"@id\":\"https:\\\/\\\/secure.gravatar.com\\\/avatar\\\/e48cfba345f89620e0c3f40fdfd6f6ef6bc1fbad5d0c3cd2555b4f39e37ef934?s=96&d=mm&r=g\",\"url\":\"https:\\\/\\\/secure.gravatar.com\\\/avatar\\\/e48cfba345f89620e0c3f40fdfd6f6ef6bc1fbad5d0c3cd2555b4f39e37ef934?s=96&d=mm&r=g\",\"contentUrl\":\"https:\\\/\\\/secure.gravatar.com\\\/avatar\\\/e48cfba345f89620e0c3f40fdfd6f6ef6bc1fbad5d0c3cd2555b4f39e37ef934?s=96&d=mm&r=g\",\"caption\":\"fernand2\"},\"url\":\"https:\\\/\\\/fr.motocrossmag.be\\\/index.php\\\/author\\\/fernand2\\\/\"}]}<\/script>\n<!-- \/ Yoast SEO plugin. -->","yoast_head_json":{"title":"GP de la R\u00e9publique Tch\u00e8que - Les r\u00e9actions des pilotes - Motocross - Enduro - Supermoto | MotocrossMag","robots":{"index":"index","follow":"follow","max-snippet":"max-snippet:-1","max-image-preview":"max-image-preview:large","max-video-preview":"max-video-preview:-1"},"canonical":"https:\/\/fr.motocrossmag.be\/index.php\/2016\/07\/gp-de-la-republique-tcheque-les-reactions-des-pilotes-2\/","og_locale":"fr_FR","og_type":"article","og_title":"GP de la R\u00e9publique Tch\u00e8que - Les r\u00e9actions des pilotes - Motocross - Enduro - Supermoto | MotocrossMag","og_description":"Les pilotes du championnat MXGP et MX2 reprenaient le collier ce week-end \u00e0 Loket en R\u00e9publique Tch\u00e8que et on peut dire que nonobstant la victoire de Max Nagl, sa premi\u00e8re [...]","og_url":"https:\/\/fr.motocrossmag.be\/index.php\/2016\/07\/gp-de-la-republique-tcheque-les-reactions-des-pilotes-2\/","og_site_name":"Motocross - Enduro - Supermoto | MotocrossMag","article_published_time":"2016-07-25T12:53:03+00:00","article_modified_time":"2016-07-25T13:10:47+00:00","og_image":[{"width":1200,"height":800,"url":"https:\/\/fr.motocrossmag.be\/wp-content\/uploads\/2016\/07\/van_horebeek_jeremy_portrait_loket.jpg","type":"image\/jpeg"}],"author":"fernand2","twitter_card":"summary_large_image","twitter_misc":{"\u00c9crit par":"fernand2","Dur\u00e9e de lecture estim\u00e9e":"16 minutes"},"schema":{"@context":"https:\/\/schema.org","@graph":[{"@type":"Article","@id":"https:\/\/fr.motocrossmag.be\/index.php\/2016\/07\/gp-de-la-republique-tcheque-les-reactions-des-pilotes-2\/#article","isPartOf":{"@id":"https:\/\/fr.motocrossmag.be\/index.php\/2016\/07\/gp-de-la-republique-tcheque-les-reactions-des-pilotes-2\/"},"author":{"name":"fernand2","@id":"https:\/\/fr.motocrossmag.be\/#\/schema\/person\/b1bd0a25696c3aeaac7fd5d92d4ed8f6"},"headline":"GP de la R\u00e9publique Tch\u00e8que &#8211; Les r\u00e9actions des pilotes","datePublished":"2016-07-25T12:53:03+00:00","dateModified":"2016-07-25T13:10:47+00:00","mainEntityOfPage":{"@id":"https:\/\/fr.motocrossmag.be\/index.php\/2016\/07\/gp-de-la-republique-tcheque-les-reactions-des-pilotes-2\/"},"wordCount":3199,"commentCount":0,"image":{"@id":"https:\/\/fr.motocrossmag.be\/index.php\/2016\/07\/gp-de-la-republique-tcheque-les-reactions-des-pilotes-2\/#primaryimage"},"thumbnailUrl":"https:\/\/fr.motocrossmag.be\/wp-content\/uploads\/2016\/07\/van_horebeek_jeremy_portrait_loket.jpg","articleSection":["Actualit\u00e9","Motocross","Motocross MXGP","News","Slideshow"],"inLanguage":"fr-FR","potentialAction":[{"@type":"CommentAction","name":"Comment","target":["https:\/\/fr.motocrossmag.be\/index.php\/2016\/07\/gp-de-la-republique-tcheque-les-reactions-des-pilotes-2\/#respond"]}]},{"@type":"WebPage","@id":"https:\/\/fr.motocrossmag.be\/index.php\/2016\/07\/gp-de-la-republique-tcheque-les-reactions-des-pilotes-2\/","url":"https:\/\/fr.motocrossmag.be\/index.php\/2016\/07\/gp-de-la-republique-tcheque-les-reactions-des-pilotes-2\/","name":"GP de la R\u00e9publique Tch\u00e8que - Les r\u00e9actions des pilotes - Motocross - Enduro - Supermoto | MotocrossMag","isPartOf":{"@id":"https:\/\/fr.motocrossmag.be\/#website"},"primaryImageOfPage":{"@id":"https:\/\/fr.motocrossmag.be\/index.php\/2016\/07\/gp-de-la-republique-tcheque-les-reactions-des-pilotes-2\/#primaryimage"},"image":{"@id":"https:\/\/fr.motocrossmag.be\/index.php\/2016\/07\/gp-de-la-republique-tcheque-les-reactions-des-pilotes-2\/#primaryimage"},"thumbnailUrl":"https:\/\/fr.motocrossmag.be\/wp-content\/uploads\/2016\/07\/van_horebeek_jeremy_portrait_loket.jpg","datePublished":"2016-07-25T12:53:03+00:00","dateModified":"2016-07-25T13:10:47+00:00","author":{"@id":"https:\/\/fr.motocrossmag.be\/#\/schema\/person\/b1bd0a25696c3aeaac7fd5d92d4ed8f6"},"breadcrumb":{"@id":"https:\/\/fr.motocrossmag.be\/index.php\/2016\/07\/gp-de-la-republique-tcheque-les-reactions-des-pilotes-2\/#breadcrumb"},"inLanguage":"fr-FR","potentialAction":[{"@type":"ReadAction","target":["https:\/\/fr.motocrossmag.be\/index.php\/2016\/07\/gp-de-la-republique-tcheque-les-reactions-des-pilotes-2\/"]}]},{"@type":"ImageObject","inLanguage":"fr-FR","@id":"https:\/\/fr.motocrossmag.be\/index.php\/2016\/07\/gp-de-la-republique-tcheque-les-reactions-des-pilotes-2\/#primaryimage","url":"https:\/\/fr.motocrossmag.be\/wp-content\/uploads\/2016\/07\/van_horebeek_jeremy_portrait_loket.jpg","contentUrl":"https:\/\/fr.motocrossmag.be\/wp-content\/uploads\/2016\/07\/van_horebeek_jeremy_portrait_loket.jpg","width":1200,"height":800},{"@type":"BreadcrumbList","@id":"https:\/\/fr.motocrossmag.be\/index.php\/2016\/07\/gp-de-la-republique-tcheque-les-reactions-des-pilotes-2\/#breadcrumb","itemListElement":[{"@type":"ListItem","position":1,"name":"Accueil","item":"https:\/\/fr.motocrossmag.be\/"},{"@type":"ListItem","position":2,"name":"GP de la R\u00e9publique Tch\u00e8que &#8211; Les r\u00e9actions des pilotes"}]},{"@type":"WebSite","@id":"https:\/\/fr.motocrossmag.be\/#website","url":"https:\/\/fr.motocrossmag.be\/","name":"Motocross - Enduro - Supermoto | MotocrossMag","description":"L&#039;actualit\u00e9 du motocross, de l&#039;enduro et du Supermoto en ligne!","potentialAction":[{"@type":"SearchAction","target":{"@type":"EntryPoint","urlTemplate":"https:\/\/fr.motocrossmag.be\/?s={search_term_string}"},"query-input":{"@type":"PropertyValueSpecification","valueRequired":true,"valueName":"search_term_string"}}],"inLanguage":"fr-FR"},{"@type":"Person","@id":"https:\/\/fr.motocrossmag.be\/#\/schema\/person\/b1bd0a25696c3aeaac7fd5d92d4ed8f6","name":"fernand2","image":{"@type":"ImageObject","inLanguage":"fr-FR","@id":"https:\/\/secure.gravatar.com\/avatar\/e48cfba345f89620e0c3f40fdfd6f6ef6bc1fbad5d0c3cd2555b4f39e37ef934?s=96&d=mm&r=g","url":"https:\/\/secure.gravatar.com\/avatar\/e48cfba345f89620e0c3f40fdfd6f6ef6bc1fbad5d0c3cd2555b4f39e37ef934?s=96&d=mm&r=g","contentUrl":"https:\/\/secure.gravatar.com\/avatar\/e48cfba345f89620e0c3f40fdfd6f6ef6bc1fbad5d0c3cd2555b4f39e37ef934?s=96&d=mm&r=g","caption":"fernand2"},"url":"https:\/\/fr.motocrossmag.be\/index.php\/author\/fernand2\/"}]}},"_links":{"self":[{"href":"https:\/\/fr.motocrossmag.be\/index.php\/wp-json\/wp\/v2\/posts\/49013","targetHints":{"allow":["GET"]}}],"collection":[{"href":"https:\/\/fr.motocrossmag.be\/index.php\/wp-json\/wp\/v2\/posts"}],"about":[{"href":"https:\/\/fr.motocrossmag.be\/index.php\/wp-json\/wp\/v2\/types\/post"}],"author":[{"embeddable":true,"href":"https:\/\/fr.motocrossmag.be\/index.php\/wp-json\/wp\/v2\/users\/898"}],"replies":[{"embeddable":true,"href":"https:\/\/fr.motocrossmag.be\/index.php\/wp-json\/wp\/v2\/comments?post=49013"}],"version-history":[{"count":2,"href":"https:\/\/fr.motocrossmag.be\/index.php\/wp-json\/wp\/v2\/posts\/49013\/revisions"}],"predecessor-version":[{"id":49053,"href":"https:\/\/fr.motocrossmag.be\/index.php\/wp-json\/wp\/v2\/posts\/49013\/revisions\/49053"}],"wp:featuredmedia":[{"embeddable":true,"href":"https:\/\/fr.motocrossmag.be\/index.php\/wp-json\/wp\/v2\/media\/49054"}],"wp:attachment":[{"href":"https:\/\/fr.motocrossmag.be\/index.php\/wp-json\/wp\/v2\/media?parent=49013"}],"wp:term":[{"taxonomy":"category","embeddable":true,"href":"https:\/\/fr.motocrossmag.be\/index.php\/wp-json\/wp\/v2\/categories?post=49013"},{"taxonomy":"post_tag","embeddable":true,"href":"https:\/\/fr.motocrossmag.be\/index.php\/wp-json\/wp\/v2\/tags?post=49013"}],"curies":[{"name":"wp","href":"https:\/\/api.w.org\/{rel}","templated":true}]}}