{"id":49425,"date":"2016-08-03T10:47:32","date_gmt":"2016-08-03T08:47:32","guid":{"rendered":"http:\/\/fr.motocrossmag.be\/?p=49425"},"modified":"2016-08-03T12:03:48","modified_gmt":"2016-08-03T10:03:48","slug":"tim-gajser-chez-hrc","status":"publish","type":"post","link":"https:\/\/fr.motocrossmag.be\/index.php\/2016\/08\/tim-gajser-chez-hrc\/","title":{"rendered":"Tim Gajser chez HRC ?"},"content":{"rendered":"<p><strong>Honda a profit\u00e9 du GP de Belgique pour annoncer que Tim Gajser, Evgeny Bobryshev et Gautier Paulin seraient pr\u00e9sents \u00e0 l\u2019occasion de la premi\u00e8re Supermotocross Riders\u2019 Cup qui aura lieu le 8 octobre prochain dans la Veltins Arena de Gelsenkirchen en Allemagne. Cette annonce conforte ceux qui pensent que Gajser quittera plus que probablement Gariboldi pour rejoindre le team HRC en 2017.<\/strong><\/p>\n<p>Le probable futur champion du monde (Gajser compte d\u00e9sormais 103 points d\u2019avance sur Antonio Cairoli alors qu\u2019il reste quatre GP \u00e0 disputer) n\u2019a jamais cach\u00e9 que son r\u00eave \u00e9tait de rouler dans le championnat supercross am\u00e9ricain mais il est certain que le Honda HRC a persuad\u00e9 Gajser de rouler la prochaine saison chez eux en GP avec comme argument d\u00e9cisif un contrat portant sur plusieurs ann\u00e9es.<\/p>\n<p>Comme Paulin semble partant plus que certain chez Rockstar Energy Husqvarna o\u00f9 il roulera en compagnie de Max Nagl, \u00a0Honda a d\u00e8s lors consid\u00e9r\u00e9 qu\u2019il \u00e9tait relativement simple de transf\u00e9rer tout le clan Gajser (le p\u00e8re et le fr\u00e8re de Gajser travaillent pour Tim respectivement en tant qu\u2019entra\u00eeneur et assistant personnel) chez eux tandis que Bobryshev continuerait \u00e0 rouler une septi\u00e8me saison pour le HRC.<\/p>\n<p>Le HRC a \u00e9galement discut\u00e9 \u00e0 Lommel de la future organisation du team satellite Gariboldi si Gajser devait d\u00e9m\u00e9nager dans le team HRC sachant que le sponsor principal, Monster Energy, pourrait se consacrer exclusivement au MX2 en 2017.<\/p>\n","protected":false},"excerpt":{"rendered":"<p>Honda a profit\u00e9 du GP de Belgique pour annoncer que Tim Gajser, Evgeny Bobryshev et Gautier Paulin seraient pr\u00e9sents \u00e0 l\u2019occasion de la premi\u00e8re Supermotocross Riders\u2019 Cup qui aura lieu [&#8230;]<\/p>\n","protected":false},"author":898,"featured_media":49143,"comment_status":"open","ping_status":"closed","sticky":false,"template":"","format":"standard","meta":{"footnotes":""},"categories":[54,4,6,55,65],"tags":[],"class_list":["post-49425","post","type-post","status-publish","format-standard","has-post-thumbnail","hentry","category-actualite","category-motocross","category-mx1mx2","category-news-actualite","category-slideshow"],"yoast_head":"<!-- This site is optimized with the Yoast SEO plugin v27.4 - https:\/\/yoast.com\/product\/yoast-seo-wordpress\/ -->\n<title>Tim Gajser chez HRC ? - Motocross - Enduro - Supermoto | MotocrossMag<\/title>\n<meta name=\"robots\" content=\"index, follow, max-snippet:-1, max-image-preview:large, max-video-preview:-1\" \/>\n<link rel=\"canonical\" href=\"https:\/\/fr.motocrossmag.be\/index.php\/2016\/08\/tim-gajser-chez-hrc\/\" \/>\n<meta property=\"og:locale\" content=\"fr_FR\" \/>\n<meta property=\"og:type\" content=\"article\" \/>\n<meta property=\"og:title\" content=\"Tim Gajser chez HRC ? - Motocross - Enduro - Supermoto | MotocrossMag\" \/>\n<meta property=\"og:description\" content=\"Honda a profit\u00e9 du GP de Belgique pour annoncer que Tim Gajser, Evgeny Bobryshev et Gautier Paulin seraient pr\u00e9sents \u00e0 l\u2019occasion de la premi\u00e8re Supermotocross Riders\u2019 Cup qui aura lieu [...]\" \/>\n<meta property=\"og:url\" content=\"https:\/\/fr.motocrossmag.be\/index.php\/2016\/08\/tim-gajser-chez-hrc\/\" \/>\n<meta property=\"og:site_name\" content=\"Motocross - Enduro - Supermoto | MotocrossMag\" \/>\n<meta property=\"article:published_time\" content=\"2016-08-03T08:47:32+00:00\" \/>\n<meta property=\"article:modified_time\" content=\"2016-08-03T10:03:48+00:00\" \/>\n<meta property=\"og:image\" content=\"https:\/\/fr.motocrossmag.be\/wp-content\/uploads\/2016\/07\/gajser_tim_monster_3.jpg\" \/>\n\t<meta property=\"og:image:width\" content=\"1200\" \/>\n\t<meta property=\"og:image:height\" content=\"800\" \/>\n\t<meta property=\"og:image:type\" content=\"image\/jpeg\" \/>\n<meta name=\"author\" content=\"fernand2\" \/>\n<meta name=\"twitter:card\" content=\"summary_large_image\" \/>\n<meta name=\"twitter:label1\" content=\"\u00c9crit par\" \/>\n\t<meta name=\"twitter:data1\" content=\"fernand2\" \/>\n\t<meta name=\"twitter:label2\" content=\"Dur\u00e9e de lecture estim\u00e9e\" \/>\n\t<meta name=\"twitter:data2\" content=\"1 minute\" \/>\n<script type=\"application\/ld+json\" class=\"yoast-schema-graph\">{\"@context\":\"https:\\\/\\\/schema.org\",\"@graph\":[{\"@type\":\"Article\",\"@id\":\"https:\\\/\\\/fr.motocrossmag.be\\\/index.php\\\/2016\\\/08\\\/tim-gajser-chez-hrc\\\/#article\",\"isPartOf\":{\"@id\":\"https:\\\/\\\/fr.motocrossmag.be\\\/index.php\\\/2016\\\/08\\\/tim-gajser-chez-hrc\\\/\"},\"author\":{\"name\":\"fernand2\",\"@id\":\"https:\\\/\\\/fr.motocrossmag.be\\\/#\\\/schema\\\/person\\\/b1bd0a25696c3aeaac7fd5d92d4ed8f6\"},\"headline\":\"Tim Gajser chez HRC ?\",\"datePublished\":\"2016-08-03T08:47:32+00:00\",\"dateModified\":\"2016-08-03T10:03:48+00:00\",\"mainEntityOfPage\":{\"@id\":\"https:\\\/\\\/fr.motocrossmag.be\\\/index.php\\\/2016\\\/08\\\/tim-gajser-chez-hrc\\\/\"},\"wordCount\":249,\"commentCount\":0,\"image\":{\"@id\":\"https:\\\/\\\/fr.motocrossmag.be\\\/index.php\\\/2016\\\/08\\\/tim-gajser-chez-hrc\\\/#primaryimage\"},\"thumbnailUrl\":\"https:\\\/\\\/fr.motocrossmag.be\\\/wp-content\\\/uploads\\\/2016\\\/07\\\/gajser_tim_monster_3.jpg\",\"articleSection\":[\"Actualit\u00e9\",\"Motocross\",\"Motocross MXGP\",\"News\",\"Slideshow\"],\"inLanguage\":\"fr-FR\",\"potentialAction\":[{\"@type\":\"CommentAction\",\"name\":\"Comment\",\"target\":[\"https:\\\/\\\/fr.motocrossmag.be\\\/index.php\\\/2016\\\/08\\\/tim-gajser-chez-hrc\\\/#respond\"]}]},{\"@type\":\"WebPage\",\"@id\":\"https:\\\/\\\/fr.motocrossmag.be\\\/index.php\\\/2016\\\/08\\\/tim-gajser-chez-hrc\\\/\",\"url\":\"https:\\\/\\\/fr.motocrossmag.be\\\/index.php\\\/2016\\\/08\\\/tim-gajser-chez-hrc\\\/\",\"name\":\"Tim Gajser chez HRC ? - Motocross - Enduro - Supermoto | MotocrossMag\",\"isPartOf\":{\"@id\":\"https:\\\/\\\/fr.motocrossmag.be\\\/#website\"},\"primaryImageOfPage\":{\"@id\":\"https:\\\/\\\/fr.motocrossmag.be\\\/index.php\\\/2016\\\/08\\\/tim-gajser-chez-hrc\\\/#primaryimage\"},\"image\":{\"@id\":\"https:\\\/\\\/fr.motocrossmag.be\\\/index.php\\\/2016\\\/08\\\/tim-gajser-chez-hrc\\\/#primaryimage\"},\"thumbnailUrl\":\"https:\\\/\\\/fr.motocrossmag.be\\\/wp-content\\\/uploads\\\/2016\\\/07\\\/gajser_tim_monster_3.jpg\",\"datePublished\":\"2016-08-03T08:47:32+00:00\",\"dateModified\":\"2016-08-03T10:03:48+00:00\",\"author\":{\"@id\":\"https:\\\/\\\/fr.motocrossmag.be\\\/#\\\/schema\\\/person\\\/b1bd0a25696c3aeaac7fd5d92d4ed8f6\"},\"breadcrumb\":{\"@id\":\"https:\\\/\\\/fr.motocrossmag.be\\\/index.php\\\/2016\\\/08\\\/tim-gajser-chez-hrc\\\/#breadcrumb\"},\"inLanguage\":\"fr-FR\",\"potentialAction\":[{\"@type\":\"ReadAction\",\"target\":[\"https:\\\/\\\/fr.motocrossmag.be\\\/index.php\\\/2016\\\/08\\\/tim-gajser-chez-hrc\\\/\"]}]},{\"@type\":\"ImageObject\",\"inLanguage\":\"fr-FR\",\"@id\":\"https:\\\/\\\/fr.motocrossmag.be\\\/index.php\\\/2016\\\/08\\\/tim-gajser-chez-hrc\\\/#primaryimage\",\"url\":\"https:\\\/\\\/fr.motocrossmag.be\\\/wp-content\\\/uploads\\\/2016\\\/07\\\/gajser_tim_monster_3.jpg\",\"contentUrl\":\"https:\\\/\\\/fr.motocrossmag.be\\\/wp-content\\\/uploads\\\/2016\\\/07\\\/gajser_tim_monster_3.jpg\",\"width\":1200,\"height\":800},{\"@type\":\"BreadcrumbList\",\"@id\":\"https:\\\/\\\/fr.motocrossmag.be\\\/index.php\\\/2016\\\/08\\\/tim-gajser-chez-hrc\\\/#breadcrumb\",\"itemListElement\":[{\"@type\":\"ListItem\",\"position\":1,\"name\":\"Accueil\",\"item\":\"https:\\\/\\\/fr.motocrossmag.be\\\/\"},{\"@type\":\"ListItem\",\"position\":2,\"name\":\"Tim Gajser chez HRC ?\"}]},{\"@type\":\"WebSite\",\"@id\":\"https:\\\/\\\/fr.motocrossmag.be\\\/#website\",\"url\":\"https:\\\/\\\/fr.motocrossmag.be\\\/\",\"name\":\"Motocross - Enduro - Supermoto | MotocrossMag\",\"description\":\"L&#039;actualit\u00e9 du motocross, de l&#039;enduro et du Supermoto en ligne!\",\"potentialAction\":[{\"@type\":\"SearchAction\",\"target\":{\"@type\":\"EntryPoint\",\"urlTemplate\":\"https:\\\/\\\/fr.motocrossmag.be\\\/?s={search_term_string}\"},\"query-input\":{\"@type\":\"PropertyValueSpecification\",\"valueRequired\":true,\"valueName\":\"search_term_string\"}}],\"inLanguage\":\"fr-FR\"},{\"@type\":\"Person\",\"@id\":\"https:\\\/\\\/fr.motocrossmag.be\\\/#\\\/schema\\\/person\\\/b1bd0a25696c3aeaac7fd5d92d4ed8f6\",\"name\":\"fernand2\",\"image\":{\"@type\":\"ImageObject\",\"inLanguage\":\"fr-FR\",\"@id\":\"https:\\\/\\\/secure.gravatar.com\\\/avatar\\\/e48cfba345f89620e0c3f40fdfd6f6ef6bc1fbad5d0c3cd2555b4f39e37ef934?s=96&d=mm&r=g\",\"url\":\"https:\\\/\\\/secure.gravatar.com\\\/avatar\\\/e48cfba345f89620e0c3f40fdfd6f6ef6bc1fbad5d0c3cd2555b4f39e37ef934?s=96&d=mm&r=g\",\"contentUrl\":\"https:\\\/\\\/secure.gravatar.com\\\/avatar\\\/e48cfba345f89620e0c3f40fdfd6f6ef6bc1fbad5d0c3cd2555b4f39e37ef934?s=96&d=mm&r=g\",\"caption\":\"fernand2\"},\"url\":\"https:\\\/\\\/fr.motocrossmag.be\\\/index.php\\\/author\\\/fernand2\\\/\"}]}<\/script>\n<!-- \/ Yoast SEO plugin. -->","yoast_head_json":{"title":"Tim Gajser chez HRC ? - Motocross - Enduro - Supermoto | MotocrossMag","robots":{"index":"index","follow":"follow","max-snippet":"max-snippet:-1","max-image-preview":"max-image-preview:large","max-video-preview":"max-video-preview:-1"},"canonical":"https:\/\/fr.motocrossmag.be\/index.php\/2016\/08\/tim-gajser-chez-hrc\/","og_locale":"fr_FR","og_type":"article","og_title":"Tim Gajser chez HRC ? - Motocross - Enduro - Supermoto | MotocrossMag","og_description":"Honda a profit\u00e9 du GP de Belgique pour annoncer que Tim Gajser, Evgeny Bobryshev et Gautier Paulin seraient pr\u00e9sents \u00e0 l\u2019occasion de la premi\u00e8re Supermotocross Riders\u2019 Cup qui aura lieu [...]","og_url":"https:\/\/fr.motocrossmag.be\/index.php\/2016\/08\/tim-gajser-chez-hrc\/","og_site_name":"Motocross - Enduro - Supermoto | MotocrossMag","article_published_time":"2016-08-03T08:47:32+00:00","article_modified_time":"2016-08-03T10:03:48+00:00","og_image":[{"width":1200,"height":800,"url":"https:\/\/fr.motocrossmag.be\/wp-content\/uploads\/2016\/07\/gajser_tim_monster_3.jpg","type":"image\/jpeg"}],"author":"fernand2","twitter_card":"summary_large_image","twitter_misc":{"\u00c9crit par":"fernand2","Dur\u00e9e de lecture estim\u00e9e":"1 minute"},"schema":{"@context":"https:\/\/schema.org","@graph":[{"@type":"Article","@id":"https:\/\/fr.motocrossmag.be\/index.php\/2016\/08\/tim-gajser-chez-hrc\/#article","isPartOf":{"@id":"https:\/\/fr.motocrossmag.be\/index.php\/2016\/08\/tim-gajser-chez-hrc\/"},"author":{"name":"fernand2","@id":"https:\/\/fr.motocrossmag.be\/#\/schema\/person\/b1bd0a25696c3aeaac7fd5d92d4ed8f6"},"headline":"Tim Gajser chez HRC ?","datePublished":"2016-08-03T08:47:32+00:00","dateModified":"2016-08-03T10:03:48+00:00","mainEntityOfPage":{"@id":"https:\/\/fr.motocrossmag.be\/index.php\/2016\/08\/tim-gajser-chez-hrc\/"},"wordCount":249,"commentCount":0,"image":{"@id":"https:\/\/fr.motocrossmag.be\/index.php\/2016\/08\/tim-gajser-chez-hrc\/#primaryimage"},"thumbnailUrl":"https:\/\/fr.motocrossmag.be\/wp-content\/uploads\/2016\/07\/gajser_tim_monster_3.jpg","articleSection":["Actualit\u00e9","Motocross","Motocross MXGP","News","Slideshow"],"inLanguage":"fr-FR","potentialAction":[{"@type":"CommentAction","name":"Comment","target":["https:\/\/fr.motocrossmag.be\/index.php\/2016\/08\/tim-gajser-chez-hrc\/#respond"]}]},{"@type":"WebPage","@id":"https:\/\/fr.motocrossmag.be\/index.php\/2016\/08\/tim-gajser-chez-hrc\/","url":"https:\/\/fr.motocrossmag.be\/index.php\/2016\/08\/tim-gajser-chez-hrc\/","name":"Tim Gajser chez HRC ? - Motocross - Enduro - Supermoto | MotocrossMag","isPartOf":{"@id":"https:\/\/fr.motocrossmag.be\/#website"},"primaryImageOfPage":{"@id":"https:\/\/fr.motocrossmag.be\/index.php\/2016\/08\/tim-gajser-chez-hrc\/#primaryimage"},"image":{"@id":"https:\/\/fr.motocrossmag.be\/index.php\/2016\/08\/tim-gajser-chez-hrc\/#primaryimage"},"thumbnailUrl":"https:\/\/fr.motocrossmag.be\/wp-content\/uploads\/2016\/07\/gajser_tim_monster_3.jpg","datePublished":"2016-08-03T08:47:32+00:00","dateModified":"2016-08-03T10:03:48+00:00","author":{"@id":"https:\/\/fr.motocrossmag.be\/#\/schema\/person\/b1bd0a25696c3aeaac7fd5d92d4ed8f6"},"breadcrumb":{"@id":"https:\/\/fr.motocrossmag.be\/index.php\/2016\/08\/tim-gajser-chez-hrc\/#breadcrumb"},"inLanguage":"fr-FR","potentialAction":[{"@type":"ReadAction","target":["https:\/\/fr.motocrossmag.be\/index.php\/2016\/08\/tim-gajser-chez-hrc\/"]}]},{"@type":"ImageObject","inLanguage":"fr-FR","@id":"https:\/\/fr.motocrossmag.be\/index.php\/2016\/08\/tim-gajser-chez-hrc\/#primaryimage","url":"https:\/\/fr.motocrossmag.be\/wp-content\/uploads\/2016\/07\/gajser_tim_monster_3.jpg","contentUrl":"https:\/\/fr.motocrossmag.be\/wp-content\/uploads\/2016\/07\/gajser_tim_monster_3.jpg","width":1200,"height":800},{"@type":"BreadcrumbList","@id":"https:\/\/fr.motocrossmag.be\/index.php\/2016\/08\/tim-gajser-chez-hrc\/#breadcrumb","itemListElement":[{"@type":"ListItem","position":1,"name":"Accueil","item":"https:\/\/fr.motocrossmag.be\/"},{"@type":"ListItem","position":2,"name":"Tim Gajser chez HRC ?"}]},{"@type":"WebSite","@id":"https:\/\/fr.motocrossmag.be\/#website","url":"https:\/\/fr.motocrossmag.be\/","name":"Motocross - Enduro - Supermoto | MotocrossMag","description":"L&#039;actualit\u00e9 du motocross, de l&#039;enduro et du Supermoto en ligne!","potentialAction":[{"@type":"SearchAction","target":{"@type":"EntryPoint","urlTemplate":"https:\/\/fr.motocrossmag.be\/?s={search_term_string}"},"query-input":{"@type":"PropertyValueSpecification","valueRequired":true,"valueName":"search_term_string"}}],"inLanguage":"fr-FR"},{"@type":"Person","@id":"https:\/\/fr.motocrossmag.be\/#\/schema\/person\/b1bd0a25696c3aeaac7fd5d92d4ed8f6","name":"fernand2","image":{"@type":"ImageObject","inLanguage":"fr-FR","@id":"https:\/\/secure.gravatar.com\/avatar\/e48cfba345f89620e0c3f40fdfd6f6ef6bc1fbad5d0c3cd2555b4f39e37ef934?s=96&d=mm&r=g","url":"https:\/\/secure.gravatar.com\/avatar\/e48cfba345f89620e0c3f40fdfd6f6ef6bc1fbad5d0c3cd2555b4f39e37ef934?s=96&d=mm&r=g","contentUrl":"https:\/\/secure.gravatar.com\/avatar\/e48cfba345f89620e0c3f40fdfd6f6ef6bc1fbad5d0c3cd2555b4f39e37ef934?s=96&d=mm&r=g","caption":"fernand2"},"url":"https:\/\/fr.motocrossmag.be\/index.php\/author\/fernand2\/"}]}},"_links":{"self":[{"href":"https:\/\/fr.motocrossmag.be\/index.php\/wp-json\/wp\/v2\/posts\/49425","targetHints":{"allow":["GET"]}}],"collection":[{"href":"https:\/\/fr.motocrossmag.be\/index.php\/wp-json\/wp\/v2\/posts"}],"about":[{"href":"https:\/\/fr.motocrossmag.be\/index.php\/wp-json\/wp\/v2\/types\/post"}],"author":[{"embeddable":true,"href":"https:\/\/fr.motocrossmag.be\/index.php\/wp-json\/wp\/v2\/users\/898"}],"replies":[{"embeddable":true,"href":"https:\/\/fr.motocrossmag.be\/index.php\/wp-json\/wp\/v2\/comments?post=49425"}],"version-history":[{"count":2,"href":"https:\/\/fr.motocrossmag.be\/index.php\/wp-json\/wp\/v2\/posts\/49425\/revisions"}],"predecessor-version":[{"id":49431,"href":"https:\/\/fr.motocrossmag.be\/index.php\/wp-json\/wp\/v2\/posts\/49425\/revisions\/49431"}],"wp:featuredmedia":[{"embeddable":true,"href":"https:\/\/fr.motocrossmag.be\/index.php\/wp-json\/wp\/v2\/media\/49143"}],"wp:attachment":[{"href":"https:\/\/fr.motocrossmag.be\/index.php\/wp-json\/wp\/v2\/media?parent=49425"}],"wp:term":[{"taxonomy":"category","embeddable":true,"href":"https:\/\/fr.motocrossmag.be\/index.php\/wp-json\/wp\/v2\/categories?post=49425"},{"taxonomy":"post_tag","embeddable":true,"href":"https:\/\/fr.motocrossmag.be\/index.php\/wp-json\/wp\/v2\/tags?post=49425"}],"curies":[{"name":"wp","href":"https:\/\/api.w.org\/{rel}","templated":true}]}}