{"id":49525,"date":"2016-08-04T17:48:17","date_gmt":"2016-08-04T15:48:17","guid":{"rendered":"http:\/\/fr.motocrossmag.be\/?p=49525"},"modified":"2016-08-04T17:48:17","modified_gmt":"2016-08-04T15:48:17","slug":"bryan-boulard-absent-du-gp-de-suisse","status":"publish","type":"post","link":"https:\/\/fr.motocrossmag.be\/index.php\/2016\/08\/bryan-boulard-absent-du-gp-de-suisse\/","title":{"rendered":"Bryan Boulard absent du GP de Suisse"},"content":{"rendered":"<p><strong>Bryan Boulard roule depuis le GP de Loket sous de nouvelles couleurs, celles de la structure e-MX Racing Honda mise sur pied par C\u00e9dric Mazzoleni pour permettre \u00e0 notre compatriote de terminer sa saison apr\u00e8s sa rupture avec le team Kawasaki VHR.<\/strong><\/p>\n<p>Malheureusement, apr\u00e8s le GP de Lommel, Bryan apprenait qu&rsquo;\u00e0 la suite du fait que le team VHR avait d\u00e9cid\u00e9 de le d\u00e9sengager du championnat, il devait payer \u00e0 nouveau cet engagement. Un budget qui n&rsquo;avait \u00e9videmment pas \u00e9t\u00e9 pr\u00e9vu. Ce qui explique que le pilote de Libramont ne sera pas au d\u00e9part du GP de Suisse ce week-end.<\/p><div class=\"ehgrf6a974cceb2142\" ><!-- \/91277017\/Inline-articles-mobile -->\n<div style=\"margin:auto; text-align:center !important\">\n<div id='div-gpt-ad-1784982661365-0' style='min-width: 250px; min-height: 75px;'>\n  <script>\n    googletag.cmd.push(function() { googletag.display('div-gpt-ad-1784982661365-0'); });\n  <\/script>\n<\/div><\/div><\/div><style type=\"text\/css\">\r\n.ehgrf6a974cceb2142 {\r\nmargin-bottom:30px;margin-top:20px\r\n}\r\n@media screen and (min-width: 1201px) {\r\n.ehgrf6a974cceb2142 {\r\ndisplay: block;\r\n}\r\n}\r\n@media screen and (min-width: 993px) and (max-width: 1200px) {\r\n.ehgrf6a974cceb2142 {\r\ndisplay: block;\r\n}\r\n}\r\n@media screen and (min-width: 769px) and (max-width: 992px) {\r\n.ehgrf6a974cceb2142 {\r\ndisplay: block;\r\n}\r\n}\r\n@media screen and (min-width: 768px) and (max-width: 768px) {\r\n.ehgrf6a974cceb2142 {\r\ndisplay: block;\r\n}\r\n}\r\n@media screen and (max-width: 767px) {\r\n.ehgrf6a974cceb2142 {\r\ndisplay: block;\r\n}\r\n}\r\n<\/style>\r\n\n<p>\u00ab\u00a0Mais je viens d&rsquo;avoir un contact avec un partenaire qui devrait me permettre de rouler malgr\u00e9 tout \u00e0 Assen pour le dernier GP europ\u00e9en\u00a0\u00bb, nous rassure Bryan dont la saison n&rsquo;est donc heureusement pas termin\u00e9e.<\/p>\n<p>Sans compter que Bryan sera au d\u00e9part des 12 Heures de la Chinelle le 13 ao\u00fbt prochain, devrait faire une apparition \u00e0 l&rsquo;AMPL, disputera l&rsquo;\u00e9preuve de Crisolles et sera sur les 3 derni\u00e8res \u00e9preuves du championnat de Belgique inter. Bien que priv\u00e9 de GP de Suisse ce week-end, les prochaines semaines s&rsquo;annoncent donc charg\u00e9es pour le pilote e-MX Racing !<\/p>\n<p>&nbsp;<\/p><div class=\"stavg6a974cceb2157\" ><!-- \/91277017\/articles-inline-2 -->\n<div style=\"margin: 20px auto; text-align:center !important\">\n<div id='div-gpt-ad-1785021530385-0' style='min-width: 300px; min-height: 75px;'>\n  <script>\n    googletag.cmd.push(function() { googletag.display('div-gpt-ad-1785021530385-0'); });\n  <\/script>\n<\/div><\/div><\/div><style type=\"text\/css\">\r\n@media screen and (min-width: 1201px) {\r\n.stavg6a974cceb2157 {\r\ndisplay: block;\r\n}\r\n}\r\n@media screen and (min-width: 993px) and (max-width: 1200px) {\r\n.stavg6a974cceb2157 {\r\ndisplay: block;\r\n}\r\n}\r\n@media screen and (min-width: 769px) and (max-width: 992px) {\r\n.stavg6a974cceb2157 {\r\ndisplay: block;\r\n}\r\n}\r\n@media screen and (min-width: 768px) and (max-width: 768px) {\r\n.stavg6a974cceb2157 {\r\ndisplay: block;\r\n}\r\n}\r\n@media screen and (max-width: 767px) {\r\n.stavg6a974cceb2157 {\r\ndisplay: block;\r\n}\r\n}\r\n<\/style>\r\n\n<p>Photo: Lo\u00efc Lassence<\/p>\n","protected":false},"excerpt":{"rendered":"<p>Bryan Boulard roule depuis le GP de Loket sous de nouvelles couleurs, celles de la structure e-MX Racing Honda mise sur pied par C\u00e9dric Mazzoleni pour permettre \u00e0 notre compatriote de terminer sa saison apr\u00e8s sa rupture avec le team Kawasaki VHR. Malheureusement, apr\u00e8s le GP de Lommel, Bryan apprenait qu&rsquo;\u00e0 la suite du fait [&hellip;]<\/p>\n","protected":false},"author":932,"featured_media":49322,"comment_status":"open","ping_status":"closed","sticky":false,"template":"","format":"standard","meta":{"tdm_status":"","tdm_grid_status":"","footnotes":""},"categories":[54,4,6,5,55,65],"tags":[],"class_list":["post-49525","post","type-post","status-publish","format-standard","has-post-thumbnail","category-actualite","category-motocross","category-mx1mx2","category-news","category-news-actualite","category-slideshow"],"yoast_head":"<!-- This site is optimized with the Yoast SEO plugin v28.3 - https:\/\/yoast.com\/product\/yoast-seo-wordpress\/ -->\n<title>Bryan Boulard absent du GP de Suisse - Motocross - Enduro - Supermoto | MotocrossMag<\/title>\n<meta name=\"robots\" content=\"index, follow, max-snippet:-1, max-image-preview:large, max-video-preview:-1\" \/>\n<link rel=\"canonical\" href=\"https:\/\/fr.motocrossmag.be\/index.php\/2016\/08\/bryan-boulard-absent-du-gp-de-suisse\/\" \/>\n<meta property=\"og:locale\" content=\"fr_FR\" \/>\n<meta property=\"og:type\" content=\"article\" \/>\n<meta property=\"og:title\" content=\"Bryan Boulard absent du GP de Suisse - Motocross - Enduro - Supermoto | MotocrossMag\" \/>\n<meta property=\"og:description\" content=\"Bryan Boulard roule depuis le GP de Loket sous de nouvelles couleurs, celles de la structure e-MX Racing Honda mise sur pied par C\u00e9dric Mazzoleni pour permettre \u00e0 notre compatriote de terminer sa saison apr\u00e8s sa rupture avec le team Kawasaki VHR. Malheureusement, apr\u00e8s le GP de Lommel, Bryan apprenait qu&rsquo;\u00e0 la suite du fait [&hellip;]\" \/>\n<meta property=\"og:url\" content=\"https:\/\/fr.motocrossmag.be\/index.php\/2016\/08\/bryan-boulard-absent-du-gp-de-suisse\/\" \/>\n<meta property=\"og:site_name\" content=\"Motocross - Enduro - Supermoto | MotocrossMag\" \/>\n<meta property=\"article:published_time\" content=\"2016-08-04T15:48:17+00:00\" \/>\n<meta property=\"og:image\" content=\"https:\/\/fr.motocrossmag.be\/wp-content\/uploads\/2016\/08\/Lommel_Lommel_lassenceloic-13.jpg\" \/>\n\t<meta property=\"og:image:width\" content=\"1400\" \/>\n\t<meta property=\"og:image:height\" content=\"933\" \/>\n\t<meta property=\"og:image:type\" content=\"image\/jpeg\" \/>\n<meta name=\"author\" content=\"oliviere\" \/>\n<meta name=\"twitter:card\" content=\"summary_large_image\" \/>\n<meta name=\"twitter:label1\" content=\"\u00c9crit par\" \/>\n\t<meta name=\"twitter:data1\" content=\"oliviere\" \/>\n\t<meta name=\"twitter:label2\" content=\"Dur\u00e9e de lecture estim\u00e9e\" \/>\n\t<meta name=\"twitter:data2\" content=\"1 minute\" \/>\n<script type=\"application\/ld+json\" class=\"yoast-schema-graph\">{\"@context\":\"https:\\\/\\\/schema.org\",\"@graph\":[{\"@type\":\"Article\",\"@id\":\"https:\\\/\\\/fr.motocrossmag.be\\\/index.php\\\/2016\\\/08\\\/bryan-boulard-absent-du-gp-de-suisse\\\/#article\",\"isPartOf\":{\"@id\":\"https:\\\/\\\/fr.motocrossmag.be\\\/index.php\\\/2016\\\/08\\\/bryan-boulard-absent-du-gp-de-suisse\\\/\"},\"author\":{\"name\":\"oliviere\",\"@id\":\"https:\\\/\\\/fr.motocrossmag.be\\\/#\\\/schema\\\/person\\\/11b47143d9f755babca2c9110e03235c\"},\"headline\":\"Bryan Boulard absent du GP de Suisse\",\"datePublished\":\"2016-08-04T15:48:17+00:00\",\"mainEntityOfPage\":{\"@id\":\"https:\\\/\\\/fr.motocrossmag.be\\\/index.php\\\/2016\\\/08\\\/bryan-boulard-absent-du-gp-de-suisse\\\/\"},\"wordCount\":218,\"commentCount\":0,\"image\":{\"@id\":\"https:\\\/\\\/fr.motocrossmag.be\\\/index.php\\\/2016\\\/08\\\/bryan-boulard-absent-du-gp-de-suisse\\\/#primaryimage\"},\"thumbnailUrl\":\"https:\\\/\\\/fr.motocrossmag.be\\\/wp-content\\\/uploads\\\/2016\\\/08\\\/Lommel_Lommel_lassenceloic-13.jpg\",\"articleSection\":[\"Actualit\u00e9\",\"Motocross\",\"Motocross MXGP\",\"News\",\"News\",\"Slideshow\"],\"inLanguage\":\"fr-FR\",\"potentialAction\":[{\"@type\":\"CommentAction\",\"name\":\"Comment\",\"target\":[\"https:\\\/\\\/fr.motocrossmag.be\\\/index.php\\\/2016\\\/08\\\/bryan-boulard-absent-du-gp-de-suisse\\\/#respond\"]}]},{\"@type\":\"WebPage\",\"@id\":\"https:\\\/\\\/fr.motocrossmag.be\\\/index.php\\\/2016\\\/08\\\/bryan-boulard-absent-du-gp-de-suisse\\\/\",\"url\":\"https:\\\/\\\/fr.motocrossmag.be\\\/index.php\\\/2016\\\/08\\\/bryan-boulard-absent-du-gp-de-suisse\\\/\",\"name\":\"Bryan Boulard absent du GP de Suisse - Motocross - Enduro - Supermoto | MotocrossMag\",\"isPartOf\":{\"@id\":\"https:\\\/\\\/fr.motocrossmag.be\\\/#website\"},\"primaryImageOfPage\":{\"@id\":\"https:\\\/\\\/fr.motocrossmag.be\\\/index.php\\\/2016\\\/08\\\/bryan-boulard-absent-du-gp-de-suisse\\\/#primaryimage\"},\"image\":{\"@id\":\"https:\\\/\\\/fr.motocrossmag.be\\\/index.php\\\/2016\\\/08\\\/bryan-boulard-absent-du-gp-de-suisse\\\/#primaryimage\"},\"thumbnailUrl\":\"https:\\\/\\\/fr.motocrossmag.be\\\/wp-content\\\/uploads\\\/2016\\\/08\\\/Lommel_Lommel_lassenceloic-13.jpg\",\"datePublished\":\"2016-08-04T15:48:17+00:00\",\"author\":{\"@id\":\"https:\\\/\\\/fr.motocrossmag.be\\\/#\\\/schema\\\/person\\\/11b47143d9f755babca2c9110e03235c\"},\"breadcrumb\":{\"@id\":\"https:\\\/\\\/fr.motocrossmag.be\\\/index.php\\\/2016\\\/08\\\/bryan-boulard-absent-du-gp-de-suisse\\\/#breadcrumb\"},\"inLanguage\":\"fr-FR\",\"potentialAction\":[{\"@type\":\"ReadAction\",\"target\":[\"https:\\\/\\\/fr.motocrossmag.be\\\/index.php\\\/2016\\\/08\\\/bryan-boulard-absent-du-gp-de-suisse\\\/\"]}]},{\"@type\":\"ImageObject\",\"inLanguage\":\"fr-FR\",\"@id\":\"https:\\\/\\\/fr.motocrossmag.be\\\/index.php\\\/2016\\\/08\\\/bryan-boulard-absent-du-gp-de-suisse\\\/#primaryimage\",\"url\":\"https:\\\/\\\/fr.motocrossmag.be\\\/wp-content\\\/uploads\\\/2016\\\/08\\\/Lommel_Lommel_lassenceloic-13.jpg\",\"contentUrl\":\"https:\\\/\\\/fr.motocrossmag.be\\\/wp-content\\\/uploads\\\/2016\\\/08\\\/Lommel_Lommel_lassenceloic-13.jpg\",\"width\":1400,\"height\":933},{\"@type\":\"BreadcrumbList\",\"@id\":\"https:\\\/\\\/fr.motocrossmag.be\\\/index.php\\\/2016\\\/08\\\/bryan-boulard-absent-du-gp-de-suisse\\\/#breadcrumb\",\"itemListElement\":[{\"@type\":\"ListItem\",\"position\":1,\"name\":\"Accueil\",\"item\":\"https:\\\/\\\/fr.motocrossmag.be\\\/\"},{\"@type\":\"ListItem\",\"position\":2,\"name\":\"Bryan Boulard absent du GP de Suisse\"}]},{\"@type\":\"WebSite\",\"@id\":\"https:\\\/\\\/fr.motocrossmag.be\\\/#website\",\"url\":\"https:\\\/\\\/fr.motocrossmag.be\\\/\",\"name\":\"Motocross - Enduro - Supermoto | MotocrossMag\",\"description\":\"L&#039;actualit\u00e9 du motocross, de l&#039;enduro et du Supermoto en ligne!\",\"potentialAction\":[{\"@type\":\"SearchAction\",\"target\":{\"@type\":\"EntryPoint\",\"urlTemplate\":\"https:\\\/\\\/fr.motocrossmag.be\\\/?s={search_term_string}\"},\"query-input\":{\"@type\":\"PropertyValueSpecification\",\"valueRequired\":true,\"valueName\":\"search_term_string\"}}],\"inLanguage\":\"fr-FR\"},{\"@type\":\"Person\",\"@id\":\"https:\\\/\\\/fr.motocrossmag.be\\\/#\\\/schema\\\/person\\\/11b47143d9f755babca2c9110e03235c\",\"name\":\"oliviere\",\"image\":{\"@type\":\"ImageObject\",\"inLanguage\":\"fr-FR\",\"@id\":\"https:\\\/\\\/secure.gravatar.com\\\/avatar\\\/907069e0b81d119452040469e4a7501da1100f54f7f80180ce77bfab718288f6?s=96&d=mm&r=g\",\"url\":\"https:\\\/\\\/secure.gravatar.com\\\/avatar\\\/907069e0b81d119452040469e4a7501da1100f54f7f80180ce77bfab718288f6?s=96&d=mm&r=g\",\"contentUrl\":\"https:\\\/\\\/secure.gravatar.com\\\/avatar\\\/907069e0b81d119452040469e4a7501da1100f54f7f80180ce77bfab718288f6?s=96&d=mm&r=g\",\"caption\":\"oliviere\"},\"sameAs\":[\"http:\\\/\\\/www.motocrossmag.be\"],\"url\":\"https:\\\/\\\/fr.motocrossmag.be\\\/index.php\\\/author\\\/oliviere\\\/\"}]}<\/script>\n<!-- \/ Yoast SEO plugin. -->","yoast_head_json":{"title":"Bryan Boulard absent du GP de Suisse - Motocross - Enduro - Supermoto | MotocrossMag","robots":{"index":"index","follow":"follow","max-snippet":"max-snippet:-1","max-image-preview":"max-image-preview:large","max-video-preview":"max-video-preview:-1"},"canonical":"https:\/\/fr.motocrossmag.be\/index.php\/2016\/08\/bryan-boulard-absent-du-gp-de-suisse\/","og_locale":"fr_FR","og_type":"article","og_title":"Bryan Boulard absent du GP de Suisse - Motocross - Enduro - Supermoto | MotocrossMag","og_description":"Bryan Boulard roule depuis le GP de Loket sous de nouvelles couleurs, celles de la structure e-MX Racing Honda mise sur pied par C\u00e9dric Mazzoleni pour permettre \u00e0 notre compatriote de terminer sa saison apr\u00e8s sa rupture avec le team Kawasaki VHR. Malheureusement, apr\u00e8s le GP de Lommel, Bryan apprenait qu&rsquo;\u00e0 la suite du fait [&hellip;]","og_url":"https:\/\/fr.motocrossmag.be\/index.php\/2016\/08\/bryan-boulard-absent-du-gp-de-suisse\/","og_site_name":"Motocross - Enduro - Supermoto | MotocrossMag","article_published_time":"2016-08-04T15:48:17+00:00","og_image":[{"width":1400,"height":933,"url":"https:\/\/fr.motocrossmag.be\/wp-content\/uploads\/2016\/08\/Lommel_Lommel_lassenceloic-13.jpg","type":"image\/jpeg"}],"author":"oliviere","twitter_card":"summary_large_image","twitter_misc":{"\u00c9crit par":"oliviere","Dur\u00e9e de lecture estim\u00e9e":"1 minute"},"schema":{"@context":"https:\/\/schema.org","@graph":[{"@type":"Article","@id":"https:\/\/fr.motocrossmag.be\/index.php\/2016\/08\/bryan-boulard-absent-du-gp-de-suisse\/#article","isPartOf":{"@id":"https:\/\/fr.motocrossmag.be\/index.php\/2016\/08\/bryan-boulard-absent-du-gp-de-suisse\/"},"author":{"name":"oliviere","@id":"https:\/\/fr.motocrossmag.be\/#\/schema\/person\/11b47143d9f755babca2c9110e03235c"},"headline":"Bryan Boulard absent du GP de Suisse","datePublished":"2016-08-04T15:48:17+00:00","mainEntityOfPage":{"@id":"https:\/\/fr.motocrossmag.be\/index.php\/2016\/08\/bryan-boulard-absent-du-gp-de-suisse\/"},"wordCount":218,"commentCount":0,"image":{"@id":"https:\/\/fr.motocrossmag.be\/index.php\/2016\/08\/bryan-boulard-absent-du-gp-de-suisse\/#primaryimage"},"thumbnailUrl":"https:\/\/fr.motocrossmag.be\/wp-content\/uploads\/2016\/08\/Lommel_Lommel_lassenceloic-13.jpg","articleSection":["Actualit\u00e9","Motocross","Motocross MXGP","News","News","Slideshow"],"inLanguage":"fr-FR","potentialAction":[{"@type":"CommentAction","name":"Comment","target":["https:\/\/fr.motocrossmag.be\/index.php\/2016\/08\/bryan-boulard-absent-du-gp-de-suisse\/#respond"]}]},{"@type":"WebPage","@id":"https:\/\/fr.motocrossmag.be\/index.php\/2016\/08\/bryan-boulard-absent-du-gp-de-suisse\/","url":"https:\/\/fr.motocrossmag.be\/index.php\/2016\/08\/bryan-boulard-absent-du-gp-de-suisse\/","name":"Bryan Boulard absent du GP de Suisse - Motocross - Enduro - Supermoto | MotocrossMag","isPartOf":{"@id":"https:\/\/fr.motocrossmag.be\/#website"},"primaryImageOfPage":{"@id":"https:\/\/fr.motocrossmag.be\/index.php\/2016\/08\/bryan-boulard-absent-du-gp-de-suisse\/#primaryimage"},"image":{"@id":"https:\/\/fr.motocrossmag.be\/index.php\/2016\/08\/bryan-boulard-absent-du-gp-de-suisse\/#primaryimage"},"thumbnailUrl":"https:\/\/fr.motocrossmag.be\/wp-content\/uploads\/2016\/08\/Lommel_Lommel_lassenceloic-13.jpg","datePublished":"2016-08-04T15:48:17+00:00","author":{"@id":"https:\/\/fr.motocrossmag.be\/#\/schema\/person\/11b47143d9f755babca2c9110e03235c"},"breadcrumb":{"@id":"https:\/\/fr.motocrossmag.be\/index.php\/2016\/08\/bryan-boulard-absent-du-gp-de-suisse\/#breadcrumb"},"inLanguage":"fr-FR","potentialAction":[{"@type":"ReadAction","target":["https:\/\/fr.motocrossmag.be\/index.php\/2016\/08\/bryan-boulard-absent-du-gp-de-suisse\/"]}]},{"@type":"ImageObject","inLanguage":"fr-FR","@id":"https:\/\/fr.motocrossmag.be\/index.php\/2016\/08\/bryan-boulard-absent-du-gp-de-suisse\/#primaryimage","url":"https:\/\/fr.motocrossmag.be\/wp-content\/uploads\/2016\/08\/Lommel_Lommel_lassenceloic-13.jpg","contentUrl":"https:\/\/fr.motocrossmag.be\/wp-content\/uploads\/2016\/08\/Lommel_Lommel_lassenceloic-13.jpg","width":1400,"height":933},{"@type":"BreadcrumbList","@id":"https:\/\/fr.motocrossmag.be\/index.php\/2016\/08\/bryan-boulard-absent-du-gp-de-suisse\/#breadcrumb","itemListElement":[{"@type":"ListItem","position":1,"name":"Accueil","item":"https:\/\/fr.motocrossmag.be\/"},{"@type":"ListItem","position":2,"name":"Bryan Boulard absent du GP de Suisse"}]},{"@type":"WebSite","@id":"https:\/\/fr.motocrossmag.be\/#website","url":"https:\/\/fr.motocrossmag.be\/","name":"Motocross - Enduro - Supermoto | MotocrossMag","description":"L&#039;actualit\u00e9 du motocross, de l&#039;enduro et du Supermoto en ligne!","potentialAction":[{"@type":"SearchAction","target":{"@type":"EntryPoint","urlTemplate":"https:\/\/fr.motocrossmag.be\/?s={search_term_string}"},"query-input":{"@type":"PropertyValueSpecification","valueRequired":true,"valueName":"search_term_string"}}],"inLanguage":"fr-FR"},{"@type":"Person","@id":"https:\/\/fr.motocrossmag.be\/#\/schema\/person\/11b47143d9f755babca2c9110e03235c","name":"oliviere","image":{"@type":"ImageObject","inLanguage":"fr-FR","@id":"https:\/\/secure.gravatar.com\/avatar\/907069e0b81d119452040469e4a7501da1100f54f7f80180ce77bfab718288f6?s=96&d=mm&r=g","url":"https:\/\/secure.gravatar.com\/avatar\/907069e0b81d119452040469e4a7501da1100f54f7f80180ce77bfab718288f6?s=96&d=mm&r=g","contentUrl":"https:\/\/secure.gravatar.com\/avatar\/907069e0b81d119452040469e4a7501da1100f54f7f80180ce77bfab718288f6?s=96&d=mm&r=g","caption":"oliviere"},"sameAs":["http:\/\/www.motocrossmag.be"],"url":"https:\/\/fr.motocrossmag.be\/index.php\/author\/oliviere\/"}]}},"_links":{"self":[{"href":"https:\/\/fr.motocrossmag.be\/index.php\/wp-json\/wp\/v2\/posts\/49525","targetHints":{"allow":["GET"]}}],"collection":[{"href":"https:\/\/fr.motocrossmag.be\/index.php\/wp-json\/wp\/v2\/posts"}],"about":[{"href":"https:\/\/fr.motocrossmag.be\/index.php\/wp-json\/wp\/v2\/types\/post"}],"author":[{"embeddable":true,"href":"https:\/\/fr.motocrossmag.be\/index.php\/wp-json\/wp\/v2\/users\/932"}],"replies":[{"embeddable":true,"href":"https:\/\/fr.motocrossmag.be\/index.php\/wp-json\/wp\/v2\/comments?post=49525"}],"version-history":[{"count":2,"href":"https:\/\/fr.motocrossmag.be\/index.php\/wp-json\/wp\/v2\/posts\/49525\/revisions"}],"predecessor-version":[{"id":49529,"href":"https:\/\/fr.motocrossmag.be\/index.php\/wp-json\/wp\/v2\/posts\/49525\/revisions\/49529"}],"wp:featuredmedia":[{"embeddable":true,"href":"https:\/\/fr.motocrossmag.be\/index.php\/wp-json\/wp\/v2\/media\/49322"}],"wp:attachment":[{"href":"https:\/\/fr.motocrossmag.be\/index.php\/wp-json\/wp\/v2\/media?parent=49525"}],"wp:term":[{"taxonomy":"category","embeddable":true,"href":"https:\/\/fr.motocrossmag.be\/index.php\/wp-json\/wp\/v2\/categories?post=49525"},{"taxonomy":"post_tag","embeddable":true,"href":"https:\/\/fr.motocrossmag.be\/index.php\/wp-json\/wp\/v2\/tags?post=49525"}],"curies":[{"name":"wp","href":"https:\/\/api.w.org\/{rel}","templated":true}]}}