{"id":49805,"date":"2016-08-11T10:57:47","date_gmt":"2016-08-11T08:57:47","guid":{"rendered":"http:\/\/fr.motocrossmag.be\/?p=49805"},"modified":"2016-08-13T11:37:40","modified_gmt":"2016-08-13T09:37:40","slug":"video-la-nouvelle-honda-450-cr-f-2017-en-action","status":"publish","type":"post","link":"https:\/\/fr.motocrossmag.be\/index.php\/2016\/08\/video-la-nouvelle-honda-450-cr-f-2017-en-action\/","title":{"rendered":"Vid\u00e9o: la nouvelle Honda 450 CR-F 2017 en action !"},"content":{"rendered":"<p><strong>Honda arrive pour 2017 avec une 450 CR-F revue de A \u00e0 Z. Moteur r\u00e9\u00e9tudi\u00e9, ch\u00e2ssis alu de 7\u00e8me g\u00e9n\u00e9ration, nouvelle fourche Showa 49mm (\u00e0 ressorts), r\u00e9servoir en titane, d\u00e9marreur \u00e9lectrique (en option dans certains pays) et nouveau look sont au menu de la nouvelle arme des rouges. Une machine qu&rsquo;il nous faudra encore patienter jusqu&rsquo;en d\u00e9cembre pour essayer, la production ayant pris du retard au Japon.<\/strong><\/p>\n<p>En attendant, voici les premi\u00e8res images officielles de la nouvelle Honda en action&#8230;<\/p><div class=\"rszuc6a99944657a7d\" ><!-- \/91277017\/Inline-articles-mobile -->\n<div style=\"margin:auto; text-align:center !important\">\n<div id='div-gpt-ad-1784982661365-0' style='min-width: 250px; min-height: 75px;'>\n  <script>\n    googletag.cmd.push(function() { googletag.display('div-gpt-ad-1784982661365-0'); });\n  <\/script>\n<\/div><\/div><\/div><style type=\"text\/css\">\r\n.rszuc6a99944657a7d {\r\nmargin-bottom:30px;margin-top:20px\r\n}\r\n@media screen and (min-width: 1201px) {\r\n.rszuc6a99944657a7d {\r\ndisplay: block;\r\n}\r\n}\r\n@media screen and (min-width: 993px) and (max-width: 1200px) {\r\n.rszuc6a99944657a7d {\r\ndisplay: block;\r\n}\r\n}\r\n@media screen and (min-width: 769px) and (max-width: 992px) {\r\n.rszuc6a99944657a7d {\r\ndisplay: block;\r\n}\r\n}\r\n@media screen and (min-width: 768px) and (max-width: 768px) {\r\n.rszuc6a99944657a7d {\r\ndisplay: block;\r\n}\r\n}\r\n@media screen and (max-width: 767px) {\r\n.rszuc6a99944657a7d {\r\ndisplay: block;\r\n}\r\n}\r\n<\/style>\r\n\n<p>&nbsp;<\/p>\n<p><iframe src=\"https:\/\/www.youtube.com\/embed\/pEKjE1Khx0c?rel=0&amp;showinfo=0\" width=\"650\" height=\"366\" frameborder=\"0\" allowfullscreen=\"allowfullscreen\"><\/iframe><\/p>\n","protected":false},"excerpt":{"rendered":"<p>Honda arrive pour 2017 avec une 450 CR-F revue de A \u00e0 Z. Moteur r\u00e9\u00e9tudi\u00e9, ch\u00e2ssis alu de 7\u00e8me g\u00e9n\u00e9ration, nouvelle fourche Showa 49mm (\u00e0 ressorts), r\u00e9servoir en titane, d\u00e9marreur \u00e9lectrique (en option dans certains pays) et nouveau look sont au menu de la nouvelle arme des rouges. Une machine qu&rsquo;il nous faudra encore patienter [&hellip;]<\/p>\n","protected":false},"author":932,"featured_media":49807,"comment_status":"open","ping_status":"closed","sticky":false,"template":"","format":"standard","meta":{"tdm_status":"","tdm_grid_status":"","footnotes":""},"categories":[54,4,5,55,61,62],"tags":[],"class_list":["post-49805","post","type-post","status-publish","format-standard","has-post-thumbnail","category-actualite","category-motocross","category-news","category-news-actualite","category-shopping","category-video"],"yoast_head":"<!-- This site is optimized with the Yoast SEO plugin v28.4 - https:\/\/yoast.com\/product\/yoast-seo-wordpress\/ -->\n<title>Vid\u00e9o: la nouvelle Honda 450 CR-F 2017 en action ! - Motocross - Enduro - Supermoto | MotocrossMag<\/title>\n<meta name=\"robots\" content=\"index, follow, max-snippet:-1, max-image-preview:large, max-video-preview:-1\" \/>\n<link rel=\"canonical\" href=\"https:\/\/fr.motocrossmag.be\/index.php\/2016\/08\/video-la-nouvelle-honda-450-cr-f-2017-en-action\/\" \/>\n<meta property=\"og:locale\" content=\"fr_FR\" \/>\n<meta property=\"og:type\" content=\"article\" \/>\n<meta property=\"og:title\" content=\"Vid\u00e9o: la nouvelle Honda 450 CR-F 2017 en action ! - Motocross - Enduro - Supermoto | MotocrossMag\" \/>\n<meta property=\"og:description\" content=\"Honda arrive pour 2017 avec une 450 CR-F revue de A \u00e0 Z. Moteur r\u00e9\u00e9tudi\u00e9, ch\u00e2ssis alu de 7\u00e8me g\u00e9n\u00e9ration, nouvelle fourche Showa 49mm (\u00e0 ressorts), r\u00e9servoir en titane, d\u00e9marreur \u00e9lectrique (en option dans certains pays) et nouveau look sont au menu de la nouvelle arme des rouges. Une machine qu&rsquo;il nous faudra encore patienter [&hellip;]\" \/>\n<meta property=\"og:url\" content=\"https:\/\/fr.motocrossmag.be\/index.php\/2016\/08\/video-la-nouvelle-honda-450-cr-f-2017-en-action\/\" \/>\n<meta property=\"og:site_name\" content=\"Motocross - Enduro - Supermoto | MotocrossMag\" \/>\n<meta property=\"article:published_time\" content=\"2016-08-11T08:57:47+00:00\" \/>\n<meta property=\"article:modified_time\" content=\"2016-08-13T09:37:40+00:00\" \/>\n<meta property=\"og:image\" content=\"https:\/\/fr.motocrossmag.be\/wp-content\/uploads\/2016\/08\/Honda_17YM_CRF450R1.jpg\" \/>\n\t<meta property=\"og:image:width\" content=\"1200\" \/>\n\t<meta property=\"og:image:height\" content=\"825\" \/>\n\t<meta property=\"og:image:type\" content=\"image\/jpeg\" \/>\n<meta name=\"author\" content=\"oliviere\" \/>\n<meta name=\"twitter:card\" content=\"summary_large_image\" \/>\n<meta name=\"twitter:label1\" content=\"\u00c9crit par\" \/>\n\t<meta name=\"twitter:data1\" content=\"oliviere\" \/>\n<script type=\"application\/ld+json\" class=\"yoast-schema-graph\">{\"@context\":\"https:\\\/\\\/schema.org\",\"@graph\":[{\"@type\":\"Article\",\"@id\":\"https:\\\/\\\/fr.motocrossmag.be\\\/index.php\\\/2016\\\/08\\\/video-la-nouvelle-honda-450-cr-f-2017-en-action\\\/#article\",\"isPartOf\":{\"@id\":\"https:\\\/\\\/fr.motocrossmag.be\\\/index.php\\\/2016\\\/08\\\/video-la-nouvelle-honda-450-cr-f-2017-en-action\\\/\"},\"author\":{\"name\":\"oliviere\",\"@id\":\"https:\\\/\\\/fr.motocrossmag.be\\\/#\\\/schema\\\/person\\\/11b47143d9f755babca2c9110e03235c\"},\"headline\":\"Vid\u00e9o: la nouvelle Honda 450 CR-F 2017 en action !\",\"datePublished\":\"2016-08-11T08:57:47+00:00\",\"dateModified\":\"2016-08-13T09:37:40+00:00\",\"mainEntityOfPage\":{\"@id\":\"https:\\\/\\\/fr.motocrossmag.be\\\/index.php\\\/2016\\\/08\\\/video-la-nouvelle-honda-450-cr-f-2017-en-action\\\/\"},\"wordCount\":95,\"commentCount\":0,\"image\":{\"@id\":\"https:\\\/\\\/fr.motocrossmag.be\\\/index.php\\\/2016\\\/08\\\/video-la-nouvelle-honda-450-cr-f-2017-en-action\\\/#primaryimage\"},\"thumbnailUrl\":\"https:\\\/\\\/fr.motocrossmag.be\\\/wp-content\\\/uploads\\\/2016\\\/08\\\/Honda_17YM_CRF450R1.jpg\",\"articleSection\":[\"Actualit\u00e9\",\"Motocross\",\"News\",\"News\",\"Produits\",\"Videos\"],\"inLanguage\":\"fr-FR\",\"potentialAction\":[{\"@type\":\"CommentAction\",\"name\":\"Comment\",\"target\":[\"https:\\\/\\\/fr.motocrossmag.be\\\/index.php\\\/2016\\\/08\\\/video-la-nouvelle-honda-450-cr-f-2017-en-action\\\/#respond\"]}]},{\"@type\":\"WebPage\",\"@id\":\"https:\\\/\\\/fr.motocrossmag.be\\\/index.php\\\/2016\\\/08\\\/video-la-nouvelle-honda-450-cr-f-2017-en-action\\\/\",\"url\":\"https:\\\/\\\/fr.motocrossmag.be\\\/index.php\\\/2016\\\/08\\\/video-la-nouvelle-honda-450-cr-f-2017-en-action\\\/\",\"name\":\"Vid\u00e9o: la nouvelle Honda 450 CR-F 2017 en action ! - Motocross - Enduro - Supermoto | MotocrossMag\",\"isPartOf\":{\"@id\":\"https:\\\/\\\/fr.motocrossmag.be\\\/#website\"},\"primaryImageOfPage\":{\"@id\":\"https:\\\/\\\/fr.motocrossmag.be\\\/index.php\\\/2016\\\/08\\\/video-la-nouvelle-honda-450-cr-f-2017-en-action\\\/#primaryimage\"},\"image\":{\"@id\":\"https:\\\/\\\/fr.motocrossmag.be\\\/index.php\\\/2016\\\/08\\\/video-la-nouvelle-honda-450-cr-f-2017-en-action\\\/#primaryimage\"},\"thumbnailUrl\":\"https:\\\/\\\/fr.motocrossmag.be\\\/wp-content\\\/uploads\\\/2016\\\/08\\\/Honda_17YM_CRF450R1.jpg\",\"datePublished\":\"2016-08-11T08:57:47+00:00\",\"dateModified\":\"2016-08-13T09:37:40+00:00\",\"author\":{\"@id\":\"https:\\\/\\\/fr.motocrossmag.be\\\/#\\\/schema\\\/person\\\/11b47143d9f755babca2c9110e03235c\"},\"breadcrumb\":{\"@id\":\"https:\\\/\\\/fr.motocrossmag.be\\\/index.php\\\/2016\\\/08\\\/video-la-nouvelle-honda-450-cr-f-2017-en-action\\\/#breadcrumb\"},\"inLanguage\":\"fr-FR\",\"potentialAction\":[{\"@type\":\"ReadAction\",\"target\":[\"https:\\\/\\\/fr.motocrossmag.be\\\/index.php\\\/2016\\\/08\\\/video-la-nouvelle-honda-450-cr-f-2017-en-action\\\/\"]}]},{\"@type\":\"ImageObject\",\"inLanguage\":\"fr-FR\",\"@id\":\"https:\\\/\\\/fr.motocrossmag.be\\\/index.php\\\/2016\\\/08\\\/video-la-nouvelle-honda-450-cr-f-2017-en-action\\\/#primaryimage\",\"url\":\"https:\\\/\\\/fr.motocrossmag.be\\\/wp-content\\\/uploads\\\/2016\\\/08\\\/Honda_17YM_CRF450R1.jpg\",\"contentUrl\":\"https:\\\/\\\/fr.motocrossmag.be\\\/wp-content\\\/uploads\\\/2016\\\/08\\\/Honda_17YM_CRF450R1.jpg\",\"width\":1200,\"height\":825},{\"@type\":\"BreadcrumbList\",\"@id\":\"https:\\\/\\\/fr.motocrossmag.be\\\/index.php\\\/2016\\\/08\\\/video-la-nouvelle-honda-450-cr-f-2017-en-action\\\/#breadcrumb\",\"itemListElement\":[{\"@type\":\"ListItem\",\"position\":1,\"name\":\"Accueil\",\"item\":\"https:\\\/\\\/fr.motocrossmag.be\\\/\"},{\"@type\":\"ListItem\",\"position\":2,\"name\":\"Vid\u00e9o: la nouvelle Honda 450 CR-F 2017 en action !\"}]},{\"@type\":\"WebSite\",\"@id\":\"https:\\\/\\\/fr.motocrossmag.be\\\/#website\",\"url\":\"https:\\\/\\\/fr.motocrossmag.be\\\/\",\"name\":\"Motocross - Enduro - Supermoto | MotocrossMag\",\"description\":\"L&#039;actualit\u00e9 du motocross, de l&#039;enduro et du Supermoto en ligne!\",\"potentialAction\":[{\"@type\":\"SearchAction\",\"target\":{\"@type\":\"EntryPoint\",\"urlTemplate\":\"https:\\\/\\\/fr.motocrossmag.be\\\/?s={search_term_string}\"},\"query-input\":{\"@type\":\"PropertyValueSpecification\",\"valueRequired\":true,\"valueName\":\"search_term_string\"}}],\"inLanguage\":\"fr-FR\"},{\"@type\":\"Person\",\"@id\":\"https:\\\/\\\/fr.motocrossmag.be\\\/#\\\/schema\\\/person\\\/11b47143d9f755babca2c9110e03235c\",\"name\":\"oliviere\",\"image\":{\"@type\":\"ImageObject\",\"inLanguage\":\"fr-FR\",\"@id\":\"https:\\\/\\\/secure.gravatar.com\\\/avatar\\\/907069e0b81d119452040469e4a7501da1100f54f7f80180ce77bfab718288f6?s=96&d=mm&r=g\",\"url\":\"https:\\\/\\\/secure.gravatar.com\\\/avatar\\\/907069e0b81d119452040469e4a7501da1100f54f7f80180ce77bfab718288f6?s=96&d=mm&r=g\",\"contentUrl\":\"https:\\\/\\\/secure.gravatar.com\\\/avatar\\\/907069e0b81d119452040469e4a7501da1100f54f7f80180ce77bfab718288f6?s=96&d=mm&r=g\",\"caption\":\"oliviere\"},\"sameAs\":[\"http:\\\/\\\/www.motocrossmag.be\"],\"url\":\"https:\\\/\\\/fr.motocrossmag.be\\\/index.php\\\/author\\\/oliviere\\\/\"}]}<\/script>\n<!-- \/ Yoast SEO plugin. -->","yoast_head_json":{"title":"Vid\u00e9o: la nouvelle Honda 450 CR-F 2017 en action ! - Motocross - Enduro - Supermoto | MotocrossMag","robots":{"index":"index","follow":"follow","max-snippet":"max-snippet:-1","max-image-preview":"max-image-preview:large","max-video-preview":"max-video-preview:-1"},"canonical":"https:\/\/fr.motocrossmag.be\/index.php\/2016\/08\/video-la-nouvelle-honda-450-cr-f-2017-en-action\/","og_locale":"fr_FR","og_type":"article","og_title":"Vid\u00e9o: la nouvelle Honda 450 CR-F 2017 en action ! - Motocross - Enduro - Supermoto | MotocrossMag","og_description":"Honda arrive pour 2017 avec une 450 CR-F revue de A \u00e0 Z. Moteur r\u00e9\u00e9tudi\u00e9, ch\u00e2ssis alu de 7\u00e8me g\u00e9n\u00e9ration, nouvelle fourche Showa 49mm (\u00e0 ressorts), r\u00e9servoir en titane, d\u00e9marreur \u00e9lectrique (en option dans certains pays) et nouveau look sont au menu de la nouvelle arme des rouges. Une machine qu&rsquo;il nous faudra encore patienter [&hellip;]","og_url":"https:\/\/fr.motocrossmag.be\/index.php\/2016\/08\/video-la-nouvelle-honda-450-cr-f-2017-en-action\/","og_site_name":"Motocross - Enduro - Supermoto | MotocrossMag","article_published_time":"2016-08-11T08:57:47+00:00","article_modified_time":"2016-08-13T09:37:40+00:00","og_image":[{"width":1200,"height":825,"url":"https:\/\/fr.motocrossmag.be\/wp-content\/uploads\/2016\/08\/Honda_17YM_CRF450R1.jpg","type":"image\/jpeg"}],"author":"oliviere","twitter_card":"summary_large_image","twitter_misc":{"\u00c9crit par":"oliviere"},"schema":{"@context":"https:\/\/schema.org","@graph":[{"@type":"Article","@id":"https:\/\/fr.motocrossmag.be\/index.php\/2016\/08\/video-la-nouvelle-honda-450-cr-f-2017-en-action\/#article","isPartOf":{"@id":"https:\/\/fr.motocrossmag.be\/index.php\/2016\/08\/video-la-nouvelle-honda-450-cr-f-2017-en-action\/"},"author":{"name":"oliviere","@id":"https:\/\/fr.motocrossmag.be\/#\/schema\/person\/11b47143d9f755babca2c9110e03235c"},"headline":"Vid\u00e9o: la nouvelle Honda 450 CR-F 2017 en action !","datePublished":"2016-08-11T08:57:47+00:00","dateModified":"2016-08-13T09:37:40+00:00","mainEntityOfPage":{"@id":"https:\/\/fr.motocrossmag.be\/index.php\/2016\/08\/video-la-nouvelle-honda-450-cr-f-2017-en-action\/"},"wordCount":95,"commentCount":0,"image":{"@id":"https:\/\/fr.motocrossmag.be\/index.php\/2016\/08\/video-la-nouvelle-honda-450-cr-f-2017-en-action\/#primaryimage"},"thumbnailUrl":"https:\/\/fr.motocrossmag.be\/wp-content\/uploads\/2016\/08\/Honda_17YM_CRF450R1.jpg","articleSection":["Actualit\u00e9","Motocross","News","News","Produits","Videos"],"inLanguage":"fr-FR","potentialAction":[{"@type":"CommentAction","name":"Comment","target":["https:\/\/fr.motocrossmag.be\/index.php\/2016\/08\/video-la-nouvelle-honda-450-cr-f-2017-en-action\/#respond"]}]},{"@type":"WebPage","@id":"https:\/\/fr.motocrossmag.be\/index.php\/2016\/08\/video-la-nouvelle-honda-450-cr-f-2017-en-action\/","url":"https:\/\/fr.motocrossmag.be\/index.php\/2016\/08\/video-la-nouvelle-honda-450-cr-f-2017-en-action\/","name":"Vid\u00e9o: la nouvelle Honda 450 CR-F 2017 en action ! - Motocross - Enduro - Supermoto | MotocrossMag","isPartOf":{"@id":"https:\/\/fr.motocrossmag.be\/#website"},"primaryImageOfPage":{"@id":"https:\/\/fr.motocrossmag.be\/index.php\/2016\/08\/video-la-nouvelle-honda-450-cr-f-2017-en-action\/#primaryimage"},"image":{"@id":"https:\/\/fr.motocrossmag.be\/index.php\/2016\/08\/video-la-nouvelle-honda-450-cr-f-2017-en-action\/#primaryimage"},"thumbnailUrl":"https:\/\/fr.motocrossmag.be\/wp-content\/uploads\/2016\/08\/Honda_17YM_CRF450R1.jpg","datePublished":"2016-08-11T08:57:47+00:00","dateModified":"2016-08-13T09:37:40+00:00","author":{"@id":"https:\/\/fr.motocrossmag.be\/#\/schema\/person\/11b47143d9f755babca2c9110e03235c"},"breadcrumb":{"@id":"https:\/\/fr.motocrossmag.be\/index.php\/2016\/08\/video-la-nouvelle-honda-450-cr-f-2017-en-action\/#breadcrumb"},"inLanguage":"fr-FR","potentialAction":[{"@type":"ReadAction","target":["https:\/\/fr.motocrossmag.be\/index.php\/2016\/08\/video-la-nouvelle-honda-450-cr-f-2017-en-action\/"]}]},{"@type":"ImageObject","inLanguage":"fr-FR","@id":"https:\/\/fr.motocrossmag.be\/index.php\/2016\/08\/video-la-nouvelle-honda-450-cr-f-2017-en-action\/#primaryimage","url":"https:\/\/fr.motocrossmag.be\/wp-content\/uploads\/2016\/08\/Honda_17YM_CRF450R1.jpg","contentUrl":"https:\/\/fr.motocrossmag.be\/wp-content\/uploads\/2016\/08\/Honda_17YM_CRF450R1.jpg","width":1200,"height":825},{"@type":"BreadcrumbList","@id":"https:\/\/fr.motocrossmag.be\/index.php\/2016\/08\/video-la-nouvelle-honda-450-cr-f-2017-en-action\/#breadcrumb","itemListElement":[{"@type":"ListItem","position":1,"name":"Accueil","item":"https:\/\/fr.motocrossmag.be\/"},{"@type":"ListItem","position":2,"name":"Vid\u00e9o: la nouvelle Honda 450 CR-F 2017 en action !"}]},{"@type":"WebSite","@id":"https:\/\/fr.motocrossmag.be\/#website","url":"https:\/\/fr.motocrossmag.be\/","name":"Motocross - Enduro - Supermoto | MotocrossMag","description":"L&#039;actualit\u00e9 du motocross, de l&#039;enduro et du Supermoto en ligne!","potentialAction":[{"@type":"SearchAction","target":{"@type":"EntryPoint","urlTemplate":"https:\/\/fr.motocrossmag.be\/?s={search_term_string}"},"query-input":{"@type":"PropertyValueSpecification","valueRequired":true,"valueName":"search_term_string"}}],"inLanguage":"fr-FR"},{"@type":"Person","@id":"https:\/\/fr.motocrossmag.be\/#\/schema\/person\/11b47143d9f755babca2c9110e03235c","name":"oliviere","image":{"@type":"ImageObject","inLanguage":"fr-FR","@id":"https:\/\/secure.gravatar.com\/avatar\/907069e0b81d119452040469e4a7501da1100f54f7f80180ce77bfab718288f6?s=96&d=mm&r=g","url":"https:\/\/secure.gravatar.com\/avatar\/907069e0b81d119452040469e4a7501da1100f54f7f80180ce77bfab718288f6?s=96&d=mm&r=g","contentUrl":"https:\/\/secure.gravatar.com\/avatar\/907069e0b81d119452040469e4a7501da1100f54f7f80180ce77bfab718288f6?s=96&d=mm&r=g","caption":"oliviere"},"sameAs":["http:\/\/www.motocrossmag.be"],"url":"https:\/\/fr.motocrossmag.be\/index.php\/author\/oliviere\/"}]}},"_links":{"self":[{"href":"https:\/\/fr.motocrossmag.be\/index.php\/wp-json\/wp\/v2\/posts\/49805","targetHints":{"allow":["GET"]}}],"collection":[{"href":"https:\/\/fr.motocrossmag.be\/index.php\/wp-json\/wp\/v2\/posts"}],"about":[{"href":"https:\/\/fr.motocrossmag.be\/index.php\/wp-json\/wp\/v2\/types\/post"}],"author":[{"embeddable":true,"href":"https:\/\/fr.motocrossmag.be\/index.php\/wp-json\/wp\/v2\/users\/932"}],"replies":[{"embeddable":true,"href":"https:\/\/fr.motocrossmag.be\/index.php\/wp-json\/wp\/v2\/comments?post=49805"}],"version-history":[{"count":2,"href":"https:\/\/fr.motocrossmag.be\/index.php\/wp-json\/wp\/v2\/posts\/49805\/revisions"}],"predecessor-version":[{"id":49810,"href":"https:\/\/fr.motocrossmag.be\/index.php\/wp-json\/wp\/v2\/posts\/49805\/revisions\/49810"}],"wp:featuredmedia":[{"embeddable":true,"href":"https:\/\/fr.motocrossmag.be\/index.php\/wp-json\/wp\/v2\/media\/49807"}],"wp:attachment":[{"href":"https:\/\/fr.motocrossmag.be\/index.php\/wp-json\/wp\/v2\/media?parent=49805"}],"wp:term":[{"taxonomy":"category","embeddable":true,"href":"https:\/\/fr.motocrossmag.be\/index.php\/wp-json\/wp\/v2\/categories?post=49805"},{"taxonomy":"post_tag","embeddable":true,"href":"https:\/\/fr.motocrossmag.be\/index.php\/wp-json\/wp\/v2\/tags?post=49805"}],"curies":[{"name":"wp","href":"https:\/\/api.w.org\/{rel}","templated":true}]}}