{"id":50257,"date":"2016-08-21T17:54:18","date_gmt":"2016-08-21T15:54:18","guid":{"rendered":"http:\/\/fr.motocrossmag.be\/?p=50257"},"modified":"2016-08-22T00:09:36","modified_gmt":"2016-08-21T22:09:36","slug":"pit-beirer-pourquoi-on-est-repasse-de-la-350-a-la-450-en-mxgp","status":"publish","type":"post","link":"https:\/\/fr.motocrossmag.be\/index.php\/2016\/08\/pit-beirer-pourquoi-on-est-repasse-de-la-350-a-la-450-en-mxgp\/","title":{"rendered":"Pit Beirer: \u00ab  Pourquoi Tony Cairoli est repass\u00e9 de la 450 \u00e0 la 350  \u00bb"},"content":{"rendered":"<p><strong>Pit Beirer, directeur de KTM Motorsport, s\u2019est expliqu\u00e9 r\u00e9cemment sur la stat\u00e9gie &#8211; bizarre pour certains &#8211; de Red Bull KTM et de Tony Cairoli qui consistait \u00e0 repasser de la 450SX-F \u00e0 la 350SX-F lors des derniers GP avec comme cons\u00e9quence &#8211; heureuse &#8211; que l\u2019ancien champion du monde est mont\u00e9 sur le podium lors du GP de Belgique \u00e0 Lommel puis y a remport\u00e9 une manche tandis qu\u2019il a gagn\u00e9 carr\u00e9ment le GP de Suisse, toujours avec la 350. Pour m\u00e9moire, Cairoli \u00e9tait pass\u00e9 de la 350 \u00e0 la 450 d\u00e8s le sixi\u00e8me GP de la saison (vous suivez?).<\/strong><\/p>\n<p>Cairoli avait plusieurs fois fait remarquer que la 450 \u00e9tait plus difficile \u00e0 piloter \u00e0 cause de sa blessure encourue durant l\u2019avant-saison.<\/p>\n<p><span style=\"color: #800000;\"><strong>\u00ab C\u2019est moi qui ai voulu que Tony repasse sur la 350 \u00bb<\/strong><\/span><\/p>\n<p>En fait, qui a d\u00e9cid\u00e9 de permuter les deux motos? Le pilote, le team ou l\u2019usine? \u00ab\u00a0J\u2019\u00e9tais un peu derri\u00e8re cette d\u00e9cision,\u00a0\u00bb admet Beirer.\u00a0\u00bbJe sais que nous avons pour la 350 du nouveau mat\u00e9riel assez fantastique en usine et en m\u00eame temps, je constatais qu\u2019il manquait quelque chose \u00e0 la mani\u00e8re de piloter de Tony. Pour mieux pr\u00e9parer la saison prochaine, je voulais le voir encore rouler en course sur la 350. Comme nous ne sommes plus impliqu\u00e9s dans la course au titre, il n\u2019y a pas meilleur test que la comp\u00e9tition. Nous voulions voir la nouvelle 350 en situation de course afin de savoir o\u00f9 nous en \u00e9tions et de voir quelles modifications sont n\u00e9cessaires pour rendre cette moto \u00e0 nouveau comp\u00e9titive en MXGP.\u00a0\u00bb<\/p>\n<div id=\"attachment_49615\" style=\"width: 1410px\" class=\"wp-caption alignnone\"><a href=\"http:\/\/fr.motocrossmag.be\/wp-content\/uploads\/2016\/08\/cairoli_suisse_MXGP.jpg\"><img decoding=\"async\" aria-describedby=\"caption-attachment-49615\" class=\"lazyload size-full wp-image-49615\" src=\"http:\/\/fr.motocrossmag.be\/wp-content\/uploads\/2016\/08\/cairoli_suisse_MXGP.jpg\" data-orig-src=\"http:\/\/fr.motocrossmag.be\/wp-content\/uploads\/2016\/08\/cairoli_suisse_MXGP.jpg\" alt=\"Tony Cairoli sur la KTM 350SX-F avec laquelle il a remport\u00e9 le GP de Suisse\" width=\"1400\" height=\"933\" srcset=\"data:image\/svg+xml,%3Csvg%20xmlns%3D%27http%3A%2F%2Fwww.w3.org%2F2000%2Fsvg%27%20width%3D%271400%27%20height%3D%27933%27%20viewBox%3D%270%200%201400%20933%27%3E%3Crect%20width%3D%271400%27%20height%3D%27933%27%20fill-opacity%3D%220%22%2F%3E%3C%2Fsvg%3E\" data-srcset=\"https:\/\/fr.motocrossmag.be\/wp-content\/uploads\/2016\/08\/cairoli_suisse_MXGP-650x433.jpg 650w, https:\/\/fr.motocrossmag.be\/wp-content\/uploads\/2016\/08\/cairoli_suisse_MXGP-1024x682.jpg 1024w, https:\/\/fr.motocrossmag.be\/wp-content\/uploads\/2016\/08\/cairoli_suisse_MXGP.jpg 1400w\" data-sizes=\"auto\" data-orig-sizes=\"(max-width: 1400px) 100vw, 1400px\" \/><\/a><p id=\"caption-attachment-49615\" class=\"wp-caption-text\">Tony Cairoli sur la KTM 350SX-F avec laquelle il a remport\u00e9 le GP de Suisse<\/p><\/div>\n<p>\u00ab\u00a0La d\u00e9cision que nous avons prise n\u2019\u00e9tait pas d\u00e9nu\u00e9e de sens car sans vraiment changer la physionomie du championnat, elle nous a aid\u00e9 \u00e0 voir comment Tony voulait terminer la saison,\u00a0\u00bb a ajout\u00e9 Beirer, conscient que Cairoli est second au classement provisoire du championnat MXGP, \u00e0 99 points de Gajser. \u00ab\u00a0Je crois que cela va nous permettre de voir ce qu\u2019il souhaite que nous lui donnions pour la saison prochaine.\u00a0\u00bb<\/p>\n<p><span style=\"color: #800000;\"><strong>Beirer d\u00e9fend ses pilotes<\/strong><\/span><\/p>\n<p>KTM a eu du mal a faire les gros titres cette ann\u00e9e en MXGP (seul Cairoli est mont\u00e9 sur le podium) et ni Glenn Coldenhoff ni Shaun Simpson (suppos\u00e9 disposer de mat\u00e9riel d\u2019usine sous l\u2019auvent du team Wilvo Virus Performance) ne sont parvenus \u00e0 remporter la moindre m\u00e9daille. Alors que la cat\u00e9gorie MX2 a fait honneur \u00e0 KTM et que la 450SX-F volait litt\u00e9ralement entre les mains de Ryan Dungey et de Marvin Musquin aux Etats-Unis, c\u2019\u00e9tait dur pour KTM d\u2019enregistrer d\u2019aussi pauvres r\u00e9sultats en MXGP. \u00ab\u00a0C\u2019est vrai que certains jours, j\u2019\u00e9tais pour le moins frustr\u00e9 car la 450 a fait l\u2019objet de d\u00e9veloppements tr\u00e8s importants au cours de ces derni\u00e8res ann\u00e9es et nous avons remport\u00e9 de tr\u00e8s belles victoires avec cette moto,\u00a0\u00bb d\u00e9clare Beirer.\u00a0\u00bb Dungey a remport\u00e9 le championnat Supercross pour nous au mois de mai tandis que nous avions du mal \u00e0 \u00eatre sur le podium en MXGP; c\u2019est certain que ce n\u2019est pas pour cela que nous travaillons au quotidien mais d\u2019un autre c\u00f4t\u00e9 je ne suis pas trop \u00e9tonn\u00e9 car la comp\u00e9tition est d\u2019un niveau tr\u00e8s relev\u00e9.\u00a0\u00bb<\/p>\n<p>Certains ont point\u00e9 du doigt Coldenhoff qui semble effectivement avoir eu du mal \u00e0 se familiariser avec sa 450 d\u2019usine mais Beirer consid\u00e8re qu\u2019il faut appr\u00e9hender le probl\u00e8me plus largement.<\/p>\n<div id=\"attachment_42581\" style=\"width: 1010px\" class=\"wp-caption alignnone\"><a href=\"http:\/\/fr.motocrossmag.be\/wp-content\/uploads\/2016\/01\/133955_Glenn-Coldenhoff-KTM-450-SX-F-2016.jpg\"><img decoding=\"async\" aria-describedby=\"caption-attachment-42581\" class=\"lazyload size-full wp-image-42581\" src=\"http:\/\/fr.motocrossmag.be\/wp-content\/uploads\/2016\/01\/133955_Glenn-Coldenhoff-KTM-450-SX-F-2016.jpg\" data-orig-src=\"http:\/\/fr.motocrossmag.be\/wp-content\/uploads\/2016\/01\/133955_Glenn-Coldenhoff-KTM-450-SX-F-2016.jpg\" alt=\"&quot;Glenn Coldenhoff fait bien son boulot; pas mieux que l'an dernier mais pas moins bien.&quot;\" width=\"1000\" height=\"667\" srcset=\"data:image\/svg+xml,%3Csvg%20xmlns%3D%27http%3A%2F%2Fwww.w3.org%2F2000%2Fsvg%27%20width%3D%271000%27%20height%3D%27667%27%20viewBox%3D%270%200%201000%20667%27%3E%3Crect%20width%3D%271000%27%20height%3D%27667%27%20fill-opacity%3D%220%22%2F%3E%3C%2Fsvg%3E\" data-srcset=\"https:\/\/fr.motocrossmag.be\/wp-content\/uploads\/2016\/01\/133955_Glenn-Coldenhoff-KTM-450-SX-F-2016-650x434.jpg 650w, https:\/\/fr.motocrossmag.be\/wp-content\/uploads\/2016\/01\/133955_Glenn-Coldenhoff-KTM-450-SX-F-2016.jpg 1000w\" data-sizes=\"auto\" data-orig-sizes=\"(max-width: 1000px) 100vw, 1000px\" \/><\/a><p id=\"caption-attachment-42581\" class=\"wp-caption-text\">Pit Beirer: \u00ab\u00a0Glenn Coldenhoff fait bien son boulot; pas mieux que l&rsquo;an dernier mais pas moins bien.\u00a0\u00bb<\/p><\/div>\n<p>\u00ab\u00a0Si vous avez six ou sept usines impliqu\u00e9es avec chacune deux pilotes, cela veut dire que vous avez un total de douze pilotes d\u2019usine voire plus; aussi, si Glenn termine huiti\u00e8me lors d\u2019une course, il faut appr\u00e9cier la performance \u00e0 sa juste mesure car le championnat est tr\u00e8s relev\u00e9 cette ann\u00e9e. Vous ne pouvez pas faire une place dans le top-huit en roulant sur un mode mineur. Glenn fait bien son boulot; pas mieux que l\u2018an dernier mais pas moins bien. Tony est revenu apr\u00e8s deux salles blessures et s\u2019il n\u2019est pas le plus performant, il ne faut pas oublier qu\u2019avec lui et avec Max (Nagl qui roule sur Husqvarna, filiale de KTM, NDLR), nous sommes second et troisi\u00e8me au classement provisoire. Tim Gajser, leader du classement provisoire, est un pilote incroyablement cool et physiquement ainsi que moralement tr\u00e8s fort, roulant vite sur une bonne moto. Nous nous battons au sommet de notre sport. En comparaison d\u2019il y a cinq ans, il y a plus de motos et de teams dans la cat\u00e9gorie mais bon, c\u2019est ce que nous voulions et c\u2019est ce que nous avons d\u2019ailleurs demand\u00e9. Si un jour vous \u00eates moins bien, vous ne montez pas sur le podium et vous n\u2019\u00eates m\u00eame pas dans le top-cinq et c\u2019est comme cela que les choses doivent \u00eatre. \u00bb<\/p>\n","protected":false},"excerpt":{"rendered":"<p>Pit Beirer, directeur de KTM Motorsport, s\u2019est expliqu\u00e9 r\u00e9cemment sur la stat\u00e9gie &#8211; bizarre pour certains &#8211; de Red Bull KTM et de Tony Cairoli qui consistait \u00e0 repasser de [&#8230;]<\/p>\n","protected":false},"author":898,"featured_media":28654,"comment_status":"open","ping_status":"closed","sticky":false,"template":"","format":"standard","meta":{"footnotes":""},"categories":[54,4,6,55,65],"tags":[],"class_list":["post-50257","post","type-post","status-publish","format-standard","has-post-thumbnail","hentry","category-actualite","category-motocross","category-mx1mx2","category-news-actualite","category-slideshow"],"yoast_head":"<!-- This site is optimized with the Yoast SEO plugin v27.4 - https:\/\/yoast.com\/product\/yoast-seo-wordpress\/ -->\n<title>Pit Beirer: \u00ab Pourquoi Tony Cairoli est repass\u00e9 de la 450 \u00e0 la 350 \u00bb - Motocross - Enduro - Supermoto | MotocrossMag<\/title>\n<meta name=\"robots\" content=\"index, follow, max-snippet:-1, max-image-preview:large, max-video-preview:-1\" \/>\n<link rel=\"canonical\" href=\"https:\/\/fr.motocrossmag.be\/index.php\/2016\/08\/pit-beirer-pourquoi-on-est-repasse-de-la-350-a-la-450-en-mxgp\/\" \/>\n<meta property=\"og:locale\" content=\"fr_FR\" \/>\n<meta property=\"og:type\" content=\"article\" \/>\n<meta property=\"og:title\" content=\"Pit Beirer: \u00ab Pourquoi Tony Cairoli est repass\u00e9 de la 450 \u00e0 la 350 \u00bb - Motocross - Enduro - Supermoto | MotocrossMag\" \/>\n<meta property=\"og:description\" content=\"Pit Beirer, directeur de KTM Motorsport, s\u2019est expliqu\u00e9 r\u00e9cemment sur la stat\u00e9gie &#8211; bizarre pour certains &#8211; de Red Bull KTM et de Tony Cairoli qui consistait \u00e0 repasser de [...]\" \/>\n<meta property=\"og:url\" content=\"https:\/\/fr.motocrossmag.be\/index.php\/2016\/08\/pit-beirer-pourquoi-on-est-repasse-de-la-350-a-la-450-en-mxgp\/\" \/>\n<meta property=\"og:site_name\" content=\"Motocross - Enduro - Supermoto | MotocrossMag\" \/>\n<meta property=\"article:published_time\" content=\"2016-08-21T15:54:18+00:00\" \/>\n<meta property=\"article:modified_time\" content=\"2016-08-21T22:09:36+00:00\" \/>\n<meta property=\"og:image\" content=\"https:\/\/fr.motocrossmag.be\/wp-content\/uploads\/2014\/11\/beirer_pit_portrait.jpg\" \/>\n\t<meta property=\"og:image:width\" content=\"650\" \/>\n\t<meta property=\"og:image:height\" content=\"433\" \/>\n\t<meta property=\"og:image:type\" content=\"image\/jpeg\" \/>\n<meta name=\"author\" content=\"fernand2\" \/>\n<meta name=\"twitter:card\" content=\"summary_large_image\" \/>\n<meta name=\"twitter:label1\" content=\"\u00c9crit par\" \/>\n\t<meta name=\"twitter:data1\" content=\"fernand2\" \/>\n\t<meta name=\"twitter:label2\" content=\"Dur\u00e9e de lecture estim\u00e9e\" \/>\n\t<meta name=\"twitter:data2\" content=\"4 minutes\" \/>\n<script type=\"application\/ld+json\" class=\"yoast-schema-graph\">{\"@context\":\"https:\\\/\\\/schema.org\",\"@graph\":[{\"@type\":\"Article\",\"@id\":\"https:\\\/\\\/fr.motocrossmag.be\\\/index.php\\\/2016\\\/08\\\/pit-beirer-pourquoi-on-est-repasse-de-la-350-a-la-450-en-mxgp\\\/#article\",\"isPartOf\":{\"@id\":\"https:\\\/\\\/fr.motocrossmag.be\\\/index.php\\\/2016\\\/08\\\/pit-beirer-pourquoi-on-est-repasse-de-la-350-a-la-450-en-mxgp\\\/\"},\"author\":{\"name\":\"fernand2\",\"@id\":\"https:\\\/\\\/fr.motocrossmag.be\\\/#\\\/schema\\\/person\\\/b1bd0a25696c3aeaac7fd5d92d4ed8f6\"},\"headline\":\"Pit Beirer: \u00ab Pourquoi Tony Cairoli est repass\u00e9 de la 450 \u00e0 la 350 \u00bb\",\"datePublished\":\"2016-08-21T15:54:18+00:00\",\"dateModified\":\"2016-08-21T22:09:36+00:00\",\"mainEntityOfPage\":{\"@id\":\"https:\\\/\\\/fr.motocrossmag.be\\\/index.php\\\/2016\\\/08\\\/pit-beirer-pourquoi-on-est-repasse-de-la-350-a-la-450-en-mxgp\\\/\"},\"wordCount\":882,\"commentCount\":0,\"image\":{\"@id\":\"https:\\\/\\\/fr.motocrossmag.be\\\/index.php\\\/2016\\\/08\\\/pit-beirer-pourquoi-on-est-repasse-de-la-350-a-la-450-en-mxgp\\\/#primaryimage\"},\"thumbnailUrl\":\"https:\\\/\\\/fr.motocrossmag.be\\\/wp-content\\\/uploads\\\/2014\\\/11\\\/beirer_pit_portrait.jpg\",\"articleSection\":[\"Actualit\u00e9\",\"Motocross\",\"Motocross MXGP\",\"News\",\"Slideshow\"],\"inLanguage\":\"fr-FR\",\"potentialAction\":[{\"@type\":\"CommentAction\",\"name\":\"Comment\",\"target\":[\"https:\\\/\\\/fr.motocrossmag.be\\\/index.php\\\/2016\\\/08\\\/pit-beirer-pourquoi-on-est-repasse-de-la-350-a-la-450-en-mxgp\\\/#respond\"]}]},{\"@type\":\"WebPage\",\"@id\":\"https:\\\/\\\/fr.motocrossmag.be\\\/index.php\\\/2016\\\/08\\\/pit-beirer-pourquoi-on-est-repasse-de-la-350-a-la-450-en-mxgp\\\/\",\"url\":\"https:\\\/\\\/fr.motocrossmag.be\\\/index.php\\\/2016\\\/08\\\/pit-beirer-pourquoi-on-est-repasse-de-la-350-a-la-450-en-mxgp\\\/\",\"name\":\"Pit Beirer: \u00ab Pourquoi Tony Cairoli est repass\u00e9 de la 450 \u00e0 la 350 \u00bb - Motocross - Enduro - Supermoto | MotocrossMag\",\"isPartOf\":{\"@id\":\"https:\\\/\\\/fr.motocrossmag.be\\\/#website\"},\"primaryImageOfPage\":{\"@id\":\"https:\\\/\\\/fr.motocrossmag.be\\\/index.php\\\/2016\\\/08\\\/pit-beirer-pourquoi-on-est-repasse-de-la-350-a-la-450-en-mxgp\\\/#primaryimage\"},\"image\":{\"@id\":\"https:\\\/\\\/fr.motocrossmag.be\\\/index.php\\\/2016\\\/08\\\/pit-beirer-pourquoi-on-est-repasse-de-la-350-a-la-450-en-mxgp\\\/#primaryimage\"},\"thumbnailUrl\":\"https:\\\/\\\/fr.motocrossmag.be\\\/wp-content\\\/uploads\\\/2014\\\/11\\\/beirer_pit_portrait.jpg\",\"datePublished\":\"2016-08-21T15:54:18+00:00\",\"dateModified\":\"2016-08-21T22:09:36+00:00\",\"author\":{\"@id\":\"https:\\\/\\\/fr.motocrossmag.be\\\/#\\\/schema\\\/person\\\/b1bd0a25696c3aeaac7fd5d92d4ed8f6\"},\"breadcrumb\":{\"@id\":\"https:\\\/\\\/fr.motocrossmag.be\\\/index.php\\\/2016\\\/08\\\/pit-beirer-pourquoi-on-est-repasse-de-la-350-a-la-450-en-mxgp\\\/#breadcrumb\"},\"inLanguage\":\"fr-FR\",\"potentialAction\":[{\"@type\":\"ReadAction\",\"target\":[\"https:\\\/\\\/fr.motocrossmag.be\\\/index.php\\\/2016\\\/08\\\/pit-beirer-pourquoi-on-est-repasse-de-la-350-a-la-450-en-mxgp\\\/\"]}]},{\"@type\":\"ImageObject\",\"inLanguage\":\"fr-FR\",\"@id\":\"https:\\\/\\\/fr.motocrossmag.be\\\/index.php\\\/2016\\\/08\\\/pit-beirer-pourquoi-on-est-repasse-de-la-350-a-la-450-en-mxgp\\\/#primaryimage\",\"url\":\"https:\\\/\\\/fr.motocrossmag.be\\\/wp-content\\\/uploads\\\/2014\\\/11\\\/beirer_pit_portrait.jpg\",\"contentUrl\":\"https:\\\/\\\/fr.motocrossmag.be\\\/wp-content\\\/uploads\\\/2014\\\/11\\\/beirer_pit_portrait.jpg\",\"width\":650,\"height\":433,\"caption\":\"Pit Beirer: \\\"Moi aussi, je suis sous pression.\\\"\"},{\"@type\":\"BreadcrumbList\",\"@id\":\"https:\\\/\\\/fr.motocrossmag.be\\\/index.php\\\/2016\\\/08\\\/pit-beirer-pourquoi-on-est-repasse-de-la-350-a-la-450-en-mxgp\\\/#breadcrumb\",\"itemListElement\":[{\"@type\":\"ListItem\",\"position\":1,\"name\":\"Accueil\",\"item\":\"https:\\\/\\\/fr.motocrossmag.be\\\/\"},{\"@type\":\"ListItem\",\"position\":2,\"name\":\"Pit Beirer: \u00ab Pourquoi Tony Cairoli est repass\u00e9 de la 450 \u00e0 la 350 \u00bb\"}]},{\"@type\":\"WebSite\",\"@id\":\"https:\\\/\\\/fr.motocrossmag.be\\\/#website\",\"url\":\"https:\\\/\\\/fr.motocrossmag.be\\\/\",\"name\":\"Motocross - Enduro - Supermoto | MotocrossMag\",\"description\":\"L&#039;actualit\u00e9 du motocross, de l&#039;enduro et du Supermoto en ligne!\",\"potentialAction\":[{\"@type\":\"SearchAction\",\"target\":{\"@type\":\"EntryPoint\",\"urlTemplate\":\"https:\\\/\\\/fr.motocrossmag.be\\\/?s={search_term_string}\"},\"query-input\":{\"@type\":\"PropertyValueSpecification\",\"valueRequired\":true,\"valueName\":\"search_term_string\"}}],\"inLanguage\":\"fr-FR\"},{\"@type\":\"Person\",\"@id\":\"https:\\\/\\\/fr.motocrossmag.be\\\/#\\\/schema\\\/person\\\/b1bd0a25696c3aeaac7fd5d92d4ed8f6\",\"name\":\"fernand2\",\"image\":{\"@type\":\"ImageObject\",\"inLanguage\":\"fr-FR\",\"@id\":\"https:\\\/\\\/secure.gravatar.com\\\/avatar\\\/e48cfba345f89620e0c3f40fdfd6f6ef6bc1fbad5d0c3cd2555b4f39e37ef934?s=96&d=mm&r=g\",\"url\":\"https:\\\/\\\/secure.gravatar.com\\\/avatar\\\/e48cfba345f89620e0c3f40fdfd6f6ef6bc1fbad5d0c3cd2555b4f39e37ef934?s=96&d=mm&r=g\",\"contentUrl\":\"https:\\\/\\\/secure.gravatar.com\\\/avatar\\\/e48cfba345f89620e0c3f40fdfd6f6ef6bc1fbad5d0c3cd2555b4f39e37ef934?s=96&d=mm&r=g\",\"caption\":\"fernand2\"},\"url\":\"https:\\\/\\\/fr.motocrossmag.be\\\/index.php\\\/author\\\/fernand2\\\/\"}]}<\/script>\n<!-- \/ Yoast SEO plugin. -->","yoast_head_json":{"title":"Pit Beirer: \u00ab Pourquoi Tony Cairoli est repass\u00e9 de la 450 \u00e0 la 350 \u00bb - Motocross - Enduro - Supermoto | MotocrossMag","robots":{"index":"index","follow":"follow","max-snippet":"max-snippet:-1","max-image-preview":"max-image-preview:large","max-video-preview":"max-video-preview:-1"},"canonical":"https:\/\/fr.motocrossmag.be\/index.php\/2016\/08\/pit-beirer-pourquoi-on-est-repasse-de-la-350-a-la-450-en-mxgp\/","og_locale":"fr_FR","og_type":"article","og_title":"Pit Beirer: \u00ab Pourquoi Tony Cairoli est repass\u00e9 de la 450 \u00e0 la 350 \u00bb - Motocross - Enduro - Supermoto | MotocrossMag","og_description":"Pit Beirer, directeur de KTM Motorsport, s\u2019est expliqu\u00e9 r\u00e9cemment sur la stat\u00e9gie &#8211; bizarre pour certains &#8211; de Red Bull KTM et de Tony Cairoli qui consistait \u00e0 repasser de [...]","og_url":"https:\/\/fr.motocrossmag.be\/index.php\/2016\/08\/pit-beirer-pourquoi-on-est-repasse-de-la-350-a-la-450-en-mxgp\/","og_site_name":"Motocross - Enduro - Supermoto | MotocrossMag","article_published_time":"2016-08-21T15:54:18+00:00","article_modified_time":"2016-08-21T22:09:36+00:00","og_image":[{"width":650,"height":433,"url":"https:\/\/fr.motocrossmag.be\/wp-content\/uploads\/2014\/11\/beirer_pit_portrait.jpg","type":"image\/jpeg"}],"author":"fernand2","twitter_card":"summary_large_image","twitter_misc":{"\u00c9crit par":"fernand2","Dur\u00e9e de lecture estim\u00e9e":"4 minutes"},"schema":{"@context":"https:\/\/schema.org","@graph":[{"@type":"Article","@id":"https:\/\/fr.motocrossmag.be\/index.php\/2016\/08\/pit-beirer-pourquoi-on-est-repasse-de-la-350-a-la-450-en-mxgp\/#article","isPartOf":{"@id":"https:\/\/fr.motocrossmag.be\/index.php\/2016\/08\/pit-beirer-pourquoi-on-est-repasse-de-la-350-a-la-450-en-mxgp\/"},"author":{"name":"fernand2","@id":"https:\/\/fr.motocrossmag.be\/#\/schema\/person\/b1bd0a25696c3aeaac7fd5d92d4ed8f6"},"headline":"Pit Beirer: \u00ab Pourquoi Tony Cairoli est repass\u00e9 de la 450 \u00e0 la 350 \u00bb","datePublished":"2016-08-21T15:54:18+00:00","dateModified":"2016-08-21T22:09:36+00:00","mainEntityOfPage":{"@id":"https:\/\/fr.motocrossmag.be\/index.php\/2016\/08\/pit-beirer-pourquoi-on-est-repasse-de-la-350-a-la-450-en-mxgp\/"},"wordCount":882,"commentCount":0,"image":{"@id":"https:\/\/fr.motocrossmag.be\/index.php\/2016\/08\/pit-beirer-pourquoi-on-est-repasse-de-la-350-a-la-450-en-mxgp\/#primaryimage"},"thumbnailUrl":"https:\/\/fr.motocrossmag.be\/wp-content\/uploads\/2014\/11\/beirer_pit_portrait.jpg","articleSection":["Actualit\u00e9","Motocross","Motocross MXGP","News","Slideshow"],"inLanguage":"fr-FR","potentialAction":[{"@type":"CommentAction","name":"Comment","target":["https:\/\/fr.motocrossmag.be\/index.php\/2016\/08\/pit-beirer-pourquoi-on-est-repasse-de-la-350-a-la-450-en-mxgp\/#respond"]}]},{"@type":"WebPage","@id":"https:\/\/fr.motocrossmag.be\/index.php\/2016\/08\/pit-beirer-pourquoi-on-est-repasse-de-la-350-a-la-450-en-mxgp\/","url":"https:\/\/fr.motocrossmag.be\/index.php\/2016\/08\/pit-beirer-pourquoi-on-est-repasse-de-la-350-a-la-450-en-mxgp\/","name":"Pit Beirer: \u00ab Pourquoi Tony Cairoli est repass\u00e9 de la 450 \u00e0 la 350 \u00bb - Motocross - Enduro - Supermoto | MotocrossMag","isPartOf":{"@id":"https:\/\/fr.motocrossmag.be\/#website"},"primaryImageOfPage":{"@id":"https:\/\/fr.motocrossmag.be\/index.php\/2016\/08\/pit-beirer-pourquoi-on-est-repasse-de-la-350-a-la-450-en-mxgp\/#primaryimage"},"image":{"@id":"https:\/\/fr.motocrossmag.be\/index.php\/2016\/08\/pit-beirer-pourquoi-on-est-repasse-de-la-350-a-la-450-en-mxgp\/#primaryimage"},"thumbnailUrl":"https:\/\/fr.motocrossmag.be\/wp-content\/uploads\/2014\/11\/beirer_pit_portrait.jpg","datePublished":"2016-08-21T15:54:18+00:00","dateModified":"2016-08-21T22:09:36+00:00","author":{"@id":"https:\/\/fr.motocrossmag.be\/#\/schema\/person\/b1bd0a25696c3aeaac7fd5d92d4ed8f6"},"breadcrumb":{"@id":"https:\/\/fr.motocrossmag.be\/index.php\/2016\/08\/pit-beirer-pourquoi-on-est-repasse-de-la-350-a-la-450-en-mxgp\/#breadcrumb"},"inLanguage":"fr-FR","potentialAction":[{"@type":"ReadAction","target":["https:\/\/fr.motocrossmag.be\/index.php\/2016\/08\/pit-beirer-pourquoi-on-est-repasse-de-la-350-a-la-450-en-mxgp\/"]}]},{"@type":"ImageObject","inLanguage":"fr-FR","@id":"https:\/\/fr.motocrossmag.be\/index.php\/2016\/08\/pit-beirer-pourquoi-on-est-repasse-de-la-350-a-la-450-en-mxgp\/#primaryimage","url":"https:\/\/fr.motocrossmag.be\/wp-content\/uploads\/2014\/11\/beirer_pit_portrait.jpg","contentUrl":"https:\/\/fr.motocrossmag.be\/wp-content\/uploads\/2014\/11\/beirer_pit_portrait.jpg","width":650,"height":433,"caption":"Pit Beirer: \"Moi aussi, je suis sous pression.\""},{"@type":"BreadcrumbList","@id":"https:\/\/fr.motocrossmag.be\/index.php\/2016\/08\/pit-beirer-pourquoi-on-est-repasse-de-la-350-a-la-450-en-mxgp\/#breadcrumb","itemListElement":[{"@type":"ListItem","position":1,"name":"Accueil","item":"https:\/\/fr.motocrossmag.be\/"},{"@type":"ListItem","position":2,"name":"Pit Beirer: \u00ab Pourquoi Tony Cairoli est repass\u00e9 de la 450 \u00e0 la 350 \u00bb"}]},{"@type":"WebSite","@id":"https:\/\/fr.motocrossmag.be\/#website","url":"https:\/\/fr.motocrossmag.be\/","name":"Motocross - Enduro - Supermoto | MotocrossMag","description":"L&#039;actualit\u00e9 du motocross, de l&#039;enduro et du Supermoto en ligne!","potentialAction":[{"@type":"SearchAction","target":{"@type":"EntryPoint","urlTemplate":"https:\/\/fr.motocrossmag.be\/?s={search_term_string}"},"query-input":{"@type":"PropertyValueSpecification","valueRequired":true,"valueName":"search_term_string"}}],"inLanguage":"fr-FR"},{"@type":"Person","@id":"https:\/\/fr.motocrossmag.be\/#\/schema\/person\/b1bd0a25696c3aeaac7fd5d92d4ed8f6","name":"fernand2","image":{"@type":"ImageObject","inLanguage":"fr-FR","@id":"https:\/\/secure.gravatar.com\/avatar\/e48cfba345f89620e0c3f40fdfd6f6ef6bc1fbad5d0c3cd2555b4f39e37ef934?s=96&d=mm&r=g","url":"https:\/\/secure.gravatar.com\/avatar\/e48cfba345f89620e0c3f40fdfd6f6ef6bc1fbad5d0c3cd2555b4f39e37ef934?s=96&d=mm&r=g","contentUrl":"https:\/\/secure.gravatar.com\/avatar\/e48cfba345f89620e0c3f40fdfd6f6ef6bc1fbad5d0c3cd2555b4f39e37ef934?s=96&d=mm&r=g","caption":"fernand2"},"url":"https:\/\/fr.motocrossmag.be\/index.php\/author\/fernand2\/"}]}},"_links":{"self":[{"href":"https:\/\/fr.motocrossmag.be\/index.php\/wp-json\/wp\/v2\/posts\/50257","targetHints":{"allow":["GET"]}}],"collection":[{"href":"https:\/\/fr.motocrossmag.be\/index.php\/wp-json\/wp\/v2\/posts"}],"about":[{"href":"https:\/\/fr.motocrossmag.be\/index.php\/wp-json\/wp\/v2\/types\/post"}],"author":[{"embeddable":true,"href":"https:\/\/fr.motocrossmag.be\/index.php\/wp-json\/wp\/v2\/users\/898"}],"replies":[{"embeddable":true,"href":"https:\/\/fr.motocrossmag.be\/index.php\/wp-json\/wp\/v2\/comments?post=50257"}],"version-history":[{"count":2,"href":"https:\/\/fr.motocrossmag.be\/index.php\/wp-json\/wp\/v2\/posts\/50257\/revisions"}],"predecessor-version":[{"id":50262,"href":"https:\/\/fr.motocrossmag.be\/index.php\/wp-json\/wp\/v2\/posts\/50257\/revisions\/50262"}],"wp:featuredmedia":[{"embeddable":true,"href":"https:\/\/fr.motocrossmag.be\/index.php\/wp-json\/wp\/v2\/media\/28654"}],"wp:attachment":[{"href":"https:\/\/fr.motocrossmag.be\/index.php\/wp-json\/wp\/v2\/media?parent=50257"}],"wp:term":[{"taxonomy":"category","embeddable":true,"href":"https:\/\/fr.motocrossmag.be\/index.php\/wp-json\/wp\/v2\/categories?post=50257"},{"taxonomy":"post_tag","embeddable":true,"href":"https:\/\/fr.motocrossmag.be\/index.php\/wp-json\/wp\/v2\/tags?post=50257"}],"curies":[{"name":"wp","href":"https:\/\/api.w.org\/{rel}","templated":true}]}}