{"id":507,"date":"2008-04-21T17:34:37","date_gmt":"2008-04-21T16:34:37","guid":{"rendered":"http:\/\/www.motocrossmag.be\/2008\/04\/21\/video-motocross-mxgp-bellpuig-quelques-images-de-lenfer-de-bellpuig\/"},"modified":"2008-04-21T17:34:37","modified_gmt":"2008-04-21T16:34:37","slug":"video-motocross-mxgp-bellpuig-quelques-images-de-lenfer-de-bellpuig","status":"publish","type":"post","link":"https:\/\/fr.motocrossmag.be\/index.php\/2008\/04\/video-motocross-mxgp-bellpuig-quelques-images-de-lenfer-de-bellpuig\/","title":{"rendered":"Vid\u00e9o Motocross MXGP &#8211; Bellpuig | Quelques images de l&rsquo;enfer de Bellpuig"},"content":{"rendered":"<p>Revivez les moments importants du GP de Bellpuig, avec notamment la victoire imp\u00e9riale de Steve Ramon en MX1, celle de Rattray en premi\u00e8re manche MX2, la chute spectaculaire de Tommy Searle au d\u00e9part de la seconde manche MX2 ou encore la d\u00e9tresse du pack MX2 avant que la direction de course ne sorte le drapeau rouge&#8230;<\/p>\n<p><iframe class=\"lazyload\" height=\"370\" scrolling=\"no\" width=\"480\" frameBorder=\"0\" src=\"data:image\/svg+xml,%3Csvg%20xmlns%3D%27http%3A%2F%2Fwww.w3.org%2F2000%2Fsvg%27%20width%3D%27480%27%20height%3D%27370%27%20viewBox%3D%270%200%20480%20370%27%3E%3Crect%20width%3D%27480%27%20height%3D%27370%27%20fill-opacity%3D%220%22%2F%3E%3C%2Fsvg%3E\" data-orig-src=\"http:\/\/play.freecaster.com\/v2\/1000186\/1004357\" align=\"center\" style=\"background: black; margin: 0px\"><\/iframe><\/p>\n","protected":false},"excerpt":{"rendered":"<p>Revivez les moments importants du GP de Bellpuig, avec notamment la victoire imp\u00e9riale de Steve Ramon en MX1, celle de Rattray en premi\u00e8re manche MX2, la chute spectaculaire de Tommy [&#8230;]<\/p>\n","protected":false},"author":932,"featured_media":0,"comment_status":"open","ping_status":"open","sticky":false,"template":"","format":"standard","meta":{"footnotes":""},"categories":[62],"tags":[],"class_list":["post-507","post","type-post","status-publish","format-standard","hentry","category-video"],"yoast_head":"<!-- This site is optimized with the Yoast SEO plugin v27.4 - https:\/\/yoast.com\/product\/yoast-seo-wordpress\/ -->\n<title>Vid\u00e9o Motocross MXGP - Bellpuig | Quelques images de l&#039;enfer de Bellpuig - Motocross - Enduro - Supermoto | MotocrossMag<\/title>\n<meta name=\"robots\" content=\"index, follow, max-snippet:-1, max-image-preview:large, max-video-preview:-1\" \/>\n<link rel=\"canonical\" href=\"https:\/\/fr.motocrossmag.be\/index.php\/2008\/04\/video-motocross-mxgp-bellpuig-quelques-images-de-lenfer-de-bellpuig\/\" \/>\n<meta property=\"og:locale\" content=\"fr_FR\" \/>\n<meta property=\"og:type\" content=\"article\" \/>\n<meta property=\"og:title\" content=\"Vid\u00e9o Motocross MXGP - Bellpuig | Quelques images de l&#039;enfer de Bellpuig - Motocross - Enduro - Supermoto | MotocrossMag\" \/>\n<meta property=\"og:description\" content=\"Revivez les moments importants du GP de Bellpuig, avec notamment la victoire imp\u00e9riale de Steve Ramon en MX1, celle de Rattray en premi\u00e8re manche MX2, la chute spectaculaire de Tommy [...]\" \/>\n<meta property=\"og:url\" content=\"https:\/\/fr.motocrossmag.be\/index.php\/2008\/04\/video-motocross-mxgp-bellpuig-quelques-images-de-lenfer-de-bellpuig\/\" \/>\n<meta property=\"og:site_name\" content=\"Motocross - Enduro - Supermoto | MotocrossMag\" \/>\n<meta property=\"article:published_time\" content=\"2008-04-21T16:34:37+00:00\" \/>\n<meta name=\"author\" content=\"oliviere\" \/>\n<meta name=\"twitter:card\" content=\"summary_large_image\" \/>\n<meta name=\"twitter:label1\" content=\"\u00c9crit par\" \/>\n\t<meta name=\"twitter:data1\" content=\"oliviere\" \/>\n<script type=\"application\/ld+json\" class=\"yoast-schema-graph\">{\"@context\":\"https:\\\/\\\/schema.org\",\"@graph\":[{\"@type\":\"Article\",\"@id\":\"https:\\\/\\\/fr.motocrossmag.be\\\/index.php\\\/2008\\\/04\\\/video-motocross-mxgp-bellpuig-quelques-images-de-lenfer-de-bellpuig\\\/#article\",\"isPartOf\":{\"@id\":\"https:\\\/\\\/fr.motocrossmag.be\\\/index.php\\\/2008\\\/04\\\/video-motocross-mxgp-bellpuig-quelques-images-de-lenfer-de-bellpuig\\\/\"},\"author\":{\"name\":\"oliviere\",\"@id\":\"https:\\\/\\\/fr.motocrossmag.be\\\/#\\\/schema\\\/person\\\/11b47143d9f755babca2c9110e03235c\"},\"headline\":\"Vid\u00e9o Motocross MXGP &#8211; Bellpuig | Quelques images de l&rsquo;enfer de Bellpuig\",\"datePublished\":\"2008-04-21T16:34:37+00:00\",\"mainEntityOfPage\":{\"@id\":\"https:\\\/\\\/fr.motocrossmag.be\\\/index.php\\\/2008\\\/04\\\/video-motocross-mxgp-bellpuig-quelques-images-de-lenfer-de-bellpuig\\\/\"},\"wordCount\":73,\"commentCount\":0,\"articleSection\":[\"Videos\"],\"inLanguage\":\"fr-FR\",\"potentialAction\":[{\"@type\":\"CommentAction\",\"name\":\"Comment\",\"target\":[\"https:\\\/\\\/fr.motocrossmag.be\\\/index.php\\\/2008\\\/04\\\/video-motocross-mxgp-bellpuig-quelques-images-de-lenfer-de-bellpuig\\\/#respond\"]}]},{\"@type\":\"WebPage\",\"@id\":\"https:\\\/\\\/fr.motocrossmag.be\\\/index.php\\\/2008\\\/04\\\/video-motocross-mxgp-bellpuig-quelques-images-de-lenfer-de-bellpuig\\\/\",\"url\":\"https:\\\/\\\/fr.motocrossmag.be\\\/index.php\\\/2008\\\/04\\\/video-motocross-mxgp-bellpuig-quelques-images-de-lenfer-de-bellpuig\\\/\",\"name\":\"Vid\u00e9o Motocross MXGP - Bellpuig | Quelques images de l'enfer de Bellpuig - Motocross - Enduro - Supermoto | MotocrossMag\",\"isPartOf\":{\"@id\":\"https:\\\/\\\/fr.motocrossmag.be\\\/#website\"},\"datePublished\":\"2008-04-21T16:34:37+00:00\",\"author\":{\"@id\":\"https:\\\/\\\/fr.motocrossmag.be\\\/#\\\/schema\\\/person\\\/11b47143d9f755babca2c9110e03235c\"},\"breadcrumb\":{\"@id\":\"https:\\\/\\\/fr.motocrossmag.be\\\/index.php\\\/2008\\\/04\\\/video-motocross-mxgp-bellpuig-quelques-images-de-lenfer-de-bellpuig\\\/#breadcrumb\"},\"inLanguage\":\"fr-FR\",\"potentialAction\":[{\"@type\":\"ReadAction\",\"target\":[\"https:\\\/\\\/fr.motocrossmag.be\\\/index.php\\\/2008\\\/04\\\/video-motocross-mxgp-bellpuig-quelques-images-de-lenfer-de-bellpuig\\\/\"]}]},{\"@type\":\"BreadcrumbList\",\"@id\":\"https:\\\/\\\/fr.motocrossmag.be\\\/index.php\\\/2008\\\/04\\\/video-motocross-mxgp-bellpuig-quelques-images-de-lenfer-de-bellpuig\\\/#breadcrumb\",\"itemListElement\":[{\"@type\":\"ListItem\",\"position\":1,\"name\":\"Accueil\",\"item\":\"https:\\\/\\\/fr.motocrossmag.be\\\/\"},{\"@type\":\"ListItem\",\"position\":2,\"name\":\"Vid\u00e9o Motocross MXGP &#8211; Bellpuig | Quelques images de l&rsquo;enfer de Bellpuig\"}]},{\"@type\":\"WebSite\",\"@id\":\"https:\\\/\\\/fr.motocrossmag.be\\\/#website\",\"url\":\"https:\\\/\\\/fr.motocrossmag.be\\\/\",\"name\":\"Motocross - Enduro - Supermoto | MotocrossMag\",\"description\":\"L&#039;actualit\u00e9 du motocross, de l&#039;enduro et du Supermoto en ligne!\",\"potentialAction\":[{\"@type\":\"SearchAction\",\"target\":{\"@type\":\"EntryPoint\",\"urlTemplate\":\"https:\\\/\\\/fr.motocrossmag.be\\\/?s={search_term_string}\"},\"query-input\":{\"@type\":\"PropertyValueSpecification\",\"valueRequired\":true,\"valueName\":\"search_term_string\"}}],\"inLanguage\":\"fr-FR\"},{\"@type\":\"Person\",\"@id\":\"https:\\\/\\\/fr.motocrossmag.be\\\/#\\\/schema\\\/person\\\/11b47143d9f755babca2c9110e03235c\",\"name\":\"oliviere\",\"image\":{\"@type\":\"ImageObject\",\"inLanguage\":\"fr-FR\",\"@id\":\"https:\\\/\\\/secure.gravatar.com\\\/avatar\\\/907069e0b81d119452040469e4a7501da1100f54f7f80180ce77bfab718288f6?s=96&d=mm&r=g\",\"url\":\"https:\\\/\\\/secure.gravatar.com\\\/avatar\\\/907069e0b81d119452040469e4a7501da1100f54f7f80180ce77bfab718288f6?s=96&d=mm&r=g\",\"contentUrl\":\"https:\\\/\\\/secure.gravatar.com\\\/avatar\\\/907069e0b81d119452040469e4a7501da1100f54f7f80180ce77bfab718288f6?s=96&d=mm&r=g\",\"caption\":\"oliviere\"},\"sameAs\":[\"http:\\\/\\\/www.motocrossmag.be\"],\"url\":\"https:\\\/\\\/fr.motocrossmag.be\\\/index.php\\\/author\\\/oliviere\\\/\"}]}<\/script>\n<!-- \/ Yoast SEO plugin. -->","yoast_head_json":{"title":"Vid\u00e9o Motocross MXGP - Bellpuig | Quelques images de l'enfer de Bellpuig - Motocross - Enduro - Supermoto | MotocrossMag","robots":{"index":"index","follow":"follow","max-snippet":"max-snippet:-1","max-image-preview":"max-image-preview:large","max-video-preview":"max-video-preview:-1"},"canonical":"https:\/\/fr.motocrossmag.be\/index.php\/2008\/04\/video-motocross-mxgp-bellpuig-quelques-images-de-lenfer-de-bellpuig\/","og_locale":"fr_FR","og_type":"article","og_title":"Vid\u00e9o Motocross MXGP - Bellpuig | Quelques images de l'enfer de Bellpuig - Motocross - Enduro - Supermoto | MotocrossMag","og_description":"Revivez les moments importants du GP de Bellpuig, avec notamment la victoire imp\u00e9riale de Steve Ramon en MX1, celle de Rattray en premi\u00e8re manche MX2, la chute spectaculaire de Tommy [...]","og_url":"https:\/\/fr.motocrossmag.be\/index.php\/2008\/04\/video-motocross-mxgp-bellpuig-quelques-images-de-lenfer-de-bellpuig\/","og_site_name":"Motocross - Enduro - Supermoto | MotocrossMag","article_published_time":"2008-04-21T16:34:37+00:00","author":"oliviere","twitter_card":"summary_large_image","twitter_misc":{"\u00c9crit par":"oliviere"},"schema":{"@context":"https:\/\/schema.org","@graph":[{"@type":"Article","@id":"https:\/\/fr.motocrossmag.be\/index.php\/2008\/04\/video-motocross-mxgp-bellpuig-quelques-images-de-lenfer-de-bellpuig\/#article","isPartOf":{"@id":"https:\/\/fr.motocrossmag.be\/index.php\/2008\/04\/video-motocross-mxgp-bellpuig-quelques-images-de-lenfer-de-bellpuig\/"},"author":{"name":"oliviere","@id":"https:\/\/fr.motocrossmag.be\/#\/schema\/person\/11b47143d9f755babca2c9110e03235c"},"headline":"Vid\u00e9o Motocross MXGP &#8211; Bellpuig | Quelques images de l&rsquo;enfer de Bellpuig","datePublished":"2008-04-21T16:34:37+00:00","mainEntityOfPage":{"@id":"https:\/\/fr.motocrossmag.be\/index.php\/2008\/04\/video-motocross-mxgp-bellpuig-quelques-images-de-lenfer-de-bellpuig\/"},"wordCount":73,"commentCount":0,"articleSection":["Videos"],"inLanguage":"fr-FR","potentialAction":[{"@type":"CommentAction","name":"Comment","target":["https:\/\/fr.motocrossmag.be\/index.php\/2008\/04\/video-motocross-mxgp-bellpuig-quelques-images-de-lenfer-de-bellpuig\/#respond"]}]},{"@type":"WebPage","@id":"https:\/\/fr.motocrossmag.be\/index.php\/2008\/04\/video-motocross-mxgp-bellpuig-quelques-images-de-lenfer-de-bellpuig\/","url":"https:\/\/fr.motocrossmag.be\/index.php\/2008\/04\/video-motocross-mxgp-bellpuig-quelques-images-de-lenfer-de-bellpuig\/","name":"Vid\u00e9o Motocross MXGP - Bellpuig | Quelques images de l'enfer de Bellpuig - Motocross - Enduro - Supermoto | MotocrossMag","isPartOf":{"@id":"https:\/\/fr.motocrossmag.be\/#website"},"datePublished":"2008-04-21T16:34:37+00:00","author":{"@id":"https:\/\/fr.motocrossmag.be\/#\/schema\/person\/11b47143d9f755babca2c9110e03235c"},"breadcrumb":{"@id":"https:\/\/fr.motocrossmag.be\/index.php\/2008\/04\/video-motocross-mxgp-bellpuig-quelques-images-de-lenfer-de-bellpuig\/#breadcrumb"},"inLanguage":"fr-FR","potentialAction":[{"@type":"ReadAction","target":["https:\/\/fr.motocrossmag.be\/index.php\/2008\/04\/video-motocross-mxgp-bellpuig-quelques-images-de-lenfer-de-bellpuig\/"]}]},{"@type":"BreadcrumbList","@id":"https:\/\/fr.motocrossmag.be\/index.php\/2008\/04\/video-motocross-mxgp-bellpuig-quelques-images-de-lenfer-de-bellpuig\/#breadcrumb","itemListElement":[{"@type":"ListItem","position":1,"name":"Accueil","item":"https:\/\/fr.motocrossmag.be\/"},{"@type":"ListItem","position":2,"name":"Vid\u00e9o Motocross MXGP &#8211; Bellpuig | Quelques images de l&rsquo;enfer de Bellpuig"}]},{"@type":"WebSite","@id":"https:\/\/fr.motocrossmag.be\/#website","url":"https:\/\/fr.motocrossmag.be\/","name":"Motocross - Enduro - Supermoto | MotocrossMag","description":"L&#039;actualit\u00e9 du motocross, de l&#039;enduro et du Supermoto en ligne!","potentialAction":[{"@type":"SearchAction","target":{"@type":"EntryPoint","urlTemplate":"https:\/\/fr.motocrossmag.be\/?s={search_term_string}"},"query-input":{"@type":"PropertyValueSpecification","valueRequired":true,"valueName":"search_term_string"}}],"inLanguage":"fr-FR"},{"@type":"Person","@id":"https:\/\/fr.motocrossmag.be\/#\/schema\/person\/11b47143d9f755babca2c9110e03235c","name":"oliviere","image":{"@type":"ImageObject","inLanguage":"fr-FR","@id":"https:\/\/secure.gravatar.com\/avatar\/907069e0b81d119452040469e4a7501da1100f54f7f80180ce77bfab718288f6?s=96&d=mm&r=g","url":"https:\/\/secure.gravatar.com\/avatar\/907069e0b81d119452040469e4a7501da1100f54f7f80180ce77bfab718288f6?s=96&d=mm&r=g","contentUrl":"https:\/\/secure.gravatar.com\/avatar\/907069e0b81d119452040469e4a7501da1100f54f7f80180ce77bfab718288f6?s=96&d=mm&r=g","caption":"oliviere"},"sameAs":["http:\/\/www.motocrossmag.be"],"url":"https:\/\/fr.motocrossmag.be\/index.php\/author\/oliviere\/"}]}},"_links":{"self":[{"href":"https:\/\/fr.motocrossmag.be\/index.php\/wp-json\/wp\/v2\/posts\/507","targetHints":{"allow":["GET"]}}],"collection":[{"href":"https:\/\/fr.motocrossmag.be\/index.php\/wp-json\/wp\/v2\/posts"}],"about":[{"href":"https:\/\/fr.motocrossmag.be\/index.php\/wp-json\/wp\/v2\/types\/post"}],"author":[{"embeddable":true,"href":"https:\/\/fr.motocrossmag.be\/index.php\/wp-json\/wp\/v2\/users\/932"}],"replies":[{"embeddable":true,"href":"https:\/\/fr.motocrossmag.be\/index.php\/wp-json\/wp\/v2\/comments?post=507"}],"version-history":[{"count":0,"href":"https:\/\/fr.motocrossmag.be\/index.php\/wp-json\/wp\/v2\/posts\/507\/revisions"}],"wp:attachment":[{"href":"https:\/\/fr.motocrossmag.be\/index.php\/wp-json\/wp\/v2\/media?parent=507"}],"wp:term":[{"taxonomy":"category","embeddable":true,"href":"https:\/\/fr.motocrossmag.be\/index.php\/wp-json\/wp\/v2\/categories?post=507"},{"taxonomy":"post_tag","embeddable":true,"href":"https:\/\/fr.motocrossmag.be\/index.php\/wp-json\/wp\/v2\/tags?post=507"}],"curies":[{"name":"wp","href":"https:\/\/api.w.org\/{rel}","templated":true}]}}