{"id":50874,"date":"2016-08-30T22:06:55","date_gmt":"2016-08-30T20:06:55","guid":{"rendered":"http:\/\/fr.motocrossmag.be\/?p=50874"},"modified":"2016-08-31T09:21:58","modified_gmt":"2016-08-31T07:21:58","slug":"valentin-guillod-aux-etats-unis-des-lan-prochain","status":"publish","type":"post","link":"https:\/\/fr.motocrossmag.be\/index.php\/2016\/08\/valentin-guillod-aux-etats-unis-des-lan-prochain\/","title":{"rendered":"Valentin Guillod aux Etats-Unis d\u00e8s l\u2019an prochain ?"},"content":{"rendered":"<p><strong>Valentin Guillod pourrait participer aux championnats AMA de motocross et de supercross l\u2019an prochain s\u2019il ne trouve pas un team et un contrat satisfaisants pour 2017. L\u2019ancien champion d\u2019Europe a connu une premi\u00e8re saison relativement satisfaisante en MXGP sous l\u2019auvent du team Rinaldi-Kemea avec sa Yamaha YZ450FM.<\/strong><\/p>\n<p>Guillod consid\u00e8re que son avenir est bouch\u00e9 chez Yamaha malgr\u00e9 un contrat qui le lie \u00e0 la firme au diapason jusqu\u2019en 2017.\u00a0Jeremy Van Horebeek a renouvel\u00e9 son contrat chez Yamaha et la reconversion en MX2 de Kemea signifie qu\u2019il reste peu de possibilit\u00e9s pour Guillod chez les \u2018bleus\u2019 d\u2019autant qu\u2019il a coup\u00e9 les ponts avec le team Wilvo Standing Construct durant l\u2019hiver dernier.<\/p>\n<div id=\"attachment_45362\" style=\"width: 809px\" class=\"wp-caption alignnone\"><a href=\"http:\/\/fr.motocrossmag.be\/wp-content\/uploads\/2016\/04\/Valentin-Guillod-Yves-Demaria.jpg\"><img decoding=\"async\" aria-describedby=\"caption-attachment-45362\" class=\"lazyload size-full wp-image-45362\" src=\"http:\/\/fr.motocrossmag.be\/wp-content\/uploads\/2016\/04\/Valentin-Guillod-Yves-Demaria.jpg\" data-orig-src=\"http:\/\/fr.motocrossmag.be\/wp-content\/uploads\/2016\/04\/Valentin-Guillod-Yves-Demaria.jpg\" alt=\"Valentin Guillod avec son mentor, Yves Demaria\" width=\"799\" height=\"532\" srcset=\"data:image\/svg+xml,%3Csvg%20xmlns%3D%27http%3A%2F%2Fwww.w3.org%2F2000%2Fsvg%27%20width%3D%27799%27%20height%3D%27532%27%20viewBox%3D%270%200%20799%20532%27%3E%3Crect%20width%3D%27799%27%20height%3D%27532%27%20fill-opacity%3D%220%22%2F%3E%3C%2Fsvg%3E\" data-srcset=\"https:\/\/fr.motocrossmag.be\/wp-content\/uploads\/2016\/04\/Valentin-Guillod-Yves-Demaria-650x433.jpg 650w, https:\/\/fr.motocrossmag.be\/wp-content\/uploads\/2016\/04\/Valentin-Guillod-Yves-Demaria.jpg 799w\" data-sizes=\"auto\" data-orig-sizes=\"(max-width: 799px) 100vw, 799px\" \/><\/a><p id=\"caption-attachment-45362\" class=\"wp-caption-text\">Valentin Guillod avec son mentor, Yves Demaria<\/p><\/div>\n<p>Les autres \u00e9curies ont pratiquement termin\u00e9 leur recrutement pour l\u2019an prochain; c\u2019est ainsi qu\u2019il se dit de plus en plus que le pilote lithuanien de dix-huit ans Arminas Jasikonis sera le co\u00e9quipier de Kevin Strijbos chez les \u2018jaunes\u2019 en 2017 avec pour voie de cons\u00e9quence des possibilit\u00e9s de plus en plus r\u00e9duites pour Vincent Guillod de figurer dans un team d\u2019usine. \u00ab\u00a0J\u2019ai d\u00e9j\u00e0 engag\u00e9 pas mal de conversations visant \u00e0 me faire partir aux Etats-Unis en 2017, \u00ab\u00a0 avoue Guillod,\u00a0\u00bb et j\u2019en saurai plus \u00e0 ce sujet apr\u00e8s le GP \u00e0 Charlotte samedi prochain, notamment en ce qui concerne les propositions qu\u2019on pourrait le faire l\u00e0-bas. \u00ab\u00a0Ce serait super de pouvoir relever un nouveau d\u00e9fi aux Etats-Unis. Je pourrais vivre quelque chose de diff\u00e9rent. Je suis assez bon en supercross et j\u2019ai d\u00e9j\u00e0 particip\u00e9 \u00e0 quelques \u00e9preuves de ce style durant l\u2019entre-saison. Aller aux Etats-Unis pour apprendre de nouvelles choses, ce serait quelque chose de tr\u00e8s int\u00e9ressant.\u00a0\u00bb<\/p>\n<p>Le pilote suisse qui devrait normalement faire sa derni\u00e8re apparition au guidon d\u2019une Yamaha pour repr\u00e9senter son pays au Motocross des Nations \u00e0 Maggiora en septembre affirme qu\u2019il a \u00e9t\u00e9 laiss\u00e9 tomber par Yamaha. \u00ab\u00a0je suis tr\u00e8s d\u00e9\u00e7u,\u00a0\u00bb d\u00e9clare Guillod.\u00a0\u00abL\u2019an dernier, Suzuki m\u2019avait fait une magnifique proposition et je leur avais dit que j\u2019\u00e9tais partant pour travailler avec eux mais Yamaha m\u2019avait mis une \u00e9norme pression et j\u2019ai fini par resigner chez eux. Je suis d\u00e9sol\u00e9 d\u2019avoir fait \u00e7a \u00e0 Suzuki mais c\u2019est ainsi. J\u2019avais une option avec Yamaha pour l\u2019an prochain mais on ne l\u2019a pas activ\u00e9e et maintenant, on me met \u00e0 la porte. Yamaha ne m\u2019a m\u00eame pas demand\u00e9 si je voulais rouler en SMX pour eux. Je suis d\u00e9sol\u00e9 de voir comment les choses se passent mais il nous reste quelques GP \u00e0 disputer et je veux faire de mon mieux. Je sais que je peux rouler pour un podium\u00a0\u00bb<\/p>\n<div id=\"attachment_48377\" style=\"width: 1010px\" class=\"wp-caption alignnone\"><a href=\"http:\/\/fr.motocrossmag.be\/wp-content\/uploads\/2016\/07\/arminas_jasikonis.jpg\"><img decoding=\"async\" aria-describedby=\"caption-attachment-48377\" class=\"lazyload size-full wp-image-48377\" src=\"http:\/\/fr.motocrossmag.be\/wp-content\/uploads\/2016\/07\/arminas_jasikonis.jpg\" data-orig-src=\"http:\/\/fr.motocrossmag.be\/wp-content\/uploads\/2016\/07\/arminas_jasikonis.jpg\" alt=\"Arminas Jasikonis serait le co\u00e9quipier de Kevin Strijbos chez Suzuki l'an prochain\" width=\"1000\" height=\"711\" srcset=\"data:image\/svg+xml,%3Csvg%20xmlns%3D%27http%3A%2F%2Fwww.w3.org%2F2000%2Fsvg%27%20width%3D%271000%27%20height%3D%27711%27%20viewBox%3D%270%200%201000%20711%27%3E%3Crect%20width%3D%271000%27%20height%3D%27711%27%20fill-opacity%3D%220%22%2F%3E%3C%2Fsvg%3E\" data-srcset=\"https:\/\/fr.motocrossmag.be\/wp-content\/uploads\/2016\/07\/arminas_jasikonis-650x462.jpg 650w, https:\/\/fr.motocrossmag.be\/wp-content\/uploads\/2016\/07\/arminas_jasikonis.jpg 1000w\" data-sizes=\"auto\" data-orig-sizes=\"(max-width: 1000px) 100vw, 1000px\" \/><\/a><p id=\"caption-attachment-48377\" class=\"wp-caption-text\">Arminas Jasikonis serait le co\u00e9quipier de Kevin Strijbos chez Suzuki l&rsquo;an prochain<\/p><\/div>\n<p>Guillod a bien s\u00fbr re\u00e7u quelques propositions de la part de teams satellites afin de rester en MXGP, notamment de Assomotor Honda, un soutien de la part de Honda Motor Europe \u00e9tant possible, mais, finalement, il n\u2019y a rien pour le moment qui puisse donner \u00e0 Vincent Guillod l\u2019envie de rester en Europe.<\/p>\n","protected":false},"excerpt":{"rendered":"<p>Valentin Guillod pourrait participer aux championnats AMA de motocross et de supercross l\u2019an prochain s\u2019il ne trouve pas un team et un contrat satisfaisants pour 2017. L\u2019ancien champion d\u2019Europe a [&#8230;]<\/p>\n","protected":false},"author":898,"featured_media":47881,"comment_status":"open","ping_status":"closed","sticky":false,"template":"","format":"standard","meta":{"footnotes":""},"categories":[54,4,6,55,65],"tags":[],"class_list":["post-50874","post","type-post","status-publish","format-standard","has-post-thumbnail","hentry","category-actualite","category-motocross","category-mx1mx2","category-news-actualite","category-slideshow"],"yoast_head":"<!-- This site is optimized with the Yoast SEO plugin v27.4 - https:\/\/yoast.com\/product\/yoast-seo-wordpress\/ -->\n<title>Valentin Guillod aux Etats-Unis d\u00e8s l\u2019an prochain ? - Motocross - Enduro - Supermoto | MotocrossMag<\/title>\n<meta name=\"robots\" content=\"index, follow, max-snippet:-1, max-image-preview:large, max-video-preview:-1\" \/>\n<link rel=\"canonical\" href=\"https:\/\/fr.motocrossmag.be\/index.php\/2016\/08\/valentin-guillod-aux-etats-unis-des-lan-prochain\/\" \/>\n<meta property=\"og:locale\" content=\"fr_FR\" \/>\n<meta property=\"og:type\" content=\"article\" \/>\n<meta property=\"og:title\" content=\"Valentin Guillod aux Etats-Unis d\u00e8s l\u2019an prochain ? - Motocross - Enduro - Supermoto | MotocrossMag\" \/>\n<meta property=\"og:description\" content=\"Valentin Guillod pourrait participer aux championnats AMA de motocross et de supercross l\u2019an prochain s\u2019il ne trouve pas un team et un contrat satisfaisants pour 2017. L\u2019ancien champion d\u2019Europe a [...]\" \/>\n<meta property=\"og:url\" content=\"https:\/\/fr.motocrossmag.be\/index.php\/2016\/08\/valentin-guillod-aux-etats-unis-des-lan-prochain\/\" \/>\n<meta property=\"og:site_name\" content=\"Motocross - Enduro - Supermoto | MotocrossMag\" \/>\n<meta property=\"article:published_time\" content=\"2016-08-30T20:06:55+00:00\" \/>\n<meta property=\"article:modified_time\" content=\"2016-08-31T07:21:58+00:00\" \/>\n<meta property=\"og:image\" content=\"https:\/\/fr.motocrossmag.be\/wp-content\/uploads\/2016\/06\/Valentin-Guillod-Mantova.jpg\" \/>\n\t<meta property=\"og:image:width\" content=\"991\" \/>\n\t<meta property=\"og:image:height\" content=\"660\" \/>\n\t<meta property=\"og:image:type\" content=\"image\/jpeg\" \/>\n<meta name=\"author\" content=\"fernand2\" \/>\n<meta name=\"twitter:card\" content=\"summary_large_image\" \/>\n<meta name=\"twitter:label1\" content=\"\u00c9crit par\" \/>\n\t<meta name=\"twitter:data1\" content=\"fernand2\" \/>\n\t<meta name=\"twitter:label2\" content=\"Dur\u00e9e de lecture estim\u00e9e\" \/>\n\t<meta name=\"twitter:data2\" content=\"3 minutes\" \/>\n<script type=\"application\/ld+json\" class=\"yoast-schema-graph\">{\"@context\":\"https:\\\/\\\/schema.org\",\"@graph\":[{\"@type\":\"Article\",\"@id\":\"https:\\\/\\\/fr.motocrossmag.be\\\/index.php\\\/2016\\\/08\\\/valentin-guillod-aux-etats-unis-des-lan-prochain\\\/#article\",\"isPartOf\":{\"@id\":\"https:\\\/\\\/fr.motocrossmag.be\\\/index.php\\\/2016\\\/08\\\/valentin-guillod-aux-etats-unis-des-lan-prochain\\\/\"},\"author\":{\"name\":\"fernand2\",\"@id\":\"https:\\\/\\\/fr.motocrossmag.be\\\/#\\\/schema\\\/person\\\/b1bd0a25696c3aeaac7fd5d92d4ed8f6\"},\"headline\":\"Valentin Guillod aux Etats-Unis d\u00e8s l\u2019an prochain ?\",\"datePublished\":\"2016-08-30T20:06:55+00:00\",\"dateModified\":\"2016-08-31T07:21:58+00:00\",\"mainEntityOfPage\":{\"@id\":\"https:\\\/\\\/fr.motocrossmag.be\\\/index.php\\\/2016\\\/08\\\/valentin-guillod-aux-etats-unis-des-lan-prochain\\\/\"},\"wordCount\":566,\"commentCount\":0,\"image\":{\"@id\":\"https:\\\/\\\/fr.motocrossmag.be\\\/index.php\\\/2016\\\/08\\\/valentin-guillod-aux-etats-unis-des-lan-prochain\\\/#primaryimage\"},\"thumbnailUrl\":\"https:\\\/\\\/fr.motocrossmag.be\\\/wp-content\\\/uploads\\\/2016\\\/06\\\/Valentin-Guillod-Mantova.jpg\",\"articleSection\":[\"Actualit\u00e9\",\"Motocross\",\"Motocross MXGP\",\"News\",\"Slideshow\"],\"inLanguage\":\"fr-FR\",\"potentialAction\":[{\"@type\":\"CommentAction\",\"name\":\"Comment\",\"target\":[\"https:\\\/\\\/fr.motocrossmag.be\\\/index.php\\\/2016\\\/08\\\/valentin-guillod-aux-etats-unis-des-lan-prochain\\\/#respond\"]}]},{\"@type\":\"WebPage\",\"@id\":\"https:\\\/\\\/fr.motocrossmag.be\\\/index.php\\\/2016\\\/08\\\/valentin-guillod-aux-etats-unis-des-lan-prochain\\\/\",\"url\":\"https:\\\/\\\/fr.motocrossmag.be\\\/index.php\\\/2016\\\/08\\\/valentin-guillod-aux-etats-unis-des-lan-prochain\\\/\",\"name\":\"Valentin Guillod aux Etats-Unis d\u00e8s l\u2019an prochain ? - Motocross - Enduro - Supermoto | MotocrossMag\",\"isPartOf\":{\"@id\":\"https:\\\/\\\/fr.motocrossmag.be\\\/#website\"},\"primaryImageOfPage\":{\"@id\":\"https:\\\/\\\/fr.motocrossmag.be\\\/index.php\\\/2016\\\/08\\\/valentin-guillod-aux-etats-unis-des-lan-prochain\\\/#primaryimage\"},\"image\":{\"@id\":\"https:\\\/\\\/fr.motocrossmag.be\\\/index.php\\\/2016\\\/08\\\/valentin-guillod-aux-etats-unis-des-lan-prochain\\\/#primaryimage\"},\"thumbnailUrl\":\"https:\\\/\\\/fr.motocrossmag.be\\\/wp-content\\\/uploads\\\/2016\\\/06\\\/Valentin-Guillod-Mantova.jpg\",\"datePublished\":\"2016-08-30T20:06:55+00:00\",\"dateModified\":\"2016-08-31T07:21:58+00:00\",\"author\":{\"@id\":\"https:\\\/\\\/fr.motocrossmag.be\\\/#\\\/schema\\\/person\\\/b1bd0a25696c3aeaac7fd5d92d4ed8f6\"},\"breadcrumb\":{\"@id\":\"https:\\\/\\\/fr.motocrossmag.be\\\/index.php\\\/2016\\\/08\\\/valentin-guillod-aux-etats-unis-des-lan-prochain\\\/#breadcrumb\"},\"inLanguage\":\"fr-FR\",\"potentialAction\":[{\"@type\":\"ReadAction\",\"target\":[\"https:\\\/\\\/fr.motocrossmag.be\\\/index.php\\\/2016\\\/08\\\/valentin-guillod-aux-etats-unis-des-lan-prochain\\\/\"]}]},{\"@type\":\"ImageObject\",\"inLanguage\":\"fr-FR\",\"@id\":\"https:\\\/\\\/fr.motocrossmag.be\\\/index.php\\\/2016\\\/08\\\/valentin-guillod-aux-etats-unis-des-lan-prochain\\\/#primaryimage\",\"url\":\"https:\\\/\\\/fr.motocrossmag.be\\\/wp-content\\\/uploads\\\/2016\\\/06\\\/Valentin-Guillod-Mantova.jpg\",\"contentUrl\":\"https:\\\/\\\/fr.motocrossmag.be\\\/wp-content\\\/uploads\\\/2016\\\/06\\\/Valentin-Guillod-Mantova.jpg\",\"width\":991,\"height\":660,\"caption\":\"Valentin Guillod : toujours en phase d'apprentissage en MXGP...\"},{\"@type\":\"BreadcrumbList\",\"@id\":\"https:\\\/\\\/fr.motocrossmag.be\\\/index.php\\\/2016\\\/08\\\/valentin-guillod-aux-etats-unis-des-lan-prochain\\\/#breadcrumb\",\"itemListElement\":[{\"@type\":\"ListItem\",\"position\":1,\"name\":\"Accueil\",\"item\":\"https:\\\/\\\/fr.motocrossmag.be\\\/\"},{\"@type\":\"ListItem\",\"position\":2,\"name\":\"Valentin Guillod aux Etats-Unis d\u00e8s l\u2019an prochain ?\"}]},{\"@type\":\"WebSite\",\"@id\":\"https:\\\/\\\/fr.motocrossmag.be\\\/#website\",\"url\":\"https:\\\/\\\/fr.motocrossmag.be\\\/\",\"name\":\"Motocross - Enduro - Supermoto | MotocrossMag\",\"description\":\"L&#039;actualit\u00e9 du motocross, de l&#039;enduro et du Supermoto en ligne!\",\"potentialAction\":[{\"@type\":\"SearchAction\",\"target\":{\"@type\":\"EntryPoint\",\"urlTemplate\":\"https:\\\/\\\/fr.motocrossmag.be\\\/?s={search_term_string}\"},\"query-input\":{\"@type\":\"PropertyValueSpecification\",\"valueRequired\":true,\"valueName\":\"search_term_string\"}}],\"inLanguage\":\"fr-FR\"},{\"@type\":\"Person\",\"@id\":\"https:\\\/\\\/fr.motocrossmag.be\\\/#\\\/schema\\\/person\\\/b1bd0a25696c3aeaac7fd5d92d4ed8f6\",\"name\":\"fernand2\",\"image\":{\"@type\":\"ImageObject\",\"inLanguage\":\"fr-FR\",\"@id\":\"https:\\\/\\\/secure.gravatar.com\\\/avatar\\\/e48cfba345f89620e0c3f40fdfd6f6ef6bc1fbad5d0c3cd2555b4f39e37ef934?s=96&d=mm&r=g\",\"url\":\"https:\\\/\\\/secure.gravatar.com\\\/avatar\\\/e48cfba345f89620e0c3f40fdfd6f6ef6bc1fbad5d0c3cd2555b4f39e37ef934?s=96&d=mm&r=g\",\"contentUrl\":\"https:\\\/\\\/secure.gravatar.com\\\/avatar\\\/e48cfba345f89620e0c3f40fdfd6f6ef6bc1fbad5d0c3cd2555b4f39e37ef934?s=96&d=mm&r=g\",\"caption\":\"fernand2\"},\"url\":\"https:\\\/\\\/fr.motocrossmag.be\\\/index.php\\\/author\\\/fernand2\\\/\"}]}<\/script>\n<!-- \/ Yoast SEO plugin. -->","yoast_head_json":{"title":"Valentin Guillod aux Etats-Unis d\u00e8s l\u2019an prochain ? - Motocross - Enduro - Supermoto | MotocrossMag","robots":{"index":"index","follow":"follow","max-snippet":"max-snippet:-1","max-image-preview":"max-image-preview:large","max-video-preview":"max-video-preview:-1"},"canonical":"https:\/\/fr.motocrossmag.be\/index.php\/2016\/08\/valentin-guillod-aux-etats-unis-des-lan-prochain\/","og_locale":"fr_FR","og_type":"article","og_title":"Valentin Guillod aux Etats-Unis d\u00e8s l\u2019an prochain ? - Motocross - Enduro - Supermoto | MotocrossMag","og_description":"Valentin Guillod pourrait participer aux championnats AMA de motocross et de supercross l\u2019an prochain s\u2019il ne trouve pas un team et un contrat satisfaisants pour 2017. L\u2019ancien champion d\u2019Europe a [...]","og_url":"https:\/\/fr.motocrossmag.be\/index.php\/2016\/08\/valentin-guillod-aux-etats-unis-des-lan-prochain\/","og_site_name":"Motocross - Enduro - Supermoto | MotocrossMag","article_published_time":"2016-08-30T20:06:55+00:00","article_modified_time":"2016-08-31T07:21:58+00:00","og_image":[{"width":991,"height":660,"url":"https:\/\/fr.motocrossmag.be\/wp-content\/uploads\/2016\/06\/Valentin-Guillod-Mantova.jpg","type":"image\/jpeg"}],"author":"fernand2","twitter_card":"summary_large_image","twitter_misc":{"\u00c9crit par":"fernand2","Dur\u00e9e de lecture estim\u00e9e":"3 minutes"},"schema":{"@context":"https:\/\/schema.org","@graph":[{"@type":"Article","@id":"https:\/\/fr.motocrossmag.be\/index.php\/2016\/08\/valentin-guillod-aux-etats-unis-des-lan-prochain\/#article","isPartOf":{"@id":"https:\/\/fr.motocrossmag.be\/index.php\/2016\/08\/valentin-guillod-aux-etats-unis-des-lan-prochain\/"},"author":{"name":"fernand2","@id":"https:\/\/fr.motocrossmag.be\/#\/schema\/person\/b1bd0a25696c3aeaac7fd5d92d4ed8f6"},"headline":"Valentin Guillod aux Etats-Unis d\u00e8s l\u2019an prochain ?","datePublished":"2016-08-30T20:06:55+00:00","dateModified":"2016-08-31T07:21:58+00:00","mainEntityOfPage":{"@id":"https:\/\/fr.motocrossmag.be\/index.php\/2016\/08\/valentin-guillod-aux-etats-unis-des-lan-prochain\/"},"wordCount":566,"commentCount":0,"image":{"@id":"https:\/\/fr.motocrossmag.be\/index.php\/2016\/08\/valentin-guillod-aux-etats-unis-des-lan-prochain\/#primaryimage"},"thumbnailUrl":"https:\/\/fr.motocrossmag.be\/wp-content\/uploads\/2016\/06\/Valentin-Guillod-Mantova.jpg","articleSection":["Actualit\u00e9","Motocross","Motocross MXGP","News","Slideshow"],"inLanguage":"fr-FR","potentialAction":[{"@type":"CommentAction","name":"Comment","target":["https:\/\/fr.motocrossmag.be\/index.php\/2016\/08\/valentin-guillod-aux-etats-unis-des-lan-prochain\/#respond"]}]},{"@type":"WebPage","@id":"https:\/\/fr.motocrossmag.be\/index.php\/2016\/08\/valentin-guillod-aux-etats-unis-des-lan-prochain\/","url":"https:\/\/fr.motocrossmag.be\/index.php\/2016\/08\/valentin-guillod-aux-etats-unis-des-lan-prochain\/","name":"Valentin Guillod aux Etats-Unis d\u00e8s l\u2019an prochain ? - Motocross - Enduro - Supermoto | MotocrossMag","isPartOf":{"@id":"https:\/\/fr.motocrossmag.be\/#website"},"primaryImageOfPage":{"@id":"https:\/\/fr.motocrossmag.be\/index.php\/2016\/08\/valentin-guillod-aux-etats-unis-des-lan-prochain\/#primaryimage"},"image":{"@id":"https:\/\/fr.motocrossmag.be\/index.php\/2016\/08\/valentin-guillod-aux-etats-unis-des-lan-prochain\/#primaryimage"},"thumbnailUrl":"https:\/\/fr.motocrossmag.be\/wp-content\/uploads\/2016\/06\/Valentin-Guillod-Mantova.jpg","datePublished":"2016-08-30T20:06:55+00:00","dateModified":"2016-08-31T07:21:58+00:00","author":{"@id":"https:\/\/fr.motocrossmag.be\/#\/schema\/person\/b1bd0a25696c3aeaac7fd5d92d4ed8f6"},"breadcrumb":{"@id":"https:\/\/fr.motocrossmag.be\/index.php\/2016\/08\/valentin-guillod-aux-etats-unis-des-lan-prochain\/#breadcrumb"},"inLanguage":"fr-FR","potentialAction":[{"@type":"ReadAction","target":["https:\/\/fr.motocrossmag.be\/index.php\/2016\/08\/valentin-guillod-aux-etats-unis-des-lan-prochain\/"]}]},{"@type":"ImageObject","inLanguage":"fr-FR","@id":"https:\/\/fr.motocrossmag.be\/index.php\/2016\/08\/valentin-guillod-aux-etats-unis-des-lan-prochain\/#primaryimage","url":"https:\/\/fr.motocrossmag.be\/wp-content\/uploads\/2016\/06\/Valentin-Guillod-Mantova.jpg","contentUrl":"https:\/\/fr.motocrossmag.be\/wp-content\/uploads\/2016\/06\/Valentin-Guillod-Mantova.jpg","width":991,"height":660,"caption":"Valentin Guillod : toujours en phase d'apprentissage en MXGP..."},{"@type":"BreadcrumbList","@id":"https:\/\/fr.motocrossmag.be\/index.php\/2016\/08\/valentin-guillod-aux-etats-unis-des-lan-prochain\/#breadcrumb","itemListElement":[{"@type":"ListItem","position":1,"name":"Accueil","item":"https:\/\/fr.motocrossmag.be\/"},{"@type":"ListItem","position":2,"name":"Valentin Guillod aux Etats-Unis d\u00e8s l\u2019an prochain ?"}]},{"@type":"WebSite","@id":"https:\/\/fr.motocrossmag.be\/#website","url":"https:\/\/fr.motocrossmag.be\/","name":"Motocross - Enduro - Supermoto | MotocrossMag","description":"L&#039;actualit\u00e9 du motocross, de l&#039;enduro et du Supermoto en ligne!","potentialAction":[{"@type":"SearchAction","target":{"@type":"EntryPoint","urlTemplate":"https:\/\/fr.motocrossmag.be\/?s={search_term_string}"},"query-input":{"@type":"PropertyValueSpecification","valueRequired":true,"valueName":"search_term_string"}}],"inLanguage":"fr-FR"},{"@type":"Person","@id":"https:\/\/fr.motocrossmag.be\/#\/schema\/person\/b1bd0a25696c3aeaac7fd5d92d4ed8f6","name":"fernand2","image":{"@type":"ImageObject","inLanguage":"fr-FR","@id":"https:\/\/secure.gravatar.com\/avatar\/e48cfba345f89620e0c3f40fdfd6f6ef6bc1fbad5d0c3cd2555b4f39e37ef934?s=96&d=mm&r=g","url":"https:\/\/secure.gravatar.com\/avatar\/e48cfba345f89620e0c3f40fdfd6f6ef6bc1fbad5d0c3cd2555b4f39e37ef934?s=96&d=mm&r=g","contentUrl":"https:\/\/secure.gravatar.com\/avatar\/e48cfba345f89620e0c3f40fdfd6f6ef6bc1fbad5d0c3cd2555b4f39e37ef934?s=96&d=mm&r=g","caption":"fernand2"},"url":"https:\/\/fr.motocrossmag.be\/index.php\/author\/fernand2\/"}]}},"_links":{"self":[{"href":"https:\/\/fr.motocrossmag.be\/index.php\/wp-json\/wp\/v2\/posts\/50874","targetHints":{"allow":["GET"]}}],"collection":[{"href":"https:\/\/fr.motocrossmag.be\/index.php\/wp-json\/wp\/v2\/posts"}],"about":[{"href":"https:\/\/fr.motocrossmag.be\/index.php\/wp-json\/wp\/v2\/types\/post"}],"author":[{"embeddable":true,"href":"https:\/\/fr.motocrossmag.be\/index.php\/wp-json\/wp\/v2\/users\/898"}],"replies":[{"embeddable":true,"href":"https:\/\/fr.motocrossmag.be\/index.php\/wp-json\/wp\/v2\/comments?post=50874"}],"version-history":[{"count":2,"href":"https:\/\/fr.motocrossmag.be\/index.php\/wp-json\/wp\/v2\/posts\/50874\/revisions"}],"predecessor-version":[{"id":50881,"href":"https:\/\/fr.motocrossmag.be\/index.php\/wp-json\/wp\/v2\/posts\/50874\/revisions\/50881"}],"wp:featuredmedia":[{"embeddable":true,"href":"https:\/\/fr.motocrossmag.be\/index.php\/wp-json\/wp\/v2\/media\/47881"}],"wp:attachment":[{"href":"https:\/\/fr.motocrossmag.be\/index.php\/wp-json\/wp\/v2\/media?parent=50874"}],"wp:term":[{"taxonomy":"category","embeddable":true,"href":"https:\/\/fr.motocrossmag.be\/index.php\/wp-json\/wp\/v2\/categories?post=50874"},{"taxonomy":"post_tag","embeddable":true,"href":"https:\/\/fr.motocrossmag.be\/index.php\/wp-json\/wp\/v2\/tags?post=50874"}],"curies":[{"name":"wp","href":"https:\/\/api.w.org\/{rel}","templated":true}]}}