{"id":50879,"date":"2016-08-30T23:36:25","date_gmt":"2016-08-30T21:36:25","guid":{"rendered":"http:\/\/fr.motocrossmag.be\/?p=50879"},"modified":"2016-08-30T23:37:41","modified_gmt":"2016-08-30T21:37:41","slug":"jorge-prado-a-etonne-son-monde-a-assen","status":"publish","type":"post","link":"https:\/\/fr.motocrossmag.be\/index.php\/2016\/08\/jorge-prado-a-etonne-son-monde-a-assen\/","title":{"rendered":"Jorge Prado a \u00e9tonn\u00e9 son monde \u00e0 Assen !"},"content":{"rendered":"<p><strong>Le pilote espagnol du team Red Bull KTM, Jorge Prado, a surpris pas mal de monde avec sa troisi\u00e8me place finale en MX2 \u00e0 Assen dimanche dernier. En fait, Jorge Prado, fait l\u2019objet de pas mal de battage m\u00e9diatique depuis ses onze ans, lui dont les supporters espagnols attendaient que son formidable talent explose sur la sc\u00e8ne internationale. C\u2019est ainsi qu\u2019\u00e0 seulement quinze ans, apr\u00e8s avoir obtenu un titre europ\u00e9en junior et un titre mondial junior, Jorge est mont\u00e9 sur la troisi\u00e8me marche du podium final \u00e0 Assen.<\/strong><\/p>\n<p>C\u2019est la premi\u00e8re ann\u00e9e que le jeune pilote espagnol pilote une 250 quatre-temps et il devait faire ses grands d\u00e9buts en GP \u00e0 Lommel mais malheureusement pour lui, il \u00e9tait bless\u00e9 \u00e0 l\u2019\u00e9paule et il n\u2019a d\u00e8s lors pas pu se qualifier le samedi du GP de Belgique. Appel\u00e9 une fois encore dans le team d\u2019usine pour participer au championnat des Pays-Bas \u00e0 Assen le week-end dernier, Pauls Jonas et Davy Pootjes \u00e9tant absents, le jeune Espagnol &#8211; sous contrat pour plusieurs ann\u00e9es avec KTM &#8211; a saisi sa chance et a sign\u00e9 une douzi\u00e8me puis une deuxi\u00e8me place -, ce qui l\u2019a fait monter sur la troisi\u00e8me marche du podium final.<\/p>\n<p>Prado, qui r\u00e9side en Belgique, a obtenu son troph\u00e9e malgr\u00e9 un nombre de points identiques \u00e0 Max Anstie, son meilleur classement dans la deuxi\u00e8me manche pr\u00e9valant. Ni Ken Roczen (7\u00e8me \u00e0 Agueda en 2019 lors du GP du Portugal) ni Jeffrey Herlings (4\u00e8me \u00e0 Sevlevio lors du GP de Bulgarie en 2010) n\u2019ont fait mieux que Jorge lors de leur premi\u00e8re participation \u00e0 un GP.<\/p>\n<p>\u00ab\u00a0Je m\u2019entra\u00eene beaucoup \u00e0 Lommel de sorte que j\u2019avais de bonnes sensations en venant ici \u00e0 Assen. J\u2019ai r\u00e9alis\u00e9 le holeshot et je n\u2019arrive pas \u00e0 croire que j\u2019ai gagn\u00e9 ma premi\u00e8re \u00e9preuve qualificative,\u00a0\u00bb a d\u00e9clar\u00e9 Prado samedi. \u00ab\u00a0Dimanche, la premi\u00e8re manche a \u00e9t\u00e9 terrible avec toute la pluie qui \u00e9tait tomb\u00e9e mais je suis parvenu \u00e0 rester sur mes roues. Dans la seconde manche, le terrain avait \u00e9t\u00e9 compl\u00e8tement aplani par les organisateurs, ce qui \u00e9tait une bonne chose en ce qui me concerne. Je suis un pilote technique mais je ne suis pas encore assez costaud pour rouler \u00e0 fond durant trente-cinq minutes sur un terrain lourd.\u00a0\u00bb<\/p>\n<div id=\"attachment_44113\" style=\"width: 1209px\" class=\"wp-caption alignnone\"><a href=\"http:\/\/fr.motocrossmag.be\/wp-content\/uploads\/2016\/03\/140395_Jorge-Prado-KTM-250-SX-F-2016.jpg\"><img decoding=\"async\" aria-describedby=\"caption-attachment-44113\" class=\"lazyload size-full wp-image-44113\" src=\"http:\/\/fr.motocrossmag.be\/wp-content\/uploads\/2016\/03\/140395_Jorge-Prado-KTM-250-SX-F-2016.jpg\" data-orig-src=\"http:\/\/fr.motocrossmag.be\/wp-content\/uploads\/2016\/03\/140395_Jorge-Prado-KTM-250-SX-F-2016.jpg\" alt=\"Jorge Prado: visiblement, le jeune Espagnol aime jouer dans le sable!\" width=\"1199\" height=\"798\" srcset=\"data:image\/svg+xml,%3Csvg%20xmlns%3D%27http%3A%2F%2Fwww.w3.org%2F2000%2Fsvg%27%20width%3D%271199%27%20height%3D%27798%27%20viewBox%3D%270%200%201199%20798%27%3E%3Crect%20width%3D%271199%27%20height%3D%27798%27%20fill-opacity%3D%220%22%2F%3E%3C%2Fsvg%3E\" data-srcset=\"https:\/\/fr.motocrossmag.be\/wp-content\/uploads\/2016\/03\/140395_Jorge-Prado-KTM-250-SX-F-2016-650x433.jpg 650w, https:\/\/fr.motocrossmag.be\/wp-content\/uploads\/2016\/03\/140395_Jorge-Prado-KTM-250-SX-F-2016-1024x682.jpg 1024w, https:\/\/fr.motocrossmag.be\/wp-content\/uploads\/2016\/03\/140395_Jorge-Prado-KTM-250-SX-F-2016.jpg 1199w\" data-sizes=\"auto\" data-orig-sizes=\"(max-width: 1199px) 100vw, 1199px\" \/><\/a><p id=\"caption-attachment-44113\" class=\"wp-caption-text\">Jorge Prado: visiblement, le jeune Espagnol aime jouer dans le sable!<\/p><\/div>\n<p>Les deux holeshots r\u00e9alis\u00e9s par le jeune et mince Espagnol (Herlings affirmait que Prado pesait au moins vingt kilos en moins que lui!) constituaient \u00e9videmment un avantage appr\u00e9ciable et cela a certainement jou\u00e9 lors de la seconde manche. Prado a pu un moment se battre avec Herlings pour la t\u00eate de la course. \u00ab\u00a0Le circuit \u00e9tait assez \u00e9troit avec une trajectoire que j\u2019ai d\u2019ailleurs prise et je me rendais compte qu\u2019il \u00e9tait difficile de d\u00e9passer. J\u2019ai fait ce que je pouvais. Je ne m\u2019attendais pas \u00e0 monter sur le podium et je suis donc tr\u00e8s content de ce qui m\u2019arrive. En fait, je ne parviens pas \u00e0 y croire,\u00a0\u00bb avouait Prado.<\/p>\n<p>Jorge Prado disputera les deux derniers GP qui auront lieu aux Etats-Unis et il devrait effectuer une saison compl\u00e8te en MX2 l\u2019an prochain avant d\u2019\u00e9migrer d\u00e9finitivement en Am\u00e9rique o\u00f9 il esp\u00e8re r\u00e9ussir en Supercross dans le team Troy Lee Designs.<\/p>\n","protected":false},"excerpt":{"rendered":"<p>Le pilote espagnol du team Red Bull KTM, Jorge Prado, a surpris pas mal de monde avec sa troisi\u00e8me place finale en MX2 \u00e0 Assen dimanche dernier. En fait, Jorge [&#8230;]<\/p>\n","protected":false},"author":898,"featured_media":50628,"comment_status":"open","ping_status":"closed","sticky":false,"template":"","format":"standard","meta":{"footnotes":""},"categories":[54,4,6,55,65],"tags":[],"class_list":["post-50879","post","type-post","status-publish","format-standard","has-post-thumbnail","hentry","category-actualite","category-motocross","category-mx1mx2","category-news-actualite","category-slideshow"],"yoast_head":"<!-- This site is optimized with the Yoast SEO plugin v27.4 - https:\/\/yoast.com\/product\/yoast-seo-wordpress\/ -->\n<title>Jorge Prado a \u00e9tonn\u00e9 son monde \u00e0 Assen ! - Motocross - Enduro - Supermoto | MotocrossMag<\/title>\n<meta name=\"robots\" content=\"index, follow, max-snippet:-1, max-image-preview:large, max-video-preview:-1\" \/>\n<link rel=\"canonical\" href=\"https:\/\/fr.motocrossmag.be\/index.php\/2016\/08\/jorge-prado-a-etonne-son-monde-a-assen\/\" \/>\n<meta property=\"og:locale\" content=\"fr_FR\" \/>\n<meta property=\"og:type\" content=\"article\" \/>\n<meta property=\"og:title\" content=\"Jorge Prado a \u00e9tonn\u00e9 son monde \u00e0 Assen ! - Motocross - Enduro - Supermoto | MotocrossMag\" \/>\n<meta property=\"og:description\" content=\"Le pilote espagnol du team Red Bull KTM, Jorge Prado, a surpris pas mal de monde avec sa troisi\u00e8me place finale en MX2 \u00e0 Assen dimanche dernier. En fait, Jorge [...]\" \/>\n<meta property=\"og:url\" content=\"https:\/\/fr.motocrossmag.be\/index.php\/2016\/08\/jorge-prado-a-etonne-son-monde-a-assen\/\" \/>\n<meta property=\"og:site_name\" content=\"Motocross - Enduro - Supermoto | MotocrossMag\" \/>\n<meta property=\"article:published_time\" content=\"2016-08-30T21:36:25+00:00\" \/>\n<meta property=\"article:modified_time\" content=\"2016-08-30T21:37:41+00:00\" \/>\n<meta property=\"og:image\" content=\"https:\/\/fr.motocrossmag.be\/wp-content\/uploads\/2016\/08\/assen_lassenceloic_prado.jpg\" \/>\n\t<meta property=\"og:image:width\" content=\"1200\" \/>\n\t<meta property=\"og:image:height\" content=\"800\" \/>\n\t<meta property=\"og:image:type\" content=\"image\/jpeg\" \/>\n<meta name=\"author\" content=\"fernand2\" \/>\n<meta name=\"twitter:card\" content=\"summary_large_image\" \/>\n<meta name=\"twitter:label1\" content=\"\u00c9crit par\" \/>\n\t<meta name=\"twitter:data1\" content=\"fernand2\" \/>\n\t<meta name=\"twitter:label2\" content=\"Dur\u00e9e de lecture estim\u00e9e\" \/>\n\t<meta name=\"twitter:data2\" content=\"3 minutes\" \/>\n<script type=\"application\/ld+json\" class=\"yoast-schema-graph\">{\"@context\":\"https:\\\/\\\/schema.org\",\"@graph\":[{\"@type\":\"Article\",\"@id\":\"https:\\\/\\\/fr.motocrossmag.be\\\/index.php\\\/2016\\\/08\\\/jorge-prado-a-etonne-son-monde-a-assen\\\/#article\",\"isPartOf\":{\"@id\":\"https:\\\/\\\/fr.motocrossmag.be\\\/index.php\\\/2016\\\/08\\\/jorge-prado-a-etonne-son-monde-a-assen\\\/\"},\"author\":{\"name\":\"fernand2\",\"@id\":\"https:\\\/\\\/fr.motocrossmag.be\\\/#\\\/schema\\\/person\\\/b1bd0a25696c3aeaac7fd5d92d4ed8f6\"},\"headline\":\"Jorge Prado a \u00e9tonn\u00e9 son monde \u00e0 Assen !\",\"datePublished\":\"2016-08-30T21:36:25+00:00\",\"dateModified\":\"2016-08-30T21:37:41+00:00\",\"mainEntityOfPage\":{\"@id\":\"https:\\\/\\\/fr.motocrossmag.be\\\/index.php\\\/2016\\\/08\\\/jorge-prado-a-etonne-son-monde-a-assen\\\/\"},\"wordCount\":589,\"commentCount\":0,\"image\":{\"@id\":\"https:\\\/\\\/fr.motocrossmag.be\\\/index.php\\\/2016\\\/08\\\/jorge-prado-a-etonne-son-monde-a-assen\\\/#primaryimage\"},\"thumbnailUrl\":\"https:\\\/\\\/fr.motocrossmag.be\\\/wp-content\\\/uploads\\\/2016\\\/08\\\/assen_lassenceloic_prado.jpg\",\"articleSection\":[\"Actualit\u00e9\",\"Motocross\",\"Motocross MXGP\",\"News\",\"Slideshow\"],\"inLanguage\":\"fr-FR\",\"potentialAction\":[{\"@type\":\"CommentAction\",\"name\":\"Comment\",\"target\":[\"https:\\\/\\\/fr.motocrossmag.be\\\/index.php\\\/2016\\\/08\\\/jorge-prado-a-etonne-son-monde-a-assen\\\/#respond\"]}]},{\"@type\":\"WebPage\",\"@id\":\"https:\\\/\\\/fr.motocrossmag.be\\\/index.php\\\/2016\\\/08\\\/jorge-prado-a-etonne-son-monde-a-assen\\\/\",\"url\":\"https:\\\/\\\/fr.motocrossmag.be\\\/index.php\\\/2016\\\/08\\\/jorge-prado-a-etonne-son-monde-a-assen\\\/\",\"name\":\"Jorge Prado a \u00e9tonn\u00e9 son monde \u00e0 Assen ! - Motocross - Enduro - Supermoto | MotocrossMag\",\"isPartOf\":{\"@id\":\"https:\\\/\\\/fr.motocrossmag.be\\\/#website\"},\"primaryImageOfPage\":{\"@id\":\"https:\\\/\\\/fr.motocrossmag.be\\\/index.php\\\/2016\\\/08\\\/jorge-prado-a-etonne-son-monde-a-assen\\\/#primaryimage\"},\"image\":{\"@id\":\"https:\\\/\\\/fr.motocrossmag.be\\\/index.php\\\/2016\\\/08\\\/jorge-prado-a-etonne-son-monde-a-assen\\\/#primaryimage\"},\"thumbnailUrl\":\"https:\\\/\\\/fr.motocrossmag.be\\\/wp-content\\\/uploads\\\/2016\\\/08\\\/assen_lassenceloic_prado.jpg\",\"datePublished\":\"2016-08-30T21:36:25+00:00\",\"dateModified\":\"2016-08-30T21:37:41+00:00\",\"author\":{\"@id\":\"https:\\\/\\\/fr.motocrossmag.be\\\/#\\\/schema\\\/person\\\/b1bd0a25696c3aeaac7fd5d92d4ed8f6\"},\"breadcrumb\":{\"@id\":\"https:\\\/\\\/fr.motocrossmag.be\\\/index.php\\\/2016\\\/08\\\/jorge-prado-a-etonne-son-monde-a-assen\\\/#breadcrumb\"},\"inLanguage\":\"fr-FR\",\"potentialAction\":[{\"@type\":\"ReadAction\",\"target\":[\"https:\\\/\\\/fr.motocrossmag.be\\\/index.php\\\/2016\\\/08\\\/jorge-prado-a-etonne-son-monde-a-assen\\\/\"]}]},{\"@type\":\"ImageObject\",\"inLanguage\":\"fr-FR\",\"@id\":\"https:\\\/\\\/fr.motocrossmag.be\\\/index.php\\\/2016\\\/08\\\/jorge-prado-a-etonne-son-monde-a-assen\\\/#primaryimage\",\"url\":\"https:\\\/\\\/fr.motocrossmag.be\\\/wp-content\\\/uploads\\\/2016\\\/08\\\/assen_lassenceloic_prado.jpg\",\"contentUrl\":\"https:\\\/\\\/fr.motocrossmag.be\\\/wp-content\\\/uploads\\\/2016\\\/08\\\/assen_lassenceloic_prado.jpg\",\"width\":1200,\"height\":800,\"caption\":\"Jorge Prado Garcia: pour Seewer, l'Espagnol a en fait fait jouer l'esprit d'\u00e9quipe, ce que lui m\u00eame aurait fait dans son cas\"},{\"@type\":\"BreadcrumbList\",\"@id\":\"https:\\\/\\\/fr.motocrossmag.be\\\/index.php\\\/2016\\\/08\\\/jorge-prado-a-etonne-son-monde-a-assen\\\/#breadcrumb\",\"itemListElement\":[{\"@type\":\"ListItem\",\"position\":1,\"name\":\"Accueil\",\"item\":\"https:\\\/\\\/fr.motocrossmag.be\\\/\"},{\"@type\":\"ListItem\",\"position\":2,\"name\":\"Jorge Prado a \u00e9tonn\u00e9 son monde \u00e0 Assen !\"}]},{\"@type\":\"WebSite\",\"@id\":\"https:\\\/\\\/fr.motocrossmag.be\\\/#website\",\"url\":\"https:\\\/\\\/fr.motocrossmag.be\\\/\",\"name\":\"Motocross - Enduro - Supermoto | MotocrossMag\",\"description\":\"L&#039;actualit\u00e9 du motocross, de l&#039;enduro et du Supermoto en ligne!\",\"potentialAction\":[{\"@type\":\"SearchAction\",\"target\":{\"@type\":\"EntryPoint\",\"urlTemplate\":\"https:\\\/\\\/fr.motocrossmag.be\\\/?s={search_term_string}\"},\"query-input\":{\"@type\":\"PropertyValueSpecification\",\"valueRequired\":true,\"valueName\":\"search_term_string\"}}],\"inLanguage\":\"fr-FR\"},{\"@type\":\"Person\",\"@id\":\"https:\\\/\\\/fr.motocrossmag.be\\\/#\\\/schema\\\/person\\\/b1bd0a25696c3aeaac7fd5d92d4ed8f6\",\"name\":\"fernand2\",\"image\":{\"@type\":\"ImageObject\",\"inLanguage\":\"fr-FR\",\"@id\":\"https:\\\/\\\/secure.gravatar.com\\\/avatar\\\/e48cfba345f89620e0c3f40fdfd6f6ef6bc1fbad5d0c3cd2555b4f39e37ef934?s=96&d=mm&r=g\",\"url\":\"https:\\\/\\\/secure.gravatar.com\\\/avatar\\\/e48cfba345f89620e0c3f40fdfd6f6ef6bc1fbad5d0c3cd2555b4f39e37ef934?s=96&d=mm&r=g\",\"contentUrl\":\"https:\\\/\\\/secure.gravatar.com\\\/avatar\\\/e48cfba345f89620e0c3f40fdfd6f6ef6bc1fbad5d0c3cd2555b4f39e37ef934?s=96&d=mm&r=g\",\"caption\":\"fernand2\"},\"url\":\"https:\\\/\\\/fr.motocrossmag.be\\\/index.php\\\/author\\\/fernand2\\\/\"}]}<\/script>\n<!-- \/ Yoast SEO plugin. -->","yoast_head_json":{"title":"Jorge Prado a \u00e9tonn\u00e9 son monde \u00e0 Assen ! - Motocross - Enduro - Supermoto | MotocrossMag","robots":{"index":"index","follow":"follow","max-snippet":"max-snippet:-1","max-image-preview":"max-image-preview:large","max-video-preview":"max-video-preview:-1"},"canonical":"https:\/\/fr.motocrossmag.be\/index.php\/2016\/08\/jorge-prado-a-etonne-son-monde-a-assen\/","og_locale":"fr_FR","og_type":"article","og_title":"Jorge Prado a \u00e9tonn\u00e9 son monde \u00e0 Assen ! - Motocross - Enduro - Supermoto | MotocrossMag","og_description":"Le pilote espagnol du team Red Bull KTM, Jorge Prado, a surpris pas mal de monde avec sa troisi\u00e8me place finale en MX2 \u00e0 Assen dimanche dernier. En fait, Jorge [...]","og_url":"https:\/\/fr.motocrossmag.be\/index.php\/2016\/08\/jorge-prado-a-etonne-son-monde-a-assen\/","og_site_name":"Motocross - Enduro - Supermoto | MotocrossMag","article_published_time":"2016-08-30T21:36:25+00:00","article_modified_time":"2016-08-30T21:37:41+00:00","og_image":[{"width":1200,"height":800,"url":"https:\/\/fr.motocrossmag.be\/wp-content\/uploads\/2016\/08\/assen_lassenceloic_prado.jpg","type":"image\/jpeg"}],"author":"fernand2","twitter_card":"summary_large_image","twitter_misc":{"\u00c9crit par":"fernand2","Dur\u00e9e de lecture estim\u00e9e":"3 minutes"},"schema":{"@context":"https:\/\/schema.org","@graph":[{"@type":"Article","@id":"https:\/\/fr.motocrossmag.be\/index.php\/2016\/08\/jorge-prado-a-etonne-son-monde-a-assen\/#article","isPartOf":{"@id":"https:\/\/fr.motocrossmag.be\/index.php\/2016\/08\/jorge-prado-a-etonne-son-monde-a-assen\/"},"author":{"name":"fernand2","@id":"https:\/\/fr.motocrossmag.be\/#\/schema\/person\/b1bd0a25696c3aeaac7fd5d92d4ed8f6"},"headline":"Jorge Prado a \u00e9tonn\u00e9 son monde \u00e0 Assen !","datePublished":"2016-08-30T21:36:25+00:00","dateModified":"2016-08-30T21:37:41+00:00","mainEntityOfPage":{"@id":"https:\/\/fr.motocrossmag.be\/index.php\/2016\/08\/jorge-prado-a-etonne-son-monde-a-assen\/"},"wordCount":589,"commentCount":0,"image":{"@id":"https:\/\/fr.motocrossmag.be\/index.php\/2016\/08\/jorge-prado-a-etonne-son-monde-a-assen\/#primaryimage"},"thumbnailUrl":"https:\/\/fr.motocrossmag.be\/wp-content\/uploads\/2016\/08\/assen_lassenceloic_prado.jpg","articleSection":["Actualit\u00e9","Motocross","Motocross MXGP","News","Slideshow"],"inLanguage":"fr-FR","potentialAction":[{"@type":"CommentAction","name":"Comment","target":["https:\/\/fr.motocrossmag.be\/index.php\/2016\/08\/jorge-prado-a-etonne-son-monde-a-assen\/#respond"]}]},{"@type":"WebPage","@id":"https:\/\/fr.motocrossmag.be\/index.php\/2016\/08\/jorge-prado-a-etonne-son-monde-a-assen\/","url":"https:\/\/fr.motocrossmag.be\/index.php\/2016\/08\/jorge-prado-a-etonne-son-monde-a-assen\/","name":"Jorge Prado a \u00e9tonn\u00e9 son monde \u00e0 Assen ! - Motocross - Enduro - Supermoto | MotocrossMag","isPartOf":{"@id":"https:\/\/fr.motocrossmag.be\/#website"},"primaryImageOfPage":{"@id":"https:\/\/fr.motocrossmag.be\/index.php\/2016\/08\/jorge-prado-a-etonne-son-monde-a-assen\/#primaryimage"},"image":{"@id":"https:\/\/fr.motocrossmag.be\/index.php\/2016\/08\/jorge-prado-a-etonne-son-monde-a-assen\/#primaryimage"},"thumbnailUrl":"https:\/\/fr.motocrossmag.be\/wp-content\/uploads\/2016\/08\/assen_lassenceloic_prado.jpg","datePublished":"2016-08-30T21:36:25+00:00","dateModified":"2016-08-30T21:37:41+00:00","author":{"@id":"https:\/\/fr.motocrossmag.be\/#\/schema\/person\/b1bd0a25696c3aeaac7fd5d92d4ed8f6"},"breadcrumb":{"@id":"https:\/\/fr.motocrossmag.be\/index.php\/2016\/08\/jorge-prado-a-etonne-son-monde-a-assen\/#breadcrumb"},"inLanguage":"fr-FR","potentialAction":[{"@type":"ReadAction","target":["https:\/\/fr.motocrossmag.be\/index.php\/2016\/08\/jorge-prado-a-etonne-son-monde-a-assen\/"]}]},{"@type":"ImageObject","inLanguage":"fr-FR","@id":"https:\/\/fr.motocrossmag.be\/index.php\/2016\/08\/jorge-prado-a-etonne-son-monde-a-assen\/#primaryimage","url":"https:\/\/fr.motocrossmag.be\/wp-content\/uploads\/2016\/08\/assen_lassenceloic_prado.jpg","contentUrl":"https:\/\/fr.motocrossmag.be\/wp-content\/uploads\/2016\/08\/assen_lassenceloic_prado.jpg","width":1200,"height":800,"caption":"Jorge Prado Garcia: pour Seewer, l'Espagnol a en fait fait jouer l'esprit d'\u00e9quipe, ce que lui m\u00eame aurait fait dans son cas"},{"@type":"BreadcrumbList","@id":"https:\/\/fr.motocrossmag.be\/index.php\/2016\/08\/jorge-prado-a-etonne-son-monde-a-assen\/#breadcrumb","itemListElement":[{"@type":"ListItem","position":1,"name":"Accueil","item":"https:\/\/fr.motocrossmag.be\/"},{"@type":"ListItem","position":2,"name":"Jorge Prado a \u00e9tonn\u00e9 son monde \u00e0 Assen !"}]},{"@type":"WebSite","@id":"https:\/\/fr.motocrossmag.be\/#website","url":"https:\/\/fr.motocrossmag.be\/","name":"Motocross - Enduro - Supermoto | MotocrossMag","description":"L&#039;actualit\u00e9 du motocross, de l&#039;enduro et du Supermoto en ligne!","potentialAction":[{"@type":"SearchAction","target":{"@type":"EntryPoint","urlTemplate":"https:\/\/fr.motocrossmag.be\/?s={search_term_string}"},"query-input":{"@type":"PropertyValueSpecification","valueRequired":true,"valueName":"search_term_string"}}],"inLanguage":"fr-FR"},{"@type":"Person","@id":"https:\/\/fr.motocrossmag.be\/#\/schema\/person\/b1bd0a25696c3aeaac7fd5d92d4ed8f6","name":"fernand2","image":{"@type":"ImageObject","inLanguage":"fr-FR","@id":"https:\/\/secure.gravatar.com\/avatar\/e48cfba345f89620e0c3f40fdfd6f6ef6bc1fbad5d0c3cd2555b4f39e37ef934?s=96&d=mm&r=g","url":"https:\/\/secure.gravatar.com\/avatar\/e48cfba345f89620e0c3f40fdfd6f6ef6bc1fbad5d0c3cd2555b4f39e37ef934?s=96&d=mm&r=g","contentUrl":"https:\/\/secure.gravatar.com\/avatar\/e48cfba345f89620e0c3f40fdfd6f6ef6bc1fbad5d0c3cd2555b4f39e37ef934?s=96&d=mm&r=g","caption":"fernand2"},"url":"https:\/\/fr.motocrossmag.be\/index.php\/author\/fernand2\/"}]}},"_links":{"self":[{"href":"https:\/\/fr.motocrossmag.be\/index.php\/wp-json\/wp\/v2\/posts\/50879","targetHints":{"allow":["GET"]}}],"collection":[{"href":"https:\/\/fr.motocrossmag.be\/index.php\/wp-json\/wp\/v2\/posts"}],"about":[{"href":"https:\/\/fr.motocrossmag.be\/index.php\/wp-json\/wp\/v2\/types\/post"}],"author":[{"embeddable":true,"href":"https:\/\/fr.motocrossmag.be\/index.php\/wp-json\/wp\/v2\/users\/898"}],"replies":[{"embeddable":true,"href":"https:\/\/fr.motocrossmag.be\/index.php\/wp-json\/wp\/v2\/comments?post=50879"}],"version-history":[{"count":1,"href":"https:\/\/fr.motocrossmag.be\/index.php\/wp-json\/wp\/v2\/posts\/50879\/revisions"}],"predecessor-version":[{"id":50880,"href":"https:\/\/fr.motocrossmag.be\/index.php\/wp-json\/wp\/v2\/posts\/50879\/revisions\/50880"}],"wp:featuredmedia":[{"embeddable":true,"href":"https:\/\/fr.motocrossmag.be\/index.php\/wp-json\/wp\/v2\/media\/50628"}],"wp:attachment":[{"href":"https:\/\/fr.motocrossmag.be\/index.php\/wp-json\/wp\/v2\/media?parent=50879"}],"wp:term":[{"taxonomy":"category","embeddable":true,"href":"https:\/\/fr.motocrossmag.be\/index.php\/wp-json\/wp\/v2\/categories?post=50879"},{"taxonomy":"post_tag","embeddable":true,"href":"https:\/\/fr.motocrossmag.be\/index.php\/wp-json\/wp\/v2\/tags?post=50879"}],"curies":[{"name":"wp","href":"https:\/\/api.w.org\/{rel}","templated":true}]}}