{"id":51636,"date":"2016-09-17T15:49:39","date_gmt":"2016-09-17T13:49:39","guid":{"rendered":"http:\/\/fr.motocrossmag.be\/?p=51636"},"modified":"2016-09-17T15:49:39","modified_gmt":"2016-09-17T13:49:39","slug":"photos-le-circuit-de-kester-pret-a-accueillir-la-finale-du-championnat-de-belgique-de-motocross","status":"publish","type":"post","link":"https:\/\/fr.motocrossmag.be\/index.php\/2016\/09\/photos-le-circuit-de-kester-pret-a-accueillir-la-finale-du-championnat-de-belgique-de-motocross\/","title":{"rendered":"Photos : le circuit de Kester pr\u00eat \u00e0 accueillir la finale du championnat de Belgique de motocross"},"content":{"rendered":"<p>Depuis plusieurs jours, on met les bouch\u00e9es doubles \u00e0 Kester pour accueillir comme il se doit pilotes et spectateurs ce dimanche \u00e0 l&rsquo;occasion de la finale du championnat de Belgique de motocross Inter Open. Les derniers d\u00e9tails ont \u00e9t\u00e9 r\u00e9gl\u00e9s ce samedi matin et le tout nouveau circuit est \u00e0 pr\u00e9sent sur son 31 pour nous permettre de vivre une ultime \u00e9preuve de la saison belge qui promet d&rsquo;\u00eatre passionnante !<\/p>\n<p>&nbsp;<\/p><div class=\"bsxsn6a964bf787cad\" ><!-- \/91277017\/Inline-articles-mobile -->\n<div style=\"margin:auto; text-align:center !important\">\n<div id='div-gpt-ad-1784982661365-0' style='min-width: 250px; min-height: 75px;'>\n  <script>\n    googletag.cmd.push(function() { googletag.display('div-gpt-ad-1784982661365-0'); });\n  <\/script>\n<\/div><\/div><\/div><style type=\"text\/css\">\r\n.bsxsn6a964bf787cad {\r\nmargin-bottom:30px;margin-top:20px\r\n}\r\n@media screen and (min-width: 1201px) {\r\n.bsxsn6a964bf787cad {\r\ndisplay: block;\r\n}\r\n}\r\n@media screen and (min-width: 993px) and (max-width: 1200px) {\r\n.bsxsn6a964bf787cad {\r\ndisplay: block;\r\n}\r\n}\r\n@media screen and (min-width: 769px) and (max-width: 992px) {\r\n.bsxsn6a964bf787cad {\r\ndisplay: block;\r\n}\r\n}\r\n@media screen and (min-width: 768px) and (max-width: 768px) {\r\n.bsxsn6a964bf787cad {\r\ndisplay: block;\r\n}\r\n}\r\n@media screen and (max-width: 767px) {\r\n.bsxsn6a964bf787cad {\r\ndisplay: block;\r\n}\r\n}\r\n<\/style>\r\n\n<div id='gallery-1' class='gallery galleryid-51636 gallery-columns-3 gallery-size-thumbnail'><figure class='gallery-item'>\n\t\t\t<div class='gallery-icon landscape'>\n\t\t\t\t<a href='https:\/\/fr.motocrossmag.be\/index.php\/2016\/09\/photos-le-circuit-de-kester-pret-a-accueillir-la-finale-du-championnat-de-belgique-de-motocross\/kester_16_track_photo-1-2\/'><img decoding=\"async\" width=\"150\" height=\"150\" src=\"https:\/\/fr.motocrossmag.be\/wp-content\/uploads\/2016\/09\/Kester_16_track_photo-1-2-150x150.jpg\" class=\"attachment-thumbnail size-thumbnail\" alt=\"\" srcset=\"https:\/\/fr.motocrossmag.be\/wp-content\/uploads\/2016\/09\/Kester_16_track_photo-1-2-150x150.jpg 150w, https:\/\/fr.motocrossmag.be\/wp-content\/uploads\/2016\/09\/Kester_16_track_photo-1-2-50x50.jpg 50w\" sizes=\"(max-width: 150px) 100vw, 150px\" \/><\/a>\n\t\t\t<\/div><\/figure><figure class='gallery-item'>\n\t\t\t<div class='gallery-icon landscape'>\n\t\t\t\t<a href='https:\/\/fr.motocrossmag.be\/index.php\/2016\/09\/photos-le-circuit-de-kester-pret-a-accueillir-la-finale-du-championnat-de-belgique-de-motocross\/kester_16_track_photo-1-3\/'><img decoding=\"async\" width=\"150\" height=\"150\" src=\"https:\/\/fr.motocrossmag.be\/wp-content\/uploads\/2016\/09\/Kester_16_track_photo-1-3-150x150.jpg\" class=\"attachment-thumbnail size-thumbnail\" alt=\"\" srcset=\"https:\/\/fr.motocrossmag.be\/wp-content\/uploads\/2016\/09\/Kester_16_track_photo-1-3-150x150.jpg 150w, https:\/\/fr.motocrossmag.be\/wp-content\/uploads\/2016\/09\/Kester_16_track_photo-1-3-50x50.jpg 50w\" sizes=\"(max-width: 150px) 100vw, 150px\" \/><\/a>\n\t\t\t<\/div><\/figure><figure class='gallery-item'>\n\t\t\t<div class='gallery-icon landscape'>\n\t\t\t\t<a href='https:\/\/fr.motocrossmag.be\/index.php\/2016\/09\/photos-le-circuit-de-kester-pret-a-accueillir-la-finale-du-championnat-de-belgique-de-motocross\/kester_16_track_photo-1-4\/'><img decoding=\"async\" width=\"150\" height=\"150\" src=\"https:\/\/fr.motocrossmag.be\/wp-content\/uploads\/2016\/09\/Kester_16_track_photo-1-4-150x150.jpg\" class=\"attachment-thumbnail size-thumbnail\" alt=\"\" srcset=\"https:\/\/fr.motocrossmag.be\/wp-content\/uploads\/2016\/09\/Kester_16_track_photo-1-4-150x150.jpg 150w, https:\/\/fr.motocrossmag.be\/wp-content\/uploads\/2016\/09\/Kester_16_track_photo-1-4-50x50.jpg 50w\" sizes=\"(max-width: 150px) 100vw, 150px\" \/><\/a>\n\t\t\t<\/div><\/figure><figure class='gallery-item'>\n\t\t\t<div class='gallery-icon landscape'>\n\t\t\t\t<a href='https:\/\/fr.motocrossmag.be\/index.php\/2016\/09\/photos-le-circuit-de-kester-pret-a-accueillir-la-finale-du-championnat-de-belgique-de-motocross\/kester_16_track_photo-1-5\/'><img decoding=\"async\" width=\"150\" height=\"150\" src=\"https:\/\/fr.motocrossmag.be\/wp-content\/uploads\/2016\/09\/Kester_16_track_photo-1-5-150x150.jpg\" class=\"attachment-thumbnail size-thumbnail\" alt=\"\" srcset=\"https:\/\/fr.motocrossmag.be\/wp-content\/uploads\/2016\/09\/Kester_16_track_photo-1-5-150x150.jpg 150w, https:\/\/fr.motocrossmag.be\/wp-content\/uploads\/2016\/09\/Kester_16_track_photo-1-5-50x50.jpg 50w\" sizes=\"(max-width: 150px) 100vw, 150px\" \/><\/a>\n\t\t\t<\/div><\/figure><figure class='gallery-item'>\n\t\t\t<div class='gallery-icon landscape'>\n\t\t\t\t<a href='https:\/\/fr.motocrossmag.be\/index.php\/2016\/09\/photos-le-circuit-de-kester-pret-a-accueillir-la-finale-du-championnat-de-belgique-de-motocross\/kester_16_track_photo-1-6\/'><img decoding=\"async\" width=\"150\" height=\"150\" src=\"https:\/\/fr.motocrossmag.be\/wp-content\/uploads\/2016\/09\/Kester_16_track_photo-1-6-150x150.jpg\" class=\"attachment-thumbnail size-thumbnail\" alt=\"\" srcset=\"https:\/\/fr.motocrossmag.be\/wp-content\/uploads\/2016\/09\/Kester_16_track_photo-1-6-150x150.jpg 150w, https:\/\/fr.motocrossmag.be\/wp-content\/uploads\/2016\/09\/Kester_16_track_photo-1-6-50x50.jpg 50w\" sizes=\"(max-width: 150px) 100vw, 150px\" \/><\/a>\n\t\t\t<\/div><\/figure><figure class='gallery-item'>\n\t\t\t<div class='gallery-icon landscape'>\n\t\t\t\t<a href='https:\/\/fr.motocrossmag.be\/index.php\/2016\/09\/photos-le-circuit-de-kester-pret-a-accueillir-la-finale-du-championnat-de-belgique-de-motocross\/kester_16_track_photo-1-7\/'><img decoding=\"async\" width=\"150\" height=\"150\" src=\"https:\/\/fr.motocrossmag.be\/wp-content\/uploads\/2016\/09\/Kester_16_track_photo-1-7-150x150.jpg\" class=\"attachment-thumbnail size-thumbnail\" alt=\"\" srcset=\"https:\/\/fr.motocrossmag.be\/wp-content\/uploads\/2016\/09\/Kester_16_track_photo-1-7-150x150.jpg 150w, https:\/\/fr.motocrossmag.be\/wp-content\/uploads\/2016\/09\/Kester_16_track_photo-1-7-50x50.jpg 50w\" sizes=\"(max-width: 150px) 100vw, 150px\" \/><\/a>\n\t\t\t<\/div><\/figure><figure class='gallery-item'>\n\t\t\t<div class='gallery-icon landscape'>\n\t\t\t\t<a href='https:\/\/fr.motocrossmag.be\/index.php\/2016\/09\/photos-le-circuit-de-kester-pret-a-accueillir-la-finale-du-championnat-de-belgique-de-motocross\/kester_16_track_photo-1-8\/'><img decoding=\"async\" width=\"150\" height=\"150\" src=\"https:\/\/fr.motocrossmag.be\/wp-content\/uploads\/2016\/09\/Kester_16_track_photo-1-8-150x150.jpg\" class=\"attachment-thumbnail size-thumbnail\" alt=\"\" srcset=\"https:\/\/fr.motocrossmag.be\/wp-content\/uploads\/2016\/09\/Kester_16_track_photo-1-8-150x150.jpg 150w, https:\/\/fr.motocrossmag.be\/wp-content\/uploads\/2016\/09\/Kester_16_track_photo-1-8-50x50.jpg 50w\" sizes=\"(max-width: 150px) 100vw, 150px\" \/><\/a>\n\t\t\t<\/div><\/figure><figure class='gallery-item'>\n\t\t\t<div class='gallery-icon landscape'>\n\t\t\t\t<a href='https:\/\/fr.motocrossmag.be\/index.php\/2016\/09\/photos-le-circuit-de-kester-pret-a-accueillir-la-finale-du-championnat-de-belgique-de-motocross\/kester_16_track_photo-1-9\/'><img decoding=\"async\" width=\"150\" height=\"150\" src=\"https:\/\/fr.motocrossmag.be\/wp-content\/uploads\/2016\/09\/Kester_16_track_photo-1-9-150x150.jpg\" class=\"attachment-thumbnail size-thumbnail\" alt=\"\" srcset=\"https:\/\/fr.motocrossmag.be\/wp-content\/uploads\/2016\/09\/Kester_16_track_photo-1-9-150x150.jpg 150w, https:\/\/fr.motocrossmag.be\/wp-content\/uploads\/2016\/09\/Kester_16_track_photo-1-9-50x50.jpg 50w\" sizes=\"(max-width: 150px) 100vw, 150px\" \/><\/a>\n\t\t\t<\/div><\/figure><figure class='gallery-item'>\n\t\t\t<div class='gallery-icon landscape'>\n\t\t\t\t<a href='https:\/\/fr.motocrossmag.be\/index.php\/2016\/09\/photos-le-circuit-de-kester-pret-a-accueillir-la-finale-du-championnat-de-belgique-de-motocross\/kester_16_track_photo-1-10\/'><img decoding=\"async\" width=\"150\" height=\"150\" src=\"https:\/\/fr.motocrossmag.be\/wp-content\/uploads\/2016\/09\/Kester_16_track_photo-1-10-150x150.jpg\" class=\"attachment-thumbnail size-thumbnail\" alt=\"\" srcset=\"https:\/\/fr.motocrossmag.be\/wp-content\/uploads\/2016\/09\/Kester_16_track_photo-1-10-150x150.jpg 150w, https:\/\/fr.motocrossmag.be\/wp-content\/uploads\/2016\/09\/Kester_16_track_photo-1-10-50x50.jpg 50w\" sizes=\"(max-width: 150px) 100vw, 150px\" \/><\/a>\n\t\t\t<\/div><\/figure><figure class='gallery-item'>\n\t\t\t<div class='gallery-icon portrait'>\n\t\t\t\t<a href='https:\/\/fr.motocrossmag.be\/index.php\/2016\/09\/photos-le-circuit-de-kester-pret-a-accueillir-la-finale-du-championnat-de-belgique-de-motocross\/kester_16_track_photo-1-11\/'><img decoding=\"async\" width=\"150\" height=\"150\" src=\"https:\/\/fr.motocrossmag.be\/wp-content\/uploads\/2016\/09\/Kester_16_track_photo-1-11-150x150.jpg\" class=\"attachment-thumbnail size-thumbnail\" alt=\"\" srcset=\"https:\/\/fr.motocrossmag.be\/wp-content\/uploads\/2016\/09\/Kester_16_track_photo-1-11-150x150.jpg 150w, https:\/\/fr.motocrossmag.be\/wp-content\/uploads\/2016\/09\/Kester_16_track_photo-1-11-50x50.jpg 50w\" sizes=\"(max-width: 150px) 100vw, 150px\" \/><\/a>\n\t\t\t<\/div><\/figure><figure class='gallery-item'>\n\t\t\t<div class='gallery-icon landscape'>\n\t\t\t\t<a href='https:\/\/fr.motocrossmag.be\/index.php\/2016\/09\/photos-le-circuit-de-kester-pret-a-accueillir-la-finale-du-championnat-de-belgique-de-motocross\/kester_16_track_photo-1-12\/'><img decoding=\"async\" width=\"150\" height=\"150\" src=\"https:\/\/fr.motocrossmag.be\/wp-content\/uploads\/2016\/09\/Kester_16_track_photo-1-12-150x150.jpg\" class=\"attachment-thumbnail size-thumbnail\" alt=\"\" srcset=\"https:\/\/fr.motocrossmag.be\/wp-content\/uploads\/2016\/09\/Kester_16_track_photo-1-12-150x150.jpg 150w, https:\/\/fr.motocrossmag.be\/wp-content\/uploads\/2016\/09\/Kester_16_track_photo-1-12-50x50.jpg 50w\" sizes=\"(max-width: 150px) 100vw, 150px\" \/><\/a>\n\t\t\t<\/div><\/figure><figure class='gallery-item'>\n\t\t\t<div class='gallery-icon landscape'>\n\t\t\t\t<a href='https:\/\/fr.motocrossmag.be\/index.php\/2016\/09\/photos-le-circuit-de-kester-pret-a-accueillir-la-finale-du-championnat-de-belgique-de-motocross\/kester_16_track_photo-1-13\/'><img decoding=\"async\" width=\"150\" height=\"150\" src=\"https:\/\/fr.motocrossmag.be\/wp-content\/uploads\/2016\/09\/Kester_16_track_photo-1-13-150x150.jpg\" class=\"attachment-thumbnail size-thumbnail\" alt=\"\" srcset=\"https:\/\/fr.motocrossmag.be\/wp-content\/uploads\/2016\/09\/Kester_16_track_photo-1-13-150x150.jpg 150w, https:\/\/fr.motocrossmag.be\/wp-content\/uploads\/2016\/09\/Kester_16_track_photo-1-13-50x50.jpg 50w\" sizes=\"(max-width: 150px) 100vw, 150px\" \/><\/a>\n\t\t\t<\/div><\/figure><figure class='gallery-item'>\n\t\t\t<div class='gallery-icon portrait'>\n\t\t\t\t<a href='https:\/\/fr.motocrossmag.be\/index.php\/2016\/09\/photos-le-circuit-de-kester-pret-a-accueillir-la-finale-du-championnat-de-belgique-de-motocross\/kester_16_track_photo-1\/'><img decoding=\"async\" width=\"150\" height=\"150\" src=\"https:\/\/fr.motocrossmag.be\/wp-content\/uploads\/2016\/09\/Kester_16_track_photo-1-150x150.jpg\" class=\"attachment-thumbnail size-thumbnail\" alt=\"\" srcset=\"https:\/\/fr.motocrossmag.be\/wp-content\/uploads\/2016\/09\/Kester_16_track_photo-1-150x150.jpg 150w, https:\/\/fr.motocrossmag.be\/wp-content\/uploads\/2016\/09\/Kester_16_track_photo-1-50x50.jpg 50w\" sizes=\"(max-width: 150px) 100vw, 150px\" \/><\/a>\n\t\t\t<\/div><\/figure><figure class='gallery-item'>\n\t\t\t<div class='gallery-icon landscape'>\n\t\t\t\t<a href='https:\/\/fr.motocrossmag.be\/index.php\/2016\/09\/photos-le-circuit-de-kester-pret-a-accueillir-la-finale-du-championnat-de-belgique-de-motocross\/kester_16_track_photo-2-2\/'><img decoding=\"async\" width=\"150\" height=\"150\" src=\"https:\/\/fr.motocrossmag.be\/wp-content\/uploads\/2016\/09\/Kester_16_track_photo-2-2-150x150.jpg\" class=\"attachment-thumbnail size-thumbnail\" alt=\"\" srcset=\"https:\/\/fr.motocrossmag.be\/wp-content\/uploads\/2016\/09\/Kester_16_track_photo-2-2-150x150.jpg 150w, https:\/\/fr.motocrossmag.be\/wp-content\/uploads\/2016\/09\/Kester_16_track_photo-2-2-50x50.jpg 50w\" sizes=\"(max-width: 150px) 100vw, 150px\" \/><\/a>\n\t\t\t<\/div><\/figure><figure class='gallery-item'>\n\t\t\t<div class='gallery-icon landscape'>\n\t\t\t\t<a href='https:\/\/fr.motocrossmag.be\/index.php\/2016\/09\/photos-le-circuit-de-kester-pret-a-accueillir-la-finale-du-championnat-de-belgique-de-motocross\/kester_16_track_photo-2-3\/'><img decoding=\"async\" width=\"150\" height=\"150\" src=\"https:\/\/fr.motocrossmag.be\/wp-content\/uploads\/2016\/09\/Kester_16_track_photo-2-3-150x150.jpg\" class=\"attachment-thumbnail size-thumbnail\" alt=\"\" srcset=\"https:\/\/fr.motocrossmag.be\/wp-content\/uploads\/2016\/09\/Kester_16_track_photo-2-3-150x150.jpg 150w, https:\/\/fr.motocrossmag.be\/wp-content\/uploads\/2016\/09\/Kester_16_track_photo-2-3-50x50.jpg 50w\" sizes=\"(max-width: 150px) 100vw, 150px\" \/><\/a>\n\t\t\t<\/div><\/figure><figure class='gallery-item'>\n\t\t\t<div class='gallery-icon landscape'>\n\t\t\t\t<a href='https:\/\/fr.motocrossmag.be\/index.php\/2016\/09\/photos-le-circuit-de-kester-pret-a-accueillir-la-finale-du-championnat-de-belgique-de-motocross\/kester_16_track_photo-2-4\/'><img decoding=\"async\" width=\"150\" height=\"150\" src=\"https:\/\/fr.motocrossmag.be\/wp-content\/uploads\/2016\/09\/Kester_16_track_photo-2-4-150x150.jpg\" class=\"attachment-thumbnail size-thumbnail\" alt=\"\" srcset=\"https:\/\/fr.motocrossmag.be\/wp-content\/uploads\/2016\/09\/Kester_16_track_photo-2-4-150x150.jpg 150w, https:\/\/fr.motocrossmag.be\/wp-content\/uploads\/2016\/09\/Kester_16_track_photo-2-4-50x50.jpg 50w\" sizes=\"(max-width: 150px) 100vw, 150px\" \/><\/a>\n\t\t\t<\/div><\/figure><figure class='gallery-item'>\n\t\t\t<div class='gallery-icon landscape'>\n\t\t\t\t<a href='https:\/\/fr.motocrossmag.be\/index.php\/2016\/09\/photos-le-circuit-de-kester-pret-a-accueillir-la-finale-du-championnat-de-belgique-de-motocross\/kester_16_track_photo-2-5\/'><img decoding=\"async\" width=\"150\" height=\"150\" src=\"https:\/\/fr.motocrossmag.be\/wp-content\/uploads\/2016\/09\/Kester_16_track_photo-2-5-150x150.jpg\" class=\"attachment-thumbnail size-thumbnail\" alt=\"\" srcset=\"https:\/\/fr.motocrossmag.be\/wp-content\/uploads\/2016\/09\/Kester_16_track_photo-2-5-150x150.jpg 150w, https:\/\/fr.motocrossmag.be\/wp-content\/uploads\/2016\/09\/Kester_16_track_photo-2-5-50x50.jpg 50w\" sizes=\"(max-width: 150px) 100vw, 150px\" \/><\/a>\n\t\t\t<\/div><\/figure><figure class='gallery-item'>\n\t\t\t<div class='gallery-icon landscape'>\n\t\t\t\t<a href='https:\/\/fr.motocrossmag.be\/index.php\/2016\/09\/photos-le-circuit-de-kester-pret-a-accueillir-la-finale-du-championnat-de-belgique-de-motocross\/kester_16_track_photo-2-6\/'><img decoding=\"async\" width=\"150\" height=\"150\" src=\"https:\/\/fr.motocrossmag.be\/wp-content\/uploads\/2016\/09\/Kester_16_track_photo-2-6-150x150.jpg\" class=\"attachment-thumbnail size-thumbnail\" alt=\"\" srcset=\"https:\/\/fr.motocrossmag.be\/wp-content\/uploads\/2016\/09\/Kester_16_track_photo-2-6-150x150.jpg 150w, https:\/\/fr.motocrossmag.be\/wp-content\/uploads\/2016\/09\/Kester_16_track_photo-2-6-50x50.jpg 50w\" sizes=\"(max-width: 150px) 100vw, 150px\" \/><\/a>\n\t\t\t<\/div><\/figure><figure class='gallery-item'>\n\t\t\t<div class='gallery-icon landscape'>\n\t\t\t\t<a href='https:\/\/fr.motocrossmag.be\/index.php\/2016\/09\/photos-le-circuit-de-kester-pret-a-accueillir-la-finale-du-championnat-de-belgique-de-motocross\/kester_16_track_photo-2-7\/'><img decoding=\"async\" width=\"150\" height=\"150\" src=\"https:\/\/fr.motocrossmag.be\/wp-content\/uploads\/2016\/09\/Kester_16_track_photo-2-7-150x150.jpg\" class=\"attachment-thumbnail size-thumbnail\" alt=\"\" srcset=\"https:\/\/fr.motocrossmag.be\/wp-content\/uploads\/2016\/09\/Kester_16_track_photo-2-7-150x150.jpg 150w, https:\/\/fr.motocrossmag.be\/wp-content\/uploads\/2016\/09\/Kester_16_track_photo-2-7-50x50.jpg 50w\" sizes=\"(max-width: 150px) 100vw, 150px\" \/><\/a>\n\t\t\t<\/div><\/figure><figure class='gallery-item'>\n\t\t\t<div class='gallery-icon landscape'>\n\t\t\t\t<a href='https:\/\/fr.motocrossmag.be\/index.php\/2016\/09\/photos-le-circuit-de-kester-pret-a-accueillir-la-finale-du-championnat-de-belgique-de-motocross\/kester_16_track_photo-2-8\/'><img decoding=\"async\" width=\"150\" height=\"150\" src=\"https:\/\/fr.motocrossmag.be\/wp-content\/uploads\/2016\/09\/Kester_16_track_photo-2-8-150x150.jpg\" class=\"attachment-thumbnail size-thumbnail\" alt=\"\" srcset=\"https:\/\/fr.motocrossmag.be\/wp-content\/uploads\/2016\/09\/Kester_16_track_photo-2-8-150x150.jpg 150w, https:\/\/fr.motocrossmag.be\/wp-content\/uploads\/2016\/09\/Kester_16_track_photo-2-8-50x50.jpg 50w\" sizes=\"(max-width: 150px) 100vw, 150px\" \/><\/a>\n\t\t\t<\/div><\/figure><figure class='gallery-item'>\n\t\t\t<div class='gallery-icon landscape'>\n\t\t\t\t<a href='https:\/\/fr.motocrossmag.be\/index.php\/2016\/09\/photos-le-circuit-de-kester-pret-a-accueillir-la-finale-du-championnat-de-belgique-de-motocross\/kester_16_track_photo-2-9\/'><img decoding=\"async\" width=\"150\" height=\"150\" src=\"https:\/\/fr.motocrossmag.be\/wp-content\/uploads\/2016\/09\/Kester_16_track_photo-2-9-150x150.jpg\" class=\"attachment-thumbnail size-thumbnail\" alt=\"\" srcset=\"https:\/\/fr.motocrossmag.be\/wp-content\/uploads\/2016\/09\/Kester_16_track_photo-2-9-150x150.jpg 150w, https:\/\/fr.motocrossmag.be\/wp-content\/uploads\/2016\/09\/Kester_16_track_photo-2-9-50x50.jpg 50w\" sizes=\"(max-width: 150px) 100vw, 150px\" \/><\/a>\n\t\t\t<\/div><\/figure><figure class='gallery-item'>\n\t\t\t<div class='gallery-icon landscape'>\n\t\t\t\t<a href='https:\/\/fr.motocrossmag.be\/index.php\/2016\/09\/photos-le-circuit-de-kester-pret-a-accueillir-la-finale-du-championnat-de-belgique-de-motocross\/kester_16_track_photo-2-10\/'><img decoding=\"async\" width=\"150\" height=\"150\" src=\"https:\/\/fr.motocrossmag.be\/wp-content\/uploads\/2016\/09\/Kester_16_track_photo-2-10-150x150.jpg\" class=\"attachment-thumbnail size-thumbnail\" alt=\"\" srcset=\"https:\/\/fr.motocrossmag.be\/wp-content\/uploads\/2016\/09\/Kester_16_track_photo-2-10-150x150.jpg 150w, https:\/\/fr.motocrossmag.be\/wp-content\/uploads\/2016\/09\/Kester_16_track_photo-2-10-50x50.jpg 50w\" sizes=\"(max-width: 150px) 100vw, 150px\" \/><\/a>\n\t\t\t<\/div><\/figure><figure class='gallery-item'>\n\t\t\t<div class='gallery-icon portrait'>\n\t\t\t\t<a href='https:\/\/fr.motocrossmag.be\/index.php\/2016\/09\/photos-le-circuit-de-kester-pret-a-accueillir-la-finale-du-championnat-de-belgique-de-motocross\/kester_16_track_photo-2-11\/'><img decoding=\"async\" width=\"150\" height=\"150\" src=\"https:\/\/fr.motocrossmag.be\/wp-content\/uploads\/2016\/09\/Kester_16_track_photo-2-11-150x150.jpg\" class=\"attachment-thumbnail size-thumbnail\" alt=\"\" srcset=\"https:\/\/fr.motocrossmag.be\/wp-content\/uploads\/2016\/09\/Kester_16_track_photo-2-11-150x150.jpg 150w, https:\/\/fr.motocrossmag.be\/wp-content\/uploads\/2016\/09\/Kester_16_track_photo-2-11-50x50.jpg 50w\" sizes=\"(max-width: 150px) 100vw, 150px\" \/><\/a>\n\t\t\t<\/div><\/figure><figure class='gallery-item'>\n\t\t\t<div class='gallery-icon landscape'>\n\t\t\t\t<a href='https:\/\/fr.motocrossmag.be\/index.php\/2016\/09\/photos-le-circuit-de-kester-pret-a-accueillir-la-finale-du-championnat-de-belgique-de-motocross\/kester_16_track_photo-2-12\/'><img decoding=\"async\" width=\"150\" height=\"150\" src=\"https:\/\/fr.motocrossmag.be\/wp-content\/uploads\/2016\/09\/Kester_16_track_photo-2-12-150x150.jpg\" class=\"attachment-thumbnail size-thumbnail\" alt=\"\" srcset=\"https:\/\/fr.motocrossmag.be\/wp-content\/uploads\/2016\/09\/Kester_16_track_photo-2-12-150x150.jpg 150w, https:\/\/fr.motocrossmag.be\/wp-content\/uploads\/2016\/09\/Kester_16_track_photo-2-12-50x50.jpg 50w\" sizes=\"(max-width: 150px) 100vw, 150px\" \/><\/a>\n\t\t\t<\/div><\/figure><figure class='gallery-item'>\n\t\t\t<div class='gallery-icon landscape'>\n\t\t\t\t<a href='https:\/\/fr.motocrossmag.be\/index.php\/2016\/09\/photos-le-circuit-de-kester-pret-a-accueillir-la-finale-du-championnat-de-belgique-de-motocross\/kester_16_track_photo-2-13\/'><img decoding=\"async\" width=\"150\" height=\"150\" src=\"https:\/\/fr.motocrossmag.be\/wp-content\/uploads\/2016\/09\/Kester_16_track_photo-2-13-150x150.jpg\" class=\"attachment-thumbnail size-thumbnail\" alt=\"\" srcset=\"https:\/\/fr.motocrossmag.be\/wp-content\/uploads\/2016\/09\/Kester_16_track_photo-2-13-150x150.jpg 150w, https:\/\/fr.motocrossmag.be\/wp-content\/uploads\/2016\/09\/Kester_16_track_photo-2-13-50x50.jpg 50w\" sizes=\"(max-width: 150px) 100vw, 150px\" \/><\/a>\n\t\t\t<\/div><\/figure><figure class='gallery-item'>\n\t\t\t<div class='gallery-icon landscape'>\n\t\t\t\t<a href='https:\/\/fr.motocrossmag.be\/index.php\/2016\/09\/photos-le-circuit-de-kester-pret-a-accueillir-la-finale-du-championnat-de-belgique-de-motocross\/kester_16_track_photo-2\/'><img decoding=\"async\" width=\"150\" height=\"150\" src=\"https:\/\/fr.motocrossmag.be\/wp-content\/uploads\/2016\/09\/Kester_16_track_photo-2-150x150.jpg\" class=\"attachment-thumbnail size-thumbnail\" alt=\"\" srcset=\"https:\/\/fr.motocrossmag.be\/wp-content\/uploads\/2016\/09\/Kester_16_track_photo-2-150x150.jpg 150w, https:\/\/fr.motocrossmag.be\/wp-content\/uploads\/2016\/09\/Kester_16_track_photo-2-50x50.jpg 50w\" sizes=\"(max-width: 150px) 100vw, 150px\" \/><\/a>\n\t\t\t<\/div><\/figure><figure class='gallery-item'>\n\t\t\t<div class='gallery-icon landscape'>\n\t\t\t\t<a href='https:\/\/fr.motocrossmag.be\/index.php\/2016\/09\/photos-le-circuit-de-kester-pret-a-accueillir-la-finale-du-championnat-de-belgique-de-motocross\/kester_16_track_photo-3-2\/'><img decoding=\"async\" width=\"150\" height=\"150\" src=\"https:\/\/fr.motocrossmag.be\/wp-content\/uploads\/2016\/09\/Kester_16_track_photo-3-2-150x150.jpg\" class=\"attachment-thumbnail size-thumbnail\" alt=\"\" srcset=\"https:\/\/fr.motocrossmag.be\/wp-content\/uploads\/2016\/09\/Kester_16_track_photo-3-2-150x150.jpg 150w, https:\/\/fr.motocrossmag.be\/wp-content\/uploads\/2016\/09\/Kester_16_track_photo-3-2-50x50.jpg 50w\" sizes=\"(max-width: 150px) 100vw, 150px\" \/><\/a>\n\t\t\t<\/div><\/figure><figure class='gallery-item'>\n\t\t\t<div class='gallery-icon landscape'>\n\t\t\t\t<a href='https:\/\/fr.motocrossmag.be\/index.php\/2016\/09\/photos-le-circuit-de-kester-pret-a-accueillir-la-finale-du-championnat-de-belgique-de-motocross\/kester_16_track_photo-3-3\/'><img decoding=\"async\" width=\"150\" height=\"150\" src=\"https:\/\/fr.motocrossmag.be\/wp-content\/uploads\/2016\/09\/Kester_16_track_photo-3-3-150x150.jpg\" class=\"attachment-thumbnail size-thumbnail\" alt=\"\" srcset=\"https:\/\/fr.motocrossmag.be\/wp-content\/uploads\/2016\/09\/Kester_16_track_photo-3-3-150x150.jpg 150w, https:\/\/fr.motocrossmag.be\/wp-content\/uploads\/2016\/09\/Kester_16_track_photo-3-3-50x50.jpg 50w\" sizes=\"(max-width: 150px) 100vw, 150px\" \/><\/a>\n\t\t\t<\/div><\/figure><figure class='gallery-item'>\n\t\t\t<div class='gallery-icon portrait'>\n\t\t\t\t<a href='https:\/\/fr.motocrossmag.be\/index.php\/2016\/09\/photos-le-circuit-de-kester-pret-a-accueillir-la-finale-du-championnat-de-belgique-de-motocross\/kester_16_track_photo-3-4\/'><img decoding=\"async\" width=\"150\" height=\"150\" src=\"https:\/\/fr.motocrossmag.be\/wp-content\/uploads\/2016\/09\/Kester_16_track_photo-3-4-150x150.jpg\" class=\"attachment-thumbnail size-thumbnail\" alt=\"\" srcset=\"https:\/\/fr.motocrossmag.be\/wp-content\/uploads\/2016\/09\/Kester_16_track_photo-3-4-150x150.jpg 150w, https:\/\/fr.motocrossmag.be\/wp-content\/uploads\/2016\/09\/Kester_16_track_photo-3-4-50x50.jpg 50w\" sizes=\"(max-width: 150px) 100vw, 150px\" \/><\/a>\n\t\t\t<\/div><\/figure><figure class='gallery-item'>\n\t\t\t<div class='gallery-icon landscape'>\n\t\t\t\t<a href='https:\/\/fr.motocrossmag.be\/index.php\/2016\/09\/photos-le-circuit-de-kester-pret-a-accueillir-la-finale-du-championnat-de-belgique-de-motocross\/kester_16_track_photo-3-5\/'><img decoding=\"async\" width=\"150\" height=\"150\" src=\"https:\/\/fr.motocrossmag.be\/wp-content\/uploads\/2016\/09\/Kester_16_track_photo-3-5-150x150.jpg\" class=\"attachment-thumbnail size-thumbnail\" alt=\"\" srcset=\"https:\/\/fr.motocrossmag.be\/wp-content\/uploads\/2016\/09\/Kester_16_track_photo-3-5-150x150.jpg 150w, https:\/\/fr.motocrossmag.be\/wp-content\/uploads\/2016\/09\/Kester_16_track_photo-3-5-50x50.jpg 50w\" sizes=\"(max-width: 150px) 100vw, 150px\" \/><\/a>\n\t\t\t<\/div><\/figure><figure class='gallery-item'>\n\t\t\t<div class='gallery-icon landscape'>\n\t\t\t\t<a href='https:\/\/fr.motocrossmag.be\/index.php\/2016\/09\/photos-le-circuit-de-kester-pret-a-accueillir-la-finale-du-championnat-de-belgique-de-motocross\/kester_16_track_photo-3-6\/'><img decoding=\"async\" width=\"150\" height=\"150\" src=\"https:\/\/fr.motocrossmag.be\/wp-content\/uploads\/2016\/09\/Kester_16_track_photo-3-6-150x150.jpg\" class=\"attachment-thumbnail size-thumbnail\" alt=\"\" srcset=\"https:\/\/fr.motocrossmag.be\/wp-content\/uploads\/2016\/09\/Kester_16_track_photo-3-6-150x150.jpg 150w, https:\/\/fr.motocrossmag.be\/wp-content\/uploads\/2016\/09\/Kester_16_track_photo-3-6-50x50.jpg 50w\" sizes=\"(max-width: 150px) 100vw, 150px\" \/><\/a>\n\t\t\t<\/div><\/figure><figure class='gallery-item'>\n\t\t\t<div class='gallery-icon landscape'>\n\t\t\t\t<a href='https:\/\/fr.motocrossmag.be\/index.php\/2016\/09\/photos-le-circuit-de-kester-pret-a-accueillir-la-finale-du-championnat-de-belgique-de-motocross\/kester_16_track_photo-3-7\/'><img decoding=\"async\" width=\"150\" height=\"150\" src=\"https:\/\/fr.motocrossmag.be\/wp-content\/uploads\/2016\/09\/Kester_16_track_photo-3-7-150x150.jpg\" class=\"attachment-thumbnail size-thumbnail\" alt=\"\" srcset=\"https:\/\/fr.motocrossmag.be\/wp-content\/uploads\/2016\/09\/Kester_16_track_photo-3-7-150x150.jpg 150w, https:\/\/fr.motocrossmag.be\/wp-content\/uploads\/2016\/09\/Kester_16_track_photo-3-7-50x50.jpg 50w\" sizes=\"(max-width: 150px) 100vw, 150px\" \/><\/a>\n\t\t\t<\/div><\/figure><figure class='gallery-item'>\n\t\t\t<div class='gallery-icon landscape'>\n\t\t\t\t<a href='https:\/\/fr.motocrossmag.be\/index.php\/2016\/09\/photos-le-circuit-de-kester-pret-a-accueillir-la-finale-du-championnat-de-belgique-de-motocross\/kester_16_track_photo-3-8\/'><img decoding=\"async\" width=\"150\" height=\"150\" src=\"https:\/\/fr.motocrossmag.be\/wp-content\/uploads\/2016\/09\/Kester_16_track_photo-3-8-150x150.jpg\" class=\"attachment-thumbnail size-thumbnail\" alt=\"\" srcset=\"https:\/\/fr.motocrossmag.be\/wp-content\/uploads\/2016\/09\/Kester_16_track_photo-3-8-150x150.jpg 150w, https:\/\/fr.motocrossmag.be\/wp-content\/uploads\/2016\/09\/Kester_16_track_photo-3-8-50x50.jpg 50w\" sizes=\"(max-width: 150px) 100vw, 150px\" \/><\/a>\n\t\t\t<\/div><\/figure><figure class='gallery-item'>\n\t\t\t<div class='gallery-icon landscape'>\n\t\t\t\t<a href='https:\/\/fr.motocrossmag.be\/index.php\/2016\/09\/photos-le-circuit-de-kester-pret-a-accueillir-la-finale-du-championnat-de-belgique-de-motocross\/kester_16_track_photo-3-9\/'><img decoding=\"async\" width=\"150\" height=\"150\" src=\"https:\/\/fr.motocrossmag.be\/wp-content\/uploads\/2016\/09\/Kester_16_track_photo-3-9-150x150.jpg\" class=\"attachment-thumbnail size-thumbnail\" alt=\"\" srcset=\"https:\/\/fr.motocrossmag.be\/wp-content\/uploads\/2016\/09\/Kester_16_track_photo-3-9-150x150.jpg 150w, https:\/\/fr.motocrossmag.be\/wp-content\/uploads\/2016\/09\/Kester_16_track_photo-3-9-50x50.jpg 50w\" sizes=\"(max-width: 150px) 100vw, 150px\" \/><\/a>\n\t\t\t<\/div><\/figure><figure class='gallery-item'>\n\t\t\t<div class='gallery-icon landscape'>\n\t\t\t\t<a href='https:\/\/fr.motocrossmag.be\/index.php\/2016\/09\/photos-le-circuit-de-kester-pret-a-accueillir-la-finale-du-championnat-de-belgique-de-motocross\/kester_16_track_photo-3-10\/'><img decoding=\"async\" width=\"150\" height=\"150\" src=\"https:\/\/fr.motocrossmag.be\/wp-content\/uploads\/2016\/09\/Kester_16_track_photo-3-10-150x150.jpg\" class=\"attachment-thumbnail size-thumbnail\" alt=\"\" srcset=\"https:\/\/fr.motocrossmag.be\/wp-content\/uploads\/2016\/09\/Kester_16_track_photo-3-10-150x150.jpg 150w, https:\/\/fr.motocrossmag.be\/wp-content\/uploads\/2016\/09\/Kester_16_track_photo-3-10-50x50.jpg 50w\" sizes=\"(max-width: 150px) 100vw, 150px\" \/><\/a>\n\t\t\t<\/div><\/figure><figure class='gallery-item'>\n\t\t\t<div class='gallery-icon portrait'>\n\t\t\t\t<a href='https:\/\/fr.motocrossmag.be\/index.php\/2016\/09\/photos-le-circuit-de-kester-pret-a-accueillir-la-finale-du-championnat-de-belgique-de-motocross\/kester_16_track_photo-3-11\/'><img decoding=\"async\" width=\"150\" height=\"150\" src=\"https:\/\/fr.motocrossmag.be\/wp-content\/uploads\/2016\/09\/Kester_16_track_photo-3-11-150x150.jpg\" class=\"attachment-thumbnail size-thumbnail\" alt=\"\" srcset=\"https:\/\/fr.motocrossmag.be\/wp-content\/uploads\/2016\/09\/Kester_16_track_photo-3-11-150x150.jpg 150w, https:\/\/fr.motocrossmag.be\/wp-content\/uploads\/2016\/09\/Kester_16_track_photo-3-11-50x50.jpg 50w\" sizes=\"(max-width: 150px) 100vw, 150px\" \/><\/a>\n\t\t\t<\/div><\/figure><figure class='gallery-item'>\n\t\t\t<div class='gallery-icon landscape'>\n\t\t\t\t<a href='https:\/\/fr.motocrossmag.be\/index.php\/2016\/09\/photos-le-circuit-de-kester-pret-a-accueillir-la-finale-du-championnat-de-belgique-de-motocross\/kester_16_track_photo-3-12\/'><img decoding=\"async\" width=\"150\" height=\"150\" src=\"https:\/\/fr.motocrossmag.be\/wp-content\/uploads\/2016\/09\/Kester_16_track_photo-3-12-150x150.jpg\" class=\"attachment-thumbnail size-thumbnail\" alt=\"\" srcset=\"https:\/\/fr.motocrossmag.be\/wp-content\/uploads\/2016\/09\/Kester_16_track_photo-3-12-150x150.jpg 150w, https:\/\/fr.motocrossmag.be\/wp-content\/uploads\/2016\/09\/Kester_16_track_photo-3-12-50x50.jpg 50w\" sizes=\"(max-width: 150px) 100vw, 150px\" \/><\/a>\n\t\t\t<\/div><\/figure><figure class='gallery-item'>\n\t\t\t<div class='gallery-icon landscape'>\n\t\t\t\t<a href='https:\/\/fr.motocrossmag.be\/index.php\/2016\/09\/photos-le-circuit-de-kester-pret-a-accueillir-la-finale-du-championnat-de-belgique-de-motocross\/kester_16_track_photo-3-13\/'><img decoding=\"async\" width=\"150\" height=\"150\" src=\"https:\/\/fr.motocrossmag.be\/wp-content\/uploads\/2016\/09\/Kester_16_track_photo-3-13-150x150.jpg\" class=\"attachment-thumbnail size-thumbnail\" alt=\"\" srcset=\"https:\/\/fr.motocrossmag.be\/wp-content\/uploads\/2016\/09\/Kester_16_track_photo-3-13-150x150.jpg 150w, https:\/\/fr.motocrossmag.be\/wp-content\/uploads\/2016\/09\/Kester_16_track_photo-3-13-50x50.jpg 50w\" sizes=\"(max-width: 150px) 100vw, 150px\" \/><\/a>\n\t\t\t<\/div><\/figure><figure class='gallery-item'>\n\t\t\t<div class='gallery-icon portrait'>\n\t\t\t\t<a href='https:\/\/fr.motocrossmag.be\/index.php\/2016\/09\/photos-le-circuit-de-kester-pret-a-accueillir-la-finale-du-championnat-de-belgique-de-motocross\/kester_16_track_photo-3\/'><img decoding=\"async\" width=\"150\" height=\"150\" src=\"https:\/\/fr.motocrossmag.be\/wp-content\/uploads\/2016\/09\/Kester_16_track_photo-3-150x150.jpg\" class=\"attachment-thumbnail size-thumbnail\" alt=\"\" srcset=\"https:\/\/fr.motocrossmag.be\/wp-content\/uploads\/2016\/09\/Kester_16_track_photo-3-150x150.jpg 150w, https:\/\/fr.motocrossmag.be\/wp-content\/uploads\/2016\/09\/Kester_16_track_photo-3-50x50.jpg 50w\" sizes=\"(max-width: 150px) 100vw, 150px\" \/><\/a>\n\t\t\t<\/div><\/figure><figure class='gallery-item'>\n\t\t\t<div class='gallery-icon landscape'>\n\t\t\t\t<a href='https:\/\/fr.motocrossmag.be\/index.php\/2016\/09\/photos-le-circuit-de-kester-pret-a-accueillir-la-finale-du-championnat-de-belgique-de-motocross\/kester_16_track_photo-4-2\/'><img decoding=\"async\" width=\"150\" height=\"150\" src=\"https:\/\/fr.motocrossmag.be\/wp-content\/uploads\/2016\/09\/Kester_16_track_photo-4-2-150x150.jpg\" class=\"attachment-thumbnail size-thumbnail\" alt=\"\" srcset=\"https:\/\/fr.motocrossmag.be\/wp-content\/uploads\/2016\/09\/Kester_16_track_photo-4-2-150x150.jpg 150w, https:\/\/fr.motocrossmag.be\/wp-content\/uploads\/2016\/09\/Kester_16_track_photo-4-2-50x50.jpg 50w\" sizes=\"(max-width: 150px) 100vw, 150px\" \/><\/a>\n\t\t\t<\/div><\/figure><figure class='gallery-item'>\n\t\t\t<div class='gallery-icon landscape'>\n\t\t\t\t<a href='https:\/\/fr.motocrossmag.be\/index.php\/2016\/09\/photos-le-circuit-de-kester-pret-a-accueillir-la-finale-du-championnat-de-belgique-de-motocross\/kester_16_track_photo-4-3\/'><img decoding=\"async\" width=\"150\" height=\"150\" src=\"https:\/\/fr.motocrossmag.be\/wp-content\/uploads\/2016\/09\/Kester_16_track_photo-4-3-150x150.jpg\" class=\"attachment-thumbnail size-thumbnail\" alt=\"\" srcset=\"https:\/\/fr.motocrossmag.be\/wp-content\/uploads\/2016\/09\/Kester_16_track_photo-4-3-150x150.jpg 150w, https:\/\/fr.motocrossmag.be\/wp-content\/uploads\/2016\/09\/Kester_16_track_photo-4-3-50x50.jpg 50w\" sizes=\"(max-width: 150px) 100vw, 150px\" \/><\/a>\n\t\t\t<\/div><\/figure><figure class='gallery-item'>\n\t\t\t<div class='gallery-icon landscape'>\n\t\t\t\t<a href='https:\/\/fr.motocrossmag.be\/index.php\/2016\/09\/photos-le-circuit-de-kester-pret-a-accueillir-la-finale-du-championnat-de-belgique-de-motocross\/kester_16_track_photo-4-4\/'><img decoding=\"async\" width=\"150\" height=\"150\" src=\"https:\/\/fr.motocrossmag.be\/wp-content\/uploads\/2016\/09\/Kester_16_track_photo-4-4-150x150.jpg\" class=\"attachment-thumbnail size-thumbnail\" alt=\"\" srcset=\"https:\/\/fr.motocrossmag.be\/wp-content\/uploads\/2016\/09\/Kester_16_track_photo-4-4-150x150.jpg 150w, https:\/\/fr.motocrossmag.be\/wp-content\/uploads\/2016\/09\/Kester_16_track_photo-4-4-50x50.jpg 50w\" sizes=\"(max-width: 150px) 100vw, 150px\" \/><\/a>\n\t\t\t<\/div><\/figure><figure class='gallery-item'>\n\t\t\t<div class='gallery-icon landscape'>\n\t\t\t\t<a href='https:\/\/fr.motocrossmag.be\/index.php\/2016\/09\/photos-le-circuit-de-kester-pret-a-accueillir-la-finale-du-championnat-de-belgique-de-motocross\/kester_16_track_photo-4-5\/'><img decoding=\"async\" width=\"150\" height=\"150\" src=\"https:\/\/fr.motocrossmag.be\/wp-content\/uploads\/2016\/09\/Kester_16_track_photo-4-5-150x150.jpg\" class=\"attachment-thumbnail size-thumbnail\" alt=\"\" srcset=\"https:\/\/fr.motocrossmag.be\/wp-content\/uploads\/2016\/09\/Kester_16_track_photo-4-5-150x150.jpg 150w, https:\/\/fr.motocrossmag.be\/wp-content\/uploads\/2016\/09\/Kester_16_track_photo-4-5-50x50.jpg 50w\" sizes=\"(max-width: 150px) 100vw, 150px\" \/><\/a>\n\t\t\t<\/div><\/figure><figure class='gallery-item'>\n\t\t\t<div class='gallery-icon landscape'>\n\t\t\t\t<a href='https:\/\/fr.motocrossmag.be\/index.php\/2016\/09\/photos-le-circuit-de-kester-pret-a-accueillir-la-finale-du-championnat-de-belgique-de-motocross\/kester_16_track_photo-4-6\/'><img decoding=\"async\" width=\"150\" height=\"150\" src=\"https:\/\/fr.motocrossmag.be\/wp-content\/uploads\/2016\/09\/Kester_16_track_photo-4-6-150x150.jpg\" class=\"attachment-thumbnail size-thumbnail\" alt=\"\" srcset=\"https:\/\/fr.motocrossmag.be\/wp-content\/uploads\/2016\/09\/Kester_16_track_photo-4-6-150x150.jpg 150w, https:\/\/fr.motocrossmag.be\/wp-content\/uploads\/2016\/09\/Kester_16_track_photo-4-6-50x50.jpg 50w\" sizes=\"(max-width: 150px) 100vw, 150px\" \/><\/a>\n\t\t\t<\/div><\/figure><figure class='gallery-item'>\n\t\t\t<div class='gallery-icon landscape'>\n\t\t\t\t<a href='https:\/\/fr.motocrossmag.be\/index.php\/2016\/09\/photos-le-circuit-de-kester-pret-a-accueillir-la-finale-du-championnat-de-belgique-de-motocross\/kester_16_track_photo-4-7\/'><img decoding=\"async\" width=\"150\" height=\"150\" src=\"https:\/\/fr.motocrossmag.be\/wp-content\/uploads\/2016\/09\/Kester_16_track_photo-4-7-150x150.jpg\" class=\"attachment-thumbnail size-thumbnail\" alt=\"\" srcset=\"https:\/\/fr.motocrossmag.be\/wp-content\/uploads\/2016\/09\/Kester_16_track_photo-4-7-150x150.jpg 150w, https:\/\/fr.motocrossmag.be\/wp-content\/uploads\/2016\/09\/Kester_16_track_photo-4-7-50x50.jpg 50w\" sizes=\"(max-width: 150px) 100vw, 150px\" \/><\/a>\n\t\t\t<\/div><\/figure><figure class='gallery-item'>\n\t\t\t<div class='gallery-icon landscape'>\n\t\t\t\t<a href='https:\/\/fr.motocrossmag.be\/index.php\/2016\/09\/photos-le-circuit-de-kester-pret-a-accueillir-la-finale-du-championnat-de-belgique-de-motocross\/kester_16_track_photo-4-8\/'><img decoding=\"async\" width=\"150\" height=\"150\" src=\"https:\/\/fr.motocrossmag.be\/wp-content\/uploads\/2016\/09\/Kester_16_track_photo-4-8-150x150.jpg\" class=\"attachment-thumbnail size-thumbnail\" alt=\"\" srcset=\"https:\/\/fr.motocrossmag.be\/wp-content\/uploads\/2016\/09\/Kester_16_track_photo-4-8-150x150.jpg 150w, https:\/\/fr.motocrossmag.be\/wp-content\/uploads\/2016\/09\/Kester_16_track_photo-4-8-50x50.jpg 50w\" sizes=\"(max-width: 150px) 100vw, 150px\" \/><\/a>\n\t\t\t<\/div><\/figure><figure class='gallery-item'>\n\t\t\t<div class='gallery-icon landscape'>\n\t\t\t\t<a href='https:\/\/fr.motocrossmag.be\/index.php\/2016\/09\/photos-le-circuit-de-kester-pret-a-accueillir-la-finale-du-championnat-de-belgique-de-motocross\/kester_16_track_photo-4-9\/'><img decoding=\"async\" width=\"150\" height=\"150\" src=\"https:\/\/fr.motocrossmag.be\/wp-content\/uploads\/2016\/09\/Kester_16_track_photo-4-9-150x150.jpg\" class=\"attachment-thumbnail size-thumbnail\" alt=\"\" srcset=\"https:\/\/fr.motocrossmag.be\/wp-content\/uploads\/2016\/09\/Kester_16_track_photo-4-9-150x150.jpg 150w, https:\/\/fr.motocrossmag.be\/wp-content\/uploads\/2016\/09\/Kester_16_track_photo-4-9-50x50.jpg 50w\" sizes=\"(max-width: 150px) 100vw, 150px\" \/><\/a>\n\t\t\t<\/div><\/figure><figure class='gallery-item'>\n\t\t\t<div class='gallery-icon landscape'>\n\t\t\t\t<a href='https:\/\/fr.motocrossmag.be\/index.php\/2016\/09\/photos-le-circuit-de-kester-pret-a-accueillir-la-finale-du-championnat-de-belgique-de-motocross\/kester_16_track_photo-4-10\/'><img decoding=\"async\" width=\"150\" height=\"150\" src=\"https:\/\/fr.motocrossmag.be\/wp-content\/uploads\/2016\/09\/Kester_16_track_photo-4-10-150x150.jpg\" class=\"attachment-thumbnail size-thumbnail\" alt=\"\" srcset=\"https:\/\/fr.motocrossmag.be\/wp-content\/uploads\/2016\/09\/Kester_16_track_photo-4-10-150x150.jpg 150w, https:\/\/fr.motocrossmag.be\/wp-content\/uploads\/2016\/09\/Kester_16_track_photo-4-10-50x50.jpg 50w\" sizes=\"(max-width: 150px) 100vw, 150px\" \/><\/a>\n\t\t\t<\/div><\/figure><figure class='gallery-item'>\n\t\t\t<div class='gallery-icon portrait'>\n\t\t\t\t<a href='https:\/\/fr.motocrossmag.be\/index.php\/2016\/09\/photos-le-circuit-de-kester-pret-a-accueillir-la-finale-du-championnat-de-belgique-de-motocross\/kester_16_track_photo-4-11\/'><img decoding=\"async\" width=\"150\" height=\"150\" src=\"https:\/\/fr.motocrossmag.be\/wp-content\/uploads\/2016\/09\/Kester_16_track_photo-4-11-150x150.jpg\" class=\"attachment-thumbnail size-thumbnail\" alt=\"\" srcset=\"https:\/\/fr.motocrossmag.be\/wp-content\/uploads\/2016\/09\/Kester_16_track_photo-4-11-150x150.jpg 150w, https:\/\/fr.motocrossmag.be\/wp-content\/uploads\/2016\/09\/Kester_16_track_photo-4-11-50x50.jpg 50w\" sizes=\"(max-width: 150px) 100vw, 150px\" \/><\/a>\n\t\t\t<\/div><\/figure><figure class='gallery-item'>\n\t\t\t<div class='gallery-icon landscape'>\n\t\t\t\t<a href='https:\/\/fr.motocrossmag.be\/index.php\/2016\/09\/photos-le-circuit-de-kester-pret-a-accueillir-la-finale-du-championnat-de-belgique-de-motocross\/kester_16_track_photo-4-12\/'><img decoding=\"async\" width=\"150\" height=\"150\" src=\"https:\/\/fr.motocrossmag.be\/wp-content\/uploads\/2016\/09\/Kester_16_track_photo-4-12-150x150.jpg\" class=\"attachment-thumbnail size-thumbnail\" alt=\"\" srcset=\"https:\/\/fr.motocrossmag.be\/wp-content\/uploads\/2016\/09\/Kester_16_track_photo-4-12-150x150.jpg 150w, https:\/\/fr.motocrossmag.be\/wp-content\/uploads\/2016\/09\/Kester_16_track_photo-4-12-50x50.jpg 50w\" sizes=\"(max-width: 150px) 100vw, 150px\" \/><\/a>\n\t\t\t<\/div><\/figure><figure class='gallery-item'>\n\t\t\t<div class='gallery-icon landscape'>\n\t\t\t\t<a href='https:\/\/fr.motocrossmag.be\/index.php\/2016\/09\/photos-le-circuit-de-kester-pret-a-accueillir-la-finale-du-championnat-de-belgique-de-motocross\/kester_16_track_photo-4-13\/'><img decoding=\"async\" width=\"150\" height=\"150\" src=\"https:\/\/fr.motocrossmag.be\/wp-content\/uploads\/2016\/09\/Kester_16_track_photo-4-13-150x150.jpg\" class=\"attachment-thumbnail size-thumbnail\" alt=\"\" srcset=\"https:\/\/fr.motocrossmag.be\/wp-content\/uploads\/2016\/09\/Kester_16_track_photo-4-13-150x150.jpg 150w, https:\/\/fr.motocrossmag.be\/wp-content\/uploads\/2016\/09\/Kester_16_track_photo-4-13-50x50.jpg 50w\" sizes=\"(max-width: 150px) 100vw, 150px\" \/><\/a>\n\t\t\t<\/div><\/figure><figure class='gallery-item'>\n\t\t\t<div class='gallery-icon landscape'>\n\t\t\t\t<a href='https:\/\/fr.motocrossmag.be\/index.php\/2016\/09\/photos-le-circuit-de-kester-pret-a-accueillir-la-finale-du-championnat-de-belgique-de-motocross\/kester_16_track_photo-5-2\/'><img decoding=\"async\" width=\"150\" height=\"150\" src=\"https:\/\/fr.motocrossmag.be\/wp-content\/uploads\/2016\/09\/Kester_16_track_photo-5-2-150x150.jpg\" class=\"attachment-thumbnail size-thumbnail\" alt=\"\" srcset=\"https:\/\/fr.motocrossmag.be\/wp-content\/uploads\/2016\/09\/Kester_16_track_photo-5-2-150x150.jpg 150w, https:\/\/fr.motocrossmag.be\/wp-content\/uploads\/2016\/09\/Kester_16_track_photo-5-2-50x50.jpg 50w\" sizes=\"(max-width: 150px) 100vw, 150px\" \/><\/a>\n\t\t\t<\/div><\/figure><figure class='gallery-item'>\n\t\t\t<div class='gallery-icon landscape'>\n\t\t\t\t<a href='https:\/\/fr.motocrossmag.be\/index.php\/2016\/09\/photos-le-circuit-de-kester-pret-a-accueillir-la-finale-du-championnat-de-belgique-de-motocross\/kester_16_track_photo-5-3\/'><img decoding=\"async\" width=\"150\" height=\"150\" src=\"https:\/\/fr.motocrossmag.be\/wp-content\/uploads\/2016\/09\/Kester_16_track_photo-5-3-150x150.jpg\" class=\"attachment-thumbnail size-thumbnail\" alt=\"\" srcset=\"https:\/\/fr.motocrossmag.be\/wp-content\/uploads\/2016\/09\/Kester_16_track_photo-5-3-150x150.jpg 150w, https:\/\/fr.motocrossmag.be\/wp-content\/uploads\/2016\/09\/Kester_16_track_photo-5-3-50x50.jpg 50w\" sizes=\"(max-width: 150px) 100vw, 150px\" \/><\/a>\n\t\t\t<\/div><\/figure><figure class='gallery-item'>\n\t\t\t<div class='gallery-icon landscape'>\n\t\t\t\t<a href='https:\/\/fr.motocrossmag.be\/index.php\/2016\/09\/photos-le-circuit-de-kester-pret-a-accueillir-la-finale-du-championnat-de-belgique-de-motocross\/kester_16_track_photo-5-4\/'><img decoding=\"async\" width=\"150\" height=\"150\" src=\"https:\/\/fr.motocrossmag.be\/wp-content\/uploads\/2016\/09\/Kester_16_track_photo-5-4-150x150.jpg\" class=\"attachment-thumbnail size-thumbnail\" alt=\"\" srcset=\"https:\/\/fr.motocrossmag.be\/wp-content\/uploads\/2016\/09\/Kester_16_track_photo-5-4-150x150.jpg 150w, https:\/\/fr.motocrossmag.be\/wp-content\/uploads\/2016\/09\/Kester_16_track_photo-5-4-50x50.jpg 50w\" sizes=\"(max-width: 150px) 100vw, 150px\" \/><\/a>\n\t\t\t<\/div><\/figure><figure class='gallery-item'>\n\t\t\t<div class='gallery-icon landscape'>\n\t\t\t\t<a href='https:\/\/fr.motocrossmag.be\/index.php\/2016\/09\/photos-le-circuit-de-kester-pret-a-accueillir-la-finale-du-championnat-de-belgique-de-motocross\/kester_16_track_photo-5-5\/'><img decoding=\"async\" width=\"150\" height=\"150\" src=\"https:\/\/fr.motocrossmag.be\/wp-content\/uploads\/2016\/09\/Kester_16_track_photo-5-5-150x150.jpg\" class=\"attachment-thumbnail size-thumbnail\" alt=\"\" srcset=\"https:\/\/fr.motocrossmag.be\/wp-content\/uploads\/2016\/09\/Kester_16_track_photo-5-5-150x150.jpg 150w, https:\/\/fr.motocrossmag.be\/wp-content\/uploads\/2016\/09\/Kester_16_track_photo-5-5-50x50.jpg 50w\" sizes=\"(max-width: 150px) 100vw, 150px\" \/><\/a>\n\t\t\t<\/div><\/figure><figure class='gallery-item'>\n\t\t\t<div class='gallery-icon landscape'>\n\t\t\t\t<a href='https:\/\/fr.motocrossmag.be\/index.php\/2016\/09\/photos-le-circuit-de-kester-pret-a-accueillir-la-finale-du-championnat-de-belgique-de-motocross\/kester_16_track_photo-5-6\/'><img decoding=\"async\" width=\"150\" height=\"150\" src=\"https:\/\/fr.motocrossmag.be\/wp-content\/uploads\/2016\/09\/Kester_16_track_photo-5-6-150x150.jpg\" class=\"attachment-thumbnail size-thumbnail\" alt=\"\" srcset=\"https:\/\/fr.motocrossmag.be\/wp-content\/uploads\/2016\/09\/Kester_16_track_photo-5-6-150x150.jpg 150w, https:\/\/fr.motocrossmag.be\/wp-content\/uploads\/2016\/09\/Kester_16_track_photo-5-6-50x50.jpg 50w\" sizes=\"(max-width: 150px) 100vw, 150px\" \/><\/a>\n\t\t\t<\/div><\/figure><figure class='gallery-item'>\n\t\t\t<div class='gallery-icon landscape'>\n\t\t\t\t<a href='https:\/\/fr.motocrossmag.be\/index.php\/2016\/09\/photos-le-circuit-de-kester-pret-a-accueillir-la-finale-du-championnat-de-belgique-de-motocross\/kester_16_track_photo-5-7\/'><img decoding=\"async\" width=\"150\" height=\"150\" src=\"https:\/\/fr.motocrossmag.be\/wp-content\/uploads\/2016\/09\/Kester_16_track_photo-5-7-150x150.jpg\" class=\"attachment-thumbnail size-thumbnail\" alt=\"\" srcset=\"https:\/\/fr.motocrossmag.be\/wp-content\/uploads\/2016\/09\/Kester_16_track_photo-5-7-150x150.jpg 150w, https:\/\/fr.motocrossmag.be\/wp-content\/uploads\/2016\/09\/Kester_16_track_photo-5-7-50x50.jpg 50w\" sizes=\"(max-width: 150px) 100vw, 150px\" \/><\/a>\n\t\t\t<\/div><\/figure><figure class='gallery-item'>\n\t\t\t<div class='gallery-icon landscape'>\n\t\t\t\t<a href='https:\/\/fr.motocrossmag.be\/index.php\/2016\/09\/photos-le-circuit-de-kester-pret-a-accueillir-la-finale-du-championnat-de-belgique-de-motocross\/kester_16_track_photo-5-8\/'><img decoding=\"async\" width=\"150\" height=\"150\" src=\"https:\/\/fr.motocrossmag.be\/wp-content\/uploads\/2016\/09\/Kester_16_track_photo-5-8-150x150.jpg\" class=\"attachment-thumbnail size-thumbnail\" alt=\"\" srcset=\"https:\/\/fr.motocrossmag.be\/wp-content\/uploads\/2016\/09\/Kester_16_track_photo-5-8-150x150.jpg 150w, https:\/\/fr.motocrossmag.be\/wp-content\/uploads\/2016\/09\/Kester_16_track_photo-5-8-50x50.jpg 50w\" sizes=\"(max-width: 150px) 100vw, 150px\" \/><\/a>\n\t\t\t<\/div><\/figure><figure class='gallery-item'>\n\t\t\t<div class='gallery-icon landscape'>\n\t\t\t\t<a href='https:\/\/fr.motocrossmag.be\/index.php\/2016\/09\/photos-le-circuit-de-kester-pret-a-accueillir-la-finale-du-championnat-de-belgique-de-motocross\/kester_16_track_photo-5-9\/'><img decoding=\"async\" width=\"150\" height=\"150\" src=\"https:\/\/fr.motocrossmag.be\/wp-content\/uploads\/2016\/09\/Kester_16_track_photo-5-9-150x150.jpg\" class=\"attachment-thumbnail size-thumbnail\" alt=\"\" srcset=\"https:\/\/fr.motocrossmag.be\/wp-content\/uploads\/2016\/09\/Kester_16_track_photo-5-9-150x150.jpg 150w, https:\/\/fr.motocrossmag.be\/wp-content\/uploads\/2016\/09\/Kester_16_track_photo-5-9-50x50.jpg 50w\" sizes=\"(max-width: 150px) 100vw, 150px\" \/><\/a>\n\t\t\t<\/div><\/figure><figure class='gallery-item'>\n\t\t\t<div class='gallery-icon landscape'>\n\t\t\t\t<a href='https:\/\/fr.motocrossmag.be\/index.php\/2016\/09\/photos-le-circuit-de-kester-pret-a-accueillir-la-finale-du-championnat-de-belgique-de-motocross\/kester_16_track_photo-5-10\/'><img decoding=\"async\" width=\"150\" height=\"150\" src=\"https:\/\/fr.motocrossmag.be\/wp-content\/uploads\/2016\/09\/Kester_16_track_photo-5-10-150x150.jpg\" class=\"attachment-thumbnail size-thumbnail\" alt=\"\" srcset=\"https:\/\/fr.motocrossmag.be\/wp-content\/uploads\/2016\/09\/Kester_16_track_photo-5-10-150x150.jpg 150w, https:\/\/fr.motocrossmag.be\/wp-content\/uploads\/2016\/09\/Kester_16_track_photo-5-10-50x50.jpg 50w\" sizes=\"(max-width: 150px) 100vw, 150px\" \/><\/a>\n\t\t\t<\/div><\/figure><figure class='gallery-item'>\n\t\t\t<div class='gallery-icon landscape'>\n\t\t\t\t<a href='https:\/\/fr.motocrossmag.be\/index.php\/2016\/09\/photos-le-circuit-de-kester-pret-a-accueillir-la-finale-du-championnat-de-belgique-de-motocross\/kester_16_track_photo-5-11\/'><img decoding=\"async\" width=\"150\" height=\"150\" src=\"https:\/\/fr.motocrossmag.be\/wp-content\/uploads\/2016\/09\/Kester_16_track_photo-5-11-150x150.jpg\" class=\"attachment-thumbnail size-thumbnail\" alt=\"\" srcset=\"https:\/\/fr.motocrossmag.be\/wp-content\/uploads\/2016\/09\/Kester_16_track_photo-5-11-150x150.jpg 150w, https:\/\/fr.motocrossmag.be\/wp-content\/uploads\/2016\/09\/Kester_16_track_photo-5-11-50x50.jpg 50w\" sizes=\"(max-width: 150px) 100vw, 150px\" \/><\/a>\n\t\t\t<\/div><\/figure><figure class='gallery-item'>\n\t\t\t<div class='gallery-icon landscape'>\n\t\t\t\t<a href='https:\/\/fr.motocrossmag.be\/index.php\/2016\/09\/photos-le-circuit-de-kester-pret-a-accueillir-la-finale-du-championnat-de-belgique-de-motocross\/kester_16_track_photo-5-12\/'><img decoding=\"async\" width=\"150\" height=\"150\" src=\"https:\/\/fr.motocrossmag.be\/wp-content\/uploads\/2016\/09\/Kester_16_track_photo-5-12-150x150.jpg\" class=\"attachment-thumbnail size-thumbnail\" alt=\"\" srcset=\"https:\/\/fr.motocrossmag.be\/wp-content\/uploads\/2016\/09\/Kester_16_track_photo-5-12-150x150.jpg 150w, https:\/\/fr.motocrossmag.be\/wp-content\/uploads\/2016\/09\/Kester_16_track_photo-5-12-50x50.jpg 50w\" sizes=\"(max-width: 150px) 100vw, 150px\" \/><\/a>\n\t\t\t<\/div><\/figure><figure class='gallery-item'>\n\t\t\t<div class='gallery-icon landscape'>\n\t\t\t\t<a href='https:\/\/fr.motocrossmag.be\/index.php\/2016\/09\/photos-le-circuit-de-kester-pret-a-accueillir-la-finale-du-championnat-de-belgique-de-motocross\/kester_16_track_photo-5-13\/'><img decoding=\"async\" width=\"150\" height=\"150\" src=\"https:\/\/fr.motocrossmag.be\/wp-content\/uploads\/2016\/09\/Kester_16_track_photo-5-13-150x150.jpg\" class=\"attachment-thumbnail size-thumbnail\" alt=\"\" srcset=\"https:\/\/fr.motocrossmag.be\/wp-content\/uploads\/2016\/09\/Kester_16_track_photo-5-13-150x150.jpg 150w, https:\/\/fr.motocrossmag.be\/wp-content\/uploads\/2016\/09\/Kester_16_track_photo-5-13-50x50.jpg 50w\" sizes=\"(max-width: 150px) 100vw, 150px\" \/><\/a>\n\t\t\t<\/div><\/figure><figure class='gallery-item'>\n\t\t\t<div class='gallery-icon landscape'>\n\t\t\t\t<a href='https:\/\/fr.motocrossmag.be\/index.php\/2016\/09\/photos-le-circuit-de-kester-pret-a-accueillir-la-finale-du-championnat-de-belgique-de-motocross\/kester_16_track_photo-5\/'><img decoding=\"async\" width=\"150\" height=\"150\" src=\"https:\/\/fr.motocrossmag.be\/wp-content\/uploads\/2016\/09\/Kester_16_track_photo-5-150x150.jpg\" class=\"attachment-thumbnail size-thumbnail\" alt=\"\" srcset=\"https:\/\/fr.motocrossmag.be\/wp-content\/uploads\/2016\/09\/Kester_16_track_photo-5-150x150.jpg 150w, https:\/\/fr.motocrossmag.be\/wp-content\/uploads\/2016\/09\/Kester_16_track_photo-5-50x50.jpg 50w\" sizes=\"(max-width: 150px) 100vw, 150px\" \/><\/a>\n\t\t\t<\/div><\/figure>\n\t\t<\/div>\n\n","protected":false},"excerpt":{"rendered":"<p>Depuis plusieurs jours, on met les bouch\u00e9es doubles \u00e0 Kester pour accueillir comme il se doit pilotes et spectateurs ce dimanche \u00e0 l&rsquo;occasion de la finale du championnat de Belgique de motocross Inter Open. Les derniers d\u00e9tails ont \u00e9t\u00e9 r\u00e9gl\u00e9s ce samedi matin et le tout nouveau circuit est \u00e0 pr\u00e9sent sur son 31 pour [&hellip;]<\/p>\n","protected":false},"author":932,"featured_media":51658,"comment_status":"open","ping_status":"closed","sticky":false,"template":"","format":"standard","meta":{"tdm_status":"","tdm_grid_status":"","footnotes":""},"categories":[54,4,29,5,55,65],"tags":[],"class_list":["post-51636","post","type-post","status-publish","format-standard","has-post-thumbnail","category-actualite","category-motocross","category-fmb","category-news","category-news-actualite","category-slideshow"],"yoast_head":"<!-- This site is optimized with the Yoast SEO plugin v28.3 - https:\/\/yoast.com\/product\/yoast-seo-wordpress\/ -->\n<title>Photos : le circuit de Kester pr\u00eat \u00e0 accueillir la finale du championnat de Belgique de motocross - Motocross - Enduro - Supermoto | MotocrossMag<\/title>\n<meta name=\"robots\" content=\"index, follow, max-snippet:-1, max-image-preview:large, max-video-preview:-1\" \/>\n<link rel=\"canonical\" href=\"https:\/\/fr.motocrossmag.be\/index.php\/2016\/09\/photos-le-circuit-de-kester-pret-a-accueillir-la-finale-du-championnat-de-belgique-de-motocross\/\" \/>\n<meta property=\"og:locale\" content=\"fr_FR\" \/>\n<meta property=\"og:type\" content=\"article\" \/>\n<meta property=\"og:title\" content=\"Photos : le circuit de Kester pr\u00eat \u00e0 accueillir la finale du championnat de Belgique de motocross - Motocross - Enduro - Supermoto | MotocrossMag\" \/>\n<meta property=\"og:description\" content=\"Depuis plusieurs jours, on met les bouch\u00e9es doubles \u00e0 Kester pour accueillir comme il se doit pilotes et spectateurs ce dimanche \u00e0 l&rsquo;occasion de la finale du championnat de Belgique de motocross Inter Open. Les derniers d\u00e9tails ont \u00e9t\u00e9 r\u00e9gl\u00e9s ce samedi matin et le tout nouveau circuit est \u00e0 pr\u00e9sent sur son 31 pour [&hellip;]\" \/>\n<meta property=\"og:url\" content=\"https:\/\/fr.motocrossmag.be\/index.php\/2016\/09\/photos-le-circuit-de-kester-pret-a-accueillir-la-finale-du-championnat-de-belgique-de-motocross\/\" \/>\n<meta property=\"og:site_name\" content=\"Motocross - Enduro - Supermoto | MotocrossMag\" \/>\n<meta property=\"article:published_time\" content=\"2016-09-17T13:49:39+00:00\" \/>\n<meta property=\"og:image\" content=\"https:\/\/fr.motocrossmag.be\/wp-content\/uploads\/2016\/09\/Kester_16_track_photo-2-10.jpg\" \/>\n\t<meta property=\"og:image:width\" content=\"1296\" \/>\n\t<meta property=\"og:image:height\" content=\"968\" \/>\n\t<meta property=\"og:image:type\" content=\"image\/jpeg\" \/>\n<meta name=\"author\" content=\"oliviere\" \/>\n<meta name=\"twitter:card\" content=\"summary_large_image\" \/>\n<meta name=\"twitter:label1\" content=\"\u00c9crit par\" \/>\n\t<meta name=\"twitter:data1\" content=\"oliviere\" \/>\n<script type=\"application\/ld+json\" class=\"yoast-schema-graph\">{\"@context\":\"https:\\\/\\\/schema.org\",\"@graph\":[{\"@type\":\"Article\",\"@id\":\"https:\\\/\\\/fr.motocrossmag.be\\\/index.php\\\/2016\\\/09\\\/photos-le-circuit-de-kester-pret-a-accueillir-la-finale-du-championnat-de-belgique-de-motocross\\\/#article\",\"isPartOf\":{\"@id\":\"https:\\\/\\\/fr.motocrossmag.be\\\/index.php\\\/2016\\\/09\\\/photos-le-circuit-de-kester-pret-a-accueillir-la-finale-du-championnat-de-belgique-de-motocross\\\/\"},\"author\":{\"name\":\"oliviere\",\"@id\":\"https:\\\/\\\/fr.motocrossmag.be\\\/#\\\/schema\\\/person\\\/11b47143d9f755babca2c9110e03235c\"},\"headline\":\"Photos : le circuit de Kester pr\u00eat \u00e0 accueillir la finale du championnat de Belgique de motocross\",\"datePublished\":\"2016-09-17T13:49:39+00:00\",\"mainEntityOfPage\":{\"@id\":\"https:\\\/\\\/fr.motocrossmag.be\\\/index.php\\\/2016\\\/09\\\/photos-le-circuit-de-kester-pret-a-accueillir-la-finale-du-championnat-de-belgique-de-motocross\\\/\"},\"wordCount\":92,\"commentCount\":0,\"image\":{\"@id\":\"https:\\\/\\\/fr.motocrossmag.be\\\/index.php\\\/2016\\\/09\\\/photos-le-circuit-de-kester-pret-a-accueillir-la-finale-du-championnat-de-belgique-de-motocross\\\/#primaryimage\"},\"thumbnailUrl\":\"https:\\\/\\\/fr.motocrossmag.be\\\/wp-content\\\/uploads\\\/2016\\\/09\\\/Kester_16_track_photo-2-10.jpg\",\"articleSection\":[\"Actualit\u00e9\",\"Motocross\",\"Motocross FMB\",\"News\",\"News\",\"Slideshow\"],\"inLanguage\":\"fr-FR\",\"potentialAction\":[{\"@type\":\"CommentAction\",\"name\":\"Comment\",\"target\":[\"https:\\\/\\\/fr.motocrossmag.be\\\/index.php\\\/2016\\\/09\\\/photos-le-circuit-de-kester-pret-a-accueillir-la-finale-du-championnat-de-belgique-de-motocross\\\/#respond\"]}]},{\"@type\":\"WebPage\",\"@id\":\"https:\\\/\\\/fr.motocrossmag.be\\\/index.php\\\/2016\\\/09\\\/photos-le-circuit-de-kester-pret-a-accueillir-la-finale-du-championnat-de-belgique-de-motocross\\\/\",\"url\":\"https:\\\/\\\/fr.motocrossmag.be\\\/index.php\\\/2016\\\/09\\\/photos-le-circuit-de-kester-pret-a-accueillir-la-finale-du-championnat-de-belgique-de-motocross\\\/\",\"name\":\"Photos : le circuit de Kester pr\u00eat \u00e0 accueillir la finale du championnat de Belgique de motocross - Motocross - Enduro - Supermoto | MotocrossMag\",\"isPartOf\":{\"@id\":\"https:\\\/\\\/fr.motocrossmag.be\\\/#website\"},\"primaryImageOfPage\":{\"@id\":\"https:\\\/\\\/fr.motocrossmag.be\\\/index.php\\\/2016\\\/09\\\/photos-le-circuit-de-kester-pret-a-accueillir-la-finale-du-championnat-de-belgique-de-motocross\\\/#primaryimage\"},\"image\":{\"@id\":\"https:\\\/\\\/fr.motocrossmag.be\\\/index.php\\\/2016\\\/09\\\/photos-le-circuit-de-kester-pret-a-accueillir-la-finale-du-championnat-de-belgique-de-motocross\\\/#primaryimage\"},\"thumbnailUrl\":\"https:\\\/\\\/fr.motocrossmag.be\\\/wp-content\\\/uploads\\\/2016\\\/09\\\/Kester_16_track_photo-2-10.jpg\",\"datePublished\":\"2016-09-17T13:49:39+00:00\",\"author\":{\"@id\":\"https:\\\/\\\/fr.motocrossmag.be\\\/#\\\/schema\\\/person\\\/11b47143d9f755babca2c9110e03235c\"},\"breadcrumb\":{\"@id\":\"https:\\\/\\\/fr.motocrossmag.be\\\/index.php\\\/2016\\\/09\\\/photos-le-circuit-de-kester-pret-a-accueillir-la-finale-du-championnat-de-belgique-de-motocross\\\/#breadcrumb\"},\"inLanguage\":\"fr-FR\",\"potentialAction\":[{\"@type\":\"ReadAction\",\"target\":[\"https:\\\/\\\/fr.motocrossmag.be\\\/index.php\\\/2016\\\/09\\\/photos-le-circuit-de-kester-pret-a-accueillir-la-finale-du-championnat-de-belgique-de-motocross\\\/\"]}]},{\"@type\":\"ImageObject\",\"inLanguage\":\"fr-FR\",\"@id\":\"https:\\\/\\\/fr.motocrossmag.be\\\/index.php\\\/2016\\\/09\\\/photos-le-circuit-de-kester-pret-a-accueillir-la-finale-du-championnat-de-belgique-de-motocross\\\/#primaryimage\",\"url\":\"https:\\\/\\\/fr.motocrossmag.be\\\/wp-content\\\/uploads\\\/2016\\\/09\\\/Kester_16_track_photo-2-10.jpg\",\"contentUrl\":\"https:\\\/\\\/fr.motocrossmag.be\\\/wp-content\\\/uploads\\\/2016\\\/09\\\/Kester_16_track_photo-2-10.jpg\",\"width\":1296,\"height\":968},{\"@type\":\"BreadcrumbList\",\"@id\":\"https:\\\/\\\/fr.motocrossmag.be\\\/index.php\\\/2016\\\/09\\\/photos-le-circuit-de-kester-pret-a-accueillir-la-finale-du-championnat-de-belgique-de-motocross\\\/#breadcrumb\",\"itemListElement\":[{\"@type\":\"ListItem\",\"position\":1,\"name\":\"Accueil\",\"item\":\"https:\\\/\\\/fr.motocrossmag.be\\\/\"},{\"@type\":\"ListItem\",\"position\":2,\"name\":\"Photos : le circuit de Kester pr\u00eat \u00e0 accueillir la finale du championnat de Belgique de motocross\"}]},{\"@type\":\"WebSite\",\"@id\":\"https:\\\/\\\/fr.motocrossmag.be\\\/#website\",\"url\":\"https:\\\/\\\/fr.motocrossmag.be\\\/\",\"name\":\"Motocross - Enduro - Supermoto | MotocrossMag\",\"description\":\"L&#039;actualit\u00e9 du motocross, de l&#039;enduro et du Supermoto en ligne!\",\"potentialAction\":[{\"@type\":\"SearchAction\",\"target\":{\"@type\":\"EntryPoint\",\"urlTemplate\":\"https:\\\/\\\/fr.motocrossmag.be\\\/?s={search_term_string}\"},\"query-input\":{\"@type\":\"PropertyValueSpecification\",\"valueRequired\":true,\"valueName\":\"search_term_string\"}}],\"inLanguage\":\"fr-FR\"},{\"@type\":\"Person\",\"@id\":\"https:\\\/\\\/fr.motocrossmag.be\\\/#\\\/schema\\\/person\\\/11b47143d9f755babca2c9110e03235c\",\"name\":\"oliviere\",\"image\":{\"@type\":\"ImageObject\",\"inLanguage\":\"fr-FR\",\"@id\":\"https:\\\/\\\/secure.gravatar.com\\\/avatar\\\/907069e0b81d119452040469e4a7501da1100f54f7f80180ce77bfab718288f6?s=96&d=mm&r=g\",\"url\":\"https:\\\/\\\/secure.gravatar.com\\\/avatar\\\/907069e0b81d119452040469e4a7501da1100f54f7f80180ce77bfab718288f6?s=96&d=mm&r=g\",\"contentUrl\":\"https:\\\/\\\/secure.gravatar.com\\\/avatar\\\/907069e0b81d119452040469e4a7501da1100f54f7f80180ce77bfab718288f6?s=96&d=mm&r=g\",\"caption\":\"oliviere\"},\"sameAs\":[\"http:\\\/\\\/www.motocrossmag.be\"],\"url\":\"https:\\\/\\\/fr.motocrossmag.be\\\/index.php\\\/author\\\/oliviere\\\/\"}]}<\/script>\n<!-- \/ Yoast SEO plugin. -->","yoast_head_json":{"title":"Photos : le circuit de Kester pr\u00eat \u00e0 accueillir la finale du championnat de Belgique de motocross - Motocross - Enduro - Supermoto | MotocrossMag","robots":{"index":"index","follow":"follow","max-snippet":"max-snippet:-1","max-image-preview":"max-image-preview:large","max-video-preview":"max-video-preview:-1"},"canonical":"https:\/\/fr.motocrossmag.be\/index.php\/2016\/09\/photos-le-circuit-de-kester-pret-a-accueillir-la-finale-du-championnat-de-belgique-de-motocross\/","og_locale":"fr_FR","og_type":"article","og_title":"Photos : le circuit de Kester pr\u00eat \u00e0 accueillir la finale du championnat de Belgique de motocross - Motocross - Enduro - Supermoto | MotocrossMag","og_description":"Depuis plusieurs jours, on met les bouch\u00e9es doubles \u00e0 Kester pour accueillir comme il se doit pilotes et spectateurs ce dimanche \u00e0 l&rsquo;occasion de la finale du championnat de Belgique de motocross Inter Open. Les derniers d\u00e9tails ont \u00e9t\u00e9 r\u00e9gl\u00e9s ce samedi matin et le tout nouveau circuit est \u00e0 pr\u00e9sent sur son 31 pour [&hellip;]","og_url":"https:\/\/fr.motocrossmag.be\/index.php\/2016\/09\/photos-le-circuit-de-kester-pret-a-accueillir-la-finale-du-championnat-de-belgique-de-motocross\/","og_site_name":"Motocross - Enduro - Supermoto | MotocrossMag","article_published_time":"2016-09-17T13:49:39+00:00","og_image":[{"width":1296,"height":968,"url":"https:\/\/fr.motocrossmag.be\/wp-content\/uploads\/2016\/09\/Kester_16_track_photo-2-10.jpg","type":"image\/jpeg"}],"author":"oliviere","twitter_card":"summary_large_image","twitter_misc":{"\u00c9crit par":"oliviere"},"schema":{"@context":"https:\/\/schema.org","@graph":[{"@type":"Article","@id":"https:\/\/fr.motocrossmag.be\/index.php\/2016\/09\/photos-le-circuit-de-kester-pret-a-accueillir-la-finale-du-championnat-de-belgique-de-motocross\/#article","isPartOf":{"@id":"https:\/\/fr.motocrossmag.be\/index.php\/2016\/09\/photos-le-circuit-de-kester-pret-a-accueillir-la-finale-du-championnat-de-belgique-de-motocross\/"},"author":{"name":"oliviere","@id":"https:\/\/fr.motocrossmag.be\/#\/schema\/person\/11b47143d9f755babca2c9110e03235c"},"headline":"Photos : le circuit de Kester pr\u00eat \u00e0 accueillir la finale du championnat de Belgique de motocross","datePublished":"2016-09-17T13:49:39+00:00","mainEntityOfPage":{"@id":"https:\/\/fr.motocrossmag.be\/index.php\/2016\/09\/photos-le-circuit-de-kester-pret-a-accueillir-la-finale-du-championnat-de-belgique-de-motocross\/"},"wordCount":92,"commentCount":0,"image":{"@id":"https:\/\/fr.motocrossmag.be\/index.php\/2016\/09\/photos-le-circuit-de-kester-pret-a-accueillir-la-finale-du-championnat-de-belgique-de-motocross\/#primaryimage"},"thumbnailUrl":"https:\/\/fr.motocrossmag.be\/wp-content\/uploads\/2016\/09\/Kester_16_track_photo-2-10.jpg","articleSection":["Actualit\u00e9","Motocross","Motocross FMB","News","News","Slideshow"],"inLanguage":"fr-FR","potentialAction":[{"@type":"CommentAction","name":"Comment","target":["https:\/\/fr.motocrossmag.be\/index.php\/2016\/09\/photos-le-circuit-de-kester-pret-a-accueillir-la-finale-du-championnat-de-belgique-de-motocross\/#respond"]}]},{"@type":"WebPage","@id":"https:\/\/fr.motocrossmag.be\/index.php\/2016\/09\/photos-le-circuit-de-kester-pret-a-accueillir-la-finale-du-championnat-de-belgique-de-motocross\/","url":"https:\/\/fr.motocrossmag.be\/index.php\/2016\/09\/photos-le-circuit-de-kester-pret-a-accueillir-la-finale-du-championnat-de-belgique-de-motocross\/","name":"Photos : le circuit de Kester pr\u00eat \u00e0 accueillir la finale du championnat de Belgique de motocross - Motocross - Enduro - Supermoto | MotocrossMag","isPartOf":{"@id":"https:\/\/fr.motocrossmag.be\/#website"},"primaryImageOfPage":{"@id":"https:\/\/fr.motocrossmag.be\/index.php\/2016\/09\/photos-le-circuit-de-kester-pret-a-accueillir-la-finale-du-championnat-de-belgique-de-motocross\/#primaryimage"},"image":{"@id":"https:\/\/fr.motocrossmag.be\/index.php\/2016\/09\/photos-le-circuit-de-kester-pret-a-accueillir-la-finale-du-championnat-de-belgique-de-motocross\/#primaryimage"},"thumbnailUrl":"https:\/\/fr.motocrossmag.be\/wp-content\/uploads\/2016\/09\/Kester_16_track_photo-2-10.jpg","datePublished":"2016-09-17T13:49:39+00:00","author":{"@id":"https:\/\/fr.motocrossmag.be\/#\/schema\/person\/11b47143d9f755babca2c9110e03235c"},"breadcrumb":{"@id":"https:\/\/fr.motocrossmag.be\/index.php\/2016\/09\/photos-le-circuit-de-kester-pret-a-accueillir-la-finale-du-championnat-de-belgique-de-motocross\/#breadcrumb"},"inLanguage":"fr-FR","potentialAction":[{"@type":"ReadAction","target":["https:\/\/fr.motocrossmag.be\/index.php\/2016\/09\/photos-le-circuit-de-kester-pret-a-accueillir-la-finale-du-championnat-de-belgique-de-motocross\/"]}]},{"@type":"ImageObject","inLanguage":"fr-FR","@id":"https:\/\/fr.motocrossmag.be\/index.php\/2016\/09\/photos-le-circuit-de-kester-pret-a-accueillir-la-finale-du-championnat-de-belgique-de-motocross\/#primaryimage","url":"https:\/\/fr.motocrossmag.be\/wp-content\/uploads\/2016\/09\/Kester_16_track_photo-2-10.jpg","contentUrl":"https:\/\/fr.motocrossmag.be\/wp-content\/uploads\/2016\/09\/Kester_16_track_photo-2-10.jpg","width":1296,"height":968},{"@type":"BreadcrumbList","@id":"https:\/\/fr.motocrossmag.be\/index.php\/2016\/09\/photos-le-circuit-de-kester-pret-a-accueillir-la-finale-du-championnat-de-belgique-de-motocross\/#breadcrumb","itemListElement":[{"@type":"ListItem","position":1,"name":"Accueil","item":"https:\/\/fr.motocrossmag.be\/"},{"@type":"ListItem","position":2,"name":"Photos : le circuit de Kester pr\u00eat \u00e0 accueillir la finale du championnat de Belgique de motocross"}]},{"@type":"WebSite","@id":"https:\/\/fr.motocrossmag.be\/#website","url":"https:\/\/fr.motocrossmag.be\/","name":"Motocross - Enduro - Supermoto | MotocrossMag","description":"L&#039;actualit\u00e9 du motocross, de l&#039;enduro et du Supermoto en ligne!","potentialAction":[{"@type":"SearchAction","target":{"@type":"EntryPoint","urlTemplate":"https:\/\/fr.motocrossmag.be\/?s={search_term_string}"},"query-input":{"@type":"PropertyValueSpecification","valueRequired":true,"valueName":"search_term_string"}}],"inLanguage":"fr-FR"},{"@type":"Person","@id":"https:\/\/fr.motocrossmag.be\/#\/schema\/person\/11b47143d9f755babca2c9110e03235c","name":"oliviere","image":{"@type":"ImageObject","inLanguage":"fr-FR","@id":"https:\/\/secure.gravatar.com\/avatar\/907069e0b81d119452040469e4a7501da1100f54f7f80180ce77bfab718288f6?s=96&d=mm&r=g","url":"https:\/\/secure.gravatar.com\/avatar\/907069e0b81d119452040469e4a7501da1100f54f7f80180ce77bfab718288f6?s=96&d=mm&r=g","contentUrl":"https:\/\/secure.gravatar.com\/avatar\/907069e0b81d119452040469e4a7501da1100f54f7f80180ce77bfab718288f6?s=96&d=mm&r=g","caption":"oliviere"},"sameAs":["http:\/\/www.motocrossmag.be"],"url":"https:\/\/fr.motocrossmag.be\/index.php\/author\/oliviere\/"}]}},"_links":{"self":[{"href":"https:\/\/fr.motocrossmag.be\/index.php\/wp-json\/wp\/v2\/posts\/51636","targetHints":{"allow":["GET"]}}],"collection":[{"href":"https:\/\/fr.motocrossmag.be\/index.php\/wp-json\/wp\/v2\/posts"}],"about":[{"href":"https:\/\/fr.motocrossmag.be\/index.php\/wp-json\/wp\/v2\/types\/post"}],"author":[{"embeddable":true,"href":"https:\/\/fr.motocrossmag.be\/index.php\/wp-json\/wp\/v2\/users\/932"}],"replies":[{"embeddable":true,"href":"https:\/\/fr.motocrossmag.be\/index.php\/wp-json\/wp\/v2\/comments?post=51636"}],"version-history":[{"count":1,"href":"https:\/\/fr.motocrossmag.be\/index.php\/wp-json\/wp\/v2\/posts\/51636\/revisions"}],"predecessor-version":[{"id":51701,"href":"https:\/\/fr.motocrossmag.be\/index.php\/wp-json\/wp\/v2\/posts\/51636\/revisions\/51701"}],"wp:featuredmedia":[{"embeddable":true,"href":"https:\/\/fr.motocrossmag.be\/index.php\/wp-json\/wp\/v2\/media\/51658"}],"wp:attachment":[{"href":"https:\/\/fr.motocrossmag.be\/index.php\/wp-json\/wp\/v2\/media?parent=51636"}],"wp:term":[{"taxonomy":"category","embeddable":true,"href":"https:\/\/fr.motocrossmag.be\/index.php\/wp-json\/wp\/v2\/categories?post=51636"},{"taxonomy":"post_tag","embeddable":true,"href":"https:\/\/fr.motocrossmag.be\/index.php\/wp-json\/wp\/v2\/tags?post=51636"}],"curies":[{"name":"wp","href":"https:\/\/api.w.org\/{rel}","templated":true}]}}