{"id":5276,"date":"2009-09-30T09:14:28","date_gmt":"2009-09-30T08:14:28","guid":{"rendered":"http:\/\/www.motocrossmag.be\/?p=5276"},"modified":"2009-09-30T09:14:28","modified_gmt":"2009-09-30T08:14:28","slug":"supermoto-fmb-namur-le-supermoto-de-la-citadelle-aura-bien-lieu","status":"publish","type":"post","link":"https:\/\/fr.motocrossmag.be\/index.php\/2009\/09\/supermoto-fmb-namur-le-supermoto-de-la-citadelle-aura-bien-lieu\/","title":{"rendered":"Supermoto FMB &#8211; Namur | Le Supermoto de la Citadelle aura bien lieu"},"content":{"rendered":"<p>Les organisateurs du Supermoto de la Citadelle, pr\u00e9vu les 17 et 18 octobre prochains &agrave; Namur, sont soulag\u00e9s. Apr\u00e8s avoir longtemps attendu et craint le pire, ils viennent en effet d&rsquo;obtenir les autorisations de la Ville et de la R\u00e9gion wallonne qui leur manquaient encore.<\/p>\n<p><img decoding=\"async\" class=\"alignnone size-full wp-image-2608\" title=\"Pour la seconde ann\u00e9e cons\u00e9cutive, la Citadelle de Namur sera la th\u00e9\u00e0\u00a2tre de la finale du championnat de Belgique de Supermoto.\" src=\"http:\/\/www.motocrossmag.be\/wp-content\/uploads\/2008\/11\/namurtrack_2.jpg\" alt=\"\" width=\"500\" height=\"335\" srcset=\"https:\/\/fr.motocrossmag.be\/wp-content\/uploads\/2008\/11\/namurtrack_2.jpg 500w, https:\/\/fr.motocrossmag.be\/wp-content\/uploads\/2008\/11\/namurtrack_2-300x201.jpg 300w\" sizes=\"(max-width: 500px) 100vw, 500px\" \/><\/p><div class=\"lainb6a999f4cc5986\" ><!-- \/91277017\/Inline-articles-mobile -->\n<div style=\"margin:auto; text-align:center !important\">\n<div id='div-gpt-ad-1784982661365-0' style='min-width: 250px; min-height: 75px;'>\n  <script>\n    googletag.cmd.push(function() { googletag.display('div-gpt-ad-1784982661365-0'); });\n  <\/script>\n<\/div><\/div><\/div><style type=\"text\/css\">\r\n.lainb6a999f4cc5986 {\r\nmargin-bottom:30px;margin-top:20px\r\n}\r\n@media screen and (min-width: 1201px) {\r\n.lainb6a999f4cc5986 {\r\ndisplay: block;\r\n}\r\n}\r\n@media screen and (min-width: 993px) and (max-width: 1200px) {\r\n.lainb6a999f4cc5986 {\r\ndisplay: block;\r\n}\r\n}\r\n@media screen and (min-width: 769px) and (max-width: 992px) {\r\n.lainb6a999f4cc5986 {\r\ndisplay: block;\r\n}\r\n}\r\n@media screen and (min-width: 768px) and (max-width: 768px) {\r\n.lainb6a999f4cc5986 {\r\ndisplay: block;\r\n}\r\n}\r\n@media screen and (max-width: 767px) {\r\n.lainb6a999f4cc5986 {\r\ndisplay: block;\r\n}\r\n}\r\n<\/style>\r\n\n<p>C&rsquo;est donc dans le cadre prestigieux de la Citadelle namuroise que se cl\u00f4turera cette ann\u00e9e encore le championnat de Belgique de Supermoto. Si les organisateurs avaient esp\u00e9r\u00e9 pouvoir emprunter une partie de l&rsquo;ancien circuit de motocross, ils seront malheureusement une nouvelle fois cantonn\u00e9s sur l&rsquo;esplanade.<br \/>\nEsp\u00e9rons seulement que la neige, qui avait fortement perturb\u00e9 le programme l&rsquo;an dernier, ne s&rsquo;invitera plus sur les hauteurs namuroises le 3\u00e8me week-end d&rsquo;octobre&#8230; <\/p>\n","protected":false},"excerpt":{"rendered":"<p>Les organisateurs du Supermoto de la Citadelle, pr\u00e9vu les 17 et 18 octobre prochains &agrave; Namur, sont soulag\u00e9s. Apr\u00e8s avoir longtemps attendu et craint le pire, ils viennent en effet d&rsquo;obtenir les autorisations de la Ville et de la R\u00e9gion wallonne qui leur manquaient encore. C&rsquo;est donc dans le cadre prestigieux de la Citadelle namuroise [&hellip;]<\/p>\n","protected":false},"author":932,"featured_media":0,"comment_status":"open","ping_status":"closed","sticky":false,"template":"","format":"standard","meta":{"tdm_status":"","tdm_grid_status":"","footnotes":""},"categories":[54,43,55,38],"tags":[],"class_list":["post-5276","post","type-post","status-publish","format-standard","category-actualite","category-news-supermoto","category-news-actualite","category-supermoto"],"yoast_head":"<!-- This site is optimized with the Yoast SEO plugin v28.4 - https:\/\/yoast.com\/product\/yoast-seo-wordpress\/ -->\n<title>Supermoto FMB - Namur | Le Supermoto de la Citadelle aura bien lieu - Motocross - Enduro - Supermoto | MotocrossMag<\/title>\n<meta name=\"robots\" content=\"index, follow, max-snippet:-1, max-image-preview:large, max-video-preview:-1\" \/>\n<link rel=\"canonical\" href=\"https:\/\/fr.motocrossmag.be\/index.php\/2009\/09\/supermoto-fmb-namur-le-supermoto-de-la-citadelle-aura-bien-lieu\/\" \/>\n<meta property=\"og:locale\" content=\"fr_FR\" \/>\n<meta property=\"og:type\" content=\"article\" \/>\n<meta property=\"og:title\" content=\"Supermoto FMB - Namur | Le Supermoto de la Citadelle aura bien lieu - Motocross - Enduro - Supermoto | MotocrossMag\" \/>\n<meta property=\"og:description\" content=\"Les organisateurs du Supermoto de la Citadelle, pr\u00e9vu les 17 et 18 octobre prochains &agrave; Namur, sont soulag\u00e9s. Apr\u00e8s avoir longtemps attendu et craint le pire, ils viennent en effet d&rsquo;obtenir les autorisations de la Ville et de la R\u00e9gion wallonne qui leur manquaient encore. C&rsquo;est donc dans le cadre prestigieux de la Citadelle namuroise [&hellip;]\" \/>\n<meta property=\"og:url\" content=\"https:\/\/fr.motocrossmag.be\/index.php\/2009\/09\/supermoto-fmb-namur-le-supermoto-de-la-citadelle-aura-bien-lieu\/\" \/>\n<meta property=\"og:site_name\" content=\"Motocross - Enduro - Supermoto | MotocrossMag\" \/>\n<meta property=\"article:published_time\" content=\"2009-09-30T08:14:28+00:00\" \/>\n<meta property=\"og:image\" content=\"http:\/\/www.motocrossmag.be\/wp-content\/uploads\/2008\/11\/namurtrack_2.jpg\" \/>\n<meta name=\"author\" content=\"oliviere\" \/>\n<meta name=\"twitter:card\" content=\"summary_large_image\" \/>\n<meta name=\"twitter:label1\" content=\"\u00c9crit par\" \/>\n\t<meta name=\"twitter:data1\" content=\"oliviere\" \/>\n\t<meta name=\"twitter:label2\" content=\"Dur\u00e9e de lecture estim\u00e9e\" \/>\n\t<meta name=\"twitter:data2\" content=\"1 minute\" \/>\n<script type=\"application\/ld+json\" class=\"yoast-schema-graph\">{\"@context\":\"https:\\\/\\\/schema.org\",\"@graph\":[{\"@type\":\"Article\",\"@id\":\"https:\\\/\\\/fr.motocrossmag.be\\\/index.php\\\/2009\\\/09\\\/supermoto-fmb-namur-le-supermoto-de-la-citadelle-aura-bien-lieu\\\/#article\",\"isPartOf\":{\"@id\":\"https:\\\/\\\/fr.motocrossmag.be\\\/index.php\\\/2009\\\/09\\\/supermoto-fmb-namur-le-supermoto-de-la-citadelle-aura-bien-lieu\\\/\"},\"author\":{\"name\":\"oliviere\",\"@id\":\"https:\\\/\\\/fr.motocrossmag.be\\\/#\\\/schema\\\/person\\\/11b47143d9f755babca2c9110e03235c\"},\"headline\":\"Supermoto FMB &#8211; Namur | Le Supermoto de la Citadelle aura bien lieu\",\"datePublished\":\"2009-09-30T08:14:28+00:00\",\"mainEntityOfPage\":{\"@id\":\"https:\\\/\\\/fr.motocrossmag.be\\\/index.php\\\/2009\\\/09\\\/supermoto-fmb-namur-le-supermoto-de-la-citadelle-aura-bien-lieu\\\/\"},\"wordCount\":140,\"commentCount\":0,\"image\":{\"@id\":\"https:\\\/\\\/fr.motocrossmag.be\\\/index.php\\\/2009\\\/09\\\/supermoto-fmb-namur-le-supermoto-de-la-citadelle-aura-bien-lieu\\\/#primaryimage\"},\"thumbnailUrl\":\"http:\\\/\\\/www.motocrossmag.be\\\/wp-content\\\/uploads\\\/2008\\\/11\\\/namurtrack_2.jpg\",\"articleSection\":[\"Actualit\u00e9\",\"News\",\"News\",\"Supermoto\"],\"inLanguage\":\"fr-FR\",\"potentialAction\":[{\"@type\":\"CommentAction\",\"name\":\"Comment\",\"target\":[\"https:\\\/\\\/fr.motocrossmag.be\\\/index.php\\\/2009\\\/09\\\/supermoto-fmb-namur-le-supermoto-de-la-citadelle-aura-bien-lieu\\\/#respond\"]}]},{\"@type\":\"WebPage\",\"@id\":\"https:\\\/\\\/fr.motocrossmag.be\\\/index.php\\\/2009\\\/09\\\/supermoto-fmb-namur-le-supermoto-de-la-citadelle-aura-bien-lieu\\\/\",\"url\":\"https:\\\/\\\/fr.motocrossmag.be\\\/index.php\\\/2009\\\/09\\\/supermoto-fmb-namur-le-supermoto-de-la-citadelle-aura-bien-lieu\\\/\",\"name\":\"Supermoto FMB - Namur | Le Supermoto de la Citadelle aura bien lieu - Motocross - Enduro - Supermoto | MotocrossMag\",\"isPartOf\":{\"@id\":\"https:\\\/\\\/fr.motocrossmag.be\\\/#website\"},\"primaryImageOfPage\":{\"@id\":\"https:\\\/\\\/fr.motocrossmag.be\\\/index.php\\\/2009\\\/09\\\/supermoto-fmb-namur-le-supermoto-de-la-citadelle-aura-bien-lieu\\\/#primaryimage\"},\"image\":{\"@id\":\"https:\\\/\\\/fr.motocrossmag.be\\\/index.php\\\/2009\\\/09\\\/supermoto-fmb-namur-le-supermoto-de-la-citadelle-aura-bien-lieu\\\/#primaryimage\"},\"thumbnailUrl\":\"http:\\\/\\\/www.motocrossmag.be\\\/wp-content\\\/uploads\\\/2008\\\/11\\\/namurtrack_2.jpg\",\"datePublished\":\"2009-09-30T08:14:28+00:00\",\"author\":{\"@id\":\"https:\\\/\\\/fr.motocrossmag.be\\\/#\\\/schema\\\/person\\\/11b47143d9f755babca2c9110e03235c\"},\"breadcrumb\":{\"@id\":\"https:\\\/\\\/fr.motocrossmag.be\\\/index.php\\\/2009\\\/09\\\/supermoto-fmb-namur-le-supermoto-de-la-citadelle-aura-bien-lieu\\\/#breadcrumb\"},\"inLanguage\":\"fr-FR\",\"potentialAction\":[{\"@type\":\"ReadAction\",\"target\":[\"https:\\\/\\\/fr.motocrossmag.be\\\/index.php\\\/2009\\\/09\\\/supermoto-fmb-namur-le-supermoto-de-la-citadelle-aura-bien-lieu\\\/\"]}]},{\"@type\":\"ImageObject\",\"inLanguage\":\"fr-FR\",\"@id\":\"https:\\\/\\\/fr.motocrossmag.be\\\/index.php\\\/2009\\\/09\\\/supermoto-fmb-namur-le-supermoto-de-la-citadelle-aura-bien-lieu\\\/#primaryimage\",\"url\":\"http:\\\/\\\/www.motocrossmag.be\\\/wp-content\\\/uploads\\\/2008\\\/11\\\/namurtrack_2.jpg\",\"contentUrl\":\"http:\\\/\\\/www.motocrossmag.be\\\/wp-content\\\/uploads\\\/2008\\\/11\\\/namurtrack_2.jpg\"},{\"@type\":\"BreadcrumbList\",\"@id\":\"https:\\\/\\\/fr.motocrossmag.be\\\/index.php\\\/2009\\\/09\\\/supermoto-fmb-namur-le-supermoto-de-la-citadelle-aura-bien-lieu\\\/#breadcrumb\",\"itemListElement\":[{\"@type\":\"ListItem\",\"position\":1,\"name\":\"Accueil\",\"item\":\"https:\\\/\\\/fr.motocrossmag.be\\\/\"},{\"@type\":\"ListItem\",\"position\":2,\"name\":\"Supermoto FMB &#8211; Namur | Le Supermoto de la Citadelle aura bien lieu\"}]},{\"@type\":\"WebSite\",\"@id\":\"https:\\\/\\\/fr.motocrossmag.be\\\/#website\",\"url\":\"https:\\\/\\\/fr.motocrossmag.be\\\/\",\"name\":\"Motocross - Enduro - Supermoto | MotocrossMag\",\"description\":\"L&#039;actualit\u00e9 du motocross, de l&#039;enduro et du Supermoto en ligne!\",\"potentialAction\":[{\"@type\":\"SearchAction\",\"target\":{\"@type\":\"EntryPoint\",\"urlTemplate\":\"https:\\\/\\\/fr.motocrossmag.be\\\/?s={search_term_string}\"},\"query-input\":{\"@type\":\"PropertyValueSpecification\",\"valueRequired\":true,\"valueName\":\"search_term_string\"}}],\"inLanguage\":\"fr-FR\"},{\"@type\":\"Person\",\"@id\":\"https:\\\/\\\/fr.motocrossmag.be\\\/#\\\/schema\\\/person\\\/11b47143d9f755babca2c9110e03235c\",\"name\":\"oliviere\",\"image\":{\"@type\":\"ImageObject\",\"inLanguage\":\"fr-FR\",\"@id\":\"https:\\\/\\\/secure.gravatar.com\\\/avatar\\\/907069e0b81d119452040469e4a7501da1100f54f7f80180ce77bfab718288f6?s=96&d=mm&r=g\",\"url\":\"https:\\\/\\\/secure.gravatar.com\\\/avatar\\\/907069e0b81d119452040469e4a7501da1100f54f7f80180ce77bfab718288f6?s=96&d=mm&r=g\",\"contentUrl\":\"https:\\\/\\\/secure.gravatar.com\\\/avatar\\\/907069e0b81d119452040469e4a7501da1100f54f7f80180ce77bfab718288f6?s=96&d=mm&r=g\",\"caption\":\"oliviere\"},\"sameAs\":[\"http:\\\/\\\/www.motocrossmag.be\"],\"url\":\"https:\\\/\\\/fr.motocrossmag.be\\\/index.php\\\/author\\\/oliviere\\\/\"}]}<\/script>\n<!-- \/ Yoast SEO plugin. -->","yoast_head_json":{"title":"Supermoto FMB - Namur | Le Supermoto de la Citadelle aura bien lieu - Motocross - Enduro - Supermoto | MotocrossMag","robots":{"index":"index","follow":"follow","max-snippet":"max-snippet:-1","max-image-preview":"max-image-preview:large","max-video-preview":"max-video-preview:-1"},"canonical":"https:\/\/fr.motocrossmag.be\/index.php\/2009\/09\/supermoto-fmb-namur-le-supermoto-de-la-citadelle-aura-bien-lieu\/","og_locale":"fr_FR","og_type":"article","og_title":"Supermoto FMB - Namur | Le Supermoto de la Citadelle aura bien lieu - Motocross - Enduro - Supermoto | MotocrossMag","og_description":"Les organisateurs du Supermoto de la Citadelle, pr\u00e9vu les 17 et 18 octobre prochains &agrave; Namur, sont soulag\u00e9s. Apr\u00e8s avoir longtemps attendu et craint le pire, ils viennent en effet d&rsquo;obtenir les autorisations de la Ville et de la R\u00e9gion wallonne qui leur manquaient encore. C&rsquo;est donc dans le cadre prestigieux de la Citadelle namuroise [&hellip;]","og_url":"https:\/\/fr.motocrossmag.be\/index.php\/2009\/09\/supermoto-fmb-namur-le-supermoto-de-la-citadelle-aura-bien-lieu\/","og_site_name":"Motocross - Enduro - Supermoto | MotocrossMag","article_published_time":"2009-09-30T08:14:28+00:00","og_image":[{"url":"http:\/\/www.motocrossmag.be\/wp-content\/uploads\/2008\/11\/namurtrack_2.jpg","type":"","width":"","height":""}],"author":"oliviere","twitter_card":"summary_large_image","twitter_misc":{"\u00c9crit par":"oliviere","Dur\u00e9e de lecture estim\u00e9e":"1 minute"},"schema":{"@context":"https:\/\/schema.org","@graph":[{"@type":"Article","@id":"https:\/\/fr.motocrossmag.be\/index.php\/2009\/09\/supermoto-fmb-namur-le-supermoto-de-la-citadelle-aura-bien-lieu\/#article","isPartOf":{"@id":"https:\/\/fr.motocrossmag.be\/index.php\/2009\/09\/supermoto-fmb-namur-le-supermoto-de-la-citadelle-aura-bien-lieu\/"},"author":{"name":"oliviere","@id":"https:\/\/fr.motocrossmag.be\/#\/schema\/person\/11b47143d9f755babca2c9110e03235c"},"headline":"Supermoto FMB &#8211; Namur | Le Supermoto de la Citadelle aura bien lieu","datePublished":"2009-09-30T08:14:28+00:00","mainEntityOfPage":{"@id":"https:\/\/fr.motocrossmag.be\/index.php\/2009\/09\/supermoto-fmb-namur-le-supermoto-de-la-citadelle-aura-bien-lieu\/"},"wordCount":140,"commentCount":0,"image":{"@id":"https:\/\/fr.motocrossmag.be\/index.php\/2009\/09\/supermoto-fmb-namur-le-supermoto-de-la-citadelle-aura-bien-lieu\/#primaryimage"},"thumbnailUrl":"http:\/\/www.motocrossmag.be\/wp-content\/uploads\/2008\/11\/namurtrack_2.jpg","articleSection":["Actualit\u00e9","News","News","Supermoto"],"inLanguage":"fr-FR","potentialAction":[{"@type":"CommentAction","name":"Comment","target":["https:\/\/fr.motocrossmag.be\/index.php\/2009\/09\/supermoto-fmb-namur-le-supermoto-de-la-citadelle-aura-bien-lieu\/#respond"]}]},{"@type":"WebPage","@id":"https:\/\/fr.motocrossmag.be\/index.php\/2009\/09\/supermoto-fmb-namur-le-supermoto-de-la-citadelle-aura-bien-lieu\/","url":"https:\/\/fr.motocrossmag.be\/index.php\/2009\/09\/supermoto-fmb-namur-le-supermoto-de-la-citadelle-aura-bien-lieu\/","name":"Supermoto FMB - Namur | Le Supermoto de la Citadelle aura bien lieu - Motocross - Enduro - Supermoto | MotocrossMag","isPartOf":{"@id":"https:\/\/fr.motocrossmag.be\/#website"},"primaryImageOfPage":{"@id":"https:\/\/fr.motocrossmag.be\/index.php\/2009\/09\/supermoto-fmb-namur-le-supermoto-de-la-citadelle-aura-bien-lieu\/#primaryimage"},"image":{"@id":"https:\/\/fr.motocrossmag.be\/index.php\/2009\/09\/supermoto-fmb-namur-le-supermoto-de-la-citadelle-aura-bien-lieu\/#primaryimage"},"thumbnailUrl":"http:\/\/www.motocrossmag.be\/wp-content\/uploads\/2008\/11\/namurtrack_2.jpg","datePublished":"2009-09-30T08:14:28+00:00","author":{"@id":"https:\/\/fr.motocrossmag.be\/#\/schema\/person\/11b47143d9f755babca2c9110e03235c"},"breadcrumb":{"@id":"https:\/\/fr.motocrossmag.be\/index.php\/2009\/09\/supermoto-fmb-namur-le-supermoto-de-la-citadelle-aura-bien-lieu\/#breadcrumb"},"inLanguage":"fr-FR","potentialAction":[{"@type":"ReadAction","target":["https:\/\/fr.motocrossmag.be\/index.php\/2009\/09\/supermoto-fmb-namur-le-supermoto-de-la-citadelle-aura-bien-lieu\/"]}]},{"@type":"ImageObject","inLanguage":"fr-FR","@id":"https:\/\/fr.motocrossmag.be\/index.php\/2009\/09\/supermoto-fmb-namur-le-supermoto-de-la-citadelle-aura-bien-lieu\/#primaryimage","url":"http:\/\/www.motocrossmag.be\/wp-content\/uploads\/2008\/11\/namurtrack_2.jpg","contentUrl":"http:\/\/www.motocrossmag.be\/wp-content\/uploads\/2008\/11\/namurtrack_2.jpg"},{"@type":"BreadcrumbList","@id":"https:\/\/fr.motocrossmag.be\/index.php\/2009\/09\/supermoto-fmb-namur-le-supermoto-de-la-citadelle-aura-bien-lieu\/#breadcrumb","itemListElement":[{"@type":"ListItem","position":1,"name":"Accueil","item":"https:\/\/fr.motocrossmag.be\/"},{"@type":"ListItem","position":2,"name":"Supermoto FMB &#8211; Namur | Le Supermoto de la Citadelle aura bien lieu"}]},{"@type":"WebSite","@id":"https:\/\/fr.motocrossmag.be\/#website","url":"https:\/\/fr.motocrossmag.be\/","name":"Motocross - Enduro - Supermoto | MotocrossMag","description":"L&#039;actualit\u00e9 du motocross, de l&#039;enduro et du Supermoto en ligne!","potentialAction":[{"@type":"SearchAction","target":{"@type":"EntryPoint","urlTemplate":"https:\/\/fr.motocrossmag.be\/?s={search_term_string}"},"query-input":{"@type":"PropertyValueSpecification","valueRequired":true,"valueName":"search_term_string"}}],"inLanguage":"fr-FR"},{"@type":"Person","@id":"https:\/\/fr.motocrossmag.be\/#\/schema\/person\/11b47143d9f755babca2c9110e03235c","name":"oliviere","image":{"@type":"ImageObject","inLanguage":"fr-FR","@id":"https:\/\/secure.gravatar.com\/avatar\/907069e0b81d119452040469e4a7501da1100f54f7f80180ce77bfab718288f6?s=96&d=mm&r=g","url":"https:\/\/secure.gravatar.com\/avatar\/907069e0b81d119452040469e4a7501da1100f54f7f80180ce77bfab718288f6?s=96&d=mm&r=g","contentUrl":"https:\/\/secure.gravatar.com\/avatar\/907069e0b81d119452040469e4a7501da1100f54f7f80180ce77bfab718288f6?s=96&d=mm&r=g","caption":"oliviere"},"sameAs":["http:\/\/www.motocrossmag.be"],"url":"https:\/\/fr.motocrossmag.be\/index.php\/author\/oliviere\/"}]}},"_links":{"self":[{"href":"https:\/\/fr.motocrossmag.be\/index.php\/wp-json\/wp\/v2\/posts\/5276","targetHints":{"allow":["GET"]}}],"collection":[{"href":"https:\/\/fr.motocrossmag.be\/index.php\/wp-json\/wp\/v2\/posts"}],"about":[{"href":"https:\/\/fr.motocrossmag.be\/index.php\/wp-json\/wp\/v2\/types\/post"}],"author":[{"embeddable":true,"href":"https:\/\/fr.motocrossmag.be\/index.php\/wp-json\/wp\/v2\/users\/932"}],"replies":[{"embeddable":true,"href":"https:\/\/fr.motocrossmag.be\/index.php\/wp-json\/wp\/v2\/comments?post=5276"}],"version-history":[{"count":0,"href":"https:\/\/fr.motocrossmag.be\/index.php\/wp-json\/wp\/v2\/posts\/5276\/revisions"}],"wp:attachment":[{"href":"https:\/\/fr.motocrossmag.be\/index.php\/wp-json\/wp\/v2\/media?parent=5276"}],"wp:term":[{"taxonomy":"category","embeddable":true,"href":"https:\/\/fr.motocrossmag.be\/index.php\/wp-json\/wp\/v2\/categories?post=5276"},{"taxonomy":"post_tag","embeddable":true,"href":"https:\/\/fr.motocrossmag.be\/index.php\/wp-json\/wp\/v2\/tags?post=5276"}],"curies":[{"name":"wp","href":"https:\/\/api.w.org\/{rel}","templated":true}]}}