{"id":539,"date":"2008-04-28T16:48:11","date_gmt":"2008-04-28T15:48:11","guid":{"rendered":"http:\/\/www.motocrossmag.be\/2008\/04\/28\/motocross-mxgp-kevin-strijbos-absent-pour-6-semaines\/"},"modified":"2008-04-28T20:58:35","modified_gmt":"2008-04-28T19:58:35","slug":"motocross-mxgp-kevin-strijbos-absent-pour-6-semaines","status":"publish","type":"post","link":"https:\/\/fr.motocrossmag.be\/index.php\/2008\/04\/motocross-mxgp-kevin-strijbos-absent-pour-6-semaines\/","title":{"rendered":"Motocross MXGP | Kevin Strijbos absent pour 6 semaines"},"content":{"rendered":"<p>Kevin Strijbos traverse une p\u00e9riode noire pour le moment! Relevant &agrave; peine de blessure et connaissant pas mal de probl\u00e8mes avec sa moto, \u00ab\u00a0the New Kid\u00a0\u00bb s&rsquo;\u00e9tait bless\u00e9 au pouce gauche &agrave; Bellpuig. Cette blessure s&rsquo;est r\u00e9v\u00e9l\u00e9e plus grave que ce que l&rsquo;on pensait au d\u00e9but. Apr\u00e8s le GP d&rsquo;Espagne, Kevin s&rsquo;est rendu chez le docteur Claes, qui a diagnostiqu\u00e9 une fracture au pouce, &agrave; un endroit d\u00e9licat puisque juste &agrave; l&rsquo;endroit o\u00f9 se trouve un tendon.<\/p>\n<p><img class=\"lazyload\" decoding=\"async\" src=\"data:image\/gif;base64,R0lGODlhAQABAAAAACH5BAEKAAEALAAAAAABAAEAAAICTAEAOw==\" data-orig-src=\"http:\/\/www.motocrossmag.be\/wp-content\/uploads\/2008\/04\/news_strijbos.jpg\" alt=\"Kevin Strijbos restera &agrave; l\u00e2\u20ac\u2122\u00e9cart des circuits durant 6 semaines &agrave; cause d\u00e2\u20ac\u2122une d\u00e9licate blessure au pouce gauche.\" \/><\/p>\n<p>Kevin a \u00e9t\u00e9 op\u00e9r\u00e9 imm\u00e9diatement et se retrouve au repos forc\u00e9 pour six semaines. \u00ab\u00a0Apr\u00e8s l&rsquo;op\u00e9ration, ils m&rsquo;ont pl\u00e0\u00a2tr\u00e9 le pouce\u00a0\u00bb, nous a d\u00e9clar\u00e9 le pilote de Wuustwezel jeudi dernier, \u00ab\u00a0Je viens de retourner &agrave; l&rsquo;h\u00f4pital pour me faire poser un nouveau pl\u00e0\u00a2tre. Je devrai rester pl\u00e0\u00a2tr\u00e9 au moins jusqu&rsquo;au huit mai, date &agrave; laquelle je dois subir un nouvel examen. Je comptais d\u00e9j&agrave; rouler au Portugal mais, lors de l&rsquo;op\u00e9ration, ils se sont aper\u00e7us que l&rsquo;os \u00e9tait trop petit que pour pouvoir y mettre une broche et ils ont d\u00e0\u00bb se contenter de placer une goupille. Il est donc probable que je serai \u00e9galement absent en Bulgarie et en Italie. Je devrais donc faire ma rentr\u00e9e &agrave; Mallory Park mais cela d\u00e9pendra \u00e9videmment aussi de ma condition physique &agrave; ce moment. Si c&rsquo;est pour rouler afin de faire une quatorzi\u00e8me place, cela ne m&rsquo;int\u00e9resse pas. Je veux rouler pour tenter de faire un podium. Pour le moment, il ne me reste qu&rsquo;&agrave; rester chez moi et &agrave; faire un peu de musculation pour les jambes. A partir de mercredi, je ferai du cross-trainer. Je comptais aller voir le MX3 en Italie mais le docteur m&rsquo;a conseill\u00e9 de me reposer les premiers jours.\u00a0\u00bb<\/p>\n","protected":false},"excerpt":{"rendered":"<p>Kevin Strijbos traverse une p\u00e9riode noire pour le moment! Relevant &agrave; peine de blessure et connaissant pas mal de probl\u00e8mes avec sa moto, \u00ab\u00a0the New Kid\u00a0\u00bb s&rsquo;\u00e9tait bless\u00e9 au pouce [&#8230;]<\/p>\n","protected":false},"author":932,"featured_media":0,"comment_status":"open","ping_status":"open","sticky":false,"template":"","format":"standard","meta":{"footnotes":""},"categories":[54,4,5,55],"tags":[],"class_list":["post-539","post","type-post","status-publish","format-standard","hentry","category-actualite","category-motocross","category-news","category-news-actualite"],"yoast_head":"<!-- This site is optimized with the Yoast SEO plugin v27.4 - https:\/\/yoast.com\/product\/yoast-seo-wordpress\/ -->\n<title>Motocross MXGP | Kevin Strijbos absent pour 6 semaines - Motocross - Enduro - Supermoto | MotocrossMag<\/title>\n<meta name=\"robots\" content=\"index, follow, max-snippet:-1, max-image-preview:large, max-video-preview:-1\" \/>\n<link rel=\"canonical\" href=\"https:\/\/fr.motocrossmag.be\/index.php\/2008\/04\/motocross-mxgp-kevin-strijbos-absent-pour-6-semaines\/\" \/>\n<meta property=\"og:locale\" content=\"fr_FR\" \/>\n<meta property=\"og:type\" content=\"article\" \/>\n<meta property=\"og:title\" content=\"Motocross MXGP | Kevin Strijbos absent pour 6 semaines - Motocross - Enduro - Supermoto | MotocrossMag\" \/>\n<meta property=\"og:description\" content=\"Kevin Strijbos traverse une p\u00e9riode noire pour le moment! Relevant &agrave; peine de blessure et connaissant pas mal de probl\u00e8mes avec sa moto, \u00ab\u00a0the New Kid\u00a0\u00bb s&rsquo;\u00e9tait bless\u00e9 au pouce [...]\" \/>\n<meta property=\"og:url\" content=\"https:\/\/fr.motocrossmag.be\/index.php\/2008\/04\/motocross-mxgp-kevin-strijbos-absent-pour-6-semaines\/\" \/>\n<meta property=\"og:site_name\" content=\"Motocross - Enduro - Supermoto | MotocrossMag\" \/>\n<meta property=\"article:published_time\" content=\"2008-04-28T15:48:11+00:00\" \/>\n<meta property=\"article:modified_time\" content=\"2008-04-28T19:58:35+00:00\" \/>\n<meta property=\"og:image\" content=\"http:\/\/www.motocrossmag.be\/wp-content\/uploads\/2008\/04\/news_strijbos.jpg\" \/>\n<meta name=\"author\" content=\"oliviere\" \/>\n<meta name=\"twitter:card\" content=\"summary_large_image\" \/>\n<meta name=\"twitter:label1\" content=\"\u00c9crit par\" \/>\n\t<meta name=\"twitter:data1\" content=\"oliviere\" \/>\n\t<meta name=\"twitter:label2\" content=\"Dur\u00e9e de lecture estim\u00e9e\" \/>\n\t<meta name=\"twitter:data2\" content=\"2 minutes\" \/>\n<script type=\"application\/ld+json\" class=\"yoast-schema-graph\">{\"@context\":\"https:\\\/\\\/schema.org\",\"@graph\":[{\"@type\":\"Article\",\"@id\":\"https:\\\/\\\/fr.motocrossmag.be\\\/index.php\\\/2008\\\/04\\\/motocross-mxgp-kevin-strijbos-absent-pour-6-semaines\\\/#article\",\"isPartOf\":{\"@id\":\"https:\\\/\\\/fr.motocrossmag.be\\\/index.php\\\/2008\\\/04\\\/motocross-mxgp-kevin-strijbos-absent-pour-6-semaines\\\/\"},\"author\":{\"name\":\"oliviere\",\"@id\":\"https:\\\/\\\/fr.motocrossmag.be\\\/#\\\/schema\\\/person\\\/11b47143d9f755babca2c9110e03235c\"},\"headline\":\"Motocross MXGP | Kevin Strijbos absent pour 6 semaines\",\"datePublished\":\"2008-04-28T15:48:11+00:00\",\"dateModified\":\"2008-04-28T19:58:35+00:00\",\"mainEntityOfPage\":{\"@id\":\"https:\\\/\\\/fr.motocrossmag.be\\\/index.php\\\/2008\\\/04\\\/motocross-mxgp-kevin-strijbos-absent-pour-6-semaines\\\/\"},\"wordCount\":328,\"commentCount\":0,\"image\":{\"@id\":\"https:\\\/\\\/fr.motocrossmag.be\\\/index.php\\\/2008\\\/04\\\/motocross-mxgp-kevin-strijbos-absent-pour-6-semaines\\\/#primaryimage\"},\"thumbnailUrl\":\"http:\\\/\\\/www.motocrossmag.be\\\/wp-content\\\/uploads\\\/2008\\\/04\\\/news_strijbos.jpg\",\"articleSection\":[\"Actualit\u00e9\",\"Motocross\",\"News\",\"News\"],\"inLanguage\":\"fr-FR\",\"potentialAction\":[{\"@type\":\"CommentAction\",\"name\":\"Comment\",\"target\":[\"https:\\\/\\\/fr.motocrossmag.be\\\/index.php\\\/2008\\\/04\\\/motocross-mxgp-kevin-strijbos-absent-pour-6-semaines\\\/#respond\"]}]},{\"@type\":\"WebPage\",\"@id\":\"https:\\\/\\\/fr.motocrossmag.be\\\/index.php\\\/2008\\\/04\\\/motocross-mxgp-kevin-strijbos-absent-pour-6-semaines\\\/\",\"url\":\"https:\\\/\\\/fr.motocrossmag.be\\\/index.php\\\/2008\\\/04\\\/motocross-mxgp-kevin-strijbos-absent-pour-6-semaines\\\/\",\"name\":\"Motocross MXGP | Kevin Strijbos absent pour 6 semaines - Motocross - Enduro - Supermoto | MotocrossMag\",\"isPartOf\":{\"@id\":\"https:\\\/\\\/fr.motocrossmag.be\\\/#website\"},\"primaryImageOfPage\":{\"@id\":\"https:\\\/\\\/fr.motocrossmag.be\\\/index.php\\\/2008\\\/04\\\/motocross-mxgp-kevin-strijbos-absent-pour-6-semaines\\\/#primaryimage\"},\"image\":{\"@id\":\"https:\\\/\\\/fr.motocrossmag.be\\\/index.php\\\/2008\\\/04\\\/motocross-mxgp-kevin-strijbos-absent-pour-6-semaines\\\/#primaryimage\"},\"thumbnailUrl\":\"http:\\\/\\\/www.motocrossmag.be\\\/wp-content\\\/uploads\\\/2008\\\/04\\\/news_strijbos.jpg\",\"datePublished\":\"2008-04-28T15:48:11+00:00\",\"dateModified\":\"2008-04-28T19:58:35+00:00\",\"author\":{\"@id\":\"https:\\\/\\\/fr.motocrossmag.be\\\/#\\\/schema\\\/person\\\/11b47143d9f755babca2c9110e03235c\"},\"breadcrumb\":{\"@id\":\"https:\\\/\\\/fr.motocrossmag.be\\\/index.php\\\/2008\\\/04\\\/motocross-mxgp-kevin-strijbos-absent-pour-6-semaines\\\/#breadcrumb\"},\"inLanguage\":\"fr-FR\",\"potentialAction\":[{\"@type\":\"ReadAction\",\"target\":[\"https:\\\/\\\/fr.motocrossmag.be\\\/index.php\\\/2008\\\/04\\\/motocross-mxgp-kevin-strijbos-absent-pour-6-semaines\\\/\"]}]},{\"@type\":\"ImageObject\",\"inLanguage\":\"fr-FR\",\"@id\":\"https:\\\/\\\/fr.motocrossmag.be\\\/index.php\\\/2008\\\/04\\\/motocross-mxgp-kevin-strijbos-absent-pour-6-semaines\\\/#primaryimage\",\"url\":\"http:\\\/\\\/www.motocrossmag.be\\\/wp-content\\\/uploads\\\/2008\\\/04\\\/news_strijbos.jpg\",\"contentUrl\":\"http:\\\/\\\/www.motocrossmag.be\\\/wp-content\\\/uploads\\\/2008\\\/04\\\/news_strijbos.jpg\"},{\"@type\":\"BreadcrumbList\",\"@id\":\"https:\\\/\\\/fr.motocrossmag.be\\\/index.php\\\/2008\\\/04\\\/motocross-mxgp-kevin-strijbos-absent-pour-6-semaines\\\/#breadcrumb\",\"itemListElement\":[{\"@type\":\"ListItem\",\"position\":1,\"name\":\"Accueil\",\"item\":\"https:\\\/\\\/fr.motocrossmag.be\\\/\"},{\"@type\":\"ListItem\",\"position\":2,\"name\":\"Motocross MXGP | Kevin Strijbos absent pour 6 semaines\"}]},{\"@type\":\"WebSite\",\"@id\":\"https:\\\/\\\/fr.motocrossmag.be\\\/#website\",\"url\":\"https:\\\/\\\/fr.motocrossmag.be\\\/\",\"name\":\"Motocross - Enduro - Supermoto | MotocrossMag\",\"description\":\"L&#039;actualit\u00e9 du motocross, de l&#039;enduro et du Supermoto en ligne!\",\"potentialAction\":[{\"@type\":\"SearchAction\",\"target\":{\"@type\":\"EntryPoint\",\"urlTemplate\":\"https:\\\/\\\/fr.motocrossmag.be\\\/?s={search_term_string}\"},\"query-input\":{\"@type\":\"PropertyValueSpecification\",\"valueRequired\":true,\"valueName\":\"search_term_string\"}}],\"inLanguage\":\"fr-FR\"},{\"@type\":\"Person\",\"@id\":\"https:\\\/\\\/fr.motocrossmag.be\\\/#\\\/schema\\\/person\\\/11b47143d9f755babca2c9110e03235c\",\"name\":\"oliviere\",\"image\":{\"@type\":\"ImageObject\",\"inLanguage\":\"fr-FR\",\"@id\":\"https:\\\/\\\/secure.gravatar.com\\\/avatar\\\/907069e0b81d119452040469e4a7501da1100f54f7f80180ce77bfab718288f6?s=96&d=mm&r=g\",\"url\":\"https:\\\/\\\/secure.gravatar.com\\\/avatar\\\/907069e0b81d119452040469e4a7501da1100f54f7f80180ce77bfab718288f6?s=96&d=mm&r=g\",\"contentUrl\":\"https:\\\/\\\/secure.gravatar.com\\\/avatar\\\/907069e0b81d119452040469e4a7501da1100f54f7f80180ce77bfab718288f6?s=96&d=mm&r=g\",\"caption\":\"oliviere\"},\"sameAs\":[\"http:\\\/\\\/www.motocrossmag.be\"],\"url\":\"https:\\\/\\\/fr.motocrossmag.be\\\/index.php\\\/author\\\/oliviere\\\/\"}]}<\/script>\n<!-- \/ Yoast SEO plugin. -->","yoast_head_json":{"title":"Motocross MXGP | Kevin Strijbos absent pour 6 semaines - Motocross - Enduro - Supermoto | MotocrossMag","robots":{"index":"index","follow":"follow","max-snippet":"max-snippet:-1","max-image-preview":"max-image-preview:large","max-video-preview":"max-video-preview:-1"},"canonical":"https:\/\/fr.motocrossmag.be\/index.php\/2008\/04\/motocross-mxgp-kevin-strijbos-absent-pour-6-semaines\/","og_locale":"fr_FR","og_type":"article","og_title":"Motocross MXGP | Kevin Strijbos absent pour 6 semaines - Motocross - Enduro - Supermoto | MotocrossMag","og_description":"Kevin Strijbos traverse une p\u00e9riode noire pour le moment! Relevant &agrave; peine de blessure et connaissant pas mal de probl\u00e8mes avec sa moto, \u00ab\u00a0the New Kid\u00a0\u00bb s&rsquo;\u00e9tait bless\u00e9 au pouce [...]","og_url":"https:\/\/fr.motocrossmag.be\/index.php\/2008\/04\/motocross-mxgp-kevin-strijbos-absent-pour-6-semaines\/","og_site_name":"Motocross - Enduro - Supermoto | MotocrossMag","article_published_time":"2008-04-28T15:48:11+00:00","article_modified_time":"2008-04-28T19:58:35+00:00","og_image":[{"url":"http:\/\/www.motocrossmag.be\/wp-content\/uploads\/2008\/04\/news_strijbos.jpg","type":"","width":"","height":""}],"author":"oliviere","twitter_card":"summary_large_image","twitter_misc":{"\u00c9crit par":"oliviere","Dur\u00e9e de lecture estim\u00e9e":"2 minutes"},"schema":{"@context":"https:\/\/schema.org","@graph":[{"@type":"Article","@id":"https:\/\/fr.motocrossmag.be\/index.php\/2008\/04\/motocross-mxgp-kevin-strijbos-absent-pour-6-semaines\/#article","isPartOf":{"@id":"https:\/\/fr.motocrossmag.be\/index.php\/2008\/04\/motocross-mxgp-kevin-strijbos-absent-pour-6-semaines\/"},"author":{"name":"oliviere","@id":"https:\/\/fr.motocrossmag.be\/#\/schema\/person\/11b47143d9f755babca2c9110e03235c"},"headline":"Motocross MXGP | Kevin Strijbos absent pour 6 semaines","datePublished":"2008-04-28T15:48:11+00:00","dateModified":"2008-04-28T19:58:35+00:00","mainEntityOfPage":{"@id":"https:\/\/fr.motocrossmag.be\/index.php\/2008\/04\/motocross-mxgp-kevin-strijbos-absent-pour-6-semaines\/"},"wordCount":328,"commentCount":0,"image":{"@id":"https:\/\/fr.motocrossmag.be\/index.php\/2008\/04\/motocross-mxgp-kevin-strijbos-absent-pour-6-semaines\/#primaryimage"},"thumbnailUrl":"http:\/\/www.motocrossmag.be\/wp-content\/uploads\/2008\/04\/news_strijbos.jpg","articleSection":["Actualit\u00e9","Motocross","News","News"],"inLanguage":"fr-FR","potentialAction":[{"@type":"CommentAction","name":"Comment","target":["https:\/\/fr.motocrossmag.be\/index.php\/2008\/04\/motocross-mxgp-kevin-strijbos-absent-pour-6-semaines\/#respond"]}]},{"@type":"WebPage","@id":"https:\/\/fr.motocrossmag.be\/index.php\/2008\/04\/motocross-mxgp-kevin-strijbos-absent-pour-6-semaines\/","url":"https:\/\/fr.motocrossmag.be\/index.php\/2008\/04\/motocross-mxgp-kevin-strijbos-absent-pour-6-semaines\/","name":"Motocross MXGP | Kevin Strijbos absent pour 6 semaines - Motocross - Enduro - Supermoto | MotocrossMag","isPartOf":{"@id":"https:\/\/fr.motocrossmag.be\/#website"},"primaryImageOfPage":{"@id":"https:\/\/fr.motocrossmag.be\/index.php\/2008\/04\/motocross-mxgp-kevin-strijbos-absent-pour-6-semaines\/#primaryimage"},"image":{"@id":"https:\/\/fr.motocrossmag.be\/index.php\/2008\/04\/motocross-mxgp-kevin-strijbos-absent-pour-6-semaines\/#primaryimage"},"thumbnailUrl":"http:\/\/www.motocrossmag.be\/wp-content\/uploads\/2008\/04\/news_strijbos.jpg","datePublished":"2008-04-28T15:48:11+00:00","dateModified":"2008-04-28T19:58:35+00:00","author":{"@id":"https:\/\/fr.motocrossmag.be\/#\/schema\/person\/11b47143d9f755babca2c9110e03235c"},"breadcrumb":{"@id":"https:\/\/fr.motocrossmag.be\/index.php\/2008\/04\/motocross-mxgp-kevin-strijbos-absent-pour-6-semaines\/#breadcrumb"},"inLanguage":"fr-FR","potentialAction":[{"@type":"ReadAction","target":["https:\/\/fr.motocrossmag.be\/index.php\/2008\/04\/motocross-mxgp-kevin-strijbos-absent-pour-6-semaines\/"]}]},{"@type":"ImageObject","inLanguage":"fr-FR","@id":"https:\/\/fr.motocrossmag.be\/index.php\/2008\/04\/motocross-mxgp-kevin-strijbos-absent-pour-6-semaines\/#primaryimage","url":"http:\/\/www.motocrossmag.be\/wp-content\/uploads\/2008\/04\/news_strijbos.jpg","contentUrl":"http:\/\/www.motocrossmag.be\/wp-content\/uploads\/2008\/04\/news_strijbos.jpg"},{"@type":"BreadcrumbList","@id":"https:\/\/fr.motocrossmag.be\/index.php\/2008\/04\/motocross-mxgp-kevin-strijbos-absent-pour-6-semaines\/#breadcrumb","itemListElement":[{"@type":"ListItem","position":1,"name":"Accueil","item":"https:\/\/fr.motocrossmag.be\/"},{"@type":"ListItem","position":2,"name":"Motocross MXGP | Kevin Strijbos absent pour 6 semaines"}]},{"@type":"WebSite","@id":"https:\/\/fr.motocrossmag.be\/#website","url":"https:\/\/fr.motocrossmag.be\/","name":"Motocross - Enduro - Supermoto | MotocrossMag","description":"L&#039;actualit\u00e9 du motocross, de l&#039;enduro et du Supermoto en ligne!","potentialAction":[{"@type":"SearchAction","target":{"@type":"EntryPoint","urlTemplate":"https:\/\/fr.motocrossmag.be\/?s={search_term_string}"},"query-input":{"@type":"PropertyValueSpecification","valueRequired":true,"valueName":"search_term_string"}}],"inLanguage":"fr-FR"},{"@type":"Person","@id":"https:\/\/fr.motocrossmag.be\/#\/schema\/person\/11b47143d9f755babca2c9110e03235c","name":"oliviere","image":{"@type":"ImageObject","inLanguage":"fr-FR","@id":"https:\/\/secure.gravatar.com\/avatar\/907069e0b81d119452040469e4a7501da1100f54f7f80180ce77bfab718288f6?s=96&d=mm&r=g","url":"https:\/\/secure.gravatar.com\/avatar\/907069e0b81d119452040469e4a7501da1100f54f7f80180ce77bfab718288f6?s=96&d=mm&r=g","contentUrl":"https:\/\/secure.gravatar.com\/avatar\/907069e0b81d119452040469e4a7501da1100f54f7f80180ce77bfab718288f6?s=96&d=mm&r=g","caption":"oliviere"},"sameAs":["http:\/\/www.motocrossmag.be"],"url":"https:\/\/fr.motocrossmag.be\/index.php\/author\/oliviere\/"}]}},"_links":{"self":[{"href":"https:\/\/fr.motocrossmag.be\/index.php\/wp-json\/wp\/v2\/posts\/539","targetHints":{"allow":["GET"]}}],"collection":[{"href":"https:\/\/fr.motocrossmag.be\/index.php\/wp-json\/wp\/v2\/posts"}],"about":[{"href":"https:\/\/fr.motocrossmag.be\/index.php\/wp-json\/wp\/v2\/types\/post"}],"author":[{"embeddable":true,"href":"https:\/\/fr.motocrossmag.be\/index.php\/wp-json\/wp\/v2\/users\/932"}],"replies":[{"embeddable":true,"href":"https:\/\/fr.motocrossmag.be\/index.php\/wp-json\/wp\/v2\/comments?post=539"}],"version-history":[{"count":0,"href":"https:\/\/fr.motocrossmag.be\/index.php\/wp-json\/wp\/v2\/posts\/539\/revisions"}],"wp:attachment":[{"href":"https:\/\/fr.motocrossmag.be\/index.php\/wp-json\/wp\/v2\/media?parent=539"}],"wp:term":[{"taxonomy":"category","embeddable":true,"href":"https:\/\/fr.motocrossmag.be\/index.php\/wp-json\/wp\/v2\/categories?post=539"},{"taxonomy":"post_tag","embeddable":true,"href":"https:\/\/fr.motocrossmag.be\/index.php\/wp-json\/wp\/v2\/tags?post=539"}],"curies":[{"name":"wp","href":"https:\/\/api.w.org\/{rel}","templated":true}]}}