{"id":56083,"date":"2017-02-14T23:05:47","date_gmt":"2017-02-14T22:05:47","guid":{"rendered":"http:\/\/fr.motocrossmag.be\/?p=56083"},"modified":"2017-02-14T23:05:47","modified_gmt":"2017-02-14T22:05:47","slug":"essayez-la-tm-85-minimotard-a-bilstain-ce-18-fevrier","status":"publish","type":"post","link":"https:\/\/fr.motocrossmag.be\/index.php\/2017\/02\/essayez-la-tm-85-minimotard-a-bilstain-ce-18-fevrier\/","title":{"rendered":"Essayez la TM 85 Minimotard \u00e0 Bilstain ce 18 f\u00e9vrier !"},"content":{"rendered":"<p><strong>TM Belgique et le concessionnaire Delpi Moto organisent cette saison un championnat Supermoto d\u00e9di\u00e9 aux jeunes de 10 \u00e0 15 ans : le TM Minimotard 85. Un challenge plac\u00e9 sous la houlette du sp\u00e9cialiste de la discipline Fr\u00e9d\u00e9ric Fiorentino et qui offre la possibilit\u00e9 \u00e0 25 champions en herbe de d\u00e9couvrir les joies du Supermoto dans les meilleures conditions qui soient.<\/strong><\/p>\n<p>&gt; <a href=\"http:\/\/fr.motocrossmag.be\/index.php\/2016\/12\/tm-minimotard-85-rendre-le-supermotard-accessible-aux-kids\/\" target=\"_blank\">En savoir plus sur le programme TM Minimotard<\/a><\/p>\n<p>Un encadrement pro sur 5 \u00e9preuves du championnat de Belgique, une finale grandiose dans le cadre du prestigieux Superbiker de Mettet, les conseils avis\u00e9s de Fred Fiorentino, des machines toutes identiques pr\u00e9par\u00e9es chez TM Belgique,&#8230; le tout pour un budget de 2500 \u20ac \u00e0 peine, voil\u00e0 ce que propose le programme TM Minimotard.<\/p>\n<p><img decoding=\"async\" class=\"lazyload alignnone size-medium wp-image-56098\" src=\"data:image\/svg+xml,%3Csvg%20xmlns%3D%27http%3A%2F%2Fwww.w3.org%2F2000%2Fsvg%27%20width%3D%27650%27%20height%3D%27365%27%20viewBox%3D%270%200%20650%20365%27%3E%3Crect%20width%3D%27650%27%20height%3D%27365%27%20fill-opacity%3D%220%22%2F%3E%3C%2Fsvg%3E\" data-orig-src=\"http:\/\/fr.motocrossmag.be\/wp-content\/uploads\/2017\/02\/tm-85-minimotard-650x365.jpg\" alt=\"\" width=\"650\" height=\"365\" \/><\/p>\n<p>Pr\u00eats \u00e0 vous laisser s\u00e9duire ? Rendez-vous ce samedi 18 f\u00e9vrier sur la piste du domaine de Bilstain pour y d\u00e9couvrir la TM SMX85cc et essayer la petite italienne en pr\u00e9sence de toute l&rsquo;\u00e9quipe du TM Minimotard et sous l&rsquo;oeil attentif de Fr\u00e9d\u00e9ric Fiorentino. L&rsquo;occasion de lever vos derni\u00e8res interrogations et de plonger de plain pied dans l&rsquo;aventure du challenge TM Minimotard !<\/p>\n<p><span class=\"_4n-j _3cht fsl\"><span style=\"color: #800000;\"><strong>En pratique<\/strong><\/span><\/span><\/p>\n<ul>\n<li><span class=\"_4n-j _3cht fsl\">Samedi 18 f\u00e9vrier 2017<\/span><\/li>\n<li><span class=\"_4n-j _3cht fsl\">De 10h \u00e0 12h00 et de 13h \u00e0 16h00<\/span><\/li>\n<li><span class=\"_4n-j _3cht fsl\">Domaine de Bilstain, <span class=\"_Xbe\">Au Pairon 65, 4831 Limbourg<\/span><\/span><\/li>\n<li><span class=\"_4n-j _3cht fsl\">Essai gratuit (si inscription au challenge)<\/span><\/li>\n<li><span class=\"_4n-j _3cht fsl\">Equipement supermoto recommand\u00e9 (casque, cuir, bottes et gants)<br \/>\nPour les crossmen, equipement cross autoris\u00e9<\/span><\/li>\n<li><span class=\"_4n-j _3cht fsl\">Veillez \u00e0 \u00eatre assur\u00e9 si vous n&rsquo;\u00eates pas couvert pas une licence en cours de validit\u00e9.<\/span><\/li>\n<li><span class=\"_4n-j _3cht fsl\"><span class=\"text_exposed_show\"><strong>R\u00e9servation par mail ou par t\u00e9l\u00e9phone<\/strong> :\n<p><a href=\"mailto:info@tmracing.be\">info@tmracing.be<\/a><br \/>\nBeno\u00eet: 0478-542 174\u00a0 &#8211; Michel: 0477-555 234 &#8211; Jo\u00ebl: 0497-402 151 &#8211; Fred: 0475-970 300<br \/>\n<\/span><\/span><\/li>\n<\/ul>\n<a href=\"https:\/\/www.facebook.com\/events\/1221184334602033\/\" class=\"su-button su-button-style-flat\" style=\"color:#FFFFFF;background-color:#e52e17;border-color:#b82513;border-radius:9px\" target=\"_blank\" rel=\"noopener noreferrer\"><span style=\"color:#FFFFFF;padding:8px 24px;font-size:18px;line-height:27px;border-color:#ed6d5d;border-radius:9px;text-shadow:none\"><i class=\"sui sui-facebook\" style=\"font-size:18px;color:#FFFFFF\"><\/i> Voir l&rsquo;\u00e9v\u00e9nement sur Facebook<\/span><\/a>\n","protected":false},"excerpt":{"rendered":"<p>TM Belgique et le concessionnaire Delpi Moto organisent cette saison un championnat Supermoto d\u00e9di\u00e9 aux jeunes de 10 \u00e0 15 ans : le TM Minimotard 85. Un challenge plac\u00e9 sous [&#8230;]<\/p>\n","protected":false},"author":932,"featured_media":56084,"comment_status":"open","ping_status":"closed","sticky":false,"template":"","format":"standard","meta":{"footnotes":""},"categories":[54,40,43,55,65,38],"tags":[],"class_list":["post-56083","post","type-post","status-publish","format-standard","has-post-thumbnail","hentry","category-actualite","category-fmb-supermoto","category-news-supermoto","category-news-actualite","category-slideshow","category-supermoto"],"yoast_head":"<!-- This site is optimized with the Yoast SEO plugin v27.4 - https:\/\/yoast.com\/product\/yoast-seo-wordpress\/ -->\n<title>Essayez la TM 85 Minimotard \u00e0 Bilstain ce 18 f\u00e9vrier ! - Motocross - Enduro - Supermoto | MotocrossMag<\/title>\n<meta name=\"robots\" content=\"index, follow, max-snippet:-1, max-image-preview:large, max-video-preview:-1\" \/>\n<link rel=\"canonical\" href=\"https:\/\/fr.motocrossmag.be\/index.php\/2017\/02\/essayez-la-tm-85-minimotard-a-bilstain-ce-18-fevrier\/\" \/>\n<meta property=\"og:locale\" content=\"fr_FR\" \/>\n<meta property=\"og:type\" content=\"article\" \/>\n<meta property=\"og:title\" content=\"Essayez la TM 85 Minimotard \u00e0 Bilstain ce 18 f\u00e9vrier ! - Motocross - Enduro - Supermoto | MotocrossMag\" \/>\n<meta property=\"og:description\" content=\"TM Belgique et le concessionnaire Delpi Moto organisent cette saison un championnat Supermoto d\u00e9di\u00e9 aux jeunes de 10 \u00e0 15 ans : le TM Minimotard 85. Un challenge plac\u00e9 sous [...]\" \/>\n<meta property=\"og:url\" content=\"https:\/\/fr.motocrossmag.be\/index.php\/2017\/02\/essayez-la-tm-85-minimotard-a-bilstain-ce-18-fevrier\/\" \/>\n<meta property=\"og:site_name\" content=\"Motocross - Enduro - Supermoto | MotocrossMag\" \/>\n<meta property=\"article:published_time\" content=\"2017-02-14T22:05:47+00:00\" \/>\n<meta property=\"og:image\" content=\"https:\/\/fr.motocrossmag.be\/wp-content\/uploads\/2017\/02\/tm-85-minimotard-action.jpg\" \/>\n\t<meta property=\"og:image:width\" content=\"650\" \/>\n\t<meta property=\"og:image:height\" content=\"431\" \/>\n\t<meta property=\"og:image:type\" content=\"image\/jpeg\" \/>\n<meta name=\"author\" content=\"oliviere\" \/>\n<meta name=\"twitter:card\" content=\"summary_large_image\" \/>\n<meta name=\"twitter:label1\" content=\"\u00c9crit par\" \/>\n\t<meta name=\"twitter:data1\" content=\"oliviere\" \/>\n\t<meta name=\"twitter:label2\" content=\"Dur\u00e9e de lecture estim\u00e9e\" \/>\n\t<meta name=\"twitter:data2\" content=\"1 minute\" \/>\n<script type=\"application\/ld+json\" class=\"yoast-schema-graph\">{\"@context\":\"https:\\\/\\\/schema.org\",\"@graph\":[{\"@type\":\"Article\",\"@id\":\"https:\\\/\\\/fr.motocrossmag.be\\\/index.php\\\/2017\\\/02\\\/essayez-la-tm-85-minimotard-a-bilstain-ce-18-fevrier\\\/#article\",\"isPartOf\":{\"@id\":\"https:\\\/\\\/fr.motocrossmag.be\\\/index.php\\\/2017\\\/02\\\/essayez-la-tm-85-minimotard-a-bilstain-ce-18-fevrier\\\/\"},\"author\":{\"name\":\"oliviere\",\"@id\":\"https:\\\/\\\/fr.motocrossmag.be\\\/#\\\/schema\\\/person\\\/11b47143d9f755babca2c9110e03235c\"},\"headline\":\"Essayez la TM 85 Minimotard \u00e0 Bilstain ce 18 f\u00e9vrier !\",\"datePublished\":\"2017-02-14T22:05:47+00:00\",\"mainEntityOfPage\":{\"@id\":\"https:\\\/\\\/fr.motocrossmag.be\\\/index.php\\\/2017\\\/02\\\/essayez-la-tm-85-minimotard-a-bilstain-ce-18-fevrier\\\/\"},\"wordCount\":306,\"commentCount\":0,\"image\":{\"@id\":\"https:\\\/\\\/fr.motocrossmag.be\\\/index.php\\\/2017\\\/02\\\/essayez-la-tm-85-minimotard-a-bilstain-ce-18-fevrier\\\/#primaryimage\"},\"thumbnailUrl\":\"https:\\\/\\\/fr.motocrossmag.be\\\/wp-content\\\/uploads\\\/2017\\\/02\\\/tm-85-minimotard-action.jpg\",\"articleSection\":[\"Actualit\u00e9\",\"FMB\",\"News\",\"News\",\"Slideshow\",\"Supermoto\"],\"inLanguage\":\"fr-FR\",\"potentialAction\":[{\"@type\":\"CommentAction\",\"name\":\"Comment\",\"target\":[\"https:\\\/\\\/fr.motocrossmag.be\\\/index.php\\\/2017\\\/02\\\/essayez-la-tm-85-minimotard-a-bilstain-ce-18-fevrier\\\/#respond\"]}]},{\"@type\":\"WebPage\",\"@id\":\"https:\\\/\\\/fr.motocrossmag.be\\\/index.php\\\/2017\\\/02\\\/essayez-la-tm-85-minimotard-a-bilstain-ce-18-fevrier\\\/\",\"url\":\"https:\\\/\\\/fr.motocrossmag.be\\\/index.php\\\/2017\\\/02\\\/essayez-la-tm-85-minimotard-a-bilstain-ce-18-fevrier\\\/\",\"name\":\"Essayez la TM 85 Minimotard \u00e0 Bilstain ce 18 f\u00e9vrier ! - Motocross - Enduro - Supermoto | MotocrossMag\",\"isPartOf\":{\"@id\":\"https:\\\/\\\/fr.motocrossmag.be\\\/#website\"},\"primaryImageOfPage\":{\"@id\":\"https:\\\/\\\/fr.motocrossmag.be\\\/index.php\\\/2017\\\/02\\\/essayez-la-tm-85-minimotard-a-bilstain-ce-18-fevrier\\\/#primaryimage\"},\"image\":{\"@id\":\"https:\\\/\\\/fr.motocrossmag.be\\\/index.php\\\/2017\\\/02\\\/essayez-la-tm-85-minimotard-a-bilstain-ce-18-fevrier\\\/#primaryimage\"},\"thumbnailUrl\":\"https:\\\/\\\/fr.motocrossmag.be\\\/wp-content\\\/uploads\\\/2017\\\/02\\\/tm-85-minimotard-action.jpg\",\"datePublished\":\"2017-02-14T22:05:47+00:00\",\"author\":{\"@id\":\"https:\\\/\\\/fr.motocrossmag.be\\\/#\\\/schema\\\/person\\\/11b47143d9f755babca2c9110e03235c\"},\"breadcrumb\":{\"@id\":\"https:\\\/\\\/fr.motocrossmag.be\\\/index.php\\\/2017\\\/02\\\/essayez-la-tm-85-minimotard-a-bilstain-ce-18-fevrier\\\/#breadcrumb\"},\"inLanguage\":\"fr-FR\",\"potentialAction\":[{\"@type\":\"ReadAction\",\"target\":[\"https:\\\/\\\/fr.motocrossmag.be\\\/index.php\\\/2017\\\/02\\\/essayez-la-tm-85-minimotard-a-bilstain-ce-18-fevrier\\\/\"]}]},{\"@type\":\"ImageObject\",\"inLanguage\":\"fr-FR\",\"@id\":\"https:\\\/\\\/fr.motocrossmag.be\\\/index.php\\\/2017\\\/02\\\/essayez-la-tm-85-minimotard-a-bilstain-ce-18-fevrier\\\/#primaryimage\",\"url\":\"https:\\\/\\\/fr.motocrossmag.be\\\/wp-content\\\/uploads\\\/2017\\\/02\\\/tm-85-minimotard-action.jpg\",\"contentUrl\":\"https:\\\/\\\/fr.motocrossmag.be\\\/wp-content\\\/uploads\\\/2017\\\/02\\\/tm-85-minimotard-action.jpg\",\"width\":650,\"height\":431},{\"@type\":\"BreadcrumbList\",\"@id\":\"https:\\\/\\\/fr.motocrossmag.be\\\/index.php\\\/2017\\\/02\\\/essayez-la-tm-85-minimotard-a-bilstain-ce-18-fevrier\\\/#breadcrumb\",\"itemListElement\":[{\"@type\":\"ListItem\",\"position\":1,\"name\":\"Accueil\",\"item\":\"https:\\\/\\\/fr.motocrossmag.be\\\/\"},{\"@type\":\"ListItem\",\"position\":2,\"name\":\"Essayez la TM 85 Minimotard \u00e0 Bilstain ce 18 f\u00e9vrier !\"}]},{\"@type\":\"WebSite\",\"@id\":\"https:\\\/\\\/fr.motocrossmag.be\\\/#website\",\"url\":\"https:\\\/\\\/fr.motocrossmag.be\\\/\",\"name\":\"Motocross - Enduro - Supermoto | MotocrossMag\",\"description\":\"L&#039;actualit\u00e9 du motocross, de l&#039;enduro et du Supermoto en ligne!\",\"potentialAction\":[{\"@type\":\"SearchAction\",\"target\":{\"@type\":\"EntryPoint\",\"urlTemplate\":\"https:\\\/\\\/fr.motocrossmag.be\\\/?s={search_term_string}\"},\"query-input\":{\"@type\":\"PropertyValueSpecification\",\"valueRequired\":true,\"valueName\":\"search_term_string\"}}],\"inLanguage\":\"fr-FR\"},{\"@type\":\"Person\",\"@id\":\"https:\\\/\\\/fr.motocrossmag.be\\\/#\\\/schema\\\/person\\\/11b47143d9f755babca2c9110e03235c\",\"name\":\"oliviere\",\"image\":{\"@type\":\"ImageObject\",\"inLanguage\":\"fr-FR\",\"@id\":\"https:\\\/\\\/secure.gravatar.com\\\/avatar\\\/907069e0b81d119452040469e4a7501da1100f54f7f80180ce77bfab718288f6?s=96&d=mm&r=g\",\"url\":\"https:\\\/\\\/secure.gravatar.com\\\/avatar\\\/907069e0b81d119452040469e4a7501da1100f54f7f80180ce77bfab718288f6?s=96&d=mm&r=g\",\"contentUrl\":\"https:\\\/\\\/secure.gravatar.com\\\/avatar\\\/907069e0b81d119452040469e4a7501da1100f54f7f80180ce77bfab718288f6?s=96&d=mm&r=g\",\"caption\":\"oliviere\"},\"sameAs\":[\"http:\\\/\\\/www.motocrossmag.be\"],\"url\":\"https:\\\/\\\/fr.motocrossmag.be\\\/index.php\\\/author\\\/oliviere\\\/\"}]}<\/script>\n<!-- \/ Yoast SEO plugin. -->","yoast_head_json":{"title":"Essayez la TM 85 Minimotard \u00e0 Bilstain ce 18 f\u00e9vrier ! - Motocross - Enduro - Supermoto | MotocrossMag","robots":{"index":"index","follow":"follow","max-snippet":"max-snippet:-1","max-image-preview":"max-image-preview:large","max-video-preview":"max-video-preview:-1"},"canonical":"https:\/\/fr.motocrossmag.be\/index.php\/2017\/02\/essayez-la-tm-85-minimotard-a-bilstain-ce-18-fevrier\/","og_locale":"fr_FR","og_type":"article","og_title":"Essayez la TM 85 Minimotard \u00e0 Bilstain ce 18 f\u00e9vrier ! - Motocross - Enduro - Supermoto | MotocrossMag","og_description":"TM Belgique et le concessionnaire Delpi Moto organisent cette saison un championnat Supermoto d\u00e9di\u00e9 aux jeunes de 10 \u00e0 15 ans : le TM Minimotard 85. Un challenge plac\u00e9 sous [...]","og_url":"https:\/\/fr.motocrossmag.be\/index.php\/2017\/02\/essayez-la-tm-85-minimotard-a-bilstain-ce-18-fevrier\/","og_site_name":"Motocross - Enduro - Supermoto | MotocrossMag","article_published_time":"2017-02-14T22:05:47+00:00","og_image":[{"width":650,"height":431,"url":"https:\/\/fr.motocrossmag.be\/wp-content\/uploads\/2017\/02\/tm-85-minimotard-action.jpg","type":"image\/jpeg"}],"author":"oliviere","twitter_card":"summary_large_image","twitter_misc":{"\u00c9crit par":"oliviere","Dur\u00e9e de lecture estim\u00e9e":"1 minute"},"schema":{"@context":"https:\/\/schema.org","@graph":[{"@type":"Article","@id":"https:\/\/fr.motocrossmag.be\/index.php\/2017\/02\/essayez-la-tm-85-minimotard-a-bilstain-ce-18-fevrier\/#article","isPartOf":{"@id":"https:\/\/fr.motocrossmag.be\/index.php\/2017\/02\/essayez-la-tm-85-minimotard-a-bilstain-ce-18-fevrier\/"},"author":{"name":"oliviere","@id":"https:\/\/fr.motocrossmag.be\/#\/schema\/person\/11b47143d9f755babca2c9110e03235c"},"headline":"Essayez la TM 85 Minimotard \u00e0 Bilstain ce 18 f\u00e9vrier !","datePublished":"2017-02-14T22:05:47+00:00","mainEntityOfPage":{"@id":"https:\/\/fr.motocrossmag.be\/index.php\/2017\/02\/essayez-la-tm-85-minimotard-a-bilstain-ce-18-fevrier\/"},"wordCount":306,"commentCount":0,"image":{"@id":"https:\/\/fr.motocrossmag.be\/index.php\/2017\/02\/essayez-la-tm-85-minimotard-a-bilstain-ce-18-fevrier\/#primaryimage"},"thumbnailUrl":"https:\/\/fr.motocrossmag.be\/wp-content\/uploads\/2017\/02\/tm-85-minimotard-action.jpg","articleSection":["Actualit\u00e9","FMB","News","News","Slideshow","Supermoto"],"inLanguage":"fr-FR","potentialAction":[{"@type":"CommentAction","name":"Comment","target":["https:\/\/fr.motocrossmag.be\/index.php\/2017\/02\/essayez-la-tm-85-minimotard-a-bilstain-ce-18-fevrier\/#respond"]}]},{"@type":"WebPage","@id":"https:\/\/fr.motocrossmag.be\/index.php\/2017\/02\/essayez-la-tm-85-minimotard-a-bilstain-ce-18-fevrier\/","url":"https:\/\/fr.motocrossmag.be\/index.php\/2017\/02\/essayez-la-tm-85-minimotard-a-bilstain-ce-18-fevrier\/","name":"Essayez la TM 85 Minimotard \u00e0 Bilstain ce 18 f\u00e9vrier ! - Motocross - Enduro - Supermoto | MotocrossMag","isPartOf":{"@id":"https:\/\/fr.motocrossmag.be\/#website"},"primaryImageOfPage":{"@id":"https:\/\/fr.motocrossmag.be\/index.php\/2017\/02\/essayez-la-tm-85-minimotard-a-bilstain-ce-18-fevrier\/#primaryimage"},"image":{"@id":"https:\/\/fr.motocrossmag.be\/index.php\/2017\/02\/essayez-la-tm-85-minimotard-a-bilstain-ce-18-fevrier\/#primaryimage"},"thumbnailUrl":"https:\/\/fr.motocrossmag.be\/wp-content\/uploads\/2017\/02\/tm-85-minimotard-action.jpg","datePublished":"2017-02-14T22:05:47+00:00","author":{"@id":"https:\/\/fr.motocrossmag.be\/#\/schema\/person\/11b47143d9f755babca2c9110e03235c"},"breadcrumb":{"@id":"https:\/\/fr.motocrossmag.be\/index.php\/2017\/02\/essayez-la-tm-85-minimotard-a-bilstain-ce-18-fevrier\/#breadcrumb"},"inLanguage":"fr-FR","potentialAction":[{"@type":"ReadAction","target":["https:\/\/fr.motocrossmag.be\/index.php\/2017\/02\/essayez-la-tm-85-minimotard-a-bilstain-ce-18-fevrier\/"]}]},{"@type":"ImageObject","inLanguage":"fr-FR","@id":"https:\/\/fr.motocrossmag.be\/index.php\/2017\/02\/essayez-la-tm-85-minimotard-a-bilstain-ce-18-fevrier\/#primaryimage","url":"https:\/\/fr.motocrossmag.be\/wp-content\/uploads\/2017\/02\/tm-85-minimotard-action.jpg","contentUrl":"https:\/\/fr.motocrossmag.be\/wp-content\/uploads\/2017\/02\/tm-85-minimotard-action.jpg","width":650,"height":431},{"@type":"BreadcrumbList","@id":"https:\/\/fr.motocrossmag.be\/index.php\/2017\/02\/essayez-la-tm-85-minimotard-a-bilstain-ce-18-fevrier\/#breadcrumb","itemListElement":[{"@type":"ListItem","position":1,"name":"Accueil","item":"https:\/\/fr.motocrossmag.be\/"},{"@type":"ListItem","position":2,"name":"Essayez la TM 85 Minimotard \u00e0 Bilstain ce 18 f\u00e9vrier !"}]},{"@type":"WebSite","@id":"https:\/\/fr.motocrossmag.be\/#website","url":"https:\/\/fr.motocrossmag.be\/","name":"Motocross - Enduro - Supermoto | MotocrossMag","description":"L&#039;actualit\u00e9 du motocross, de l&#039;enduro et du Supermoto en ligne!","potentialAction":[{"@type":"SearchAction","target":{"@type":"EntryPoint","urlTemplate":"https:\/\/fr.motocrossmag.be\/?s={search_term_string}"},"query-input":{"@type":"PropertyValueSpecification","valueRequired":true,"valueName":"search_term_string"}}],"inLanguage":"fr-FR"},{"@type":"Person","@id":"https:\/\/fr.motocrossmag.be\/#\/schema\/person\/11b47143d9f755babca2c9110e03235c","name":"oliviere","image":{"@type":"ImageObject","inLanguage":"fr-FR","@id":"https:\/\/secure.gravatar.com\/avatar\/907069e0b81d119452040469e4a7501da1100f54f7f80180ce77bfab718288f6?s=96&d=mm&r=g","url":"https:\/\/secure.gravatar.com\/avatar\/907069e0b81d119452040469e4a7501da1100f54f7f80180ce77bfab718288f6?s=96&d=mm&r=g","contentUrl":"https:\/\/secure.gravatar.com\/avatar\/907069e0b81d119452040469e4a7501da1100f54f7f80180ce77bfab718288f6?s=96&d=mm&r=g","caption":"oliviere"},"sameAs":["http:\/\/www.motocrossmag.be"],"url":"https:\/\/fr.motocrossmag.be\/index.php\/author\/oliviere\/"}]}},"_links":{"self":[{"href":"https:\/\/fr.motocrossmag.be\/index.php\/wp-json\/wp\/v2\/posts\/56083","targetHints":{"allow":["GET"]}}],"collection":[{"href":"https:\/\/fr.motocrossmag.be\/index.php\/wp-json\/wp\/v2\/posts"}],"about":[{"href":"https:\/\/fr.motocrossmag.be\/index.php\/wp-json\/wp\/v2\/types\/post"}],"author":[{"embeddable":true,"href":"https:\/\/fr.motocrossmag.be\/index.php\/wp-json\/wp\/v2\/users\/932"}],"replies":[{"embeddable":true,"href":"https:\/\/fr.motocrossmag.be\/index.php\/wp-json\/wp\/v2\/comments?post=56083"}],"version-history":[{"count":2,"href":"https:\/\/fr.motocrossmag.be\/index.php\/wp-json\/wp\/v2\/posts\/56083\/revisions"}],"predecessor-version":[{"id":56099,"href":"https:\/\/fr.motocrossmag.be\/index.php\/wp-json\/wp\/v2\/posts\/56083\/revisions\/56099"}],"wp:featuredmedia":[{"embeddable":true,"href":"https:\/\/fr.motocrossmag.be\/index.php\/wp-json\/wp\/v2\/media\/56084"}],"wp:attachment":[{"href":"https:\/\/fr.motocrossmag.be\/index.php\/wp-json\/wp\/v2\/media?parent=56083"}],"wp:term":[{"taxonomy":"category","embeddable":true,"href":"https:\/\/fr.motocrossmag.be\/index.php\/wp-json\/wp\/v2\/categories?post=56083"},{"taxonomy":"post_tag","embeddable":true,"href":"https:\/\/fr.motocrossmag.be\/index.php\/wp-json\/wp\/v2\/tags?post=56083"}],"curies":[{"name":"wp","href":"https:\/\/api.w.org\/{rel}","templated":true}]}}