{"id":567,"date":"2008-05-01T21:01:28","date_gmt":"2008-05-01T20:01:28","guid":{"rendered":"http:\/\/www.motocrossmag.be\/2008\/05\/01\/motocross-international-joel-roelants-sur-le-podium-a-rhenen\/"},"modified":"2008-05-01T21:14:20","modified_gmt":"2008-05-01T20:14:20","slug":"motocross-international-joel-roelants-sur-le-podium-a-rhenen","status":"publish","type":"post","link":"https:\/\/fr.motocrossmag.be\/index.php\/2008\/05\/motocross-international-joel-roelants-sur-le-podium-a-rhenen\/","title":{"rendered":"Motocross international | Jo\u00ebl Roelants sur le podium &agrave; Rhenen"},"content":{"rendered":"<p>Plusieurs de nos compatriotes ont pris part ce jeudi 1er mai &agrave; la 3\u00e8me manche du championnat hollandais de motocross, disput\u00e9e sur le circuit de Rhenen.<\/p>\n<p>En MX2, Jo\u00ebl Roelants (2+5) a \u00e9t\u00e9 notre meilleur repr\u00e9sentant et termine sur la derni\u00e8re marche du podium derri\u00e8re Erik Eggens (3+2) et l&rsquo;intouchable Tyla Rattray, vainqueur facile des 2 manches. Notons que Roelants \u00e9tait &agrave; nouveau second dans la deuxi\u00e8me manche mais a chut\u00e9 dans les derni\u00e8res minutes de course.<br \/>\nJ\u00e9r\u00e9my Van Horebeek termine quant &agrave; lui par deux fois &agrave; la 4\u00e8me place.<\/p>\n<p><img class=\"lazyload\" decoding=\"async\" src=\"data:image\/gif;base64,R0lGODlhAQABAAAAACH5BAEKAAEALAAAAAABAAEAAAICTAEAOw==\" data-orig-src=\"http:\/\/www.motocrossmag.be\/wp-content\/uploads\/2008\/05\/rattray.jpg\" alt=\"Tyla Rattray s\u00e2\u20ac\u2122est impos\u00e9 facilement dans les 2 manches &agrave; Rhenen!\" \/><\/p>\n<p>En MX1, Tanel Leok (1+2) s&rsquo;impose devant Marc De Reuver (3+1) et Aigar Leok (2+3), ce dernier menant d\u00e9sormais le classement provisoire du championnat.<br \/>\nEn premi\u00e8re manche, notre compatriote Danny Theybers (4+7) s&rsquo;est mis en \u00e9vidence en prenant la 4\u00e8me place, tandis que Kristof Salaets faisait de m\u00eame dans la seconde. Tom De Belder et Tom Van Loon sont eux aussi parvenus &agrave; se hisser dans le top-10.<\/p>\n<p>Chez les 85cc, Jens Gettenman a port\u00e9 fi\u00e8rement les couleurs belges jusqu&rsquo;&agrave; une 4\u00e8me place, derri\u00e8re le Britannique Max Anstie, vainqueur des 2 manches du jour, et les Hollandais Donny Bastemeijer et Jeffrey Herlings, le leader du championnat.<br \/>\n<strong> <\/strong><\/p>\n<p><strong>R\u00e9sultats 85cc<\/strong><\/p>\n<p><strong>Manche 1 <\/strong><\/p>\n<p>1 Max Anstie GB KTM<br \/>\n2 Jeffrey Herlings NL Suzuki<br \/>\n3 Donny Bastemeijer NL Honda<br \/>\n4 Jens Gettenman B Yamaha<br \/>\n5 Robert Justs Let Suzuki<\/p>\n<p><strong>Manche 2<\/strong><\/p>\n<p>1 Max Anstie GB KTM<br \/>\n2 Donny Bastemeijer NL Honda<br \/>\n3 Jeffrey Herlings NL Suzuki<br \/>\n4 Jens Gettenman B Yamaha<br \/>\n5 Robert Justs Let Suzuki<\/p>\n<p><strong>Podium 85cc<\/strong><\/p>\n<p>1 Max Anstie GB KTM 100<br \/>\n2 Donny Bastemeijer NL Honda 86<br \/>\n3 Jeffrey Herlings NL Suzuki 86<br \/>\n<strong><br \/>\nR\u00e9sultats MX2<\/strong><\/p>\n<p><strong><strong><strong>Manche 1<\/strong><\/strong><\/strong><\/p>\n<p>1 Tyla Rattray Z-A KTM<br \/>\n2 Joel Roelants B KTM<br \/>\n3 Erik Eggens NL Suzuki<br \/>\n4 Jeremy Vanhorebeek B KTM<br \/>\n5 Wyatt Avis Z-A Honda<br \/>\n6 Gert Krestinov Est KTM<br \/>\n7 Rui Goncalves Por KTM<br \/>\n8 Evgeny Bobrishev Rus Yamaha<br \/>\n9 Shannon Terreblanche Z-A Suzuki<br \/>\n10 Rob van Vijfeijken NL Yamaha<\/p>\n<p><strong>Manche 2<\/strong><\/p>\n<p>1 Tyla Rattray Z-A KTM<br \/>\n2 Erik Eggens NL Suzuki<br \/>\n3 Rui Goncalves Por KTM<br \/>\n4 Jeremy Vanhorebeek B KTM<br \/>\n5 Joel Roelants B KTM<br \/>\n6 Shannon Terreblanche Z-A Suzuki<br \/>\n7 Dennis Verbruggen NL Yamaha<br \/>\n8 Jordi Paez NL Honda<br \/>\n9 Gert Krestinov Est KTM<br \/>\n10 Rob van Vijfeijken NL Yamaha<\/p>\n<p><strong>Podium MX2<\/strong><\/p>\n<p>1 Tyla Rattray Z-A KTM 100<br \/>\n2 Erik Eggens NL Suzuki 86<br \/>\n3 Joel Roelants B KTM 81<\/p>\n<p><strong>R\u00e9sultats MX1<\/strong><\/p>\n<p><strong>Manche 1 <\/strong><\/p>\n<p>1 Tanel Leok Est Kawasaki<br \/>\n2 Aigar Leok Est Yamaha<br \/>\n3 Marc de Reuver NL Honda<br \/>\n4 Danny Theybers B Suzuki<br \/>\n5 William Saris NL Yamaha<br \/>\n6 Jan van Hastenberg NL Honda<br \/>\n7 Patrick Roos NL KTM<br \/>\n8 Anne Advokaat NL Honda<br \/>\n9 Tom de Belder B Honda<br \/>\n10 Tom van Loon B Yamaha<\/p>\n<p><strong>Manche 2<br \/>\n<\/strong><br \/>\n1 Marc de Reuver NL Honda<br \/>\n2 Tanel Leok Est Kawasaki<br \/>\n3 Aigar Leok Est Yamaha<br \/>\n4 Kristof Salaets B Honda<br \/>\n5 Patrick Roos NL KTM<br \/>\n6 Lauris Freibergs Let Yamaha<br \/>\n7 Danny Theybers B Suzuki<br \/>\n8 William Saris NL Yamaha<br \/>\n9 Jurgen van Nooten B KTM<br \/>\n10 Tom van Loon B Yamaha<br \/>\n<strong><br \/>\nPodium MX1<\/strong><\/p>\n<p>1 Tanel Leok Est Kawasaki 95<br \/>\n2 Marc de Reuver NL Honda 91<br \/>\n3 Aigar Leok Est Yamaha 86<\/p>\n","protected":false},"excerpt":{"rendered":"<p>Plusieurs de nos compatriotes ont pris part ce jeudi 1er mai &agrave; la 3\u00e8me manche du championnat hollandais de motocross, disput\u00e9e sur le circuit de Rhenen. En MX2, Jo\u00ebl Roelants [&#8230;]<\/p>\n","protected":false},"author":932,"featured_media":0,"comment_status":"open","ping_status":"open","sticky":false,"template":"","format":"standard","meta":{"footnotes":""},"categories":[54,4,5,55],"tags":[],"class_list":["post-567","post","type-post","status-publish","format-standard","hentry","category-actualite","category-motocross","category-news","category-news-actualite"],"yoast_head":"<!-- This site is optimized with the Yoast SEO plugin v27.4 - https:\/\/yoast.com\/product\/yoast-seo-wordpress\/ -->\n<title>Motocross international | Jo\u00ebl Roelants sur le podium &agrave; Rhenen - Motocross - Enduro - Supermoto | MotocrossMag<\/title>\n<meta name=\"robots\" content=\"index, follow, max-snippet:-1, max-image-preview:large, max-video-preview:-1\" \/>\n<link rel=\"canonical\" href=\"https:\/\/fr.motocrossmag.be\/index.php\/2008\/05\/motocross-international-joel-roelants-sur-le-podium-a-rhenen\/\" \/>\n<meta property=\"og:locale\" content=\"fr_FR\" \/>\n<meta property=\"og:type\" content=\"article\" \/>\n<meta property=\"og:title\" content=\"Motocross international | Jo\u00ebl Roelants sur le podium &agrave; Rhenen - Motocross - Enduro - Supermoto | MotocrossMag\" \/>\n<meta property=\"og:description\" content=\"Plusieurs de nos compatriotes ont pris part ce jeudi 1er mai &agrave; la 3\u00e8me manche du championnat hollandais de motocross, disput\u00e9e sur le circuit de Rhenen. En MX2, Jo\u00ebl Roelants [...]\" \/>\n<meta property=\"og:url\" content=\"https:\/\/fr.motocrossmag.be\/index.php\/2008\/05\/motocross-international-joel-roelants-sur-le-podium-a-rhenen\/\" \/>\n<meta property=\"og:site_name\" content=\"Motocross - Enduro - Supermoto | MotocrossMag\" \/>\n<meta property=\"article:published_time\" content=\"2008-05-01T20:01:28+00:00\" \/>\n<meta property=\"article:modified_time\" content=\"2008-05-01T20:14:20+00:00\" \/>\n<meta property=\"og:image\" content=\"http:\/\/www.motocrossmag.be\/wp-content\/uploads\/2008\/05\/rattray.jpg\" \/>\n<meta name=\"author\" content=\"oliviere\" \/>\n<meta name=\"twitter:card\" content=\"summary_large_image\" \/>\n<meta name=\"twitter:label1\" content=\"\u00c9crit par\" \/>\n\t<meta name=\"twitter:data1\" content=\"oliviere\" \/>\n\t<meta name=\"twitter:label2\" content=\"Dur\u00e9e de lecture estim\u00e9e\" \/>\n\t<meta name=\"twitter:data2\" content=\"2 minutes\" \/>\n<script type=\"application\/ld+json\" class=\"yoast-schema-graph\">{\"@context\":\"https:\\\/\\\/schema.org\",\"@graph\":[{\"@type\":\"Article\",\"@id\":\"https:\\\/\\\/fr.motocrossmag.be\\\/index.php\\\/2008\\\/05\\\/motocross-international-joel-roelants-sur-le-podium-a-rhenen\\\/#article\",\"isPartOf\":{\"@id\":\"https:\\\/\\\/fr.motocrossmag.be\\\/index.php\\\/2008\\\/05\\\/motocross-international-joel-roelants-sur-le-podium-a-rhenen\\\/\"},\"author\":{\"name\":\"oliviere\",\"@id\":\"https:\\\/\\\/fr.motocrossmag.be\\\/#\\\/schema\\\/person\\\/11b47143d9f755babca2c9110e03235c\"},\"headline\":\"Motocross international | Jo\u00ebl Roelants sur le podium &agrave; Rhenen\",\"datePublished\":\"2008-05-01T20:01:28+00:00\",\"dateModified\":\"2008-05-01T20:14:20+00:00\",\"mainEntityOfPage\":{\"@id\":\"https:\\\/\\\/fr.motocrossmag.be\\\/index.php\\\/2008\\\/05\\\/motocross-international-joel-roelants-sur-le-podium-a-rhenen\\\/\"},\"wordCount\":484,\"commentCount\":0,\"image\":{\"@id\":\"https:\\\/\\\/fr.motocrossmag.be\\\/index.php\\\/2008\\\/05\\\/motocross-international-joel-roelants-sur-le-podium-a-rhenen\\\/#primaryimage\"},\"thumbnailUrl\":\"http:\\\/\\\/www.motocrossmag.be\\\/wp-content\\\/uploads\\\/2008\\\/05\\\/rattray.jpg\",\"articleSection\":[\"Actualit\u00e9\",\"Motocross\",\"News\",\"News\"],\"inLanguage\":\"fr-FR\",\"potentialAction\":[{\"@type\":\"CommentAction\",\"name\":\"Comment\",\"target\":[\"https:\\\/\\\/fr.motocrossmag.be\\\/index.php\\\/2008\\\/05\\\/motocross-international-joel-roelants-sur-le-podium-a-rhenen\\\/#respond\"]}]},{\"@type\":\"WebPage\",\"@id\":\"https:\\\/\\\/fr.motocrossmag.be\\\/index.php\\\/2008\\\/05\\\/motocross-international-joel-roelants-sur-le-podium-a-rhenen\\\/\",\"url\":\"https:\\\/\\\/fr.motocrossmag.be\\\/index.php\\\/2008\\\/05\\\/motocross-international-joel-roelants-sur-le-podium-a-rhenen\\\/\",\"name\":\"Motocross international | Jo\u00ebl Roelants sur le podium &agrave; Rhenen - Motocross - Enduro - Supermoto | MotocrossMag\",\"isPartOf\":{\"@id\":\"https:\\\/\\\/fr.motocrossmag.be\\\/#website\"},\"primaryImageOfPage\":{\"@id\":\"https:\\\/\\\/fr.motocrossmag.be\\\/index.php\\\/2008\\\/05\\\/motocross-international-joel-roelants-sur-le-podium-a-rhenen\\\/#primaryimage\"},\"image\":{\"@id\":\"https:\\\/\\\/fr.motocrossmag.be\\\/index.php\\\/2008\\\/05\\\/motocross-international-joel-roelants-sur-le-podium-a-rhenen\\\/#primaryimage\"},\"thumbnailUrl\":\"http:\\\/\\\/www.motocrossmag.be\\\/wp-content\\\/uploads\\\/2008\\\/05\\\/rattray.jpg\",\"datePublished\":\"2008-05-01T20:01:28+00:00\",\"dateModified\":\"2008-05-01T20:14:20+00:00\",\"author\":{\"@id\":\"https:\\\/\\\/fr.motocrossmag.be\\\/#\\\/schema\\\/person\\\/11b47143d9f755babca2c9110e03235c\"},\"breadcrumb\":{\"@id\":\"https:\\\/\\\/fr.motocrossmag.be\\\/index.php\\\/2008\\\/05\\\/motocross-international-joel-roelants-sur-le-podium-a-rhenen\\\/#breadcrumb\"},\"inLanguage\":\"fr-FR\",\"potentialAction\":[{\"@type\":\"ReadAction\",\"target\":[\"https:\\\/\\\/fr.motocrossmag.be\\\/index.php\\\/2008\\\/05\\\/motocross-international-joel-roelants-sur-le-podium-a-rhenen\\\/\"]}]},{\"@type\":\"ImageObject\",\"inLanguage\":\"fr-FR\",\"@id\":\"https:\\\/\\\/fr.motocrossmag.be\\\/index.php\\\/2008\\\/05\\\/motocross-international-joel-roelants-sur-le-podium-a-rhenen\\\/#primaryimage\",\"url\":\"http:\\\/\\\/www.motocrossmag.be\\\/wp-content\\\/uploads\\\/2008\\\/05\\\/rattray.jpg\",\"contentUrl\":\"http:\\\/\\\/www.motocrossmag.be\\\/wp-content\\\/uploads\\\/2008\\\/05\\\/rattray.jpg\"},{\"@type\":\"BreadcrumbList\",\"@id\":\"https:\\\/\\\/fr.motocrossmag.be\\\/index.php\\\/2008\\\/05\\\/motocross-international-joel-roelants-sur-le-podium-a-rhenen\\\/#breadcrumb\",\"itemListElement\":[{\"@type\":\"ListItem\",\"position\":1,\"name\":\"Accueil\",\"item\":\"https:\\\/\\\/fr.motocrossmag.be\\\/\"},{\"@type\":\"ListItem\",\"position\":2,\"name\":\"Motocross international | Jo\u00ebl Roelants sur le podium &agrave; Rhenen\"}]},{\"@type\":\"WebSite\",\"@id\":\"https:\\\/\\\/fr.motocrossmag.be\\\/#website\",\"url\":\"https:\\\/\\\/fr.motocrossmag.be\\\/\",\"name\":\"Motocross - Enduro - Supermoto | MotocrossMag\",\"description\":\"L&#039;actualit\u00e9 du motocross, de l&#039;enduro et du Supermoto en ligne!\",\"potentialAction\":[{\"@type\":\"SearchAction\",\"target\":{\"@type\":\"EntryPoint\",\"urlTemplate\":\"https:\\\/\\\/fr.motocrossmag.be\\\/?s={search_term_string}\"},\"query-input\":{\"@type\":\"PropertyValueSpecification\",\"valueRequired\":true,\"valueName\":\"search_term_string\"}}],\"inLanguage\":\"fr-FR\"},{\"@type\":\"Person\",\"@id\":\"https:\\\/\\\/fr.motocrossmag.be\\\/#\\\/schema\\\/person\\\/11b47143d9f755babca2c9110e03235c\",\"name\":\"oliviere\",\"image\":{\"@type\":\"ImageObject\",\"inLanguage\":\"fr-FR\",\"@id\":\"https:\\\/\\\/secure.gravatar.com\\\/avatar\\\/907069e0b81d119452040469e4a7501da1100f54f7f80180ce77bfab718288f6?s=96&d=mm&r=g\",\"url\":\"https:\\\/\\\/secure.gravatar.com\\\/avatar\\\/907069e0b81d119452040469e4a7501da1100f54f7f80180ce77bfab718288f6?s=96&d=mm&r=g\",\"contentUrl\":\"https:\\\/\\\/secure.gravatar.com\\\/avatar\\\/907069e0b81d119452040469e4a7501da1100f54f7f80180ce77bfab718288f6?s=96&d=mm&r=g\",\"caption\":\"oliviere\"},\"sameAs\":[\"http:\\\/\\\/www.motocrossmag.be\"],\"url\":\"https:\\\/\\\/fr.motocrossmag.be\\\/index.php\\\/author\\\/oliviere\\\/\"}]}<\/script>\n<!-- \/ Yoast SEO plugin. -->","yoast_head_json":{"title":"Motocross international | Jo\u00ebl Roelants sur le podium &agrave; Rhenen - Motocross - Enduro - Supermoto | MotocrossMag","robots":{"index":"index","follow":"follow","max-snippet":"max-snippet:-1","max-image-preview":"max-image-preview:large","max-video-preview":"max-video-preview:-1"},"canonical":"https:\/\/fr.motocrossmag.be\/index.php\/2008\/05\/motocross-international-joel-roelants-sur-le-podium-a-rhenen\/","og_locale":"fr_FR","og_type":"article","og_title":"Motocross international | Jo\u00ebl Roelants sur le podium &agrave; Rhenen - Motocross - Enduro - Supermoto | MotocrossMag","og_description":"Plusieurs de nos compatriotes ont pris part ce jeudi 1er mai &agrave; la 3\u00e8me manche du championnat hollandais de motocross, disput\u00e9e sur le circuit de Rhenen. En MX2, Jo\u00ebl Roelants [...]","og_url":"https:\/\/fr.motocrossmag.be\/index.php\/2008\/05\/motocross-international-joel-roelants-sur-le-podium-a-rhenen\/","og_site_name":"Motocross - Enduro - Supermoto | MotocrossMag","article_published_time":"2008-05-01T20:01:28+00:00","article_modified_time":"2008-05-01T20:14:20+00:00","og_image":[{"url":"http:\/\/www.motocrossmag.be\/wp-content\/uploads\/2008\/05\/rattray.jpg","type":"","width":"","height":""}],"author":"oliviere","twitter_card":"summary_large_image","twitter_misc":{"\u00c9crit par":"oliviere","Dur\u00e9e de lecture estim\u00e9e":"2 minutes"},"schema":{"@context":"https:\/\/schema.org","@graph":[{"@type":"Article","@id":"https:\/\/fr.motocrossmag.be\/index.php\/2008\/05\/motocross-international-joel-roelants-sur-le-podium-a-rhenen\/#article","isPartOf":{"@id":"https:\/\/fr.motocrossmag.be\/index.php\/2008\/05\/motocross-international-joel-roelants-sur-le-podium-a-rhenen\/"},"author":{"name":"oliviere","@id":"https:\/\/fr.motocrossmag.be\/#\/schema\/person\/11b47143d9f755babca2c9110e03235c"},"headline":"Motocross international | Jo\u00ebl Roelants sur le podium &agrave; Rhenen","datePublished":"2008-05-01T20:01:28+00:00","dateModified":"2008-05-01T20:14:20+00:00","mainEntityOfPage":{"@id":"https:\/\/fr.motocrossmag.be\/index.php\/2008\/05\/motocross-international-joel-roelants-sur-le-podium-a-rhenen\/"},"wordCount":484,"commentCount":0,"image":{"@id":"https:\/\/fr.motocrossmag.be\/index.php\/2008\/05\/motocross-international-joel-roelants-sur-le-podium-a-rhenen\/#primaryimage"},"thumbnailUrl":"http:\/\/www.motocrossmag.be\/wp-content\/uploads\/2008\/05\/rattray.jpg","articleSection":["Actualit\u00e9","Motocross","News","News"],"inLanguage":"fr-FR","potentialAction":[{"@type":"CommentAction","name":"Comment","target":["https:\/\/fr.motocrossmag.be\/index.php\/2008\/05\/motocross-international-joel-roelants-sur-le-podium-a-rhenen\/#respond"]}]},{"@type":"WebPage","@id":"https:\/\/fr.motocrossmag.be\/index.php\/2008\/05\/motocross-international-joel-roelants-sur-le-podium-a-rhenen\/","url":"https:\/\/fr.motocrossmag.be\/index.php\/2008\/05\/motocross-international-joel-roelants-sur-le-podium-a-rhenen\/","name":"Motocross international | Jo\u00ebl Roelants sur le podium &agrave; Rhenen - Motocross - Enduro - Supermoto | MotocrossMag","isPartOf":{"@id":"https:\/\/fr.motocrossmag.be\/#website"},"primaryImageOfPage":{"@id":"https:\/\/fr.motocrossmag.be\/index.php\/2008\/05\/motocross-international-joel-roelants-sur-le-podium-a-rhenen\/#primaryimage"},"image":{"@id":"https:\/\/fr.motocrossmag.be\/index.php\/2008\/05\/motocross-international-joel-roelants-sur-le-podium-a-rhenen\/#primaryimage"},"thumbnailUrl":"http:\/\/www.motocrossmag.be\/wp-content\/uploads\/2008\/05\/rattray.jpg","datePublished":"2008-05-01T20:01:28+00:00","dateModified":"2008-05-01T20:14:20+00:00","author":{"@id":"https:\/\/fr.motocrossmag.be\/#\/schema\/person\/11b47143d9f755babca2c9110e03235c"},"breadcrumb":{"@id":"https:\/\/fr.motocrossmag.be\/index.php\/2008\/05\/motocross-international-joel-roelants-sur-le-podium-a-rhenen\/#breadcrumb"},"inLanguage":"fr-FR","potentialAction":[{"@type":"ReadAction","target":["https:\/\/fr.motocrossmag.be\/index.php\/2008\/05\/motocross-international-joel-roelants-sur-le-podium-a-rhenen\/"]}]},{"@type":"ImageObject","inLanguage":"fr-FR","@id":"https:\/\/fr.motocrossmag.be\/index.php\/2008\/05\/motocross-international-joel-roelants-sur-le-podium-a-rhenen\/#primaryimage","url":"http:\/\/www.motocrossmag.be\/wp-content\/uploads\/2008\/05\/rattray.jpg","contentUrl":"http:\/\/www.motocrossmag.be\/wp-content\/uploads\/2008\/05\/rattray.jpg"},{"@type":"BreadcrumbList","@id":"https:\/\/fr.motocrossmag.be\/index.php\/2008\/05\/motocross-international-joel-roelants-sur-le-podium-a-rhenen\/#breadcrumb","itemListElement":[{"@type":"ListItem","position":1,"name":"Accueil","item":"https:\/\/fr.motocrossmag.be\/"},{"@type":"ListItem","position":2,"name":"Motocross international | Jo\u00ebl Roelants sur le podium &agrave; Rhenen"}]},{"@type":"WebSite","@id":"https:\/\/fr.motocrossmag.be\/#website","url":"https:\/\/fr.motocrossmag.be\/","name":"Motocross - Enduro - Supermoto | MotocrossMag","description":"L&#039;actualit\u00e9 du motocross, de l&#039;enduro et du Supermoto en ligne!","potentialAction":[{"@type":"SearchAction","target":{"@type":"EntryPoint","urlTemplate":"https:\/\/fr.motocrossmag.be\/?s={search_term_string}"},"query-input":{"@type":"PropertyValueSpecification","valueRequired":true,"valueName":"search_term_string"}}],"inLanguage":"fr-FR"},{"@type":"Person","@id":"https:\/\/fr.motocrossmag.be\/#\/schema\/person\/11b47143d9f755babca2c9110e03235c","name":"oliviere","image":{"@type":"ImageObject","inLanguage":"fr-FR","@id":"https:\/\/secure.gravatar.com\/avatar\/907069e0b81d119452040469e4a7501da1100f54f7f80180ce77bfab718288f6?s=96&d=mm&r=g","url":"https:\/\/secure.gravatar.com\/avatar\/907069e0b81d119452040469e4a7501da1100f54f7f80180ce77bfab718288f6?s=96&d=mm&r=g","contentUrl":"https:\/\/secure.gravatar.com\/avatar\/907069e0b81d119452040469e4a7501da1100f54f7f80180ce77bfab718288f6?s=96&d=mm&r=g","caption":"oliviere"},"sameAs":["http:\/\/www.motocrossmag.be"],"url":"https:\/\/fr.motocrossmag.be\/index.php\/author\/oliviere\/"}]}},"_links":{"self":[{"href":"https:\/\/fr.motocrossmag.be\/index.php\/wp-json\/wp\/v2\/posts\/567","targetHints":{"allow":["GET"]}}],"collection":[{"href":"https:\/\/fr.motocrossmag.be\/index.php\/wp-json\/wp\/v2\/posts"}],"about":[{"href":"https:\/\/fr.motocrossmag.be\/index.php\/wp-json\/wp\/v2\/types\/post"}],"author":[{"embeddable":true,"href":"https:\/\/fr.motocrossmag.be\/index.php\/wp-json\/wp\/v2\/users\/932"}],"replies":[{"embeddable":true,"href":"https:\/\/fr.motocrossmag.be\/index.php\/wp-json\/wp\/v2\/comments?post=567"}],"version-history":[{"count":0,"href":"https:\/\/fr.motocrossmag.be\/index.php\/wp-json\/wp\/v2\/posts\/567\/revisions"}],"wp:attachment":[{"href":"https:\/\/fr.motocrossmag.be\/index.php\/wp-json\/wp\/v2\/media?parent=567"}],"wp:term":[{"taxonomy":"category","embeddable":true,"href":"https:\/\/fr.motocrossmag.be\/index.php\/wp-json\/wp\/v2\/categories?post=567"},{"taxonomy":"post_tag","embeddable":true,"href":"https:\/\/fr.motocrossmag.be\/index.php\/wp-json\/wp\/v2\/tags?post=567"}],"curies":[{"name":"wp","href":"https:\/\/api.w.org\/{rel}","templated":true}]}}