{"id":60493,"date":"2017-06-09T17:18:37","date_gmt":"2017-06-09T15:18:37","guid":{"rendered":"http:\/\/fr.motocrossmag.be\/?p=60493"},"modified":"2017-06-09T17:19:48","modified_gmt":"2017-06-09T15:19:48","slug":"bilstain-rendez-vous-aux-belgium-masters-supermoto-les-17-et-18-juin","status":"publish","type":"post","link":"https:\/\/fr.motocrossmag.be\/index.php\/2017\/06\/bilstain-rendez-vous-aux-belgium-masters-supermoto-les-17-et-18-juin\/","title":{"rendered":"Bilstain : rendez-vous aux Belgium Masters Supermoto les 17 et 18 juin !"},"content":{"rendered":"<p><strong>Toujours partag\u00e9 entre \u00e9preuves belges et hollandaises, le championnat de Belgique de Supermoto sera sur le sol belge ces deux prochains week-end. A Florennes tout d&rsquo;abord ces samedi 10 et dimanche 11 juin puis \u00e0 Bilstain les 17 et 18 juin pour une nouvelle \u00e9dition des Belgium Masters Supermoto. <\/strong><\/p>\n<p>Le circuit de Bilstain accueillera l\u2019\u00e9lite belge de la discipline durant 2 journ\u00e9es qui s&rsquo;annoncent comme toujours particuli\u00e8rement intenses. Les essais libres et chronom\u00e9tr\u00e9s sont organis\u00e9s le samedi tandis que le dimanche le programme des courses se cl\u00f4turera par la traditionnelle Superfinale qui sacrera le grand vainqueur des Belgium Masters Supermoto.<\/p>\n<p>Un beau week-end de Supermoto \u00e0 ne pas manquer, d&rsquo;autant plus que l\u2019entr\u00e9e est gratuite !<\/p>\n<p><a href=\"http:\/\/fr.motocrossmag.be\/index.php\/2016\/06\/photos-les-belgium-masters-of-supermoto-a-bilstain\/\" target=\"_blank\" rel=\"noopener noreferrer\">Voir les photos de l\u2019\u00e9dition 2016<\/a><\/p>\n<p>Infos : <a class=\"ext\" href=\"http:\/\/www.rdmcbilstain.be\" target=\"_blank\" rel=\"noopener noreferrer\">www.rdmcbilstain.be<br \/>\n<\/a><\/p>\n<p><span style=\"color: #ff0000;\"><strong>Horaire<\/strong><\/span><\/p>\n<p>SAMEDI 17 JUIN<\/p>\n<p>13:00 D\u00e9butants\/ Originals Libre 15&prime;<br \/>\n13:20 U 40 Libre 15&prime;<br \/>\n13:40 Nationaux &#8211; groupe 1 Libre 15&prime;<br \/>\n14:00 Nationaux &#8211; groupe 2 Libre 15&prime;<br \/>\n14:20 Euro-Nationaux Libre 15&prime;<br \/>\n14:40 Quads Libre 15&prime;<br \/>\n15:00 Prestiges Libre 15&prime;<br \/>\n15:20 Pause &#8211; Travaux circuits 15&prime;<br \/>\n15:40 D\u00e9butants\/ Originals Chrono 20&prime;<br \/>\n16:05 Pause &#8211; Travaux circuits<br \/>\n16:30 Nationaux &#8211; groupe 1 Chrono 20&prime;<br \/>\n16:55 Nationaux &#8211; groupe 2 Chrono 20&prime;<br \/>\n17:20 Euro-Nationaux Chrono 20&prime;<br \/>\n17:45 Quads Chrono 20&prime;<br \/>\n18:10 Prestiges Chrono 20&prime;<\/p>\n<p>DIMANCHE 18 JUIN<\/p>\n<p>8:00 D\u00e9butants\/ Originals 1 15&prime; + 1T<br \/>\n8:30 Nationaux B 1 18&prime; + 1T<br \/>\n9:00 U 40 1 18&prime; + 1T<br \/>\n9:30 Nationaux BeNeCup 1 18&prime; + 1T<br \/>\n10:00 Euro-Nationaux 1 18&prime; + 1T<br \/>\n10:30 Quads 1 18&prime; + 1T Max. 25<br \/>\n11:00 D\u00e9butants\/ Originals 2 15&prime; + 1T<br \/>\n11:30 U 40 2 18&prime; + 1T<br \/>\n11:50 Entracte \/ Show 40&prime;<br \/>\n12:30 Prestiges 1 18&prime; + 1T<br \/>\n13:00 Nationaux B 2 18&prime; + 1T<br \/>\n13:30 Nationaux BeNeCup 2 18&prime; + 1T<br \/>\n14:00 Euro-Nationaux 2 18&prime; + 1T<br \/>\n14:30 Prestiges 2 18&prime; + 1T<br \/>\n15:00 Quads 2 18&prime; + 1T<br \/>\nEntracte \/ Show 40&prime;<br \/>\n16:00 D\u00e9butants\/ Originals 3 15&prime; + 1T<br \/>\n16:30 Consolation Prestiges &#8211; Euro et Nat non-qualifi\u00e9s pour la Superfinale 15&prime; + 1T<br \/>\n17:00 Pr\u00e9sentation Superfinale<br \/>\n17:20 Superfinale 20&prime; + 1T<br \/>\n18:00 Podium<\/p>\n","protected":false},"excerpt":{"rendered":"<p>Toujours partag\u00e9 entre \u00e9preuves belges et hollandaises, le championnat de Belgique de Supermoto sera sur le sol belge ces deux prochains week-end. A Florennes tout d&rsquo;abord ces samedi 10 et [&#8230;]<\/p>\n","protected":false},"author":932,"featured_media":47899,"comment_status":"open","ping_status":"closed","sticky":false,"template":"","format":"standard","meta":{"footnotes":""},"categories":[54,40,55,65,38],"tags":[],"class_list":["post-60493","post","type-post","status-publish","format-standard","has-post-thumbnail","hentry","category-actualite","category-fmb-supermoto","category-news-actualite","category-slideshow","category-supermoto"],"yoast_head":"<!-- This site is optimized with the Yoast SEO plugin v27.4 - https:\/\/yoast.com\/product\/yoast-seo-wordpress\/ -->\n<title>Bilstain : rendez-vous aux Belgium Masters Supermoto les 17 et 18 juin ! - Motocross - Enduro - Supermoto | MotocrossMag<\/title>\n<meta name=\"robots\" content=\"index, follow, max-snippet:-1, max-image-preview:large, max-video-preview:-1\" \/>\n<link rel=\"canonical\" href=\"https:\/\/fr.motocrossmag.be\/index.php\/2017\/06\/bilstain-rendez-vous-aux-belgium-masters-supermoto-les-17-et-18-juin\/\" \/>\n<meta property=\"og:locale\" content=\"fr_FR\" \/>\n<meta property=\"og:type\" content=\"article\" \/>\n<meta property=\"og:title\" content=\"Bilstain : rendez-vous aux Belgium Masters Supermoto les 17 et 18 juin ! - Motocross - Enduro - Supermoto | MotocrossMag\" \/>\n<meta property=\"og:description\" content=\"Toujours partag\u00e9 entre \u00e9preuves belges et hollandaises, le championnat de Belgique de Supermoto sera sur le sol belge ces deux prochains week-end. A Florennes tout d&rsquo;abord ces samedi 10 et [...]\" \/>\n<meta property=\"og:url\" content=\"https:\/\/fr.motocrossmag.be\/index.php\/2017\/06\/bilstain-rendez-vous-aux-belgium-masters-supermoto-les-17-et-18-juin\/\" \/>\n<meta property=\"og:site_name\" content=\"Motocross - Enduro - Supermoto | MotocrossMag\" \/>\n<meta property=\"article:published_time\" content=\"2017-06-09T15:18:37+00:00\" \/>\n<meta property=\"article:modified_time\" content=\"2017-06-09T15:19:48+00:00\" \/>\n<meta property=\"og:image\" content=\"https:\/\/fr.motocrossmag.be\/wp-content\/uploads\/2016\/06\/Supermoto_bilstain_IMG_7276.jpg\" \/>\n\t<meta property=\"og:image:width\" content=\"1200\" \/>\n\t<meta property=\"og:image:height\" content=\"800\" \/>\n\t<meta property=\"og:image:type\" content=\"image\/jpeg\" \/>\n<meta name=\"author\" content=\"oliviere\" \/>\n<meta name=\"twitter:card\" content=\"summary_large_image\" \/>\n<meta name=\"twitter:label1\" content=\"\u00c9crit par\" \/>\n\t<meta name=\"twitter:data1\" content=\"oliviere\" \/>\n\t<meta name=\"twitter:label2\" content=\"Dur\u00e9e de lecture estim\u00e9e\" \/>\n\t<meta name=\"twitter:data2\" content=\"1 minute\" \/>\n<script type=\"application\/ld+json\" class=\"yoast-schema-graph\">{\"@context\":\"https:\\\/\\\/schema.org\",\"@graph\":[{\"@type\":\"Article\",\"@id\":\"https:\\\/\\\/fr.motocrossmag.be\\\/index.php\\\/2017\\\/06\\\/bilstain-rendez-vous-aux-belgium-masters-supermoto-les-17-et-18-juin\\\/#article\",\"isPartOf\":{\"@id\":\"https:\\\/\\\/fr.motocrossmag.be\\\/index.php\\\/2017\\\/06\\\/bilstain-rendez-vous-aux-belgium-masters-supermoto-les-17-et-18-juin\\\/\"},\"author\":{\"name\":\"oliviere\",\"@id\":\"https:\\\/\\\/fr.motocrossmag.be\\\/#\\\/schema\\\/person\\\/11b47143d9f755babca2c9110e03235c\"},\"headline\":\"Bilstain : rendez-vous aux Belgium Masters Supermoto les 17 et 18 juin !\",\"datePublished\":\"2017-06-09T15:18:37+00:00\",\"dateModified\":\"2017-06-09T15:19:48+00:00\",\"mainEntityOfPage\":{\"@id\":\"https:\\\/\\\/fr.motocrossmag.be\\\/index.php\\\/2017\\\/06\\\/bilstain-rendez-vous-aux-belgium-masters-supermoto-les-17-et-18-juin\\\/\"},\"wordCount\":253,\"commentCount\":0,\"image\":{\"@id\":\"https:\\\/\\\/fr.motocrossmag.be\\\/index.php\\\/2017\\\/06\\\/bilstain-rendez-vous-aux-belgium-masters-supermoto-les-17-et-18-juin\\\/#primaryimage\"},\"thumbnailUrl\":\"https:\\\/\\\/fr.motocrossmag.be\\\/wp-content\\\/uploads\\\/2016\\\/06\\\/Supermoto_bilstain_IMG_7276.jpg\",\"articleSection\":[\"Actualit\u00e9\",\"FMB\",\"News\",\"Slideshow\",\"Supermoto\"],\"inLanguage\":\"fr-FR\",\"potentialAction\":[{\"@type\":\"CommentAction\",\"name\":\"Comment\",\"target\":[\"https:\\\/\\\/fr.motocrossmag.be\\\/index.php\\\/2017\\\/06\\\/bilstain-rendez-vous-aux-belgium-masters-supermoto-les-17-et-18-juin\\\/#respond\"]}]},{\"@type\":\"WebPage\",\"@id\":\"https:\\\/\\\/fr.motocrossmag.be\\\/index.php\\\/2017\\\/06\\\/bilstain-rendez-vous-aux-belgium-masters-supermoto-les-17-et-18-juin\\\/\",\"url\":\"https:\\\/\\\/fr.motocrossmag.be\\\/index.php\\\/2017\\\/06\\\/bilstain-rendez-vous-aux-belgium-masters-supermoto-les-17-et-18-juin\\\/\",\"name\":\"Bilstain : rendez-vous aux Belgium Masters Supermoto les 17 et 18 juin ! - Motocross - Enduro - Supermoto | MotocrossMag\",\"isPartOf\":{\"@id\":\"https:\\\/\\\/fr.motocrossmag.be\\\/#website\"},\"primaryImageOfPage\":{\"@id\":\"https:\\\/\\\/fr.motocrossmag.be\\\/index.php\\\/2017\\\/06\\\/bilstain-rendez-vous-aux-belgium-masters-supermoto-les-17-et-18-juin\\\/#primaryimage\"},\"image\":{\"@id\":\"https:\\\/\\\/fr.motocrossmag.be\\\/index.php\\\/2017\\\/06\\\/bilstain-rendez-vous-aux-belgium-masters-supermoto-les-17-et-18-juin\\\/#primaryimage\"},\"thumbnailUrl\":\"https:\\\/\\\/fr.motocrossmag.be\\\/wp-content\\\/uploads\\\/2016\\\/06\\\/Supermoto_bilstain_IMG_7276.jpg\",\"datePublished\":\"2017-06-09T15:18:37+00:00\",\"dateModified\":\"2017-06-09T15:19:48+00:00\",\"author\":{\"@id\":\"https:\\\/\\\/fr.motocrossmag.be\\\/#\\\/schema\\\/person\\\/11b47143d9f755babca2c9110e03235c\"},\"breadcrumb\":{\"@id\":\"https:\\\/\\\/fr.motocrossmag.be\\\/index.php\\\/2017\\\/06\\\/bilstain-rendez-vous-aux-belgium-masters-supermoto-les-17-et-18-juin\\\/#breadcrumb\"},\"inLanguage\":\"fr-FR\",\"potentialAction\":[{\"@type\":\"ReadAction\",\"target\":[\"https:\\\/\\\/fr.motocrossmag.be\\\/index.php\\\/2017\\\/06\\\/bilstain-rendez-vous-aux-belgium-masters-supermoto-les-17-et-18-juin\\\/\"]}]},{\"@type\":\"ImageObject\",\"inLanguage\":\"fr-FR\",\"@id\":\"https:\\\/\\\/fr.motocrossmag.be\\\/index.php\\\/2017\\\/06\\\/bilstain-rendez-vous-aux-belgium-masters-supermoto-les-17-et-18-juin\\\/#primaryimage\",\"url\":\"https:\\\/\\\/fr.motocrossmag.be\\\/wp-content\\\/uploads\\\/2016\\\/06\\\/Supermoto_bilstain_IMG_7276.jpg\",\"contentUrl\":\"https:\\\/\\\/fr.motocrossmag.be\\\/wp-content\\\/uploads\\\/2016\\\/06\\\/Supermoto_bilstain_IMG_7276.jpg\",\"width\":1200,\"height\":800},{\"@type\":\"BreadcrumbList\",\"@id\":\"https:\\\/\\\/fr.motocrossmag.be\\\/index.php\\\/2017\\\/06\\\/bilstain-rendez-vous-aux-belgium-masters-supermoto-les-17-et-18-juin\\\/#breadcrumb\",\"itemListElement\":[{\"@type\":\"ListItem\",\"position\":1,\"name\":\"Accueil\",\"item\":\"https:\\\/\\\/fr.motocrossmag.be\\\/\"},{\"@type\":\"ListItem\",\"position\":2,\"name\":\"Bilstain : rendez-vous aux Belgium Masters Supermoto les 17 et 18 juin !\"}]},{\"@type\":\"WebSite\",\"@id\":\"https:\\\/\\\/fr.motocrossmag.be\\\/#website\",\"url\":\"https:\\\/\\\/fr.motocrossmag.be\\\/\",\"name\":\"Motocross - Enduro - Supermoto | MotocrossMag\",\"description\":\"L&#039;actualit\u00e9 du motocross, de l&#039;enduro et du Supermoto en ligne!\",\"potentialAction\":[{\"@type\":\"SearchAction\",\"target\":{\"@type\":\"EntryPoint\",\"urlTemplate\":\"https:\\\/\\\/fr.motocrossmag.be\\\/?s={search_term_string}\"},\"query-input\":{\"@type\":\"PropertyValueSpecification\",\"valueRequired\":true,\"valueName\":\"search_term_string\"}}],\"inLanguage\":\"fr-FR\"},{\"@type\":\"Person\",\"@id\":\"https:\\\/\\\/fr.motocrossmag.be\\\/#\\\/schema\\\/person\\\/11b47143d9f755babca2c9110e03235c\",\"name\":\"oliviere\",\"image\":{\"@type\":\"ImageObject\",\"inLanguage\":\"fr-FR\",\"@id\":\"https:\\\/\\\/secure.gravatar.com\\\/avatar\\\/907069e0b81d119452040469e4a7501da1100f54f7f80180ce77bfab718288f6?s=96&d=mm&r=g\",\"url\":\"https:\\\/\\\/secure.gravatar.com\\\/avatar\\\/907069e0b81d119452040469e4a7501da1100f54f7f80180ce77bfab718288f6?s=96&d=mm&r=g\",\"contentUrl\":\"https:\\\/\\\/secure.gravatar.com\\\/avatar\\\/907069e0b81d119452040469e4a7501da1100f54f7f80180ce77bfab718288f6?s=96&d=mm&r=g\",\"caption\":\"oliviere\"},\"sameAs\":[\"http:\\\/\\\/www.motocrossmag.be\"],\"url\":\"https:\\\/\\\/fr.motocrossmag.be\\\/index.php\\\/author\\\/oliviere\\\/\"}]}<\/script>\n<!-- \/ Yoast SEO plugin. -->","yoast_head_json":{"title":"Bilstain : rendez-vous aux Belgium Masters Supermoto les 17 et 18 juin ! - Motocross - Enduro - Supermoto | MotocrossMag","robots":{"index":"index","follow":"follow","max-snippet":"max-snippet:-1","max-image-preview":"max-image-preview:large","max-video-preview":"max-video-preview:-1"},"canonical":"https:\/\/fr.motocrossmag.be\/index.php\/2017\/06\/bilstain-rendez-vous-aux-belgium-masters-supermoto-les-17-et-18-juin\/","og_locale":"fr_FR","og_type":"article","og_title":"Bilstain : rendez-vous aux Belgium Masters Supermoto les 17 et 18 juin ! - Motocross - Enduro - Supermoto | MotocrossMag","og_description":"Toujours partag\u00e9 entre \u00e9preuves belges et hollandaises, le championnat de Belgique de Supermoto sera sur le sol belge ces deux prochains week-end. A Florennes tout d&rsquo;abord ces samedi 10 et [...]","og_url":"https:\/\/fr.motocrossmag.be\/index.php\/2017\/06\/bilstain-rendez-vous-aux-belgium-masters-supermoto-les-17-et-18-juin\/","og_site_name":"Motocross - Enduro - Supermoto | MotocrossMag","article_published_time":"2017-06-09T15:18:37+00:00","article_modified_time":"2017-06-09T15:19:48+00:00","og_image":[{"width":1200,"height":800,"url":"https:\/\/fr.motocrossmag.be\/wp-content\/uploads\/2016\/06\/Supermoto_bilstain_IMG_7276.jpg","type":"image\/jpeg"}],"author":"oliviere","twitter_card":"summary_large_image","twitter_misc":{"\u00c9crit par":"oliviere","Dur\u00e9e de lecture estim\u00e9e":"1 minute"},"schema":{"@context":"https:\/\/schema.org","@graph":[{"@type":"Article","@id":"https:\/\/fr.motocrossmag.be\/index.php\/2017\/06\/bilstain-rendez-vous-aux-belgium-masters-supermoto-les-17-et-18-juin\/#article","isPartOf":{"@id":"https:\/\/fr.motocrossmag.be\/index.php\/2017\/06\/bilstain-rendez-vous-aux-belgium-masters-supermoto-les-17-et-18-juin\/"},"author":{"name":"oliviere","@id":"https:\/\/fr.motocrossmag.be\/#\/schema\/person\/11b47143d9f755babca2c9110e03235c"},"headline":"Bilstain : rendez-vous aux Belgium Masters Supermoto les 17 et 18 juin !","datePublished":"2017-06-09T15:18:37+00:00","dateModified":"2017-06-09T15:19:48+00:00","mainEntityOfPage":{"@id":"https:\/\/fr.motocrossmag.be\/index.php\/2017\/06\/bilstain-rendez-vous-aux-belgium-masters-supermoto-les-17-et-18-juin\/"},"wordCount":253,"commentCount":0,"image":{"@id":"https:\/\/fr.motocrossmag.be\/index.php\/2017\/06\/bilstain-rendez-vous-aux-belgium-masters-supermoto-les-17-et-18-juin\/#primaryimage"},"thumbnailUrl":"https:\/\/fr.motocrossmag.be\/wp-content\/uploads\/2016\/06\/Supermoto_bilstain_IMG_7276.jpg","articleSection":["Actualit\u00e9","FMB","News","Slideshow","Supermoto"],"inLanguage":"fr-FR","potentialAction":[{"@type":"CommentAction","name":"Comment","target":["https:\/\/fr.motocrossmag.be\/index.php\/2017\/06\/bilstain-rendez-vous-aux-belgium-masters-supermoto-les-17-et-18-juin\/#respond"]}]},{"@type":"WebPage","@id":"https:\/\/fr.motocrossmag.be\/index.php\/2017\/06\/bilstain-rendez-vous-aux-belgium-masters-supermoto-les-17-et-18-juin\/","url":"https:\/\/fr.motocrossmag.be\/index.php\/2017\/06\/bilstain-rendez-vous-aux-belgium-masters-supermoto-les-17-et-18-juin\/","name":"Bilstain : rendez-vous aux Belgium Masters Supermoto les 17 et 18 juin ! - Motocross - Enduro - Supermoto | MotocrossMag","isPartOf":{"@id":"https:\/\/fr.motocrossmag.be\/#website"},"primaryImageOfPage":{"@id":"https:\/\/fr.motocrossmag.be\/index.php\/2017\/06\/bilstain-rendez-vous-aux-belgium-masters-supermoto-les-17-et-18-juin\/#primaryimage"},"image":{"@id":"https:\/\/fr.motocrossmag.be\/index.php\/2017\/06\/bilstain-rendez-vous-aux-belgium-masters-supermoto-les-17-et-18-juin\/#primaryimage"},"thumbnailUrl":"https:\/\/fr.motocrossmag.be\/wp-content\/uploads\/2016\/06\/Supermoto_bilstain_IMG_7276.jpg","datePublished":"2017-06-09T15:18:37+00:00","dateModified":"2017-06-09T15:19:48+00:00","author":{"@id":"https:\/\/fr.motocrossmag.be\/#\/schema\/person\/11b47143d9f755babca2c9110e03235c"},"breadcrumb":{"@id":"https:\/\/fr.motocrossmag.be\/index.php\/2017\/06\/bilstain-rendez-vous-aux-belgium-masters-supermoto-les-17-et-18-juin\/#breadcrumb"},"inLanguage":"fr-FR","potentialAction":[{"@type":"ReadAction","target":["https:\/\/fr.motocrossmag.be\/index.php\/2017\/06\/bilstain-rendez-vous-aux-belgium-masters-supermoto-les-17-et-18-juin\/"]}]},{"@type":"ImageObject","inLanguage":"fr-FR","@id":"https:\/\/fr.motocrossmag.be\/index.php\/2017\/06\/bilstain-rendez-vous-aux-belgium-masters-supermoto-les-17-et-18-juin\/#primaryimage","url":"https:\/\/fr.motocrossmag.be\/wp-content\/uploads\/2016\/06\/Supermoto_bilstain_IMG_7276.jpg","contentUrl":"https:\/\/fr.motocrossmag.be\/wp-content\/uploads\/2016\/06\/Supermoto_bilstain_IMG_7276.jpg","width":1200,"height":800},{"@type":"BreadcrumbList","@id":"https:\/\/fr.motocrossmag.be\/index.php\/2017\/06\/bilstain-rendez-vous-aux-belgium-masters-supermoto-les-17-et-18-juin\/#breadcrumb","itemListElement":[{"@type":"ListItem","position":1,"name":"Accueil","item":"https:\/\/fr.motocrossmag.be\/"},{"@type":"ListItem","position":2,"name":"Bilstain : rendez-vous aux Belgium Masters Supermoto les 17 et 18 juin !"}]},{"@type":"WebSite","@id":"https:\/\/fr.motocrossmag.be\/#website","url":"https:\/\/fr.motocrossmag.be\/","name":"Motocross - Enduro - Supermoto | MotocrossMag","description":"L&#039;actualit\u00e9 du motocross, de l&#039;enduro et du Supermoto en ligne!","potentialAction":[{"@type":"SearchAction","target":{"@type":"EntryPoint","urlTemplate":"https:\/\/fr.motocrossmag.be\/?s={search_term_string}"},"query-input":{"@type":"PropertyValueSpecification","valueRequired":true,"valueName":"search_term_string"}}],"inLanguage":"fr-FR"},{"@type":"Person","@id":"https:\/\/fr.motocrossmag.be\/#\/schema\/person\/11b47143d9f755babca2c9110e03235c","name":"oliviere","image":{"@type":"ImageObject","inLanguage":"fr-FR","@id":"https:\/\/secure.gravatar.com\/avatar\/907069e0b81d119452040469e4a7501da1100f54f7f80180ce77bfab718288f6?s=96&d=mm&r=g","url":"https:\/\/secure.gravatar.com\/avatar\/907069e0b81d119452040469e4a7501da1100f54f7f80180ce77bfab718288f6?s=96&d=mm&r=g","contentUrl":"https:\/\/secure.gravatar.com\/avatar\/907069e0b81d119452040469e4a7501da1100f54f7f80180ce77bfab718288f6?s=96&d=mm&r=g","caption":"oliviere"},"sameAs":["http:\/\/www.motocrossmag.be"],"url":"https:\/\/fr.motocrossmag.be\/index.php\/author\/oliviere\/"}]}},"_links":{"self":[{"href":"https:\/\/fr.motocrossmag.be\/index.php\/wp-json\/wp\/v2\/posts\/60493","targetHints":{"allow":["GET"]}}],"collection":[{"href":"https:\/\/fr.motocrossmag.be\/index.php\/wp-json\/wp\/v2\/posts"}],"about":[{"href":"https:\/\/fr.motocrossmag.be\/index.php\/wp-json\/wp\/v2\/types\/post"}],"author":[{"embeddable":true,"href":"https:\/\/fr.motocrossmag.be\/index.php\/wp-json\/wp\/v2\/users\/932"}],"replies":[{"embeddable":true,"href":"https:\/\/fr.motocrossmag.be\/index.php\/wp-json\/wp\/v2\/comments?post=60493"}],"version-history":[{"count":2,"href":"https:\/\/fr.motocrossmag.be\/index.php\/wp-json\/wp\/v2\/posts\/60493\/revisions"}],"predecessor-version":[{"id":60495,"href":"https:\/\/fr.motocrossmag.be\/index.php\/wp-json\/wp\/v2\/posts\/60493\/revisions\/60495"}],"wp:featuredmedia":[{"embeddable":true,"href":"https:\/\/fr.motocrossmag.be\/index.php\/wp-json\/wp\/v2\/media\/47899"}],"wp:attachment":[{"href":"https:\/\/fr.motocrossmag.be\/index.php\/wp-json\/wp\/v2\/media?parent=60493"}],"wp:term":[{"taxonomy":"category","embeddable":true,"href":"https:\/\/fr.motocrossmag.be\/index.php\/wp-json\/wp\/v2\/categories?post=60493"},{"taxonomy":"post_tag","embeddable":true,"href":"https:\/\/fr.motocrossmag.be\/index.php\/wp-json\/wp\/v2\/tags?post=60493"}],"curies":[{"name":"wp","href":"https:\/\/api.w.org\/{rel}","templated":true}]}}