{"id":60569,"date":"2017-06-14T11:49:32","date_gmt":"2017-06-14T09:49:32","guid":{"rendered":"http:\/\/fr.motocrossmag.be\/?p=60569"},"modified":"2017-06-14T11:49:32","modified_gmt":"2017-06-14T09:49:32","slug":"supermoto-entree-gratuite-ce-week-end-a-bilstain","status":"publish","type":"post","link":"https:\/\/fr.motocrossmag.be\/index.php\/2017\/06\/supermoto-entree-gratuite-ce-week-end-a-bilstain\/","title":{"rendered":"Supermoto : entr\u00e9e gratuite ce week-end \u00e0 Bilstain"},"content":{"rendered":"<p><strong>La piste de Supermoto du domaine de Bilstain accueillera ce week-end l\u2019\u00e9lite belge de la discipline durant 2 journ\u00e9es dans le cadre des fameux \u00ab\u00a0Belgian Masters Supermoto\u00a0\u00bb.\u00a0 Une \u00e9preuve haute en couleurs qui se cl\u00f4turera par la traditionnelle Superfinale dans laquelle se sont d\u00e9j\u00e0 impos\u00e9s tous les grands noms du Supermoto belge.<\/strong><\/p>\n<p>Une premi\u00e8re cette ann\u00e9e : l&rsquo;entr\u00e9e est gratuite ! \u00ab\u00a0Pour la premi\u00e8re fois depuis que nous organisons les Masters, l&rsquo;entr\u00e9e sera en effet gratuite pour tout le monde\u00a0\u00bb, explique l&rsquo;organisateur L\u00e9on Crosset. \u00ab\u00a0Nous esp\u00e9rons permettre ainsi \u00e0 un maximum de fans de profiter du spectacle que nous offrirons les pilotes et des animations que nous leur avons pr\u00e9par\u00e9es. Ce sera aussi l&rsquo;occasion de faire d\u00e9couvrir notre sport \u00e0 un plus large public. Merci \u00e0 nos partenaires car sans eux il ne nous serait pas possible d&rsquo;offrir la gratuit\u00e9 sur notre \u00e9preuve.\u00a0\u00bb<\/p>\n<p>Soyez donc au rendez-vous de cette grande f\u00eate du Supermoto belge en perspective ces 17 et 18 juin \u00e0 Bilstain !<\/p>\n<p>Infos : <a class=\"ext\" href=\"http:\/\/www.rdmcbilstain.be\/\" target=\"_blank\" rel=\"noopener noreferrer\">www.rdmcbilstain.be<br \/>\n<\/a><\/p>\n<p><strong>Horaire<\/strong><\/p>\n<p>SAMEDI 17 JUIN<\/p>\n<p>13:00 D\u00e9butants\/ Originals Libre 15?<br \/>\n13:20 U 40 Libre 15?<br \/>\n13:40 Nationaux \u2013 groupe 1 Libre 15?<br \/>\n14:00 Nationaux \u2013 groupe 2 Libre 15?<br \/>\n14:20 Euro-Nationaux Libre 15?<br \/>\n14:40 Quads Libre 15?<br \/>\n15:00 Prestiges Libre 15?<br \/>\n15:20 Pause \u2013 Travaux circuits 15?<br \/>\n15:40 D\u00e9butants\/ Originals Chrono 20?<br \/>\n16:05 Pause \u2013 Travaux circuits<br \/>\n16:30 Nationaux \u2013 groupe 1 Chrono 20?<br \/>\n16:55 Nationaux \u2013 groupe 2 Chrono 20?<br \/>\n17:20 Euro-Nationaux Chrono 20?<br \/>\n17:45 Quads Chrono 20?<br \/>\n18:10 Prestiges Chrono 20?<\/p>\n<p>DIMANCHE 18 JUIN<\/p>\n<p>8:00 D\u00e9butants\/ Originals 1 15? + 1T<br \/>\n8:30 Nationaux B 1 18? + 1T<br \/>\n9:00 U 40 1 18? + 1T<br \/>\n9:30 Nationaux BeNeCup 1 18? + 1T<br \/>\n10:00 Euro-Nationaux 1 18? + 1T<br \/>\n10:30 Quads 1 18? + 1T Max. 25<br \/>\n11:00 D\u00e9butants\/ Originals 2 15? + 1T<br \/>\n11:30 U 40 2 18? + 1T<br \/>\n11:50 Entracte \/ Show 40?<br \/>\n12:30 Prestiges 1 18? + 1T<br \/>\n13:00 Nationaux B 2 18? + 1T<br \/>\n13:30 Nationaux BeNeCup 2 18? + 1T<br \/>\n14:00 Euro-Nationaux 2 18? + 1T<br \/>\n14:30 Prestiges 2 18? + 1T<br \/>\n15:00 Quads 2 18? + 1T<br \/>\nEntracte \/ Show 40?<br \/>\n16:00 D\u00e9butants\/ Originals 3 15? + 1T<br \/>\n16:30 Consolation Prestiges \u2013 Euro et Nat non-qualifi\u00e9s pour la Superfinale 15? + 1T<br \/>\n17:00 Pr\u00e9sentation Superfinale<br \/>\n17:20 Superfinale 20? + 1T<br \/>\n18:00 Podium<\/p>\n","protected":false},"excerpt":{"rendered":"<p>La piste de Supermoto du domaine de Bilstain accueillera ce week-end l\u2019\u00e9lite belge de la discipline durant 2 journ\u00e9es dans le cadre des fameux \u00ab\u00a0Belgian Masters Supermoto\u00a0\u00bb.\u00a0 Une \u00e9preuve haute [&#8230;]<\/p>\n","protected":false},"author":932,"featured_media":47919,"comment_status":"open","ping_status":"closed","sticky":false,"template":"","format":"standard","meta":{"footnotes":""},"categories":[54,40,43,55,65,38],"tags":[],"class_list":["post-60569","post","type-post","status-publish","format-standard","has-post-thumbnail","hentry","category-actualite","category-fmb-supermoto","category-news-supermoto","category-news-actualite","category-slideshow","category-supermoto"],"yoast_head":"<!-- This site is optimized with the Yoast SEO plugin v27.4 - https:\/\/yoast.com\/product\/yoast-seo-wordpress\/ -->\n<title>Supermoto : entr\u00e9e gratuite ce week-end \u00e0 Bilstain - Motocross - Enduro - Supermoto | MotocrossMag<\/title>\n<meta name=\"robots\" content=\"index, follow, max-snippet:-1, max-image-preview:large, max-video-preview:-1\" \/>\n<link rel=\"canonical\" href=\"https:\/\/fr.motocrossmag.be\/index.php\/2017\/06\/supermoto-entree-gratuite-ce-week-end-a-bilstain\/\" \/>\n<meta property=\"og:locale\" content=\"fr_FR\" \/>\n<meta property=\"og:type\" content=\"article\" \/>\n<meta property=\"og:title\" content=\"Supermoto : entr\u00e9e gratuite ce week-end \u00e0 Bilstain - Motocross - Enduro - Supermoto | MotocrossMag\" \/>\n<meta property=\"og:description\" content=\"La piste de Supermoto du domaine de Bilstain accueillera ce week-end l\u2019\u00e9lite belge de la discipline durant 2 journ\u00e9es dans le cadre des fameux \u00ab\u00a0Belgian Masters Supermoto\u00a0\u00bb.\u00a0 Une \u00e9preuve haute [...]\" \/>\n<meta property=\"og:url\" content=\"https:\/\/fr.motocrossmag.be\/index.php\/2017\/06\/supermoto-entree-gratuite-ce-week-end-a-bilstain\/\" \/>\n<meta property=\"og:site_name\" content=\"Motocross - Enduro - Supermoto | MotocrossMag\" \/>\n<meta property=\"article:published_time\" content=\"2017-06-14T09:49:32+00:00\" \/>\n<meta property=\"og:image\" content=\"https:\/\/fr.motocrossmag.be\/wp-content\/uploads\/2016\/06\/Supermoto_bilstain_IMG_7799.jpg\" \/>\n\t<meta property=\"og:image:width\" content=\"1200\" \/>\n\t<meta property=\"og:image:height\" content=\"800\" \/>\n\t<meta property=\"og:image:type\" content=\"image\/jpeg\" \/>\n<meta name=\"author\" content=\"oliviere\" \/>\n<meta name=\"twitter:card\" content=\"summary_large_image\" \/>\n<meta name=\"twitter:label1\" content=\"\u00c9crit par\" \/>\n\t<meta name=\"twitter:data1\" content=\"oliviere\" \/>\n\t<meta name=\"twitter:label2\" content=\"Dur\u00e9e de lecture estim\u00e9e\" \/>\n\t<meta name=\"twitter:data2\" content=\"1 minute\" \/>\n<script type=\"application\/ld+json\" class=\"yoast-schema-graph\">{\"@context\":\"https:\\\/\\\/schema.org\",\"@graph\":[{\"@type\":\"Article\",\"@id\":\"https:\\\/\\\/fr.motocrossmag.be\\\/index.php\\\/2017\\\/06\\\/supermoto-entree-gratuite-ce-week-end-a-bilstain\\\/#article\",\"isPartOf\":{\"@id\":\"https:\\\/\\\/fr.motocrossmag.be\\\/index.php\\\/2017\\\/06\\\/supermoto-entree-gratuite-ce-week-end-a-bilstain\\\/\"},\"author\":{\"name\":\"oliviere\",\"@id\":\"https:\\\/\\\/fr.motocrossmag.be\\\/#\\\/schema\\\/person\\\/11b47143d9f755babca2c9110e03235c\"},\"headline\":\"Supermoto : entr\u00e9e gratuite ce week-end \u00e0 Bilstain\",\"datePublished\":\"2017-06-14T09:49:32+00:00\",\"mainEntityOfPage\":{\"@id\":\"https:\\\/\\\/fr.motocrossmag.be\\\/index.php\\\/2017\\\/06\\\/supermoto-entree-gratuite-ce-week-end-a-bilstain\\\/\"},\"wordCount\":293,\"commentCount\":0,\"image\":{\"@id\":\"https:\\\/\\\/fr.motocrossmag.be\\\/index.php\\\/2017\\\/06\\\/supermoto-entree-gratuite-ce-week-end-a-bilstain\\\/#primaryimage\"},\"thumbnailUrl\":\"https:\\\/\\\/fr.motocrossmag.be\\\/wp-content\\\/uploads\\\/2016\\\/06\\\/Supermoto_bilstain_IMG_7799.jpg\",\"articleSection\":[\"Actualit\u00e9\",\"FMB\",\"News\",\"News\",\"Slideshow\",\"Supermoto\"],\"inLanguage\":\"fr-FR\",\"potentialAction\":[{\"@type\":\"CommentAction\",\"name\":\"Comment\",\"target\":[\"https:\\\/\\\/fr.motocrossmag.be\\\/index.php\\\/2017\\\/06\\\/supermoto-entree-gratuite-ce-week-end-a-bilstain\\\/#respond\"]}]},{\"@type\":\"WebPage\",\"@id\":\"https:\\\/\\\/fr.motocrossmag.be\\\/index.php\\\/2017\\\/06\\\/supermoto-entree-gratuite-ce-week-end-a-bilstain\\\/\",\"url\":\"https:\\\/\\\/fr.motocrossmag.be\\\/index.php\\\/2017\\\/06\\\/supermoto-entree-gratuite-ce-week-end-a-bilstain\\\/\",\"name\":\"Supermoto : entr\u00e9e gratuite ce week-end \u00e0 Bilstain - Motocross - Enduro - Supermoto | MotocrossMag\",\"isPartOf\":{\"@id\":\"https:\\\/\\\/fr.motocrossmag.be\\\/#website\"},\"primaryImageOfPage\":{\"@id\":\"https:\\\/\\\/fr.motocrossmag.be\\\/index.php\\\/2017\\\/06\\\/supermoto-entree-gratuite-ce-week-end-a-bilstain\\\/#primaryimage\"},\"image\":{\"@id\":\"https:\\\/\\\/fr.motocrossmag.be\\\/index.php\\\/2017\\\/06\\\/supermoto-entree-gratuite-ce-week-end-a-bilstain\\\/#primaryimage\"},\"thumbnailUrl\":\"https:\\\/\\\/fr.motocrossmag.be\\\/wp-content\\\/uploads\\\/2016\\\/06\\\/Supermoto_bilstain_IMG_7799.jpg\",\"datePublished\":\"2017-06-14T09:49:32+00:00\",\"author\":{\"@id\":\"https:\\\/\\\/fr.motocrossmag.be\\\/#\\\/schema\\\/person\\\/11b47143d9f755babca2c9110e03235c\"},\"breadcrumb\":{\"@id\":\"https:\\\/\\\/fr.motocrossmag.be\\\/index.php\\\/2017\\\/06\\\/supermoto-entree-gratuite-ce-week-end-a-bilstain\\\/#breadcrumb\"},\"inLanguage\":\"fr-FR\",\"potentialAction\":[{\"@type\":\"ReadAction\",\"target\":[\"https:\\\/\\\/fr.motocrossmag.be\\\/index.php\\\/2017\\\/06\\\/supermoto-entree-gratuite-ce-week-end-a-bilstain\\\/\"]}]},{\"@type\":\"ImageObject\",\"inLanguage\":\"fr-FR\",\"@id\":\"https:\\\/\\\/fr.motocrossmag.be\\\/index.php\\\/2017\\\/06\\\/supermoto-entree-gratuite-ce-week-end-a-bilstain\\\/#primaryimage\",\"url\":\"https:\\\/\\\/fr.motocrossmag.be\\\/wp-content\\\/uploads\\\/2016\\\/06\\\/Supermoto_bilstain_IMG_7799.jpg\",\"contentUrl\":\"https:\\\/\\\/fr.motocrossmag.be\\\/wp-content\\\/uploads\\\/2016\\\/06\\\/Supermoto_bilstain_IMG_7799.jpg\",\"width\":1200,\"height\":800},{\"@type\":\"BreadcrumbList\",\"@id\":\"https:\\\/\\\/fr.motocrossmag.be\\\/index.php\\\/2017\\\/06\\\/supermoto-entree-gratuite-ce-week-end-a-bilstain\\\/#breadcrumb\",\"itemListElement\":[{\"@type\":\"ListItem\",\"position\":1,\"name\":\"Accueil\",\"item\":\"https:\\\/\\\/fr.motocrossmag.be\\\/\"},{\"@type\":\"ListItem\",\"position\":2,\"name\":\"Supermoto : entr\u00e9e gratuite ce week-end \u00e0 Bilstain\"}]},{\"@type\":\"WebSite\",\"@id\":\"https:\\\/\\\/fr.motocrossmag.be\\\/#website\",\"url\":\"https:\\\/\\\/fr.motocrossmag.be\\\/\",\"name\":\"Motocross - Enduro - Supermoto | MotocrossMag\",\"description\":\"L&#039;actualit\u00e9 du motocross, de l&#039;enduro et du Supermoto en ligne!\",\"potentialAction\":[{\"@type\":\"SearchAction\",\"target\":{\"@type\":\"EntryPoint\",\"urlTemplate\":\"https:\\\/\\\/fr.motocrossmag.be\\\/?s={search_term_string}\"},\"query-input\":{\"@type\":\"PropertyValueSpecification\",\"valueRequired\":true,\"valueName\":\"search_term_string\"}}],\"inLanguage\":\"fr-FR\"},{\"@type\":\"Person\",\"@id\":\"https:\\\/\\\/fr.motocrossmag.be\\\/#\\\/schema\\\/person\\\/11b47143d9f755babca2c9110e03235c\",\"name\":\"oliviere\",\"image\":{\"@type\":\"ImageObject\",\"inLanguage\":\"fr-FR\",\"@id\":\"https:\\\/\\\/secure.gravatar.com\\\/avatar\\\/907069e0b81d119452040469e4a7501da1100f54f7f80180ce77bfab718288f6?s=96&d=mm&r=g\",\"url\":\"https:\\\/\\\/secure.gravatar.com\\\/avatar\\\/907069e0b81d119452040469e4a7501da1100f54f7f80180ce77bfab718288f6?s=96&d=mm&r=g\",\"contentUrl\":\"https:\\\/\\\/secure.gravatar.com\\\/avatar\\\/907069e0b81d119452040469e4a7501da1100f54f7f80180ce77bfab718288f6?s=96&d=mm&r=g\",\"caption\":\"oliviere\"},\"sameAs\":[\"http:\\\/\\\/www.motocrossmag.be\"],\"url\":\"https:\\\/\\\/fr.motocrossmag.be\\\/index.php\\\/author\\\/oliviere\\\/\"}]}<\/script>\n<!-- \/ Yoast SEO plugin. -->","yoast_head_json":{"title":"Supermoto : entr\u00e9e gratuite ce week-end \u00e0 Bilstain - Motocross - Enduro - Supermoto | MotocrossMag","robots":{"index":"index","follow":"follow","max-snippet":"max-snippet:-1","max-image-preview":"max-image-preview:large","max-video-preview":"max-video-preview:-1"},"canonical":"https:\/\/fr.motocrossmag.be\/index.php\/2017\/06\/supermoto-entree-gratuite-ce-week-end-a-bilstain\/","og_locale":"fr_FR","og_type":"article","og_title":"Supermoto : entr\u00e9e gratuite ce week-end \u00e0 Bilstain - Motocross - Enduro - Supermoto | MotocrossMag","og_description":"La piste de Supermoto du domaine de Bilstain accueillera ce week-end l\u2019\u00e9lite belge de la discipline durant 2 journ\u00e9es dans le cadre des fameux \u00ab\u00a0Belgian Masters Supermoto\u00a0\u00bb.\u00a0 Une \u00e9preuve haute [...]","og_url":"https:\/\/fr.motocrossmag.be\/index.php\/2017\/06\/supermoto-entree-gratuite-ce-week-end-a-bilstain\/","og_site_name":"Motocross - Enduro - Supermoto | MotocrossMag","article_published_time":"2017-06-14T09:49:32+00:00","og_image":[{"width":1200,"height":800,"url":"https:\/\/fr.motocrossmag.be\/wp-content\/uploads\/2016\/06\/Supermoto_bilstain_IMG_7799.jpg","type":"image\/jpeg"}],"author":"oliviere","twitter_card":"summary_large_image","twitter_misc":{"\u00c9crit par":"oliviere","Dur\u00e9e de lecture estim\u00e9e":"1 minute"},"schema":{"@context":"https:\/\/schema.org","@graph":[{"@type":"Article","@id":"https:\/\/fr.motocrossmag.be\/index.php\/2017\/06\/supermoto-entree-gratuite-ce-week-end-a-bilstain\/#article","isPartOf":{"@id":"https:\/\/fr.motocrossmag.be\/index.php\/2017\/06\/supermoto-entree-gratuite-ce-week-end-a-bilstain\/"},"author":{"name":"oliviere","@id":"https:\/\/fr.motocrossmag.be\/#\/schema\/person\/11b47143d9f755babca2c9110e03235c"},"headline":"Supermoto : entr\u00e9e gratuite ce week-end \u00e0 Bilstain","datePublished":"2017-06-14T09:49:32+00:00","mainEntityOfPage":{"@id":"https:\/\/fr.motocrossmag.be\/index.php\/2017\/06\/supermoto-entree-gratuite-ce-week-end-a-bilstain\/"},"wordCount":293,"commentCount":0,"image":{"@id":"https:\/\/fr.motocrossmag.be\/index.php\/2017\/06\/supermoto-entree-gratuite-ce-week-end-a-bilstain\/#primaryimage"},"thumbnailUrl":"https:\/\/fr.motocrossmag.be\/wp-content\/uploads\/2016\/06\/Supermoto_bilstain_IMG_7799.jpg","articleSection":["Actualit\u00e9","FMB","News","News","Slideshow","Supermoto"],"inLanguage":"fr-FR","potentialAction":[{"@type":"CommentAction","name":"Comment","target":["https:\/\/fr.motocrossmag.be\/index.php\/2017\/06\/supermoto-entree-gratuite-ce-week-end-a-bilstain\/#respond"]}]},{"@type":"WebPage","@id":"https:\/\/fr.motocrossmag.be\/index.php\/2017\/06\/supermoto-entree-gratuite-ce-week-end-a-bilstain\/","url":"https:\/\/fr.motocrossmag.be\/index.php\/2017\/06\/supermoto-entree-gratuite-ce-week-end-a-bilstain\/","name":"Supermoto : entr\u00e9e gratuite ce week-end \u00e0 Bilstain - Motocross - Enduro - Supermoto | MotocrossMag","isPartOf":{"@id":"https:\/\/fr.motocrossmag.be\/#website"},"primaryImageOfPage":{"@id":"https:\/\/fr.motocrossmag.be\/index.php\/2017\/06\/supermoto-entree-gratuite-ce-week-end-a-bilstain\/#primaryimage"},"image":{"@id":"https:\/\/fr.motocrossmag.be\/index.php\/2017\/06\/supermoto-entree-gratuite-ce-week-end-a-bilstain\/#primaryimage"},"thumbnailUrl":"https:\/\/fr.motocrossmag.be\/wp-content\/uploads\/2016\/06\/Supermoto_bilstain_IMG_7799.jpg","datePublished":"2017-06-14T09:49:32+00:00","author":{"@id":"https:\/\/fr.motocrossmag.be\/#\/schema\/person\/11b47143d9f755babca2c9110e03235c"},"breadcrumb":{"@id":"https:\/\/fr.motocrossmag.be\/index.php\/2017\/06\/supermoto-entree-gratuite-ce-week-end-a-bilstain\/#breadcrumb"},"inLanguage":"fr-FR","potentialAction":[{"@type":"ReadAction","target":["https:\/\/fr.motocrossmag.be\/index.php\/2017\/06\/supermoto-entree-gratuite-ce-week-end-a-bilstain\/"]}]},{"@type":"ImageObject","inLanguage":"fr-FR","@id":"https:\/\/fr.motocrossmag.be\/index.php\/2017\/06\/supermoto-entree-gratuite-ce-week-end-a-bilstain\/#primaryimage","url":"https:\/\/fr.motocrossmag.be\/wp-content\/uploads\/2016\/06\/Supermoto_bilstain_IMG_7799.jpg","contentUrl":"https:\/\/fr.motocrossmag.be\/wp-content\/uploads\/2016\/06\/Supermoto_bilstain_IMG_7799.jpg","width":1200,"height":800},{"@type":"BreadcrumbList","@id":"https:\/\/fr.motocrossmag.be\/index.php\/2017\/06\/supermoto-entree-gratuite-ce-week-end-a-bilstain\/#breadcrumb","itemListElement":[{"@type":"ListItem","position":1,"name":"Accueil","item":"https:\/\/fr.motocrossmag.be\/"},{"@type":"ListItem","position":2,"name":"Supermoto : entr\u00e9e gratuite ce week-end \u00e0 Bilstain"}]},{"@type":"WebSite","@id":"https:\/\/fr.motocrossmag.be\/#website","url":"https:\/\/fr.motocrossmag.be\/","name":"Motocross - Enduro - Supermoto | MotocrossMag","description":"L&#039;actualit\u00e9 du motocross, de l&#039;enduro et du Supermoto en ligne!","potentialAction":[{"@type":"SearchAction","target":{"@type":"EntryPoint","urlTemplate":"https:\/\/fr.motocrossmag.be\/?s={search_term_string}"},"query-input":{"@type":"PropertyValueSpecification","valueRequired":true,"valueName":"search_term_string"}}],"inLanguage":"fr-FR"},{"@type":"Person","@id":"https:\/\/fr.motocrossmag.be\/#\/schema\/person\/11b47143d9f755babca2c9110e03235c","name":"oliviere","image":{"@type":"ImageObject","inLanguage":"fr-FR","@id":"https:\/\/secure.gravatar.com\/avatar\/907069e0b81d119452040469e4a7501da1100f54f7f80180ce77bfab718288f6?s=96&d=mm&r=g","url":"https:\/\/secure.gravatar.com\/avatar\/907069e0b81d119452040469e4a7501da1100f54f7f80180ce77bfab718288f6?s=96&d=mm&r=g","contentUrl":"https:\/\/secure.gravatar.com\/avatar\/907069e0b81d119452040469e4a7501da1100f54f7f80180ce77bfab718288f6?s=96&d=mm&r=g","caption":"oliviere"},"sameAs":["http:\/\/www.motocrossmag.be"],"url":"https:\/\/fr.motocrossmag.be\/index.php\/author\/oliviere\/"}]}},"_links":{"self":[{"href":"https:\/\/fr.motocrossmag.be\/index.php\/wp-json\/wp\/v2\/posts\/60569","targetHints":{"allow":["GET"]}}],"collection":[{"href":"https:\/\/fr.motocrossmag.be\/index.php\/wp-json\/wp\/v2\/posts"}],"about":[{"href":"https:\/\/fr.motocrossmag.be\/index.php\/wp-json\/wp\/v2\/types\/post"}],"author":[{"embeddable":true,"href":"https:\/\/fr.motocrossmag.be\/index.php\/wp-json\/wp\/v2\/users\/932"}],"replies":[{"embeddable":true,"href":"https:\/\/fr.motocrossmag.be\/index.php\/wp-json\/wp\/v2\/comments?post=60569"}],"version-history":[{"count":1,"href":"https:\/\/fr.motocrossmag.be\/index.php\/wp-json\/wp\/v2\/posts\/60569\/revisions"}],"predecessor-version":[{"id":60570,"href":"https:\/\/fr.motocrossmag.be\/index.php\/wp-json\/wp\/v2\/posts\/60569\/revisions\/60570"}],"wp:featuredmedia":[{"embeddable":true,"href":"https:\/\/fr.motocrossmag.be\/index.php\/wp-json\/wp\/v2\/media\/47919"}],"wp:attachment":[{"href":"https:\/\/fr.motocrossmag.be\/index.php\/wp-json\/wp\/v2\/media?parent=60569"}],"wp:term":[{"taxonomy":"category","embeddable":true,"href":"https:\/\/fr.motocrossmag.be\/index.php\/wp-json\/wp\/v2\/categories?post=60569"},{"taxonomy":"post_tag","embeddable":true,"href":"https:\/\/fr.motocrossmag.be\/index.php\/wp-json\/wp\/v2\/tags?post=60569"}],"curies":[{"name":"wp","href":"https:\/\/api.w.org\/{rel}","templated":true}]}}